{"id":415239,"date":"2023-06-09T16:14:01","date_gmt":"2023-06-09T14:14:01","guid":{"rendered":"https:\/\/paulinenaue.info\/?p=415239"},"modified":"2023-06-09T16:16:30","modified_gmt":"2023-06-09T14:16:30","slug":"wir-feiern-unser-vereinsjubilaeum-100-jahre-paulinenauer-tsv-1923-e-v","status":"publish","type":"post","link":"https:\/\/paulinenaue.info\/index.php\/wir-feiern-unser-vereinsjubilaeum-100-jahre-paulinenauer-tsv-1923-e-v\/","title":{"rendered":"Wir feiern unser Vereinsjubil\u00e4um 100 Jahre Paulinenauer TSV 1923 e.V."},"content":{"rendered":"<p>Wann? am Samstag, 1. Juli 2023<br \/>\nWo? Gro\u00dfer Sportplatz<\/p>\n<p>ab 10:00 Uhr Fussballturnier Bambinis<br \/>\nab 13:00 Uhr Fussballturnier M\u00e4nner- \/ Alt-Herren-Teams<br \/>\nab 16:00 Uhr Volleyball f\u00fcr alle, die Spa\u00df daran haben<br \/>\nab 20:00 Uhr Tanz zur Diskomusik<br \/>\nab 22:00 Uhr Lasershow<\/p>\n<p><a href=\"https:\/\/paulinenaue.info\/wp-content\/uploads\/2023\/06\/PTSV-scaled.jpeg\"><img decoding=\"async\" data-attachment-id=\"415243\" data-permalink=\"https:\/\/paulinenaue.info\/index.php\/wir-feiern-unser-vereinsjubilaeum-100-jahre-paulinenauer-tsv-1923-e-v\/ptsv-2\/\" data-orig-file=\"https:\/\/paulinenaue.info\/wp-content\/uploads\/2023\/06\/PTSV-scaled.jpeg\" data-orig-size=\"1188,2560\" data-comments-opened=\"1\" data-image-meta=\"{&quot;aperture&quot;:&quot;1&quot;,&quot;credit&quot;:&quot;&quot;,&quot;camera&quot;:&quot;iPhone 12 mini&quot;,&quot;caption&quot;:&quot;&quot;,&quot;created_timestamp&quot;:&quot;1686326043&quot;,&quot;copyright&quot;:&quot;&quot;,&quot;focal_length&quot;:&quot;4&quot;,&quot;iso&quot;:&quot;50&quot;,&quot;shutter_speed&quot;:&quot;0&quot;,&quot;title&quot;:&quot;&quot;,&quot;orientation&quot;:&quot;1&quot;}\" data-image-title=\"PTSV\" data-image-description=\"\" data-image-caption=\"\" data-large-file=\"https:\/\/paulinenaue.info\/wp-content\/uploads\/2023\/06\/PTSV-475x1024.jpeg\" class=\"lazyload alignnone size-medium wp-image-415243\" src=\"https:\/\/paulinenaue.info\/wp-content\/uploads\/2023\/06\/PTSV-139x300.jpeg\" data-orig-src=\"https:\/\/paulinenaue.info\/wp-content\/uploads\/2023\/06\/PTSV-139x300.jpeg\" alt=\"\" width=\"139\" height=\"300\" srcset=\"data:image\/svg+xml,%3Csvg%20xmlns%3D%27http%3A%2F%2Fwww.w3.org%2F2000%2Fsvg%27%20width%3D%27139%27%20height%3D%27300%27%20viewBox%3D%270%200%20139%20300%27%3E%3Crect%20width%3D%27139%27%20height%3D%27300%27%20fill-opacity%3D%220%22%2F%3E%3C%2Fsvg%3E\" data-srcset=\"https:\/\/paulinenaue.info\/wp-content\/uploads\/2023\/06\/PTSV-139x300.jpeg 139w, https:\/\/paulinenaue.info\/wp-content\/uploads\/2023\/06\/PTSV-200x431.jpeg 200w, https:\/\/paulinenaue.info\/wp-content\/uploads\/2023\/06\/PTSV-400x862.jpeg 400w, https:\/\/paulinenaue.info\/wp-content\/uploads\/2023\/06\/PTSV-475x1024.jpeg 475w, https:\/\/paulinenaue.info\/wp-content\/uploads\/2023\/06\/PTSV-600x1293.jpeg 600w, https:\/\/paulinenaue.info\/wp-content\/uploads\/2023\/06\/PTSV-713x1536.jpeg 713w, https:\/\/paulinenaue.info\/wp-content\/uploads\/2023\/06\/PTSV-768x1655.jpeg 768w, https:\/\/paulinenaue.info\/wp-content\/uploads\/2023\/06\/PTSV-800x1724.jpeg 800w, https:\/\/paulinenaue.info\/wp-content\/uploads\/2023\/06\/PTSV-950x2048.jpeg 950w, https:\/\/paulinenaue.info\/wp-content\/uploads\/2023\/06\/PTSV-scaled.jpeg 1188w, https:\/\/paulinenaue.info\/wp-content\/uploads\/2023\/06\/PTSV-1200x2586.jpeg 1200w\" data-sizes=\"auto\" data-orig-sizes=\"(max-width: 139px) 100vw, 139px\" \/><\/a><\/p>\n","protected":false},"excerpt":{"rendered":"<p>Wann? am Samstag, 1. Juli 2023 Wo? Gro\u00dfer Sportplatz ab [&hellip;]<\/p>\n","protected":false},"author":15,"featured_media":0,"comment_status":"open","ping_status":"open","sticky":false,"template":"","format":"standard","meta":{"_acf_changed":false,"_price":"","_stock":"","_tribe_ticket_header":"","_tribe_default_ticket_provider":"","_tribe_ticket_capacity":"0","_ticket_start_date":"","_ticket_end_date":"","_tribe_ticket_show_description":"","_tribe_ticket_show_not_going":false,"_tribe_ticket_use_global_stock":"","_tribe_ticket_global_stock_level":"","_global_stock_mode":"","_global_stock_cap":"","_tribe_rsvp_for_event":"","_tribe_ticket_going_count":"","_tribe_ticket_not_going_count":"","_tribe_tickets_list":"[]","_tribe_ticket_has_attendee_info_fields":false,"jetpack_post_was_ever_published":false,"_jetpack_newsletter_access":"","_jetpack_dont_email_post_to_subs":false,"_jetpack_newsletter_tier_id":0,"_jetpack_memberships_contains_paywalled_content":false,"_jetpack_memberships_contains_paid_content":false,"footnotes":"","jetpack_publicize_message":"","jetpack_publicize_feature_enabled":true,"jetpack_social_post_already_shared":true,"jetpack_social_options":{"image_generator_settings":{"template":"highway","default_image_id":0,"font":"","enabled":false},"version":2}},"categories":[9,30,502,93],"tags":[],"class_list":["post-415239","post","type-post","status-publish","format-standard","hentry","category-neuigkeiten","category-ptsv","category-sport","category-veranstaltungen"],"acf":[],"yoast_head":"<!-- This site is optimized with the Yoast SEO plugin v27.5 - https:\/\/yoast.com\/product\/yoast-seo-wordpress\/ -->\n<title>Wir feiern unser Vereinsjubil\u00e4um 100 Jahre Paulinenauer TSV 1923 e.V. - Paulinenaue<\/title>\n<meta name=\"robots\" content=\"index, follow, max-snippet:-1, max-image-preview:large, max-video-preview:-1\" \/>\n<link rel=\"canonical\" href=\"https:\/\/paulinenaue.info\/index.php\/wir-feiern-unser-vereinsjubilaeum-100-jahre-paulinenauer-tsv-1923-e-v\/\" \/>\n<meta property=\"og:locale\" content=\"de_DE\" \/>\n<meta property=\"og:type\" content=\"article\" \/>\n<meta property=\"og:title\" content=\"Wir feiern unser Vereinsjubil\u00e4um 100 Jahre Paulinenauer TSV 1923 e.V. - Paulinenaue\" \/>\n<meta property=\"og:description\" content=\"Wann? am Samstag, 1. Juli 2023 Wo? Gro\u00dfer Sportplatz ab [&hellip;]\" \/>\n<meta property=\"og:url\" content=\"https:\/\/paulinenaue.info\/index.php\/wir-feiern-unser-vereinsjubilaeum-100-jahre-paulinenauer-tsv-1923-e-v\/\" \/>\n<meta property=\"og:site_name\" content=\"Paulinenaue\" \/>\n<meta property=\"article:published_time\" content=\"2023-06-09T14:14:01+00:00\" \/>\n<meta property=\"article:modified_time\" content=\"2023-06-09T14:16:30+00:00\" \/>\n<meta property=\"og:image\" content=\"https:\/\/paulinenaue.info\/wp-content\/uploads\/2023\/06\/PTSV-139x300.jpeg\" \/>\n<meta name=\"author\" content=\"Christian Schaller\" \/>\n<meta name=\"twitter:card\" content=\"summary_large_image\" \/>\n<meta name=\"twitter:label1\" content=\"Verfasst von\" \/>\n\t<meta name=\"twitter:data1\" content=\"Christian Schaller\" \/>\n\t<meta name=\"twitter:label2\" content=\"Gesch\u00e4tzte Lesezeit\" \/>\n\t<meta name=\"twitter:data2\" content=\"1\u00a0Minute\" \/>\n<script type=\"application\/ld+json\" class=\"yoast-schema-graph\">{\"@context\":\"https:\\\/\\\/schema.org\",\"@graph\":[{\"@type\":\"Article\",\"@id\":\"https:\\\/\\\/paulinenaue.info\\\/index.php\\\/wir-feiern-unser-vereinsjubilaeum-100-jahre-paulinenauer-tsv-1923-e-v\\\/#article\",\"isPartOf\":{\"@id\":\"https:\\\/\\\/paulinenaue.info\\\/index.php\\\/wir-feiern-unser-vereinsjubilaeum-100-jahre-paulinenauer-tsv-1923-e-v\\\/\"},\"author\":{\"name\":\"Christian Schaller\",\"@id\":\"https:\\\/\\\/paulinenaue.info\\\/#\\\/schema\\\/person\\\/c42f96c50a6238e30cc5097f4a63d810\"},\"headline\":\"Wir feiern unser Vereinsjubil\u00e4um 100 Jahre Paulinenauer TSV 1923 e.V.\",\"datePublished\":\"2023-06-09T14:14:01+00:00\",\"dateModified\":\"2023-06-09T14:16:30+00:00\",\"mainEntityOfPage\":{\"@id\":\"https:\\\/\\\/paulinenaue.info\\\/index.php\\\/wir-feiern-unser-vereinsjubilaeum-100-jahre-paulinenauer-tsv-1923-e-v\\\/\"},\"wordCount\":46,\"commentCount\":0,\"image\":{\"@id\":\"https:\\\/\\\/paulinenaue.info\\\/index.php\\\/wir-feiern-unser-vereinsjubilaeum-100-jahre-paulinenauer-tsv-1923-e-v\\\/#primaryimage\"},\"thumbnailUrl\":\"https:\\\/\\\/paulinenaue.info\\\/wp-content\\\/uploads\\\/2023\\\/06\\\/PTSV-139x300.jpeg\",\"articleSection\":[\"Neuigkeiten\",\"PTSV\",\"Sport\",\"Veranstaltungen\"],\"inLanguage\":\"de\",\"potentialAction\":[{\"@type\":\"CommentAction\",\"name\":\"Comment\",\"target\":[\"https:\\\/\\\/paulinenaue.info\\\/index.php\\\/wir-feiern-unser-vereinsjubilaeum-100-jahre-paulinenauer-tsv-1923-e-v\\\/#respond\"]}]},{\"@type\":\"WebPage\",\"@id\":\"https:\\\/\\\/paulinenaue.info\\\/index.php\\\/wir-feiern-unser-vereinsjubilaeum-100-jahre-paulinenauer-tsv-1923-e-v\\\/\",\"url\":\"https:\\\/\\\/paulinenaue.info\\\/index.php\\\/wir-feiern-unser-vereinsjubilaeum-100-jahre-paulinenauer-tsv-1923-e-v\\\/\",\"name\":\"Wir feiern unser Vereinsjubil\u00e4um 100 Jahre Paulinenauer TSV 1923 e.V. - Paulinenaue\",\"isPartOf\":{\"@id\":\"https:\\\/\\\/paulinenaue.info\\\/#website\"},\"primaryImageOfPage\":{\"@id\":\"https:\\\/\\\/paulinenaue.info\\\/index.php\\\/wir-feiern-unser-vereinsjubilaeum-100-jahre-paulinenauer-tsv-1923-e-v\\\/#primaryimage\"},\"image\":{\"@id\":\"https:\\\/\\\/paulinenaue.info\\\/index.php\\\/wir-feiern-unser-vereinsjubilaeum-100-jahre-paulinenauer-tsv-1923-e-v\\\/#primaryimage\"},\"thumbnailUrl\":\"https:\\\/\\\/paulinenaue.info\\\/wp-content\\\/uploads\\\/2023\\\/06\\\/PTSV-139x300.jpeg\",\"datePublished\":\"2023-06-09T14:14:01+00:00\",\"dateModified\":\"2023-06-09T14:16:30+00:00\",\"author\":{\"@id\":\"https:\\\/\\\/paulinenaue.info\\\/#\\\/schema\\\/person\\\/c42f96c50a6238e30cc5097f4a63d810\"},\"breadcrumb\":{\"@id\":\"https:\\\/\\\/paulinenaue.info\\\/index.php\\\/wir-feiern-unser-vereinsjubilaeum-100-jahre-paulinenauer-tsv-1923-e-v\\\/#breadcrumb\"},\"inLanguage\":\"de\",\"potentialAction\":[{\"@type\":\"ReadAction\",\"target\":[\"https:\\\/\\\/paulinenaue.info\\\/index.php\\\/wir-feiern-unser-vereinsjubilaeum-100-jahre-paulinenauer-tsv-1923-e-v\\\/\"]}]},{\"@type\":\"ImageObject\",\"inLanguage\":\"de\",\"@id\":\"https:\\\/\\\/paulinenaue.info\\\/index.php\\\/wir-feiern-unser-vereinsjubilaeum-100-jahre-paulinenauer-tsv-1923-e-v\\\/#primaryimage\",\"url\":\"https:\\\/\\\/paulinenaue.info\\\/wp-content\\\/uploads\\\/2023\\\/06\\\/PTSV-scaled.jpeg\",\"contentUrl\":\"https:\\\/\\\/paulinenaue.info\\\/wp-content\\\/uploads\\\/2023\\\/06\\\/PTSV-scaled.jpeg\",\"width\":1188,\"height\":2560},{\"@type\":\"BreadcrumbList\",\"@id\":\"https:\\\/\\\/paulinenaue.info\\\/index.php\\\/wir-feiern-unser-vereinsjubilaeum-100-jahre-paulinenauer-tsv-1923-e-v\\\/#breadcrumb\",\"itemListElement\":[{\"@type\":\"ListItem\",\"position\":1,\"name\":\"Home\",\"item\":\"https:\\\/\\\/paulinenaue.info\\\/\"},{\"@type\":\"ListItem\",\"position\":2,\"name\":\"Wir feiern unser Vereinsjubil\u00e4um 100 Jahre Paulinenauer TSV 1923 e.V.\"}]},{\"@type\":\"WebSite\",\"@id\":\"https:\\\/\\\/paulinenaue.info\\\/#website\",\"url\":\"https:\\\/\\\/paulinenaue.info\\\/\",\"name\":\"Paulinenaue\",\"description\":\"Ein Dorf im Havelland\",\"potentialAction\":[{\"@type\":\"SearchAction\",\"target\":{\"@type\":\"EntryPoint\",\"urlTemplate\":\"https:\\\/\\\/paulinenaue.info\\\/?s={search_term_string}\"},\"query-input\":{\"@type\":\"PropertyValueSpecification\",\"valueRequired\":true,\"valueName\":\"search_term_string\"}}],\"inLanguage\":\"de\"},{\"@type\":\"Person\",\"@id\":\"https:\\\/\\\/paulinenaue.info\\\/#\\\/schema\\\/person\\\/c42f96c50a6238e30cc5097f4a63d810\",\"name\":\"Christian Schaller\",\"url\":\"https:\\\/\\\/paulinenaue.info\\\/index.php\\\/author\\\/christian-schaller\\\/\"}]}<\/script>\n<!-- \/ Yoast SEO plugin. -->","yoast_head_json":{"title":"Wir feiern unser Vereinsjubil\u00e4um 100 Jahre Paulinenauer TSV 1923 e.V. - Paulinenaue","robots":{"index":"index","follow":"follow","max-snippet":"max-snippet:-1","max-image-preview":"max-image-preview:large","max-video-preview":"max-video-preview:-1"},"canonical":"https:\/\/paulinenaue.info\/index.php\/wir-feiern-unser-vereinsjubilaeum-100-jahre-paulinenauer-tsv-1923-e-v\/","og_locale":"de_DE","og_type":"article","og_title":"Wir feiern unser Vereinsjubil\u00e4um 100 Jahre Paulinenauer TSV 1923 e.V. - Paulinenaue","og_description":"Wann? am Samstag, 1. Juli 2023 Wo? Gro\u00dfer Sportplatz ab [&hellip;]","og_url":"https:\/\/paulinenaue.info\/index.php\/wir-feiern-unser-vereinsjubilaeum-100-jahre-paulinenauer-tsv-1923-e-v\/","og_site_name":"Paulinenaue","article_published_time":"2023-06-09T14:14:01+00:00","article_modified_time":"2023-06-09T14:16:30+00:00","og_image":[{"url":"https:\/\/paulinenaue.info\/wp-content\/uploads\/2023\/06\/PTSV-139x300.jpeg","type":"","width":"","height":""}],"author":"Christian Schaller","twitter_card":"summary_large_image","twitter_misc":{"Verfasst von":"Christian Schaller","Gesch\u00e4tzte Lesezeit":"1\u00a0Minute"},"schema":{"@context":"https:\/\/schema.org","@graph":[{"@type":"Article","@id":"https:\/\/paulinenaue.info\/index.php\/wir-feiern-unser-vereinsjubilaeum-100-jahre-paulinenauer-tsv-1923-e-v\/#article","isPartOf":{"@id":"https:\/\/paulinenaue.info\/index.php\/wir-feiern-unser-vereinsjubilaeum-100-jahre-paulinenauer-tsv-1923-e-v\/"},"author":{"name":"Christian Schaller","@id":"https:\/\/paulinenaue.info\/#\/schema\/person\/c42f96c50a6238e30cc5097f4a63d810"},"headline":"Wir feiern unser Vereinsjubil\u00e4um 100 Jahre Paulinenauer TSV 1923 e.V.","datePublished":"2023-06-09T14:14:01+00:00","dateModified":"2023-06-09T14:16:30+00:00","mainEntityOfPage":{"@id":"https:\/\/paulinenaue.info\/index.php\/wir-feiern-unser-vereinsjubilaeum-100-jahre-paulinenauer-tsv-1923-e-v\/"},"wordCount":46,"commentCount":0,"image":{"@id":"https:\/\/paulinenaue.info\/index.php\/wir-feiern-unser-vereinsjubilaeum-100-jahre-paulinenauer-tsv-1923-e-v\/#primaryimage"},"thumbnailUrl":"https:\/\/paulinenaue.info\/wp-content\/uploads\/2023\/06\/PTSV-139x300.jpeg","articleSection":["Neuigkeiten","PTSV","Sport","Veranstaltungen"],"inLanguage":"de","potentialAction":[{"@type":"CommentAction","name":"Comment","target":["https:\/\/paulinenaue.info\/index.php\/wir-feiern-unser-vereinsjubilaeum-100-jahre-paulinenauer-tsv-1923-e-v\/#respond"]}]},{"@type":"WebPage","@id":"https:\/\/paulinenaue.info\/index.php\/wir-feiern-unser-vereinsjubilaeum-100-jahre-paulinenauer-tsv-1923-e-v\/","url":"https:\/\/paulinenaue.info\/index.php\/wir-feiern-unser-vereinsjubilaeum-100-jahre-paulinenauer-tsv-1923-e-v\/","name":"Wir feiern unser Vereinsjubil\u00e4um 100 Jahre Paulinenauer TSV 1923 e.V. - Paulinenaue","isPartOf":{"@id":"https:\/\/paulinenaue.info\/#website"},"primaryImageOfPage":{"@id":"https:\/\/paulinenaue.info\/index.php\/wir-feiern-unser-vereinsjubilaeum-100-jahre-paulinenauer-tsv-1923-e-v\/#primaryimage"},"image":{"@id":"https:\/\/paulinenaue.info\/index.php\/wir-feiern-unser-vereinsjubilaeum-100-jahre-paulinenauer-tsv-1923-e-v\/#primaryimage"},"thumbnailUrl":"https:\/\/paulinenaue.info\/wp-content\/uploads\/2023\/06\/PTSV-139x300.jpeg","datePublished":"2023-06-09T14:14:01+00:00","dateModified":"2023-06-09T14:16:30+00:00","author":{"@id":"https:\/\/paulinenaue.info\/#\/schema\/person\/c42f96c50a6238e30cc5097f4a63d810"},"breadcrumb":{"@id":"https:\/\/paulinenaue.info\/index.php\/wir-feiern-unser-vereinsjubilaeum-100-jahre-paulinenauer-tsv-1923-e-v\/#breadcrumb"},"inLanguage":"de","potentialAction":[{"@type":"ReadAction","target":["https:\/\/paulinenaue.info\/index.php\/wir-feiern-unser-vereinsjubilaeum-100-jahre-paulinenauer-tsv-1923-e-v\/"]}]},{"@type":"ImageObject","inLanguage":"de","@id":"https:\/\/paulinenaue.info\/index.php\/wir-feiern-unser-vereinsjubilaeum-100-jahre-paulinenauer-tsv-1923-e-v\/#primaryimage","url":"https:\/\/paulinenaue.info\/wp-content\/uploads\/2023\/06\/PTSV-scaled.jpeg","contentUrl":"https:\/\/paulinenaue.info\/wp-content\/uploads\/2023\/06\/PTSV-scaled.jpeg","width":1188,"height":2560},{"@type":"BreadcrumbList","@id":"https:\/\/paulinenaue.info\/index.php\/wir-feiern-unser-vereinsjubilaeum-100-jahre-paulinenauer-tsv-1923-e-v\/#breadcrumb","itemListElement":[{"@type":"ListItem","position":1,"name":"Home","item":"https:\/\/paulinenaue.info\/"},{"@type":"ListItem","position":2,"name":"Wir feiern unser Vereinsjubil\u00e4um 100 Jahre Paulinenauer TSV 1923 e.V."}]},{"@type":"WebSite","@id":"https:\/\/paulinenaue.info\/#website","url":"https:\/\/paulinenaue.info\/","name":"Paulinenaue","description":"Ein Dorf im Havelland","potentialAction":[{"@type":"SearchAction","target":{"@type":"EntryPoint","urlTemplate":"https:\/\/paulinenaue.info\/?s={search_term_string}"},"query-input":{"@type":"PropertyValueSpecification","valueRequired":true,"valueName":"search_term_string"}}],"inLanguage":"de"},{"@type":"Person","@id":"https:\/\/paulinenaue.info\/#\/schema\/person\/c42f96c50a6238e30cc5097f4a63d810","name":"Christian Schaller","url":"https:\/\/paulinenaue.info\/index.php\/author\/christian-schaller\/"}]}},"jetpack_publicize_connections":[],"jetpack_featured_media_url":"","jetpack_sharing_enabled":true,"jetpack_shortlink":"https:\/\/wp.me\/pcYhWA-1K1p","jetpack-related-posts":[{"id":766,"url":"https:\/\/paulinenaue.info\/index.php\/arbeitseinsatz-auf-dem-grossen-sportplatz\/","url_meta":{"origin":415239,"position":0},"title":"Arbeitseinsatz auf dem Gro\u00dfen Sportplatz","author":"Christian Schaller","date":"29. M\u00e4rz 2017","format":false,"excerpt":"Am Freitag, den 31.03.2017 ab 18:00 Uhr findet ein Arbeitseinsatz auf dem gro\u00dfen Sportplatz statt. Rege Teilnahme aller Fu\u00dfballer ist erw\u00fcnscht. Schwerpunkt ist der Neuanstrich der Barriere. F\u00fcr die Planung der Arbeitsger\u00e4te aber auch der Getr\u00e4nke und Bratw\u00fcrste bitte eine kurze Teilnahmebest\u00e4tigung an Dieter Czerniak.","rel":"","context":"In &quot;Allgemein&quot;","block_context":{"text":"Allgemein","link":"https:\/\/paulinenaue.info\/index.php\/category\/allgemein\/"},"img":{"alt_text":"","src":"https:\/\/i0.wp.com\/paulinenaue.info\/wp-content\/uploads\/2017\/03\/IMG_8556.jpg?resize=350%2C200&ssl=1","width":350,"height":200,"srcset":"https:\/\/i0.wp.com\/paulinenaue.info\/wp-content\/uploads\/2017\/03\/IMG_8556.jpg?resize=350%2C200&ssl=1 1x, https:\/\/i0.wp.com\/paulinenaue.info\/wp-content\/uploads\/2017\/03\/IMG_8556.jpg?resize=525%2C300&ssl=1 1.5x, https:\/\/i0.wp.com\/paulinenaue.info\/wp-content\/uploads\/2017\/03\/IMG_8556.jpg?resize=700%2C400&ssl=1 2x, https:\/\/i0.wp.com\/paulinenaue.info\/wp-content\/uploads\/2017\/03\/IMG_8556.jpg?resize=1050%2C600&ssl=1 3x, https:\/\/i0.wp.com\/paulinenaue.info\/wp-content\/uploads\/2017\/03\/IMG_8556.jpg?resize=1400%2C800&ssl=1 4x"},"classes":[]},{"id":844,"url":"https:\/\/paulinenaue.info\/index.php\/schlagen-sie-bei-uns-auf\/","url_meta":{"origin":415239,"position":1},"title":"&#8230;Schlagen Sie bei uns auf!","author":"Christian Schaller","date":"19. April 2017","format":false,"excerpt":"Der Tennisverein Flieder Blau Weiss Friesack veranstaltet am 13. Mai ab 10:00 Uhr einen Tag der offenen T\u00fcr. An diesem Tag sind alle Tennisbegeisterten und Tennisinteressierten auch aus Paulinenaue recht herzlich eingeladen.","rel":"","context":"In &quot;Allgemein&quot;","block_context":{"text":"Allgemein","link":"https:\/\/paulinenaue.info\/index.php\/category\/allgemein\/"},"img":{"alt_text":"","src":"https:\/\/i0.wp.com\/paulinenaue.info\/wp-content\/uploads\/2017\/04\/tagderoffenentuer-e1492608490426.jpg?resize=350%2C200","width":350,"height":200,"srcset":"https:\/\/i0.wp.com\/paulinenaue.info\/wp-content\/uploads\/2017\/04\/tagderoffenentuer-e1492608490426.jpg?resize=350%2C200 1x, https:\/\/i0.wp.com\/paulinenaue.info\/wp-content\/uploads\/2017\/04\/tagderoffenentuer-e1492608490426.jpg?resize=525%2C300 1.5x, https:\/\/i0.wp.com\/paulinenaue.info\/wp-content\/uploads\/2017\/04\/tagderoffenentuer-e1492608490426.jpg?resize=700%2C400 2x"},"classes":[]},{"id":95,"url":"https:\/\/paulinenaue.info\/index.php\/weihnachtsbaumverbrennen-2014\/","url_meta":{"origin":415239,"position":2},"title":"Weihnachtsbaumverbrennen 2014","author":"Joachim Scholz","date":"30. Januar 2014","format":false,"excerpt":"Am 25. Januar 2014 war es wieder so weit. Ab 9:00 Uhr sammelte die Feuerwehr die Weihnachtsb\u00e4ume im Ort ein. Sie sollten am Abend den Flammen \u00fcbergeben werden. Leider liegen jedes Jahr immer weniger B\u00e4ume bereit. Haben viele Paulinenauer k\u00fcnstliche Weihnachtsb\u00e4ume oder vielleicht gar keinen Baum mehr? Zum Gl\u00fcck hatten\u2026","rel":"","context":"In &quot;Feuerwehr&quot;","block_context":{"text":"Feuerwehr","link":"https:\/\/paulinenaue.info\/index.php\/category\/feuerwehr\/"},"img":{"alt_text":"","src":"https:\/\/i0.wp.com\/paulinenaue.info\/wp-content\/uploads\/2016\/03\/20140125_weihnachtsbaumverbrennen_03.jpg?resize=350%2C200&ssl=1","width":350,"height":200},"classes":[]},{"id":5756,"url":"https:\/\/paulinenaue.info\/index.php\/fruehjahrsputz-2021\/","url_meta":{"origin":415239,"position":3},"title":"Fr\u00fchjahrsputz 2021","author":"Sarah","date":"6. April 2021","format":false,"excerpt":"Liebe Paulinenauer:innen, im letzten Jahr entfiel leider der j\u00e4hrlich von der Gemeindevertretung initiierte Dorfputz aufgrund der Pandemie-Situation. Auch jetzt ist ein Zusammentreffen in der Art, wie der Dorfputz in den Vorjahren stattfand, nicht m\u00f6glich. Dennoch wollen wir einen Versuch starten und Sie alle zum \u201eFr\u00fchjahrsputz rund um die eigene Haust\u00fcr\u201c\u2026","rel":"","context":"In &quot;Allgemein&quot;","block_context":{"text":"Allgemein","link":"https:\/\/paulinenaue.info\/index.php\/category\/allgemein\/"},"img":{"alt_text":"","src":"https:\/\/i0.wp.com\/paulinenaue.info\/wp-content\/uploads\/2021\/04\/pauelogo-dunkel-icon-retina-300x287.png?resize=350%2C200&ssl=1","width":350,"height":200},"classes":[]},{"id":6399,"url":"https:\/\/paulinenaue.info\/index.php\/weihnachtsgottesdienst-an-heilig-abend\/","url_meta":{"origin":415239,"position":4},"title":"Weihnachtsgottesdienst an Heilig Abend","author":"Sarah","date":"19. Dezember 2021","format":false,"excerpt":"Findet am 24.12.2021 ein Gottesdienst in der Kirche statt? Aufgrund der strengen Auflagen wollen wir niemanden ausschlie\u00dfen! Deshalb feiern wir den urspr\u00fcnglich im Gemeindebrief angek\u00fcndigten Gottesdienst nicht im herk\u00f6mmlichen Format, sondern laden Heilig Abend dazu ein, zwischen 15:00 Uhr und 16:00 Uhr drau\u00dfen vor der Kirche, an die Krippe zu\u2026","rel":"","context":"In &quot;Allgemein&quot;","block_context":{"text":"Allgemein","link":"https:\/\/paulinenaue.info\/index.php\/category\/allgemein\/"},"img":{"alt_text":"Paulinenauer Kirche","src":"https:\/\/i0.wp.com\/paulinenaue.info\/wp-content\/uploads\/2015\/10\/kirche_20071225_01.jpg?resize=350%2C200&ssl=1","width":350,"height":200},"classes":[]},{"id":419241,"url":"https:\/\/paulinenaue.info\/index.php\/zweites-tischtennis-freizeitturnier\/","url_meta":{"origin":415239,"position":5},"title":"Zweites Tischtennis-Freizeitturnier","author":"Joachim Scholz","date":"3. April 2026","format":false,"excerpt":"Bild und Text: Eberhard Schwarz Im Veranstaltungskalender von Paulinenaue standen am 28. M\u00e4rz zwei Veranstaltungen: Fr\u00fchjahrsputz und\u00a0 TT-Freizeitturnier 2026. Die Planungen der Veranstalter konnten diese Dopplung nicht verhindern. Trotzdem wurden beide Veranstaltungen erfolgreich und mit guter Beteiligung durchgef\u00fchrt. Zu dem TT-Freizeitturnier meldeten sich Starter der Sektion TT des PTSV und\u2026","rel":"","context":"In &quot;Neuigkeiten&quot;","block_context":{"text":"Neuigkeiten","link":"https:\/\/paulinenaue.info\/index.php\/category\/neuigkeiten\/"},"img":{"alt_text":"","src":"https:\/\/i0.wp.com\/paulinenaue.info\/wp-content\/uploads\/2026\/04\/2026-03-28_TT-Paue-034.jpeg?resize=350%2C200&ssl=1","width":350,"height":200,"srcset":"https:\/\/i0.wp.com\/paulinenaue.info\/wp-content\/uploads\/2026\/04\/2026-03-28_TT-Paue-034.jpeg?resize=350%2C200&ssl=1 1x, https:\/\/i0.wp.com\/paulinenaue.info\/wp-content\/uploads\/2026\/04\/2026-03-28_TT-Paue-034.jpeg?resize=525%2C300&ssl=1 1.5x, https:\/\/i0.wp.com\/paulinenaue.info\/wp-content\/uploads\/2026\/04\/2026-03-28_TT-Paue-034.jpeg?resize=700%2C400&ssl=1 2x"},"classes":[]}],"_links":{"self":[{"href":"https:\/\/paulinenaue.info\/index.php\/wp-json\/wp\/v2\/posts\/415239","targetHints":{"allow":["GET"]}}],"collection":[{"href":"https:\/\/paulinenaue.info\/index.php\/wp-json\/wp\/v2\/posts"}],"about":[{"href":"https:\/\/paulinenaue.info\/index.php\/wp-json\/wp\/v2\/types\/post"}],"author":[{"embeddable":true,"href":"https:\/\/paulinenaue.info\/index.php\/wp-json\/wp\/v2\/users\/15"}],"replies":[{"embeddable":true,"href":"https:\/\/paulinenaue.info\/index.php\/wp-json\/wp\/v2\/comments?post=415239"}],"version-history":[{"count":4,"href":"https:\/\/paulinenaue.info\/index.php\/wp-json\/wp\/v2\/posts\/415239\/revisions"}],"predecessor-version":[{"id":415242,"href":"https:\/\/paulinenaue.info\/index.php\/wp-json\/wp\/v2\/posts\/415239\/revisions\/415242"}],"wp:attachment":[{"href":"https:\/\/paulinenaue.info\/index.php\/wp-json\/wp\/v2\/media?parent=415239"}],"wp:term":[{"taxonomy":"category","embeddable":true,"href":"https:\/\/paulinenaue.info\/index.php\/wp-json\/wp\/v2\/categories?post=415239"},{"taxonomy":"post_tag","embeddable":true,"href":"https:\/\/paulinenaue.info\/index.php\/wp-json\/wp\/v2\/tags?post=415239"}],"curies":[{"name":"wp","href":"https:\/\/api.w.org\/{rel}","templated":true}]}}