{"id":415286,"date":"2023-09-22T22:07:46","date_gmt":"2023-09-22T20:07:46","guid":{"rendered":"https:\/\/paulinenaue.info\/?p=415286"},"modified":"2023-09-22T22:07:46","modified_gmt":"2023-09-22T20:07:46","slug":"parkfest-neu-erfunden-oder-heimat-ist-ein-gefuehl","status":"publish","type":"post","link":"https:\/\/paulinenaue.info\/index.php\/parkfest-neu-erfunden-oder-heimat-ist-ein-gefuehl\/","title":{"rendered":"Parkfest neu erfunden \u2013 oder \u201eHeimat ist ein Gef\u00fchl\u201c\u201c"},"content":{"rendered":"<p><em>M. Bock aus Paulinenaue<\/em><\/p>\n<p>Etwa 20 PAUERFRAUEN erweckten mit viel Power und tollen Ideen das Paulinenauer Dorfleben wieder neu.<\/p>\n<p>Zum Parkfest am 16.09.2023 waren Jung und Alt geladen in den herrlichen alten Gutspark, der liebevoll hergerichtet war.<\/p>\n<p><a href=\"https:\/\/paulinenaue.info\/wp-content\/uploads\/2023\/09\/2023-09-19-Parkfest-01.jpg\"><img decoding=\"async\" data-attachment-id=\"415287\" data-permalink=\"https:\/\/paulinenaue.info\/index.php\/parkfest-neu-erfunden-oder-heimat-ist-ein-gefuehl\/2023-09-19-parkfest-01\/\" data-orig-file=\"https:\/\/paulinenaue.info\/wp-content\/uploads\/2023\/09\/2023-09-19-Parkfest-01.jpg\" data-orig-size=\"2000,1500\" data-comments-opened=\"1\" data-image-meta=\"{&quot;aperture&quot;:&quot;0&quot;,&quot;credit&quot;:&quot;&quot;,&quot;camera&quot;:&quot;&quot;,&quot;caption&quot;:&quot;&quot;,&quot;created_timestamp&quot;:&quot;0&quot;,&quot;copyright&quot;:&quot;&quot;,&quot;focal_length&quot;:&quot;0&quot;,&quot;iso&quot;:&quot;0&quot;,&quot;shutter_speed&quot;:&quot;0&quot;,&quot;title&quot;:&quot;&quot;,&quot;orientation&quot;:&quot;0&quot;}\" data-image-title=\"2023-09-19, Parkfest 01\" data-image-description=\"\" data-image-caption=\"\" data-large-file=\"https:\/\/paulinenaue.info\/wp-content\/uploads\/2023\/09\/2023-09-19-Parkfest-01-1024x768.jpg\" class=\"lazyload alignnone  wp-image-415287\" src=\"https:\/\/paulinenaue.info\/wp-content\/uploads\/2023\/09\/2023-09-19-Parkfest-01-800x600.jpg\" data-orig-src=\"https:\/\/paulinenaue.info\/wp-content\/uploads\/2023\/09\/2023-09-19-Parkfest-01-800x600.jpg\" alt=\"\" width=\"800\" height=\"600\" srcset=\"data:image\/svg+xml,%3Csvg%20xmlns%3D%27http%3A%2F%2Fwww.w3.org%2F2000%2Fsvg%27%20width%3D%27800%27%20height%3D%27600%27%20viewBox%3D%270%200%20800%20600%27%3E%3Crect%20width%3D%27800%27%20height%3D%27600%27%20fill-opacity%3D%220%22%2F%3E%3C%2Fsvg%3E\" data-srcset=\"https:\/\/paulinenaue.info\/wp-content\/uploads\/2023\/09\/2023-09-19-Parkfest-01-200x150.jpg 200w, https:\/\/paulinenaue.info\/wp-content\/uploads\/2023\/09\/2023-09-19-Parkfest-01-300x225.jpg 300w, https:\/\/paulinenaue.info\/wp-content\/uploads\/2023\/09\/2023-09-19-Parkfest-01-400x300.jpg 400w, https:\/\/paulinenaue.info\/wp-content\/uploads\/2023\/09\/2023-09-19-Parkfest-01-600x450.jpg 600w, https:\/\/paulinenaue.info\/wp-content\/uploads\/2023\/09\/2023-09-19-Parkfest-01-768x576.jpg 768w, https:\/\/paulinenaue.info\/wp-content\/uploads\/2023\/09\/2023-09-19-Parkfest-01-800x600.jpg 800w, https:\/\/paulinenaue.info\/wp-content\/uploads\/2023\/09\/2023-09-19-Parkfest-01-1024x768.jpg 1024w, https:\/\/paulinenaue.info\/wp-content\/uploads\/2023\/09\/2023-09-19-Parkfest-01-1200x900.jpg 1200w, https:\/\/paulinenaue.info\/wp-content\/uploads\/2023\/09\/2023-09-19-Parkfest-01-1536x1152.jpg 1536w\" data-sizes=\"auto\" data-orig-sizes=\"(max-width: 800px) 100vw, 800px\" \/><\/a><\/p>\n<p>Nach einer freundlichen Begr\u00fc\u00dfung durch das Empfangskommando \u2013 Pauer Teenies \u2013 ging es auf die Festwiese. F\u00fcr Kinder viele Spielm\u00f6glichkeiten, die sich schon in alter Zeit bew\u00e4hrt hatten: Sackh\u00fcpfen, Eierlauf, Strohballen zum Toben, Gesellschaftsspiele, Basteln, Malen \u2026 Spa\u00df pur!<\/p>\n<p><a href=\"https:\/\/paulinenaue.info\/wp-content\/uploads\/2023\/09\/2023-09-19-Parkfest-02.jpg\"><img decoding=\"async\" data-attachment-id=\"415288\" data-permalink=\"https:\/\/paulinenaue.info\/index.php\/parkfest-neu-erfunden-oder-heimat-ist-ein-gefuehl\/2023-09-19-parkfest-02\/\" data-orig-file=\"https:\/\/paulinenaue.info\/wp-content\/uploads\/2023\/09\/2023-09-19-Parkfest-02.jpg\" data-orig-size=\"1512,2016\" data-comments-opened=\"1\" data-image-meta=\"{&quot;aperture&quot;:&quot;0&quot;,&quot;credit&quot;:&quot;&quot;,&quot;camera&quot;:&quot;&quot;,&quot;caption&quot;:&quot;&quot;,&quot;created_timestamp&quot;:&quot;0&quot;,&quot;copyright&quot;:&quot;&quot;,&quot;focal_length&quot;:&quot;0&quot;,&quot;iso&quot;:&quot;0&quot;,&quot;shutter_speed&quot;:&quot;0&quot;,&quot;title&quot;:&quot;&quot;,&quot;orientation&quot;:&quot;0&quot;}\" data-image-title=\"2023-09-19, Parkfest 02\" data-image-description=\"\" data-image-caption=\"\" data-large-file=\"https:\/\/paulinenaue.info\/wp-content\/uploads\/2023\/09\/2023-09-19-Parkfest-02-768x1024.jpg\" class=\"lazyload alignnone  wp-image-415288\" src=\"https:\/\/paulinenaue.info\/wp-content\/uploads\/2023\/09\/2023-09-19-Parkfest-02.jpg\" data-orig-src=\"https:\/\/paulinenaue.info\/wp-content\/uploads\/2023\/09\/2023-09-19-Parkfest-02.jpg\" alt=\"\" width=\"600\" height=\"800\" srcset=\"data:image\/svg+xml,%3Csvg%20xmlns%3D%27http%3A%2F%2Fwww.w3.org%2F2000%2Fsvg%27%20width%3D%27600%27%20height%3D%27800%27%20viewBox%3D%270%200%20600%20800%27%3E%3Crect%20width%3D%27600%27%20height%3D%27800%27%20fill-opacity%3D%220%22%2F%3E%3C%2Fsvg%3E\" data-srcset=\"https:\/\/paulinenaue.info\/wp-content\/uploads\/2023\/09\/2023-09-19-Parkfest-02-200x267.jpg 200w, https:\/\/paulinenaue.info\/wp-content\/uploads\/2023\/09\/2023-09-19-Parkfest-02-225x300.jpg 225w, https:\/\/paulinenaue.info\/wp-content\/uploads\/2023\/09\/2023-09-19-Parkfest-02-400x533.jpg 400w, https:\/\/paulinenaue.info\/wp-content\/uploads\/2023\/09\/2023-09-19-Parkfest-02-600x800.jpg 600w, https:\/\/paulinenaue.info\/wp-content\/uploads\/2023\/09\/2023-09-19-Parkfest-02-768x1024.jpg 768w, https:\/\/paulinenaue.info\/wp-content\/uploads\/2023\/09\/2023-09-19-Parkfest-02-800x1067.jpg 800w, https:\/\/paulinenaue.info\/wp-content\/uploads\/2023\/09\/2023-09-19-Parkfest-02-1152x1536.jpg 1152w, https:\/\/paulinenaue.info\/wp-content\/uploads\/2023\/09\/2023-09-19-Parkfest-02-1200x1600.jpg 1200w, https:\/\/paulinenaue.info\/wp-content\/uploads\/2023\/09\/2023-09-19-Parkfest-02.jpg 1512w\" data-sizes=\"auto\" data-orig-sizes=\"(max-width: 600px) 100vw, 600px\" \/><\/a><\/p>\n<p>Nebenan einladende Kaffeetische, \u00fcberall Blumengestecke. Eine Einladung zum Verweilen bei Eis, Kaffee, Kuchen und Schnattern, in dem Fall f\u00fcr das fortgeschrittenere Alter. Oft mehrere Generationen an einem Tisch oder auf zah\u00a0\u00a0lreichen Picknickdecken. Alles bei strahlendem Sonnenschein! Alles erinnerte sehr an ein intaktes Dorfleben, wie es einmal war.<\/p>\n<p>Weiter so! Dank allen Organisatoren, PAUERFRAUEN eben!<\/p>\n<p>Die vielen Parkbewohner, V\u00f6gel, Eichh\u00f6rnchen, Maulw\u00fcrfe \u2026 m\u00f6gen sich ob des Trubels gewundert und gefreut haben.<\/p>\n<p><a href=\"https:\/\/paulinenaue.info\/wp-content\/uploads\/2023\/09\/2023-09-19-Parkfest-03.jpg\"><img decoding=\"async\" data-attachment-id=\"415289\" data-permalink=\"https:\/\/paulinenaue.info\/index.php\/parkfest-neu-erfunden-oder-heimat-ist-ein-gefuehl\/2023-09-19-parkfest-03\/\" data-orig-file=\"https:\/\/paulinenaue.info\/wp-content\/uploads\/2023\/09\/2023-09-19-Parkfest-03.jpg\" data-orig-size=\"2000,1500\" data-comments-opened=\"1\" data-image-meta=\"{&quot;aperture&quot;:&quot;0&quot;,&quot;credit&quot;:&quot;&quot;,&quot;camera&quot;:&quot;&quot;,&quot;caption&quot;:&quot;&quot;,&quot;created_timestamp&quot;:&quot;0&quot;,&quot;copyright&quot;:&quot;&quot;,&quot;focal_length&quot;:&quot;0&quot;,&quot;iso&quot;:&quot;0&quot;,&quot;shutter_speed&quot;:&quot;0&quot;,&quot;title&quot;:&quot;&quot;,&quot;orientation&quot;:&quot;0&quot;}\" data-image-title=\"2023-09-19, Parkfest 03\" data-image-description=\"\" data-image-caption=\"\" data-large-file=\"https:\/\/paulinenaue.info\/wp-content\/uploads\/2023\/09\/2023-09-19-Parkfest-03-1024x768.jpg\" class=\"lazyload alignnone  wp-image-415289\" src=\"https:\/\/paulinenaue.info\/wp-content\/uploads\/2023\/09\/2023-09-19-Parkfest-03.jpg\" data-orig-src=\"https:\/\/paulinenaue.info\/wp-content\/uploads\/2023\/09\/2023-09-19-Parkfest-03.jpg\" alt=\"\" width=\"801\" height=\"601\" srcset=\"data:image\/svg+xml,%3Csvg%20xmlns%3D%27http%3A%2F%2Fwww.w3.org%2F2000%2Fsvg%27%20width%3D%27801%27%20height%3D%27601%27%20viewBox%3D%270%200%20801%20601%27%3E%3Crect%20width%3D%27801%27%20height%3D%27601%27%20fill-opacity%3D%220%22%2F%3E%3C%2Fsvg%3E\" data-srcset=\"https:\/\/paulinenaue.info\/wp-content\/uploads\/2023\/09\/2023-09-19-Parkfest-03-200x150.jpg 200w, https:\/\/paulinenaue.info\/wp-content\/uploads\/2023\/09\/2023-09-19-Parkfest-03-300x225.jpg 300w, https:\/\/paulinenaue.info\/wp-content\/uploads\/2023\/09\/2023-09-19-Parkfest-03-400x300.jpg 400w, https:\/\/paulinenaue.info\/wp-content\/uploads\/2023\/09\/2023-09-19-Parkfest-03-600x450.jpg 600w, https:\/\/paulinenaue.info\/wp-content\/uploads\/2023\/09\/2023-09-19-Parkfest-03-768x576.jpg 768w, https:\/\/paulinenaue.info\/wp-content\/uploads\/2023\/09\/2023-09-19-Parkfest-03-800x600.jpg 800w, https:\/\/paulinenaue.info\/wp-content\/uploads\/2023\/09\/2023-09-19-Parkfest-03-1024x768.jpg 1024w, https:\/\/paulinenaue.info\/wp-content\/uploads\/2023\/09\/2023-09-19-Parkfest-03-1200x900.jpg 1200w, https:\/\/paulinenaue.info\/wp-content\/uploads\/2023\/09\/2023-09-19-Parkfest-03-1536x1152.jpg 1536w, https:\/\/paulinenaue.info\/wp-content\/uploads\/2023\/09\/2023-09-19-Parkfest-03.jpg 2000w\" data-sizes=\"auto\" data-orig-sizes=\"(max-width: 801px) 100vw, 801px\" \/><\/a><\/p>\n","protected":false},"excerpt":{"rendered":"<p>M. Bock aus Paulinenaue Etwa 20 PAUERFRAUEN erweckten mit viel [&hellip;]<\/p>\n","protected":false},"author":1,"featured_media":415287,"comment_status":"open","ping_status":"open","sticky":false,"template":"","format":"standard","meta":{"_acf_changed":false,"_price":"","_stock":"","_tribe_ticket_header":"","_tribe_default_ticket_provider":"","_tribe_ticket_capacity":"0","_ticket_start_date":"","_ticket_end_date":"","_tribe_ticket_show_description":"","_tribe_ticket_show_not_going":false,"_tribe_ticket_use_global_stock":"","_tribe_ticket_global_stock_level":"","_global_stock_mode":"","_global_stock_cap":"","_tribe_rsvp_for_event":"","_tribe_ticket_going_count":"","_tribe_ticket_not_going_count":"","_tribe_tickets_list":"[]","_tribe_ticket_has_attendee_info_fields":false,"jetpack_post_was_ever_published":false,"_jetpack_newsletter_access":"","_jetpack_dont_email_post_to_subs":false,"_jetpack_newsletter_tier_id":0,"_jetpack_memberships_contains_paywalled_content":false,"_jetpack_memberships_contains_paid_content":false,"footnotes":"","jetpack_publicize_message":"","jetpack_publicize_feature_enabled":true,"jetpack_social_post_already_shared":true,"jetpack_social_options":{"image_generator_settings":{"template":"highway","default_image_id":0,"font":"","enabled":false},"version":2}},"categories":[40,6,9,93],"tags":[261,92],"class_list":["post-415286","post","type-post","status-publish","format-standard","has-post-thumbnail","hentry","category-dorfentwicklung","category-hier-zuhause","category-neuigkeiten","category-veranstaltungen","tag-dorffest","tag-havelland"],"acf":[],"yoast_head":"<!-- This site is optimized with the Yoast SEO plugin v27.5 - https:\/\/yoast.com\/product\/yoast-seo-wordpress\/ -->\n<title>Parkfest neu erfunden \u2013 oder \u201eHeimat ist ein Gef\u00fchl\u201c\u201c - Paulinenaue<\/title>\n<meta name=\"description\" content=\"Etwa 20 PAUERFRAUEN erweckten mit viel Power und tollen Ideen das Paulinenauer Dorfleben wieder neu.\" \/>\n<meta name=\"robots\" content=\"index, follow, max-snippet:-1, max-image-preview:large, max-video-preview:-1\" \/>\n<link rel=\"canonical\" href=\"https:\/\/paulinenaue.info\/index.php\/parkfest-neu-erfunden-oder-heimat-ist-ein-gefuehl\/\" \/>\n<meta property=\"og:locale\" content=\"de_DE\" \/>\n<meta property=\"og:type\" content=\"article\" \/>\n<meta property=\"og:title\" content=\"Parkfest neu erfunden \u2013 oder \u201eHeimat ist ein Gef\u00fchl\u201c\u201c - Paulinenaue\" \/>\n<meta property=\"og:description\" content=\"Etwa 20 PAUERFRAUEN erweckten mit viel Power und tollen Ideen das Paulinenauer Dorfleben wieder neu.\" \/>\n<meta property=\"og:url\" content=\"https:\/\/paulinenaue.info\/index.php\/parkfest-neu-erfunden-oder-heimat-ist-ein-gefuehl\/\" \/>\n<meta property=\"og:site_name\" content=\"Paulinenaue\" \/>\n<meta property=\"article:published_time\" content=\"2023-09-22T20:07:46+00:00\" \/>\n<meta property=\"og:image\" content=\"https:\/\/paulinenaue.info\/wp-content\/uploads\/2023\/09\/2023-09-19-Parkfest-01.jpg\" \/>\n\t<meta property=\"og:image:width\" content=\"2000\" \/>\n\t<meta property=\"og:image:height\" content=\"1500\" \/>\n\t<meta property=\"og:image:type\" content=\"image\/jpeg\" \/>\n<meta name=\"author\" content=\"Joachim Scholz\" \/>\n<meta name=\"twitter:card\" content=\"summary_large_image\" \/>\n<meta name=\"twitter:label1\" content=\"Verfasst von\" \/>\n\t<meta name=\"twitter:data1\" content=\"Joachim Scholz\" \/>\n\t<meta name=\"twitter:label2\" content=\"Gesch\u00e4tzte Lesezeit\" \/>\n\t<meta name=\"twitter:data2\" content=\"2\u00a0Minuten\" \/>\n<script type=\"application\/ld+json\" class=\"yoast-schema-graph\">{\"@context\":\"https:\\\/\\\/schema.org\",\"@graph\":[{\"@type\":\"Article\",\"@id\":\"https:\\\/\\\/paulinenaue.info\\\/index.php\\\/parkfest-neu-erfunden-oder-heimat-ist-ein-gefuehl\\\/#article\",\"isPartOf\":{\"@id\":\"https:\\\/\\\/paulinenaue.info\\\/index.php\\\/parkfest-neu-erfunden-oder-heimat-ist-ein-gefuehl\\\/\"},\"author\":{\"name\":\"Joachim Scholz\",\"@id\":\"https:\\\/\\\/paulinenaue.info\\\/#\\\/schema\\\/person\\\/3f9e818fd7b69b0d2bd937ac506897cc\"},\"headline\":\"Parkfest neu erfunden \u2013 oder \u201eHeimat ist ein Gef\u00fchl\u201c\u201c\",\"datePublished\":\"2023-09-22T20:07:46+00:00\",\"mainEntityOfPage\":{\"@id\":\"https:\\\/\\\/paulinenaue.info\\\/index.php\\\/parkfest-neu-erfunden-oder-heimat-ist-ein-gefuehl\\\/\"},\"wordCount\":160,\"commentCount\":0,\"image\":{\"@id\":\"https:\\\/\\\/paulinenaue.info\\\/index.php\\\/parkfest-neu-erfunden-oder-heimat-ist-ein-gefuehl\\\/#primaryimage\"},\"thumbnailUrl\":\"https:\\\/\\\/paulinenaue.info\\\/wp-content\\\/uploads\\\/2023\\\/09\\\/2023-09-19-Parkfest-01.jpg\",\"keywords\":[\"Dorffest\",\"Havelland\"],\"articleSection\":[\"Dorfentwicklung\",\"Hier Zuhause\",\"Neuigkeiten\",\"Veranstaltungen\"],\"inLanguage\":\"de\",\"potentialAction\":[{\"@type\":\"CommentAction\",\"name\":\"Comment\",\"target\":[\"https:\\\/\\\/paulinenaue.info\\\/index.php\\\/parkfest-neu-erfunden-oder-heimat-ist-ein-gefuehl\\\/#respond\"]}]},{\"@type\":\"WebPage\",\"@id\":\"https:\\\/\\\/paulinenaue.info\\\/index.php\\\/parkfest-neu-erfunden-oder-heimat-ist-ein-gefuehl\\\/\",\"url\":\"https:\\\/\\\/paulinenaue.info\\\/index.php\\\/parkfest-neu-erfunden-oder-heimat-ist-ein-gefuehl\\\/\",\"name\":\"Parkfest neu erfunden \u2013 oder \u201eHeimat ist ein Gef\u00fchl\u201c\u201c - Paulinenaue\",\"isPartOf\":{\"@id\":\"https:\\\/\\\/paulinenaue.info\\\/#website\"},\"primaryImageOfPage\":{\"@id\":\"https:\\\/\\\/paulinenaue.info\\\/index.php\\\/parkfest-neu-erfunden-oder-heimat-ist-ein-gefuehl\\\/#primaryimage\"},\"image\":{\"@id\":\"https:\\\/\\\/paulinenaue.info\\\/index.php\\\/parkfest-neu-erfunden-oder-heimat-ist-ein-gefuehl\\\/#primaryimage\"},\"thumbnailUrl\":\"https:\\\/\\\/paulinenaue.info\\\/wp-content\\\/uploads\\\/2023\\\/09\\\/2023-09-19-Parkfest-01.jpg\",\"datePublished\":\"2023-09-22T20:07:46+00:00\",\"author\":{\"@id\":\"https:\\\/\\\/paulinenaue.info\\\/#\\\/schema\\\/person\\\/3f9e818fd7b69b0d2bd937ac506897cc\"},\"description\":\"Etwa 20 PAUERFRAUEN erweckten mit viel Power und tollen Ideen das Paulinenauer Dorfleben wieder neu.\",\"breadcrumb\":{\"@id\":\"https:\\\/\\\/paulinenaue.info\\\/index.php\\\/parkfest-neu-erfunden-oder-heimat-ist-ein-gefuehl\\\/#breadcrumb\"},\"inLanguage\":\"de\",\"potentialAction\":[{\"@type\":\"ReadAction\",\"target\":[\"https:\\\/\\\/paulinenaue.info\\\/index.php\\\/parkfest-neu-erfunden-oder-heimat-ist-ein-gefuehl\\\/\"]}]},{\"@type\":\"ImageObject\",\"inLanguage\":\"de\",\"@id\":\"https:\\\/\\\/paulinenaue.info\\\/index.php\\\/parkfest-neu-erfunden-oder-heimat-ist-ein-gefuehl\\\/#primaryimage\",\"url\":\"https:\\\/\\\/paulinenaue.info\\\/wp-content\\\/uploads\\\/2023\\\/09\\\/2023-09-19-Parkfest-01.jpg\",\"contentUrl\":\"https:\\\/\\\/paulinenaue.info\\\/wp-content\\\/uploads\\\/2023\\\/09\\\/2023-09-19-Parkfest-01.jpg\",\"width\":2000,\"height\":1500},{\"@type\":\"BreadcrumbList\",\"@id\":\"https:\\\/\\\/paulinenaue.info\\\/index.php\\\/parkfest-neu-erfunden-oder-heimat-ist-ein-gefuehl\\\/#breadcrumb\",\"itemListElement\":[{\"@type\":\"ListItem\",\"position\":1,\"name\":\"Home\",\"item\":\"https:\\\/\\\/paulinenaue.info\\\/\"},{\"@type\":\"ListItem\",\"position\":2,\"name\":\"Parkfest neu erfunden \u2013 oder \u201eHeimat ist ein Gef\u00fchl\u201c\u201c\"}]},{\"@type\":\"WebSite\",\"@id\":\"https:\\\/\\\/paulinenaue.info\\\/#website\",\"url\":\"https:\\\/\\\/paulinenaue.info\\\/\",\"name\":\"Paulinenaue\",\"description\":\"Ein Dorf im Havelland\",\"potentialAction\":[{\"@type\":\"SearchAction\",\"target\":{\"@type\":\"EntryPoint\",\"urlTemplate\":\"https:\\\/\\\/paulinenaue.info\\\/?s={search_term_string}\"},\"query-input\":{\"@type\":\"PropertyValueSpecification\",\"valueRequired\":true,\"valueName\":\"search_term_string\"}}],\"inLanguage\":\"de\"},{\"@type\":\"Person\",\"@id\":\"https:\\\/\\\/paulinenaue.info\\\/#\\\/schema\\\/person\\\/3f9e818fd7b69b0d2bd937ac506897cc\",\"name\":\"Joachim Scholz\",\"url\":\"https:\\\/\\\/paulinenaue.info\\\/index.php\\\/author\\\/jjscholz\\\/\"}]}<\/script>\n<!-- \/ Yoast SEO plugin. -->","yoast_head_json":{"title":"Parkfest neu erfunden \u2013 oder \u201eHeimat ist ein Gef\u00fchl\u201c\u201c - Paulinenaue","description":"Etwa 20 PAUERFRAUEN erweckten mit viel Power und tollen Ideen das Paulinenauer Dorfleben wieder neu.","robots":{"index":"index","follow":"follow","max-snippet":"max-snippet:-1","max-image-preview":"max-image-preview:large","max-video-preview":"max-video-preview:-1"},"canonical":"https:\/\/paulinenaue.info\/index.php\/parkfest-neu-erfunden-oder-heimat-ist-ein-gefuehl\/","og_locale":"de_DE","og_type":"article","og_title":"Parkfest neu erfunden \u2013 oder \u201eHeimat ist ein Gef\u00fchl\u201c\u201c - Paulinenaue","og_description":"Etwa 20 PAUERFRAUEN erweckten mit viel Power und tollen Ideen das Paulinenauer Dorfleben wieder neu.","og_url":"https:\/\/paulinenaue.info\/index.php\/parkfest-neu-erfunden-oder-heimat-ist-ein-gefuehl\/","og_site_name":"Paulinenaue","article_published_time":"2023-09-22T20:07:46+00:00","og_image":[{"width":2000,"height":1500,"url":"https:\/\/paulinenaue.info\/wp-content\/uploads\/2023\/09\/2023-09-19-Parkfest-01.jpg","type":"image\/jpeg"}],"author":"Joachim Scholz","twitter_card":"summary_large_image","twitter_misc":{"Verfasst von":"Joachim Scholz","Gesch\u00e4tzte Lesezeit":"2\u00a0Minuten"},"schema":{"@context":"https:\/\/schema.org","@graph":[{"@type":"Article","@id":"https:\/\/paulinenaue.info\/index.php\/parkfest-neu-erfunden-oder-heimat-ist-ein-gefuehl\/#article","isPartOf":{"@id":"https:\/\/paulinenaue.info\/index.php\/parkfest-neu-erfunden-oder-heimat-ist-ein-gefuehl\/"},"author":{"name":"Joachim Scholz","@id":"https:\/\/paulinenaue.info\/#\/schema\/person\/3f9e818fd7b69b0d2bd937ac506897cc"},"headline":"Parkfest neu erfunden \u2013 oder \u201eHeimat ist ein Gef\u00fchl\u201c\u201c","datePublished":"2023-09-22T20:07:46+00:00","mainEntityOfPage":{"@id":"https:\/\/paulinenaue.info\/index.php\/parkfest-neu-erfunden-oder-heimat-ist-ein-gefuehl\/"},"wordCount":160,"commentCount":0,"image":{"@id":"https:\/\/paulinenaue.info\/index.php\/parkfest-neu-erfunden-oder-heimat-ist-ein-gefuehl\/#primaryimage"},"thumbnailUrl":"https:\/\/paulinenaue.info\/wp-content\/uploads\/2023\/09\/2023-09-19-Parkfest-01.jpg","keywords":["Dorffest","Havelland"],"articleSection":["Dorfentwicklung","Hier Zuhause","Neuigkeiten","Veranstaltungen"],"inLanguage":"de","potentialAction":[{"@type":"CommentAction","name":"Comment","target":["https:\/\/paulinenaue.info\/index.php\/parkfest-neu-erfunden-oder-heimat-ist-ein-gefuehl\/#respond"]}]},{"@type":"WebPage","@id":"https:\/\/paulinenaue.info\/index.php\/parkfest-neu-erfunden-oder-heimat-ist-ein-gefuehl\/","url":"https:\/\/paulinenaue.info\/index.php\/parkfest-neu-erfunden-oder-heimat-ist-ein-gefuehl\/","name":"Parkfest neu erfunden \u2013 oder \u201eHeimat ist ein Gef\u00fchl\u201c\u201c - Paulinenaue","isPartOf":{"@id":"https:\/\/paulinenaue.info\/#website"},"primaryImageOfPage":{"@id":"https:\/\/paulinenaue.info\/index.php\/parkfest-neu-erfunden-oder-heimat-ist-ein-gefuehl\/#primaryimage"},"image":{"@id":"https:\/\/paulinenaue.info\/index.php\/parkfest-neu-erfunden-oder-heimat-ist-ein-gefuehl\/#primaryimage"},"thumbnailUrl":"https:\/\/paulinenaue.info\/wp-content\/uploads\/2023\/09\/2023-09-19-Parkfest-01.jpg","datePublished":"2023-09-22T20:07:46+00:00","author":{"@id":"https:\/\/paulinenaue.info\/#\/schema\/person\/3f9e818fd7b69b0d2bd937ac506897cc"},"description":"Etwa 20 PAUERFRAUEN erweckten mit viel Power und tollen Ideen das Paulinenauer Dorfleben wieder neu.","breadcrumb":{"@id":"https:\/\/paulinenaue.info\/index.php\/parkfest-neu-erfunden-oder-heimat-ist-ein-gefuehl\/#breadcrumb"},"inLanguage":"de","potentialAction":[{"@type":"ReadAction","target":["https:\/\/paulinenaue.info\/index.php\/parkfest-neu-erfunden-oder-heimat-ist-ein-gefuehl\/"]}]},{"@type":"ImageObject","inLanguage":"de","@id":"https:\/\/paulinenaue.info\/index.php\/parkfest-neu-erfunden-oder-heimat-ist-ein-gefuehl\/#primaryimage","url":"https:\/\/paulinenaue.info\/wp-content\/uploads\/2023\/09\/2023-09-19-Parkfest-01.jpg","contentUrl":"https:\/\/paulinenaue.info\/wp-content\/uploads\/2023\/09\/2023-09-19-Parkfest-01.jpg","width":2000,"height":1500},{"@type":"BreadcrumbList","@id":"https:\/\/paulinenaue.info\/index.php\/parkfest-neu-erfunden-oder-heimat-ist-ein-gefuehl\/#breadcrumb","itemListElement":[{"@type":"ListItem","position":1,"name":"Home","item":"https:\/\/paulinenaue.info\/"},{"@type":"ListItem","position":2,"name":"Parkfest neu erfunden \u2013 oder \u201eHeimat ist ein Gef\u00fchl\u201c\u201c"}]},{"@type":"WebSite","@id":"https:\/\/paulinenaue.info\/#website","url":"https:\/\/paulinenaue.info\/","name":"Paulinenaue","description":"Ein Dorf im Havelland","potentialAction":[{"@type":"SearchAction","target":{"@type":"EntryPoint","urlTemplate":"https:\/\/paulinenaue.info\/?s={search_term_string}"},"query-input":{"@type":"PropertyValueSpecification","valueRequired":true,"valueName":"search_term_string"}}],"inLanguage":"de"},{"@type":"Person","@id":"https:\/\/paulinenaue.info\/#\/schema\/person\/3f9e818fd7b69b0d2bd937ac506897cc","name":"Joachim Scholz","url":"https:\/\/paulinenaue.info\/index.php\/author\/jjscholz\/"}]}},"jetpack_publicize_connections":[],"jetpack_featured_media_url":"https:\/\/paulinenaue.info\/wp-content\/uploads\/2023\/09\/2023-09-19-Parkfest-01.jpg","jetpack_sharing_enabled":true,"jetpack_shortlink":"https:\/\/wp.me\/pcYhWA-1K2a","jetpack-related-posts":[{"id":143058,"url":"https:\/\/paulinenaue.info\/index.php\/erfolgreicher-dorfputz\/","url_meta":{"origin":415286,"position":0},"title":"Erfolgreicher Dorfputz","author":"Sarah","date":"26. April 2022","format":false,"excerpt":"","rel":"","context":"In &quot;Gemeinde Paulinenaue&quot;","block_context":{"text":"Gemeinde Paulinenaue","link":"https:\/\/paulinenaue.info\/index.php\/category\/gemeinde-paulinenaue\/"},"img":{"alt_text":"","src":"https:\/\/i0.wp.com\/paulinenaue.info\/wp-content\/uploads\/2022\/04\/IMG-20220409-WA0000.jpg?resize=350%2C200&ssl=1","width":350,"height":200,"srcset":"https:\/\/i0.wp.com\/paulinenaue.info\/wp-content\/uploads\/2022\/04\/IMG-20220409-WA0000.jpg?resize=350%2C200&ssl=1 1x, https:\/\/i0.wp.com\/paulinenaue.info\/wp-content\/uploads\/2022\/04\/IMG-20220409-WA0000.jpg?resize=525%2C300&ssl=1 1.5x, https:\/\/i0.wp.com\/paulinenaue.info\/wp-content\/uploads\/2022\/04\/IMG-20220409-WA0000.jpg?resize=700%2C400&ssl=1 2x"},"classes":[]},{"id":184284,"url":"https:\/\/paulinenaue.info\/index.php\/kirche-wird-saniert-und-multifunktional-nutzbar\/","url_meta":{"origin":415286,"position":1},"title":"Kirche wird saniert und multifunktional nutzbar","author":"Joachim Scholz","date":"29. Mai 2022","format":false,"excerpt":"von Andreas Flender, ehrenamtlicher Mitarbeiter und Bauverantwortlicher der evangelischen Kirchengemeinde In der Paulinenauer Kirche soll demn\u00e4chst ein Dorftreff entstehen. Es gibt daf\u00fcr Interesse von Vereinen, die bisher keine eigenen R\u00e4ume haben. Denkbar ist, dass der Kulturverein oder das Gemeinschaftswerk Soziale Dienste den Treff nutzen wird. Die Notfallseelsorge m\u00f6chte dort Gruppenabende\u2026","rel":"","context":"In &quot;Allgemein&quot;","block_context":{"text":"Allgemein","link":"https:\/\/paulinenaue.info\/index.php\/category\/allgemein\/"},"img":{"alt_text":"","src":"https:\/\/i0.wp.com\/paulinenaue.info\/wp-content\/uploads\/2022\/05\/2022-05-28-Paulinenaue-Kirche.jpg?resize=350%2C200&ssl=1","width":350,"height":200,"srcset":"https:\/\/i0.wp.com\/paulinenaue.info\/wp-content\/uploads\/2022\/05\/2022-05-28-Paulinenaue-Kirche.jpg?resize=350%2C200&ssl=1 1x, https:\/\/i0.wp.com\/paulinenaue.info\/wp-content\/uploads\/2022\/05\/2022-05-28-Paulinenaue-Kirche.jpg?resize=525%2C300&ssl=1 1.5x, https:\/\/i0.wp.com\/paulinenaue.info\/wp-content\/uploads\/2022\/05\/2022-05-28-Paulinenaue-Kirche.jpg?resize=700%2C400&ssl=1 2x"},"classes":[]},{"id":419075,"url":"https:\/\/paulinenaue.info\/index.php\/schweisserei-goldschmidt-abgerissen\/","url_meta":{"origin":415286,"position":2},"title":"Wieder ein Abschied vom alten Paulinenaue \u2013\u00a0Die ehemalige Schwei\u00dferei Goldschmidt wurde abgerissen","author":"Joachim Scholz","date":"18. M\u00e4rz 2007","format":false,"excerpt":"Mit dem Abriss der ehemaligen Schwei\u00dferei Goldschmidt\/Mosterei Werner hat Paulinenaue wiederum einen seiner pr\u00e4gnantesten Altbauten verloren. Die Bausubstanz der 90j\u00e4hrigen gro\u00dfen alten Dame in der Ruppiner Stra\u00dfe befand sich freilich schon seit vielen Jahren in einem nicht mehr haltbaren Zustand. Das Geb\u00e4ude, das der Chemiker\u00a0Johannes (Hans) Goldschmidt als neuer Gutsbesitzer\u2026","rel":"","context":"In &quot;Allgemein&quot;","block_context":{"text":"Allgemein","link":"https:\/\/paulinenaue.info\/index.php\/category\/allgemein\/"},"img":{"alt_text":"","src":"https:\/\/i0.wp.com\/paulinenaue.info\/wp-content\/uploads\/2026\/03\/2007-03-06-Abriss-Schweisserei-Goldschmidt-04.jpeg?resize=350%2C200&ssl=1","width":350,"height":200,"srcset":"https:\/\/i0.wp.com\/paulinenaue.info\/wp-content\/uploads\/2026\/03\/2007-03-06-Abriss-Schweisserei-Goldschmidt-04.jpeg?resize=350%2C200&ssl=1 1x, https:\/\/i0.wp.com\/paulinenaue.info\/wp-content\/uploads\/2026\/03\/2007-03-06-Abriss-Schweisserei-Goldschmidt-04.jpeg?resize=525%2C300&ssl=1 1.5x, https:\/\/i0.wp.com\/paulinenaue.info\/wp-content\/uploads\/2026\/03\/2007-03-06-Abriss-Schweisserei-Goldschmidt-04.jpeg?resize=700%2C400&ssl=1 2x"},"classes":[]},{"id":418291,"url":"https:\/\/paulinenaue.info\/index.php\/hundert-jahre-alter-neubau\/","url_meta":{"origin":415286,"position":3},"title":"Hundert Jahre alter Neubau: Spaziergang durch Paulinenaues Norden","author":"Joachim Scholz","date":"21. September 2025","format":false,"excerpt":"","rel":"","context":"In &quot;Ehrenamt&quot;","block_context":{"text":"Ehrenamt","link":"https:\/\/paulinenaue.info\/index.php\/category\/ehrenamt\/"},"img":{"alt_text":"","src":"https:\/\/i0.wp.com\/paulinenaue.info\/wp-content\/uploads\/2025\/09\/2025-09-20_12-04-09-WANDERUNG.jpg?resize=350%2C200&ssl=1","width":350,"height":200,"srcset":"https:\/\/i0.wp.com\/paulinenaue.info\/wp-content\/uploads\/2025\/09\/2025-09-20_12-04-09-WANDERUNG.jpg?resize=350%2C200&ssl=1 1x, https:\/\/i0.wp.com\/paulinenaue.info\/wp-content\/uploads\/2025\/09\/2025-09-20_12-04-09-WANDERUNG.jpg?resize=525%2C300&ssl=1 1.5x, https:\/\/i0.wp.com\/paulinenaue.info\/wp-content\/uploads\/2025\/09\/2025-09-20_12-04-09-WANDERUNG.jpg?resize=700%2C400&ssl=1 2x, https:\/\/i0.wp.com\/paulinenaue.info\/wp-content\/uploads\/2025\/09\/2025-09-20_12-04-09-WANDERUNG.jpg?resize=1050%2C600&ssl=1 3x, https:\/\/i0.wp.com\/paulinenaue.info\/wp-content\/uploads\/2025\/09\/2025-09-20_12-04-09-WANDERUNG.jpg?resize=1400%2C800&ssl=1 4x"},"classes":[]},{"id":5132,"url":"https:\/\/paulinenaue.info\/index.php\/nachwendejahre-in-paulinenaue-kalender-2020-erscheint-zum-weihnachtsmarkt\/","url_meta":{"origin":415286,"position":4},"title":"Nachwendejahre in Paulinenaue \u2013\u00a0Kalender 2020 erscheint zum Weihnachtsmarkt","author":"Joachim Scholz","date":"23. November 2019","format":false,"excerpt":"Der neue Paulinenaue-Kalender ist fertig und wartet auf das kommende Jahr 2020. Die insgesamt 13 Motive sind ca. ein Vierteljahrhundert alt und entstanden in den Nachwendejahren. Paulinenaue in den 1990ern zeigt noch das Ortsbild der durch Gut, Eisenbahn und das Institut fu\u0308r Futterproduktion gepr\u00e4gten Jahrzehnte zuvor, und doch brachte die\u2026","rel":"","context":"In &quot;Allgemein&quot;","block_context":{"text":"Allgemein","link":"https:\/\/paulinenaue.info\/index.php\/category\/allgemein\/"},"img":{"alt_text":"","src":"https:\/\/i0.wp.com\/paulinenaue.info\/wp-content\/uploads\/2019\/11\/Deckblatt-Kalender-2020.jpg?resize=350%2C200&ssl=1","width":350,"height":200,"srcset":"https:\/\/i0.wp.com\/paulinenaue.info\/wp-content\/uploads\/2019\/11\/Deckblatt-Kalender-2020.jpg?resize=350%2C200&ssl=1 1x, https:\/\/i0.wp.com\/paulinenaue.info\/wp-content\/uploads\/2019\/11\/Deckblatt-Kalender-2020.jpg?resize=525%2C300&ssl=1 1.5x, https:\/\/i0.wp.com\/paulinenaue.info\/wp-content\/uploads\/2019\/11\/Deckblatt-Kalender-2020.jpg?resize=700%2C400&ssl=1 2x"},"classes":[]},{"id":1072,"url":"https:\/\/paulinenaue.info\/index.php\/helmut-fritsch-wie-ich-in-paulinenaue-eine-neue-heimat-gefunden-habe-teil-2-2\/","url_meta":{"origin":415286,"position":5},"title":"Helmut Fritsch: &#8222;Wie ich in Paulinenaue eine neue Heimat gefunden habe.&#8220; (Teil 2)","author":"Sarah","date":"20. Juni 2017","format":false,"excerpt":"16.03.2005 Zweiter Teil Im ersten Teil erz\u00e4hlte Helmut Fritsch \u00fcber seine alte Heimat in Kutschlau und die Verteibung am Ende des zweiten Weltkrieges. Im zweiten Teil der Geschichte berichtet er \u00fcber den Entschluss zur \u00dcbersiedlung nach Paulinenaue, vom Hineinwachsen in das durchs Institut gepr\u00e4gte Leben des Dorfes, von einer gl\u00fccklichen\u2026","rel":"","context":"In &quot;Allgemein&quot;","block_context":{"text":"Allgemein","link":"https:\/\/paulinenaue.info\/index.php\/category\/allgemein\/"},"img":{"alt_text":"","src":"https:\/\/i0.wp.com\/paulinenaue.info\/wp-content\/uploads\/2017\/06\/pferdegespann.jpg?resize=350%2C200&ssl=1","width":350,"height":200},"classes":[]}],"_links":{"self":[{"href":"https:\/\/paulinenaue.info\/index.php\/wp-json\/wp\/v2\/posts\/415286","targetHints":{"allow":["GET"]}}],"collection":[{"href":"https:\/\/paulinenaue.info\/index.php\/wp-json\/wp\/v2\/posts"}],"about":[{"href":"https:\/\/paulinenaue.info\/index.php\/wp-json\/wp\/v2\/types\/post"}],"author":[{"embeddable":true,"href":"https:\/\/paulinenaue.info\/index.php\/wp-json\/wp\/v2\/users\/1"}],"replies":[{"embeddable":true,"href":"https:\/\/paulinenaue.info\/index.php\/wp-json\/wp\/v2\/comments?post=415286"}],"version-history":[{"count":2,"href":"https:\/\/paulinenaue.info\/index.php\/wp-json\/wp\/v2\/posts\/415286\/revisions"}],"predecessor-version":[{"id":415291,"href":"https:\/\/paulinenaue.info\/index.php\/wp-json\/wp\/v2\/posts\/415286\/revisions\/415291"}],"wp:featuredmedia":[{"embeddable":true,"href":"https:\/\/paulinenaue.info\/index.php\/wp-json\/wp\/v2\/media\/415287"}],"wp:attachment":[{"href":"https:\/\/paulinenaue.info\/index.php\/wp-json\/wp\/v2\/media?parent=415286"}],"wp:term":[{"taxonomy":"category","embeddable":true,"href":"https:\/\/paulinenaue.info\/index.php\/wp-json\/wp\/v2\/categories?post=415286"},{"taxonomy":"post_tag","embeddable":true,"href":"https:\/\/paulinenaue.info\/index.php\/wp-json\/wp\/v2\/tags?post=415286"}],"curies":[{"name":"wp","href":"https:\/\/api.w.org\/{rel}","templated":true}]}}