{"id":415303,"date":"2023-10-14T13:00:48","date_gmt":"2023-10-14T11:00:48","guid":{"rendered":"https:\/\/paulinenaue.info\/?p=415303"},"modified":"2023-10-21T10:54:07","modified_gmt":"2023-10-21T08:54:07","slug":"kirchengruft-wagenitz-restauriert","status":"publish","type":"post","link":"https:\/\/paulinenaue.info\/index.php\/kirchengruft-wagenitz-restauriert\/","title":{"rendered":"Kirchengruft Wagenitz restauriert"},"content":{"rendered":"<p>Pressemitteilung<\/p>\n<p><strong>Gruft in historischer Dorfkirche restauriert<\/strong><br \/>\nOstdeutsche Sparkassenstiftung und Mittelbrandenburgische Sparkasse (MBS) unterst\u00fctzten<br \/>\ndie Restaurierung eines bedeutenden Zeugnisses der Bestattungs- und Erinnerungskultur<\/p>\n<p>&nbsp;<\/p>\n<p><strong>Wagenitz (Havelland), 14.10.2023.<\/strong> Die evangelische Kirchengemeinde Havell\u00e4ndisches<br \/>\nLuch hat in den vergangenen Jahren in Zusammenarbeit mit der Denkmalpflege die<br \/>\nPatronatsgruft der Familie von Bredow restaurieren lassen. Den Abschluss der<br \/>\nRestaurierungen an und in der historischen Dorfkirche stellte heute Pfarrer Michael Jurk vor.<br \/>\nDie wohl derzeit gr\u00f6\u00dfte restaurierte Gruftanlage der Region befindet sich unterhalb der<br \/>\nevangelischen Dorfkirche zu Wagenitz, einem Ortsteil der Gemeinde M\u00fchlenberge<br \/>\n(Havelland). Theodor Fontane bezeichnete die Adelsfamilie als die \u201eM\u00e4rkischste unter den<br \/>\nAdelsfamilien\u201c. Auf einer Fl\u00e4che von rund 70 qm, auftgeteilt in drei R\u00e4ume, wurden<br \/>\nBestattungen aus dem 18. und beginnenden 19. Jahrhundert vorgenommen. Insgesamt 26<br \/>\nHolzs\u00e4rge, darunter 10 Kinders\u00e4rge wurden bereits 2018 identifiziert, danach geborgen,<br \/>\ndokumentiert und gesichert. Alle Holzs\u00e4rge wurden erhalten oder rekonstruiert, das gilt auch<br \/>\nf\u00fcr die vorgefundenen Grabbeigaben, zu denen \u00fcbrigens eine Zahnb\u00fcrste geh\u00f6rt.<br \/>\nEs gibt unglaubliche Geschichten zu den Verstorbenen, die zumeist identifiziert werden<br \/>\nkonnten. Einer von ihnen, Hans-Christoph, \u00fcberlebte als Kind als einziger der Gro\u00dffamilie<br \/>\neinen Angriff von pl\u00fcndernden S\u00f6ldnern und baute als Erwachsener die Kirche wieder auf.<br \/>\nDas \u00fcbergro\u00dfe Votivgem\u00e4lde im Kirchsaal erinnert an ihn und seine Familie. Dem wohl<br \/>\nprominentesten Verstorbenen wurde ein besonders reich verzierter Sarg gewidmet: Ernst-<br \/>\nWilhelm Reichsgraf von Bredow (1709 \u2013 1755), seines Zeichens Reichshofrat in Wien und<br \/>\npreussischer Etat- und Cabinetsminister in Berlin. Die Ma\u00dfnahme diente aus<br \/>\ndenkmalfachlicher Sicht der Erfassung und Erhaltung eines \u00fcberregional bedeutenden<br \/>\nBestandes, der exemplarisch die Bestattungskultur des m\u00e4rkischen Adels vom 17. bis zum 19.<br \/>\nJahrhundert abbildet. Mit den \u00fcberregionalen Verbindungen und Einfl\u00fcssen sowohl der<br \/>\nFamiliengeschichte als auch der Vielfalt der Gestaltungselemente tr\u00e4gt sie wesentlich zur<br \/>\nErweiterung des Forschungsstandes auf diesem Gebiet bei.<br \/>\nDie Restaurierung wurde durch Bundes- und Landesmittel sowie die Ostdeutsche<br \/>\nSparkassenstiftung gemeinsam mit der Mittelbrandenburgischen Sparkasse gef\u00f6rdert. Der<br \/>\n\u00f6rtliche F\u00f6rderverein sowie der F\u00f6rderkreis Alte Kirchen Berlin-Brandenburg haben zur<br \/>\nFinanzierung beigetragen. Dennoch war der Eigenanteil f\u00fcr die kirchlichen Institutionen eine<br \/>\nHerausforderung, der man sich jedoch gerne gestellt hat.<br \/>\nDas ma\u00dfgeblich beteiligte Forscherehepaar Str\u00f6bl (L\u00fcbeck) bezeichnet Gr\u00fcfte als \u201eSt\u00e4tten der<br \/>\nAuferstehung\u201c. Die evangelische Kirchengemeinde bindet die einzigartige Gedenkst\u00e4tte unter<br \/>\ndiesem Vorzeichen in ihre k\u00fcnftige Gemeindearbeit ein. Sie m\u00f6chte Interessierten den Zugang<br \/>\nerm\u00f6glichen, sobald die Arbeiten am Zugangsbereich fertig sind. Eine \u201eMumien-Schau\u201c wird<br \/>\naber ausdr\u00fccklich vermieden.<\/p>\n<p>&nbsp;<\/p>\n<p>Ansprechpartner: Evangelisches Pfarramt, Pfarrer Michael Jurk (Tel. 033237\/85100)<\/p>\n<p>Paulinenaue, im Oktober 2023<\/p>\n<p>Bildnachweis: Andreas Flender<\/p>\n<p>&nbsp;<\/p>\n\n\t\t<style type=\"text\/css\">\n\t\t\t#gallery-1 {\n\t\t\t\tmargin: auto;\n\t\t\t}\n\t\t\t#gallery-1 .gallery-item {\n\t\t\t\tfloat: left;\n\t\t\t\tmargin-top: 10px;\n\t\t\t\ttext-align: center;\n\t\t\t\twidth: 33%;\n\t\t\t}\n\t\t\t#gallery-1 img {\n\t\t\t\tborder: 2px solid #cfcfcf;\n\t\t\t}\n\t\t\t#gallery-1 .gallery-caption {\n\t\t\t\tmargin-left: 0;\n\t\t\t}\n\t\t\t\/* see gallery_shortcode() in wp-includes\/media.php *\/\n\t\t<\/style>\n\t\t<div data-carousel-extra='{&quot;blog_id&quot;:1,&quot;permalink&quot;:&quot;https:\/\/paulinenaue.info\/index.php\/kirchengruft-wagenitz-restauriert\/&quot;}' id='gallery-1' class='gallery galleryid-415303 gallery-columns-3 gallery-size-thumbnail'><dl class='gallery-item'>\n\t\t\t<dt class='gallery-icon landscape'>\n\t\t\t\t<a data-rel=\"iLightbox[postimages]\" data-title=\"15 Gruft Wagenitz-min\" data-caption=\"\" href='https:\/\/paulinenaue.info\/index.php\/kirchengruft-wagenitz-restauriert\/15-gruft-wagenitz-min\/'><img decoding=\"async\" width=\"150\" height=\"150\" src=\"https:\/\/paulinenaue.info\/wp-content\/uploads\/2023\/10\/15-Gruft-Wagenitz-min-150x150.jpg\" class=\"attachment-thumbnail size-thumbnail lazyload\" alt=\"\" srcset=\"data:image\/svg+xml,%3Csvg%20xmlns%3D%27http%3A%2F%2Fwww.w3.org%2F2000%2Fsvg%27%20width%3D%272560%27%20height%3D%271439%27%20viewBox%3D%270%200%202560%201439%27%3E%3Crect%20width%3D%272560%27%20height%3D%271439%27%20fill-opacity%3D%220%22%2F%3E%3C%2Fsvg%3E\" data-orig-src=\"https:\/\/paulinenaue.info\/wp-content\/uploads\/2023\/10\/15-Gruft-Wagenitz-min-150x150.jpg\" data-srcset=\"https:\/\/paulinenaue.info\/wp-content\/uploads\/2023\/10\/15-Gruft-Wagenitz-min-66x66.jpg 66w, https:\/\/paulinenaue.info\/wp-content\/uploads\/2023\/10\/15-Gruft-Wagenitz-min-150x150.jpg 150w\" data-sizes=\"auto\" data-attachment-id=\"415311\" data-permalink=\"https:\/\/paulinenaue.info\/index.php\/kirchengruft-wagenitz-restauriert\/15-gruft-wagenitz-min\/\" data-orig-file=\"https:\/\/paulinenaue.info\/wp-content\/uploads\/2023\/10\/15-Gruft-Wagenitz-min-scaled.jpg\" data-orig-size=\"2560,1439\" data-comments-opened=\"1\" data-image-meta=\"{&quot;aperture&quot;:&quot;0&quot;,&quot;credit&quot;:&quot;&quot;,&quot;camera&quot;:&quot;&quot;,&quot;caption&quot;:&quot;&quot;,&quot;created_timestamp&quot;:&quot;0&quot;,&quot;copyright&quot;:&quot;&quot;,&quot;focal_length&quot;:&quot;0&quot;,&quot;iso&quot;:&quot;0&quot;,&quot;shutter_speed&quot;:&quot;0&quot;,&quot;title&quot;:&quot;&quot;,&quot;orientation&quot;:&quot;0&quot;}\" data-image-title=\"15 Gruft Wagenitz-min\" data-image-description=\"\" data-image-caption=\"\" data-large-file=\"https:\/\/paulinenaue.info\/wp-content\/uploads\/2023\/10\/15-Gruft-Wagenitz-min-1024x575.jpg\" \/><\/a>\n\t\t\t<\/dt><\/dl><dl class='gallery-item'>\n\t\t\t<dt class='gallery-icon landscape'>\n\t\t\t\t<a data-rel=\"iLightbox[postimages]\" data-title=\"14 in der Gruft Wagenitz-min\" data-caption=\"\" href='https:\/\/paulinenaue.info\/index.php\/kirchengruft-wagenitz-restauriert\/14-in-der-gruft-wagenitz-min\/'><img decoding=\"async\" width=\"150\" height=\"150\" src=\"https:\/\/paulinenaue.info\/wp-content\/uploads\/2023\/10\/14-in-der-Gruft-Wagenitz-min-150x150.jpg\" class=\"attachment-thumbnail size-thumbnail lazyload\" alt=\"\" srcset=\"data:image\/svg+xml,%3Csvg%20xmlns%3D%27http%3A%2F%2Fwww.w3.org%2F2000%2Fsvg%27%20width%3D%272560%27%20height%3D%271439%27%20viewBox%3D%270%200%202560%201439%27%3E%3Crect%20width%3D%272560%27%20height%3D%271439%27%20fill-opacity%3D%220%22%2F%3E%3C%2Fsvg%3E\" data-orig-src=\"https:\/\/paulinenaue.info\/wp-content\/uploads\/2023\/10\/14-in-der-Gruft-Wagenitz-min-150x150.jpg\" data-srcset=\"https:\/\/paulinenaue.info\/wp-content\/uploads\/2023\/10\/14-in-der-Gruft-Wagenitz-min-66x66.jpg 66w, https:\/\/paulinenaue.info\/wp-content\/uploads\/2023\/10\/14-in-der-Gruft-Wagenitz-min-150x150.jpg 150w\" data-sizes=\"auto\" data-attachment-id=\"415310\" data-permalink=\"https:\/\/paulinenaue.info\/index.php\/kirchengruft-wagenitz-restauriert\/14-in-der-gruft-wagenitz-min\/\" data-orig-file=\"https:\/\/paulinenaue.info\/wp-content\/uploads\/2023\/10\/14-in-der-Gruft-Wagenitz-min-scaled.jpg\" data-orig-size=\"2560,1439\" data-comments-opened=\"1\" data-image-meta=\"{&quot;aperture&quot;:&quot;0&quot;,&quot;credit&quot;:&quot;&quot;,&quot;camera&quot;:&quot;&quot;,&quot;caption&quot;:&quot;&quot;,&quot;created_timestamp&quot;:&quot;0&quot;,&quot;copyright&quot;:&quot;&quot;,&quot;focal_length&quot;:&quot;0&quot;,&quot;iso&quot;:&quot;0&quot;,&quot;shutter_speed&quot;:&quot;0&quot;,&quot;title&quot;:&quot;&quot;,&quot;orientation&quot;:&quot;0&quot;}\" data-image-title=\"14 in der Gruft Wagenitz-min\" data-image-description=\"\" data-image-caption=\"\" data-large-file=\"https:\/\/paulinenaue.info\/wp-content\/uploads\/2023\/10\/14-in-der-Gruft-Wagenitz-min-1024x575.jpg\" \/><\/a>\n\t\t\t<\/dt><\/dl><dl class='gallery-item'>\n\t\t\t<dt class='gallery-icon landscape'>\n\t\t\t\t<a data-rel=\"iLightbox[postimages]\" data-title=\"08 Landrat R. Lewandowski-min\" data-caption=\"\" href='https:\/\/paulinenaue.info\/index.php\/kirchengruft-wagenitz-restauriert\/08-landrat-r-lewandowski-min\/'><img decoding=\"async\" width=\"150\" height=\"150\" src=\"https:\/\/paulinenaue.info\/wp-content\/uploads\/2023\/10\/08-Landrat-R.-Lewandowski-min-150x150.jpg\" class=\"attachment-thumbnail size-thumbnail lazyload\" alt=\"\" srcset=\"data:image\/svg+xml,%3Csvg%20xmlns%3D%27http%3A%2F%2Fwww.w3.org%2F2000%2Fsvg%27%20width%3D%272560%27%20height%3D%271439%27%20viewBox%3D%270%200%202560%201439%27%3E%3Crect%20width%3D%272560%27%20height%3D%271439%27%20fill-opacity%3D%220%22%2F%3E%3C%2Fsvg%3E\" data-orig-src=\"https:\/\/paulinenaue.info\/wp-content\/uploads\/2023\/10\/08-Landrat-R.-Lewandowski-min-150x150.jpg\" data-srcset=\"https:\/\/paulinenaue.info\/wp-content\/uploads\/2023\/10\/08-Landrat-R.-Lewandowski-min-66x66.jpg 66w, https:\/\/paulinenaue.info\/wp-content\/uploads\/2023\/10\/08-Landrat-R.-Lewandowski-min-150x150.jpg 150w\" data-sizes=\"auto\" data-attachment-id=\"415309\" data-permalink=\"https:\/\/paulinenaue.info\/index.php\/kirchengruft-wagenitz-restauriert\/08-landrat-r-lewandowski-min\/\" data-orig-file=\"https:\/\/paulinenaue.info\/wp-content\/uploads\/2023\/10\/08-Landrat-R.-Lewandowski-min-scaled.jpg\" data-orig-size=\"2560,1439\" data-comments-opened=\"1\" data-image-meta=\"{&quot;aperture&quot;:&quot;0&quot;,&quot;credit&quot;:&quot;&quot;,&quot;camera&quot;:&quot;&quot;,&quot;caption&quot;:&quot;&quot;,&quot;created_timestamp&quot;:&quot;0&quot;,&quot;copyright&quot;:&quot;&quot;,&quot;focal_length&quot;:&quot;0&quot;,&quot;iso&quot;:&quot;0&quot;,&quot;shutter_speed&quot;:&quot;0&quot;,&quot;title&quot;:&quot;&quot;,&quot;orientation&quot;:&quot;0&quot;}\" data-image-title=\"08 Landrat R. Lewandowski-min\" data-image-description=\"\" data-image-caption=\"\" data-large-file=\"https:\/\/paulinenaue.info\/wp-content\/uploads\/2023\/10\/08-Landrat-R.-Lewandowski-min-1024x575.jpg\" \/><\/a>\n\t\t\t<\/dt><\/dl><br style=\"clear: both\" \/>\n\t\t<\/div>\n\n<p>&nbsp;<\/p>\n","protected":false},"excerpt":{"rendered":"<p>Pressemitteilung Gruft in historischer Dorfkirche restauriert Ostdeutsche Sparkassenstiftung und Mittelbrandenburgische [&hellip;]<\/p>\n","protected":false},"author":3,"featured_media":415304,"comment_status":"open","ping_status":"open","sticky":false,"template":"","format":"standard","meta":{"_acf_changed":false,"_price":"","_stock":"","_tribe_ticket_header":"","_tribe_default_ticket_provider":"","_tribe_ticket_capacity":"0","_ticket_start_date":"","_ticket_end_date":"","_tribe_ticket_show_description":"","_tribe_ticket_show_not_going":false,"_tribe_ticket_use_global_stock":"","_tribe_ticket_global_stock_level":"","_global_stock_mode":"","_global_stock_cap":"","_tribe_rsvp_for_event":"","_tribe_ticket_going_count":"","_tribe_ticket_not_going_count":"","_tribe_tickets_list":"[]","_tribe_ticket_has_attendee_info_fields":false,"jetpack_post_was_ever_published":false,"_jetpack_newsletter_access":"","_jetpack_dont_email_post_to_subs":false,"_jetpack_newsletter_tier_id":0,"_jetpack_memberships_contains_paywalled_content":false,"_jetpack_memberships_contains_paid_content":false,"footnotes":"","jetpack_publicize_message":"","jetpack_publicize_feature_enabled":true,"jetpack_social_post_already_shared":true,"jetpack_social_options":{"image_generator_settings":{"template":"highway","default_image_id":0,"font":"","enabled":false},"version":2}},"categories":[26],"tags":[509,27,149],"class_list":["post-415303","post","type-post","status-publish","format-standard","has-post-thumbnail","hentry","category-kirche","tag-gruft","tag-kirche","tag-wagenitz"],"acf":[],"yoast_head":"<!-- This site is optimized with the Yoast SEO plugin v27.5 - https:\/\/yoast.com\/product\/yoast-seo-wordpress\/ -->\n<title>Kirchengruft Wagenitz restauriert - Paulinenaue<\/title>\n<meta name=\"robots\" content=\"index, follow, max-snippet:-1, max-image-preview:large, max-video-preview:-1\" \/>\n<link rel=\"canonical\" href=\"https:\/\/paulinenaue.info\/index.php\/kirchengruft-wagenitz-restauriert\/\" \/>\n<meta property=\"og:locale\" content=\"de_DE\" \/>\n<meta property=\"og:type\" content=\"article\" \/>\n<meta property=\"og:title\" content=\"Kirchengruft Wagenitz restauriert - Paulinenaue\" \/>\n<meta property=\"og:description\" content=\"Pressemitteilung Gruft in historischer Dorfkirche restauriert Ostdeutsche Sparkassenstiftung und Mittelbrandenburgische [&hellip;]\" \/>\n<meta property=\"og:url\" content=\"https:\/\/paulinenaue.info\/index.php\/kirchengruft-wagenitz-restauriert\/\" \/>\n<meta property=\"og:site_name\" content=\"Paulinenaue\" \/>\n<meta property=\"article:published_time\" content=\"2023-10-14T11:00:48+00:00\" \/>\n<meta property=\"article:modified_time\" content=\"2023-10-21T08:54:07+00:00\" \/>\n<meta property=\"og:image\" content=\"https:\/\/paulinenaue.info\/wp-content\/uploads\/2023\/10\/2023-10-14-PM-Gruft-in-historischer-Dorfkirche-restauriert-Familie-von-Bredow-im-Havelland-1024x768.png\" \/>\n\t<meta property=\"og:image:width\" content=\"1024\" \/>\n\t<meta property=\"og:image:height\" content=\"768\" \/>\n\t<meta property=\"og:image:type\" content=\"image\/png\" \/>\n<meta name=\"author\" content=\"Sarah\" \/>\n<meta name=\"twitter:card\" content=\"summary_large_image\" \/>\n<meta name=\"twitter:label1\" content=\"Verfasst von\" \/>\n\t<meta name=\"twitter:data1\" content=\"Sarah\" \/>\n\t<meta name=\"twitter:label2\" content=\"Gesch\u00e4tzte Lesezeit\" \/>\n\t<meta name=\"twitter:data2\" content=\"3\u00a0Minuten\" \/>\n<script type=\"application\/ld+json\" class=\"yoast-schema-graph\">{\"@context\":\"https:\\\/\\\/schema.org\",\"@graph\":[{\"@type\":\"Article\",\"@id\":\"https:\\\/\\\/paulinenaue.info\\\/index.php\\\/kirchengruft-wagenitz-restauriert\\\/#article\",\"isPartOf\":{\"@id\":\"https:\\\/\\\/paulinenaue.info\\\/index.php\\\/kirchengruft-wagenitz-restauriert\\\/\"},\"author\":{\"name\":\"Sarah\",\"@id\":\"https:\\\/\\\/paulinenaue.info\\\/#\\\/schema\\\/person\\\/e5be566a57b5b3f65d2c65a58c42325e\"},\"headline\":\"Kirchengruft Wagenitz restauriert\",\"datePublished\":\"2023-10-14T11:00:48+00:00\",\"dateModified\":\"2023-10-21T08:54:07+00:00\",\"mainEntityOfPage\":{\"@id\":\"https:\\\/\\\/paulinenaue.info\\\/index.php\\\/kirchengruft-wagenitz-restauriert\\\/\"},\"wordCount\":423,\"commentCount\":0,\"image\":{\"@id\":\"https:\\\/\\\/paulinenaue.info\\\/index.php\\\/kirchengruft-wagenitz-restauriert\\\/#primaryimage\"},\"thumbnailUrl\":\"https:\\\/\\\/paulinenaue.info\\\/wp-content\\\/uploads\\\/2023\\\/10\\\/2023-10-14-PM-Gruft-in-historischer-Dorfkirche-restauriert-Familie-von-Bredow-im-Havelland.png\",\"keywords\":[\"Gruft\",\"Kirche\",\"Wagenitz\"],\"articleSection\":[\"Kirche\"],\"inLanguage\":\"de\",\"potentialAction\":[{\"@type\":\"CommentAction\",\"name\":\"Comment\",\"target\":[\"https:\\\/\\\/paulinenaue.info\\\/index.php\\\/kirchengruft-wagenitz-restauriert\\\/#respond\"]}]},{\"@type\":\"WebPage\",\"@id\":\"https:\\\/\\\/paulinenaue.info\\\/index.php\\\/kirchengruft-wagenitz-restauriert\\\/\",\"url\":\"https:\\\/\\\/paulinenaue.info\\\/index.php\\\/kirchengruft-wagenitz-restauriert\\\/\",\"name\":\"Kirchengruft Wagenitz restauriert - Paulinenaue\",\"isPartOf\":{\"@id\":\"https:\\\/\\\/paulinenaue.info\\\/#website\"},\"primaryImageOfPage\":{\"@id\":\"https:\\\/\\\/paulinenaue.info\\\/index.php\\\/kirchengruft-wagenitz-restauriert\\\/#primaryimage\"},\"image\":{\"@id\":\"https:\\\/\\\/paulinenaue.info\\\/index.php\\\/kirchengruft-wagenitz-restauriert\\\/#primaryimage\"},\"thumbnailUrl\":\"https:\\\/\\\/paulinenaue.info\\\/wp-content\\\/uploads\\\/2023\\\/10\\\/2023-10-14-PM-Gruft-in-historischer-Dorfkirche-restauriert-Familie-von-Bredow-im-Havelland.png\",\"datePublished\":\"2023-10-14T11:00:48+00:00\",\"dateModified\":\"2023-10-21T08:54:07+00:00\",\"author\":{\"@id\":\"https:\\\/\\\/paulinenaue.info\\\/#\\\/schema\\\/person\\\/e5be566a57b5b3f65d2c65a58c42325e\"},\"breadcrumb\":{\"@id\":\"https:\\\/\\\/paulinenaue.info\\\/index.php\\\/kirchengruft-wagenitz-restauriert\\\/#breadcrumb\"},\"inLanguage\":\"de\",\"potentialAction\":[{\"@type\":\"ReadAction\",\"target\":[\"https:\\\/\\\/paulinenaue.info\\\/index.php\\\/kirchengruft-wagenitz-restauriert\\\/\"]}]},{\"@type\":\"ImageObject\",\"inLanguage\":\"de\",\"@id\":\"https:\\\/\\\/paulinenaue.info\\\/index.php\\\/kirchengruft-wagenitz-restauriert\\\/#primaryimage\",\"url\":\"https:\\\/\\\/paulinenaue.info\\\/wp-content\\\/uploads\\\/2023\\\/10\\\/2023-10-14-PM-Gruft-in-historischer-Dorfkirche-restauriert-Familie-von-Bredow-im-Havelland.png\",\"contentUrl\":\"https:\\\/\\\/paulinenaue.info\\\/wp-content\\\/uploads\\\/2023\\\/10\\\/2023-10-14-PM-Gruft-in-historischer-Dorfkirche-restauriert-Familie-von-Bredow-im-Havelland.png\",\"width\":1388,\"height\":1041},{\"@type\":\"BreadcrumbList\",\"@id\":\"https:\\\/\\\/paulinenaue.info\\\/index.php\\\/kirchengruft-wagenitz-restauriert\\\/#breadcrumb\",\"itemListElement\":[{\"@type\":\"ListItem\",\"position\":1,\"name\":\"Home\",\"item\":\"https:\\\/\\\/paulinenaue.info\\\/\"},{\"@type\":\"ListItem\",\"position\":2,\"name\":\"Kirchengruft Wagenitz restauriert\"}]},{\"@type\":\"WebSite\",\"@id\":\"https:\\\/\\\/paulinenaue.info\\\/#website\",\"url\":\"https:\\\/\\\/paulinenaue.info\\\/\",\"name\":\"Paulinenaue\",\"description\":\"Ein Dorf im Havelland\",\"potentialAction\":[{\"@type\":\"SearchAction\",\"target\":{\"@type\":\"EntryPoint\",\"urlTemplate\":\"https:\\\/\\\/paulinenaue.info\\\/?s={search_term_string}\"},\"query-input\":{\"@type\":\"PropertyValueSpecification\",\"valueRequired\":true,\"valueName\":\"search_term_string\"}}],\"inLanguage\":\"de\"},{\"@type\":\"Person\",\"@id\":\"https:\\\/\\\/paulinenaue.info\\\/#\\\/schema\\\/person\\\/e5be566a57b5b3f65d2c65a58c42325e\",\"name\":\"Sarah\",\"url\":\"https:\\\/\\\/paulinenaue.info\\\/index.php\\\/author\\\/sarah\\\/\"}]}<\/script>\n<!-- \/ Yoast SEO plugin. -->","yoast_head_json":{"title":"Kirchengruft Wagenitz restauriert - Paulinenaue","robots":{"index":"index","follow":"follow","max-snippet":"max-snippet:-1","max-image-preview":"max-image-preview:large","max-video-preview":"max-video-preview:-1"},"canonical":"https:\/\/paulinenaue.info\/index.php\/kirchengruft-wagenitz-restauriert\/","og_locale":"de_DE","og_type":"article","og_title":"Kirchengruft Wagenitz restauriert - Paulinenaue","og_description":"Pressemitteilung Gruft in historischer Dorfkirche restauriert Ostdeutsche Sparkassenstiftung und Mittelbrandenburgische [&hellip;]","og_url":"https:\/\/paulinenaue.info\/index.php\/kirchengruft-wagenitz-restauriert\/","og_site_name":"Paulinenaue","article_published_time":"2023-10-14T11:00:48+00:00","article_modified_time":"2023-10-21T08:54:07+00:00","og_image":[{"width":1024,"height":768,"url":"https:\/\/paulinenaue.info\/wp-content\/uploads\/2023\/10\/2023-10-14-PM-Gruft-in-historischer-Dorfkirche-restauriert-Familie-von-Bredow-im-Havelland-1024x768.png","type":"image\/png"}],"author":"Sarah","twitter_card":"summary_large_image","twitter_misc":{"Verfasst von":"Sarah","Gesch\u00e4tzte Lesezeit":"3\u00a0Minuten"},"schema":{"@context":"https:\/\/schema.org","@graph":[{"@type":"Article","@id":"https:\/\/paulinenaue.info\/index.php\/kirchengruft-wagenitz-restauriert\/#article","isPartOf":{"@id":"https:\/\/paulinenaue.info\/index.php\/kirchengruft-wagenitz-restauriert\/"},"author":{"name":"Sarah","@id":"https:\/\/paulinenaue.info\/#\/schema\/person\/e5be566a57b5b3f65d2c65a58c42325e"},"headline":"Kirchengruft Wagenitz restauriert","datePublished":"2023-10-14T11:00:48+00:00","dateModified":"2023-10-21T08:54:07+00:00","mainEntityOfPage":{"@id":"https:\/\/paulinenaue.info\/index.php\/kirchengruft-wagenitz-restauriert\/"},"wordCount":423,"commentCount":0,"image":{"@id":"https:\/\/paulinenaue.info\/index.php\/kirchengruft-wagenitz-restauriert\/#primaryimage"},"thumbnailUrl":"https:\/\/paulinenaue.info\/wp-content\/uploads\/2023\/10\/2023-10-14-PM-Gruft-in-historischer-Dorfkirche-restauriert-Familie-von-Bredow-im-Havelland.png","keywords":["Gruft","Kirche","Wagenitz"],"articleSection":["Kirche"],"inLanguage":"de","potentialAction":[{"@type":"CommentAction","name":"Comment","target":["https:\/\/paulinenaue.info\/index.php\/kirchengruft-wagenitz-restauriert\/#respond"]}]},{"@type":"WebPage","@id":"https:\/\/paulinenaue.info\/index.php\/kirchengruft-wagenitz-restauriert\/","url":"https:\/\/paulinenaue.info\/index.php\/kirchengruft-wagenitz-restauriert\/","name":"Kirchengruft Wagenitz restauriert - Paulinenaue","isPartOf":{"@id":"https:\/\/paulinenaue.info\/#website"},"primaryImageOfPage":{"@id":"https:\/\/paulinenaue.info\/index.php\/kirchengruft-wagenitz-restauriert\/#primaryimage"},"image":{"@id":"https:\/\/paulinenaue.info\/index.php\/kirchengruft-wagenitz-restauriert\/#primaryimage"},"thumbnailUrl":"https:\/\/paulinenaue.info\/wp-content\/uploads\/2023\/10\/2023-10-14-PM-Gruft-in-historischer-Dorfkirche-restauriert-Familie-von-Bredow-im-Havelland.png","datePublished":"2023-10-14T11:00:48+00:00","dateModified":"2023-10-21T08:54:07+00:00","author":{"@id":"https:\/\/paulinenaue.info\/#\/schema\/person\/e5be566a57b5b3f65d2c65a58c42325e"},"breadcrumb":{"@id":"https:\/\/paulinenaue.info\/index.php\/kirchengruft-wagenitz-restauriert\/#breadcrumb"},"inLanguage":"de","potentialAction":[{"@type":"ReadAction","target":["https:\/\/paulinenaue.info\/index.php\/kirchengruft-wagenitz-restauriert\/"]}]},{"@type":"ImageObject","inLanguage":"de","@id":"https:\/\/paulinenaue.info\/index.php\/kirchengruft-wagenitz-restauriert\/#primaryimage","url":"https:\/\/paulinenaue.info\/wp-content\/uploads\/2023\/10\/2023-10-14-PM-Gruft-in-historischer-Dorfkirche-restauriert-Familie-von-Bredow-im-Havelland.png","contentUrl":"https:\/\/paulinenaue.info\/wp-content\/uploads\/2023\/10\/2023-10-14-PM-Gruft-in-historischer-Dorfkirche-restauriert-Familie-von-Bredow-im-Havelland.png","width":1388,"height":1041},{"@type":"BreadcrumbList","@id":"https:\/\/paulinenaue.info\/index.php\/kirchengruft-wagenitz-restauriert\/#breadcrumb","itemListElement":[{"@type":"ListItem","position":1,"name":"Home","item":"https:\/\/paulinenaue.info\/"},{"@type":"ListItem","position":2,"name":"Kirchengruft Wagenitz restauriert"}]},{"@type":"WebSite","@id":"https:\/\/paulinenaue.info\/#website","url":"https:\/\/paulinenaue.info\/","name":"Paulinenaue","description":"Ein Dorf im Havelland","potentialAction":[{"@type":"SearchAction","target":{"@type":"EntryPoint","urlTemplate":"https:\/\/paulinenaue.info\/?s={search_term_string}"},"query-input":{"@type":"PropertyValueSpecification","valueRequired":true,"valueName":"search_term_string"}}],"inLanguage":"de"},{"@type":"Person","@id":"https:\/\/paulinenaue.info\/#\/schema\/person\/e5be566a57b5b3f65d2c65a58c42325e","name":"Sarah","url":"https:\/\/paulinenaue.info\/index.php\/author\/sarah\/"}]}},"jetpack_publicize_connections":[],"jetpack_featured_media_url":"https:\/\/paulinenaue.info\/wp-content\/uploads\/2023\/10\/2023-10-14-PM-Gruft-in-historischer-Dorfkirche-restauriert-Familie-von-Bredow-im-Havelland.png","jetpack_sharing_enabled":true,"jetpack_shortlink":"https:\/\/wp.me\/pcYhWA-1K2r","jetpack-related-posts":[{"id":1166,"url":"https:\/\/paulinenaue.info\/index.php\/paulinenaues-nachbarn\/","url_meta":{"origin":415303,"position":0},"title":"Paulinenaues Nachbarn","author":"Sarah","date":"21. Juni 2017","format":false,"excerpt":"29.11.2005 Nach der Novemberumfrage im Fotoforum k\u00f6nnte man vermuten, dass Wagenitzer unter den Besuchern unserer Interetseite reichlich vertreten sind. Oder sollte Wagenitz wirklich so sch\u00f6n sein? Ein Fototoermin an einem der letzten sonnigen Herbstwochenenden ergab das folgende Portrait der wichtigsten Nachbarorte Paulinenaues und eine interessante Verteilung von engagiertem Auschwung und\u2026","rel":"","context":"In &quot;Allgemein&quot;","block_context":{"text":"Allgemein","link":"https:\/\/paulinenaue.info\/index.php\/category\/allgemein\/"},"img":{"alt_text":"Umfrage im Fotoforum vom 20.10. bis 21.11.2005 mit 47 Stimmen.","src":"https:\/\/i0.wp.com\/paulinenaue.info\/wp-content\/uploads\/2017\/06\/200511_nachbarorte.jpg?resize=350%2C200","width":350,"height":200},"classes":[]},{"id":418004,"url":"https:\/\/paulinenaue.info\/index.php\/kirchsanierung-paulinenaue\/","url_meta":{"origin":415303,"position":1},"title":"Das n\u00e4chste Mal in zwei Generationen:\u00a0Paulinenaue feiert Kirchsanierung","author":"Joachim Scholz","date":"2. Juni 2025","format":false,"excerpt":"Lange im Vorfeld war der Termin f\u00fcr das Kirchenfest am 1. Juni festgelegt worden. Je n\u00e4her er heranr\u00fcckte, desto emsiger liefen die Vorbereitungen. Pfarrer Michael Jurk wollte nichts dem Zufall \u00fcberlassen, denn der Anlass war so selten wie sch\u00f6n: Gefeiert wurde der Abschluss der Sanierung der Paulinenauer Dorfkirche. Die letzten\u2026","rel":"","context":"In &quot;Allgemein&quot;","block_context":{"text":"Allgemein","link":"https:\/\/paulinenaue.info\/index.php\/category\/allgemein\/"},"img":{"alt_text":"","src":"https:\/\/i0.wp.com\/paulinenaue.info\/wp-content\/uploads\/2025\/06\/DSC07228.jpeg?resize=350%2C200&ssl=1","width":350,"height":200,"srcset":"https:\/\/i0.wp.com\/paulinenaue.info\/wp-content\/uploads\/2025\/06\/DSC07228.jpeg?resize=350%2C200&ssl=1 1x, https:\/\/i0.wp.com\/paulinenaue.info\/wp-content\/uploads\/2025\/06\/DSC07228.jpeg?resize=525%2C300&ssl=1 1.5x, https:\/\/i0.wp.com\/paulinenaue.info\/wp-content\/uploads\/2025\/06\/DSC07228.jpeg?resize=700%2C400&ssl=1 2x"},"classes":[]},{"id":184284,"url":"https:\/\/paulinenaue.info\/index.php\/kirche-wird-saniert-und-multifunktional-nutzbar\/","url_meta":{"origin":415303,"position":2},"title":"Kirche wird saniert und multifunktional nutzbar","author":"Joachim Scholz","date":"29. Mai 2022","format":false,"excerpt":"von Andreas Flender, ehrenamtlicher Mitarbeiter und Bauverantwortlicher der evangelischen Kirchengemeinde In der Paulinenauer Kirche soll demn\u00e4chst ein Dorftreff entstehen. Es gibt daf\u00fcr Interesse von Vereinen, die bisher keine eigenen R\u00e4ume haben. Denkbar ist, dass der Kulturverein oder das Gemeinschaftswerk Soziale Dienste den Treff nutzen wird. Die Notfallseelsorge m\u00f6chte dort Gruppenabende\u2026","rel":"","context":"In &quot;Allgemein&quot;","block_context":{"text":"Allgemein","link":"https:\/\/paulinenaue.info\/index.php\/category\/allgemein\/"},"img":{"alt_text":"","src":"https:\/\/i0.wp.com\/paulinenaue.info\/wp-content\/uploads\/2022\/05\/2022-05-28-Paulinenaue-Kirche.jpg?resize=350%2C200&ssl=1","width":350,"height":200,"srcset":"https:\/\/i0.wp.com\/paulinenaue.info\/wp-content\/uploads\/2022\/05\/2022-05-28-Paulinenaue-Kirche.jpg?resize=350%2C200&ssl=1 1x, https:\/\/i0.wp.com\/paulinenaue.info\/wp-content\/uploads\/2022\/05\/2022-05-28-Paulinenaue-Kirche.jpg?resize=525%2C300&ssl=1 1.5x, https:\/\/i0.wp.com\/paulinenaue.info\/wp-content\/uploads\/2022\/05\/2022-05-28-Paulinenaue-Kirche.jpg?resize=700%2C400&ssl=1 2x"},"classes":[]},{"id":415047,"url":"https:\/\/paulinenaue.info\/index.php\/die-sanierung-der-paulinenauer-dorfkirche-beginnt\/","url_meta":{"origin":415303,"position":3},"title":"Die Sanierung der Paulinenauer Dorfkirche beginnt","author":"Joachim Scholz","date":"16. M\u00e4rz 2023","format":false,"excerpt":"Etwa ein Menschenleben ist vergangen, seit die Paulinenauer in ihrem Dorf eine neue Kirche erhielten. Nun ist nach genau 90 Jahren die Zeit f\u00fcr eine gr\u00fcndliche Erneuerung des Geb\u00e4udes gekommen. Andreas Flender gibt f\u00fcr unsere Website Auskunft dar\u00fcber, was in Sachen Kirchsanierung in der n\u00e4chsten Zeit geschieht: Zuna\u0308chst werden verschiedene\u2026","rel":"","context":"In &quot;Allgemein&quot;","block_context":{"text":"Allgemein","link":"https:\/\/paulinenaue.info\/index.php\/category\/allgemein\/"},"img":{"alt_text":"","src":"https:\/\/i0.wp.com\/paulinenaue.info\/wp-content\/uploads\/2023\/03\/2023-03-15-Kirche-01.jpeg?resize=350%2C200&ssl=1","width":350,"height":200,"srcset":"https:\/\/i0.wp.com\/paulinenaue.info\/wp-content\/uploads\/2023\/03\/2023-03-15-Kirche-01.jpeg?resize=350%2C200&ssl=1 1x, https:\/\/i0.wp.com\/paulinenaue.info\/wp-content\/uploads\/2023\/03\/2023-03-15-Kirche-01.jpeg?resize=525%2C300&ssl=1 1.5x, https:\/\/i0.wp.com\/paulinenaue.info\/wp-content\/uploads\/2023\/03\/2023-03-15-Kirche-01.jpeg?resize=700%2C400&ssl=1 2x"},"classes":[]},{"id":2410,"url":"https:\/\/paulinenaue.info\/index.php\/eine-arbeit-ueber-den-ehemaligen-kuhstall-auf-dem-gutshof-von-paulinenaue\/","url_meta":{"origin":415303,"position":4},"title":"Eine Arbeit \u00fcber den ehemaligen Kuhstall auf dem Gutshof von Paulinenaue","author":"Sarah","date":"12. September 2018","format":false,"excerpt":"Als Student\/in lernt man sie bald kennen: schriftliche Hausarbeiten, mit denen\u00a0man grunds\u00e4tzlich zu sp\u00e4t anf\u00e4ngt und dann Unmengen an Zeit verliert. Mit dem Ergebnis erbringt man einen Leistungsnachweis, danach verstaubt die Arbeit meist im Regal. Eigentlich schade, wenn man bedenkt, welche Arbeit darin steckt. Nat\u00fcrlich kann die ganze Sache auch\u2026","rel":"","context":"In &quot;Allgemein&quot;","block_context":{"text":"Allgemein","link":"https:\/\/paulinenaue.info\/index.php\/category\/allgemein\/"},"img":{"alt_text":"","src":"https:\/\/i0.wp.com\/paulinenaue.info\/wp-content\/uploads\/2018\/09\/2000-10-14-Joachim-Scholz-Gutshof-02.jpg?resize=350%2C200&ssl=1","width":350,"height":200,"srcset":"https:\/\/i0.wp.com\/paulinenaue.info\/wp-content\/uploads\/2018\/09\/2000-10-14-Joachim-Scholz-Gutshof-02.jpg?resize=350%2C200&ssl=1 1x, https:\/\/i0.wp.com\/paulinenaue.info\/wp-content\/uploads\/2018\/09\/2000-10-14-Joachim-Scholz-Gutshof-02.jpg?resize=525%2C300&ssl=1 1.5x, https:\/\/i0.wp.com\/paulinenaue.info\/wp-content\/uploads\/2018\/09\/2000-10-14-Joachim-Scholz-Gutshof-02.jpg?resize=700%2C400&ssl=1 2x, https:\/\/i0.wp.com\/paulinenaue.info\/wp-content\/uploads\/2018\/09\/2000-10-14-Joachim-Scholz-Gutshof-02.jpg?resize=1050%2C600&ssl=1 3x, https:\/\/i0.wp.com\/paulinenaue.info\/wp-content\/uploads\/2018\/09\/2000-10-14-Joachim-Scholz-Gutshof-02.jpg?resize=1400%2C800&ssl=1 4x"},"classes":[]},{"id":419452,"url":"https:\/\/paulinenaue.info\/index.php\/havellaendische-ehrenamtsmedaille-fuer-erich-ball\/","url_meta":{"origin":415303,"position":5},"title":"Havell\u00e4ndische Ehrenamtsmedaille f\u00fcr Erich Ball","author":"Eckhard Vierjahn","date":"25. April 2026","format":false,"excerpt":"Am 17. April 2026 zeichnete Landrat Roger Lewandowski auf Schloss Ribbeck 43 M\u00e4nner und Frauen f\u00fcr ihr ehrenamtliches Engagement aus. Zu den Geehrten Im Bereich Heimat, Gemeinschaft und Politik geh\u00f6rt der Selbelanger Erich Ball. Als die Frage aufkam, wer aus Paulinenaue f\u00fcr sein besonderes und langj\u00e4hriges Engagement im Ehrenamt ausgezeichnet\u2026","rel":"","context":"In &quot;Ehrenamt&quot;","block_context":{"text":"Ehrenamt","link":"https:\/\/paulinenaue.info\/index.php\/category\/ehrenamt\/"},"img":{"alt_text":"","src":"https:\/\/i0.wp.com\/paulinenaue.info\/wp-content\/uploads\/2026\/04\/Ball_E-Website-1.jpg?resize=350%2C200&ssl=1","width":350,"height":200,"srcset":"https:\/\/i0.wp.com\/paulinenaue.info\/wp-content\/uploads\/2026\/04\/Ball_E-Website-1.jpg?resize=350%2C200&ssl=1 1x, https:\/\/i0.wp.com\/paulinenaue.info\/wp-content\/uploads\/2026\/04\/Ball_E-Website-1.jpg?resize=525%2C300&ssl=1 1.5x, https:\/\/i0.wp.com\/paulinenaue.info\/wp-content\/uploads\/2026\/04\/Ball_E-Website-1.jpg?resize=700%2C400&ssl=1 2x, https:\/\/i0.wp.com\/paulinenaue.info\/wp-content\/uploads\/2026\/04\/Ball_E-Website-1.jpg?resize=1050%2C600&ssl=1 3x"},"classes":[]}],"_links":{"self":[{"href":"https:\/\/paulinenaue.info\/index.php\/wp-json\/wp\/v2\/posts\/415303","targetHints":{"allow":["GET"]}}],"collection":[{"href":"https:\/\/paulinenaue.info\/index.php\/wp-json\/wp\/v2\/posts"}],"about":[{"href":"https:\/\/paulinenaue.info\/index.php\/wp-json\/wp\/v2\/types\/post"}],"author":[{"embeddable":true,"href":"https:\/\/paulinenaue.info\/index.php\/wp-json\/wp\/v2\/users\/3"}],"replies":[{"embeddable":true,"href":"https:\/\/paulinenaue.info\/index.php\/wp-json\/wp\/v2\/comments?post=415303"}],"version-history":[{"count":4,"href":"https:\/\/paulinenaue.info\/index.php\/wp-json\/wp\/v2\/posts\/415303\/revisions"}],"predecessor-version":[{"id":415312,"href":"https:\/\/paulinenaue.info\/index.php\/wp-json\/wp\/v2\/posts\/415303\/revisions\/415312"}],"wp:featuredmedia":[{"embeddable":true,"href":"https:\/\/paulinenaue.info\/index.php\/wp-json\/wp\/v2\/media\/415304"}],"wp:attachment":[{"href":"https:\/\/paulinenaue.info\/index.php\/wp-json\/wp\/v2\/media?parent=415303"}],"wp:term":[{"taxonomy":"category","embeddable":true,"href":"https:\/\/paulinenaue.info\/index.php\/wp-json\/wp\/v2\/categories?post=415303"},{"taxonomy":"post_tag","embeddable":true,"href":"https:\/\/paulinenaue.info\/index.php\/wp-json\/wp\/v2\/tags?post=415303"}],"curies":[{"name":"wp","href":"https:\/\/api.w.org\/{rel}","templated":true}]}}