{"id":415440,"date":"2023-12-09T00:47:12","date_gmt":"2023-12-08T23:47:12","guid":{"rendered":"https:\/\/paulinenaue.info\/?p=415440"},"modified":"2023-12-09T11:29:18","modified_gmt":"2023-12-09T10:29:18","slug":"einhundert-jahre-ptsv-1923-eine-chronik","status":"publish","type":"post","link":"https:\/\/paulinenaue.info\/index.php\/einhundert-jahre-ptsv-1923-eine-chronik\/","title":{"rendered":"Einhundert Jahre PTSV 1923 \u2013 eine Chronik"},"content":{"rendered":"<div class=\"fusion-fullwidth fullwidth-box fusion-builder-row-1 fusion-flex-container nonhundred-percent-fullwidth non-hundred-percent-height-scrolling\" style=\"--awb-border-radius-top-left:0px;--awb-border-radius-top-right:0px;--awb-border-radius-bottom-right:0px;--awb-border-radius-bottom-left:0px;\" ><div class=\"fusion-builder-row fusion-row fusion-flex-align-items-flex-start\" style=\"max-width:1248px;margin-left: calc(-4% \/ 2 );margin-right: calc(-4% \/ 2 );\"><div class=\"fusion-layout-column fusion_builder_column fusion-builder-column-0 fusion_builder_column_1_1 1_1 fusion-flex-column\" style=\"--awb-bg-blend:overlay;--awb-bg-size:cover;--awb-width-large:100%;--awb-margin-top-large:0px;--awb-spacing-right-large:1.92%;--awb-margin-bottom-large:0px;--awb-spacing-left-large:1.92%;--awb-width-medium:100%;--awb-spacing-right-medium:1.92%;--awb-spacing-left-medium:1.92%;--awb-width-small:100%;--awb-spacing-right-small:1.92%;--awb-spacing-left-small:1.92%;\"><div class=\"fusion-column-wrapper fusion-flex-justify-content-flex-start fusion-content-layout-column\"><div class=\"fusion-text fusion-text-1\"><h3>Rede des Vereinsvorsitzenden Detlef Wacker am 25. November 2023 anl\u00e4sslich des 100. Gr\u00fcndungsjubil\u00e4ums des Paulinenauer Turn- und Sportvereins im Gasthaus \u201eApne 3\u201c<\/h3>\n<div id=\"attachment_415457\" style=\"width: 611px\" class=\"wp-caption alignnone\"><a href=\"https:\/\/paulinenaue.info\/wp-content\/uploads\/2023\/12\/2023-11-25-Apne-3-100-Jahre-PTSV-02.jpeg\"><img decoding=\"async\" aria-describedby=\"caption-attachment-415457\" data-attachment-id=\"415457\" data-permalink=\"https:\/\/paulinenaue.info\/index.php\/einhundert-jahre-ptsv-1923-eine-chronik\/2023-11-25-apne-3-100-jahre-ptsv-02\/\" data-orig-file=\"https:\/\/paulinenaue.info\/wp-content\/uploads\/2023\/12\/2023-11-25-Apne-3-100-Jahre-PTSV-02.jpeg\" data-orig-size=\"1000,667\" data-comments-opened=\"1\" data-image-meta=\"{&quot;aperture&quot;:&quot;2.8&quot;,&quot;credit&quot;:&quot;&quot;,&quot;camera&quot;:&quot;DSC-RX10&quot;,&quot;caption&quot;:&quot;&quot;,&quot;created_timestamp&quot;:&quot;1700924056&quot;,&quot;copyright&quot;:&quot;&quot;,&quot;focal_length&quot;:&quot;25.23&quot;,&quot;iso&quot;:&quot;1600&quot;,&quot;shutter_speed&quot;:&quot;0.125&quot;,&quot;title&quot;:&quot;&quot;,&quot;orientation&quot;:&quot;0&quot;}\" data-image-title=\"2023-11-25, Apne 3, 100 Jahre PTSV, 02\" data-image-description=\"\" data-image-caption=\"&lt;p&gt;Detlef Wacker bei seiner Rede zum 100. Geburtstag des Paulinenauer Turn- und Sportvereins. Foto: Joachim Scholz 2023&lt;\/p&gt;\n\" data-large-file=\"https:\/\/paulinenaue.info\/wp-content\/uploads\/2023\/12\/2023-11-25-Apne-3-100-Jahre-PTSV-02.jpeg\" class=\"lazyload  wp-image-415457\" src=\"https:\/\/paulinenaue.info\/wp-content\/uploads\/2023\/12\/2023-11-25-Apne-3-100-Jahre-PTSV-02.jpeg\" data-orig-src=\"https:\/\/paulinenaue.info\/wp-content\/uploads\/2023\/12\/2023-11-25-Apne-3-100-Jahre-PTSV-02.jpeg\" alt=\"\" width=\"601\" height=\"401\" srcset=\"data:image\/svg+xml,%3Csvg%20xmlns%3D%27http%3A%2F%2Fwww.w3.org%2F2000%2Fsvg%27%20width%3D%27601%27%20height%3D%27401%27%20viewBox%3D%270%200%20601%20401%27%3E%3Crect%20width%3D%27601%27%20height%3D%27401%27%20fill-opacity%3D%220%22%2F%3E%3C%2Fsvg%3E\" data-srcset=\"https:\/\/paulinenaue.info\/wp-content\/uploads\/2023\/12\/2023-11-25-Apne-3-100-Jahre-PTSV-02-200x133.jpeg 200w, https:\/\/paulinenaue.info\/wp-content\/uploads\/2023\/12\/2023-11-25-Apne-3-100-Jahre-PTSV-02-300x200.jpeg 300w, https:\/\/paulinenaue.info\/wp-content\/uploads\/2023\/12\/2023-11-25-Apne-3-100-Jahre-PTSV-02-400x267.jpeg 400w, https:\/\/paulinenaue.info\/wp-content\/uploads\/2023\/12\/2023-11-25-Apne-3-100-Jahre-PTSV-02-600x400.jpeg 600w, https:\/\/paulinenaue.info\/wp-content\/uploads\/2023\/12\/2023-11-25-Apne-3-100-Jahre-PTSV-02-768x512.jpeg 768w, https:\/\/paulinenaue.info\/wp-content\/uploads\/2023\/12\/2023-11-25-Apne-3-100-Jahre-PTSV-02-800x534.jpeg 800w, https:\/\/paulinenaue.info\/wp-content\/uploads\/2023\/12\/2023-11-25-Apne-3-100-Jahre-PTSV-02.jpeg 1000w\" data-sizes=\"auto\" data-orig-sizes=\"(max-width: 601px) 100vw, 601px\" \/><\/a><p id=\"caption-attachment-415457\" class=\"wp-caption-text\"><em>Detlef Wacker bei seiner Rede zum 100. Geburtstag des Paulinenauer Turn- und Sportvereins. Foto: J. Scholz 2023<\/em><\/p><\/div>\n<h4>Zur Vorgeschichte<\/h4>\n<p>Viele werden sich fragen, warum treffen wir uns heute an einem Samstagnachmittag in einem indischen Restaurant, um das 100. Jubil\u00e4um des Paulinenauer TSV zu begehen. Lassen sie mich daher mehr als 100 Jahre zur\u00fcckschauen.<\/p>\n<p>Paulinenaue war ein kleines Vorwerk und seit 1833 im Besitz derer von Knoblauch zu Pessin. Mit dem Aufkommen der Eisenbahn ist auch Paulinenaue erwacht. Am 15.12.1846 wurde die Strecke Berlin-Hamburg in Betrieb genommen. W\u00e4hrend Herr Ribbeck auf Ribbeck und Herr von Erxleben in Selbelang nicht bereit waren, der Eisenbahngesellschaft beim Bau der Strecke entgegenzukommen, sah das Herr von Knoblauch pragmatischer. F\u00fcr seine Einwilligung, der Eisenbahnverwaltung entgegenzukommen, erhielt Paulinenaue einen Haltepunkt an der Strecke. Zu dieser Zeit z\u00e4hlte Paulinenaue 118 Einwohner. Am 12.09.1880 wurde die Strecke nach Neuruppin er\u00f6ffnet und am 02.04.1900 erfolgte die Er\u00f6ffnung der Strecke nach Rathenow, der damaligen Kreisstadt des Westhavellandes. Somit wurde Paulinenaue zu einem kleinen Eisenbahnknotenpunkt unweit von Berlin. Das Dorf wuchs weiter und hatte 1895 214 Einwohner. Zum gro\u00dfen Teil waren es Eisenbahnbeamte. Die Einwohnerzahl sollte sich bis 1931 auf 516 erh\u00f6hen.<\/p>\n<p>1914 verkaufte der in Geldschwierigkeiten geratene Herr von Knoblauch das Gut Paulinenaue an den Grundst\u00fccksmakler Staro\u00dfte, der es wiederum 1917 an die zur Havell\u00e4ndische Siedlungsgesellschaft geh\u00f6rende Ritterschaftsbank verkaufte.<\/p>\n<p>Zur gleichen Zeit kam es in Essen zu einem Streit zwischen den Br\u00fcdern Karl und Johannes Goldschmidt. Hans Goldschmidt war Chemiker und hatte 1894 das Thermitverbundschwei\u00dfen entwickelt, ein bis heute qualitativ un\u00fcbertroffenes Standardverfahren f\u00fcr die Verschwei\u00dfung von Eisen- und Stra\u00dfenbahnschienen, das weltweit zur Anwendung kommt. Nach dem Zerw\u00fcrfnis mit seinem Bruder Karl kehrte er 1918 nach Berlin zur\u00fcck und erwarb von der Ritterschaftsbank diverse Grundst\u00fccke in Paulinenaue. Gut angelegtes Geld, denn die Inflation, die 1923 ihren H\u00f6hepunkt hatte, zeichnete sich ab. Paulinenaue besa\u00df neben den Grundst\u00fccken auch eine gute Bahninfrastruktur. Mit der Bahn sind es nach Berlin nur knapp 50 km. All dies mag Prof. Goldschmid bewegt haben, neben seiner Forschungst\u00e4tigkeit auch Gutsbesitzer in Paulinenaue zu werden. 1918\/19 richtete er in der Ruppiner Stra\u00dfe 9 eine Werkstatt f\u00fcr die Weiterentwicklung seines patentierten Schwei\u00dfverfahrens ein.<\/p>\n<p>Die Werkstatt bestand aus einer Schwei\u00dferei und einer Tischlerei. Dort waren 12-15 Arbeiter besch\u00e4ftigt. Au\u00dfer zu Schwei\u00dfverfahren forschte Professor Goldschmidt auch in einer G\u00e4rtnerei unweit seiner Schwei\u00dfwerkstatt. Untersucht wurde die Wirkung der Begasung auf das Pflanzenwachstum im Gew\u00e4chshaus. Dazu wurden verschiedene chemische Substanzen verbrannt und die Abgase durch ein Rohrsystem in das Gew\u00e4chshaus geleitet. \u00dcber die Versuchsergebnisse ist leider nichts bekannt, aber man kann sagen, dass Prof. Goldschmidt eine erste Grundlage f\u00fcr den sp\u00e4teren Forschungsstandort Paulinenaue gelegt hat.<\/p>\n<p>W\u00e4hrend einer Kur in Baden Baden verstarb Prof. Goldschmidt am 21. Mai 1923 im Alter von 62 Jahren. Die Beerdigung fand am 26. Mai 1923 in Paulinenaue statt. Die Grabrede hielt der sp\u00e4tere Nobelpreistr\u00e4ger Otto Hahn. Prof. Goldschmidt wurde kurze Zeit sp\u00e4ter nach Berlin umgebettet. Sein Besitz in Paulinenaue wurde nach und nach aufgel\u00f6st und verkauft.<\/p>\n<h4>Die Gr\u00fcndung des PTSV und seine Geschichte bis zum Ende des Zweiten Weltkriegs<\/h4>\n<p>Goldschmidts Arbeiter und ihre Familien, die durchweg aus Berlin stammten, blieben in Paulinenaue. Da sie in ihrer Freizeit gerne Sport trieben, regten sie die Gr\u00fcndung eines Sportvereins an. Zwei von ihnen, Edmund Engelbrecht und Erich Horst, geh\u00f6rten zu dessen Gr\u00fcndern und Edmund Engelbrecht wurde zum Vorsitzenden gew\u00e4hlt. Die Gr\u00fcndungsversammlung fand am 25.11.1923 im damaligen Gasthaus \u201eZu den drei Landkreisen\u201c statt \u2013 also an dieser Stelle, an der wir uns heute nach 100 Jahren wieder versammelt haben, um das Jubil\u00e4um zu feiern. Dem neu gegr\u00fcndeten Paulinenauer Turn- und Sportverein geh\u00f6rten etwa 20 Mitglieder an, die sich in den drei Sportarten Fu\u00dfball, Faustball und Leichtathletik sportlich bet\u00e4tigten.<\/p>\n<p>Der erste \u00dcbungsplatz entstand hinter dem Gutspark, dort wo heute die H\u00e4user R\u00fcbensam bis Waydbrink in der Stra\u00dfe \u201eUnter den Eichen\u201c stehen. 1926 bestritten die Faustballer mit einer Juniorenmannschaft (18-21 Jahre) ihre ersten Punktspiele. Gegner waren vornehmlich Berliner Mannschaften (Spandauer Ballspielklub, Spandauer Sportverein, Berliner Taubstummen 06, Berolina). Der Punktspielbetrieb der Faustballer wurde aber bald eingestellt und es wurden nur noch Freundschaftsspiele ausgetragen. Dagegen wurde Leichtathletik durchg\u00e4ngig betrieben. Unter der Leitung des Berliner Meisters im Diskus und Steinsto\u00dfen Grabowski konnten bei Wettk\u00e4mpfen in Vietznitz, Friesack, Haage, Berge und Paulinenaue gute Ergebnisse erzielt werden. Erfolgreiche Sportler dieser Zeit waren unter anderem Oskar Huth, Martin Kr\u00fcger, Heinrich Kunkel, Willi Bewer, Willi Beker, Ewald Dazinnes, Otto Quast, Heinz Dannenberg und Karl Krys. Den \u00c4lteren werden diese Namen noch etwas sagen.<\/p>\n<div id=\"attachment_415459\" style=\"width: 406px\" class=\"wp-caption alignnone\"><a href=\"https:\/\/paulinenaue.info\/wp-content\/uploads\/2023\/12\/1926-Turner-PTSV.jpeg\"><img decoding=\"async\" aria-describedby=\"caption-attachment-415459\" data-attachment-id=\"415459\" data-permalink=\"https:\/\/paulinenaue.info\/index.php\/einhundert-jahre-ptsv-1923-eine-chronik\/turner-des-ptsv\/\" data-orig-file=\"https:\/\/paulinenaue.info\/wp-content\/uploads\/2023\/12\/1926-Turner-PTSV.jpeg\" data-orig-size=\"660,1000\" data-comments-opened=\"1\" data-image-meta=\"{&quot;aperture&quot;:&quot;0&quot;,&quot;credit&quot;:&quot;&quot;,&quot;camera&quot;:&quot;&quot;,&quot;caption&quot;:&quot;&quot;,&quot;created_timestamp&quot;:&quot;-1374238800&quot;,&quot;copyright&quot;:&quot;&quot;,&quot;focal_length&quot;:&quot;0&quot;,&quot;iso&quot;:&quot;0&quot;,&quot;shutter_speed&quot;:&quot;0&quot;,&quot;title&quot;:&quot;Turner des PTSV&quot;,&quot;orientation&quot;:&quot;0&quot;}\" data-image-title=\"Turner des PTSV\" data-image-description=\"&lt;p&gt;Turner des PTSV, rechts Martin Kr\u00fcger. Foto: Archiv Paulinenauer Kulturverein e.V.&lt;\/p&gt;\n\" data-image-caption=\"&lt;p&gt;Turner des PTSV, rechts Martin Kr\u00fcger. Archiv Paulinenauer Kulturverein e.V.&lt;\/p&gt;\n\" data-large-file=\"https:\/\/paulinenaue.info\/wp-content\/uploads\/2023\/12\/1926-Turner-PTSV.jpeg\" class=\"lazyload  wp-image-415459\" src=\"https:\/\/paulinenaue.info\/wp-content\/uploads\/2023\/12\/1926-Turner-PTSV.jpeg\" data-orig-src=\"https:\/\/paulinenaue.info\/wp-content\/uploads\/2023\/12\/1926-Turner-PTSV.jpeg\" alt=\"\" width=\"396\" height=\"600\" srcset=\"data:image\/svg+xml,%3Csvg%20xmlns%3D%27http%3A%2F%2Fwww.w3.org%2F2000%2Fsvg%27%20width%3D%27396%27%20height%3D%27600%27%20viewBox%3D%270%200%20396%20600%27%3E%3Crect%20width%3D%27396%27%20height%3D%27600%27%20fill-opacity%3D%220%22%2F%3E%3C%2Fsvg%3E\" data-srcset=\"https:\/\/paulinenaue.info\/wp-content\/uploads\/2023\/12\/1926-Turner-PTSV-198x300.jpeg 198w, https:\/\/paulinenaue.info\/wp-content\/uploads\/2023\/12\/1926-Turner-PTSV-200x303.jpeg 200w, https:\/\/paulinenaue.info\/wp-content\/uploads\/2023\/12\/1926-Turner-PTSV-400x606.jpeg 400w, https:\/\/paulinenaue.info\/wp-content\/uploads\/2023\/12\/1926-Turner-PTSV-600x909.jpeg 600w, https:\/\/paulinenaue.info\/wp-content\/uploads\/2023\/12\/1926-Turner-PTSV.jpeg 660w\" data-sizes=\"auto\" data-orig-sizes=\"(max-width: 396px) 100vw, 396px\" \/><\/a><p id=\"caption-attachment-415459\" class=\"wp-caption-text\"><em>Turner des PTSV 1926, rechts Martin Kr\u00fcger. Foto: Archiv Paulinenauer Kulturverein e.V.<\/em><\/p><\/div>\n<p>1930 begann unter Leitung des neuen Vorsitzenden Johannes Schr\u00f6der, dem ,Maler- Hannes\u2018, der Bau des Sportplatzes am Lindholz. Unter Mitwirkung der Sportler und mit viel Aufwand wurde der Platz mit Spaten und Schaufel eingeebnet. Pferdefuhrwerke wurden organisiert, um die Senken mit Sand auff\u00fcllen zu k\u00f6nnen. Damals entstand auch bereits eine Umkleidekabine, die sich seitlich des Platzes in H\u00f6he der heutigen Wechselkabinen befand. Die Punktspiele der Paulinenauer Fu\u00dfballer begannen in der 2. Bezirksklasse des Verbandes Brandenburgischer Ballspielvereine (VBB). Am Ende der Serie hatte die Mannschaft ein Torverh\u00e4ltnis von 106:6 Toren und stieg in die 1. Bezirksklasse auf, in der sie Meister wurde.<\/p>\n<p>Mit der Mach\u00fcbernahme der Nationalsozialisten 1933 wurden die sieben Regionalverb\u00e4nde aufgel\u00f6st und durch ,Fu\u00dfballgaue\u2018 ersetzt. Anstelle des VBB trat der Gau Berlin-Brandenburg mit der Gauliga Berlin-Brandenburg als h\u00f6chste Spielklasse. Die Paulinenauer spielten in der 1. Kreisklasse unter anderem gegen zwei Mannschaften aus der Stadt Brandenburg sowie gegen Mannschaften aus Wittstock, Rathenow, Wittenberge, Neuruppin, Wusterhausen und Nauen. Als Schiedsrichter fungierten in dieser Zeit Karl Krys und Helmut Wolf, beide auch noch nach dem Krieg. 1935 wurden nur noch sieben Punktspiele absolviert.<\/p>\n<p>Mit Verk\u00fcndung der Wehrpflicht 1935 zerfiel die Mannschaft und der darauffolgende Krieg t\u00f6tete manch guten Spieler. Unter Leitung von Karl Krys wurde im Jahr 1940 eine Sch\u00fclermannschaft gegr\u00fcndet. Sie spielte im Kreis Rathenow unter anderem mit den Spielern Bruno Czerniak, Karl Weirauch, Werner Kusch und Gottlieb Geisler und wurde dort Schulmeister. Auch diese Mannschaft musste bald aufgel\u00f6st werden, da viele Spieler noch zum Kriegsdienst eingezogen worden sind. Der Sport in Paulinenaue kam in dieser Zeit zum Erliegen.<\/p>\n<h4>Die Nachkriegszeit<\/h4>\n<p>Nach dem Krieg im Jahr 1946 sammelten die Sportfreunde Helmut Quandt, Gerhard Giese und Martin Kr\u00fcger die sportlich interessierten B\u00fcrger um sich und bildeten die Sportgemeinschaft \u201eTraktor\u201c. Nach und nach kamen die M\u00e4nner, die den Krieg \u00fcberlebt hatten, aus der Gefangenschaft zur\u00fcck. Fl\u00fcchtlinge aus den ehemaligen Ostgebieten lie\u00dfen sich in Paulinenaue nieder und so konnte, neben einer Frauenhandballmannschaft, die Feldhandball spielte, eine M\u00e4nnermannschaft im Fu\u00dfball f\u00fcr den Spielbetrieb angemeldet werden. Gegner in dieser Zeit waren Friesack, Rhinow, Hohennauen, G\u00fclpe, Nennhausen und M\u00f6gelin. Spieler dieser Mannschaft waren unter anderem Karl Weirauch, Gottlieb Gei\u00dfler, Gerhard Giese, Martin Kr\u00fcger, Kurt Dera, Heinz Borchmann und Bruno Czerniak. Ihr Vorsitzender war bis 1954 Gerhard Giese, gleichzeitig B\u00fcrgermeister in Paulinenaue.<\/p>\n<p><div id=\"attachment_415466\" style=\"width: 611px\" class=\"wp-caption alignnone\"><a href=\"https:\/\/paulinenaue.info\/wp-content\/uploads\/2023\/12\/1953-Sportplatzeroeffnung-durch-Mitscherlich.jpg\"><img decoding=\"async\" aria-describedby=\"caption-attachment-415466\" data-attachment-id=\"415466\" data-permalink=\"https:\/\/paulinenaue.info\/index.php\/einhundert-jahre-ptsv-1923-eine-chronik\/1953-sportplatzeroeffnung-durch-mitscherlich\/\" data-orig-file=\"https:\/\/paulinenaue.info\/wp-content\/uploads\/2023\/12\/1953-Sportplatzeroeffnung-durch-Mitscherlich.jpg\" data-orig-size=\"1707,1120\" data-comments-opened=\"1\" data-image-meta=\"{&quot;aperture&quot;:&quot;0&quot;,&quot;credit&quot;:&quot;&quot;,&quot;camera&quot;:&quot;&quot;,&quot;caption&quot;:&quot;&quot;,&quot;created_timestamp&quot;:&quot;0&quot;,&quot;copyright&quot;:&quot;&quot;,&quot;focal_length&quot;:&quot;0&quot;,&quot;iso&quot;:&quot;0&quot;,&quot;shutter_speed&quot;:&quot;0&quot;,&quot;title&quot;:&quot;&quot;,&quot;orientation&quot;:&quot;1&quot;}\" data-image-title=\"1953, Sportplatzero\u0308ffnung durch Mitscherlich\" data-image-description=\"&lt;p&gt;Einweihung des Sportplatzes am Lindholz durch Prof. Mitscherlich, 1953. PTSV-Archiv&lt;\/p&gt;\n\" data-image-caption=\"&lt;p&gt;Einweihung des Sportplatzes am Lindholz durch Prof. Mitscherlich, 1953. PTSV-Archiv&lt;\/p&gt;\n\" data-large-file=\"https:\/\/paulinenaue.info\/wp-content\/uploads\/2023\/12\/1953-Sportplatzeroeffnung-durch-Mitscherlich-1024x672.jpg\" class=\"lazyload  wp-image-415466\" src=\"https:\/\/paulinenaue.info\/wp-content\/uploads\/2023\/12\/1953-Sportplatzeroeffnung-durch-Mitscherlich.jpg\" data-orig-src=\"https:\/\/paulinenaue.info\/wp-content\/uploads\/2023\/12\/1953-Sportplatzeroeffnung-durch-Mitscherlich.jpg\" alt=\"\" width=\"601\" height=\"394\" srcset=\"data:image\/svg+xml,%3Csvg%20xmlns%3D%27http%3A%2F%2Fwww.w3.org%2F2000%2Fsvg%27%20width%3D%27601%27%20height%3D%27394%27%20viewBox%3D%270%200%20601%20394%27%3E%3Crect%20width%3D%27601%27%20height%3D%27394%27%20fill-opacity%3D%220%22%2F%3E%3C%2Fsvg%3E\" data-srcset=\"https:\/\/paulinenaue.info\/wp-content\/uploads\/2023\/12\/1953-Sportplatzeroeffnung-durch-Mitscherlich-200x131.jpg 200w, https:\/\/paulinenaue.info\/wp-content\/uploads\/2023\/12\/1953-Sportplatzeroeffnung-durch-Mitscherlich-300x197.jpg 300w, https:\/\/paulinenaue.info\/wp-content\/uploads\/2023\/12\/1953-Sportplatzeroeffnung-durch-Mitscherlich-400x262.jpg 400w, https:\/\/paulinenaue.info\/wp-content\/uploads\/2023\/12\/1953-Sportplatzeroeffnung-durch-Mitscherlich-600x394.jpg 600w, https:\/\/paulinenaue.info\/wp-content\/uploads\/2023\/12\/1953-Sportplatzeroeffnung-durch-Mitscherlich-768x504.jpg 768w, https:\/\/paulinenaue.info\/wp-content\/uploads\/2023\/12\/1953-Sportplatzeroeffnung-durch-Mitscherlich-800x525.jpg 800w, https:\/\/paulinenaue.info\/wp-content\/uploads\/2023\/12\/1953-Sportplatzeroeffnung-durch-Mitscherlich-1024x672.jpg 1024w, https:\/\/paulinenaue.info\/wp-content\/uploads\/2023\/12\/1953-Sportplatzeroeffnung-durch-Mitscherlich-1200x787.jpg 1200w, https:\/\/paulinenaue.info\/wp-content\/uploads\/2023\/12\/1953-Sportplatzeroeffnung-durch-Mitscherlich-1536x1008.jpg 1536w, https:\/\/paulinenaue.info\/wp-content\/uploads\/2023\/12\/1953-Sportplatzeroeffnung-durch-Mitscherlich.jpg 1707w\" data-sizes=\"auto\" data-orig-sizes=\"(max-width: 601px) 100vw, 601px\" \/><\/a><p id=\"caption-attachment-415466\" class=\"wp-caption-text\"><em>Einweihung des Sportplatzes am Lindholz durch Prof. Mitscherlich, 1953. PTSV-Archiv.<\/em><\/p><\/div>\n<div id=\"attachment_415464\" style=\"width: 610px\" class=\"wp-caption alignnone\"><a href=\"https:\/\/paulinenaue.info\/wp-content\/uploads\/2023\/12\/1958-05-1958-PTSV-am-Himmelfahrtstag-vor-der-Abfahrt-irgendwohin.jpg\"><img decoding=\"async\" aria-describedby=\"caption-attachment-415464\" data-attachment-id=\"415464\" data-permalink=\"https:\/\/paulinenaue.info\/index.php\/einhundert-jahre-ptsv-1923-eine-chronik\/1958-05-1958-ptsv-am-himmelfahrtstag-vor-der-abfahrt-irgendwohin\/\" data-orig-file=\"https:\/\/paulinenaue.info\/wp-content\/uploads\/2023\/12\/1958-05-1958-PTSV-am-Himmelfahrtstag-vor-der-Abfahrt-irgendwohin.jpg\" data-orig-size=\"1000,617\" data-comments-opened=\"1\" data-image-meta=\"{&quot;aperture&quot;:&quot;0&quot;,&quot;credit&quot;:&quot;&quot;,&quot;camera&quot;:&quot;&quot;,&quot;caption&quot;:&quot;&quot;,&quot;created_timestamp&quot;:&quot;0&quot;,&quot;copyright&quot;:&quot;&quot;,&quot;focal_length&quot;:&quot;0&quot;,&quot;iso&quot;:&quot;0&quot;,&quot;shutter_speed&quot;:&quot;0&quot;,&quot;title&quot;:&quot;&quot;,&quot;orientation&quot;:&quot;1&quot;}\" data-image-title=\"1958-05-1958, PTSV am Himmelfahrtstag vor der Abfahrt irgendwohin\" data-image-description=\"&lt;p&gt;Der PTSV am Himmelfahrtstag 1958.&lt;\/p&gt;\n\" data-image-caption=\"&lt;p&gt;Der PTSV am Himmelfahrtstag 1958.&lt;\/p&gt;\n\" data-large-file=\"https:\/\/paulinenaue.info\/wp-content\/uploads\/2023\/12\/1958-05-1958-PTSV-am-Himmelfahrtstag-vor-der-Abfahrt-irgendwohin.jpg\" class=\"lazyload  wp-image-415464\" src=\"https:\/\/paulinenaue.info\/wp-content\/uploads\/2023\/12\/1958-05-1958-PTSV-am-Himmelfahrtstag-vor-der-Abfahrt-irgendwohin.jpg\" data-orig-src=\"https:\/\/paulinenaue.info\/wp-content\/uploads\/2023\/12\/1958-05-1958-PTSV-am-Himmelfahrtstag-vor-der-Abfahrt-irgendwohin.jpg\" alt=\"\" width=\"600\" height=\"370\" srcset=\"data:image\/svg+xml,%3Csvg%20xmlns%3D%27http%3A%2F%2Fwww.w3.org%2F2000%2Fsvg%27%20width%3D%27600%27%20height%3D%27370%27%20viewBox%3D%270%200%20600%20370%27%3E%3Crect%20width%3D%27600%27%20height%3D%27370%27%20fill-opacity%3D%220%22%2F%3E%3C%2Fsvg%3E\" data-srcset=\"https:\/\/paulinenaue.info\/wp-content\/uploads\/2023\/12\/1958-05-1958-PTSV-am-Himmelfahrtstag-vor-der-Abfahrt-irgendwohin-200x123.jpg 200w, https:\/\/paulinenaue.info\/wp-content\/uploads\/2023\/12\/1958-05-1958-PTSV-am-Himmelfahrtstag-vor-der-Abfahrt-irgendwohin-300x185.jpg 300w, https:\/\/paulinenaue.info\/wp-content\/uploads\/2023\/12\/1958-05-1958-PTSV-am-Himmelfahrtstag-vor-der-Abfahrt-irgendwohin-400x247.jpg 400w, https:\/\/paulinenaue.info\/wp-content\/uploads\/2023\/12\/1958-05-1958-PTSV-am-Himmelfahrtstag-vor-der-Abfahrt-irgendwohin-600x370.jpg 600w, https:\/\/paulinenaue.info\/wp-content\/uploads\/2023\/12\/1958-05-1958-PTSV-am-Himmelfahrtstag-vor-der-Abfahrt-irgendwohin-768x474.jpg 768w, https:\/\/paulinenaue.info\/wp-content\/uploads\/2023\/12\/1958-05-1958-PTSV-am-Himmelfahrtstag-vor-der-Abfahrt-irgendwohin-800x494.jpg 800w, https:\/\/paulinenaue.info\/wp-content\/uploads\/2023\/12\/1958-05-1958-PTSV-am-Himmelfahrtstag-vor-der-Abfahrt-irgendwohin.jpg 1000w\" data-sizes=\"auto\" data-orig-sizes=\"(max-width: 600px) 100vw, 600px\" \/><\/a><p id=\"caption-attachment-415464\" class=\"wp-caption-text\"><em>Der PTSV am Himmelfahrtstag, Mai 1958. PTSV-Archiv.<\/em><\/p><\/div><\/p>\n<p>Der Sportplatz befand sich im Dorfzentrum an der Ecke Bahnhofstra\u00dfe- Mitscherlich Allee, wo heute der 8 WE-Block steht, gegen\u00fcber dem kleinen Sportplatz. Nach einer kurzen Fusion mit den Friesacker Fu\u00dfballern wurde durch den Zuzug von Mitarbeitern des neugegr\u00fcndeten Institutes wieder eine eigene spielstarke Fu\u00dfballmannschaft aufgestellt. Damals besannen sich die Fu\u00dfballer auch wieder auf ihren Sportplatz am Lindholz. In vielen freiwilligen Arbeitsstunden gingen sie daran, den Platz zu vergr\u00f6\u00dfern und in seiner heutigen Anlage herzurichten. Am 1. Mai 1953 wurde der Platz eingeweiht, Professor Mitscherlich, damals schon 79 Jahre alt und seit dem 1. Juni 1949 Direktor des neugegr\u00fcndeten \u201eInstitutes zur Steigerung der Pflanzenertr\u00e4ge\u201c, f\u00fchrte den Ansto\u00df aus und gab den Ball frei f\u00fcr das Er\u00f6ffnungsspiel zwischen einer Jugendmannschaft aus Paulinenaue und Rathenow. Unter Leitung von Erwin Wienbrack wurde Anfang der 1950er-Jahre au\u00dferdem Pferdesport betrieben. Gemeinsam mit Sportfreunden aus den Nachbarorten fanden Reit- und Fahrturniere statt, zumeist auf der idyllisch gelegenen J\u00e4gerwiese.<\/p>\n<h4>\u201eBSG Wissenschaft\u201c \u2013 Der Paulinenauer Sportverein in der DDR<\/h4>\n<p>Im Jahre 1956 erfolgte die Umbenennung in BSG \u201eWissenschaft\u201c und es begann mit dem Institut als Tr\u00e4gerbetrieb eine neue Etappe in der Entwicklung des Sports in Paulinenaue. Weitere Sportarten wie Volleyball, Schach, Tennis und Frauengymnastik kamen hinzu. Geleitet wurde die Betriebssportgemeinschaft ab 1955 zun\u00e4chst von Heinz Grundmann und nach dessen Tod erneut von Gerhard Giese.<\/p>\n<p>Neben der Fu\u00dfballabteilung gr\u00fcndete sich 1965 die Abteilung Volleyball. Gr\u00fcndungsmitglieder waren Walter Bernebesey, Wolfgang Seyfarth und Klaus M\u00fcller. Zun\u00e4chst einmal mussten Spielm\u00f6glichkeiten geschaffen werden und es begann der Bau von zwei Spielfeldern auf dem Kleinen Sportplatz. Die Qualit\u00e4t der Anlage war so gut, dass ein DDR-Oberligaspiel zwischen dem SC Traktor Schwerin und dem TSC Berlin auf dem kleinen Sportplatz stattfand. Wolfgang Seyfarth und Dieter Thier waren als Organisatoren und Schiedsrichter national und international, unter anderem bei der Volleyball EM in Rostock und dem Frauenl\u00e4nderspiel DDR- USA in Potsdam, aktiv.<\/p>\n<p>Ende der 1960er-Jahre wurde unter Leitung von Hasso Barenthin die Abteilung Tennis gegr\u00fcndet. Der Platz im Park wurde renoviert und eine Prallwand aufgestellt. Nun konnte mit dem Training begonnen werden und eine Jugendmannschaft nahm am Punktspielbetrieb im Bezirk Potsdam teil. Da man nur Ausw\u00e4rtsspiele bestreiten konnte und der Anreiseweg recht aufw\u00e4ndig war, wurde der Punktspielbetrieb bald eingestellt und Tennis in Paulinenaue nur noch als Freizeitsport betrieben.<\/p>\n<div id=\"attachment_415583\" style=\"width: 510px\" class=\"wp-caption alignnone\"><a href=\"https:\/\/paulinenaue.info\/wp-content\/uploads\/2023\/12\/1988-Tennisplatz-im-Park-01.jpg\"><img decoding=\"async\" aria-describedby=\"caption-attachment-415583\" data-attachment-id=\"415583\" data-permalink=\"https:\/\/paulinenaue.info\/index.php\/einhundert-jahre-ptsv-1923-eine-chronik\/1988-tennisplatz-im-park-01\/\" data-orig-file=\"https:\/\/paulinenaue.info\/wp-content\/uploads\/2023\/12\/1988-Tennisplatz-im-Park-01.jpg\" data-orig-size=\"1672,2356\" data-comments-opened=\"1\" data-image-meta=\"{&quot;aperture&quot;:&quot;0&quot;,&quot;credit&quot;:&quot;&quot;,&quot;camera&quot;:&quot;&quot;,&quot;caption&quot;:&quot;&quot;,&quot;created_timestamp&quot;:&quot;0&quot;,&quot;copyright&quot;:&quot;&quot;,&quot;focal_length&quot;:&quot;0&quot;,&quot;iso&quot;:&quot;0&quot;,&quot;shutter_speed&quot;:&quot;0&quot;,&quot;title&quot;:&quot;&quot;,&quot;orientation&quot;:&quot;1&quot;}\" data-image-title=\"1988, Tennisplatz im Park, 01\" data-image-description=\"&lt;p&gt;Der Paulinenauer Tennisplatz im Park von Paulinenaue. Foto: A. Kellner 1988. &lt;\/p&gt;\n\" data-image-caption=\"&lt;p&gt;Der Paulinenauer Tennisplatz im Park von Paulinenaue. Foto: A. Kellner 1988. &lt;\/p&gt;\n\" data-large-file=\"https:\/\/paulinenaue.info\/wp-content\/uploads\/2023\/12\/1988-Tennisplatz-im-Park-01-727x1024.jpg\" class=\"lazyload  wp-image-415583\" src=\"https:\/\/paulinenaue.info\/wp-content\/uploads\/2023\/12\/1988-Tennisplatz-im-Park-01.jpg\" data-orig-src=\"https:\/\/paulinenaue.info\/wp-content\/uploads\/2023\/12\/1988-Tennisplatz-im-Park-01.jpg\" alt=\"\" width=\"500\" height=\"704\" srcset=\"data:image\/svg+xml,%3Csvg%20xmlns%3D%27http%3A%2F%2Fwww.w3.org%2F2000%2Fsvg%27%20width%3D%27500%27%20height%3D%27704%27%20viewBox%3D%270%200%20500%20704%27%3E%3Crect%20width%3D%27500%27%20height%3D%27704%27%20fill-opacity%3D%220%22%2F%3E%3C%2Fsvg%3E\" data-srcset=\"https:\/\/paulinenaue.info\/wp-content\/uploads\/2023\/12\/1988-Tennisplatz-im-Park-01-200x282.jpg 200w, https:\/\/paulinenaue.info\/wp-content\/uploads\/2023\/12\/1988-Tennisplatz-im-Park-01-213x300.jpg 213w, https:\/\/paulinenaue.info\/wp-content\/uploads\/2023\/12\/1988-Tennisplatz-im-Park-01-400x564.jpg 400w, https:\/\/paulinenaue.info\/wp-content\/uploads\/2023\/12\/1988-Tennisplatz-im-Park-01-600x845.jpg 600w, https:\/\/paulinenaue.info\/wp-content\/uploads\/2023\/12\/1988-Tennisplatz-im-Park-01-727x1024.jpg 727w, https:\/\/paulinenaue.info\/wp-content\/uploads\/2023\/12\/1988-Tennisplatz-im-Park-01-768x1082.jpg 768w, https:\/\/paulinenaue.info\/wp-content\/uploads\/2023\/12\/1988-Tennisplatz-im-Park-01-800x1127.jpg 800w, https:\/\/paulinenaue.info\/wp-content\/uploads\/2023\/12\/1988-Tennisplatz-im-Park-01-1090x1536.jpg 1090w, https:\/\/paulinenaue.info\/wp-content\/uploads\/2023\/12\/1988-Tennisplatz-im-Park-01-1200x1691.jpg 1200w, https:\/\/paulinenaue.info\/wp-content\/uploads\/2023\/12\/1988-Tennisplatz-im-Park-01-1453x2048.jpg 1453w, https:\/\/paulinenaue.info\/wp-content\/uploads\/2023\/12\/1988-Tennisplatz-im-Park-01.jpg 1672w\" data-sizes=\"auto\" data-orig-sizes=\"(max-width: 500px) 100vw, 500px\" \/><\/a><p id=\"caption-attachment-415583\" class=\"wp-caption-text\"><em>Der Paulinenauer Tennisplatz im Park von Paulinenaue. Foto: A. Kellner 1988.<\/em><\/p><\/div>\n<p>An dieser Stelle m\u00f6chte ich mich bei Heinz Wellenbrock bedanken, der sich die letzten Jahre um den Erhalt des Tennisplatzes gek\u00fcmmert hat. Heinz, wir konnten dich zu deinem 75. Geburtstag aus dem Vorstand verabschieden, in der Hoffnung, dass du trotzdem immer mal ein Auge auf den Platz wirfst und deinen Nachfolger Sebastian Paech unterst\u00fctzt. Vielleicht gelingt es uns auch, eine Verabredung mit der Gemeinde zu treffen, um diese Sportst\u00e4tte, die nicht viele Gemeinden habe, zu erhalten.<\/p>\n<p>Ebenfalls Anfang der 70er-Jahre wurde durch Erhard Geithner die Abteilung Schach ins Leben gerufen. Viele Kinder des Ortes konnten f\u00fcr diesen Sport begeistert werden. Es gab Turniere im G\u00e4stehaus, dem heutigen Schloss, und im Park unter freien Himmel. Zu dieser Zeit waren die Geschwister Geithner und Holger R\u00fccker erfolgreiche Spieler. \u00dcbertroffen wurden sie in den Achtzigerjahren von Falk Hesse, der mehrfach Kreismeister wurde und regelm\u00e4\u00dfig vordere Pl\u00e4tze bei den Bezirksmeisterschaften belegte. Von 1968 bis 1978 setzte sich Dr. Klaus M\u00fcller als Vorsitzender mit gro\u00dfer Aktivit\u00e4t f\u00fcr die Entwicklung des Sports in der BSG ein.<\/p>\n<p>Zunehmend ging es um die Nachwuchsf\u00f6rderung. In enger Zusammenarbeit mit der Schule wurden \u00fcber den eigentlichen Sportunterricht hinaus interessierte Kinder in gesonderten Trainingsgruppen an den regelm\u00e4\u00dfigen Sportbetrieb in den Sektionen herangef\u00fchrt. Daf\u00fcr engagierten sich erfahrene Sportler der BSG wie Dieter Thier, Dieter Czerniak und Edmund Elke, vor allem aber der Sportlehrer Gerhard Hellwig.<\/p>\n<p>Viele Medaillen von Kinder- und Jugendspartakiaden auf Kreis- und Bezirksebene holten sich die Paulinenauer Sch\u00fcler und Sch\u00fclerinnen. Klaus K\u00f6hler kam 1976 zu Weltmeisterehren im Rudern als Mitglied des Junioren-Achters vom SC Dynamo Berlin. Die Nachwuchsabteilung der Volleyballer wurde unter Leitung von Dieter Thier Trainingsst\u00fctzpunkt f\u00fcr den TSC Berlin und konnte zwei Sportler (Geschwister Timmermann) zum TSC Berlin delegieren.<\/p>\n<p>Auch die Nachwuchsarbeit in der Sektion Fu\u00dfball wurde aktiviert. Das ist besonders das Verdienst von Dieter Czerniak und Dietmar Fehlberg, die Nachwuchsmannschaften gr\u00fcndeten und betreuten. Die gute Nachwuchsarbeit zahlte sich bald aus. Mehrere Paulinenauer Sch\u00fcler und Jugendliche spielten erfolgreich in den Auswahlmannschaften des Kreises. Klaus Sch\u00e4fer und Detlef Wacker gewannen mit ihren Mannschaften Goldmedaillen bei den Bezirksspartakiaden.<\/p>\n<p>Die M\u00e4nnermannschaft spielte im Kreisma\u00dfstab ab 1980 eine immer gr\u00f6\u00dfere Rolle. Hier machte sich die gute Nachwuchsarbeit erstmals auch im M\u00e4nnerbereich bemerkbar. Zu den Leistungstr\u00e4gern der 1. M\u00e4nnermannschaft, wie Dieter Czerniak, Klaus Sch\u00e4fer und Detlef Wacker, r\u00fcckten j\u00fcngere Spieler wie Joachim Wacker, Frank Kriese, Frank Zielsdorf, Holger Elke und Bernd Elke, und so konnte 1982 der Aufstieg in die Bezirksklasse gefeiert werden. Mit dem Zugang vieler j\u00fcngerer Spieler konnte in den Folgejahren auch eine breite Basis aufgebaut werden, so dass ab 1984 zwei M\u00e4nnermannschaften am Punktspielbetreib teilnahmen und eine M\u00e4nnermannschaft die Vorspiele der ersten Mannschaft bestritt.<\/p>\n<p>Im Nachwuchsbereich gab es zu diesem Zeitpunkt eine Sch\u00fclermannschaft der Jahrg\u00e4nge 1971\/72 mit Spielern wie Falk Hesse, Thomas Hanke, Roman Wellbrock, Martin Hermann oder Christian Schaller, die in der Saison 1986\/87 als Jugendmannschaft Kreismeister werden sollten und sich als Juniorenmannschaft 1989 f\u00fcr den ,Junge Welt-Pokal\u2018 des Bezirkes Potsdam qualifizierten. Daneben gab es eine Knabenmannschaft der Jahrg\u00e4nge 1974\/75 mit Spielern wie J\u00f6rg Hesse, Marco Krys, Ricardo Selch, Lars Henning oder Ronny Polanik, die ebenfalls am Punktspielbetrieb teilnahmen. Hinzu kam noch eine Kindermannschaft der Jahrg\u00e4nge 1979\/80 mit Spielern wie Nicky Czerniak, Christian Paelchen, Olaf Niemann, Axel R\u00fcbensam oder Peter Lucke, die sp\u00e4ter in den Wettspielbetrieb einsteigen sollten.<\/p>\n<div class=\"mceTemp\"><\/div>\n<p><div id=\"attachment_415462\" style=\"width: 610px\" class=\"wp-caption alignnone\"><a href=\"https:\/\/paulinenaue.info\/wp-content\/uploads\/2023\/12\/1982-Beim-Bau-der-Paulinenauer-Turnhalle.jpg\"><img decoding=\"async\" aria-describedby=\"caption-attachment-415462\" data-attachment-id=\"415462\" data-permalink=\"https:\/\/paulinenaue.info\/index.php\/einhundert-jahre-ptsv-1923-eine-chronik\/1982-beim-bau-der-paulinenauer-turnhalle\/\" data-orig-file=\"https:\/\/paulinenaue.info\/wp-content\/uploads\/2023\/12\/1982-Beim-Bau-der-Paulinenauer-Turnhalle.jpg\" data-orig-size=\"1000,676\" data-comments-opened=\"1\" data-image-meta=\"{&quot;aperture&quot;:&quot;0&quot;,&quot;credit&quot;:&quot;&quot;,&quot;camera&quot;:&quot;&quot;,&quot;caption&quot;:&quot;&quot;,&quot;created_timestamp&quot;:&quot;0&quot;,&quot;copyright&quot;:&quot;&quot;,&quot;focal_length&quot;:&quot;0&quot;,&quot;iso&quot;:&quot;0&quot;,&quot;shutter_speed&quot;:&quot;0&quot;,&quot;title&quot;:&quot;&quot;,&quot;orientation&quot;:&quot;1&quot;}\" data-image-title=\"1982, Beim Bau der Paulinenauer Turnhalle\" data-image-description=\"&lt;p&gt;Beim Bau der Paulinenauer Turnhalle 1982. Foto: G. Drasch\u00e9.&lt;\/p&gt;\n\" data-image-caption=\"&lt;p&gt;Beim Bau der Paulinenauer Turnhalle 1982. Foto: G. Drasch\u00e9.&lt;\/p&gt;\n\" data-large-file=\"https:\/\/paulinenaue.info\/wp-content\/uploads\/2023\/12\/1982-Beim-Bau-der-Paulinenauer-Turnhalle.jpg\" class=\"lazyload  wp-image-415462\" src=\"https:\/\/paulinenaue.info\/wp-content\/uploads\/2023\/12\/1982-Beim-Bau-der-Paulinenauer-Turnhalle.jpg\" data-orig-src=\"https:\/\/paulinenaue.info\/wp-content\/uploads\/2023\/12\/1982-Beim-Bau-der-Paulinenauer-Turnhalle.jpg\" alt=\"\" width=\"600\" height=\"405\" srcset=\"data:image\/svg+xml,%3Csvg%20xmlns%3D%27http%3A%2F%2Fwww.w3.org%2F2000%2Fsvg%27%20width%3D%27600%27%20height%3D%27405%27%20viewBox%3D%270%200%20600%20405%27%3E%3Crect%20width%3D%27600%27%20height%3D%27405%27%20fill-opacity%3D%220%22%2F%3E%3C%2Fsvg%3E\" data-srcset=\"https:\/\/paulinenaue.info\/wp-content\/uploads\/2023\/12\/1982-Beim-Bau-der-Paulinenauer-Turnhalle-200x135.jpg 200w, https:\/\/paulinenaue.info\/wp-content\/uploads\/2023\/12\/1982-Beim-Bau-der-Paulinenauer-Turnhalle-300x203.jpg 300w, https:\/\/paulinenaue.info\/wp-content\/uploads\/2023\/12\/1982-Beim-Bau-der-Paulinenauer-Turnhalle-400x270.jpg 400w, https:\/\/paulinenaue.info\/wp-content\/uploads\/2023\/12\/1982-Beim-Bau-der-Paulinenauer-Turnhalle-600x406.jpg 600w, https:\/\/paulinenaue.info\/wp-content\/uploads\/2023\/12\/1982-Beim-Bau-der-Paulinenauer-Turnhalle-768x519.jpg 768w, https:\/\/paulinenaue.info\/wp-content\/uploads\/2023\/12\/1982-Beim-Bau-der-Paulinenauer-Turnhalle-800x541.jpg 800w, https:\/\/paulinenaue.info\/wp-content\/uploads\/2023\/12\/1982-Beim-Bau-der-Paulinenauer-Turnhalle.jpg 1000w\" data-sizes=\"auto\" data-orig-sizes=\"(max-width: 600px) 100vw, 600px\" \/><\/a><p id=\"caption-attachment-415462\" class=\"wp-caption-text\"><em>Beim Bau der Paulinenauer Turnhalle 1981. Foto: G. Drasch\u00e9.<\/em><\/p><\/div>\n<div id=\"attachment_415537\" style=\"width: 610px\" class=\"wp-caption alignnone\"><a href=\"https:\/\/paulinenaue.info\/wp-content\/uploads\/2023\/12\/1982-01-23-Eroeffnung-Turnhalle-01.jpg\"><img decoding=\"async\" aria-describedby=\"caption-attachment-415537\" data-attachment-id=\"415537\" data-permalink=\"https:\/\/paulinenaue.info\/index.php\/einhundert-jahre-ptsv-1923-eine-chronik\/1982-01-23-eroeffnung-turnhalle-01\/\" data-orig-file=\"https:\/\/paulinenaue.info\/wp-content\/uploads\/2023\/12\/1982-01-23-Eroeffnung-Turnhalle-01.jpg\" data-orig-size=\"1000,655\" data-comments-opened=\"1\" data-image-meta=\"{&quot;aperture&quot;:&quot;0&quot;,&quot;credit&quot;:&quot;&quot;,&quot;camera&quot;:&quot;&quot;,&quot;caption&quot;:&quot;&quot;,&quot;created_timestamp&quot;:&quot;0&quot;,&quot;copyright&quot;:&quot;&quot;,&quot;focal_length&quot;:&quot;0&quot;,&quot;iso&quot;:&quot;0&quot;,&quot;shutter_speed&quot;:&quot;0&quot;,&quot;title&quot;:&quot;&quot;,&quot;orientation&quot;:&quot;1&quot;}\" data-image-title=\"1982-01-23, Ero\u0308ffnung Turnhalle, 01\" data-image-description=\"&lt;p&gt;\u00dcbergabe der Turnhalle an die Gemeinde durch Dr. Klaus M\u00fcller, den Vorsitzenden des Paulinenauer Sportvereins.&lt;\/p&gt;\n\" data-image-caption=\"&lt;p&gt;\u00dcbergabe der Turnhalle an die Gemeinde durch Dr. Klaus M\u00fcller, den Vorsitzenden des Paulinenauer Sportvereins. Foto: G. Drasch\u00e9.&lt;\/p&gt;\n\" data-large-file=\"https:\/\/paulinenaue.info\/wp-content\/uploads\/2023\/12\/1982-01-23-Eroeffnung-Turnhalle-01.jpg\" class=\"lazyload size-fusion-600 wp-image-415537\" src=\"https:\/\/paulinenaue.info\/wp-content\/uploads\/2023\/12\/1982-01-23-Eroeffnung-Turnhalle-01-600x393.jpg\" data-orig-src=\"https:\/\/paulinenaue.info\/wp-content\/uploads\/2023\/12\/1982-01-23-Eroeffnung-Turnhalle-01-600x393.jpg\" alt=\"\" width=\"600\" height=\"393\" srcset=\"data:image\/svg+xml,%3Csvg%20xmlns%3D%27http%3A%2F%2Fwww.w3.org%2F2000%2Fsvg%27%20width%3D%27600%27%20height%3D%27393%27%20viewBox%3D%270%200%20600%20393%27%3E%3Crect%20width%3D%27600%27%20height%3D%27393%27%20fill-opacity%3D%220%22%2F%3E%3C%2Fsvg%3E\" data-srcset=\"https:\/\/paulinenaue.info\/wp-content\/uploads\/2023\/12\/1982-01-23-Eroeffnung-Turnhalle-01-200x131.jpg 200w, https:\/\/paulinenaue.info\/wp-content\/uploads\/2023\/12\/1982-01-23-Eroeffnung-Turnhalle-01-300x197.jpg 300w, https:\/\/paulinenaue.info\/wp-content\/uploads\/2023\/12\/1982-01-23-Eroeffnung-Turnhalle-01-400x262.jpg 400w, https:\/\/paulinenaue.info\/wp-content\/uploads\/2023\/12\/1982-01-23-Eroeffnung-Turnhalle-01-600x393.jpg 600w, https:\/\/paulinenaue.info\/wp-content\/uploads\/2023\/12\/1982-01-23-Eroeffnung-Turnhalle-01-768x503.jpg 768w, https:\/\/paulinenaue.info\/wp-content\/uploads\/2023\/12\/1982-01-23-Eroeffnung-Turnhalle-01-800x524.jpg 800w, https:\/\/paulinenaue.info\/wp-content\/uploads\/2023\/12\/1982-01-23-Eroeffnung-Turnhalle-01.jpg 1000w\" data-sizes=\"auto\" data-orig-sizes=\"(max-width: 600px) 100vw, 600px\" \/><\/a><p id=\"caption-attachment-415537\" class=\"wp-caption-text\"><em>\u00dcbergabe der Turnhalle an die Gemeinde durch Dr. Klaus M\u00fcller, den Vorsitzenden des Paulinenauer Sportvereins. Foto: G. Drasch\u00e9.<\/em><\/p><\/div><\/p>\n<p>In Vorbereitung auf die Saison 1982\/83 wurde durch die Fu\u00dfballer auch das Sportlerheim am Sportplatz am Lindholz erstmals erweitert und renoviert. Viele freiwillige Aufbaustunden wurden f\u00fcr die Errichtung, Rekonstruktion und Erhaltung der Sportanlagen geleistet. Absoluter H\u00f6hepunkt war der Aufbau der Sporthalle mit den Au\u00dfenanlagen als Initiativbau 1980\/81. Bis dahin hatte der Schulsport im Saal der Gastst\u00e4tte stattgefunden. Am 23.01.1982 erfolgte nach zweij\u00e4hriger Bauzeit die \u00dcbergabe an die zuk\u00fcnftigen Nutzer, an die Schule und die Sportgemeinschaft. Am Bau leisteten rund 450 Einwohner einschlie\u00dflich der Sch\u00fcler etwa 7800 freiwillige Aufbaustunden und die Betriebe des Territoriums beteiligten sich mit Handwerkerleistungen und finanziellen Mitteln.<\/p>\n<p>Klaus M\u00fcller wurde 1979 mit der Baubetreuung der Sporthalle beauftragt und Wolfgang Seyfarth \u00fcbernahm den Vorsitz des Sportvereins. Mit Fertigstellung der Turnhalle wurden in Paulinenaue Voraussetzungen f\u00fcr mehr Vielfalt in der sportlichen Bet\u00e4tigung geschaffen. Die Gymnastikgruppe der Frauen und die Tischtennisspieler konnten sich weiter entfalten.<\/p>\n<h4>Als PTSV gegen Hertha, Schach und Volleyball \u2013 H\u00f6hepunkte und Erfolge nach 1989<\/h4>\n<p>Mit dem 9. November 1989 ver\u00e4nderte sich auch das Sportleben in Paulinenaue. Das Institut als Tr\u00e4gerbetrieb wurde abgewickelt und der Verein musste sich neu finden. Auf einer Delegiertenkonferenz am 29.11.1990 fand die erste Vorstandsneuwahl des wieder in ,Paulinenauer TSV 1923\u2018 umbenannten Vereins statt. Der Verein hatte zu diesem Zeitpunkt 220 Mitglieder. Vereinsvorsitzender war Holger Scheffczyk. Nachdem er aus beruflichen Gr\u00fcnden Paulinenaue verlie\u00df, \u00fcbernahm Wolfgang Seyfarth wieder den Vereinsvorsitz.<\/p>\n<p>Ein H\u00f6hepunkt in der Vereinsgeschichte war sicherlich der 7. Juli 1993. Die Fu\u00dfballer, als Tabellenzweiter der 1. Kreisklasse, hatten sich zum 70. Vereinsjubil\u00e4um Hertha BSC zu einem Freundschafsspiel eingeladen und Trainer Sebert kam mit voller Kapelle nach Paulinenaue. Neben Torwart Walter Junghans und den Spielern Nico Kovac, Carsten Ramelow, Oliver Schmidt, Sven Demandt oder Theo Gries kamen auch die Neuzug\u00e4nge Frank Rhode, Claus Peter Wollitz, Dirk Bremser und Thomas Richter zum Einsatz. 700 Zuschauer sahen eine kurzweilige Partie, in der zun\u00e4chst die Fu\u00dfballer im Mittelpunkt standen. Die Bild-Zeitung titelte in ihrer \u00dcberschrift \u201eDemandt scho\u00df W\u00fcrstchen-Stand ab.\u201c Tats\u00e4chlich landete sein Volleyschuss in der 30. Minute in der N\u00e4he des Verkaufsstandes. Dennoch machte er f\u00fcnf Tore, Thomas Richter erzielte drei, Claus Dieter Wollitz, Theo Gries und Dirk Bremser steuerten jeweils zwei Treffer bei.<\/p>\n<p>20 DM garantierte ein Hertha-Fan f\u00fcr jedes Tor, das Paulinenaue in diesem Spiel erzielen w\u00fcrde. Leider kam nichts in die Mannschaftskasse, weil Bernd und Holger Elke, Rene Beck, Klaus Sch\u00e4fer und Karl- Heinz Hilse nicht den Ball im Tor unterbringen konnten. Besser machten es die Herthaner mit zehn Treffern in der ersten und acht Treffern in der zweiten Halbzeit. Zur Pause dann ein weiterer H\u00f6hepunkt. Beim Elfmeterschie\u00dfen, Walter Junghans machte seinem Stellvertreter Marco Sejna Platz, verwandelte B\u00fcrgermeister Erhard Hesse sicher und Lokalmatador \u201ePele\u201c Dietmar Fehlberg jagte wie in alten Zeiten das Leder in die Maschen und schickte den Hertha-Keeper in die andere Ecke.<\/p>\n<p>Die Fu\u00dfballer nahmen im weiteren Verlauf mit zwei M\u00e4nnermannschaften am Spielbetrieb teil und erzielten dabei unterschiedliche Erfolge auf Kreisebene. Unvergessen sind sicherlich auch die Busfahrten nach Spanien und Italien Mitte der 1990er-Jahre. Besonders in Spanien wurde die Mannschaft durch begeisterte und f\u00fcr gro\u00dfartige Stimmung sorgende Freundinnen und Ehefrauen zu sehr guten Ergebnissen getrieben. Die dabei waren, wissen, wovon ich spreche.<\/p>\n<p>1995 erhielt der Verein F\u00f6rdermittel in H\u00f6he von 136.800 DM, 68.400 DM als Zuschuss und 68.400 DM als Darlehen, f\u00fcr die die Gemeinde Paulinenaue die B\u00fcrgschaft \u00fcbernahm. Mit Unterst\u00fctzung der Fu\u00dfballer konnte damit das Sportlerheim umgebaut werden und es erhielt seine heutige Form.<\/p>\n<p>Konnten die Volleyballer bis zur Wende in fast allen Altersklassen Mannschaften melden, so war in den folgenden Jahren ein starker R\u00fcckgang zu verzeichnen. Man konzentrierte sich mehr auf den Freizeitsport und mit der Einweihung eines Beachvolleyballplatzes auf dem Kleinen Sportplatz im Jahr 2000 konnte dem Freizeitvergn\u00fcgen stimmungsvoll nachgegangen werden.<\/p>\n<div id=\"attachment_415546\" style=\"width: 610px\" class=\"wp-caption alignnone\"><a href=\"https:\/\/paulinenaue.info\/wp-content\/uploads\/2023\/12\/2000-06-17-Eroeffnung-Beachvolleyballfeld-Paulinenaue-01-scaled.jpg\"><img decoding=\"async\" aria-describedby=\"caption-attachment-415546\" data-attachment-id=\"415546\" data-permalink=\"https:\/\/paulinenaue.info\/index.php\/einhundert-jahre-ptsv-1923-eine-chronik\/2000-06-17-eroeffnung-beachvolleyballfeld-paulinenaue-01\/\" data-orig-file=\"https:\/\/paulinenaue.info\/wp-content\/uploads\/2023\/12\/2000-06-17-Eroeffnung-Beachvolleyballfeld-Paulinenaue-01-scaled.jpg\" data-orig-size=\"2560,1642\" data-comments-opened=\"1\" data-image-meta=\"{&quot;aperture&quot;:&quot;0&quot;,&quot;credit&quot;:&quot;&quot;,&quot;camera&quot;:&quot;&quot;,&quot;caption&quot;:&quot;&quot;,&quot;created_timestamp&quot;:&quot;0&quot;,&quot;copyright&quot;:&quot;&quot;,&quot;focal_length&quot;:&quot;0&quot;,&quot;iso&quot;:&quot;0&quot;,&quot;shutter_speed&quot;:&quot;0&quot;,&quot;title&quot;:&quot;&quot;,&quot;orientation&quot;:&quot;1&quot;}\" data-image-title=\"2000-06-17, Ero\u0308ffnung Beachvolleyballfeld Paulinenaue, 01\" data-image-description=\"&lt;p&gt;Er\u00f6ffnung des Beachvolleyballfeldes am Kleinen Sportplatz am 17.06.2009&lt;\/p&gt;\n\" data-image-caption=\"&lt;p&gt;Er\u00f6ffnung des Beachvolleyballfeldes am Kleinen Sportplatz am 17.06.2009.&lt;\/p&gt;\n\" data-large-file=\"https:\/\/paulinenaue.info\/wp-content\/uploads\/2023\/12\/2000-06-17-Eroeffnung-Beachvolleyballfeld-Paulinenaue-01-1024x657.jpg\" class=\"lazyload size-fusion-600 wp-image-415546\" src=\"https:\/\/paulinenaue.info\/wp-content\/uploads\/2023\/12\/2000-06-17-Eroeffnung-Beachvolleyballfeld-Paulinenaue-01-600x385.jpg\" data-orig-src=\"https:\/\/paulinenaue.info\/wp-content\/uploads\/2023\/12\/2000-06-17-Eroeffnung-Beachvolleyballfeld-Paulinenaue-01-600x385.jpg\" alt=\"\" width=\"600\" height=\"385\" srcset=\"data:image\/svg+xml,%3Csvg%20xmlns%3D%27http%3A%2F%2Fwww.w3.org%2F2000%2Fsvg%27%20width%3D%27600%27%20height%3D%27385%27%20viewBox%3D%270%200%20600%20385%27%3E%3Crect%20width%3D%27600%27%20height%3D%27385%27%20fill-opacity%3D%220%22%2F%3E%3C%2Fsvg%3E\" data-srcset=\"https:\/\/paulinenaue.info\/wp-content\/uploads\/2023\/12\/2000-06-17-Eroeffnung-Beachvolleyballfeld-Paulinenaue-01-200x128.jpg 200w, https:\/\/paulinenaue.info\/wp-content\/uploads\/2023\/12\/2000-06-17-Eroeffnung-Beachvolleyballfeld-Paulinenaue-01-300x192.jpg 300w, https:\/\/paulinenaue.info\/wp-content\/uploads\/2023\/12\/2000-06-17-Eroeffnung-Beachvolleyballfeld-Paulinenaue-01-400x257.jpg 400w, https:\/\/paulinenaue.info\/wp-content\/uploads\/2023\/12\/2000-06-17-Eroeffnung-Beachvolleyballfeld-Paulinenaue-01-600x385.jpg 600w, https:\/\/paulinenaue.info\/wp-content\/uploads\/2023\/12\/2000-06-17-Eroeffnung-Beachvolleyballfeld-Paulinenaue-01-768x493.jpg 768w, https:\/\/paulinenaue.info\/wp-content\/uploads\/2023\/12\/2000-06-17-Eroeffnung-Beachvolleyballfeld-Paulinenaue-01-800x513.jpg 800w, https:\/\/paulinenaue.info\/wp-content\/uploads\/2023\/12\/2000-06-17-Eroeffnung-Beachvolleyballfeld-Paulinenaue-01-1024x657.jpg 1024w, https:\/\/paulinenaue.info\/wp-content\/uploads\/2023\/12\/2000-06-17-Eroeffnung-Beachvolleyballfeld-Paulinenaue-01-1200x770.jpg 1200w, https:\/\/paulinenaue.info\/wp-content\/uploads\/2023\/12\/2000-06-17-Eroeffnung-Beachvolleyballfeld-Paulinenaue-01-1536x985.jpg 1536w\" data-sizes=\"auto\" data-orig-sizes=\"(max-width: 600px) 100vw, 600px\" \/><\/a><p id=\"caption-attachment-415546\" class=\"wp-caption-text\"><em>Er\u00f6ffnung des Beachvolleyballfeldes am Kleinen Sportplatz am 17.06.2009.<\/em><\/p><\/div>\n<p>In der Abteilung Schach unter der Leitung von Bernd Zahn konnten ebenfalls weitere Erfolge gefeiert werden. 1995 und 1997 wurde Christian Elke Landesmeister und mit dem Gewinn der Brandenburger Vereinsmeisterschaft im Juni 1999 durch Tobias Henschel, Benjamin Kunkel, Benno Zahn und Marvin H\u00e4nsel machte die n\u00e4chste Generation von Schachspielern auf sich aufmerksam.<\/p>\n<p>Im Juni 2002 erfuhr der Vorstand von den Aufl\u00f6sungsabsichten des Hertefelder Fu\u00dfballvereins. Schnell war der Entschluss gefasst, den Hertefeldern ein \u00dcbernahmeangebot zu unterbreiten. Es war ein sehr pragmatisches und schlitzohriges Angebot, denn gewann der Hertefelder FV das Relegationsspiel in der Kreisliga Havelland Mitte, konnte man gleich zwei Klassen h\u00f6her am Wettspielbetrieb teilnehmen. Viele Fans fuhren zum Spiel nach Potsdam, sahen einen 1:0 Sieg der Hertefelder und der Aufstieg zwei Klassen h\u00f6her konnte gefeiert werden. Da zu diesem Zeitpunkt keine Spielgemeinschaften erlaubt waren, musste eine Fusion der beiden Vereine erfolgen. Dies wurde am 16.08.2002 vollzogen und es entstand der ,Paulinenauer\/Hertefelder TSV\u2018. Da zeitgleich die Berger Fu\u00dfballer keine Mannschaft mehr zusammen bekamen, stellten die verbliebenen Spieler einen Antrag auf Aufnahme in den neuen Verein Paulinenauer\/Hertefelder TSV. Der Vorstand stimmte dem Antrag zu und so starteten drei M\u00e4nnermannschaften, zwei Nachwuchsteams und eine Altherrenmannschaft, in die Saison 2002\/2003. Gerade die Nachwuchsmannschaften, eine B-Jugend unter Leitung von Olaf Peters und eine D-Jugend unter Leitung von Frank Hirse sollten f\u00fcr die weitere Entwicklung des Fu\u00dfballs in Paulinenaue noch sehr wichtig werden.<\/p>\n<p>Das Jahr 2003 stand ganz im Zeichen des 80. Geburtstages unseres Vereins. Viele Sportveranstaltungen wurden durch die Abteilungen organisiert und erfolgreich durchgef\u00fchrt. H\u00f6hepunkt war sicherlich das Fu\u00dfballspiel zwischen unserer Kreisligamannschaft und einem ,Rocchigiani-All-Star-Team\u2018 um den Boxweltmeister Graciano Rocchigiani und seinen Bruder Ralf. 500 Zuschauer kamen zu diesem Spiel und sahen einen 11:5 Sieg unserer Mannschaft.<\/p>\n<p>Aus der Abteilung Schach sorgte noch einmal Benno Zahn f\u00fcr Furore, als er 2005 und 2007 Landesmeister wurde. Auch die Landesmannschaftsmeisterschaften wurden mehrfach gewonnen, unter anderem mit Tobias Henschel, Benno Zahn, Marvin H\u00e4nsel und Martin Hermann. Leider hat sich die Abteilung Schach aufgel\u00f6st und viele Spieler sind in anderen Vereinen sportlich aktiv.<\/p>\n<div id=\"attachment_415542\" style=\"width: 460px\" class=\"wp-caption alignnone\"><a href=\"https:\/\/paulinenaue.info\/wp-content\/uploads\/2023\/12\/2005-Benno-Zahn.jpg\"><img decoding=\"async\" aria-describedby=\"caption-attachment-415542\" data-attachment-id=\"415542\" data-permalink=\"https:\/\/paulinenaue.info\/index.php\/einhundert-jahre-ptsv-1923-eine-chronik\/2005-benno-zahn\/\" data-orig-file=\"https:\/\/paulinenaue.info\/wp-content\/uploads\/2023\/12\/2005-Benno-Zahn.jpg\" data-orig-size=\"750,1000\" data-comments-opened=\"1\" data-image-meta=\"{&quot;aperture&quot;:&quot;3.2&quot;,&quot;credit&quot;:&quot;&quot;,&quot;camera&quot;:&quot;KODAK DX6490 ZOOM DIGITAL CAMERA&quot;,&quot;caption&quot;:&quot;&quot;,&quot;created_timestamp&quot;:&quot;1110710737&quot;,&quot;copyright&quot;:&quot;&quot;,&quot;focal_length&quot;:&quot;21.2&quot;,&quot;iso&quot;:&quot;0&quot;,&quot;shutter_speed&quot;:&quot;0.011111111111111&quot;,&quot;title&quot;:&quot;&quot;,&quot;orientation&quot;:&quot;1&quot;}\" data-image-title=\"2005, Benno Zahn\" data-image-description=\"&lt;p&gt;Der Paulinenauer Schachspieler Benno Zahn bei der Landesmeisterschaft 2005.&lt;\/p&gt;\n\" data-image-caption=\"&lt;p&gt;Der Paulinenauer Schachspieler Benno Zahn bei der Landesmeisterschaft 2005.&lt;\/p&gt;\n\" data-large-file=\"https:\/\/paulinenaue.info\/wp-content\/uploads\/2023\/12\/2005-Benno-Zahn.jpg\" class=\"lazyload  wp-image-415542\" src=\"https:\/\/paulinenaue.info\/wp-content\/uploads\/2023\/12\/2005-Benno-Zahn-600x800.jpg\" data-orig-src=\"https:\/\/paulinenaue.info\/wp-content\/uploads\/2023\/12\/2005-Benno-Zahn-600x800.jpg\" alt=\"\" width=\"450\" height=\"600\" srcset=\"data:image\/svg+xml,%3Csvg%20xmlns%3D%27http%3A%2F%2Fwww.w3.org%2F2000%2Fsvg%27%20width%3D%27450%27%20height%3D%27600%27%20viewBox%3D%270%200%20450%20600%27%3E%3Crect%20width%3D%27450%27%20height%3D%27600%27%20fill-opacity%3D%220%22%2F%3E%3C%2Fsvg%3E\" data-srcset=\"https:\/\/paulinenaue.info\/wp-content\/uploads\/2023\/12\/2005-Benno-Zahn-200x267.jpg 200w, https:\/\/paulinenaue.info\/wp-content\/uploads\/2023\/12\/2005-Benno-Zahn-225x300.jpg 225w, https:\/\/paulinenaue.info\/wp-content\/uploads\/2023\/12\/2005-Benno-Zahn-400x533.jpg 400w, https:\/\/paulinenaue.info\/wp-content\/uploads\/2023\/12\/2005-Benno-Zahn-600x800.jpg 600w, https:\/\/paulinenaue.info\/wp-content\/uploads\/2023\/12\/2005-Benno-Zahn.jpg 750w\" data-sizes=\"auto\" data-orig-sizes=\"(max-width: 450px) 100vw, 450px\" \/><\/a><p id=\"caption-attachment-415542\" class=\"wp-caption-text\"><em>Der Paulinenauer Schachspieler Benno Zahn bei der Landesmeisterschaft 2005.<\/em><\/p><\/div>\n<p>In Paulinenaue gab es immer wieder gute Schachspieler, die auch in anderen Abteilungen des Vereins sportlich erfolgreich waren, unter anderem Joachim Wacker, Christian Schaller, Falk Hesse, Marvin H\u00e4nsel, Tobias Henschel und Benno Zahn im Fu\u00dfball oder Andre R\u00fcbensam und Martin Hermann im Volleyball.<\/p>\n<p>2010 stieg die 1. M\u00e4nnermannschaft aus der Kreisliga ab, die Fusion mit den Hertefeldern wurde nach acht Jahren erfolgreicher Zusammenarbeit beendet und man nahm wieder den Namen ,Paulinenauer TSV\u2018 an. Der Fu\u00dfball stand kurz vor dem Aus, da viele Spieler den Verein verlie\u00dfen. Der Vorstand beauftragte den Trainer Ralf Niendorf und Spieler wie Konrad Th\u00f6ns und Marvin H\u00e4nsel, bis zum Saisonbeginn eine Mannschaft f\u00fcr den Spielbetrieb zusammenzustellen. Man besann sich auf die erfolgreichen Jugendmannschaften aus den Jahren 2002 und 2003, konnte einige Spieler wieder aktivieren und somit eine Mannschaft f\u00fcr den Punktspielbetrieb anmelden. Sportlich war man in die 1. Kreisklasse abgestiegen, aber Vorstand und Trainer trafen die Entscheidung, die Mannschaft nur f\u00fcr die 2. Kreisklasse zu melden.<\/p>\n<h4>Bew\u00e4hrte Vorstandsarbeit und Konzentration auf den Nachwuchs \u2013 Der PTSV heute<\/h4>\n<p>Mit Beginn der Saison 2017\/2018 wurde im M\u00e4nnerbereich eine Spielgemeinschaft mit der SG Blau-Weiss Pessin gebildet. Somit spielte zu diesem Zeitpunkt die 1. Mannschaft (\u00fcberwiegend Pessiner Spieler) in der Kreisliga A und die 2. Mannschaft (\u00fcberwiegend Paulinenauer Spieler) in der 2. Kreisklasse A. Die Spielgemeinschaft wurde nach zwei Spielzeiten wieder aufgel\u00f6st und beide Vereine nahmen mit eigenst\u00e4ndigen Mannschaften am Spielbetrieb des Fu\u00dfballkreises Havelland teil. Neben dem Punktspielbetrieb der 1. M\u00e4nnermannschaft, heute unter Leitung von Christian Zarbock, bestreitet die Altherrenmannschaft unter Leitung von Peter Egorow in den Monaten April bis Oktober diverse Freundschaftsspiele auf dem Gro\u00df- und Kleinfeld gegen Mannschaften der n\u00e4heren und weiteren Umgebung.<\/p>\n<div id=\"attachment_415547\" style=\"width: 610px\" class=\"wp-caption alignnone\"><a href=\"https:\/\/paulinenaue.info\/wp-content\/uploads\/2023\/12\/Mannschaft-von-Frank-Hirse.jpeg\"><img decoding=\"async\" aria-describedby=\"caption-attachment-415547\" data-attachment-id=\"415547\" data-permalink=\"https:\/\/paulinenaue.info\/index.php\/einhundert-jahre-ptsv-1923-eine-chronik\/mannschaft-von-frank-hirse\/\" data-orig-file=\"https:\/\/paulinenaue.info\/wp-content\/uploads\/2023\/12\/Mannschaft-von-Frank-Hirse.jpeg\" data-orig-size=\"2048,1536\" data-comments-opened=\"1\" data-image-meta=\"{&quot;aperture&quot;:&quot;0&quot;,&quot;credit&quot;:&quot;&quot;,&quot;camera&quot;:&quot;&quot;,&quot;caption&quot;:&quot;&quot;,&quot;created_timestamp&quot;:&quot;0&quot;,&quot;copyright&quot;:&quot;&quot;,&quot;focal_length&quot;:&quot;0&quot;,&quot;iso&quot;:&quot;0&quot;,&quot;shutter_speed&quot;:&quot;0&quot;,&quot;title&quot;:&quot;&quot;,&quot;orientation&quot;:&quot;0&quot;}\" data-image-title=\"Mannschaft von Frank Hirse\" data-image-description=\"&lt;p&gt;D-Jugendmannschaft des PTSV unter der Leitung von Frank Hirse&lt;\/p&gt;\n\" data-image-caption=\"&lt;p&gt;D-Jugendmannschaft des PTSV unter der Leitung von Frank Hirse&lt;\/p&gt;\n\" data-large-file=\"https:\/\/paulinenaue.info\/wp-content\/uploads\/2023\/12\/Mannschaft-von-Frank-Hirse-1024x768.jpeg\" class=\"lazyload size-fusion-600 wp-image-415547\" src=\"https:\/\/paulinenaue.info\/wp-content\/uploads\/2023\/12\/Mannschaft-von-Frank-Hirse-600x450.jpeg\" data-orig-src=\"https:\/\/paulinenaue.info\/wp-content\/uploads\/2023\/12\/Mannschaft-von-Frank-Hirse-600x450.jpeg\" alt=\"\" width=\"600\" height=\"450\" srcset=\"data:image\/svg+xml,%3Csvg%20xmlns%3D%27http%3A%2F%2Fwww.w3.org%2F2000%2Fsvg%27%20width%3D%27600%27%20height%3D%27450%27%20viewBox%3D%270%200%20600%20450%27%3E%3Crect%20width%3D%27600%27%20height%3D%27450%27%20fill-opacity%3D%220%22%2F%3E%3C%2Fsvg%3E\" data-srcset=\"https:\/\/paulinenaue.info\/wp-content\/uploads\/2023\/12\/Mannschaft-von-Frank-Hirse-200x150.jpeg 200w, https:\/\/paulinenaue.info\/wp-content\/uploads\/2023\/12\/Mannschaft-von-Frank-Hirse-300x225.jpeg 300w, https:\/\/paulinenaue.info\/wp-content\/uploads\/2023\/12\/Mannschaft-von-Frank-Hirse-400x300.jpeg 400w, https:\/\/paulinenaue.info\/wp-content\/uploads\/2023\/12\/Mannschaft-von-Frank-Hirse-600x450.jpeg 600w, https:\/\/paulinenaue.info\/wp-content\/uploads\/2023\/12\/Mannschaft-von-Frank-Hirse-768x576.jpeg 768w, https:\/\/paulinenaue.info\/wp-content\/uploads\/2023\/12\/Mannschaft-von-Frank-Hirse-800x600.jpeg 800w, https:\/\/paulinenaue.info\/wp-content\/uploads\/2023\/12\/Mannschaft-von-Frank-Hirse-1024x768.jpeg 1024w, https:\/\/paulinenaue.info\/wp-content\/uploads\/2023\/12\/Mannschaft-von-Frank-Hirse-1200x900.jpeg 1200w, https:\/\/paulinenaue.info\/wp-content\/uploads\/2023\/12\/Mannschaft-von-Frank-Hirse-1536x1152.jpeg 1536w\" data-sizes=\"auto\" data-orig-sizes=\"(max-width: 600px) 100vw, 600px\" \/><\/a><p id=\"caption-attachment-415547\" class=\"wp-caption-text\"><em>D-Jugendmannschaft des PTSV unter der Leitung von Frank Hirse<\/em><\/p><\/div>\n<p>Seit 2021 ist es wieder gelungen, verschiedene Nachwuchsmannschaften im Bambini-Bereich aufzubauen. Bei den Funinio-Festivals, einer neue Form der Nachwuchsarbeit in Deutschland, gehen die G-Jugend (die Jahrg\u00e4nge 2017\/18) unter Leitung von Daniel Fehlauer und die F-Jugend (die Jahrg\u00e4nge 2015\/16) unter Leitung von Tobias Schuchard an den Start. Unterst\u00fctz werden sie gr\u00f6\u00dftenteils von Lars K\u00f6hler, Fabian Bock und Marcus Pech. Die Durchf\u00fchrung solcher Funinio-Turniere stellen eine gro\u00dfe Herausforderung dar, sowohl, was die Anzahl der \u00dcbungsleiter, aber auch, was die materielle Ausstattung betrifft. Bleibt zu hoffen, dass die Kinder Spa\u00df am Sport haben, sich an frischer Luft bewegen und einige von ihnen dem Fu\u00dfball treu bleiben.<\/p>\n<p>Die Volleyballer haben unter Leitung von Ronny Heinze und Spielertrainer Karsten Schmidt im Fr\u00fchjahr 2010 begonnen, wieder eine Mannschaft f\u00fcr den Punktspielbetrieb aufzubauen. Ziel war es, aus Teilen der fr\u00fcheren Mannschaft sowie aus Neuzug\u00e4ngen eine Mannschaft f\u00fcr den Landesspielbetrieb zu formen. Am 11. September 2010 war es so weit und die Mannschaft begann mit zwei klaren Siegen den Punktspielauftakt in der Landesklasse Nord. Leider ist die Mannschaft 2012 abgestiegen und hat sich aufgel\u00f6st. Volleyball wird jetzt wieder im Freizeitbereich gespielt.<\/p>\n<p>Dies sollte der kurze Abriss zu 100 Jahren Paulinenauer TSV-Geschichte gewesen sein. Sicherlich etwas mehr Geschichte als Gegenwart. Aber ich denke, Geschichte sollte man bewahren und die Gegenwart werden andere in 20, 50 oder 100 Jahren dann hoffentlich als ihre Geschichte weitererz\u00e4hlen. Sicherlich ist nicht alles vollst\u00e4ndig, vieles konnte ich aus der <a href=\"https:\/\/paulinenaue.info\/index.php\/paulinenaue-eine-ortschronik-aus-dem-havelland\/\">Chronik meines Vaters<\/a> und den Aufzeichnungen anderer Quellen \u00fcbernehmen. Einen Gro\u00dfteil habe ich selbst miterlebt.<br \/>\nF\u00fcr weitere Hinweise, Berichtigungen und Erg\u00e4nzungen bin ich dankbar.<\/p>\n<p>Zum Abschluss noch einige aktuelle Daten. Der Paulinenauer TSV ist ein gemeinn\u00fctziger eingetragener Verein. Geleitet wird er durch den gesch\u00e4ftsf\u00fchrenden Vorstand, seit 2013 in dieser Zusammensetzung:<\/p>\n<p>Vereinsvorsitzender: Detlef Wacker<br \/>\nStellvertretende Vorsitzende: Claudia Becher<br \/>\nHauptkassierer: Dieter Czerniak<\/p>\n<p>Sport wird in folgenden Abteilungen angeboten und durch die jeweiligen Abteilungen eigenverantwortlich organisiert. Zum letzten\u00a0Meldestand im Dezember 2022 hatten die Abteilungen folgende Mitgliederst\u00e4rke:<\/p>\n<p>Fu\u00dfball: 58 Mitglieder<br \/>\nVolleyball: 53 Mitglieder<br \/>\nGymnastik: 35 Mitglieder<br \/>\nSeniorensport: 15 Mitglieder<br \/>\nTennis: 4 Mitglieder<\/p>\n<p>Gesamtverein: 165 Mitglieder, davon 86 weiblich und 79 m\u00e4nnlich.<\/p>\n<\/div><\/div><\/div><\/div><\/div>\n","protected":false},"excerpt":{"rendered":"","protected":false},"author":1,"featured_media":415464,"comment_status":"open","ping_status":"open","sticky":false,"template":"","format":"standard","meta":{"_acf_changed":false,"_price":"","_stock":"","_tribe_ticket_header":"","_tribe_default_ticket_provider":"","_tribe_ticket_capacity":"0","_ticket_start_date":"","_ticket_end_date":"","_tribe_ticket_show_description":"","_tribe_ticket_show_not_going":false,"_tribe_ticket_use_global_stock":"","_tribe_ticket_global_stock_level":"","_global_stock_mode":"","_global_stock_cap":"","_tribe_rsvp_for_event":"","_tribe_ticket_going_count":"","_tribe_ticket_not_going_count":"","_tribe_tickets_list":"[]","_tribe_ticket_has_attendee_info_fields":false,"jetpack_post_was_ever_published":false,"_jetpack_newsletter_access":"","_jetpack_dont_email_post_to_subs":false,"_jetpack_newsletter_tier_id":0,"_jetpack_memberships_contains_paywalled_content":false,"_jetpack_memberships_contains_paid_content":false,"footnotes":"","jetpack_publicize_message":"","jetpack_publicize_feature_enabled":true,"jetpack_social_post_already_shared":true,"jetpack_social_options":{"image_generator_settings":{"template":"highway","default_image_id":0,"font":"","enabled":false},"version":2}},"categories":[40,6,7,30,502,10],"tags":[32,91,31,274],"class_list":["post-415440","post","type-post","status-publish","format-standard","has-post-thumbnail","hentry","category-dorfentwicklung","category-hier-zuhause","category-historie","category-ptsv","category-sport","category-vereine","tag-jubilaeum","tag-paulinenaue","tag-ptsv","tag-sportverein"],"acf":[],"yoast_head":"<!-- This site is optimized with the Yoast SEO plugin v27.5 - https:\/\/yoast.com\/product\/yoast-seo-wordpress\/ -->\n<title>Einhundert Jahre PTSV 1923 \u2013 eine Chronik - Paulinenaue<\/title>\n<meta name=\"description\" content=\"Die Rede von Joachim Wacker zum 100. Gr\u00fcndungsjubil\u00e4ums des Paulinenauer Turn- und Sportvereins am 25. November 2023.\" \/>\n<meta name=\"robots\" content=\"index, follow, max-snippet:-1, max-image-preview:large, max-video-preview:-1\" \/>\n<link rel=\"canonical\" href=\"https:\/\/paulinenaue.info\/index.php\/einhundert-jahre-ptsv-1923-eine-chronik\/\" \/>\n<meta property=\"og:locale\" content=\"de_DE\" \/>\n<meta property=\"og:type\" content=\"article\" \/>\n<meta property=\"og:title\" content=\"Einhundert Jahre PTSV 1923 \u2013 eine Chronik - Paulinenaue\" \/>\n<meta property=\"og:description\" content=\"Die Rede von Joachim Wacker zum 100. Gr\u00fcndungsjubil\u00e4ums des Paulinenauer Turn- und Sportvereins am 25. November 2023.\" \/>\n<meta property=\"og:url\" content=\"https:\/\/paulinenaue.info\/index.php\/einhundert-jahre-ptsv-1923-eine-chronik\/\" \/>\n<meta property=\"og:site_name\" content=\"Paulinenaue\" \/>\n<meta property=\"article:published_time\" content=\"2023-12-08T23:47:12+00:00\" \/>\n<meta property=\"article:modified_time\" content=\"2023-12-09T10:29:18+00:00\" \/>\n<meta property=\"og:image\" content=\"https:\/\/paulinenaue.info\/wp-content\/uploads\/2023\/12\/1958-05-1958-PTSV-am-Himmelfahrtstag-vor-der-Abfahrt-irgendwohin.jpg\" \/>\n\t<meta property=\"og:image:width\" content=\"1000\" \/>\n\t<meta property=\"og:image:height\" content=\"617\" \/>\n\t<meta property=\"og:image:type\" content=\"image\/jpeg\" \/>\n<meta name=\"author\" content=\"Joachim Scholz\" \/>\n<meta name=\"twitter:card\" content=\"summary_large_image\" \/>\n<meta name=\"twitter:label1\" content=\"Verfasst von\" \/>\n\t<meta name=\"twitter:data1\" content=\"Joachim Scholz\" \/>\n\t<meta name=\"twitter:label2\" content=\"Gesch\u00e4tzte Lesezeit\" \/>\n\t<meta name=\"twitter:data2\" content=\"24\u00a0Minuten\" \/>\n<script type=\"application\/ld+json\" class=\"yoast-schema-graph\">{\"@context\":\"https:\\\/\\\/schema.org\",\"@graph\":[{\"@type\":\"Article\",\"@id\":\"https:\\\/\\\/paulinenaue.info\\\/index.php\\\/einhundert-jahre-ptsv-1923-eine-chronik\\\/#article\",\"isPartOf\":{\"@id\":\"https:\\\/\\\/paulinenaue.info\\\/index.php\\\/einhundert-jahre-ptsv-1923-eine-chronik\\\/\"},\"author\":{\"name\":\"Joachim Scholz\",\"@id\":\"https:\\\/\\\/paulinenaue.info\\\/#\\\/schema\\\/person\\\/3f9e818fd7b69b0d2bd937ac506897cc\"},\"headline\":\"Einhundert Jahre PTSV 1923 \u2013 eine Chronik\",\"datePublished\":\"2023-12-08T23:47:12+00:00\",\"dateModified\":\"2023-12-09T10:29:18+00:00\",\"mainEntityOfPage\":{\"@id\":\"https:\\\/\\\/paulinenaue.info\\\/index.php\\\/einhundert-jahre-ptsv-1923-eine-chronik\\\/\"},\"wordCount\":4010,\"commentCount\":0,\"image\":{\"@id\":\"https:\\\/\\\/paulinenaue.info\\\/index.php\\\/einhundert-jahre-ptsv-1923-eine-chronik\\\/#primaryimage\"},\"thumbnailUrl\":\"https:\\\/\\\/paulinenaue.info\\\/wp-content\\\/uploads\\\/2023\\\/12\\\/1958-05-1958-PTSV-am-Himmelfahrtstag-vor-der-Abfahrt-irgendwohin.jpg\",\"keywords\":[\"Jubil\u00e4um\",\"Paulinenaue\",\"PTSV\",\"Sportverein\"],\"articleSection\":[\"Dorfentwicklung\",\"Hier Zuhause\",\"Historie\",\"PTSV\",\"Sport\",\"Vereine\"],\"inLanguage\":\"de\",\"potentialAction\":[{\"@type\":\"CommentAction\",\"name\":\"Comment\",\"target\":[\"https:\\\/\\\/paulinenaue.info\\\/index.php\\\/einhundert-jahre-ptsv-1923-eine-chronik\\\/#respond\"]}]},{\"@type\":\"WebPage\",\"@id\":\"https:\\\/\\\/paulinenaue.info\\\/index.php\\\/einhundert-jahre-ptsv-1923-eine-chronik\\\/\",\"url\":\"https:\\\/\\\/paulinenaue.info\\\/index.php\\\/einhundert-jahre-ptsv-1923-eine-chronik\\\/\",\"name\":\"Einhundert Jahre PTSV 1923 \u2013 eine Chronik - Paulinenaue\",\"isPartOf\":{\"@id\":\"https:\\\/\\\/paulinenaue.info\\\/#website\"},\"primaryImageOfPage\":{\"@id\":\"https:\\\/\\\/paulinenaue.info\\\/index.php\\\/einhundert-jahre-ptsv-1923-eine-chronik\\\/#primaryimage\"},\"image\":{\"@id\":\"https:\\\/\\\/paulinenaue.info\\\/index.php\\\/einhundert-jahre-ptsv-1923-eine-chronik\\\/#primaryimage\"},\"thumbnailUrl\":\"https:\\\/\\\/paulinenaue.info\\\/wp-content\\\/uploads\\\/2023\\\/12\\\/1958-05-1958-PTSV-am-Himmelfahrtstag-vor-der-Abfahrt-irgendwohin.jpg\",\"datePublished\":\"2023-12-08T23:47:12+00:00\",\"dateModified\":\"2023-12-09T10:29:18+00:00\",\"author\":{\"@id\":\"https:\\\/\\\/paulinenaue.info\\\/#\\\/schema\\\/person\\\/3f9e818fd7b69b0d2bd937ac506897cc\"},\"description\":\"Die Rede von Joachim Wacker zum 100. Gr\u00fcndungsjubil\u00e4ums des Paulinenauer Turn- und Sportvereins am 25. November 2023.\",\"breadcrumb\":{\"@id\":\"https:\\\/\\\/paulinenaue.info\\\/index.php\\\/einhundert-jahre-ptsv-1923-eine-chronik\\\/#breadcrumb\"},\"inLanguage\":\"de\",\"potentialAction\":[{\"@type\":\"ReadAction\",\"target\":[\"https:\\\/\\\/paulinenaue.info\\\/index.php\\\/einhundert-jahre-ptsv-1923-eine-chronik\\\/\"]}]},{\"@type\":\"ImageObject\",\"inLanguage\":\"de\",\"@id\":\"https:\\\/\\\/paulinenaue.info\\\/index.php\\\/einhundert-jahre-ptsv-1923-eine-chronik\\\/#primaryimage\",\"url\":\"https:\\\/\\\/paulinenaue.info\\\/wp-content\\\/uploads\\\/2023\\\/12\\\/1958-05-1958-PTSV-am-Himmelfahrtstag-vor-der-Abfahrt-irgendwohin.jpg\",\"contentUrl\":\"https:\\\/\\\/paulinenaue.info\\\/wp-content\\\/uploads\\\/2023\\\/12\\\/1958-05-1958-PTSV-am-Himmelfahrtstag-vor-der-Abfahrt-irgendwohin.jpg\",\"width\":1000,\"height\":617,\"caption\":\"Der PTSV am Himmelfahrtstag 1958.\"},{\"@type\":\"BreadcrumbList\",\"@id\":\"https:\\\/\\\/paulinenaue.info\\\/index.php\\\/einhundert-jahre-ptsv-1923-eine-chronik\\\/#breadcrumb\",\"itemListElement\":[{\"@type\":\"ListItem\",\"position\":1,\"name\":\"Home\",\"item\":\"https:\\\/\\\/paulinenaue.info\\\/\"},{\"@type\":\"ListItem\",\"position\":2,\"name\":\"Einhundert Jahre PTSV 1923 \u2013 eine Chronik\"}]},{\"@type\":\"WebSite\",\"@id\":\"https:\\\/\\\/paulinenaue.info\\\/#website\",\"url\":\"https:\\\/\\\/paulinenaue.info\\\/\",\"name\":\"Paulinenaue\",\"description\":\"Ein Dorf im Havelland\",\"potentialAction\":[{\"@type\":\"SearchAction\",\"target\":{\"@type\":\"EntryPoint\",\"urlTemplate\":\"https:\\\/\\\/paulinenaue.info\\\/?s={search_term_string}\"},\"query-input\":{\"@type\":\"PropertyValueSpecification\",\"valueRequired\":true,\"valueName\":\"search_term_string\"}}],\"inLanguage\":\"de\"},{\"@type\":\"Person\",\"@id\":\"https:\\\/\\\/paulinenaue.info\\\/#\\\/schema\\\/person\\\/3f9e818fd7b69b0d2bd937ac506897cc\",\"name\":\"Joachim Scholz\",\"url\":\"https:\\\/\\\/paulinenaue.info\\\/index.php\\\/author\\\/jjscholz\\\/\"}]}<\/script>\n<!-- \/ Yoast SEO plugin. -->","yoast_head_json":{"title":"Einhundert Jahre PTSV 1923 \u2013 eine Chronik - Paulinenaue","description":"Die Rede von Joachim Wacker zum 100. Gr\u00fcndungsjubil\u00e4ums des Paulinenauer Turn- und Sportvereins am 25. November 2023.","robots":{"index":"index","follow":"follow","max-snippet":"max-snippet:-1","max-image-preview":"max-image-preview:large","max-video-preview":"max-video-preview:-1"},"canonical":"https:\/\/paulinenaue.info\/index.php\/einhundert-jahre-ptsv-1923-eine-chronik\/","og_locale":"de_DE","og_type":"article","og_title":"Einhundert Jahre PTSV 1923 \u2013 eine Chronik - Paulinenaue","og_description":"Die Rede von Joachim Wacker zum 100. Gr\u00fcndungsjubil\u00e4ums des Paulinenauer Turn- und Sportvereins am 25. November 2023.","og_url":"https:\/\/paulinenaue.info\/index.php\/einhundert-jahre-ptsv-1923-eine-chronik\/","og_site_name":"Paulinenaue","article_published_time":"2023-12-08T23:47:12+00:00","article_modified_time":"2023-12-09T10:29:18+00:00","og_image":[{"width":1000,"height":617,"url":"https:\/\/paulinenaue.info\/wp-content\/uploads\/2023\/12\/1958-05-1958-PTSV-am-Himmelfahrtstag-vor-der-Abfahrt-irgendwohin.jpg","type":"image\/jpeg"}],"author":"Joachim Scholz","twitter_card":"summary_large_image","twitter_misc":{"Verfasst von":"Joachim Scholz","Gesch\u00e4tzte Lesezeit":"24\u00a0Minuten"},"schema":{"@context":"https:\/\/schema.org","@graph":[{"@type":"Article","@id":"https:\/\/paulinenaue.info\/index.php\/einhundert-jahre-ptsv-1923-eine-chronik\/#article","isPartOf":{"@id":"https:\/\/paulinenaue.info\/index.php\/einhundert-jahre-ptsv-1923-eine-chronik\/"},"author":{"name":"Joachim Scholz","@id":"https:\/\/paulinenaue.info\/#\/schema\/person\/3f9e818fd7b69b0d2bd937ac506897cc"},"headline":"Einhundert Jahre PTSV 1923 \u2013 eine Chronik","datePublished":"2023-12-08T23:47:12+00:00","dateModified":"2023-12-09T10:29:18+00:00","mainEntityOfPage":{"@id":"https:\/\/paulinenaue.info\/index.php\/einhundert-jahre-ptsv-1923-eine-chronik\/"},"wordCount":4010,"commentCount":0,"image":{"@id":"https:\/\/paulinenaue.info\/index.php\/einhundert-jahre-ptsv-1923-eine-chronik\/#primaryimage"},"thumbnailUrl":"https:\/\/paulinenaue.info\/wp-content\/uploads\/2023\/12\/1958-05-1958-PTSV-am-Himmelfahrtstag-vor-der-Abfahrt-irgendwohin.jpg","keywords":["Jubil\u00e4um","Paulinenaue","PTSV","Sportverein"],"articleSection":["Dorfentwicklung","Hier Zuhause","Historie","PTSV","Sport","Vereine"],"inLanguage":"de","potentialAction":[{"@type":"CommentAction","name":"Comment","target":["https:\/\/paulinenaue.info\/index.php\/einhundert-jahre-ptsv-1923-eine-chronik\/#respond"]}]},{"@type":"WebPage","@id":"https:\/\/paulinenaue.info\/index.php\/einhundert-jahre-ptsv-1923-eine-chronik\/","url":"https:\/\/paulinenaue.info\/index.php\/einhundert-jahre-ptsv-1923-eine-chronik\/","name":"Einhundert Jahre PTSV 1923 \u2013 eine Chronik - Paulinenaue","isPartOf":{"@id":"https:\/\/paulinenaue.info\/#website"},"primaryImageOfPage":{"@id":"https:\/\/paulinenaue.info\/index.php\/einhundert-jahre-ptsv-1923-eine-chronik\/#primaryimage"},"image":{"@id":"https:\/\/paulinenaue.info\/index.php\/einhundert-jahre-ptsv-1923-eine-chronik\/#primaryimage"},"thumbnailUrl":"https:\/\/paulinenaue.info\/wp-content\/uploads\/2023\/12\/1958-05-1958-PTSV-am-Himmelfahrtstag-vor-der-Abfahrt-irgendwohin.jpg","datePublished":"2023-12-08T23:47:12+00:00","dateModified":"2023-12-09T10:29:18+00:00","author":{"@id":"https:\/\/paulinenaue.info\/#\/schema\/person\/3f9e818fd7b69b0d2bd937ac506897cc"},"description":"Die Rede von Joachim Wacker zum 100. Gr\u00fcndungsjubil\u00e4ums des Paulinenauer Turn- und Sportvereins am 25. November 2023.","breadcrumb":{"@id":"https:\/\/paulinenaue.info\/index.php\/einhundert-jahre-ptsv-1923-eine-chronik\/#breadcrumb"},"inLanguage":"de","potentialAction":[{"@type":"ReadAction","target":["https:\/\/paulinenaue.info\/index.php\/einhundert-jahre-ptsv-1923-eine-chronik\/"]}]},{"@type":"ImageObject","inLanguage":"de","@id":"https:\/\/paulinenaue.info\/index.php\/einhundert-jahre-ptsv-1923-eine-chronik\/#primaryimage","url":"https:\/\/paulinenaue.info\/wp-content\/uploads\/2023\/12\/1958-05-1958-PTSV-am-Himmelfahrtstag-vor-der-Abfahrt-irgendwohin.jpg","contentUrl":"https:\/\/paulinenaue.info\/wp-content\/uploads\/2023\/12\/1958-05-1958-PTSV-am-Himmelfahrtstag-vor-der-Abfahrt-irgendwohin.jpg","width":1000,"height":617,"caption":"Der PTSV am Himmelfahrtstag 1958."},{"@type":"BreadcrumbList","@id":"https:\/\/paulinenaue.info\/index.php\/einhundert-jahre-ptsv-1923-eine-chronik\/#breadcrumb","itemListElement":[{"@type":"ListItem","position":1,"name":"Home","item":"https:\/\/paulinenaue.info\/"},{"@type":"ListItem","position":2,"name":"Einhundert Jahre PTSV 1923 \u2013 eine Chronik"}]},{"@type":"WebSite","@id":"https:\/\/paulinenaue.info\/#website","url":"https:\/\/paulinenaue.info\/","name":"Paulinenaue","description":"Ein Dorf im Havelland","potentialAction":[{"@type":"SearchAction","target":{"@type":"EntryPoint","urlTemplate":"https:\/\/paulinenaue.info\/?s={search_term_string}"},"query-input":{"@type":"PropertyValueSpecification","valueRequired":true,"valueName":"search_term_string"}}],"inLanguage":"de"},{"@type":"Person","@id":"https:\/\/paulinenaue.info\/#\/schema\/person\/3f9e818fd7b69b0d2bd937ac506897cc","name":"Joachim Scholz","url":"https:\/\/paulinenaue.info\/index.php\/author\/jjscholz\/"}]}},"jetpack_publicize_connections":[],"jetpack_featured_media_url":"https:\/\/paulinenaue.info\/wp-content\/uploads\/2023\/12\/1958-05-1958-PTSV-am-Himmelfahrtstag-vor-der-Abfahrt-irgendwohin.jpg","jetpack_sharing_enabled":true,"jetpack_shortlink":"https:\/\/wp.me\/pcYhWA-1K4E","jetpack-related-posts":[{"id":415382,"url":"https:\/\/paulinenaue.info\/index.php\/sport-frei-100-jahre-paulinenauer-turn-und-sportverein\/","url_meta":{"origin":415440,"position":0},"title":"Sport frei! \u2013 100 Jahre Paulinenauer Turn- und Sportverein","author":"Joachim Scholz","date":"25. November 2023","format":false,"excerpt":"Im Roman ,Drei Kameraden\u2018 l\u00e4sst der Schriftsteller Erich Maria Remarque seinen Protagonisten \u00fcber das Jahresende 1923 sagen: \u201eDas war in der Inflation. Zweihundert Billionen Mark hatte ich monatlich verdient. Zweimal am Tag gab es Geld und jedesmal eine halbe Stunde Urlaub, damit man in die L\u00e4den rasen und etwas kaufen\u2026","rel":"","context":"In &quot;Allgemein&quot;","block_context":{"text":"Allgemein","link":"https:\/\/paulinenaue.info\/index.php\/category\/allgemein\/"},"img":{"alt_text":"","src":"https:\/\/i0.wp.com\/paulinenaue.info\/wp-content\/uploads\/2023\/11\/1952_mannschaft_01.jpg?resize=350%2C200&ssl=1","width":350,"height":200,"srcset":"https:\/\/i0.wp.com\/paulinenaue.info\/wp-content\/uploads\/2023\/11\/1952_mannschaft_01.jpg?resize=350%2C200&ssl=1 1x, https:\/\/i0.wp.com\/paulinenaue.info\/wp-content\/uploads\/2023\/11\/1952_mannschaft_01.jpg?resize=525%2C300&ssl=1 1.5x, https:\/\/i0.wp.com\/paulinenaue.info\/wp-content\/uploads\/2023\/11\/1952_mannschaft_01.jpg?resize=700%2C400&ssl=1 2x, https:\/\/i0.wp.com\/paulinenaue.info\/wp-content\/uploads\/2023\/11\/1952_mannschaft_01.jpg?resize=1050%2C600&ssl=1 3x, https:\/\/i0.wp.com\/paulinenaue.info\/wp-content\/uploads\/2023\/11\/1952_mannschaft_01.jpg?resize=1400%2C800&ssl=1 4x"},"classes":[]},{"id":415552,"url":"https:\/\/paulinenaue.info\/index.php\/rueckblick-auf-die-feier-zum-ptsv-jubilaeum-am-25-november-2023\/","url_meta":{"origin":415440,"position":1},"title":"R\u00fcckblick auf die Feier zum PTSV-Jubil\u00e4um am 25. November 2023","author":"Joachim Scholz","date":"9. Dezember 2023","format":false,"excerpt":"Viele Sportlerinnen und Sportler, die aktiven und die nicht mehr so aktiven, wohnten am 25. November 2023 der Feier zum Jubil\u00e4um der Gr\u00fcndung des Paulinenauer Turn- und Sportvereins bei, die auf den Tag genau 100 Jahre zuvor am selben Ort, im Gasthaus \u201eZu den drei Landkreisen\u201c (heute \u201eApne 3\u201c) stattfand.\u2026","rel":"","context":"In &quot;PTSV&quot;","block_context":{"text":"PTSV","link":"https:\/\/paulinenaue.info\/index.php\/category\/ptsv\/"},"img":{"alt_text":"","src":"https:\/\/i0.wp.com\/paulinenaue.info\/wp-content\/uploads\/2023\/12\/2023-11-25-Apne-3-100-Jahre-PTSV-03.jpeg?resize=350%2C200&ssl=1","width":350,"height":200,"srcset":"https:\/\/i0.wp.com\/paulinenaue.info\/wp-content\/uploads\/2023\/12\/2023-11-25-Apne-3-100-Jahre-PTSV-03.jpeg?resize=350%2C200&ssl=1 1x, https:\/\/i0.wp.com\/paulinenaue.info\/wp-content\/uploads\/2023\/12\/2023-11-25-Apne-3-100-Jahre-PTSV-03.jpeg?resize=525%2C300&ssl=1 1.5x, https:\/\/i0.wp.com\/paulinenaue.info\/wp-content\/uploads\/2023\/12\/2023-11-25-Apne-3-100-Jahre-PTSV-03.jpeg?resize=700%2C400&ssl=1 2x"},"classes":[]},{"id":105,"url":"https:\/\/paulinenaue.info\/index.php\/ptsv\/","url_meta":{"origin":415440,"position":2},"title":"90 Jahre Paulinenauer Turn- und Sportverein \u2013 Der PTSV feiert im Saal des Mehrzweckgeb\u00e4udes","author":"Joachim Scholz","date":"22. M\u00e4rz 2016","format":false,"excerpt":"Joachim Scholz 23.11.2013. Vor 90 Jahren wurde im Gasthaus \u201eZu den drei Landkreisen\u201c\u00a0der Paulinenauer Turn- und Sportverein gegr\u00fcndet. Das Gasthaus ist zur Zeit f\u00fcr ein Minimalgebot von 8000 \u20ac\u00a0zur Versteigerung ausgeschrieben, der PTSV aber steht in Flor und feiert. Seine G\u00e4ste lud der \u00e4lteste aktive Verein unseres Dorfes am Sonnabend\u2026","rel":"","context":"In &quot;PTSV&quot;","block_context":{"text":"PTSV","link":"https:\/\/paulinenaue.info\/index.php\/category\/ptsv\/"},"img":{"alt_text":"","src":"https:\/\/i0.wp.com\/paulinenaue.info\/wp-content\/uploads\/2016\/03\/20131124_ptsv_90_01.jpg?resize=350%2C200&ssl=1","width":350,"height":200},"classes":[]},{"id":415207,"url":"https:\/\/paulinenaue.info\/index.php\/paulinenauer-ptsv-1923-plant-ein-sportfest-fuer-alle\/","url_meta":{"origin":415440,"position":3},"title":"Paulinenauer PTSV 1923 plant ein Sportfest f\u00fcr alle","author":"Joachim Scholz","date":"29. April 2023","format":false,"excerpt":"29.04.2023. Der Paulinenauer Turn- und Sportverein 1923 e.V. verbreitet im 100. Vereinsjahr den folgenden Aufruf zu einem Sportfest, wie es fr\u00fcher war: A\u0308ltere Paulinenauer ko\u0308nnen sich vielleicht noch erinnern. Sportfeste haben in Paulinenaue eine lange Tradition und geho\u0308rten zum Dorfleben. Gerne wu\u0308rde wir diese wieder zum Leben erwecken! Dafu\u0308r beno\u0308tigen\u2026","rel":"","context":"In &quot;Hier Zuhause&quot;","block_context":{"text":"Hier Zuhause","link":"https:\/\/paulinenaue.info\/index.php\/category\/hier-zuhause\/"},"img":{"alt_text":"","src":"https:\/\/i0.wp.com\/paulinenaue.info\/wp-content\/uploads\/2023\/04\/Paulinenaue-Sportplatz-o.J.-ca.-1960.jpeg?resize=350%2C200&ssl=1","width":350,"height":200,"srcset":"https:\/\/i0.wp.com\/paulinenaue.info\/wp-content\/uploads\/2023\/04\/Paulinenaue-Sportplatz-o.J.-ca.-1960.jpeg?resize=350%2C200&ssl=1 1x, https:\/\/i0.wp.com\/paulinenaue.info\/wp-content\/uploads\/2023\/04\/Paulinenaue-Sportplatz-o.J.-ca.-1960.jpeg?resize=525%2C300&ssl=1 1.5x, https:\/\/i0.wp.com\/paulinenaue.info\/wp-content\/uploads\/2023\/04\/Paulinenaue-Sportplatz-o.J.-ca.-1960.jpeg?resize=700%2C400&ssl=1 2x"},"classes":[]},{"id":203,"url":"https:\/\/paulinenaue.info\/index.php\/die-schwarze-martha\/","url_meta":{"origin":415440,"position":4},"title":"Die \u201eSchwarze Martha\u201c \u2013 Wer sind die Paulinenauer M\u00e4dchen auf dem Foto von 1930?","author":"Joachim Scholz","date":"29. August 2012","format":false,"excerpt":"Anfang des Jahres 2012 brachte die Digitalisierung des Bildarchivs des Paulinenauer Landwirtschaftsinstitutes eine von Georg Drasch\u00e9 abfotografierte alte Chronik des Paulinenauer Sportvereins\u00a0zu Tage. Unter den Negativen war auch das Bild einer Gruppe M\u00e4dchen, die in bequemen Gew\u00e4ndern in freier Natur vor der Kamera posiert. Wer sie sind und wann und\u2026","rel":"","context":"In &quot;Hier Zuhause&quot;","block_context":{"text":"Hier Zuhause","link":"https:\/\/paulinenaue.info\/index.php\/category\/hier-zuhause\/"},"img":{"alt_text":"","src":"https:\/\/i0.wp.com\/paulinenaue.info\/wp-content\/uploads\/2012\/08\/Schwarze-Martha-1930.jpg?resize=350%2C200&ssl=1","width":350,"height":200,"srcset":"https:\/\/i0.wp.com\/paulinenaue.info\/wp-content\/uploads\/2012\/08\/Schwarze-Martha-1930.jpg?resize=350%2C200&ssl=1 1x, https:\/\/i0.wp.com\/paulinenaue.info\/wp-content\/uploads\/2012\/08\/Schwarze-Martha-1930.jpg?resize=525%2C300&ssl=1 1.5x, https:\/\/i0.wp.com\/paulinenaue.info\/wp-content\/uploads\/2012\/08\/Schwarze-Martha-1930.jpg?resize=700%2C400&ssl=1 2x, https:\/\/i0.wp.com\/paulinenaue.info\/wp-content\/uploads\/2012\/08\/Schwarze-Martha-1930.jpg?resize=1050%2C600&ssl=1 3x"},"classes":[]},{"id":416490,"url":"https:\/\/paulinenaue.info\/index.php\/waehlerpruppe-sportverein-kommunalwahl\/","url_meta":{"origin":415440,"position":5},"title":"W\u00e4hlerpruppe Sportverein &#8211; Kommunalwahl","author":"Christian Schaller","date":"8. Juni 2024","format":false,"excerpt":"","rel":"","context":"In &quot;Allgemein&quot;","block_context":{"text":"Allgemein","link":"https:\/\/paulinenaue.info\/index.php\/category\/allgemein\/"},"img":{"alt_text":"","src":"https:\/\/i0.wp.com\/paulinenaue.info\/wp-content\/uploads\/2024\/06\/ptsv1.jpg?resize=350%2C200&ssl=1","width":350,"height":200,"srcset":"https:\/\/i0.wp.com\/paulinenaue.info\/wp-content\/uploads\/2024\/06\/ptsv1.jpg?resize=350%2C200&ssl=1 1x, https:\/\/i0.wp.com\/paulinenaue.info\/wp-content\/uploads\/2024\/06\/ptsv1.jpg?resize=525%2C300&ssl=1 1.5x, https:\/\/i0.wp.com\/paulinenaue.info\/wp-content\/uploads\/2024\/06\/ptsv1.jpg?resize=700%2C400&ssl=1 2x, https:\/\/i0.wp.com\/paulinenaue.info\/wp-content\/uploads\/2024\/06\/ptsv1.jpg?resize=1050%2C600&ssl=1 3x, https:\/\/i0.wp.com\/paulinenaue.info\/wp-content\/uploads\/2024\/06\/ptsv1.jpg?resize=1400%2C800&ssl=1 4x"},"classes":[]}],"_links":{"self":[{"href":"https:\/\/paulinenaue.info\/index.php\/wp-json\/wp\/v2\/posts\/415440","targetHints":{"allow":["GET"]}}],"collection":[{"href":"https:\/\/paulinenaue.info\/index.php\/wp-json\/wp\/v2\/posts"}],"about":[{"href":"https:\/\/paulinenaue.info\/index.php\/wp-json\/wp\/v2\/types\/post"}],"author":[{"embeddable":true,"href":"https:\/\/paulinenaue.info\/index.php\/wp-json\/wp\/v2\/users\/1"}],"replies":[{"embeddable":true,"href":"https:\/\/paulinenaue.info\/index.php\/wp-json\/wp\/v2\/comments?post=415440"}],"version-history":[{"count":49,"href":"https:\/\/paulinenaue.info\/index.php\/wp-json\/wp\/v2\/posts\/415440\/revisions"}],"predecessor-version":[{"id":415581,"href":"https:\/\/paulinenaue.info\/index.php\/wp-json\/wp\/v2\/posts\/415440\/revisions\/415581"}],"wp:featuredmedia":[{"embeddable":true,"href":"https:\/\/paulinenaue.info\/index.php\/wp-json\/wp\/v2\/media\/415464"}],"wp:attachment":[{"href":"https:\/\/paulinenaue.info\/index.php\/wp-json\/wp\/v2\/media?parent=415440"}],"wp:term":[{"taxonomy":"category","embeddable":true,"href":"https:\/\/paulinenaue.info\/index.php\/wp-json\/wp\/v2\/categories?post=415440"},{"taxonomy":"post_tag","embeddable":true,"href":"https:\/\/paulinenaue.info\/index.php\/wp-json\/wp\/v2\/tags?post=415440"}],"curies":[{"name":"wp","href":"https:\/\/api.w.org\/{rel}","templated":true}]}}