{"id":415620,"date":"2013-12-07T23:41:49","date_gmt":"2013-12-07T22:41:49","guid":{"rendered":"https:\/\/paulinenaue.info\/?p=415620"},"modified":"2023-12-14T13:18:44","modified_gmt":"2023-12-14T12:18:44","slug":"zum-ersten-zum-zweiten-zu-den-drei-landkreisen","status":"publish","type":"post","link":"https:\/\/paulinenaue.info\/index.php\/zum-ersten-zum-zweiten-zu-den-drei-landkreisen\/","title":{"rendered":"Zum ersten, zum zweiten &#8211; Zu den drei Landkreisen"},"content":{"rendered":"<h3>Das Paulinenauer Gasthaus wird versteigert<\/h3>\n<p>2012 lief es nicht gut f\u00fcr einige \u00f6ffentliche Einrichtungen von Paulinenaue. Es traf vor allem H\u00e4user mit Tradition. Im Laufe des Jahres schwanden die Hoffnungen auf eine baldige Sanierung des Bahnhofsgeb\u00e4udes und als im Dezember die Fleischerei dicht machte, hatte das Gasthaus \u201eZu den drei Landkreisen\u201c schon einige Wochen geschlossen. Nun steht es als \u201eWohn- und Gesch\u00e4ftshaus mit seitlichen flachen Anbauten und Nebengeb\u00e4ude\u201c im Angebot eines Auktionshauses im Internet. Ausgerechnet am Freitag, dem 13. Dezember soll es in Berlin versteigert werden.<\/p>\n<div id=\"attachment_415621\" style=\"width: 610px\" class=\"wp-caption alignnone\"><a href=\"https:\/\/paulinenaue.info\/wp-content\/uploads\/2023\/12\/1901-09-22-Zu-den-drei-Landkreisen-01.jpg\"><img decoding=\"async\" aria-describedby=\"caption-attachment-415621\" data-attachment-id=\"415621\" data-permalink=\"https:\/\/paulinenaue.info\/index.php\/zum-ersten-zum-zweiten-zu-den-drei-landkreisen\/1901-09-22-zu-den-drei-landkreisen-01\/\" data-orig-file=\"https:\/\/paulinenaue.info\/wp-content\/uploads\/2023\/12\/1901-09-22-Zu-den-drei-Landkreisen-01.jpg\" data-orig-size=\"1000,430\" data-comments-opened=\"1\" data-image-meta=\"{&quot;aperture&quot;:&quot;0&quot;,&quot;credit&quot;:&quot;&quot;,&quot;camera&quot;:&quot;&quot;,&quot;caption&quot;:&quot;&quot;,&quot;created_timestamp&quot;:&quot;0&quot;,&quot;copyright&quot;:&quot;&quot;,&quot;focal_length&quot;:&quot;0&quot;,&quot;iso&quot;:&quot;0&quot;,&quot;shutter_speed&quot;:&quot;0&quot;,&quot;title&quot;:&quot;&quot;,&quot;orientation&quot;:&quot;1&quot;}\" data-image-title=\"1901-09-22, Zu den drei Landkreisen, 01\" data-image-description=\"&lt;p&gt;Das Gasthaus \u201eZu den drei Landkreisen\u201c auf einer Postkarte aus dem  Jahre 1901.&lt;\/p&gt;\n\" data-image-caption=\"&lt;p&gt;Das Gasthaus \u201eZu den drei Landkreisen\u201c im Jahre 1901. Laut Anzeige wurde es erst 22 Jahre sp\u00e4ter erbaut. Foto: Sammlung Joachim Scholz.&lt;\/p&gt;\n\" data-large-file=\"https:\/\/paulinenaue.info\/wp-content\/uploads\/2023\/12\/1901-09-22-Zu-den-drei-Landkreisen-01.jpg\" class=\"lazyload wp-image-415621 size-fusion-600\" src=\"https:\/\/paulinenaue.info\/wp-content\/uploads\/2023\/12\/1901-09-22-Zu-den-drei-Landkreisen-01-600x258.jpg\" data-orig-src=\"https:\/\/paulinenaue.info\/wp-content\/uploads\/2023\/12\/1901-09-22-Zu-den-drei-Landkreisen-01-600x258.jpg\" alt=\"\" width=\"600\" height=\"258\" srcset=\"data:image\/svg+xml,%3Csvg%20xmlns%3D%27http%3A%2F%2Fwww.w3.org%2F2000%2Fsvg%27%20width%3D%27600%27%20height%3D%27258%27%20viewBox%3D%270%200%20600%20258%27%3E%3Crect%20width%3D%27600%27%20height%3D%27258%27%20fill-opacity%3D%220%22%2F%3E%3C%2Fsvg%3E\" data-srcset=\"https:\/\/paulinenaue.info\/wp-content\/uploads\/2023\/12\/1901-09-22-Zu-den-drei-Landkreisen-01-200x86.jpg 200w, https:\/\/paulinenaue.info\/wp-content\/uploads\/2023\/12\/1901-09-22-Zu-den-drei-Landkreisen-01-300x129.jpg 300w, https:\/\/paulinenaue.info\/wp-content\/uploads\/2023\/12\/1901-09-22-Zu-den-drei-Landkreisen-01-400x172.jpg 400w, https:\/\/paulinenaue.info\/wp-content\/uploads\/2023\/12\/1901-09-22-Zu-den-drei-Landkreisen-01-600x258.jpg 600w, https:\/\/paulinenaue.info\/wp-content\/uploads\/2023\/12\/1901-09-22-Zu-den-drei-Landkreisen-01-768x330.jpg 768w, https:\/\/paulinenaue.info\/wp-content\/uploads\/2023\/12\/1901-09-22-Zu-den-drei-Landkreisen-01-800x344.jpg 800w, https:\/\/paulinenaue.info\/wp-content\/uploads\/2023\/12\/1901-09-22-Zu-den-drei-Landkreisen-01.jpg 1000w\" data-sizes=\"auto\" data-orig-sizes=\"(max-width: 600px) 100vw, 600px\" \/><\/a><p id=\"caption-attachment-415621\" class=\"wp-caption-text\"><em>Das Gasthaus \u201eZu den drei Landkreisen\u201c im Jahre 1901. Laut Anzeige wurde es erst 22 Jahre sp\u00e4ter erbaut. Foto: Sammlung Joachim Scholz.<\/em><\/p><\/div>\n<p>Das Angebot, das als \u201eMehrfamilienhaus\u201c\u00a0auch beim Online-Auktionshaus\u00a0Ebay eingestellt wurde<a title=\"Paulinenaues Gasthaus bei Ebay\" href=\"http:\/\/www.ebay.de\/itm\/Haus-Mehrfamilienhaus-kaufen-in-Paulinenaue-\/390718339153?pt=Wohnen&amp;hash=item5af8a0b851\">,<\/a>\u00a0ist vielleicht verlockend, vielleicht auch nicht. Wer nicht jeden Tag ein Gasthaus kauft, kann nicht einsch\u00e4tzen, ob 8000 \u20ac ein Schn\u00e4ppchen oder zu viel verlangt sind. Bei der Lekt\u00fcre der Objektbeschreibung err\u00e4t man aber schnell, dass viel zu tun sein w\u00fcrde, wollte man aus dem sanierungsbed\u00fcrftigen Kasten wieder ein Gasthaus machen: \u201eDach stellenweise defekt mit Sch\u00e4dlingsbefall, Nebengeb\u00e4ude und Saalanbau mit Wellasbesteindeckung. Insgesamt stark sanierungsbed\u00fcrftiger Zustand der Aufbauten. Saalanbau evt. Hausschwammbefall. Das Objekt ist von allen Medien getrennt.\u201c In der Anzeige wird wenig gesch\u00f6nt, am auff\u00e4lligsten ist noch der Fehler in der Angabe des Baujahres 1923. Da stand das 1886 errichtete Haus schon fast 40 Jahre und richtete die Gr\u00fcndung des Sportvereins aus. Zweifellos ein Haus mit Tradition.<\/p>\n<div id=\"attachment_415622\" style=\"width: 610px\" class=\"wp-caption alignnone\"><a href=\"https:\/\/paulinenaue.info\/wp-content\/uploads\/2023\/12\/2013-12-01-Gasthaus-zu-den-drei-Landkreisen.jpeg\"><img decoding=\"async\" aria-describedby=\"caption-attachment-415622\" data-attachment-id=\"415622\" data-permalink=\"https:\/\/paulinenaue.info\/index.php\/zum-ersten-zum-zweiten-zu-den-drei-landkreisen\/gasthaus-zu-den-drei-landkreisen-in-paulinenaue-im-dezember-2013\/\" data-orig-file=\"https:\/\/paulinenaue.info\/wp-content\/uploads\/2023\/12\/2013-12-01-Gasthaus-zu-den-drei-Landkreisen.jpeg\" data-orig-size=\"1000,563\" data-comments-opened=\"1\" data-image-meta=\"{&quot;aperture&quot;:&quot;4&quot;,&quot;credit&quot;:&quot;&quot;,&quot;camera&quot;:&quot;DSC-HX1&quot;,&quot;caption&quot;:&quot;Das Gasthaus \\u201eZu den drei Landkreisen\\u201c in Paulinenaue im Dezember 2013. Damals wurde es versteigert.&quot;,&quot;created_timestamp&quot;:&quot;1385895320&quot;,&quot;copyright&quot;:&quot;&quot;,&quot;focal_length&quot;:&quot;10.6&quot;,&quot;iso&quot;:&quot;125&quot;,&quot;shutter_speed&quot;:&quot;0.004&quot;,&quot;title&quot;:&quot;Gasthaus Zu den drei Landkreisen in Paulinenaue im Dezember 2013&quot;,&quot;orientation&quot;:&quot;0&quot;}\" data-image-title=\"Gasthaus Zu den drei Landkreisen in Paulinenaue im Dezember 2013\" data-image-description=\"&lt;p&gt;Paulinenaue im Dezember 2013. Damals wurde es versteigert.&lt;\/p&gt;\n\" data-image-caption=\"&lt;p&gt;Das Gasthaus \u201eZu den drei Landkreisen\u201c in Das mitten in Paulinenaue gelegene Gasthaus heute. Der Saalanbau rechts wurde 1933 als Versammlungsort f\u00fcr den Reichsarbeitsdienst angebaut. Foto: J. Scholz, 2013.&lt;\/p&gt;\n\" data-large-file=\"https:\/\/paulinenaue.info\/wp-content\/uploads\/2023\/12\/2013-12-01-Gasthaus-zu-den-drei-Landkreisen.jpeg\" class=\"lazyload size-fusion-600 wp-image-415622\" src=\"https:\/\/paulinenaue.info\/wp-content\/uploads\/2023\/12\/2013-12-01-Gasthaus-zu-den-drei-Landkreisen-600x338.jpeg\" data-orig-src=\"https:\/\/paulinenaue.info\/wp-content\/uploads\/2023\/12\/2013-12-01-Gasthaus-zu-den-drei-Landkreisen-600x338.jpeg\" alt=\"\" width=\"600\" height=\"338\" srcset=\"data:image\/svg+xml,%3Csvg%20xmlns%3D%27http%3A%2F%2Fwww.w3.org%2F2000%2Fsvg%27%20width%3D%27600%27%20height%3D%27338%27%20viewBox%3D%270%200%20600%20338%27%3E%3Crect%20width%3D%27600%27%20height%3D%27338%27%20fill-opacity%3D%220%22%2F%3E%3C%2Fsvg%3E\" data-srcset=\"https:\/\/paulinenaue.info\/wp-content\/uploads\/2023\/12\/2013-12-01-Gasthaus-zu-den-drei-Landkreisen-200x113.jpeg 200w, https:\/\/paulinenaue.info\/wp-content\/uploads\/2023\/12\/2013-12-01-Gasthaus-zu-den-drei-Landkreisen-300x169.jpeg 300w, https:\/\/paulinenaue.info\/wp-content\/uploads\/2023\/12\/2013-12-01-Gasthaus-zu-den-drei-Landkreisen-400x225.jpeg 400w, https:\/\/paulinenaue.info\/wp-content\/uploads\/2023\/12\/2013-12-01-Gasthaus-zu-den-drei-Landkreisen-600x338.jpeg 600w, https:\/\/paulinenaue.info\/wp-content\/uploads\/2023\/12\/2013-12-01-Gasthaus-zu-den-drei-Landkreisen-768x432.jpeg 768w, https:\/\/paulinenaue.info\/wp-content\/uploads\/2023\/12\/2013-12-01-Gasthaus-zu-den-drei-Landkreisen-800x450.jpeg 800w, https:\/\/paulinenaue.info\/wp-content\/uploads\/2023\/12\/2013-12-01-Gasthaus-zu-den-drei-Landkreisen.jpeg 1000w\" data-sizes=\"auto\" data-orig-sizes=\"(max-width: 600px) 100vw, 600px\" \/><\/a><p id=\"caption-attachment-415622\" class=\"wp-caption-text\"><em>Das mitten in Paulinenaue gelegene Gasthaus heute. Der Saalanbau rechts wurde 1933 als Versammlungsort f\u00fcr den Reichsarbeitsdienst angebaut. Foto: J. Scholz, 2013.<\/em><\/p><\/div>\n<p>In der Gemeinde war von der Verkaufsabsicht f\u00fcr den Gasthof bis zur letzten Woche nichts bekannt, so Peter Pollack, stellvertretender B\u00fcrgermeister. Man werde sich \u2013 wie beim Bahnhof \u2013 um eine Auflage bem\u00fchen, die einen Verkauf an politisch rechte Personen und Organisationen ausschlie\u00dft.<\/p>\n<div class=\"mceTemp\"><\/div>\n","protected":false},"excerpt":{"rendered":"<p>Das Paulinenauer Gasthaus wird versteigert 2012 lief es nicht gut [&hellip;]<\/p>\n","protected":false},"author":1,"featured_media":415622,"comment_status":"open","ping_status":"open","sticky":false,"template":"","format":"standard","meta":{"_acf_changed":false,"_price":"","_stock":"","_tribe_ticket_header":"","_tribe_default_ticket_provider":"","_tribe_ticket_capacity":"0","_ticket_start_date":"","_ticket_end_date":"","_tribe_ticket_show_description":"","_tribe_ticket_show_not_going":false,"_tribe_ticket_use_global_stock":"","_tribe_ticket_global_stock_level":"","_global_stock_mode":"","_global_stock_cap":"","_tribe_rsvp_for_event":"","_tribe_ticket_going_count":"","_tribe_ticket_not_going_count":"","_tribe_tickets_list":"[]","_tribe_ticket_has_attendee_info_fields":false,"jetpack_post_was_ever_published":false,"_jetpack_newsletter_access":"","_jetpack_dont_email_post_to_subs":false,"_jetpack_newsletter_tier_id":0,"_jetpack_memberships_contains_paywalled_content":false,"_jetpack_memberships_contains_paid_content":false,"footnotes":"","jetpack_publicize_message":"","jetpack_publicize_feature_enabled":true,"jetpack_social_post_already_shared":true,"jetpack_social_options":{"image_generator_settings":{"template":"highway","default_image_id":0,"font":"","enabled":false},"version":2}},"categories":[1,40,404,6,7,9,25],"tags":[451,522],"class_list":["post-415620","post","type-post","status-publish","format-standard","has-post-thumbnail","hentry","category-allgemein","category-dorfentwicklung","category-gastronomie","category-hier-zuhause","category-historie","category-neuigkeiten","category-wirtschaft","tag-gasthaus","tag-immobilien"],"acf":[],"yoast_head":"<!-- This site is optimized with the Yoast SEO plugin v27.5 - https:\/\/yoast.com\/product\/yoast-seo-wordpress\/ -->\n<title>Zum ersten, zum zweiten - Zu den drei Landkreisen - Paulinenaue<\/title>\n<meta name=\"description\" content=\"Artikel aus dem Archiv: Im Dezember 2013 wurde das Paulinenauer Gasthaus \u201eZu den drei Landkreisen\u201c im Internet versteigert.\" \/>\n<meta name=\"robots\" content=\"index, follow, max-snippet:-1, max-image-preview:large, max-video-preview:-1\" \/>\n<link rel=\"canonical\" href=\"https:\/\/paulinenaue.info\/index.php\/zum-ersten-zum-zweiten-zu-den-drei-landkreisen\/\" \/>\n<meta property=\"og:locale\" content=\"de_DE\" \/>\n<meta property=\"og:type\" content=\"article\" \/>\n<meta property=\"og:title\" content=\"Zum ersten, zum zweiten - Zu den drei Landkreisen - Paulinenaue\" \/>\n<meta property=\"og:description\" content=\"Artikel aus dem Archiv: Im Dezember 2013 wurde das Paulinenauer Gasthaus \u201eZu den drei Landkreisen\u201c im Internet versteigert.\" \/>\n<meta property=\"og:url\" content=\"https:\/\/paulinenaue.info\/index.php\/zum-ersten-zum-zweiten-zu-den-drei-landkreisen\/\" \/>\n<meta property=\"og:site_name\" content=\"Paulinenaue\" \/>\n<meta property=\"article:published_time\" content=\"2013-12-07T22:41:49+00:00\" \/>\n<meta property=\"article:modified_time\" content=\"2023-12-14T12:18:44+00:00\" \/>\n<meta property=\"og:image\" content=\"https:\/\/paulinenaue.info\/wp-content\/uploads\/2023\/12\/2013-12-01-Gasthaus-zu-den-drei-Landkreisen.jpeg\" \/>\n\t<meta property=\"og:image:width\" content=\"1000\" \/>\n\t<meta property=\"og:image:height\" content=\"563\" \/>\n\t<meta property=\"og:image:type\" content=\"image\/jpeg\" \/>\n<meta name=\"author\" content=\"Joachim Scholz\" \/>\n<meta name=\"twitter:card\" content=\"summary_large_image\" \/>\n<meta name=\"twitter:label1\" content=\"Verfasst von\" \/>\n\t<meta name=\"twitter:data1\" content=\"Joachim Scholz\" \/>\n\t<meta name=\"twitter:label2\" content=\"Gesch\u00e4tzte Lesezeit\" \/>\n\t<meta name=\"twitter:data2\" content=\"3\u00a0Minuten\" \/>\n<script type=\"application\/ld+json\" class=\"yoast-schema-graph\">{\"@context\":\"https:\\\/\\\/schema.org\",\"@graph\":[{\"@type\":\"Article\",\"@id\":\"https:\\\/\\\/paulinenaue.info\\\/index.php\\\/zum-ersten-zum-zweiten-zu-den-drei-landkreisen\\\/#article\",\"isPartOf\":{\"@id\":\"https:\\\/\\\/paulinenaue.info\\\/index.php\\\/zum-ersten-zum-zweiten-zu-den-drei-landkreisen\\\/\"},\"author\":{\"name\":\"Joachim Scholz\",\"@id\":\"https:\\\/\\\/paulinenaue.info\\\/#\\\/schema\\\/person\\\/3f9e818fd7b69b0d2bd937ac506897cc\"},\"headline\":\"Zum ersten, zum zweiten &#8211; Zu den drei Landkreisen\",\"datePublished\":\"2013-12-07T22:41:49+00:00\",\"dateModified\":\"2023-12-14T12:18:44+00:00\",\"mainEntityOfPage\":{\"@id\":\"https:\\\/\\\/paulinenaue.info\\\/index.php\\\/zum-ersten-zum-zweiten-zu-den-drei-landkreisen\\\/\"},\"wordCount\":334,\"commentCount\":0,\"image\":{\"@id\":\"https:\\\/\\\/paulinenaue.info\\\/index.php\\\/zum-ersten-zum-zweiten-zu-den-drei-landkreisen\\\/#primaryimage\"},\"thumbnailUrl\":\"https:\\\/\\\/paulinenaue.info\\\/wp-content\\\/uploads\\\/2023\\\/12\\\/2013-12-01-Gasthaus-zu-den-drei-Landkreisen.jpeg\",\"keywords\":[\"Gasthaus\",\"Immobilien\"],\"articleSection\":{\"1\":\"Dorfentwicklung\",\"2\":\"Gastronomie\",\"3\":\"Hier Zuhause\",\"4\":\"Historie\",\"5\":\"Neuigkeiten\",\"6\":\"Wirtschaft\"},\"inLanguage\":\"de\",\"potentialAction\":[{\"@type\":\"CommentAction\",\"name\":\"Comment\",\"target\":[\"https:\\\/\\\/paulinenaue.info\\\/index.php\\\/zum-ersten-zum-zweiten-zu-den-drei-landkreisen\\\/#respond\"]}]},{\"@type\":\"WebPage\",\"@id\":\"https:\\\/\\\/paulinenaue.info\\\/index.php\\\/zum-ersten-zum-zweiten-zu-den-drei-landkreisen\\\/\",\"url\":\"https:\\\/\\\/paulinenaue.info\\\/index.php\\\/zum-ersten-zum-zweiten-zu-den-drei-landkreisen\\\/\",\"name\":\"Zum ersten, zum zweiten - Zu den drei Landkreisen - Paulinenaue\",\"isPartOf\":{\"@id\":\"https:\\\/\\\/paulinenaue.info\\\/#website\"},\"primaryImageOfPage\":{\"@id\":\"https:\\\/\\\/paulinenaue.info\\\/index.php\\\/zum-ersten-zum-zweiten-zu-den-drei-landkreisen\\\/#primaryimage\"},\"image\":{\"@id\":\"https:\\\/\\\/paulinenaue.info\\\/index.php\\\/zum-ersten-zum-zweiten-zu-den-drei-landkreisen\\\/#primaryimage\"},\"thumbnailUrl\":\"https:\\\/\\\/paulinenaue.info\\\/wp-content\\\/uploads\\\/2023\\\/12\\\/2013-12-01-Gasthaus-zu-den-drei-Landkreisen.jpeg\",\"datePublished\":\"2013-12-07T22:41:49+00:00\",\"dateModified\":\"2023-12-14T12:18:44+00:00\",\"author\":{\"@id\":\"https:\\\/\\\/paulinenaue.info\\\/#\\\/schema\\\/person\\\/3f9e818fd7b69b0d2bd937ac506897cc\"},\"description\":\"Artikel aus dem Archiv: Im Dezember 2013 wurde das Paulinenauer Gasthaus \u201eZu den drei Landkreisen\u201c im Internet versteigert.\",\"breadcrumb\":{\"@id\":\"https:\\\/\\\/paulinenaue.info\\\/index.php\\\/zum-ersten-zum-zweiten-zu-den-drei-landkreisen\\\/#breadcrumb\"},\"inLanguage\":\"de\",\"potentialAction\":[{\"@type\":\"ReadAction\",\"target\":[\"https:\\\/\\\/paulinenaue.info\\\/index.php\\\/zum-ersten-zum-zweiten-zu-den-drei-landkreisen\\\/\"]}]},{\"@type\":\"ImageObject\",\"inLanguage\":\"de\",\"@id\":\"https:\\\/\\\/paulinenaue.info\\\/index.php\\\/zum-ersten-zum-zweiten-zu-den-drei-landkreisen\\\/#primaryimage\",\"url\":\"https:\\\/\\\/paulinenaue.info\\\/wp-content\\\/uploads\\\/2023\\\/12\\\/2013-12-01-Gasthaus-zu-den-drei-Landkreisen.jpeg\",\"contentUrl\":\"https:\\\/\\\/paulinenaue.info\\\/wp-content\\\/uploads\\\/2023\\\/12\\\/2013-12-01-Gasthaus-zu-den-drei-Landkreisen.jpeg\",\"width\":1000,\"height\":563,\"caption\":\"Das Gasthaus \u201eZu den drei Landkreisen\u201c in Das mitten in Paulinenaue gelegene Gasthaus heute. Der Saalanbau rechts wurde 1933 als Versammlungsort f\u00fcr den Reichsarbeitsdienst angebaut. Foto: J. Scholz, 2013.\"},{\"@type\":\"BreadcrumbList\",\"@id\":\"https:\\\/\\\/paulinenaue.info\\\/index.php\\\/zum-ersten-zum-zweiten-zu-den-drei-landkreisen\\\/#breadcrumb\",\"itemListElement\":[{\"@type\":\"ListItem\",\"position\":1,\"name\":\"Home\",\"item\":\"https:\\\/\\\/paulinenaue.info\\\/\"},{\"@type\":\"ListItem\",\"position\":2,\"name\":\"Zum ersten, zum zweiten &#8211; Zu den drei Landkreisen\"}]},{\"@type\":\"WebSite\",\"@id\":\"https:\\\/\\\/paulinenaue.info\\\/#website\",\"url\":\"https:\\\/\\\/paulinenaue.info\\\/\",\"name\":\"Paulinenaue\",\"description\":\"Ein Dorf im Havelland\",\"potentialAction\":[{\"@type\":\"SearchAction\",\"target\":{\"@type\":\"EntryPoint\",\"urlTemplate\":\"https:\\\/\\\/paulinenaue.info\\\/?s={search_term_string}\"},\"query-input\":{\"@type\":\"PropertyValueSpecification\",\"valueRequired\":true,\"valueName\":\"search_term_string\"}}],\"inLanguage\":\"de\"},{\"@type\":\"Person\",\"@id\":\"https:\\\/\\\/paulinenaue.info\\\/#\\\/schema\\\/person\\\/3f9e818fd7b69b0d2bd937ac506897cc\",\"name\":\"Joachim Scholz\",\"url\":\"https:\\\/\\\/paulinenaue.info\\\/index.php\\\/author\\\/jjscholz\\\/\"}]}<\/script>\n<!-- \/ Yoast SEO plugin. -->","yoast_head_json":{"title":"Zum ersten, zum zweiten - Zu den drei Landkreisen - Paulinenaue","description":"Artikel aus dem Archiv: Im Dezember 2013 wurde das Paulinenauer Gasthaus \u201eZu den drei Landkreisen\u201c im Internet versteigert.","robots":{"index":"index","follow":"follow","max-snippet":"max-snippet:-1","max-image-preview":"max-image-preview:large","max-video-preview":"max-video-preview:-1"},"canonical":"https:\/\/paulinenaue.info\/index.php\/zum-ersten-zum-zweiten-zu-den-drei-landkreisen\/","og_locale":"de_DE","og_type":"article","og_title":"Zum ersten, zum zweiten - Zu den drei Landkreisen - Paulinenaue","og_description":"Artikel aus dem Archiv: Im Dezember 2013 wurde das Paulinenauer Gasthaus \u201eZu den drei Landkreisen\u201c im Internet versteigert.","og_url":"https:\/\/paulinenaue.info\/index.php\/zum-ersten-zum-zweiten-zu-den-drei-landkreisen\/","og_site_name":"Paulinenaue","article_published_time":"2013-12-07T22:41:49+00:00","article_modified_time":"2023-12-14T12:18:44+00:00","og_image":[{"width":1000,"height":563,"url":"https:\/\/paulinenaue.info\/wp-content\/uploads\/2023\/12\/2013-12-01-Gasthaus-zu-den-drei-Landkreisen.jpeg","type":"image\/jpeg"}],"author":"Joachim Scholz","twitter_card":"summary_large_image","twitter_misc":{"Verfasst von":"Joachim Scholz","Gesch\u00e4tzte Lesezeit":"3\u00a0Minuten"},"schema":{"@context":"https:\/\/schema.org","@graph":[{"@type":"Article","@id":"https:\/\/paulinenaue.info\/index.php\/zum-ersten-zum-zweiten-zu-den-drei-landkreisen\/#article","isPartOf":{"@id":"https:\/\/paulinenaue.info\/index.php\/zum-ersten-zum-zweiten-zu-den-drei-landkreisen\/"},"author":{"name":"Joachim Scholz","@id":"https:\/\/paulinenaue.info\/#\/schema\/person\/3f9e818fd7b69b0d2bd937ac506897cc"},"headline":"Zum ersten, zum zweiten &#8211; Zu den drei Landkreisen","datePublished":"2013-12-07T22:41:49+00:00","dateModified":"2023-12-14T12:18:44+00:00","mainEntityOfPage":{"@id":"https:\/\/paulinenaue.info\/index.php\/zum-ersten-zum-zweiten-zu-den-drei-landkreisen\/"},"wordCount":334,"commentCount":0,"image":{"@id":"https:\/\/paulinenaue.info\/index.php\/zum-ersten-zum-zweiten-zu-den-drei-landkreisen\/#primaryimage"},"thumbnailUrl":"https:\/\/paulinenaue.info\/wp-content\/uploads\/2023\/12\/2013-12-01-Gasthaus-zu-den-drei-Landkreisen.jpeg","keywords":["Gasthaus","Immobilien"],"articleSection":{"1":"Dorfentwicklung","2":"Gastronomie","3":"Hier Zuhause","4":"Historie","5":"Neuigkeiten","6":"Wirtschaft"},"inLanguage":"de","potentialAction":[{"@type":"CommentAction","name":"Comment","target":["https:\/\/paulinenaue.info\/index.php\/zum-ersten-zum-zweiten-zu-den-drei-landkreisen\/#respond"]}]},{"@type":"WebPage","@id":"https:\/\/paulinenaue.info\/index.php\/zum-ersten-zum-zweiten-zu-den-drei-landkreisen\/","url":"https:\/\/paulinenaue.info\/index.php\/zum-ersten-zum-zweiten-zu-den-drei-landkreisen\/","name":"Zum ersten, zum zweiten - Zu den drei Landkreisen - Paulinenaue","isPartOf":{"@id":"https:\/\/paulinenaue.info\/#website"},"primaryImageOfPage":{"@id":"https:\/\/paulinenaue.info\/index.php\/zum-ersten-zum-zweiten-zu-den-drei-landkreisen\/#primaryimage"},"image":{"@id":"https:\/\/paulinenaue.info\/index.php\/zum-ersten-zum-zweiten-zu-den-drei-landkreisen\/#primaryimage"},"thumbnailUrl":"https:\/\/paulinenaue.info\/wp-content\/uploads\/2023\/12\/2013-12-01-Gasthaus-zu-den-drei-Landkreisen.jpeg","datePublished":"2013-12-07T22:41:49+00:00","dateModified":"2023-12-14T12:18:44+00:00","author":{"@id":"https:\/\/paulinenaue.info\/#\/schema\/person\/3f9e818fd7b69b0d2bd937ac506897cc"},"description":"Artikel aus dem Archiv: Im Dezember 2013 wurde das Paulinenauer Gasthaus \u201eZu den drei Landkreisen\u201c im Internet versteigert.","breadcrumb":{"@id":"https:\/\/paulinenaue.info\/index.php\/zum-ersten-zum-zweiten-zu-den-drei-landkreisen\/#breadcrumb"},"inLanguage":"de","potentialAction":[{"@type":"ReadAction","target":["https:\/\/paulinenaue.info\/index.php\/zum-ersten-zum-zweiten-zu-den-drei-landkreisen\/"]}]},{"@type":"ImageObject","inLanguage":"de","@id":"https:\/\/paulinenaue.info\/index.php\/zum-ersten-zum-zweiten-zu-den-drei-landkreisen\/#primaryimage","url":"https:\/\/paulinenaue.info\/wp-content\/uploads\/2023\/12\/2013-12-01-Gasthaus-zu-den-drei-Landkreisen.jpeg","contentUrl":"https:\/\/paulinenaue.info\/wp-content\/uploads\/2023\/12\/2013-12-01-Gasthaus-zu-den-drei-Landkreisen.jpeg","width":1000,"height":563,"caption":"Das Gasthaus \u201eZu den drei Landkreisen\u201c in Das mitten in Paulinenaue gelegene Gasthaus heute. Der Saalanbau rechts wurde 1933 als Versammlungsort f\u00fcr den Reichsarbeitsdienst angebaut. Foto: J. Scholz, 2013."},{"@type":"BreadcrumbList","@id":"https:\/\/paulinenaue.info\/index.php\/zum-ersten-zum-zweiten-zu-den-drei-landkreisen\/#breadcrumb","itemListElement":[{"@type":"ListItem","position":1,"name":"Home","item":"https:\/\/paulinenaue.info\/"},{"@type":"ListItem","position":2,"name":"Zum ersten, zum zweiten &#8211; Zu den drei Landkreisen"}]},{"@type":"WebSite","@id":"https:\/\/paulinenaue.info\/#website","url":"https:\/\/paulinenaue.info\/","name":"Paulinenaue","description":"Ein Dorf im Havelland","potentialAction":[{"@type":"SearchAction","target":{"@type":"EntryPoint","urlTemplate":"https:\/\/paulinenaue.info\/?s={search_term_string}"},"query-input":{"@type":"PropertyValueSpecification","valueRequired":true,"valueName":"search_term_string"}}],"inLanguage":"de"},{"@type":"Person","@id":"https:\/\/paulinenaue.info\/#\/schema\/person\/3f9e818fd7b69b0d2bd937ac506897cc","name":"Joachim Scholz","url":"https:\/\/paulinenaue.info\/index.php\/author\/jjscholz\/"}]}},"jetpack_publicize_connections":[],"jetpack_featured_media_url":"https:\/\/paulinenaue.info\/wp-content\/uploads\/2023\/12\/2013-12-01-Gasthaus-zu-den-drei-Landkreisen.jpeg","jetpack_sharing_enabled":true,"jetpack_shortlink":"https:\/\/wp.me\/pcYhWA-1K7y","jetpack-related-posts":[{"id":25352,"url":"https:\/\/paulinenaue.info\/index.php\/gasthaus-zu-den-drei-landkreisen-hat-neue-inhaber\/","url_meta":{"origin":415620,"position":0},"title":"Gasthaus \u201eZu den drei Landkreisen\u201c hat neue Inhaber","author":"Joachim Scholz","date":"12. Januar 2008","format":false,"excerpt":"Das Gasthaus \u201eZu den drei Landkreisen\u201c hat am letzten Tag des alten Jahres 2007 neue Inhaber erhalten. Dieter und Renate Wolter aus Nauen haben sich Paulinenaues \u00e4ltestem Wirtsbetrieb (gegr. 1886) angenommen, um in ihn neues Leben einkehren zu lassen. Am 2. Februar 2008 veranstalten sie hier einen Faschingstanz, bei dem\u2026","rel":"","context":"In &quot;Allgemein&quot;","block_context":{"text":"Allgemein","link":"https:\/\/paulinenaue.info\/index.php\/category\/allgemein\/"},"img":{"alt_text":"","src":"https:\/\/i0.wp.com\/paulinenaue.info\/wp-content\/uploads\/2022\/02\/2008-01-11-Zu-den-drei-Landkreisen-01.jpg?resize=350%2C200&ssl=1","width":350,"height":200,"srcset":"https:\/\/i0.wp.com\/paulinenaue.info\/wp-content\/uploads\/2022\/02\/2008-01-11-Zu-den-drei-Landkreisen-01.jpg?resize=350%2C200&ssl=1 1x, https:\/\/i0.wp.com\/paulinenaue.info\/wp-content\/uploads\/2022\/02\/2008-01-11-Zu-den-drei-Landkreisen-01.jpg?resize=525%2C300&ssl=1 1.5x, https:\/\/i0.wp.com\/paulinenaue.info\/wp-content\/uploads\/2022\/02\/2008-01-11-Zu-den-drei-Landkreisen-01.jpg?resize=700%2C400&ssl=1 2x"},"classes":[]},{"id":6038,"url":"https:\/\/paulinenaue.info\/index.php\/aller-guten-dinge-sind-drei-paulinenaue-hat-ein-neues-restaurant\/","url_meta":{"origin":415620,"position":1},"title":"\u201eApne 3\u201c: Paulinenaue hat ein neues Restaurant","author":"Joachim Scholz","date":"11. Oktober 2021","format":false,"excerpt":"Das 1886 in Paulinenaue von Wilhelm Grabau er\u00f6ffnete Gasthaus \u201eZu den drei Landkreisen\u201c ist eines der \u00e4ltesten H\u00e4user von Paulinenaue. Es hat H\u00f6hen und Tiefen und manchen Neuanfang erlebt. Hier wurde 1923 der Paulinenauer Sportverein gegr\u00fcndet, im 1933 errichteten Saal lie\u00df P\u00e4chter Paul Eickhoff Reichsarbeitsdienstler aus Bienenfarm tanzen und es\u2026","rel":"","context":"In &quot;Allgemein&quot;","block_context":{"text":"Allgemein","link":"https:\/\/paulinenaue.info\/index.php\/category\/allgemein\/"},"img":{"alt_text":"","src":"https:\/\/i0.wp.com\/paulinenaue.info\/wp-content\/uploads\/2021\/10\/DSC04568.jpg?resize=350%2C200&ssl=1","width":350,"height":200,"srcset":"https:\/\/i0.wp.com\/paulinenaue.info\/wp-content\/uploads\/2021\/10\/DSC04568.jpg?resize=350%2C200&ssl=1 1x, https:\/\/i0.wp.com\/paulinenaue.info\/wp-content\/uploads\/2021\/10\/DSC04568.jpg?resize=525%2C300&ssl=1 1.5x, https:\/\/i0.wp.com\/paulinenaue.info\/wp-content\/uploads\/2021\/10\/DSC04568.jpg?resize=700%2C400&ssl=1 2x"},"classes":[]},{"id":105,"url":"https:\/\/paulinenaue.info\/index.php\/ptsv\/","url_meta":{"origin":415620,"position":2},"title":"90 Jahre Paulinenauer Turn- und Sportverein \u2013 Der PTSV feiert im Saal des Mehrzweckgeb\u00e4udes","author":"Joachim Scholz","date":"22. M\u00e4rz 2016","format":false,"excerpt":"Joachim Scholz 23.11.2013. Vor 90 Jahren wurde im Gasthaus \u201eZu den drei Landkreisen\u201c\u00a0der Paulinenauer Turn- und Sportverein gegr\u00fcndet. Das Gasthaus ist zur Zeit f\u00fcr ein Minimalgebot von 8000 \u20ac\u00a0zur Versteigerung ausgeschrieben, der PTSV aber steht in Flor und feiert. Seine G\u00e4ste lud der \u00e4lteste aktive Verein unseres Dorfes am Sonnabend\u2026","rel":"","context":"In &quot;PTSV&quot;","block_context":{"text":"PTSV","link":"https:\/\/paulinenaue.info\/index.php\/category\/ptsv\/"},"img":{"alt_text":"","src":"https:\/\/i0.wp.com\/paulinenaue.info\/wp-content\/uploads\/2016\/03\/20131124_ptsv_90_01.jpg?resize=350%2C200&ssl=1","width":350,"height":200},"classes":[]},{"id":160,"url":"https:\/\/paulinenaue.info\/index.php\/schulfest-zum-150-schuljubilaeum\/","url_meta":{"origin":415620,"position":3},"title":"Schulfest zum 150. Schuljubil\u00e4um","author":"Joachim Scholz","date":"22. M\u00e4rz 2016","format":false,"excerpt":"Joachim Scholz, Angelika Kellner 18.06.2011. Zum zweiten Mal schon hat sich gezeigt, dass es wohl keine bessere Gelegenheit zur Zusammenkunft vieler Paulinenauer gibt als ein Schulfest, denn kaum etwas anderes als die gemeinsam verbrachte Schulzeit verbindet so viele unterschiedliche Lebensgeschichten. Nach dem gro\u00dfen Erfolg vor f\u00fcnf Jahren hatten viele G\u00e4ste\u2026","rel":"","context":"In &quot;Grundschule&quot;","block_context":{"text":"Grundschule","link":"https:\/\/paulinenaue.info\/index.php\/category\/grundschule\/"},"img":{"alt_text":"","src":"https:\/\/i0.wp.com\/paulinenaue.info\/wp-content\/uploads\/2016\/03\/20110618_schulfest_04_ak.jpg?resize=350%2C200&ssl=1","width":350,"height":200},"classes":[]},{"id":999,"url":"https:\/\/paulinenaue.info\/index.php\/80-jahre-gemeinde-paulinenaue-eine-serie-zur-ortsgeschichte-teil-5\/","url_meta":{"origin":415620,"position":4},"title":"80 Jahre Gemeinde Paulinenaue \u2013 Eine Serie zur Ortsgeschichte (Teil 5)","author":"Sarah","date":"19. Juni 2017","format":false,"excerpt":"21.10.2004 Teil 5 Von Dr. Gabriele Metzner Die 20er und 30er Jahre Schauen wir uns an, was es 1924 schon an Geb\u00e4uden und damit Menschen in Paulinenaue gab. Viel, nach heutigem Ma\u00dfstab gemessen, war es nicht. Ein paar H\u00e4user entlang der Bahn, u.a. das \u201eGasthaus zu den drei Landkreisen\u201c, das\u2026","rel":"","context":"In &quot;Allgemein&quot;","block_context":{"text":"Allgemein","link":"https:\/\/paulinenaue.info\/index.php\/category\/allgemein\/"},"img":{"alt_text":"","src":"https:\/\/i0.wp.com\/paulinenaue.info\/wp-content\/uploads\/2017\/06\/1938_brandenburgerallee.jpg?resize=350%2C200&ssl=1","width":350,"height":200},"classes":[]},{"id":415382,"url":"https:\/\/paulinenaue.info\/index.php\/sport-frei-100-jahre-paulinenauer-turn-und-sportverein\/","url_meta":{"origin":415620,"position":5},"title":"Sport frei! \u2013 100 Jahre Paulinenauer Turn- und Sportverein","author":"Joachim Scholz","date":"25. November 2023","format":false,"excerpt":"Im Roman ,Drei Kameraden\u2018 l\u00e4sst der Schriftsteller Erich Maria Remarque seinen Protagonisten \u00fcber das Jahresende 1923 sagen: \u201eDas war in der Inflation. Zweihundert Billionen Mark hatte ich monatlich verdient. Zweimal am Tag gab es Geld und jedesmal eine halbe Stunde Urlaub, damit man in die L\u00e4den rasen und etwas kaufen\u2026","rel":"","context":"In &quot;Allgemein&quot;","block_context":{"text":"Allgemein","link":"https:\/\/paulinenaue.info\/index.php\/category\/allgemein\/"},"img":{"alt_text":"","src":"https:\/\/i0.wp.com\/paulinenaue.info\/wp-content\/uploads\/2023\/11\/1952_mannschaft_01.jpg?resize=350%2C200&ssl=1","width":350,"height":200,"srcset":"https:\/\/i0.wp.com\/paulinenaue.info\/wp-content\/uploads\/2023\/11\/1952_mannschaft_01.jpg?resize=350%2C200&ssl=1 1x, https:\/\/i0.wp.com\/paulinenaue.info\/wp-content\/uploads\/2023\/11\/1952_mannschaft_01.jpg?resize=525%2C300&ssl=1 1.5x, https:\/\/i0.wp.com\/paulinenaue.info\/wp-content\/uploads\/2023\/11\/1952_mannschaft_01.jpg?resize=700%2C400&ssl=1 2x, https:\/\/i0.wp.com\/paulinenaue.info\/wp-content\/uploads\/2023\/11\/1952_mannschaft_01.jpg?resize=1050%2C600&ssl=1 3x, https:\/\/i0.wp.com\/paulinenaue.info\/wp-content\/uploads\/2023\/11\/1952_mannschaft_01.jpg?resize=1400%2C800&ssl=1 4x"},"classes":[]}],"_links":{"self":[{"href":"https:\/\/paulinenaue.info\/index.php\/wp-json\/wp\/v2\/posts\/415620","targetHints":{"allow":["GET"]}}],"collection":[{"href":"https:\/\/paulinenaue.info\/index.php\/wp-json\/wp\/v2\/posts"}],"about":[{"href":"https:\/\/paulinenaue.info\/index.php\/wp-json\/wp\/v2\/types\/post"}],"author":[{"embeddable":true,"href":"https:\/\/paulinenaue.info\/index.php\/wp-json\/wp\/v2\/users\/1"}],"replies":[{"embeddable":true,"href":"https:\/\/paulinenaue.info\/index.php\/wp-json\/wp\/v2\/comments?post=415620"}],"version-history":[{"count":4,"href":"https:\/\/paulinenaue.info\/index.php\/wp-json\/wp\/v2\/posts\/415620\/revisions"}],"predecessor-version":[{"id":415627,"href":"https:\/\/paulinenaue.info\/index.php\/wp-json\/wp\/v2\/posts\/415620\/revisions\/415627"}],"wp:featuredmedia":[{"embeddable":true,"href":"https:\/\/paulinenaue.info\/index.php\/wp-json\/wp\/v2\/media\/415622"}],"wp:attachment":[{"href":"https:\/\/paulinenaue.info\/index.php\/wp-json\/wp\/v2\/media?parent=415620"}],"wp:term":[{"taxonomy":"category","embeddable":true,"href":"https:\/\/paulinenaue.info\/index.php\/wp-json\/wp\/v2\/categories?post=415620"},{"taxonomy":"post_tag","embeddable":true,"href":"https:\/\/paulinenaue.info\/index.php\/wp-json\/wp\/v2\/tags?post=415620"}],"curies":[{"name":"wp","href":"https:\/\/api.w.org\/{rel}","templated":true}]}}