{"id":415683,"date":"2023-12-30T17:52:26","date_gmt":"2023-12-30T16:52:26","guid":{"rendered":"https:\/\/paulinenaue.info\/?p=415683"},"modified":"2023-12-30T18:13:34","modified_gmt":"2023-12-30T17:13:34","slug":"hochwasser-im-luch","status":"publish","type":"post","link":"https:\/\/paulinenaue.info\/index.php\/hochwasser-im-luch\/","title":{"rendered":"Hochwasser im Luch"},"content":{"rendered":"<p class=\"p1\">Im Havell\u00e4ndischen Luch stehen momentan gro\u00dfe Fl\u00e4chen unter Wasser. K\u00fche suchen h\u00f6her gelegene Stellen, die ICEs scheinen aus Vorsicht langsamer durch Paulinenaue zu fahren. Und auch wenn die meisten Keller noch trocken sein sollen, war eine Hochwassersituation wohl selten so ausgepr\u00e4gt wie an diesem Jahresende 2023.<\/p>\n<div id=\"attachment_415691\" style=\"width: 610px\" class=\"wp-caption alignnone\"><a href=\"https:\/\/paulinenaue.info\/wp-content\/uploads\/2023\/12\/2023-12-29-Luch-unter-Wasser-02.jpeg\"><img decoding=\"async\" aria-describedby=\"caption-attachment-415691\" data-attachment-id=\"415691\" data-permalink=\"https:\/\/paulinenaue.info\/index.php\/hochwasser-im-luch\/2023-12-29-luch-unter-wasser-02\/\" data-orig-file=\"https:\/\/paulinenaue.info\/wp-content\/uploads\/2023\/12\/2023-12-29-Luch-unter-Wasser-02.jpeg\" data-orig-size=\"1000,667\" data-comments-opened=\"1\" data-image-meta=\"{&quot;aperture&quot;:&quot;4&quot;,&quot;credit&quot;:&quot;&quot;,&quot;camera&quot;:&quot;DSC-RX10M3&quot;,&quot;caption&quot;:&quot;&quot;,&quot;created_timestamp&quot;:&quot;1703765976&quot;,&quot;copyright&quot;:&quot;&quot;,&quot;focal_length&quot;:&quot;8.87&quot;,&quot;iso&quot;:&quot;100&quot;,&quot;shutter_speed&quot;:&quot;0.002&quot;,&quot;title&quot;:&quot;&quot;,&quot;orientation&quot;:&quot;1&quot;}\" data-image-title=\"2023-12-29, Luch unter Wasser, 02\" data-image-description=\"&lt;p&gt;Vollgelaufener Graben bei Jahnberge. Foto: J. Scholz, 2023. &lt;\/p&gt;\n\" data-image-caption=\"\" data-large-file=\"https:\/\/paulinenaue.info\/wp-content\/uploads\/2023\/12\/2023-12-29-Luch-unter-Wasser-02.jpeg\" class=\"lazyload wp-image-415691 size-fusion-600\" src=\"https:\/\/paulinenaue.info\/wp-content\/uploads\/2023\/12\/2023-12-29-Luch-unter-Wasser-02-600x400.jpeg\" data-orig-src=\"https:\/\/paulinenaue.info\/wp-content\/uploads\/2023\/12\/2023-12-29-Luch-unter-Wasser-02-600x400.jpeg\" alt=\"\" width=\"600\" height=\"400\" srcset=\"data:image\/svg+xml,%3Csvg%20xmlns%3D%27http%3A%2F%2Fwww.w3.org%2F2000%2Fsvg%27%20width%3D%27600%27%20height%3D%27400%27%20viewBox%3D%270%200%20600%20400%27%3E%3Crect%20width%3D%27600%27%20height%3D%27400%27%20fill-opacity%3D%220%22%2F%3E%3C%2Fsvg%3E\" data-srcset=\"https:\/\/paulinenaue.info\/wp-content\/uploads\/2023\/12\/2023-12-29-Luch-unter-Wasser-02-200x133.jpeg 200w, https:\/\/paulinenaue.info\/wp-content\/uploads\/2023\/12\/2023-12-29-Luch-unter-Wasser-02-300x200.jpeg 300w, https:\/\/paulinenaue.info\/wp-content\/uploads\/2023\/12\/2023-12-29-Luch-unter-Wasser-02-400x267.jpeg 400w, https:\/\/paulinenaue.info\/wp-content\/uploads\/2023\/12\/2023-12-29-Luch-unter-Wasser-02-600x400.jpeg 600w, https:\/\/paulinenaue.info\/wp-content\/uploads\/2023\/12\/2023-12-29-Luch-unter-Wasser-02-768x512.jpeg 768w, https:\/\/paulinenaue.info\/wp-content\/uploads\/2023\/12\/2023-12-29-Luch-unter-Wasser-02-800x534.jpeg 800w, https:\/\/paulinenaue.info\/wp-content\/uploads\/2023\/12\/2023-12-29-Luch-unter-Wasser-02.jpeg 1000w\" data-sizes=\"auto\" data-orig-sizes=\"(max-width: 600px) 100vw, 600px\" \/><\/a><p id=\"caption-attachment-415691\" class=\"wp-caption-text\"><em>Vollgelaufener Graben bei Jahnberge. Foto: J. Scholz, 2023.<\/em><\/p><\/div>\n<p class=\"p1\">Mit 69 mm wurden in den sieben Tagen vom 19. bis 25. Dezember 2023 in Potsdam 69 mm Niederschlag gemessen, deutlich mehr als sonst in einem ganzen Monat. Lange vor Weihnachten hatte sich die Hochwassersituation vorbereitet, indem von West kommender H\u00f6henwind ein Tiefdruckgebiet nach dem anderen in unsere Breiten schickte. Derzeit ist die norddeutsche Tiefebene allerorten \u00fcberschwemmt. Was bei uns au\u00dfergew\u00f6hnlich genug erscheint, wird anderswo deutlich \u00fcbertroffen. Der f\u00fcr das Havell\u00e4ndische Luch ma\u00dfgebliche Pegel bei Wittenberge verzeichnet nur \u201ekleines Hochwasser\u201c.<\/p>\n<div id=\"attachment_415687\" style=\"width: 610px\" class=\"wp-caption alignnone\"><a href=\"https:\/\/paulinenaue.info\/wp-content\/uploads\/2023\/12\/2023-12-29-Luch-unter-Wasser.jpeg\"><img decoding=\"async\" aria-describedby=\"caption-attachment-415687\" data-attachment-id=\"415687\" data-permalink=\"https:\/\/paulinenaue.info\/index.php\/hochwasser-im-luch\/2023-12-29-luch-unter-wasser\/\" data-orig-file=\"https:\/\/paulinenaue.info\/wp-content\/uploads\/2023\/12\/2023-12-29-Luch-unter-Wasser.jpeg\" data-orig-size=\"1000,667\" data-comments-opened=\"1\" data-image-meta=\"{&quot;aperture&quot;:&quot;4&quot;,&quot;credit&quot;:&quot;&quot;,&quot;camera&quot;:&quot;DSC-RX10M3&quot;,&quot;caption&quot;:&quot;&quot;,&quot;created_timestamp&quot;:&quot;1703765728&quot;,&quot;copyright&quot;:&quot;&quot;,&quot;focal_length&quot;:&quot;8.8&quot;,&quot;iso&quot;:&quot;100&quot;,&quot;shutter_speed&quot;:&quot;0.0015625&quot;,&quot;title&quot;:&quot;&quot;,&quot;orientation&quot;:&quot;1&quot;}\" data-image-title=\"2023-12-29, Luch unter Wasser\" data-image-description=\"\" data-image-caption=\"&lt;p&gt;Seengleiche Fl\u00e4chen auf dem Gr\u00fcnland in der N\u00e4he der Luchsiedlung. Foto: J. Scholz, 2023 &lt;\/p&gt;\n\" data-large-file=\"https:\/\/paulinenaue.info\/wp-content\/uploads\/2023\/12\/2023-12-29-Luch-unter-Wasser.jpeg\" class=\"lazyload wp-image-415687 size-fusion-600\" src=\"https:\/\/paulinenaue.info\/wp-content\/uploads\/2023\/12\/2023-12-29-Luch-unter-Wasser-600x400.jpeg\" data-orig-src=\"https:\/\/paulinenaue.info\/wp-content\/uploads\/2023\/12\/2023-12-29-Luch-unter-Wasser-600x400.jpeg\" alt=\"\" width=\"600\" height=\"400\" srcset=\"data:image\/svg+xml,%3Csvg%20xmlns%3D%27http%3A%2F%2Fwww.w3.org%2F2000%2Fsvg%27%20width%3D%27600%27%20height%3D%27400%27%20viewBox%3D%270%200%20600%20400%27%3E%3Crect%20width%3D%27600%27%20height%3D%27400%27%20fill-opacity%3D%220%22%2F%3E%3C%2Fsvg%3E\" data-srcset=\"https:\/\/paulinenaue.info\/wp-content\/uploads\/2023\/12\/2023-12-29-Luch-unter-Wasser-200x133.jpeg 200w, https:\/\/paulinenaue.info\/wp-content\/uploads\/2023\/12\/2023-12-29-Luch-unter-Wasser-300x200.jpeg 300w, https:\/\/paulinenaue.info\/wp-content\/uploads\/2023\/12\/2023-12-29-Luch-unter-Wasser-400x267.jpeg 400w, https:\/\/paulinenaue.info\/wp-content\/uploads\/2023\/12\/2023-12-29-Luch-unter-Wasser-600x400.jpeg 600w, https:\/\/paulinenaue.info\/wp-content\/uploads\/2023\/12\/2023-12-29-Luch-unter-Wasser-768x512.jpeg 768w, https:\/\/paulinenaue.info\/wp-content\/uploads\/2023\/12\/2023-12-29-Luch-unter-Wasser-800x534.jpeg 800w, https:\/\/paulinenaue.info\/wp-content\/uploads\/2023\/12\/2023-12-29-Luch-unter-Wasser.jpeg 1000w\" data-sizes=\"auto\" data-orig-sizes=\"(max-width: 600px) 100vw, 600px\" \/><\/a><p id=\"caption-attachment-415687\" class=\"wp-caption-text\"><em>Seengleiche Fl\u00e4chen auf dem Gr\u00fcnland in der N\u00e4he der Luchsiedlung. Foto: J. Scholz, 2023<\/em><\/p><\/div>\n<p class=\"p1\">Das in die Havel dr\u00fcckende Elbehochwasser soll Ende Dezember sein Maximum erreichen. Aber das ganze Schauspiel hat auch einen \u00e4sthetischen Aspekt. Christian Wendt hat in Eichberge einige beeindruckende Bilder mit der Kamera festgehalten.<\/p>\n\n\t\t<style type=\"text\/css\">\n\t\t\t#gallery-1 {\n\t\t\t\tmargin: auto;\n\t\t\t}\n\t\t\t#gallery-1 .gallery-item {\n\t\t\t\tfloat: left;\n\t\t\t\tmargin-top: 10px;\n\t\t\t\ttext-align: center;\n\t\t\t\twidth: 25%;\n\t\t\t}\n\t\t\t#gallery-1 img {\n\t\t\t\tborder: 2px solid #cfcfcf;\n\t\t\t}\n\t\t\t#gallery-1 .gallery-caption {\n\t\t\t\tmargin-left: 0;\n\t\t\t}\n\t\t\t\/* see gallery_shortcode() in wp-includes\/media.php *\/\n\t\t<\/style>\n\t\t<div data-carousel-extra='{&quot;blog_id&quot;:1,&quot;permalink&quot;:&quot;https:\/\/paulinenaue.info\/index.php\/hochwasser-im-luch\/&quot;}' id='gallery-1' class='gallery galleryid-415683 gallery-columns-4 gallery-size-thumbnail'><dl class='gallery-item'>\n\t\t\t<dt class='gallery-icon landscape'>\n\t\t\t\t<a data-rel=\"iLightbox[postimages]\" data-title=\"Eichberge 1\" data-caption=\"\" href='https:\/\/paulinenaue.info\/eichberge-1\/'><img decoding=\"async\" width=\"150\" height=\"150\" src=\"https:\/\/paulinenaue.info\/wp-content\/uploads\/2023\/12\/Eichberge-1-150x150.jpeg\" class=\"attachment-thumbnail size-thumbnail lazyload\" alt=\"\" srcset=\"data:image\/svg+xml,%3Csvg%20xmlns%3D%27http%3A%2F%2Fwww.w3.org%2F2000%2Fsvg%27%20width%3D%271000%27%20height%3D%27563%27%20viewBox%3D%270%200%201000%20563%27%3E%3Crect%20width%3D%271000%27%20height%3D%27563%27%20fill-opacity%3D%220%22%2F%3E%3C%2Fsvg%3E\" data-orig-src=\"https:\/\/paulinenaue.info\/wp-content\/uploads\/2023\/12\/Eichberge-1-150x150.jpeg\" data-srcset=\"https:\/\/paulinenaue.info\/wp-content\/uploads\/2023\/12\/Eichberge-1-66x66.jpeg 66w, https:\/\/paulinenaue.info\/wp-content\/uploads\/2023\/12\/Eichberge-1-150x150.jpeg 150w\" data-sizes=\"auto\" data-attachment-id=\"415692\" data-permalink=\"https:\/\/paulinenaue.info\/eichberge-1\/\" data-orig-file=\"https:\/\/paulinenaue.info\/wp-content\/uploads\/2023\/12\/Eichberge-1.jpeg\" data-orig-size=\"1000,563\" data-comments-opened=\"1\" data-image-meta=\"{&quot;aperture&quot;:&quot;0&quot;,&quot;credit&quot;:&quot;&quot;,&quot;camera&quot;:&quot;&quot;,&quot;caption&quot;:&quot;&quot;,&quot;created_timestamp&quot;:&quot;1703956480&quot;,&quot;copyright&quot;:&quot;&quot;,&quot;focal_length&quot;:&quot;0&quot;,&quot;iso&quot;:&quot;0&quot;,&quot;shutter_speed&quot;:&quot;0&quot;,&quot;title&quot;:&quot;&quot;,&quot;orientation&quot;:&quot;1&quot;}\" data-image-title=\"Eichberge 1\" data-image-description=\"\" data-image-caption=\"\" data-large-file=\"https:\/\/paulinenaue.info\/wp-content\/uploads\/2023\/12\/Eichberge-1.jpeg\" \/><\/a>\n\t\t\t<\/dt><\/dl><dl class='gallery-item'>\n\t\t\t<dt class='gallery-icon landscape'>\n\t\t\t\t<a data-rel=\"iLightbox[postimages]\" data-title=\"Eichberge 3\" data-caption=\"\" href='https:\/\/paulinenaue.info\/eichberge-3\/'><img decoding=\"async\" width=\"150\" height=\"150\" src=\"https:\/\/paulinenaue.info\/wp-content\/uploads\/2023\/12\/Eichberge-3-150x150.jpeg\" class=\"attachment-thumbnail size-thumbnail lazyload\" alt=\"\" srcset=\"data:image\/svg+xml,%3Csvg%20xmlns%3D%27http%3A%2F%2Fwww.w3.org%2F2000%2Fsvg%27%20width%3D%271000%27%20height%3D%27563%27%20viewBox%3D%270%200%201000%20563%27%3E%3Crect%20width%3D%271000%27%20height%3D%27563%27%20fill-opacity%3D%220%22%2F%3E%3C%2Fsvg%3E\" data-orig-src=\"https:\/\/paulinenaue.info\/wp-content\/uploads\/2023\/12\/Eichberge-3-150x150.jpeg\" data-srcset=\"https:\/\/paulinenaue.info\/wp-content\/uploads\/2023\/12\/Eichberge-3-66x66.jpeg 66w, https:\/\/paulinenaue.info\/wp-content\/uploads\/2023\/12\/Eichberge-3-150x150.jpeg 150w\" data-sizes=\"auto\" data-attachment-id=\"415693\" data-permalink=\"https:\/\/paulinenaue.info\/eichberge-3\/\" data-orig-file=\"https:\/\/paulinenaue.info\/wp-content\/uploads\/2023\/12\/Eichberge-3.jpeg\" data-orig-size=\"1000,563\" data-comments-opened=\"1\" data-image-meta=\"{&quot;aperture&quot;:&quot;0&quot;,&quot;credit&quot;:&quot;&quot;,&quot;camera&quot;:&quot;&quot;,&quot;caption&quot;:&quot;&quot;,&quot;created_timestamp&quot;:&quot;1703956517&quot;,&quot;copyright&quot;:&quot;&quot;,&quot;focal_length&quot;:&quot;0&quot;,&quot;iso&quot;:&quot;0&quot;,&quot;shutter_speed&quot;:&quot;0&quot;,&quot;title&quot;:&quot;&quot;,&quot;orientation&quot;:&quot;1&quot;}\" data-image-title=\"Eichberge 3\" data-image-description=\"\" data-image-caption=\"\" data-large-file=\"https:\/\/paulinenaue.info\/wp-content\/uploads\/2023\/12\/Eichberge-3.jpeg\" \/><\/a>\n\t\t\t<\/dt><\/dl><dl class='gallery-item'>\n\t\t\t<dt class='gallery-icon landscape'>\n\t\t\t\t<a data-rel=\"iLightbox[postimages]\" data-title=\"Eichberge 4\" data-caption=\"\" href='https:\/\/paulinenaue.info\/eichberge-4\/'><img decoding=\"async\" width=\"150\" height=\"150\" src=\"https:\/\/paulinenaue.info\/wp-content\/uploads\/2023\/12\/Eichberge-4-150x150.jpeg\" class=\"attachment-thumbnail size-thumbnail lazyload\" alt=\"\" srcset=\"data:image\/svg+xml,%3Csvg%20xmlns%3D%27http%3A%2F%2Fwww.w3.org%2F2000%2Fsvg%27%20width%3D%271000%27%20height%3D%27667%27%20viewBox%3D%270%200%201000%20667%27%3E%3Crect%20width%3D%271000%27%20height%3D%27667%27%20fill-opacity%3D%220%22%2F%3E%3C%2Fsvg%3E\" data-orig-src=\"https:\/\/paulinenaue.info\/wp-content\/uploads\/2023\/12\/Eichberge-4-150x150.jpeg\" data-srcset=\"https:\/\/paulinenaue.info\/wp-content\/uploads\/2023\/12\/Eichberge-4-66x66.jpeg 66w, https:\/\/paulinenaue.info\/wp-content\/uploads\/2023\/12\/Eichberge-4-150x150.jpeg 150w\" data-sizes=\"auto\" data-attachment-id=\"415694\" data-permalink=\"https:\/\/paulinenaue.info\/eichberge-4\/\" data-orig-file=\"https:\/\/paulinenaue.info\/wp-content\/uploads\/2023\/12\/Eichberge-4.jpeg\" data-orig-size=\"1000,667\" data-comments-opened=\"1\" data-image-meta=\"{&quot;aperture&quot;:&quot;0&quot;,&quot;credit&quot;:&quot;&quot;,&quot;camera&quot;:&quot;&quot;,&quot;caption&quot;:&quot;&quot;,&quot;created_timestamp&quot;:&quot;1703956546&quot;,&quot;copyright&quot;:&quot;&quot;,&quot;focal_length&quot;:&quot;0&quot;,&quot;iso&quot;:&quot;0&quot;,&quot;shutter_speed&quot;:&quot;0&quot;,&quot;title&quot;:&quot;&quot;,&quot;orientation&quot;:&quot;1&quot;}\" data-image-title=\"Eichberge 4\" data-image-description=\"\" data-image-caption=\"\" data-large-file=\"https:\/\/paulinenaue.info\/wp-content\/uploads\/2023\/12\/Eichberge-4.jpeg\" \/><\/a>\n\t\t\t<\/dt><\/dl><dl class='gallery-item'>\n\t\t\t<dt class='gallery-icon landscape'>\n\t\t\t\t<a data-rel=\"iLightbox[postimages]\" data-title=\"Eichberge 5\" data-caption=\"\" href='https:\/\/paulinenaue.info\/eichberge-5\/'><img decoding=\"async\" width=\"150\" height=\"150\" src=\"https:\/\/paulinenaue.info\/wp-content\/uploads\/2023\/12\/Eichberge-5-150x150.jpeg\" class=\"attachment-thumbnail size-thumbnail lazyload\" alt=\"\" srcset=\"data:image\/svg+xml,%3Csvg%20xmlns%3D%27http%3A%2F%2Fwww.w3.org%2F2000%2Fsvg%27%20width%3D%271000%27%20height%3D%27667%27%20viewBox%3D%270%200%201000%20667%27%3E%3Crect%20width%3D%271000%27%20height%3D%27667%27%20fill-opacity%3D%220%22%2F%3E%3C%2Fsvg%3E\" data-orig-src=\"https:\/\/paulinenaue.info\/wp-content\/uploads\/2023\/12\/Eichberge-5-150x150.jpeg\" data-srcset=\"https:\/\/paulinenaue.info\/wp-content\/uploads\/2023\/12\/Eichberge-5-66x66.jpeg 66w, https:\/\/paulinenaue.info\/wp-content\/uploads\/2023\/12\/Eichberge-5-150x150.jpeg 150w\" data-sizes=\"auto\" data-attachment-id=\"415695\" data-permalink=\"https:\/\/paulinenaue.info\/eichberge-5\/\" data-orig-file=\"https:\/\/paulinenaue.info\/wp-content\/uploads\/2023\/12\/Eichberge-5.jpeg\" data-orig-size=\"1000,667\" data-comments-opened=\"1\" data-image-meta=\"{&quot;aperture&quot;:&quot;0&quot;,&quot;credit&quot;:&quot;&quot;,&quot;camera&quot;:&quot;&quot;,&quot;caption&quot;:&quot;&quot;,&quot;created_timestamp&quot;:&quot;1703956558&quot;,&quot;copyright&quot;:&quot;&quot;,&quot;focal_length&quot;:&quot;0&quot;,&quot;iso&quot;:&quot;0&quot;,&quot;shutter_speed&quot;:&quot;0&quot;,&quot;title&quot;:&quot;&quot;,&quot;orientation&quot;:&quot;1&quot;}\" data-image-title=\"Eichberge 5\" data-image-description=\"\" data-image-caption=\"\" data-large-file=\"https:\/\/paulinenaue.info\/wp-content\/uploads\/2023\/12\/Eichberge-5.jpeg\" \/><\/a>\n\t\t\t<\/dt><\/dl><br style=\"clear: both\" \/>\n\t\t<\/div>\n\n","protected":false},"excerpt":{"rendered":"<p>Im Havell\u00e4ndischen Luch stehen momentan gro\u00dfe Fl\u00e4chen unter Wasser. K\u00fche [&hellip;]<\/p>\n","protected":false},"author":1,"featured_media":415687,"comment_status":"open","ping_status":"open","sticky":false,"template":"","format":"standard","meta":{"_acf_changed":false,"_price":"","_stock":"","_tribe_ticket_header":"","_tribe_default_ticket_provider":"","_tribe_ticket_capacity":"0","_ticket_start_date":"","_ticket_end_date":"","_tribe_ticket_show_description":"","_tribe_ticket_show_not_going":false,"_tribe_ticket_use_global_stock":"","_tribe_ticket_global_stock_level":"","_global_stock_mode":"","_global_stock_cap":"","_tribe_rsvp_for_event":"","_tribe_ticket_going_count":"","_tribe_ticket_not_going_count":"","_tribe_tickets_list":"[]","_tribe_ticket_has_attendee_info_fields":false,"jetpack_post_was_ever_published":false,"_jetpack_newsletter_access":"","_jetpack_dont_email_post_to_subs":false,"_jetpack_newsletter_tier_id":0,"_jetpack_memberships_contains_paywalled_content":false,"_jetpack_memberships_contains_paid_content":false,"footnotes":"","jetpack_publicize_message":"","jetpack_publicize_feature_enabled":true,"jetpack_social_post_already_shared":true,"jetpack_social_options":{"image_generator_settings":{"template":"highway","default_image_id":0,"font":"","enabled":false},"version":2}},"categories":[1,216,9],"tags":[527],"class_list":["post-415683","post","type-post","status-publish","format-standard","has-post-thumbnail","hentry","category-allgemein","category-natur","category-neuigkeiten","tag-hochwasser"],"acf":[],"yoast_head":"<!-- This site is optimized with the Yoast SEO plugin v27.5 - https:\/\/yoast.com\/product\/yoast-seo-wordpress\/ -->\n<title>Hochwasser im Luch - Paulinenaue<\/title>\n<meta name=\"description\" content=\"Im Havell\u00e4ndischen Luch stehen momentan gro\u00dfe Fl\u00e4chen unter Wasser. Am Jahresende soll das Hochwasser seinen H\u00f6hepunkt erreichen.\" \/>\n<meta name=\"robots\" content=\"index, follow, max-snippet:-1, max-image-preview:large, max-video-preview:-1\" \/>\n<link rel=\"canonical\" href=\"https:\/\/paulinenaue.info\/index.php\/hochwasser-im-luch\/\" \/>\n<meta property=\"og:locale\" content=\"de_DE\" \/>\n<meta property=\"og:type\" content=\"article\" \/>\n<meta property=\"og:title\" content=\"Hochwasser im Luch - Paulinenaue\" \/>\n<meta property=\"og:description\" content=\"Im Havell\u00e4ndischen Luch stehen momentan gro\u00dfe Fl\u00e4chen unter Wasser. Am Jahresende soll das Hochwasser seinen H\u00f6hepunkt erreichen.\" \/>\n<meta property=\"og:url\" content=\"https:\/\/paulinenaue.info\/index.php\/hochwasser-im-luch\/\" \/>\n<meta property=\"og:site_name\" content=\"Paulinenaue\" \/>\n<meta property=\"article:published_time\" content=\"2023-12-30T16:52:26+00:00\" \/>\n<meta property=\"article:modified_time\" content=\"2023-12-30T17:13:34+00:00\" \/>\n<meta property=\"og:image\" content=\"https:\/\/paulinenaue.info\/wp-content\/uploads\/2023\/12\/2023-12-29-Luch-unter-Wasser.jpeg\" \/>\n\t<meta property=\"og:image:width\" content=\"1000\" \/>\n\t<meta property=\"og:image:height\" content=\"667\" \/>\n\t<meta property=\"og:image:type\" content=\"image\/jpeg\" \/>\n<meta name=\"author\" content=\"Joachim Scholz\" \/>\n<meta name=\"twitter:card\" content=\"summary_large_image\" \/>\n<meta name=\"twitter:label1\" content=\"Verfasst von\" \/>\n\t<meta name=\"twitter:data1\" content=\"Joachim Scholz\" \/>\n\t<meta name=\"twitter:label2\" content=\"Gesch\u00e4tzte Lesezeit\" \/>\n\t<meta name=\"twitter:data2\" content=\"2\u00a0Minuten\" \/>\n<script type=\"application\/ld+json\" class=\"yoast-schema-graph\">{\"@context\":\"https:\\\/\\\/schema.org\",\"@graph\":[{\"@type\":\"Article\",\"@id\":\"https:\\\/\\\/paulinenaue.info\\\/index.php\\\/hochwasser-im-luch\\\/#article\",\"isPartOf\":{\"@id\":\"https:\\\/\\\/paulinenaue.info\\\/index.php\\\/hochwasser-im-luch\\\/\"},\"author\":{\"name\":\"Joachim Scholz\",\"@id\":\"https:\\\/\\\/paulinenaue.info\\\/#\\\/schema\\\/person\\\/3f9e818fd7b69b0d2bd937ac506897cc\"},\"headline\":\"Hochwasser im Luch\",\"datePublished\":\"2023-12-30T16:52:26+00:00\",\"dateModified\":\"2023-12-30T17:13:34+00:00\",\"mainEntityOfPage\":{\"@id\":\"https:\\\/\\\/paulinenaue.info\\\/index.php\\\/hochwasser-im-luch\\\/\"},\"wordCount\":209,\"commentCount\":0,\"image\":{\"@id\":\"https:\\\/\\\/paulinenaue.info\\\/index.php\\\/hochwasser-im-luch\\\/#primaryimage\"},\"thumbnailUrl\":\"https:\\\/\\\/paulinenaue.info\\\/wp-content\\\/uploads\\\/2023\\\/12\\\/2023-12-29-Luch-unter-Wasser.jpeg\",\"keywords\":[\"Hochwasser\"],\"articleSection\":{\"1\":\"Natur\",\"2\":\"Neuigkeiten\"},\"inLanguage\":\"de\",\"potentialAction\":[{\"@type\":\"CommentAction\",\"name\":\"Comment\",\"target\":[\"https:\\\/\\\/paulinenaue.info\\\/index.php\\\/hochwasser-im-luch\\\/#respond\"]}]},{\"@type\":\"WebPage\",\"@id\":\"https:\\\/\\\/paulinenaue.info\\\/index.php\\\/hochwasser-im-luch\\\/\",\"url\":\"https:\\\/\\\/paulinenaue.info\\\/index.php\\\/hochwasser-im-luch\\\/\",\"name\":\"Hochwasser im Luch - Paulinenaue\",\"isPartOf\":{\"@id\":\"https:\\\/\\\/paulinenaue.info\\\/#website\"},\"primaryImageOfPage\":{\"@id\":\"https:\\\/\\\/paulinenaue.info\\\/index.php\\\/hochwasser-im-luch\\\/#primaryimage\"},\"image\":{\"@id\":\"https:\\\/\\\/paulinenaue.info\\\/index.php\\\/hochwasser-im-luch\\\/#primaryimage\"},\"thumbnailUrl\":\"https:\\\/\\\/paulinenaue.info\\\/wp-content\\\/uploads\\\/2023\\\/12\\\/2023-12-29-Luch-unter-Wasser.jpeg\",\"datePublished\":\"2023-12-30T16:52:26+00:00\",\"dateModified\":\"2023-12-30T17:13:34+00:00\",\"author\":{\"@id\":\"https:\\\/\\\/paulinenaue.info\\\/#\\\/schema\\\/person\\\/3f9e818fd7b69b0d2bd937ac506897cc\"},\"description\":\"Im Havell\u00e4ndischen Luch stehen momentan gro\u00dfe Fl\u00e4chen unter Wasser. Am Jahresende soll das Hochwasser seinen H\u00f6hepunkt erreichen.\",\"breadcrumb\":{\"@id\":\"https:\\\/\\\/paulinenaue.info\\\/index.php\\\/hochwasser-im-luch\\\/#breadcrumb\"},\"inLanguage\":\"de\",\"potentialAction\":[{\"@type\":\"ReadAction\",\"target\":[\"https:\\\/\\\/paulinenaue.info\\\/index.php\\\/hochwasser-im-luch\\\/\"]}]},{\"@type\":\"ImageObject\",\"inLanguage\":\"de\",\"@id\":\"https:\\\/\\\/paulinenaue.info\\\/index.php\\\/hochwasser-im-luch\\\/#primaryimage\",\"url\":\"https:\\\/\\\/paulinenaue.info\\\/wp-content\\\/uploads\\\/2023\\\/12\\\/2023-12-29-Luch-unter-Wasser.jpeg\",\"contentUrl\":\"https:\\\/\\\/paulinenaue.info\\\/wp-content\\\/uploads\\\/2023\\\/12\\\/2023-12-29-Luch-unter-Wasser.jpeg\",\"width\":1000,\"height\":667,\"caption\":\"Seengleiche Fl\u00e4chen auf dem Gr\u00fcnland in der N\u00e4he der Luchsiedlung. Foto: J. Scholz, 2023\"},{\"@type\":\"BreadcrumbList\",\"@id\":\"https:\\\/\\\/paulinenaue.info\\\/index.php\\\/hochwasser-im-luch\\\/#breadcrumb\",\"itemListElement\":[{\"@type\":\"ListItem\",\"position\":1,\"name\":\"Home\",\"item\":\"https:\\\/\\\/paulinenaue.info\\\/\"},{\"@type\":\"ListItem\",\"position\":2,\"name\":\"Hochwasser im Luch\"}]},{\"@type\":\"WebSite\",\"@id\":\"https:\\\/\\\/paulinenaue.info\\\/#website\",\"url\":\"https:\\\/\\\/paulinenaue.info\\\/\",\"name\":\"Paulinenaue\",\"description\":\"Ein Dorf im Havelland\",\"potentialAction\":[{\"@type\":\"SearchAction\",\"target\":{\"@type\":\"EntryPoint\",\"urlTemplate\":\"https:\\\/\\\/paulinenaue.info\\\/?s={search_term_string}\"},\"query-input\":{\"@type\":\"PropertyValueSpecification\",\"valueRequired\":true,\"valueName\":\"search_term_string\"}}],\"inLanguage\":\"de\"},{\"@type\":\"Person\",\"@id\":\"https:\\\/\\\/paulinenaue.info\\\/#\\\/schema\\\/person\\\/3f9e818fd7b69b0d2bd937ac506897cc\",\"name\":\"Joachim Scholz\",\"url\":\"https:\\\/\\\/paulinenaue.info\\\/index.php\\\/author\\\/jjscholz\\\/\"}]}<\/script>\n<!-- \/ Yoast SEO plugin. -->","yoast_head_json":{"title":"Hochwasser im Luch - Paulinenaue","description":"Im Havell\u00e4ndischen Luch stehen momentan gro\u00dfe Fl\u00e4chen unter Wasser. Am Jahresende soll das Hochwasser seinen H\u00f6hepunkt erreichen.","robots":{"index":"index","follow":"follow","max-snippet":"max-snippet:-1","max-image-preview":"max-image-preview:large","max-video-preview":"max-video-preview:-1"},"canonical":"https:\/\/paulinenaue.info\/index.php\/hochwasser-im-luch\/","og_locale":"de_DE","og_type":"article","og_title":"Hochwasser im Luch - Paulinenaue","og_description":"Im Havell\u00e4ndischen Luch stehen momentan gro\u00dfe Fl\u00e4chen unter Wasser. Am Jahresende soll das Hochwasser seinen H\u00f6hepunkt erreichen.","og_url":"https:\/\/paulinenaue.info\/index.php\/hochwasser-im-luch\/","og_site_name":"Paulinenaue","article_published_time":"2023-12-30T16:52:26+00:00","article_modified_time":"2023-12-30T17:13:34+00:00","og_image":[{"width":1000,"height":667,"url":"https:\/\/paulinenaue.info\/wp-content\/uploads\/2023\/12\/2023-12-29-Luch-unter-Wasser.jpeg","type":"image\/jpeg"}],"author":"Joachim Scholz","twitter_card":"summary_large_image","twitter_misc":{"Verfasst von":"Joachim Scholz","Gesch\u00e4tzte Lesezeit":"2\u00a0Minuten"},"schema":{"@context":"https:\/\/schema.org","@graph":[{"@type":"Article","@id":"https:\/\/paulinenaue.info\/index.php\/hochwasser-im-luch\/#article","isPartOf":{"@id":"https:\/\/paulinenaue.info\/index.php\/hochwasser-im-luch\/"},"author":{"name":"Joachim Scholz","@id":"https:\/\/paulinenaue.info\/#\/schema\/person\/3f9e818fd7b69b0d2bd937ac506897cc"},"headline":"Hochwasser im Luch","datePublished":"2023-12-30T16:52:26+00:00","dateModified":"2023-12-30T17:13:34+00:00","mainEntityOfPage":{"@id":"https:\/\/paulinenaue.info\/index.php\/hochwasser-im-luch\/"},"wordCount":209,"commentCount":0,"image":{"@id":"https:\/\/paulinenaue.info\/index.php\/hochwasser-im-luch\/#primaryimage"},"thumbnailUrl":"https:\/\/paulinenaue.info\/wp-content\/uploads\/2023\/12\/2023-12-29-Luch-unter-Wasser.jpeg","keywords":["Hochwasser"],"articleSection":{"1":"Natur","2":"Neuigkeiten"},"inLanguage":"de","potentialAction":[{"@type":"CommentAction","name":"Comment","target":["https:\/\/paulinenaue.info\/index.php\/hochwasser-im-luch\/#respond"]}]},{"@type":"WebPage","@id":"https:\/\/paulinenaue.info\/index.php\/hochwasser-im-luch\/","url":"https:\/\/paulinenaue.info\/index.php\/hochwasser-im-luch\/","name":"Hochwasser im Luch - Paulinenaue","isPartOf":{"@id":"https:\/\/paulinenaue.info\/#website"},"primaryImageOfPage":{"@id":"https:\/\/paulinenaue.info\/index.php\/hochwasser-im-luch\/#primaryimage"},"image":{"@id":"https:\/\/paulinenaue.info\/index.php\/hochwasser-im-luch\/#primaryimage"},"thumbnailUrl":"https:\/\/paulinenaue.info\/wp-content\/uploads\/2023\/12\/2023-12-29-Luch-unter-Wasser.jpeg","datePublished":"2023-12-30T16:52:26+00:00","dateModified":"2023-12-30T17:13:34+00:00","author":{"@id":"https:\/\/paulinenaue.info\/#\/schema\/person\/3f9e818fd7b69b0d2bd937ac506897cc"},"description":"Im Havell\u00e4ndischen Luch stehen momentan gro\u00dfe Fl\u00e4chen unter Wasser. Am Jahresende soll das Hochwasser seinen H\u00f6hepunkt erreichen.","breadcrumb":{"@id":"https:\/\/paulinenaue.info\/index.php\/hochwasser-im-luch\/#breadcrumb"},"inLanguage":"de","potentialAction":[{"@type":"ReadAction","target":["https:\/\/paulinenaue.info\/index.php\/hochwasser-im-luch\/"]}]},{"@type":"ImageObject","inLanguage":"de","@id":"https:\/\/paulinenaue.info\/index.php\/hochwasser-im-luch\/#primaryimage","url":"https:\/\/paulinenaue.info\/wp-content\/uploads\/2023\/12\/2023-12-29-Luch-unter-Wasser.jpeg","contentUrl":"https:\/\/paulinenaue.info\/wp-content\/uploads\/2023\/12\/2023-12-29-Luch-unter-Wasser.jpeg","width":1000,"height":667,"caption":"Seengleiche Fl\u00e4chen auf dem Gr\u00fcnland in der N\u00e4he der Luchsiedlung. Foto: J. Scholz, 2023"},{"@type":"BreadcrumbList","@id":"https:\/\/paulinenaue.info\/index.php\/hochwasser-im-luch\/#breadcrumb","itemListElement":[{"@type":"ListItem","position":1,"name":"Home","item":"https:\/\/paulinenaue.info\/"},{"@type":"ListItem","position":2,"name":"Hochwasser im Luch"}]},{"@type":"WebSite","@id":"https:\/\/paulinenaue.info\/#website","url":"https:\/\/paulinenaue.info\/","name":"Paulinenaue","description":"Ein Dorf im Havelland","potentialAction":[{"@type":"SearchAction","target":{"@type":"EntryPoint","urlTemplate":"https:\/\/paulinenaue.info\/?s={search_term_string}"},"query-input":{"@type":"PropertyValueSpecification","valueRequired":true,"valueName":"search_term_string"}}],"inLanguage":"de"},{"@type":"Person","@id":"https:\/\/paulinenaue.info\/#\/schema\/person\/3f9e818fd7b69b0d2bd937ac506897cc","name":"Joachim Scholz","url":"https:\/\/paulinenaue.info\/index.php\/author\/jjscholz\/"}]}},"jetpack_publicize_connections":[],"jetpack_featured_media_url":"https:\/\/paulinenaue.info\/wp-content\/uploads\/2023\/12\/2023-12-29-Luch-unter-Wasser.jpeg","jetpack_sharing_enabled":true,"jetpack_shortlink":"https:\/\/wp.me\/pcYhWA-1K8z","jetpack-related-posts":[{"id":940,"url":"https:\/\/paulinenaue.info\/index.php\/80-jahre-gemeinde-paulinenaue-eine-serie-zur-ortsgeschichte-teil-1\/","url_meta":{"origin":415683,"position":0},"title":"80 Jahre Gemeinde Paulinenaue &#8211; Eine Serie zur Ortsgeschichte (Teil 1)","author":"Sarah","date":"10. Juni 2017","format":false,"excerpt":"11.06.2004 Am 8. Dezember 1924 wurde der Gutsbezirk Paulinenaue in eine eigene Dorfgemeinde umgewandelt. Zur 80. Wiederkehr dieses Ereignisses veranstaltete im Juni 2004 die Paulinenauer Kirchengemeinde einen Bildvortrag, der von Dr. Gabriele Metzner, Angelika Kellner, Dr. Peter Pollack und Joachim Scholz gestaltet wurde. In den n\u00e4chsten Monaten werden die Beitr\u00e4ge\u2026","rel":"","context":"In &quot;Allgemein&quot;","block_context":{"text":"Allgemein","link":"https:\/\/paulinenaue.info\/index.php\/category\/allgemein\/"},"img":{"alt_text":"","src":"https:\/\/i0.wp.com\/paulinenaue.info\/wp-content\/uploads\/2017\/06\/luch.jpg?resize=350%2C200&ssl=1","width":350,"height":200},"classes":[]},{"id":419398,"url":"https:\/\/paulinenaue.info\/index.php\/extreme-regenguesse-in-paulinenaue\/","url_meta":{"origin":415683,"position":1},"title":"Extreme Regeng\u00fcsse in Paulinenaue","author":"Joachim Scholz","date":"23. Juli 2007","format":false,"excerpt":"Text: Anton Scholz (1930\u20132011) 23.07.2007. Wenn man im April noch an die Propheten glaubte, die Brandenburg eine Versteppung vorhersagten, dann musste man von Mai bis Juli das bittere Gegenteil erfahren. Sehen wir uns dazu einige Niederschlags-Tageswerte an. Am 7. Mai begann es mit 16 mm, am 15. Juni waren es\u2026","rel":"","context":"In &quot;Natur&quot;","block_context":{"text":"Natur","link":"https:\/\/paulinenaue.info\/index.php\/category\/natur\/"},"img":{"alt_text":"","src":"https:\/\/i0.wp.com\/paulinenaue.info\/wp-content\/uploads\/2026\/04\/2007-08-01-Lindenweg-Pfuetze-01.jpeg?resize=350%2C200&ssl=1","width":350,"height":200,"srcset":"https:\/\/i0.wp.com\/paulinenaue.info\/wp-content\/uploads\/2026\/04\/2007-08-01-Lindenweg-Pfuetze-01.jpeg?resize=350%2C200&ssl=1 1x, https:\/\/i0.wp.com\/paulinenaue.info\/wp-content\/uploads\/2026\/04\/2007-08-01-Lindenweg-Pfuetze-01.jpeg?resize=525%2C300&ssl=1 1.5x, https:\/\/i0.wp.com\/paulinenaue.info\/wp-content\/uploads\/2026\/04\/2007-08-01-Lindenweg-Pfuetze-01.jpeg?resize=700%2C400&ssl=1 2x"},"classes":[]},{"id":1301,"url":"https:\/\/paulinenaue.info\/index.php\/der-jahrhundertregen-2017-in-paulinenaue\/","url_meta":{"origin":415683,"position":2},"title":"Der Jahrhundertregen 2017 in Paulinenaue","author":"Sarah","date":"2. Juli 2017","format":false,"excerpt":"Auch das Havelland wurde von den starken Regenf\u00e4llen in den letzten Tagen nicht verschont. Die Wassermassen, die von oben herab kamen, setzten auch in Paulinenaue so manchen Keller unter Wasser und bescherten schlaflose N\u00e4chte beim Retten von Waschmaschinen, Erinnerungen, die in zahlreiche Kisten verstaut lagerten und anderen Maschinen und Ger\u00e4tschaften.\u2026","rel":"","context":"In &quot;Allgemein&quot;","block_context":{"text":"Allgemein","link":"https:\/\/paulinenaue.info\/index.php\/category\/allgemein\/"},"img":{"alt_text":"","src":"https:\/\/i0.wp.com\/paulinenaue.info\/wp-content\/uploads\/2017\/07\/IMG-20170702-WA0029.jpg?resize=350%2C200&ssl=1","width":350,"height":200,"srcset":"https:\/\/i0.wp.com\/paulinenaue.info\/wp-content\/uploads\/2017\/07\/IMG-20170702-WA0029.jpg?resize=350%2C200&ssl=1 1x, https:\/\/i0.wp.com\/paulinenaue.info\/wp-content\/uploads\/2017\/07\/IMG-20170702-WA0029.jpg?resize=525%2C300&ssl=1 1.5x, https:\/\/i0.wp.com\/paulinenaue.info\/wp-content\/uploads\/2017\/07\/IMG-20170702-WA0029.jpg?resize=700%2C400&ssl=1 2x, https:\/\/i0.wp.com\/paulinenaue.info\/wp-content\/uploads\/2017\/07\/IMG-20170702-WA0029.jpg?resize=1050%2C600&ssl=1 3x"},"classes":[]},{"id":512,"url":"https:\/\/paulinenaue.info\/index.php\/tankstelle-auf-dem-gutshof\/","url_meta":{"origin":415683,"position":3},"title":"Wer kennt die Geschichte der Tankstelle auf dem Paulinenauer Gutshof?","author":"Joachim Scholz","date":"22. Oktober 2016","format":false,"excerpt":"Die beiden markanten Stallgeb\u00e4ude auf dem Paulinenauer Gutshof sollen saniert werden. Bei den Bauvorbereitungen muss einiges gepr\u00fcft werden. Jan Gabriel, der Bauherr, ist unter anderem im Kontakt mit dem Umweltamt. Er hat erfahren, dass vor dem Milchhaus einmal eine Tankstelle stand. Sie soll\u00a0sich im hinteren Teil des Grundst\u00fcckes an der\u2026","rel":"","context":"In &quot;Hier Zuhause&quot;","block_context":{"text":"Hier Zuhause","link":"https:\/\/paulinenaue.info\/index.php\/category\/hier-zuhause\/"},"img":{"alt_text":"","src":"https:\/\/i0.wp.com\/paulinenaue.info\/wp-content\/uploads\/2016\/10\/2001-12-25-Gutshof-Zapfsaule-01-klein.jpg?resize=350%2C200&ssl=1","width":350,"height":200,"srcset":"https:\/\/i0.wp.com\/paulinenaue.info\/wp-content\/uploads\/2016\/10\/2001-12-25-Gutshof-Zapfsaule-01-klein.jpg?resize=350%2C200&ssl=1 1x, https:\/\/i0.wp.com\/paulinenaue.info\/wp-content\/uploads\/2016\/10\/2001-12-25-Gutshof-Zapfsaule-01-klein.jpg?resize=525%2C300&ssl=1 1.5x, https:\/\/i0.wp.com\/paulinenaue.info\/wp-content\/uploads\/2016\/10\/2001-12-25-Gutshof-Zapfsaule-01-klein.jpg?resize=700%2C400&ssl=1 2x"},"classes":[]},{"id":415084,"url":"https:\/\/paulinenaue.info\/index.php\/king-charles-faehrt-durch-paulinenaue\/","url_meta":{"origin":415683,"position":4},"title":"King Charles f\u00e4hrt durch Paulinenaue","author":"Joachim Scholz","date":"31. M\u00e4rz 2023","format":false,"excerpt":"","rel":"","context":"In &quot;Allgemein&quot;","block_context":{"text":"Allgemein","link":"https:\/\/paulinenaue.info\/index.php\/category\/allgemein\/"},"img":{"alt_text":"","src":"https:\/\/i0.wp.com\/paulinenaue.info\/wp-content\/uploads\/2023\/03\/5BDEEAB5-CF77-4AFD-BEEB-3658C3052641_1_105_c.jpeg?resize=350%2C200&ssl=1","width":350,"height":200,"srcset":"https:\/\/i0.wp.com\/paulinenaue.info\/wp-content\/uploads\/2023\/03\/5BDEEAB5-CF77-4AFD-BEEB-3658C3052641_1_105_c.jpeg?resize=350%2C200&ssl=1 1x, https:\/\/i0.wp.com\/paulinenaue.info\/wp-content\/uploads\/2023\/03\/5BDEEAB5-CF77-4AFD-BEEB-3658C3052641_1_105_c.jpeg?resize=525%2C300&ssl=1 1.5x, https:\/\/i0.wp.com\/paulinenaue.info\/wp-content\/uploads\/2023\/03\/5BDEEAB5-CF77-4AFD-BEEB-3658C3052641_1_105_c.jpeg?resize=700%2C400&ssl=1 2x, https:\/\/i0.wp.com\/paulinenaue.info\/wp-content\/uploads\/2023\/03\/5BDEEAB5-CF77-4AFD-BEEB-3658C3052641_1_105_c.jpeg?resize=1050%2C600&ssl=1 3x"},"classes":[]},{"id":419395,"url":"https:\/\/paulinenaue.info\/index.php\/75-jahre-wetteraufzeichnungen-in-paulinenaue\/","url_meta":{"origin":415683,"position":5},"title":"75 Jahre Wetteraufzeichnungen in Paulinenaue","author":"Joachim Scholz","date":"19. April 2026","format":false,"excerpt":"Text und Grafiken: Karl-Heinz Wellenbrock 75 Jahre Wetteraufzeichnungen haben wir dem Forschungsinstitut in Paulinenaue zu verdanken. Schon 1951 wurde damit begonnen, Wetterdaten wie Niederschlag, Temperatur in 2 m H\u00f6he sowie in Bodenn\u00e4he und im Boden, Luftfeuchte und weitere Daten zum Teil mehrmals t\u00e4glich zu erfassen und in Wetterb\u00fcchern aufzuzeichnen. Daraus\u2026","rel":"","context":"In &quot;Allgemein&quot;","block_context":{"text":"Allgemein","link":"https:\/\/paulinenaue.info\/index.php\/category\/allgemein\/"},"img":{"alt_text":"","src":"https:\/\/i0.wp.com\/paulinenaue.info\/wp-content\/uploads\/2026\/04\/Wetterstation_02.jpg?resize=350%2C200&ssl=1","width":350,"height":200,"srcset":"https:\/\/i0.wp.com\/paulinenaue.info\/wp-content\/uploads\/2026\/04\/Wetterstation_02.jpg?resize=350%2C200&ssl=1 1x, https:\/\/i0.wp.com\/paulinenaue.info\/wp-content\/uploads\/2026\/04\/Wetterstation_02.jpg?resize=525%2C300&ssl=1 1.5x, https:\/\/i0.wp.com\/paulinenaue.info\/wp-content\/uploads\/2026\/04\/Wetterstation_02.jpg?resize=700%2C400&ssl=1 2x"},"classes":[]}],"_links":{"self":[{"href":"https:\/\/paulinenaue.info\/index.php\/wp-json\/wp\/v2\/posts\/415683","targetHints":{"allow":["GET"]}}],"collection":[{"href":"https:\/\/paulinenaue.info\/index.php\/wp-json\/wp\/v2\/posts"}],"about":[{"href":"https:\/\/paulinenaue.info\/index.php\/wp-json\/wp\/v2\/types\/post"}],"author":[{"embeddable":true,"href":"https:\/\/paulinenaue.info\/index.php\/wp-json\/wp\/v2\/users\/1"}],"replies":[{"embeddable":true,"href":"https:\/\/paulinenaue.info\/index.php\/wp-json\/wp\/v2\/comments?post=415683"}],"version-history":[{"count":10,"href":"https:\/\/paulinenaue.info\/index.php\/wp-json\/wp\/v2\/posts\/415683\/revisions"}],"predecessor-version":[{"id":415700,"href":"https:\/\/paulinenaue.info\/index.php\/wp-json\/wp\/v2\/posts\/415683\/revisions\/415700"}],"wp:featuredmedia":[{"embeddable":true,"href":"https:\/\/paulinenaue.info\/index.php\/wp-json\/wp\/v2\/media\/415687"}],"wp:attachment":[{"href":"https:\/\/paulinenaue.info\/index.php\/wp-json\/wp\/v2\/media?parent=415683"}],"wp:term":[{"taxonomy":"category","embeddable":true,"href":"https:\/\/paulinenaue.info\/index.php\/wp-json\/wp\/v2\/categories?post=415683"},{"taxonomy":"post_tag","embeddable":true,"href":"https:\/\/paulinenaue.info\/index.php\/wp-json\/wp\/v2\/tags?post=415683"}],"curies":[{"name":"wp","href":"https:\/\/api.w.org\/{rel}","templated":true}]}}