{"id":415702,"date":"2024-01-14T00:41:52","date_gmt":"2024-01-13T23:41:52","guid":{"rendered":"https:\/\/paulinenaue.info\/?p=415702"},"modified":"2024-02-04T01:40:18","modified_gmt":"2024-02-04T00:40:18","slug":"ehrengraeber-auf-dem-paulinenauer-friedhof","status":"publish","type":"post","link":"https:\/\/paulinenaue.info\/index.php\/ehrengraeber-auf-dem-paulinenauer-friedhof\/","title":{"rendered":"Ehrengr\u00e4ber auf dem Paulinenauer Friedhof"},"content":{"rendered":"<p class=\"p1\">Er ist einer der wenigen \u00f6ffentlichen Orte in Paulinenaue, an dem man zugleich etwas Sinnvolles tun, Leute treffen, sich erz\u00e4hlen und vielleicht sogar erholen kann: unser Friedhof. Selbst wenn niemand hier gerade harkt und hegt, ist man auf dem Friedhof Verwandten, Nachbarn und Freunden nah. Je l\u00e4nger man lebt, desto mehr werden es. Ganz klar, der Friedhof hat mit uns zu tun, er erz\u00e4hlt unsere Geschichte oder wird sie einmal erz\u00e4hlen.<\/p>\n<p class=\"p1\">Einige Gr\u00e4ber sind besonders, weil sie hier schon immer zu stehen scheinen und sich mit den Namen der Personen die Geschichte unseres Dorfes verbindet. Das Grab von <a href=\"https:\/\/de.wikipedia.org\/wiki\/Eilhard_Alfred_Mitscherlich\">Professor Mitscherlich<\/a>, dem Agrarforscher, nicht weit vom Eingang auf der rechten Seite gelegen, zum Beispiel. Als es den Brockhaus noch gab, war er der einzige Paulinenauer, der es je in das bekannteste deutsche Lexikon geschafft hatte. Ihm gegen\u00fcber befindet sich unter B\u00e4umen das Doppelgrab von <a href=\"https:\/\/de.wikipedia.org\/wiki\/Carl_Ramsauer\">Carl Ramsauer<\/a> und seiner Frau Meta. Er war zu Lebzeiten kaum weniger bekannt als Mitscherlich, lebte als Berliner Physiker nach Feierabend in Paulinenaue am Rothen Husaren. Dann ist da der imposante Grabstein von Professor <a href=\"https:\/\/de.wikipedia.org\/wiki\/Asmus_Petersen_(Agrarwissenschaftler)\">Asmus Petersen<\/a> und seiner Frau Waltraud. Als zweiter Institutsdirektor war Petersen ein charismatischer Universit\u00e4tslehrer, den seine Sch\u00fcler so verehrten, dass sie zu runden Geburtstagen Gendenksymposien f\u00fcr ihn veranstalteten und die gehaltenen Vortr\u00e4ge sp\u00e4ter publizierten. Wie gro\u00df das Andenken an die <a href=\"https:\/\/paulinenaue.info\/index.php\/die-pferde-haben-uns\/\">Gebr\u00fcder Knauer<\/a> noch ist, konnte man vor wenigen Jahren erfahren, als es wenig M\u00fche kostete, aus dem Kreis traditionsbewusster Berliner Trabrennsportler Spendengelder f\u00fcr die <a href=\"https:\/\/paulinenaue.info\/index.php\/in-arbeit-der-knauergrabstein\/\">Sanierung ihres Grabsteins<\/a> zu sammeln.<\/p>\n<div id=\"attachment_415718\" style=\"width: 610px\" class=\"wp-caption alignnone\"><a href=\"https:\/\/paulinenaue.info\/wp-content\/uploads\/2024\/01\/2021-09-18-Grabstelle-Ramsauer.jpeg\"><img decoding=\"async\" aria-describedby=\"caption-attachment-415718\" data-attachment-id=\"415718\" data-permalink=\"https:\/\/paulinenaue.info\/index.php\/ehrengraeber-auf-dem-paulinenauer-friedhof\/friedhof-paulinenaue-grabstelle-ramsauer\/\" data-orig-file=\"https:\/\/paulinenaue.info\/wp-content\/uploads\/2024\/01\/2021-09-18-Grabstelle-Ramsauer.jpeg\" data-orig-size=\"1000,667\" data-comments-opened=\"1\" data-image-meta=\"{&quot;aperture&quot;:&quot;2.8&quot;,&quot;credit&quot;:&quot;&quot;,&quot;camera&quot;:&quot;DSC-RX10&quot;,&quot;caption&quot;:&quot;&quot;,&quot;created_timestamp&quot;:&quot;1631954789&quot;,&quot;copyright&quot;:&quot;&quot;,&quot;focal_length&quot;:&quot;31.77&quot;,&quot;iso&quot;:&quot;125&quot;,&quot;shutter_speed&quot;:&quot;0.005&quot;,&quot;title&quot;:&quot;Friedhof Paulinenaue, Grabstelle Ramsauer&quot;,&quot;orientation&quot;:&quot;0&quot;}\" data-image-title=\"Friedhof Paulinenaue, Grabstelle Ramsauer\" data-image-description=\"\" data-image-caption=\"&lt;p&gt;Die Ruhest\u00e4tte des Chemikers Karl Ramsauer und seiner Frau Meta auf dem Paulinenauer Friedhof. Foto: J. Scholz, 2021.&lt;\/p&gt;\n\" data-large-file=\"https:\/\/paulinenaue.info\/wp-content\/uploads\/2024\/01\/2021-09-18-Grabstelle-Ramsauer.jpeg\" class=\"lazyload size-fusion-600 wp-image-415718\" src=\"https:\/\/paulinenaue.info\/wp-content\/uploads\/2024\/01\/2021-09-18-Grabstelle-Ramsauer-600x400.jpeg\" data-orig-src=\"https:\/\/paulinenaue.info\/wp-content\/uploads\/2024\/01\/2021-09-18-Grabstelle-Ramsauer-600x400.jpeg\" alt=\"\" width=\"600\" height=\"400\" srcset=\"data:image\/svg+xml,%3Csvg%20xmlns%3D%27http%3A%2F%2Fwww.w3.org%2F2000%2Fsvg%27%20width%3D%27600%27%20height%3D%27400%27%20viewBox%3D%270%200%20600%20400%27%3E%3Crect%20width%3D%27600%27%20height%3D%27400%27%20fill-opacity%3D%220%22%2F%3E%3C%2Fsvg%3E\" data-srcset=\"https:\/\/paulinenaue.info\/wp-content\/uploads\/2024\/01\/2021-09-18-Grabstelle-Ramsauer-200x133.jpeg 200w, https:\/\/paulinenaue.info\/wp-content\/uploads\/2024\/01\/2021-09-18-Grabstelle-Ramsauer-300x200.jpeg 300w, https:\/\/paulinenaue.info\/wp-content\/uploads\/2024\/01\/2021-09-18-Grabstelle-Ramsauer-400x267.jpeg 400w, https:\/\/paulinenaue.info\/wp-content\/uploads\/2024\/01\/2021-09-18-Grabstelle-Ramsauer-600x400.jpeg 600w, https:\/\/paulinenaue.info\/wp-content\/uploads\/2024\/01\/2021-09-18-Grabstelle-Ramsauer-768x512.jpeg 768w, https:\/\/paulinenaue.info\/wp-content\/uploads\/2024\/01\/2021-09-18-Grabstelle-Ramsauer-800x534.jpeg 800w, https:\/\/paulinenaue.info\/wp-content\/uploads\/2024\/01\/2021-09-18-Grabstelle-Ramsauer.jpeg 1000w\" data-sizes=\"auto\" data-orig-sizes=\"(max-width: 600px) 100vw, 600px\" \/><\/a><p id=\"caption-attachment-415718\" class=\"wp-caption-text\"><em>Die Ruhest\u00e4tte des Physikers Carl Ramsauer und seiner Frau Meta auf dem Paulinenauer Friedhof. Foto: J. Scholz, 2021.<\/em><\/p><\/div>\n<p class=\"p1\">Die Gr\u00e4ber der in Paulinenaue bestatteten Weltkriegssoldaten genie\u00dfen besonderen Schutz. Werner Otto Weber liegt gleich rechts neben dem Eingang. Er war der Bruder von Ursula Haseloff und einer der ersten Paulinenauer, die im Zweiten Weltkrieg fielen. Seine Schwester wurde 95 Jahre alt, er starb mit 18. Dass zu seiner Beerdigung eine Abordnung seines Regiments (1 Leutnant und 30 Mann) nach Paulinenaue gekommen war und \u201eEhrensalven\u201c abgab, erscheint angesichts seines kaum gelebten Lebens als ein zynischer Ausdruck nationalsozialistischer Gewaltherrschaft. Wenig bekannt ist \u00fcber das zweite Paulinenauer Weltkriegsgrab. Der Soldat Albartus Br\u00fcgmann fiel am 23. April 1945. Zu diesem Zeitpunkt gab es noch keine Bodenk\u00e4mpfe in der unmittelbaren Umgebung von Paulinenaue. Warum er hier bestattet wurde, ist deshalb r\u00e4tselhaft und wird wohl unaufgekl\u00e4rt bleiben. Seine Beerdigung f\u00e4llt zudem in den kurzen Zeitraum, in dem das Kirchenbuch nur l\u00fcckenhaft gef\u00fchrt wurde.<\/p>\n<p class=\"p1\">Weil unser Friedhof ein Denkmal ist, nicht weniger wichtig vielleicht als Bahnhof, Schloss oder Park, haben schon im Rahmen des <a href=\"https:\/\/paulinenaue.info\/index.php\/100-jahre-friedhof-paulinenaue\/\">Friedhofsjubil\u00e4ums vor zwei Jahren<\/a> die Evangelische Kirchgemeinde und der Kulturverein begonnen, sich \u00fcber die Festlegung und Pflege von Ehrengr\u00e4bern auszutauschen. Im letzten Sommer hat die Kirchgemeinde <a href=\"https:\/\/paulinenaue.info\/wp-content\/uploads\/2024\/01\/Ausfuehrungsvorschriften-zu-Ehrengraebern-in-der-Kirchengemeinde-Havellaendisches-Luch.pdf\">Ausfu\u0308hrungsvorschriften zu Ehrengra\u0308bern in der Kirchengemeinde Havella\u0308ndisches Luch<\/a> erlassen, noch ohne zu bestimmen, welche Personen einmal ein Ehrengrab erhalten k\u00f6nnten. So aber ist die M\u00f6glichkeit zur Beantragung von Ehrengr\u00e4bern gegeben. Hier kommt nun der Paulinenauer Kulturverein ins Spiel, der diese Antr\u00e4ge stellen k\u00f6nnte. Aus ortsgeschichtlicher Sicht sind die Grabstellen von Mitscherlich, Petersen, Ramsauer und Knauer die f\u00fcr Paulinenaue bedeutendsten. Der Kulturverein organisert momentan auch bereits die k\u00fcnftige Pflege der Ehrengr\u00e4ber. Denkbar ist, dass Patenschaften f\u00fcr je eines der Gr\u00e4ber \u00fcbernommen werden, in die sich auch mehrere Helfende teilen k\u00f6nnten. Auch wenn Paulinenaue nur \u00fcber begrenzte ehrenamtliche Ressourcen verf\u00fcgt und der Friedhof, wie Linda Jurk schreibt, f\u00fcr die Kirche eine starke finanzielle und organisatorische Belastung darstellt, ist es nicht so, dass gerade niemand sich sorgt. Linda Jurk betreut ehrenamtlich vier Friedh\u00f6fe, das Grab von Prof. Mitscherlich wird seit Jahren von Familie Exner gepflegt. Gertraud Exner ist zum Gl\u00fcck bereit, das auch k\u00fcnftig zu tun.<\/p>\n<div id=\"attachment_415716\" style=\"width: 461px\" class=\"wp-caption alignnone\"><a href=\"https:\/\/paulinenaue.info\/wp-content\/uploads\/2024\/01\/2022-10.08-Waltraud-Exner-Mitscherlichgrab.jpeg\"><img decoding=\"async\" aria-describedby=\"caption-attachment-415716\" data-attachment-id=\"415716\" data-permalink=\"https:\/\/paulinenaue.info\/index.php\/ehrengraeber-auf-dem-paulinenauer-friedhof\/gertraud-exner-am-grab-von-prof-mitscherlich\/\" data-orig-file=\"https:\/\/paulinenaue.info\/wp-content\/uploads\/2024\/01\/2022-10.08-Waltraud-Exner-Mitscherlichgrab.jpeg\" data-orig-size=\"751,1000\" data-comments-opened=\"1\" data-image-meta=\"{&quot;aperture&quot;:&quot;1.8&quot;,&quot;credit&quot;:&quot;&quot;,&quot;camera&quot;:&quot;iPhone XR&quot;,&quot;caption&quot;:&quot;&quot;,&quot;created_timestamp&quot;:&quot;1665240172&quot;,&quot;copyright&quot;:&quot;&quot;,&quot;focal_length&quot;:&quot;4.25&quot;,&quot;iso&quot;:&quot;50&quot;,&quot;shutter_speed&quot;:&quot;0.0082644628099174&quot;,&quot;title&quot;:&quot;Gertraud Exner am Grab von Prof. Mitscherlich&quot;,&quot;orientation&quot;:&quot;0&quot;}\" data-image-title=\"Gertraud Exner am Grab von Prof. Mitscherlich\" data-image-description=\"\" data-image-caption=\"&lt;p&gt;Waltraud Exner bei der Pflege des Grabs von Prof. Eilhard Alfred Mitscherlich. Foto: J. Scholz, 2022.&lt;\/p&gt;\n\" data-large-file=\"https:\/\/paulinenaue.info\/wp-content\/uploads\/2024\/01\/2022-10.08-Waltraud-Exner-Mitscherlichgrab.jpeg\" class=\"lazyload wp-image-415716\" src=\"https:\/\/paulinenaue.info\/wp-content\/uploads\/2024\/01\/2022-10.08-Waltraud-Exner-Mitscherlichgrab-600x799.jpeg\" data-orig-src=\"https:\/\/paulinenaue.info\/wp-content\/uploads\/2024\/01\/2022-10.08-Waltraud-Exner-Mitscherlichgrab-600x799.jpeg\" alt=\"\" width=\"451\" height=\"600\" srcset=\"data:image\/svg+xml,%3Csvg%20xmlns%3D%27http%3A%2F%2Fwww.w3.org%2F2000%2Fsvg%27%20width%3D%27451%27%20height%3D%27600%27%20viewBox%3D%270%200%20451%20600%27%3E%3Crect%20width%3D%27451%27%20height%3D%27600%27%20fill-opacity%3D%220%22%2F%3E%3C%2Fsvg%3E\" data-srcset=\"https:\/\/paulinenaue.info\/wp-content\/uploads\/2024\/01\/2022-10.08-Waltraud-Exner-Mitscherlichgrab-200x266.jpeg 200w, https:\/\/paulinenaue.info\/wp-content\/uploads\/2024\/01\/2022-10.08-Waltraud-Exner-Mitscherlichgrab-225x300.jpeg 225w, https:\/\/paulinenaue.info\/wp-content\/uploads\/2024\/01\/2022-10.08-Waltraud-Exner-Mitscherlichgrab-400x533.jpeg 400w, https:\/\/paulinenaue.info\/wp-content\/uploads\/2024\/01\/2022-10.08-Waltraud-Exner-Mitscherlichgrab-600x799.jpeg 600w, https:\/\/paulinenaue.info\/wp-content\/uploads\/2024\/01\/2022-10.08-Waltraud-Exner-Mitscherlichgrab.jpeg 751w\" data-sizes=\"auto\" data-orig-sizes=\"(max-width: 451px) 100vw, 451px\" \/><\/a><p id=\"caption-attachment-415716\" class=\"wp-caption-text\"><em>Gertraud Exner bei der Pflege des Grabs von Prof. Eilhard Alfred Mitscherlich. Foto: J. Scholz, 2022.<\/em><\/p><\/div>\n<p class=\"p1\">Der Paulinenauer Friedhof ist ein Denkmal. Um eines der k\u00fcnftigen Ehrengr\u00e4ber zu pflegen, m\u00fcssen Sie weder Kirchg\u00e4ngerin noch Vereinsmitglied sein. Wer sich an der Pflege von Paulinenauer Ehrengr\u00e4bern beteiligen will oder einen weiteren Vorschlag f\u00fcr ein Ehrengrab machen m\u00f6chte, kann unter dem Betreff \u201eEhrengrab\u201c eine Mail an <a href=\"mailto:kulturverein@paulinenaue.info\"><span class=\"s1\">kulturverein@paulinenaue.info<\/span><\/a> schreiben.<\/p>\n","protected":false},"excerpt":{"rendered":"<p>Er ist einer der wenigen \u00f6ffentlichen Orte in Paulinenaue, an [&hellip;]<\/p>\n","protected":false},"author":1,"featured_media":415718,"comment_status":"open","ping_status":"open","sticky":false,"template":"","format":"standard","meta":{"_acf_changed":false,"_price":"","_stock":"","_tribe_ticket_header":"","_tribe_default_ticket_provider":"","_tribe_ticket_capacity":"0","_ticket_start_date":"","_ticket_end_date":"","_tribe_ticket_show_description":"","_tribe_ticket_show_not_going":false,"_tribe_ticket_use_global_stock":"","_tribe_ticket_global_stock_level":"","_global_stock_mode":"","_global_stock_cap":"","_tribe_rsvp_for_event":"","_tribe_ticket_going_count":"","_tribe_ticket_not_going_count":"","_tribe_tickets_list":"[]","_tribe_ticket_has_attendee_info_fields":false,"jetpack_post_was_ever_published":false,"_jetpack_newsletter_access":"","_jetpack_dont_email_post_to_subs":false,"_jetpack_newsletter_tier_id":0,"_jetpack_memberships_contains_paywalled_content":false,"_jetpack_memberships_contains_paid_content":false,"footnotes":"","jetpack_publicize_message":"","jetpack_publicize_feature_enabled":true,"jetpack_social_post_already_shared":true,"jetpack_social_options":{"image_generator_settings":{"template":"highway","default_image_id":0,"font":"","enabled":false},"version":2}},"categories":[40,519,442,6,7,26,474,47,9,526,10],"tags":[409,84,471,350,530,416,205,528,529],"class_list":["post-415702","post","type-post","status-publish","format-standard","has-post-thumbnail","hentry","category-dorfentwicklung","category-ehrenamt","category-friedhof","category-hier-zuhause","category-historie","category-kirche","category-knauers-lindenhof","category-kulturverein","category-neuigkeiten","category-ortsgeschichte","category-vereine","tag-arthur-knauer","tag-asmus-petersen","tag-carl-knauer","tag-ehrenamt","tag-ehrengraeber","tag-eilhard-alfred-mitscherlich","tag-friedhof","tag-karl-ramsauer","tag-meta-ramsauer"],"acf":[],"yoast_head":"<!-- This site is optimized with the Yoast SEO plugin v27.5 - https:\/\/yoast.com\/product\/yoast-seo-wordpress\/ -->\n<title>Ehrengr\u00e4ber auf dem Paulinenauer Friedhof - Paulinenaue<\/title>\n<meta name=\"description\" content=\"Auf dem Paulinenauer Friedhof sollen Ehrergr\u00e4ber bestimmt werden. Die Kirchgemeinde und der Kulturverein gehen die Aufgabe an.\" \/>\n<meta name=\"robots\" content=\"index, follow, max-snippet:-1, max-image-preview:large, max-video-preview:-1\" \/>\n<link rel=\"canonical\" href=\"https:\/\/paulinenaue.info\/index.php\/ehrengraeber-auf-dem-paulinenauer-friedhof\/\" \/>\n<meta property=\"og:locale\" content=\"de_DE\" \/>\n<meta property=\"og:type\" content=\"article\" \/>\n<meta property=\"og:title\" content=\"Ehrengr\u00e4ber auf dem Paulinenauer Friedhof - Paulinenaue\" \/>\n<meta property=\"og:description\" content=\"Auf dem Paulinenauer Friedhof sollen Ehrergr\u00e4ber bestimmt werden. Die Kirchgemeinde und der Kulturverein gehen die Aufgabe an.\" \/>\n<meta property=\"og:url\" content=\"https:\/\/paulinenaue.info\/index.php\/ehrengraeber-auf-dem-paulinenauer-friedhof\/\" \/>\n<meta property=\"og:site_name\" content=\"Paulinenaue\" \/>\n<meta property=\"article:published_time\" content=\"2024-01-13T23:41:52+00:00\" \/>\n<meta property=\"article:modified_time\" content=\"2024-02-04T00:40:18+00:00\" \/>\n<meta property=\"og:image\" content=\"https:\/\/paulinenaue.info\/wp-content\/uploads\/2024\/01\/2021-09-18-Grabstelle-Ramsauer.jpeg\" \/>\n\t<meta property=\"og:image:width\" content=\"1000\" \/>\n\t<meta property=\"og:image:height\" content=\"667\" \/>\n\t<meta property=\"og:image:type\" content=\"image\/jpeg\" \/>\n<meta name=\"author\" content=\"Joachim Scholz\" \/>\n<meta name=\"twitter:card\" content=\"summary_large_image\" \/>\n<meta name=\"twitter:label1\" content=\"Verfasst von\" \/>\n\t<meta name=\"twitter:data1\" content=\"Joachim Scholz\" \/>\n\t<meta name=\"twitter:label2\" content=\"Gesch\u00e4tzte Lesezeit\" \/>\n\t<meta name=\"twitter:data2\" content=\"5\u00a0Minuten\" \/>\n<script type=\"application\/ld+json\" class=\"yoast-schema-graph\">{\"@context\":\"https:\\\/\\\/schema.org\",\"@graph\":[{\"@type\":\"Article\",\"@id\":\"https:\\\/\\\/paulinenaue.info\\\/index.php\\\/ehrengraeber-auf-dem-paulinenauer-friedhof\\\/#article\",\"isPartOf\":{\"@id\":\"https:\\\/\\\/paulinenaue.info\\\/index.php\\\/ehrengraeber-auf-dem-paulinenauer-friedhof\\\/\"},\"author\":{\"name\":\"Joachim Scholz\",\"@id\":\"https:\\\/\\\/paulinenaue.info\\\/#\\\/schema\\\/person\\\/3f9e818fd7b69b0d2bd937ac506897cc\"},\"headline\":\"Ehrengr\u00e4ber auf dem Paulinenauer Friedhof\",\"datePublished\":\"2024-01-13T23:41:52+00:00\",\"dateModified\":\"2024-02-04T00:40:18+00:00\",\"mainEntityOfPage\":{\"@id\":\"https:\\\/\\\/paulinenaue.info\\\/index.php\\\/ehrengraeber-auf-dem-paulinenauer-friedhof\\\/\"},\"wordCount\":733,\"commentCount\":0,\"image\":{\"@id\":\"https:\\\/\\\/paulinenaue.info\\\/index.php\\\/ehrengraeber-auf-dem-paulinenauer-friedhof\\\/#primaryimage\"},\"thumbnailUrl\":\"https:\\\/\\\/paulinenaue.info\\\/wp-content\\\/uploads\\\/2024\\\/01\\\/2021-09-18-Grabstelle-Ramsauer.jpeg\",\"keywords\":[\"Arthur Knauer\",\"Asmus Petersen\",\"Carl Knauer\",\"Ehrenamt\",\"Ehrengr\u00e4ber\",\"Eilhard Alfred Mitscherlich\",\"Friedhof\",\"Karl Ramsauer\",\"Meta Ramsauer\"],\"articleSection\":[\"Dorfentwicklung\",\"Ehrenamt\",\"Friedhof\",\"Hier Zuhause\",\"Historie\",\"Kirche\",\"Knauers Lindenhof\",\"Kulturverein\",\"Neuigkeiten\",\"Ortsgeschichte\",\"Vereine\"],\"inLanguage\":\"de\",\"potentialAction\":[{\"@type\":\"CommentAction\",\"name\":\"Comment\",\"target\":[\"https:\\\/\\\/paulinenaue.info\\\/index.php\\\/ehrengraeber-auf-dem-paulinenauer-friedhof\\\/#respond\"]}]},{\"@type\":\"WebPage\",\"@id\":\"https:\\\/\\\/paulinenaue.info\\\/index.php\\\/ehrengraeber-auf-dem-paulinenauer-friedhof\\\/\",\"url\":\"https:\\\/\\\/paulinenaue.info\\\/index.php\\\/ehrengraeber-auf-dem-paulinenauer-friedhof\\\/\",\"name\":\"Ehrengr\u00e4ber auf dem Paulinenauer Friedhof - Paulinenaue\",\"isPartOf\":{\"@id\":\"https:\\\/\\\/paulinenaue.info\\\/#website\"},\"primaryImageOfPage\":{\"@id\":\"https:\\\/\\\/paulinenaue.info\\\/index.php\\\/ehrengraeber-auf-dem-paulinenauer-friedhof\\\/#primaryimage\"},\"image\":{\"@id\":\"https:\\\/\\\/paulinenaue.info\\\/index.php\\\/ehrengraeber-auf-dem-paulinenauer-friedhof\\\/#primaryimage\"},\"thumbnailUrl\":\"https:\\\/\\\/paulinenaue.info\\\/wp-content\\\/uploads\\\/2024\\\/01\\\/2021-09-18-Grabstelle-Ramsauer.jpeg\",\"datePublished\":\"2024-01-13T23:41:52+00:00\",\"dateModified\":\"2024-02-04T00:40:18+00:00\",\"author\":{\"@id\":\"https:\\\/\\\/paulinenaue.info\\\/#\\\/schema\\\/person\\\/3f9e818fd7b69b0d2bd937ac506897cc\"},\"description\":\"Auf dem Paulinenauer Friedhof sollen Ehrergr\u00e4ber bestimmt werden. Die Kirchgemeinde und der Kulturverein gehen die Aufgabe an.\",\"breadcrumb\":{\"@id\":\"https:\\\/\\\/paulinenaue.info\\\/index.php\\\/ehrengraeber-auf-dem-paulinenauer-friedhof\\\/#breadcrumb\"},\"inLanguage\":\"de\",\"potentialAction\":[{\"@type\":\"ReadAction\",\"target\":[\"https:\\\/\\\/paulinenaue.info\\\/index.php\\\/ehrengraeber-auf-dem-paulinenauer-friedhof\\\/\"]}]},{\"@type\":\"ImageObject\",\"inLanguage\":\"de\",\"@id\":\"https:\\\/\\\/paulinenaue.info\\\/index.php\\\/ehrengraeber-auf-dem-paulinenauer-friedhof\\\/#primaryimage\",\"url\":\"https:\\\/\\\/paulinenaue.info\\\/wp-content\\\/uploads\\\/2024\\\/01\\\/2021-09-18-Grabstelle-Ramsauer.jpeg\",\"contentUrl\":\"https:\\\/\\\/paulinenaue.info\\\/wp-content\\\/uploads\\\/2024\\\/01\\\/2021-09-18-Grabstelle-Ramsauer.jpeg\",\"width\":1000,\"height\":667,\"caption\":\"Die Ruhest\u00e4tte des Chemikers Karl Ramsauer und seiner Frau Meta auf dem Paulinenauer Friedhof. Foto: J. Scholz, 2021.\"},{\"@type\":\"BreadcrumbList\",\"@id\":\"https:\\\/\\\/paulinenaue.info\\\/index.php\\\/ehrengraeber-auf-dem-paulinenauer-friedhof\\\/#breadcrumb\",\"itemListElement\":[{\"@type\":\"ListItem\",\"position\":1,\"name\":\"Home\",\"item\":\"https:\\\/\\\/paulinenaue.info\\\/\"},{\"@type\":\"ListItem\",\"position\":2,\"name\":\"Ehrengr\u00e4ber auf dem Paulinenauer Friedhof\"}]},{\"@type\":\"WebSite\",\"@id\":\"https:\\\/\\\/paulinenaue.info\\\/#website\",\"url\":\"https:\\\/\\\/paulinenaue.info\\\/\",\"name\":\"Paulinenaue\",\"description\":\"Ein Dorf im Havelland\",\"potentialAction\":[{\"@type\":\"SearchAction\",\"target\":{\"@type\":\"EntryPoint\",\"urlTemplate\":\"https:\\\/\\\/paulinenaue.info\\\/?s={search_term_string}\"},\"query-input\":{\"@type\":\"PropertyValueSpecification\",\"valueRequired\":true,\"valueName\":\"search_term_string\"}}],\"inLanguage\":\"de\"},{\"@type\":\"Person\",\"@id\":\"https:\\\/\\\/paulinenaue.info\\\/#\\\/schema\\\/person\\\/3f9e818fd7b69b0d2bd937ac506897cc\",\"name\":\"Joachim Scholz\",\"url\":\"https:\\\/\\\/paulinenaue.info\\\/index.php\\\/author\\\/jjscholz\\\/\"}]}<\/script>\n<!-- \/ Yoast SEO plugin. -->","yoast_head_json":{"title":"Ehrengr\u00e4ber auf dem Paulinenauer Friedhof - Paulinenaue","description":"Auf dem Paulinenauer Friedhof sollen Ehrergr\u00e4ber bestimmt werden. Die Kirchgemeinde und der Kulturverein gehen die Aufgabe an.","robots":{"index":"index","follow":"follow","max-snippet":"max-snippet:-1","max-image-preview":"max-image-preview:large","max-video-preview":"max-video-preview:-1"},"canonical":"https:\/\/paulinenaue.info\/index.php\/ehrengraeber-auf-dem-paulinenauer-friedhof\/","og_locale":"de_DE","og_type":"article","og_title":"Ehrengr\u00e4ber auf dem Paulinenauer Friedhof - Paulinenaue","og_description":"Auf dem Paulinenauer Friedhof sollen Ehrergr\u00e4ber bestimmt werden. Die Kirchgemeinde und der Kulturverein gehen die Aufgabe an.","og_url":"https:\/\/paulinenaue.info\/index.php\/ehrengraeber-auf-dem-paulinenauer-friedhof\/","og_site_name":"Paulinenaue","article_published_time":"2024-01-13T23:41:52+00:00","article_modified_time":"2024-02-04T00:40:18+00:00","og_image":[{"width":1000,"height":667,"url":"https:\/\/paulinenaue.info\/wp-content\/uploads\/2024\/01\/2021-09-18-Grabstelle-Ramsauer.jpeg","type":"image\/jpeg"}],"author":"Joachim Scholz","twitter_card":"summary_large_image","twitter_misc":{"Verfasst von":"Joachim Scholz","Gesch\u00e4tzte Lesezeit":"5\u00a0Minuten"},"schema":{"@context":"https:\/\/schema.org","@graph":[{"@type":"Article","@id":"https:\/\/paulinenaue.info\/index.php\/ehrengraeber-auf-dem-paulinenauer-friedhof\/#article","isPartOf":{"@id":"https:\/\/paulinenaue.info\/index.php\/ehrengraeber-auf-dem-paulinenauer-friedhof\/"},"author":{"name":"Joachim Scholz","@id":"https:\/\/paulinenaue.info\/#\/schema\/person\/3f9e818fd7b69b0d2bd937ac506897cc"},"headline":"Ehrengr\u00e4ber auf dem Paulinenauer Friedhof","datePublished":"2024-01-13T23:41:52+00:00","dateModified":"2024-02-04T00:40:18+00:00","mainEntityOfPage":{"@id":"https:\/\/paulinenaue.info\/index.php\/ehrengraeber-auf-dem-paulinenauer-friedhof\/"},"wordCount":733,"commentCount":0,"image":{"@id":"https:\/\/paulinenaue.info\/index.php\/ehrengraeber-auf-dem-paulinenauer-friedhof\/#primaryimage"},"thumbnailUrl":"https:\/\/paulinenaue.info\/wp-content\/uploads\/2024\/01\/2021-09-18-Grabstelle-Ramsauer.jpeg","keywords":["Arthur Knauer","Asmus Petersen","Carl Knauer","Ehrenamt","Ehrengr\u00e4ber","Eilhard Alfred Mitscherlich","Friedhof","Karl Ramsauer","Meta Ramsauer"],"articleSection":["Dorfentwicklung","Ehrenamt","Friedhof","Hier Zuhause","Historie","Kirche","Knauers Lindenhof","Kulturverein","Neuigkeiten","Ortsgeschichte","Vereine"],"inLanguage":"de","potentialAction":[{"@type":"CommentAction","name":"Comment","target":["https:\/\/paulinenaue.info\/index.php\/ehrengraeber-auf-dem-paulinenauer-friedhof\/#respond"]}]},{"@type":"WebPage","@id":"https:\/\/paulinenaue.info\/index.php\/ehrengraeber-auf-dem-paulinenauer-friedhof\/","url":"https:\/\/paulinenaue.info\/index.php\/ehrengraeber-auf-dem-paulinenauer-friedhof\/","name":"Ehrengr\u00e4ber auf dem Paulinenauer Friedhof - Paulinenaue","isPartOf":{"@id":"https:\/\/paulinenaue.info\/#website"},"primaryImageOfPage":{"@id":"https:\/\/paulinenaue.info\/index.php\/ehrengraeber-auf-dem-paulinenauer-friedhof\/#primaryimage"},"image":{"@id":"https:\/\/paulinenaue.info\/index.php\/ehrengraeber-auf-dem-paulinenauer-friedhof\/#primaryimage"},"thumbnailUrl":"https:\/\/paulinenaue.info\/wp-content\/uploads\/2024\/01\/2021-09-18-Grabstelle-Ramsauer.jpeg","datePublished":"2024-01-13T23:41:52+00:00","dateModified":"2024-02-04T00:40:18+00:00","author":{"@id":"https:\/\/paulinenaue.info\/#\/schema\/person\/3f9e818fd7b69b0d2bd937ac506897cc"},"description":"Auf dem Paulinenauer Friedhof sollen Ehrergr\u00e4ber bestimmt werden. Die Kirchgemeinde und der Kulturverein gehen die Aufgabe an.","breadcrumb":{"@id":"https:\/\/paulinenaue.info\/index.php\/ehrengraeber-auf-dem-paulinenauer-friedhof\/#breadcrumb"},"inLanguage":"de","potentialAction":[{"@type":"ReadAction","target":["https:\/\/paulinenaue.info\/index.php\/ehrengraeber-auf-dem-paulinenauer-friedhof\/"]}]},{"@type":"ImageObject","inLanguage":"de","@id":"https:\/\/paulinenaue.info\/index.php\/ehrengraeber-auf-dem-paulinenauer-friedhof\/#primaryimage","url":"https:\/\/paulinenaue.info\/wp-content\/uploads\/2024\/01\/2021-09-18-Grabstelle-Ramsauer.jpeg","contentUrl":"https:\/\/paulinenaue.info\/wp-content\/uploads\/2024\/01\/2021-09-18-Grabstelle-Ramsauer.jpeg","width":1000,"height":667,"caption":"Die Ruhest\u00e4tte des Chemikers Karl Ramsauer und seiner Frau Meta auf dem Paulinenauer Friedhof. Foto: J. Scholz, 2021."},{"@type":"BreadcrumbList","@id":"https:\/\/paulinenaue.info\/index.php\/ehrengraeber-auf-dem-paulinenauer-friedhof\/#breadcrumb","itemListElement":[{"@type":"ListItem","position":1,"name":"Home","item":"https:\/\/paulinenaue.info\/"},{"@type":"ListItem","position":2,"name":"Ehrengr\u00e4ber auf dem Paulinenauer Friedhof"}]},{"@type":"WebSite","@id":"https:\/\/paulinenaue.info\/#website","url":"https:\/\/paulinenaue.info\/","name":"Paulinenaue","description":"Ein Dorf im Havelland","potentialAction":[{"@type":"SearchAction","target":{"@type":"EntryPoint","urlTemplate":"https:\/\/paulinenaue.info\/?s={search_term_string}"},"query-input":{"@type":"PropertyValueSpecification","valueRequired":true,"valueName":"search_term_string"}}],"inLanguage":"de"},{"@type":"Person","@id":"https:\/\/paulinenaue.info\/#\/schema\/person\/3f9e818fd7b69b0d2bd937ac506897cc","name":"Joachim Scholz","url":"https:\/\/paulinenaue.info\/index.php\/author\/jjscholz\/"}]}},"jetpack_publicize_connections":[],"jetpack_featured_media_url":"https:\/\/paulinenaue.info\/wp-content\/uploads\/2024\/01\/2021-09-18-Grabstelle-Ramsauer.jpeg","jetpack_sharing_enabled":true,"jetpack_shortlink":"https:\/\/wp.me\/pcYhWA-1K8S","jetpack-related-posts":[{"id":416666,"url":"https:\/\/paulinenaue.info\/index.php\/arthur-knauer-150-jahre\/","url_meta":{"origin":415702,"position":0},"title":"Arthur Knauer \u2013\u00a0150 Jahre","author":"Joachim Scholz","date":"28. Juli 2024","format":false,"excerpt":"Unter den wenigen Paulinenauer Ber\u00fchmtheiten rangiert er weit vorn \u2013\u00a0und das, ohne Wissenschaftler gewesen zu sein! Die Rede ist von Arthur Knauer (1874\u20131964), der zur Zeit des Ersten Weltkrieges gemeinsam mit seinem Bruder Carl aus Berlin kommend in unser Dorf \u00fcbersiedelte, um auf dem frisch urbar gemachten Luchland eine Pferdezucht\u2026","rel":"","context":"In &quot;Ehrenamt&quot;","block_context":{"text":"Ehrenamt","link":"https:\/\/paulinenaue.info\/index.php\/category\/ehrenamt\/"},"img":{"alt_text":"","src":"https:\/\/i0.wp.com\/paulinenaue.info\/wp-content\/uploads\/2024\/07\/2024-07-28-Knauergrab-01.jpeg?resize=350%2C200&ssl=1","width":350,"height":200,"srcset":"https:\/\/i0.wp.com\/paulinenaue.info\/wp-content\/uploads\/2024\/07\/2024-07-28-Knauergrab-01.jpeg?resize=350%2C200&ssl=1 1x, https:\/\/i0.wp.com\/paulinenaue.info\/wp-content\/uploads\/2024\/07\/2024-07-28-Knauergrab-01.jpeg?resize=525%2C300&ssl=1 1.5x, https:\/\/i0.wp.com\/paulinenaue.info\/wp-content\/uploads\/2024\/07\/2024-07-28-Knauergrab-01.jpeg?resize=700%2C400&ssl=1 2x"},"classes":[]},{"id":6135,"url":"https:\/\/paulinenaue.info\/index.php\/spendenaufruf-fuer-das-grab-der-gebrueder-knauer\/","url_meta":{"origin":415702,"position":1},"title":"Spendenaufruf f\u00fcr das Grab der Gebr\u00fcder Knauer","author":"Joachim Scholz","date":"23. Oktober 2021","format":false,"excerpt":"","rel":"","context":"In &quot;Historie&quot;","block_context":{"text":"Historie","link":"https:\/\/paulinenaue.info\/index.php\/category\/historie\/"},"img":{"alt_text":"Grab der Gebr\u00fcder Knauer","src":"https:\/\/i0.wp.com\/paulinenaue.info\/wp-content\/uploads\/2021\/10\/2021-09-18-Grab-Knauers.jpg?resize=350%2C200&ssl=1","width":350,"height":200,"srcset":"https:\/\/i0.wp.com\/paulinenaue.info\/wp-content\/uploads\/2021\/10\/2021-09-18-Grab-Knauers.jpg?resize=350%2C200&ssl=1 1x, https:\/\/i0.wp.com\/paulinenaue.info\/wp-content\/uploads\/2021\/10\/2021-09-18-Grab-Knauers.jpg?resize=525%2C300&ssl=1 1.5x, https:\/\/i0.wp.com\/paulinenaue.info\/wp-content\/uploads\/2021\/10\/2021-09-18-Grab-Knauers.jpg?resize=700%2C400&ssl=1 2x"},"classes":[]},{"id":215195,"url":"https:\/\/paulinenaue.info\/index.php\/andenken-an-die-gebrueder-knauer\/","url_meta":{"origin":415702,"position":2},"title":"Andenken an die Gebr\u00fcder Knauer","author":"Joachim Scholz","date":"12. Juni 2022","format":false,"excerpt":"Paulinenaue feiert die Sanierung des Grabsteins der ber\u00fchmten Pferdez\u00fcchter Im Paulinenauer Kulturverein wurde hin und her \u00fcberlegt, ob nicht einer der frisch in den sanierten Grabstein geschlagenen Datumseintr\u00e4ge sich f\u00fcr die feierliche \u00dcbergabe eben dieses Steines eignen w\u00fcrde. Doch bis zum 150. Geburtstag von Arthur Knauer sind es noch zwei\u2026","rel":"","context":"In &quot;Bienenfarm&quot;","block_context":{"text":"Bienenfarm","link":"https:\/\/paulinenaue.info\/index.php\/category\/bienenfarm\/"},"img":{"alt_text":"","src":"https:\/\/i0.wp.com\/paulinenaue.info\/wp-content\/uploads\/2022\/06\/2022-06-12-Knauerehrung-03.jpeg?resize=350%2C200&ssl=1","width":350,"height":200,"srcset":"https:\/\/i0.wp.com\/paulinenaue.info\/wp-content\/uploads\/2022\/06\/2022-06-12-Knauerehrung-03.jpeg?resize=350%2C200&ssl=1 1x, https:\/\/i0.wp.com\/paulinenaue.info\/wp-content\/uploads\/2022\/06\/2022-06-12-Knauerehrung-03.jpeg?resize=525%2C300&ssl=1 1.5x, https:\/\/i0.wp.com\/paulinenaue.info\/wp-content\/uploads\/2022\/06\/2022-06-12-Knauerehrung-03.jpeg?resize=700%2C400&ssl=1 2x"},"classes":[]},{"id":6248,"url":"https:\/\/paulinenaue.info\/index.php\/100-jahre-friedhof-paulinenaue\/","url_meta":{"origin":415702,"position":3},"title":"100 Jahre Friedhof Paulinenaue","author":"Joachim Scholz","date":"31. Oktober 2021","format":false,"excerpt":"Vortrag anl\u00e4sslich der Gedenkveranstaltung am 2. Oktober 2021, von Joachim Scholz Ein seltener und auch etwas seltsamer Anlass f\u00fchrt uns heute auf den Paulinenauer Friedhof. Der Friedhof hat sozusagen Geburtstag. 100 Jahre Friedhof: Wie begeht man so einen Anlass? Soll man ihn \u00fcberhaupt begehen? Ich bin froh, dass unser Pfarrer\u2026","rel":"","context":"In &quot;Allgemein&quot;","block_context":{"text":"Allgemein","link":"https:\/\/paulinenaue.info\/index.php\/category\/allgemein\/"},"img":{"alt_text":"Friedhof Paulinenaue","src":"https:\/\/i0.wp.com\/paulinenaue.info\/wp-content\/uploads\/2021\/10\/2021-09-18-Friedhof-Paulinenaue.jpg?resize=350%2C200&ssl=1","width":350,"height":200,"srcset":"https:\/\/i0.wp.com\/paulinenaue.info\/wp-content\/uploads\/2021\/10\/2021-09-18-Friedhof-Paulinenaue.jpg?resize=350%2C200&ssl=1 1x, https:\/\/i0.wp.com\/paulinenaue.info\/wp-content\/uploads\/2021\/10\/2021-09-18-Friedhof-Paulinenaue.jpg?resize=525%2C300&ssl=1 1.5x, https:\/\/i0.wp.com\/paulinenaue.info\/wp-content\/uploads\/2021\/10\/2021-09-18-Friedhof-Paulinenaue.jpg?resize=700%2C400&ssl=1 2x"},"classes":[]},{"id":6791,"url":"https:\/\/paulinenaue.info\/index.php\/in-arbeit-der-knauergrabstein\/","url_meta":{"origin":415702,"position":4},"title":"In Arbeit \u2013 Der Knauergrabstein wird saniert","author":"Joachim Scholz","date":"28. Januar 2022","format":false,"excerpt":"Manchem Friedhofsbesucher wird am letzten Wochenende aufgefallen sein, dass pl\u00f6tzlich ein Grab auf dem Paulinenauer Friedhof fehlte, oder besser: ein Grabstein. Wo bis vor kurzem der tonnenschwere Granitfindling stand, unter dem die Gebr\u00fcder Knauer und ihre Haush\u00e4lterin vor Jahrzehnten ihre letzte Ruhest\u00e4tte gefunden haben, tut sich ein klaffendes Loch auf.\u2026","rel":"","context":"In &quot;Friedhof&quot;","block_context":{"text":"Friedhof","link":"https:\/\/paulinenaue.info\/index.php\/category\/friedhof\/"},"img":{"alt_text":"","src":"https:\/\/i0.wp.com\/paulinenaue.info\/wp-content\/uploads\/2022\/01\/2022-01-27-Knauer-Grabstein-04.jpg?resize=350%2C200&ssl=1","width":350,"height":200,"srcset":"https:\/\/i0.wp.com\/paulinenaue.info\/wp-content\/uploads\/2022\/01\/2022-01-27-Knauer-Grabstein-04.jpg?resize=350%2C200&ssl=1 1x, https:\/\/i0.wp.com\/paulinenaue.info\/wp-content\/uploads\/2022\/01\/2022-01-27-Knauer-Grabstein-04.jpg?resize=525%2C300&ssl=1 1.5x, https:\/\/i0.wp.com\/paulinenaue.info\/wp-content\/uploads\/2022\/01\/2022-01-27-Knauer-Grabstein-04.jpg?resize=700%2C400&ssl=1 2x"},"classes":[]},{"id":37106,"url":"https:\/\/paulinenaue.info\/index.php\/das-knauergrab-ist-fertig\/","url_meta":{"origin":415702,"position":5},"title":"Das Knauergrab ist fertig","author":"Joachim Scholz","date":"18. Februar 2022","format":false,"excerpt":"Dar\u00fcber h\u00e4tten sich die Gebr\u00fcder Knauer und ihre Haush\u00e4lterin Charlotte Quoo\u00df sicherlich gefreut, wenn sie es noch erlebt h\u00e4tten, m\u00f6chte man beinahe ausrufen. Aber das ist freilich paradox und klingt unwirklich. Und doch sind die drei Paulinenauer Ber\u00fchmtheiten wohl die ersten auf unserem Friedhof, deren Grabstein saniert wurde. Schon vor\u2026","rel":"","context":"In &quot;Friedhof&quot;","block_context":{"text":"Friedhof","link":"https:\/\/paulinenaue.info\/index.php\/category\/friedhof\/"},"img":{"alt_text":"","src":"https:\/\/i0.wp.com\/paulinenaue.info\/wp-content\/uploads\/2022\/02\/2022-02-10-Knauer-07.jpg?resize=350%2C200&ssl=1","width":350,"height":200,"srcset":"https:\/\/i0.wp.com\/paulinenaue.info\/wp-content\/uploads\/2022\/02\/2022-02-10-Knauer-07.jpg?resize=350%2C200&ssl=1 1x, https:\/\/i0.wp.com\/paulinenaue.info\/wp-content\/uploads\/2022\/02\/2022-02-10-Knauer-07.jpg?resize=525%2C300&ssl=1 1.5x, https:\/\/i0.wp.com\/paulinenaue.info\/wp-content\/uploads\/2022\/02\/2022-02-10-Knauer-07.jpg?resize=700%2C400&ssl=1 2x, https:\/\/i0.wp.com\/paulinenaue.info\/wp-content\/uploads\/2022\/02\/2022-02-10-Knauer-07.jpg?resize=1050%2C600&ssl=1 3x"},"classes":[]}],"_links":{"self":[{"href":"https:\/\/paulinenaue.info\/index.php\/wp-json\/wp\/v2\/posts\/415702","targetHints":{"allow":["GET"]}}],"collection":[{"href":"https:\/\/paulinenaue.info\/index.php\/wp-json\/wp\/v2\/posts"}],"about":[{"href":"https:\/\/paulinenaue.info\/index.php\/wp-json\/wp\/v2\/types\/post"}],"author":[{"embeddable":true,"href":"https:\/\/paulinenaue.info\/index.php\/wp-json\/wp\/v2\/users\/1"}],"replies":[{"embeddable":true,"href":"https:\/\/paulinenaue.info\/index.php\/wp-json\/wp\/v2\/comments?post=415702"}],"version-history":[{"count":56,"href":"https:\/\/paulinenaue.info\/index.php\/wp-json\/wp\/v2\/posts\/415702\/revisions"}],"predecessor-version":[{"id":415986,"href":"https:\/\/paulinenaue.info\/index.php\/wp-json\/wp\/v2\/posts\/415702\/revisions\/415986"}],"wp:featuredmedia":[{"embeddable":true,"href":"https:\/\/paulinenaue.info\/index.php\/wp-json\/wp\/v2\/media\/415718"}],"wp:attachment":[{"href":"https:\/\/paulinenaue.info\/index.php\/wp-json\/wp\/v2\/media?parent=415702"}],"wp:term":[{"taxonomy":"category","embeddable":true,"href":"https:\/\/paulinenaue.info\/index.php\/wp-json\/wp\/v2\/categories?post=415702"},{"taxonomy":"post_tag","embeddable":true,"href":"https:\/\/paulinenaue.info\/index.php\/wp-json\/wp\/v2\/tags?post=415702"}],"curies":[{"name":"wp","href":"https:\/\/api.w.org\/{rel}","templated":true}]}}