{"id":415791,"date":"2024-01-21T00:02:01","date_gmt":"2024-01-20T23:02:01","guid":{"rendered":"https:\/\/paulinenaue.info\/?p=415791"},"modified":"2024-01-21T00:05:58","modified_gmt":"2024-01-20T23:05:58","slug":"guenstiger-mittagstisch-beim-inder","status":"publish","type":"post","link":"https:\/\/paulinenaue.info\/index.php\/guenstiger-mittagstisch-beim-inder\/","title":{"rendered":"G\u00fcnstiger Mittagstisch beim Inder"},"content":{"rendered":"<p>Ein bisschen Werbung f\u00fcr\u2019s Paulinenauer Indische Restaurant \u201eApne 3\u201c. Ab sofort gibt es dort g\u00fcnstige Mittagsangebote. Von Montag bis Freitag in der Zeit von 12 bis 16.00 Uhr erh\u00e4lt man ab 6,90 \u20ac ein Mittagessen inklusive Suppe, Reis, drei Saucen und Salat. Das teuerste Gericht auf der Karte kostet 12,90 \u20ac. Damit es nicht eint\u00f6nig wird, wechselt in jeder Woche die Speisekarte. Guten Appetit!<\/p>\n<div id=\"attachment_415792\" style=\"width: 610px\" class=\"wp-caption alignnone\"><a href=\"https:\/\/paulinenaue.info\/wp-content\/uploads\/2024\/01\/2024-01-20-Apne-3-Guri.jpeg\"><img decoding=\"async\" aria-describedby=\"caption-attachment-415792\" data-attachment-id=\"415792\" data-permalink=\"https:\/\/paulinenaue.info\/index.php\/guenstiger-mittagstisch-beim-inder\/2024-01-20-apne-3-guri\/\" data-orig-file=\"https:\/\/paulinenaue.info\/wp-content\/uploads\/2024\/01\/2024-01-20-Apne-3-Guri.jpeg\" data-orig-size=\"1000,667\" data-comments-opened=\"1\" data-image-meta=\"{&quot;aperture&quot;:&quot;2.4&quot;,&quot;credit&quot;:&quot;&quot;,&quot;camera&quot;:&quot;DSC-RX10M3&quot;,&quot;caption&quot;:&quot;&quot;,&quot;created_timestamp&quot;:&quot;1705762876&quot;,&quot;copyright&quot;:&quot;&quot;,&quot;focal_length&quot;:&quot;8.8&quot;,&quot;iso&quot;:&quot;800&quot;,&quot;shutter_speed&quot;:&quot;0.04&quot;,&quot;title&quot;:&quot;&quot;,&quot;orientation&quot;:&quot;0&quot;}\" data-image-title=\"2024-01-20, Apne 3, Guri\" data-image-description=\"\" data-image-caption=\"&lt;p&gt;Guri serviert das Essen im Apne 3. Foto: J. Scholz, 2024.&lt;\/p&gt;\n\" data-large-file=\"https:\/\/paulinenaue.info\/wp-content\/uploads\/2024\/01\/2024-01-20-Apne-3-Guri.jpeg\" class=\"lazyload wp-image-415792 size-fusion-600\" src=\"https:\/\/paulinenaue.info\/wp-content\/uploads\/2024\/01\/2024-01-20-Apne-3-Guri-600x400.jpeg\" data-orig-src=\"https:\/\/paulinenaue.info\/wp-content\/uploads\/2024\/01\/2024-01-20-Apne-3-Guri-600x400.jpeg\" alt=\"\" width=\"600\" height=\"400\" srcset=\"data:image\/svg+xml,%3Csvg%20xmlns%3D%27http%3A%2F%2Fwww.w3.org%2F2000%2Fsvg%27%20width%3D%27600%27%20height%3D%27400%27%20viewBox%3D%270%200%20600%20400%27%3E%3Crect%20width%3D%27600%27%20height%3D%27400%27%20fill-opacity%3D%220%22%2F%3E%3C%2Fsvg%3E\" data-srcset=\"https:\/\/paulinenaue.info\/wp-content\/uploads\/2024\/01\/2024-01-20-Apne-3-Guri-200x133.jpeg 200w, https:\/\/paulinenaue.info\/wp-content\/uploads\/2024\/01\/2024-01-20-Apne-3-Guri-300x200.jpeg 300w, https:\/\/paulinenaue.info\/wp-content\/uploads\/2024\/01\/2024-01-20-Apne-3-Guri-400x267.jpeg 400w, https:\/\/paulinenaue.info\/wp-content\/uploads\/2024\/01\/2024-01-20-Apne-3-Guri-600x400.jpeg 600w, https:\/\/paulinenaue.info\/wp-content\/uploads\/2024\/01\/2024-01-20-Apne-3-Guri-768x512.jpeg 768w, https:\/\/paulinenaue.info\/wp-content\/uploads\/2024\/01\/2024-01-20-Apne-3-Guri-800x534.jpeg 800w, https:\/\/paulinenaue.info\/wp-content\/uploads\/2024\/01\/2024-01-20-Apne-3-Guri.jpeg 1000w\" data-sizes=\"auto\" data-orig-sizes=\"(max-width: 600px) 100vw, 600px\" \/><\/a><p id=\"caption-attachment-415792\" class=\"wp-caption-text\"><em>Guri serviert das Essen im Apne 3. Foto: J. Scholz, 2024.<\/em><\/p><\/div>\n<p>&nbsp;<\/p>\n\n\t\t<style type=\"text\/css\">\n\t\t\t#gallery-1 {\n\t\t\t\tmargin: auto;\n\t\t\t}\n\t\t\t#gallery-1 .gallery-item {\n\t\t\t\tfloat: left;\n\t\t\t\tmargin-top: 10px;\n\t\t\t\ttext-align: center;\n\t\t\t\twidth: 25%;\n\t\t\t}\n\t\t\t#gallery-1 img {\n\t\t\t\tborder: 2px solid #cfcfcf;\n\t\t\t}\n\t\t\t#gallery-1 .gallery-caption {\n\t\t\t\tmargin-left: 0;\n\t\t\t}\n\t\t\t\/* see gallery_shortcode() in wp-includes\/media.php *\/\n\t\t<\/style>\n\t\t<div data-carousel-extra='{&quot;blog_id&quot;:1,&quot;permalink&quot;:&quot;https:\/\/paulinenaue.info\/index.php\/guenstiger-mittagstisch-beim-inder\/&quot;}' id='gallery-1' class='gallery galleryid-415791 gallery-columns-4 gallery-size-thumbnail'><dl class='gallery-item'>\n\t\t\t<dt class='gallery-icon portrait'>\n\t\t\t\t<a data-rel=\"iLightbox[postimages]\" data-title=\"Apne 3, Woche 1\" data-caption=\"Woche 1\" href='https:\/\/paulinenaue.info\/index.php\/guenstiger-mittagstisch-beim-inder\/apne-3-woche-1\/'><img decoding=\"async\" width=\"150\" height=\"150\" src=\"https:\/\/paulinenaue.info\/wp-content\/uploads\/2024\/01\/Apne-3-Woche-1-150x150.jpg\" class=\"attachment-thumbnail size-thumbnail lazyload\" alt=\"\" aria-describedby=\"gallery-1-415793\" srcset=\"data:image\/svg+xml,%3Csvg%20xmlns%3D%27http%3A%2F%2Fwww.w3.org%2F2000%2Fsvg%27%20width%3D%271590%27%20height%3D%272361%27%20viewBox%3D%270%200%201590%202361%27%3E%3Crect%20width%3D%271590%27%20height%3D%272361%27%20fill-opacity%3D%220%22%2F%3E%3C%2Fsvg%3E\" data-orig-src=\"https:\/\/paulinenaue.info\/wp-content\/uploads\/2024\/01\/Apne-3-Woche-1-150x150.jpg\" data-srcset=\"https:\/\/paulinenaue.info\/wp-content\/uploads\/2024\/01\/Apne-3-Woche-1-66x66.jpg 66w, https:\/\/paulinenaue.info\/wp-content\/uploads\/2024\/01\/Apne-3-Woche-1-150x150.jpg 150w\" data-sizes=\"auto\" data-attachment-id=\"415793\" data-permalink=\"https:\/\/paulinenaue.info\/index.php\/guenstiger-mittagstisch-beim-inder\/apne-3-woche-1\/\" data-orig-file=\"https:\/\/paulinenaue.info\/wp-content\/uploads\/2024\/01\/Apne-3-Woche-1.jpg\" data-orig-size=\"1590,2361\" data-comments-opened=\"1\" data-image-meta=\"{&quot;aperture&quot;:&quot;0&quot;,&quot;credit&quot;:&quot;&quot;,&quot;camera&quot;:&quot;&quot;,&quot;caption&quot;:&quot;&quot;,&quot;created_timestamp&quot;:&quot;0&quot;,&quot;copyright&quot;:&quot;&quot;,&quot;focal_length&quot;:&quot;0&quot;,&quot;iso&quot;:&quot;0&quot;,&quot;shutter_speed&quot;:&quot;0&quot;,&quot;title&quot;:&quot;&quot;,&quot;orientation&quot;:&quot;0&quot;}\" data-image-title=\"Apne 3, Woche 1\" data-image-description=\"\" data-image-caption=\"&lt;p&gt;Woche 1&lt;\/p&gt;\n\" data-large-file=\"https:\/\/paulinenaue.info\/wp-content\/uploads\/2024\/01\/Apne-3-Woche-1-690x1024.jpg\" \/><\/a>\n\t\t\t<\/dt>\n\t\t\t\t<dd class='wp-caption-text gallery-caption' id='gallery-1-415793'>\n\t\t\t\tWoche 1\n\t\t\t\t<\/dd><\/dl><dl class='gallery-item'>\n\t\t\t<dt class='gallery-icon portrait'>\n\t\t\t\t<a data-rel=\"iLightbox[postimages]\" data-title=\"Apne 3, Woche 2\" data-caption=\"Woche 2\" href='https:\/\/paulinenaue.info\/index.php\/guenstiger-mittagstisch-beim-inder\/apne-3-woche-2\/'><img decoding=\"async\" width=\"150\" height=\"150\" src=\"https:\/\/paulinenaue.info\/wp-content\/uploads\/2024\/01\/Apne-3-Woche-2-150x150.jpg\" class=\"attachment-thumbnail size-thumbnail lazyload\" alt=\"\" aria-describedby=\"gallery-1-415794\" srcset=\"data:image\/svg+xml,%3Csvg%20xmlns%3D%27http%3A%2F%2Fwww.w3.org%2F2000%2Fsvg%27%20width%3D%271590%27%20height%3D%272361%27%20viewBox%3D%270%200%201590%202361%27%3E%3Crect%20width%3D%271590%27%20height%3D%272361%27%20fill-opacity%3D%220%22%2F%3E%3C%2Fsvg%3E\" data-orig-src=\"https:\/\/paulinenaue.info\/wp-content\/uploads\/2024\/01\/Apne-3-Woche-2-150x150.jpg\" data-srcset=\"https:\/\/paulinenaue.info\/wp-content\/uploads\/2024\/01\/Apne-3-Woche-2-66x66.jpg 66w, https:\/\/paulinenaue.info\/wp-content\/uploads\/2024\/01\/Apne-3-Woche-2-150x150.jpg 150w\" data-sizes=\"auto\" data-attachment-id=\"415794\" data-permalink=\"https:\/\/paulinenaue.info\/index.php\/guenstiger-mittagstisch-beim-inder\/apne-3-woche-2\/\" data-orig-file=\"https:\/\/paulinenaue.info\/wp-content\/uploads\/2024\/01\/Apne-3-Woche-2.jpg\" data-orig-size=\"1590,2361\" data-comments-opened=\"1\" data-image-meta=\"{&quot;aperture&quot;:&quot;0&quot;,&quot;credit&quot;:&quot;&quot;,&quot;camera&quot;:&quot;&quot;,&quot;caption&quot;:&quot;&quot;,&quot;created_timestamp&quot;:&quot;0&quot;,&quot;copyright&quot;:&quot;&quot;,&quot;focal_length&quot;:&quot;0&quot;,&quot;iso&quot;:&quot;0&quot;,&quot;shutter_speed&quot;:&quot;0&quot;,&quot;title&quot;:&quot;&quot;,&quot;orientation&quot;:&quot;0&quot;}\" data-image-title=\"Apne 3, Woche 2\" data-image-description=\"\" data-image-caption=\"&lt;p&gt;Woche 2&lt;\/p&gt;\n\" data-large-file=\"https:\/\/paulinenaue.info\/wp-content\/uploads\/2024\/01\/Apne-3-Woche-2-690x1024.jpg\" \/><\/a>\n\t\t\t<\/dt>\n\t\t\t\t<dd class='wp-caption-text gallery-caption' id='gallery-1-415794'>\n\t\t\t\tWoche 2\n\t\t\t\t<\/dd><\/dl><dl class='gallery-item'>\n\t\t\t<dt class='gallery-icon portrait'>\n\t\t\t\t<a data-rel=\"iLightbox[postimages]\" data-title=\"Apne 3, Woche 3\" data-caption=\"Woche 3\" href='https:\/\/paulinenaue.info\/index.php\/guenstiger-mittagstisch-beim-inder\/apne-3-woche-3\/'><img decoding=\"async\" width=\"150\" height=\"150\" src=\"https:\/\/paulinenaue.info\/wp-content\/uploads\/2024\/01\/Apne-3-Woche-3-150x150.jpg\" class=\"attachment-thumbnail size-thumbnail lazyload\" alt=\"\" aria-describedby=\"gallery-1-415795\" srcset=\"data:image\/svg+xml,%3Csvg%20xmlns%3D%27http%3A%2F%2Fwww.w3.org%2F2000%2Fsvg%27%20width%3D%271590%27%20height%3D%272361%27%20viewBox%3D%270%200%201590%202361%27%3E%3Crect%20width%3D%271590%27%20height%3D%272361%27%20fill-opacity%3D%220%22%2F%3E%3C%2Fsvg%3E\" data-orig-src=\"https:\/\/paulinenaue.info\/wp-content\/uploads\/2024\/01\/Apne-3-Woche-3-150x150.jpg\" data-srcset=\"https:\/\/paulinenaue.info\/wp-content\/uploads\/2024\/01\/Apne-3-Woche-3-66x66.jpg 66w, https:\/\/paulinenaue.info\/wp-content\/uploads\/2024\/01\/Apne-3-Woche-3-150x150.jpg 150w\" data-sizes=\"auto\" data-attachment-id=\"415795\" data-permalink=\"https:\/\/paulinenaue.info\/index.php\/guenstiger-mittagstisch-beim-inder\/apne-3-woche-3\/\" data-orig-file=\"https:\/\/paulinenaue.info\/wp-content\/uploads\/2024\/01\/Apne-3-Woche-3.jpg\" data-orig-size=\"1590,2361\" data-comments-opened=\"1\" data-image-meta=\"{&quot;aperture&quot;:&quot;0&quot;,&quot;credit&quot;:&quot;&quot;,&quot;camera&quot;:&quot;&quot;,&quot;caption&quot;:&quot;&quot;,&quot;created_timestamp&quot;:&quot;0&quot;,&quot;copyright&quot;:&quot;&quot;,&quot;focal_length&quot;:&quot;0&quot;,&quot;iso&quot;:&quot;0&quot;,&quot;shutter_speed&quot;:&quot;0&quot;,&quot;title&quot;:&quot;&quot;,&quot;orientation&quot;:&quot;0&quot;}\" data-image-title=\"Apne 3, Woche 3\" data-image-description=\"\" data-image-caption=\"&lt;p&gt;Woche 3&lt;\/p&gt;\n\" data-large-file=\"https:\/\/paulinenaue.info\/wp-content\/uploads\/2024\/01\/Apne-3-Woche-3-690x1024.jpg\" \/><\/a>\n\t\t\t<\/dt>\n\t\t\t\t<dd class='wp-caption-text gallery-caption' id='gallery-1-415795'>\n\t\t\t\tWoche 3\n\t\t\t\t<\/dd><\/dl><dl class='gallery-item'>\n\t\t\t<dt class='gallery-icon portrait'>\n\t\t\t\t<a data-rel=\"iLightbox[postimages]\" data-title=\"Apne 3, Woche 4\" data-caption=\"Woche 4\" href='https:\/\/paulinenaue.info\/index.php\/guenstiger-mittagstisch-beim-inder\/apne-3-woche-4\/'><img decoding=\"async\" width=\"150\" height=\"150\" src=\"https:\/\/paulinenaue.info\/wp-content\/uploads\/2024\/01\/Apne-3-Woche-4-150x150.jpg\" class=\"attachment-thumbnail size-thumbnail lazyload\" alt=\"\" aria-describedby=\"gallery-1-415796\" srcset=\"data:image\/svg+xml,%3Csvg%20xmlns%3D%27http%3A%2F%2Fwww.w3.org%2F2000%2Fsvg%27%20width%3D%271590%27%20height%3D%272361%27%20viewBox%3D%270%200%201590%202361%27%3E%3Crect%20width%3D%271590%27%20height%3D%272361%27%20fill-opacity%3D%220%22%2F%3E%3C%2Fsvg%3E\" data-orig-src=\"https:\/\/paulinenaue.info\/wp-content\/uploads\/2024\/01\/Apne-3-Woche-4-150x150.jpg\" data-srcset=\"https:\/\/paulinenaue.info\/wp-content\/uploads\/2024\/01\/Apne-3-Woche-4-66x66.jpg 66w, https:\/\/paulinenaue.info\/wp-content\/uploads\/2024\/01\/Apne-3-Woche-4-150x150.jpg 150w\" data-sizes=\"auto\" data-attachment-id=\"415796\" data-permalink=\"https:\/\/paulinenaue.info\/index.php\/guenstiger-mittagstisch-beim-inder\/apne-3-woche-4\/\" data-orig-file=\"https:\/\/paulinenaue.info\/wp-content\/uploads\/2024\/01\/Apne-3-Woche-4.jpg\" data-orig-size=\"1590,2361\" data-comments-opened=\"1\" data-image-meta=\"{&quot;aperture&quot;:&quot;0&quot;,&quot;credit&quot;:&quot;&quot;,&quot;camera&quot;:&quot;&quot;,&quot;caption&quot;:&quot;&quot;,&quot;created_timestamp&quot;:&quot;0&quot;,&quot;copyright&quot;:&quot;&quot;,&quot;focal_length&quot;:&quot;0&quot;,&quot;iso&quot;:&quot;0&quot;,&quot;shutter_speed&quot;:&quot;0&quot;,&quot;title&quot;:&quot;&quot;,&quot;orientation&quot;:&quot;0&quot;}\" data-image-title=\"Apne 3, Woche 4\" data-image-description=\"\" data-image-caption=\"&lt;p&gt;Woche 4&lt;\/p&gt;\n\" data-large-file=\"https:\/\/paulinenaue.info\/wp-content\/uploads\/2024\/01\/Apne-3-Woche-4-690x1024.jpg\" \/><\/a>\n\t\t\t<\/dt>\n\t\t\t\t<dd class='wp-caption-text gallery-caption' id='gallery-1-415796'>\n\t\t\t\tWoche 4\n\t\t\t\t<\/dd><\/dl><br style=\"clear: both\" \/>\n\t\t<\/div>\n\n","protected":false},"excerpt":{"rendered":"<p>Ein bisschen Werbung f\u00fcr\u2019s Paulinenauer Indische Restaurant \u201eApne 3\u201c. Ab [&hellip;]<\/p>\n","protected":false},"author":1,"featured_media":415792,"comment_status":"open","ping_status":"open","sticky":false,"template":"","format":"standard","meta":{"_acf_changed":false,"_price":"","_stock":"","_tribe_ticket_header":"","_tribe_default_ticket_provider":"","_tribe_ticket_capacity":"0","_ticket_start_date":"","_ticket_end_date":"","_tribe_ticket_show_description":"","_tribe_ticket_show_not_going":false,"_tribe_ticket_use_global_stock":"","_tribe_ticket_global_stock_level":"","_global_stock_mode":"","_global_stock_cap":"","_tribe_rsvp_for_event":"","_tribe_ticket_going_count":"","_tribe_ticket_not_going_count":"","_tribe_tickets_list":"[]","_tribe_ticket_has_attendee_info_fields":false,"jetpack_post_was_ever_published":false,"_jetpack_newsletter_access":"","_jetpack_dont_email_post_to_subs":false,"_jetpack_newsletter_tier_id":0,"_jetpack_memberships_contains_paywalled_content":false,"_jetpack_memberships_contains_paid_content":false,"footnotes":"","jetpack_publicize_message":"","jetpack_publicize_feature_enabled":true,"jetpack_social_post_already_shared":true,"jetpack_social_options":{"image_generator_settings":{"template":"highway","default_image_id":0,"font":"","enabled":false},"version":2}},"categories":[1,404,9],"tags":[405],"class_list":["post-415791","post","type-post","status-publish","format-standard","has-post-thumbnail","hentry","category-allgemein","category-gastronomie","category-neuigkeiten","tag-apne-3"],"acf":[],"yoast_head":"<!-- This site is optimized with the Yoast SEO plugin v27.5 - https:\/\/yoast.com\/product\/yoast-seo-wordpress\/ -->\n<title>G\u00fcnstiger Mittagstisch beim Inder - Paulinenaue<\/title>\n<meta name=\"description\" content=\"Ab sofort gibt es im indischen Restaurant ,Apne 3\u2018 in Paulinenaue w\u00f6chentlich wechselnde Mittagsangebote zu g\u00fcnstigen Preisen.\" \/>\n<meta name=\"robots\" content=\"index, follow, max-snippet:-1, max-image-preview:large, max-video-preview:-1\" \/>\n<link rel=\"canonical\" href=\"https:\/\/paulinenaue.info\/index.php\/guenstiger-mittagstisch-beim-inder\/\" \/>\n<meta property=\"og:locale\" content=\"de_DE\" \/>\n<meta property=\"og:type\" content=\"article\" \/>\n<meta property=\"og:title\" content=\"G\u00fcnstiger Mittagstisch beim Inder - Paulinenaue\" \/>\n<meta property=\"og:description\" content=\"Ab sofort gibt es im indischen Restaurant ,Apne 3\u2018 in Paulinenaue w\u00f6chentlich wechselnde Mittagsangebote zu g\u00fcnstigen Preisen.\" \/>\n<meta property=\"og:url\" content=\"https:\/\/paulinenaue.info\/index.php\/guenstiger-mittagstisch-beim-inder\/\" \/>\n<meta property=\"og:site_name\" content=\"Paulinenaue\" \/>\n<meta property=\"article:published_time\" content=\"2024-01-20T23:02:01+00:00\" \/>\n<meta property=\"article:modified_time\" content=\"2024-01-20T23:05:58+00:00\" \/>\n<meta property=\"og:image\" content=\"https:\/\/paulinenaue.info\/wp-content\/uploads\/2024\/01\/2024-01-20-Apne-3-Guri.jpeg\" \/>\n\t<meta property=\"og:image:width\" content=\"1000\" \/>\n\t<meta property=\"og:image:height\" content=\"667\" \/>\n\t<meta property=\"og:image:type\" content=\"image\/jpeg\" \/>\n<meta name=\"author\" content=\"Joachim Scholz\" \/>\n<meta name=\"twitter:card\" content=\"summary_large_image\" \/>\n<meta name=\"twitter:label1\" content=\"Verfasst von\" \/>\n\t<meta name=\"twitter:data1\" content=\"Joachim Scholz\" \/>\n\t<meta name=\"twitter:label2\" content=\"Gesch\u00e4tzte Lesezeit\" \/>\n\t<meta name=\"twitter:data2\" content=\"1\u00a0Minute\" \/>\n<script type=\"application\/ld+json\" class=\"yoast-schema-graph\">{\"@context\":\"https:\\\/\\\/schema.org\",\"@graph\":[{\"@type\":\"Article\",\"@id\":\"https:\\\/\\\/paulinenaue.info\\\/index.php\\\/guenstiger-mittagstisch-beim-inder\\\/#article\",\"isPartOf\":{\"@id\":\"https:\\\/\\\/paulinenaue.info\\\/index.php\\\/guenstiger-mittagstisch-beim-inder\\\/\"},\"author\":{\"name\":\"Joachim Scholz\",\"@id\":\"https:\\\/\\\/paulinenaue.info\\\/#\\\/schema\\\/person\\\/3f9e818fd7b69b0d2bd937ac506897cc\"},\"headline\":\"G\u00fcnstiger Mittagstisch beim Inder\",\"datePublished\":\"2024-01-20T23:02:01+00:00\",\"dateModified\":\"2024-01-20T23:05:58+00:00\",\"mainEntityOfPage\":{\"@id\":\"https:\\\/\\\/paulinenaue.info\\\/index.php\\\/guenstiger-mittagstisch-beim-inder\\\/\"},\"wordCount\":87,\"commentCount\":0,\"image\":{\"@id\":\"https:\\\/\\\/paulinenaue.info\\\/index.php\\\/guenstiger-mittagstisch-beim-inder\\\/#primaryimage\"},\"thumbnailUrl\":\"https:\\\/\\\/paulinenaue.info\\\/wp-content\\\/uploads\\\/2024\\\/01\\\/2024-01-20-Apne-3-Guri.jpeg\",\"keywords\":[\"Apne 3\"],\"articleSection\":{\"1\":\"Gastronomie\",\"2\":\"Neuigkeiten\"},\"inLanguage\":\"de\",\"potentialAction\":[{\"@type\":\"CommentAction\",\"name\":\"Comment\",\"target\":[\"https:\\\/\\\/paulinenaue.info\\\/index.php\\\/guenstiger-mittagstisch-beim-inder\\\/#respond\"]}]},{\"@type\":\"WebPage\",\"@id\":\"https:\\\/\\\/paulinenaue.info\\\/index.php\\\/guenstiger-mittagstisch-beim-inder\\\/\",\"url\":\"https:\\\/\\\/paulinenaue.info\\\/index.php\\\/guenstiger-mittagstisch-beim-inder\\\/\",\"name\":\"G\u00fcnstiger Mittagstisch beim Inder - Paulinenaue\",\"isPartOf\":{\"@id\":\"https:\\\/\\\/paulinenaue.info\\\/#website\"},\"primaryImageOfPage\":{\"@id\":\"https:\\\/\\\/paulinenaue.info\\\/index.php\\\/guenstiger-mittagstisch-beim-inder\\\/#primaryimage\"},\"image\":{\"@id\":\"https:\\\/\\\/paulinenaue.info\\\/index.php\\\/guenstiger-mittagstisch-beim-inder\\\/#primaryimage\"},\"thumbnailUrl\":\"https:\\\/\\\/paulinenaue.info\\\/wp-content\\\/uploads\\\/2024\\\/01\\\/2024-01-20-Apne-3-Guri.jpeg\",\"datePublished\":\"2024-01-20T23:02:01+00:00\",\"dateModified\":\"2024-01-20T23:05:58+00:00\",\"author\":{\"@id\":\"https:\\\/\\\/paulinenaue.info\\\/#\\\/schema\\\/person\\\/3f9e818fd7b69b0d2bd937ac506897cc\"},\"description\":\"Ab sofort gibt es im indischen Restaurant ,Apne 3\u2018 in Paulinenaue w\u00f6chentlich wechselnde Mittagsangebote zu g\u00fcnstigen Preisen.\",\"breadcrumb\":{\"@id\":\"https:\\\/\\\/paulinenaue.info\\\/index.php\\\/guenstiger-mittagstisch-beim-inder\\\/#breadcrumb\"},\"inLanguage\":\"de\",\"potentialAction\":[{\"@type\":\"ReadAction\",\"target\":[\"https:\\\/\\\/paulinenaue.info\\\/index.php\\\/guenstiger-mittagstisch-beim-inder\\\/\"]}]},{\"@type\":\"ImageObject\",\"inLanguage\":\"de\",\"@id\":\"https:\\\/\\\/paulinenaue.info\\\/index.php\\\/guenstiger-mittagstisch-beim-inder\\\/#primaryimage\",\"url\":\"https:\\\/\\\/paulinenaue.info\\\/wp-content\\\/uploads\\\/2024\\\/01\\\/2024-01-20-Apne-3-Guri.jpeg\",\"contentUrl\":\"https:\\\/\\\/paulinenaue.info\\\/wp-content\\\/uploads\\\/2024\\\/01\\\/2024-01-20-Apne-3-Guri.jpeg\",\"width\":1000,\"height\":667,\"caption\":\"Guri serviert das Essen im Apne 3. Foto: J. Scholz, 2024.\"},{\"@type\":\"BreadcrumbList\",\"@id\":\"https:\\\/\\\/paulinenaue.info\\\/index.php\\\/guenstiger-mittagstisch-beim-inder\\\/#breadcrumb\",\"itemListElement\":[{\"@type\":\"ListItem\",\"position\":1,\"name\":\"Home\",\"item\":\"https:\\\/\\\/paulinenaue.info\\\/\"},{\"@type\":\"ListItem\",\"position\":2,\"name\":\"G\u00fcnstiger Mittagstisch beim Inder\"}]},{\"@type\":\"WebSite\",\"@id\":\"https:\\\/\\\/paulinenaue.info\\\/#website\",\"url\":\"https:\\\/\\\/paulinenaue.info\\\/\",\"name\":\"Paulinenaue\",\"description\":\"Ein Dorf im Havelland\",\"potentialAction\":[{\"@type\":\"SearchAction\",\"target\":{\"@type\":\"EntryPoint\",\"urlTemplate\":\"https:\\\/\\\/paulinenaue.info\\\/?s={search_term_string}\"},\"query-input\":{\"@type\":\"PropertyValueSpecification\",\"valueRequired\":true,\"valueName\":\"search_term_string\"}}],\"inLanguage\":\"de\"},{\"@type\":\"Person\",\"@id\":\"https:\\\/\\\/paulinenaue.info\\\/#\\\/schema\\\/person\\\/3f9e818fd7b69b0d2bd937ac506897cc\",\"name\":\"Joachim Scholz\",\"url\":\"https:\\\/\\\/paulinenaue.info\\\/index.php\\\/author\\\/jjscholz\\\/\"}]}<\/script>\n<!-- \/ Yoast SEO plugin. -->","yoast_head_json":{"title":"G\u00fcnstiger Mittagstisch beim Inder - Paulinenaue","description":"Ab sofort gibt es im indischen Restaurant ,Apne 3\u2018 in Paulinenaue w\u00f6chentlich wechselnde Mittagsangebote zu g\u00fcnstigen Preisen.","robots":{"index":"index","follow":"follow","max-snippet":"max-snippet:-1","max-image-preview":"max-image-preview:large","max-video-preview":"max-video-preview:-1"},"canonical":"https:\/\/paulinenaue.info\/index.php\/guenstiger-mittagstisch-beim-inder\/","og_locale":"de_DE","og_type":"article","og_title":"G\u00fcnstiger Mittagstisch beim Inder - Paulinenaue","og_description":"Ab sofort gibt es im indischen Restaurant ,Apne 3\u2018 in Paulinenaue w\u00f6chentlich wechselnde Mittagsangebote zu g\u00fcnstigen Preisen.","og_url":"https:\/\/paulinenaue.info\/index.php\/guenstiger-mittagstisch-beim-inder\/","og_site_name":"Paulinenaue","article_published_time":"2024-01-20T23:02:01+00:00","article_modified_time":"2024-01-20T23:05:58+00:00","og_image":[{"width":1000,"height":667,"url":"https:\/\/paulinenaue.info\/wp-content\/uploads\/2024\/01\/2024-01-20-Apne-3-Guri.jpeg","type":"image\/jpeg"}],"author":"Joachim Scholz","twitter_card":"summary_large_image","twitter_misc":{"Verfasst von":"Joachim Scholz","Gesch\u00e4tzte Lesezeit":"1\u00a0Minute"},"schema":{"@context":"https:\/\/schema.org","@graph":[{"@type":"Article","@id":"https:\/\/paulinenaue.info\/index.php\/guenstiger-mittagstisch-beim-inder\/#article","isPartOf":{"@id":"https:\/\/paulinenaue.info\/index.php\/guenstiger-mittagstisch-beim-inder\/"},"author":{"name":"Joachim Scholz","@id":"https:\/\/paulinenaue.info\/#\/schema\/person\/3f9e818fd7b69b0d2bd937ac506897cc"},"headline":"G\u00fcnstiger Mittagstisch beim Inder","datePublished":"2024-01-20T23:02:01+00:00","dateModified":"2024-01-20T23:05:58+00:00","mainEntityOfPage":{"@id":"https:\/\/paulinenaue.info\/index.php\/guenstiger-mittagstisch-beim-inder\/"},"wordCount":87,"commentCount":0,"image":{"@id":"https:\/\/paulinenaue.info\/index.php\/guenstiger-mittagstisch-beim-inder\/#primaryimage"},"thumbnailUrl":"https:\/\/paulinenaue.info\/wp-content\/uploads\/2024\/01\/2024-01-20-Apne-3-Guri.jpeg","keywords":["Apne 3"],"articleSection":{"1":"Gastronomie","2":"Neuigkeiten"},"inLanguage":"de","potentialAction":[{"@type":"CommentAction","name":"Comment","target":["https:\/\/paulinenaue.info\/index.php\/guenstiger-mittagstisch-beim-inder\/#respond"]}]},{"@type":"WebPage","@id":"https:\/\/paulinenaue.info\/index.php\/guenstiger-mittagstisch-beim-inder\/","url":"https:\/\/paulinenaue.info\/index.php\/guenstiger-mittagstisch-beim-inder\/","name":"G\u00fcnstiger Mittagstisch beim Inder - Paulinenaue","isPartOf":{"@id":"https:\/\/paulinenaue.info\/#website"},"primaryImageOfPage":{"@id":"https:\/\/paulinenaue.info\/index.php\/guenstiger-mittagstisch-beim-inder\/#primaryimage"},"image":{"@id":"https:\/\/paulinenaue.info\/index.php\/guenstiger-mittagstisch-beim-inder\/#primaryimage"},"thumbnailUrl":"https:\/\/paulinenaue.info\/wp-content\/uploads\/2024\/01\/2024-01-20-Apne-3-Guri.jpeg","datePublished":"2024-01-20T23:02:01+00:00","dateModified":"2024-01-20T23:05:58+00:00","author":{"@id":"https:\/\/paulinenaue.info\/#\/schema\/person\/3f9e818fd7b69b0d2bd937ac506897cc"},"description":"Ab sofort gibt es im indischen Restaurant ,Apne 3\u2018 in Paulinenaue w\u00f6chentlich wechselnde Mittagsangebote zu g\u00fcnstigen Preisen.","breadcrumb":{"@id":"https:\/\/paulinenaue.info\/index.php\/guenstiger-mittagstisch-beim-inder\/#breadcrumb"},"inLanguage":"de","potentialAction":[{"@type":"ReadAction","target":["https:\/\/paulinenaue.info\/index.php\/guenstiger-mittagstisch-beim-inder\/"]}]},{"@type":"ImageObject","inLanguage":"de","@id":"https:\/\/paulinenaue.info\/index.php\/guenstiger-mittagstisch-beim-inder\/#primaryimage","url":"https:\/\/paulinenaue.info\/wp-content\/uploads\/2024\/01\/2024-01-20-Apne-3-Guri.jpeg","contentUrl":"https:\/\/paulinenaue.info\/wp-content\/uploads\/2024\/01\/2024-01-20-Apne-3-Guri.jpeg","width":1000,"height":667,"caption":"Guri serviert das Essen im Apne 3. Foto: J. Scholz, 2024."},{"@type":"BreadcrumbList","@id":"https:\/\/paulinenaue.info\/index.php\/guenstiger-mittagstisch-beim-inder\/#breadcrumb","itemListElement":[{"@type":"ListItem","position":1,"name":"Home","item":"https:\/\/paulinenaue.info\/"},{"@type":"ListItem","position":2,"name":"G\u00fcnstiger Mittagstisch beim Inder"}]},{"@type":"WebSite","@id":"https:\/\/paulinenaue.info\/#website","url":"https:\/\/paulinenaue.info\/","name":"Paulinenaue","description":"Ein Dorf im Havelland","potentialAction":[{"@type":"SearchAction","target":{"@type":"EntryPoint","urlTemplate":"https:\/\/paulinenaue.info\/?s={search_term_string}"},"query-input":{"@type":"PropertyValueSpecification","valueRequired":true,"valueName":"search_term_string"}}],"inLanguage":"de"},{"@type":"Person","@id":"https:\/\/paulinenaue.info\/#\/schema\/person\/3f9e818fd7b69b0d2bd937ac506897cc","name":"Joachim Scholz","url":"https:\/\/paulinenaue.info\/index.php\/author\/jjscholz\/"}]}},"jetpack_publicize_connections":[],"jetpack_featured_media_url":"https:\/\/paulinenaue.info\/wp-content\/uploads\/2024\/01\/2024-01-20-Apne-3-Guri.jpeg","jetpack_sharing_enabled":true,"jetpack_shortlink":"https:\/\/wp.me\/pcYhWA-1Kaj","jetpack-related-posts":[{"id":414948,"url":"https:\/\/paulinenaue.info\/index.php\/ein-jahr-apne-3\/","url_meta":{"origin":415791,"position":0},"title":"Ein Jahr Apne 3","author":"Joachim Scholz","date":"12. November 2022","format":false,"excerpt":"Paulinenaues indisches Restaurant feiert Geburtstag \u201eWir gehen zum Inder\u201c, oder \u201eWir holen uns was vom Inder\u201c: Diese S\u00e4tze sind im Laufe des letzten Jahres in Paulinenaue gel\u00e4ufig geworden. Das indische Restaurant \u201eApne 3\u201c, das am 9. Oktober 2021 in der Dorfmitte er\u00f6ffnete, ist l\u00e4ngst eine Institution. Das Essen schmeckt und\u2026","rel":"","context":"In &quot;Allgemein&quot;","block_context":{"text":"Allgemein","link":"https:\/\/paulinenaue.info\/index.php\/category\/allgemein\/"},"img":{"alt_text":"","src":"https:\/\/i0.wp.com\/paulinenaue.info\/wp-content\/uploads\/2022\/11\/2022-11-13-Apne-3.jpeg?resize=350%2C200&ssl=1","width":350,"height":200,"srcset":"https:\/\/i0.wp.com\/paulinenaue.info\/wp-content\/uploads\/2022\/11\/2022-11-13-Apne-3.jpeg?resize=350%2C200&ssl=1 1x, https:\/\/i0.wp.com\/paulinenaue.info\/wp-content\/uploads\/2022\/11\/2022-11-13-Apne-3.jpeg?resize=525%2C300&ssl=1 1.5x, https:\/\/i0.wp.com\/paulinenaue.info\/wp-content\/uploads\/2022\/11\/2022-11-13-Apne-3.jpeg?resize=700%2C400&ssl=1 2x"},"classes":[]},{"id":6038,"url":"https:\/\/paulinenaue.info\/index.php\/aller-guten-dinge-sind-drei-paulinenaue-hat-ein-neues-restaurant\/","url_meta":{"origin":415791,"position":1},"title":"\u201eApne 3\u201c: Paulinenaue hat ein neues Restaurant","author":"Joachim Scholz","date":"11. Oktober 2021","format":false,"excerpt":"Das 1886 in Paulinenaue von Wilhelm Grabau er\u00f6ffnete Gasthaus \u201eZu den drei Landkreisen\u201c ist eines der \u00e4ltesten H\u00e4user von Paulinenaue. Es hat H\u00f6hen und Tiefen und manchen Neuanfang erlebt. Hier wurde 1923 der Paulinenauer Sportverein gegr\u00fcndet, im 1933 errichteten Saal lie\u00df P\u00e4chter Paul Eickhoff Reichsarbeitsdienstler aus Bienenfarm tanzen und es\u2026","rel":"","context":"In &quot;Allgemein&quot;","block_context":{"text":"Allgemein","link":"https:\/\/paulinenaue.info\/index.php\/category\/allgemein\/"},"img":{"alt_text":"","src":"https:\/\/i0.wp.com\/paulinenaue.info\/wp-content\/uploads\/2021\/10\/DSC04568.jpg?resize=350%2C200&ssl=1","width":350,"height":200,"srcset":"https:\/\/i0.wp.com\/paulinenaue.info\/wp-content\/uploads\/2021\/10\/DSC04568.jpg?resize=350%2C200&ssl=1 1x, https:\/\/i0.wp.com\/paulinenaue.info\/wp-content\/uploads\/2021\/10\/DSC04568.jpg?resize=525%2C300&ssl=1 1.5x, https:\/\/i0.wp.com\/paulinenaue.info\/wp-content\/uploads\/2021\/10\/DSC04568.jpg?resize=700%2C400&ssl=1 2x"},"classes":[]},{"id":109773,"url":"https:\/\/paulinenaue.info\/index.php\/vor-ostern-2022\/","url_meta":{"origin":415791,"position":2},"title":"Vor Ostern 2022","author":"Sarah","date":"8. April 2022","format":false,"excerpt":"","rel":"","context":"In &quot;Allgemein&quot;","block_context":{"text":"Allgemein","link":"https:\/\/paulinenaue.info\/index.php\/category\/allgemein\/"},"img":{"alt_text":"","src":"https:\/\/i0.wp.com\/paulinenaue.info\/wp-content\/uploads\/2022\/04\/ostern1.jpg?resize=350%2C200&ssl=1","width":350,"height":200,"srcset":"https:\/\/i0.wp.com\/paulinenaue.info\/wp-content\/uploads\/2022\/04\/ostern1.jpg?resize=350%2C200&ssl=1 1x, https:\/\/i0.wp.com\/paulinenaue.info\/wp-content\/uploads\/2022\/04\/ostern1.jpg?resize=525%2C300&ssl=1 1.5x, https:\/\/i0.wp.com\/paulinenaue.info\/wp-content\/uploads\/2022\/04\/ostern1.jpg?resize=700%2C400&ssl=1 2x, https:\/\/i0.wp.com\/paulinenaue.info\/wp-content\/uploads\/2022\/04\/ostern1.jpg?resize=1050%2C600&ssl=1 3x, https:\/\/i0.wp.com\/paulinenaue.info\/wp-content\/uploads\/2022\/04\/ostern1.jpg?resize=1400%2C800&ssl=1 4x"},"classes":[]},{"id":415552,"url":"https:\/\/paulinenaue.info\/index.php\/rueckblick-auf-die-feier-zum-ptsv-jubilaeum-am-25-november-2023\/","url_meta":{"origin":415791,"position":3},"title":"R\u00fcckblick auf die Feier zum PTSV-Jubil\u00e4um am 25. November 2023","author":"Joachim Scholz","date":"9. Dezember 2023","format":false,"excerpt":"Viele Sportlerinnen und Sportler, die aktiven und die nicht mehr so aktiven, wohnten am 25. November 2023 der Feier zum Jubil\u00e4um der Gr\u00fcndung des Paulinenauer Turn- und Sportvereins bei, die auf den Tag genau 100 Jahre zuvor am selben Ort, im Gasthaus \u201eZu den drei Landkreisen\u201c (heute \u201eApne 3\u201c) stattfand.\u2026","rel":"","context":"In &quot;PTSV&quot;","block_context":{"text":"PTSV","link":"https:\/\/paulinenaue.info\/index.php\/category\/ptsv\/"},"img":{"alt_text":"","src":"https:\/\/i0.wp.com\/paulinenaue.info\/wp-content\/uploads\/2023\/12\/2023-11-25-Apne-3-100-Jahre-PTSV-03.jpeg?resize=350%2C200&ssl=1","width":350,"height":200,"srcset":"https:\/\/i0.wp.com\/paulinenaue.info\/wp-content\/uploads\/2023\/12\/2023-11-25-Apne-3-100-Jahre-PTSV-03.jpeg?resize=350%2C200&ssl=1 1x, https:\/\/i0.wp.com\/paulinenaue.info\/wp-content\/uploads\/2023\/12\/2023-11-25-Apne-3-100-Jahre-PTSV-03.jpeg?resize=525%2C300&ssl=1 1.5x, https:\/\/i0.wp.com\/paulinenaue.info\/wp-content\/uploads\/2023\/12\/2023-11-25-Apne-3-100-Jahre-PTSV-03.jpeg?resize=700%2C400&ssl=1 2x"},"classes":[]},{"id":416396,"url":"https:\/\/paulinenaue.info\/index.php\/paulinenauer-vereine-gestalten-ein-aktives-wochenende\/","url_meta":{"origin":415791,"position":4},"title":"Paulinenauer Vereine gestalten aktives Wochenende","author":"Joachim Scholz","date":"2. Juni 2024","format":false,"excerpt":"An diesem ersten Juniwochenende bewiesen die Paulinenauer, wie viel Leben in ihrem Dorf steckt. Vor allem die Vereine zeigten, was man auch nach der Arbeit so auf die Beine stellen kann. Von Freitag bis Sonntag war etwas los. Der Kulturverein hielt am Freitag seine Quartalsversammlung im Apne 3, die Feuerwehr\u2026","rel":"","context":"In &quot;Allgemein&quot;","block_context":{"text":"Allgemein","link":"https:\/\/paulinenaue.info\/index.php\/category\/allgemein\/"},"img":{"alt_text":"","src":"https:\/\/i0.wp.com\/paulinenaue.info\/wp-content\/uploads\/2024\/06\/2024-06-02-Radfahrer-mit-Buergermeister-01.jpeg?resize=350%2C200&ssl=1","width":350,"height":200,"srcset":"https:\/\/i0.wp.com\/paulinenaue.info\/wp-content\/uploads\/2024\/06\/2024-06-02-Radfahrer-mit-Buergermeister-01.jpeg?resize=350%2C200&ssl=1 1x, https:\/\/i0.wp.com\/paulinenaue.info\/wp-content\/uploads\/2024\/06\/2024-06-02-Radfahrer-mit-Buergermeister-01.jpeg?resize=525%2C300&ssl=1 1.5x, https:\/\/i0.wp.com\/paulinenaue.info\/wp-content\/uploads\/2024\/06\/2024-06-02-Radfahrer-mit-Buergermeister-01.jpeg?resize=700%2C400&ssl=1 2x"},"classes":[]},{"id":416616,"url":"https:\/\/paulinenaue.info\/index.php\/paulinenaues-sommerfest-und-geburtstagsfeier-ein-voller-erfolg\/","url_meta":{"origin":415791,"position":5},"title":"Paulinenaues Sommerfest und\u00a0Geburtstagsfeier \u2013\u00a0ein voller Erfolg","author":"Joachim Scholz","date":"14. Juli 2024","format":false,"excerpt":"Von Eckhard Vierjahn Petrus meinte es gut mit uns. Bei bestem Wetter begann das Sommerfest am 13.07.2024 um 14:00 auf dem kleinen Sportplatz in Paulinenaue und sollte bis in die fr\u00fchen Stunden des n\u00e4chsten Tages andauern. Das Fest im Jahr des 100-j\u00e4hrigen Bestehens von Paulinenaue als selbstst\u00e4ndige Gemeinde war ein\u2026","rel":"","context":"In &quot;Allgemein&quot;","block_context":{"text":"Allgemein","link":"https:\/\/paulinenaue.info\/index.php\/category\/allgemein\/"},"img":{"alt_text":"","src":"https:\/\/i0.wp.com\/paulinenaue.info\/wp-content\/uploads\/2024\/07\/2024-07-13-Dorffest-01.jpeg?resize=350%2C200&ssl=1","width":350,"height":200,"srcset":"https:\/\/i0.wp.com\/paulinenaue.info\/wp-content\/uploads\/2024\/07\/2024-07-13-Dorffest-01.jpeg?resize=350%2C200&ssl=1 1x, https:\/\/i0.wp.com\/paulinenaue.info\/wp-content\/uploads\/2024\/07\/2024-07-13-Dorffest-01.jpeg?resize=525%2C300&ssl=1 1.5x, https:\/\/i0.wp.com\/paulinenaue.info\/wp-content\/uploads\/2024\/07\/2024-07-13-Dorffest-01.jpeg?resize=700%2C400&ssl=1 2x"},"classes":[]}],"_links":{"self":[{"href":"https:\/\/paulinenaue.info\/index.php\/wp-json\/wp\/v2\/posts\/415791","targetHints":{"allow":["GET"]}}],"collection":[{"href":"https:\/\/paulinenaue.info\/index.php\/wp-json\/wp\/v2\/posts"}],"about":[{"href":"https:\/\/paulinenaue.info\/index.php\/wp-json\/wp\/v2\/types\/post"}],"author":[{"embeddable":true,"href":"https:\/\/paulinenaue.info\/index.php\/wp-json\/wp\/v2\/users\/1"}],"replies":[{"embeddable":true,"href":"https:\/\/paulinenaue.info\/index.php\/wp-json\/wp\/v2\/comments?post=415791"}],"version-history":[{"count":2,"href":"https:\/\/paulinenaue.info\/index.php\/wp-json\/wp\/v2\/posts\/415791\/revisions"}],"predecessor-version":[{"id":415798,"href":"https:\/\/paulinenaue.info\/index.php\/wp-json\/wp\/v2\/posts\/415791\/revisions\/415798"}],"wp:featuredmedia":[{"embeddable":true,"href":"https:\/\/paulinenaue.info\/index.php\/wp-json\/wp\/v2\/media\/415792"}],"wp:attachment":[{"href":"https:\/\/paulinenaue.info\/index.php\/wp-json\/wp\/v2\/media?parent=415791"}],"wp:term":[{"taxonomy":"category","embeddable":true,"href":"https:\/\/paulinenaue.info\/index.php\/wp-json\/wp\/v2\/categories?post=415791"},{"taxonomy":"post_tag","embeddable":true,"href":"https:\/\/paulinenaue.info\/index.php\/wp-json\/wp\/v2\/tags?post=415791"}],"curies":[{"name":"wp","href":"https:\/\/api.w.org\/{rel}","templated":true}]}}