{"id":415945,"date":"2024-02-04T00:15:36","date_gmt":"2024-02-03T23:15:36","guid":{"rendered":"https:\/\/paulinenaue.info\/?p=415945"},"modified":"2026-03-25T08:49:51","modified_gmt":"2026-03-25T07:49:51","slug":"chroniken-von-paulinenaue","status":"publish","type":"post","link":"https:\/\/paulinenaue.info\/index.php\/chroniken-von-paulinenaue\/","title":{"rendered":"Chroniken von Paulinenaue"},"content":{"rendered":"<h4>Kirchenb\u00fccher und Kriegschroniken \u2013 Die Anf\u00e4nge<\/h4>\n<p>Paulinenaue ist ein junges Dorf, das 1833 aus einem unbedeutenden Vorwerk hervorging. F\u00fcr lange Zeit wurden Aufzeichnungen wichtiger Lebensereignisse seiner Einwohner, wie Geburten, Taufen, Hochzeiten und Todesf\u00e4lle, nur in den Kirchenb\u00fcchern der Nachbargemeinden festgehalten, zu denen es kirchenrechtlich geh\u00f6rte. Erst seit 1920 wurde in Paulinenaue ein eigenes Kirchenbuch gef\u00fchrt. Besonders Retzower Pfarrer haben \u00fcber die Kirchenb\u00fccher hinausf\u00fchrende Chronikaufzeichnungen hinterlassen, in denen schon im sp\u00e4ten 19. Jahrhundert vereinzelt auch aus Paulinenaue berichtet wird. Im Ersten Weltkrieg f\u00fchrte Pfarrer Martin Koch (geb. 1865) regelm\u00e4\u00dfig Aufzeichnungen, um den Soldaten an der Front Auskunft \u00fcber das Leben in der Heimat zu geben, die sp\u00e4ter auch gedruckt wurden. Sie haben einen nationalistischen Unterton, vermerken aber viele Alltagsgeschichten und die Stimmung in den D\u00f6rfern Retzow, Selbelang, Pessin und Paulinenaue.<\/p>\n<div id=\"attachment_415918\" style=\"width: 610px\" class=\"wp-caption alignnone\"><a href=\"https:\/\/paulinenaue.info\/wp-content\/uploads\/2024\/01\/1915-05-23-Heimatszeitung-Titelblatt.jpg\"><img decoding=\"async\" aria-describedby=\"caption-attachment-415918\" data-attachment-id=\"415918\" data-permalink=\"https:\/\/paulinenaue.info\/?attachment_id=415918\" data-orig-file=\"https:\/\/paulinenaue.info\/wp-content\/uploads\/2024\/01\/1915-05-23-Heimatszeitung-Titelblatt.jpg\" data-orig-size=\"1000,570\" data-comments-opened=\"1\" data-image-meta=\"{&quot;aperture&quot;:&quot;2.8&quot;,&quot;credit&quot;:&quot;&quot;,&quot;camera&quot;:&quot;DSC-P72&quot;,&quot;caption&quot;:&quot;&quot;,&quot;created_timestamp&quot;:&quot;1072698126&quot;,&quot;copyright&quot;:&quot;&quot;,&quot;focal_length&quot;:&quot;6&quot;,&quot;iso&quot;:&quot;200&quot;,&quot;shutter_speed&quot;:&quot;0.00625&quot;,&quot;title&quot;:&quot;&quot;,&quot;orientation&quot;:&quot;1&quot;}\" data-image-title=\"1915-05-23, Heimatszeitung, Titelblatt\" data-image-description=\"\" data-image-caption=\"&lt;p&gt;Titel der Pfingstnummer 1915 der von Martin Koch herausgegebenen \u201eHeimats-Zeitung\u201c f\u00fcr die Soldaten des Ersten Weltkrieges. &lt;\/p&gt;\n\" data-large-file=\"https:\/\/paulinenaue.info\/wp-content\/uploads\/2024\/01\/1915-05-23-Heimatszeitung-Titelblatt.jpg\" class=\"lazyload size-fusion-600 wp-image-415918\" src=\"https:\/\/paulinenaue.info\/wp-content\/uploads\/2024\/01\/1915-05-23-Heimatszeitung-Titelblatt-600x342.jpg\" data-orig-src=\"https:\/\/paulinenaue.info\/wp-content\/uploads\/2024\/01\/1915-05-23-Heimatszeitung-Titelblatt-600x342.jpg\" alt=\"\" width=\"600\" height=\"342\" srcset=\"data:image\/svg+xml,%3Csvg%20xmlns%3D%27http%3A%2F%2Fwww.w3.org%2F2000%2Fsvg%27%20width%3D%27600%27%20height%3D%27342%27%20viewBox%3D%270%200%20600%20342%27%3E%3Crect%20width%3D%27600%27%20height%3D%27342%27%20fill-opacity%3D%220%22%2F%3E%3C%2Fsvg%3E\" data-srcset=\"https:\/\/paulinenaue.info\/wp-content\/uploads\/2024\/01\/1915-05-23-Heimatszeitung-Titelblatt-200x114.jpg 200w, https:\/\/paulinenaue.info\/wp-content\/uploads\/2024\/01\/1915-05-23-Heimatszeitung-Titelblatt-300x171.jpg 300w, https:\/\/paulinenaue.info\/wp-content\/uploads\/2024\/01\/1915-05-23-Heimatszeitung-Titelblatt-400x228.jpg 400w, https:\/\/paulinenaue.info\/wp-content\/uploads\/2024\/01\/1915-05-23-Heimatszeitung-Titelblatt-600x342.jpg 600w, https:\/\/paulinenaue.info\/wp-content\/uploads\/2024\/01\/1915-05-23-Heimatszeitung-Titelblatt-768x438.jpg 768w, https:\/\/paulinenaue.info\/wp-content\/uploads\/2024\/01\/1915-05-23-Heimatszeitung-Titelblatt-800x456.jpg 800w, https:\/\/paulinenaue.info\/wp-content\/uploads\/2024\/01\/1915-05-23-Heimatszeitung-Titelblatt.jpg 1000w\" data-sizes=\"auto\" data-orig-sizes=\"(max-width: 600px) 100vw, 600px\" \/><\/a><p id=\"caption-attachment-415918\" class=\"wp-caption-text\"><em>Titel der Pfingstnummer 1915 der von Martin Koch herausgegebenen \u201eHeimats-Zeitung\u201c f\u00fcr die Soldaten des Ersten Weltkrieges.<\/em><\/p><\/div>\n<h4>Pfarrer, Lehrer, Eisenbahner \u2013 Die ersten Paulinenauer Ortschonisten<\/h4>\n<p>Erst Mitte des 20. Jahrhunderts begannen Ortschronistinnen und Ortschronisten, sich mit Paulinenaue auch unter historischen Gesichtspunkten zu befassen. Wiederum stand ein Retzower Pfarrer am Anfang. Walther Pachali (1908-1994) durchforstete die Pfarrakten und berichtete w\u00e4hrend des Zweiten Weltkriegs daraus bei geselligen Veranstaltungen. Vor 1945 soll auch bereits der Bahner <a href=\"https:\/\/paulinenaue.info\/index.php\/100-jahre-ortsgeschichtsschreibung\/\">Ernst Jakob (1890-1966)<\/a>, Enkel eines Paulinenauer Eisenbahnpioniers, Chronikaufzeichnungen verfasst haben, die jedoch in den letzten Kriegstagen mit s\u00e4mtlichen Gemeindeunterlagen auf bisher ungekl\u00e4rte Weise verschollen sind. Wahrscheinlich wurde das Gemeindearchiv absichtlich vernichtet, damit es nicht der Roten Armee in die H\u00e4nde f\u00e4llt. Ernst Jakob und Pfarrer Pachali waren also die ersten Paulinenauer Ortschronisten. Jakob hat Ende der 1950er Jahre sein Wissen \u00fcber die Geschichte Paulinenaues aus der Erinnerung in einem kurzen Text nochmals zusammengefasst. Dazu war er auch noch einmal an Pachali herangetreten, der aber nichts mehr beisteuern konnte. Wohl im Zusammenhang mit Jakobs Bem\u00fchungen, eine Paulinenauer Ortschronik zu schreiben, begann zur selben Zeit auch der Paulinenauer Turn- und Sportverein (PTSV) , seine Vereinsgeschichte aufzuarbeiten.<\/p>\n<p>Schon den preu\u00dfischen Volksschullehrern war die Besch\u00e4ftigung mit der Heimatgeschichte zur Aufgabe gemacht worden. Viele Dorfschullehrer befassten sich damit. In Paulinenaue war es Lehrer Hermann Schmidt <span style=\"font-weight: 400;\">(1897-1945)<\/span>, der seit den sp\u00e4ten 1920er Jahren mit seiner Fotokamera Aufnahmen von Paulinenaue machte, doch er schrieb nichts auf. Als Chronist trat erst Lehrer Gerhard Hellwig (geb. 1924) in Erscheinung. 1983 wurde er sogar offiziell als Paulinenauer Ortschronist gemeldet. Das Spezialgebiet seiner T\u00e4tigkeit war die Ur- und Fr\u00fchgeschichte unserer Gegend. Aber auch Hellwig hinterlie\u00df au\u00dfer Notizen und einer Sammlung von Zeitungsausschnitten keine zusammenh\u00e4ngende Chronik.<\/p>\n<h4>Das Institut als Impulsgeber<\/h4>\n<p>In der DDR-Zeit waren die Einfl\u00fcsse, die vom 1949 gegr\u00fcndeten Paulinenauer Landwirtschaftsinstitut ausgingen, wichtiger. Mit ihrer eigenen Zeitung, der \u201ePaulinenauer Institutspost\u201c, setzten die Institutsmitarbeiter in den 1960er Jahren einen neuen Impuls. Die Redakteure, allen voran der Fotograf Georg Drasch\u00e9 (1929-2014), flochten immer wieder ortsgeschichtliche Artikel in ihr Mitteilungsblatt ein. Die wichtigsten Beitr\u00e4ge verfasste Drasch\u00e9 in <a href=\"https:\/\/paulinenaue.info\/index.php\/aus-der-ortsgeschichte-von-paulinenaue\/\">Artikelreihen zur Geschichte Paulinenaues<\/a> und des Havelluches. Auch zwei Bildb\u00e4nde, in denen er auf Anregung des B\u00fcrgermeisters in den fr\u00fchen 1960er Jahren das Paulinenauer Dorfbild festhielt, sind heute wichtige Quellen der Ortsgeschichte. Ebenfalls aus Institutskreisen ging die erste Paulinenauer Ortschronik hervor, die in Buchform vorliegt. Professor G\u00fcnter Wacker (1929-1993) verfasste sie 1984. <a href=\"https:\/\/paulinenaue.info\/index.php\/paulinenaue-eine-ortschronik-aus-dem-havelland\/\">Wackers Chronik<\/a> ist bis heute das \u201eStandardwerk\u201c unter den Paulinenauer Ortschroniken.<\/p>\n<div id=\"attachment_415914\" style=\"width: 410px\" class=\"wp-caption alignnone\"><a href=\"https:\/\/paulinenaue.info\/wp-content\/uploads\/2024\/01\/Wacker-G.-1984-Paulinenaue-01.jpg\"><img decoding=\"async\" aria-describedby=\"caption-attachment-415914\" data-attachment-id=\"415914\" data-permalink=\"https:\/\/paulinenaue.info\/?attachment_id=415914\" data-orig-file=\"https:\/\/paulinenaue.info\/wp-content\/uploads\/2024\/01\/Wacker-G.-1984-Paulinenaue-01.jpg\" data-orig-size=\"714,1000\" data-comments-opened=\"1\" data-image-meta=\"{&quot;aperture&quot;:&quot;0&quot;,&quot;credit&quot;:&quot;&quot;,&quot;camera&quot;:&quot;&quot;,&quot;caption&quot;:&quot;&quot;,&quot;created_timestamp&quot;:&quot;0&quot;,&quot;copyright&quot;:&quot;&quot;,&quot;focal_length&quot;:&quot;0&quot;,&quot;iso&quot;:&quot;0&quot;,&quot;shutter_speed&quot;:&quot;0&quot;,&quot;title&quot;:&quot;&quot;,&quot;orientation&quot;:&quot;1&quot;}\" data-image-title=\"Wacker, G. (1984), Paulinenaue, 01\" data-image-description=\"\" data-image-caption=\"&lt;p&gt;Der Einband von G\u00fcnther Wackers 1984 ver\u00f6ffentlichter 146-seitiger Chronik von Paulinenaue. &lt;\/p&gt;\n\" data-large-file=\"https:\/\/paulinenaue.info\/wp-content\/uploads\/2024\/01\/Wacker-G.-1984-Paulinenaue-01.jpg\" class=\"lazyload wp-image-415914 size-fusion-400\" src=\"https:\/\/paulinenaue.info\/wp-content\/uploads\/2024\/01\/Wacker-G.-1984-Paulinenaue-01-400x560.jpg\" data-orig-src=\"https:\/\/paulinenaue.info\/wp-content\/uploads\/2024\/01\/Wacker-G.-1984-Paulinenaue-01-400x560.jpg\" alt=\"\" width=\"400\" height=\"560\" srcset=\"data:image\/svg+xml,%3Csvg%20xmlns%3D%27http%3A%2F%2Fwww.w3.org%2F2000%2Fsvg%27%20width%3D%27400%27%20height%3D%27560%27%20viewBox%3D%270%200%20400%20560%27%3E%3Crect%20width%3D%27400%27%20height%3D%27560%27%20fill-opacity%3D%220%22%2F%3E%3C%2Fsvg%3E\" data-srcset=\"https:\/\/paulinenaue.info\/wp-content\/uploads\/2024\/01\/Wacker-G.-1984-Paulinenaue-01-200x280.jpg 200w, https:\/\/paulinenaue.info\/wp-content\/uploads\/2024\/01\/Wacker-G.-1984-Paulinenaue-01-214x300.jpg 214w, https:\/\/paulinenaue.info\/wp-content\/uploads\/2024\/01\/Wacker-G.-1984-Paulinenaue-01-400x560.jpg 400w, https:\/\/paulinenaue.info\/wp-content\/uploads\/2024\/01\/Wacker-G.-1984-Paulinenaue-01-600x840.jpg 600w, https:\/\/paulinenaue.info\/wp-content\/uploads\/2024\/01\/Wacker-G.-1984-Paulinenaue-01.jpg 714w\" data-sizes=\"auto\" data-orig-sizes=\"(max-width: 400px) 100vw, 400px\" \/><\/a><p id=\"caption-attachment-415914\" class=\"wp-caption-text\"><em>Der Einband von G\u00fcnter Wackers 1984 ver\u00f6ffentlichter 146-seitiger Chronik von Paulinenaue.<\/em><\/p><\/div>\n<h4>ABM-Ma\u00dfnahmen und Vereinsaktivit\u00e4ten<\/h4>\n<p>Die erste Chronistin der Nachwendezeit war Helga M\u00fcller. Sie hatte schon in den 1980er Jahren mit G\u00fcnter Wacker zusammengearbeitet und verstand ihre 1995 fertiggestellte Chronik als Erg\u00e4nzung und Fortf\u00fchrung seines Wirkens. Wie M\u00fcller haben in den 1990er Jahren auf ABM-Basis noch Ute Kohlhoff aus Br\u00e4dikow und Sabine Bachmann, die der Gemeinde im Jahr 2000 eine umfangreiche Aktualisierung vorlegte, zur Geschichte des Ortes gearbeitet.<\/p>\n<p>Um die Jahrtausendwende bestand also bereits eine gute Basis ortshistorischer Schriften. Einem Gemeindebeschluss folgend, \u00fcbernahm <a href=\"https:\/\/de.wikipedia.org\/wiki\/Peter_Pollack\">Dr. Peter Pollack<\/a> als stellvertretender B\u00fcrgermeister damals die Aufgabe der Fortf\u00fchrung der Gemeindechronik. Pollack (1930-2017) hat sie bis zu seinem Tod wahrgenommen und Jahr f\u00fcr Jahr das Paulinenauer Gemeindeleben dokumentiert. Seine Aufzeichnungen ver\u00f6ffentlichte er im Internet auf der vom Paulinenauer Kulturverein betriebenen Website www.paulinenaue.info. Die Bebilderung \u00fcbernahm Joachim Scholz, der die Seite 2004 ins Leben gerufen hatte und der selbst seit seiner fr\u00fchen Jugend, angeregt durch G\u00fcnter Wackers Buch, heimatkundliche Nachforschungen betrieb. Peter Pollack gab 2004 und in zweiter Auflage 2014 eine gedruckte Brosch\u00fcre zur Ortsgeschichte von Paulinenaue heraus, die bis vor Kurzem noch vom B\u00fcrgermeister zu besonderen Anl\u00e4ssen \u00fcberreicht werden konnte. Pollacks j\u00e4hrliche Dokumentationen, die nach einer Reorganisation der Website 2014 nicht mehr zug\u00e4nglich sind, werden demn\u00e4chst sukzessive wiederhergestellt.<\/p>\n<div id=\"attachment_415942\" style=\"width: 610px\" class=\"wp-caption alignnone\"><a href=\"https:\/\/paulinenaue.info\/wp-content\/uploads\/2024\/02\/2015-04-11-Waldbaertafel.jpeg\"><img decoding=\"async\" aria-describedby=\"caption-attachment-415942\" data-attachment-id=\"415942\" data-permalink=\"https:\/\/paulinenaue.info\/?attachment_id=415942\" data-orig-file=\"https:\/\/paulinenaue.info\/wp-content\/uploads\/2024\/02\/2015-04-11-Waldbaertafel.jpeg\" data-orig-size=\"1000,667\" data-comments-opened=\"1\" data-image-meta=\"{&quot;aperture&quot;:&quot;2.8&quot;,&quot;credit&quot;:&quot;&quot;,&quot;camera&quot;:&quot;DSC-RX10&quot;,&quot;caption&quot;:&quot;Spaziergang mit Fidi in der Pessiner Heide&quot;,&quot;created_timestamp&quot;:&quot;1428768051&quot;,&quot;copyright&quot;:&quot;&quot;,&quot;focal_length&quot;:&quot;8.8&quot;,&quot;iso&quot;:&quot;125&quot;,&quot;shutter_speed&quot;:&quot;0.005&quot;,&quot;title&quot;:&quot;Infotafel Paulinenauer Waldba\\u0308r&quot;,&quot;orientation&quot;:&quot;0&quot;}\" data-image-title=\"Infotafel Paulinenauer Waldba\u0308r\" data-image-description=\"\" data-image-caption=\"&lt;p&gt;Die touristische Tafel mit der Geschichte des Paulinenauer \u201eWaldb\u00e4ren\u201c August Kaster ist Ergebnis eines ortsgeschichtlichen Jugendprojektes des Paulineauer Kulturvereins e.V. Foto: J. Scholz 2015. &lt;\/p&gt;\n\" data-large-file=\"https:\/\/paulinenaue.info\/wp-content\/uploads\/2024\/02\/2015-04-11-Waldbaertafel.jpeg\" class=\"lazyload size-fusion-600 wp-image-415942\" src=\"https:\/\/paulinenaue.info\/wp-content\/uploads\/2024\/02\/2015-04-11-Waldbaertafel-600x400.jpeg\" data-orig-src=\"https:\/\/paulinenaue.info\/wp-content\/uploads\/2024\/02\/2015-04-11-Waldbaertafel-600x400.jpeg\" alt=\"\" width=\"600\" height=\"400\" srcset=\"data:image\/svg+xml,%3Csvg%20xmlns%3D%27http%3A%2F%2Fwww.w3.org%2F2000%2Fsvg%27%20width%3D%27600%27%20height%3D%27400%27%20viewBox%3D%270%200%20600%20400%27%3E%3Crect%20width%3D%27600%27%20height%3D%27400%27%20fill-opacity%3D%220%22%2F%3E%3C%2Fsvg%3E\" data-srcset=\"https:\/\/paulinenaue.info\/wp-content\/uploads\/2024\/02\/2015-04-11-Waldbaertafel-200x133.jpeg 200w, https:\/\/paulinenaue.info\/wp-content\/uploads\/2024\/02\/2015-04-11-Waldbaertafel-300x200.jpeg 300w, https:\/\/paulinenaue.info\/wp-content\/uploads\/2024\/02\/2015-04-11-Waldbaertafel-400x267.jpeg 400w, https:\/\/paulinenaue.info\/wp-content\/uploads\/2024\/02\/2015-04-11-Waldbaertafel-600x400.jpeg 600w, https:\/\/paulinenaue.info\/wp-content\/uploads\/2024\/02\/2015-04-11-Waldbaertafel-768x512.jpeg 768w, https:\/\/paulinenaue.info\/wp-content\/uploads\/2024\/02\/2015-04-11-Waldbaertafel-800x534.jpeg 800w, https:\/\/paulinenaue.info\/wp-content\/uploads\/2024\/02\/2015-04-11-Waldbaertafel.jpeg 1000w\" data-sizes=\"auto\" data-orig-sizes=\"(max-width: 600px) 100vw, 600px\" \/><\/a><p id=\"caption-attachment-415942\" class=\"wp-caption-text\"><em>Die touristische Tafel mit der Geschichte des Paulinenauer \u201eWaldb\u00e4ren\u201c August Kaster in der Pessiner Heide ist ein Ergebnis eines ortsgeschichtlichen Jugendprojektes des Paulinenauer Kulturvereins. Foto: J. Scholz 2015.<\/em><\/p><\/div>\n<p>Der 2006 gegr\u00fcndete <a href=\"https:\/\/paulinenaue.info\/index.php\/kulturverein\/\">Paulinenauer Kulturverein<\/a> betreibt ein Archiv, das zahlreiche Text- und Bildquellen und auch alle bisherigen Chroniken von Paulinenaue sammelt und aufbewahrt. Mitglieder des Kulturvereins f\u00fchren Interviews mit \u00e4lteren B\u00fcrgern des Ortes, organisieren Vortr\u00e4ge und Ausstellungen oder ver\u00f6ffentlichen historische Beitr\u00e4ge f\u00fcr die Lokalzeitung und die Internetseite. In kleinen und gr\u00f6\u00dferen Projekten bringen sie \u2013 auch gemeinsam mit der Grundschule \u2013 Kinder und Jugendliche mit der spannenden Paulinenauer Ortsgeschichte in Verbindung. Im Januar 2024 beschlossen Vereinsmitglieder, die durch Peter Pollacks Tod unterbrochene fortlaufende Chronikarbeit wieder aufzunehmen. Neben dem Kulturverein befassen sich auch andere Vereine mit der Geschichte von Paulinenaue. 2023 pr\u00e4sentierte Detlef Wacker anl\u00e4sslich des 100. Vereinsjubil\u00e4ums eine umfangreiche <a href=\"https:\/\/paulinenaue.info\/index.php\/einhundert-jahre-ptsv-1923-eine-chronik\/\">Chronik des PTSV<\/a>.<\/p>\n<p>Noch nie in der Geschichte Paulinenaues ist so intensiv zur Historie des Ortes gearbeitet worden wie gegenw\u00e4rtig. Bei dieser Arbeit entfaltet sich die Vielfalt der Geschichten, die \u00fcber Paulinenaue erz\u00e4hlt werden k\u00f6nnen. Sie weisen weit \u00fcber die Grenzen des Dorfs hinaus und vermitteln Einblicke in viele Themen, mit denen Paulinenaue verkn\u00fcpft ist. Das ist interessant, lehrreich und immer wieder \u00fcberraschend. <a href=\"https:\/\/paulinenaue.info\/index.php\/kulturverein\/paulinenaue-archiv\/\">Machen Sie mit!<\/a><\/p>\n","protected":false},"excerpt":{"rendered":"<p>Kirchenb\u00fccher und Kriegschroniken \u2013 Die Anf\u00e4nge Paulinenaue ist ein junges [&hellip;]<\/p>\n","protected":false},"author":1,"featured_media":415918,"comment_status":"open","ping_status":"open","sticky":false,"template":"","format":"standard","meta":{"_acf_changed":false,"_price":"","_stock":"","_tribe_ticket_header":"","_tribe_default_ticket_provider":"","_tribe_ticket_capacity":"0","_ticket_start_date":"","_ticket_end_date":"","_tribe_ticket_show_description":"","_tribe_ticket_show_not_going":false,"_tribe_ticket_use_global_stock":"","_tribe_ticket_global_stock_level":"","_global_stock_mode":"","_global_stock_cap":"","_tribe_rsvp_for_event":"","_tribe_ticket_going_count":"","_tribe_ticket_not_going_count":"","_tribe_tickets_list":"[]","_tribe_ticket_has_attendee_info_fields":false,"jetpack_post_was_ever_published":false,"_jetpack_newsletter_access":"","_jetpack_dont_email_post_to_subs":false,"_jetpack_newsletter_tier_id":0,"_jetpack_memberships_contains_paywalled_content":false,"_jetpack_memberships_contains_paid_content":false,"footnotes":"","jetpack_publicize_message":"","jetpack_publicize_feature_enabled":true,"jetpack_social_post_already_shared":true,"jetpack_social_options":{"image_generator_settings":{"template":"highway","default_image_id":0,"font":"","enabled":false},"version":2}},"categories":[40,7,47],"tags":[531,285,533,532,188],"class_list":["post-415945","post","type-post","status-publish","format-standard","has-post-thumbnail","hentry","category-dorfentwicklung","category-historie","category-kulturverein","tag-archiv","tag-brandenburg","tag-heimatforschung","tag-heimatgeschichte","tag-ortsgeschichte"],"acf":[],"yoast_head":"<!-- This site is optimized with the Yoast SEO plugin v27.5 - https:\/\/yoast.com\/product\/yoast-seo-wordpress\/ -->\n<title>Chroniken von Paulinenaue - Paulinenaue<\/title>\n<meta name=\"description\" content=\"Wer befasste sich fr\u00fcher und heute mit der Paulinenauer Ortsgeschichte und was waren die Resultate? Der Artikel gibt einen \u00dcberblick.\" \/>\n<meta name=\"robots\" content=\"index, follow, max-snippet:-1, max-image-preview:large, max-video-preview:-1\" \/>\n<link rel=\"canonical\" href=\"https:\/\/paulinenaue.info\/index.php\/chroniken-von-paulinenaue\/\" \/>\n<meta property=\"og:locale\" content=\"de_DE\" \/>\n<meta property=\"og:type\" content=\"article\" \/>\n<meta property=\"og:title\" content=\"Chroniken von Paulinenaue - Paulinenaue\" \/>\n<meta property=\"og:description\" content=\"Wer befasste sich fr\u00fcher und heute mit der Paulinenauer Ortsgeschichte und was waren die Resultate? Der Artikel gibt einen \u00dcberblick.\" \/>\n<meta property=\"og:url\" content=\"https:\/\/paulinenaue.info\/index.php\/chroniken-von-paulinenaue\/\" \/>\n<meta property=\"og:site_name\" content=\"Paulinenaue\" \/>\n<meta property=\"article:published_time\" content=\"2024-02-03T23:15:36+00:00\" \/>\n<meta property=\"article:modified_time\" content=\"2026-03-25T07:49:51+00:00\" \/>\n<meta property=\"og:image\" content=\"https:\/\/paulinenaue.info\/wp-content\/uploads\/2024\/01\/1915-05-23-Heimatszeitung-Titelblatt.jpg\" \/>\n\t<meta property=\"og:image:width\" content=\"1000\" \/>\n\t<meta property=\"og:image:height\" content=\"570\" \/>\n\t<meta property=\"og:image:type\" content=\"image\/jpeg\" \/>\n<meta name=\"author\" content=\"Joachim Scholz\" \/>\n<meta name=\"twitter:card\" content=\"summary_large_image\" \/>\n<meta name=\"twitter:label1\" content=\"Verfasst von\" \/>\n\t<meta name=\"twitter:data1\" content=\"Joachim Scholz\" \/>\n\t<meta name=\"twitter:label2\" content=\"Gesch\u00e4tzte Lesezeit\" \/>\n\t<meta name=\"twitter:data2\" content=\"7\u00a0Minuten\" \/>\n<script type=\"application\/ld+json\" class=\"yoast-schema-graph\">{\"@context\":\"https:\\\/\\\/schema.org\",\"@graph\":[{\"@type\":\"Article\",\"@id\":\"https:\\\/\\\/paulinenaue.info\\\/index.php\\\/chroniken-von-paulinenaue\\\/#article\",\"isPartOf\":{\"@id\":\"https:\\\/\\\/paulinenaue.info\\\/index.php\\\/chroniken-von-paulinenaue\\\/\"},\"author\":{\"name\":\"Joachim Scholz\",\"@id\":\"https:\\\/\\\/paulinenaue.info\\\/#\\\/schema\\\/person\\\/3f9e818fd7b69b0d2bd937ac506897cc\"},\"headline\":\"Chroniken von Paulinenaue\",\"datePublished\":\"2024-02-03T23:15:36+00:00\",\"dateModified\":\"2026-03-25T07:49:51+00:00\",\"mainEntityOfPage\":{\"@id\":\"https:\\\/\\\/paulinenaue.info\\\/index.php\\\/chroniken-von-paulinenaue\\\/\"},\"wordCount\":1013,\"commentCount\":0,\"image\":{\"@id\":\"https:\\\/\\\/paulinenaue.info\\\/index.php\\\/chroniken-von-paulinenaue\\\/#primaryimage\"},\"thumbnailUrl\":\"https:\\\/\\\/paulinenaue.info\\\/wp-content\\\/uploads\\\/2024\\\/01\\\/1915-05-23-Heimatszeitung-Titelblatt.jpg\",\"keywords\":[\"Archiv\",\"Brandenburg\",\"Heimatforschung\",\"Heimatgeschichte\",\"Ortsgeschichte\"],\"articleSection\":[\"Dorfentwicklung\",\"Historie\",\"Kulturverein\"],\"inLanguage\":\"de\",\"potentialAction\":[{\"@type\":\"CommentAction\",\"name\":\"Comment\",\"target\":[\"https:\\\/\\\/paulinenaue.info\\\/index.php\\\/chroniken-von-paulinenaue\\\/#respond\"]}]},{\"@type\":\"WebPage\",\"@id\":\"https:\\\/\\\/paulinenaue.info\\\/index.php\\\/chroniken-von-paulinenaue\\\/\",\"url\":\"https:\\\/\\\/paulinenaue.info\\\/index.php\\\/chroniken-von-paulinenaue\\\/\",\"name\":\"Chroniken von Paulinenaue - Paulinenaue\",\"isPartOf\":{\"@id\":\"https:\\\/\\\/paulinenaue.info\\\/#website\"},\"primaryImageOfPage\":{\"@id\":\"https:\\\/\\\/paulinenaue.info\\\/index.php\\\/chroniken-von-paulinenaue\\\/#primaryimage\"},\"image\":{\"@id\":\"https:\\\/\\\/paulinenaue.info\\\/index.php\\\/chroniken-von-paulinenaue\\\/#primaryimage\"},\"thumbnailUrl\":\"https:\\\/\\\/paulinenaue.info\\\/wp-content\\\/uploads\\\/2024\\\/01\\\/1915-05-23-Heimatszeitung-Titelblatt.jpg\",\"datePublished\":\"2024-02-03T23:15:36+00:00\",\"dateModified\":\"2026-03-25T07:49:51+00:00\",\"author\":{\"@id\":\"https:\\\/\\\/paulinenaue.info\\\/#\\\/schema\\\/person\\\/3f9e818fd7b69b0d2bd937ac506897cc\"},\"description\":\"Wer befasste sich fr\u00fcher und heute mit der Paulinenauer Ortsgeschichte und was waren die Resultate? Der Artikel gibt einen \u00dcberblick.\",\"breadcrumb\":{\"@id\":\"https:\\\/\\\/paulinenaue.info\\\/index.php\\\/chroniken-von-paulinenaue\\\/#breadcrumb\"},\"inLanguage\":\"de\",\"potentialAction\":[{\"@type\":\"ReadAction\",\"target\":[\"https:\\\/\\\/paulinenaue.info\\\/index.php\\\/chroniken-von-paulinenaue\\\/\"]}]},{\"@type\":\"ImageObject\",\"inLanguage\":\"de\",\"@id\":\"https:\\\/\\\/paulinenaue.info\\\/index.php\\\/chroniken-von-paulinenaue\\\/#primaryimage\",\"url\":\"https:\\\/\\\/paulinenaue.info\\\/wp-content\\\/uploads\\\/2024\\\/01\\\/1915-05-23-Heimatszeitung-Titelblatt.jpg\",\"contentUrl\":\"https:\\\/\\\/paulinenaue.info\\\/wp-content\\\/uploads\\\/2024\\\/01\\\/1915-05-23-Heimatszeitung-Titelblatt.jpg\",\"width\":1000,\"height\":570,\"caption\":\"Titel der Pfingstnummer 1915 der von Martin Koch herausgegebenen \u201eHeimats-Zeitung\u201c f\u00fcr die Soldaten des Ersten Weltkrieges.\"},{\"@type\":\"BreadcrumbList\",\"@id\":\"https:\\\/\\\/paulinenaue.info\\\/index.php\\\/chroniken-von-paulinenaue\\\/#breadcrumb\",\"itemListElement\":[{\"@type\":\"ListItem\",\"position\":1,\"name\":\"Home\",\"item\":\"https:\\\/\\\/paulinenaue.info\\\/\"},{\"@type\":\"ListItem\",\"position\":2,\"name\":\"Chroniken von Paulinenaue\"}]},{\"@type\":\"WebSite\",\"@id\":\"https:\\\/\\\/paulinenaue.info\\\/#website\",\"url\":\"https:\\\/\\\/paulinenaue.info\\\/\",\"name\":\"Paulinenaue\",\"description\":\"Ein Dorf im Havelland\",\"potentialAction\":[{\"@type\":\"SearchAction\",\"target\":{\"@type\":\"EntryPoint\",\"urlTemplate\":\"https:\\\/\\\/paulinenaue.info\\\/?s={search_term_string}\"},\"query-input\":{\"@type\":\"PropertyValueSpecification\",\"valueRequired\":true,\"valueName\":\"search_term_string\"}}],\"inLanguage\":\"de\"},{\"@type\":\"Person\",\"@id\":\"https:\\\/\\\/paulinenaue.info\\\/#\\\/schema\\\/person\\\/3f9e818fd7b69b0d2bd937ac506897cc\",\"name\":\"Joachim Scholz\",\"url\":\"https:\\\/\\\/paulinenaue.info\\\/index.php\\\/author\\\/jjscholz\\\/\"}]}<\/script>\n<!-- \/ Yoast SEO plugin. -->","yoast_head_json":{"title":"Chroniken von Paulinenaue - Paulinenaue","description":"Wer befasste sich fr\u00fcher und heute mit der Paulinenauer Ortsgeschichte und was waren die Resultate? Der Artikel gibt einen \u00dcberblick.","robots":{"index":"index","follow":"follow","max-snippet":"max-snippet:-1","max-image-preview":"max-image-preview:large","max-video-preview":"max-video-preview:-1"},"canonical":"https:\/\/paulinenaue.info\/index.php\/chroniken-von-paulinenaue\/","og_locale":"de_DE","og_type":"article","og_title":"Chroniken von Paulinenaue - Paulinenaue","og_description":"Wer befasste sich fr\u00fcher und heute mit der Paulinenauer Ortsgeschichte und was waren die Resultate? Der Artikel gibt einen \u00dcberblick.","og_url":"https:\/\/paulinenaue.info\/index.php\/chroniken-von-paulinenaue\/","og_site_name":"Paulinenaue","article_published_time":"2024-02-03T23:15:36+00:00","article_modified_time":"2026-03-25T07:49:51+00:00","og_image":[{"width":1000,"height":570,"url":"https:\/\/paulinenaue.info\/wp-content\/uploads\/2024\/01\/1915-05-23-Heimatszeitung-Titelblatt.jpg","type":"image\/jpeg"}],"author":"Joachim Scholz","twitter_card":"summary_large_image","twitter_misc":{"Verfasst von":"Joachim Scholz","Gesch\u00e4tzte Lesezeit":"7\u00a0Minuten"},"schema":{"@context":"https:\/\/schema.org","@graph":[{"@type":"Article","@id":"https:\/\/paulinenaue.info\/index.php\/chroniken-von-paulinenaue\/#article","isPartOf":{"@id":"https:\/\/paulinenaue.info\/index.php\/chroniken-von-paulinenaue\/"},"author":{"name":"Joachim Scholz","@id":"https:\/\/paulinenaue.info\/#\/schema\/person\/3f9e818fd7b69b0d2bd937ac506897cc"},"headline":"Chroniken von Paulinenaue","datePublished":"2024-02-03T23:15:36+00:00","dateModified":"2026-03-25T07:49:51+00:00","mainEntityOfPage":{"@id":"https:\/\/paulinenaue.info\/index.php\/chroniken-von-paulinenaue\/"},"wordCount":1013,"commentCount":0,"image":{"@id":"https:\/\/paulinenaue.info\/index.php\/chroniken-von-paulinenaue\/#primaryimage"},"thumbnailUrl":"https:\/\/paulinenaue.info\/wp-content\/uploads\/2024\/01\/1915-05-23-Heimatszeitung-Titelblatt.jpg","keywords":["Archiv","Brandenburg","Heimatforschung","Heimatgeschichte","Ortsgeschichte"],"articleSection":["Dorfentwicklung","Historie","Kulturverein"],"inLanguage":"de","potentialAction":[{"@type":"CommentAction","name":"Comment","target":["https:\/\/paulinenaue.info\/index.php\/chroniken-von-paulinenaue\/#respond"]}]},{"@type":"WebPage","@id":"https:\/\/paulinenaue.info\/index.php\/chroniken-von-paulinenaue\/","url":"https:\/\/paulinenaue.info\/index.php\/chroniken-von-paulinenaue\/","name":"Chroniken von Paulinenaue - Paulinenaue","isPartOf":{"@id":"https:\/\/paulinenaue.info\/#website"},"primaryImageOfPage":{"@id":"https:\/\/paulinenaue.info\/index.php\/chroniken-von-paulinenaue\/#primaryimage"},"image":{"@id":"https:\/\/paulinenaue.info\/index.php\/chroniken-von-paulinenaue\/#primaryimage"},"thumbnailUrl":"https:\/\/paulinenaue.info\/wp-content\/uploads\/2024\/01\/1915-05-23-Heimatszeitung-Titelblatt.jpg","datePublished":"2024-02-03T23:15:36+00:00","dateModified":"2026-03-25T07:49:51+00:00","author":{"@id":"https:\/\/paulinenaue.info\/#\/schema\/person\/3f9e818fd7b69b0d2bd937ac506897cc"},"description":"Wer befasste sich fr\u00fcher und heute mit der Paulinenauer Ortsgeschichte und was waren die Resultate? Der Artikel gibt einen \u00dcberblick.","breadcrumb":{"@id":"https:\/\/paulinenaue.info\/index.php\/chroniken-von-paulinenaue\/#breadcrumb"},"inLanguage":"de","potentialAction":[{"@type":"ReadAction","target":["https:\/\/paulinenaue.info\/index.php\/chroniken-von-paulinenaue\/"]}]},{"@type":"ImageObject","inLanguage":"de","@id":"https:\/\/paulinenaue.info\/index.php\/chroniken-von-paulinenaue\/#primaryimage","url":"https:\/\/paulinenaue.info\/wp-content\/uploads\/2024\/01\/1915-05-23-Heimatszeitung-Titelblatt.jpg","contentUrl":"https:\/\/paulinenaue.info\/wp-content\/uploads\/2024\/01\/1915-05-23-Heimatszeitung-Titelblatt.jpg","width":1000,"height":570,"caption":"Titel der Pfingstnummer 1915 der von Martin Koch herausgegebenen \u201eHeimats-Zeitung\u201c f\u00fcr die Soldaten des Ersten Weltkrieges."},{"@type":"BreadcrumbList","@id":"https:\/\/paulinenaue.info\/index.php\/chroniken-von-paulinenaue\/#breadcrumb","itemListElement":[{"@type":"ListItem","position":1,"name":"Home","item":"https:\/\/paulinenaue.info\/"},{"@type":"ListItem","position":2,"name":"Chroniken von Paulinenaue"}]},{"@type":"WebSite","@id":"https:\/\/paulinenaue.info\/#website","url":"https:\/\/paulinenaue.info\/","name":"Paulinenaue","description":"Ein Dorf im Havelland","potentialAction":[{"@type":"SearchAction","target":{"@type":"EntryPoint","urlTemplate":"https:\/\/paulinenaue.info\/?s={search_term_string}"},"query-input":{"@type":"PropertyValueSpecification","valueRequired":true,"valueName":"search_term_string"}}],"inLanguage":"de"},{"@type":"Person","@id":"https:\/\/paulinenaue.info\/#\/schema\/person\/3f9e818fd7b69b0d2bd937ac506897cc","name":"Joachim Scholz","url":"https:\/\/paulinenaue.info\/index.php\/author\/jjscholz\/"}]}},"jetpack_publicize_connections":[],"jetpack_featured_media_url":"https:\/\/paulinenaue.info\/wp-content\/uploads\/2024\/01\/1915-05-23-Heimatszeitung-Titelblatt.jpg","jetpack_sharing_enabled":true,"jetpack_shortlink":"https:\/\/wp.me\/pcYhWA-1KcN","jetpack-related-posts":[{"id":418075,"url":"https:\/\/paulinenaue.info\/index.php\/100-jahre-ortsgeschichtsschreibung\/","url_meta":{"origin":415945,"position":0},"title":"100 Jahre Ortsgeschichtsschreibung","author":"Joachim Scholz","date":"9. Juni 2025","format":false,"excerpt":"","rel":"","context":"In &quot;Dorfentwicklung&quot;","block_context":{"text":"Dorfentwicklung","link":"https:\/\/paulinenaue.info\/index.php\/category\/dorfentwicklung\/"},"img":{"alt_text":"","src":"https:\/\/i0.wp.com\/paulinenaue.info\/wp-content\/uploads\/2025\/06\/1900-ca.-Paulinenaue-Schaeferhaus-unbearbeitet.jpeg?resize=350%2C200&ssl=1","width":350,"height":200,"srcset":"https:\/\/i0.wp.com\/paulinenaue.info\/wp-content\/uploads\/2025\/06\/1900-ca.-Paulinenaue-Schaeferhaus-unbearbeitet.jpeg?resize=350%2C200&ssl=1 1x, https:\/\/i0.wp.com\/paulinenaue.info\/wp-content\/uploads\/2025\/06\/1900-ca.-Paulinenaue-Schaeferhaus-unbearbeitet.jpeg?resize=525%2C300&ssl=1 1.5x, https:\/\/i0.wp.com\/paulinenaue.info\/wp-content\/uploads\/2025\/06\/1900-ca.-Paulinenaue-Schaeferhaus-unbearbeitet.jpeg?resize=700%2C400&ssl=1 2x"},"classes":[]},{"id":6248,"url":"https:\/\/paulinenaue.info\/index.php\/100-jahre-friedhof-paulinenaue\/","url_meta":{"origin":415945,"position":1},"title":"100 Jahre Friedhof Paulinenaue","author":"Joachim Scholz","date":"31. Oktober 2021","format":false,"excerpt":"Vortrag anl\u00e4sslich der Gedenkveranstaltung am 2. Oktober 2021, von Joachim Scholz Ein seltener und auch etwas seltsamer Anlass f\u00fchrt uns heute auf den Paulinenauer Friedhof. Der Friedhof hat sozusagen Geburtstag. 100 Jahre Friedhof: Wie begeht man so einen Anlass? Soll man ihn \u00fcberhaupt begehen? Ich bin froh, dass unser Pfarrer\u2026","rel":"","context":"In &quot;Allgemein&quot;","block_context":{"text":"Allgemein","link":"https:\/\/paulinenaue.info\/index.php\/category\/allgemein\/"},"img":{"alt_text":"Friedhof Paulinenaue","src":"https:\/\/i0.wp.com\/paulinenaue.info\/wp-content\/uploads\/2021\/10\/2021-09-18-Friedhof-Paulinenaue.jpg?resize=350%2C200&ssl=1","width":350,"height":200,"srcset":"https:\/\/i0.wp.com\/paulinenaue.info\/wp-content\/uploads\/2021\/10\/2021-09-18-Friedhof-Paulinenaue.jpg?resize=350%2C200&ssl=1 1x, https:\/\/i0.wp.com\/paulinenaue.info\/wp-content\/uploads\/2021\/10\/2021-09-18-Friedhof-Paulinenaue.jpg?resize=525%2C300&ssl=1 1.5x, https:\/\/i0.wp.com\/paulinenaue.info\/wp-content\/uploads\/2021\/10\/2021-09-18-Friedhof-Paulinenaue.jpg?resize=700%2C400&ssl=1 2x"},"classes":[]},{"id":415702,"url":"https:\/\/paulinenaue.info\/index.php\/ehrengraeber-auf-dem-paulinenauer-friedhof\/","url_meta":{"origin":415945,"position":2},"title":"Ehrengr\u00e4ber auf dem Paulinenauer Friedhof","author":"Joachim Scholz","date":"14. Januar 2024","format":false,"excerpt":"Er ist einer der wenigen \u00f6ffentlichen Orte in Paulinenaue, an dem man zugleich etwas Sinnvolles tun, Leute treffen, sich erz\u00e4hlen und vielleicht sogar erholen kann: unser Friedhof. Selbst wenn niemand hier gerade harkt und hegt, ist man auf dem Friedhof Verwandten, Nachbarn und Freunden nah. Je l\u00e4nger man lebt, desto\u2026","rel":"","context":"In &quot;Dorfentwicklung&quot;","block_context":{"text":"Dorfentwicklung","link":"https:\/\/paulinenaue.info\/index.php\/category\/dorfentwicklung\/"},"img":{"alt_text":"","src":"https:\/\/i0.wp.com\/paulinenaue.info\/wp-content\/uploads\/2024\/01\/2021-09-18-Grabstelle-Ramsauer.jpeg?resize=350%2C200&ssl=1","width":350,"height":200,"srcset":"https:\/\/i0.wp.com\/paulinenaue.info\/wp-content\/uploads\/2024\/01\/2021-09-18-Grabstelle-Ramsauer.jpeg?resize=350%2C200&ssl=1 1x, https:\/\/i0.wp.com\/paulinenaue.info\/wp-content\/uploads\/2024\/01\/2021-09-18-Grabstelle-Ramsauer.jpeg?resize=525%2C300&ssl=1 1.5x, https:\/\/i0.wp.com\/paulinenaue.info\/wp-content\/uploads\/2024\/01\/2021-09-18-Grabstelle-Ramsauer.jpeg?resize=700%2C400&ssl=1 2x"},"classes":[]},{"id":143058,"url":"https:\/\/paulinenaue.info\/index.php\/erfolgreicher-dorfputz\/","url_meta":{"origin":415945,"position":3},"title":"Erfolgreicher Dorfputz","author":"Sarah","date":"26. April 2022","format":false,"excerpt":"","rel":"","context":"In &quot;Gemeinde Paulinenaue&quot;","block_context":{"text":"Gemeinde Paulinenaue","link":"https:\/\/paulinenaue.info\/index.php\/category\/gemeinde-paulinenaue\/"},"img":{"alt_text":"","src":"https:\/\/i0.wp.com\/paulinenaue.info\/wp-content\/uploads\/2022\/04\/IMG-20220409-WA0000.jpg?resize=350%2C200&ssl=1","width":350,"height":200,"srcset":"https:\/\/i0.wp.com\/paulinenaue.info\/wp-content\/uploads\/2022\/04\/IMG-20220409-WA0000.jpg?resize=350%2C200&ssl=1 1x, https:\/\/i0.wp.com\/paulinenaue.info\/wp-content\/uploads\/2022\/04\/IMG-20220409-WA0000.jpg?resize=525%2C300&ssl=1 1.5x, https:\/\/i0.wp.com\/paulinenaue.info\/wp-content\/uploads\/2022\/04\/IMG-20220409-WA0000.jpg?resize=700%2C400&ssl=1 2x"},"classes":[]},{"id":184284,"url":"https:\/\/paulinenaue.info\/index.php\/kirche-wird-saniert-und-multifunktional-nutzbar\/","url_meta":{"origin":415945,"position":4},"title":"Kirche wird saniert und multifunktional nutzbar","author":"Joachim Scholz","date":"29. Mai 2022","format":false,"excerpt":"von Andreas Flender, ehrenamtlicher Mitarbeiter und Bauverantwortlicher der evangelischen Kirchengemeinde In der Paulinenauer Kirche soll demn\u00e4chst ein Dorftreff entstehen. Es gibt daf\u00fcr Interesse von Vereinen, die bisher keine eigenen R\u00e4ume haben. Denkbar ist, dass der Kulturverein oder das Gemeinschaftswerk Soziale Dienste den Treff nutzen wird. Die Notfallseelsorge m\u00f6chte dort Gruppenabende\u2026","rel":"","context":"In &quot;Allgemein&quot;","block_context":{"text":"Allgemein","link":"https:\/\/paulinenaue.info\/index.php\/category\/allgemein\/"},"img":{"alt_text":"","src":"https:\/\/i0.wp.com\/paulinenaue.info\/wp-content\/uploads\/2022\/05\/2022-05-28-Paulinenaue-Kirche.jpg?resize=350%2C200&ssl=1","width":350,"height":200,"srcset":"https:\/\/i0.wp.com\/paulinenaue.info\/wp-content\/uploads\/2022\/05\/2022-05-28-Paulinenaue-Kirche.jpg?resize=350%2C200&ssl=1 1x, https:\/\/i0.wp.com\/paulinenaue.info\/wp-content\/uploads\/2022\/05\/2022-05-28-Paulinenaue-Kirche.jpg?resize=525%2C300&ssl=1 1.5x, https:\/\/i0.wp.com\/paulinenaue.info\/wp-content\/uploads\/2022\/05\/2022-05-28-Paulinenaue-Kirche.jpg?resize=700%2C400&ssl=1 2x"},"classes":[]},{"id":999,"url":"https:\/\/paulinenaue.info\/index.php\/80-jahre-gemeinde-paulinenaue-eine-serie-zur-ortsgeschichte-teil-5\/","url_meta":{"origin":415945,"position":5},"title":"80 Jahre Gemeinde Paulinenaue \u2013 Eine Serie zur Ortsgeschichte (Teil 5)","author":"Sarah","date":"19. Juni 2017","format":false,"excerpt":"21.10.2004 Teil 5 Von Dr. Gabriele Metzner Die 20er und 30er Jahre Schauen wir uns an, was es 1924 schon an Geb\u00e4uden und damit Menschen in Paulinenaue gab. Viel, nach heutigem Ma\u00dfstab gemessen, war es nicht. Ein paar H\u00e4user entlang der Bahn, u.a. das \u201eGasthaus zu den drei Landkreisen\u201c, das\u2026","rel":"","context":"In &quot;Allgemein&quot;","block_context":{"text":"Allgemein","link":"https:\/\/paulinenaue.info\/index.php\/category\/allgemein\/"},"img":{"alt_text":"","src":"https:\/\/i0.wp.com\/paulinenaue.info\/wp-content\/uploads\/2017\/06\/1938_brandenburgerallee.jpg?resize=350%2C200&ssl=1","width":350,"height":200},"classes":[]}],"_links":{"self":[{"href":"https:\/\/paulinenaue.info\/index.php\/wp-json\/wp\/v2\/posts\/415945","targetHints":{"allow":["GET"]}}],"collection":[{"href":"https:\/\/paulinenaue.info\/index.php\/wp-json\/wp\/v2\/posts"}],"about":[{"href":"https:\/\/paulinenaue.info\/index.php\/wp-json\/wp\/v2\/types\/post"}],"author":[{"embeddable":true,"href":"https:\/\/paulinenaue.info\/index.php\/wp-json\/wp\/v2\/users\/1"}],"replies":[{"embeddable":true,"href":"https:\/\/paulinenaue.info\/index.php\/wp-json\/wp\/v2\/comments?post=415945"}],"version-history":[{"count":47,"href":"https:\/\/paulinenaue.info\/index.php\/wp-json\/wp\/v2\/posts\/415945\/revisions"}],"predecessor-version":[{"id":419229,"href":"https:\/\/paulinenaue.info\/index.php\/wp-json\/wp\/v2\/posts\/415945\/revisions\/419229"}],"wp:featuredmedia":[{"embeddable":true,"href":"https:\/\/paulinenaue.info\/index.php\/wp-json\/wp\/v2\/media\/415918"}],"wp:attachment":[{"href":"https:\/\/paulinenaue.info\/index.php\/wp-json\/wp\/v2\/media?parent=415945"}],"wp:term":[{"taxonomy":"category","embeddable":true,"href":"https:\/\/paulinenaue.info\/index.php\/wp-json\/wp\/v2\/categories?post=415945"},{"taxonomy":"post_tag","embeddable":true,"href":"https:\/\/paulinenaue.info\/index.php\/wp-json\/wp\/v2\/tags?post=415945"}],"curies":[{"name":"wp","href":"https:\/\/api.w.org\/{rel}","templated":true}]}}