{"id":416001,"date":"2024-02-10T20:51:31","date_gmt":"2024-02-10T19:51:31","guid":{"rendered":"https:\/\/paulinenaue.info\/?p=416001"},"modified":"2024-02-10T20:53:36","modified_gmt":"2024-02-10T19:53:36","slug":"fernsehtipp-eine-besondere-freundschaft","status":"publish","type":"post","link":"https:\/\/paulinenaue.info\/index.php\/fernsehtipp-eine-besondere-freundschaft\/","title":{"rendered":"Fernsehtipp &#8211; Eine besondere Freundschaft"},"content":{"rendered":"<div id=\"attachment_416002\" style=\"width: 610px\" class=\"wp-caption alignnone\"><a href=\"https:\/\/paulinenaue.info\/wp-content\/uploads\/2024\/02\/2024-02-08-RBB.jpg\"><img decoding=\"async\" aria-describedby=\"caption-attachment-416002\" data-attachment-id=\"416002\" data-permalink=\"https:\/\/paulinenaue.info\/index.php\/fernsehtipp-eine-besondere-freundschaft\/2024-02-08-rbb\/\" data-orig-file=\"https:\/\/paulinenaue.info\/wp-content\/uploads\/2024\/02\/2024-02-08-RBB.jpg\" data-orig-size=\"1027,564\" data-comments-opened=\"1\" data-image-meta=\"{&quot;aperture&quot;:&quot;0&quot;,&quot;credit&quot;:&quot;&quot;,&quot;camera&quot;:&quot;&quot;,&quot;caption&quot;:&quot;&quot;,&quot;created_timestamp&quot;:&quot;0&quot;,&quot;copyright&quot;:&quot;&quot;,&quot;focal_length&quot;:&quot;0&quot;,&quot;iso&quot;:&quot;0&quot;,&quot;shutter_speed&quot;:&quot;0&quot;,&quot;title&quot;:&quot;&quot;,&quot;orientation&quot;:&quot;1&quot;}\" data-image-title=\"2024-02-08, RBB\" data-image-description=\"\" data-image-caption=\"&lt;p&gt;Fabian Kr\u00fcger und Philipp Kaffke&lt;\/p&gt;\n\" data-large-file=\"https:\/\/paulinenaue.info\/wp-content\/uploads\/2024\/02\/2024-02-08-RBB-1024x562.jpg\" class=\"lazyload wp-image-416002 size-fusion-600\" src=\"https:\/\/paulinenaue.info\/wp-content\/uploads\/2024\/02\/2024-02-08-RBB-600x330.jpg\" data-orig-src=\"https:\/\/paulinenaue.info\/wp-content\/uploads\/2024\/02\/2024-02-08-RBB-600x330.jpg\" alt=\"\" width=\"600\" height=\"330\" srcset=\"data:image\/svg+xml,%3Csvg%20xmlns%3D%27http%3A%2F%2Fwww.w3.org%2F2000%2Fsvg%27%20width%3D%27600%27%20height%3D%27330%27%20viewBox%3D%270%200%20600%20330%27%3E%3Crect%20width%3D%27600%27%20height%3D%27330%27%20fill-opacity%3D%220%22%2F%3E%3C%2Fsvg%3E\" data-srcset=\"https:\/\/paulinenaue.info\/wp-content\/uploads\/2024\/02\/2024-02-08-RBB-200x110.jpg 200w, https:\/\/paulinenaue.info\/wp-content\/uploads\/2024\/02\/2024-02-08-RBB-300x165.jpg 300w, https:\/\/paulinenaue.info\/wp-content\/uploads\/2024\/02\/2024-02-08-RBB-400x220.jpg 400w, https:\/\/paulinenaue.info\/wp-content\/uploads\/2024\/02\/2024-02-08-RBB-600x330.jpg 600w, https:\/\/paulinenaue.info\/wp-content\/uploads\/2024\/02\/2024-02-08-RBB-768x422.jpg 768w, https:\/\/paulinenaue.info\/wp-content\/uploads\/2024\/02\/2024-02-08-RBB-800x439.jpg 800w, https:\/\/paulinenaue.info\/wp-content\/uploads\/2024\/02\/2024-02-08-RBB-1024x562.jpg 1024w, https:\/\/paulinenaue.info\/wp-content\/uploads\/2024\/02\/2024-02-08-RBB.jpg 1027w\" data-sizes=\"auto\" data-orig-sizes=\"(max-width: 600px) 100vw, 600px\" \/><\/a><p id=\"caption-attachment-416002\" class=\"wp-caption-text\"><em>Fabian Kr\u00fcger und Philipp Kaffke<\/em><\/p><\/div>\n<p>Im Format \u201eDER TAG in Berlin &amp; Brandenburg\u201c h\u00e4lt der RBB f\u00fcr seine Zuschauerinnen und Zuschauer Besonderheiten des Alltags fest. Am 8. Februar wird die Geschichte einer Paulinenauer Freundschaft erz\u00e4hlt, der von Fabian Kr\u00fcger und Philipp Kaffke. Die beiden Sportsfreunde wohnen zwar nicht mehr in Paulinenaue, halten aber ihrem Verein die Treue. Mit spannenden Aufnahmen aus unserer Turnhalle, ab Minute 20 im Archiv der Mediathek (<a href=\"https:\/\/www.rbb-online.de\/der-tag\/videos\/archiv.html\">Folge vom 08.02. anklicken<\/a>).<\/p>\n<p>&nbsp;<\/p>\n","protected":false},"excerpt":{"rendered":"<p>Im Format \u201eDER TAG in Berlin &amp; Brandenburg\u201c h\u00e4lt der [&hellip;]<\/p>\n","protected":false},"author":1,"featured_media":416002,"comment_status":"open","ping_status":"open","sticky":false,"template":"","format":"standard","meta":{"_acf_changed":false,"_price":"","_stock":"","_tribe_ticket_header":"","_tribe_default_ticket_provider":"","_tribe_ticket_capacity":"0","_ticket_start_date":"","_ticket_end_date":"","_tribe_ticket_show_description":"","_tribe_ticket_show_not_going":false,"_tribe_ticket_use_global_stock":"","_tribe_ticket_global_stock_level":"","_global_stock_mode":"","_global_stock_cap":"","_tribe_rsvp_for_event":"","_tribe_ticket_going_count":"","_tribe_ticket_not_going_count":"","_tribe_tickets_list":"[]","_tribe_ticket_has_attendee_info_fields":false,"jetpack_post_was_ever_published":false,"_jetpack_newsletter_access":"","_jetpack_dont_email_post_to_subs":false,"_jetpack_newsletter_tier_id":0,"_jetpack_memberships_contains_paywalled_content":false,"_jetpack_memberships_contains_paid_content":false,"footnotes":"","jetpack_publicize_message":"","jetpack_publicize_feature_enabled":true,"jetpack_social_post_already_shared":true,"jetpack_social_options":{"image_generator_settings":{"template":"highway","default_image_id":0,"font":"","enabled":false},"version":2}},"categories":[6,502],"tags":[534,31],"class_list":["post-416001","post","type-post","status-publish","format-standard","has-post-thumbnail","hentry","category-hier-zuhause","category-sport","tag-feundschaft","tag-ptsv"],"acf":[],"yoast_head":"<!-- This site is optimized with the Yoast SEO plugin v27.5 - https:\/\/yoast.com\/product\/yoast-seo-wordpress\/ -->\n<title>Fernsehtipp - Eine besondere Freundschaft - Paulinenaue<\/title>\n<meta name=\"description\" content=\"Im RBB wird die Geschichte einer Paulinenauer Freundschaft erz\u00e4hlt, der von Fabian Kr\u00fcger und Philipp Kaffke\" \/>\n<meta name=\"robots\" content=\"index, follow, max-snippet:-1, max-image-preview:large, max-video-preview:-1\" \/>\n<link rel=\"canonical\" href=\"https:\/\/paulinenaue.info\/index.php\/fernsehtipp-eine-besondere-freundschaft\/\" \/>\n<meta property=\"og:locale\" content=\"de_DE\" \/>\n<meta property=\"og:type\" content=\"article\" \/>\n<meta property=\"og:title\" content=\"Fernsehtipp - Eine besondere Freundschaft - Paulinenaue\" \/>\n<meta property=\"og:description\" content=\"Im RBB wird die Geschichte einer Paulinenauer Freundschaft erz\u00e4hlt, der von Fabian Kr\u00fcger und Philipp Kaffke\" \/>\n<meta property=\"og:url\" content=\"https:\/\/paulinenaue.info\/index.php\/fernsehtipp-eine-besondere-freundschaft\/\" \/>\n<meta property=\"og:site_name\" content=\"Paulinenaue\" \/>\n<meta property=\"article:published_time\" content=\"2024-02-10T19:51:31+00:00\" \/>\n<meta property=\"article:modified_time\" content=\"2024-02-10T19:53:36+00:00\" \/>\n<meta property=\"og:image\" content=\"https:\/\/paulinenaue.info\/wp-content\/uploads\/2024\/02\/2024-02-08-RBB.jpg\" \/>\n\t<meta property=\"og:image:width\" content=\"1027\" \/>\n\t<meta property=\"og:image:height\" content=\"564\" \/>\n\t<meta property=\"og:image:type\" content=\"image\/jpeg\" \/>\n<meta name=\"author\" content=\"Joachim Scholz\" \/>\n<meta name=\"twitter:card\" content=\"summary_large_image\" \/>\n<meta name=\"twitter:label1\" content=\"Verfasst von\" \/>\n\t<meta name=\"twitter:data1\" content=\"Joachim Scholz\" \/>\n\t<meta name=\"twitter:label2\" content=\"Gesch\u00e4tzte Lesezeit\" \/>\n\t<meta name=\"twitter:data2\" content=\"1\u00a0Minute\" \/>\n<script type=\"application\/ld+json\" class=\"yoast-schema-graph\">{\"@context\":\"https:\\\/\\\/schema.org\",\"@graph\":[{\"@type\":\"Article\",\"@id\":\"https:\\\/\\\/paulinenaue.info\\\/index.php\\\/fernsehtipp-eine-besondere-freundschaft\\\/#article\",\"isPartOf\":{\"@id\":\"https:\\\/\\\/paulinenaue.info\\\/index.php\\\/fernsehtipp-eine-besondere-freundschaft\\\/\"},\"author\":{\"name\":\"Joachim Scholz\",\"@id\":\"https:\\\/\\\/paulinenaue.info\\\/#\\\/schema\\\/person\\\/3f9e818fd7b69b0d2bd937ac506897cc\"},\"headline\":\"Fernsehtipp &#8211; Eine besondere Freundschaft\",\"datePublished\":\"2024-02-10T19:51:31+00:00\",\"dateModified\":\"2024-02-10T19:53:36+00:00\",\"mainEntityOfPage\":{\"@id\":\"https:\\\/\\\/paulinenaue.info\\\/index.php\\\/fernsehtipp-eine-besondere-freundschaft\\\/\"},\"wordCount\":89,\"commentCount\":0,\"image\":{\"@id\":\"https:\\\/\\\/paulinenaue.info\\\/index.php\\\/fernsehtipp-eine-besondere-freundschaft\\\/#primaryimage\"},\"thumbnailUrl\":\"https:\\\/\\\/paulinenaue.info\\\/wp-content\\\/uploads\\\/2024\\\/02\\\/2024-02-08-RBB.jpg\",\"keywords\":[\"Feundschaft\",\"PTSV\"],\"articleSection\":[\"Hier Zuhause\",\"Sport\"],\"inLanguage\":\"de\",\"potentialAction\":[{\"@type\":\"CommentAction\",\"name\":\"Comment\",\"target\":[\"https:\\\/\\\/paulinenaue.info\\\/index.php\\\/fernsehtipp-eine-besondere-freundschaft\\\/#respond\"]}]},{\"@type\":\"WebPage\",\"@id\":\"https:\\\/\\\/paulinenaue.info\\\/index.php\\\/fernsehtipp-eine-besondere-freundschaft\\\/\",\"url\":\"https:\\\/\\\/paulinenaue.info\\\/index.php\\\/fernsehtipp-eine-besondere-freundschaft\\\/\",\"name\":\"Fernsehtipp - Eine besondere Freundschaft - Paulinenaue\",\"isPartOf\":{\"@id\":\"https:\\\/\\\/paulinenaue.info\\\/#website\"},\"primaryImageOfPage\":{\"@id\":\"https:\\\/\\\/paulinenaue.info\\\/index.php\\\/fernsehtipp-eine-besondere-freundschaft\\\/#primaryimage\"},\"image\":{\"@id\":\"https:\\\/\\\/paulinenaue.info\\\/index.php\\\/fernsehtipp-eine-besondere-freundschaft\\\/#primaryimage\"},\"thumbnailUrl\":\"https:\\\/\\\/paulinenaue.info\\\/wp-content\\\/uploads\\\/2024\\\/02\\\/2024-02-08-RBB.jpg\",\"datePublished\":\"2024-02-10T19:51:31+00:00\",\"dateModified\":\"2024-02-10T19:53:36+00:00\",\"author\":{\"@id\":\"https:\\\/\\\/paulinenaue.info\\\/#\\\/schema\\\/person\\\/3f9e818fd7b69b0d2bd937ac506897cc\"},\"description\":\"Im RBB wird die Geschichte einer Paulinenauer Freundschaft erz\u00e4hlt, der von Fabian Kr\u00fcger und Philipp Kaffke\",\"breadcrumb\":{\"@id\":\"https:\\\/\\\/paulinenaue.info\\\/index.php\\\/fernsehtipp-eine-besondere-freundschaft\\\/#breadcrumb\"},\"inLanguage\":\"de\",\"potentialAction\":[{\"@type\":\"ReadAction\",\"target\":[\"https:\\\/\\\/paulinenaue.info\\\/index.php\\\/fernsehtipp-eine-besondere-freundschaft\\\/\"]}]},{\"@type\":\"ImageObject\",\"inLanguage\":\"de\",\"@id\":\"https:\\\/\\\/paulinenaue.info\\\/index.php\\\/fernsehtipp-eine-besondere-freundschaft\\\/#primaryimage\",\"url\":\"https:\\\/\\\/paulinenaue.info\\\/wp-content\\\/uploads\\\/2024\\\/02\\\/2024-02-08-RBB.jpg\",\"contentUrl\":\"https:\\\/\\\/paulinenaue.info\\\/wp-content\\\/uploads\\\/2024\\\/02\\\/2024-02-08-RBB.jpg\",\"width\":1027,\"height\":564,\"caption\":\"Fabian Kr\u00fcger und Philipp Kaffke\"},{\"@type\":\"BreadcrumbList\",\"@id\":\"https:\\\/\\\/paulinenaue.info\\\/index.php\\\/fernsehtipp-eine-besondere-freundschaft\\\/#breadcrumb\",\"itemListElement\":[{\"@type\":\"ListItem\",\"position\":1,\"name\":\"Home\",\"item\":\"https:\\\/\\\/paulinenaue.info\\\/\"},{\"@type\":\"ListItem\",\"position\":2,\"name\":\"Fernsehtipp &#8211; Eine besondere Freundschaft\"}]},{\"@type\":\"WebSite\",\"@id\":\"https:\\\/\\\/paulinenaue.info\\\/#website\",\"url\":\"https:\\\/\\\/paulinenaue.info\\\/\",\"name\":\"Paulinenaue\",\"description\":\"Ein Dorf im Havelland\",\"potentialAction\":[{\"@type\":\"SearchAction\",\"target\":{\"@type\":\"EntryPoint\",\"urlTemplate\":\"https:\\\/\\\/paulinenaue.info\\\/?s={search_term_string}\"},\"query-input\":{\"@type\":\"PropertyValueSpecification\",\"valueRequired\":true,\"valueName\":\"search_term_string\"}}],\"inLanguage\":\"de\"},{\"@type\":\"Person\",\"@id\":\"https:\\\/\\\/paulinenaue.info\\\/#\\\/schema\\\/person\\\/3f9e818fd7b69b0d2bd937ac506897cc\",\"name\":\"Joachim Scholz\",\"url\":\"https:\\\/\\\/paulinenaue.info\\\/index.php\\\/author\\\/jjscholz\\\/\"}]}<\/script>\n<!-- \/ Yoast SEO plugin. -->","yoast_head_json":{"title":"Fernsehtipp - Eine besondere Freundschaft - Paulinenaue","description":"Im RBB wird die Geschichte einer Paulinenauer Freundschaft erz\u00e4hlt, der von Fabian Kr\u00fcger und Philipp Kaffke","robots":{"index":"index","follow":"follow","max-snippet":"max-snippet:-1","max-image-preview":"max-image-preview:large","max-video-preview":"max-video-preview:-1"},"canonical":"https:\/\/paulinenaue.info\/index.php\/fernsehtipp-eine-besondere-freundschaft\/","og_locale":"de_DE","og_type":"article","og_title":"Fernsehtipp - Eine besondere Freundschaft - Paulinenaue","og_description":"Im RBB wird die Geschichte einer Paulinenauer Freundschaft erz\u00e4hlt, der von Fabian Kr\u00fcger und Philipp Kaffke","og_url":"https:\/\/paulinenaue.info\/index.php\/fernsehtipp-eine-besondere-freundschaft\/","og_site_name":"Paulinenaue","article_published_time":"2024-02-10T19:51:31+00:00","article_modified_time":"2024-02-10T19:53:36+00:00","og_image":[{"width":1027,"height":564,"url":"https:\/\/paulinenaue.info\/wp-content\/uploads\/2024\/02\/2024-02-08-RBB.jpg","type":"image\/jpeg"}],"author":"Joachim Scholz","twitter_card":"summary_large_image","twitter_misc":{"Verfasst von":"Joachim Scholz","Gesch\u00e4tzte Lesezeit":"1\u00a0Minute"},"schema":{"@context":"https:\/\/schema.org","@graph":[{"@type":"Article","@id":"https:\/\/paulinenaue.info\/index.php\/fernsehtipp-eine-besondere-freundschaft\/#article","isPartOf":{"@id":"https:\/\/paulinenaue.info\/index.php\/fernsehtipp-eine-besondere-freundschaft\/"},"author":{"name":"Joachim Scholz","@id":"https:\/\/paulinenaue.info\/#\/schema\/person\/3f9e818fd7b69b0d2bd937ac506897cc"},"headline":"Fernsehtipp &#8211; Eine besondere Freundschaft","datePublished":"2024-02-10T19:51:31+00:00","dateModified":"2024-02-10T19:53:36+00:00","mainEntityOfPage":{"@id":"https:\/\/paulinenaue.info\/index.php\/fernsehtipp-eine-besondere-freundschaft\/"},"wordCount":89,"commentCount":0,"image":{"@id":"https:\/\/paulinenaue.info\/index.php\/fernsehtipp-eine-besondere-freundschaft\/#primaryimage"},"thumbnailUrl":"https:\/\/paulinenaue.info\/wp-content\/uploads\/2024\/02\/2024-02-08-RBB.jpg","keywords":["Feundschaft","PTSV"],"articleSection":["Hier Zuhause","Sport"],"inLanguage":"de","potentialAction":[{"@type":"CommentAction","name":"Comment","target":["https:\/\/paulinenaue.info\/index.php\/fernsehtipp-eine-besondere-freundschaft\/#respond"]}]},{"@type":"WebPage","@id":"https:\/\/paulinenaue.info\/index.php\/fernsehtipp-eine-besondere-freundschaft\/","url":"https:\/\/paulinenaue.info\/index.php\/fernsehtipp-eine-besondere-freundschaft\/","name":"Fernsehtipp - Eine besondere Freundschaft - Paulinenaue","isPartOf":{"@id":"https:\/\/paulinenaue.info\/#website"},"primaryImageOfPage":{"@id":"https:\/\/paulinenaue.info\/index.php\/fernsehtipp-eine-besondere-freundschaft\/#primaryimage"},"image":{"@id":"https:\/\/paulinenaue.info\/index.php\/fernsehtipp-eine-besondere-freundschaft\/#primaryimage"},"thumbnailUrl":"https:\/\/paulinenaue.info\/wp-content\/uploads\/2024\/02\/2024-02-08-RBB.jpg","datePublished":"2024-02-10T19:51:31+00:00","dateModified":"2024-02-10T19:53:36+00:00","author":{"@id":"https:\/\/paulinenaue.info\/#\/schema\/person\/3f9e818fd7b69b0d2bd937ac506897cc"},"description":"Im RBB wird die Geschichte einer Paulinenauer Freundschaft erz\u00e4hlt, der von Fabian Kr\u00fcger und Philipp Kaffke","breadcrumb":{"@id":"https:\/\/paulinenaue.info\/index.php\/fernsehtipp-eine-besondere-freundschaft\/#breadcrumb"},"inLanguage":"de","potentialAction":[{"@type":"ReadAction","target":["https:\/\/paulinenaue.info\/index.php\/fernsehtipp-eine-besondere-freundschaft\/"]}]},{"@type":"ImageObject","inLanguage":"de","@id":"https:\/\/paulinenaue.info\/index.php\/fernsehtipp-eine-besondere-freundschaft\/#primaryimage","url":"https:\/\/paulinenaue.info\/wp-content\/uploads\/2024\/02\/2024-02-08-RBB.jpg","contentUrl":"https:\/\/paulinenaue.info\/wp-content\/uploads\/2024\/02\/2024-02-08-RBB.jpg","width":1027,"height":564,"caption":"Fabian Kr\u00fcger und Philipp Kaffke"},{"@type":"BreadcrumbList","@id":"https:\/\/paulinenaue.info\/index.php\/fernsehtipp-eine-besondere-freundschaft\/#breadcrumb","itemListElement":[{"@type":"ListItem","position":1,"name":"Home","item":"https:\/\/paulinenaue.info\/"},{"@type":"ListItem","position":2,"name":"Fernsehtipp &#8211; Eine besondere Freundschaft"}]},{"@type":"WebSite","@id":"https:\/\/paulinenaue.info\/#website","url":"https:\/\/paulinenaue.info\/","name":"Paulinenaue","description":"Ein Dorf im Havelland","potentialAction":[{"@type":"SearchAction","target":{"@type":"EntryPoint","urlTemplate":"https:\/\/paulinenaue.info\/?s={search_term_string}"},"query-input":{"@type":"PropertyValueSpecification","valueRequired":true,"valueName":"search_term_string"}}],"inLanguage":"de"},{"@type":"Person","@id":"https:\/\/paulinenaue.info\/#\/schema\/person\/3f9e818fd7b69b0d2bd937ac506897cc","name":"Joachim Scholz","url":"https:\/\/paulinenaue.info\/index.php\/author\/jjscholz\/"}]}},"jetpack_publicize_connections":[],"jetpack_featured_media_url":"https:\/\/paulinenaue.info\/wp-content\/uploads\/2024\/02\/2024-02-08-RBB.jpg","jetpack_sharing_enabled":true,"jetpack_shortlink":"https:\/\/wp.me\/pcYhWA-1KdH","jetpack-related-posts":[{"id":417285,"url":"https:\/\/paulinenaue.info\/index.php\/abschied-vom-paulinenauer-jung-mit-koelschem-herz\/","url_meta":{"origin":416001,"position":0},"title":"Abschied vom Paulinenauer Jung mit k\u00f6lschem Herz","author":"Sarah","date":"5. Februar 2025","format":false,"excerpt":"Text: Tobias Peters, Valentin Franklyn Wie f\u00e4ngt man an zu schreiben, wenn einem im Prinzip immer noch die Worte fehlen? Es f\u00e4llt unglaublich schwer, die folgenden Zeilen zu verfassen und wir m\u00f6chten uns vorab entschuldigen, wenn wir eventuell einige Sachen zeitlich nicht ganz korrekt eingeordnet haben, etwas vergessen oder nicht\u2026","rel":"","context":"In &quot;Allgemein&quot;","block_context":{"text":"Allgemein","link":"https:\/\/paulinenaue.info\/index.php\/category\/allgemein\/"},"img":{"alt_text":"","src":"https:\/\/i0.wp.com\/paulinenaue.info\/wp-content\/uploads\/2025\/02\/Trauer-scaled.jpeg?resize=350%2C200&ssl=1","width":350,"height":200,"srcset":"https:\/\/i0.wp.com\/paulinenaue.info\/wp-content\/uploads\/2025\/02\/Trauer-scaled.jpeg?resize=350%2C200&ssl=1 1x, https:\/\/i0.wp.com\/paulinenaue.info\/wp-content\/uploads\/2025\/02\/Trauer-scaled.jpeg?resize=525%2C300&ssl=1 1.5x, https:\/\/i0.wp.com\/paulinenaue.info\/wp-content\/uploads\/2025\/02\/Trauer-scaled.jpeg?resize=700%2C400&ssl=1 2x, https:\/\/i0.wp.com\/paulinenaue.info\/wp-content\/uploads\/2025\/02\/Trauer-scaled.jpeg?resize=1050%2C600&ssl=1 3x, https:\/\/i0.wp.com\/paulinenaue.info\/wp-content\/uploads\/2025\/02\/Trauer-scaled.jpeg?resize=1400%2C800&ssl=1 4x"},"classes":[]},{"id":417788,"url":"https:\/\/paulinenaue.info\/index.php\/der-osterstrauss-des-jahres-2025\/","url_meta":{"origin":416001,"position":1},"title":"Der Osterstrau\u00df des Jahres 2025","author":"Joachim Scholz","date":"20. April 2025","format":false,"excerpt":"Den Osterstrau\u00df des Jahres, der in jedem Jahr f\u00fcr unsere Website gek\u00fcrt wird, hat Sylvia Kreier am Samstagvormittag herausgeputzt. Ein erster Blick verr\u00e4t sofort seine k\u00fcnstlerische Qualit\u00e4t. Dieser Strau\u00df mit seinen originellen handbemalten Motiveiern \u2013 keines gleicht in der Ausmalung dem anderen \u2013 verdient unbedingt die begehrte Auszeichnung. \u201eIch habe\u2026","rel":"","context":"In &quot;Hier Zuhause&quot;","block_context":{"text":"Hier Zuhause","link":"https:\/\/paulinenaue.info\/index.php\/category\/hier-zuhause\/"},"img":{"alt_text":"","src":"https:\/\/i0.wp.com\/paulinenaue.info\/wp-content\/uploads\/2025\/04\/2025-04-20-Osterstrauss-04.jpeg?resize=350%2C200&ssl=1","width":350,"height":200,"srcset":"https:\/\/i0.wp.com\/paulinenaue.info\/wp-content\/uploads\/2025\/04\/2025-04-20-Osterstrauss-04.jpeg?resize=350%2C200&ssl=1 1x, https:\/\/i0.wp.com\/paulinenaue.info\/wp-content\/uploads\/2025\/04\/2025-04-20-Osterstrauss-04.jpeg?resize=525%2C300&ssl=1 1.5x, https:\/\/i0.wp.com\/paulinenaue.info\/wp-content\/uploads\/2025\/04\/2025-04-20-Osterstrauss-04.jpeg?resize=700%2C400&ssl=1 2x"},"classes":[]},{"id":415382,"url":"https:\/\/paulinenaue.info\/index.php\/sport-frei-100-jahre-paulinenauer-turn-und-sportverein\/","url_meta":{"origin":416001,"position":2},"title":"Sport frei! \u2013 100 Jahre Paulinenauer Turn- und Sportverein","author":"Joachim Scholz","date":"25. November 2023","format":false,"excerpt":"Im Roman ,Drei Kameraden\u2018 l\u00e4sst der Schriftsteller Erich Maria Remarque seinen Protagonisten \u00fcber das Jahresende 1923 sagen: \u201eDas war in der Inflation. Zweihundert Billionen Mark hatte ich monatlich verdient. Zweimal am Tag gab es Geld und jedesmal eine halbe Stunde Urlaub, damit man in die L\u00e4den rasen und etwas kaufen\u2026","rel":"","context":"In &quot;Allgemein&quot;","block_context":{"text":"Allgemein","link":"https:\/\/paulinenaue.info\/index.php\/category\/allgemein\/"},"img":{"alt_text":"","src":"https:\/\/i0.wp.com\/paulinenaue.info\/wp-content\/uploads\/2023\/11\/1952_mannschaft_01.jpg?resize=350%2C200&ssl=1","width":350,"height":200,"srcset":"https:\/\/i0.wp.com\/paulinenaue.info\/wp-content\/uploads\/2023\/11\/1952_mannschaft_01.jpg?resize=350%2C200&ssl=1 1x, https:\/\/i0.wp.com\/paulinenaue.info\/wp-content\/uploads\/2023\/11\/1952_mannschaft_01.jpg?resize=525%2C300&ssl=1 1.5x, https:\/\/i0.wp.com\/paulinenaue.info\/wp-content\/uploads\/2023\/11\/1952_mannschaft_01.jpg?resize=700%2C400&ssl=1 2x, https:\/\/i0.wp.com\/paulinenaue.info\/wp-content\/uploads\/2023\/11\/1952_mannschaft_01.jpg?resize=1050%2C600&ssl=1 3x, https:\/\/i0.wp.com\/paulinenaue.info\/wp-content\/uploads\/2023\/11\/1952_mannschaft_01.jpg?resize=1400%2C800&ssl=1 4x"},"classes":[]},{"id":415440,"url":"https:\/\/paulinenaue.info\/index.php\/einhundert-jahre-ptsv-1923-eine-chronik\/","url_meta":{"origin":416001,"position":3},"title":"Einhundert Jahre PTSV 1923 \u2013 eine Chronik","author":"Joachim Scholz","date":"9. Dezember 2023","format":false,"excerpt":"","rel":"","context":"In &quot;Dorfentwicklung&quot;","block_context":{"text":"Dorfentwicklung","link":"https:\/\/paulinenaue.info\/index.php\/category\/dorfentwicklung\/"},"img":{"alt_text":"","src":"https:\/\/i0.wp.com\/paulinenaue.info\/wp-content\/uploads\/2023\/12\/1958-05-1958-PTSV-am-Himmelfahrtstag-vor-der-Abfahrt-irgendwohin.jpg?resize=350%2C200&ssl=1","width":350,"height":200,"srcset":"https:\/\/i0.wp.com\/paulinenaue.info\/wp-content\/uploads\/2023\/12\/1958-05-1958-PTSV-am-Himmelfahrtstag-vor-der-Abfahrt-irgendwohin.jpg?resize=350%2C200&ssl=1 1x, https:\/\/i0.wp.com\/paulinenaue.info\/wp-content\/uploads\/2023\/12\/1958-05-1958-PTSV-am-Himmelfahrtstag-vor-der-Abfahrt-irgendwohin.jpg?resize=525%2C300&ssl=1 1.5x, https:\/\/i0.wp.com\/paulinenaue.info\/wp-content\/uploads\/2023\/12\/1958-05-1958-PTSV-am-Himmelfahrtstag-vor-der-Abfahrt-irgendwohin.jpg?resize=700%2C400&ssl=1 2x"},"classes":[]},{"id":418376,"url":"https:\/\/paulinenaue.info\/index.php\/bier-und-weinfest-in-kruegers-biergarten\/","url_meta":{"origin":416001,"position":4},"title":"Bier- und Weinfest in Kr\u00fcgers Biergarten","author":"Joachim Scholz","date":"5. Oktober 2025","format":false,"excerpt":"\u201eSo voll war es hier noch nie, ja vielleicht fr\u00fcher mal zu Himmelfahrt\u201c, so die Worte von Dieter Blume. Viele Paulinenauer folgten der Einladung von Uwe Kr\u00fcger zum Bier- und Weinfest. Wer in Google Maps nach Kr\u00fcgers Biergarten sucht, findet den Hinweis, dass die Gastst\u00e4tte dauerhaft geschlossen ist. Manche Eintragungen\u2026","rel":"","context":"In &quot;Gastronomie&quot;","block_context":{"text":"Gastronomie","link":"https:\/\/paulinenaue.info\/index.php\/category\/gastronomie\/"},"img":{"alt_text":"","src":"https:\/\/i0.wp.com\/paulinenaue.info\/wp-content\/uploads\/2025\/10\/Bild-5a-scaled.jpg?resize=350%2C200&ssl=1","width":350,"height":200,"srcset":"https:\/\/i0.wp.com\/paulinenaue.info\/wp-content\/uploads\/2025\/10\/Bild-5a-scaled.jpg?resize=350%2C200&ssl=1 1x, https:\/\/i0.wp.com\/paulinenaue.info\/wp-content\/uploads\/2025\/10\/Bild-5a-scaled.jpg?resize=525%2C300&ssl=1 1.5x, https:\/\/i0.wp.com\/paulinenaue.info\/wp-content\/uploads\/2025\/10\/Bild-5a-scaled.jpg?resize=700%2C400&ssl=1 2x, https:\/\/i0.wp.com\/paulinenaue.info\/wp-content\/uploads\/2025\/10\/Bild-5a-scaled.jpg?resize=1050%2C600&ssl=1 3x, https:\/\/i0.wp.com\/paulinenaue.info\/wp-content\/uploads\/2025\/10\/Bild-5a-scaled.jpg?resize=1400%2C800&ssl=1 4x"},"classes":[]},{"id":103,"url":"https:\/\/paulinenaue.info\/index.php\/auf-dem-paulinenauer-weihnachtsmarkt-2013\/","url_meta":{"origin":416001,"position":5},"title":"Auf dem Paulinenauer Weihnachtsmarkt 2013","author":"Joachim Scholz","date":"30. November 2013","format":false,"excerpt":"Mit einer Andacht zum ersten Advent begann am Samstag, also streng genommen einen Tag zu fr\u00fch, in Paulinenaue die Weihnachtszeit. Pfarrer Michael Jurk und eine Gruppe Bl\u00e4ser, die auf der Empore Platz genommen hatte, stimmten die Gemeinde festlich. Die Kirchenm\u00e4use und die Gitarrengruppe zeigten, was sie gelernt hatten. Dann ging\u2026","rel":"","context":"In &quot;Hier Zuhause&quot;","block_context":{"text":"Hier Zuhause","link":"https:\/\/paulinenaue.info\/index.php\/category\/hier-zuhause\/"},"img":{"alt_text":"","src":"https:\/\/i0.wp.com\/paulinenaue.info\/wp-content\/uploads\/2016\/03\/2013-11-30-Weihanchtsmarkt-03.jpg?resize=350%2C200&ssl=1","width":350,"height":200,"srcset":"https:\/\/i0.wp.com\/paulinenaue.info\/wp-content\/uploads\/2016\/03\/2013-11-30-Weihanchtsmarkt-03.jpg?resize=350%2C200&ssl=1 1x, https:\/\/i0.wp.com\/paulinenaue.info\/wp-content\/uploads\/2016\/03\/2013-11-30-Weihanchtsmarkt-03.jpg?resize=525%2C300&ssl=1 1.5x, https:\/\/i0.wp.com\/paulinenaue.info\/wp-content\/uploads\/2016\/03\/2013-11-30-Weihanchtsmarkt-03.jpg?resize=700%2C400&ssl=1 2x"},"classes":[]}],"_links":{"self":[{"href":"https:\/\/paulinenaue.info\/index.php\/wp-json\/wp\/v2\/posts\/416001","targetHints":{"allow":["GET"]}}],"collection":[{"href":"https:\/\/paulinenaue.info\/index.php\/wp-json\/wp\/v2\/posts"}],"about":[{"href":"https:\/\/paulinenaue.info\/index.php\/wp-json\/wp\/v2\/types\/post"}],"author":[{"embeddable":true,"href":"https:\/\/paulinenaue.info\/index.php\/wp-json\/wp\/v2\/users\/1"}],"replies":[{"embeddable":true,"href":"https:\/\/paulinenaue.info\/index.php\/wp-json\/wp\/v2\/comments?post=416001"}],"version-history":[{"count":5,"href":"https:\/\/paulinenaue.info\/index.php\/wp-json\/wp\/v2\/posts\/416001\/revisions"}],"predecessor-version":[{"id":416007,"href":"https:\/\/paulinenaue.info\/index.php\/wp-json\/wp\/v2\/posts\/416001\/revisions\/416007"}],"wp:featuredmedia":[{"embeddable":true,"href":"https:\/\/paulinenaue.info\/index.php\/wp-json\/wp\/v2\/media\/416002"}],"wp:attachment":[{"href":"https:\/\/paulinenaue.info\/index.php\/wp-json\/wp\/v2\/media?parent=416001"}],"wp:term":[{"taxonomy":"category","embeddable":true,"href":"https:\/\/paulinenaue.info\/index.php\/wp-json\/wp\/v2\/categories?post=416001"},{"taxonomy":"post_tag","embeddable":true,"href":"https:\/\/paulinenaue.info\/index.php\/wp-json\/wp\/v2\/tags?post=416001"}],"curies":[{"name":"wp","href":"https:\/\/api.w.org\/{rel}","templated":true}]}}