{"id":416036,"date":"2024-02-24T00:56:38","date_gmt":"2024-02-23T23:56:38","guid":{"rendered":"https:\/\/paulinenaue.info\/?p=416036"},"modified":"2025-01-12T01:24:30","modified_gmt":"2025-01-12T00:24:30","slug":"spaziergang-durch-den-paulinenauer-bahnhof-im-februar-2024","status":"publish","type":"post","link":"https:\/\/paulinenaue.info\/index.php\/spaziergang-durch-den-paulinenauer-bahnhof-im-februar-2024\/","title":{"rendered":"Spaziergang durch den Paulinenauer Bahnhof"},"content":{"rendered":"<div class=\"fusion-fullwidth fullwidth-box fusion-builder-row-1 fusion-flex-container nonhundred-percent-fullwidth non-hundred-percent-height-scrolling\" style=\"--awb-border-radius-top-left:0px;--awb-border-radius-top-right:0px;--awb-border-radius-bottom-right:0px;--awb-border-radius-bottom-left:0px;\" ><div class=\"fusion-builder-row fusion-row fusion-flex-align-items-flex-start\" style=\"max-width:1248px;margin-left: calc(-4% \/ 2 );margin-right: calc(-4% \/ 2 );\"><div class=\"fusion-layout-column fusion_builder_column fusion-builder-column-0 fusion_builder_column_1_1 1_1 fusion-flex-column\" style=\"--awb-bg-blend:overlay;--awb-bg-size:cover;--awb-width-large:100%;--awb-margin-top-large:0px;--awb-spacing-right-large:1.92%;--awb-margin-bottom-large:0px;--awb-spacing-left-large:1.92%;--awb-width-medium:100%;--awb-spacing-right-medium:1.92%;--awb-spacing-left-medium:1.92%;--awb-width-small:100%;--awb-spacing-right-small:1.92%;--awb-spacing-left-small:1.92%;\"><div class=\"fusion-column-wrapper fusion-flex-justify-content-flex-start fusion-content-layout-column\"><div class=\"fusion-text fusion-text-1\"><p>Immer wieder weckt das Paulinenauer Bahnhofsgeb\u00e4ude Interesse von Forscherinnen und Forschern. Schon mehrmals in den letzten Jahren war es Gegenstand von Universit\u00e4tsseminaren, Forschungsprojekten oder studentischen Abschlussarbeiten. Nun war es wieder einmal so weit. Cassandra Sauter, Studentin im Fachgebiet Architektur und Stadtplanung der Universit\u00e4t Stuttgart, die sich sich in ihrer Masterarbeit mit leerstehenden, von Bedeutungsverlust bedrohten Bahn-Empfangsgeb\u00e4uden befasst, fragte an, ob ein Besuch des Geb\u00e4udes m\u00f6glich sei. Sie war \u00fcber unsere Internetseite auf Paulinenaue aufmerksam geworden, und tats\u00e4chlich ist unser Bahnhof ein hervorragender Kandidat f\u00fcr ihr sehr spezielles Forschungsinteresse. Gleich nach der Besichtigung eines s\u00e4chsischen Bahnhofsgeb\u00e4udes kam Cassandra am 11. Februar nach Paulinenaue. Die F\u00fchrung organisierte der Kulturverein nach Absprache mit dem B\u00fcrgermeister.<\/p>\n<p>Unser Eindruck nach dem Rundgang: Der Paulinenauer Bahnhof muss sehr bald gerettet werden, sonst k\u00f6nnte es f\u00fcr ihn zu sp\u00e4t sein. Dem bedeutendsten Geb\u00e4ude von Paulinenaue sollte nach Jahren der Vernachl\u00e4ssigung eine Perspektive gegeben werden. Noch zeigt er neben fortschreitenden Sch\u00e4den seinen Charme, seine Pracht und sein Potenzial.<\/p>\n<p>Zum Gl\u00fcck findet das Thema Bahnhof seitens der Gemeinde als auch in der Paulinenauer \u00d6ffentlichkeit gerade wieder mehr Aufmerksamkeit. Die Gemeinde l\u00e4sst momentan das Dach ausbessern, damit nicht eindringendes Wasser noch mehr Bausubstanz zerst\u00f6rt. Auch wird weiter nach Nutzungsm\u00f6glichkeiten gesucht, denn die Bahnhofssanierung durch die S-Immo pausiert mit dem <a href=\"https:\/\/paulinenaue.info\/index.php\/vom-donut-zum-pfannkuchen-gemeindevertretersitzung-zur-neuen-mitte-paulinenaue-stoesst-auf-grosses-interesse\/\">Projekt der \u201eNeuen Mitte\u201c<\/a>, deren Nebenprodukt sie sein sollte, auf unabsehbare Zeit. Der Kulturverein hat seine AG Bahnhof neu belebt und zeigt Bereitschaft, sich zu engagieren. Zur Gemeindevertretersitzung am 4. M\u00e4rz hat B\u00fcrgermeister Arne Breder Vertreter vom Regionalmanagement der <a href=\"https:\/\/www.lag-havelland.de\/\">LAG<\/a> eingeladen. Sie werden zu den Programmen ,Leader\u2018 und KLI \u2013 den ,Kleinen Lokalen Initiativen&#8216;, in deren Rahmen der Bahnhof <a href=\"https:\/\/paulinenaue.info\/index.php\/einsatz-im-bahnhof\/\">schon einmal F\u00f6rdermittel erhielt<\/a> \u2013 informieren. Hoffen wir also, dass in diesem Jahr f\u00fcr den Bahnhof g\u00fcnstigere Karten verteilt werden als in den Jahren zuvor.<\/p>\n<p><div id=\"attachment_416037\" style=\"width: 610px\" class=\"wp-caption alignnone\"><a href=\"https:\/\/paulinenaue.info\/wp-content\/uploads\/2024\/02\/2024-02-11-Im-Bahnhof-01.jpeg\"><img decoding=\"async\" aria-describedby=\"caption-attachment-416037\" data-attachment-id=\"416037\" data-permalink=\"https:\/\/paulinenaue.info\/index.php\/spaziergang-durch-den-paulinenauer-bahnhof-im-februar-2024\/2024-02-11-im-bahnhof-01\/\" data-orig-file=\"https:\/\/paulinenaue.info\/wp-content\/uploads\/2024\/02\/2024-02-11-Im-Bahnhof-01.jpeg\" data-orig-size=\"1000,667\" data-comments-opened=\"1\" data-image-meta=\"{&quot;aperture&quot;:&quot;2.4&quot;,&quot;credit&quot;:&quot;&quot;,&quot;camera&quot;:&quot;DSC-RX10M3&quot;,&quot;caption&quot;:&quot;&quot;,&quot;created_timestamp&quot;:&quot;1707666253&quot;,&quot;copyright&quot;:&quot;&quot;,&quot;focal_length&quot;:&quot;8.8&quot;,&quot;iso&quot;:&quot;1000&quot;,&quot;shutter_speed&quot;:&quot;0.033333333333333&quot;,&quot;title&quot;:&quot;&quot;,&quot;orientation&quot;:&quot;0&quot;}\" data-image-title=\"2024-02-11, Im Bahnhof, 01\" data-image-description=\"\" data-image-caption=\"\" data-large-file=\"https:\/\/paulinenaue.info\/wp-content\/uploads\/2024\/02\/2024-02-11-Im-Bahnhof-01.jpeg\" class=\"lazyload wp-image-416037 size-fusion-600\" src=\"https:\/\/paulinenaue.info\/wp-content\/uploads\/2024\/02\/2024-02-11-Im-Bahnhof-01-600x400.jpeg\" data-orig-src=\"https:\/\/paulinenaue.info\/wp-content\/uploads\/2024\/02\/2024-02-11-Im-Bahnhof-01-600x400.jpeg\" alt=\"\" width=\"600\" height=\"400\" srcset=\"data:image\/svg+xml,%3Csvg%20xmlns%3D%27http%3A%2F%2Fwww.w3.org%2F2000%2Fsvg%27%20width%3D%27600%27%20height%3D%27400%27%20viewBox%3D%270%200%20600%20400%27%3E%3Crect%20width%3D%27600%27%20height%3D%27400%27%20fill-opacity%3D%220%22%2F%3E%3C%2Fsvg%3E\" data-srcset=\"https:\/\/paulinenaue.info\/wp-content\/uploads\/2024\/02\/2024-02-11-Im-Bahnhof-01-200x133.jpeg 200w, https:\/\/paulinenaue.info\/wp-content\/uploads\/2024\/02\/2024-02-11-Im-Bahnhof-01-300x200.jpeg 300w, https:\/\/paulinenaue.info\/wp-content\/uploads\/2024\/02\/2024-02-11-Im-Bahnhof-01-400x267.jpeg 400w, https:\/\/paulinenaue.info\/wp-content\/uploads\/2024\/02\/2024-02-11-Im-Bahnhof-01-600x400.jpeg 600w, https:\/\/paulinenaue.info\/wp-content\/uploads\/2024\/02\/2024-02-11-Im-Bahnhof-01-768x512.jpeg 768w, https:\/\/paulinenaue.info\/wp-content\/uploads\/2024\/02\/2024-02-11-Im-Bahnhof-01-800x534.jpeg 800w, https:\/\/paulinenaue.info\/wp-content\/uploads\/2024\/02\/2024-02-11-Im-Bahnhof-01.jpeg 1000w\" data-sizes=\"auto\" data-orig-sizes=\"(max-width: 600px) 100vw, 600px\" \/><\/a><p id=\"caption-attachment-416037\" class=\"wp-caption-text\"><em>Der Durchgang zum Bahnsteig. Foto: J. Scholz, 2024.<\/em><\/p><\/div>\n<div id=\"attachment_416038\" style=\"width: 610px\" class=\"wp-caption alignnone\"><a href=\"https:\/\/paulinenaue.info\/wp-content\/uploads\/2024\/02\/2024-02-11-Im-Bahnhof-03.jpeg\"><img decoding=\"async\" aria-describedby=\"caption-attachment-416038\" data-attachment-id=\"416038\" data-permalink=\"https:\/\/paulinenaue.info\/index.php\/spaziergang-durch-den-paulinenauer-bahnhof-im-februar-2024\/2024-02-11-im-bahnhof-03\/\" data-orig-file=\"https:\/\/paulinenaue.info\/wp-content\/uploads\/2024\/02\/2024-02-11-Im-Bahnhof-03.jpeg\" data-orig-size=\"1000,667\" data-comments-opened=\"1\" data-image-meta=\"{&quot;aperture&quot;:&quot;2.5&quot;,&quot;credit&quot;:&quot;&quot;,&quot;camera&quot;:&quot;DSC-RX10M3&quot;,&quot;caption&quot;:&quot;&quot;,&quot;created_timestamp&quot;:&quot;1707667206&quot;,&quot;copyright&quot;:&quot;&quot;,&quot;focal_length&quot;:&quot;8.8&quot;,&quot;iso&quot;:&quot;6400&quot;,&quot;shutter_speed&quot;:&quot;0.25&quot;,&quot;title&quot;:&quot;&quot;,&quot;orientation&quot;:&quot;0&quot;}\" data-image-title=\"2024-02-11, Im Bahnhof, 03\" data-image-description=\"\" data-image-caption=\"\" data-large-file=\"https:\/\/paulinenaue.info\/wp-content\/uploads\/2024\/02\/2024-02-11-Im-Bahnhof-03.jpeg\" class=\"lazyload wp-image-416038 size-fusion-600\" src=\"https:\/\/paulinenaue.info\/wp-content\/uploads\/2024\/02\/2024-02-11-Im-Bahnhof-03-600x400.jpeg\" data-orig-src=\"https:\/\/paulinenaue.info\/wp-content\/uploads\/2024\/02\/2024-02-11-Im-Bahnhof-03-600x400.jpeg\" alt=\"\" width=\"600\" height=\"400\" srcset=\"data:image\/svg+xml,%3Csvg%20xmlns%3D%27http%3A%2F%2Fwww.w3.org%2F2000%2Fsvg%27%20width%3D%27600%27%20height%3D%27400%27%20viewBox%3D%270%200%20600%20400%27%3E%3Crect%20width%3D%27600%27%20height%3D%27400%27%20fill-opacity%3D%220%22%2F%3E%3C%2Fsvg%3E\" data-srcset=\"https:\/\/paulinenaue.info\/wp-content\/uploads\/2024\/02\/2024-02-11-Im-Bahnhof-03-200x133.jpeg 200w, https:\/\/paulinenaue.info\/wp-content\/uploads\/2024\/02\/2024-02-11-Im-Bahnhof-03-300x200.jpeg 300w, https:\/\/paulinenaue.info\/wp-content\/uploads\/2024\/02\/2024-02-11-Im-Bahnhof-03-400x267.jpeg 400w, https:\/\/paulinenaue.info\/wp-content\/uploads\/2024\/02\/2024-02-11-Im-Bahnhof-03-600x400.jpeg 600w, https:\/\/paulinenaue.info\/wp-content\/uploads\/2024\/02\/2024-02-11-Im-Bahnhof-03-768x512.jpeg 768w, https:\/\/paulinenaue.info\/wp-content\/uploads\/2024\/02\/2024-02-11-Im-Bahnhof-03-800x534.jpeg 800w, https:\/\/paulinenaue.info\/wp-content\/uploads\/2024\/02\/2024-02-11-Im-Bahnhof-03.jpeg 1000w\" data-sizes=\"auto\" data-orig-sizes=\"(max-width: 600px) 100vw, 600px\" \/><\/a><p id=\"caption-attachment-416038\" class=\"wp-caption-text\"><em>Wohnung im Ostfl\u00fcgel mit T\u00fcr zum Balkon des Bahnhofes. Foto: J. Scholz, 2024.<\/em><\/p><\/div>\n<div id=\"attachment_416039\" style=\"width: 610px\" class=\"wp-caption alignnone\"><a href=\"https:\/\/paulinenaue.info\/wp-content\/uploads\/2024\/02\/2024-02-11-Im-Bahnhof-05.jpeg\"><img decoding=\"async\" aria-describedby=\"caption-attachment-416039\" data-attachment-id=\"416039\" data-permalink=\"https:\/\/paulinenaue.info\/index.php\/spaziergang-durch-den-paulinenauer-bahnhof-im-februar-2024\/2024-02-11-im-bahnhof-05\/\" data-orig-file=\"https:\/\/paulinenaue.info\/wp-content\/uploads\/2024\/02\/2024-02-11-Im-Bahnhof-05.jpeg\" data-orig-size=\"1000,667\" data-comments-opened=\"1\" data-image-meta=\"{&quot;aperture&quot;:&quot;2.5&quot;,&quot;credit&quot;:&quot;&quot;,&quot;camera&quot;:&quot;DSC-RX10M3&quot;,&quot;caption&quot;:&quot;&quot;,&quot;created_timestamp&quot;:&quot;1707667236&quot;,&quot;copyright&quot;:&quot;&quot;,&quot;focal_length&quot;:&quot;8.84&quot;,&quot;iso&quot;:&quot;500&quot;,&quot;shutter_speed&quot;:&quot;0.033333333333333&quot;,&quot;title&quot;:&quot;&quot;,&quot;orientation&quot;:&quot;0&quot;}\" data-image-title=\"2024-02-11, Im Bahnhof, 05\" data-image-description=\"\" data-image-caption=\"\" data-large-file=\"https:\/\/paulinenaue.info\/wp-content\/uploads\/2024\/02\/2024-02-11-Im-Bahnhof-05.jpeg\" class=\"lazyload wp-image-416039 size-fusion-600\" src=\"https:\/\/paulinenaue.info\/wp-content\/uploads\/2024\/02\/2024-02-11-Im-Bahnhof-05-600x400.jpeg\" data-orig-src=\"https:\/\/paulinenaue.info\/wp-content\/uploads\/2024\/02\/2024-02-11-Im-Bahnhof-05-600x400.jpeg\" alt=\"\" width=\"600\" height=\"400\" srcset=\"data:image\/svg+xml,%3Csvg%20xmlns%3D%27http%3A%2F%2Fwww.w3.org%2F2000%2Fsvg%27%20width%3D%27600%27%20height%3D%27400%27%20viewBox%3D%270%200%20600%20400%27%3E%3Crect%20width%3D%27600%27%20height%3D%27400%27%20fill-opacity%3D%220%22%2F%3E%3C%2Fsvg%3E\" data-srcset=\"https:\/\/paulinenaue.info\/wp-content\/uploads\/2024\/02\/2024-02-11-Im-Bahnhof-05-200x133.jpeg 200w, https:\/\/paulinenaue.info\/wp-content\/uploads\/2024\/02\/2024-02-11-Im-Bahnhof-05-300x200.jpeg 300w, https:\/\/paulinenaue.info\/wp-content\/uploads\/2024\/02\/2024-02-11-Im-Bahnhof-05-400x267.jpeg 400w, https:\/\/paulinenaue.info\/wp-content\/uploads\/2024\/02\/2024-02-11-Im-Bahnhof-05-600x400.jpeg 600w, https:\/\/paulinenaue.info\/wp-content\/uploads\/2024\/02\/2024-02-11-Im-Bahnhof-05-768x512.jpeg 768w, https:\/\/paulinenaue.info\/wp-content\/uploads\/2024\/02\/2024-02-11-Im-Bahnhof-05-800x534.jpeg 800w, https:\/\/paulinenaue.info\/wp-content\/uploads\/2024\/02\/2024-02-11-Im-Bahnhof-05.jpeg 1000w\" data-sizes=\"auto\" data-orig-sizes=\"(max-width: 600px) 100vw, 600px\" \/><\/a><p id=\"caption-attachment-416039\" class=\"wp-caption-text\"><em>Ausgerechnet im Zuge von Ma\u00dfnahmen, die 2012 eigentlich der Sicherung des Bahnhofs gelten sollten, wurden die Motivfliesen in der K\u00fcche einer Wohnung des Ostfl\u00fcgels abgeschlagen. Foto: J. Scholz, 2024.<\/em><\/p><\/div>\n<div id=\"attachment_416040\" style=\"width: 610px\" class=\"wp-caption alignnone\"><a href=\"https:\/\/paulinenaue.info\/wp-content\/uploads\/2024\/02\/2024-02-11-Im-Bahnhof-07.jpeg\"><img decoding=\"async\" aria-describedby=\"caption-attachment-416040\" data-attachment-id=\"416040\" data-permalink=\"https:\/\/paulinenaue.info\/index.php\/spaziergang-durch-den-paulinenauer-bahnhof-im-februar-2024\/2024-02-11-im-bahnhof-07\/\" data-orig-file=\"https:\/\/paulinenaue.info\/wp-content\/uploads\/2024\/02\/2024-02-11-Im-Bahnhof-07.jpeg\" data-orig-size=\"1000,667\" data-comments-opened=\"1\" data-image-meta=\"{&quot;aperture&quot;:&quot;2.4&quot;,&quot;credit&quot;:&quot;&quot;,&quot;camera&quot;:&quot;DSC-RX10M3&quot;,&quot;caption&quot;:&quot;&quot;,&quot;created_timestamp&quot;:&quot;1707667304&quot;,&quot;copyright&quot;:&quot;&quot;,&quot;focal_length&quot;:&quot;8.8&quot;,&quot;iso&quot;:&quot;6400&quot;,&quot;shutter_speed&quot;:&quot;0.066666666666667&quot;,&quot;title&quot;:&quot;&quot;,&quot;orientation&quot;:&quot;0&quot;}\" data-image-title=\"2024-02-11, Im Bahnhof, 07\" data-image-description=\"\" data-image-caption=\"\" data-large-file=\"https:\/\/paulinenaue.info\/wp-content\/uploads\/2024\/02\/2024-02-11-Im-Bahnhof-07.jpeg\" class=\"lazyload wp-image-416040 size-fusion-600\" src=\"https:\/\/paulinenaue.info\/wp-content\/uploads\/2024\/02\/2024-02-11-Im-Bahnhof-07-600x400.jpeg\" data-orig-src=\"https:\/\/paulinenaue.info\/wp-content\/uploads\/2024\/02\/2024-02-11-Im-Bahnhof-07-600x400.jpeg\" alt=\"\" width=\"600\" height=\"400\" srcset=\"data:image\/svg+xml,%3Csvg%20xmlns%3D%27http%3A%2F%2Fwww.w3.org%2F2000%2Fsvg%27%20width%3D%27600%27%20height%3D%27400%27%20viewBox%3D%270%200%20600%20400%27%3E%3Crect%20width%3D%27600%27%20height%3D%27400%27%20fill-opacity%3D%220%22%2F%3E%3C%2Fsvg%3E\" data-srcset=\"https:\/\/paulinenaue.info\/wp-content\/uploads\/2024\/02\/2024-02-11-Im-Bahnhof-07-200x133.jpeg 200w, https:\/\/paulinenaue.info\/wp-content\/uploads\/2024\/02\/2024-02-11-Im-Bahnhof-07-300x200.jpeg 300w, https:\/\/paulinenaue.info\/wp-content\/uploads\/2024\/02\/2024-02-11-Im-Bahnhof-07-400x267.jpeg 400w, https:\/\/paulinenaue.info\/wp-content\/uploads\/2024\/02\/2024-02-11-Im-Bahnhof-07-600x400.jpeg 600w, https:\/\/paulinenaue.info\/wp-content\/uploads\/2024\/02\/2024-02-11-Im-Bahnhof-07-768x512.jpeg 768w, https:\/\/paulinenaue.info\/wp-content\/uploads\/2024\/02\/2024-02-11-Im-Bahnhof-07-800x534.jpeg 800w, https:\/\/paulinenaue.info\/wp-content\/uploads\/2024\/02\/2024-02-11-Im-Bahnhof-07.jpeg 1000w\" data-sizes=\"auto\" data-orig-sizes=\"(max-width: 600px) 100vw, 600px\" \/><\/a><p id=\"caption-attachment-416040\" class=\"wp-caption-text\">Wohnung im Bahnhof. Foto: J. Scholz, 2024.<\/p><\/div>\n<div id=\"attachment_416041\" style=\"width: 610px\" class=\"wp-caption alignnone\"><a href=\"https:\/\/paulinenaue.info\/wp-content\/uploads\/2024\/02\/2024-02-11-Im-Bahnhof-08.jpeg\"><img decoding=\"async\" aria-describedby=\"caption-attachment-416041\" data-attachment-id=\"416041\" data-permalink=\"https:\/\/paulinenaue.info\/index.php\/spaziergang-durch-den-paulinenauer-bahnhof-im-februar-2024\/2024-02-11-im-bahnhof-08\/\" data-orig-file=\"https:\/\/paulinenaue.info\/wp-content\/uploads\/2024\/02\/2024-02-11-Im-Bahnhof-08.jpeg\" data-orig-size=\"1000,667\" data-comments-opened=\"1\" data-image-meta=\"{&quot;aperture&quot;:&quot;2.5&quot;,&quot;credit&quot;:&quot;&quot;,&quot;camera&quot;:&quot;DSC-RX10M3&quot;,&quot;caption&quot;:&quot;&quot;,&quot;created_timestamp&quot;:&quot;1707667354&quot;,&quot;copyright&quot;:&quot;&quot;,&quot;focal_length&quot;:&quot;8.8&quot;,&quot;iso&quot;:&quot;6400&quot;,&quot;shutter_speed&quot;:&quot;0.066666666666667&quot;,&quot;title&quot;:&quot;&quot;,&quot;orientation&quot;:&quot;0&quot;}\" data-image-title=\"2024-02-11, Im Bahnhof, 08\" data-image-description=\"\" data-image-caption=\"\" data-large-file=\"https:\/\/paulinenaue.info\/wp-content\/uploads\/2024\/02\/2024-02-11-Im-Bahnhof-08.jpeg\" class=\"lazyload wp-image-416041 size-fusion-600\" src=\"https:\/\/paulinenaue.info\/wp-content\/uploads\/2024\/02\/2024-02-11-Im-Bahnhof-08-600x400.jpeg\" data-orig-src=\"https:\/\/paulinenaue.info\/wp-content\/uploads\/2024\/02\/2024-02-11-Im-Bahnhof-08-600x400.jpeg\" alt=\"\" width=\"600\" height=\"400\" srcset=\"data:image\/svg+xml,%3Csvg%20xmlns%3D%27http%3A%2F%2Fwww.w3.org%2F2000%2Fsvg%27%20width%3D%27600%27%20height%3D%27400%27%20viewBox%3D%270%200%20600%20400%27%3E%3Crect%20width%3D%27600%27%20height%3D%27400%27%20fill-opacity%3D%220%22%2F%3E%3C%2Fsvg%3E\" data-srcset=\"https:\/\/paulinenaue.info\/wp-content\/uploads\/2024\/02\/2024-02-11-Im-Bahnhof-08-200x133.jpeg 200w, https:\/\/paulinenaue.info\/wp-content\/uploads\/2024\/02\/2024-02-11-Im-Bahnhof-08-300x200.jpeg 300w, https:\/\/paulinenaue.info\/wp-content\/uploads\/2024\/02\/2024-02-11-Im-Bahnhof-08-400x267.jpeg 400w, https:\/\/paulinenaue.info\/wp-content\/uploads\/2024\/02\/2024-02-11-Im-Bahnhof-08-600x400.jpeg 600w, https:\/\/paulinenaue.info\/wp-content\/uploads\/2024\/02\/2024-02-11-Im-Bahnhof-08-768x512.jpeg 768w, https:\/\/paulinenaue.info\/wp-content\/uploads\/2024\/02\/2024-02-11-Im-Bahnhof-08-800x534.jpeg 800w, https:\/\/paulinenaue.info\/wp-content\/uploads\/2024\/02\/2024-02-11-Im-Bahnhof-08.jpeg 1000w\" data-sizes=\"auto\" data-orig-sizes=\"(max-width: 600px) 100vw, 600px\" \/><\/a><p id=\"caption-attachment-416041\" class=\"wp-caption-text\"><em>Der Dachstuhl \u00fcber dem Ostfl\u00fcgel. In Wendezeiten wurde er gr\u00fcndlich erneuert. Hier dringt bislang kein Wasser durch. Foto: J. Scholz, 2024.<\/em><\/p><\/div>\n<div id=\"attachment_416042\" style=\"width: 610px\" class=\"wp-caption alignnone\"><a href=\"https:\/\/paulinenaue.info\/wp-content\/uploads\/2024\/02\/2024-02-11-Im-Bahnhof-09.jpeg\"><img decoding=\"async\" aria-describedby=\"caption-attachment-416042\" data-attachment-id=\"416042\" data-permalink=\"https:\/\/paulinenaue.info\/index.php\/spaziergang-durch-den-paulinenauer-bahnhof-im-februar-2024\/2024-02-11-im-bahnhof-09\/\" data-orig-file=\"https:\/\/paulinenaue.info\/wp-content\/uploads\/2024\/02\/2024-02-11-Im-Bahnhof-09.jpeg\" data-orig-size=\"1000,667\" data-comments-opened=\"1\" data-image-meta=\"{&quot;aperture&quot;:&quot;2.5&quot;,&quot;credit&quot;:&quot;&quot;,&quot;camera&quot;:&quot;DSC-RX10M3&quot;,&quot;caption&quot;:&quot;&quot;,&quot;created_timestamp&quot;:&quot;1707667773&quot;,&quot;copyright&quot;:&quot;&quot;,&quot;focal_length&quot;:&quot;8.93&quot;,&quot;iso&quot;:&quot;2000&quot;,&quot;shutter_speed&quot;:&quot;0.033333333333333&quot;,&quot;title&quot;:&quot;&quot;,&quot;orientation&quot;:&quot;0&quot;}\" data-image-title=\"2024-02-11, Im Bahnhof, 09\" data-image-description=\"\" data-image-caption=\"\" data-large-file=\"https:\/\/paulinenaue.info\/wp-content\/uploads\/2024\/02\/2024-02-11-Im-Bahnhof-09.jpeg\" class=\"lazyload wp-image-416042 size-fusion-600\" src=\"https:\/\/paulinenaue.info\/wp-content\/uploads\/2024\/02\/2024-02-11-Im-Bahnhof-09-600x400.jpeg\" data-orig-src=\"https:\/\/paulinenaue.info\/wp-content\/uploads\/2024\/02\/2024-02-11-Im-Bahnhof-09-600x400.jpeg\" alt=\"\" width=\"600\" height=\"400\" srcset=\"data:image\/svg+xml,%3Csvg%20xmlns%3D%27http%3A%2F%2Fwww.w3.org%2F2000%2Fsvg%27%20width%3D%27600%27%20height%3D%27400%27%20viewBox%3D%270%200%20600%20400%27%3E%3Crect%20width%3D%27600%27%20height%3D%27400%27%20fill-opacity%3D%220%22%2F%3E%3C%2Fsvg%3E\" data-srcset=\"https:\/\/paulinenaue.info\/wp-content\/uploads\/2024\/02\/2024-02-11-Im-Bahnhof-09-200x133.jpeg 200w, https:\/\/paulinenaue.info\/wp-content\/uploads\/2024\/02\/2024-02-11-Im-Bahnhof-09-300x200.jpeg 300w, https:\/\/paulinenaue.info\/wp-content\/uploads\/2024\/02\/2024-02-11-Im-Bahnhof-09-400x267.jpeg 400w, https:\/\/paulinenaue.info\/wp-content\/uploads\/2024\/02\/2024-02-11-Im-Bahnhof-09-600x400.jpeg 600w, https:\/\/paulinenaue.info\/wp-content\/uploads\/2024\/02\/2024-02-11-Im-Bahnhof-09-768x512.jpeg 768w, https:\/\/paulinenaue.info\/wp-content\/uploads\/2024\/02\/2024-02-11-Im-Bahnhof-09-800x534.jpeg 800w, https:\/\/paulinenaue.info\/wp-content\/uploads\/2024\/02\/2024-02-11-Im-Bahnhof-09.jpeg 1000w\" data-sizes=\"auto\" data-orig-sizes=\"(max-width: 600px) 100vw, 600px\" \/><\/a><p id=\"caption-attachment-416042\" class=\"wp-caption-text\"><em>Die T\u00fcr vom Dach zum \u201eTurm\u201c des Bahnhofs. Foto: J. Scholz, 2024.<\/em><\/p><\/div>\n<div id=\"attachment_416043\" style=\"width: 610px\" class=\"wp-caption alignnone\"><a href=\"https:\/\/paulinenaue.info\/wp-content\/uploads\/2024\/02\/2024-02-11-Im-Bahnhof-10.jpeg\"><img decoding=\"async\" aria-describedby=\"caption-attachment-416043\" data-attachment-id=\"416043\" data-permalink=\"https:\/\/paulinenaue.info\/index.php\/spaziergang-durch-den-paulinenauer-bahnhof-im-februar-2024\/2024-02-11-im-bahnhof-10\/\" data-orig-file=\"https:\/\/paulinenaue.info\/wp-content\/uploads\/2024\/02\/2024-02-11-Im-Bahnhof-10.jpeg\" data-orig-size=\"1000,667\" data-comments-opened=\"1\" data-image-meta=\"{&quot;aperture&quot;:&quot;2.5&quot;,&quot;credit&quot;:&quot;&quot;,&quot;camera&quot;:&quot;DSC-RX10M3&quot;,&quot;caption&quot;:&quot;&quot;,&quot;created_timestamp&quot;:&quot;1707667888&quot;,&quot;copyright&quot;:&quot;&quot;,&quot;focal_length&quot;:&quot;8.93&quot;,&quot;iso&quot;:&quot;100&quot;,&quot;shutter_speed&quot;:&quot;0.016666666666667&quot;,&quot;title&quot;:&quot;&quot;,&quot;orientation&quot;:&quot;0&quot;}\" data-image-title=\"2024-02-11, Im Bahnhof, 10\" data-image-description=\"\" data-image-caption=\"\" data-large-file=\"https:\/\/paulinenaue.info\/wp-content\/uploads\/2024\/02\/2024-02-11-Im-Bahnhof-10.jpeg\" class=\"lazyload wp-image-416043 size-fusion-600\" src=\"https:\/\/paulinenaue.info\/wp-content\/uploads\/2024\/02\/2024-02-11-Im-Bahnhof-10-600x400.jpeg\" data-orig-src=\"https:\/\/paulinenaue.info\/wp-content\/uploads\/2024\/02\/2024-02-11-Im-Bahnhof-10-600x400.jpeg\" alt=\"\" width=\"600\" height=\"400\" srcset=\"data:image\/svg+xml,%3Csvg%20xmlns%3D%27http%3A%2F%2Fwww.w3.org%2F2000%2Fsvg%27%20width%3D%27600%27%20height%3D%27400%27%20viewBox%3D%270%200%20600%20400%27%3E%3Crect%20width%3D%27600%27%20height%3D%27400%27%20fill-opacity%3D%220%22%2F%3E%3C%2Fsvg%3E\" data-srcset=\"https:\/\/paulinenaue.info\/wp-content\/uploads\/2024\/02\/2024-02-11-Im-Bahnhof-10-200x133.jpeg 200w, https:\/\/paulinenaue.info\/wp-content\/uploads\/2024\/02\/2024-02-11-Im-Bahnhof-10-300x200.jpeg 300w, https:\/\/paulinenaue.info\/wp-content\/uploads\/2024\/02\/2024-02-11-Im-Bahnhof-10-400x267.jpeg 400w, https:\/\/paulinenaue.info\/wp-content\/uploads\/2024\/02\/2024-02-11-Im-Bahnhof-10-600x400.jpeg 600w, https:\/\/paulinenaue.info\/wp-content\/uploads\/2024\/02\/2024-02-11-Im-Bahnhof-10-768x512.jpeg 768w, https:\/\/paulinenaue.info\/wp-content\/uploads\/2024\/02\/2024-02-11-Im-Bahnhof-10-800x534.jpeg 800w, https:\/\/paulinenaue.info\/wp-content\/uploads\/2024\/02\/2024-02-11-Im-Bahnhof-10.jpeg 1000w\" data-sizes=\"auto\" data-orig-sizes=\"(max-width: 600px) 100vw, 600px\" \/><\/a><p id=\"caption-attachment-416043\" class=\"wp-caption-text\"><em>Blick auf den Bahnhofsvorplatz. Foto: J. Scholz, 2024.<\/em><\/p><\/div><\/p>\n<\/div><\/div><\/div><\/div><\/div>\n","protected":false},"excerpt":{"rendered":"","protected":false},"author":1,"featured_media":416037,"comment_status":"open","ping_status":"open","sticky":false,"template":"","format":"standard","meta":{"_acf_changed":false,"_price":"","_stock":"","_tribe_ticket_header":"","_tribe_default_ticket_provider":"","_tribe_ticket_capacity":"0","_ticket_start_date":"","_ticket_end_date":"","_tribe_ticket_show_description":"","_tribe_ticket_show_not_going":false,"_tribe_ticket_use_global_stock":"","_tribe_ticket_global_stock_level":"","_global_stock_mode":"","_global_stock_cap":"","_tribe_rsvp_for_event":"","_tribe_ticket_going_count":"","_tribe_ticket_not_going_count":"","_tribe_tickets_list":"[]","_tribe_ticket_has_attendee_info_fields":false,"jetpack_post_was_ever_published":false,"_jetpack_newsletter_access":"","_jetpack_dont_email_post_to_subs":false,"_jetpack_newsletter_tier_id":0,"_jetpack_memberships_contains_paywalled_content":false,"_jetpack_memberships_contains_paid_content":false,"footnotes":"","jetpack_publicize_message":"","jetpack_publicize_feature_enabled":true,"jetpack_social_post_already_shared":true,"jetpack_social_options":{"image_generator_settings":{"template":"highway","default_image_id":0,"font":"","enabled":false},"version":2}},"categories":[1,280,40,519,526,10],"tags":[270],"class_list":["post-416036","post","type-post","status-publish","format-standard","has-post-thumbnail","hentry","category-allgemein","category-bahnhof","category-dorfentwicklung","category-ehrenamt","category-ortsgeschichte","category-vereine","tag-bahnhof-paulinenaue"],"acf":[],"yoast_head":"<!-- This site is optimized with the Yoast SEO plugin v27.5 - https:\/\/yoast.com\/product\/yoast-seo-wordpress\/ -->\n<title>Spaziergang durch den Paulinenauer Bahnhof - Paulinenaue<\/title>\n<meta name=\"description\" content=\"Unser Bahnhof bei einem Rundgang im Februar. Bilanz: Dem bedeutendsten Geb\u00e4ude von Paulinenaue muss bald eine Perspektive gegeben werden.\" \/>\n<meta name=\"robots\" content=\"index, follow, max-snippet:-1, max-image-preview:large, max-video-preview:-1\" \/>\n<link rel=\"canonical\" href=\"https:\/\/paulinenaue.info\/index.php\/spaziergang-durch-den-paulinenauer-bahnhof-im-februar-2024\/\" \/>\n<meta property=\"og:locale\" content=\"de_DE\" \/>\n<meta property=\"og:type\" content=\"article\" \/>\n<meta property=\"og:title\" content=\"Spaziergang durch den Paulinenauer Bahnhof - Paulinenaue\" \/>\n<meta property=\"og:description\" content=\"Unser Bahnhof bei einem Rundgang im Februar. Bilanz: Dem bedeutendsten Geb\u00e4ude von Paulinenaue muss bald eine Perspektive gegeben werden.\" \/>\n<meta property=\"og:url\" content=\"https:\/\/paulinenaue.info\/index.php\/spaziergang-durch-den-paulinenauer-bahnhof-im-februar-2024\/\" \/>\n<meta property=\"og:site_name\" content=\"Paulinenaue\" \/>\n<meta property=\"article:published_time\" content=\"2024-02-23T23:56:38+00:00\" \/>\n<meta property=\"article:modified_time\" content=\"2025-01-12T00:24:30+00:00\" \/>\n<meta property=\"og:image\" content=\"https:\/\/paulinenaue.info\/wp-content\/uploads\/2024\/02\/2024-02-11-Im-Bahnhof-01.jpeg\" \/>\n\t<meta property=\"og:image:width\" content=\"1000\" \/>\n\t<meta property=\"og:image:height\" content=\"667\" \/>\n\t<meta property=\"og:image:type\" content=\"image\/jpeg\" \/>\n<meta name=\"author\" content=\"Joachim Scholz\" \/>\n<meta name=\"twitter:card\" content=\"summary_large_image\" \/>\n<meta name=\"twitter:label1\" content=\"Verfasst von\" \/>\n\t<meta name=\"twitter:data1\" content=\"Joachim Scholz\" \/>\n\t<meta name=\"twitter:label2\" content=\"Gesch\u00e4tzte Lesezeit\" \/>\n\t<meta name=\"twitter:data2\" content=\"5\u00a0Minuten\" \/>\n<script type=\"application\/ld+json\" class=\"yoast-schema-graph\">{\"@context\":\"https:\\\/\\\/schema.org\",\"@graph\":[{\"@type\":\"Article\",\"@id\":\"https:\\\/\\\/paulinenaue.info\\\/index.php\\\/spaziergang-durch-den-paulinenauer-bahnhof-im-februar-2024\\\/#article\",\"isPartOf\":{\"@id\":\"https:\\\/\\\/paulinenaue.info\\\/index.php\\\/spaziergang-durch-den-paulinenauer-bahnhof-im-februar-2024\\\/\"},\"author\":{\"name\":\"Joachim Scholz\",\"@id\":\"https:\\\/\\\/paulinenaue.info\\\/#\\\/schema\\\/person\\\/3f9e818fd7b69b0d2bd937ac506897cc\"},\"headline\":\"Spaziergang durch den Paulinenauer Bahnhof\",\"datePublished\":\"2024-02-23T23:56:38+00:00\",\"dateModified\":\"2025-01-12T00:24:30+00:00\",\"mainEntityOfPage\":{\"@id\":\"https:\\\/\\\/paulinenaue.info\\\/index.php\\\/spaziergang-durch-den-paulinenauer-bahnhof-im-februar-2024\\\/\"},\"wordCount\":659,\"commentCount\":0,\"image\":{\"@id\":\"https:\\\/\\\/paulinenaue.info\\\/index.php\\\/spaziergang-durch-den-paulinenauer-bahnhof-im-februar-2024\\\/#primaryimage\"},\"thumbnailUrl\":\"https:\\\/\\\/paulinenaue.info\\\/wp-content\\\/uploads\\\/2024\\\/02\\\/2024-02-11-Im-Bahnhof-01.jpeg\",\"keywords\":[\"Bahnhof Paulinenaue\"],\"articleSection\":{\"1\":\"Bahnhof\",\"2\":\"Dorfentwicklung\",\"3\":\"Ehrenamt\",\"4\":\"Ortsgeschichte\",\"5\":\"Vereine\"},\"inLanguage\":\"de\",\"potentialAction\":[{\"@type\":\"CommentAction\",\"name\":\"Comment\",\"target\":[\"https:\\\/\\\/paulinenaue.info\\\/index.php\\\/spaziergang-durch-den-paulinenauer-bahnhof-im-februar-2024\\\/#respond\"]}]},{\"@type\":\"WebPage\",\"@id\":\"https:\\\/\\\/paulinenaue.info\\\/index.php\\\/spaziergang-durch-den-paulinenauer-bahnhof-im-februar-2024\\\/\",\"url\":\"https:\\\/\\\/paulinenaue.info\\\/index.php\\\/spaziergang-durch-den-paulinenauer-bahnhof-im-februar-2024\\\/\",\"name\":\"Spaziergang durch den Paulinenauer Bahnhof - Paulinenaue\",\"isPartOf\":{\"@id\":\"https:\\\/\\\/paulinenaue.info\\\/#website\"},\"primaryImageOfPage\":{\"@id\":\"https:\\\/\\\/paulinenaue.info\\\/index.php\\\/spaziergang-durch-den-paulinenauer-bahnhof-im-februar-2024\\\/#primaryimage\"},\"image\":{\"@id\":\"https:\\\/\\\/paulinenaue.info\\\/index.php\\\/spaziergang-durch-den-paulinenauer-bahnhof-im-februar-2024\\\/#primaryimage\"},\"thumbnailUrl\":\"https:\\\/\\\/paulinenaue.info\\\/wp-content\\\/uploads\\\/2024\\\/02\\\/2024-02-11-Im-Bahnhof-01.jpeg\",\"datePublished\":\"2024-02-23T23:56:38+00:00\",\"dateModified\":\"2025-01-12T00:24:30+00:00\",\"author\":{\"@id\":\"https:\\\/\\\/paulinenaue.info\\\/#\\\/schema\\\/person\\\/3f9e818fd7b69b0d2bd937ac506897cc\"},\"description\":\"Unser Bahnhof bei einem Rundgang im Februar. Bilanz: Dem bedeutendsten Geb\u00e4ude von Paulinenaue muss bald eine Perspektive gegeben werden.\",\"breadcrumb\":{\"@id\":\"https:\\\/\\\/paulinenaue.info\\\/index.php\\\/spaziergang-durch-den-paulinenauer-bahnhof-im-februar-2024\\\/#breadcrumb\"},\"inLanguage\":\"de\",\"potentialAction\":[{\"@type\":\"ReadAction\",\"target\":[\"https:\\\/\\\/paulinenaue.info\\\/index.php\\\/spaziergang-durch-den-paulinenauer-bahnhof-im-februar-2024\\\/\"]}]},{\"@type\":\"ImageObject\",\"inLanguage\":\"de\",\"@id\":\"https:\\\/\\\/paulinenaue.info\\\/index.php\\\/spaziergang-durch-den-paulinenauer-bahnhof-im-februar-2024\\\/#primaryimage\",\"url\":\"https:\\\/\\\/paulinenaue.info\\\/wp-content\\\/uploads\\\/2024\\\/02\\\/2024-02-11-Im-Bahnhof-01.jpeg\",\"contentUrl\":\"https:\\\/\\\/paulinenaue.info\\\/wp-content\\\/uploads\\\/2024\\\/02\\\/2024-02-11-Im-Bahnhof-01.jpeg\",\"width\":1000,\"height\":667},{\"@type\":\"BreadcrumbList\",\"@id\":\"https:\\\/\\\/paulinenaue.info\\\/index.php\\\/spaziergang-durch-den-paulinenauer-bahnhof-im-februar-2024\\\/#breadcrumb\",\"itemListElement\":[{\"@type\":\"ListItem\",\"position\":1,\"name\":\"Home\",\"item\":\"https:\\\/\\\/paulinenaue.info\\\/\"},{\"@type\":\"ListItem\",\"position\":2,\"name\":\"Spaziergang durch den Paulinenauer Bahnhof\"}]},{\"@type\":\"WebSite\",\"@id\":\"https:\\\/\\\/paulinenaue.info\\\/#website\",\"url\":\"https:\\\/\\\/paulinenaue.info\\\/\",\"name\":\"Paulinenaue\",\"description\":\"Ein Dorf im Havelland\",\"potentialAction\":[{\"@type\":\"SearchAction\",\"target\":{\"@type\":\"EntryPoint\",\"urlTemplate\":\"https:\\\/\\\/paulinenaue.info\\\/?s={search_term_string}\"},\"query-input\":{\"@type\":\"PropertyValueSpecification\",\"valueRequired\":true,\"valueName\":\"search_term_string\"}}],\"inLanguage\":\"de\"},{\"@type\":\"Person\",\"@id\":\"https:\\\/\\\/paulinenaue.info\\\/#\\\/schema\\\/person\\\/3f9e818fd7b69b0d2bd937ac506897cc\",\"name\":\"Joachim Scholz\",\"url\":\"https:\\\/\\\/paulinenaue.info\\\/index.php\\\/author\\\/jjscholz\\\/\"}]}<\/script>\n<!-- \/ Yoast SEO plugin. -->","yoast_head_json":{"title":"Spaziergang durch den Paulinenauer Bahnhof - Paulinenaue","description":"Unser Bahnhof bei einem Rundgang im Februar. Bilanz: Dem bedeutendsten Geb\u00e4ude von Paulinenaue muss bald eine Perspektive gegeben werden.","robots":{"index":"index","follow":"follow","max-snippet":"max-snippet:-1","max-image-preview":"max-image-preview:large","max-video-preview":"max-video-preview:-1"},"canonical":"https:\/\/paulinenaue.info\/index.php\/spaziergang-durch-den-paulinenauer-bahnhof-im-februar-2024\/","og_locale":"de_DE","og_type":"article","og_title":"Spaziergang durch den Paulinenauer Bahnhof - Paulinenaue","og_description":"Unser Bahnhof bei einem Rundgang im Februar. Bilanz: Dem bedeutendsten Geb\u00e4ude von Paulinenaue muss bald eine Perspektive gegeben werden.","og_url":"https:\/\/paulinenaue.info\/index.php\/spaziergang-durch-den-paulinenauer-bahnhof-im-februar-2024\/","og_site_name":"Paulinenaue","article_published_time":"2024-02-23T23:56:38+00:00","article_modified_time":"2025-01-12T00:24:30+00:00","og_image":[{"width":1000,"height":667,"url":"https:\/\/paulinenaue.info\/wp-content\/uploads\/2024\/02\/2024-02-11-Im-Bahnhof-01.jpeg","type":"image\/jpeg"}],"author":"Joachim Scholz","twitter_card":"summary_large_image","twitter_misc":{"Verfasst von":"Joachim Scholz","Gesch\u00e4tzte Lesezeit":"5\u00a0Minuten"},"schema":{"@context":"https:\/\/schema.org","@graph":[{"@type":"Article","@id":"https:\/\/paulinenaue.info\/index.php\/spaziergang-durch-den-paulinenauer-bahnhof-im-februar-2024\/#article","isPartOf":{"@id":"https:\/\/paulinenaue.info\/index.php\/spaziergang-durch-den-paulinenauer-bahnhof-im-februar-2024\/"},"author":{"name":"Joachim Scholz","@id":"https:\/\/paulinenaue.info\/#\/schema\/person\/3f9e818fd7b69b0d2bd937ac506897cc"},"headline":"Spaziergang durch den Paulinenauer Bahnhof","datePublished":"2024-02-23T23:56:38+00:00","dateModified":"2025-01-12T00:24:30+00:00","mainEntityOfPage":{"@id":"https:\/\/paulinenaue.info\/index.php\/spaziergang-durch-den-paulinenauer-bahnhof-im-februar-2024\/"},"wordCount":659,"commentCount":0,"image":{"@id":"https:\/\/paulinenaue.info\/index.php\/spaziergang-durch-den-paulinenauer-bahnhof-im-februar-2024\/#primaryimage"},"thumbnailUrl":"https:\/\/paulinenaue.info\/wp-content\/uploads\/2024\/02\/2024-02-11-Im-Bahnhof-01.jpeg","keywords":["Bahnhof Paulinenaue"],"articleSection":{"1":"Bahnhof","2":"Dorfentwicklung","3":"Ehrenamt","4":"Ortsgeschichte","5":"Vereine"},"inLanguage":"de","potentialAction":[{"@type":"CommentAction","name":"Comment","target":["https:\/\/paulinenaue.info\/index.php\/spaziergang-durch-den-paulinenauer-bahnhof-im-februar-2024\/#respond"]}]},{"@type":"WebPage","@id":"https:\/\/paulinenaue.info\/index.php\/spaziergang-durch-den-paulinenauer-bahnhof-im-februar-2024\/","url":"https:\/\/paulinenaue.info\/index.php\/spaziergang-durch-den-paulinenauer-bahnhof-im-februar-2024\/","name":"Spaziergang durch den Paulinenauer Bahnhof - Paulinenaue","isPartOf":{"@id":"https:\/\/paulinenaue.info\/#website"},"primaryImageOfPage":{"@id":"https:\/\/paulinenaue.info\/index.php\/spaziergang-durch-den-paulinenauer-bahnhof-im-februar-2024\/#primaryimage"},"image":{"@id":"https:\/\/paulinenaue.info\/index.php\/spaziergang-durch-den-paulinenauer-bahnhof-im-februar-2024\/#primaryimage"},"thumbnailUrl":"https:\/\/paulinenaue.info\/wp-content\/uploads\/2024\/02\/2024-02-11-Im-Bahnhof-01.jpeg","datePublished":"2024-02-23T23:56:38+00:00","dateModified":"2025-01-12T00:24:30+00:00","author":{"@id":"https:\/\/paulinenaue.info\/#\/schema\/person\/3f9e818fd7b69b0d2bd937ac506897cc"},"description":"Unser Bahnhof bei einem Rundgang im Februar. Bilanz: Dem bedeutendsten Geb\u00e4ude von Paulinenaue muss bald eine Perspektive gegeben werden.","breadcrumb":{"@id":"https:\/\/paulinenaue.info\/index.php\/spaziergang-durch-den-paulinenauer-bahnhof-im-februar-2024\/#breadcrumb"},"inLanguage":"de","potentialAction":[{"@type":"ReadAction","target":["https:\/\/paulinenaue.info\/index.php\/spaziergang-durch-den-paulinenauer-bahnhof-im-februar-2024\/"]}]},{"@type":"ImageObject","inLanguage":"de","@id":"https:\/\/paulinenaue.info\/index.php\/spaziergang-durch-den-paulinenauer-bahnhof-im-februar-2024\/#primaryimage","url":"https:\/\/paulinenaue.info\/wp-content\/uploads\/2024\/02\/2024-02-11-Im-Bahnhof-01.jpeg","contentUrl":"https:\/\/paulinenaue.info\/wp-content\/uploads\/2024\/02\/2024-02-11-Im-Bahnhof-01.jpeg","width":1000,"height":667},{"@type":"BreadcrumbList","@id":"https:\/\/paulinenaue.info\/index.php\/spaziergang-durch-den-paulinenauer-bahnhof-im-februar-2024\/#breadcrumb","itemListElement":[{"@type":"ListItem","position":1,"name":"Home","item":"https:\/\/paulinenaue.info\/"},{"@type":"ListItem","position":2,"name":"Spaziergang durch den Paulinenauer Bahnhof"}]},{"@type":"WebSite","@id":"https:\/\/paulinenaue.info\/#website","url":"https:\/\/paulinenaue.info\/","name":"Paulinenaue","description":"Ein Dorf im Havelland","potentialAction":[{"@type":"SearchAction","target":{"@type":"EntryPoint","urlTemplate":"https:\/\/paulinenaue.info\/?s={search_term_string}"},"query-input":{"@type":"PropertyValueSpecification","valueRequired":true,"valueName":"search_term_string"}}],"inLanguage":"de"},{"@type":"Person","@id":"https:\/\/paulinenaue.info\/#\/schema\/person\/3f9e818fd7b69b0d2bd937ac506897cc","name":"Joachim Scholz","url":"https:\/\/paulinenaue.info\/index.php\/author\/jjscholz\/"}]}},"jetpack_publicize_connections":[],"jetpack_featured_media_url":"https:\/\/paulinenaue.info\/wp-content\/uploads\/2024\/02\/2024-02-11-Im-Bahnhof-01.jpeg","jetpack_sharing_enabled":true,"jetpack_shortlink":"https:\/\/wp.me\/pcYhWA-1Keg","jetpack-related-posts":[{"id":143058,"url":"https:\/\/paulinenaue.info\/index.php\/erfolgreicher-dorfputz\/","url_meta":{"origin":416036,"position":0},"title":"Erfolgreicher Dorfputz","author":"Sarah","date":"26. April 2022","format":false,"excerpt":"","rel":"","context":"In &quot;Gemeinde Paulinenaue&quot;","block_context":{"text":"Gemeinde Paulinenaue","link":"https:\/\/paulinenaue.info\/index.php\/category\/gemeinde-paulinenaue\/"},"img":{"alt_text":"","src":"https:\/\/i0.wp.com\/paulinenaue.info\/wp-content\/uploads\/2022\/04\/IMG-20220409-WA0000.jpg?resize=350%2C200&ssl=1","width":350,"height":200,"srcset":"https:\/\/i0.wp.com\/paulinenaue.info\/wp-content\/uploads\/2022\/04\/IMG-20220409-WA0000.jpg?resize=350%2C200&ssl=1 1x, https:\/\/i0.wp.com\/paulinenaue.info\/wp-content\/uploads\/2022\/04\/IMG-20220409-WA0000.jpg?resize=525%2C300&ssl=1 1.5x, https:\/\/i0.wp.com\/paulinenaue.info\/wp-content\/uploads\/2022\/04\/IMG-20220409-WA0000.jpg?resize=700%2C400&ssl=1 2x"},"classes":[]},{"id":418400,"url":"https:\/\/paulinenaue.info\/index.php\/buecherschrank-am-bahnhof\/","url_meta":{"origin":416036,"position":1},"title":"Wieder B\u00fccher vor dem Bahnhof","author":"Joachim Scholz","date":"6. Oktober 2025","format":false,"excerpt":"Irgendwann war es verschwunden. Wind, Regen und Sonne hatten die H\u00fclle zerst\u00f6rt. Manch einer wusste gar nicht, dass es so etwas in Paulinenaue gibt. Andere wiederum fragten immer wieder mal nach dem B\u00fccherregal am Bahnhof. Nun steht es also wieder, etwas weiter links neben dem Snackautomaten direkt vor dem Bahnhof.\u2026","rel":"","context":"In &quot;Bahnhof&quot;","block_context":{"text":"Bahnhof","link":"https:\/\/paulinenaue.info\/index.php\/category\/bahnhof\/"},"img":{"alt_text":"","src":"https:\/\/i0.wp.com\/paulinenaue.info\/wp-content\/uploads\/2025\/10\/2025-10-05-Buecherschrank-03.jpeg?resize=350%2C200&ssl=1","width":350,"height":200,"srcset":"https:\/\/i0.wp.com\/paulinenaue.info\/wp-content\/uploads\/2025\/10\/2025-10-05-Buecherschrank-03.jpeg?resize=350%2C200&ssl=1 1x, https:\/\/i0.wp.com\/paulinenaue.info\/wp-content\/uploads\/2025\/10\/2025-10-05-Buecherschrank-03.jpeg?resize=525%2C300&ssl=1 1.5x, https:\/\/i0.wp.com\/paulinenaue.info\/wp-content\/uploads\/2025\/10\/2025-10-05-Buecherschrank-03.jpeg?resize=700%2C400&ssl=1 2x"},"classes":[]},{"id":135,"url":"https:\/\/paulinenaue.info\/index.php\/tag-des-offenen-denkmals-ausstellung-fuehrungen-und-rikscha-fahrten-im-und-um-den-paulinenauer-bahnhof\/","url_meta":{"origin":416036,"position":2},"title":"Tag des offenen Denkmals \u2013 Ausstellung, F\u00fchrungen und Rikscha-Fahrten im und um den Paulinenauer Bahnhof","author":"Joachim Scholz","date":"9. September 2012","format":false,"excerpt":"Zum Tag des offenen Denkmals \u00f6ffnete der Kulturverein in Zusammenarbeit mit freiwilligen Helfern zum zweiten Mal das Bahnhofsgeb\u00e4ude. Ca. 150 Besucher, die in mehreren F\u00fchrungen das Geb\u00e4ude erkundeten, machten den Tag des offenen Denkmals zu einem besonderen Tag f\u00fcr Paulinenaue. Das aufw\u00e4ndige Rahmenprogramm \u00fcbertraf das Angebot vor drei Jahren und\u2026","rel":"","context":"In &quot;Bahnhof&quot;","block_context":{"text":"Bahnhof","link":"https:\/\/paulinenaue.info\/index.php\/category\/bahnhof\/"},"img":{"alt_text":"","src":"https:\/\/i0.wp.com\/paulinenaue.info\/wp-content\/uploads\/2016\/03\/20120909_tdod_08_es.jpg?resize=350%2C200&ssl=1","width":350,"height":200},"classes":[]},{"id":1081,"url":"https:\/\/paulinenaue.info\/index.php\/die-klassizistischen-bahnhoefe-der-berlin-hamburger-eisenbahn\/","url_meta":{"origin":416036,"position":3},"title":"Die klassizistischen Bahnh\u00f6fe der Berlin-Hamburger Eisenbahn","author":"Sarah","date":"21. Juni 2017","format":false,"excerpt":"21.04.2005 Eine Fotoreise von Paulinenaue nach Wittenberge Von Joachim Scholz Die \u00dcberlieferung des Eisenbahnbaus der Strecke Berlin-Hamburg aus den 40er Jahren des 19. Jahrhunderts weist meist technische Details und Eigentumsfragen aus, doch zeigt sich am Rande immer wieder auch, wie einschneidend die Bahn mit einem Schlag das Leben der Menschen\u2026","rel":"","context":"In &quot;Allgemein&quot;","block_context":{"text":"Allgemein","link":"https:\/\/paulinenaue.info\/index.php\/category\/allgemein\/"},"img":{"alt_text":"Friedrich Neuhaus (1797-1876) war Architekt der meisten Hochbauten der Berlin-Hamburger Eisenbahn. Auch der Ursprungsbau des Paulinenauer Bahnhofs wurde von ihm entworfen. ","src":"https:\/\/i0.wp.com\/paulinenaue.info\/wp-content\/uploads\/2017\/06\/1857_kl_neuhaus_friedrich.jpg?resize=350%2C200","width":350,"height":200},"classes":[]},{"id":127,"url":"https:\/\/paulinenaue.info\/index.php\/bahnhof-gasthaus-fleischerei-das-oeffentliche-leben-ist-in-paulinenaue-auf-dem-rueckzug\/","url_meta":{"origin":416036,"position":4},"title":"Bahnhof, Gasthaus, Fleischerei \u2013 Das \u00f6ffentliche Leben ist in Paulinenaue auf dem R\u00fcckzug","author":"Joachim Scholz","date":"26. Dezember 2012","format":false,"excerpt":"26.12.2012. Auf ihrer Sitzung am 5. November 2012 hat die Gemeindevertretung Paulinenaue das Amt Friesack mit der Ver\u00e4u\u00dferung des Bahnhofsgeb\u00e4udes an einen Privatinvestor beauftragt, denn seit sie den Bahnhof vor f\u00fcnf Jahren im Zuge der Neugestaltung der Parkpl\u00e4tze \u00fcbernehmen musste, war es nicht gelungen, eine tragf\u00e4hige Perspektive f\u00fcr das denkmalgesch\u00fctzte\u2026","rel":"","context":"In &quot;Bahnhof&quot;","block_context":{"text":"Bahnhof","link":"https:\/\/paulinenaue.info\/index.php\/category\/bahnhof\/"},"img":{"alt_text":"","src":"https:\/\/i0.wp.com\/paulinenaue.info\/wp-content\/uploads\/2016\/03\/20101225_bahnhof.jpg?resize=350%2C200&ssl=1","width":350,"height":200},"classes":[]},{"id":1400,"url":"https:\/\/paulinenaue.info\/index.php\/160-jahre-paulinenauer-bahnhofsgebaeude-2007\/","url_meta":{"origin":416036,"position":5},"title":"160 Jahre Paulinenauer Bahnhofsgeb\u00e4ude 2007","author":"Sarah","date":"13. September 2017","format":false,"excerpt":"17.02.2008 Zukunft f\u00fcr das Bahnhofsgeb\u00e4ude Joachim Scholz Paulinenaue besitzt neben dem Herrenhaus nur ein kulturbedeutsames Geb\u00e4ude: seinen klassizistischen Bahnhof. Er hat das Aufbl\u00fchen des Dorfes im 19. Jahrhundert gew\u00e4hrleistet, ihm verdankt Paulinenaue, dass es sich \u00fcberhaupt von seinen einstigen Schwestern Bienenfarm und Lindholzfarm unterscheidet. Ein Teil des Bahnhofs bildet heute\u2026","rel":"","context":"In &quot;Allgemein&quot;","block_context":{"text":"Allgemein","link":"https:\/\/paulinenaue.info\/index.php\/category\/allgemein\/"},"img":{"alt_text":"","src":"https:\/\/i0.wp.com\/paulinenaue.info\/wp-content\/uploads\/2017\/09\/Bhf-Paulinenaue-Ansicht-von-der-Perronseite.jpg?resize=350%2C200&ssl=1","width":350,"height":200,"srcset":"https:\/\/i0.wp.com\/paulinenaue.info\/wp-content\/uploads\/2017\/09\/Bhf-Paulinenaue-Ansicht-von-der-Perronseite.jpg?resize=350%2C200&ssl=1 1x, https:\/\/i0.wp.com\/paulinenaue.info\/wp-content\/uploads\/2017\/09\/Bhf-Paulinenaue-Ansicht-von-der-Perronseite.jpg?resize=525%2C300&ssl=1 1.5x, https:\/\/i0.wp.com\/paulinenaue.info\/wp-content\/uploads\/2017\/09\/Bhf-Paulinenaue-Ansicht-von-der-Perronseite.jpg?resize=700%2C400&ssl=1 2x"},"classes":[]}],"_links":{"self":[{"href":"https:\/\/paulinenaue.info\/index.php\/wp-json\/wp\/v2\/posts\/416036","targetHints":{"allow":["GET"]}}],"collection":[{"href":"https:\/\/paulinenaue.info\/index.php\/wp-json\/wp\/v2\/posts"}],"about":[{"href":"https:\/\/paulinenaue.info\/index.php\/wp-json\/wp\/v2\/types\/post"}],"author":[{"embeddable":true,"href":"https:\/\/paulinenaue.info\/index.php\/wp-json\/wp\/v2\/users\/1"}],"replies":[{"embeddable":true,"href":"https:\/\/paulinenaue.info\/index.php\/wp-json\/wp\/v2\/comments?post=416036"}],"version-history":[{"count":30,"href":"https:\/\/paulinenaue.info\/index.php\/wp-json\/wp\/v2\/posts\/416036\/revisions"}],"predecessor-version":[{"id":417257,"href":"https:\/\/paulinenaue.info\/index.php\/wp-json\/wp\/v2\/posts\/416036\/revisions\/417257"}],"wp:featuredmedia":[{"embeddable":true,"href":"https:\/\/paulinenaue.info\/index.php\/wp-json\/wp\/v2\/media\/416037"}],"wp:attachment":[{"href":"https:\/\/paulinenaue.info\/index.php\/wp-json\/wp\/v2\/media?parent=416036"}],"wp:term":[{"taxonomy":"category","embeddable":true,"href":"https:\/\/paulinenaue.info\/index.php\/wp-json\/wp\/v2\/categories?post=416036"},{"taxonomy":"post_tag","embeddable":true,"href":"https:\/\/paulinenaue.info\/index.php\/wp-json\/wp\/v2\/tags?post=416036"}],"curies":[{"name":"wp","href":"https:\/\/api.w.org\/{rel}","templated":true}]}}