{"id":416143,"date":"2024-04-01T00:55:55","date_gmt":"2024-03-31T22:55:55","guid":{"rendered":"https:\/\/paulinenaue.info\/?p=416143"},"modified":"2024-04-01T01:07:22","modified_gmt":"2024-03-31T23:07:22","slug":"ostern-2024-in-paulinenaue","status":"publish","type":"post","link":"https:\/\/paulinenaue.info\/index.php\/ostern-2024-in-paulinenaue\/","title":{"rendered":"Das war Ostern 2024"},"content":{"rendered":"<p>Der Storch, der sich in diesem Jahr am 26. M\u00e4rz in Paulinenaue einstellte, hatte den Fr\u00fchling bereits angek\u00fcndigt. Nun kam das Osterfest. Neben seiner religi\u00f6sen Bedeutung ist es immer auch Auftakt zum Fr\u00fchlingserleben, besonders, wenn wie diesmal das Wetter ordentlich dazu beitrug. Mit etwas Mut zum Kitsch k\u00f6nnte man direkt von einem Bilderbuch-Ostern sprechen! Saharasand lag in der Luft und f\u00e4rbte das Licht der Sonne mild, die noch ungewohnte W\u00e4rme lockte zu Spazierg\u00e4ngen. Wohin es ging, war klar: Zum Gottesdienst nach Pessin um 10.00 Uhr und dann am Nachmittag nat\u00fcrlich auf die Eierberge zum Eiertrudeln. Man traf hier auf Menschen, die man l\u00e4ngere Zeit schon nicht gesehen hatte und lie\u00df mit ihnen bei kleinen sportlichen Einlagen Erlebtes Revue passieren. Ein paar Bilder zur bleibenden Erinnerung.<\/p>\n<p>&nbsp;<\/p>\n<div id=\"attachment_416153\" style=\"width: 810px\" class=\"wp-caption alignnone\"><a href=\"https:\/\/paulinenaue.info\/wp-content\/uploads\/2024\/04\/2024-03-31-Osterstrauss-erblueht.jpeg\"><img decoding=\"async\" aria-describedby=\"caption-attachment-416153\" data-attachment-id=\"416153\" data-permalink=\"https:\/\/paulinenaue.info\/index.php\/ostern-2024-in-paulinenaue\/2024-03-31-osterstrauss-erblueht\/\" data-orig-file=\"https:\/\/paulinenaue.info\/wp-content\/uploads\/2024\/04\/2024-03-31-Osterstrauss-erblueht.jpeg\" data-orig-size=\"1000,667\" data-comments-opened=\"1\" data-image-meta=\"{&quot;aperture&quot;:&quot;3.5&quot;,&quot;credit&quot;:&quot;&quot;,&quot;camera&quot;:&quot;DSC-RX10M3&quot;,&quot;caption&quot;:&quot;&quot;,&quot;created_timestamp&quot;:&quot;1711894376&quot;,&quot;copyright&quot;:&quot;&quot;,&quot;focal_length&quot;:&quot;13.31&quot;,&quot;iso&quot;:&quot;100&quot;,&quot;shutter_speed&quot;:&quot;0.004&quot;,&quot;title&quot;:&quot;&quot;,&quot;orientation&quot;:&quot;0&quot;}\" data-image-title=\"2024-03-31, Osterstrau\u00df erblu\u0308ht\" data-image-description=\"\" data-image-caption=\"\" data-large-file=\"https:\/\/paulinenaue.info\/wp-content\/uploads\/2024\/04\/2024-03-31-Osterstrauss-erblueht.jpeg\" class=\"lazyload wp-image-416153 size-fusion-800\" src=\"https:\/\/paulinenaue.info\/wp-content\/uploads\/2024\/04\/2024-03-31-Osterstrauss-erblueht-800x534.jpeg\" data-orig-src=\"https:\/\/paulinenaue.info\/wp-content\/uploads\/2024\/04\/2024-03-31-Osterstrauss-erblueht-800x534.jpeg\" alt=\"\" width=\"800\" height=\"534\" srcset=\"data:image\/svg+xml,%3Csvg%20xmlns%3D%27http%3A%2F%2Fwww.w3.org%2F2000%2Fsvg%27%20width%3D%27800%27%20height%3D%27534%27%20viewBox%3D%270%200%20800%20534%27%3E%3Crect%20width%3D%27800%27%20height%3D%27534%27%20fill-opacity%3D%220%22%2F%3E%3C%2Fsvg%3E\" data-srcset=\"https:\/\/paulinenaue.info\/wp-content\/uploads\/2024\/04\/2024-03-31-Osterstrauss-erblueht-200x133.jpeg 200w, https:\/\/paulinenaue.info\/wp-content\/uploads\/2024\/04\/2024-03-31-Osterstrauss-erblueht-300x200.jpeg 300w, https:\/\/paulinenaue.info\/wp-content\/uploads\/2024\/04\/2024-03-31-Osterstrauss-erblueht-400x267.jpeg 400w, https:\/\/paulinenaue.info\/wp-content\/uploads\/2024\/04\/2024-03-31-Osterstrauss-erblueht-600x400.jpeg 600w, https:\/\/paulinenaue.info\/wp-content\/uploads\/2024\/04\/2024-03-31-Osterstrauss-erblueht-768x512.jpeg 768w, https:\/\/paulinenaue.info\/wp-content\/uploads\/2024\/04\/2024-03-31-Osterstrauss-erblueht-800x534.jpeg 800w, https:\/\/paulinenaue.info\/wp-content\/uploads\/2024\/04\/2024-03-31-Osterstrauss-erblueht.jpeg 1000w\" data-sizes=\"auto\" data-orig-sizes=\"(max-width: 800px) 100vw, 800px\" \/><\/a><p id=\"caption-attachment-416153\" class=\"wp-caption-text\"><em>Der Osterstrau\u00df des Jahres bei Familie Henning war bereits <a href=\"https:\/\/paulinenaue.info\/index.php\/der-osterstrauss-des-jahres-2024\/\">in der vergangenen Woche gek\u00fcrt worden<\/a>. Nun ist die Magnolie erbl\u00fcht und vollendet seine Pracht. Foto: J. Scholz, 2024<\/em><\/p><\/div>\n<p>&nbsp;<\/p>\n<div id=\"attachment_416148\" style=\"width: 810px\" class=\"wp-caption alignnone\"><a href=\"https:\/\/paulinenaue.info\/wp-content\/uploads\/2024\/04\/2023-03-30-Osterfeuer-02-ES.jpeg\"><img decoding=\"async\" aria-describedby=\"caption-attachment-416148\" data-attachment-id=\"416148\" data-permalink=\"https:\/\/paulinenaue.info\/index.php\/ostern-2024-in-paulinenaue\/2023-03-30-osterfeuer-02-es\/\" data-orig-file=\"https:\/\/paulinenaue.info\/wp-content\/uploads\/2024\/04\/2023-03-30-Osterfeuer-02-ES.jpeg\" data-orig-size=\"1000,563\" data-comments-opened=\"1\" data-image-meta=\"{&quot;aperture&quot;:&quot;1.78&quot;,&quot;credit&quot;:&quot;&quot;,&quot;camera&quot;:&quot;iPhone 15 Pro Max&quot;,&quot;caption&quot;:&quot;&quot;,&quot;created_timestamp&quot;:&quot;1711825449&quot;,&quot;copyright&quot;:&quot;&quot;,&quot;focal_length&quot;:&quot;6.7649998656528&quot;,&quot;iso&quot;:&quot;1000&quot;,&quot;shutter_speed&quot;:&quot;0.029411764705882&quot;,&quot;title&quot;:&quot;&quot;,&quot;orientation&quot;:&quot;1&quot;}\" data-image-title=\"2023-03-30, Osterfeuer, 02 (ES)\" data-image-description=\"\" data-image-caption=\"\" data-large-file=\"https:\/\/paulinenaue.info\/wp-content\/uploads\/2024\/04\/2023-03-30-Osterfeuer-02-ES.jpeg\" class=\"lazyload wp-image-416148 size-fusion-800\" src=\"https:\/\/paulinenaue.info\/wp-content\/uploads\/2024\/04\/2023-03-30-Osterfeuer-02-ES-800x450.jpeg\" data-orig-src=\"https:\/\/paulinenaue.info\/wp-content\/uploads\/2024\/04\/2023-03-30-Osterfeuer-02-ES-800x450.jpeg\" alt=\"\" width=\"800\" height=\"450\" srcset=\"data:image\/svg+xml,%3Csvg%20xmlns%3D%27http%3A%2F%2Fwww.w3.org%2F2000%2Fsvg%27%20width%3D%27800%27%20height%3D%27450%27%20viewBox%3D%270%200%20800%20450%27%3E%3Crect%20width%3D%27800%27%20height%3D%27450%27%20fill-opacity%3D%220%22%2F%3E%3C%2Fsvg%3E\" data-srcset=\"https:\/\/paulinenaue.info\/wp-content\/uploads\/2024\/04\/2023-03-30-Osterfeuer-02-ES-200x113.jpeg 200w, https:\/\/paulinenaue.info\/wp-content\/uploads\/2024\/04\/2023-03-30-Osterfeuer-02-ES-300x169.jpeg 300w, https:\/\/paulinenaue.info\/wp-content\/uploads\/2024\/04\/2023-03-30-Osterfeuer-02-ES-400x225.jpeg 400w, https:\/\/paulinenaue.info\/wp-content\/uploads\/2024\/04\/2023-03-30-Osterfeuer-02-ES-600x338.jpeg 600w, https:\/\/paulinenaue.info\/wp-content\/uploads\/2024\/04\/2023-03-30-Osterfeuer-02-ES-768x432.jpeg 768w, https:\/\/paulinenaue.info\/wp-content\/uploads\/2024\/04\/2023-03-30-Osterfeuer-02-ES-800x450.jpeg 800w, https:\/\/paulinenaue.info\/wp-content\/uploads\/2024\/04\/2023-03-30-Osterfeuer-02-ES.jpeg 1000w\" data-sizes=\"auto\" data-orig-sizes=\"(max-width: 800px) 100vw, 800px\" \/><\/a><p id=\"caption-attachment-416148\" class=\"wp-caption-text\"><em>Das Osterfeuer am Karsamstag f\u00fchrte sehr viele Paulinenauer auf dem Gro\u00dfen Sportplatz zusammen. Foto: E. Schwarz, 2024.<\/em><\/p><\/div>\n<p>&nbsp;<\/p>\n<div id=\"attachment_416147\" style=\"width: 810px\" class=\"wp-caption alignnone\"><a href=\"https:\/\/paulinenaue.info\/wp-content\/uploads\/2024\/04\/2023-03-30-Osterfeuer-01-ES.jpeg\"><img decoding=\"async\" aria-describedby=\"caption-attachment-416147\" data-attachment-id=\"416147\" data-permalink=\"https:\/\/paulinenaue.info\/index.php\/ostern-2024-in-paulinenaue\/2023-03-30-osterfeuer-01-es\/\" data-orig-file=\"https:\/\/paulinenaue.info\/wp-content\/uploads\/2024\/04\/2023-03-30-Osterfeuer-01-ES.jpeg\" data-orig-size=\"1000,563\" data-comments-opened=\"1\" data-image-meta=\"{&quot;aperture&quot;:&quot;1.78&quot;,&quot;credit&quot;:&quot;&quot;,&quot;camera&quot;:&quot;iPhone 15 Pro Max&quot;,&quot;caption&quot;:&quot;&quot;,&quot;created_timestamp&quot;:&quot;1711825456&quot;,&quot;copyright&quot;:&quot;&quot;,&quot;focal_length&quot;:&quot;6.7649998656528&quot;,&quot;iso&quot;:&quot;1250&quot;,&quot;shutter_speed&quot;:&quot;0.033333333333333&quot;,&quot;title&quot;:&quot;&quot;,&quot;orientation&quot;:&quot;1&quot;}\" data-image-title=\"2023-03-30, Osterfeuer, 01 (ES)\" data-image-description=\"\" data-image-caption=\"\" data-large-file=\"https:\/\/paulinenaue.info\/wp-content\/uploads\/2024\/04\/2023-03-30-Osterfeuer-01-ES.jpeg\" class=\"lazyload wp-image-416147 size-fusion-800\" src=\"https:\/\/paulinenaue.info\/wp-content\/uploads\/2024\/04\/2023-03-30-Osterfeuer-01-ES-800x450.jpeg\" data-orig-src=\"https:\/\/paulinenaue.info\/wp-content\/uploads\/2024\/04\/2023-03-30-Osterfeuer-01-ES-800x450.jpeg\" alt=\"\" width=\"800\" height=\"450\" srcset=\"data:image\/svg+xml,%3Csvg%20xmlns%3D%27http%3A%2F%2Fwww.w3.org%2F2000%2Fsvg%27%20width%3D%27800%27%20height%3D%27450%27%20viewBox%3D%270%200%20800%20450%27%3E%3Crect%20width%3D%27800%27%20height%3D%27450%27%20fill-opacity%3D%220%22%2F%3E%3C%2Fsvg%3E\" data-srcset=\"https:\/\/paulinenaue.info\/wp-content\/uploads\/2024\/04\/2023-03-30-Osterfeuer-01-ES-200x113.jpeg 200w, https:\/\/paulinenaue.info\/wp-content\/uploads\/2024\/04\/2023-03-30-Osterfeuer-01-ES-300x169.jpeg 300w, https:\/\/paulinenaue.info\/wp-content\/uploads\/2024\/04\/2023-03-30-Osterfeuer-01-ES-400x225.jpeg 400w, https:\/\/paulinenaue.info\/wp-content\/uploads\/2024\/04\/2023-03-30-Osterfeuer-01-ES-600x338.jpeg 600w, https:\/\/paulinenaue.info\/wp-content\/uploads\/2024\/04\/2023-03-30-Osterfeuer-01-ES-768x432.jpeg 768w, https:\/\/paulinenaue.info\/wp-content\/uploads\/2024\/04\/2023-03-30-Osterfeuer-01-ES-800x450.jpeg 800w, https:\/\/paulinenaue.info\/wp-content\/uploads\/2024\/04\/2023-03-30-Osterfeuer-01-ES.jpeg 1000w\" data-sizes=\"auto\" data-orig-sizes=\"(max-width: 800px) 100vw, 800px\" \/><\/a><p id=\"caption-attachment-416147\" class=\"wp-caption-text\"><em>Mal nicht l\u00f6schen m\u00fcssen. Beim Osterfeuer \u00fcberschreitet die Freiwillige Feuerwehr kontrolliert und kontrollierend ihre Rolle. Foto: E. Schwarz, 2024.<\/em><\/p><\/div>\n<p>&nbsp;<\/p>\n<div id=\"attachment_416152\" style=\"width: 646px\" class=\"wp-caption alignnone\"><a href=\"https:\/\/paulinenaue.info\/wp-content\/uploads\/2024\/04\/2024-03-31-Osterhase-gesichtet-A.-Breder.jpeg\"><img decoding=\"async\" aria-describedby=\"caption-attachment-416152\" data-attachment-id=\"416152\" data-permalink=\"https:\/\/paulinenaue.info\/index.php\/ostern-2024-in-paulinenaue\/2024-03-31-osterhase-gesichtet-a-breder\/\" data-orig-file=\"https:\/\/paulinenaue.info\/wp-content\/uploads\/2024\/04\/2024-03-31-Osterhase-gesichtet-A.-Breder.jpeg\" data-orig-size=\"738,1001\" data-comments-opened=\"1\" data-image-meta=\"{&quot;aperture&quot;:&quot;0&quot;,&quot;credit&quot;:&quot;&quot;,&quot;camera&quot;:&quot;&quot;,&quot;caption&quot;:&quot;&quot;,&quot;created_timestamp&quot;:&quot;0&quot;,&quot;copyright&quot;:&quot;&quot;,&quot;focal_length&quot;:&quot;0&quot;,&quot;iso&quot;:&quot;0&quot;,&quot;shutter_speed&quot;:&quot;0&quot;,&quot;title&quot;:&quot;&quot;,&quot;orientation&quot;:&quot;1&quot;}\" data-image-title=\"2024-03-31, Osterhase gesichtet (A. Breder)\" data-image-description=\"\" data-image-caption=\"\" data-large-file=\"https:\/\/paulinenaue.info\/wp-content\/uploads\/2024\/04\/2024-03-31-Osterhase-gesichtet-A.-Breder.jpeg\" class=\"lazyload wp-image-416152\" src=\"https:\/\/paulinenaue.info\/wp-content\/uploads\/2024\/04\/2024-03-31-Osterhase-gesichtet-A.-Breder.jpeg\" data-orig-src=\"https:\/\/paulinenaue.info\/wp-content\/uploads\/2024\/04\/2024-03-31-Osterhase-gesichtet-A.-Breder.jpeg\" alt=\"\" width=\"636\" height=\"862\" srcset=\"data:image\/svg+xml,%3Csvg%20xmlns%3D%27http%3A%2F%2Fwww.w3.org%2F2000%2Fsvg%27%20width%3D%27636%27%20height%3D%27862%27%20viewBox%3D%270%200%20636%20862%27%3E%3Crect%20width%3D%27636%27%20height%3D%27862%27%20fill-opacity%3D%220%22%2F%3E%3C%2Fsvg%3E\" data-srcset=\"https:\/\/paulinenaue.info\/wp-content\/uploads\/2024\/04\/2024-03-31-Osterhase-gesichtet-A.-Breder-200x271.jpeg 200w, https:\/\/paulinenaue.info\/wp-content\/uploads\/2024\/04\/2024-03-31-Osterhase-gesichtet-A.-Breder-221x300.jpeg 221w, https:\/\/paulinenaue.info\/wp-content\/uploads\/2024\/04\/2024-03-31-Osterhase-gesichtet-A.-Breder-400x543.jpeg 400w, https:\/\/paulinenaue.info\/wp-content\/uploads\/2024\/04\/2024-03-31-Osterhase-gesichtet-A.-Breder-600x814.jpeg 600w, https:\/\/paulinenaue.info\/wp-content\/uploads\/2024\/04\/2024-03-31-Osterhase-gesichtet-A.-Breder.jpeg 738w\" data-sizes=\"auto\" data-orig-sizes=\"(max-width: 636px) 100vw, 636px\" \/><\/a><p id=\"caption-attachment-416152\" class=\"wp-caption-text\"><em>Unserem B\u00fcrgermeister erschien am Ostersonntag der Osterhase pers\u00f6nlich in freundlicher Gestalt. Foto: A. Breder 2024.<\/em><\/p><\/div>\n<p>&nbsp;<\/p>\n<div id=\"attachment_416151\" style=\"width: 810px\" class=\"wp-caption alignnone\"><a href=\"https:\/\/paulinenaue.info\/wp-content\/uploads\/2024\/04\/2024-03-31-Eiertrudeln-03.jpeg\"><img decoding=\"async\" aria-describedby=\"caption-attachment-416151\" data-attachment-id=\"416151\" data-permalink=\"https:\/\/paulinenaue.info\/index.php\/ostern-2024-in-paulinenaue\/2024-03-31-eiertrudeln-03\/\" data-orig-file=\"https:\/\/paulinenaue.info\/wp-content\/uploads\/2024\/04\/2024-03-31-Eiertrudeln-03.jpeg\" data-orig-size=\"1000,667\" data-comments-opened=\"1\" data-image-meta=\"{&quot;aperture&quot;:&quot;4&quot;,&quot;credit&quot;:&quot;&quot;,&quot;camera&quot;:&quot;DSC-RX10M3&quot;,&quot;caption&quot;:&quot;&quot;,&quot;created_timestamp&quot;:&quot;1711891298&quot;,&quot;copyright&quot;:&quot;&quot;,&quot;focal_length&quot;:&quot;8.8&quot;,&quot;iso&quot;:&quot;100&quot;,&quot;shutter_speed&quot;:&quot;0.004&quot;,&quot;title&quot;:&quot;&quot;,&quot;orientation&quot;:&quot;0&quot;}\" data-image-title=\"2024-03-31, Eiertrudeln 03\" data-image-description=\"\" data-image-caption=\"\" data-large-file=\"https:\/\/paulinenaue.info\/wp-content\/uploads\/2024\/04\/2024-03-31-Eiertrudeln-03.jpeg\" class=\"lazyload wp-image-416151 size-fusion-800\" src=\"https:\/\/paulinenaue.info\/wp-content\/uploads\/2024\/04\/2024-03-31-Eiertrudeln-03-800x534.jpeg\" data-orig-src=\"https:\/\/paulinenaue.info\/wp-content\/uploads\/2024\/04\/2024-03-31-Eiertrudeln-03-800x534.jpeg\" alt=\"\" width=\"800\" height=\"534\" srcset=\"data:image\/svg+xml,%3Csvg%20xmlns%3D%27http%3A%2F%2Fwww.w3.org%2F2000%2Fsvg%27%20width%3D%27800%27%20height%3D%27534%27%20viewBox%3D%270%200%20800%20534%27%3E%3Crect%20width%3D%27800%27%20height%3D%27534%27%20fill-opacity%3D%220%22%2F%3E%3C%2Fsvg%3E\" data-srcset=\"https:\/\/paulinenaue.info\/wp-content\/uploads\/2024\/04\/2024-03-31-Eiertrudeln-03-200x133.jpeg 200w, https:\/\/paulinenaue.info\/wp-content\/uploads\/2024\/04\/2024-03-31-Eiertrudeln-03-300x200.jpeg 300w, https:\/\/paulinenaue.info\/wp-content\/uploads\/2024\/04\/2024-03-31-Eiertrudeln-03-400x267.jpeg 400w, https:\/\/paulinenaue.info\/wp-content\/uploads\/2024\/04\/2024-03-31-Eiertrudeln-03-600x400.jpeg 600w, https:\/\/paulinenaue.info\/wp-content\/uploads\/2024\/04\/2024-03-31-Eiertrudeln-03-768x512.jpeg 768w, https:\/\/paulinenaue.info\/wp-content\/uploads\/2024\/04\/2024-03-31-Eiertrudeln-03-800x534.jpeg 800w, https:\/\/paulinenaue.info\/wp-content\/uploads\/2024\/04\/2024-03-31-Eiertrudeln-03.jpeg 1000w\" data-sizes=\"auto\" data-orig-sizes=\"(max-width: 800px) 100vw, 800px\" \/><\/a><p id=\"caption-attachment-416151\" class=\"wp-caption-text\"><em>Auf den Eierbergen am Sonntagnachmittag. Dutzende Paulinenauer pflegen den in Brandenburg seit 400 Jahren nachgewiesenen Brauch des ,Eiertrudelns&#8216;. Foto: J. Scholz, 2024.<\/em><\/p><\/div>\n<p>&nbsp;<\/p>\n<div id=\"attachment_416150\" style=\"width: 810px\" class=\"wp-caption alignnone\"><a href=\"https:\/\/paulinenaue.info\/wp-content\/uploads\/2024\/04\/2024-03-31-Eiertrudeln-02.jpeg\"><img decoding=\"async\" aria-describedby=\"caption-attachment-416150\" data-attachment-id=\"416150\" data-permalink=\"https:\/\/paulinenaue.info\/index.php\/ostern-2024-in-paulinenaue\/2024-03-31-eiertrudeln-02\/\" data-orig-file=\"https:\/\/paulinenaue.info\/wp-content\/uploads\/2024\/04\/2024-03-31-Eiertrudeln-02.jpeg\" data-orig-size=\"1000,667\" data-comments-opened=\"1\" data-image-meta=\"{&quot;aperture&quot;:&quot;2.8&quot;,&quot;credit&quot;:&quot;&quot;,&quot;camera&quot;:&quot;DSC-RX10M3&quot;,&quot;caption&quot;:&quot;&quot;,&quot;created_timestamp&quot;:&quot;1711891421&quot;,&quot;copyright&quot;:&quot;&quot;,&quot;focal_length&quot;:&quot;9.99&quot;,&quot;iso&quot;:&quot;100&quot;,&quot;shutter_speed&quot;:&quot;0.005&quot;,&quot;title&quot;:&quot;&quot;,&quot;orientation&quot;:&quot;0&quot;}\" data-image-title=\"2024-03-31, Eiertrudeln 02\" data-image-description=\"\" data-image-caption=\"\" data-large-file=\"https:\/\/paulinenaue.info\/wp-content\/uploads\/2024\/04\/2024-03-31-Eiertrudeln-02.jpeg\" class=\"lazyload wp-image-416150 size-fusion-800\" src=\"https:\/\/paulinenaue.info\/wp-content\/uploads\/2024\/04\/2024-03-31-Eiertrudeln-02-800x534.jpeg\" data-orig-src=\"https:\/\/paulinenaue.info\/wp-content\/uploads\/2024\/04\/2024-03-31-Eiertrudeln-02-800x534.jpeg\" alt=\"\" width=\"800\" height=\"534\" srcset=\"data:image\/svg+xml,%3Csvg%20xmlns%3D%27http%3A%2F%2Fwww.w3.org%2F2000%2Fsvg%27%20width%3D%27800%27%20height%3D%27534%27%20viewBox%3D%270%200%20800%20534%27%3E%3Crect%20width%3D%27800%27%20height%3D%27534%27%20fill-opacity%3D%220%22%2F%3E%3C%2Fsvg%3E\" data-srcset=\"https:\/\/paulinenaue.info\/wp-content\/uploads\/2024\/04\/2024-03-31-Eiertrudeln-02-200x133.jpeg 200w, https:\/\/paulinenaue.info\/wp-content\/uploads\/2024\/04\/2024-03-31-Eiertrudeln-02-300x200.jpeg 300w, https:\/\/paulinenaue.info\/wp-content\/uploads\/2024\/04\/2024-03-31-Eiertrudeln-02-400x267.jpeg 400w, https:\/\/paulinenaue.info\/wp-content\/uploads\/2024\/04\/2024-03-31-Eiertrudeln-02-600x400.jpeg 600w, https:\/\/paulinenaue.info\/wp-content\/uploads\/2024\/04\/2024-03-31-Eiertrudeln-02-768x512.jpeg 768w, https:\/\/paulinenaue.info\/wp-content\/uploads\/2024\/04\/2024-03-31-Eiertrudeln-02-800x534.jpeg 800w, https:\/\/paulinenaue.info\/wp-content\/uploads\/2024\/04\/2024-03-31-Eiertrudeln-02.jpeg 1000w\" data-sizes=\"auto\" data-orig-sizes=\"(max-width: 800px) 100vw, 800px\" \/><\/a><p id=\"caption-attachment-416150\" class=\"wp-caption-text\"><em>Beim Eiertrudeln l\u00e4sst man die gef\u00e4rbten Ostereier auf zuvor gezogenen Bahnen den Berg hinunter ,trudeln\u2018. Das Ei, das ohne Anschubsen den weitesten Weg zur\u00fccklegt, gewinnt. So ist es bei uns, <a href=\"https:\/\/de.wikipedia.org\/wiki\/Ostereierschieben\">m\u00f6gen die Regeln andernorts auch komplexer sein<\/a>. Foto: J. Scholz, 2024.<\/em><\/p><\/div>\n<p>&nbsp;<\/p>\n<div id=\"attachment_416149\" style=\"width: 810px\" class=\"wp-caption alignnone\"><a href=\"https:\/\/paulinenaue.info\/wp-content\/uploads\/2024\/04\/2024-03-31-Eiertrudeln-01.jpeg\"><img decoding=\"async\" aria-describedby=\"caption-attachment-416149\" data-attachment-id=\"416149\" data-permalink=\"https:\/\/paulinenaue.info\/index.php\/ostern-2024-in-paulinenaue\/2024-03-31-eiertrudeln-01\/\" data-orig-file=\"https:\/\/paulinenaue.info\/wp-content\/uploads\/2024\/04\/2024-03-31-Eiertrudeln-01.jpeg\" data-orig-size=\"1000,667\" data-comments-opened=\"1\" data-image-meta=\"{&quot;aperture&quot;:&quot;2.8&quot;,&quot;credit&quot;:&quot;&quot;,&quot;camera&quot;:&quot;DSC-RX10M3&quot;,&quot;caption&quot;:&quot;&quot;,&quot;created_timestamp&quot;:&quot;1711891914&quot;,&quot;copyright&quot;:&quot;&quot;,&quot;focal_length&quot;:&quot;8.82&quot;,&quot;iso&quot;:&quot;100&quot;,&quot;shutter_speed&quot;:&quot;0.004&quot;,&quot;title&quot;:&quot;&quot;,&quot;orientation&quot;:&quot;0&quot;}\" data-image-title=\"2024-03-31, Eiertrudeln 01\" data-image-description=\"\" data-image-caption=\"\" data-large-file=\"https:\/\/paulinenaue.info\/wp-content\/uploads\/2024\/04\/2024-03-31-Eiertrudeln-01.jpeg\" class=\"lazyload wp-image-416149 size-fusion-800\" src=\"https:\/\/paulinenaue.info\/wp-content\/uploads\/2024\/04\/2024-03-31-Eiertrudeln-01-800x534.jpeg\" data-orig-src=\"https:\/\/paulinenaue.info\/wp-content\/uploads\/2024\/04\/2024-03-31-Eiertrudeln-01-800x534.jpeg\" alt=\"\" width=\"800\" height=\"534\" srcset=\"data:image\/svg+xml,%3Csvg%20xmlns%3D%27http%3A%2F%2Fwww.w3.org%2F2000%2Fsvg%27%20width%3D%27800%27%20height%3D%27534%27%20viewBox%3D%270%200%20800%20534%27%3E%3Crect%20width%3D%27800%27%20height%3D%27534%27%20fill-opacity%3D%220%22%2F%3E%3C%2Fsvg%3E\" data-srcset=\"https:\/\/paulinenaue.info\/wp-content\/uploads\/2024\/04\/2024-03-31-Eiertrudeln-01-200x133.jpeg 200w, https:\/\/paulinenaue.info\/wp-content\/uploads\/2024\/04\/2024-03-31-Eiertrudeln-01-300x200.jpeg 300w, https:\/\/paulinenaue.info\/wp-content\/uploads\/2024\/04\/2024-03-31-Eiertrudeln-01-400x267.jpeg 400w, https:\/\/paulinenaue.info\/wp-content\/uploads\/2024\/04\/2024-03-31-Eiertrudeln-01-600x400.jpeg 600w, https:\/\/paulinenaue.info\/wp-content\/uploads\/2024\/04\/2024-03-31-Eiertrudeln-01-768x512.jpeg 768w, https:\/\/paulinenaue.info\/wp-content\/uploads\/2024\/04\/2024-03-31-Eiertrudeln-01-800x534.jpeg 800w, https:\/\/paulinenaue.info\/wp-content\/uploads\/2024\/04\/2024-03-31-Eiertrudeln-01.jpeg 1000w\" data-sizes=\"auto\" data-orig-sizes=\"(max-width: 800px) 100vw, 800px\" \/><\/a><p id=\"caption-attachment-416149\" class=\"wp-caption-text\"><em>Frohe Ostern w\u00fcnschen die Paulinenauer Eiertrudler. Bleiben Sie gesund, bis zum n\u00e4chsten Jahr. Foto: J. Scholz, 2024.<\/em><\/p><\/div>\n<p>&nbsp;<\/p>\n","protected":false},"excerpt":{"rendered":"<p>Der Storch, der sich in diesem Jahr am 26. M\u00e4rz [&hellip;]<\/p>\n","protected":false},"author":1,"featured_media":416149,"comment_status":"open","ping_status":"open","sticky":false,"template":"","format":"standard","meta":{"_acf_changed":false,"_price":"","_stock":"","_tribe_ticket_header":"","_tribe_default_ticket_provider":"","_tribe_ticket_capacity":"0","_ticket_start_date":"","_ticket_end_date":"","_tribe_ticket_show_description":"","_tribe_ticket_show_not_going":false,"_tribe_ticket_use_global_stock":"","_tribe_ticket_global_stock_level":"","_global_stock_mode":"","_global_stock_cap":"","_tribe_rsvp_for_event":"","_tribe_ticket_going_count":"","_tribe_ticket_not_going_count":"","_tribe_tickets_list":"[]","_tribe_ticket_has_attendee_info_fields":false,"jetpack_post_was_ever_published":false,"_jetpack_newsletter_access":"","_jetpack_dont_email_post_to_subs":false,"_jetpack_newsletter_tier_id":0,"_jetpack_memberships_contains_paywalled_content":false,"_jetpack_memberships_contains_paid_content":false,"footnotes":"","jetpack_publicize_message":"","jetpack_publicize_feature_enabled":true,"jetpack_social_post_already_shared":true,"jetpack_social_options":{"image_generator_settings":{"template":"highway","default_image_id":0,"font":"","enabled":false},"version":2}},"categories":[1,16,439,6,9,93],"tags":[286,15],"class_list":["post-416143","post","type-post","status-publish","format-standard","has-post-thumbnail","hentry","category-allgemein","category-feuerwehr","category-gemeinde-paulinenaue","category-hier-zuhause","category-neuigkeiten","category-veranstaltungen","tag-eiertrudeln","tag-ostern"],"acf":[],"yoast_head":"<!-- This site is optimized with the Yoast SEO plugin v27.5 - https:\/\/yoast.com\/product\/yoast-seo-wordpress\/ -->\n<title>Das war Ostern 2024 - Paulinenaue<\/title>\n<meta name=\"description\" content=\"Ostern in Paulinenaue 2024: Saharasand in der Luft f\u00e4rbte das Sonnenlicht mild, ungewohnte W\u00e4rme lockte zum Spaziergang auf die Eierberge.\" \/>\n<meta name=\"robots\" content=\"index, follow, max-snippet:-1, max-image-preview:large, max-video-preview:-1\" \/>\n<link rel=\"canonical\" href=\"https:\/\/paulinenaue.info\/index.php\/ostern-2024-in-paulinenaue\/\" \/>\n<meta property=\"og:locale\" content=\"de_DE\" \/>\n<meta property=\"og:type\" content=\"article\" \/>\n<meta property=\"og:title\" content=\"Das war Ostern 2024 - Paulinenaue\" \/>\n<meta property=\"og:description\" content=\"Ostern in Paulinenaue 2024: Saharasand in der Luft f\u00e4rbte das Sonnenlicht mild, ungewohnte W\u00e4rme lockte zum Spaziergang auf die Eierberge.\" \/>\n<meta property=\"og:url\" content=\"https:\/\/paulinenaue.info\/index.php\/ostern-2024-in-paulinenaue\/\" \/>\n<meta property=\"og:site_name\" content=\"Paulinenaue\" \/>\n<meta property=\"article:published_time\" content=\"2024-03-31T22:55:55+00:00\" \/>\n<meta property=\"article:modified_time\" content=\"2024-03-31T23:07:22+00:00\" \/>\n<meta property=\"og:image\" content=\"https:\/\/paulinenaue.info\/wp-content\/uploads\/2024\/04\/2024-03-31-Eiertrudeln-01.jpeg\" \/>\n\t<meta property=\"og:image:width\" content=\"1000\" \/>\n\t<meta property=\"og:image:height\" content=\"667\" \/>\n\t<meta property=\"og:image:type\" content=\"image\/jpeg\" \/>\n<meta name=\"author\" content=\"Joachim Scholz\" \/>\n<meta name=\"twitter:card\" content=\"summary_large_image\" \/>\n<meta name=\"twitter:label1\" content=\"Verfasst von\" \/>\n\t<meta name=\"twitter:data1\" content=\"Joachim Scholz\" \/>\n\t<meta name=\"twitter:label2\" content=\"Gesch\u00e4tzte Lesezeit\" \/>\n\t<meta name=\"twitter:data2\" content=\"4\u00a0Minuten\" \/>\n<script type=\"application\/ld+json\" class=\"yoast-schema-graph\">{\"@context\":\"https:\\\/\\\/schema.org\",\"@graph\":[{\"@type\":\"Article\",\"@id\":\"https:\\\/\\\/paulinenaue.info\\\/index.php\\\/ostern-2024-in-paulinenaue\\\/#article\",\"isPartOf\":{\"@id\":\"https:\\\/\\\/paulinenaue.info\\\/index.php\\\/ostern-2024-in-paulinenaue\\\/\"},\"author\":{\"name\":\"Joachim Scholz\",\"@id\":\"https:\\\/\\\/paulinenaue.info\\\/#\\\/schema\\\/person\\\/3f9e818fd7b69b0d2bd937ac506897cc\"},\"headline\":\"Das war Ostern 2024\",\"datePublished\":\"2024-03-31T22:55:55+00:00\",\"dateModified\":\"2024-03-31T23:07:22+00:00\",\"mainEntityOfPage\":{\"@id\":\"https:\\\/\\\/paulinenaue.info\\\/index.php\\\/ostern-2024-in-paulinenaue\\\/\"},\"wordCount\":359,\"commentCount\":0,\"image\":{\"@id\":\"https:\\\/\\\/paulinenaue.info\\\/index.php\\\/ostern-2024-in-paulinenaue\\\/#primaryimage\"},\"thumbnailUrl\":\"https:\\\/\\\/paulinenaue.info\\\/wp-content\\\/uploads\\\/2024\\\/04\\\/2024-03-31-Eiertrudeln-01.jpeg\",\"keywords\":[\"Eiertrudeln\",\"Ostern\"],\"articleSection\":{\"1\":\"Feuerwehr\",\"2\":\"Gemeinde Paulinenaue\",\"3\":\"Hier Zuhause\",\"4\":\"Neuigkeiten\",\"5\":\"Veranstaltungen\"},\"inLanguage\":\"de\",\"potentialAction\":[{\"@type\":\"CommentAction\",\"name\":\"Comment\",\"target\":[\"https:\\\/\\\/paulinenaue.info\\\/index.php\\\/ostern-2024-in-paulinenaue\\\/#respond\"]}]},{\"@type\":\"WebPage\",\"@id\":\"https:\\\/\\\/paulinenaue.info\\\/index.php\\\/ostern-2024-in-paulinenaue\\\/\",\"url\":\"https:\\\/\\\/paulinenaue.info\\\/index.php\\\/ostern-2024-in-paulinenaue\\\/\",\"name\":\"Das war Ostern 2024 - Paulinenaue\",\"isPartOf\":{\"@id\":\"https:\\\/\\\/paulinenaue.info\\\/#website\"},\"primaryImageOfPage\":{\"@id\":\"https:\\\/\\\/paulinenaue.info\\\/index.php\\\/ostern-2024-in-paulinenaue\\\/#primaryimage\"},\"image\":{\"@id\":\"https:\\\/\\\/paulinenaue.info\\\/index.php\\\/ostern-2024-in-paulinenaue\\\/#primaryimage\"},\"thumbnailUrl\":\"https:\\\/\\\/paulinenaue.info\\\/wp-content\\\/uploads\\\/2024\\\/04\\\/2024-03-31-Eiertrudeln-01.jpeg\",\"datePublished\":\"2024-03-31T22:55:55+00:00\",\"dateModified\":\"2024-03-31T23:07:22+00:00\",\"author\":{\"@id\":\"https:\\\/\\\/paulinenaue.info\\\/#\\\/schema\\\/person\\\/3f9e818fd7b69b0d2bd937ac506897cc\"},\"description\":\"Ostern in Paulinenaue 2024: Saharasand in der Luft f\u00e4rbte das Sonnenlicht mild, ungewohnte W\u00e4rme lockte zum Spaziergang auf die Eierberge.\",\"breadcrumb\":{\"@id\":\"https:\\\/\\\/paulinenaue.info\\\/index.php\\\/ostern-2024-in-paulinenaue\\\/#breadcrumb\"},\"inLanguage\":\"de\",\"potentialAction\":[{\"@type\":\"ReadAction\",\"target\":[\"https:\\\/\\\/paulinenaue.info\\\/index.php\\\/ostern-2024-in-paulinenaue\\\/\"]}]},{\"@type\":\"ImageObject\",\"inLanguage\":\"de\",\"@id\":\"https:\\\/\\\/paulinenaue.info\\\/index.php\\\/ostern-2024-in-paulinenaue\\\/#primaryimage\",\"url\":\"https:\\\/\\\/paulinenaue.info\\\/wp-content\\\/uploads\\\/2024\\\/04\\\/2024-03-31-Eiertrudeln-01.jpeg\",\"contentUrl\":\"https:\\\/\\\/paulinenaue.info\\\/wp-content\\\/uploads\\\/2024\\\/04\\\/2024-03-31-Eiertrudeln-01.jpeg\",\"width\":1000,\"height\":667},{\"@type\":\"BreadcrumbList\",\"@id\":\"https:\\\/\\\/paulinenaue.info\\\/index.php\\\/ostern-2024-in-paulinenaue\\\/#breadcrumb\",\"itemListElement\":[{\"@type\":\"ListItem\",\"position\":1,\"name\":\"Home\",\"item\":\"https:\\\/\\\/paulinenaue.info\\\/\"},{\"@type\":\"ListItem\",\"position\":2,\"name\":\"Das war Ostern 2024\"}]},{\"@type\":\"WebSite\",\"@id\":\"https:\\\/\\\/paulinenaue.info\\\/#website\",\"url\":\"https:\\\/\\\/paulinenaue.info\\\/\",\"name\":\"Paulinenaue\",\"description\":\"Ein Dorf im Havelland\",\"potentialAction\":[{\"@type\":\"SearchAction\",\"target\":{\"@type\":\"EntryPoint\",\"urlTemplate\":\"https:\\\/\\\/paulinenaue.info\\\/?s={search_term_string}\"},\"query-input\":{\"@type\":\"PropertyValueSpecification\",\"valueRequired\":true,\"valueName\":\"search_term_string\"}}],\"inLanguage\":\"de\"},{\"@type\":\"Person\",\"@id\":\"https:\\\/\\\/paulinenaue.info\\\/#\\\/schema\\\/person\\\/3f9e818fd7b69b0d2bd937ac506897cc\",\"name\":\"Joachim Scholz\",\"url\":\"https:\\\/\\\/paulinenaue.info\\\/index.php\\\/author\\\/jjscholz\\\/\"}]}<\/script>\n<!-- \/ Yoast SEO plugin. -->","yoast_head_json":{"title":"Das war Ostern 2024 - Paulinenaue","description":"Ostern in Paulinenaue 2024: Saharasand in der Luft f\u00e4rbte das Sonnenlicht mild, ungewohnte W\u00e4rme lockte zum Spaziergang auf die Eierberge.","robots":{"index":"index","follow":"follow","max-snippet":"max-snippet:-1","max-image-preview":"max-image-preview:large","max-video-preview":"max-video-preview:-1"},"canonical":"https:\/\/paulinenaue.info\/index.php\/ostern-2024-in-paulinenaue\/","og_locale":"de_DE","og_type":"article","og_title":"Das war Ostern 2024 - Paulinenaue","og_description":"Ostern in Paulinenaue 2024: Saharasand in der Luft f\u00e4rbte das Sonnenlicht mild, ungewohnte W\u00e4rme lockte zum Spaziergang auf die Eierberge.","og_url":"https:\/\/paulinenaue.info\/index.php\/ostern-2024-in-paulinenaue\/","og_site_name":"Paulinenaue","article_published_time":"2024-03-31T22:55:55+00:00","article_modified_time":"2024-03-31T23:07:22+00:00","og_image":[{"width":1000,"height":667,"url":"https:\/\/paulinenaue.info\/wp-content\/uploads\/2024\/04\/2024-03-31-Eiertrudeln-01.jpeg","type":"image\/jpeg"}],"author":"Joachim Scholz","twitter_card":"summary_large_image","twitter_misc":{"Verfasst von":"Joachim Scholz","Gesch\u00e4tzte Lesezeit":"4\u00a0Minuten"},"schema":{"@context":"https:\/\/schema.org","@graph":[{"@type":"Article","@id":"https:\/\/paulinenaue.info\/index.php\/ostern-2024-in-paulinenaue\/#article","isPartOf":{"@id":"https:\/\/paulinenaue.info\/index.php\/ostern-2024-in-paulinenaue\/"},"author":{"name":"Joachim Scholz","@id":"https:\/\/paulinenaue.info\/#\/schema\/person\/3f9e818fd7b69b0d2bd937ac506897cc"},"headline":"Das war Ostern 2024","datePublished":"2024-03-31T22:55:55+00:00","dateModified":"2024-03-31T23:07:22+00:00","mainEntityOfPage":{"@id":"https:\/\/paulinenaue.info\/index.php\/ostern-2024-in-paulinenaue\/"},"wordCount":359,"commentCount":0,"image":{"@id":"https:\/\/paulinenaue.info\/index.php\/ostern-2024-in-paulinenaue\/#primaryimage"},"thumbnailUrl":"https:\/\/paulinenaue.info\/wp-content\/uploads\/2024\/04\/2024-03-31-Eiertrudeln-01.jpeg","keywords":["Eiertrudeln","Ostern"],"articleSection":{"1":"Feuerwehr","2":"Gemeinde Paulinenaue","3":"Hier Zuhause","4":"Neuigkeiten","5":"Veranstaltungen"},"inLanguage":"de","potentialAction":[{"@type":"CommentAction","name":"Comment","target":["https:\/\/paulinenaue.info\/index.php\/ostern-2024-in-paulinenaue\/#respond"]}]},{"@type":"WebPage","@id":"https:\/\/paulinenaue.info\/index.php\/ostern-2024-in-paulinenaue\/","url":"https:\/\/paulinenaue.info\/index.php\/ostern-2024-in-paulinenaue\/","name":"Das war Ostern 2024 - Paulinenaue","isPartOf":{"@id":"https:\/\/paulinenaue.info\/#website"},"primaryImageOfPage":{"@id":"https:\/\/paulinenaue.info\/index.php\/ostern-2024-in-paulinenaue\/#primaryimage"},"image":{"@id":"https:\/\/paulinenaue.info\/index.php\/ostern-2024-in-paulinenaue\/#primaryimage"},"thumbnailUrl":"https:\/\/paulinenaue.info\/wp-content\/uploads\/2024\/04\/2024-03-31-Eiertrudeln-01.jpeg","datePublished":"2024-03-31T22:55:55+00:00","dateModified":"2024-03-31T23:07:22+00:00","author":{"@id":"https:\/\/paulinenaue.info\/#\/schema\/person\/3f9e818fd7b69b0d2bd937ac506897cc"},"description":"Ostern in Paulinenaue 2024: Saharasand in der Luft f\u00e4rbte das Sonnenlicht mild, ungewohnte W\u00e4rme lockte zum Spaziergang auf die Eierberge.","breadcrumb":{"@id":"https:\/\/paulinenaue.info\/index.php\/ostern-2024-in-paulinenaue\/#breadcrumb"},"inLanguage":"de","potentialAction":[{"@type":"ReadAction","target":["https:\/\/paulinenaue.info\/index.php\/ostern-2024-in-paulinenaue\/"]}]},{"@type":"ImageObject","inLanguage":"de","@id":"https:\/\/paulinenaue.info\/index.php\/ostern-2024-in-paulinenaue\/#primaryimage","url":"https:\/\/paulinenaue.info\/wp-content\/uploads\/2024\/04\/2024-03-31-Eiertrudeln-01.jpeg","contentUrl":"https:\/\/paulinenaue.info\/wp-content\/uploads\/2024\/04\/2024-03-31-Eiertrudeln-01.jpeg","width":1000,"height":667},{"@type":"BreadcrumbList","@id":"https:\/\/paulinenaue.info\/index.php\/ostern-2024-in-paulinenaue\/#breadcrumb","itemListElement":[{"@type":"ListItem","position":1,"name":"Home","item":"https:\/\/paulinenaue.info\/"},{"@type":"ListItem","position":2,"name":"Das war Ostern 2024"}]},{"@type":"WebSite","@id":"https:\/\/paulinenaue.info\/#website","url":"https:\/\/paulinenaue.info\/","name":"Paulinenaue","description":"Ein Dorf im Havelland","potentialAction":[{"@type":"SearchAction","target":{"@type":"EntryPoint","urlTemplate":"https:\/\/paulinenaue.info\/?s={search_term_string}"},"query-input":{"@type":"PropertyValueSpecification","valueRequired":true,"valueName":"search_term_string"}}],"inLanguage":"de"},{"@type":"Person","@id":"https:\/\/paulinenaue.info\/#\/schema\/person\/3f9e818fd7b69b0d2bd937ac506897cc","name":"Joachim Scholz","url":"https:\/\/paulinenaue.info\/index.php\/author\/jjscholz\/"}]}},"jetpack_publicize_connections":[],"jetpack_featured_media_url":"https:\/\/paulinenaue.info\/wp-content\/uploads\/2024\/04\/2024-03-31-Eiertrudeln-01.jpeg","jetpack_sharing_enabled":true,"jetpack_shortlink":"https:\/\/wp.me\/pcYhWA-1KfZ","jetpack-related-posts":[{"id":417805,"url":"https:\/\/paulinenaue.info\/index.php\/auf-dem-gipfel-besucherrekord-beim-eiertrudeln-2025\/","url_meta":{"origin":416143,"position":0},"title":"Auf dem Gipfel:\u00a0Besucherrekord beim Eiertrudeln 2025","author":"Joachim Scholz","date":"21. April 2025","format":false,"excerpt":"","rel":"","context":"In &quot;Ehrenamt&quot;","block_context":{"text":"Ehrenamt","link":"https:\/\/paulinenaue.info\/index.php\/category\/ehrenamt\/"},"img":{"alt_text":"","src":"https:\/\/i0.wp.com\/paulinenaue.info\/wp-content\/uploads\/2025\/04\/2025-04-20-Eiertrudeln-01.jpeg?resize=350%2C200&ssl=1","width":350,"height":200,"srcset":"https:\/\/i0.wp.com\/paulinenaue.info\/wp-content\/uploads\/2025\/04\/2025-04-20-Eiertrudeln-01.jpeg?resize=350%2C200&ssl=1 1x, https:\/\/i0.wp.com\/paulinenaue.info\/wp-content\/uploads\/2025\/04\/2025-04-20-Eiertrudeln-01.jpeg?resize=525%2C300&ssl=1 1.5x, https:\/\/i0.wp.com\/paulinenaue.info\/wp-content\/uploads\/2025\/04\/2025-04-20-Eiertrudeln-01.jpeg?resize=700%2C400&ssl=1 2x"},"classes":[]},{"id":415144,"url":"https:\/\/paulinenaue.info\/index.php\/eiertrudeln-wie-vor-90-jahren-ostern-auf-dem-dorf\/","url_meta":{"origin":416143,"position":1},"title":"Eiertrudeln wie vor 90 Jahren \u2013\u00a0Ostern auf dem Dorf","author":"Joachim Scholz","date":"10. April 2023","format":false,"excerpt":"Es ist wieder Ostern, der Winter ist definitiv vorbei und es erwacht \u00f6sterliches Paulinenauer Brauchtum. Der Osterstrau\u00df des Jahres wurde bereits gek\u00fcrt, nun standen abseits der religi\u00f6sen Feierlichkeiten noch Osterfeuer und Eiertrudeln auf dem Plan. Nicht nur die Menschen wissen, was sich zu dieser Zeit geh\u00f6rt. So war alles wie\u2026","rel":"","context":"In &quot;Allgemein&quot;","block_context":{"text":"Allgemein","link":"https:\/\/paulinenaue.info\/index.php\/category\/allgemein\/"},"img":{"alt_text":"","src":"https:\/\/i0.wp.com\/paulinenaue.info\/wp-content\/uploads\/2023\/04\/2023-04-08-Osterfeuer-01-1.jpeg?resize=350%2C200&ssl=1","width":350,"height":200,"srcset":"https:\/\/i0.wp.com\/paulinenaue.info\/wp-content\/uploads\/2023\/04\/2023-04-08-Osterfeuer-01-1.jpeg?resize=350%2C200&ssl=1 1x, https:\/\/i0.wp.com\/paulinenaue.info\/wp-content\/uploads\/2023\/04\/2023-04-08-Osterfeuer-01-1.jpeg?resize=525%2C300&ssl=1 1.5x, https:\/\/i0.wp.com\/paulinenaue.info\/wp-content\/uploads\/2023\/04\/2023-04-08-Osterfeuer-01-1.jpeg?resize=700%2C400&ssl=1 2x"},"classes":[]},{"id":120,"url":"https:\/\/paulinenaue.info\/index.php\/eiertrudeln-im-schnee-frohe-ostern-wuenscht-die-kita-paulinchen\/","url_meta":{"origin":416143,"position":2},"title":"Eiertrudeln im Schnee \u2013 Frohe Ostern w\u00fcnscht die Kita \u201ePaulinchen\u201c","author":"Joachim Scholz","date":"22. M\u00e4rz 2016","format":false,"excerpt":"Joachim Scholz 26.03.2013. Mit diesen Bildern sendet und die Paulinenauer Kita \u201ePaulinchen\u201c einen lieben Ostergru\u00df. Am vergangenen Dienstag veranstalteten die kleinen Paulinenauerinnen und Paulinenauer ihr Osterfest unter den seltsamen Bedingungen richtigen Winterwetters, das uns zu Weihnachten verwehrt geblieben war. F\u00fcr die Kleinen, die erst in die Ordnung dieser Welt hineinwachsen,\u2026","rel":"","context":"In &quot;Kita&quot;","block_context":{"text":"Kita","link":"https:\/\/paulinenaue.info\/index.php\/category\/kita\/"},"img":{"alt_text":"","src":"","width":0,"height":0},"classes":[]},{"id":417840,"url":"https:\/\/paulinenaue.info\/index.php\/417840\/","url_meta":{"origin":416143,"position":3},"title":"Eiertrudeln im Paulinenauer Wald \u2013 Ein gelungener Ostersonntag mit den Pauerfrauen","author":"Pauline Hirschberg","date":"21. April 2025","format":false,"excerpt":"Eiertrudeln im Paulinenauer Wald \u2013 Ein gelungener Ostersonntag mit den Pauerfrauen Am Ostersonntag luden die Pauerfrauen zum traditionellen Eiertrudeln in den nahegelegenen Wald ein \u2013 und viele kleine und gro\u00dfe G\u00e4ste folgten der Einladung bei herrlichem Fr\u00fchlingswetter. Insgesamt konnten wir ca. 170 gro\u00dfe und kleine G\u00e4ste sowie 4 Hunde und\u2026","rel":"","context":"In &quot;Ehrenamt&quot;","block_context":{"text":"Ehrenamt","link":"https:\/\/paulinenaue.info\/index.php\/category\/ehrenamt\/"},"img":{"alt_text":"","src":"https:\/\/i0.wp.com\/paulinenaue.info\/wp-content\/uploads\/2025\/04\/IMG-20250421-WA0039.jpg?resize=350%2C200&ssl=1","width":350,"height":200,"srcset":"https:\/\/i0.wp.com\/paulinenaue.info\/wp-content\/uploads\/2025\/04\/IMG-20250421-WA0039.jpg?resize=350%2C200&ssl=1 1x, https:\/\/i0.wp.com\/paulinenaue.info\/wp-content\/uploads\/2025\/04\/IMG-20250421-WA0039.jpg?resize=525%2C300&ssl=1 1.5x, https:\/\/i0.wp.com\/paulinenaue.info\/wp-content\/uploads\/2025\/04\/IMG-20250421-WA0039.jpg?resize=700%2C400&ssl=1 2x, https:\/\/i0.wp.com\/paulinenaue.info\/wp-content\/uploads\/2025\/04\/IMG-20250421-WA0039.jpg?resize=1050%2C600&ssl=1 3x, https:\/\/i0.wp.com\/paulinenaue.info\/wp-content\/uploads\/2025\/04\/IMG-20250421-WA0039.jpg?resize=1400%2C800&ssl=1 4x"},"classes":[]},{"id":419341,"url":"https:\/\/paulinenaue.info\/index.php\/traditionelles-eiertrudeln-auch-bei-durchwachsenem-wetter-ein-voller-erfolg\/","url_meta":{"origin":416143,"position":4},"title":"Traditionelles Eiertrudeln \u2013 auch bei durchwachsenem Wetter ein voller Erfolg","author":"Pauline Hirschberg","date":"8. April 2026","format":false,"excerpt":"Auch in diesem Jahr fand am Ostersonntag wieder unser traditionelles Eiertrudeln an den Paulinenauer Eierbergen statt. Trotz etwas widriger Wetterbedingungen lie\u00dfen sich die Besucherinnen und Besucher nicht davon abhalten, den Weg dorthin zu finden \u2013 und so wurde auch diesmal wieder flei\u00dfig getrudelt. Gro\u00df und Klein hatten sichtlich Freude daran,\u2026","rel":"","context":"In &quot;Allgemein&quot;","block_context":{"text":"Allgemein","link":"https:\/\/paulinenaue.info\/index.php\/category\/allgemein\/"},"img":{"alt_text":"","src":"https:\/\/i0.wp.com\/paulinenaue.info\/wp-content\/uploads\/2026\/04\/20260405_144639-scaled.jpg?resize=350%2C200&ssl=1","width":350,"height":200,"srcset":"https:\/\/i0.wp.com\/paulinenaue.info\/wp-content\/uploads\/2026\/04\/20260405_144639-scaled.jpg?resize=350%2C200&ssl=1 1x, https:\/\/i0.wp.com\/paulinenaue.info\/wp-content\/uploads\/2026\/04\/20260405_144639-scaled.jpg?resize=525%2C300&ssl=1 1.5x, https:\/\/i0.wp.com\/paulinenaue.info\/wp-content\/uploads\/2026\/04\/20260405_144639-scaled.jpg?resize=700%2C400&ssl=1 2x, https:\/\/i0.wp.com\/paulinenaue.info\/wp-content\/uploads\/2026\/04\/20260405_144639-scaled.jpg?resize=1050%2C600&ssl=1 3x, https:\/\/i0.wp.com\/paulinenaue.info\/wp-content\/uploads\/2026\/04\/20260405_144639-scaled.jpg?resize=1400%2C800&ssl=1 4x"},"classes":[]},{"id":93,"url":"https:\/\/paulinenaue.info\/index.php\/ostern-in-paulinenaue-2014\/","url_meta":{"origin":416143,"position":5},"title":"Ostern in Paulinenaue 2014","author":"Joachim Scholz","date":"22. April 2014","format":false,"excerpt":"22.04.2014. Der Kontrast zum letzten Jahr, als die Gipfel der Eierberge unter Eis und Schnee lagen, lie\u00df sich an diesem Ostern nirgends besser erleben als beim Eiertrudeln in der Pessiner Heide. Am fr\u00fchen Ostersonntag-Nachmittag herrschte, wie es so sch\u00f6n hei\u00dft, Volksfestatmosph\u00e4re. Kein W\u00f6lkchen, nur ein j\u00e4h herabst\u00fcrzender Ast, der aber\u2026","rel":"","context":"In &quot;Allgemein&quot;","block_context":{"text":"Allgemein","link":"https:\/\/paulinenaue.info\/index.php\/category\/allgemein\/"},"img":{"alt_text":"","src":"https:\/\/i0.wp.com\/paulinenaue.info\/wp-content\/uploads\/2016\/03\/20140421_ostern_06.jpg?resize=350%2C200&ssl=1","width":350,"height":200},"classes":[]}],"_links":{"self":[{"href":"https:\/\/paulinenaue.info\/index.php\/wp-json\/wp\/v2\/posts\/416143","targetHints":{"allow":["GET"]}}],"collection":[{"href":"https:\/\/paulinenaue.info\/index.php\/wp-json\/wp\/v2\/posts"}],"about":[{"href":"https:\/\/paulinenaue.info\/index.php\/wp-json\/wp\/v2\/types\/post"}],"author":[{"embeddable":true,"href":"https:\/\/paulinenaue.info\/index.php\/wp-json\/wp\/v2\/users\/1"}],"replies":[{"embeddable":true,"href":"https:\/\/paulinenaue.info\/index.php\/wp-json\/wp\/v2\/comments?post=416143"}],"version-history":[{"count":20,"href":"https:\/\/paulinenaue.info\/index.php\/wp-json\/wp\/v2\/posts\/416143\/revisions"}],"predecessor-version":[{"id":416170,"href":"https:\/\/paulinenaue.info\/index.php\/wp-json\/wp\/v2\/posts\/416143\/revisions\/416170"}],"wp:featuredmedia":[{"embeddable":true,"href":"https:\/\/paulinenaue.info\/index.php\/wp-json\/wp\/v2\/media\/416149"}],"wp:attachment":[{"href":"https:\/\/paulinenaue.info\/index.php\/wp-json\/wp\/v2\/media?parent=416143"}],"wp:term":[{"taxonomy":"category","embeddable":true,"href":"https:\/\/paulinenaue.info\/index.php\/wp-json\/wp\/v2\/categories?post=416143"},{"taxonomy":"post_tag","embeddable":true,"href":"https:\/\/paulinenaue.info\/index.php\/wp-json\/wp\/v2\/tags?post=416143"}],"curies":[{"name":"wp","href":"https:\/\/api.w.org\/{rel}","templated":true}]}}