{"id":416217,"date":"2024-05-04T01:32:37","date_gmt":"2024-05-03T23:32:37","guid":{"rendered":"https:\/\/paulinenaue.info\/?p=416217"},"modified":"2024-05-04T01:38:41","modified_gmt":"2024-05-03T23:38:41","slug":"rbb-bericht-ueber-die-sanierung-der-kirche","status":"publish","type":"post","link":"https:\/\/paulinenaue.info\/index.php\/rbb-bericht-ueber-die-sanierung-der-kirche\/","title":{"rendered":"RBB-Bericht \u00fcber die Sanierung der Kirche"},"content":{"rendered":"<p>Einmal mehr macht sie der Rundfunk Berlin-Brandenburg auf nach Paulinenaue. Diesmal mit einem <a href=\"https:\/\/www.ardmediathek.de\/video\/rbb24-brandenburg-aktuell\/dorfkirche-paulinenaue-wird-saniert\/rbb-fernsehen\/Y3JpZDovL3JiYl83YTlkNmY3OC04YmJkLTQ2NGEtYWY4My03YjE2ZmI5MjljYmVfcHVibGljYXRpb24\">Bericht \u00fcber den Fortschritt der Sanierung unserer Dorfkirche<\/a>. Die Aufnahmen zeigen das Geb\u00e4ude aus der Vogelperspektive und von innen. Die Ausf\u00fchrungen zu Denkmalschutzaspekten sind besonders interessant, denn die Innenausmalung der erst 90 Jahre alten Kirche sah einmal ganz anders aus. In ihren Originalzustand wird die Kirche zur\u00fccksaniert: der Altarraum wird blau, die S\u00e4ulen werden schwarz und das Treppengel\u00e4nder rot. Man darf gespannt sein.<\/p>\n<div id=\"attachment_416220\" style=\"width: 810px\" class=\"wp-caption alignnone\"><a href=\"https:\/\/paulinenaue.info\/wp-content\/uploads\/2024\/05\/2024-04-27-RBB-Beitrag-Farbprobe.jpg\"><img decoding=\"async\" aria-describedby=\"caption-attachment-416220\" data-attachment-id=\"416220\" data-permalink=\"https:\/\/paulinenaue.info\/index.php\/rbb-bericht-ueber-die-sanierung-der-kirche\/2024-04-27-rbb-beitrag-farbprobe\/\" data-orig-file=\"https:\/\/paulinenaue.info\/wp-content\/uploads\/2024\/05\/2024-04-27-RBB-Beitrag-Farbprobe.jpg\" data-orig-size=\"2406,1150\" data-comments-opened=\"1\" data-image-meta=\"{&quot;aperture&quot;:&quot;0&quot;,&quot;credit&quot;:&quot;&quot;,&quot;camera&quot;:&quot;&quot;,&quot;caption&quot;:&quot;&quot;,&quot;created_timestamp&quot;:&quot;0&quot;,&quot;copyright&quot;:&quot;&quot;,&quot;focal_length&quot;:&quot;0&quot;,&quot;iso&quot;:&quot;0&quot;,&quot;shutter_speed&quot;:&quot;0&quot;,&quot;title&quot;:&quot;&quot;,&quot;orientation&quot;:&quot;0&quot;}\" data-image-title=\"2024-04-27, RBB-Beitrag, Farbprobe\" data-image-description=\"\" data-image-caption=\"\" data-large-file=\"https:\/\/paulinenaue.info\/wp-content\/uploads\/2024\/05\/2024-04-27-RBB-Beitrag-Farbprobe-1024x489.jpg\" class=\"lazyload wp-image-416220 size-fusion-800\" src=\"https:\/\/paulinenaue.info\/wp-content\/uploads\/2024\/05\/2024-04-27-RBB-Beitrag-Farbprobe-800x382.jpg\" data-orig-src=\"https:\/\/paulinenaue.info\/wp-content\/uploads\/2024\/05\/2024-04-27-RBB-Beitrag-Farbprobe-800x382.jpg\" alt=\"\" width=\"800\" height=\"382\" srcset=\"data:image\/svg+xml,%3Csvg%20xmlns%3D%27http%3A%2F%2Fwww.w3.org%2F2000%2Fsvg%27%20width%3D%27800%27%20height%3D%27382%27%20viewBox%3D%270%200%20800%20382%27%3E%3Crect%20width%3D%27800%27%20height%3D%27382%27%20fill-opacity%3D%220%22%2F%3E%3C%2Fsvg%3E\" data-srcset=\"https:\/\/paulinenaue.info\/wp-content\/uploads\/2024\/05\/2024-04-27-RBB-Beitrag-Farbprobe-200x96.jpg 200w, https:\/\/paulinenaue.info\/wp-content\/uploads\/2024\/05\/2024-04-27-RBB-Beitrag-Farbprobe-300x143.jpg 300w, https:\/\/paulinenaue.info\/wp-content\/uploads\/2024\/05\/2024-04-27-RBB-Beitrag-Farbprobe-400x191.jpg 400w, https:\/\/paulinenaue.info\/wp-content\/uploads\/2024\/05\/2024-04-27-RBB-Beitrag-Farbprobe-600x287.jpg 600w, https:\/\/paulinenaue.info\/wp-content\/uploads\/2024\/05\/2024-04-27-RBB-Beitrag-Farbprobe-768x367.jpg 768w, https:\/\/paulinenaue.info\/wp-content\/uploads\/2024\/05\/2024-04-27-RBB-Beitrag-Farbprobe-800x382.jpg 800w, https:\/\/paulinenaue.info\/wp-content\/uploads\/2024\/05\/2024-04-27-RBB-Beitrag-Farbprobe-1024x489.jpg 1024w, https:\/\/paulinenaue.info\/wp-content\/uploads\/2024\/05\/2024-04-27-RBB-Beitrag-Farbprobe-1200x574.jpg 1200w, https:\/\/paulinenaue.info\/wp-content\/uploads\/2024\/05\/2024-04-27-RBB-Beitrag-Farbprobe-1536x734.jpg 1536w\" data-sizes=\"auto\" data-orig-sizes=\"(max-width: 800px) 100vw, 800px\" \/><\/a><p id=\"caption-attachment-416220\" class=\"wp-caption-text\"><em>Eine Farbprobe aus dem Altarraum. Foto: RBB 2024<\/em><\/p><\/div>\n","protected":false},"excerpt":{"rendered":"<p>Einmal mehr macht sie der Rundfunk Berlin-Brandenburg auf nach Paulinenaue. [&hellip;]<\/p>\n","protected":false},"author":1,"featured_media":416219,"comment_status":"open","ping_status":"open","sticky":false,"template":"","format":"standard","meta":{"_acf_changed":false,"_price":"","_stock":"","_tribe_ticket_header":"","_tribe_default_ticket_provider":"","_tribe_ticket_capacity":"0","_ticket_start_date":"","_ticket_end_date":"","_tribe_ticket_show_description":"","_tribe_ticket_show_not_going":false,"_tribe_ticket_use_global_stock":"","_tribe_ticket_global_stock_level":"","_global_stock_mode":"","_global_stock_cap":"","_tribe_rsvp_for_event":"","_tribe_ticket_going_count":"","_tribe_ticket_not_going_count":"","_tribe_tickets_list":"[]","_tribe_ticket_has_attendee_info_fields":false,"jetpack_post_was_ever_published":false,"_jetpack_newsletter_access":"","_jetpack_dont_email_post_to_subs":false,"_jetpack_newsletter_tier_id":0,"_jetpack_memberships_contains_paywalled_content":false,"_jetpack_memberships_contains_paid_content":false,"footnotes":"","jetpack_publicize_message":"","jetpack_publicize_feature_enabled":true,"jetpack_social_post_already_shared":true,"jetpack_social_options":{"image_generator_settings":{"template":"highway","default_image_id":0,"font":"","enabled":false},"version":2}},"categories":[1],"tags":[],"class_list":["post-416217","post","type-post","status-publish","format-standard","has-post-thumbnail","hentry","category-allgemein"],"acf":[],"yoast_head":"<!-- This site is optimized with the Yoast SEO plugin v27.5 - https:\/\/yoast.com\/product\/yoast-seo-wordpress\/ -->\n<title>RBB-Bericht \u00fcber die Sanierung der Kirche - Paulinenaue<\/title>\n<meta name=\"robots\" content=\"index, follow, max-snippet:-1, max-image-preview:large, max-video-preview:-1\" \/>\n<link rel=\"canonical\" href=\"https:\/\/paulinenaue.info\/index.php\/rbb-bericht-ueber-die-sanierung-der-kirche\/\" \/>\n<meta property=\"og:locale\" content=\"de_DE\" \/>\n<meta property=\"og:type\" content=\"article\" \/>\n<meta property=\"og:title\" content=\"RBB-Bericht \u00fcber die Sanierung der Kirche - Paulinenaue\" \/>\n<meta property=\"og:description\" content=\"Einmal mehr macht sie der Rundfunk Berlin-Brandenburg auf nach Paulinenaue. [&hellip;]\" \/>\n<meta property=\"og:url\" content=\"https:\/\/paulinenaue.info\/index.php\/rbb-bericht-ueber-die-sanierung-der-kirche\/\" \/>\n<meta property=\"og:site_name\" content=\"Paulinenaue\" \/>\n<meta property=\"article:published_time\" content=\"2024-05-03T23:32:37+00:00\" \/>\n<meta property=\"article:modified_time\" content=\"2024-05-03T23:38:41+00:00\" \/>\n<meta property=\"og:image\" content=\"https:\/\/paulinenaue.info\/wp-content\/uploads\/2024\/05\/2024-04-27-rbb24_Brandenburg_aktuell__Dorfkirche_Paulinenaue_wird_saniert___ARD_Mediathek-scaled.jpg\" \/>\n\t<meta property=\"og:image:width\" content=\"2560\" \/>\n\t<meta property=\"og:image:height\" content=\"1799\" \/>\n\t<meta property=\"og:image:type\" content=\"image\/jpeg\" \/>\n<meta name=\"author\" content=\"Joachim Scholz\" \/>\n<meta name=\"twitter:card\" content=\"summary_large_image\" \/>\n<meta name=\"twitter:label1\" content=\"Verfasst von\" \/>\n\t<meta name=\"twitter:data1\" content=\"Joachim Scholz\" \/>\n\t<meta name=\"twitter:label2\" content=\"Gesch\u00e4tzte Lesezeit\" \/>\n\t<meta name=\"twitter:data2\" content=\"1\u00a0Minute\" \/>\n<script type=\"application\/ld+json\" class=\"yoast-schema-graph\">{\"@context\":\"https:\\\/\\\/schema.org\",\"@graph\":[{\"@type\":\"Article\",\"@id\":\"https:\\\/\\\/paulinenaue.info\\\/index.php\\\/rbb-bericht-ueber-die-sanierung-der-kirche\\\/#article\",\"isPartOf\":{\"@id\":\"https:\\\/\\\/paulinenaue.info\\\/index.php\\\/rbb-bericht-ueber-die-sanierung-der-kirche\\\/\"},\"author\":{\"name\":\"Joachim Scholz\",\"@id\":\"https:\\\/\\\/paulinenaue.info\\\/#\\\/schema\\\/person\\\/3f9e818fd7b69b0d2bd937ac506897cc\"},\"headline\":\"RBB-Bericht \u00fcber die Sanierung der Kirche\",\"datePublished\":\"2024-05-03T23:32:37+00:00\",\"dateModified\":\"2024-05-03T23:38:41+00:00\",\"mainEntityOfPage\":{\"@id\":\"https:\\\/\\\/paulinenaue.info\\\/index.php\\\/rbb-bericht-ueber-die-sanierung-der-kirche\\\/\"},\"wordCount\":100,\"commentCount\":0,\"image\":{\"@id\":\"https:\\\/\\\/paulinenaue.info\\\/index.php\\\/rbb-bericht-ueber-die-sanierung-der-kirche\\\/#primaryimage\"},\"thumbnailUrl\":\"https:\\\/\\\/paulinenaue.info\\\/wp-content\\\/uploads\\\/2024\\\/05\\\/2024-04-27-rbb24_Brandenburg_aktuell__Dorfkirche_Paulinenaue_wird_saniert___ARD_Mediathek-scaled.jpg\",\"inLanguage\":\"de\",\"potentialAction\":[{\"@type\":\"CommentAction\",\"name\":\"Comment\",\"target\":[\"https:\\\/\\\/paulinenaue.info\\\/index.php\\\/rbb-bericht-ueber-die-sanierung-der-kirche\\\/#respond\"]}]},{\"@type\":\"WebPage\",\"@id\":\"https:\\\/\\\/paulinenaue.info\\\/index.php\\\/rbb-bericht-ueber-die-sanierung-der-kirche\\\/\",\"url\":\"https:\\\/\\\/paulinenaue.info\\\/index.php\\\/rbb-bericht-ueber-die-sanierung-der-kirche\\\/\",\"name\":\"RBB-Bericht \u00fcber die Sanierung der Kirche - Paulinenaue\",\"isPartOf\":{\"@id\":\"https:\\\/\\\/paulinenaue.info\\\/#website\"},\"primaryImageOfPage\":{\"@id\":\"https:\\\/\\\/paulinenaue.info\\\/index.php\\\/rbb-bericht-ueber-die-sanierung-der-kirche\\\/#primaryimage\"},\"image\":{\"@id\":\"https:\\\/\\\/paulinenaue.info\\\/index.php\\\/rbb-bericht-ueber-die-sanierung-der-kirche\\\/#primaryimage\"},\"thumbnailUrl\":\"https:\\\/\\\/paulinenaue.info\\\/wp-content\\\/uploads\\\/2024\\\/05\\\/2024-04-27-rbb24_Brandenburg_aktuell__Dorfkirche_Paulinenaue_wird_saniert___ARD_Mediathek-scaled.jpg\",\"datePublished\":\"2024-05-03T23:32:37+00:00\",\"dateModified\":\"2024-05-03T23:38:41+00:00\",\"author\":{\"@id\":\"https:\\\/\\\/paulinenaue.info\\\/#\\\/schema\\\/person\\\/3f9e818fd7b69b0d2bd937ac506897cc\"},\"breadcrumb\":{\"@id\":\"https:\\\/\\\/paulinenaue.info\\\/index.php\\\/rbb-bericht-ueber-die-sanierung-der-kirche\\\/#breadcrumb\"},\"inLanguage\":\"de\",\"potentialAction\":[{\"@type\":\"ReadAction\",\"target\":[\"https:\\\/\\\/paulinenaue.info\\\/index.php\\\/rbb-bericht-ueber-die-sanierung-der-kirche\\\/\"]}]},{\"@type\":\"ImageObject\",\"inLanguage\":\"de\",\"@id\":\"https:\\\/\\\/paulinenaue.info\\\/index.php\\\/rbb-bericht-ueber-die-sanierung-der-kirche\\\/#primaryimage\",\"url\":\"https:\\\/\\\/paulinenaue.info\\\/wp-content\\\/uploads\\\/2024\\\/05\\\/2024-04-27-rbb24_Brandenburg_aktuell__Dorfkirche_Paulinenaue_wird_saniert___ARD_Mediathek-scaled.jpg\",\"contentUrl\":\"https:\\\/\\\/paulinenaue.info\\\/wp-content\\\/uploads\\\/2024\\\/05\\\/2024-04-27-rbb24_Brandenburg_aktuell__Dorfkirche_Paulinenaue_wird_saniert___ARD_Mediathek-scaled.jpg\",\"width\":2560,\"height\":1799},{\"@type\":\"BreadcrumbList\",\"@id\":\"https:\\\/\\\/paulinenaue.info\\\/index.php\\\/rbb-bericht-ueber-die-sanierung-der-kirche\\\/#breadcrumb\",\"itemListElement\":[{\"@type\":\"ListItem\",\"position\":1,\"name\":\"Home\",\"item\":\"https:\\\/\\\/paulinenaue.info\\\/\"},{\"@type\":\"ListItem\",\"position\":2,\"name\":\"RBB-Bericht \u00fcber die Sanierung der Kirche\"}]},{\"@type\":\"WebSite\",\"@id\":\"https:\\\/\\\/paulinenaue.info\\\/#website\",\"url\":\"https:\\\/\\\/paulinenaue.info\\\/\",\"name\":\"Paulinenaue\",\"description\":\"Ein Dorf im Havelland\",\"potentialAction\":[{\"@type\":\"SearchAction\",\"target\":{\"@type\":\"EntryPoint\",\"urlTemplate\":\"https:\\\/\\\/paulinenaue.info\\\/?s={search_term_string}\"},\"query-input\":{\"@type\":\"PropertyValueSpecification\",\"valueRequired\":true,\"valueName\":\"search_term_string\"}}],\"inLanguage\":\"de\"},{\"@type\":\"Person\",\"@id\":\"https:\\\/\\\/paulinenaue.info\\\/#\\\/schema\\\/person\\\/3f9e818fd7b69b0d2bd937ac506897cc\",\"name\":\"Joachim Scholz\",\"url\":\"https:\\\/\\\/paulinenaue.info\\\/index.php\\\/author\\\/jjscholz\\\/\"}]}<\/script>\n<!-- \/ Yoast SEO plugin. -->","yoast_head_json":{"title":"RBB-Bericht \u00fcber die Sanierung der Kirche - Paulinenaue","robots":{"index":"index","follow":"follow","max-snippet":"max-snippet:-1","max-image-preview":"max-image-preview:large","max-video-preview":"max-video-preview:-1"},"canonical":"https:\/\/paulinenaue.info\/index.php\/rbb-bericht-ueber-die-sanierung-der-kirche\/","og_locale":"de_DE","og_type":"article","og_title":"RBB-Bericht \u00fcber die Sanierung der Kirche - Paulinenaue","og_description":"Einmal mehr macht sie der Rundfunk Berlin-Brandenburg auf nach Paulinenaue. [&hellip;]","og_url":"https:\/\/paulinenaue.info\/index.php\/rbb-bericht-ueber-die-sanierung-der-kirche\/","og_site_name":"Paulinenaue","article_published_time":"2024-05-03T23:32:37+00:00","article_modified_time":"2024-05-03T23:38:41+00:00","og_image":[{"width":2560,"height":1799,"url":"https:\/\/paulinenaue.info\/wp-content\/uploads\/2024\/05\/2024-04-27-rbb24_Brandenburg_aktuell__Dorfkirche_Paulinenaue_wird_saniert___ARD_Mediathek-scaled.jpg","type":"image\/jpeg"}],"author":"Joachim Scholz","twitter_card":"summary_large_image","twitter_misc":{"Verfasst von":"Joachim Scholz","Gesch\u00e4tzte Lesezeit":"1\u00a0Minute"},"schema":{"@context":"https:\/\/schema.org","@graph":[{"@type":"Article","@id":"https:\/\/paulinenaue.info\/index.php\/rbb-bericht-ueber-die-sanierung-der-kirche\/#article","isPartOf":{"@id":"https:\/\/paulinenaue.info\/index.php\/rbb-bericht-ueber-die-sanierung-der-kirche\/"},"author":{"name":"Joachim Scholz","@id":"https:\/\/paulinenaue.info\/#\/schema\/person\/3f9e818fd7b69b0d2bd937ac506897cc"},"headline":"RBB-Bericht \u00fcber die Sanierung der Kirche","datePublished":"2024-05-03T23:32:37+00:00","dateModified":"2024-05-03T23:38:41+00:00","mainEntityOfPage":{"@id":"https:\/\/paulinenaue.info\/index.php\/rbb-bericht-ueber-die-sanierung-der-kirche\/"},"wordCount":100,"commentCount":0,"image":{"@id":"https:\/\/paulinenaue.info\/index.php\/rbb-bericht-ueber-die-sanierung-der-kirche\/#primaryimage"},"thumbnailUrl":"https:\/\/paulinenaue.info\/wp-content\/uploads\/2024\/05\/2024-04-27-rbb24_Brandenburg_aktuell__Dorfkirche_Paulinenaue_wird_saniert___ARD_Mediathek-scaled.jpg","inLanguage":"de","potentialAction":[{"@type":"CommentAction","name":"Comment","target":["https:\/\/paulinenaue.info\/index.php\/rbb-bericht-ueber-die-sanierung-der-kirche\/#respond"]}]},{"@type":"WebPage","@id":"https:\/\/paulinenaue.info\/index.php\/rbb-bericht-ueber-die-sanierung-der-kirche\/","url":"https:\/\/paulinenaue.info\/index.php\/rbb-bericht-ueber-die-sanierung-der-kirche\/","name":"RBB-Bericht \u00fcber die Sanierung der Kirche - Paulinenaue","isPartOf":{"@id":"https:\/\/paulinenaue.info\/#website"},"primaryImageOfPage":{"@id":"https:\/\/paulinenaue.info\/index.php\/rbb-bericht-ueber-die-sanierung-der-kirche\/#primaryimage"},"image":{"@id":"https:\/\/paulinenaue.info\/index.php\/rbb-bericht-ueber-die-sanierung-der-kirche\/#primaryimage"},"thumbnailUrl":"https:\/\/paulinenaue.info\/wp-content\/uploads\/2024\/05\/2024-04-27-rbb24_Brandenburg_aktuell__Dorfkirche_Paulinenaue_wird_saniert___ARD_Mediathek-scaled.jpg","datePublished":"2024-05-03T23:32:37+00:00","dateModified":"2024-05-03T23:38:41+00:00","author":{"@id":"https:\/\/paulinenaue.info\/#\/schema\/person\/3f9e818fd7b69b0d2bd937ac506897cc"},"breadcrumb":{"@id":"https:\/\/paulinenaue.info\/index.php\/rbb-bericht-ueber-die-sanierung-der-kirche\/#breadcrumb"},"inLanguage":"de","potentialAction":[{"@type":"ReadAction","target":["https:\/\/paulinenaue.info\/index.php\/rbb-bericht-ueber-die-sanierung-der-kirche\/"]}]},{"@type":"ImageObject","inLanguage":"de","@id":"https:\/\/paulinenaue.info\/index.php\/rbb-bericht-ueber-die-sanierung-der-kirche\/#primaryimage","url":"https:\/\/paulinenaue.info\/wp-content\/uploads\/2024\/05\/2024-04-27-rbb24_Brandenburg_aktuell__Dorfkirche_Paulinenaue_wird_saniert___ARD_Mediathek-scaled.jpg","contentUrl":"https:\/\/paulinenaue.info\/wp-content\/uploads\/2024\/05\/2024-04-27-rbb24_Brandenburg_aktuell__Dorfkirche_Paulinenaue_wird_saniert___ARD_Mediathek-scaled.jpg","width":2560,"height":1799},{"@type":"BreadcrumbList","@id":"https:\/\/paulinenaue.info\/index.php\/rbb-bericht-ueber-die-sanierung-der-kirche\/#breadcrumb","itemListElement":[{"@type":"ListItem","position":1,"name":"Home","item":"https:\/\/paulinenaue.info\/"},{"@type":"ListItem","position":2,"name":"RBB-Bericht \u00fcber die Sanierung der Kirche"}]},{"@type":"WebSite","@id":"https:\/\/paulinenaue.info\/#website","url":"https:\/\/paulinenaue.info\/","name":"Paulinenaue","description":"Ein Dorf im Havelland","potentialAction":[{"@type":"SearchAction","target":{"@type":"EntryPoint","urlTemplate":"https:\/\/paulinenaue.info\/?s={search_term_string}"},"query-input":{"@type":"PropertyValueSpecification","valueRequired":true,"valueName":"search_term_string"}}],"inLanguage":"de"},{"@type":"Person","@id":"https:\/\/paulinenaue.info\/#\/schema\/person\/3f9e818fd7b69b0d2bd937ac506897cc","name":"Joachim Scholz","url":"https:\/\/paulinenaue.info\/index.php\/author\/jjscholz\/"}]}},"jetpack_publicize_connections":[],"jetpack_featured_media_url":"https:\/\/paulinenaue.info\/wp-content\/uploads\/2024\/05\/2024-04-27-rbb24_Brandenburg_aktuell__Dorfkirche_Paulinenaue_wird_saniert___ARD_Mediathek-scaled.jpg","jetpack_sharing_enabled":true,"jetpack_shortlink":"https:\/\/wp.me\/pcYhWA-1Khb","jetpack-related-posts":[{"id":415047,"url":"https:\/\/paulinenaue.info\/index.php\/die-sanierung-der-paulinenauer-dorfkirche-beginnt\/","url_meta":{"origin":416217,"position":0},"title":"Die Sanierung der Paulinenauer Dorfkirche beginnt","author":"Joachim Scholz","date":"16. M\u00e4rz 2023","format":false,"excerpt":"Etwa ein Menschenleben ist vergangen, seit die Paulinenauer in ihrem Dorf eine neue Kirche erhielten. Nun ist nach genau 90 Jahren die Zeit f\u00fcr eine gr\u00fcndliche Erneuerung des Geb\u00e4udes gekommen. Andreas Flender gibt f\u00fcr unsere Website Auskunft dar\u00fcber, was in Sachen Kirchsanierung in der n\u00e4chsten Zeit geschieht: Zuna\u0308chst werden verschiedene\u2026","rel":"","context":"In &quot;Allgemein&quot;","block_context":{"text":"Allgemein","link":"https:\/\/paulinenaue.info\/index.php\/category\/allgemein\/"},"img":{"alt_text":"","src":"https:\/\/i0.wp.com\/paulinenaue.info\/wp-content\/uploads\/2023\/03\/2023-03-15-Kirche-01.jpeg?resize=350%2C200&ssl=1","width":350,"height":200,"srcset":"https:\/\/i0.wp.com\/paulinenaue.info\/wp-content\/uploads\/2023\/03\/2023-03-15-Kirche-01.jpeg?resize=350%2C200&ssl=1 1x, https:\/\/i0.wp.com\/paulinenaue.info\/wp-content\/uploads\/2023\/03\/2023-03-15-Kirche-01.jpeg?resize=525%2C300&ssl=1 1.5x, https:\/\/i0.wp.com\/paulinenaue.info\/wp-content\/uploads\/2023\/03\/2023-03-15-Kirche-01.jpeg?resize=700%2C400&ssl=1 2x"},"classes":[]},{"id":184284,"url":"https:\/\/paulinenaue.info\/index.php\/kirche-wird-saniert-und-multifunktional-nutzbar\/","url_meta":{"origin":416217,"position":1},"title":"Kirche wird saniert und multifunktional nutzbar","author":"Joachim Scholz","date":"29. Mai 2022","format":false,"excerpt":"von Andreas Flender, ehrenamtlicher Mitarbeiter und Bauverantwortlicher der evangelischen Kirchengemeinde In der Paulinenauer Kirche soll demn\u00e4chst ein Dorftreff entstehen. Es gibt daf\u00fcr Interesse von Vereinen, die bisher keine eigenen R\u00e4ume haben. Denkbar ist, dass der Kulturverein oder das Gemeinschaftswerk Soziale Dienste den Treff nutzen wird. Die Notfallseelsorge m\u00f6chte dort Gruppenabende\u2026","rel":"","context":"In &quot;Allgemein&quot;","block_context":{"text":"Allgemein","link":"https:\/\/paulinenaue.info\/index.php\/category\/allgemein\/"},"img":{"alt_text":"","src":"https:\/\/i0.wp.com\/paulinenaue.info\/wp-content\/uploads\/2022\/05\/2022-05-28-Paulinenaue-Kirche.jpg?resize=350%2C200&ssl=1","width":350,"height":200,"srcset":"https:\/\/i0.wp.com\/paulinenaue.info\/wp-content\/uploads\/2022\/05\/2022-05-28-Paulinenaue-Kirche.jpg?resize=350%2C200&ssl=1 1x, https:\/\/i0.wp.com\/paulinenaue.info\/wp-content\/uploads\/2022\/05\/2022-05-28-Paulinenaue-Kirche.jpg?resize=525%2C300&ssl=1 1.5x, https:\/\/i0.wp.com\/paulinenaue.info\/wp-content\/uploads\/2022\/05\/2022-05-28-Paulinenaue-Kirche.jpg?resize=700%2C400&ssl=1 2x"},"classes":[]},{"id":415532,"url":"https:\/\/paulinenaue.info\/index.php\/kirchsanierung-neues-dach-nach-55-jahren\/","url_meta":{"origin":416217,"position":2},"title":"Kirchsanierung &#8211; Neues Dach nach 55 Jahren","author":"Joachim Scholz","date":"6. Dezember 2023","format":false,"excerpt":"","rel":"","context":"In &quot;Allgemein&quot;","block_context":{"text":"Allgemein","link":"https:\/\/paulinenaue.info\/index.php\/category\/allgemein\/"},"img":{"alt_text":"","src":"https:\/\/i0.wp.com\/paulinenaue.info\/wp-content\/uploads\/2023\/12\/2023-11-25-Kirche-eingeruestet.jpeg?resize=350%2C200&ssl=1","width":350,"height":200,"srcset":"https:\/\/i0.wp.com\/paulinenaue.info\/wp-content\/uploads\/2023\/12\/2023-11-25-Kirche-eingeruestet.jpeg?resize=350%2C200&ssl=1 1x, https:\/\/i0.wp.com\/paulinenaue.info\/wp-content\/uploads\/2023\/12\/2023-11-25-Kirche-eingeruestet.jpeg?resize=525%2C300&ssl=1 1.5x, https:\/\/i0.wp.com\/paulinenaue.info\/wp-content\/uploads\/2023\/12\/2023-11-25-Kirche-eingeruestet.jpeg?resize=700%2C400&ssl=1 2x"},"classes":[]},{"id":417135,"url":"https:\/\/paulinenaue.info\/index.php\/ein-blick-in-die-fast-fertig-sanierte-kirche\/","url_meta":{"origin":416217,"position":3},"title":"Ein Blick in die fast fertig sanierte Kirche","author":"Joachim Scholz","date":"15. Dezember 2024","format":false,"excerpt":"Nicht nur in Paulinenauer Kinderherzen w\u00e4chst gerade die vorweihnachtliche Spannung. Sie zeigt sich auch in emsigen Vorbereitungen an einem Geb\u00e4ude, das am Heiligen Abend eine besondere Rolle spielen soll. Die Sanierung der Paulinenauer Dorfkirche steht unmittelbar vor dem Abschluss und wenn alles wie geplant abl\u00e4uft, dann wird der Gottesdienst am\u2026","rel":"","context":"In &quot;Allgemein&quot;","block_context":{"text":"Allgemein","link":"https:\/\/paulinenaue.info\/index.php\/category\/allgemein\/"},"img":{"alt_text":"","src":"https:\/\/i0.wp.com\/paulinenaue.info\/wp-content\/uploads\/2024\/12\/2024-12-13_10-21-54-1.jpg?resize=350%2C200&ssl=1","width":350,"height":200,"srcset":"https:\/\/i0.wp.com\/paulinenaue.info\/wp-content\/uploads\/2024\/12\/2024-12-13_10-21-54-1.jpg?resize=350%2C200&ssl=1 1x, https:\/\/i0.wp.com\/paulinenaue.info\/wp-content\/uploads\/2024\/12\/2024-12-13_10-21-54-1.jpg?resize=525%2C300&ssl=1 1.5x, https:\/\/i0.wp.com\/paulinenaue.info\/wp-content\/uploads\/2024\/12\/2024-12-13_10-21-54-1.jpg?resize=700%2C400&ssl=1 2x, https:\/\/i0.wp.com\/paulinenaue.info\/wp-content\/uploads\/2024\/12\/2024-12-13_10-21-54-1.jpg?resize=1050%2C600&ssl=1 3x, https:\/\/i0.wp.com\/paulinenaue.info\/wp-content\/uploads\/2024\/12\/2024-12-13_10-21-54-1.jpg?resize=1400%2C800&ssl=1 4x"},"classes":[]},{"id":143058,"url":"https:\/\/paulinenaue.info\/index.php\/erfolgreicher-dorfputz\/","url_meta":{"origin":416217,"position":4},"title":"Erfolgreicher Dorfputz","author":"Sarah","date":"26. April 2022","format":false,"excerpt":"","rel":"","context":"In &quot;Gemeinde Paulinenaue&quot;","block_context":{"text":"Gemeinde Paulinenaue","link":"https:\/\/paulinenaue.info\/index.php\/category\/gemeinde-paulinenaue\/"},"img":{"alt_text":"","src":"https:\/\/i0.wp.com\/paulinenaue.info\/wp-content\/uploads\/2022\/04\/IMG-20220409-WA0000.jpg?resize=350%2C200&ssl=1","width":350,"height":200,"srcset":"https:\/\/i0.wp.com\/paulinenaue.info\/wp-content\/uploads\/2022\/04\/IMG-20220409-WA0000.jpg?resize=350%2C200&ssl=1 1x, https:\/\/i0.wp.com\/paulinenaue.info\/wp-content\/uploads\/2022\/04\/IMG-20220409-WA0000.jpg?resize=525%2C300&ssl=1 1.5x, https:\/\/i0.wp.com\/paulinenaue.info\/wp-content\/uploads\/2022\/04\/IMG-20220409-WA0000.jpg?resize=700%2C400&ssl=1 2x"},"classes":[]},{"id":418004,"url":"https:\/\/paulinenaue.info\/index.php\/kirchsanierung-paulinenaue\/","url_meta":{"origin":416217,"position":5},"title":"Das n\u00e4chste Mal in zwei Generationen:\u00a0Paulinenaue feiert Kirchsanierung","author":"Joachim Scholz","date":"2. Juni 2025","format":false,"excerpt":"Lange im Vorfeld war der Termin f\u00fcr das Kirchenfest am 1. Juni festgelegt worden. Je n\u00e4her er heranr\u00fcckte, desto emsiger liefen die Vorbereitungen. Pfarrer Michael Jurk wollte nichts dem Zufall \u00fcberlassen, denn der Anlass war so selten wie sch\u00f6n: Gefeiert wurde der Abschluss der Sanierung der Paulinenauer Dorfkirche. Die letzten\u2026","rel":"","context":"In &quot;Allgemein&quot;","block_context":{"text":"Allgemein","link":"https:\/\/paulinenaue.info\/index.php\/category\/allgemein\/"},"img":{"alt_text":"","src":"https:\/\/i0.wp.com\/paulinenaue.info\/wp-content\/uploads\/2025\/06\/DSC07228.jpeg?resize=350%2C200&ssl=1","width":350,"height":200,"srcset":"https:\/\/i0.wp.com\/paulinenaue.info\/wp-content\/uploads\/2025\/06\/DSC07228.jpeg?resize=350%2C200&ssl=1 1x, https:\/\/i0.wp.com\/paulinenaue.info\/wp-content\/uploads\/2025\/06\/DSC07228.jpeg?resize=525%2C300&ssl=1 1.5x, https:\/\/i0.wp.com\/paulinenaue.info\/wp-content\/uploads\/2025\/06\/DSC07228.jpeg?resize=700%2C400&ssl=1 2x"},"classes":[]}],"_links":{"self":[{"href":"https:\/\/paulinenaue.info\/index.php\/wp-json\/wp\/v2\/posts\/416217","targetHints":{"allow":["GET"]}}],"collection":[{"href":"https:\/\/paulinenaue.info\/index.php\/wp-json\/wp\/v2\/posts"}],"about":[{"href":"https:\/\/paulinenaue.info\/index.php\/wp-json\/wp\/v2\/types\/post"}],"author":[{"embeddable":true,"href":"https:\/\/paulinenaue.info\/index.php\/wp-json\/wp\/v2\/users\/1"}],"replies":[{"embeddable":true,"href":"https:\/\/paulinenaue.info\/index.php\/wp-json\/wp\/v2\/comments?post=416217"}],"version-history":[{"count":3,"href":"https:\/\/paulinenaue.info\/index.php\/wp-json\/wp\/v2\/posts\/416217\/revisions"}],"predecessor-version":[{"id":416222,"href":"https:\/\/paulinenaue.info\/index.php\/wp-json\/wp\/v2\/posts\/416217\/revisions\/416222"}],"wp:featuredmedia":[{"embeddable":true,"href":"https:\/\/paulinenaue.info\/index.php\/wp-json\/wp\/v2\/media\/416219"}],"wp:attachment":[{"href":"https:\/\/paulinenaue.info\/index.php\/wp-json\/wp\/v2\/media?parent=416217"}],"wp:term":[{"taxonomy":"category","embeddable":true,"href":"https:\/\/paulinenaue.info\/index.php\/wp-json\/wp\/v2\/categories?post=416217"},{"taxonomy":"post_tag","embeddable":true,"href":"https:\/\/paulinenaue.info\/index.php\/wp-json\/wp\/v2\/tags?post=416217"}],"curies":[{"name":"wp","href":"https:\/\/api.w.org\/{rel}","templated":true}]}}