{"id":416362,"date":"2024-05-30T20:12:50","date_gmt":"2024-05-30T18:12:50","guid":{"rendered":"https:\/\/paulinenaue.info\/?p=416362"},"modified":"2024-06-03T20:47:49","modified_gmt":"2024-06-03T18:47:49","slug":"einzelbewerber-zur-kommunalwahl","status":"publish","type":"post","link":"https:\/\/paulinenaue.info\/index.php\/einzelbewerber-zur-kommunalwahl\/","title":{"rendered":"Einzelbewerber zur Kommunalwahl"},"content":{"rendered":"<p><a href=\"https:\/\/paulinenaue.info\/wp-content\/uploads\/2024\/05\/Scan.jpeg\"><img decoding=\"async\" data-attachment-id=\"416371\" data-permalink=\"https:\/\/paulinenaue.info\/index.php\/einzelbewerber-zur-kommunalwahl\/scan\/\" data-orig-file=\"https:\/\/paulinenaue.info\/wp-content\/uploads\/2024\/05\/Scan-e1717440449501.jpeg\" data-orig-size=\"1730,1004\" data-comments-opened=\"1\" data-image-meta=\"{&quot;aperture&quot;:&quot;0&quot;,&quot;credit&quot;:&quot;&quot;,&quot;camera&quot;:&quot;&quot;,&quot;caption&quot;:&quot;&quot;,&quot;created_timestamp&quot;:&quot;0&quot;,&quot;copyright&quot;:&quot;&quot;,&quot;focal_length&quot;:&quot;0&quot;,&quot;iso&quot;:&quot;0&quot;,&quot;shutter_speed&quot;:&quot;0&quot;,&quot;title&quot;:&quot;&quot;,&quot;orientation&quot;:&quot;1&quot;}\" data-image-title=\"Scan\" data-image-description=\"\" data-image-caption=\"\" data-large-file=\"https:\/\/paulinenaue.info\/wp-content\/uploads\/2024\/05\/Scan-e1717440449501-1024x594.jpeg\" class=\"lazyload alignnone size-medium wp-image-416371\" src=\"data:image\/svg+xml,%3Csvg%20xmlns%3D%27http%3A%2F%2Fwww.w3.org%2F2000%2Fsvg%27%20width%3D%27213%27%20height%3D%27300%27%20viewBox%3D%270%200%20213%20300%27%3E%3Crect%20width%3D%27213%27%20height%3D%27300%27%20fill-opacity%3D%220%22%2F%3E%3C%2Fsvg%3E\" data-orig-src=\"https:\/\/paulinenaue.info\/wp-content\/uploads\/2024\/05\/Scan-213x300.jpeg\" alt=\"\" width=\"213\" height=\"300\" \/><\/a><\/p>\n","protected":false},"excerpt":{"rendered":"","protected":false},"author":15,"featured_media":416371,"comment_status":"open","ping_status":"open","sticky":false,"template":"","format":"standard","meta":{"_acf_changed":false,"_price":"","_stock":"","_tribe_ticket_header":"","_tribe_default_ticket_provider":"","_tribe_ticket_capacity":"0","_ticket_start_date":"","_ticket_end_date":"","_tribe_ticket_show_description":"","_tribe_ticket_show_not_going":false,"_tribe_ticket_use_global_stock":"","_tribe_ticket_global_stock_level":"","_global_stock_mode":"","_global_stock_cap":"","_tribe_rsvp_for_event":"","_tribe_ticket_going_count":"","_tribe_ticket_not_going_count":"","_tribe_tickets_list":"[]","_tribe_ticket_has_attendee_info_fields":false,"jetpack_post_was_ever_published":false,"_jetpack_newsletter_access":"","_jetpack_dont_email_post_to_subs":false,"_jetpack_newsletter_tier_id":0,"_jetpack_memberships_contains_paywalled_content":false,"_jetpack_memberships_contains_paid_content":false,"footnotes":"","jetpack_publicize_message":"","jetpack_publicize_feature_enabled":true,"jetpack_social_post_already_shared":true,"jetpack_social_options":{"image_generator_settings":{"template":"highway","default_image_id":0,"font":"","enabled":false},"version":2}},"categories":[1,40,519,439,6,9,514],"tags":[],"class_list":["post-416362","post","type-post","status-publish","format-standard","has-post-thumbnail","hentry","category-allgemein","category-dorfentwicklung","category-ehrenamt","category-gemeinde-paulinenaue","category-hier-zuhause","category-neuigkeiten","category-pauerfrauen"],"acf":[],"yoast_head":"<!-- This site is optimized with the Yoast SEO plugin v27.5 - https:\/\/yoast.com\/product\/yoast-seo-wordpress\/ -->\n<title>Einzelbewerber zur Kommunalwahl - Paulinenaue<\/title>\n<meta name=\"robots\" content=\"index, follow, max-snippet:-1, max-image-preview:large, max-video-preview:-1\" \/>\n<link rel=\"canonical\" href=\"https:\/\/paulinenaue.info\/index.php\/einzelbewerber-zur-kommunalwahl\/\" \/>\n<meta property=\"og:locale\" content=\"de_DE\" \/>\n<meta property=\"og:type\" content=\"article\" \/>\n<meta property=\"og:title\" content=\"Einzelbewerber zur Kommunalwahl - Paulinenaue\" \/>\n<meta property=\"og:url\" content=\"https:\/\/paulinenaue.info\/index.php\/einzelbewerber-zur-kommunalwahl\/\" \/>\n<meta property=\"og:site_name\" content=\"Paulinenaue\" \/>\n<meta property=\"article:published_time\" content=\"2024-05-30T18:12:50+00:00\" \/>\n<meta property=\"article:modified_time\" content=\"2024-06-03T18:47:49+00:00\" \/>\n<meta property=\"og:image\" content=\"https:\/\/paulinenaue.info\/wp-content\/uploads\/2024\/05\/Scan-e1717440449501.jpeg\" \/>\n\t<meta property=\"og:image:width\" content=\"1730\" \/>\n\t<meta property=\"og:image:height\" content=\"1004\" \/>\n\t<meta property=\"og:image:type\" content=\"image\/jpeg\" \/>\n<meta name=\"author\" content=\"Christian Schaller\" \/>\n<meta name=\"twitter:card\" content=\"summary_large_image\" \/>\n<meta name=\"twitter:label1\" content=\"Verfasst von\" \/>\n\t<meta name=\"twitter:data1\" content=\"Christian Schaller\" \/>\n\t<meta name=\"twitter:label2\" content=\"Gesch\u00e4tzte Lesezeit\" \/>\n\t<meta name=\"twitter:data2\" content=\"1\u00a0Minute\" \/>\n<script type=\"application\/ld+json\" class=\"yoast-schema-graph\">{\"@context\":\"https:\\\/\\\/schema.org\",\"@graph\":[{\"@type\":\"Article\",\"@id\":\"https:\\\/\\\/paulinenaue.info\\\/index.php\\\/einzelbewerber-zur-kommunalwahl\\\/#article\",\"isPartOf\":{\"@id\":\"https:\\\/\\\/paulinenaue.info\\\/index.php\\\/einzelbewerber-zur-kommunalwahl\\\/\"},\"author\":{\"name\":\"Christian Schaller\",\"@id\":\"https:\\\/\\\/paulinenaue.info\\\/#\\\/schema\\\/person\\\/c42f96c50a6238e30cc5097f4a63d810\"},\"headline\":\"Einzelbewerber zur Kommunalwahl\",\"datePublished\":\"2024-05-30T18:12:50+00:00\",\"dateModified\":\"2024-06-03T18:47:49+00:00\",\"mainEntityOfPage\":{\"@id\":\"https:\\\/\\\/paulinenaue.info\\\/index.php\\\/einzelbewerber-zur-kommunalwahl\\\/\"},\"wordCount\":3,\"commentCount\":0,\"image\":{\"@id\":\"https:\\\/\\\/paulinenaue.info\\\/index.php\\\/einzelbewerber-zur-kommunalwahl\\\/#primaryimage\"},\"thumbnailUrl\":\"https:\\\/\\\/paulinenaue.info\\\/wp-content\\\/uploads\\\/2024\\\/05\\\/Scan-e1717440449501.jpeg\",\"articleSection\":{\"1\":\"Dorfentwicklung\",\"2\":\"Ehrenamt\",\"3\":\"Gemeinde Paulinenaue\",\"4\":\"Hier Zuhause\",\"5\":\"Neuigkeiten\",\"6\":\"Pauerfrauen\"},\"inLanguage\":\"de\",\"potentialAction\":[{\"@type\":\"CommentAction\",\"name\":\"Comment\",\"target\":[\"https:\\\/\\\/paulinenaue.info\\\/index.php\\\/einzelbewerber-zur-kommunalwahl\\\/#respond\"]}]},{\"@type\":\"WebPage\",\"@id\":\"https:\\\/\\\/paulinenaue.info\\\/index.php\\\/einzelbewerber-zur-kommunalwahl\\\/\",\"url\":\"https:\\\/\\\/paulinenaue.info\\\/index.php\\\/einzelbewerber-zur-kommunalwahl\\\/\",\"name\":\"Einzelbewerber zur Kommunalwahl - Paulinenaue\",\"isPartOf\":{\"@id\":\"https:\\\/\\\/paulinenaue.info\\\/#website\"},\"primaryImageOfPage\":{\"@id\":\"https:\\\/\\\/paulinenaue.info\\\/index.php\\\/einzelbewerber-zur-kommunalwahl\\\/#primaryimage\"},\"image\":{\"@id\":\"https:\\\/\\\/paulinenaue.info\\\/index.php\\\/einzelbewerber-zur-kommunalwahl\\\/#primaryimage\"},\"thumbnailUrl\":\"https:\\\/\\\/paulinenaue.info\\\/wp-content\\\/uploads\\\/2024\\\/05\\\/Scan-e1717440449501.jpeg\",\"datePublished\":\"2024-05-30T18:12:50+00:00\",\"dateModified\":\"2024-06-03T18:47:49+00:00\",\"author\":{\"@id\":\"https:\\\/\\\/paulinenaue.info\\\/#\\\/schema\\\/person\\\/c42f96c50a6238e30cc5097f4a63d810\"},\"breadcrumb\":{\"@id\":\"https:\\\/\\\/paulinenaue.info\\\/index.php\\\/einzelbewerber-zur-kommunalwahl\\\/#breadcrumb\"},\"inLanguage\":\"de\",\"potentialAction\":[{\"@type\":\"ReadAction\",\"target\":[\"https:\\\/\\\/paulinenaue.info\\\/index.php\\\/einzelbewerber-zur-kommunalwahl\\\/\"]}]},{\"@type\":\"ImageObject\",\"inLanguage\":\"de\",\"@id\":\"https:\\\/\\\/paulinenaue.info\\\/index.php\\\/einzelbewerber-zur-kommunalwahl\\\/#primaryimage\",\"url\":\"https:\\\/\\\/paulinenaue.info\\\/wp-content\\\/uploads\\\/2024\\\/05\\\/Scan-e1717440449501.jpeg\",\"contentUrl\":\"https:\\\/\\\/paulinenaue.info\\\/wp-content\\\/uploads\\\/2024\\\/05\\\/Scan-e1717440449501.jpeg\",\"width\":1730,\"height\":1004},{\"@type\":\"BreadcrumbList\",\"@id\":\"https:\\\/\\\/paulinenaue.info\\\/index.php\\\/einzelbewerber-zur-kommunalwahl\\\/#breadcrumb\",\"itemListElement\":[{\"@type\":\"ListItem\",\"position\":1,\"name\":\"Home\",\"item\":\"https:\\\/\\\/paulinenaue.info\\\/\"},{\"@type\":\"ListItem\",\"position\":2,\"name\":\"Einzelbewerber zur Kommunalwahl\"}]},{\"@type\":\"WebSite\",\"@id\":\"https:\\\/\\\/paulinenaue.info\\\/#website\",\"url\":\"https:\\\/\\\/paulinenaue.info\\\/\",\"name\":\"Paulinenaue\",\"description\":\"Ein Dorf im Havelland\",\"potentialAction\":[{\"@type\":\"SearchAction\",\"target\":{\"@type\":\"EntryPoint\",\"urlTemplate\":\"https:\\\/\\\/paulinenaue.info\\\/?s={search_term_string}\"},\"query-input\":{\"@type\":\"PropertyValueSpecification\",\"valueRequired\":true,\"valueName\":\"search_term_string\"}}],\"inLanguage\":\"de\"},{\"@type\":\"Person\",\"@id\":\"https:\\\/\\\/paulinenaue.info\\\/#\\\/schema\\\/person\\\/c42f96c50a6238e30cc5097f4a63d810\",\"name\":\"Christian Schaller\",\"url\":\"https:\\\/\\\/paulinenaue.info\\\/index.php\\\/author\\\/christian-schaller\\\/\"}]}<\/script>\n<!-- \/ Yoast SEO plugin. -->","yoast_head_json":{"title":"Einzelbewerber zur Kommunalwahl - Paulinenaue","robots":{"index":"index","follow":"follow","max-snippet":"max-snippet:-1","max-image-preview":"max-image-preview:large","max-video-preview":"max-video-preview:-1"},"canonical":"https:\/\/paulinenaue.info\/index.php\/einzelbewerber-zur-kommunalwahl\/","og_locale":"de_DE","og_type":"article","og_title":"Einzelbewerber zur Kommunalwahl - Paulinenaue","og_url":"https:\/\/paulinenaue.info\/index.php\/einzelbewerber-zur-kommunalwahl\/","og_site_name":"Paulinenaue","article_published_time":"2024-05-30T18:12:50+00:00","article_modified_time":"2024-06-03T18:47:49+00:00","og_image":[{"width":1730,"height":1004,"url":"https:\/\/paulinenaue.info\/wp-content\/uploads\/2024\/05\/Scan-e1717440449501.jpeg","type":"image\/jpeg"}],"author":"Christian Schaller","twitter_card":"summary_large_image","twitter_misc":{"Verfasst von":"Christian Schaller","Gesch\u00e4tzte Lesezeit":"1\u00a0Minute"},"schema":{"@context":"https:\/\/schema.org","@graph":[{"@type":"Article","@id":"https:\/\/paulinenaue.info\/index.php\/einzelbewerber-zur-kommunalwahl\/#article","isPartOf":{"@id":"https:\/\/paulinenaue.info\/index.php\/einzelbewerber-zur-kommunalwahl\/"},"author":{"name":"Christian Schaller","@id":"https:\/\/paulinenaue.info\/#\/schema\/person\/c42f96c50a6238e30cc5097f4a63d810"},"headline":"Einzelbewerber zur Kommunalwahl","datePublished":"2024-05-30T18:12:50+00:00","dateModified":"2024-06-03T18:47:49+00:00","mainEntityOfPage":{"@id":"https:\/\/paulinenaue.info\/index.php\/einzelbewerber-zur-kommunalwahl\/"},"wordCount":3,"commentCount":0,"image":{"@id":"https:\/\/paulinenaue.info\/index.php\/einzelbewerber-zur-kommunalwahl\/#primaryimage"},"thumbnailUrl":"https:\/\/paulinenaue.info\/wp-content\/uploads\/2024\/05\/Scan-e1717440449501.jpeg","articleSection":{"1":"Dorfentwicklung","2":"Ehrenamt","3":"Gemeinde Paulinenaue","4":"Hier Zuhause","5":"Neuigkeiten","6":"Pauerfrauen"},"inLanguage":"de","potentialAction":[{"@type":"CommentAction","name":"Comment","target":["https:\/\/paulinenaue.info\/index.php\/einzelbewerber-zur-kommunalwahl\/#respond"]}]},{"@type":"WebPage","@id":"https:\/\/paulinenaue.info\/index.php\/einzelbewerber-zur-kommunalwahl\/","url":"https:\/\/paulinenaue.info\/index.php\/einzelbewerber-zur-kommunalwahl\/","name":"Einzelbewerber zur Kommunalwahl - Paulinenaue","isPartOf":{"@id":"https:\/\/paulinenaue.info\/#website"},"primaryImageOfPage":{"@id":"https:\/\/paulinenaue.info\/index.php\/einzelbewerber-zur-kommunalwahl\/#primaryimage"},"image":{"@id":"https:\/\/paulinenaue.info\/index.php\/einzelbewerber-zur-kommunalwahl\/#primaryimage"},"thumbnailUrl":"https:\/\/paulinenaue.info\/wp-content\/uploads\/2024\/05\/Scan-e1717440449501.jpeg","datePublished":"2024-05-30T18:12:50+00:00","dateModified":"2024-06-03T18:47:49+00:00","author":{"@id":"https:\/\/paulinenaue.info\/#\/schema\/person\/c42f96c50a6238e30cc5097f4a63d810"},"breadcrumb":{"@id":"https:\/\/paulinenaue.info\/index.php\/einzelbewerber-zur-kommunalwahl\/#breadcrumb"},"inLanguage":"de","potentialAction":[{"@type":"ReadAction","target":["https:\/\/paulinenaue.info\/index.php\/einzelbewerber-zur-kommunalwahl\/"]}]},{"@type":"ImageObject","inLanguage":"de","@id":"https:\/\/paulinenaue.info\/index.php\/einzelbewerber-zur-kommunalwahl\/#primaryimage","url":"https:\/\/paulinenaue.info\/wp-content\/uploads\/2024\/05\/Scan-e1717440449501.jpeg","contentUrl":"https:\/\/paulinenaue.info\/wp-content\/uploads\/2024\/05\/Scan-e1717440449501.jpeg","width":1730,"height":1004},{"@type":"BreadcrumbList","@id":"https:\/\/paulinenaue.info\/index.php\/einzelbewerber-zur-kommunalwahl\/#breadcrumb","itemListElement":[{"@type":"ListItem","position":1,"name":"Home","item":"https:\/\/paulinenaue.info\/"},{"@type":"ListItem","position":2,"name":"Einzelbewerber zur Kommunalwahl"}]},{"@type":"WebSite","@id":"https:\/\/paulinenaue.info\/#website","url":"https:\/\/paulinenaue.info\/","name":"Paulinenaue","description":"Ein Dorf im Havelland","potentialAction":[{"@type":"SearchAction","target":{"@type":"EntryPoint","urlTemplate":"https:\/\/paulinenaue.info\/?s={search_term_string}"},"query-input":{"@type":"PropertyValueSpecification","valueRequired":true,"valueName":"search_term_string"}}],"inLanguage":"de"},{"@type":"Person","@id":"https:\/\/paulinenaue.info\/#\/schema\/person\/c42f96c50a6238e30cc5097f4a63d810","name":"Christian Schaller","url":"https:\/\/paulinenaue.info\/index.php\/author\/christian-schaller\/"}]}},"jetpack_publicize_connections":[],"jetpack_featured_media_url":"https:\/\/paulinenaue.info\/wp-content\/uploads\/2024\/05\/Scan-e1717440449501.jpeg","jetpack_sharing_enabled":true,"jetpack_shortlink":"https:\/\/wp.me\/pcYhWA-1Kjw","jetpack-related-posts":[{"id":416490,"url":"https:\/\/paulinenaue.info\/index.php\/waehlerpruppe-sportverein-kommunalwahl\/","url_meta":{"origin":416362,"position":0},"title":"W\u00e4hlerpruppe Sportverein &#8211; Kommunalwahl","author":"Christian Schaller","date":"8. Juni 2024","format":false,"excerpt":"","rel":"","context":"In &quot;Allgemein&quot;","block_context":{"text":"Allgemein","link":"https:\/\/paulinenaue.info\/index.php\/category\/allgemein\/"},"img":{"alt_text":"","src":"https:\/\/i0.wp.com\/paulinenaue.info\/wp-content\/uploads\/2024\/06\/ptsv1.jpg?resize=350%2C200&ssl=1","width":350,"height":200,"srcset":"https:\/\/i0.wp.com\/paulinenaue.info\/wp-content\/uploads\/2024\/06\/ptsv1.jpg?resize=350%2C200&ssl=1 1x, https:\/\/i0.wp.com\/paulinenaue.info\/wp-content\/uploads\/2024\/06\/ptsv1.jpg?resize=525%2C300&ssl=1 1.5x, https:\/\/i0.wp.com\/paulinenaue.info\/wp-content\/uploads\/2024\/06\/ptsv1.jpg?resize=700%2C400&ssl=1 2x, https:\/\/i0.wp.com\/paulinenaue.info\/wp-content\/uploads\/2024\/06\/ptsv1.jpg?resize=1050%2C600&ssl=1 3x, https:\/\/i0.wp.com\/paulinenaue.info\/wp-content\/uploads\/2024\/06\/ptsv1.jpg?resize=1400%2C800&ssl=1 4x"},"classes":[]},{"id":416495,"url":"https:\/\/paulinenaue.info\/index.php\/wahlergebnisse-europa-und-kommunal\/","url_meta":{"origin":416362,"position":1},"title":"Wahlen: Europa, Gemeindevertretung und B\u00fcrgermeister","author":"Joachim Scholz","date":"10. Juni 2024","format":false,"excerpt":"Wie in ganz Deutschland tritt auch in Paulinenaue und Selbelang das Wahljahr 2024 nunmehr in seine hei\u00dfe Phase. Die Wahl des havell\u00e4ndischen Landrates am 26. Mai hatte den Anfang gemacht und die Richtung ausgewiesen. Zwar vereinte der Amtsinhaber Roger Lewandowski (CDU) in der Gemeinde mit 45,4 Prozent die meisten W\u00e4hlerstimmen\u2026","rel":"","context":"In &quot;Allgemein&quot;","block_context":{"text":"Allgemein","link":"https:\/\/paulinenaue.info\/index.php\/category\/allgemein\/"},"img":{"alt_text":"","src":"https:\/\/i0.wp.com\/paulinenaue.info\/wp-content\/uploads\/2024\/06\/2024-06-09-Paulinenaue-Plakate-Europawahl.jpeg?resize=350%2C200&ssl=1","width":350,"height":200,"srcset":"https:\/\/i0.wp.com\/paulinenaue.info\/wp-content\/uploads\/2024\/06\/2024-06-09-Paulinenaue-Plakate-Europawahl.jpeg?resize=350%2C200&ssl=1 1x, https:\/\/i0.wp.com\/paulinenaue.info\/wp-content\/uploads\/2024\/06\/2024-06-09-Paulinenaue-Plakate-Europawahl.jpeg?resize=525%2C300&ssl=1 1.5x, https:\/\/i0.wp.com\/paulinenaue.info\/wp-content\/uploads\/2024\/06\/2024-06-09-Paulinenaue-Plakate-Europawahl.jpeg?resize=700%2C400&ssl=1 2x"},"classes":[]},{"id":4865,"url":"https:\/\/paulinenaue.info\/index.php\/paulinenaue-in-der-kommunal-kreistags-und-europawahl-2019\/","url_meta":{"origin":416362,"position":2},"title":"Paulinenaue in der Kommunal-, Kreistags- und Europawahl 2019","author":"Joachim Scholz","date":"27. Mai 2019","format":false,"excerpt":"Arne Breder wird Paulinenaues neuer B\u00fcrgermeister So lang wie einige der Wahlzettel war der gestrige Wahlabend in Paulinenaue, an dem die ehrenamtlichen Helfer noch bis um Mitternacht z\u00e4hlten und die Ergebnisse pr\u00fcften. Nun stehen die Resultate der Mehrfachwahl fest und k\u00f6nnen im Netz, aufbereitet auf vielf\u00e4ltige Art und Weise, abgerufen\u2026","rel":"","context":"In &quot;Hier Zuhause&quot;","block_context":{"text":"Hier Zuhause","link":"https:\/\/paulinenaue.info\/index.php\/category\/hier-zuhause\/"},"img":{"alt_text":"","src":"https:\/\/i0.wp.com\/paulinenaue.info\/wp-content\/uploads\/2019\/05\/DSC01242.jpg?resize=350%2C200&ssl=1","width":350,"height":200,"srcset":"https:\/\/i0.wp.com\/paulinenaue.info\/wp-content\/uploads\/2019\/05\/DSC01242.jpg?resize=350%2C200&ssl=1 1x, https:\/\/i0.wp.com\/paulinenaue.info\/wp-content\/uploads\/2019\/05\/DSC01242.jpg?resize=525%2C300&ssl=1 1.5x, https:\/\/i0.wp.com\/paulinenaue.info\/wp-content\/uploads\/2019\/05\/DSC01242.jpg?resize=700%2C400&ssl=1 2x"},"classes":[]},{"id":418004,"url":"https:\/\/paulinenaue.info\/index.php\/kirchsanierung-paulinenaue\/","url_meta":{"origin":416362,"position":3},"title":"Das n\u00e4chste Mal in zwei Generationen:\u00a0Paulinenaue feiert Kirchsanierung","author":"Joachim Scholz","date":"2. Juni 2025","format":false,"excerpt":"Lange im Vorfeld war der Termin f\u00fcr das Kirchenfest am 1. Juni festgelegt worden. Je n\u00e4her er heranr\u00fcckte, desto emsiger liefen die Vorbereitungen. Pfarrer Michael Jurk wollte nichts dem Zufall \u00fcberlassen, denn der Anlass war so selten wie sch\u00f6n: Gefeiert wurde der Abschluss der Sanierung der Paulinenauer Dorfkirche. Die letzten\u2026","rel":"","context":"In &quot;Allgemein&quot;","block_context":{"text":"Allgemein","link":"https:\/\/paulinenaue.info\/index.php\/category\/allgemein\/"},"img":{"alt_text":"","src":"https:\/\/i0.wp.com\/paulinenaue.info\/wp-content\/uploads\/2025\/06\/DSC07228.jpeg?resize=350%2C200&ssl=1","width":350,"height":200,"srcset":"https:\/\/i0.wp.com\/paulinenaue.info\/wp-content\/uploads\/2025\/06\/DSC07228.jpeg?resize=350%2C200&ssl=1 1x, https:\/\/i0.wp.com\/paulinenaue.info\/wp-content\/uploads\/2025\/06\/DSC07228.jpeg?resize=525%2C300&ssl=1 1.5x, https:\/\/i0.wp.com\/paulinenaue.info\/wp-content\/uploads\/2025\/06\/DSC07228.jpeg?resize=700%2C400&ssl=1 2x"},"classes":[]},{"id":184284,"url":"https:\/\/paulinenaue.info\/index.php\/kirche-wird-saniert-und-multifunktional-nutzbar\/","url_meta":{"origin":416362,"position":4},"title":"Kirche wird saniert und multifunktional nutzbar","author":"Joachim Scholz","date":"29. Mai 2022","format":false,"excerpt":"von Andreas Flender, ehrenamtlicher Mitarbeiter und Bauverantwortlicher der evangelischen Kirchengemeinde In der Paulinenauer Kirche soll demn\u00e4chst ein Dorftreff entstehen. Es gibt daf\u00fcr Interesse von Vereinen, die bisher keine eigenen R\u00e4ume haben. Denkbar ist, dass der Kulturverein oder das Gemeinschaftswerk Soziale Dienste den Treff nutzen wird. Die Notfallseelsorge m\u00f6chte dort Gruppenabende\u2026","rel":"","context":"In &quot;Allgemein&quot;","block_context":{"text":"Allgemein","link":"https:\/\/paulinenaue.info\/index.php\/category\/allgemein\/"},"img":{"alt_text":"","src":"https:\/\/i0.wp.com\/paulinenaue.info\/wp-content\/uploads\/2022\/05\/2022-05-28-Paulinenaue-Kirche.jpg?resize=350%2C200&ssl=1","width":350,"height":200,"srcset":"https:\/\/i0.wp.com\/paulinenaue.info\/wp-content\/uploads\/2022\/05\/2022-05-28-Paulinenaue-Kirche.jpg?resize=350%2C200&ssl=1 1x, https:\/\/i0.wp.com\/paulinenaue.info\/wp-content\/uploads\/2022\/05\/2022-05-28-Paulinenaue-Kirche.jpg?resize=525%2C300&ssl=1 1.5x, https:\/\/i0.wp.com\/paulinenaue.info\/wp-content\/uploads\/2022\/05\/2022-05-28-Paulinenaue-Kirche.jpg?resize=700%2C400&ssl=1 2x"},"classes":[]},{"id":416434,"url":"https:\/\/paulinenaue.info\/index.php\/vor-der-wahl-befragt-buergermeister-arne-breder\/","url_meta":{"origin":416362,"position":5},"title":"Vor der Wahl befragt: B\u00fcrgermeister Arne Breder","author":"Joachim Scholz","date":"6. Juni 2024","format":false,"excerpt":"Bei der Kommunalwahl im Jahr 2019 schied Paulinenaues langj\u00e4hriger B\u00fcrgermeister Erhard Hesse aus dem Amt. Ein Nachfolger musste gefunden werden. Mit gro\u00dfer Mehrheit ist damals Arne Breder zum B\u00fcrgermeister von Paulinenaue und Selbelang gew\u00e4hlt worden. Breder (geb. 1978), der vor seiner Wahl bereits als Leiter einer caritativen Einrichtung sowie als\u2026","rel":"","context":"In &quot;Allgemein&quot;","block_context":{"text":"Allgemein","link":"https:\/\/paulinenaue.info\/index.php\/category\/allgemein\/"},"img":{"alt_text":"","src":"https:\/\/i0.wp.com\/paulinenaue.info\/wp-content\/uploads\/2024\/06\/2021-10-03-Arne-Breder.jpeg?resize=350%2C200&ssl=1","width":350,"height":200,"srcset":"https:\/\/i0.wp.com\/paulinenaue.info\/wp-content\/uploads\/2024\/06\/2021-10-03-Arne-Breder.jpeg?resize=350%2C200&ssl=1 1x, https:\/\/i0.wp.com\/paulinenaue.info\/wp-content\/uploads\/2024\/06\/2021-10-03-Arne-Breder.jpeg?resize=525%2C300&ssl=1 1.5x, https:\/\/i0.wp.com\/paulinenaue.info\/wp-content\/uploads\/2024\/06\/2021-10-03-Arne-Breder.jpeg?resize=700%2C400&ssl=1 2x"},"classes":[]}],"_links":{"self":[{"href":"https:\/\/paulinenaue.info\/index.php\/wp-json\/wp\/v2\/posts\/416362","targetHints":{"allow":["GET"]}}],"collection":[{"href":"https:\/\/paulinenaue.info\/index.php\/wp-json\/wp\/v2\/posts"}],"about":[{"href":"https:\/\/paulinenaue.info\/index.php\/wp-json\/wp\/v2\/types\/post"}],"author":[{"embeddable":true,"href":"https:\/\/paulinenaue.info\/index.php\/wp-json\/wp\/v2\/users\/15"}],"replies":[{"embeddable":true,"href":"https:\/\/paulinenaue.info\/index.php\/wp-json\/wp\/v2\/comments?post=416362"}],"version-history":[{"count":2,"href":"https:\/\/paulinenaue.info\/index.php\/wp-json\/wp\/v2\/posts\/416362\/revisions"}],"predecessor-version":[{"id":416372,"href":"https:\/\/paulinenaue.info\/index.php\/wp-json\/wp\/v2\/posts\/416362\/revisions\/416372"}],"wp:featuredmedia":[{"embeddable":true,"href":"https:\/\/paulinenaue.info\/index.php\/wp-json\/wp\/v2\/media\/416371"}],"wp:attachment":[{"href":"https:\/\/paulinenaue.info\/index.php\/wp-json\/wp\/v2\/media?parent=416362"}],"wp:term":[{"taxonomy":"category","embeddable":true,"href":"https:\/\/paulinenaue.info\/index.php\/wp-json\/wp\/v2\/categories?post=416362"},{"taxonomy":"post_tag","embeddable":true,"href":"https:\/\/paulinenaue.info\/index.php\/wp-json\/wp\/v2\/tags?post=416362"}],"curies":[{"name":"wp","href":"https:\/\/api.w.org\/{rel}","templated":true}]}}