{"id":416495,"date":"2024-06-10T01:45:59","date_gmt":"2024-06-09T23:45:59","guid":{"rendered":"https:\/\/paulinenaue.info\/?p=416495"},"modified":"2024-06-10T18:12:03","modified_gmt":"2024-06-10T16:12:03","slug":"wahlergebnisse-europa-und-kommunal","status":"publish","type":"post","link":"https:\/\/paulinenaue.info\/index.php\/wahlergebnisse-europa-und-kommunal\/","title":{"rendered":"Wahlen: Europa, Gemeindevertretung und B\u00fcrgermeister"},"content":{"rendered":"<p>Wie in ganz Deutschland tritt auch in Paulinenaue und Selbelang das Wahljahr 2024 nunmehr in seine hei\u00dfe Phase. Die Wahl des havell\u00e4ndischen Landrates am 26. Mai hatte den Anfang gemacht und die Richtung ausgewiesen. Zwar vereinte der Amtsinhaber Roger Lewandowski (CDU) in der Gemeinde mit 45,4 Prozent die meisten W\u00e4hlerstimmen auf sich, doch G\u00f6tz Fr\u00f6mming, der AfD-Kandidat, schaffte es bis fast auf ein Drittel der Stimmen. Auch auf kommunaler Ebene sind die Zeichen gesetzt: Rechtsextreme populistische Positionen sind weiter auf dem Vormarsch. Die Parolen verfangen, auch wenn sich ihre Vertreter gegen deutsche Interessen von autorit\u00e4ren Regimen wie China oder Russland einspannen lassen, auch wenn die AfD vom Verfassungsschutz unter Beobachtung steht.<\/p>\n<h3>1. Europawahl im Feuerwehrdepot<\/h3>\n<p>Als am Abend des 9. Juni 2024 nach 18.00 Uhr das Ausz\u00e4hlen der Stimmen begann, wurden die Ergebnisse der Europawahl zuerst ermittelt. Im Paulinenauer Feuerwehrdepot \u2013 es dient bei den Wahlen dieses Jahres zum letztes Mal als Wahllokal \u2013 lagen die Ergebnisse schon etwa eine Stunde sp\u00e4ter vor. Sehr schnell wurden sie auf die <a href=\"https:\/\/wahlergebnisse.brandenburg.de\/12\/100\/20240609\/europawahl_land\/ergebnisse_amt_120635302.html\">Wahlauswertungsseiten des Amts Friesack<\/a> \u00fcbertragen, die ausgezeichnete Dokumentationen generieren.<\/p>\n<div id=\"attachment_416503\" style=\"width: 810px\" class=\"wp-caption alignnone\"><a href=\"https:\/\/paulinenaue.info\/wp-content\/uploads\/2024\/06\/2024-06-09-Paulinenaue-Plakate-Europawahl.jpeg\"><img decoding=\"async\" aria-describedby=\"caption-attachment-416503\" data-attachment-id=\"416503\" data-permalink=\"https:\/\/paulinenaue.info\/index.php\/wahlergebnisse-europa-und-kommunal\/2024-06-09-paulinenaue-plakate-europawahl\/\" data-orig-file=\"https:\/\/paulinenaue.info\/wp-content\/uploads\/2024\/06\/2024-06-09-Paulinenaue-Plakate-Europawahl.jpeg\" data-orig-size=\"1000,667\" data-comments-opened=\"1\" data-image-meta=\"{&quot;aperture&quot;:&quot;5&quot;,&quot;credit&quot;:&quot;&quot;,&quot;camera&quot;:&quot;DSC-RX10M3&quot;,&quot;caption&quot;:&quot;&quot;,&quot;created_timestamp&quot;:&quot;1717947809&quot;,&quot;copyright&quot;:&quot;&quot;,&quot;focal_length&quot;:&quot;30.5&quot;,&quot;iso&quot;:&quot;100&quot;,&quot;shutter_speed&quot;:&quot;0.001&quot;,&quot;title&quot;:&quot;&quot;,&quot;orientation&quot;:&quot;1&quot;}\" data-image-title=\"2024-06-09, Paulinenaue, Plakate Europawahl\" data-image-description=\"\" data-image-caption=\"\" data-large-file=\"https:\/\/paulinenaue.info\/wp-content\/uploads\/2024\/06\/2024-06-09-Paulinenaue-Plakate-Europawahl.jpeg\" class=\"lazyload wp-image-416503 size-fusion-800\" src=\"https:\/\/paulinenaue.info\/wp-content\/uploads\/2024\/06\/2024-06-09-Paulinenaue-Plakate-Europawahl-800x534.jpeg\" data-orig-src=\"https:\/\/paulinenaue.info\/wp-content\/uploads\/2024\/06\/2024-06-09-Paulinenaue-Plakate-Europawahl-800x534.jpeg\" alt=\"\" width=\"800\" height=\"534\" srcset=\"data:image\/svg+xml,%3Csvg%20xmlns%3D%27http%3A%2F%2Fwww.w3.org%2F2000%2Fsvg%27%20width%3D%27800%27%20height%3D%27534%27%20viewBox%3D%270%200%20800%20534%27%3E%3Crect%20width%3D%27800%27%20height%3D%27534%27%20fill-opacity%3D%220%22%2F%3E%3C%2Fsvg%3E\" data-srcset=\"https:\/\/paulinenaue.info\/wp-content\/uploads\/2024\/06\/2024-06-09-Paulinenaue-Plakate-Europawahl-200x133.jpeg 200w, https:\/\/paulinenaue.info\/wp-content\/uploads\/2024\/06\/2024-06-09-Paulinenaue-Plakate-Europawahl-300x200.jpeg 300w, https:\/\/paulinenaue.info\/wp-content\/uploads\/2024\/06\/2024-06-09-Paulinenaue-Plakate-Europawahl-400x267.jpeg 400w, https:\/\/paulinenaue.info\/wp-content\/uploads\/2024\/06\/2024-06-09-Paulinenaue-Plakate-Europawahl-600x400.jpeg 600w, https:\/\/paulinenaue.info\/wp-content\/uploads\/2024\/06\/2024-06-09-Paulinenaue-Plakate-Europawahl-768x512.jpeg 768w, https:\/\/paulinenaue.info\/wp-content\/uploads\/2024\/06\/2024-06-09-Paulinenaue-Plakate-Europawahl-800x534.jpeg 800w, https:\/\/paulinenaue.info\/wp-content\/uploads\/2024\/06\/2024-06-09-Paulinenaue-Plakate-Europawahl.jpeg 1000w\" data-sizes=\"auto\" data-orig-sizes=\"(max-width: 800px) 100vw, 800px\" \/><\/a><p id=\"caption-attachment-416503\" class=\"wp-caption-text\"><em>Wahlkampfplakate vor dem Paulinenauer Bahnhof. Foto: J. Scholz, 2024. <\/em><\/p><\/div>\n<p>Die Zahlen waren erwartet worden und sind doch erstaunlich und bemerkenswert. Bei einer Wahlbeteiligung von 52,9 % in der gesamten Gemeinde (Paulinenaue FFW 53,9 %) ist vor allem der Sieg der populistischen Parteien, der rechtsextremen \u201eAlternative f\u00fcr Deutschland\u201c zuerst, aber auch des neuen \u201eB\u00fcndnisses Sarah Wagenknecht\u201c (BSW), zur Kenntnis zu nehmen. Fast jede dritte Paulinenauer Stimme geht an die AfD, die damit st\u00e4rkste Partei wird. Neun Prozent (Paulinenaue Feuerwehrdepot 10 %) erh\u00e4lt das BSW. CDU (19,5 %) und die SPD mit 16,2 % (Paulinenaue Feuerwehrdepot 14,9 %) folgen abgeschlagen. Die Linke bringt es noch auf knapp 6 Prozent. Unser Dorf folgt damit dem Trend der \u00f6stlichen Bundesl\u00e4nder.<\/p>\n<p><a href=\"https:\/\/paulinenaue.info\/wp-content\/uploads\/2024\/06\/2024-06-09-Europawahl-Paulinenaue-Wahllokal-FFW.jpg\"><img decoding=\"async\" data-attachment-id=\"416498\" data-permalink=\"https:\/\/paulinenaue.info\/index.php\/wahlergebnisse-europa-und-kommunal\/2024-06-09-europawahl-paulinenaue-wahllokal-ffw\/\" data-orig-file=\"https:\/\/paulinenaue.info\/wp-content\/uploads\/2024\/06\/2024-06-09-Europawahl-Paulinenaue-Wahllokal-FFW.jpg\" data-orig-size=\"2350,1260\" data-comments-opened=\"1\" data-image-meta=\"{&quot;aperture&quot;:&quot;0&quot;,&quot;credit&quot;:&quot;&quot;,&quot;camera&quot;:&quot;&quot;,&quot;caption&quot;:&quot;&quot;,&quot;created_timestamp&quot;:&quot;0&quot;,&quot;copyright&quot;:&quot;&quot;,&quot;focal_length&quot;:&quot;0&quot;,&quot;iso&quot;:&quot;0&quot;,&quot;shutter_speed&quot;:&quot;0&quot;,&quot;title&quot;:&quot;&quot;,&quot;orientation&quot;:&quot;0&quot;}\" data-image-title=\"2024-06-09, Europawahl Paulinenaue, Wahllokal FFW\" data-image-description=\"\" data-image-caption=\"\" data-large-file=\"https:\/\/paulinenaue.info\/wp-content\/uploads\/2024\/06\/2024-06-09-Europawahl-Paulinenaue-Wahllokal-FFW-1024x549.jpg\" class=\"lazyload alignnone size-fusion-800 wp-image-416498\" src=\"https:\/\/paulinenaue.info\/wp-content\/uploads\/2024\/06\/2024-06-09-Europawahl-Paulinenaue-Wahllokal-FFW-800x429.jpg\" data-orig-src=\"https:\/\/paulinenaue.info\/wp-content\/uploads\/2024\/06\/2024-06-09-Europawahl-Paulinenaue-Wahllokal-FFW-800x429.jpg\" alt=\"\" width=\"800\" height=\"429\" srcset=\"data:image\/svg+xml,%3Csvg%20xmlns%3D%27http%3A%2F%2Fwww.w3.org%2F2000%2Fsvg%27%20width%3D%27800%27%20height%3D%27429%27%20viewBox%3D%270%200%20800%20429%27%3E%3Crect%20width%3D%27800%27%20height%3D%27429%27%20fill-opacity%3D%220%22%2F%3E%3C%2Fsvg%3E\" data-srcset=\"https:\/\/paulinenaue.info\/wp-content\/uploads\/2024\/06\/2024-06-09-Europawahl-Paulinenaue-Wahllokal-FFW-200x107.jpg 200w, https:\/\/paulinenaue.info\/wp-content\/uploads\/2024\/06\/2024-06-09-Europawahl-Paulinenaue-Wahllokal-FFW-300x161.jpg 300w, https:\/\/paulinenaue.info\/wp-content\/uploads\/2024\/06\/2024-06-09-Europawahl-Paulinenaue-Wahllokal-FFW-400x214.jpg 400w, https:\/\/paulinenaue.info\/wp-content\/uploads\/2024\/06\/2024-06-09-Europawahl-Paulinenaue-Wahllokal-FFW-600x322.jpg 600w, https:\/\/paulinenaue.info\/wp-content\/uploads\/2024\/06\/2024-06-09-Europawahl-Paulinenaue-Wahllokal-FFW-768x412.jpg 768w, https:\/\/paulinenaue.info\/wp-content\/uploads\/2024\/06\/2024-06-09-Europawahl-Paulinenaue-Wahllokal-FFW-800x429.jpg 800w, https:\/\/paulinenaue.info\/wp-content\/uploads\/2024\/06\/2024-06-09-Europawahl-Paulinenaue-Wahllokal-FFW-1024x549.jpg 1024w, https:\/\/paulinenaue.info\/wp-content\/uploads\/2024\/06\/2024-06-09-Europawahl-Paulinenaue-Wahllokal-FFW-1200x643.jpg 1200w, https:\/\/paulinenaue.info\/wp-content\/uploads\/2024\/06\/2024-06-09-Europawahl-Paulinenaue-Wahllokal-FFW-1536x824.jpg 1536w\" data-sizes=\"auto\" data-orig-sizes=\"(max-width: 800px) 100vw, 800px\" \/><\/a><\/p>\n<p>Selbelang w\u00e4hlte \u00fcbrigens weniger populistisch als Paulinenaue. Hier gehen 28,3 % an die AfD und nur halb so stark wie in Paulinenaue schneidet das BSW ab.<\/p>\n<p>&nbsp;<\/p>\n<h3>2. Wahl des ehrenamtlichen B\u00fcrgermeisters<\/h3>\n<p>Noch um 23.00 Uhr wird in Paulinenaue und Selbelang ausgez\u00e4hlt, w\u00e4hrend die Briefwahlstimmen bereits eine halbe Stunde vorher vorliegen und ein klares Ergebnis ausweisen. Arne Breder wird mit deutlicher Mehrheit vor Tino M\u00fcller in seine zweite Amtszeit als Paulinenauer B\u00fcrgermeister eintreten. Am Ende setzte er sich mit 78,3 % der Stimmen durch, fast 20 % mehr als 2019, als er noch gegen zwei Gegner antreten musste. Sein Konkurrent, vormals AfD, der als unabh\u00e4ngiger Einzelkandidat in diese Wahl ging, konnte im Feuerwehrdepot mit 24,4 % sein bestes Ergebnis einfahren. Bei der Briefwahl erhielt er nur halb so viele Prozente.<\/p>\n<div id=\"attachment_416506\" style=\"width: 810px\" class=\"wp-caption alignnone\"><a href=\"https:\/\/paulinenaue.info\/wp-content\/uploads\/2024\/06\/2020-06-14-Arne-Breder.jpeg\"><img decoding=\"async\" aria-describedby=\"caption-attachment-416506\" data-attachment-id=\"416506\" data-permalink=\"https:\/\/paulinenaue.info\/index.php\/wahlergebnisse-europa-und-kommunal\/arne-breder\/\" data-orig-file=\"https:\/\/paulinenaue.info\/wp-content\/uploads\/2024\/06\/2020-06-14-Arne-Breder.jpeg\" data-orig-size=\"1000,667\" data-comments-opened=\"1\" data-image-meta=\"{&quot;aperture&quot;:&quot;4&quot;,&quot;credit&quot;:&quot;&quot;,&quot;camera&quot;:&quot;DSC-RX10&quot;,&quot;caption&quot;:&quot;&quot;,&quot;created_timestamp&quot;:&quot;1592130017&quot;,&quot;copyright&quot;:&quot;&quot;,&quot;focal_length&quot;:&quot;40.05&quot;,&quot;iso&quot;:&quot;125&quot;,&quot;shutter_speed&quot;:&quot;0.004&quot;,&quot;title&quot;:&quot;Arne Breder&quot;,&quot;orientation&quot;:&quot;1&quot;}\" data-image-title=\"Arne Breder\" data-image-description=\"\" data-image-caption=\"&lt;p&gt;Arne Breder. Foto: J. Scholz, 2020.&lt;\/p&gt;\n\" data-large-file=\"https:\/\/paulinenaue.info\/wp-content\/uploads\/2024\/06\/2020-06-14-Arne-Breder.jpeg\" class=\"lazyload wp-image-416506 size-fusion-800\" src=\"https:\/\/paulinenaue.info\/wp-content\/uploads\/2024\/06\/2020-06-14-Arne-Breder-800x534.jpeg\" data-orig-src=\"https:\/\/paulinenaue.info\/wp-content\/uploads\/2024\/06\/2020-06-14-Arne-Breder-800x534.jpeg\" alt=\"\" width=\"800\" height=\"534\" srcset=\"data:image\/svg+xml,%3Csvg%20xmlns%3D%27http%3A%2F%2Fwww.w3.org%2F2000%2Fsvg%27%20width%3D%27800%27%20height%3D%27534%27%20viewBox%3D%270%200%20800%20534%27%3E%3Crect%20width%3D%27800%27%20height%3D%27534%27%20fill-opacity%3D%220%22%2F%3E%3C%2Fsvg%3E\" data-srcset=\"https:\/\/paulinenaue.info\/wp-content\/uploads\/2024\/06\/2020-06-14-Arne-Breder-200x133.jpeg 200w, https:\/\/paulinenaue.info\/wp-content\/uploads\/2024\/06\/2020-06-14-Arne-Breder-300x200.jpeg 300w, https:\/\/paulinenaue.info\/wp-content\/uploads\/2024\/06\/2020-06-14-Arne-Breder-400x267.jpeg 400w, https:\/\/paulinenaue.info\/wp-content\/uploads\/2024\/06\/2020-06-14-Arne-Breder-600x400.jpeg 600w, https:\/\/paulinenaue.info\/wp-content\/uploads\/2024\/06\/2020-06-14-Arne-Breder-768x512.jpeg 768w, https:\/\/paulinenaue.info\/wp-content\/uploads\/2024\/06\/2020-06-14-Arne-Breder-800x534.jpeg 800w, https:\/\/paulinenaue.info\/wp-content\/uploads\/2024\/06\/2020-06-14-Arne-Breder.jpeg 1000w\" data-sizes=\"auto\" data-orig-sizes=\"(max-width: 800px) 100vw, 800px\" \/><\/a><p id=\"caption-attachment-416506\" class=\"wp-caption-text\"><em>Arne Breder ist der alte wie der neue Paulinenauer B\u00fcrgermeister. Foto: J. Scholz, 2020.<\/em><\/p><\/div>\n<h3>3. Wahl der Gemeindevertretung Paulinenaue<\/h3>\n<p>Mit besonderer Spannung wurden die Ergebnisse der Wahlen zur Paulinenauer Gemeindevertretung erwartet. Hier hatte sich im Vorfeld gegen\u00fcber der Vergangenheit einiges getan. Die SPD \u2013 seit der politischen Wende vor 35 Jahren fast durchweg die Dominante in der Paulinenauer Kommunalpolitik \u2013 trat nicht mehr an. Ihre Vertreter*innen waren entweder aus dem politischen Leben ausgeschieden oder kandidierten, wie Sabine Pietschmann, diesmal f\u00fcr andere Gruppen. Und auch sonst hatte sich manches bewegt. Aus den Reihen der <a href=\"https:\/\/paulinenaue.info\/index.php\/pauerfrauen\/\">Paulinenauer ,Pauerfrauen\u2018<\/a>, die sich im letzten Jahr neu formiert hatten, war als Einzelkandidatin Katrin Wellenbrock, eine der Gr\u00fcndungsfiguren, angetreten. Und auch der Paulinenauer Sportverein (PTSV) war mit einer ganzen Reihe von Kandidaten in den Ring getreten. Die W\u00e4hlergemeinschaft Pro Selbelang vertrat traditionell ihr Heimatdorf (und erreichte dort drei Viertel der W\u00e4hlerschaft). Die Feuerwehr \u2013 sie war 2019 mit 38 Prozent der Stimmen klare Wahlgewinnerin \u2013 und der Paulinenauer Kulturverein, der in der letzten Legislaturperiode mit Sarah Vierjahn erstmals eine Gemeindevertreterin gestellt hatte, traten ebenfalls wieder an.<\/p>\n<div id=\"attachment_416502\" style=\"width: 810px\" class=\"wp-caption alignnone\"><a href=\"https:\/\/paulinenaue.info\/wp-content\/uploads\/2024\/06\/2024-06-09-Wahllokal-Paulinenaue.jpeg\"><img decoding=\"async\" aria-describedby=\"caption-attachment-416502\" data-attachment-id=\"416502\" data-permalink=\"https:\/\/paulinenaue.info\/index.php\/wahlergebnisse-europa-und-kommunal\/2024-06-09-wahllokal-paulinenaue\/\" data-orig-file=\"https:\/\/paulinenaue.info\/wp-content\/uploads\/2024\/06\/2024-06-09-Wahllokal-Paulinenaue.jpeg\" data-orig-size=\"1600,900\" data-comments-opened=\"1\" data-image-meta=\"{&quot;aperture&quot;:&quot;0&quot;,&quot;credit&quot;:&quot;&quot;,&quot;camera&quot;:&quot;&quot;,&quot;caption&quot;:&quot;&quot;,&quot;created_timestamp&quot;:&quot;0&quot;,&quot;copyright&quot;:&quot;&quot;,&quot;focal_length&quot;:&quot;0&quot;,&quot;iso&quot;:&quot;0&quot;,&quot;shutter_speed&quot;:&quot;0&quot;,&quot;title&quot;:&quot;&quot;,&quot;orientation&quot;:&quot;0&quot;}\" data-image-title=\"2024-06-09, Wahllokal Paulinenaue\" data-image-description=\"\" data-image-caption=\"\" data-large-file=\"https:\/\/paulinenaue.info\/wp-content\/uploads\/2024\/06\/2024-06-09-Wahllokal-Paulinenaue-1024x576.jpeg\" class=\"lazyload wp-image-416502 size-fusion-800\" src=\"https:\/\/paulinenaue.info\/wp-content\/uploads\/2024\/06\/2024-06-09-Wahllokal-Paulinenaue-800x450.jpeg\" data-orig-src=\"https:\/\/paulinenaue.info\/wp-content\/uploads\/2024\/06\/2024-06-09-Wahllokal-Paulinenaue-800x450.jpeg\" alt=\"\" width=\"800\" height=\"450\" srcset=\"data:image\/svg+xml,%3Csvg%20xmlns%3D%27http%3A%2F%2Fwww.w3.org%2F2000%2Fsvg%27%20width%3D%27800%27%20height%3D%27450%27%20viewBox%3D%270%200%20800%20450%27%3E%3Crect%20width%3D%27800%27%20height%3D%27450%27%20fill-opacity%3D%220%22%2F%3E%3C%2Fsvg%3E\" data-srcset=\"https:\/\/paulinenaue.info\/wp-content\/uploads\/2024\/06\/2024-06-09-Wahllokal-Paulinenaue-200x113.jpeg 200w, https:\/\/paulinenaue.info\/wp-content\/uploads\/2024\/06\/2024-06-09-Wahllokal-Paulinenaue-300x169.jpeg 300w, https:\/\/paulinenaue.info\/wp-content\/uploads\/2024\/06\/2024-06-09-Wahllokal-Paulinenaue-400x225.jpeg 400w, https:\/\/paulinenaue.info\/wp-content\/uploads\/2024\/06\/2024-06-09-Wahllokal-Paulinenaue-600x338.jpeg 600w, https:\/\/paulinenaue.info\/wp-content\/uploads\/2024\/06\/2024-06-09-Wahllokal-Paulinenaue-768x432.jpeg 768w, https:\/\/paulinenaue.info\/wp-content\/uploads\/2024\/06\/2024-06-09-Wahllokal-Paulinenaue-800x450.jpeg 800w, https:\/\/paulinenaue.info\/wp-content\/uploads\/2024\/06\/2024-06-09-Wahllokal-Paulinenaue-1024x576.jpeg 1024w, https:\/\/paulinenaue.info\/wp-content\/uploads\/2024\/06\/2024-06-09-Wahllokal-Paulinenaue-1200x675.jpeg 1200w, https:\/\/paulinenaue.info\/wp-content\/uploads\/2024\/06\/2024-06-09-Wahllokal-Paulinenaue-1536x864.jpeg 1536w, https:\/\/paulinenaue.info\/wp-content\/uploads\/2024\/06\/2024-06-09-Wahllokal-Paulinenaue.jpeg 1600w\" data-sizes=\"auto\" data-orig-sizes=\"(max-width: 800px) 100vw, 800px\" \/><\/a><p id=\"caption-attachment-416502\" class=\"wp-caption-text\"><em>18.00 Uhr im Wahllokal in Paulinenaue (Feuerwehr). Leerung der Wahlurne. Foto: E. Schwarz, 2024.<\/em><\/p><\/div>\n<p>Das Ergebnis stand erst nach Mitternacht fest. Die W\u00e4hlergemeinschaft der Freiwilligen Feuerwehr entschied wie schon vor f\u00fcnf Jahren die Wahl f\u00fcr sich, auch wenn sie etwas einb\u00fc\u00dfen musste (- 3 Prozent). An zweite Stelle r\u00fcckte der Paulinenauer Kulturverein (16,6 %) , der sechs Prozent W\u00e4hlerstimmen und damit einen Sitz dazugewinnt. Der Kulturverein ist auf der kommunalen Ebene eindeutig Wahlgewinner. ,F\u00fcr Selbelang\u2018 erreicht 16 Prozent und geh\u00f6rt mit Erich Ball wieder der Gemeindevertretung an. Katrin Wellenbrock schafft es aus dem Stand, 12 Prozent der Stimmen und damit einen Sitz in der Gemeindevertretung zu erringen. Die Linke f\u00e4hrt mit 12,5, der PTSV mit neun Prozent der Stimmen je einen Sitz ein.<\/p>\n<p>Am Ende l\u00e4sst sich sagen, dass voraussichtlich folgende Kandidaten der n\u00e4chsten Paulinenauer Gemeindevertretung angeh\u00f6ren werden: Katrin Wellenbrock, Tino M\u00fcller, Sabine Pietschmann (Linke), Arne Breder (FFW, B\u00fcrgermeister), Matthias Kunkel (FFW), Christian Wendt (FFW), Eckhard Vierjahn (Kulturverein), Valentin Franklyn (Kulturverein), Erich Ball (Selbelang), Ralph Spollwing (FFW), Florian Tietz (PTSV).<\/p>\n<p>Allen herzlichen Gl\u00fcckwunsch, alle Angaben vorerst ohne Gew\u00e4hr.<\/p>\n","protected":false},"excerpt":{"rendered":"<p>Wie in ganz Deutschland tritt auch in Paulinenaue und Selbelang [&hellip;]<\/p>\n","protected":false},"author":1,"featured_media":416503,"comment_status":"open","ping_status":"open","sticky":false,"template":"","format":"standard","meta":{"_acf_changed":false,"_price":"","_stock":"","_tribe_ticket_header":"","_tribe_default_ticket_provider":"","_tribe_ticket_capacity":"0","_ticket_start_date":"","_ticket_end_date":"","_tribe_ticket_show_description":"","_tribe_ticket_show_not_going":false,"_tribe_ticket_use_global_stock":"","_tribe_ticket_global_stock_level":"","_global_stock_mode":"","_global_stock_cap":"","_tribe_rsvp_for_event":"","_tribe_ticket_going_count":"","_tribe_ticket_not_going_count":"","_tribe_tickets_list":"[]","_tribe_ticket_has_attendee_info_fields":false,"jetpack_post_was_ever_published":false,"_jetpack_newsletter_access":"","_jetpack_dont_email_post_to_subs":false,"_jetpack_newsletter_tier_id":0,"_jetpack_memberships_contains_paywalled_content":false,"_jetpack_memberships_contains_paid_content":false,"footnotes":"","jetpack_publicize_message":"","jetpack_publicize_feature_enabled":true,"jetpack_social_post_already_shared":true,"jetpack_social_options":{"image_generator_settings":{"template":"highway","default_image_id":0,"font":"","enabled":false},"version":2}},"categories":[1,40,439,514,30,354,293],"tags":[215,461,77,546,295,294,153,547],"class_list":["post-416495","post","type-post","status-publish","format-standard","has-post-thumbnail","hentry","category-allgemein","category-dorfentwicklung","category-gemeinde-paulinenaue","category-pauerfrauen","category-ptsv","category-selbelang","category-wahlen","tag-afd","tag-arne-breder","tag-buergermeister","tag-europawahl","tag-gemeindevertretung","tag-kommunalwahl","tag-selbelang","tag-tino-mueller"],"acf":[],"yoast_head":"<!-- This site is optimized with the Yoast SEO plugin v27.5 - https:\/\/yoast.com\/product\/yoast-seo-wordpress\/ -->\n<title>Wahlen: Europa, Gemeindevertretung und B\u00fcrgermeister - Paulinenaue<\/title>\n<meta name=\"description\" content=\"Im Paulinenauer Feuerwehrdepot wird ein letztes Mal gew\u00e4hlt. Die Europa- und die Kommunalwahl steht an, der B\u00fcrgermeister wird gew\u00e4hlt.\" \/>\n<meta name=\"robots\" content=\"index, follow, max-snippet:-1, max-image-preview:large, max-video-preview:-1\" \/>\n<link rel=\"canonical\" href=\"https:\/\/paulinenaue.info\/index.php\/wahlergebnisse-europa-und-kommunal\/\" \/>\n<meta property=\"og:locale\" content=\"de_DE\" \/>\n<meta property=\"og:type\" content=\"article\" \/>\n<meta property=\"og:title\" content=\"Wahlen: Europa, Gemeindevertretung und B\u00fcrgermeister - Paulinenaue\" \/>\n<meta property=\"og:description\" content=\"Im Paulinenauer Feuerwehrdepot wird ein letztes Mal gew\u00e4hlt. Die Europa- und die Kommunalwahl steht an, der B\u00fcrgermeister wird gew\u00e4hlt.\" \/>\n<meta property=\"og:url\" content=\"https:\/\/paulinenaue.info\/index.php\/wahlergebnisse-europa-und-kommunal\/\" \/>\n<meta property=\"og:site_name\" content=\"Paulinenaue\" \/>\n<meta property=\"article:published_time\" content=\"2024-06-09T23:45:59+00:00\" \/>\n<meta property=\"article:modified_time\" content=\"2024-06-10T16:12:03+00:00\" \/>\n<meta property=\"og:image\" content=\"https:\/\/paulinenaue.info\/wp-content\/uploads\/2024\/06\/2024-06-09-Paulinenaue-Plakate-Europawahl.jpeg\" \/>\n\t<meta property=\"og:image:width\" content=\"1000\" \/>\n\t<meta property=\"og:image:height\" content=\"667\" \/>\n\t<meta property=\"og:image:type\" content=\"image\/jpeg\" \/>\n<meta name=\"author\" content=\"Joachim Scholz\" \/>\n<meta name=\"twitter:card\" content=\"summary_large_image\" \/>\n<meta name=\"twitter:label1\" content=\"Verfasst von\" \/>\n\t<meta name=\"twitter:data1\" content=\"Joachim Scholz\" \/>\n\t<meta name=\"twitter:label2\" content=\"Gesch\u00e4tzte Lesezeit\" \/>\n\t<meta name=\"twitter:data2\" content=\"6\u00a0Minuten\" \/>\n<script type=\"application\/ld+json\" class=\"yoast-schema-graph\">{\"@context\":\"https:\\\/\\\/schema.org\",\"@graph\":[{\"@type\":\"Article\",\"@id\":\"https:\\\/\\\/paulinenaue.info\\\/index.php\\\/wahlergebnisse-europa-und-kommunal\\\/#article\",\"isPartOf\":{\"@id\":\"https:\\\/\\\/paulinenaue.info\\\/index.php\\\/wahlergebnisse-europa-und-kommunal\\\/\"},\"author\":{\"name\":\"Joachim Scholz\",\"@id\":\"https:\\\/\\\/paulinenaue.info\\\/#\\\/schema\\\/person\\\/3f9e818fd7b69b0d2bd937ac506897cc\"},\"headline\":\"Wahlen: Europa, Gemeindevertretung und B\u00fcrgermeister\",\"datePublished\":\"2024-06-09T23:45:59+00:00\",\"dateModified\":\"2024-06-10T16:12:03+00:00\",\"mainEntityOfPage\":{\"@id\":\"https:\\\/\\\/paulinenaue.info\\\/index.php\\\/wahlergebnisse-europa-und-kommunal\\\/\"},\"wordCount\":799,\"commentCount\":0,\"image\":{\"@id\":\"https:\\\/\\\/paulinenaue.info\\\/index.php\\\/wahlergebnisse-europa-und-kommunal\\\/#primaryimage\"},\"thumbnailUrl\":\"https:\\\/\\\/paulinenaue.info\\\/wp-content\\\/uploads\\\/2024\\\/06\\\/2024-06-09-Paulinenaue-Plakate-Europawahl.jpeg\",\"keywords\":[\"AfD\",\"Arne Breder\",\"B\u00fcrgermeister\",\"Europawahl\",\"Gemeindevertretung\",\"Kommunalwahl\",\"Selbelang\",\"Tino M\u00fcller\"],\"articleSection\":{\"1\":\"Dorfentwicklung\",\"2\":\"Gemeinde Paulinenaue\",\"3\":\"Pauerfrauen\",\"4\":\"PTSV\",\"5\":\"Selbelang\",\"6\":\"Wahlen\"},\"inLanguage\":\"de\",\"potentialAction\":[{\"@type\":\"CommentAction\",\"name\":\"Comment\",\"target\":[\"https:\\\/\\\/paulinenaue.info\\\/index.php\\\/wahlergebnisse-europa-und-kommunal\\\/#respond\"]}]},{\"@type\":\"WebPage\",\"@id\":\"https:\\\/\\\/paulinenaue.info\\\/index.php\\\/wahlergebnisse-europa-und-kommunal\\\/\",\"url\":\"https:\\\/\\\/paulinenaue.info\\\/index.php\\\/wahlergebnisse-europa-und-kommunal\\\/\",\"name\":\"Wahlen: Europa, Gemeindevertretung und B\u00fcrgermeister - Paulinenaue\",\"isPartOf\":{\"@id\":\"https:\\\/\\\/paulinenaue.info\\\/#website\"},\"primaryImageOfPage\":{\"@id\":\"https:\\\/\\\/paulinenaue.info\\\/index.php\\\/wahlergebnisse-europa-und-kommunal\\\/#primaryimage\"},\"image\":{\"@id\":\"https:\\\/\\\/paulinenaue.info\\\/index.php\\\/wahlergebnisse-europa-und-kommunal\\\/#primaryimage\"},\"thumbnailUrl\":\"https:\\\/\\\/paulinenaue.info\\\/wp-content\\\/uploads\\\/2024\\\/06\\\/2024-06-09-Paulinenaue-Plakate-Europawahl.jpeg\",\"datePublished\":\"2024-06-09T23:45:59+00:00\",\"dateModified\":\"2024-06-10T16:12:03+00:00\",\"author\":{\"@id\":\"https:\\\/\\\/paulinenaue.info\\\/#\\\/schema\\\/person\\\/3f9e818fd7b69b0d2bd937ac506897cc\"},\"description\":\"Im Paulinenauer Feuerwehrdepot wird ein letztes Mal gew\u00e4hlt. Die Europa- und die Kommunalwahl steht an, der B\u00fcrgermeister wird gew\u00e4hlt.\",\"breadcrumb\":{\"@id\":\"https:\\\/\\\/paulinenaue.info\\\/index.php\\\/wahlergebnisse-europa-und-kommunal\\\/#breadcrumb\"},\"inLanguage\":\"de\",\"potentialAction\":[{\"@type\":\"ReadAction\",\"target\":[\"https:\\\/\\\/paulinenaue.info\\\/index.php\\\/wahlergebnisse-europa-und-kommunal\\\/\"]}]},{\"@type\":\"ImageObject\",\"inLanguage\":\"de\",\"@id\":\"https:\\\/\\\/paulinenaue.info\\\/index.php\\\/wahlergebnisse-europa-und-kommunal\\\/#primaryimage\",\"url\":\"https:\\\/\\\/paulinenaue.info\\\/wp-content\\\/uploads\\\/2024\\\/06\\\/2024-06-09-Paulinenaue-Plakate-Europawahl.jpeg\",\"contentUrl\":\"https:\\\/\\\/paulinenaue.info\\\/wp-content\\\/uploads\\\/2024\\\/06\\\/2024-06-09-Paulinenaue-Plakate-Europawahl.jpeg\",\"width\":1000,\"height\":667},{\"@type\":\"BreadcrumbList\",\"@id\":\"https:\\\/\\\/paulinenaue.info\\\/index.php\\\/wahlergebnisse-europa-und-kommunal\\\/#breadcrumb\",\"itemListElement\":[{\"@type\":\"ListItem\",\"position\":1,\"name\":\"Home\",\"item\":\"https:\\\/\\\/paulinenaue.info\\\/\"},{\"@type\":\"ListItem\",\"position\":2,\"name\":\"Wahlen: Europa, Gemeindevertretung und B\u00fcrgermeister\"}]},{\"@type\":\"WebSite\",\"@id\":\"https:\\\/\\\/paulinenaue.info\\\/#website\",\"url\":\"https:\\\/\\\/paulinenaue.info\\\/\",\"name\":\"Paulinenaue\",\"description\":\"Ein Dorf im Havelland\",\"potentialAction\":[{\"@type\":\"SearchAction\",\"target\":{\"@type\":\"EntryPoint\",\"urlTemplate\":\"https:\\\/\\\/paulinenaue.info\\\/?s={search_term_string}\"},\"query-input\":{\"@type\":\"PropertyValueSpecification\",\"valueRequired\":true,\"valueName\":\"search_term_string\"}}],\"inLanguage\":\"de\"},{\"@type\":\"Person\",\"@id\":\"https:\\\/\\\/paulinenaue.info\\\/#\\\/schema\\\/person\\\/3f9e818fd7b69b0d2bd937ac506897cc\",\"name\":\"Joachim Scholz\",\"url\":\"https:\\\/\\\/paulinenaue.info\\\/index.php\\\/author\\\/jjscholz\\\/\"}]}<\/script>\n<!-- \/ Yoast SEO plugin. -->","yoast_head_json":{"title":"Wahlen: Europa, Gemeindevertretung und B\u00fcrgermeister - Paulinenaue","description":"Im Paulinenauer Feuerwehrdepot wird ein letztes Mal gew\u00e4hlt. Die Europa- und die Kommunalwahl steht an, der B\u00fcrgermeister wird gew\u00e4hlt.","robots":{"index":"index","follow":"follow","max-snippet":"max-snippet:-1","max-image-preview":"max-image-preview:large","max-video-preview":"max-video-preview:-1"},"canonical":"https:\/\/paulinenaue.info\/index.php\/wahlergebnisse-europa-und-kommunal\/","og_locale":"de_DE","og_type":"article","og_title":"Wahlen: Europa, Gemeindevertretung und B\u00fcrgermeister - Paulinenaue","og_description":"Im Paulinenauer Feuerwehrdepot wird ein letztes Mal gew\u00e4hlt. Die Europa- und die Kommunalwahl steht an, der B\u00fcrgermeister wird gew\u00e4hlt.","og_url":"https:\/\/paulinenaue.info\/index.php\/wahlergebnisse-europa-und-kommunal\/","og_site_name":"Paulinenaue","article_published_time":"2024-06-09T23:45:59+00:00","article_modified_time":"2024-06-10T16:12:03+00:00","og_image":[{"width":1000,"height":667,"url":"https:\/\/paulinenaue.info\/wp-content\/uploads\/2024\/06\/2024-06-09-Paulinenaue-Plakate-Europawahl.jpeg","type":"image\/jpeg"}],"author":"Joachim Scholz","twitter_card":"summary_large_image","twitter_misc":{"Verfasst von":"Joachim Scholz","Gesch\u00e4tzte Lesezeit":"6\u00a0Minuten"},"schema":{"@context":"https:\/\/schema.org","@graph":[{"@type":"Article","@id":"https:\/\/paulinenaue.info\/index.php\/wahlergebnisse-europa-und-kommunal\/#article","isPartOf":{"@id":"https:\/\/paulinenaue.info\/index.php\/wahlergebnisse-europa-und-kommunal\/"},"author":{"name":"Joachim Scholz","@id":"https:\/\/paulinenaue.info\/#\/schema\/person\/3f9e818fd7b69b0d2bd937ac506897cc"},"headline":"Wahlen: Europa, Gemeindevertretung und B\u00fcrgermeister","datePublished":"2024-06-09T23:45:59+00:00","dateModified":"2024-06-10T16:12:03+00:00","mainEntityOfPage":{"@id":"https:\/\/paulinenaue.info\/index.php\/wahlergebnisse-europa-und-kommunal\/"},"wordCount":799,"commentCount":0,"image":{"@id":"https:\/\/paulinenaue.info\/index.php\/wahlergebnisse-europa-und-kommunal\/#primaryimage"},"thumbnailUrl":"https:\/\/paulinenaue.info\/wp-content\/uploads\/2024\/06\/2024-06-09-Paulinenaue-Plakate-Europawahl.jpeg","keywords":["AfD","Arne Breder","B\u00fcrgermeister","Europawahl","Gemeindevertretung","Kommunalwahl","Selbelang","Tino M\u00fcller"],"articleSection":{"1":"Dorfentwicklung","2":"Gemeinde Paulinenaue","3":"Pauerfrauen","4":"PTSV","5":"Selbelang","6":"Wahlen"},"inLanguage":"de","potentialAction":[{"@type":"CommentAction","name":"Comment","target":["https:\/\/paulinenaue.info\/index.php\/wahlergebnisse-europa-und-kommunal\/#respond"]}]},{"@type":"WebPage","@id":"https:\/\/paulinenaue.info\/index.php\/wahlergebnisse-europa-und-kommunal\/","url":"https:\/\/paulinenaue.info\/index.php\/wahlergebnisse-europa-und-kommunal\/","name":"Wahlen: Europa, Gemeindevertretung und B\u00fcrgermeister - Paulinenaue","isPartOf":{"@id":"https:\/\/paulinenaue.info\/#website"},"primaryImageOfPage":{"@id":"https:\/\/paulinenaue.info\/index.php\/wahlergebnisse-europa-und-kommunal\/#primaryimage"},"image":{"@id":"https:\/\/paulinenaue.info\/index.php\/wahlergebnisse-europa-und-kommunal\/#primaryimage"},"thumbnailUrl":"https:\/\/paulinenaue.info\/wp-content\/uploads\/2024\/06\/2024-06-09-Paulinenaue-Plakate-Europawahl.jpeg","datePublished":"2024-06-09T23:45:59+00:00","dateModified":"2024-06-10T16:12:03+00:00","author":{"@id":"https:\/\/paulinenaue.info\/#\/schema\/person\/3f9e818fd7b69b0d2bd937ac506897cc"},"description":"Im Paulinenauer Feuerwehrdepot wird ein letztes Mal gew\u00e4hlt. Die Europa- und die Kommunalwahl steht an, der B\u00fcrgermeister wird gew\u00e4hlt.","breadcrumb":{"@id":"https:\/\/paulinenaue.info\/index.php\/wahlergebnisse-europa-und-kommunal\/#breadcrumb"},"inLanguage":"de","potentialAction":[{"@type":"ReadAction","target":["https:\/\/paulinenaue.info\/index.php\/wahlergebnisse-europa-und-kommunal\/"]}]},{"@type":"ImageObject","inLanguage":"de","@id":"https:\/\/paulinenaue.info\/index.php\/wahlergebnisse-europa-und-kommunal\/#primaryimage","url":"https:\/\/paulinenaue.info\/wp-content\/uploads\/2024\/06\/2024-06-09-Paulinenaue-Plakate-Europawahl.jpeg","contentUrl":"https:\/\/paulinenaue.info\/wp-content\/uploads\/2024\/06\/2024-06-09-Paulinenaue-Plakate-Europawahl.jpeg","width":1000,"height":667},{"@type":"BreadcrumbList","@id":"https:\/\/paulinenaue.info\/index.php\/wahlergebnisse-europa-und-kommunal\/#breadcrumb","itemListElement":[{"@type":"ListItem","position":1,"name":"Home","item":"https:\/\/paulinenaue.info\/"},{"@type":"ListItem","position":2,"name":"Wahlen: Europa, Gemeindevertretung und B\u00fcrgermeister"}]},{"@type":"WebSite","@id":"https:\/\/paulinenaue.info\/#website","url":"https:\/\/paulinenaue.info\/","name":"Paulinenaue","description":"Ein Dorf im Havelland","potentialAction":[{"@type":"SearchAction","target":{"@type":"EntryPoint","urlTemplate":"https:\/\/paulinenaue.info\/?s={search_term_string}"},"query-input":{"@type":"PropertyValueSpecification","valueRequired":true,"valueName":"search_term_string"}}],"inLanguage":"de"},{"@type":"Person","@id":"https:\/\/paulinenaue.info\/#\/schema\/person\/3f9e818fd7b69b0d2bd937ac506897cc","name":"Joachim Scholz","url":"https:\/\/paulinenaue.info\/index.php\/author\/jjscholz\/"}]}},"jetpack_publicize_connections":[],"jetpack_featured_media_url":"https:\/\/paulinenaue.info\/wp-content\/uploads\/2024\/06\/2024-06-09-Paulinenaue-Plakate-Europawahl.jpeg","jetpack_sharing_enabled":true,"jetpack_shortlink":"https:\/\/wp.me\/pcYhWA-1KlF","jetpack-related-posts":[{"id":4865,"url":"https:\/\/paulinenaue.info\/index.php\/paulinenaue-in-der-kommunal-kreistags-und-europawahl-2019\/","url_meta":{"origin":416495,"position":0},"title":"Paulinenaue in der Kommunal-, Kreistags- und Europawahl 2019","author":"Joachim Scholz","date":"27. Mai 2019","format":false,"excerpt":"Arne Breder wird Paulinenaues neuer B\u00fcrgermeister So lang wie einige der Wahlzettel war der gestrige Wahlabend in Paulinenaue, an dem die ehrenamtlichen Helfer noch bis um Mitternacht z\u00e4hlten und die Ergebnisse pr\u00fcften. Nun stehen die Resultate der Mehrfachwahl fest und k\u00f6nnen im Netz, aufbereitet auf vielf\u00e4ltige Art und Weise, abgerufen\u2026","rel":"","context":"In &quot;Hier Zuhause&quot;","block_context":{"text":"Hier Zuhause","link":"https:\/\/paulinenaue.info\/index.php\/category\/hier-zuhause\/"},"img":{"alt_text":"","src":"https:\/\/i0.wp.com\/paulinenaue.info\/wp-content\/uploads\/2019\/05\/DSC01242.jpg?resize=350%2C200&ssl=1","width":350,"height":200,"srcset":"https:\/\/i0.wp.com\/paulinenaue.info\/wp-content\/uploads\/2019\/05\/DSC01242.jpg?resize=350%2C200&ssl=1 1x, https:\/\/i0.wp.com\/paulinenaue.info\/wp-content\/uploads\/2019\/05\/DSC01242.jpg?resize=525%2C300&ssl=1 1.5x, https:\/\/i0.wp.com\/paulinenaue.info\/wp-content\/uploads\/2019\/05\/DSC01242.jpg?resize=700%2C400&ssl=1 2x"},"classes":[]},{"id":4738,"url":"https:\/\/paulinenaue.info\/index.php\/kommunalwahl-in-paulinenaue-am-26-mai-2019\/","url_meta":{"origin":416495,"position":1},"title":"Kommunal- und Europawahl in Paulinenaue am 26. Mai 2019","author":"Joachim Scholz","date":"9. Mai 2019","format":false,"excerpt":"News \u2013 Ergebnisse: Arne Breder wird Paulinenauer B\u00fcrgermeister 21.42 Uhr: Arne Breder wird voraussichtlich Paulinenaues B\u00fcrgermeister. Aus dem Paulinenauer Wahllokal wird bekannt, dass Arne Breder mit gro\u00dfem Abstand vor Gabriele\u00a0 Hentschel und noch einmal deutlichem Abstand vor Tino M\u00fcller die meisten Stimmen erhalten hat. Bei den Kommunalwahlen am 26. Mai\u2026","rel":"","context":"In &quot;Allgemein&quot;","block_context":{"text":"Allgemein","link":"https:\/\/paulinenaue.info\/index.php\/category\/allgemein\/"},"img":{"alt_text":"","src":"https:\/\/i0.wp.com\/paulinenaue.info\/wp-content\/uploads\/2019\/05\/DSC01684.jpg?resize=350%2C200&ssl=1","width":350,"height":200,"srcset":"https:\/\/i0.wp.com\/paulinenaue.info\/wp-content\/uploads\/2019\/05\/DSC01684.jpg?resize=350%2C200&ssl=1 1x, https:\/\/i0.wp.com\/paulinenaue.info\/wp-content\/uploads\/2019\/05\/DSC01684.jpg?resize=525%2C300&ssl=1 1.5x, https:\/\/i0.wp.com\/paulinenaue.info\/wp-content\/uploads\/2019\/05\/DSC01684.jpg?resize=700%2C400&ssl=1 2x"},"classes":[]},{"id":4825,"url":"https:\/\/paulinenaue.info\/index.php\/wahltag\/","url_meta":{"origin":416495,"position":2},"title":"Spannender Wahlabend in Paulinenaue","author":"Joachim Scholz","date":"26. Mai 2019","format":false,"excerpt":"Arne Breder wird neuer Paulinenauer B\u00fcrgermeister 21.42 Uhr: Arne Breder wird Paulinenaues B\u00fcrgermeister. Aus dem Paulinenauer Wahllokal wird bekannt, dass Arne Breder mit deutlichem Abstand vor Gabriele Hentschel und noch einmal gro\u00dfem Abstand vor Tino M\u00fcller sowohl das Paulinenauer als auch das Selbelanger Wahllokal erobert hat. In Paulinenaue erh\u00e4lt Arne\u2026","rel":"","context":"In &quot;Hier Zuhause&quot;","block_context":{"text":"Hier Zuhause","link":"https:\/\/paulinenaue.info\/index.php\/category\/hier-zuhause\/"},"img":{"alt_text":"","src":"https:\/\/i0.wp.com\/paulinenaue.info\/wp-content\/uploads\/2019\/05\/DSC01989.jpg?resize=350%2C200&ssl=1","width":350,"height":200,"srcset":"https:\/\/i0.wp.com\/paulinenaue.info\/wp-content\/uploads\/2019\/05\/DSC01989.jpg?resize=350%2C200&ssl=1 1x, https:\/\/i0.wp.com\/paulinenaue.info\/wp-content\/uploads\/2019\/05\/DSC01989.jpg?resize=525%2C300&ssl=1 1.5x, https:\/\/i0.wp.com\/paulinenaue.info\/wp-content\/uploads\/2019\/05\/DSC01989.jpg?resize=700%2C400&ssl=1 2x"},"classes":[]},{"id":40922,"url":"https:\/\/paulinenaue.info\/index.php\/kommunalwahlen-2003-in-paulinenaue\/","url_meta":{"origin":416495,"position":3},"title":"Kommunalwahlen 2003 in Paulinenaue","author":"Joachim Scholz","date":"27. Oktober 2003","format":false,"excerpt":"Bei den Kommunalwahlen in Paulinenaue am 26. Oktober 2003 lag die Wahlbeteiligung bei 51 Prozent (50 Prozent bei der Wahl des Kreistages). Eberhard Schwarz war bei der Ausz\u00e4hlung der Stimmen dabei und hat die Ergebnisse zusammengestellt. In den folgenden Zahlen f\u00fcr die Gemeinde Paulinenaue sind die im Ortsteil Selbelang abgegebenen\u2026","rel":"","context":"In &quot;Wahlen&quot;","block_context":{"text":"Wahlen","link":"https:\/\/paulinenaue.info\/index.php\/category\/wahlen\/"},"img":{"alt_text":"","src":"https:\/\/i0.wp.com\/paulinenaue.info\/wp-content\/uploads\/2022\/02\/2003-10-27-Kommunalwahl.jpg?resize=350%2C200&ssl=1","width":350,"height":200,"srcset":"https:\/\/i0.wp.com\/paulinenaue.info\/wp-content\/uploads\/2022\/02\/2003-10-27-Kommunalwahl.jpg?resize=350%2C200&ssl=1 1x, https:\/\/i0.wp.com\/paulinenaue.info\/wp-content\/uploads\/2022\/02\/2003-10-27-Kommunalwahl.jpg?resize=525%2C300&ssl=1 1.5x, https:\/\/i0.wp.com\/paulinenaue.info\/wp-content\/uploads\/2022\/02\/2003-10-27-Kommunalwahl.jpg?resize=700%2C400&ssl=1 2x"},"classes":[]},{"id":416434,"url":"https:\/\/paulinenaue.info\/index.php\/vor-der-wahl-befragt-buergermeister-arne-breder\/","url_meta":{"origin":416495,"position":4},"title":"Vor der Wahl befragt: B\u00fcrgermeister Arne Breder","author":"Joachim Scholz","date":"6. Juni 2024","format":false,"excerpt":"Bei der Kommunalwahl im Jahr 2019 schied Paulinenaues langj\u00e4hriger B\u00fcrgermeister Erhard Hesse aus dem Amt. Ein Nachfolger musste gefunden werden. Mit gro\u00dfer Mehrheit ist damals Arne Breder zum B\u00fcrgermeister von Paulinenaue und Selbelang gew\u00e4hlt worden. Breder (geb. 1978), der vor seiner Wahl bereits als Leiter einer caritativen Einrichtung sowie als\u2026","rel":"","context":"In &quot;Allgemein&quot;","block_context":{"text":"Allgemein","link":"https:\/\/paulinenaue.info\/index.php\/category\/allgemein\/"},"img":{"alt_text":"","src":"https:\/\/i0.wp.com\/paulinenaue.info\/wp-content\/uploads\/2024\/06\/2021-10-03-Arne-Breder.jpeg?resize=350%2C200&ssl=1","width":350,"height":200,"srcset":"https:\/\/i0.wp.com\/paulinenaue.info\/wp-content\/uploads\/2024\/06\/2021-10-03-Arne-Breder.jpeg?resize=350%2C200&ssl=1 1x, https:\/\/i0.wp.com\/paulinenaue.info\/wp-content\/uploads\/2024\/06\/2021-10-03-Arne-Breder.jpeg?resize=525%2C300&ssl=1 1.5x, https:\/\/i0.wp.com\/paulinenaue.info\/wp-content\/uploads\/2024\/06\/2021-10-03-Arne-Breder.jpeg?resize=700%2C400&ssl=1 2x"},"classes":[]},{"id":416863,"url":"https:\/\/paulinenaue.info\/index.php\/spd-gewinnt-landtagswahl-in-paulinenaue-besonders-in-selbelang\/","url_meta":{"origin":416495,"position":5},"title":"SPD gewinnt Landtagswahl in Paulinenaue \u2013\u00a0besonders in Selbelang","author":"Joachim Scholz","date":"23. September 2024","format":false,"excerpt":"Als letzte der drei ostdeutschen Landtagswahlen dieses Jahres komplettierte nach Th\u00fcringen und Sachsen am 22. September 2024 die Wahl in Brandenburg den Abstimmungsreigen auf Landesebene. Alle drei Wahlen fanden bundesweit starke Beachtung, da der sich abzeichnende\u00a0 Zugewinn populistischer Parteien und Gruppierungen wie der AfD oder des neuen \u201eB\u00fcndnis Sarah Wagenknecht\u201c\u2026","rel":"","context":"In &quot;Neuigkeiten&quot;","block_context":{"text":"Neuigkeiten","link":"https:\/\/paulinenaue.info\/index.php\/category\/neuigkeiten\/"},"img":{"alt_text":"","src":"https:\/\/i0.wp.com\/paulinenaue.info\/wp-content\/uploads\/2024\/09\/2024-09-24-Landtagswahl-02.jpeg?resize=350%2C200&ssl=1","width":350,"height":200,"srcset":"https:\/\/i0.wp.com\/paulinenaue.info\/wp-content\/uploads\/2024\/09\/2024-09-24-Landtagswahl-02.jpeg?resize=350%2C200&ssl=1 1x, https:\/\/i0.wp.com\/paulinenaue.info\/wp-content\/uploads\/2024\/09\/2024-09-24-Landtagswahl-02.jpeg?resize=525%2C300&ssl=1 1.5x, https:\/\/i0.wp.com\/paulinenaue.info\/wp-content\/uploads\/2024\/09\/2024-09-24-Landtagswahl-02.jpeg?resize=700%2C400&ssl=1 2x, https:\/\/i0.wp.com\/paulinenaue.info\/wp-content\/uploads\/2024\/09\/2024-09-24-Landtagswahl-02.jpeg?resize=1050%2C600&ssl=1 3x, https:\/\/i0.wp.com\/paulinenaue.info\/wp-content\/uploads\/2024\/09\/2024-09-24-Landtagswahl-02.jpeg?resize=1400%2C800&ssl=1 4x"},"classes":[]}],"_links":{"self":[{"href":"https:\/\/paulinenaue.info\/index.php\/wp-json\/wp\/v2\/posts\/416495","targetHints":{"allow":["GET"]}}],"collection":[{"href":"https:\/\/paulinenaue.info\/index.php\/wp-json\/wp\/v2\/posts"}],"about":[{"href":"https:\/\/paulinenaue.info\/index.php\/wp-json\/wp\/v2\/types\/post"}],"author":[{"embeddable":true,"href":"https:\/\/paulinenaue.info\/index.php\/wp-json\/wp\/v2\/users\/1"}],"replies":[{"embeddable":true,"href":"https:\/\/paulinenaue.info\/index.php\/wp-json\/wp\/v2\/comments?post=416495"}],"version-history":[{"count":36,"href":"https:\/\/paulinenaue.info\/index.php\/wp-json\/wp\/v2\/posts\/416495\/revisions"}],"predecessor-version":[{"id":416531,"href":"https:\/\/paulinenaue.info\/index.php\/wp-json\/wp\/v2\/posts\/416495\/revisions\/416531"}],"wp:featuredmedia":[{"embeddable":true,"href":"https:\/\/paulinenaue.info\/index.php\/wp-json\/wp\/v2\/media\/416503"}],"wp:attachment":[{"href":"https:\/\/paulinenaue.info\/index.php\/wp-json\/wp\/v2\/media?parent=416495"}],"wp:term":[{"taxonomy":"category","embeddable":true,"href":"https:\/\/paulinenaue.info\/index.php\/wp-json\/wp\/v2\/categories?post=416495"},{"taxonomy":"post_tag","embeddable":true,"href":"https:\/\/paulinenaue.info\/index.php\/wp-json\/wp\/v2\/tags?post=416495"}],"curies":[{"name":"wp","href":"https:\/\/api.w.org\/{rel}","templated":true}]}}