{"id":416540,"date":"2024-06-14T09:36:12","date_gmt":"2024-06-14T07:36:12","guid":{"rendered":"https:\/\/paulinenaue.info\/?p=416540"},"modified":"2024-06-16T02:09:48","modified_gmt":"2024-06-16T00:09:48","slug":"foerdermittelscheck-an-die-freiwillige-feuerwehr-ueberreicht","status":"publish","type":"post","link":"https:\/\/paulinenaue.info\/index.php\/foerdermittelscheck-an-die-freiwillige-feuerwehr-ueberreicht\/","title":{"rendered":"F\u00f6rdermittelscheck an die Freiwillige Feuerwehr \u00fcberreicht"},"content":{"rendered":"<div class=\"fusion-fullwidth fullwidth-box fusion-builder-row-1 fusion-flex-container nonhundred-percent-fullwidth non-hundred-percent-height-scrolling\" style=\"--awb-border-radius-top-left:0px;--awb-border-radius-top-right:0px;--awb-border-radius-bottom-right:0px;--awb-border-radius-bottom-left:0px;\" ><div class=\"fusion-builder-row fusion-row fusion-flex-align-items-flex-start\" style=\"max-width:1248px;margin-left: calc(-4% \/ 2 );margin-right: calc(-4% \/ 2 );\"><div class=\"fusion-layout-column fusion_builder_column fusion-builder-column-0 fusion_builder_column_1_1 1_1 fusion-flex-column\" style=\"--awb-bg-size:cover;--awb-width-large:100%;--awb-margin-top-large:0px;--awb-spacing-right-large:1.92%;--awb-margin-bottom-large:0px;--awb-spacing-left-large:1.92%;--awb-width-medium:100%;--awb-spacing-right-medium:1.92%;--awb-spacing-left-medium:1.92%;--awb-width-small:100%;--awb-spacing-right-small:1.92%;--awb-spacing-left-small:1.92%;\"><div class=\"fusion-column-wrapper fusion-flex-justify-content-flex-start fusion-content-layout-column\"><div class=\"fusion-text fusion-text-1\"><p><i>Text und Fotos: Eckhard Vierjahn. <\/i><\/p>\n<p>Der Innenminister des Landes Brandenburg Michael St\u00fcbgen hat am 13.06.2024 einen F\u00f6rdermittelscheck f\u00fcr den Bau des neuen Feuerwehrdepots in H\u00f6he von 627.000 \u20ac an den Amtsdirektor Christian Pust und den stellvertretenden Wehrf\u00fchrer Sebastian Lingk \u00fcberreicht.. Aus diesem Anlass waren auch der Landtagsabgeordnete Johannes Funke, der Kreisdezernent Michael Koch, der Kreisbrandmeister Lothar Schneider und Kameraden und Kameradinnen der Freiwilligen Feuerwehr Paulinenaue sowie von mehreren Feuerwehren des Amtes Friesack an das Feuerwehrdepot gekommen. Der Amtsdirektor erl\u00e4uterte die Notwendigkeit f\u00fcr den Neubau des Feuerwehrdepots, dass insgesamt fast zwei Millionen Euro kosten wird. Das Land Brandenburg wird in diesem Jahr 23 Millionen Euro f\u00fcr die Arbeit der Feuerwehren zur Verf\u00fcgung stellen, so viel wie in den vergangenen zehn Jahren nicht, so der Minister. Der Innenminister dankte den Kameradinnen und Kameraden f\u00fcr ihre engagierte ehrenamtliche Arbeit, die sie in ihrer Freizeit leisten.<\/p>\n<p>Der Innenminister nutze diesen Anlass und zeichnete den Amtswehrf\u00fchrer Stefan Schaarschmidt aus. Er \u00fcberreichte ihm die Fontane-Medaille, die Ehrenm\u00fcnze des Innenministers zur W\u00fcrdigung des besonderen Engagements in der Feuerwehr.<\/p>\n<\/p>\n<p><div id=\"attachment_416541\" style=\"width: 310px\" class=\"wp-caption alignnone\"><a href=\"https:\/\/paulinenaue.info\/wp-content\/uploads\/2024\/06\/IMG_2903-1-klein-scaled.jpg\"><img decoding=\"async\" aria-describedby=\"caption-attachment-416541\" data-attachment-id=\"416541\" data-permalink=\"https:\/\/paulinenaue.info\/index.php\/foerdermittelscheck-an-die-freiwillige-feuerwehr-ueberreicht\/img_2903-1-klein\/\" data-orig-file=\"https:\/\/paulinenaue.info\/wp-content\/uploads\/2024\/06\/IMG_2903-1-klein-scaled.jpg\" data-orig-size=\"2560,1314\" data-comments-opened=\"1\" data-image-meta=\"{&quot;aperture&quot;:&quot;0&quot;,&quot;credit&quot;:&quot;&quot;,&quot;camera&quot;:&quot;&quot;,&quot;caption&quot;:&quot;&quot;,&quot;created_timestamp&quot;:&quot;0&quot;,&quot;copyright&quot;:&quot;&quot;,&quot;focal_length&quot;:&quot;0&quot;,&quot;iso&quot;:&quot;0&quot;,&quot;shutter_speed&quot;:&quot;0&quot;,&quot;title&quot;:&quot;&quot;,&quot;orientation&quot;:&quot;0&quot;}\" data-image-title=\"IMG_2903-1-klein\" data-image-description=\"\" data-image-caption=\"\" data-large-file=\"https:\/\/paulinenaue.info\/wp-content\/uploads\/2024\/06\/IMG_2903-1-klein-1024x526.jpg\" class=\"lazyload wp-image-416541 size-medium\" src=\"https:\/\/paulinenaue.info\/wp-content\/uploads\/2024\/06\/IMG_2903-1-klein-300x154.jpg\" data-orig-src=\"https:\/\/paulinenaue.info\/wp-content\/uploads\/2024\/06\/IMG_2903-1-klein-300x154.jpg\" alt=\"Kameradinnen und Kameraden der Feuerwehren des Amtes Friesack\" width=\"300\" height=\"154\" srcset=\"data:image\/svg+xml,%3Csvg%20xmlns%3D%27http%3A%2F%2Fwww.w3.org%2F2000%2Fsvg%27%20width%3D%27300%27%20height%3D%27154%27%20viewBox%3D%270%200%20300%20154%27%3E%3Crect%20width%3D%27300%27%20height%3D%27154%27%20fill-opacity%3D%220%22%2F%3E%3C%2Fsvg%3E\" data-srcset=\"https:\/\/paulinenaue.info\/wp-content\/uploads\/2024\/06\/IMG_2903-1-klein-200x103.jpg 200w, https:\/\/paulinenaue.info\/wp-content\/uploads\/2024\/06\/IMG_2903-1-klein-300x154.jpg 300w, https:\/\/paulinenaue.info\/wp-content\/uploads\/2024\/06\/IMG_2903-1-klein-400x205.jpg 400w, https:\/\/paulinenaue.info\/wp-content\/uploads\/2024\/06\/IMG_2903-1-klein-600x308.jpg 600w, https:\/\/paulinenaue.info\/wp-content\/uploads\/2024\/06\/IMG_2903-1-klein-768x394.jpg 768w, https:\/\/paulinenaue.info\/wp-content\/uploads\/2024\/06\/IMG_2903-1-klein-800x411.jpg 800w, https:\/\/paulinenaue.info\/wp-content\/uploads\/2024\/06\/IMG_2903-1-klein-1024x526.jpg 1024w, https:\/\/paulinenaue.info\/wp-content\/uploads\/2024\/06\/IMG_2903-1-klein-1200x616.jpg 1200w, https:\/\/paulinenaue.info\/wp-content\/uploads\/2024\/06\/IMG_2903-1-klein-1536x788.jpg 1536w\" data-sizes=\"auto\" data-orig-sizes=\"(max-width: 300px) 100vw, 300px\" \/><\/a><p id=\"caption-attachment-416541\" class=\"wp-caption-text\">Kameradinnen und Kameraden der Feuerwehren des Amtes Friesack, Foto: Eckhard Vierjahn<\/p><\/div>\n<div id=\"attachment_416542\" style=\"width: 310px\" class=\"wp-caption alignnone\"><a href=\"https:\/\/paulinenaue.info\/wp-content\/uploads\/2024\/06\/IMG_2914-1-klein-scaled.jpg\"><img decoding=\"async\" aria-describedby=\"caption-attachment-416542\" data-attachment-id=\"416542\" data-permalink=\"https:\/\/paulinenaue.info\/index.php\/foerdermittelscheck-an-die-freiwillige-feuerwehr-ueberreicht\/img_2914-1-klein\/\" data-orig-file=\"https:\/\/paulinenaue.info\/wp-content\/uploads\/2024\/06\/IMG_2914-1-klein-scaled.jpg\" data-orig-size=\"2560,2138\" data-comments-opened=\"1\" data-image-meta=\"{&quot;aperture&quot;:&quot;0&quot;,&quot;credit&quot;:&quot;&quot;,&quot;camera&quot;:&quot;&quot;,&quot;caption&quot;:&quot;&quot;,&quot;created_timestamp&quot;:&quot;0&quot;,&quot;copyright&quot;:&quot;&quot;,&quot;focal_length&quot;:&quot;0&quot;,&quot;iso&quot;:&quot;0&quot;,&quot;shutter_speed&quot;:&quot;0&quot;,&quot;title&quot;:&quot;&quot;,&quot;orientation&quot;:&quot;0&quot;}\" data-image-title=\"IMG_2914-1-klein\" data-image-description=\"\" data-image-caption=\"\" data-large-file=\"https:\/\/paulinenaue.info\/wp-content\/uploads\/2024\/06\/IMG_2914-1-klein-1024x855.jpg\" class=\"lazyload wp-image-416542 size-medium\" src=\"https:\/\/paulinenaue.info\/wp-content\/uploads\/2024\/06\/IMG_2914-1-klein-300x251.jpg\" data-orig-src=\"https:\/\/paulinenaue.info\/wp-content\/uploads\/2024\/06\/IMG_2914-1-klein-300x251.jpg\" alt=\"Michael St\u00fcbgen, Sebastian Lingk, Christian Pust, Michael Koch, Johannes Funke (v.l.n.r.)\" width=\"300\" height=\"251\" srcset=\"data:image\/svg+xml,%3Csvg%20xmlns%3D%27http%3A%2F%2Fwww.w3.org%2F2000%2Fsvg%27%20width%3D%27300%27%20height%3D%27251%27%20viewBox%3D%270%200%20300%20251%27%3E%3Crect%20width%3D%27300%27%20height%3D%27251%27%20fill-opacity%3D%220%22%2F%3E%3C%2Fsvg%3E\" data-srcset=\"https:\/\/paulinenaue.info\/wp-content\/uploads\/2024\/06\/IMG_2914-1-klein-200x167.jpg 200w, https:\/\/paulinenaue.info\/wp-content\/uploads\/2024\/06\/IMG_2914-1-klein-300x251.jpg 300w, https:\/\/paulinenaue.info\/wp-content\/uploads\/2024\/06\/IMG_2914-1-klein-400x334.jpg 400w, https:\/\/paulinenaue.info\/wp-content\/uploads\/2024\/06\/IMG_2914-1-klein-600x501.jpg 600w, https:\/\/paulinenaue.info\/wp-content\/uploads\/2024\/06\/IMG_2914-1-klein-768x641.jpg 768w, https:\/\/paulinenaue.info\/wp-content\/uploads\/2024\/06\/IMG_2914-1-klein-800x668.jpg 800w, https:\/\/paulinenaue.info\/wp-content\/uploads\/2024\/06\/IMG_2914-1-klein-1024x855.jpg 1024w, https:\/\/paulinenaue.info\/wp-content\/uploads\/2024\/06\/IMG_2914-1-klein-1200x1002.jpg 1200w, https:\/\/paulinenaue.info\/wp-content\/uploads\/2024\/06\/IMG_2914-1-klein-1536x1283.jpg 1536w\" data-sizes=\"auto\" data-orig-sizes=\"(max-width: 300px) 100vw, 300px\" \/><\/a><p id=\"caption-attachment-416542\" class=\"wp-caption-text\">Michael St\u00fcbgen, Sebastian Lingk, Christian Pust, Michael Koch, Johannes Funke (v.l.n.r.), Foto: Eckhard Vierjahn<\/p><\/div>\n<div id=\"attachment_416545\" style=\"width: 310px\" class=\"wp-caption alignnone\"><a href=\"https:\/\/paulinenaue.info\/wp-content\/uploads\/2024\/06\/Scharschmidt.jpg\"><img decoding=\"async\" aria-describedby=\"caption-attachment-416545\" data-attachment-id=\"416545\" data-permalink=\"https:\/\/paulinenaue.info\/index.php\/foerdermittelscheck-an-die-freiwillige-feuerwehr-ueberreicht\/scharschmidt\/\" data-orig-file=\"https:\/\/paulinenaue.info\/wp-content\/uploads\/2024\/06\/Scharschmidt.jpg\" data-orig-size=\"749,562\" data-comments-opened=\"1\" data-image-meta=\"{&quot;aperture&quot;:&quot;0&quot;,&quot;credit&quot;:&quot;&quot;,&quot;camera&quot;:&quot;&quot;,&quot;caption&quot;:&quot;&quot;,&quot;created_timestamp&quot;:&quot;0&quot;,&quot;copyright&quot;:&quot;&quot;,&quot;focal_length&quot;:&quot;0&quot;,&quot;iso&quot;:&quot;0&quot;,&quot;shutter_speed&quot;:&quot;0&quot;,&quot;title&quot;:&quot;&quot;,&quot;orientation&quot;:&quot;0&quot;}\" data-image-title=\"Scharschmidt\" data-image-description=\"\" data-image-caption=\"\" data-large-file=\"https:\/\/paulinenaue.info\/wp-content\/uploads\/2024\/06\/Scharschmidt.jpg\" class=\"lazyload wp-image-416545 size-medium\" src=\"https:\/\/paulinenaue.info\/wp-content\/uploads\/2024\/06\/Scharschmidt-300x225.jpg\" data-orig-src=\"https:\/\/paulinenaue.info\/wp-content\/uploads\/2024\/06\/Scharschmidt-300x225.jpg\" alt=\"Fontanemedaille f\u00fcr Stefan Scharschmidt (Mitte)\" width=\"300\" height=\"225\" srcset=\"data:image\/svg+xml,%3Csvg%20xmlns%3D%27http%3A%2F%2Fwww.w3.org%2F2000%2Fsvg%27%20width%3D%27300%27%20height%3D%27225%27%20viewBox%3D%270%200%20300%20225%27%3E%3Crect%20width%3D%27300%27%20height%3D%27225%27%20fill-opacity%3D%220%22%2F%3E%3C%2Fsvg%3E\" data-srcset=\"https:\/\/paulinenaue.info\/wp-content\/uploads\/2024\/06\/Scharschmidt-200x150.jpg 200w, https:\/\/paulinenaue.info\/wp-content\/uploads\/2024\/06\/Scharschmidt-300x225.jpg 300w, https:\/\/paulinenaue.info\/wp-content\/uploads\/2024\/06\/Scharschmidt-400x300.jpg 400w, https:\/\/paulinenaue.info\/wp-content\/uploads\/2024\/06\/Scharschmidt-600x450.jpg 600w, https:\/\/paulinenaue.info\/wp-content\/uploads\/2024\/06\/Scharschmidt.jpg 749w\" data-sizes=\"auto\" data-orig-sizes=\"(max-width: 300px) 100vw, 300px\" \/><\/a><p id=\"caption-attachment-416545\" class=\"wp-caption-text\">Fontanemedaille f\u00fcr Stefan Scharschmidt (Mitte), Foto: Eckhard Vierjahn<\/p><\/div><\/p>\n<\/div><\/div><\/div><\/div><\/div>\n","protected":false},"excerpt":{"rendered":"","protected":false},"author":3,"featured_media":416542,"comment_status":"open","ping_status":"open","sticky":false,"template":"","format":"standard","meta":{"_acf_changed":false,"_price":"","_stock":"","_tribe_ticket_header":"","_tribe_default_ticket_provider":"","_tribe_ticket_capacity":"0","_ticket_start_date":"","_ticket_end_date":"","_tribe_ticket_show_description":"","_tribe_ticket_show_not_going":false,"_tribe_ticket_use_global_stock":"","_tribe_ticket_global_stock_level":"","_global_stock_mode":"","_global_stock_cap":"","_tribe_rsvp_for_event":"","_tribe_ticket_going_count":"","_tribe_ticket_not_going_count":"","_tribe_tickets_list":"[]","_tribe_ticket_has_attendee_info_fields":false,"jetpack_post_was_ever_published":false,"_jetpack_newsletter_access":"","_jetpack_dont_email_post_to_subs":false,"_jetpack_newsletter_tier_id":0,"_jetpack_memberships_contains_paywalled_content":false,"_jetpack_memberships_contains_paid_content":false,"footnotes":"","jetpack_publicize_message":"","jetpack_publicize_feature_enabled":true,"jetpack_social_post_already_shared":true,"jetpack_social_options":{"image_generator_settings":{"template":"highway","default_image_id":0,"font":"","enabled":false},"version":2}},"categories":[16,9],"tags":[17,548,328,550,549],"class_list":["post-416540","post","type-post","status-publish","format-standard","has-post-thumbnail","hentry","category-feuerwehr","category-neuigkeiten","tag-feuerwehr","tag-feuerwehrdepot","tag-foerdermittel","tag-innenminister","tag-stuebgen"],"acf":[],"yoast_head":"<!-- This site is optimized with the Yoast SEO plugin v27.5 - https:\/\/yoast.com\/product\/yoast-seo-wordpress\/ -->\n<title>F\u00f6rdermittelscheck an die Freiwillige Feuerwehr \u00fcberreicht - Paulinenaue<\/title>\n<meta name=\"robots\" content=\"index, follow, max-snippet:-1, max-image-preview:large, max-video-preview:-1\" \/>\n<link rel=\"canonical\" href=\"https:\/\/paulinenaue.info\/index.php\/foerdermittelscheck-an-die-freiwillige-feuerwehr-ueberreicht\/\" \/>\n<meta property=\"og:locale\" content=\"de_DE\" \/>\n<meta property=\"og:type\" content=\"article\" \/>\n<meta property=\"og:title\" content=\"F\u00f6rdermittelscheck an die Freiwillige Feuerwehr \u00fcberreicht - Paulinenaue\" \/>\n<meta property=\"og:url\" content=\"https:\/\/paulinenaue.info\/index.php\/foerdermittelscheck-an-die-freiwillige-feuerwehr-ueberreicht\/\" \/>\n<meta property=\"og:site_name\" content=\"Paulinenaue\" \/>\n<meta property=\"article:published_time\" content=\"2024-06-14T07:36:12+00:00\" \/>\n<meta property=\"article:modified_time\" content=\"2024-06-16T00:09:48+00:00\" \/>\n<meta property=\"og:image\" content=\"https:\/\/paulinenaue.info\/wp-content\/uploads\/2024\/06\/IMG_2914-1-klein-scaled.jpg\" \/>\n\t<meta property=\"og:image:width\" content=\"2560\" \/>\n\t<meta property=\"og:image:height\" content=\"2138\" \/>\n\t<meta property=\"og:image:type\" content=\"image\/jpeg\" \/>\n<meta name=\"author\" content=\"Sarah\" \/>\n<meta name=\"twitter:card\" content=\"summary_large_image\" \/>\n<meta name=\"twitter:label1\" content=\"Verfasst von\" \/>\n\t<meta name=\"twitter:data1\" content=\"Sarah\" \/>\n\t<meta name=\"twitter:label2\" content=\"Gesch\u00e4tzte Lesezeit\" \/>\n\t<meta name=\"twitter:data2\" content=\"2\u00a0Minuten\" \/>\n<script type=\"application\/ld+json\" class=\"yoast-schema-graph\">{\"@context\":\"https:\\\/\\\/schema.org\",\"@graph\":[{\"@type\":\"Article\",\"@id\":\"https:\\\/\\\/paulinenaue.info\\\/index.php\\\/foerdermittelscheck-an-die-freiwillige-feuerwehr-ueberreicht\\\/#article\",\"isPartOf\":{\"@id\":\"https:\\\/\\\/paulinenaue.info\\\/index.php\\\/foerdermittelscheck-an-die-freiwillige-feuerwehr-ueberreicht\\\/\"},\"author\":{\"name\":\"Sarah\",\"@id\":\"https:\\\/\\\/paulinenaue.info\\\/#\\\/schema\\\/person\\\/e5be566a57b5b3f65d2c65a58c42325e\"},\"headline\":\"F\u00f6rdermittelscheck an die Freiwillige Feuerwehr \u00fcberreicht\",\"datePublished\":\"2024-06-14T07:36:12+00:00\",\"dateModified\":\"2024-06-16T00:09:48+00:00\",\"mainEntityOfPage\":{\"@id\":\"https:\\\/\\\/paulinenaue.info\\\/index.php\\\/foerdermittelscheck-an-die-freiwillige-feuerwehr-ueberreicht\\\/\"},\"wordCount\":354,\"commentCount\":0,\"image\":{\"@id\":\"https:\\\/\\\/paulinenaue.info\\\/index.php\\\/foerdermittelscheck-an-die-freiwillige-feuerwehr-ueberreicht\\\/#primaryimage\"},\"thumbnailUrl\":\"https:\\\/\\\/paulinenaue.info\\\/wp-content\\\/uploads\\\/2024\\\/06\\\/IMG_2914-1-klein-scaled.jpg\",\"keywords\":[\"Feuerwehr\",\"Feuerwehrdepot\",\"F\u00f6rdermittel\",\"Innenminister\",\"St\u00fcbgen\"],\"articleSection\":[\"Feuerwehr\",\"Neuigkeiten\"],\"inLanguage\":\"de\",\"potentialAction\":[{\"@type\":\"CommentAction\",\"name\":\"Comment\",\"target\":[\"https:\\\/\\\/paulinenaue.info\\\/index.php\\\/foerdermittelscheck-an-die-freiwillige-feuerwehr-ueberreicht\\\/#respond\"]}]},{\"@type\":\"WebPage\",\"@id\":\"https:\\\/\\\/paulinenaue.info\\\/index.php\\\/foerdermittelscheck-an-die-freiwillige-feuerwehr-ueberreicht\\\/\",\"url\":\"https:\\\/\\\/paulinenaue.info\\\/index.php\\\/foerdermittelscheck-an-die-freiwillige-feuerwehr-ueberreicht\\\/\",\"name\":\"F\u00f6rdermittelscheck an die Freiwillige Feuerwehr \u00fcberreicht - Paulinenaue\",\"isPartOf\":{\"@id\":\"https:\\\/\\\/paulinenaue.info\\\/#website\"},\"primaryImageOfPage\":{\"@id\":\"https:\\\/\\\/paulinenaue.info\\\/index.php\\\/foerdermittelscheck-an-die-freiwillige-feuerwehr-ueberreicht\\\/#primaryimage\"},\"image\":{\"@id\":\"https:\\\/\\\/paulinenaue.info\\\/index.php\\\/foerdermittelscheck-an-die-freiwillige-feuerwehr-ueberreicht\\\/#primaryimage\"},\"thumbnailUrl\":\"https:\\\/\\\/paulinenaue.info\\\/wp-content\\\/uploads\\\/2024\\\/06\\\/IMG_2914-1-klein-scaled.jpg\",\"datePublished\":\"2024-06-14T07:36:12+00:00\",\"dateModified\":\"2024-06-16T00:09:48+00:00\",\"author\":{\"@id\":\"https:\\\/\\\/paulinenaue.info\\\/#\\\/schema\\\/person\\\/e5be566a57b5b3f65d2c65a58c42325e\"},\"breadcrumb\":{\"@id\":\"https:\\\/\\\/paulinenaue.info\\\/index.php\\\/foerdermittelscheck-an-die-freiwillige-feuerwehr-ueberreicht\\\/#breadcrumb\"},\"inLanguage\":\"de\",\"potentialAction\":[{\"@type\":\"ReadAction\",\"target\":[\"https:\\\/\\\/paulinenaue.info\\\/index.php\\\/foerdermittelscheck-an-die-freiwillige-feuerwehr-ueberreicht\\\/\"]}]},{\"@type\":\"ImageObject\",\"inLanguage\":\"de\",\"@id\":\"https:\\\/\\\/paulinenaue.info\\\/index.php\\\/foerdermittelscheck-an-die-freiwillige-feuerwehr-ueberreicht\\\/#primaryimage\",\"url\":\"https:\\\/\\\/paulinenaue.info\\\/wp-content\\\/uploads\\\/2024\\\/06\\\/IMG_2914-1-klein-scaled.jpg\",\"contentUrl\":\"https:\\\/\\\/paulinenaue.info\\\/wp-content\\\/uploads\\\/2024\\\/06\\\/IMG_2914-1-klein-scaled.jpg\",\"width\":2560,\"height\":2138},{\"@type\":\"BreadcrumbList\",\"@id\":\"https:\\\/\\\/paulinenaue.info\\\/index.php\\\/foerdermittelscheck-an-die-freiwillige-feuerwehr-ueberreicht\\\/#breadcrumb\",\"itemListElement\":[{\"@type\":\"ListItem\",\"position\":1,\"name\":\"Home\",\"item\":\"https:\\\/\\\/paulinenaue.info\\\/\"},{\"@type\":\"ListItem\",\"position\":2,\"name\":\"F\u00f6rdermittelscheck an die Freiwillige Feuerwehr \u00fcberreicht\"}]},{\"@type\":\"WebSite\",\"@id\":\"https:\\\/\\\/paulinenaue.info\\\/#website\",\"url\":\"https:\\\/\\\/paulinenaue.info\\\/\",\"name\":\"Paulinenaue\",\"description\":\"Ein Dorf im Havelland\",\"potentialAction\":[{\"@type\":\"SearchAction\",\"target\":{\"@type\":\"EntryPoint\",\"urlTemplate\":\"https:\\\/\\\/paulinenaue.info\\\/?s={search_term_string}\"},\"query-input\":{\"@type\":\"PropertyValueSpecification\",\"valueRequired\":true,\"valueName\":\"search_term_string\"}}],\"inLanguage\":\"de\"},{\"@type\":\"Person\",\"@id\":\"https:\\\/\\\/paulinenaue.info\\\/#\\\/schema\\\/person\\\/e5be566a57b5b3f65d2c65a58c42325e\",\"name\":\"Sarah\",\"url\":\"https:\\\/\\\/paulinenaue.info\\\/index.php\\\/author\\\/sarah\\\/\"}]}<\/script>\n<!-- \/ Yoast SEO plugin. -->","yoast_head_json":{"title":"F\u00f6rdermittelscheck an die Freiwillige Feuerwehr \u00fcberreicht - Paulinenaue","robots":{"index":"index","follow":"follow","max-snippet":"max-snippet:-1","max-image-preview":"max-image-preview:large","max-video-preview":"max-video-preview:-1"},"canonical":"https:\/\/paulinenaue.info\/index.php\/foerdermittelscheck-an-die-freiwillige-feuerwehr-ueberreicht\/","og_locale":"de_DE","og_type":"article","og_title":"F\u00f6rdermittelscheck an die Freiwillige Feuerwehr \u00fcberreicht - Paulinenaue","og_url":"https:\/\/paulinenaue.info\/index.php\/foerdermittelscheck-an-die-freiwillige-feuerwehr-ueberreicht\/","og_site_name":"Paulinenaue","article_published_time":"2024-06-14T07:36:12+00:00","article_modified_time":"2024-06-16T00:09:48+00:00","og_image":[{"width":2560,"height":2138,"url":"https:\/\/paulinenaue.info\/wp-content\/uploads\/2024\/06\/IMG_2914-1-klein-scaled.jpg","type":"image\/jpeg"}],"author":"Sarah","twitter_card":"summary_large_image","twitter_misc":{"Verfasst von":"Sarah","Gesch\u00e4tzte Lesezeit":"2\u00a0Minuten"},"schema":{"@context":"https:\/\/schema.org","@graph":[{"@type":"Article","@id":"https:\/\/paulinenaue.info\/index.php\/foerdermittelscheck-an-die-freiwillige-feuerwehr-ueberreicht\/#article","isPartOf":{"@id":"https:\/\/paulinenaue.info\/index.php\/foerdermittelscheck-an-die-freiwillige-feuerwehr-ueberreicht\/"},"author":{"name":"Sarah","@id":"https:\/\/paulinenaue.info\/#\/schema\/person\/e5be566a57b5b3f65d2c65a58c42325e"},"headline":"F\u00f6rdermittelscheck an die Freiwillige Feuerwehr \u00fcberreicht","datePublished":"2024-06-14T07:36:12+00:00","dateModified":"2024-06-16T00:09:48+00:00","mainEntityOfPage":{"@id":"https:\/\/paulinenaue.info\/index.php\/foerdermittelscheck-an-die-freiwillige-feuerwehr-ueberreicht\/"},"wordCount":354,"commentCount":0,"image":{"@id":"https:\/\/paulinenaue.info\/index.php\/foerdermittelscheck-an-die-freiwillige-feuerwehr-ueberreicht\/#primaryimage"},"thumbnailUrl":"https:\/\/paulinenaue.info\/wp-content\/uploads\/2024\/06\/IMG_2914-1-klein-scaled.jpg","keywords":["Feuerwehr","Feuerwehrdepot","F\u00f6rdermittel","Innenminister","St\u00fcbgen"],"articleSection":["Feuerwehr","Neuigkeiten"],"inLanguage":"de","potentialAction":[{"@type":"CommentAction","name":"Comment","target":["https:\/\/paulinenaue.info\/index.php\/foerdermittelscheck-an-die-freiwillige-feuerwehr-ueberreicht\/#respond"]}]},{"@type":"WebPage","@id":"https:\/\/paulinenaue.info\/index.php\/foerdermittelscheck-an-die-freiwillige-feuerwehr-ueberreicht\/","url":"https:\/\/paulinenaue.info\/index.php\/foerdermittelscheck-an-die-freiwillige-feuerwehr-ueberreicht\/","name":"F\u00f6rdermittelscheck an die Freiwillige Feuerwehr \u00fcberreicht - Paulinenaue","isPartOf":{"@id":"https:\/\/paulinenaue.info\/#website"},"primaryImageOfPage":{"@id":"https:\/\/paulinenaue.info\/index.php\/foerdermittelscheck-an-die-freiwillige-feuerwehr-ueberreicht\/#primaryimage"},"image":{"@id":"https:\/\/paulinenaue.info\/index.php\/foerdermittelscheck-an-die-freiwillige-feuerwehr-ueberreicht\/#primaryimage"},"thumbnailUrl":"https:\/\/paulinenaue.info\/wp-content\/uploads\/2024\/06\/IMG_2914-1-klein-scaled.jpg","datePublished":"2024-06-14T07:36:12+00:00","dateModified":"2024-06-16T00:09:48+00:00","author":{"@id":"https:\/\/paulinenaue.info\/#\/schema\/person\/e5be566a57b5b3f65d2c65a58c42325e"},"breadcrumb":{"@id":"https:\/\/paulinenaue.info\/index.php\/foerdermittelscheck-an-die-freiwillige-feuerwehr-ueberreicht\/#breadcrumb"},"inLanguage":"de","potentialAction":[{"@type":"ReadAction","target":["https:\/\/paulinenaue.info\/index.php\/foerdermittelscheck-an-die-freiwillige-feuerwehr-ueberreicht\/"]}]},{"@type":"ImageObject","inLanguage":"de","@id":"https:\/\/paulinenaue.info\/index.php\/foerdermittelscheck-an-die-freiwillige-feuerwehr-ueberreicht\/#primaryimage","url":"https:\/\/paulinenaue.info\/wp-content\/uploads\/2024\/06\/IMG_2914-1-klein-scaled.jpg","contentUrl":"https:\/\/paulinenaue.info\/wp-content\/uploads\/2024\/06\/IMG_2914-1-klein-scaled.jpg","width":2560,"height":2138},{"@type":"BreadcrumbList","@id":"https:\/\/paulinenaue.info\/index.php\/foerdermittelscheck-an-die-freiwillige-feuerwehr-ueberreicht\/#breadcrumb","itemListElement":[{"@type":"ListItem","position":1,"name":"Home","item":"https:\/\/paulinenaue.info\/"},{"@type":"ListItem","position":2,"name":"F\u00f6rdermittelscheck an die Freiwillige Feuerwehr \u00fcberreicht"}]},{"@type":"WebSite","@id":"https:\/\/paulinenaue.info\/#website","url":"https:\/\/paulinenaue.info\/","name":"Paulinenaue","description":"Ein Dorf im Havelland","potentialAction":[{"@type":"SearchAction","target":{"@type":"EntryPoint","urlTemplate":"https:\/\/paulinenaue.info\/?s={search_term_string}"},"query-input":{"@type":"PropertyValueSpecification","valueRequired":true,"valueName":"search_term_string"}}],"inLanguage":"de"},{"@type":"Person","@id":"https:\/\/paulinenaue.info\/#\/schema\/person\/e5be566a57b5b3f65d2c65a58c42325e","name":"Sarah","url":"https:\/\/paulinenaue.info\/index.php\/author\/sarah\/"}]}},"jetpack_publicize_connections":[],"jetpack_featured_media_url":"https:\/\/paulinenaue.info\/wp-content\/uploads\/2024\/06\/IMG_2914-1-klein-scaled.jpg","jetpack_sharing_enabled":true,"jetpack_shortlink":"https:\/\/wp.me\/pcYhWA-1Kmo","jetpack-related-posts":[{"id":143058,"url":"https:\/\/paulinenaue.info\/index.php\/erfolgreicher-dorfputz\/","url_meta":{"origin":416540,"position":0},"title":"Erfolgreicher Dorfputz","author":"Sarah","date":"26. April 2022","format":false,"excerpt":"","rel":"","context":"In &quot;Gemeinde Paulinenaue&quot;","block_context":{"text":"Gemeinde Paulinenaue","link":"https:\/\/paulinenaue.info\/index.php\/category\/gemeinde-paulinenaue\/"},"img":{"alt_text":"","src":"https:\/\/i0.wp.com\/paulinenaue.info\/wp-content\/uploads\/2022\/04\/IMG-20220409-WA0000.jpg?resize=350%2C200&ssl=1","width":350,"height":200,"srcset":"https:\/\/i0.wp.com\/paulinenaue.info\/wp-content\/uploads\/2022\/04\/IMG-20220409-WA0000.jpg?resize=350%2C200&ssl=1 1x, https:\/\/i0.wp.com\/paulinenaue.info\/wp-content\/uploads\/2022\/04\/IMG-20220409-WA0000.jpg?resize=525%2C300&ssl=1 1.5x, https:\/\/i0.wp.com\/paulinenaue.info\/wp-content\/uploads\/2022\/04\/IMG-20220409-WA0000.jpg?resize=700%2C400&ssl=1 2x"},"classes":[]},{"id":133,"url":"https:\/\/paulinenaue.info\/index.php\/karibu-meets-feuerwehr-beim-halloweenfest-2012\/","url_meta":{"origin":416540,"position":1},"title":"Karibu meets Feuerwehr &#8230; beim Halloweenfest 2012","author":"Joachim Scholz","date":"22. Oktober 2012","format":false,"excerpt":"Gemeinsam mit der Feuerwehr gestaltete die Karibu-Grundschule am 31. Oktober 2012 wieder das Halloween-Fest. Es begann als Projekttag am Vormittag in der Schule und endete mit einem Fackelumzug am Abend. Alle Schulklassen bereiteten sich bis 11 Uhr mit Basteln, Kochen und anderem auf Halloween vor. Am Abend trafen wir uns\u2026","rel":"","context":"In &quot;Feuerwehr&quot;","block_context":{"text":"Feuerwehr","link":"https:\/\/paulinenaue.info\/index.php\/category\/feuerwehr\/"},"img":{"alt_text":"","src":"https:\/\/i0.wp.com\/paulinenaue.info\/wp-content\/uploads\/2016\/03\/Halloween-Schule-31.10.2012-01.jpg?resize=350%2C200&ssl=1","width":350,"height":200,"srcset":"https:\/\/i0.wp.com\/paulinenaue.info\/wp-content\/uploads\/2016\/03\/Halloween-Schule-31.10.2012-01.jpg?resize=350%2C200&ssl=1 1x, https:\/\/i0.wp.com\/paulinenaue.info\/wp-content\/uploads\/2016\/03\/Halloween-Schule-31.10.2012-01.jpg?resize=525%2C300&ssl=1 1.5x, https:\/\/i0.wp.com\/paulinenaue.info\/wp-content\/uploads\/2016\/03\/Halloween-Schule-31.10.2012-01.jpg?resize=700%2C400&ssl=1 2x"},"classes":[]},{"id":125,"url":"https:\/\/paulinenaue.info\/index.php\/weihnachtsbaumverbrennen-2013\/","url_meta":{"origin":416540,"position":2},"title":"Weihnachtsbaumverbrennen 2013","author":"Joachim Scholz","date":"22. M\u00e4rz 2016","format":false,"excerpt":"Arne Breder 26.01.2013. Schon zu einer kleinen Tradition geworden ist das Verbrennen der Weihnachtsb\u00e4ume bei der Feuerwehr Paulinenaue. In diesem Jahr war der Termin etwas sp\u00e4ter als sonst, aber es ging leider nicht anders. Die am Vormittag eingesammelten B\u00e4ume (ca. 50 St\u00fcck) wurden zu einem gro\u00dfen Haufen aufget\u00fcrmt. Um ca.\u2026","rel":"","context":"In &quot;Feuerwehr&quot;","block_context":{"text":"Feuerwehr","link":"https:\/\/paulinenaue.info\/index.php\/category\/feuerwehr\/"},"img":{"alt_text":"","src":"https:\/\/i0.wp.com\/paulinenaue.info\/wp-content\/uploads\/2016\/03\/20130126_weihnachtsbaumverbrennen_05_ab.jpg?resize=350%2C200&ssl=1","width":350,"height":200},"classes":[]},{"id":418186,"url":"https:\/\/paulinenaue.info\/index.php\/grundsteinlegung-auf-der-baustelle-des-neuen-feuerwehrgeraetehauses-paulinenaue\/","url_meta":{"origin":416540,"position":3},"title":"Grundsteinlegung auf der Baustelle des neuen Feuerwehrger\u00e4tehauses Paulinenaue","author":"Sarah","date":"8. Juli 2025","format":false,"excerpt":"Text und Bilder Eberhard Schwarz \u00a0 Am 03.07.2025 fand auf der Baustelle des neuen Feuerwehrgeb\u00e4udes in Paulinenaue die Grundsteinlegung statt. F\u00fcr Au\u00dfenstehende mutete die Feierstunde wie ein Treffen der Mitglieder der Wehren des Amtes Friesack an. Dem Anlass entsprechend wurde der Bau, die Planung und jetzige Umsetzung von den Amtstr\u00e4gern\u2026","rel":"","context":"In &quot;Dorfentwicklung&quot;","block_context":{"text":"Dorfentwicklung","link":"https:\/\/paulinenaue.info\/index.php\/category\/dorfentwicklung\/"},"img":{"alt_text":"","src":"https:\/\/i0.wp.com\/paulinenaue.info\/wp-content\/uploads\/2025\/07\/Grundstein-2025-2.jpg?resize=350%2C200&ssl=1","width":350,"height":200,"srcset":"https:\/\/i0.wp.com\/paulinenaue.info\/wp-content\/uploads\/2025\/07\/Grundstein-2025-2.jpg?resize=350%2C200&ssl=1 1x, https:\/\/i0.wp.com\/paulinenaue.info\/wp-content\/uploads\/2025\/07\/Grundstein-2025-2.jpg?resize=525%2C300&ssl=1 1.5x, https:\/\/i0.wp.com\/paulinenaue.info\/wp-content\/uploads\/2025\/07\/Grundstein-2025-2.jpg?resize=700%2C400&ssl=1 2x, https:\/\/i0.wp.com\/paulinenaue.info\/wp-content\/uploads\/2025\/07\/Grundstein-2025-2.jpg?resize=1050%2C600&ssl=1 3x, https:\/\/i0.wp.com\/paulinenaue.info\/wp-content\/uploads\/2025\/07\/Grundstein-2025-2.jpg?resize=1400%2C800&ssl=1 4x"},"classes":[]},{"id":139,"url":"https:\/\/paulinenaue.info\/index.php\/der-kampf-mit-dem-schlauch-in-paulinenaue-findet-zum-dritten-mal-eine-meisterschaft-im-schlauchtrekking-statt\/","url_meta":{"origin":416540,"position":4},"title":"Der Kampf mit dem Schlauch \u2013 In Paulinenaue findet zum dritten Mal eine Meisterschaft im Schlauchtrekking statt","author":"Joachim Scholz","date":"22. M\u00e4rz 2016","format":false,"excerpt":"Christian Gnewikow 11.08.2012. Wie in den beiden Vorjahren fand das mittlerweile zur kleinen Tradition gewordene Schlauch-Trekking des Paulinenauer Feuerwehrvereins wieder am ersten Wochenende nach den Sommerferien statt. Ab 15 Uhr versammelten sich die Paulinenauer auf dem Kleinen Sportplatz in der Bahnhofstra\u00dfe bei Kaffee und Kuchen. Um 15.30 Uhr begann Clown\u2026","rel":"","context":"In &quot;Feuerwehr&quot;","block_context":{"text":"Feuerwehr","link":"https:\/\/paulinenaue.info\/index.php\/category\/feuerwehr\/"},"img":{"alt_text":"","src":"https:\/\/i0.wp.com\/paulinenaue.info\/wp-content\/uploads\/2016\/03\/20120811_schlauchtrekking_10.jpg?resize=350%2C200&ssl=1","width":350,"height":200},"classes":[]},{"id":416933,"url":"https:\/\/paulinenaue.info\/index.php\/paulinenaue-feierte-das-martinsfest\/","url_meta":{"origin":416540,"position":5},"title":"Paulinenaue feierte das Martinsfest","author":"Sarah","date":"13. November 2024","format":false,"excerpt":"Text: Eckhard Vierjahn Temperaturen nahe dem Gefrierpunkt am Sonntag den 10. November machten warme Kleidung erforderlich. Umso mehr konnte man verstehen wie g\u00fctig der heilige Martin war, der mit einem Bettler seinen Mantel teile. Die Gemeindep\u00e4dagogin Rukiye Pr\u00f6hl erz\u00e4hlte eindrucksvoll die Geschichte des heiligen Martin und nahm viele Paulinenauer Kinder,\u2026","rel":"","context":"In &quot;Feuerwehr&quot;","block_context":{"text":"Feuerwehr","link":"https:\/\/paulinenaue.info\/index.php\/category\/feuerwehr\/"},"img":{"alt_text":"","src":"https:\/\/i0.wp.com\/paulinenaue.info\/wp-content\/uploads\/2023\/11\/St.-Martinsfest-4_Ausschnitt.png?resize=350%2C200&ssl=1","width":350,"height":200,"srcset":"https:\/\/i0.wp.com\/paulinenaue.info\/wp-content\/uploads\/2023\/11\/St.-Martinsfest-4_Ausschnitt.png?resize=350%2C200&ssl=1 1x, https:\/\/i0.wp.com\/paulinenaue.info\/wp-content\/uploads\/2023\/11\/St.-Martinsfest-4_Ausschnitt.png?resize=525%2C300&ssl=1 1.5x"},"classes":[]}],"_links":{"self":[{"href":"https:\/\/paulinenaue.info\/index.php\/wp-json\/wp\/v2\/posts\/416540","targetHints":{"allow":["GET"]}}],"collection":[{"href":"https:\/\/paulinenaue.info\/index.php\/wp-json\/wp\/v2\/posts"}],"about":[{"href":"https:\/\/paulinenaue.info\/index.php\/wp-json\/wp\/v2\/types\/post"}],"author":[{"embeddable":true,"href":"https:\/\/paulinenaue.info\/index.php\/wp-json\/wp\/v2\/users\/3"}],"replies":[{"embeddable":true,"href":"https:\/\/paulinenaue.info\/index.php\/wp-json\/wp\/v2\/comments?post=416540"}],"version-history":[{"count":3,"href":"https:\/\/paulinenaue.info\/index.php\/wp-json\/wp\/v2\/posts\/416540\/revisions"}],"predecessor-version":[{"id":416548,"href":"https:\/\/paulinenaue.info\/index.php\/wp-json\/wp\/v2\/posts\/416540\/revisions\/416548"}],"wp:featuredmedia":[{"embeddable":true,"href":"https:\/\/paulinenaue.info\/index.php\/wp-json\/wp\/v2\/media\/416542"}],"wp:attachment":[{"href":"https:\/\/paulinenaue.info\/index.php\/wp-json\/wp\/v2\/media?parent=416540"}],"wp:term":[{"taxonomy":"category","embeddable":true,"href":"https:\/\/paulinenaue.info\/index.php\/wp-json\/wp\/v2\/categories?post=416540"},{"taxonomy":"post_tag","embeddable":true,"href":"https:\/\/paulinenaue.info\/index.php\/wp-json\/wp\/v2\/tags?post=416540"}],"curies":[{"name":"wp","href":"https:\/\/api.w.org\/{rel}","templated":true}]}}