{"id":416555,"date":"2024-06-23T15:39:46","date_gmt":"2024-06-23T13:39:46","guid":{"rendered":"https:\/\/paulinenaue.info\/?p=416555"},"modified":"2024-06-23T23:36:23","modified_gmt":"2024-06-23T21:36:23","slug":"fete-de-la-musique-erstmals-in-paulinenaue","status":"publish","type":"post","link":"https:\/\/paulinenaue.info\/index.php\/fete-de-la-musique-erstmals-in-paulinenaue\/","title":{"rendered":"Bilder von der F\u00eate de la Musique in Paulinenaue"},"content":{"rendered":"<p>Am 21. Juni 2024, dem l\u00e4ngsten Tag des Jahres, wird seit vielen Jahren auch in Deutschland die F\u00eate de la Musique gefeiert. Diesmal, dank Fabian Bock\u00a0 und Valentin Franklyn vom Paulinenauer Kulturverein, auch erstmals in unserem Dorf. Die beiden Initiatoren hatten sich seit Langem darauf vorbereitet und sogar erfolgreich F\u00f6rdermittel eingeworben. Am Freitag stieg nun das Fest der Musik auf dem Gro\u00dfen Sportplatz. Dank gro\u00dfer Unterst\u00fctz durch Helferinnen und Helfer, durch die feierlustigen Besucher und vor allem die Musiker gelang ein phantastischer Abend, den es so bei uns noch nicht gegeben hat. Eberhard Schwarz war mit der Kamera dabei.<\/p>\n<div id=\"attachment_416558\" style=\"width: 810px\" class=\"wp-caption alignnone\"><a href=\"https:\/\/paulinenaue.info\/wp-content\/uploads\/2024\/06\/2024-06-21-Fete-de-la-Muique-01.jpg\"><img decoding=\"async\" aria-describedby=\"caption-attachment-416558\" data-attachment-id=\"416558\" data-permalink=\"https:\/\/paulinenaue.info\/index.php\/fete-de-la-musique-erstmals-in-paulinenaue\/2024-06-21-fete-de-la-muique-01\/\" data-orig-file=\"https:\/\/paulinenaue.info\/wp-content\/uploads\/2024\/06\/2024-06-21-Fete-de-la-Muique-01.jpg\" data-orig-size=\"1600,1200\" data-comments-opened=\"1\" data-image-meta=\"{&quot;aperture&quot;:&quot;0&quot;,&quot;credit&quot;:&quot;&quot;,&quot;camera&quot;:&quot;&quot;,&quot;caption&quot;:&quot;&quot;,&quot;created_timestamp&quot;:&quot;0&quot;,&quot;copyright&quot;:&quot;&quot;,&quot;focal_length&quot;:&quot;0&quot;,&quot;iso&quot;:&quot;0&quot;,&quot;shutter_speed&quot;:&quot;0&quot;,&quot;title&quot;:&quot;&quot;,&quot;orientation&quot;:&quot;0&quot;}\" data-image-title=\"2024-06-21, Fete de la Muique, 01\" data-image-description=\"\" data-image-caption=\"\" data-large-file=\"https:\/\/paulinenaue.info\/wp-content\/uploads\/2024\/06\/2024-06-21-Fete-de-la-Muique-01-1024x768.jpg\" class=\"lazyload wp-image-416558 size-fusion-800\" src=\"https:\/\/paulinenaue.info\/wp-content\/uploads\/2024\/06\/2024-06-21-Fete-de-la-Muique-01-800x600.jpg\" data-orig-src=\"https:\/\/paulinenaue.info\/wp-content\/uploads\/2024\/06\/2024-06-21-Fete-de-la-Muique-01-800x600.jpg\" alt=\"\" width=\"800\" height=\"600\" srcset=\"data:image\/svg+xml,%3Csvg%20xmlns%3D%27http%3A%2F%2Fwww.w3.org%2F2000%2Fsvg%27%20width%3D%27800%27%20height%3D%27600%27%20viewBox%3D%270%200%20800%20600%27%3E%3Crect%20width%3D%27800%27%20height%3D%27600%27%20fill-opacity%3D%220%22%2F%3E%3C%2Fsvg%3E\" data-srcset=\"https:\/\/paulinenaue.info\/wp-content\/uploads\/2024\/06\/2024-06-21-Fete-de-la-Muique-01-200x150.jpg 200w, https:\/\/paulinenaue.info\/wp-content\/uploads\/2024\/06\/2024-06-21-Fete-de-la-Muique-01-300x225.jpg 300w, https:\/\/paulinenaue.info\/wp-content\/uploads\/2024\/06\/2024-06-21-Fete-de-la-Muique-01-400x300.jpg 400w, https:\/\/paulinenaue.info\/wp-content\/uploads\/2024\/06\/2024-06-21-Fete-de-la-Muique-01-600x450.jpg 600w, https:\/\/paulinenaue.info\/wp-content\/uploads\/2024\/06\/2024-06-21-Fete-de-la-Muique-01-768x576.jpg 768w, https:\/\/paulinenaue.info\/wp-content\/uploads\/2024\/06\/2024-06-21-Fete-de-la-Muique-01-800x600.jpg 800w, https:\/\/paulinenaue.info\/wp-content\/uploads\/2024\/06\/2024-06-21-Fete-de-la-Muique-01-1024x768.jpg 1024w, https:\/\/paulinenaue.info\/wp-content\/uploads\/2024\/06\/2024-06-21-Fete-de-la-Muique-01-1200x900.jpg 1200w, https:\/\/paulinenaue.info\/wp-content\/uploads\/2024\/06\/2024-06-21-Fete-de-la-Muique-01-1536x1152.jpg 1536w, https:\/\/paulinenaue.info\/wp-content\/uploads\/2024\/06\/2024-06-21-Fete-de-la-Muique-01.jpg 1600w\" data-sizes=\"auto\" data-orig-sizes=\"(max-width: 800px) 100vw, 800px\" \/><\/a><p id=\"caption-attachment-416558\" class=\"wp-caption-text\"><em>Erprobung der Nebelmaschine. Foto: E. Schwarz, 2024.<\/em><\/p><\/div>\n<div id=\"attachment_416558\" style=\"width: 810px\" class=\"wp-caption alignnone\"><a href=\"https:\/\/paulinenaue.info\/wp-content\/uploads\/2024\/06\/2024-06-21-Fete-de-la-Muique-02.jpg\"><img decoding=\"async\" aria-describedby=\"caption-attachment-416558\" data-attachment-id=\"416559\" data-permalink=\"https:\/\/paulinenaue.info\/index.php\/fete-de-la-musique-erstmals-in-paulinenaue\/2024-06-21-fete-de-la-muique-02\/\" data-orig-file=\"https:\/\/paulinenaue.info\/wp-content\/uploads\/2024\/06\/2024-06-21-Fete-de-la-Muique-02.jpg\" data-orig-size=\"1600,1200\" data-comments-opened=\"1\" data-image-meta=\"{&quot;aperture&quot;:&quot;0&quot;,&quot;credit&quot;:&quot;&quot;,&quot;camera&quot;:&quot;&quot;,&quot;caption&quot;:&quot;&quot;,&quot;created_timestamp&quot;:&quot;0&quot;,&quot;copyright&quot;:&quot;&quot;,&quot;focal_length&quot;:&quot;0&quot;,&quot;iso&quot;:&quot;0&quot;,&quot;shutter_speed&quot;:&quot;0&quot;,&quot;title&quot;:&quot;&quot;,&quot;orientation&quot;:&quot;0&quot;}\" data-image-title=\"2024-06-21, Fete de la Muique, 02\" data-image-description=\"\" data-image-caption=\"\" data-large-file=\"https:\/\/paulinenaue.info\/wp-content\/uploads\/2024\/06\/2024-06-21-Fete-de-la-Muique-02-1024x768.jpg\" class=\"lazyload wp-image-416559 size-fusion-800\" src=\"https:\/\/paulinenaue.info\/wp-content\/uploads\/2024\/06\/2024-06-21-Fete-de-la-Muique-02-800x600.jpg\" data-orig-src=\"https:\/\/paulinenaue.info\/wp-content\/uploads\/2024\/06\/2024-06-21-Fete-de-la-Muique-02-800x600.jpg\" alt=\"\" width=\"800\" height=\"600\" srcset=\"data:image\/svg+xml,%3Csvg%20xmlns%3D%27http%3A%2F%2Fwww.w3.org%2F2000%2Fsvg%27%20width%3D%27800%27%20height%3D%27600%27%20viewBox%3D%270%200%20800%20600%27%3E%3Crect%20width%3D%27800%27%20height%3D%27600%27%20fill-opacity%3D%220%22%2F%3E%3C%2Fsvg%3E\" data-srcset=\"https:\/\/paulinenaue.info\/wp-content\/uploads\/2024\/06\/2024-06-21-Fete-de-la-Muique-02-200x150.jpg 200w, https:\/\/paulinenaue.info\/wp-content\/uploads\/2024\/06\/2024-06-21-Fete-de-la-Muique-02-300x225.jpg 300w, https:\/\/paulinenaue.info\/wp-content\/uploads\/2024\/06\/2024-06-21-Fete-de-la-Muique-02-400x300.jpg 400w, https:\/\/paulinenaue.info\/wp-content\/uploads\/2024\/06\/2024-06-21-Fete-de-la-Muique-02-600x450.jpg 600w, https:\/\/paulinenaue.info\/wp-content\/uploads\/2024\/06\/2024-06-21-Fete-de-la-Muique-02-768x576.jpg 768w, https:\/\/paulinenaue.info\/wp-content\/uploads\/2024\/06\/2024-06-21-Fete-de-la-Muique-02-800x600.jpg 800w, https:\/\/paulinenaue.info\/wp-content\/uploads\/2024\/06\/2024-06-21-Fete-de-la-Muique-02-1024x768.jpg 1024w, https:\/\/paulinenaue.info\/wp-content\/uploads\/2024\/06\/2024-06-21-Fete-de-la-Muique-02-1200x900.jpg 1200w, https:\/\/paulinenaue.info\/wp-content\/uploads\/2024\/06\/2024-06-21-Fete-de-la-Muique-02-1536x1152.jpg 1536w, https:\/\/paulinenaue.info\/wp-content\/uploads\/2024\/06\/2024-06-21-Fete-de-la-Muique-02.jpg 1600w\" data-sizes=\"auto\" data-orig-sizes=\"(max-width: 800px) 100vw, 800px\" \/><\/a><p id=\"caption-attachment-416558\" class=\"wp-caption-text\"><em>Ambiente mit Loungesesseln am Gro\u00dfen Sportplatz. Foto: E. Schwarz, 2024.<\/em><\/p><\/div>\n<div id=\"attachment_416560\" style=\"width: 810px\" class=\"wp-caption alignnone\"><a href=\"https:\/\/paulinenaue.info\/wp-content\/uploads\/2024\/06\/2024-06-21-Fete-de-la-Muique-03.jpg\"><img decoding=\"async\" aria-describedby=\"caption-attachment-416560\" data-attachment-id=\"416560\" data-permalink=\"https:\/\/paulinenaue.info\/index.php\/fete-de-la-musique-erstmals-in-paulinenaue\/2024-06-21-fete-de-la-muique-03\/\" data-orig-file=\"https:\/\/paulinenaue.info\/wp-content\/uploads\/2024\/06\/2024-06-21-Fete-de-la-Muique-03.jpg\" data-orig-size=\"1600,1200\" data-comments-opened=\"1\" data-image-meta=\"{&quot;aperture&quot;:&quot;0&quot;,&quot;credit&quot;:&quot;&quot;,&quot;camera&quot;:&quot;&quot;,&quot;caption&quot;:&quot;&quot;,&quot;created_timestamp&quot;:&quot;0&quot;,&quot;copyright&quot;:&quot;&quot;,&quot;focal_length&quot;:&quot;0&quot;,&quot;iso&quot;:&quot;0&quot;,&quot;shutter_speed&quot;:&quot;0&quot;,&quot;title&quot;:&quot;&quot;,&quot;orientation&quot;:&quot;0&quot;}\" data-image-title=\"2024-06-21, Fete de la Muique, 03\" data-image-description=\"\" data-image-caption=\"\" data-large-file=\"https:\/\/paulinenaue.info\/wp-content\/uploads\/2024\/06\/2024-06-21-Fete-de-la-Muique-03-1024x768.jpg\" class=\"lazyload wp-image-416560 size-fusion-800\" src=\"https:\/\/paulinenaue.info\/wp-content\/uploads\/2024\/06\/2024-06-21-Fete-de-la-Muique-03-800x600.jpg\" data-orig-src=\"https:\/\/paulinenaue.info\/wp-content\/uploads\/2024\/06\/2024-06-21-Fete-de-la-Muique-03-800x600.jpg\" alt=\"\" width=\"800\" height=\"600\" srcset=\"data:image\/svg+xml,%3Csvg%20xmlns%3D%27http%3A%2F%2Fwww.w3.org%2F2000%2Fsvg%27%20width%3D%27800%27%20height%3D%27600%27%20viewBox%3D%270%200%20800%20600%27%3E%3Crect%20width%3D%27800%27%20height%3D%27600%27%20fill-opacity%3D%220%22%2F%3E%3C%2Fsvg%3E\" data-srcset=\"https:\/\/paulinenaue.info\/wp-content\/uploads\/2024\/06\/2024-06-21-Fete-de-la-Muique-03-200x150.jpg 200w, https:\/\/paulinenaue.info\/wp-content\/uploads\/2024\/06\/2024-06-21-Fete-de-la-Muique-03-300x225.jpg 300w, https:\/\/paulinenaue.info\/wp-content\/uploads\/2024\/06\/2024-06-21-Fete-de-la-Muique-03-400x300.jpg 400w, https:\/\/paulinenaue.info\/wp-content\/uploads\/2024\/06\/2024-06-21-Fete-de-la-Muique-03-600x450.jpg 600w, https:\/\/paulinenaue.info\/wp-content\/uploads\/2024\/06\/2024-06-21-Fete-de-la-Muique-03-768x576.jpg 768w, https:\/\/paulinenaue.info\/wp-content\/uploads\/2024\/06\/2024-06-21-Fete-de-la-Muique-03-800x600.jpg 800w, https:\/\/paulinenaue.info\/wp-content\/uploads\/2024\/06\/2024-06-21-Fete-de-la-Muique-03-1024x768.jpg 1024w, https:\/\/paulinenaue.info\/wp-content\/uploads\/2024\/06\/2024-06-21-Fete-de-la-Muique-03-1200x900.jpg 1200w, https:\/\/paulinenaue.info\/wp-content\/uploads\/2024\/06\/2024-06-21-Fete-de-la-Muique-03-1536x1152.jpg 1536w, https:\/\/paulinenaue.info\/wp-content\/uploads\/2024\/06\/2024-06-21-Fete-de-la-Muique-03.jpg 1600w\" data-sizes=\"auto\" data-orig-sizes=\"(max-width: 800px) 100vw, 800px\" \/><\/a><p id=\"caption-attachment-416560\" class=\"wp-caption-text\"><em>Proben am Sportlerheim. Foto: E. Schwarz, 2024. <\/em><\/p><\/div>\n<div id=\"attachment_416561\" style=\"width: 810px\" class=\"wp-caption alignnone\"><a href=\"https:\/\/paulinenaue.info\/wp-content\/uploads\/2024\/06\/2024-06-21-Fete-de-la-Muique-04.jpg\"><img decoding=\"async\" aria-describedby=\"caption-attachment-416561\" data-attachment-id=\"416561\" data-permalink=\"https:\/\/paulinenaue.info\/index.php\/fete-de-la-musique-erstmals-in-paulinenaue\/2024-06-21-fete-de-la-muique-04\/\" data-orig-file=\"https:\/\/paulinenaue.info\/wp-content\/uploads\/2024\/06\/2024-06-21-Fete-de-la-Muique-04.jpg\" data-orig-size=\"1600,1200\" data-comments-opened=\"1\" data-image-meta=\"{&quot;aperture&quot;:&quot;0&quot;,&quot;credit&quot;:&quot;&quot;,&quot;camera&quot;:&quot;&quot;,&quot;caption&quot;:&quot;&quot;,&quot;created_timestamp&quot;:&quot;0&quot;,&quot;copyright&quot;:&quot;&quot;,&quot;focal_length&quot;:&quot;0&quot;,&quot;iso&quot;:&quot;0&quot;,&quot;shutter_speed&quot;:&quot;0&quot;,&quot;title&quot;:&quot;&quot;,&quot;orientation&quot;:&quot;0&quot;}\" data-image-title=\"2024-06-21, Fete de la Muique, 04\" data-image-description=\"\" data-image-caption=\"\" data-large-file=\"https:\/\/paulinenaue.info\/wp-content\/uploads\/2024\/06\/2024-06-21-Fete-de-la-Muique-04-1024x768.jpg\" class=\"lazyload wp-image-416561 size-fusion-800\" src=\"https:\/\/paulinenaue.info\/wp-content\/uploads\/2024\/06\/2024-06-21-Fete-de-la-Muique-04-800x600.jpg\" data-orig-src=\"https:\/\/paulinenaue.info\/wp-content\/uploads\/2024\/06\/2024-06-21-Fete-de-la-Muique-04-800x600.jpg\" alt=\"\" width=\"800\" height=\"600\" srcset=\"data:image\/svg+xml,%3Csvg%20xmlns%3D%27http%3A%2F%2Fwww.w3.org%2F2000%2Fsvg%27%20width%3D%27800%27%20height%3D%27600%27%20viewBox%3D%270%200%20800%20600%27%3E%3Crect%20width%3D%27800%27%20height%3D%27600%27%20fill-opacity%3D%220%22%2F%3E%3C%2Fsvg%3E\" data-srcset=\"https:\/\/paulinenaue.info\/wp-content\/uploads\/2024\/06\/2024-06-21-Fete-de-la-Muique-04-200x150.jpg 200w, https:\/\/paulinenaue.info\/wp-content\/uploads\/2024\/06\/2024-06-21-Fete-de-la-Muique-04-300x225.jpg 300w, https:\/\/paulinenaue.info\/wp-content\/uploads\/2024\/06\/2024-06-21-Fete-de-la-Muique-04-400x300.jpg 400w, https:\/\/paulinenaue.info\/wp-content\/uploads\/2024\/06\/2024-06-21-Fete-de-la-Muique-04-600x450.jpg 600w, https:\/\/paulinenaue.info\/wp-content\/uploads\/2024\/06\/2024-06-21-Fete-de-la-Muique-04-768x576.jpg 768w, https:\/\/paulinenaue.info\/wp-content\/uploads\/2024\/06\/2024-06-21-Fete-de-la-Muique-04-800x600.jpg 800w, https:\/\/paulinenaue.info\/wp-content\/uploads\/2024\/06\/2024-06-21-Fete-de-la-Muique-04-1024x768.jpg 1024w, https:\/\/paulinenaue.info\/wp-content\/uploads\/2024\/06\/2024-06-21-Fete-de-la-Muique-04-1200x900.jpg 1200w, https:\/\/paulinenaue.info\/wp-content\/uploads\/2024\/06\/2024-06-21-Fete-de-la-Muique-04-1536x1152.jpg 1536w, https:\/\/paulinenaue.info\/wp-content\/uploads\/2024\/06\/2024-06-21-Fete-de-la-Muique-04.jpg 1600w\" data-sizes=\"auto\" data-orig-sizes=\"(max-width: 800px) 100vw, 800px\" \/><\/a><p id=\"caption-attachment-416561\" class=\"wp-caption-text\"><em>Die Party hat begonnen. Foto: E. Schwarz, 2024. <\/em><\/p><\/div>\n<div id=\"attachment_416562\" style=\"width: 810px\" class=\"wp-caption alignnone\"><a href=\"https:\/\/paulinenaue.info\/wp-content\/uploads\/2024\/06\/2024-06-21-Fete-de-la-Muique-05.jpg\"><img decoding=\"async\" aria-describedby=\"caption-attachment-416562\" data-attachment-id=\"416562\" data-permalink=\"https:\/\/paulinenaue.info\/index.php\/fete-de-la-musique-erstmals-in-paulinenaue\/2024-06-21-fete-de-la-muique-05\/\" data-orig-file=\"https:\/\/paulinenaue.info\/wp-content\/uploads\/2024\/06\/2024-06-21-Fete-de-la-Muique-05.jpg\" data-orig-size=\"1600,1200\" data-comments-opened=\"1\" data-image-meta=\"{&quot;aperture&quot;:&quot;0&quot;,&quot;credit&quot;:&quot;&quot;,&quot;camera&quot;:&quot;&quot;,&quot;caption&quot;:&quot;&quot;,&quot;created_timestamp&quot;:&quot;0&quot;,&quot;copyright&quot;:&quot;&quot;,&quot;focal_length&quot;:&quot;0&quot;,&quot;iso&quot;:&quot;0&quot;,&quot;shutter_speed&quot;:&quot;0&quot;,&quot;title&quot;:&quot;&quot;,&quot;orientation&quot;:&quot;0&quot;}\" data-image-title=\"2024-06-21, Fete de la Muique, 05\" data-image-description=\"\" data-image-caption=\"\" data-large-file=\"https:\/\/paulinenaue.info\/wp-content\/uploads\/2024\/06\/2024-06-21-Fete-de-la-Muique-05-1024x768.jpg\" class=\"lazyload wp-image-416562 size-fusion-800\" src=\"https:\/\/paulinenaue.info\/wp-content\/uploads\/2024\/06\/2024-06-21-Fete-de-la-Muique-05-800x600.jpg\" data-orig-src=\"https:\/\/paulinenaue.info\/wp-content\/uploads\/2024\/06\/2024-06-21-Fete-de-la-Muique-05-800x600.jpg\" alt=\"\" width=\"800\" height=\"600\" srcset=\"data:image\/svg+xml,%3Csvg%20xmlns%3D%27http%3A%2F%2Fwww.w3.org%2F2000%2Fsvg%27%20width%3D%27800%27%20height%3D%27600%27%20viewBox%3D%270%200%20800%20600%27%3E%3Crect%20width%3D%27800%27%20height%3D%27600%27%20fill-opacity%3D%220%22%2F%3E%3C%2Fsvg%3E\" data-srcset=\"https:\/\/paulinenaue.info\/wp-content\/uploads\/2024\/06\/2024-06-21-Fete-de-la-Muique-05-200x150.jpg 200w, https:\/\/paulinenaue.info\/wp-content\/uploads\/2024\/06\/2024-06-21-Fete-de-la-Muique-05-300x225.jpg 300w, https:\/\/paulinenaue.info\/wp-content\/uploads\/2024\/06\/2024-06-21-Fete-de-la-Muique-05-400x300.jpg 400w, https:\/\/paulinenaue.info\/wp-content\/uploads\/2024\/06\/2024-06-21-Fete-de-la-Muique-05-600x450.jpg 600w, https:\/\/paulinenaue.info\/wp-content\/uploads\/2024\/06\/2024-06-21-Fete-de-la-Muique-05-768x576.jpg 768w, https:\/\/paulinenaue.info\/wp-content\/uploads\/2024\/06\/2024-06-21-Fete-de-la-Muique-05-800x600.jpg 800w, https:\/\/paulinenaue.info\/wp-content\/uploads\/2024\/06\/2024-06-21-Fete-de-la-Muique-05-1024x768.jpg 1024w, https:\/\/paulinenaue.info\/wp-content\/uploads\/2024\/06\/2024-06-21-Fete-de-la-Muique-05-1200x900.jpg 1200w, https:\/\/paulinenaue.info\/wp-content\/uploads\/2024\/06\/2024-06-21-Fete-de-la-Muique-05-1536x1152.jpg 1536w, https:\/\/paulinenaue.info\/wp-content\/uploads\/2024\/06\/2024-06-21-Fete-de-la-Muique-05.jpg 1600w\" data-sizes=\"auto\" data-orig-sizes=\"(max-width: 800px) 100vw, 800px\" \/><\/a><p id=\"caption-attachment-416562\" class=\"wp-caption-text\"><em>Der Gro\u00dfe Sportplatz in feierlicher Abendstimmung. Foto: E. Schwarz, 2024. <\/em><\/p><\/div>\n<div id=\"attachment_416564\" style=\"width: 810px\" class=\"wp-caption alignnone\"><a href=\"https:\/\/paulinenaue.info\/wp-content\/uploads\/2024\/06\/2024-06-21-Fete-de-la-Muique-07.jpg\"><img decoding=\"async\" aria-describedby=\"caption-attachment-416564\" data-attachment-id=\"416564\" data-permalink=\"https:\/\/paulinenaue.info\/index.php\/fete-de-la-musique-erstmals-in-paulinenaue\/2024-06-21-fete-de-la-muique-07\/\" data-orig-file=\"https:\/\/paulinenaue.info\/wp-content\/uploads\/2024\/06\/2024-06-21-Fete-de-la-Muique-07.jpg\" data-orig-size=\"1600,1200\" data-comments-opened=\"1\" data-image-meta=\"{&quot;aperture&quot;:&quot;0&quot;,&quot;credit&quot;:&quot;&quot;,&quot;camera&quot;:&quot;&quot;,&quot;caption&quot;:&quot;&quot;,&quot;created_timestamp&quot;:&quot;0&quot;,&quot;copyright&quot;:&quot;&quot;,&quot;focal_length&quot;:&quot;0&quot;,&quot;iso&quot;:&quot;0&quot;,&quot;shutter_speed&quot;:&quot;0&quot;,&quot;title&quot;:&quot;&quot;,&quot;orientation&quot;:&quot;0&quot;}\" data-image-title=\"2024-06-21, Fete de la Muique, 07\" data-image-description=\"\" data-image-caption=\"\" data-large-file=\"https:\/\/paulinenaue.info\/wp-content\/uploads\/2024\/06\/2024-06-21-Fete-de-la-Muique-07-1024x768.jpg\" class=\"lazyload wp-image-416564 size-fusion-800\" src=\"https:\/\/paulinenaue.info\/wp-content\/uploads\/2024\/06\/2024-06-21-Fete-de-la-Muique-07-800x600.jpg\" data-orig-src=\"https:\/\/paulinenaue.info\/wp-content\/uploads\/2024\/06\/2024-06-21-Fete-de-la-Muique-07-800x600.jpg\" alt=\"\" width=\"800\" height=\"600\" srcset=\"data:image\/svg+xml,%3Csvg%20xmlns%3D%27http%3A%2F%2Fwww.w3.org%2F2000%2Fsvg%27%20width%3D%27800%27%20height%3D%27600%27%20viewBox%3D%270%200%20800%20600%27%3E%3Crect%20width%3D%27800%27%20height%3D%27600%27%20fill-opacity%3D%220%22%2F%3E%3C%2Fsvg%3E\" data-srcset=\"https:\/\/paulinenaue.info\/wp-content\/uploads\/2024\/06\/2024-06-21-Fete-de-la-Muique-07-200x150.jpg 200w, https:\/\/paulinenaue.info\/wp-content\/uploads\/2024\/06\/2024-06-21-Fete-de-la-Muique-07-300x225.jpg 300w, https:\/\/paulinenaue.info\/wp-content\/uploads\/2024\/06\/2024-06-21-Fete-de-la-Muique-07-400x300.jpg 400w, https:\/\/paulinenaue.info\/wp-content\/uploads\/2024\/06\/2024-06-21-Fete-de-la-Muique-07-600x450.jpg 600w, https:\/\/paulinenaue.info\/wp-content\/uploads\/2024\/06\/2024-06-21-Fete-de-la-Muique-07-768x576.jpg 768w, https:\/\/paulinenaue.info\/wp-content\/uploads\/2024\/06\/2024-06-21-Fete-de-la-Muique-07-800x600.jpg 800w, https:\/\/paulinenaue.info\/wp-content\/uploads\/2024\/06\/2024-06-21-Fete-de-la-Muique-07-1024x768.jpg 1024w, https:\/\/paulinenaue.info\/wp-content\/uploads\/2024\/06\/2024-06-21-Fete-de-la-Muique-07-1200x900.jpg 1200w, https:\/\/paulinenaue.info\/wp-content\/uploads\/2024\/06\/2024-06-21-Fete-de-la-Muique-07-1536x1152.jpg 1536w, https:\/\/paulinenaue.info\/wp-content\/uploads\/2024\/06\/2024-06-21-Fete-de-la-Muique-07.jpg 1600w\" data-sizes=\"auto\" data-orig-sizes=\"(max-width: 800px) 100vw, 800px\" \/><\/a><p id=\"caption-attachment-416564\" class=\"wp-caption-text\"><em>Ein ausgelassenes Publikum feierte bis sp\u00e4t in den Abend die F\u00eate de la Musique in Paulinenaue. Foto: E. Schwarz, 2024.<\/em><\/p><\/div>\n<div id=\"attachment_416565\" style=\"width: 810px\" class=\"wp-caption alignnone\"><a href=\"https:\/\/paulinenaue.info\/wp-content\/uploads\/2024\/06\/2024-06-21-Fete-de-la-Muique-08.jpg\"><img decoding=\"async\" aria-describedby=\"caption-attachment-416565\" data-attachment-id=\"416565\" data-permalink=\"https:\/\/paulinenaue.info\/index.php\/fete-de-la-musique-erstmals-in-paulinenaue\/2024-06-21-fete-de-la-muique-08\/\" data-orig-file=\"https:\/\/paulinenaue.info\/wp-content\/uploads\/2024\/06\/2024-06-21-Fete-de-la-Muique-08.jpg\" data-orig-size=\"1600,1200\" data-comments-opened=\"1\" data-image-meta=\"{&quot;aperture&quot;:&quot;0&quot;,&quot;credit&quot;:&quot;&quot;,&quot;camera&quot;:&quot;&quot;,&quot;caption&quot;:&quot;&quot;,&quot;created_timestamp&quot;:&quot;0&quot;,&quot;copyright&quot;:&quot;&quot;,&quot;focal_length&quot;:&quot;0&quot;,&quot;iso&quot;:&quot;0&quot;,&quot;shutter_speed&quot;:&quot;0&quot;,&quot;title&quot;:&quot;&quot;,&quot;orientation&quot;:&quot;0&quot;}\" data-image-title=\"2024-06-21, Fete de la Muique, 08\" data-image-description=\"\" data-image-caption=\"\" data-large-file=\"https:\/\/paulinenaue.info\/wp-content\/uploads\/2024\/06\/2024-06-21-Fete-de-la-Muique-08-1024x768.jpg\" class=\"lazyload wp-image-416565 size-fusion-800\" src=\"https:\/\/paulinenaue.info\/wp-content\/uploads\/2024\/06\/2024-06-21-Fete-de-la-Muique-08-800x600.jpg\" data-orig-src=\"https:\/\/paulinenaue.info\/wp-content\/uploads\/2024\/06\/2024-06-21-Fete-de-la-Muique-08-800x600.jpg\" alt=\"\" width=\"800\" height=\"600\" srcset=\"data:image\/svg+xml,%3Csvg%20xmlns%3D%27http%3A%2F%2Fwww.w3.org%2F2000%2Fsvg%27%20width%3D%27800%27%20height%3D%27600%27%20viewBox%3D%270%200%20800%20600%27%3E%3Crect%20width%3D%27800%27%20height%3D%27600%27%20fill-opacity%3D%220%22%2F%3E%3C%2Fsvg%3E\" data-srcset=\"https:\/\/paulinenaue.info\/wp-content\/uploads\/2024\/06\/2024-06-21-Fete-de-la-Muique-08-200x150.jpg 200w, https:\/\/paulinenaue.info\/wp-content\/uploads\/2024\/06\/2024-06-21-Fete-de-la-Muique-08-300x225.jpg 300w, https:\/\/paulinenaue.info\/wp-content\/uploads\/2024\/06\/2024-06-21-Fete-de-la-Muique-08-400x300.jpg 400w, https:\/\/paulinenaue.info\/wp-content\/uploads\/2024\/06\/2024-06-21-Fete-de-la-Muique-08-600x450.jpg 600w, https:\/\/paulinenaue.info\/wp-content\/uploads\/2024\/06\/2024-06-21-Fete-de-la-Muique-08-768x576.jpg 768w, https:\/\/paulinenaue.info\/wp-content\/uploads\/2024\/06\/2024-06-21-Fete-de-la-Muique-08-800x600.jpg 800w, https:\/\/paulinenaue.info\/wp-content\/uploads\/2024\/06\/2024-06-21-Fete-de-la-Muique-08-1024x768.jpg 1024w, https:\/\/paulinenaue.info\/wp-content\/uploads\/2024\/06\/2024-06-21-Fete-de-la-Muique-08-1200x900.jpg 1200w, https:\/\/paulinenaue.info\/wp-content\/uploads\/2024\/06\/2024-06-21-Fete-de-la-Muique-08-1536x1152.jpg 1536w, https:\/\/paulinenaue.info\/wp-content\/uploads\/2024\/06\/2024-06-21-Fete-de-la-Muique-08.jpg 1600w\" data-sizes=\"auto\" data-orig-sizes=\"(max-width: 800px) 100vw, 800px\" \/><\/a><p id=\"caption-attachment-416565\" class=\"wp-caption-text\"><em>Auch die Nebelmaschine hielt durch. Foto: E. Schwarz, 2024.<\/em><\/p><\/div>\n<p>&nbsp;<\/p>\n","protected":false},"excerpt":{"rendered":"<p>Am 21. Juni 2024, dem l\u00e4ngsten Tag des Jahres, wird [&hellip;]<\/p>\n","protected":false},"author":1,"featured_media":416563,"comment_status":"open","ping_status":"open","sticky":false,"template":"","format":"standard","meta":{"_acf_changed":false,"_price":"","_stock":"","_tribe_ticket_header":"","_tribe_default_ticket_provider":"","_tribe_ticket_capacity":"0","_ticket_start_date":"","_ticket_end_date":"","_tribe_ticket_show_description":"","_tribe_ticket_show_not_going":false,"_tribe_ticket_use_global_stock":"","_tribe_ticket_global_stock_level":"","_global_stock_mode":"","_global_stock_cap":"","_tribe_rsvp_for_event":"","_tribe_ticket_going_count":"","_tribe_ticket_not_going_count":"","_tribe_tickets_list":"[]","_tribe_ticket_has_attendee_info_fields":false,"jetpack_post_was_ever_published":false,"_jetpack_newsletter_access":"","_jetpack_dont_email_post_to_subs":false,"_jetpack_newsletter_tier_id":0,"_jetpack_memberships_contains_paywalled_content":false,"_jetpack_memberships_contains_paid_content":false,"footnotes":"","jetpack_publicize_message":"","jetpack_publicize_feature_enabled":true,"jetpack_social_post_already_shared":true,"jetpack_social_options":{"image_generator_settings":{"template":"highway","default_image_id":0,"font":"","enabled":false},"version":2}},"categories":[519,6,47,9,93,10],"tags":[],"class_list":["post-416555","post","type-post","status-publish","format-standard","has-post-thumbnail","hentry","category-ehrenamt","category-hier-zuhause","category-kulturverein","category-neuigkeiten","category-veranstaltungen","category-vereine"],"acf":[],"yoast_head":"<!-- This site is optimized with the Yoast SEO plugin v27.5 - https:\/\/yoast.com\/product\/yoast-seo-wordpress\/ -->\n<title>Bilder von der F\u00eate de la Musique in Paulinenaue - Paulinenaue<\/title>\n<meta name=\"description\" content=\"Am l\u00e4ngsten Tag des Jahres 2024 ist erstmals auch in Paulinenaue auf dem Sportplatz die F\u00eate de la Musique gefeiert worden.\" \/>\n<meta name=\"robots\" content=\"index, follow, max-snippet:-1, max-image-preview:large, max-video-preview:-1\" \/>\n<link rel=\"canonical\" href=\"https:\/\/paulinenaue.info\/index.php\/fete-de-la-musique-erstmals-in-paulinenaue\/\" \/>\n<meta property=\"og:locale\" content=\"de_DE\" \/>\n<meta property=\"og:type\" content=\"article\" \/>\n<meta property=\"og:title\" content=\"Bilder von der F\u00eate de la Musique in Paulinenaue - Paulinenaue\" \/>\n<meta property=\"og:description\" content=\"Am l\u00e4ngsten Tag des Jahres 2024 ist erstmals auch in Paulinenaue auf dem Sportplatz die F\u00eate de la Musique gefeiert worden.\" \/>\n<meta property=\"og:url\" content=\"https:\/\/paulinenaue.info\/index.php\/fete-de-la-musique-erstmals-in-paulinenaue\/\" \/>\n<meta property=\"og:site_name\" content=\"Paulinenaue\" \/>\n<meta property=\"article:published_time\" content=\"2024-06-23T13:39:46+00:00\" \/>\n<meta property=\"article:modified_time\" content=\"2024-06-23T21:36:23+00:00\" \/>\n<meta property=\"og:image\" content=\"https:\/\/paulinenaue.info\/wp-content\/uploads\/2024\/06\/2024-06-21-Fete-de-la-Muique-06.jpg\" \/>\n\t<meta property=\"og:image:width\" content=\"1600\" \/>\n\t<meta property=\"og:image:height\" content=\"1200\" \/>\n\t<meta property=\"og:image:type\" content=\"image\/jpeg\" \/>\n<meta name=\"author\" content=\"Joachim Scholz\" \/>\n<meta name=\"twitter:card\" content=\"summary_large_image\" \/>\n<meta name=\"twitter:label1\" content=\"Verfasst von\" \/>\n\t<meta name=\"twitter:data1\" content=\"Joachim Scholz\" \/>\n\t<meta name=\"twitter:label2\" content=\"Gesch\u00e4tzte Lesezeit\" \/>\n\t<meta name=\"twitter:data2\" content=\"3\u00a0Minuten\" \/>\n<script type=\"application\/ld+json\" class=\"yoast-schema-graph\">{\"@context\":\"https:\\\/\\\/schema.org\",\"@graph\":[{\"@type\":\"Article\",\"@id\":\"https:\\\/\\\/paulinenaue.info\\\/index.php\\\/fete-de-la-musique-erstmals-in-paulinenaue\\\/#article\",\"isPartOf\":{\"@id\":\"https:\\\/\\\/paulinenaue.info\\\/index.php\\\/fete-de-la-musique-erstmals-in-paulinenaue\\\/\"},\"author\":{\"name\":\"Joachim Scholz\",\"@id\":\"https:\\\/\\\/paulinenaue.info\\\/#\\\/schema\\\/person\\\/3f9e818fd7b69b0d2bd937ac506897cc\"},\"headline\":\"Bilder von der F\u00eate de la Musique in Paulinenaue\",\"datePublished\":\"2024-06-23T13:39:46+00:00\",\"dateModified\":\"2024-06-23T21:36:23+00:00\",\"mainEntityOfPage\":{\"@id\":\"https:\\\/\\\/paulinenaue.info\\\/index.php\\\/fete-de-la-musique-erstmals-in-paulinenaue\\\/\"},\"wordCount\":231,\"commentCount\":0,\"image\":{\"@id\":\"https:\\\/\\\/paulinenaue.info\\\/index.php\\\/fete-de-la-musique-erstmals-in-paulinenaue\\\/#primaryimage\"},\"thumbnailUrl\":\"https:\\\/\\\/paulinenaue.info\\\/wp-content\\\/uploads\\\/2024\\\/06\\\/2024-06-21-Fete-de-la-Muique-06.jpg\",\"articleSection\":[\"Ehrenamt\",\"Hier Zuhause\",\"Kulturverein\",\"Neuigkeiten\",\"Veranstaltungen\",\"Vereine\"],\"inLanguage\":\"de\",\"potentialAction\":[{\"@type\":\"CommentAction\",\"name\":\"Comment\",\"target\":[\"https:\\\/\\\/paulinenaue.info\\\/index.php\\\/fete-de-la-musique-erstmals-in-paulinenaue\\\/#respond\"]}]},{\"@type\":\"WebPage\",\"@id\":\"https:\\\/\\\/paulinenaue.info\\\/index.php\\\/fete-de-la-musique-erstmals-in-paulinenaue\\\/\",\"url\":\"https:\\\/\\\/paulinenaue.info\\\/index.php\\\/fete-de-la-musique-erstmals-in-paulinenaue\\\/\",\"name\":\"Bilder von der F\u00eate de la Musique in Paulinenaue - Paulinenaue\",\"isPartOf\":{\"@id\":\"https:\\\/\\\/paulinenaue.info\\\/#website\"},\"primaryImageOfPage\":{\"@id\":\"https:\\\/\\\/paulinenaue.info\\\/index.php\\\/fete-de-la-musique-erstmals-in-paulinenaue\\\/#primaryimage\"},\"image\":{\"@id\":\"https:\\\/\\\/paulinenaue.info\\\/index.php\\\/fete-de-la-musique-erstmals-in-paulinenaue\\\/#primaryimage\"},\"thumbnailUrl\":\"https:\\\/\\\/paulinenaue.info\\\/wp-content\\\/uploads\\\/2024\\\/06\\\/2024-06-21-Fete-de-la-Muique-06.jpg\",\"datePublished\":\"2024-06-23T13:39:46+00:00\",\"dateModified\":\"2024-06-23T21:36:23+00:00\",\"author\":{\"@id\":\"https:\\\/\\\/paulinenaue.info\\\/#\\\/schema\\\/person\\\/3f9e818fd7b69b0d2bd937ac506897cc\"},\"description\":\"Am l\u00e4ngsten Tag des Jahres 2024 ist erstmals auch in Paulinenaue auf dem Sportplatz die F\u00eate de la Musique gefeiert worden.\",\"breadcrumb\":{\"@id\":\"https:\\\/\\\/paulinenaue.info\\\/index.php\\\/fete-de-la-musique-erstmals-in-paulinenaue\\\/#breadcrumb\"},\"inLanguage\":\"de\",\"potentialAction\":[{\"@type\":\"ReadAction\",\"target\":[\"https:\\\/\\\/paulinenaue.info\\\/index.php\\\/fete-de-la-musique-erstmals-in-paulinenaue\\\/\"]}]},{\"@type\":\"ImageObject\",\"inLanguage\":\"de\",\"@id\":\"https:\\\/\\\/paulinenaue.info\\\/index.php\\\/fete-de-la-musique-erstmals-in-paulinenaue\\\/#primaryimage\",\"url\":\"https:\\\/\\\/paulinenaue.info\\\/wp-content\\\/uploads\\\/2024\\\/06\\\/2024-06-21-Fete-de-la-Muique-06.jpg\",\"contentUrl\":\"https:\\\/\\\/paulinenaue.info\\\/wp-content\\\/uploads\\\/2024\\\/06\\\/2024-06-21-Fete-de-la-Muique-06.jpg\",\"width\":1600,\"height\":1200,\"caption\":\"Die erste F\u00eate de la Musique in Paulinenaue. Foto: E. Schwarz, 2024.\"},{\"@type\":\"BreadcrumbList\",\"@id\":\"https:\\\/\\\/paulinenaue.info\\\/index.php\\\/fete-de-la-musique-erstmals-in-paulinenaue\\\/#breadcrumb\",\"itemListElement\":[{\"@type\":\"ListItem\",\"position\":1,\"name\":\"Home\",\"item\":\"https:\\\/\\\/paulinenaue.info\\\/\"},{\"@type\":\"ListItem\",\"position\":2,\"name\":\"Bilder von der F\u00eate de la Musique in Paulinenaue\"}]},{\"@type\":\"WebSite\",\"@id\":\"https:\\\/\\\/paulinenaue.info\\\/#website\",\"url\":\"https:\\\/\\\/paulinenaue.info\\\/\",\"name\":\"Paulinenaue\",\"description\":\"Ein Dorf im Havelland\",\"potentialAction\":[{\"@type\":\"SearchAction\",\"target\":{\"@type\":\"EntryPoint\",\"urlTemplate\":\"https:\\\/\\\/paulinenaue.info\\\/?s={search_term_string}\"},\"query-input\":{\"@type\":\"PropertyValueSpecification\",\"valueRequired\":true,\"valueName\":\"search_term_string\"}}],\"inLanguage\":\"de\"},{\"@type\":\"Person\",\"@id\":\"https:\\\/\\\/paulinenaue.info\\\/#\\\/schema\\\/person\\\/3f9e818fd7b69b0d2bd937ac506897cc\",\"name\":\"Joachim Scholz\",\"url\":\"https:\\\/\\\/paulinenaue.info\\\/index.php\\\/author\\\/jjscholz\\\/\"}]}<\/script>\n<!-- \/ Yoast SEO plugin. -->","yoast_head_json":{"title":"Bilder von der F\u00eate de la Musique in Paulinenaue - Paulinenaue","description":"Am l\u00e4ngsten Tag des Jahres 2024 ist erstmals auch in Paulinenaue auf dem Sportplatz die F\u00eate de la Musique gefeiert worden.","robots":{"index":"index","follow":"follow","max-snippet":"max-snippet:-1","max-image-preview":"max-image-preview:large","max-video-preview":"max-video-preview:-1"},"canonical":"https:\/\/paulinenaue.info\/index.php\/fete-de-la-musique-erstmals-in-paulinenaue\/","og_locale":"de_DE","og_type":"article","og_title":"Bilder von der F\u00eate de la Musique in Paulinenaue - Paulinenaue","og_description":"Am l\u00e4ngsten Tag des Jahres 2024 ist erstmals auch in Paulinenaue auf dem Sportplatz die F\u00eate de la Musique gefeiert worden.","og_url":"https:\/\/paulinenaue.info\/index.php\/fete-de-la-musique-erstmals-in-paulinenaue\/","og_site_name":"Paulinenaue","article_published_time":"2024-06-23T13:39:46+00:00","article_modified_time":"2024-06-23T21:36:23+00:00","og_image":[{"width":1600,"height":1200,"url":"https:\/\/paulinenaue.info\/wp-content\/uploads\/2024\/06\/2024-06-21-Fete-de-la-Muique-06.jpg","type":"image\/jpeg"}],"author":"Joachim Scholz","twitter_card":"summary_large_image","twitter_misc":{"Verfasst von":"Joachim Scholz","Gesch\u00e4tzte Lesezeit":"3\u00a0Minuten"},"schema":{"@context":"https:\/\/schema.org","@graph":[{"@type":"Article","@id":"https:\/\/paulinenaue.info\/index.php\/fete-de-la-musique-erstmals-in-paulinenaue\/#article","isPartOf":{"@id":"https:\/\/paulinenaue.info\/index.php\/fete-de-la-musique-erstmals-in-paulinenaue\/"},"author":{"name":"Joachim Scholz","@id":"https:\/\/paulinenaue.info\/#\/schema\/person\/3f9e818fd7b69b0d2bd937ac506897cc"},"headline":"Bilder von der F\u00eate de la Musique in Paulinenaue","datePublished":"2024-06-23T13:39:46+00:00","dateModified":"2024-06-23T21:36:23+00:00","mainEntityOfPage":{"@id":"https:\/\/paulinenaue.info\/index.php\/fete-de-la-musique-erstmals-in-paulinenaue\/"},"wordCount":231,"commentCount":0,"image":{"@id":"https:\/\/paulinenaue.info\/index.php\/fete-de-la-musique-erstmals-in-paulinenaue\/#primaryimage"},"thumbnailUrl":"https:\/\/paulinenaue.info\/wp-content\/uploads\/2024\/06\/2024-06-21-Fete-de-la-Muique-06.jpg","articleSection":["Ehrenamt","Hier Zuhause","Kulturverein","Neuigkeiten","Veranstaltungen","Vereine"],"inLanguage":"de","potentialAction":[{"@type":"CommentAction","name":"Comment","target":["https:\/\/paulinenaue.info\/index.php\/fete-de-la-musique-erstmals-in-paulinenaue\/#respond"]}]},{"@type":"WebPage","@id":"https:\/\/paulinenaue.info\/index.php\/fete-de-la-musique-erstmals-in-paulinenaue\/","url":"https:\/\/paulinenaue.info\/index.php\/fete-de-la-musique-erstmals-in-paulinenaue\/","name":"Bilder von der F\u00eate de la Musique in Paulinenaue - Paulinenaue","isPartOf":{"@id":"https:\/\/paulinenaue.info\/#website"},"primaryImageOfPage":{"@id":"https:\/\/paulinenaue.info\/index.php\/fete-de-la-musique-erstmals-in-paulinenaue\/#primaryimage"},"image":{"@id":"https:\/\/paulinenaue.info\/index.php\/fete-de-la-musique-erstmals-in-paulinenaue\/#primaryimage"},"thumbnailUrl":"https:\/\/paulinenaue.info\/wp-content\/uploads\/2024\/06\/2024-06-21-Fete-de-la-Muique-06.jpg","datePublished":"2024-06-23T13:39:46+00:00","dateModified":"2024-06-23T21:36:23+00:00","author":{"@id":"https:\/\/paulinenaue.info\/#\/schema\/person\/3f9e818fd7b69b0d2bd937ac506897cc"},"description":"Am l\u00e4ngsten Tag des Jahres 2024 ist erstmals auch in Paulinenaue auf dem Sportplatz die F\u00eate de la Musique gefeiert worden.","breadcrumb":{"@id":"https:\/\/paulinenaue.info\/index.php\/fete-de-la-musique-erstmals-in-paulinenaue\/#breadcrumb"},"inLanguage":"de","potentialAction":[{"@type":"ReadAction","target":["https:\/\/paulinenaue.info\/index.php\/fete-de-la-musique-erstmals-in-paulinenaue\/"]}]},{"@type":"ImageObject","inLanguage":"de","@id":"https:\/\/paulinenaue.info\/index.php\/fete-de-la-musique-erstmals-in-paulinenaue\/#primaryimage","url":"https:\/\/paulinenaue.info\/wp-content\/uploads\/2024\/06\/2024-06-21-Fete-de-la-Muique-06.jpg","contentUrl":"https:\/\/paulinenaue.info\/wp-content\/uploads\/2024\/06\/2024-06-21-Fete-de-la-Muique-06.jpg","width":1600,"height":1200,"caption":"Die erste F\u00eate de la Musique in Paulinenaue. Foto: E. Schwarz, 2024."},{"@type":"BreadcrumbList","@id":"https:\/\/paulinenaue.info\/index.php\/fete-de-la-musique-erstmals-in-paulinenaue\/#breadcrumb","itemListElement":[{"@type":"ListItem","position":1,"name":"Home","item":"https:\/\/paulinenaue.info\/"},{"@type":"ListItem","position":2,"name":"Bilder von der F\u00eate de la Musique in Paulinenaue"}]},{"@type":"WebSite","@id":"https:\/\/paulinenaue.info\/#website","url":"https:\/\/paulinenaue.info\/","name":"Paulinenaue","description":"Ein Dorf im Havelland","potentialAction":[{"@type":"SearchAction","target":{"@type":"EntryPoint","urlTemplate":"https:\/\/paulinenaue.info\/?s={search_term_string}"},"query-input":{"@type":"PropertyValueSpecification","valueRequired":true,"valueName":"search_term_string"}}],"inLanguage":"de"},{"@type":"Person","@id":"https:\/\/paulinenaue.info\/#\/schema\/person\/3f9e818fd7b69b0d2bd937ac506897cc","name":"Joachim Scholz","url":"https:\/\/paulinenaue.info\/index.php\/author\/jjscholz\/"}]}},"jetpack_publicize_connections":[],"jetpack_featured_media_url":"https:\/\/paulinenaue.info\/wp-content\/uploads\/2024\/06\/2024-06-21-Fete-de-la-Muique-06.jpg","jetpack_sharing_enabled":true,"jetpack_shortlink":"https:\/\/wp.me\/pcYhWA-1KmD","jetpack-related-posts":[{"id":416570,"url":"https:\/\/paulinenaue.info\/index.php\/fete-de-la-musique-der-ausfuehrliche-bericht\/","url_meta":{"origin":416555,"position":0},"title":"F\u00eate de la Musique \u2013\u00a0Der ausf\u00fchrliche Bericht","author":"Joachim Scholz","date":"23. Juni 2024","format":false,"excerpt":"Der Wettergott mag Paulinenaue, Punk und engagierte Menschen \u2013 1. F\u00eate de la Musique in Paulinenaue von Fabian Bock und Valentin Franklyn Trotz einer ziemlich widrigen Wetterprognose fanden sich zum l\u00e4ngsten Tag des Jahres zahlreiche Paulinenauer*innen zur F\u00eate de la Musique zusammen. Bei der F\u00eate de la Musique handelt es\u2026","rel":"","context":"In &quot;Ehrenamt&quot;","block_context":{"text":"Ehrenamt","link":"https:\/\/paulinenaue.info\/index.php\/category\/ehrenamt\/"},"img":{"alt_text":"","src":"https:\/\/i0.wp.com\/paulinenaue.info\/wp-content\/uploads\/2024\/06\/20240621_182549-scaled.jpg?resize=350%2C200&ssl=1","width":350,"height":200,"srcset":"https:\/\/i0.wp.com\/paulinenaue.info\/wp-content\/uploads\/2024\/06\/20240621_182549-scaled.jpg?resize=350%2C200&ssl=1 1x, https:\/\/i0.wp.com\/paulinenaue.info\/wp-content\/uploads\/2024\/06\/20240621_182549-scaled.jpg?resize=525%2C300&ssl=1 1.5x, https:\/\/i0.wp.com\/paulinenaue.info\/wp-content\/uploads\/2024\/06\/20240621_182549-scaled.jpg?resize=700%2C400&ssl=1 2x, https:\/\/i0.wp.com\/paulinenaue.info\/wp-content\/uploads\/2024\/06\/20240621_182549-scaled.jpg?resize=1050%2C600&ssl=1 3x, https:\/\/i0.wp.com\/paulinenaue.info\/wp-content\/uploads\/2024\/06\/20240621_182549-scaled.jpg?resize=1400%2C800&ssl=1 4x"},"classes":[]},{"id":418175,"url":"https:\/\/paulinenaue.info\/index.php\/sommer-sonne-musik-und-viel-gute-laune\/","url_meta":{"origin":416555,"position":1},"title":"Sommer, Sonne, Musik und viel gute Laune!","author":"Sarah","date":"7. Juli 2025","format":false,"excerpt":"F\u00eate de la Musique Paulinenaue ein voller Erfolg Text: Valentin Franklyn \u201eF\u00fcr jeden was dabei\u201c \u2013 war von vielen Besucher*innen zu h\u00f6ren. Zum zweiten Mal organisierte ein kleines, aber engagiertes Team rund um den Paulinenauer Kulturverein die F\u00eate de la Musique und lockte sogar noch mehr Menschen als im Vorjahr\u2026","rel":"","context":"In &quot;Ehrenamt&quot;","block_context":{"text":"Ehrenamt","link":"https:\/\/paulinenaue.info\/index.php\/category\/ehrenamt\/"},"img":{"alt_text":"","src":"https:\/\/i0.wp.com\/paulinenaue.info\/wp-content\/uploads\/2025\/07\/FDM1.jpg?resize=350%2C200&ssl=1","width":350,"height":200,"srcset":"https:\/\/i0.wp.com\/paulinenaue.info\/wp-content\/uploads\/2025\/07\/FDM1.jpg?resize=350%2C200&ssl=1 1x, https:\/\/i0.wp.com\/paulinenaue.info\/wp-content\/uploads\/2025\/07\/FDM1.jpg?resize=525%2C300&ssl=1 1.5x, https:\/\/i0.wp.com\/paulinenaue.info\/wp-content\/uploads\/2025\/07\/FDM1.jpg?resize=700%2C400&ssl=1 2x, https:\/\/i0.wp.com\/paulinenaue.info\/wp-content\/uploads\/2025\/07\/FDM1.jpg?resize=1050%2C600&ssl=1 3x, https:\/\/i0.wp.com\/paulinenaue.info\/wp-content\/uploads\/2025\/07\/FDM1.jpg?resize=1400%2C800&ssl=1 4x"},"classes":[]},{"id":417285,"url":"https:\/\/paulinenaue.info\/index.php\/abschied-vom-paulinenauer-jung-mit-koelschem-herz\/","url_meta":{"origin":416555,"position":2},"title":"Abschied vom Paulinenauer Jung mit k\u00f6lschem Herz","author":"Sarah","date":"5. Februar 2025","format":false,"excerpt":"Text: Tobias Peters, Valentin Franklyn Wie f\u00e4ngt man an zu schreiben, wenn einem im Prinzip immer noch die Worte fehlen? Es f\u00e4llt unglaublich schwer, die folgenden Zeilen zu verfassen und wir m\u00f6chten uns vorab entschuldigen, wenn wir eventuell einige Sachen zeitlich nicht ganz korrekt eingeordnet haben, etwas vergessen oder nicht\u2026","rel":"","context":"In &quot;Allgemein&quot;","block_context":{"text":"Allgemein","link":"https:\/\/paulinenaue.info\/index.php\/category\/allgemein\/"},"img":{"alt_text":"","src":"https:\/\/i0.wp.com\/paulinenaue.info\/wp-content\/uploads\/2025\/02\/Trauer-scaled.jpeg?resize=350%2C200&ssl=1","width":350,"height":200,"srcset":"https:\/\/i0.wp.com\/paulinenaue.info\/wp-content\/uploads\/2025\/02\/Trauer-scaled.jpeg?resize=350%2C200&ssl=1 1x, https:\/\/i0.wp.com\/paulinenaue.info\/wp-content\/uploads\/2025\/02\/Trauer-scaled.jpeg?resize=525%2C300&ssl=1 1.5x, https:\/\/i0.wp.com\/paulinenaue.info\/wp-content\/uploads\/2025\/02\/Trauer-scaled.jpeg?resize=700%2C400&ssl=1 2x, https:\/\/i0.wp.com\/paulinenaue.info\/wp-content\/uploads\/2025\/02\/Trauer-scaled.jpeg?resize=1050%2C600&ssl=1 3x, https:\/\/i0.wp.com\/paulinenaue.info\/wp-content\/uploads\/2025\/02\/Trauer-scaled.jpeg?resize=1400%2C800&ssl=1 4x"},"classes":[]},{"id":149345,"url":"https:\/\/paulinenaue.info\/index.php\/149345\/","url_meta":{"origin":416555,"position":3},"title":"Besuch in der Waldapotheke","author":"Joachim Scholz","date":"30. April 2022","format":false,"excerpt":"Auf diesen Termin hatten sich viele schon lange gefreut. Auch in diesem Jahr ging es wieder mit Sylvia Geisel\u00a0 auf eine Kr\u00e4uterwanderung vors Dorf. Diesmal stand der Spaziergang unter dem Motto \u201eBesuch in der Waldapotheke\u201c. Die Sonne schien, es gr\u00fcnte allerorten. Den Weg zur Pessiner Heide glaubt man zu kennen\u2026","rel":"","context":"In &quot;Hier Zuhause&quot;","block_context":{"text":"Hier Zuhause","link":"https:\/\/paulinenaue.info\/index.php\/category\/hier-zuhause\/"},"img":{"alt_text":"","src":"https:\/\/i0.wp.com\/paulinenaue.info\/wp-content\/uploads\/2022\/04\/2022-04-29-Kra%CC%88uterwanderung.jpg?resize=350%2C200&ssl=1","width":350,"height":200,"srcset":"https:\/\/i0.wp.com\/paulinenaue.info\/wp-content\/uploads\/2022\/04\/2022-04-29-Kra%CC%88uterwanderung.jpg?resize=350%2C200&ssl=1 1x, https:\/\/i0.wp.com\/paulinenaue.info\/wp-content\/uploads\/2022\/04\/2022-04-29-Kra%CC%88uterwanderung.jpg?resize=525%2C300&ssl=1 1.5x, https:\/\/i0.wp.com\/paulinenaue.info\/wp-content\/uploads\/2022\/04\/2022-04-29-Kra%CC%88uterwanderung.jpg?resize=700%2C400&ssl=1 2x"},"classes":[]},{"id":5061,"url":"https:\/\/paulinenaue.info\/index.php\/feierliche-eroeffnung-der-neuen-bruecke-ueber-den-ghhk\/","url_meta":{"origin":416555,"position":4},"title":"Feierliche Er\u00f6ffnung der neuen Br\u00fccke \u00fcber den GHHK","author":"Donata Kienitz-Jannermann","date":"1. November 2019","format":false,"excerpt":"Bereits einen Monat fr\u00fcher als geplant, wurde heute die Br\u00fccke \u00fcber den Gro\u00dfen Havell\u00e4ndischen Hauptkanal n\u00f6rdlich von Paulinenaue f\u00fcr den Verkehr freigegeben. Der B\u00fcrgermeister lud alle B\u00fcrgerinnen und B\u00fcrger zu der feierlichen Er\u00f6ffnung ein. Amtsdirektor Christian Pust erl\u00e4uterte, wie es zur Sanierung der Br\u00fccke kam: Bei der j\u00e4hrlichen \u00dcberpr\u00fcfung der\u2026","rel":"","context":"In &quot;Allgemein&quot;","block_context":{"text":"Allgemein","link":"https:\/\/paulinenaue.info\/index.php\/category\/allgemein\/"},"img":{"alt_text":"","src":"https:\/\/i0.wp.com\/paulinenaue.info\/wp-content\/uploads\/2019\/10\/4-e1717624273647.jpg?resize=350%2C200&ssl=1","width":350,"height":200,"srcset":"https:\/\/i0.wp.com\/paulinenaue.info\/wp-content\/uploads\/2019\/10\/4-e1717624273647.jpg?resize=350%2C200&ssl=1 1x, https:\/\/i0.wp.com\/paulinenaue.info\/wp-content\/uploads\/2019\/10\/4-e1717624273647.jpg?resize=525%2C300&ssl=1 1.5x, https:\/\/i0.wp.com\/paulinenaue.info\/wp-content\/uploads\/2019\/10\/4-e1717624273647.jpg?resize=700%2C400&ssl=1 2x, https:\/\/i0.wp.com\/paulinenaue.info\/wp-content\/uploads\/2019\/10\/4-e1717624273647.jpg?resize=1050%2C600&ssl=1 3x, https:\/\/i0.wp.com\/paulinenaue.info\/wp-content\/uploads\/2019\/10\/4-e1717624273647.jpg?resize=1400%2C800&ssl=1 4x"},"classes":[]},{"id":416102,"url":"https:\/\/paulinenaue.info\/index.php\/kulturverein-zur-kommunalwahl-2024\/","url_meta":{"origin":416555,"position":5},"title":"Kulturverein zur Kommunalwahl 2024","author":"Joachim Scholz","date":"15. M\u00e4rz 2024","format":false,"excerpt":"Die Kandidaten des Kulturvereins stellen sich vor Der Paulinenauer Kulturverein pflegt mit Veranstaltungen wie dem Weihnachtsmarkt, dem Tag des offenen Denkmals oder dem Kunstfestival \u201eSchnelle Vorbeifahrten\u201c das gemeinschaftliche Leben in Paulinenaue. Unser Verein bewahrt die Geschichte des Ortes und h\u00e4lt sie auf der Internetseite www.paulinenaue.info lebendig. Besonders am Herzen liegt\u2026","rel":"","context":"In &quot;Allgemein&quot;","block_context":{"text":"Allgemein","link":"https:\/\/paulinenaue.info\/index.php\/category\/allgemein\/"},"img":{"alt_text":"","src":"https:\/\/i0.wp.com\/paulinenaue.info\/wp-content\/uploads\/2024\/03\/Kandidaten-Kulturverein-2024.jpeg?resize=350%2C200&ssl=1","width":350,"height":200,"srcset":"https:\/\/i0.wp.com\/paulinenaue.info\/wp-content\/uploads\/2024\/03\/Kandidaten-Kulturverein-2024.jpeg?resize=350%2C200&ssl=1 1x, https:\/\/i0.wp.com\/paulinenaue.info\/wp-content\/uploads\/2024\/03\/Kandidaten-Kulturverein-2024.jpeg?resize=525%2C300&ssl=1 1.5x, https:\/\/i0.wp.com\/paulinenaue.info\/wp-content\/uploads\/2024\/03\/Kandidaten-Kulturverein-2024.jpeg?resize=700%2C400&ssl=1 2x"},"classes":[]}],"_links":{"self":[{"href":"https:\/\/paulinenaue.info\/index.php\/wp-json\/wp\/v2\/posts\/416555","targetHints":{"allow":["GET"]}}],"collection":[{"href":"https:\/\/paulinenaue.info\/index.php\/wp-json\/wp\/v2\/posts"}],"about":[{"href":"https:\/\/paulinenaue.info\/index.php\/wp-json\/wp\/v2\/types\/post"}],"author":[{"embeddable":true,"href":"https:\/\/paulinenaue.info\/index.php\/wp-json\/wp\/v2\/users\/1"}],"replies":[{"embeddable":true,"href":"https:\/\/paulinenaue.info\/index.php\/wp-json\/wp\/v2\/comments?post=416555"}],"version-history":[{"count":9,"href":"https:\/\/paulinenaue.info\/index.php\/wp-json\/wp\/v2\/posts\/416555\/revisions"}],"predecessor-version":[{"id":416587,"href":"https:\/\/paulinenaue.info\/index.php\/wp-json\/wp\/v2\/posts\/416555\/revisions\/416587"}],"wp:featuredmedia":[{"embeddable":true,"href":"https:\/\/paulinenaue.info\/index.php\/wp-json\/wp\/v2\/media\/416563"}],"wp:attachment":[{"href":"https:\/\/paulinenaue.info\/index.php\/wp-json\/wp\/v2\/media?parent=416555"}],"wp:term":[{"taxonomy":"category","embeddable":true,"href":"https:\/\/paulinenaue.info\/index.php\/wp-json\/wp\/v2\/categories?post=416555"},{"taxonomy":"post_tag","embeddable":true,"href":"https:\/\/paulinenaue.info\/index.php\/wp-json\/wp\/v2\/tags?post=416555"}],"curies":[{"name":"wp","href":"https:\/\/api.w.org\/{rel}","templated":true}]}}