{"id":416597,"date":"2024-06-28T20:58:32","date_gmt":"2024-06-28T18:58:32","guid":{"rendered":"https:\/\/paulinenaue.info\/?p=416597"},"modified":"2024-06-29T13:18:00","modified_gmt":"2024-06-29T11:18:00","slug":"radio-1006-fluxfm-in-paulinenaue","status":"publish","type":"post","link":"https:\/\/paulinenaue.info\/index.php\/radio-1006-fluxfm-in-paulinenaue\/","title":{"rendered":"Radio 100,6 FluxFM in Paulinenaue"},"content":{"rendered":"<p>Text: Eckhard Vierjahn, Sarah Vierjahn<\/p>\n<p><span style=\"color: #993300;\"><strong>Worum geht es?<\/strong><\/span><\/p>\n<p>Der Radiosender 100,6 FluxFM erarbeitet zurzeit einen Podcast mit dem Titel &#8222;Havelland und Leute&#8220;, der sich damit besch\u00e4ftigt, die Menschen im Havelland bewegt und wor\u00fcber sie zufrieden und unzufrieden sind. Daf\u00fcr fahren die ReporterInnen in mehreren Etappen den Havelland-Radweg ab und machen in verschiedenen Orten und Gemeinden Halt. Die letzte Etappe f\u00fchrte sie unter anderem durch Paulinenaue.<\/p>\n<p><a href=\"https:\/\/paulinenaue.info\/wp-content\/uploads\/2024\/06\/d15be09c-e32d-4347-bde9-52674e351cbc_1718886088.webp.webp\"><img decoding=\"async\" data-attachment-id=\"416599\" data-permalink=\"https:\/\/paulinenaue.info\/index.php\/radio-1006-fluxfm-in-paulinenaue\/d15be09c-e32d-4347-bde9-52674e351cbc_1718886088-webp\/\" data-orig-file=\"https:\/\/paulinenaue.info\/wp-content\/uploads\/2024\/06\/d15be09c-e32d-4347-bde9-52674e351cbc_1718886088.webp.webp\" data-orig-size=\"2200,1237\" data-comments-opened=\"1\" data-image-meta=\"{&quot;aperture&quot;:&quot;0&quot;,&quot;credit&quot;:&quot;&quot;,&quot;camera&quot;:&quot;&quot;,&quot;caption&quot;:&quot;&quot;,&quot;created_timestamp&quot;:&quot;0&quot;,&quot;copyright&quot;:&quot;&quot;,&quot;focal_length&quot;:&quot;0&quot;,&quot;iso&quot;:&quot;0&quot;,&quot;shutter_speed&quot;:&quot;0&quot;,&quot;title&quot;:&quot;&quot;,&quot;orientation&quot;:&quot;0&quot;}\" data-image-title=\"d15be09c-e32d-4347-bde9-52674e351cbc_1718886088.webp\" data-image-description=\"\" data-image-caption=\"\" data-large-file=\"https:\/\/paulinenaue.info\/wp-content\/uploads\/2024\/06\/d15be09c-e32d-4347-bde9-52674e351cbc_1718886088.webp-1024x576.webp\" class=\"lazyload alignnone size-medium wp-image-416599\" src=\"https:\/\/paulinenaue.info\/wp-content\/uploads\/2024\/06\/d15be09c-e32d-4347-bde9-52674e351cbc_1718886088.webp-300x169.webp\" data-orig-src=\"https:\/\/paulinenaue.info\/wp-content\/uploads\/2024\/06\/d15be09c-e32d-4347-bde9-52674e351cbc_1718886088.webp-300x169.webp\" alt=\"\" width=\"300\" height=\"169\" srcset=\"data:image\/svg+xml,%3Csvg%20xmlns%3D%27http%3A%2F%2Fwww.w3.org%2F2000%2Fsvg%27%20width%3D%27300%27%20height%3D%27169%27%20viewBox%3D%270%200%20300%20169%27%3E%3Crect%20width%3D%27300%27%20height%3D%27169%27%20fill-opacity%3D%220%22%2F%3E%3C%2Fsvg%3E\" data-srcset=\"https:\/\/paulinenaue.info\/wp-content\/uploads\/2024\/06\/d15be09c-e32d-4347-bde9-52674e351cbc_1718886088.webp-200x112.webp 200w, https:\/\/paulinenaue.info\/wp-content\/uploads\/2024\/06\/d15be09c-e32d-4347-bde9-52674e351cbc_1718886088.webp-300x169.webp 300w, https:\/\/paulinenaue.info\/wp-content\/uploads\/2024\/06\/d15be09c-e32d-4347-bde9-52674e351cbc_1718886088.webp-400x225.webp 400w, https:\/\/paulinenaue.info\/wp-content\/uploads\/2024\/06\/d15be09c-e32d-4347-bde9-52674e351cbc_1718886088.webp-600x337.webp 600w, https:\/\/paulinenaue.info\/wp-content\/uploads\/2024\/06\/d15be09c-e32d-4347-bde9-52674e351cbc_1718886088.webp-768x432.webp 768w, https:\/\/paulinenaue.info\/wp-content\/uploads\/2024\/06\/d15be09c-e32d-4347-bde9-52674e351cbc_1718886088.webp-800x450.webp 800w, https:\/\/paulinenaue.info\/wp-content\/uploads\/2024\/06\/d15be09c-e32d-4347-bde9-52674e351cbc_1718886088.webp-1024x576.webp 1024w, https:\/\/paulinenaue.info\/wp-content\/uploads\/2024\/06\/d15be09c-e32d-4347-bde9-52674e351cbc_1718886088.webp-1200x675.webp 1200w, https:\/\/paulinenaue.info\/wp-content\/uploads\/2024\/06\/d15be09c-e32d-4347-bde9-52674e351cbc_1718886088.webp-1536x864.webp 1536w\" data-sizes=\"auto\" data-orig-sizes=\"(max-width: 300px) 100vw, 300px\" \/><\/a><\/p>\n<p><span style=\"color: #993300;\"><strong>Was ist bisher passiert?<\/strong><\/span><\/p>\n<p>Nach Stopps in Kotzen, Nennhausen und Pessin mit einem Interview von B\u00fcrgermeister Andreas Flender, traf sich die Journalistin Zora Alber am 25. Juni 2024 mit dem Kulturvereinsmitglied und neu gew\u00e4hlten Gemeindevertreter Eckhard Vierjahn in Paulinenaue .<\/p>\n<div id=\"attachment_416598\" style=\"width: 610px\" class=\"wp-caption alignnone\"><a href=\"https:\/\/paulinenaue.info\/wp-content\/uploads\/2024\/06\/Interview-Alber-Vierjahn-scaled.jpg\"><img decoding=\"async\" aria-describedby=\"caption-attachment-416598\" data-attachment-id=\"416598\" data-permalink=\"https:\/\/paulinenaue.info\/index.php\/radio-1006-fluxfm-in-paulinenaue\/interview-alber-vierjahn\/\" data-orig-file=\"https:\/\/paulinenaue.info\/wp-content\/uploads\/2024\/06\/Interview-Alber-Vierjahn-scaled.jpg\" data-orig-size=\"1920,2560\" data-comments-opened=\"1\" data-image-meta=\"{&quot;aperture&quot;:&quot;2.2&quot;,&quot;credit&quot;:&quot;&quot;,&quot;camera&quot;:&quot;iPhone 11&quot;,&quot;caption&quot;:&quot;&quot;,&quot;created_timestamp&quot;:&quot;1719328557&quot;,&quot;copyright&quot;:&quot;&quot;,&quot;focal_length&quot;:&quot;2.71&quot;,&quot;iso&quot;:&quot;50&quot;,&quot;shutter_speed&quot;:&quot;0.0081967213114754&quot;,&quot;title&quot;:&quot;&quot;,&quot;orientation&quot;:&quot;1&quot;}\" data-image-title=\"Interview Alber-Vierjahn\" data-image-description=\"\" data-image-caption=\"\" data-large-file=\"https:\/\/paulinenaue.info\/wp-content\/uploads\/2024\/06\/Interview-Alber-Vierjahn-768x1024.jpg\" class=\"lazyload wp-image-416598 size-fusion-600\" src=\"https:\/\/paulinenaue.info\/wp-content\/uploads\/2024\/06\/Interview-Alber-Vierjahn-600x800.jpg\" data-orig-src=\"https:\/\/paulinenaue.info\/wp-content\/uploads\/2024\/06\/Interview-Alber-Vierjahn-600x800.jpg\" alt=\"Eckhard Vierjahn (links) und Zora Alba (rechts) w\u00e4hrend des Interviews im Gutspark. (Fotot: FluxFM)\" width=\"600\" height=\"800\" srcset=\"data:image\/svg+xml,%3Csvg%20xmlns%3D%27http%3A%2F%2Fwww.w3.org%2F2000%2Fsvg%27%20width%3D%27600%27%20height%3D%27800%27%20viewBox%3D%270%200%20600%20800%27%3E%3Crect%20width%3D%27600%27%20height%3D%27800%27%20fill-opacity%3D%220%22%2F%3E%3C%2Fsvg%3E\" data-srcset=\"https:\/\/paulinenaue.info\/wp-content\/uploads\/2024\/06\/Interview-Alber-Vierjahn-200x267.jpg 200w, https:\/\/paulinenaue.info\/wp-content\/uploads\/2024\/06\/Interview-Alber-Vierjahn-225x300.jpg 225w, https:\/\/paulinenaue.info\/wp-content\/uploads\/2024\/06\/Interview-Alber-Vierjahn-400x533.jpg 400w, https:\/\/paulinenaue.info\/wp-content\/uploads\/2024\/06\/Interview-Alber-Vierjahn-600x800.jpg 600w, https:\/\/paulinenaue.info\/wp-content\/uploads\/2024\/06\/Interview-Alber-Vierjahn-768x1024.jpg 768w, https:\/\/paulinenaue.info\/wp-content\/uploads\/2024\/06\/Interview-Alber-Vierjahn-800x1067.jpg 800w, https:\/\/paulinenaue.info\/wp-content\/uploads\/2024\/06\/Interview-Alber-Vierjahn-1152x1536.jpg 1152w, https:\/\/paulinenaue.info\/wp-content\/uploads\/2024\/06\/Interview-Alber-Vierjahn-1200x1600.jpg 1200w, https:\/\/paulinenaue.info\/wp-content\/uploads\/2024\/06\/Interview-Alber-Vierjahn-1536x2048.jpg 1536w, https:\/\/paulinenaue.info\/wp-content\/uploads\/2024\/06\/Interview-Alber-Vierjahn-scaled.jpg 1920w\" data-sizes=\"auto\" data-orig-sizes=\"(max-width: 600px) 100vw, 600px\" \/><\/a><p id=\"caption-attachment-416598\" class=\"wp-caption-text\"><em>Eckhard Vierjahn (links) und Zora Alber (rechts) w\u00e4hrend des Interviews im Gutspark. (Foto: FluxFM)<\/em><\/p><\/div>\n<p>Im Gespr\u00e4ch ging es um die Historie und die derzeitigen Herausforderungen unseres Dorfes. Zora Alber fragte u.a. was die Menschen in Paulinenaue bewegt, in welchen Bereichen man sich Ver\u00e4nderungen w\u00fcnscht, was das Leben im Havelland und speziell in Paulinenaue interessant macht und wie die aktuelle politische Lage im Land und Landkreis eingesch\u00e4tzt wird. Auf ihrem Weg durch Paulinenaue hat sie au\u00dferdem Stimmen von weiteren EinwohnerInnen eingefangen.<br \/>\nDie erste Folge der f\u00fcnfteiligen Podcast-Reihe, u.a. mit Landrat Roger Lewandowski und Rathenows B\u00fcrgermeister J\u00f6rg Zietemann, kann bereits jetzt unter dem unten stehenden Link geh\u00f6rt werden.<\/p>\n<p><strong><span style=\"color: #993300;\">Wie geht es weiter?<\/span><\/strong><\/p>\n<p>Folge 2, dann mit Paulinenaue, ist voraussichtlich ab dem 22. Juli 2024 zu h\u00f6ren. Wir werden informieren.<br \/>\nLink zum Podcast: <a href=\"https:\/\/www.fluxfm.de\/havelland-und-leute\">https:\/\/www.fluxfm.de\/havelland-und-leute<\/a><\/p>\n<p>&nbsp;<\/p>\n","protected":false},"excerpt":{"rendered":"<p>Text: Eckhard Vierjahn, Sarah Vierjahn Worum geht es? Der Radiosender [&hellip;]<\/p>\n","protected":false},"author":3,"featured_media":416598,"comment_status":"open","ping_status":"open","sticky":false,"template":"","format":"standard","meta":{"_acf_changed":false,"_price":"","_stock":"","_tribe_ticket_header":"","_tribe_default_ticket_provider":"","_tribe_ticket_capacity":"0","_ticket_start_date":"","_ticket_end_date":"","_tribe_ticket_show_description":"","_tribe_ticket_show_not_going":false,"_tribe_ticket_use_global_stock":"","_tribe_ticket_global_stock_level":"","_global_stock_mode":"","_global_stock_cap":"","_tribe_rsvp_for_event":"","_tribe_ticket_going_count":"","_tribe_ticket_not_going_count":"","_tribe_tickets_list":"[]","_tribe_ticket_has_attendee_info_fields":false,"jetpack_post_was_ever_published":false,"_jetpack_newsletter_access":"","_jetpack_dont_email_post_to_subs":false,"_jetpack_newsletter_tier_id":0,"_jetpack_memberships_contains_paywalled_content":false,"_jetpack_memberships_contains_paid_content":false,"footnotes":"","jetpack_publicize_message":"","jetpack_publicize_feature_enabled":true,"jetpack_social_post_already_shared":true,"jetpack_social_options":{"image_generator_settings":{"template":"highway","default_image_id":0,"font":"","enabled":false},"version":2}},"categories":[1,47,9,8],"tags":[557,456,556,555],"class_list":["post-416597","post","type-post","status-publish","format-standard","has-post-thumbnail","hentry","category-allgemein","category-kulturverein","category-neuigkeiten","category-tourismus","tag-eckhard-vierjahn","tag-havelland-radweg","tag-interview","tag-radio-fluxfm"],"acf":[],"yoast_head":"<!-- This site is optimized with the Yoast SEO plugin v27.5 - https:\/\/yoast.com\/product\/yoast-seo-wordpress\/ -->\n<title>Radio 100,6 FluxFM in Paulinenaue - Paulinenaue<\/title>\n<meta name=\"robots\" content=\"index, follow, max-snippet:-1, max-image-preview:large, max-video-preview:-1\" \/>\n<link rel=\"canonical\" href=\"https:\/\/paulinenaue.info\/index.php\/radio-1006-fluxfm-in-paulinenaue\/\" \/>\n<meta property=\"og:locale\" content=\"de_DE\" \/>\n<meta property=\"og:type\" content=\"article\" \/>\n<meta property=\"og:title\" content=\"Radio 100,6 FluxFM in Paulinenaue - Paulinenaue\" \/>\n<meta property=\"og:description\" content=\"Text: Eckhard Vierjahn, Sarah Vierjahn Worum geht es? Der Radiosender [&hellip;]\" \/>\n<meta property=\"og:url\" content=\"https:\/\/paulinenaue.info\/index.php\/radio-1006-fluxfm-in-paulinenaue\/\" \/>\n<meta property=\"og:site_name\" content=\"Paulinenaue\" \/>\n<meta property=\"article:published_time\" content=\"2024-06-28T18:58:32+00:00\" \/>\n<meta property=\"article:modified_time\" content=\"2024-06-29T11:18:00+00:00\" \/>\n<meta property=\"og:image\" content=\"https:\/\/paulinenaue.info\/wp-content\/uploads\/2024\/06\/Interview-Alber-Vierjahn-scaled.jpg\" \/>\n\t<meta property=\"og:image:width\" content=\"1920\" \/>\n\t<meta property=\"og:image:height\" content=\"2560\" \/>\n\t<meta property=\"og:image:type\" content=\"image\/jpeg\" \/>\n<meta name=\"author\" content=\"Sarah\" \/>\n<meta name=\"twitter:card\" content=\"summary_large_image\" \/>\n<meta name=\"twitter:label1\" content=\"Verfasst von\" \/>\n\t<meta name=\"twitter:data1\" content=\"Sarah\" \/>\n\t<meta name=\"twitter:label2\" content=\"Gesch\u00e4tzte Lesezeit\" \/>\n\t<meta name=\"twitter:data2\" content=\"2\u00a0Minuten\" \/>\n<script type=\"application\/ld+json\" class=\"yoast-schema-graph\">{\"@context\":\"https:\\\/\\\/schema.org\",\"@graph\":[{\"@type\":\"Article\",\"@id\":\"https:\\\/\\\/paulinenaue.info\\\/index.php\\\/radio-1006-fluxfm-in-paulinenaue\\\/#article\",\"isPartOf\":{\"@id\":\"https:\\\/\\\/paulinenaue.info\\\/index.php\\\/radio-1006-fluxfm-in-paulinenaue\\\/\"},\"author\":{\"name\":\"Sarah\",\"@id\":\"https:\\\/\\\/paulinenaue.info\\\/#\\\/schema\\\/person\\\/e5be566a57b5b3f65d2c65a58c42325e\"},\"headline\":\"Radio 100,6 FluxFM in Paulinenaue\",\"datePublished\":\"2024-06-28T18:58:32+00:00\",\"dateModified\":\"2024-06-29T11:18:00+00:00\",\"mainEntityOfPage\":{\"@id\":\"https:\\\/\\\/paulinenaue.info\\\/index.php\\\/radio-1006-fluxfm-in-paulinenaue\\\/\"},\"wordCount\":264,\"commentCount\":0,\"image\":{\"@id\":\"https:\\\/\\\/paulinenaue.info\\\/index.php\\\/radio-1006-fluxfm-in-paulinenaue\\\/#primaryimage\"},\"thumbnailUrl\":\"https:\\\/\\\/paulinenaue.info\\\/wp-content\\\/uploads\\\/2024\\\/06\\\/Interview-Alber-Vierjahn-scaled.jpg\",\"keywords\":[\"Eckhard Vierjahn\",\"Havelland-Radweg\",\"Interview\",\"Radio FluxFM\"],\"articleSection\":{\"1\":\"Kulturverein\",\"2\":\"Neuigkeiten\",\"3\":\"Tourismus\"},\"inLanguage\":\"de\",\"potentialAction\":[{\"@type\":\"CommentAction\",\"name\":\"Comment\",\"target\":[\"https:\\\/\\\/paulinenaue.info\\\/index.php\\\/radio-1006-fluxfm-in-paulinenaue\\\/#respond\"]}]},{\"@type\":\"WebPage\",\"@id\":\"https:\\\/\\\/paulinenaue.info\\\/index.php\\\/radio-1006-fluxfm-in-paulinenaue\\\/\",\"url\":\"https:\\\/\\\/paulinenaue.info\\\/index.php\\\/radio-1006-fluxfm-in-paulinenaue\\\/\",\"name\":\"Radio 100,6 FluxFM in Paulinenaue - Paulinenaue\",\"isPartOf\":{\"@id\":\"https:\\\/\\\/paulinenaue.info\\\/#website\"},\"primaryImageOfPage\":{\"@id\":\"https:\\\/\\\/paulinenaue.info\\\/index.php\\\/radio-1006-fluxfm-in-paulinenaue\\\/#primaryimage\"},\"image\":{\"@id\":\"https:\\\/\\\/paulinenaue.info\\\/index.php\\\/radio-1006-fluxfm-in-paulinenaue\\\/#primaryimage\"},\"thumbnailUrl\":\"https:\\\/\\\/paulinenaue.info\\\/wp-content\\\/uploads\\\/2024\\\/06\\\/Interview-Alber-Vierjahn-scaled.jpg\",\"datePublished\":\"2024-06-28T18:58:32+00:00\",\"dateModified\":\"2024-06-29T11:18:00+00:00\",\"author\":{\"@id\":\"https:\\\/\\\/paulinenaue.info\\\/#\\\/schema\\\/person\\\/e5be566a57b5b3f65d2c65a58c42325e\"},\"breadcrumb\":{\"@id\":\"https:\\\/\\\/paulinenaue.info\\\/index.php\\\/radio-1006-fluxfm-in-paulinenaue\\\/#breadcrumb\"},\"inLanguage\":\"de\",\"potentialAction\":[{\"@type\":\"ReadAction\",\"target\":[\"https:\\\/\\\/paulinenaue.info\\\/index.php\\\/radio-1006-fluxfm-in-paulinenaue\\\/\"]}]},{\"@type\":\"ImageObject\",\"inLanguage\":\"de\",\"@id\":\"https:\\\/\\\/paulinenaue.info\\\/index.php\\\/radio-1006-fluxfm-in-paulinenaue\\\/#primaryimage\",\"url\":\"https:\\\/\\\/paulinenaue.info\\\/wp-content\\\/uploads\\\/2024\\\/06\\\/Interview-Alber-Vierjahn-scaled.jpg\",\"contentUrl\":\"https:\\\/\\\/paulinenaue.info\\\/wp-content\\\/uploads\\\/2024\\\/06\\\/Interview-Alber-Vierjahn-scaled.jpg\",\"width\":1920,\"height\":2560},{\"@type\":\"BreadcrumbList\",\"@id\":\"https:\\\/\\\/paulinenaue.info\\\/index.php\\\/radio-1006-fluxfm-in-paulinenaue\\\/#breadcrumb\",\"itemListElement\":[{\"@type\":\"ListItem\",\"position\":1,\"name\":\"Home\",\"item\":\"https:\\\/\\\/paulinenaue.info\\\/\"},{\"@type\":\"ListItem\",\"position\":2,\"name\":\"Radio 100,6 FluxFM in Paulinenaue\"}]},{\"@type\":\"WebSite\",\"@id\":\"https:\\\/\\\/paulinenaue.info\\\/#website\",\"url\":\"https:\\\/\\\/paulinenaue.info\\\/\",\"name\":\"Paulinenaue\",\"description\":\"Ein Dorf im Havelland\",\"potentialAction\":[{\"@type\":\"SearchAction\",\"target\":{\"@type\":\"EntryPoint\",\"urlTemplate\":\"https:\\\/\\\/paulinenaue.info\\\/?s={search_term_string}\"},\"query-input\":{\"@type\":\"PropertyValueSpecification\",\"valueRequired\":true,\"valueName\":\"search_term_string\"}}],\"inLanguage\":\"de\"},{\"@type\":\"Person\",\"@id\":\"https:\\\/\\\/paulinenaue.info\\\/#\\\/schema\\\/person\\\/e5be566a57b5b3f65d2c65a58c42325e\",\"name\":\"Sarah\",\"url\":\"https:\\\/\\\/paulinenaue.info\\\/index.php\\\/author\\\/sarah\\\/\"}]}<\/script>\n<!-- \/ Yoast SEO plugin. -->","yoast_head_json":{"title":"Radio 100,6 FluxFM in Paulinenaue - Paulinenaue","robots":{"index":"index","follow":"follow","max-snippet":"max-snippet:-1","max-image-preview":"max-image-preview:large","max-video-preview":"max-video-preview:-1"},"canonical":"https:\/\/paulinenaue.info\/index.php\/radio-1006-fluxfm-in-paulinenaue\/","og_locale":"de_DE","og_type":"article","og_title":"Radio 100,6 FluxFM in Paulinenaue - Paulinenaue","og_description":"Text: Eckhard Vierjahn, Sarah Vierjahn Worum geht es? Der Radiosender [&hellip;]","og_url":"https:\/\/paulinenaue.info\/index.php\/radio-1006-fluxfm-in-paulinenaue\/","og_site_name":"Paulinenaue","article_published_time":"2024-06-28T18:58:32+00:00","article_modified_time":"2024-06-29T11:18:00+00:00","og_image":[{"width":1920,"height":2560,"url":"https:\/\/paulinenaue.info\/wp-content\/uploads\/2024\/06\/Interview-Alber-Vierjahn-scaled.jpg","type":"image\/jpeg"}],"author":"Sarah","twitter_card":"summary_large_image","twitter_misc":{"Verfasst von":"Sarah","Gesch\u00e4tzte Lesezeit":"2\u00a0Minuten"},"schema":{"@context":"https:\/\/schema.org","@graph":[{"@type":"Article","@id":"https:\/\/paulinenaue.info\/index.php\/radio-1006-fluxfm-in-paulinenaue\/#article","isPartOf":{"@id":"https:\/\/paulinenaue.info\/index.php\/radio-1006-fluxfm-in-paulinenaue\/"},"author":{"name":"Sarah","@id":"https:\/\/paulinenaue.info\/#\/schema\/person\/e5be566a57b5b3f65d2c65a58c42325e"},"headline":"Radio 100,6 FluxFM in Paulinenaue","datePublished":"2024-06-28T18:58:32+00:00","dateModified":"2024-06-29T11:18:00+00:00","mainEntityOfPage":{"@id":"https:\/\/paulinenaue.info\/index.php\/radio-1006-fluxfm-in-paulinenaue\/"},"wordCount":264,"commentCount":0,"image":{"@id":"https:\/\/paulinenaue.info\/index.php\/radio-1006-fluxfm-in-paulinenaue\/#primaryimage"},"thumbnailUrl":"https:\/\/paulinenaue.info\/wp-content\/uploads\/2024\/06\/Interview-Alber-Vierjahn-scaled.jpg","keywords":["Eckhard Vierjahn","Havelland-Radweg","Interview","Radio FluxFM"],"articleSection":{"1":"Kulturverein","2":"Neuigkeiten","3":"Tourismus"},"inLanguage":"de","potentialAction":[{"@type":"CommentAction","name":"Comment","target":["https:\/\/paulinenaue.info\/index.php\/radio-1006-fluxfm-in-paulinenaue\/#respond"]}]},{"@type":"WebPage","@id":"https:\/\/paulinenaue.info\/index.php\/radio-1006-fluxfm-in-paulinenaue\/","url":"https:\/\/paulinenaue.info\/index.php\/radio-1006-fluxfm-in-paulinenaue\/","name":"Radio 100,6 FluxFM in Paulinenaue - Paulinenaue","isPartOf":{"@id":"https:\/\/paulinenaue.info\/#website"},"primaryImageOfPage":{"@id":"https:\/\/paulinenaue.info\/index.php\/radio-1006-fluxfm-in-paulinenaue\/#primaryimage"},"image":{"@id":"https:\/\/paulinenaue.info\/index.php\/radio-1006-fluxfm-in-paulinenaue\/#primaryimage"},"thumbnailUrl":"https:\/\/paulinenaue.info\/wp-content\/uploads\/2024\/06\/Interview-Alber-Vierjahn-scaled.jpg","datePublished":"2024-06-28T18:58:32+00:00","dateModified":"2024-06-29T11:18:00+00:00","author":{"@id":"https:\/\/paulinenaue.info\/#\/schema\/person\/e5be566a57b5b3f65d2c65a58c42325e"},"breadcrumb":{"@id":"https:\/\/paulinenaue.info\/index.php\/radio-1006-fluxfm-in-paulinenaue\/#breadcrumb"},"inLanguage":"de","potentialAction":[{"@type":"ReadAction","target":["https:\/\/paulinenaue.info\/index.php\/radio-1006-fluxfm-in-paulinenaue\/"]}]},{"@type":"ImageObject","inLanguage":"de","@id":"https:\/\/paulinenaue.info\/index.php\/radio-1006-fluxfm-in-paulinenaue\/#primaryimage","url":"https:\/\/paulinenaue.info\/wp-content\/uploads\/2024\/06\/Interview-Alber-Vierjahn-scaled.jpg","contentUrl":"https:\/\/paulinenaue.info\/wp-content\/uploads\/2024\/06\/Interview-Alber-Vierjahn-scaled.jpg","width":1920,"height":2560},{"@type":"BreadcrumbList","@id":"https:\/\/paulinenaue.info\/index.php\/radio-1006-fluxfm-in-paulinenaue\/#breadcrumb","itemListElement":[{"@type":"ListItem","position":1,"name":"Home","item":"https:\/\/paulinenaue.info\/"},{"@type":"ListItem","position":2,"name":"Radio 100,6 FluxFM in Paulinenaue"}]},{"@type":"WebSite","@id":"https:\/\/paulinenaue.info\/#website","url":"https:\/\/paulinenaue.info\/","name":"Paulinenaue","description":"Ein Dorf im Havelland","potentialAction":[{"@type":"SearchAction","target":{"@type":"EntryPoint","urlTemplate":"https:\/\/paulinenaue.info\/?s={search_term_string}"},"query-input":{"@type":"PropertyValueSpecification","valueRequired":true,"valueName":"search_term_string"}}],"inLanguage":"de"},{"@type":"Person","@id":"https:\/\/paulinenaue.info\/#\/schema\/person\/e5be566a57b5b3f65d2c65a58c42325e","name":"Sarah","url":"https:\/\/paulinenaue.info\/index.php\/author\/sarah\/"}]}},"jetpack_publicize_connections":[],"jetpack_featured_media_url":"https:\/\/paulinenaue.info\/wp-content\/uploads\/2024\/06\/Interview-Alber-Vierjahn-scaled.jpg","jetpack_sharing_enabled":true,"jetpack_shortlink":"https:\/\/wp.me\/pcYhWA-1Knj","jetpack-related-posts":[{"id":416663,"url":"https:\/\/paulinenaue.info\/index.php\/podcastfolge-havelland-und-leute-von-fluxfm\/","url_meta":{"origin":416597,"position":0},"title":"Podcastfolge \u201eHavelland und Leute\u201c von FluxFM","author":"Sarah","date":"23. Juli 2024","format":false,"excerpt":"Wie wir bereits im Artikel zuvor berichtet haben, war der Radiosender FluxFM auf seiner Tour durch das Havelland auch in Paulinenaue und hat Eckhard Vierjahn vom Kulturverein interviewt. Vor allem die Ergebnisse der Europa- und Kommunalwahlen wurden thematisiert. Was f\u00fchrte zu den hohen Stimmzahlen f\u00fcr die AfD und was w\u00fcnschen\u2026","rel":"","context":"In &quot;Allgemein&quot;","block_context":{"text":"Allgemein","link":"https:\/\/paulinenaue.info\/index.php\/category\/allgemein\/"},"img":{"alt_text":"","src":"https:\/\/i0.wp.com\/paulinenaue.info\/wp-content\/uploads\/2024\/06\/d15be09c-e32d-4347-bde9-52674e351cbc_1718886088.webp.webp?resize=350%2C200&ssl=1","width":350,"height":200,"srcset":"https:\/\/i0.wp.com\/paulinenaue.info\/wp-content\/uploads\/2024\/06\/d15be09c-e32d-4347-bde9-52674e351cbc_1718886088.webp.webp?resize=350%2C200&ssl=1 1x, https:\/\/i0.wp.com\/paulinenaue.info\/wp-content\/uploads\/2024\/06\/d15be09c-e32d-4347-bde9-52674e351cbc_1718886088.webp.webp?resize=525%2C300&ssl=1 1.5x, https:\/\/i0.wp.com\/paulinenaue.info\/wp-content\/uploads\/2024\/06\/d15be09c-e32d-4347-bde9-52674e351cbc_1718886088.webp.webp?resize=700%2C400&ssl=1 2x, https:\/\/i0.wp.com\/paulinenaue.info\/wp-content\/uploads\/2024\/06\/d15be09c-e32d-4347-bde9-52674e351cbc_1718886088.webp.webp?resize=1050%2C600&ssl=1 3x, https:\/\/i0.wp.com\/paulinenaue.info\/wp-content\/uploads\/2024\/06\/d15be09c-e32d-4347-bde9-52674e351cbc_1718886088.webp.webp?resize=1400%2C800&ssl=1 4x"},"classes":[]},{"id":416956,"url":"https:\/\/paulinenaue.info\/index.php\/von-bank-zu-bank-im-havelland\/","url_meta":{"origin":416597,"position":1},"title":"\u201eVon Bank zu Bank im Havelland\u201c","author":"Sarah","date":"29. November 2024","format":false,"excerpt":"B\u00e4nke, Tisch und Waldkauz - Holzkunstwerk vor der Schule Text: Eckhard Vierjahn Beitragsbild: Eckhard Vierjahn Als am Sonnabend, den 23. November 2024, Gerg\u00f6 Schmidt kurz vor 09:00 Uhr mit einem voll beladenen PKW-Anh\u00e4nger an der Schule hielt, konnte man nur erahnen, was in einigen Stunden vor der Schule aufgebaut sein\u2026","rel":"","context":"In &quot;Allgemein&quot;","block_context":{"text":"Allgemein","link":"https:\/\/paulinenaue.info\/index.php\/category\/allgemein\/"},"img":{"alt_text":"","src":"https:\/\/i0.wp.com\/paulinenaue.info\/wp-content\/uploads\/2024\/11\/Baenke-und-Tisch-nach-Fertigstellung.jpg?resize=350%2C200&ssl=1","width":350,"height":200,"srcset":"https:\/\/i0.wp.com\/paulinenaue.info\/wp-content\/uploads\/2024\/11\/Baenke-und-Tisch-nach-Fertigstellung.jpg?resize=350%2C200&ssl=1 1x, https:\/\/i0.wp.com\/paulinenaue.info\/wp-content\/uploads\/2024\/11\/Baenke-und-Tisch-nach-Fertigstellung.jpg?resize=525%2C300&ssl=1 1.5x, https:\/\/i0.wp.com\/paulinenaue.info\/wp-content\/uploads\/2024\/11\/Baenke-und-Tisch-nach-Fertigstellung.jpg?resize=700%2C400&ssl=1 2x, https:\/\/i0.wp.com\/paulinenaue.info\/wp-content\/uploads\/2024\/11\/Baenke-und-Tisch-nach-Fertigstellung.jpg?resize=1050%2C600&ssl=1 3x, https:\/\/i0.wp.com\/paulinenaue.info\/wp-content\/uploads\/2024\/11\/Baenke-und-Tisch-nach-Fertigstellung.jpg?resize=1400%2C800&ssl=1 4x"},"classes":[]},{"id":416941,"url":"https:\/\/paulinenaue.info\/index.php\/ein-waldkauz-sitzt-vor-der-schule\/","url_meta":{"origin":416597,"position":2},"title":"Ein Waldkauz sitzt vor der Schule","author":"Sarah","date":"16. November 2024","format":false,"excerpt":"Text: Eckhard Vierjahn Seit Sonnabend, den 09. November 2024, gegen 15:30 Uhr sitzt ein Waldkauz auf einem Baumstumpf an der Paulinenauer Grundschule. Schon Ende September wurde vor der Schule eine Fl\u00e4che gepflastert. Was passiert dort? Vielfach hatte sich bereits rumgesprochen, dass der Antrag des Paulinenauer Kulturvereins auf eine finanzielle F\u00f6rderung\u2026","rel":"","context":"In &quot;Allgemein&quot;","block_context":{"text":"Allgemein","link":"https:\/\/paulinenaue.info\/index.php\/category\/allgemein\/"},"img":{"alt_text":"","src":"https:\/\/i0.wp.com\/paulinenaue.info\/wp-content\/uploads\/2024\/11\/Eule-Waldkauz-rotated.jpg?resize=350%2C200&ssl=1","width":350,"height":200,"srcset":"https:\/\/i0.wp.com\/paulinenaue.info\/wp-content\/uploads\/2024\/11\/Eule-Waldkauz-rotated.jpg?resize=350%2C200&ssl=1 1x, https:\/\/i0.wp.com\/paulinenaue.info\/wp-content\/uploads\/2024\/11\/Eule-Waldkauz-rotated.jpg?resize=525%2C300&ssl=1 1.5x, https:\/\/i0.wp.com\/paulinenaue.info\/wp-content\/uploads\/2024\/11\/Eule-Waldkauz-rotated.jpg?resize=700%2C400&ssl=1 2x, https:\/\/i0.wp.com\/paulinenaue.info\/wp-content\/uploads\/2024\/11\/Eule-Waldkauz-rotated.jpg?resize=1050%2C600&ssl=1 3x, https:\/\/i0.wp.com\/paulinenaue.info\/wp-content\/uploads\/2024\/11\/Eule-Waldkauz-rotated.jpg?resize=1400%2C800&ssl=1 4x"},"classes":[]},{"id":419452,"url":"https:\/\/paulinenaue.info\/index.php\/havellaendische-ehrenamtsmedaille-fuer-erich-ball\/","url_meta":{"origin":416597,"position":3},"title":"Havell\u00e4ndische Ehrenamtsmedaille f\u00fcr Erich Ball","author":"Eckhard Vierjahn","date":"25. April 2026","format":false,"excerpt":"Am 17. April 2026 zeichnete Landrat Roger Lewandowski auf Schloss Ribbeck 43 M\u00e4nner und Frauen f\u00fcr ihr ehrenamtliches Engagement aus. Zu den Geehrten Im Bereich Heimat, Gemeinschaft und Politik geh\u00f6rt der Selbelanger Erich Ball. Als die Frage aufkam, wer aus Paulinenaue f\u00fcr sein besonderes und langj\u00e4hriges Engagement im Ehrenamt ausgezeichnet\u2026","rel":"","context":"In &quot;Ehrenamt&quot;","block_context":{"text":"Ehrenamt","link":"https:\/\/paulinenaue.info\/index.php\/category\/ehrenamt\/"},"img":{"alt_text":"","src":"https:\/\/i0.wp.com\/paulinenaue.info\/wp-content\/uploads\/2026\/04\/Ball_E-Website-1.jpg?resize=350%2C200&ssl=1","width":350,"height":200,"srcset":"https:\/\/i0.wp.com\/paulinenaue.info\/wp-content\/uploads\/2026\/04\/Ball_E-Website-1.jpg?resize=350%2C200&ssl=1 1x, https:\/\/i0.wp.com\/paulinenaue.info\/wp-content\/uploads\/2026\/04\/Ball_E-Website-1.jpg?resize=525%2C300&ssl=1 1.5x, https:\/\/i0.wp.com\/paulinenaue.info\/wp-content\/uploads\/2026\/04\/Ball_E-Website-1.jpg?resize=700%2C400&ssl=1 2x, https:\/\/i0.wp.com\/paulinenaue.info\/wp-content\/uploads\/2026\/04\/Ball_E-Website-1.jpg?resize=1050%2C600&ssl=1 3x"},"classes":[]},{"id":417901,"url":"https:\/\/paulinenaue.info\/index.php\/havelland\/","url_meta":{"origin":416597,"position":4},"title":"\u201eVon Bank zu Bank im Havelland\u201c \u2013 3. Netzwerktour im westlichen Havelland","author":"Joachim Scholz","date":"23. Mai 2025","format":false,"excerpt":"\u00dcber 20 Interessierte und Engagierte aus dem Havelland machten sich am 15.5.2025 wieder einmal auf den Weg, neue Bankstandorte im westlichen Havelland kennenzulernen. In diesem Jahr f\u00fchrte die Tour von Paulinenaue \u00fcber Rhinow nach Friesack. Alle drei Standorte freuen sich \u00fcber eine oder mehrere ganz besondere B\u00e4nke, manche sogar mit\u2026","rel":"","context":"In &quot;Ehrenamt&quot;","block_context":{"text":"Ehrenamt","link":"https:\/\/paulinenaue.info\/index.php\/category\/ehrenamt\/"},"img":{"alt_text":"","src":"https:\/\/i0.wp.com\/paulinenaue.info\/wp-content\/uploads\/2025\/05\/2025-05-15-Paulinenaue-Bank-01.jpg?resize=350%2C200&ssl=1","width":350,"height":200,"srcset":"https:\/\/i0.wp.com\/paulinenaue.info\/wp-content\/uploads\/2025\/05\/2025-05-15-Paulinenaue-Bank-01.jpg?resize=350%2C200&ssl=1 1x, https:\/\/i0.wp.com\/paulinenaue.info\/wp-content\/uploads\/2025\/05\/2025-05-15-Paulinenaue-Bank-01.jpg?resize=525%2C300&ssl=1 1.5x, https:\/\/i0.wp.com\/paulinenaue.info\/wp-content\/uploads\/2025\/05\/2025-05-15-Paulinenaue-Bank-01.jpg?resize=700%2C400&ssl=1 2x"},"classes":[]},{"id":852,"url":"https:\/\/paulinenaue.info\/index.php\/lesung-mit-geschichtensammler-eugen-gliege\/","url_meta":{"origin":416597,"position":5},"title":"Lesung mit Geschichtensammler Eugen Gliege","author":"Sarah","date":"26. April 2017","format":false,"excerpt":"Am 24. April fand in Paulinenaue in \u201eOnkel Walters Scheune\u201c eine Lesung mit dem bekannten havell\u00e4ndischen Pressezeichner und Geschichtensammler Eugen Gliege statt. Zu dieser Veranstaltung hatte der Paulinenauer Kulturverein eingeladen. Den Teilnehmern wurde ein toller Abend geboten, bei dem Eugen Gliege viele aufmerksame Zuh\u00f6rer f\u00fcr die Erz\u00e4hlungen und \u00dcberlieferungen fand,\u2026","rel":"","context":"In &quot;Hier Zuhause&quot;","block_context":{"text":"Hier Zuhause","link":"https:\/\/paulinenaue.info\/index.php\/category\/hier-zuhause\/"},"img":{"alt_text":"Eugen Gliege","src":"https:\/\/i0.wp.com\/paulinenaue.info\/wp-content\/uploads\/2017\/04\/Gliege.jpg?resize=350%2C200&ssl=1","width":350,"height":200,"srcset":"https:\/\/i0.wp.com\/paulinenaue.info\/wp-content\/uploads\/2017\/04\/Gliege.jpg?resize=350%2C200&ssl=1 1x, https:\/\/i0.wp.com\/paulinenaue.info\/wp-content\/uploads\/2017\/04\/Gliege.jpg?resize=525%2C300&ssl=1 1.5x"},"classes":[]}],"_links":{"self":[{"href":"https:\/\/paulinenaue.info\/index.php\/wp-json\/wp\/v2\/posts\/416597","targetHints":{"allow":["GET"]}}],"collection":[{"href":"https:\/\/paulinenaue.info\/index.php\/wp-json\/wp\/v2\/posts"}],"about":[{"href":"https:\/\/paulinenaue.info\/index.php\/wp-json\/wp\/v2\/types\/post"}],"author":[{"embeddable":true,"href":"https:\/\/paulinenaue.info\/index.php\/wp-json\/wp\/v2\/users\/3"}],"replies":[{"embeddable":true,"href":"https:\/\/paulinenaue.info\/index.php\/wp-json\/wp\/v2\/comments?post=416597"}],"version-history":[{"count":9,"href":"https:\/\/paulinenaue.info\/index.php\/wp-json\/wp\/v2\/posts\/416597\/revisions"}],"predecessor-version":[{"id":416608,"href":"https:\/\/paulinenaue.info\/index.php\/wp-json\/wp\/v2\/posts\/416597\/revisions\/416608"}],"wp:featuredmedia":[{"embeddable":true,"href":"https:\/\/paulinenaue.info\/index.php\/wp-json\/wp\/v2\/media\/416598"}],"wp:attachment":[{"href":"https:\/\/paulinenaue.info\/index.php\/wp-json\/wp\/v2\/media?parent=416597"}],"wp:term":[{"taxonomy":"category","embeddable":true,"href":"https:\/\/paulinenaue.info\/index.php\/wp-json\/wp\/v2\/categories?post=416597"},{"taxonomy":"post_tag","embeddable":true,"href":"https:\/\/paulinenaue.info\/index.php\/wp-json\/wp\/v2\/tags?post=416597"}],"curies":[{"name":"wp","href":"https:\/\/api.w.org\/{rel}","templated":true}]}}