{"id":416616,"date":"2024-07-14T22:43:09","date_gmt":"2024-07-14T20:43:09","guid":{"rendered":"https:\/\/paulinenaue.info\/?p=416616"},"modified":"2024-07-14T22:43:09","modified_gmt":"2024-07-14T20:43:09","slug":"paulinenaues-sommerfest-und-geburtstagsfeier-ein-voller-erfolg","status":"publish","type":"post","link":"https:\/\/paulinenaue.info\/index.php\/paulinenaues-sommerfest-und-geburtstagsfeier-ein-voller-erfolg\/","title":{"rendered":"Paulinenaues Sommerfest und\u00a0Geburtstagsfeier \u2013\u00a0ein voller Erfolg"},"content":{"rendered":"<p><em>Von Eckhard Vierjahn<\/em><\/p>\n<p>Petrus meinte es gut mit uns. Bei bestem Wetter begann das Sommerfest am 13.07.2024 um 14:00 auf dem kleinen Sportplatz in Paulinenaue und sollte bis in die fr\u00fchen Stunden des n\u00e4chsten Tages andauern. Das Fest im Jahr des 100-j\u00e4hrigen Bestehens von Paulinenaue als selbstst\u00e4ndige Gemeinde war ein voller Erfolg. Der Jahrestag der Namensgebung von Paulinenaue war schon im Jahr 1833.<\/p>\n<div id=\"attachment_416619\" style=\"width: 810px\" class=\"wp-caption alignnone\"><a href=\"https:\/\/paulinenaue.info\/wp-content\/uploads\/2024\/07\/2024-07-13-Dorffest-01.jpeg\"><img decoding=\"async\" aria-describedby=\"caption-attachment-416619\" data-attachment-id=\"416619\" data-permalink=\"https:\/\/paulinenaue.info\/index.php\/paulinenaues-sommerfest-und-geburtstagsfeier-ein-voller-erfolg\/2024-07-13-dorffest-01\/\" data-orig-file=\"https:\/\/paulinenaue.info\/wp-content\/uploads\/2024\/07\/2024-07-13-Dorffest-01.jpeg\" data-orig-size=\"1000,667\" data-comments-opened=\"1\" data-image-meta=\"{&quot;aperture&quot;:&quot;4&quot;,&quot;credit&quot;:&quot;&quot;,&quot;camera&quot;:&quot;DSC-RX10M3&quot;,&quot;caption&quot;:&quot;&quot;,&quot;created_timestamp&quot;:&quot;1720887581&quot;,&quot;copyright&quot;:&quot;&quot;,&quot;focal_length&quot;:&quot;44.93&quot;,&quot;iso&quot;:&quot;160&quot;,&quot;shutter_speed&quot;:&quot;0.008&quot;,&quot;title&quot;:&quot;&quot;,&quot;orientation&quot;:&quot;1&quot;}\" data-image-title=\"2024-07-13, Dorffest 01\" data-image-description=\"\" data-image-caption=\"\" data-large-file=\"https:\/\/paulinenaue.info\/wp-content\/uploads\/2024\/07\/2024-07-13-Dorffest-01.jpeg\" class=\"lazyload wp-image-416619 size-fusion-800\" src=\"https:\/\/paulinenaue.info\/wp-content\/uploads\/2024\/07\/2024-07-13-Dorffest-01-800x534.jpeg\" data-orig-src=\"https:\/\/paulinenaue.info\/wp-content\/uploads\/2024\/07\/2024-07-13-Dorffest-01-800x534.jpeg\" alt=\"\" width=\"800\" height=\"534\" srcset=\"data:image\/svg+xml,%3Csvg%20xmlns%3D%27http%3A%2F%2Fwww.w3.org%2F2000%2Fsvg%27%20width%3D%27800%27%20height%3D%27534%27%20viewBox%3D%270%200%20800%20534%27%3E%3Crect%20width%3D%27800%27%20height%3D%27534%27%20fill-opacity%3D%220%22%2F%3E%3C%2Fsvg%3E\" data-srcset=\"https:\/\/paulinenaue.info\/wp-content\/uploads\/2024\/07\/2024-07-13-Dorffest-01-200x133.jpeg 200w, https:\/\/paulinenaue.info\/wp-content\/uploads\/2024\/07\/2024-07-13-Dorffest-01-300x200.jpeg 300w, https:\/\/paulinenaue.info\/wp-content\/uploads\/2024\/07\/2024-07-13-Dorffest-01-400x267.jpeg 400w, https:\/\/paulinenaue.info\/wp-content\/uploads\/2024\/07\/2024-07-13-Dorffest-01-600x400.jpeg 600w, https:\/\/paulinenaue.info\/wp-content\/uploads\/2024\/07\/2024-07-13-Dorffest-01-768x512.jpeg 768w, https:\/\/paulinenaue.info\/wp-content\/uploads\/2024\/07\/2024-07-13-Dorffest-01-800x534.jpeg 800w, https:\/\/paulinenaue.info\/wp-content\/uploads\/2024\/07\/2024-07-13-Dorffest-01.jpeg 1000w\" data-sizes=\"auto\" data-orig-sizes=\"(max-width: 800px) 100vw, 800px\" \/><\/a><p id=\"caption-attachment-416619\" class=\"wp-caption-text\"><em>Der ,Kleine Sportplatz\u2018 wird zum gro\u00dfen Festplatz. Foto: J. Scholz, 2023.<\/em><\/p><\/div>\n<p>Schon kurz nach Beginn f\u00fcllten sich die Pl\u00e4tze im und am Festzelt. Unser B\u00fcrgermeister Arne Breder begr\u00fc\u00dfte die G\u00e4ste und Akteure. Er verband seine Begr\u00fc\u00dfung mit einem Dank an alle an der Vorbereitung, Organisation und Durchf\u00fchrung des Festes beteiligten Vereine und Personen.<\/p>\n<p>Der Dank geht an<\/p>\n<ul>\n<li>Anglerverein Karausche: leckere Fischspezialit\u00e4ten, Angelzielwurf<\/li>\n<li>Freiwillige Feuerwehr: Festzelt, Getr\u00e4nkewagen<\/li>\n<li>Pauerfrauen: Tombola und Bowle<\/li>\n<li>Paulinenauer Sportverein: Versorgung mit vielf\u00e4ltigen Speisen am Burgerstand und Food Truck, Candy-Bar, Torwandschie\u00dfen<\/li>\n<li>Schulf\u00f6rderverein: Kinderschminken, Basteln, Kinderdisco<\/li>\n<li>Grundschule: Tanzshow<\/li>\n<li>Landfrauen: Gesunde Ern\u00e4hrung und Brotspezialit\u00e4ten<\/li>\n<li>M\u00e4rkischer Hof Selbelang \/ Detlef Wacker: Spielem\u00f6glichkeiten auf Strohballen und im gro\u00dfen Sandkasten<\/li>\n<li>F\u00f6rderverein der KITA: Kaffee und eine riesige Kuchenauswahl<\/li>\n<li>Apne 3: Mixgetr\u00e4nke<\/li>\n<li>Obstbau Bittner: Produkte aus Aroniabeeren und regionalen Fr\u00fcchten<\/li>\n<li>Gemeinde Paulinenaue: Finanzierung Liveband Gehrock und des Marionettentheaters<\/li>\n<li>Paulinenauer Kulturverein: Historische Dorff\u00fchrung, Organisation und Finanzierung des Marionettentheaters<\/li>\n<\/ul>\n<p>Die nachfolgenden Bilder k\u00f6nnen nur nahezu einen Eindruck von dem vielseitigen Fest wiedergeben. Die Besucher, auch aus den Nachbard\u00f6rfern, nutzten die M\u00f6glichkeit sich mal wieder ausgiebig zu unterhalten. Es hatten sich auch viele ehemalige Paulinenauer zum Fest eingefunden, einige nutzten die Gelegenheit f\u00fcr ein kleines Klassentreffen. Viele Erinnerungen wurden wach.<\/p>\n<p>Spannung gab es, als die Pauerfrauen die Gewinne der Tombola verlosten. Der Dank geht an alle Sponsoren, die mit Sachspenden f\u00fcr eine Vielzahl an Preisen sorgten und an die Sponsoren, die mit Geldspenden das Fest unterst\u00fctzten.<\/p>\n<p>Die Band GehRock aus Potsdam und die Diskothek mit Uwe und Felix Kr\u00fcger sorgten mit guter Rockmusik der 70er, 80er, 90er und von heute f\u00fcr gute Stimmung.<\/p>\n<h3>Fotos von Eberhard Schwarz, Joachim Scholz und Eckhard Vierjahn<\/h3>\n<div class=\"mceTemp\"><\/div>\n<div class=\"mceTemp\">\n\n\t\t<style type=\"text\/css\">\n\t\t\t#gallery-1 {\n\t\t\t\tmargin: auto;\n\t\t\t}\n\t\t\t#gallery-1 .gallery-item {\n\t\t\t\tfloat: left;\n\t\t\t\tmargin-top: 10px;\n\t\t\t\ttext-align: center;\n\t\t\t\twidth: 33%;\n\t\t\t}\n\t\t\t#gallery-1 img {\n\t\t\t\tborder: 2px solid #cfcfcf;\n\t\t\t}\n\t\t\t#gallery-1 .gallery-caption {\n\t\t\t\tmargin-left: 0;\n\t\t\t}\n\t\t\t\/* see gallery_shortcode() in wp-includes\/media.php *\/\n\t\t<\/style>\n\t\t<div data-carousel-extra='{&quot;blog_id&quot;:1,&quot;permalink&quot;:&quot;https:\/\/paulinenaue.info\/index.php\/paulinenaues-sommerfest-und-geburtstagsfeier-ein-voller-erfolg\/&quot;}' id='gallery-1' class='gallery galleryid-416616 gallery-columns-3 gallery-size-thumbnail'><dl class='gallery-item'>\n\t\t\t<dt class='gallery-icon landscape'>\n\t\t\t\t<a data-rel=\"iLightbox[postimages]\" data-title=\"2023-07-13, Sommerfest 02\" data-caption=\"\" href='https:\/\/paulinenaue.info\/index.php\/paulinenaues-sommerfest-und-geburtstagsfeier-ein-voller-erfolg\/2023-07-13-sommerfest-02\/'><img decoding=\"async\" width=\"150\" height=\"150\" src=\"https:\/\/paulinenaue.info\/wp-content\/uploads\/2024\/07\/2023-07-13-Sommerfest-02-150x150.jpg\" class=\"attachment-thumbnail size-thumbnail lazyload\" alt=\"\" srcset=\"data:image\/svg+xml,%3Csvg%20xmlns%3D%27http%3A%2F%2Fwww.w3.org%2F2000%2Fsvg%27%20width%3D%271000%27%20height%3D%27670%27%20viewBox%3D%270%200%201000%20670%27%3E%3Crect%20width%3D%271000%27%20height%3D%27670%27%20fill-opacity%3D%220%22%2F%3E%3C%2Fsvg%3E\" data-orig-src=\"https:\/\/paulinenaue.info\/wp-content\/uploads\/2024\/07\/2023-07-13-Sommerfest-02-150x150.jpg\" data-srcset=\"https:\/\/paulinenaue.info\/wp-content\/uploads\/2024\/07\/2023-07-13-Sommerfest-02-66x66.jpg 66w, https:\/\/paulinenaue.info\/wp-content\/uploads\/2024\/07\/2023-07-13-Sommerfest-02-150x150.jpg 150w\" data-sizes=\"auto\" data-attachment-id=\"416632\" data-permalink=\"https:\/\/paulinenaue.info\/index.php\/paulinenaues-sommerfest-und-geburtstagsfeier-ein-voller-erfolg\/2023-07-13-sommerfest-02\/\" data-orig-file=\"https:\/\/paulinenaue.info\/wp-content\/uploads\/2024\/07\/2023-07-13-Sommerfest-02.jpg\" data-orig-size=\"1000,670\" data-comments-opened=\"1\" data-image-meta=\"{&quot;aperture&quot;:&quot;1.8&quot;,&quot;credit&quot;:&quot;&quot;,&quot;camera&quot;:&quot;iPhone SE (2nd generation)&quot;,&quot;caption&quot;:&quot;&quot;,&quot;created_timestamp&quot;:&quot;1720885064&quot;,&quot;copyright&quot;:&quot;&quot;,&quot;focal_length&quot;:&quot;3.99&quot;,&quot;iso&quot;:&quot;80&quot;,&quot;shutter_speed&quot;:&quot;0.016666666666667&quot;,&quot;title&quot;:&quot;&quot;,&quot;orientation&quot;:&quot;1&quot;}\" data-image-title=\"2023-07-13, Sommerfest 02\" data-image-description=\"\" data-image-caption=\"\" data-large-file=\"https:\/\/paulinenaue.info\/wp-content\/uploads\/2024\/07\/2023-07-13-Sommerfest-02.jpg\" \/><\/a>\n\t\t\t<\/dt><\/dl><dl class='gallery-item'>\n\t\t\t<dt class='gallery-icon landscape'>\n\t\t\t\t<a data-rel=\"iLightbox[postimages]\" data-title=\"2024-07-13, Sommerfest, 19\" data-caption=\"\" href='https:\/\/paulinenaue.info\/index.php\/paulinenaues-sommerfest-und-geburtstagsfeier-ein-voller-erfolg\/2024-07-13-sommerfest-19\/'><img decoding=\"async\" width=\"150\" height=\"150\" src=\"https:\/\/paulinenaue.info\/wp-content\/uploads\/2024\/07\/2024-07-13-Sommerfest-19-150x150.jpg\" class=\"attachment-thumbnail size-thumbnail lazyload\" alt=\"\" srcset=\"data:image\/svg+xml,%3Csvg%20xmlns%3D%27http%3A%2F%2Fwww.w3.org%2F2000%2Fsvg%27%20width%3D%271000%27%20height%3D%27663%27%20viewBox%3D%270%200%201000%20663%27%3E%3Crect%20width%3D%271000%27%20height%3D%27663%27%20fill-opacity%3D%220%22%2F%3E%3C%2Fsvg%3E\" data-orig-src=\"https:\/\/paulinenaue.info\/wp-content\/uploads\/2024\/07\/2024-07-13-Sommerfest-19-150x150.jpg\" data-srcset=\"https:\/\/paulinenaue.info\/wp-content\/uploads\/2024\/07\/2024-07-13-Sommerfest-19-66x66.jpg 66w, https:\/\/paulinenaue.info\/wp-content\/uploads\/2024\/07\/2024-07-13-Sommerfest-19-150x150.jpg 150w\" data-sizes=\"auto\" data-attachment-id=\"416633\" data-permalink=\"https:\/\/paulinenaue.info\/index.php\/paulinenaues-sommerfest-und-geburtstagsfeier-ein-voller-erfolg\/2024-07-13-sommerfest-19\/\" data-orig-file=\"https:\/\/paulinenaue.info\/wp-content\/uploads\/2024\/07\/2024-07-13-Sommerfest-19.jpg\" data-orig-size=\"1000,663\" data-comments-opened=\"1\" data-image-meta=\"{&quot;aperture&quot;:&quot;1.78&quot;,&quot;credit&quot;:&quot;&quot;,&quot;camera&quot;:&quot;iPhone 15 Pro Max&quot;,&quot;caption&quot;:&quot;&quot;,&quot;created_timestamp&quot;:&quot;1720894138&quot;,&quot;copyright&quot;:&quot;&quot;,&quot;focal_length&quot;:&quot;6.7649998656528&quot;,&quot;iso&quot;:&quot;80&quot;,&quot;shutter_speed&quot;:&quot;0.0025380710659898&quot;,&quot;title&quot;:&quot;&quot;,&quot;orientation&quot;:&quot;1&quot;}\" data-image-title=\"2024-07-13, Sommerfest, 19\" data-image-description=\"\" data-image-caption=\"\" data-large-file=\"https:\/\/paulinenaue.info\/wp-content\/uploads\/2024\/07\/2024-07-13-Sommerfest-19.jpg\" \/><\/a>\n\t\t\t<\/dt><\/dl><dl class='gallery-item'>\n\t\t\t<dt class='gallery-icon landscape'>\n\t\t\t\t<a data-rel=\"iLightbox[postimages]\" data-title=\"2024-07-13, Sommerfest, 18\" data-caption=\"\" href='https:\/\/paulinenaue.info\/index.php\/paulinenaues-sommerfest-und-geburtstagsfeier-ein-voller-erfolg\/2024-07-13-sommerfest-18\/'><img decoding=\"async\" width=\"150\" height=\"150\" src=\"https:\/\/paulinenaue.info\/wp-content\/uploads\/2024\/07\/2024-07-13-Sommerfest-18-150x150.jpg\" class=\"attachment-thumbnail size-thumbnail lazyload\" alt=\"\" srcset=\"data:image\/svg+xml,%3Csvg%20xmlns%3D%27http%3A%2F%2Fwww.w3.org%2F2000%2Fsvg%27%20width%3D%271000%27%20height%3D%27618%27%20viewBox%3D%270%200%201000%20618%27%3E%3Crect%20width%3D%271000%27%20height%3D%27618%27%20fill-opacity%3D%220%22%2F%3E%3C%2Fsvg%3E\" data-orig-src=\"https:\/\/paulinenaue.info\/wp-content\/uploads\/2024\/07\/2024-07-13-Sommerfest-18-150x150.jpg\" data-srcset=\"https:\/\/paulinenaue.info\/wp-content\/uploads\/2024\/07\/2024-07-13-Sommerfest-18-66x66.jpg 66w, https:\/\/paulinenaue.info\/wp-content\/uploads\/2024\/07\/2024-07-13-Sommerfest-18-150x150.jpg 150w\" data-sizes=\"auto\" data-attachment-id=\"416634\" data-permalink=\"https:\/\/paulinenaue.info\/index.php\/paulinenaues-sommerfest-und-geburtstagsfeier-ein-voller-erfolg\/2024-07-13-sommerfest-18\/\" data-orig-file=\"https:\/\/paulinenaue.info\/wp-content\/uploads\/2024\/07\/2024-07-13-Sommerfest-18.jpg\" data-orig-size=\"1000,618\" data-comments-opened=\"1\" data-image-meta=\"{&quot;aperture&quot;:&quot;1.8&quot;,&quot;credit&quot;:&quot;&quot;,&quot;camera&quot;:&quot;iPhone SE (2nd generation)&quot;,&quot;caption&quot;:&quot;&quot;,&quot;created_timestamp&quot;:&quot;1720880675&quot;,&quot;copyright&quot;:&quot;&quot;,&quot;focal_length&quot;:&quot;3.99&quot;,&quot;iso&quot;:&quot;20&quot;,&quot;shutter_speed&quot;:&quot;0.00082304526748971&quot;,&quot;title&quot;:&quot;&quot;,&quot;orientation&quot;:&quot;1&quot;}\" data-image-title=\"2024-07-13, Sommerfest, 18\" data-image-description=\"\" data-image-caption=\"\" data-large-file=\"https:\/\/paulinenaue.info\/wp-content\/uploads\/2024\/07\/2024-07-13-Sommerfest-18.jpg\" \/><\/a>\n\t\t\t<\/dt><\/dl><br style=\"clear: both\" \/><dl class='gallery-item'>\n\t\t\t<dt class='gallery-icon landscape'>\n\t\t\t\t<a data-rel=\"iLightbox[postimages]\" data-title=\"2024-07-13, Sommerfest, 17\" data-caption=\"\" href='https:\/\/paulinenaue.info\/index.php\/paulinenaues-sommerfest-und-geburtstagsfeier-ein-voller-erfolg\/2024-07-13-sommerfest-17\/'><img decoding=\"async\" width=\"150\" height=\"150\" src=\"https:\/\/paulinenaue.info\/wp-content\/uploads\/2024\/07\/2024-07-13-Sommerfest-17-150x150.jpg\" class=\"attachment-thumbnail size-thumbnail lazyload\" alt=\"\" srcset=\"data:image\/svg+xml,%3Csvg%20xmlns%3D%27http%3A%2F%2Fwww.w3.org%2F2000%2Fsvg%27%20width%3D%271000%27%20height%3D%27719%27%20viewBox%3D%270%200%201000%20719%27%3E%3Crect%20width%3D%271000%27%20height%3D%27719%27%20fill-opacity%3D%220%22%2F%3E%3C%2Fsvg%3E\" data-orig-src=\"https:\/\/paulinenaue.info\/wp-content\/uploads\/2024\/07\/2024-07-13-Sommerfest-17-150x150.jpg\" data-srcset=\"https:\/\/paulinenaue.info\/wp-content\/uploads\/2024\/07\/2024-07-13-Sommerfest-17-66x66.jpg 66w, https:\/\/paulinenaue.info\/wp-content\/uploads\/2024\/07\/2024-07-13-Sommerfest-17-150x150.jpg 150w\" data-sizes=\"auto\" data-attachment-id=\"416635\" data-permalink=\"https:\/\/paulinenaue.info\/index.php\/paulinenaues-sommerfest-und-geburtstagsfeier-ein-voller-erfolg\/2024-07-13-sommerfest-17\/\" data-orig-file=\"https:\/\/paulinenaue.info\/wp-content\/uploads\/2024\/07\/2024-07-13-Sommerfest-17.jpg\" data-orig-size=\"1000,719\" data-comments-opened=\"1\" data-image-meta=\"{&quot;aperture&quot;:&quot;1.8&quot;,&quot;credit&quot;:&quot;&quot;,&quot;camera&quot;:&quot;iPhone SE (2nd generation)&quot;,&quot;caption&quot;:&quot;&quot;,&quot;created_timestamp&quot;:&quot;1720880604&quot;,&quot;copyright&quot;:&quot;&quot;,&quot;focal_length&quot;:&quot;3.99&quot;,&quot;iso&quot;:&quot;20&quot;,&quot;shutter_speed&quot;:&quot;0.0019762845849802&quot;,&quot;title&quot;:&quot;&quot;,&quot;orientation&quot;:&quot;1&quot;}\" data-image-title=\"2024-07-13, Sommerfest, 17\" data-image-description=\"\" data-image-caption=\"\" data-large-file=\"https:\/\/paulinenaue.info\/wp-content\/uploads\/2024\/07\/2024-07-13-Sommerfest-17.jpg\" \/><\/a>\n\t\t\t<\/dt><\/dl><dl class='gallery-item'>\n\t\t\t<dt class='gallery-icon landscape'>\n\t\t\t\t<a data-rel=\"iLightbox[postimages]\" data-title=\"2024-07-13, Sommerfest, 16\" data-caption=\"\" href='https:\/\/paulinenaue.info\/index.php\/paulinenaues-sommerfest-und-geburtstagsfeier-ein-voller-erfolg\/2024-07-13-sommerfest-16\/'><img decoding=\"async\" width=\"150\" height=\"150\" src=\"https:\/\/paulinenaue.info\/wp-content\/uploads\/2024\/07\/2024-07-13-Sommerfest-16-150x150.jpg\" class=\"attachment-thumbnail size-thumbnail lazyload\" alt=\"\" srcset=\"data:image\/svg+xml,%3Csvg%20xmlns%3D%27http%3A%2F%2Fwww.w3.org%2F2000%2Fsvg%27%20width%3D%271000%27%20height%3D%27655%27%20viewBox%3D%270%200%201000%20655%27%3E%3Crect%20width%3D%271000%27%20height%3D%27655%27%20fill-opacity%3D%220%22%2F%3E%3C%2Fsvg%3E\" data-orig-src=\"https:\/\/paulinenaue.info\/wp-content\/uploads\/2024\/07\/2024-07-13-Sommerfest-16-150x150.jpg\" data-srcset=\"https:\/\/paulinenaue.info\/wp-content\/uploads\/2024\/07\/2024-07-13-Sommerfest-16-66x66.jpg 66w, https:\/\/paulinenaue.info\/wp-content\/uploads\/2024\/07\/2024-07-13-Sommerfest-16-150x150.jpg 150w\" data-sizes=\"auto\" data-attachment-id=\"416636\" data-permalink=\"https:\/\/paulinenaue.info\/index.php\/paulinenaues-sommerfest-und-geburtstagsfeier-ein-voller-erfolg\/2024-07-13-sommerfest-16\/\" data-orig-file=\"https:\/\/paulinenaue.info\/wp-content\/uploads\/2024\/07\/2024-07-13-Sommerfest-16.jpg\" data-orig-size=\"1000,655\" data-comments-opened=\"1\" data-image-meta=\"{&quot;aperture&quot;:&quot;1.8&quot;,&quot;credit&quot;:&quot;&quot;,&quot;camera&quot;:&quot;iPhone SE (2nd generation)&quot;,&quot;caption&quot;:&quot;&quot;,&quot;created_timestamp&quot;:&quot;1720880560&quot;,&quot;copyright&quot;:&quot;&quot;,&quot;focal_length&quot;:&quot;3.99&quot;,&quot;iso&quot;:&quot;20&quot;,&quot;shutter_speed&quot;:&quot;0.0023866348448687&quot;,&quot;title&quot;:&quot;&quot;,&quot;orientation&quot;:&quot;1&quot;}\" data-image-title=\"2024-07-13, Sommerfest, 16\" data-image-description=\"\" data-image-caption=\"\" data-large-file=\"https:\/\/paulinenaue.info\/wp-content\/uploads\/2024\/07\/2024-07-13-Sommerfest-16.jpg\" \/><\/a>\n\t\t\t<\/dt><\/dl><dl class='gallery-item'>\n\t\t\t<dt class='gallery-icon landscape'>\n\t\t\t\t<a data-rel=\"iLightbox[postimages]\" data-title=\"2024-07-13, Sommerfest, 15\" data-caption=\"\" href='https:\/\/paulinenaue.info\/index.php\/paulinenaues-sommerfest-und-geburtstagsfeier-ein-voller-erfolg\/2024-07-13-sommerfest-15\/'><img decoding=\"async\" width=\"150\" height=\"150\" src=\"https:\/\/paulinenaue.info\/wp-content\/uploads\/2024\/07\/2024-07-13-Sommerfest-15-150x150.jpg\" class=\"attachment-thumbnail size-thumbnail lazyload\" alt=\"\" srcset=\"data:image\/svg+xml,%3Csvg%20xmlns%3D%27http%3A%2F%2Fwww.w3.org%2F2000%2Fsvg%27%20width%3D%271000%27%20height%3D%27645%27%20viewBox%3D%270%200%201000%20645%27%3E%3Crect%20width%3D%271000%27%20height%3D%27645%27%20fill-opacity%3D%220%22%2F%3E%3C%2Fsvg%3E\" data-orig-src=\"https:\/\/paulinenaue.info\/wp-content\/uploads\/2024\/07\/2024-07-13-Sommerfest-15-150x150.jpg\" data-srcset=\"https:\/\/paulinenaue.info\/wp-content\/uploads\/2024\/07\/2024-07-13-Sommerfest-15-66x66.jpg 66w, https:\/\/paulinenaue.info\/wp-content\/uploads\/2024\/07\/2024-07-13-Sommerfest-15-150x150.jpg 150w\" data-sizes=\"auto\" data-attachment-id=\"416637\" data-permalink=\"https:\/\/paulinenaue.info\/index.php\/paulinenaues-sommerfest-und-geburtstagsfeier-ein-voller-erfolg\/2024-07-13-sommerfest-15\/\" data-orig-file=\"https:\/\/paulinenaue.info\/wp-content\/uploads\/2024\/07\/2024-07-13-Sommerfest-15.jpg\" data-orig-size=\"1000,645\" data-comments-opened=\"1\" data-image-meta=\"{&quot;aperture&quot;:&quot;1.8&quot;,&quot;credit&quot;:&quot;&quot;,&quot;camera&quot;:&quot;iPhone SE (2nd generation)&quot;,&quot;caption&quot;:&quot;&quot;,&quot;created_timestamp&quot;:&quot;1720880745&quot;,&quot;copyright&quot;:&quot;&quot;,&quot;focal_length&quot;:&quot;3.99&quot;,&quot;iso&quot;:&quot;20&quot;,&quot;shutter_speed&quot;:&quot;0.00418410041841&quot;,&quot;title&quot;:&quot;&quot;,&quot;orientation&quot;:&quot;1&quot;}\" data-image-title=\"2024-07-13, Sommerfest, 15\" data-image-description=\"\" data-image-caption=\"\" data-large-file=\"https:\/\/paulinenaue.info\/wp-content\/uploads\/2024\/07\/2024-07-13-Sommerfest-15.jpg\" \/><\/a>\n\t\t\t<\/dt><\/dl><br style=\"clear: both\" \/><dl class='gallery-item'>\n\t\t\t<dt class='gallery-icon landscape'>\n\t\t\t\t<a data-rel=\"iLightbox[postimages]\" data-title=\"2024-07-13, Sommerfest, 14\" data-caption=\"\" href='https:\/\/paulinenaue.info\/index.php\/paulinenaues-sommerfest-und-geburtstagsfeier-ein-voller-erfolg\/2024-07-13-sommerfest-14\/'><img decoding=\"async\" width=\"150\" height=\"150\" src=\"https:\/\/paulinenaue.info\/wp-content\/uploads\/2024\/07\/2024-07-13-Sommerfest-14-150x150.jpg\" class=\"attachment-thumbnail size-thumbnail lazyload\" alt=\"\" srcset=\"data:image\/svg+xml,%3Csvg%20xmlns%3D%27http%3A%2F%2Fwww.w3.org%2F2000%2Fsvg%27%20width%3D%271000%27%20height%3D%27750%27%20viewBox%3D%270%200%201000%20750%27%3E%3Crect%20width%3D%271000%27%20height%3D%27750%27%20fill-opacity%3D%220%22%2F%3E%3C%2Fsvg%3E\" data-orig-src=\"https:\/\/paulinenaue.info\/wp-content\/uploads\/2024\/07\/2024-07-13-Sommerfest-14-150x150.jpg\" data-srcset=\"https:\/\/paulinenaue.info\/wp-content\/uploads\/2024\/07\/2024-07-13-Sommerfest-14-66x66.jpg 66w, https:\/\/paulinenaue.info\/wp-content\/uploads\/2024\/07\/2024-07-13-Sommerfest-14-150x150.jpg 150w\" data-sizes=\"auto\" data-attachment-id=\"416638\" data-permalink=\"https:\/\/paulinenaue.info\/index.php\/paulinenaues-sommerfest-und-geburtstagsfeier-ein-voller-erfolg\/2024-07-13-sommerfest-14\/\" data-orig-file=\"https:\/\/paulinenaue.info\/wp-content\/uploads\/2024\/07\/2024-07-13-Sommerfest-14.jpg\" data-orig-size=\"1000,750\" data-comments-opened=\"1\" data-image-meta=\"{&quot;aperture&quot;:&quot;1.8&quot;,&quot;credit&quot;:&quot;&quot;,&quot;camera&quot;:&quot;iPhone SE (2nd generation)&quot;,&quot;caption&quot;:&quot;&quot;,&quot;created_timestamp&quot;:&quot;1720880663&quot;,&quot;copyright&quot;:&quot;&quot;,&quot;focal_length&quot;:&quot;3.99&quot;,&quot;iso&quot;:&quot;20&quot;,&quot;shutter_speed&quot;:&quot;0.0016891891891892&quot;,&quot;title&quot;:&quot;&quot;,&quot;orientation&quot;:&quot;1&quot;}\" data-image-title=\"2024-07-13, Sommerfest, 14\" data-image-description=\"\" data-image-caption=\"\" data-large-file=\"https:\/\/paulinenaue.info\/wp-content\/uploads\/2024\/07\/2024-07-13-Sommerfest-14.jpg\" \/><\/a>\n\t\t\t<\/dt><\/dl><dl class='gallery-item'>\n\t\t\t<dt class='gallery-icon landscape'>\n\t\t\t\t<a data-rel=\"iLightbox[postimages]\" data-title=\"2024-07-13, Sommerfest, 13\" data-caption=\"\" href='https:\/\/paulinenaue.info\/index.php\/paulinenaues-sommerfest-und-geburtstagsfeier-ein-voller-erfolg\/2024-07-13-sommerfest-13\/'><img decoding=\"async\" width=\"150\" height=\"150\" src=\"https:\/\/paulinenaue.info\/wp-content\/uploads\/2024\/07\/2024-07-13-Sommerfest-13-150x150.jpg\" class=\"attachment-thumbnail size-thumbnail lazyload\" alt=\"\" srcset=\"data:image\/svg+xml,%3Csvg%20xmlns%3D%27http%3A%2F%2Fwww.w3.org%2F2000%2Fsvg%27%20width%3D%271000%27%20height%3D%27750%27%20viewBox%3D%270%200%201000%20750%27%3E%3Crect%20width%3D%271000%27%20height%3D%27750%27%20fill-opacity%3D%220%22%2F%3E%3C%2Fsvg%3E\" data-orig-src=\"https:\/\/paulinenaue.info\/wp-content\/uploads\/2024\/07\/2024-07-13-Sommerfest-13-150x150.jpg\" data-srcset=\"https:\/\/paulinenaue.info\/wp-content\/uploads\/2024\/07\/2024-07-13-Sommerfest-13-66x66.jpg 66w, https:\/\/paulinenaue.info\/wp-content\/uploads\/2024\/07\/2024-07-13-Sommerfest-13-150x150.jpg 150w\" data-sizes=\"auto\" data-attachment-id=\"416639\" data-permalink=\"https:\/\/paulinenaue.info\/index.php\/paulinenaues-sommerfest-und-geburtstagsfeier-ein-voller-erfolg\/2024-07-13-sommerfest-13\/\" data-orig-file=\"https:\/\/paulinenaue.info\/wp-content\/uploads\/2024\/07\/2024-07-13-Sommerfest-13.jpg\" data-orig-size=\"1000,750\" data-comments-opened=\"1\" data-image-meta=\"{&quot;aperture&quot;:&quot;1.8&quot;,&quot;credit&quot;:&quot;&quot;,&quot;camera&quot;:&quot;iPhone SE (2nd generation)&quot;,&quot;caption&quot;:&quot;&quot;,&quot;created_timestamp&quot;:&quot;1720881024&quot;,&quot;copyright&quot;:&quot;&quot;,&quot;focal_length&quot;:&quot;3.99&quot;,&quot;iso&quot;:&quot;20&quot;,&quot;shutter_speed&quot;:&quot;0.00035001750087504&quot;,&quot;title&quot;:&quot;&quot;,&quot;orientation&quot;:&quot;1&quot;}\" data-image-title=\"2024-07-13, Sommerfest, 13\" data-image-description=\"\" data-image-caption=\"\" data-large-file=\"https:\/\/paulinenaue.info\/wp-content\/uploads\/2024\/07\/2024-07-13-Sommerfest-13.jpg\" \/><\/a>\n\t\t\t<\/dt><\/dl><dl class='gallery-item'>\n\t\t\t<dt class='gallery-icon landscape'>\n\t\t\t\t<a data-rel=\"iLightbox[postimages]\" data-title=\"2024-07-13, Sommerfest, 12\" data-caption=\"\" href='https:\/\/paulinenaue.info\/index.php\/paulinenaues-sommerfest-und-geburtstagsfeier-ein-voller-erfolg\/2024-07-13-sommerfest-12\/'><img decoding=\"async\" width=\"150\" height=\"150\" src=\"https:\/\/paulinenaue.info\/wp-content\/uploads\/2024\/07\/2024-07-13-Sommerfest-12-150x150.jpg\" class=\"attachment-thumbnail size-thumbnail lazyload\" alt=\"\" srcset=\"data:image\/svg+xml,%3Csvg%20xmlns%3D%27http%3A%2F%2Fwww.w3.org%2F2000%2Fsvg%27%20width%3D%271000%27%20height%3D%27750%27%20viewBox%3D%270%200%201000%20750%27%3E%3Crect%20width%3D%271000%27%20height%3D%27750%27%20fill-opacity%3D%220%22%2F%3E%3C%2Fsvg%3E\" data-orig-src=\"https:\/\/paulinenaue.info\/wp-content\/uploads\/2024\/07\/2024-07-13-Sommerfest-12-150x150.jpg\" data-srcset=\"https:\/\/paulinenaue.info\/wp-content\/uploads\/2024\/07\/2024-07-13-Sommerfest-12-66x66.jpg 66w, https:\/\/paulinenaue.info\/wp-content\/uploads\/2024\/07\/2024-07-13-Sommerfest-12-150x150.jpg 150w\" data-sizes=\"auto\" data-attachment-id=\"416640\" data-permalink=\"https:\/\/paulinenaue.info\/index.php\/paulinenaues-sommerfest-und-geburtstagsfeier-ein-voller-erfolg\/2024-07-13-sommerfest-12\/\" data-orig-file=\"https:\/\/paulinenaue.info\/wp-content\/uploads\/2024\/07\/2024-07-13-Sommerfest-12.jpg\" data-orig-size=\"1000,750\" data-comments-opened=\"1\" data-image-meta=\"{&quot;aperture&quot;:&quot;1.8&quot;,&quot;credit&quot;:&quot;&quot;,&quot;camera&quot;:&quot;iPhone SE (2nd generation)&quot;,&quot;caption&quot;:&quot;&quot;,&quot;created_timestamp&quot;:&quot;1720880684&quot;,&quot;copyright&quot;:&quot;&quot;,&quot;focal_length&quot;:&quot;3.99&quot;,&quot;iso&quot;:&quot;20&quot;,&quot;shutter_speed&quot;:&quot;0.0016051364365971&quot;,&quot;title&quot;:&quot;&quot;,&quot;orientation&quot;:&quot;1&quot;}\" data-image-title=\"2024-07-13, Sommerfest, 12\" data-image-description=\"\" data-image-caption=\"\" data-large-file=\"https:\/\/paulinenaue.info\/wp-content\/uploads\/2024\/07\/2024-07-13-Sommerfest-12.jpg\" \/><\/a>\n\t\t\t<\/dt><\/dl><br style=\"clear: both\" \/><dl class='gallery-item'>\n\t\t\t<dt class='gallery-icon landscape'>\n\t\t\t\t<a data-rel=\"iLightbox[postimages]\" data-title=\"2024-07-13, Sommerfest, 11\" data-caption=\"\" href='https:\/\/paulinenaue.info\/index.php\/paulinenaues-sommerfest-und-geburtstagsfeier-ein-voller-erfolg\/2024-07-13-sommerfest-11\/'><img decoding=\"async\" width=\"150\" height=\"150\" src=\"https:\/\/paulinenaue.info\/wp-content\/uploads\/2024\/07\/2024-07-13-Sommerfest-11-150x150.jpg\" class=\"attachment-thumbnail size-thumbnail lazyload\" alt=\"\" srcset=\"data:image\/svg+xml,%3Csvg%20xmlns%3D%27http%3A%2F%2Fwww.w3.org%2F2000%2Fsvg%27%20width%3D%271000%27%20height%3D%27629%27%20viewBox%3D%270%200%201000%20629%27%3E%3Crect%20width%3D%271000%27%20height%3D%27629%27%20fill-opacity%3D%220%22%2F%3E%3C%2Fsvg%3E\" data-orig-src=\"https:\/\/paulinenaue.info\/wp-content\/uploads\/2024\/07\/2024-07-13-Sommerfest-11-150x150.jpg\" data-srcset=\"https:\/\/paulinenaue.info\/wp-content\/uploads\/2024\/07\/2024-07-13-Sommerfest-11-66x66.jpg 66w, https:\/\/paulinenaue.info\/wp-content\/uploads\/2024\/07\/2024-07-13-Sommerfest-11-150x150.jpg 150w\" data-sizes=\"auto\" data-attachment-id=\"416641\" data-permalink=\"https:\/\/paulinenaue.info\/index.php\/paulinenaues-sommerfest-und-geburtstagsfeier-ein-voller-erfolg\/2024-07-13-sommerfest-11\/\" data-orig-file=\"https:\/\/paulinenaue.info\/wp-content\/uploads\/2024\/07\/2024-07-13-Sommerfest-11.jpg\" data-orig-size=\"1000,629\" data-comments-opened=\"1\" data-image-meta=\"{&quot;aperture&quot;:&quot;1.8&quot;,&quot;credit&quot;:&quot;&quot;,&quot;camera&quot;:&quot;iPhone SE (2nd generation)&quot;,&quot;caption&quot;:&quot;&quot;,&quot;created_timestamp&quot;:&quot;1720880870&quot;,&quot;copyright&quot;:&quot;&quot;,&quot;focal_length&quot;:&quot;3.99&quot;,&quot;iso&quot;:&quot;20&quot;,&quot;shutter_speed&quot;:&quot;0.0044444444444444&quot;,&quot;title&quot;:&quot;&quot;,&quot;orientation&quot;:&quot;1&quot;}\" data-image-title=\"2024-07-13, Sommerfest, 11\" data-image-description=\"\" data-image-caption=\"\" data-large-file=\"https:\/\/paulinenaue.info\/wp-content\/uploads\/2024\/07\/2024-07-13-Sommerfest-11.jpg\" \/><\/a>\n\t\t\t<\/dt><\/dl><dl class='gallery-item'>\n\t\t\t<dt class='gallery-icon landscape'>\n\t\t\t\t<a data-rel=\"iLightbox[postimages]\" data-title=\"2024-07-13, Sommerfest, 10\" data-caption=\"\" href='https:\/\/paulinenaue.info\/index.php\/paulinenaues-sommerfest-und-geburtstagsfeier-ein-voller-erfolg\/2024-07-13-sommerfest-10\/'><img decoding=\"async\" width=\"150\" height=\"150\" src=\"https:\/\/paulinenaue.info\/wp-content\/uploads\/2024\/07\/2024-07-13-Sommerfest-10-150x150.jpg\" class=\"attachment-thumbnail size-thumbnail lazyload\" alt=\"\" srcset=\"data:image\/svg+xml,%3Csvg%20xmlns%3D%27http%3A%2F%2Fwww.w3.org%2F2000%2Fsvg%27%20width%3D%271000%27%20height%3D%27522%27%20viewBox%3D%270%200%201000%20522%27%3E%3Crect%20width%3D%271000%27%20height%3D%27522%27%20fill-opacity%3D%220%22%2F%3E%3C%2Fsvg%3E\" data-orig-src=\"https:\/\/paulinenaue.info\/wp-content\/uploads\/2024\/07\/2024-07-13-Sommerfest-10-150x150.jpg\" data-srcset=\"https:\/\/paulinenaue.info\/wp-content\/uploads\/2024\/07\/2024-07-13-Sommerfest-10-66x66.jpg 66w, https:\/\/paulinenaue.info\/wp-content\/uploads\/2024\/07\/2024-07-13-Sommerfest-10-150x150.jpg 150w\" data-sizes=\"auto\" data-attachment-id=\"416642\" data-permalink=\"https:\/\/paulinenaue.info\/index.php\/paulinenaues-sommerfest-und-geburtstagsfeier-ein-voller-erfolg\/2024-07-13-sommerfest-10\/\" data-orig-file=\"https:\/\/paulinenaue.info\/wp-content\/uploads\/2024\/07\/2024-07-13-Sommerfest-10.jpg\" data-orig-size=\"1000,522\" data-comments-opened=\"1\" data-image-meta=\"{&quot;aperture&quot;:&quot;1.8&quot;,&quot;credit&quot;:&quot;&quot;,&quot;camera&quot;:&quot;iPhone SE (2nd generation)&quot;,&quot;caption&quot;:&quot;&quot;,&quot;created_timestamp&quot;:&quot;1720881614&quot;,&quot;copyright&quot;:&quot;&quot;,&quot;focal_length&quot;:&quot;3.99&quot;,&quot;iso&quot;:&quot;20&quot;,&quot;shutter_speed&quot;:&quot;0.0066225165562914&quot;,&quot;title&quot;:&quot;&quot;,&quot;orientation&quot;:&quot;1&quot;}\" data-image-title=\"2024-07-13, Sommerfest, 10\" data-image-description=\"\" data-image-caption=\"\" data-large-file=\"https:\/\/paulinenaue.info\/wp-content\/uploads\/2024\/07\/2024-07-13-Sommerfest-10.jpg\" \/><\/a>\n\t\t\t<\/dt><\/dl><dl class='gallery-item'>\n\t\t\t<dt class='gallery-icon landscape'>\n\t\t\t\t<a data-rel=\"iLightbox[postimages]\" data-title=\"2024-07-13, Sommerfest, 09\" data-caption=\"\" href='https:\/\/paulinenaue.info\/index.php\/paulinenaues-sommerfest-und-geburtstagsfeier-ein-voller-erfolg\/2024-07-13-sommerfest-09\/'><img decoding=\"async\" width=\"150\" height=\"150\" src=\"https:\/\/paulinenaue.info\/wp-content\/uploads\/2024\/07\/2024-07-13-Sommerfest-09-150x150.jpg\" class=\"attachment-thumbnail size-thumbnail lazyload\" alt=\"\" srcset=\"data:image\/svg+xml,%3Csvg%20xmlns%3D%27http%3A%2F%2Fwww.w3.org%2F2000%2Fsvg%27%20width%3D%271000%27%20height%3D%27614%27%20viewBox%3D%270%200%201000%20614%27%3E%3Crect%20width%3D%271000%27%20height%3D%27614%27%20fill-opacity%3D%220%22%2F%3E%3C%2Fsvg%3E\" data-orig-src=\"https:\/\/paulinenaue.info\/wp-content\/uploads\/2024\/07\/2024-07-13-Sommerfest-09-150x150.jpg\" data-srcset=\"https:\/\/paulinenaue.info\/wp-content\/uploads\/2024\/07\/2024-07-13-Sommerfest-09-66x66.jpg 66w, https:\/\/paulinenaue.info\/wp-content\/uploads\/2024\/07\/2024-07-13-Sommerfest-09-150x150.jpg 150w\" data-sizes=\"auto\" data-attachment-id=\"416643\" data-permalink=\"https:\/\/paulinenaue.info\/index.php\/paulinenaues-sommerfest-und-geburtstagsfeier-ein-voller-erfolg\/2024-07-13-sommerfest-09\/\" data-orig-file=\"https:\/\/paulinenaue.info\/wp-content\/uploads\/2024\/07\/2024-07-13-Sommerfest-09.jpg\" data-orig-size=\"1000,614\" data-comments-opened=\"1\" data-image-meta=\"{&quot;aperture&quot;:&quot;1.8&quot;,&quot;credit&quot;:&quot;&quot;,&quot;camera&quot;:&quot;iPhone SE (2nd generation)&quot;,&quot;caption&quot;:&quot;&quot;,&quot;created_timestamp&quot;:&quot;1720880465&quot;,&quot;copyright&quot;:&quot;&quot;,&quot;focal_length&quot;:&quot;3.99&quot;,&quot;iso&quot;:&quot;20&quot;,&quot;shutter_speed&quot;:&quot;0.0021008403361345&quot;,&quot;title&quot;:&quot;&quot;,&quot;orientation&quot;:&quot;1&quot;}\" data-image-title=\"2024-07-13, Sommerfest, 09\" data-image-description=\"\" data-image-caption=\"\" data-large-file=\"https:\/\/paulinenaue.info\/wp-content\/uploads\/2024\/07\/2024-07-13-Sommerfest-09.jpg\" \/><\/a>\n\t\t\t<\/dt><\/dl><br style=\"clear: both\" \/><dl class='gallery-item'>\n\t\t\t<dt class='gallery-icon landscape'>\n\t\t\t\t<a data-rel=\"iLightbox[postimages]\" data-title=\"2024-07-13, Sommerfest, 08\" data-caption=\"\" href='https:\/\/paulinenaue.info\/index.php\/paulinenaues-sommerfest-und-geburtstagsfeier-ein-voller-erfolg\/2024-07-13-sommerfest-08\/'><img decoding=\"async\" width=\"150\" height=\"150\" src=\"https:\/\/paulinenaue.info\/wp-content\/uploads\/2024\/07\/2024-07-13-Sommerfest-08-150x150.jpg\" class=\"attachment-thumbnail size-thumbnail lazyload\" alt=\"\" srcset=\"data:image\/svg+xml,%3Csvg%20xmlns%3D%27http%3A%2F%2Fwww.w3.org%2F2000%2Fsvg%27%20width%3D%271000%27%20height%3D%27639%27%20viewBox%3D%270%200%201000%20639%27%3E%3Crect%20width%3D%271000%27%20height%3D%27639%27%20fill-opacity%3D%220%22%2F%3E%3C%2Fsvg%3E\" data-orig-src=\"https:\/\/paulinenaue.info\/wp-content\/uploads\/2024\/07\/2024-07-13-Sommerfest-08-150x150.jpg\" data-srcset=\"https:\/\/paulinenaue.info\/wp-content\/uploads\/2024\/07\/2024-07-13-Sommerfest-08-66x66.jpg 66w, https:\/\/paulinenaue.info\/wp-content\/uploads\/2024\/07\/2024-07-13-Sommerfest-08-150x150.jpg 150w\" data-sizes=\"auto\" data-attachment-id=\"416644\" data-permalink=\"https:\/\/paulinenaue.info\/index.php\/paulinenaues-sommerfest-und-geburtstagsfeier-ein-voller-erfolg\/2024-07-13-sommerfest-08\/\" data-orig-file=\"https:\/\/paulinenaue.info\/wp-content\/uploads\/2024\/07\/2024-07-13-Sommerfest-08.jpg\" data-orig-size=\"1000,639\" data-comments-opened=\"1\" data-image-meta=\"{&quot;aperture&quot;:&quot;1.8&quot;,&quot;credit&quot;:&quot;&quot;,&quot;camera&quot;:&quot;iPhone SE (2nd generation)&quot;,&quot;caption&quot;:&quot;&quot;,&quot;created_timestamp&quot;:&quot;1720909547&quot;,&quot;copyright&quot;:&quot;&quot;,&quot;focal_length&quot;:&quot;3.99&quot;,&quot;iso&quot;:&quot;640&quot;,&quot;shutter_speed&quot;:&quot;0.05&quot;,&quot;title&quot;:&quot;&quot;,&quot;orientation&quot;:&quot;1&quot;}\" data-image-title=\"2024-07-13, Sommerfest, 08\" data-image-description=\"\" data-image-caption=\"\" data-large-file=\"https:\/\/paulinenaue.info\/wp-content\/uploads\/2024\/07\/2024-07-13-Sommerfest-08.jpg\" \/><\/a>\n\t\t\t<\/dt><\/dl><dl class='gallery-item'>\n\t\t\t<dt class='gallery-icon landscape'>\n\t\t\t\t<a data-rel=\"iLightbox[postimages]\" data-title=\"2024-07-13, Sommerfest, 07\" data-caption=\"\" href='https:\/\/paulinenaue.info\/index.php\/paulinenaues-sommerfest-und-geburtstagsfeier-ein-voller-erfolg\/2024-07-13-sommerfest-07\/'><img decoding=\"async\" width=\"150\" height=\"150\" src=\"https:\/\/paulinenaue.info\/wp-content\/uploads\/2024\/07\/2024-07-13-Sommerfest-07-150x150.jpg\" class=\"attachment-thumbnail size-thumbnail lazyload\" alt=\"\" srcset=\"data:image\/svg+xml,%3Csvg%20xmlns%3D%27http%3A%2F%2Fwww.w3.org%2F2000%2Fsvg%27%20width%3D%271000%27%20height%3D%27678%27%20viewBox%3D%270%200%201000%20678%27%3E%3Crect%20width%3D%271000%27%20height%3D%27678%27%20fill-opacity%3D%220%22%2F%3E%3C%2Fsvg%3E\" data-orig-src=\"https:\/\/paulinenaue.info\/wp-content\/uploads\/2024\/07\/2024-07-13-Sommerfest-07-150x150.jpg\" data-srcset=\"https:\/\/paulinenaue.info\/wp-content\/uploads\/2024\/07\/2024-07-13-Sommerfest-07-66x66.jpg 66w, https:\/\/paulinenaue.info\/wp-content\/uploads\/2024\/07\/2024-07-13-Sommerfest-07-150x150.jpg 150w\" data-sizes=\"auto\" data-attachment-id=\"416645\" data-permalink=\"https:\/\/paulinenaue.info\/index.php\/paulinenaues-sommerfest-und-geburtstagsfeier-ein-voller-erfolg\/2024-07-13-sommerfest-07\/\" data-orig-file=\"https:\/\/paulinenaue.info\/wp-content\/uploads\/2024\/07\/2024-07-13-Sommerfest-07.jpg\" data-orig-size=\"1000,678\" data-comments-opened=\"1\" data-image-meta=\"{&quot;aperture&quot;:&quot;1.8&quot;,&quot;credit&quot;:&quot;&quot;,&quot;camera&quot;:&quot;iPhone SE (2nd generation)&quot;,&quot;caption&quot;:&quot;&quot;,&quot;created_timestamp&quot;:&quot;1720880716&quot;,&quot;copyright&quot;:&quot;&quot;,&quot;focal_length&quot;:&quot;3.99&quot;,&quot;iso&quot;:&quot;20&quot;,&quot;shutter_speed&quot;:&quot;0.0026178010471204&quot;,&quot;title&quot;:&quot;&quot;,&quot;orientation&quot;:&quot;1&quot;}\" data-image-title=\"2024-07-13, Sommerfest, 07\" data-image-description=\"\" data-image-caption=\"\" data-large-file=\"https:\/\/paulinenaue.info\/wp-content\/uploads\/2024\/07\/2024-07-13-Sommerfest-07.jpg\" \/><\/a>\n\t\t\t<\/dt><\/dl><dl class='gallery-item'>\n\t\t\t<dt class='gallery-icon landscape'>\n\t\t\t\t<a data-rel=\"iLightbox[postimages]\" data-title=\"2024-07-13, Sommerfest, 06\" data-caption=\"\" href='https:\/\/paulinenaue.info\/index.php\/paulinenaues-sommerfest-und-geburtstagsfeier-ein-voller-erfolg\/2024-07-13-sommerfest-06\/'><img decoding=\"async\" width=\"150\" height=\"150\" src=\"https:\/\/paulinenaue.info\/wp-content\/uploads\/2024\/07\/2024-07-13-Sommerfest-06-150x150.jpg\" class=\"attachment-thumbnail size-thumbnail lazyload\" alt=\"\" srcset=\"data:image\/svg+xml,%3Csvg%20xmlns%3D%27http%3A%2F%2Fwww.w3.org%2F2000%2Fsvg%27%20width%3D%271000%27%20height%3D%27750%27%20viewBox%3D%270%200%201000%20750%27%3E%3Crect%20width%3D%271000%27%20height%3D%27750%27%20fill-opacity%3D%220%22%2F%3E%3C%2Fsvg%3E\" data-orig-src=\"https:\/\/paulinenaue.info\/wp-content\/uploads\/2024\/07\/2024-07-13-Sommerfest-06-150x150.jpg\" data-srcset=\"https:\/\/paulinenaue.info\/wp-content\/uploads\/2024\/07\/2024-07-13-Sommerfest-06-66x66.jpg 66w, https:\/\/paulinenaue.info\/wp-content\/uploads\/2024\/07\/2024-07-13-Sommerfest-06-150x150.jpg 150w\" data-sizes=\"auto\" data-attachment-id=\"416646\" data-permalink=\"https:\/\/paulinenaue.info\/index.php\/paulinenaues-sommerfest-und-geburtstagsfeier-ein-voller-erfolg\/2024-07-13-sommerfest-06\/\" data-orig-file=\"https:\/\/paulinenaue.info\/wp-content\/uploads\/2024\/07\/2024-07-13-Sommerfest-06.jpg\" data-orig-size=\"1000,750\" data-comments-opened=\"1\" data-image-meta=\"{&quot;aperture&quot;:&quot;1.8&quot;,&quot;credit&quot;:&quot;&quot;,&quot;camera&quot;:&quot;iPhone SE (2nd generation)&quot;,&quot;caption&quot;:&quot;&quot;,&quot;created_timestamp&quot;:&quot;1720881957&quot;,&quot;copyright&quot;:&quot;&quot;,&quot;focal_length&quot;:&quot;3.99&quot;,&quot;iso&quot;:&quot;20&quot;,&quot;shutter_speed&quot;:&quot;0.00071994240460763&quot;,&quot;title&quot;:&quot;&quot;,&quot;orientation&quot;:&quot;1&quot;}\" data-image-title=\"2024-07-13, Sommerfest, 06\" data-image-description=\"\" data-image-caption=\"\" data-large-file=\"https:\/\/paulinenaue.info\/wp-content\/uploads\/2024\/07\/2024-07-13-Sommerfest-06.jpg\" \/><\/a>\n\t\t\t<\/dt><\/dl><br style=\"clear: both\" \/><dl class='gallery-item'>\n\t\t\t<dt class='gallery-icon landscape'>\n\t\t\t\t<a data-rel=\"iLightbox[postimages]\" data-title=\"2024-07-13, Sommerfest, 05\" data-caption=\"\" href='https:\/\/paulinenaue.info\/index.php\/paulinenaues-sommerfest-und-geburtstagsfeier-ein-voller-erfolg\/2024-07-13-sommerfest-05\/'><img decoding=\"async\" width=\"150\" height=\"150\" src=\"https:\/\/paulinenaue.info\/wp-content\/uploads\/2024\/07\/2024-07-13-Sommerfest-05-150x150.jpg\" class=\"attachment-thumbnail size-thumbnail lazyload\" alt=\"\" srcset=\"data:image\/svg+xml,%3Csvg%20xmlns%3D%27http%3A%2F%2Fwww.w3.org%2F2000%2Fsvg%27%20width%3D%271000%27%20height%3D%27600%27%20viewBox%3D%270%200%201000%20600%27%3E%3Crect%20width%3D%271000%27%20height%3D%27600%27%20fill-opacity%3D%220%22%2F%3E%3C%2Fsvg%3E\" data-orig-src=\"https:\/\/paulinenaue.info\/wp-content\/uploads\/2024\/07\/2024-07-13-Sommerfest-05-150x150.jpg\" data-srcset=\"https:\/\/paulinenaue.info\/wp-content\/uploads\/2024\/07\/2024-07-13-Sommerfest-05-66x66.jpg 66w, https:\/\/paulinenaue.info\/wp-content\/uploads\/2024\/07\/2024-07-13-Sommerfest-05-150x150.jpg 150w\" data-sizes=\"auto\" data-attachment-id=\"416647\" data-permalink=\"https:\/\/paulinenaue.info\/index.php\/paulinenaues-sommerfest-und-geburtstagsfeier-ein-voller-erfolg\/2024-07-13-sommerfest-05\/\" data-orig-file=\"https:\/\/paulinenaue.info\/wp-content\/uploads\/2024\/07\/2024-07-13-Sommerfest-05.jpg\" data-orig-size=\"1000,600\" data-comments-opened=\"1\" data-image-meta=\"{&quot;aperture&quot;:&quot;1.8&quot;,&quot;credit&quot;:&quot;&quot;,&quot;camera&quot;:&quot;iPhone SE (2nd generation)&quot;,&quot;caption&quot;:&quot;&quot;,&quot;created_timestamp&quot;:&quot;1720880887&quot;,&quot;copyright&quot;:&quot;&quot;,&quot;focal_length&quot;:&quot;3.99&quot;,&quot;iso&quot;:&quot;20&quot;,&quot;shutter_speed&quot;:&quot;0.0060240963855422&quot;,&quot;title&quot;:&quot;&quot;,&quot;orientation&quot;:&quot;1&quot;}\" data-image-title=\"2024-07-13, Sommerfest, 05\" data-image-description=\"\" data-image-caption=\"\" data-large-file=\"https:\/\/paulinenaue.info\/wp-content\/uploads\/2024\/07\/2024-07-13-Sommerfest-05.jpg\" \/><\/a>\n\t\t\t<\/dt><\/dl><dl class='gallery-item'>\n\t\t\t<dt class='gallery-icon landscape'>\n\t\t\t\t<a data-rel=\"iLightbox[postimages]\" data-title=\"2024-07-13, Sommerfest, 02\" data-caption=\"\" href='https:\/\/paulinenaue.info\/index.php\/paulinenaues-sommerfest-und-geburtstagsfeier-ein-voller-erfolg\/2024-07-13-sommerfest-02\/'><img decoding=\"async\" width=\"150\" height=\"150\" src=\"https:\/\/paulinenaue.info\/wp-content\/uploads\/2024\/07\/2024-07-13-Sommerfest-02-150x150.jpg\" class=\"attachment-thumbnail size-thumbnail lazyload\" alt=\"\" srcset=\"data:image\/svg+xml,%3Csvg%20xmlns%3D%27http%3A%2F%2Fwww.w3.org%2F2000%2Fsvg%27%20width%3D%271000%27%20height%3D%27750%27%20viewBox%3D%270%200%201000%20750%27%3E%3Crect%20width%3D%271000%27%20height%3D%27750%27%20fill-opacity%3D%220%22%2F%3E%3C%2Fsvg%3E\" data-orig-src=\"https:\/\/paulinenaue.info\/wp-content\/uploads\/2024\/07\/2024-07-13-Sommerfest-02-150x150.jpg\" data-srcset=\"https:\/\/paulinenaue.info\/wp-content\/uploads\/2024\/07\/2024-07-13-Sommerfest-02-66x66.jpg 66w, https:\/\/paulinenaue.info\/wp-content\/uploads\/2024\/07\/2024-07-13-Sommerfest-02-150x150.jpg 150w\" data-sizes=\"auto\" data-attachment-id=\"416648\" data-permalink=\"https:\/\/paulinenaue.info\/index.php\/paulinenaues-sommerfest-und-geburtstagsfeier-ein-voller-erfolg\/2024-07-13-sommerfest-02\/\" data-orig-file=\"https:\/\/paulinenaue.info\/wp-content\/uploads\/2024\/07\/2024-07-13-Sommerfest-02.jpg\" data-orig-size=\"1000,750\" data-comments-opened=\"1\" data-image-meta=\"{&quot;aperture&quot;:&quot;1.78&quot;,&quot;credit&quot;:&quot;&quot;,&quot;camera&quot;:&quot;iPhone 15 Pro Max&quot;,&quot;caption&quot;:&quot;&quot;,&quot;created_timestamp&quot;:&quot;1720885663&quot;,&quot;copyright&quot;:&quot;&quot;,&quot;focal_length&quot;:&quot;6.7649998656528&quot;,&quot;iso&quot;:&quot;80&quot;,&quot;shutter_speed&quot;:&quot;0.00080775444264943&quot;,&quot;title&quot;:&quot;&quot;,&quot;orientation&quot;:&quot;1&quot;}\" data-image-title=\"2024-07-13, Sommerfest, 02\" data-image-description=\"\" data-image-caption=\"\" data-large-file=\"https:\/\/paulinenaue.info\/wp-content\/uploads\/2024\/07\/2024-07-13-Sommerfest-02.jpg\" \/><\/a>\n\t\t\t<\/dt><\/dl><dl class='gallery-item'>\n\t\t\t<dt class='gallery-icon landscape'>\n\t\t\t\t<a data-rel=\"iLightbox[postimages]\" data-title=\"2024-07-13, Sommerfest, 04\" data-caption=\"\" href='https:\/\/paulinenaue.info\/index.php\/paulinenaues-sommerfest-und-geburtstagsfeier-ein-voller-erfolg\/2024-07-13-sommerfest-04\/'><img decoding=\"async\" width=\"150\" height=\"150\" src=\"https:\/\/paulinenaue.info\/wp-content\/uploads\/2024\/07\/2024-07-13-Sommerfest-04-150x150.jpg\" class=\"attachment-thumbnail size-thumbnail lazyload\" alt=\"\" srcset=\"data:image\/svg+xml,%3Csvg%20xmlns%3D%27http%3A%2F%2Fwww.w3.org%2F2000%2Fsvg%27%20width%3D%271000%27%20height%3D%27548%27%20viewBox%3D%270%200%201000%20548%27%3E%3Crect%20width%3D%271000%27%20height%3D%27548%27%20fill-opacity%3D%220%22%2F%3E%3C%2Fsvg%3E\" data-orig-src=\"https:\/\/paulinenaue.info\/wp-content\/uploads\/2024\/07\/2024-07-13-Sommerfest-04-150x150.jpg\" data-srcset=\"https:\/\/paulinenaue.info\/wp-content\/uploads\/2024\/07\/2024-07-13-Sommerfest-04-66x66.jpg 66w, https:\/\/paulinenaue.info\/wp-content\/uploads\/2024\/07\/2024-07-13-Sommerfest-04-150x150.jpg 150w\" data-sizes=\"auto\" data-attachment-id=\"416649\" data-permalink=\"https:\/\/paulinenaue.info\/index.php\/paulinenaues-sommerfest-und-geburtstagsfeier-ein-voller-erfolg\/2024-07-13-sommerfest-04\/\" data-orig-file=\"https:\/\/paulinenaue.info\/wp-content\/uploads\/2024\/07\/2024-07-13-Sommerfest-04.jpg\" data-orig-size=\"1000,548\" data-comments-opened=\"1\" data-image-meta=\"{&quot;aperture&quot;:&quot;1.8&quot;,&quot;credit&quot;:&quot;&quot;,&quot;camera&quot;:&quot;iPhone SE (2nd generation)&quot;,&quot;caption&quot;:&quot;&quot;,&quot;created_timestamp&quot;:&quot;1720882070&quot;,&quot;copyright&quot;:&quot;&quot;,&quot;focal_length&quot;:&quot;3.99&quot;,&quot;iso&quot;:&quot;20&quot;,&quot;shutter_speed&quot;:&quot;0.0019157088122605&quot;,&quot;title&quot;:&quot;&quot;,&quot;orientation&quot;:&quot;1&quot;}\" data-image-title=\"2024-07-13, Sommerfest, 04\" data-image-description=\"\" data-image-caption=\"\" data-large-file=\"https:\/\/paulinenaue.info\/wp-content\/uploads\/2024\/07\/2024-07-13-Sommerfest-04.jpg\" \/><\/a>\n\t\t\t<\/dt><\/dl><br style=\"clear: both\" \/><dl class='gallery-item'>\n\t\t\t<dt class='gallery-icon landscape'>\n\t\t\t\t<a data-rel=\"iLightbox[postimages]\" data-title=\"2024-07-13, Sommerfest, 03\" data-caption=\"\" href='https:\/\/paulinenaue.info\/index.php\/paulinenaues-sommerfest-und-geburtstagsfeier-ein-voller-erfolg\/2024-07-13-sommerfest-03\/'><img decoding=\"async\" width=\"150\" height=\"150\" src=\"https:\/\/paulinenaue.info\/wp-content\/uploads\/2024\/07\/2024-07-13-Sommerfest-03-150x150.jpg\" class=\"attachment-thumbnail size-thumbnail lazyload\" alt=\"\" srcset=\"data:image\/svg+xml,%3Csvg%20xmlns%3D%27http%3A%2F%2Fwww.w3.org%2F2000%2Fsvg%27%20width%3D%271000%27%20height%3D%27563%27%20viewBox%3D%270%200%201000%20563%27%3E%3Crect%20width%3D%271000%27%20height%3D%27563%27%20fill-opacity%3D%220%22%2F%3E%3C%2Fsvg%3E\" data-orig-src=\"https:\/\/paulinenaue.info\/wp-content\/uploads\/2024\/07\/2024-07-13-Sommerfest-03-150x150.jpg\" data-srcset=\"https:\/\/paulinenaue.info\/wp-content\/uploads\/2024\/07\/2024-07-13-Sommerfest-03-66x66.jpg 66w, https:\/\/paulinenaue.info\/wp-content\/uploads\/2024\/07\/2024-07-13-Sommerfest-03-150x150.jpg 150w\" data-sizes=\"auto\" data-attachment-id=\"416650\" data-permalink=\"https:\/\/paulinenaue.info\/index.php\/paulinenaues-sommerfest-und-geburtstagsfeier-ein-voller-erfolg\/2024-07-13-sommerfest-03\/\" data-orig-file=\"https:\/\/paulinenaue.info\/wp-content\/uploads\/2024\/07\/2024-07-13-Sommerfest-03.jpg\" data-orig-size=\"1000,563\" data-comments-opened=\"1\" data-image-meta=\"{&quot;aperture&quot;:&quot;1.78&quot;,&quot;credit&quot;:&quot;&quot;,&quot;camera&quot;:&quot;iPhone 15 Pro Max&quot;,&quot;caption&quot;:&quot;&quot;,&quot;created_timestamp&quot;:&quot;1720894138&quot;,&quot;copyright&quot;:&quot;&quot;,&quot;focal_length&quot;:&quot;6.7649998656528&quot;,&quot;iso&quot;:&quot;80&quot;,&quot;shutter_speed&quot;:&quot;0.0025380710659898&quot;,&quot;title&quot;:&quot;&quot;,&quot;orientation&quot;:&quot;1&quot;}\" data-image-title=\"2024-07-13, Sommerfest, 03\" data-image-description=\"\" data-image-caption=\"\" data-large-file=\"https:\/\/paulinenaue.info\/wp-content\/uploads\/2024\/07\/2024-07-13-Sommerfest-03.jpg\" \/><\/a>\n\t\t\t<\/dt><\/dl><dl class='gallery-item'>\n\t\t\t<dt class='gallery-icon landscape'>\n\t\t\t\t<a data-rel=\"iLightbox[postimages]\" data-title=\"2024-07-13, Sommerfest, 01\" data-caption=\"\" href='https:\/\/paulinenaue.info\/index.php\/paulinenaues-sommerfest-und-geburtstagsfeier-ein-voller-erfolg\/2024-07-13-sommerfest-01\/'><img decoding=\"async\" width=\"150\" height=\"150\" src=\"https:\/\/paulinenaue.info\/wp-content\/uploads\/2024\/07\/2024-07-13-Sommerfest-01-150x150.jpg\" class=\"attachment-thumbnail size-thumbnail lazyload\" alt=\"\" srcset=\"data:image\/svg+xml,%3Csvg%20xmlns%3D%27http%3A%2F%2Fwww.w3.org%2F2000%2Fsvg%27%20width%3D%271000%27%20height%3D%27750%27%20viewBox%3D%270%200%201000%20750%27%3E%3Crect%20width%3D%271000%27%20height%3D%27750%27%20fill-opacity%3D%220%22%2F%3E%3C%2Fsvg%3E\" data-orig-src=\"https:\/\/paulinenaue.info\/wp-content\/uploads\/2024\/07\/2024-07-13-Sommerfest-01-150x150.jpg\" data-srcset=\"https:\/\/paulinenaue.info\/wp-content\/uploads\/2024\/07\/2024-07-13-Sommerfest-01-66x66.jpg 66w, https:\/\/paulinenaue.info\/wp-content\/uploads\/2024\/07\/2024-07-13-Sommerfest-01-150x150.jpg 150w\" data-sizes=\"auto\" data-attachment-id=\"416651\" data-permalink=\"https:\/\/paulinenaue.info\/index.php\/paulinenaues-sommerfest-und-geburtstagsfeier-ein-voller-erfolg\/2024-07-13-sommerfest-01\/\" data-orig-file=\"https:\/\/paulinenaue.info\/wp-content\/uploads\/2024\/07\/2024-07-13-Sommerfest-01.jpg\" data-orig-size=\"1000,750\" data-comments-opened=\"1\" data-image-meta=\"{&quot;aperture&quot;:&quot;1.8&quot;,&quot;credit&quot;:&quot;&quot;,&quot;camera&quot;:&quot;iPhone SE (2nd generation)&quot;,&quot;caption&quot;:&quot;&quot;,&quot;created_timestamp&quot;:&quot;1720880898&quot;,&quot;copyright&quot;:&quot;&quot;,&quot;focal_length&quot;:&quot;3.99&quot;,&quot;iso&quot;:&quot;20&quot;,&quot;shutter_speed&quot;:&quot;0.0033112582781457&quot;,&quot;title&quot;:&quot;&quot;,&quot;orientation&quot;:&quot;1&quot;}\" data-image-title=\"2024-07-13, Sommerfest, 01\" data-image-description=\"\" data-image-caption=\"\" data-large-file=\"https:\/\/paulinenaue.info\/wp-content\/uploads\/2024\/07\/2024-07-13-Sommerfest-01.jpg\" \/><\/a>\n\t\t\t<\/dt><\/dl><dl class='gallery-item'>\n\t\t\t<dt class='gallery-icon landscape'>\n\t\t\t\t<a data-rel=\"iLightbox[postimages]\" data-title=\"2024-07-13, Dorffest ES 04\" data-caption=\"\" href='https:\/\/paulinenaue.info\/index.php\/paulinenaues-sommerfest-und-geburtstagsfeier-ein-voller-erfolg\/2024-07-13-dorffest-es-04\/'><img decoding=\"async\" width=\"150\" height=\"150\" src=\"https:\/\/paulinenaue.info\/wp-content\/uploads\/2024\/07\/2024-07-13-Dorffest-ES-04-150x150.jpg\" class=\"attachment-thumbnail size-thumbnail lazyload\" alt=\"\" srcset=\"data:image\/svg+xml,%3Csvg%20xmlns%3D%27http%3A%2F%2Fwww.w3.org%2F2000%2Fsvg%27%20width%3D%271000%27%20height%3D%27563%27%20viewBox%3D%270%200%201000%20563%27%3E%3Crect%20width%3D%271000%27%20height%3D%27563%27%20fill-opacity%3D%220%22%2F%3E%3C%2Fsvg%3E\" data-orig-src=\"https:\/\/paulinenaue.info\/wp-content\/uploads\/2024\/07\/2024-07-13-Dorffest-ES-04-150x150.jpg\" data-srcset=\"https:\/\/paulinenaue.info\/wp-content\/uploads\/2024\/07\/2024-07-13-Dorffest-ES-04-66x66.jpg 66w, https:\/\/paulinenaue.info\/wp-content\/uploads\/2024\/07\/2024-07-13-Dorffest-ES-04-150x150.jpg 150w\" data-sizes=\"auto\" data-attachment-id=\"416630\" data-permalink=\"https:\/\/paulinenaue.info\/index.php\/paulinenaues-sommerfest-und-geburtstagsfeier-ein-voller-erfolg\/2024-07-13-dorffest-es-04\/\" data-orig-file=\"https:\/\/paulinenaue.info\/wp-content\/uploads\/2024\/07\/2024-07-13-Dorffest-ES-04.jpg\" data-orig-size=\"1000,563\" data-comments-opened=\"1\" data-image-meta=\"{&quot;aperture&quot;:&quot;1.78&quot;,&quot;credit&quot;:&quot;&quot;,&quot;camera&quot;:&quot;iPhone 15 Pro Max&quot;,&quot;caption&quot;:&quot;&quot;,&quot;created_timestamp&quot;:&quot;1720896175&quot;,&quot;copyright&quot;:&quot;&quot;,&quot;focal_length&quot;:&quot;6.7649998656528&quot;,&quot;iso&quot;:&quot;80&quot;,&quot;shutter_speed&quot;:&quot;0.0016722408026756&quot;,&quot;title&quot;:&quot;&quot;,&quot;orientation&quot;:&quot;1&quot;}\" data-image-title=\"2024-07-13, Dorffest ES 04\" data-image-description=\"\" data-image-caption=\"\" data-large-file=\"https:\/\/paulinenaue.info\/wp-content\/uploads\/2024\/07\/2024-07-13-Dorffest-ES-04.jpg\" \/><\/a>\n\t\t\t<\/dt><\/dl><br style=\"clear: both\" \/><dl class='gallery-item'>\n\t\t\t<dt class='gallery-icon landscape'>\n\t\t\t\t<a data-rel=\"iLightbox[postimages]\" data-title=\"2024-07-13, Dorffest ES 03\" data-caption=\"\" href='https:\/\/paulinenaue.info\/index.php\/paulinenaues-sommerfest-und-geburtstagsfeier-ein-voller-erfolg\/2024-07-13-dorffest-es-03\/'><img decoding=\"async\" width=\"150\" height=\"150\" src=\"https:\/\/paulinenaue.info\/wp-content\/uploads\/2024\/07\/2024-07-13-Dorffest-ES-03-150x150.jpg\" class=\"attachment-thumbnail size-thumbnail lazyload\" alt=\"\" srcset=\"data:image\/svg+xml,%3Csvg%20xmlns%3D%27http%3A%2F%2Fwww.w3.org%2F2000%2Fsvg%27%20width%3D%271000%27%20height%3D%27563%27%20viewBox%3D%270%200%201000%20563%27%3E%3Crect%20width%3D%271000%27%20height%3D%27563%27%20fill-opacity%3D%220%22%2F%3E%3C%2Fsvg%3E\" data-orig-src=\"https:\/\/paulinenaue.info\/wp-content\/uploads\/2024\/07\/2024-07-13-Dorffest-ES-03-150x150.jpg\" data-srcset=\"https:\/\/paulinenaue.info\/wp-content\/uploads\/2024\/07\/2024-07-13-Dorffest-ES-03-66x66.jpg 66w, https:\/\/paulinenaue.info\/wp-content\/uploads\/2024\/07\/2024-07-13-Dorffest-ES-03-150x150.jpg 150w\" data-sizes=\"auto\" data-attachment-id=\"416629\" data-permalink=\"https:\/\/paulinenaue.info\/index.php\/paulinenaues-sommerfest-und-geburtstagsfeier-ein-voller-erfolg\/2024-07-13-dorffest-es-03\/\" data-orig-file=\"https:\/\/paulinenaue.info\/wp-content\/uploads\/2024\/07\/2024-07-13-Dorffest-ES-03.jpg\" data-orig-size=\"1000,563\" data-comments-opened=\"1\" data-image-meta=\"{&quot;aperture&quot;:&quot;1.78&quot;,&quot;credit&quot;:&quot;&quot;,&quot;camera&quot;:&quot;iPhone 15 Pro Max&quot;,&quot;caption&quot;:&quot;&quot;,&quot;created_timestamp&quot;:&quot;1720894308&quot;,&quot;copyright&quot;:&quot;&quot;,&quot;focal_length&quot;:&quot;6.7649998656528&quot;,&quot;iso&quot;:&quot;80&quot;,&quot;shutter_speed&quot;:&quot;0.0028818443804035&quot;,&quot;title&quot;:&quot;&quot;,&quot;orientation&quot;:&quot;1&quot;}\" data-image-title=\"2024-07-13, Dorffest ES 03\" data-image-description=\"\" data-image-caption=\"\" data-large-file=\"https:\/\/paulinenaue.info\/wp-content\/uploads\/2024\/07\/2024-07-13-Dorffest-ES-03.jpg\" \/><\/a>\n\t\t\t<\/dt><\/dl><dl class='gallery-item'>\n\t\t\t<dt class='gallery-icon landscape'>\n\t\t\t\t<a data-rel=\"iLightbox[postimages]\" data-title=\"2024-07-13, Dorffest ES 01\" data-caption=\"\" href='https:\/\/paulinenaue.info\/index.php\/paulinenaues-sommerfest-und-geburtstagsfeier-ein-voller-erfolg\/2024-07-13-dorffest-es-01\/'><img decoding=\"async\" width=\"150\" height=\"150\" src=\"https:\/\/paulinenaue.info\/wp-content\/uploads\/2024\/07\/2024-07-13-Dorffest-ES-01-150x150.jpg\" class=\"attachment-thumbnail size-thumbnail lazyload\" alt=\"\" srcset=\"data:image\/svg+xml,%3Csvg%20xmlns%3D%27http%3A%2F%2Fwww.w3.org%2F2000%2Fsvg%27%20width%3D%271000%27%20height%3D%27563%27%20viewBox%3D%270%200%201000%20563%27%3E%3Crect%20width%3D%271000%27%20height%3D%27563%27%20fill-opacity%3D%220%22%2F%3E%3C%2Fsvg%3E\" data-orig-src=\"https:\/\/paulinenaue.info\/wp-content\/uploads\/2024\/07\/2024-07-13-Dorffest-ES-01-150x150.jpg\" data-srcset=\"https:\/\/paulinenaue.info\/wp-content\/uploads\/2024\/07\/2024-07-13-Dorffest-ES-01-66x66.jpg 66w, https:\/\/paulinenaue.info\/wp-content\/uploads\/2024\/07\/2024-07-13-Dorffest-ES-01-150x150.jpg 150w\" data-sizes=\"auto\" data-attachment-id=\"416627\" data-permalink=\"https:\/\/paulinenaue.info\/index.php\/paulinenaues-sommerfest-und-geburtstagsfeier-ein-voller-erfolg\/2024-07-13-dorffest-es-01\/\" data-orig-file=\"https:\/\/paulinenaue.info\/wp-content\/uploads\/2024\/07\/2024-07-13-Dorffest-ES-01.jpg\" data-orig-size=\"1000,563\" data-comments-opened=\"1\" data-image-meta=\"{&quot;aperture&quot;:&quot;1.78&quot;,&quot;credit&quot;:&quot;&quot;,&quot;camera&quot;:&quot;iPhone 15 Pro Max&quot;,&quot;caption&quot;:&quot;&quot;,&quot;created_timestamp&quot;:&quot;1720887829&quot;,&quot;copyright&quot;:&quot;&quot;,&quot;focal_length&quot;:&quot;6.7649998656528&quot;,&quot;iso&quot;:&quot;80&quot;,&quot;shutter_speed&quot;:&quot;0.00038402457757296&quot;,&quot;title&quot;:&quot;&quot;,&quot;orientation&quot;:&quot;1&quot;}\" data-image-title=\"2024-07-13, Dorffest ES 01\" data-image-description=\"\" data-image-caption=\"\" data-large-file=\"https:\/\/paulinenaue.info\/wp-content\/uploads\/2024\/07\/2024-07-13-Dorffest-ES-01.jpg\" \/><\/a>\n\t\t\t<\/dt><\/dl><dl class='gallery-item'>\n\t\t\t<dt class='gallery-icon landscape'>\n\t\t\t\t<a data-rel=\"iLightbox[postimages]\" data-title=\"2024-07-13, Dorffest 09\" data-caption=\"\" href='https:\/\/paulinenaue.info\/index.php\/paulinenaues-sommerfest-und-geburtstagsfeier-ein-voller-erfolg\/2024-07-13-dorffest-09\/'><img decoding=\"async\" width=\"150\" height=\"150\" src=\"https:\/\/paulinenaue.info\/wp-content\/uploads\/2024\/07\/2024-07-13-Dorffest-09-150x150.jpeg\" class=\"attachment-thumbnail size-thumbnail lazyload\" alt=\"\" srcset=\"data:image\/svg+xml,%3Csvg%20xmlns%3D%27http%3A%2F%2Fwww.w3.org%2F2000%2Fsvg%27%20width%3D%271000%27%20height%3D%27667%27%20viewBox%3D%270%200%201000%20667%27%3E%3Crect%20width%3D%271000%27%20height%3D%27667%27%20fill-opacity%3D%220%22%2F%3E%3C%2Fsvg%3E\" data-orig-src=\"https:\/\/paulinenaue.info\/wp-content\/uploads\/2024\/07\/2024-07-13-Dorffest-09-150x150.jpeg\" data-srcset=\"https:\/\/paulinenaue.info\/wp-content\/uploads\/2024\/07\/2024-07-13-Dorffest-09-66x66.jpeg 66w, https:\/\/paulinenaue.info\/wp-content\/uploads\/2024\/07\/2024-07-13-Dorffest-09-150x150.jpeg 150w\" data-sizes=\"auto\" data-attachment-id=\"416626\" data-permalink=\"https:\/\/paulinenaue.info\/index.php\/paulinenaues-sommerfest-und-geburtstagsfeier-ein-voller-erfolg\/2024-07-13-dorffest-09\/\" data-orig-file=\"https:\/\/paulinenaue.info\/wp-content\/uploads\/2024\/07\/2024-07-13-Dorffest-09.jpeg\" data-orig-size=\"1000,667\" data-comments-opened=\"1\" data-image-meta=\"{&quot;aperture&quot;:&quot;3.2&quot;,&quot;credit&quot;:&quot;&quot;,&quot;camera&quot;:&quot;DSC-RX10M3&quot;,&quot;caption&quot;:&quot;&quot;,&quot;created_timestamp&quot;:&quot;1720888693&quot;,&quot;copyright&quot;:&quot;&quot;,&quot;focal_length&quot;:&quot;16.31&quot;,&quot;iso&quot;:&quot;100&quot;,&quot;shutter_speed&quot;:&quot;0.005&quot;,&quot;title&quot;:&quot;&quot;,&quot;orientation&quot;:&quot;1&quot;}\" data-image-title=\"2024-07-13, Dorffest 09\" data-image-description=\"\" data-image-caption=\"\" data-large-file=\"https:\/\/paulinenaue.info\/wp-content\/uploads\/2024\/07\/2024-07-13-Dorffest-09.jpeg\" \/><\/a>\n\t\t\t<\/dt><\/dl><br style=\"clear: both\" \/><dl class='gallery-item'>\n\t\t\t<dt class='gallery-icon landscape'>\n\t\t\t\t<a data-rel=\"iLightbox[postimages]\" data-title=\"2024-07-13, Dorffest 08\" data-caption=\"\" href='https:\/\/paulinenaue.info\/index.php\/paulinenaues-sommerfest-und-geburtstagsfeier-ein-voller-erfolg\/2024-07-13-dorffest-08\/'><img decoding=\"async\" width=\"150\" height=\"150\" src=\"https:\/\/paulinenaue.info\/wp-content\/uploads\/2024\/07\/2024-07-13-Dorffest-08-150x150.jpeg\" class=\"attachment-thumbnail size-thumbnail lazyload\" alt=\"\" srcset=\"data:image\/svg+xml,%3Csvg%20xmlns%3D%27http%3A%2F%2Fwww.w3.org%2F2000%2Fsvg%27%20width%3D%271000%27%20height%3D%27667%27%20viewBox%3D%270%200%201000%20667%27%3E%3Crect%20width%3D%271000%27%20height%3D%27667%27%20fill-opacity%3D%220%22%2F%3E%3C%2Fsvg%3E\" data-orig-src=\"https:\/\/paulinenaue.info\/wp-content\/uploads\/2024\/07\/2024-07-13-Dorffest-08-150x150.jpeg\" data-srcset=\"https:\/\/paulinenaue.info\/wp-content\/uploads\/2024\/07\/2024-07-13-Dorffest-08-66x66.jpeg 66w, https:\/\/paulinenaue.info\/wp-content\/uploads\/2024\/07\/2024-07-13-Dorffest-08-150x150.jpeg 150w\" data-sizes=\"auto\" data-attachment-id=\"416625\" data-permalink=\"https:\/\/paulinenaue.info\/index.php\/paulinenaues-sommerfest-und-geburtstagsfeier-ein-voller-erfolg\/2024-07-13-dorffest-08\/\" data-orig-file=\"https:\/\/paulinenaue.info\/wp-content\/uploads\/2024\/07\/2024-07-13-Dorffest-08.jpeg\" data-orig-size=\"1000,667\" data-comments-opened=\"1\" data-image-meta=\"{&quot;aperture&quot;:&quot;4&quot;,&quot;credit&quot;:&quot;&quot;,&quot;camera&quot;:&quot;DSC-RX10M3&quot;,&quot;caption&quot;:&quot;&quot;,&quot;created_timestamp&quot;:&quot;1720888635&quot;,&quot;copyright&quot;:&quot;&quot;,&quot;focal_length&quot;:&quot;183.43&quot;,&quot;iso&quot;:&quot;250&quot;,&quot;shutter_speed&quot;:&quot;0.004&quot;,&quot;title&quot;:&quot;&quot;,&quot;orientation&quot;:&quot;1&quot;}\" data-image-title=\"2024-07-13, Dorffest 08\" data-image-description=\"\" data-image-caption=\"\" data-large-file=\"https:\/\/paulinenaue.info\/wp-content\/uploads\/2024\/07\/2024-07-13-Dorffest-08.jpeg\" \/><\/a>\n\t\t\t<\/dt><\/dl><dl class='gallery-item'>\n\t\t\t<dt class='gallery-icon landscape'>\n\t\t\t\t<a data-rel=\"iLightbox[postimages]\" data-title=\"2024-07-13, Dorffest 07\" data-caption=\"\" href='https:\/\/paulinenaue.info\/index.php\/paulinenaues-sommerfest-und-geburtstagsfeier-ein-voller-erfolg\/2024-07-13-dorffest-07\/'><img decoding=\"async\" width=\"150\" height=\"150\" src=\"https:\/\/paulinenaue.info\/wp-content\/uploads\/2024\/07\/2024-07-13-Dorffest-07-150x150.jpeg\" class=\"attachment-thumbnail size-thumbnail lazyload\" alt=\"\" srcset=\"data:image\/svg+xml,%3Csvg%20xmlns%3D%27http%3A%2F%2Fwww.w3.org%2F2000%2Fsvg%27%20width%3D%271000%27%20height%3D%27667%27%20viewBox%3D%270%200%201000%20667%27%3E%3Crect%20width%3D%271000%27%20height%3D%27667%27%20fill-opacity%3D%220%22%2F%3E%3C%2Fsvg%3E\" data-orig-src=\"https:\/\/paulinenaue.info\/wp-content\/uploads\/2024\/07\/2024-07-13-Dorffest-07-150x150.jpeg\" data-srcset=\"https:\/\/paulinenaue.info\/wp-content\/uploads\/2024\/07\/2024-07-13-Dorffest-07-66x66.jpeg 66w, https:\/\/paulinenaue.info\/wp-content\/uploads\/2024\/07\/2024-07-13-Dorffest-07-150x150.jpeg 150w\" data-sizes=\"auto\" data-attachment-id=\"416624\" data-permalink=\"https:\/\/paulinenaue.info\/index.php\/paulinenaues-sommerfest-und-geburtstagsfeier-ein-voller-erfolg\/2024-07-13-dorffest-07\/\" data-orig-file=\"https:\/\/paulinenaue.info\/wp-content\/uploads\/2024\/07\/2024-07-13-Dorffest-07.jpeg\" data-orig-size=\"1000,667\" data-comments-opened=\"1\" data-image-meta=\"{&quot;aperture&quot;:&quot;3.2&quot;,&quot;credit&quot;:&quot;&quot;,&quot;camera&quot;:&quot;DSC-RX10M3&quot;,&quot;caption&quot;:&quot;&quot;,&quot;created_timestamp&quot;:&quot;1720888371&quot;,&quot;copyright&quot;:&quot;&quot;,&quot;focal_length&quot;:&quot;17.55&quot;,&quot;iso&quot;:&quot;100&quot;,&quot;shutter_speed&quot;:&quot;0.00625&quot;,&quot;title&quot;:&quot;&quot;,&quot;orientation&quot;:&quot;1&quot;}\" data-image-title=\"2024-07-13, Dorffest 07\" data-image-description=\"\" data-image-caption=\"\" data-large-file=\"https:\/\/paulinenaue.info\/wp-content\/uploads\/2024\/07\/2024-07-13-Dorffest-07.jpeg\" \/><\/a>\n\t\t\t<\/dt><\/dl><dl class='gallery-item'>\n\t\t\t<dt class='gallery-icon landscape'>\n\t\t\t\t<a data-rel=\"iLightbox[postimages]\" data-title=\"2024-07-13, Dorffest 05\" data-caption=\"\" href='https:\/\/paulinenaue.info\/index.php\/paulinenaues-sommerfest-und-geburtstagsfeier-ein-voller-erfolg\/2024-07-13-dorffest-05\/'><img decoding=\"async\" width=\"150\" height=\"150\" src=\"https:\/\/paulinenaue.info\/wp-content\/uploads\/2024\/07\/2024-07-13-Dorffest-05-150x150.jpeg\" class=\"attachment-thumbnail size-thumbnail lazyload\" alt=\"\" srcset=\"data:image\/svg+xml,%3Csvg%20xmlns%3D%27http%3A%2F%2Fwww.w3.org%2F2000%2Fsvg%27%20width%3D%271000%27%20height%3D%27667%27%20viewBox%3D%270%200%201000%20667%27%3E%3Crect%20width%3D%271000%27%20height%3D%27667%27%20fill-opacity%3D%220%22%2F%3E%3C%2Fsvg%3E\" data-orig-src=\"https:\/\/paulinenaue.info\/wp-content\/uploads\/2024\/07\/2024-07-13-Dorffest-05-150x150.jpeg\" data-srcset=\"https:\/\/paulinenaue.info\/wp-content\/uploads\/2024\/07\/2024-07-13-Dorffest-05-66x66.jpeg 66w, https:\/\/paulinenaue.info\/wp-content\/uploads\/2024\/07\/2024-07-13-Dorffest-05-150x150.jpeg 150w\" data-sizes=\"auto\" data-attachment-id=\"416623\" data-permalink=\"https:\/\/paulinenaue.info\/index.php\/paulinenaues-sommerfest-und-geburtstagsfeier-ein-voller-erfolg\/2024-07-13-dorffest-05\/\" data-orig-file=\"https:\/\/paulinenaue.info\/wp-content\/uploads\/2024\/07\/2024-07-13-Dorffest-05.jpeg\" data-orig-size=\"1000,667\" data-comments-opened=\"1\" data-image-meta=\"{&quot;aperture&quot;:&quot;4&quot;,&quot;credit&quot;:&quot;&quot;,&quot;camera&quot;:&quot;DSC-RX10M3&quot;,&quot;caption&quot;:&quot;&quot;,&quot;created_timestamp&quot;:&quot;1720888281&quot;,&quot;copyright&quot;:&quot;&quot;,&quot;focal_length&quot;:&quot;12.33&quot;,&quot;iso&quot;:&quot;100&quot;,&quot;shutter_speed&quot;:&quot;0.004&quot;,&quot;title&quot;:&quot;&quot;,&quot;orientation&quot;:&quot;1&quot;}\" data-image-title=\"2024-07-13, Dorffest 05\" data-image-description=\"\" data-image-caption=\"\" data-large-file=\"https:\/\/paulinenaue.info\/wp-content\/uploads\/2024\/07\/2024-07-13-Dorffest-05.jpeg\" \/><\/a>\n\t\t\t<\/dt><\/dl><br style=\"clear: both\" \/><dl class='gallery-item'>\n\t\t\t<dt class='gallery-icon landscape'>\n\t\t\t\t<a data-rel=\"iLightbox[postimages]\" data-title=\"2024-07-13, Dorffest 04\" data-caption=\"Der Tombolastand der Pauerfrauen. Foto: J. Scholz 2024.\" href='https:\/\/paulinenaue.info\/index.php\/paulinenaues-sommerfest-und-geburtstagsfeier-ein-voller-erfolg\/2024-07-13-dorffest-04\/'><img decoding=\"async\" width=\"150\" height=\"150\" src=\"https:\/\/paulinenaue.info\/wp-content\/uploads\/2024\/07\/2024-07-13-Dorffest-04-e1723058132242-150x150.jpeg\" class=\"attachment-thumbnail size-thumbnail lazyload\" alt=\"\" aria-describedby=\"gallery-1-416622\" srcset=\"data:image\/svg+xml,%3Csvg%20xmlns%3D%27http%3A%2F%2Fwww.w3.org%2F2000%2Fsvg%27%20width%3D%271000%27%20height%3D%27558%27%20viewBox%3D%270%200%201000%20558%27%3E%3Crect%20width%3D%271000%27%20height%3D%27558%27%20fill-opacity%3D%220%22%2F%3E%3C%2Fsvg%3E\" data-orig-src=\"https:\/\/paulinenaue.info\/wp-content\/uploads\/2024\/07\/2024-07-13-Dorffest-04-e1723058132242-150x150.jpeg\" data-srcset=\"https:\/\/paulinenaue.info\/wp-content\/uploads\/2024\/07\/2024-07-13-Dorffest-04-e1723058132242-66x66.jpeg 66w, https:\/\/paulinenaue.info\/wp-content\/uploads\/2024\/07\/2024-07-13-Dorffest-04-e1723058132242-150x150.jpeg 150w\" data-sizes=\"auto\" data-attachment-id=\"416622\" data-permalink=\"https:\/\/paulinenaue.info\/index.php\/paulinenaues-sommerfest-und-geburtstagsfeier-ein-voller-erfolg\/2024-07-13-dorffest-04\/\" data-orig-file=\"https:\/\/paulinenaue.info\/wp-content\/uploads\/2024\/07\/2024-07-13-Dorffest-04-e1723058132242.jpeg\" data-orig-size=\"1000,558\" data-comments-opened=\"1\" data-image-meta=\"{&quot;aperture&quot;:&quot;3.5&quot;,&quot;credit&quot;:&quot;&quot;,&quot;camera&quot;:&quot;DSC-RX10M3&quot;,&quot;caption&quot;:&quot;&quot;,&quot;created_timestamp&quot;:&quot;1720888196&quot;,&quot;copyright&quot;:&quot;&quot;,&quot;focal_length&quot;:&quot;9.02&quot;,&quot;iso&quot;:&quot;100&quot;,&quot;shutter_speed&quot;:&quot;0.004&quot;,&quot;title&quot;:&quot;&quot;,&quot;orientation&quot;:&quot;1&quot;}\" data-image-title=\"2024-07-13, Dorffest 04\" data-image-description=\"\" data-image-caption=\"&lt;p&gt;Der Tombolastand der Pauerfrauen. Foto: J. Scholz 2024.&lt;\/p&gt;\n\" data-large-file=\"https:\/\/paulinenaue.info\/wp-content\/uploads\/2024\/07\/2024-07-13-Dorffest-04-e1723058132242.jpeg\" \/><\/a>\n\t\t\t<\/dt>\n\t\t\t\t<dd class='wp-caption-text gallery-caption' id='gallery-1-416622'>\n\t\t\t\tDer Tombolastand der Pauerfrauen. Foto: J. Scholz 2024.\n\t\t\t\t<\/dd><\/dl><dl class='gallery-item'>\n\t\t\t<dt class='gallery-icon landscape'>\n\t\t\t\t<a data-rel=\"iLightbox[postimages]\" data-title=\"2024-07-13, Dorffest 03\" data-caption=\"\" href='https:\/\/paulinenaue.info\/index.php\/paulinenaues-sommerfest-und-geburtstagsfeier-ein-voller-erfolg\/2024-07-13-dorffest-03\/'><img decoding=\"async\" width=\"150\" height=\"150\" src=\"https:\/\/paulinenaue.info\/wp-content\/uploads\/2024\/07\/2024-07-13-Dorffest-03-150x150.jpeg\" class=\"attachment-thumbnail size-thumbnail lazyload\" alt=\"\" srcset=\"data:image\/svg+xml,%3Csvg%20xmlns%3D%27http%3A%2F%2Fwww.w3.org%2F2000%2Fsvg%27%20width%3D%271000%27%20height%3D%27667%27%20viewBox%3D%270%200%201000%20667%27%3E%3Crect%20width%3D%271000%27%20height%3D%27667%27%20fill-opacity%3D%220%22%2F%3E%3C%2Fsvg%3E\" data-orig-src=\"https:\/\/paulinenaue.info\/wp-content\/uploads\/2024\/07\/2024-07-13-Dorffest-03-150x150.jpeg\" data-srcset=\"https:\/\/paulinenaue.info\/wp-content\/uploads\/2024\/07\/2024-07-13-Dorffest-03-66x66.jpeg 66w, https:\/\/paulinenaue.info\/wp-content\/uploads\/2024\/07\/2024-07-13-Dorffest-03-150x150.jpeg 150w\" data-sizes=\"auto\" data-attachment-id=\"416621\" data-permalink=\"https:\/\/paulinenaue.info\/index.php\/paulinenaues-sommerfest-und-geburtstagsfeier-ein-voller-erfolg\/2024-07-13-dorffest-03\/\" data-orig-file=\"https:\/\/paulinenaue.info\/wp-content\/uploads\/2024\/07\/2024-07-13-Dorffest-03.jpeg\" data-orig-size=\"1000,667\" data-comments-opened=\"1\" data-image-meta=\"{&quot;aperture&quot;:&quot;4&quot;,&quot;credit&quot;:&quot;&quot;,&quot;camera&quot;:&quot;DSC-RX10M3&quot;,&quot;caption&quot;:&quot;&quot;,&quot;created_timestamp&quot;:&quot;1720888180&quot;,&quot;copyright&quot;:&quot;&quot;,&quot;focal_length&quot;:&quot;60.29&quot;,&quot;iso&quot;:&quot;100&quot;,&quot;shutter_speed&quot;:&quot;0.005&quot;,&quot;title&quot;:&quot;&quot;,&quot;orientation&quot;:&quot;1&quot;}\" data-image-title=\"2024-07-13, Dorffest 03\" data-image-description=\"\" data-image-caption=\"\" data-large-file=\"https:\/\/paulinenaue.info\/wp-content\/uploads\/2024\/07\/2024-07-13-Dorffest-03.jpeg\" \/><\/a>\n\t\t\t<\/dt><\/dl><dl class='gallery-item'>\n\t\t\t<dt class='gallery-icon landscape'>\n\t\t\t\t<a data-rel=\"iLightbox[postimages]\" data-title=\"2024-07-13, Dorffest 02\" data-caption=\"\" href='https:\/\/paulinenaue.info\/index.php\/paulinenaues-sommerfest-und-geburtstagsfeier-ein-voller-erfolg\/2024-07-13-dorffest-02\/'><img decoding=\"async\" width=\"150\" height=\"150\" src=\"https:\/\/paulinenaue.info\/wp-content\/uploads\/2024\/07\/2024-07-13-Dorffest-02-150x150.jpeg\" class=\"attachment-thumbnail size-thumbnail lazyload\" alt=\"\" srcset=\"data:image\/svg+xml,%3Csvg%20xmlns%3D%27http%3A%2F%2Fwww.w3.org%2F2000%2Fsvg%27%20width%3D%271000%27%20height%3D%27667%27%20viewBox%3D%270%200%201000%20667%27%3E%3Crect%20width%3D%271000%27%20height%3D%27667%27%20fill-opacity%3D%220%22%2F%3E%3C%2Fsvg%3E\" data-orig-src=\"https:\/\/paulinenaue.info\/wp-content\/uploads\/2024\/07\/2024-07-13-Dorffest-02-150x150.jpeg\" data-srcset=\"https:\/\/paulinenaue.info\/wp-content\/uploads\/2024\/07\/2024-07-13-Dorffest-02-66x66.jpeg 66w, https:\/\/paulinenaue.info\/wp-content\/uploads\/2024\/07\/2024-07-13-Dorffest-02-150x150.jpeg 150w\" data-sizes=\"auto\" data-attachment-id=\"416620\" data-permalink=\"https:\/\/paulinenaue.info\/index.php\/paulinenaues-sommerfest-und-geburtstagsfeier-ein-voller-erfolg\/2024-07-13-dorffest-02\/\" data-orig-file=\"https:\/\/paulinenaue.info\/wp-content\/uploads\/2024\/07\/2024-07-13-Dorffest-02.jpeg\" data-orig-size=\"1000,667\" data-comments-opened=\"1\" data-image-meta=\"{&quot;aperture&quot;:&quot;3.2&quot;,&quot;credit&quot;:&quot;&quot;,&quot;camera&quot;:&quot;DSC-RX10M3&quot;,&quot;caption&quot;:&quot;&quot;,&quot;created_timestamp&quot;:&quot;1720887626&quot;,&quot;copyright&quot;:&quot;&quot;,&quot;focal_length&quot;:&quot;15.73&quot;,&quot;iso&quot;:&quot;100&quot;,&quot;shutter_speed&quot;:&quot;0.005&quot;,&quot;title&quot;:&quot;&quot;,&quot;orientation&quot;:&quot;1&quot;}\" data-image-title=\"2024-07-13, Dorffest 02\" data-image-description=\"\" data-image-caption=\"\" data-large-file=\"https:\/\/paulinenaue.info\/wp-content\/uploads\/2024\/07\/2024-07-13-Dorffest-02.jpeg\" \/><\/a>\n\t\t\t<\/dt><\/dl><br style=\"clear: both\" \/>\n\t\t<\/div>\n\n<p>&nbsp;<\/p>\n<p>&nbsp;<\/p>\n<p>&nbsp;<\/p>\n<p>&nbsp;<\/p>\n<\/div>\n","protected":false},"excerpt":{"rendered":"<p>Von Eckhard Vierjahn Petrus meinte es gut mit uns. Bei [&hellip;]<\/p>\n","protected":false},"author":1,"featured_media":416619,"comment_status":"open","ping_status":"open","sticky":false,"template":"","format":"standard","meta":{"_acf_changed":false,"_price":"","_stock":"","_tribe_ticket_header":"","_tribe_default_ticket_provider":"","_tribe_ticket_capacity":"0","_ticket_start_date":"","_ticket_end_date":"","_tribe_ticket_show_description":"","_tribe_ticket_show_not_going":false,"_tribe_ticket_use_global_stock":"","_tribe_ticket_global_stock_level":"","_global_stock_mode":"","_global_stock_cap":"","_tribe_rsvp_for_event":"","_tribe_ticket_going_count":"","_tribe_ticket_not_going_count":"","_tribe_tickets_list":"[]","_tribe_ticket_has_attendee_info_fields":false,"jetpack_post_was_ever_published":false,"_jetpack_newsletter_access":"","_jetpack_dont_email_post_to_subs":false,"_jetpack_newsletter_tier_id":0,"_jetpack_memberships_contains_paywalled_content":false,"_jetpack_memberships_contains_paid_content":false,"footnotes":"","jetpack_publicize_message":"","jetpack_publicize_feature_enabled":true,"jetpack_social_post_already_shared":true,"jetpack_social_options":{"image_generator_settings":{"template":"highway","default_image_id":0,"font":"","enabled":false},"version":2}},"categories":[1,6,7,9,526,514,30,502,93,10],"tags":[261,559],"class_list":["post-416616","post","type-post","status-publish","format-standard","has-post-thumbnail","hentry","category-allgemein","category-hier-zuhause","category-historie","category-neuigkeiten","category-ortsgeschichte","category-pauerfrauen","category-ptsv","category-sport","category-veranstaltungen","category-vereine","tag-dorffest","tag-gemeindejubilaeum"],"acf":[],"yoast_head":"<!-- This site is optimized with the Yoast SEO plugin v27.5 - https:\/\/yoast.com\/product\/yoast-seo-wordpress\/ -->\n<title>Paulinenaues Sommerfest und\u00a0Geburtstagsfeier \u2013\u00a0ein voller Erfolg - Paulinenaue<\/title>\n<meta name=\"description\" content=\"Das Sommerfest im Jahr des 100-j\u00e4hrigen Bestehens von Paulinenaue als selbstst\u00e4ndige Gemeinde war ein voller Erfolg.\" \/>\n<meta name=\"robots\" content=\"index, follow, max-snippet:-1, max-image-preview:large, max-video-preview:-1\" \/>\n<link rel=\"canonical\" href=\"https:\/\/paulinenaue.info\/index.php\/paulinenaues-sommerfest-und-geburtstagsfeier-ein-voller-erfolg\/\" \/>\n<meta property=\"og:locale\" content=\"de_DE\" \/>\n<meta property=\"og:type\" content=\"article\" \/>\n<meta property=\"og:title\" content=\"Paulinenaues Sommerfest und\u00a0Geburtstagsfeier \u2013\u00a0ein voller Erfolg - Paulinenaue\" \/>\n<meta property=\"og:description\" content=\"Das Sommerfest im Jahr des 100-j\u00e4hrigen Bestehens von Paulinenaue als selbstst\u00e4ndige Gemeinde war ein voller Erfolg.\" \/>\n<meta property=\"og:url\" content=\"https:\/\/paulinenaue.info\/index.php\/paulinenaues-sommerfest-und-geburtstagsfeier-ein-voller-erfolg\/\" \/>\n<meta property=\"og:site_name\" content=\"Paulinenaue\" \/>\n<meta property=\"article:published_time\" content=\"2024-07-14T20:43:09+00:00\" \/>\n<meta property=\"og:image\" content=\"https:\/\/paulinenaue.info\/wp-content\/uploads\/2024\/07\/2024-07-13-Dorffest-01.jpeg\" \/>\n\t<meta property=\"og:image:width\" content=\"1000\" \/>\n\t<meta property=\"og:image:height\" content=\"667\" \/>\n\t<meta property=\"og:image:type\" content=\"image\/jpeg\" \/>\n<meta name=\"author\" content=\"Joachim Scholz\" \/>\n<meta name=\"twitter:card\" content=\"summary_large_image\" \/>\n<meta name=\"twitter:label1\" content=\"Verfasst von\" \/>\n\t<meta name=\"twitter:data1\" content=\"Joachim Scholz\" \/>\n\t<meta name=\"twitter:label2\" content=\"Gesch\u00e4tzte Lesezeit\" \/>\n\t<meta name=\"twitter:data2\" content=\"3\u00a0Minuten\" \/>\n<script type=\"application\/ld+json\" class=\"yoast-schema-graph\">{\"@context\":\"https:\\\/\\\/schema.org\",\"@graph\":[{\"@type\":\"Article\",\"@id\":\"https:\\\/\\\/paulinenaue.info\\\/index.php\\\/paulinenaues-sommerfest-und-geburtstagsfeier-ein-voller-erfolg\\\/#article\",\"isPartOf\":{\"@id\":\"https:\\\/\\\/paulinenaue.info\\\/index.php\\\/paulinenaues-sommerfest-und-geburtstagsfeier-ein-voller-erfolg\\\/\"},\"author\":{\"name\":\"Joachim Scholz\",\"@id\":\"https:\\\/\\\/paulinenaue.info\\\/#\\\/schema\\\/person\\\/3f9e818fd7b69b0d2bd937ac506897cc\"},\"headline\":\"Paulinenaues Sommerfest und\u00a0Geburtstagsfeier \u2013\u00a0ein voller Erfolg\",\"datePublished\":\"2024-07-14T20:43:09+00:00\",\"mainEntityOfPage\":{\"@id\":\"https:\\\/\\\/paulinenaue.info\\\/index.php\\\/paulinenaues-sommerfest-und-geburtstagsfeier-ein-voller-erfolg\\\/\"},\"wordCount\":376,\"commentCount\":0,\"image\":{\"@id\":\"https:\\\/\\\/paulinenaue.info\\\/index.php\\\/paulinenaues-sommerfest-und-geburtstagsfeier-ein-voller-erfolg\\\/#primaryimage\"},\"thumbnailUrl\":\"https:\\\/\\\/paulinenaue.info\\\/wp-content\\\/uploads\\\/2024\\\/07\\\/2024-07-13-Dorffest-01.jpeg\",\"keywords\":[\"Dorffest\",\"Gemeindejubil\u00e4um\"],\"articleSection\":{\"1\":\"Hier Zuhause\",\"2\":\"Historie\",\"3\":\"Neuigkeiten\",\"4\":\"Ortsgeschichte\",\"5\":\"Pauerfrauen\",\"6\":\"PTSV\",\"7\":\"Sport\",\"8\":\"Veranstaltungen\",\"9\":\"Vereine\"},\"inLanguage\":\"de\",\"potentialAction\":[{\"@type\":\"CommentAction\",\"name\":\"Comment\",\"target\":[\"https:\\\/\\\/paulinenaue.info\\\/index.php\\\/paulinenaues-sommerfest-und-geburtstagsfeier-ein-voller-erfolg\\\/#respond\"]}]},{\"@type\":\"WebPage\",\"@id\":\"https:\\\/\\\/paulinenaue.info\\\/index.php\\\/paulinenaues-sommerfest-und-geburtstagsfeier-ein-voller-erfolg\\\/\",\"url\":\"https:\\\/\\\/paulinenaue.info\\\/index.php\\\/paulinenaues-sommerfest-und-geburtstagsfeier-ein-voller-erfolg\\\/\",\"name\":\"Paulinenaues Sommerfest und\u00a0Geburtstagsfeier \u2013\u00a0ein voller Erfolg - Paulinenaue\",\"isPartOf\":{\"@id\":\"https:\\\/\\\/paulinenaue.info\\\/#website\"},\"primaryImageOfPage\":{\"@id\":\"https:\\\/\\\/paulinenaue.info\\\/index.php\\\/paulinenaues-sommerfest-und-geburtstagsfeier-ein-voller-erfolg\\\/#primaryimage\"},\"image\":{\"@id\":\"https:\\\/\\\/paulinenaue.info\\\/index.php\\\/paulinenaues-sommerfest-und-geburtstagsfeier-ein-voller-erfolg\\\/#primaryimage\"},\"thumbnailUrl\":\"https:\\\/\\\/paulinenaue.info\\\/wp-content\\\/uploads\\\/2024\\\/07\\\/2024-07-13-Dorffest-01.jpeg\",\"datePublished\":\"2024-07-14T20:43:09+00:00\",\"author\":{\"@id\":\"https:\\\/\\\/paulinenaue.info\\\/#\\\/schema\\\/person\\\/3f9e818fd7b69b0d2bd937ac506897cc\"},\"description\":\"Das Sommerfest im Jahr des 100-j\u00e4hrigen Bestehens von Paulinenaue als selbstst\u00e4ndige Gemeinde war ein voller Erfolg.\",\"breadcrumb\":{\"@id\":\"https:\\\/\\\/paulinenaue.info\\\/index.php\\\/paulinenaues-sommerfest-und-geburtstagsfeier-ein-voller-erfolg\\\/#breadcrumb\"},\"inLanguage\":\"de\",\"potentialAction\":[{\"@type\":\"ReadAction\",\"target\":[\"https:\\\/\\\/paulinenaue.info\\\/index.php\\\/paulinenaues-sommerfest-und-geburtstagsfeier-ein-voller-erfolg\\\/\"]}]},{\"@type\":\"ImageObject\",\"inLanguage\":\"de\",\"@id\":\"https:\\\/\\\/paulinenaue.info\\\/index.php\\\/paulinenaues-sommerfest-und-geburtstagsfeier-ein-voller-erfolg\\\/#primaryimage\",\"url\":\"https:\\\/\\\/paulinenaue.info\\\/wp-content\\\/uploads\\\/2024\\\/07\\\/2024-07-13-Dorffest-01.jpeg\",\"contentUrl\":\"https:\\\/\\\/paulinenaue.info\\\/wp-content\\\/uploads\\\/2024\\\/07\\\/2024-07-13-Dorffest-01.jpeg\",\"width\":1000,\"height\":667},{\"@type\":\"BreadcrumbList\",\"@id\":\"https:\\\/\\\/paulinenaue.info\\\/index.php\\\/paulinenaues-sommerfest-und-geburtstagsfeier-ein-voller-erfolg\\\/#breadcrumb\",\"itemListElement\":[{\"@type\":\"ListItem\",\"position\":1,\"name\":\"Home\",\"item\":\"https:\\\/\\\/paulinenaue.info\\\/\"},{\"@type\":\"ListItem\",\"position\":2,\"name\":\"Paulinenaues Sommerfest und\u00a0Geburtstagsfeier \u2013\u00a0ein voller Erfolg\"}]},{\"@type\":\"WebSite\",\"@id\":\"https:\\\/\\\/paulinenaue.info\\\/#website\",\"url\":\"https:\\\/\\\/paulinenaue.info\\\/\",\"name\":\"Paulinenaue\",\"description\":\"Ein Dorf im Havelland\",\"potentialAction\":[{\"@type\":\"SearchAction\",\"target\":{\"@type\":\"EntryPoint\",\"urlTemplate\":\"https:\\\/\\\/paulinenaue.info\\\/?s={search_term_string}\"},\"query-input\":{\"@type\":\"PropertyValueSpecification\",\"valueRequired\":true,\"valueName\":\"search_term_string\"}}],\"inLanguage\":\"de\"},{\"@type\":\"Person\",\"@id\":\"https:\\\/\\\/paulinenaue.info\\\/#\\\/schema\\\/person\\\/3f9e818fd7b69b0d2bd937ac506897cc\",\"name\":\"Joachim Scholz\",\"url\":\"https:\\\/\\\/paulinenaue.info\\\/index.php\\\/author\\\/jjscholz\\\/\"}]}<\/script>\n<!-- \/ Yoast SEO plugin. -->","yoast_head_json":{"title":"Paulinenaues Sommerfest und\u00a0Geburtstagsfeier \u2013\u00a0ein voller Erfolg - Paulinenaue","description":"Das Sommerfest im Jahr des 100-j\u00e4hrigen Bestehens von Paulinenaue als selbstst\u00e4ndige Gemeinde war ein voller Erfolg.","robots":{"index":"index","follow":"follow","max-snippet":"max-snippet:-1","max-image-preview":"max-image-preview:large","max-video-preview":"max-video-preview:-1"},"canonical":"https:\/\/paulinenaue.info\/index.php\/paulinenaues-sommerfest-und-geburtstagsfeier-ein-voller-erfolg\/","og_locale":"de_DE","og_type":"article","og_title":"Paulinenaues Sommerfest und\u00a0Geburtstagsfeier \u2013\u00a0ein voller Erfolg - Paulinenaue","og_description":"Das Sommerfest im Jahr des 100-j\u00e4hrigen Bestehens von Paulinenaue als selbstst\u00e4ndige Gemeinde war ein voller Erfolg.","og_url":"https:\/\/paulinenaue.info\/index.php\/paulinenaues-sommerfest-und-geburtstagsfeier-ein-voller-erfolg\/","og_site_name":"Paulinenaue","article_published_time":"2024-07-14T20:43:09+00:00","og_image":[{"width":1000,"height":667,"url":"https:\/\/paulinenaue.info\/wp-content\/uploads\/2024\/07\/2024-07-13-Dorffest-01.jpeg","type":"image\/jpeg"}],"author":"Joachim Scholz","twitter_card":"summary_large_image","twitter_misc":{"Verfasst von":"Joachim Scholz","Gesch\u00e4tzte Lesezeit":"3\u00a0Minuten"},"schema":{"@context":"https:\/\/schema.org","@graph":[{"@type":"Article","@id":"https:\/\/paulinenaue.info\/index.php\/paulinenaues-sommerfest-und-geburtstagsfeier-ein-voller-erfolg\/#article","isPartOf":{"@id":"https:\/\/paulinenaue.info\/index.php\/paulinenaues-sommerfest-und-geburtstagsfeier-ein-voller-erfolg\/"},"author":{"name":"Joachim Scholz","@id":"https:\/\/paulinenaue.info\/#\/schema\/person\/3f9e818fd7b69b0d2bd937ac506897cc"},"headline":"Paulinenaues Sommerfest und\u00a0Geburtstagsfeier \u2013\u00a0ein voller Erfolg","datePublished":"2024-07-14T20:43:09+00:00","mainEntityOfPage":{"@id":"https:\/\/paulinenaue.info\/index.php\/paulinenaues-sommerfest-und-geburtstagsfeier-ein-voller-erfolg\/"},"wordCount":376,"commentCount":0,"image":{"@id":"https:\/\/paulinenaue.info\/index.php\/paulinenaues-sommerfest-und-geburtstagsfeier-ein-voller-erfolg\/#primaryimage"},"thumbnailUrl":"https:\/\/paulinenaue.info\/wp-content\/uploads\/2024\/07\/2024-07-13-Dorffest-01.jpeg","keywords":["Dorffest","Gemeindejubil\u00e4um"],"articleSection":{"1":"Hier Zuhause","2":"Historie","3":"Neuigkeiten","4":"Ortsgeschichte","5":"Pauerfrauen","6":"PTSV","7":"Sport","8":"Veranstaltungen","9":"Vereine"},"inLanguage":"de","potentialAction":[{"@type":"CommentAction","name":"Comment","target":["https:\/\/paulinenaue.info\/index.php\/paulinenaues-sommerfest-und-geburtstagsfeier-ein-voller-erfolg\/#respond"]}]},{"@type":"WebPage","@id":"https:\/\/paulinenaue.info\/index.php\/paulinenaues-sommerfest-und-geburtstagsfeier-ein-voller-erfolg\/","url":"https:\/\/paulinenaue.info\/index.php\/paulinenaues-sommerfest-und-geburtstagsfeier-ein-voller-erfolg\/","name":"Paulinenaues Sommerfest und\u00a0Geburtstagsfeier \u2013\u00a0ein voller Erfolg - Paulinenaue","isPartOf":{"@id":"https:\/\/paulinenaue.info\/#website"},"primaryImageOfPage":{"@id":"https:\/\/paulinenaue.info\/index.php\/paulinenaues-sommerfest-und-geburtstagsfeier-ein-voller-erfolg\/#primaryimage"},"image":{"@id":"https:\/\/paulinenaue.info\/index.php\/paulinenaues-sommerfest-und-geburtstagsfeier-ein-voller-erfolg\/#primaryimage"},"thumbnailUrl":"https:\/\/paulinenaue.info\/wp-content\/uploads\/2024\/07\/2024-07-13-Dorffest-01.jpeg","datePublished":"2024-07-14T20:43:09+00:00","author":{"@id":"https:\/\/paulinenaue.info\/#\/schema\/person\/3f9e818fd7b69b0d2bd937ac506897cc"},"description":"Das Sommerfest im Jahr des 100-j\u00e4hrigen Bestehens von Paulinenaue als selbstst\u00e4ndige Gemeinde war ein voller Erfolg.","breadcrumb":{"@id":"https:\/\/paulinenaue.info\/index.php\/paulinenaues-sommerfest-und-geburtstagsfeier-ein-voller-erfolg\/#breadcrumb"},"inLanguage":"de","potentialAction":[{"@type":"ReadAction","target":["https:\/\/paulinenaue.info\/index.php\/paulinenaues-sommerfest-und-geburtstagsfeier-ein-voller-erfolg\/"]}]},{"@type":"ImageObject","inLanguage":"de","@id":"https:\/\/paulinenaue.info\/index.php\/paulinenaues-sommerfest-und-geburtstagsfeier-ein-voller-erfolg\/#primaryimage","url":"https:\/\/paulinenaue.info\/wp-content\/uploads\/2024\/07\/2024-07-13-Dorffest-01.jpeg","contentUrl":"https:\/\/paulinenaue.info\/wp-content\/uploads\/2024\/07\/2024-07-13-Dorffest-01.jpeg","width":1000,"height":667},{"@type":"BreadcrumbList","@id":"https:\/\/paulinenaue.info\/index.php\/paulinenaues-sommerfest-und-geburtstagsfeier-ein-voller-erfolg\/#breadcrumb","itemListElement":[{"@type":"ListItem","position":1,"name":"Home","item":"https:\/\/paulinenaue.info\/"},{"@type":"ListItem","position":2,"name":"Paulinenaues Sommerfest und\u00a0Geburtstagsfeier \u2013\u00a0ein voller Erfolg"}]},{"@type":"WebSite","@id":"https:\/\/paulinenaue.info\/#website","url":"https:\/\/paulinenaue.info\/","name":"Paulinenaue","description":"Ein Dorf im Havelland","potentialAction":[{"@type":"SearchAction","target":{"@type":"EntryPoint","urlTemplate":"https:\/\/paulinenaue.info\/?s={search_term_string}"},"query-input":{"@type":"PropertyValueSpecification","valueRequired":true,"valueName":"search_term_string"}}],"inLanguage":"de"},{"@type":"Person","@id":"https:\/\/paulinenaue.info\/#\/schema\/person\/3f9e818fd7b69b0d2bd937ac506897cc","name":"Joachim Scholz","url":"https:\/\/paulinenaue.info\/index.php\/author\/jjscholz\/"}]}},"jetpack_publicize_connections":[],"jetpack_featured_media_url":"https:\/\/paulinenaue.info\/wp-content\/uploads\/2024\/07\/2024-07-13-Dorffest-01.jpeg","jetpack_sharing_enabled":true,"jetpack_shortlink":"https:\/\/wp.me\/pcYhWA-1KnC","jetpack-related-posts":[{"id":143058,"url":"https:\/\/paulinenaue.info\/index.php\/erfolgreicher-dorfputz\/","url_meta":{"origin":416616,"position":0},"title":"Erfolgreicher Dorfputz","author":"Sarah","date":"26. April 2022","format":false,"excerpt":"","rel":"","context":"In &quot;Gemeinde Paulinenaue&quot;","block_context":{"text":"Gemeinde Paulinenaue","link":"https:\/\/paulinenaue.info\/index.php\/category\/gemeinde-paulinenaue\/"},"img":{"alt_text":"","src":"https:\/\/i0.wp.com\/paulinenaue.info\/wp-content\/uploads\/2022\/04\/IMG-20220409-WA0000.jpg?resize=350%2C200&ssl=1","width":350,"height":200,"srcset":"https:\/\/i0.wp.com\/paulinenaue.info\/wp-content\/uploads\/2022\/04\/IMG-20220409-WA0000.jpg?resize=350%2C200&ssl=1 1x, https:\/\/i0.wp.com\/paulinenaue.info\/wp-content\/uploads\/2022\/04\/IMG-20220409-WA0000.jpg?resize=525%2C300&ssl=1 1.5x, https:\/\/i0.wp.com\/paulinenaue.info\/wp-content\/uploads\/2022\/04\/IMG-20220409-WA0000.jpg?resize=700%2C400&ssl=1 2x"},"classes":[]},{"id":2192,"url":"https:\/\/paulinenaue.info\/index.php\/sommerfest-auf-dem-kleinen-sportplatz\/","url_meta":{"origin":416616,"position":1},"title":"Sommerfest auf dem Kleinen Sportplatz","author":"Joachim Scholz","date":"1. Juli 2018","format":false,"excerpt":"Mit vollem Programm feierte Paulinenaue am 30. Juni 2018 den Sommer. Auf dem Kleinen Sportplatz war seit 14.00 Uhr ordentlich etwas los. Die Freiwillige Feuerwehr bespielte den Festplatz mit Torwandspritzen, einer H\u00fcpfburg und Fahrten mit dem Feuerwehrauto f\u00fcr die Kleinen sowie einer Bar, Grill und Burgerstand f\u00fcr die Gro\u00dfen. Musik\u2026","rel":"","context":"In &quot;Allgemein&quot;","block_context":{"text":"Allgemein","link":"https:\/\/paulinenaue.info\/index.php\/category\/allgemein\/"},"img":{"alt_text":"Sommerfest 2018","src":"https:\/\/i0.wp.com\/paulinenaue.info\/wp-content\/uploads\/2018\/07\/DSC01080.jpg?resize=350%2C200&ssl=1","width":350,"height":200,"srcset":"https:\/\/i0.wp.com\/paulinenaue.info\/wp-content\/uploads\/2018\/07\/DSC01080.jpg?resize=350%2C200&ssl=1 1x, https:\/\/i0.wp.com\/paulinenaue.info\/wp-content\/uploads\/2018\/07\/DSC01080.jpg?resize=525%2C300&ssl=1 1.5x, https:\/\/i0.wp.com\/paulinenaue.info\/wp-content\/uploads\/2018\/07\/DSC01080.jpg?resize=700%2C400&ssl=1 2x, https:\/\/i0.wp.com\/paulinenaue.info\/wp-content\/uploads\/2018\/07\/DSC01080.jpg?resize=1050%2C600&ssl=1 3x"},"classes":[]},{"id":109773,"url":"https:\/\/paulinenaue.info\/index.php\/vor-ostern-2022\/","url_meta":{"origin":416616,"position":2},"title":"Vor Ostern 2022","author":"Sarah","date":"8. April 2022","format":false,"excerpt":"","rel":"","context":"In &quot;Allgemein&quot;","block_context":{"text":"Allgemein","link":"https:\/\/paulinenaue.info\/index.php\/category\/allgemein\/"},"img":{"alt_text":"","src":"https:\/\/i0.wp.com\/paulinenaue.info\/wp-content\/uploads\/2022\/04\/ostern1.jpg?resize=350%2C200&ssl=1","width":350,"height":200,"srcset":"https:\/\/i0.wp.com\/paulinenaue.info\/wp-content\/uploads\/2022\/04\/ostern1.jpg?resize=350%2C200&ssl=1 1x, https:\/\/i0.wp.com\/paulinenaue.info\/wp-content\/uploads\/2022\/04\/ostern1.jpg?resize=525%2C300&ssl=1 1.5x, https:\/\/i0.wp.com\/paulinenaue.info\/wp-content\/uploads\/2022\/04\/ostern1.jpg?resize=700%2C400&ssl=1 2x, https:\/\/i0.wp.com\/paulinenaue.info\/wp-content\/uploads\/2022\/04\/ostern1.jpg?resize=1050%2C600&ssl=1 3x, https:\/\/i0.wp.com\/paulinenaue.info\/wp-content\/uploads\/2022\/04\/ostern1.jpg?resize=1400%2C800&ssl=1 4x"},"classes":[]},{"id":4783,"url":"https:\/\/paulinenaue.info\/index.php\/zum-90-geburtstag-feuerwehrfest-auf-dem-grossen-sportplatz\/","url_meta":{"origin":416616,"position":3},"title":"Zum 90. Geburtstag \u2013\u00a0Feuerwehrfest auf dem Gro\u00dfen Sportplatz","author":"Joachim Scholz","date":"18. Mai 2019","format":false,"excerpt":"Auf dem Gro\u00dfen Sportplatz feierte am Samstag die Paulinenauer Freiwillige Feuerwehr mit den Einwohnerinnen und Einwohnern von Paulinenaue und den Vertretern der anderen Wehren des Amtes Friesack ihren 90. Geburtstag. Mit einem festlichen Umzug durchs Dorf hatte alles schon am Vormittag begonnen. Horst Heinze, mit dem ich sprach, schw\u00e4rmte. Der\u2026","rel":"","context":"In &quot;Feuerwehr&quot;","block_context":{"text":"Feuerwehr","link":"https:\/\/paulinenaue.info\/index.php\/category\/feuerwehr\/"},"img":{"alt_text":"","src":"https:\/\/i0.wp.com\/paulinenaue.info\/wp-content\/uploads\/2019\/05\/DSC01257.jpg?resize=350%2C200&ssl=1","width":350,"height":200,"srcset":"https:\/\/i0.wp.com\/paulinenaue.info\/wp-content\/uploads\/2019\/05\/DSC01257.jpg?resize=350%2C200&ssl=1 1x, https:\/\/i0.wp.com\/paulinenaue.info\/wp-content\/uploads\/2019\/05\/DSC01257.jpg?resize=525%2C300&ssl=1 1.5x, https:\/\/i0.wp.com\/paulinenaue.info\/wp-content\/uploads\/2019\/05\/DSC01257.jpg?resize=700%2C400&ssl=1 2x"},"classes":[]},{"id":416703,"url":"https:\/\/paulinenaue.info\/index.php\/sommerfest-bilanz-der-pauerfrauen\/","url_meta":{"origin":416616,"position":4},"title":"Sommerfest-Bilanz der ,Pauerfrauen\u2018","author":"Joachim Scholz","date":"7. August 2024","format":false,"excerpt":"Beim diesj\u00e4hrigen Paulinenauer Sommerfest am 13.07.2024, bei dem gleichzeitig auch das 100-j\u00e4hrige Bestehen der Gemeinde gefeiert wurde, beteiligten wir uns das 1. Mal mit einem Einsatz. Und all unsere \u00dcberlegungen, Planungen, gemeinsamen Sitzungen und die ein oder anderen strapazierten Nerven seit dem Fr\u00fchjahr haben sich gelohnt. Bei bestem Wetter und\u2026","rel":"","context":"In &quot;Pauerfrauen&quot;","block_context":{"text":"Pauerfrauen","link":"https:\/\/paulinenaue.info\/index.php\/category\/pauerfrauen\/"},"img":{"alt_text":"","src":"https:\/\/i0.wp.com\/paulinenaue.info\/wp-content\/uploads\/2024\/08\/2023-07-13-Sommerfest-Powerfrauen-01.jpg?resize=350%2C200&ssl=1","width":350,"height":200,"srcset":"https:\/\/i0.wp.com\/paulinenaue.info\/wp-content\/uploads\/2024\/08\/2023-07-13-Sommerfest-Powerfrauen-01.jpg?resize=350%2C200&ssl=1 1x, https:\/\/i0.wp.com\/paulinenaue.info\/wp-content\/uploads\/2024\/08\/2023-07-13-Sommerfest-Powerfrauen-01.jpg?resize=525%2C300&ssl=1 1.5x, https:\/\/i0.wp.com\/paulinenaue.info\/wp-content\/uploads\/2024\/08\/2023-07-13-Sommerfest-Powerfrauen-01.jpg?resize=700%2C400&ssl=1 2x"},"classes":[]},{"id":415207,"url":"https:\/\/paulinenaue.info\/index.php\/paulinenauer-ptsv-1923-plant-ein-sportfest-fuer-alle\/","url_meta":{"origin":416616,"position":5},"title":"Paulinenauer PTSV 1923 plant ein Sportfest f\u00fcr alle","author":"Joachim Scholz","date":"29. April 2023","format":false,"excerpt":"29.04.2023. Der Paulinenauer Turn- und Sportverein 1923 e.V. verbreitet im 100. Vereinsjahr den folgenden Aufruf zu einem Sportfest, wie es fr\u00fcher war: A\u0308ltere Paulinenauer ko\u0308nnen sich vielleicht noch erinnern. Sportfeste haben in Paulinenaue eine lange Tradition und geho\u0308rten zum Dorfleben. Gerne wu\u0308rde wir diese wieder zum Leben erwecken! Dafu\u0308r beno\u0308tigen\u2026","rel":"","context":"In &quot;Hier Zuhause&quot;","block_context":{"text":"Hier Zuhause","link":"https:\/\/paulinenaue.info\/index.php\/category\/hier-zuhause\/"},"img":{"alt_text":"","src":"https:\/\/i0.wp.com\/paulinenaue.info\/wp-content\/uploads\/2023\/04\/Paulinenaue-Sportplatz-o.J.-ca.-1960.jpeg?resize=350%2C200&ssl=1","width":350,"height":200,"srcset":"https:\/\/i0.wp.com\/paulinenaue.info\/wp-content\/uploads\/2023\/04\/Paulinenaue-Sportplatz-o.J.-ca.-1960.jpeg?resize=350%2C200&ssl=1 1x, https:\/\/i0.wp.com\/paulinenaue.info\/wp-content\/uploads\/2023\/04\/Paulinenaue-Sportplatz-o.J.-ca.-1960.jpeg?resize=525%2C300&ssl=1 1.5x, https:\/\/i0.wp.com\/paulinenaue.info\/wp-content\/uploads\/2023\/04\/Paulinenaue-Sportplatz-o.J.-ca.-1960.jpeg?resize=700%2C400&ssl=1 2x"},"classes":[]}],"_links":{"self":[{"href":"https:\/\/paulinenaue.info\/index.php\/wp-json\/wp\/v2\/posts\/416616","targetHints":{"allow":["GET"]}}],"collection":[{"href":"https:\/\/paulinenaue.info\/index.php\/wp-json\/wp\/v2\/posts"}],"about":[{"href":"https:\/\/paulinenaue.info\/index.php\/wp-json\/wp\/v2\/types\/post"}],"author":[{"embeddable":true,"href":"https:\/\/paulinenaue.info\/index.php\/wp-json\/wp\/v2\/users\/1"}],"replies":[{"embeddable":true,"href":"https:\/\/paulinenaue.info\/index.php\/wp-json\/wp\/v2\/comments?post=416616"}],"version-history":[{"count":8,"href":"https:\/\/paulinenaue.info\/index.php\/wp-json\/wp\/v2\/posts\/416616\/revisions"}],"predecessor-version":[{"id":416656,"href":"https:\/\/paulinenaue.info\/index.php\/wp-json\/wp\/v2\/posts\/416616\/revisions\/416656"}],"wp:featuredmedia":[{"embeddable":true,"href":"https:\/\/paulinenaue.info\/index.php\/wp-json\/wp\/v2\/media\/416619"}],"wp:attachment":[{"href":"https:\/\/paulinenaue.info\/index.php\/wp-json\/wp\/v2\/media?parent=416616"}],"wp:term":[{"taxonomy":"category","embeddable":true,"href":"https:\/\/paulinenaue.info\/index.php\/wp-json\/wp\/v2\/categories?post=416616"},{"taxonomy":"post_tag","embeddable":true,"href":"https:\/\/paulinenaue.info\/index.php\/wp-json\/wp\/v2\/tags?post=416616"}],"curies":[{"name":"wp","href":"https:\/\/api.w.org\/{rel}","templated":true}]}}