{"id":416703,"date":"2024-08-07T21:17:09","date_gmt":"2024-08-07T19:17:09","guid":{"rendered":"https:\/\/paulinenaue.info\/?p=416703"},"modified":"2024-08-07T23:23:29","modified_gmt":"2024-08-07T21:23:29","slug":"sommerfest-bilanz-der-pauerfrauen","status":"publish","type":"post","link":"https:\/\/paulinenaue.info\/index.php\/sommerfest-bilanz-der-pauerfrauen\/","title":{"rendered":"Sommerfest-Bilanz der ,Pauerfrauen\u2018"},"content":{"rendered":"<p>Beim diesj\u00e4hrigen Paulinenauer Sommerfest am 13.07.2024, bei dem gleichzeitig auch das 100-j\u00e4hrige Bestehen der Gemeinde gefeiert wurde, beteiligten wir uns das 1. Mal mit einem Einsatz. Und all unsere \u00dcberlegungen, Planungen, gemeinsamen Sitzungen und die ein oder anderen strapazierten Nerven seit dem Fr\u00fchjahr haben sich gelohnt.<\/p>\n<p>Bei bestem Wetter und erfrischend guter Laune starteten wir ab 14 Uhr mit dem Verkauf von sommerlicher Bowle und Losen f\u00fcr die Tombola. Unsere Los-Feen Katinka und Stephie konnten in nur wenigen Stunden alle Lose restlos verkaufen. Wir sind immer noch begeistert von der hohen Nachfrage. Die Auslosung f\u00fcr die Kinder und kurze Zeit sp\u00e4ter auch f\u00fcr die Erwachsenen, wurde mit Spannung verfolgt. Den Sponsoren f\u00fcr die Preise der Tombola k\u00f6nnen wir nur von Herzen danken.<\/p>\n<p>Der Verkauf unserer Bowle, die es sowohl mit als auch ohne Alkohol gab, ging weit in den Abend hinein und war ein voller Erfolg. Am Ende des Tages fielen alle beteiligten Pauerfrauen m\u00fcde ins Bett, bis sie am n\u00e4chsten Morgen nochmals ihre Kr\u00e4fte b\u00fcndelten und beim Abbau unterst\u00fctzten. Wir freuen uns \u00fcber das positive Feedback der Besucher*innen und sind auch im n\u00e4chsten Jahr mit voller Power dabei.<\/p>\n<div id=\"attachment_416711\" style=\"width: 810px\" class=\"wp-caption alignnone\"><a href=\"https:\/\/paulinenaue.info\/wp-content\/uploads\/2024\/08\/2023-07-13-Sommerfest-Powerfrauen-01.jpg\"><img decoding=\"async\" aria-describedby=\"caption-attachment-416711\" data-attachment-id=\"416711\" data-permalink=\"https:\/\/paulinenaue.info\/index.php\/sommerfest-bilanz-der-pauerfrauen\/2023-07-13-sommerfest-powerfrauen-01\/\" data-orig-file=\"https:\/\/paulinenaue.info\/wp-content\/uploads\/2024\/08\/2023-07-13-Sommerfest-Powerfrauen-01.jpg\" data-orig-size=\"1000,750\" data-comments-opened=\"1\" data-image-meta=\"{&quot;aperture&quot;:&quot;0&quot;,&quot;credit&quot;:&quot;&quot;,&quot;camera&quot;:&quot;&quot;,&quot;caption&quot;:&quot;&quot;,&quot;created_timestamp&quot;:&quot;0&quot;,&quot;copyright&quot;:&quot;&quot;,&quot;focal_length&quot;:&quot;0&quot;,&quot;iso&quot;:&quot;0&quot;,&quot;shutter_speed&quot;:&quot;0&quot;,&quot;title&quot;:&quot;&quot;,&quot;orientation&quot;:&quot;1&quot;}\" data-image-title=\"2023-07-13, Sommerfest, Powerfrauen, 01\" data-image-description=\"\" data-image-caption=\"\" data-large-file=\"https:\/\/paulinenaue.info\/wp-content\/uploads\/2024\/08\/2023-07-13-Sommerfest-Powerfrauen-01.jpg\" class=\"lazyload wp-image-416711 size-fusion-800\" src=\"https:\/\/paulinenaue.info\/wp-content\/uploads\/2024\/08\/2023-07-13-Sommerfest-Powerfrauen-01-800x600.jpg\" data-orig-src=\"https:\/\/paulinenaue.info\/wp-content\/uploads\/2024\/08\/2023-07-13-Sommerfest-Powerfrauen-01-800x600.jpg\" alt=\"\" width=\"800\" height=\"600\" srcset=\"data:image\/svg+xml,%3Csvg%20xmlns%3D%27http%3A%2F%2Fwww.w3.org%2F2000%2Fsvg%27%20width%3D%27800%27%20height%3D%27600%27%20viewBox%3D%270%200%20800%20600%27%3E%3Crect%20width%3D%27800%27%20height%3D%27600%27%20fill-opacity%3D%220%22%2F%3E%3C%2Fsvg%3E\" data-srcset=\"https:\/\/paulinenaue.info\/wp-content\/uploads\/2024\/08\/2023-07-13-Sommerfest-Powerfrauen-01-200x150.jpg 200w, https:\/\/paulinenaue.info\/wp-content\/uploads\/2024\/08\/2023-07-13-Sommerfest-Powerfrauen-01-300x225.jpg 300w, https:\/\/paulinenaue.info\/wp-content\/uploads\/2024\/08\/2023-07-13-Sommerfest-Powerfrauen-01-400x300.jpg 400w, https:\/\/paulinenaue.info\/wp-content\/uploads\/2024\/08\/2023-07-13-Sommerfest-Powerfrauen-01-600x450.jpg 600w, https:\/\/paulinenaue.info\/wp-content\/uploads\/2024\/08\/2023-07-13-Sommerfest-Powerfrauen-01-768x576.jpg 768w, https:\/\/paulinenaue.info\/wp-content\/uploads\/2024\/08\/2023-07-13-Sommerfest-Powerfrauen-01-800x600.jpg 800w, https:\/\/paulinenaue.info\/wp-content\/uploads\/2024\/08\/2023-07-13-Sommerfest-Powerfrauen-01.jpg 1000w\" data-sizes=\"auto\" data-orig-sizes=\"(max-width: 800px) 100vw, 800px\" \/><\/a><p id=\"caption-attachment-416711\" class=\"wp-caption-text\"><em>Die Powerfrauen auf dem Sommerfest<\/em><\/p><\/div>\n<p><strong>Die Pauerfrauen bedanken sich bei den folgenden Spenderinnen und Spendern:\u00a0<\/strong><\/p>\n<p><em>Cleverfit Nauen, Flugplatz Bienenfarm, Ravensburger AG, Outlet Center Berlin, Deutsche Saatenveredelung AG, G\u00e4rtnerei Heidenreich, FMS Futtermittel Selbelang, Landwirt Detlef Wacker, Heilpraxis Weishaupt, Gesund &amp; Fit Diana Wuthe, Kosmetikstudio KaWell, Gaststube am Flugplatz Bienenfarm, Obstbau Bittner, \u201eDas zweite Leben \u2013 Nierenlebendspende e.V.\u201c, Askari Sport GmbH Nauen, Baumschule Nauen, Gothaer Versicherung S. Kreier, Christian Wendt, TipTop Borna GmbH, Sabina Kattner, Polizei Havelland, Brandenburger Landfrauenverband e.V.<\/em><\/p>\n<p>Dank Ihrer Unterst\u00fctzung konnten wir nicht nur einen tollen Preis anbieten, sondern auch das Gemeinschaftsgef\u00fchl und die Freude an unserem Dorffest st\u00e4rken.<\/p>\n","protected":false},"excerpt":{"rendered":"<p>Beim diesj\u00e4hrigen Paulinenauer Sommerfest am 13.07.2024, bei dem gleichzeitig auch [&hellip;]<\/p>\n","protected":false},"author":1,"featured_media":416711,"comment_status":"open","ping_status":"open","sticky":false,"template":"","format":"standard","meta":{"_acf_changed":false,"_price":"","_stock":"","_tribe_ticket_header":"","_tribe_default_ticket_provider":"","_tribe_ticket_capacity":"0","_ticket_start_date":"","_ticket_end_date":"","_tribe_ticket_show_description":"","_tribe_ticket_show_not_going":false,"_tribe_ticket_use_global_stock":"","_tribe_ticket_global_stock_level":"","_global_stock_mode":"","_global_stock_cap":"","_tribe_rsvp_for_event":"","_tribe_ticket_going_count":"","_tribe_ticket_not_going_count":"","_tribe_tickets_list":"[]","_tribe_ticket_has_attendee_info_fields":false,"jetpack_post_was_ever_published":false,"_jetpack_newsletter_access":"","_jetpack_dont_email_post_to_subs":false,"_jetpack_newsletter_tier_id":0,"_jetpack_memberships_contains_paywalled_content":false,"_jetpack_memberships_contains_paid_content":false,"footnotes":"","jetpack_publicize_message":"","jetpack_publicize_feature_enabled":true,"jetpack_social_post_already_shared":true,"jetpack_social_options":{"image_generator_settings":{"template":"highway","default_image_id":0,"font":"","enabled":false},"version":2}},"categories":[514,93,10],"tags":[261,350,562,563],"class_list":["post-416703","post","type-post","status-publish","format-standard","has-post-thumbnail","hentry","category-pauerfrauen","category-veranstaltungen","category-vereine","tag-dorffest","tag-ehrenamt","tag-pauerfrauen","tag-sommerfest"],"acf":[],"yoast_head":"<!-- This site is optimized with the Yoast SEO plugin v27.5 - https:\/\/yoast.com\/product\/yoast-seo-wordpress\/ -->\n<title>Sommerfest-Bilanz der ,Pauerfrauen\u2018 - Paulinenaue<\/title>\n<meta name=\"description\" content=\"Die Pauerfrauen ziehen ihre Bilanz \u00fcber das Sommerfest und bedanken sich bei allen Spendern und Unterst\u00fctzern.\" \/>\n<meta name=\"robots\" content=\"index, follow, max-snippet:-1, max-image-preview:large, max-video-preview:-1\" \/>\n<link rel=\"canonical\" href=\"https:\/\/paulinenaue.info\/index.php\/sommerfest-bilanz-der-pauerfrauen\/\" \/>\n<meta property=\"og:locale\" content=\"de_DE\" \/>\n<meta property=\"og:type\" content=\"article\" \/>\n<meta property=\"og:title\" content=\"Sommerfest-Bilanz der ,Pauerfrauen\u2018 - Paulinenaue\" \/>\n<meta property=\"og:description\" content=\"Die Pauerfrauen ziehen ihre Bilanz \u00fcber das Sommerfest und bedanken sich bei allen Spendern und Unterst\u00fctzern.\" \/>\n<meta property=\"og:url\" content=\"https:\/\/paulinenaue.info\/index.php\/sommerfest-bilanz-der-pauerfrauen\/\" \/>\n<meta property=\"og:site_name\" content=\"Paulinenaue\" \/>\n<meta property=\"article:published_time\" content=\"2024-08-07T19:17:09+00:00\" \/>\n<meta property=\"article:modified_time\" content=\"2024-08-07T21:23:29+00:00\" \/>\n<meta property=\"og:image\" content=\"https:\/\/paulinenaue.info\/wp-content\/uploads\/2024\/08\/2023-07-13-Sommerfest-Powerfrauen-01.jpg\" \/>\n\t<meta property=\"og:image:width\" content=\"1000\" \/>\n\t<meta property=\"og:image:height\" content=\"750\" \/>\n\t<meta property=\"og:image:type\" content=\"image\/jpeg\" \/>\n<meta name=\"author\" content=\"Joachim Scholz\" \/>\n<meta name=\"twitter:card\" content=\"summary_large_image\" \/>\n<meta name=\"twitter:label1\" content=\"Verfasst von\" \/>\n\t<meta name=\"twitter:data1\" content=\"Joachim Scholz\" \/>\n\t<meta name=\"twitter:label2\" content=\"Gesch\u00e4tzte Lesezeit\" \/>\n\t<meta name=\"twitter:data2\" content=\"2\u00a0Minuten\" \/>\n<script type=\"application\/ld+json\" class=\"yoast-schema-graph\">{\"@context\":\"https:\\\/\\\/schema.org\",\"@graph\":[{\"@type\":\"Article\",\"@id\":\"https:\\\/\\\/paulinenaue.info\\\/index.php\\\/sommerfest-bilanz-der-pauerfrauen\\\/#article\",\"isPartOf\":{\"@id\":\"https:\\\/\\\/paulinenaue.info\\\/index.php\\\/sommerfest-bilanz-der-pauerfrauen\\\/\"},\"author\":{\"name\":\"Joachim Scholz\",\"@id\":\"https:\\\/\\\/paulinenaue.info\\\/#\\\/schema\\\/person\\\/3f9e818fd7b69b0d2bd937ac506897cc\"},\"headline\":\"Sommerfest-Bilanz der ,Pauerfrauen\u2018\",\"datePublished\":\"2024-08-07T19:17:09+00:00\",\"dateModified\":\"2024-08-07T21:23:29+00:00\",\"mainEntityOfPage\":{\"@id\":\"https:\\\/\\\/paulinenaue.info\\\/index.php\\\/sommerfest-bilanz-der-pauerfrauen\\\/\"},\"wordCount\":317,\"commentCount\":0,\"image\":{\"@id\":\"https:\\\/\\\/paulinenaue.info\\\/index.php\\\/sommerfest-bilanz-der-pauerfrauen\\\/#primaryimage\"},\"thumbnailUrl\":\"https:\\\/\\\/paulinenaue.info\\\/wp-content\\\/uploads\\\/2024\\\/08\\\/2023-07-13-Sommerfest-Powerfrauen-01.jpg\",\"keywords\":[\"Dorffest\",\"Ehrenamt\",\"Pauerfrauen\",\"Sommerfest\"],\"articleSection\":[\"Pauerfrauen\",\"Veranstaltungen\",\"Vereine\"],\"inLanguage\":\"de\",\"potentialAction\":[{\"@type\":\"CommentAction\",\"name\":\"Comment\",\"target\":[\"https:\\\/\\\/paulinenaue.info\\\/index.php\\\/sommerfest-bilanz-der-pauerfrauen\\\/#respond\"]}]},{\"@type\":\"WebPage\",\"@id\":\"https:\\\/\\\/paulinenaue.info\\\/index.php\\\/sommerfest-bilanz-der-pauerfrauen\\\/\",\"url\":\"https:\\\/\\\/paulinenaue.info\\\/index.php\\\/sommerfest-bilanz-der-pauerfrauen\\\/\",\"name\":\"Sommerfest-Bilanz der ,Pauerfrauen\u2018 - Paulinenaue\",\"isPartOf\":{\"@id\":\"https:\\\/\\\/paulinenaue.info\\\/#website\"},\"primaryImageOfPage\":{\"@id\":\"https:\\\/\\\/paulinenaue.info\\\/index.php\\\/sommerfest-bilanz-der-pauerfrauen\\\/#primaryimage\"},\"image\":{\"@id\":\"https:\\\/\\\/paulinenaue.info\\\/index.php\\\/sommerfest-bilanz-der-pauerfrauen\\\/#primaryimage\"},\"thumbnailUrl\":\"https:\\\/\\\/paulinenaue.info\\\/wp-content\\\/uploads\\\/2024\\\/08\\\/2023-07-13-Sommerfest-Powerfrauen-01.jpg\",\"datePublished\":\"2024-08-07T19:17:09+00:00\",\"dateModified\":\"2024-08-07T21:23:29+00:00\",\"author\":{\"@id\":\"https:\\\/\\\/paulinenaue.info\\\/#\\\/schema\\\/person\\\/3f9e818fd7b69b0d2bd937ac506897cc\"},\"description\":\"Die Pauerfrauen ziehen ihre Bilanz \u00fcber das Sommerfest und bedanken sich bei allen Spendern und Unterst\u00fctzern.\",\"breadcrumb\":{\"@id\":\"https:\\\/\\\/paulinenaue.info\\\/index.php\\\/sommerfest-bilanz-der-pauerfrauen\\\/#breadcrumb\"},\"inLanguage\":\"de\",\"potentialAction\":[{\"@type\":\"ReadAction\",\"target\":[\"https:\\\/\\\/paulinenaue.info\\\/index.php\\\/sommerfest-bilanz-der-pauerfrauen\\\/\"]}]},{\"@type\":\"ImageObject\",\"inLanguage\":\"de\",\"@id\":\"https:\\\/\\\/paulinenaue.info\\\/index.php\\\/sommerfest-bilanz-der-pauerfrauen\\\/#primaryimage\",\"url\":\"https:\\\/\\\/paulinenaue.info\\\/wp-content\\\/uploads\\\/2024\\\/08\\\/2023-07-13-Sommerfest-Powerfrauen-01.jpg\",\"contentUrl\":\"https:\\\/\\\/paulinenaue.info\\\/wp-content\\\/uploads\\\/2024\\\/08\\\/2023-07-13-Sommerfest-Powerfrauen-01.jpg\",\"width\":1000,\"height\":750},{\"@type\":\"BreadcrumbList\",\"@id\":\"https:\\\/\\\/paulinenaue.info\\\/index.php\\\/sommerfest-bilanz-der-pauerfrauen\\\/#breadcrumb\",\"itemListElement\":[{\"@type\":\"ListItem\",\"position\":1,\"name\":\"Home\",\"item\":\"https:\\\/\\\/paulinenaue.info\\\/\"},{\"@type\":\"ListItem\",\"position\":2,\"name\":\"Sommerfest-Bilanz der ,Pauerfrauen\u2018\"}]},{\"@type\":\"WebSite\",\"@id\":\"https:\\\/\\\/paulinenaue.info\\\/#website\",\"url\":\"https:\\\/\\\/paulinenaue.info\\\/\",\"name\":\"Paulinenaue\",\"description\":\"Ein Dorf im Havelland\",\"potentialAction\":[{\"@type\":\"SearchAction\",\"target\":{\"@type\":\"EntryPoint\",\"urlTemplate\":\"https:\\\/\\\/paulinenaue.info\\\/?s={search_term_string}\"},\"query-input\":{\"@type\":\"PropertyValueSpecification\",\"valueRequired\":true,\"valueName\":\"search_term_string\"}}],\"inLanguage\":\"de\"},{\"@type\":\"Person\",\"@id\":\"https:\\\/\\\/paulinenaue.info\\\/#\\\/schema\\\/person\\\/3f9e818fd7b69b0d2bd937ac506897cc\",\"name\":\"Joachim Scholz\",\"url\":\"https:\\\/\\\/paulinenaue.info\\\/index.php\\\/author\\\/jjscholz\\\/\"}]}<\/script>\n<!-- \/ Yoast SEO plugin. -->","yoast_head_json":{"title":"Sommerfest-Bilanz der ,Pauerfrauen\u2018 - Paulinenaue","description":"Die Pauerfrauen ziehen ihre Bilanz \u00fcber das Sommerfest und bedanken sich bei allen Spendern und Unterst\u00fctzern.","robots":{"index":"index","follow":"follow","max-snippet":"max-snippet:-1","max-image-preview":"max-image-preview:large","max-video-preview":"max-video-preview:-1"},"canonical":"https:\/\/paulinenaue.info\/index.php\/sommerfest-bilanz-der-pauerfrauen\/","og_locale":"de_DE","og_type":"article","og_title":"Sommerfest-Bilanz der ,Pauerfrauen\u2018 - Paulinenaue","og_description":"Die Pauerfrauen ziehen ihre Bilanz \u00fcber das Sommerfest und bedanken sich bei allen Spendern und Unterst\u00fctzern.","og_url":"https:\/\/paulinenaue.info\/index.php\/sommerfest-bilanz-der-pauerfrauen\/","og_site_name":"Paulinenaue","article_published_time":"2024-08-07T19:17:09+00:00","article_modified_time":"2024-08-07T21:23:29+00:00","og_image":[{"width":1000,"height":750,"url":"https:\/\/paulinenaue.info\/wp-content\/uploads\/2024\/08\/2023-07-13-Sommerfest-Powerfrauen-01.jpg","type":"image\/jpeg"}],"author":"Joachim Scholz","twitter_card":"summary_large_image","twitter_misc":{"Verfasst von":"Joachim Scholz","Gesch\u00e4tzte Lesezeit":"2\u00a0Minuten"},"schema":{"@context":"https:\/\/schema.org","@graph":[{"@type":"Article","@id":"https:\/\/paulinenaue.info\/index.php\/sommerfest-bilanz-der-pauerfrauen\/#article","isPartOf":{"@id":"https:\/\/paulinenaue.info\/index.php\/sommerfest-bilanz-der-pauerfrauen\/"},"author":{"name":"Joachim Scholz","@id":"https:\/\/paulinenaue.info\/#\/schema\/person\/3f9e818fd7b69b0d2bd937ac506897cc"},"headline":"Sommerfest-Bilanz der ,Pauerfrauen\u2018","datePublished":"2024-08-07T19:17:09+00:00","dateModified":"2024-08-07T21:23:29+00:00","mainEntityOfPage":{"@id":"https:\/\/paulinenaue.info\/index.php\/sommerfest-bilanz-der-pauerfrauen\/"},"wordCount":317,"commentCount":0,"image":{"@id":"https:\/\/paulinenaue.info\/index.php\/sommerfest-bilanz-der-pauerfrauen\/#primaryimage"},"thumbnailUrl":"https:\/\/paulinenaue.info\/wp-content\/uploads\/2024\/08\/2023-07-13-Sommerfest-Powerfrauen-01.jpg","keywords":["Dorffest","Ehrenamt","Pauerfrauen","Sommerfest"],"articleSection":["Pauerfrauen","Veranstaltungen","Vereine"],"inLanguage":"de","potentialAction":[{"@type":"CommentAction","name":"Comment","target":["https:\/\/paulinenaue.info\/index.php\/sommerfest-bilanz-der-pauerfrauen\/#respond"]}]},{"@type":"WebPage","@id":"https:\/\/paulinenaue.info\/index.php\/sommerfest-bilanz-der-pauerfrauen\/","url":"https:\/\/paulinenaue.info\/index.php\/sommerfest-bilanz-der-pauerfrauen\/","name":"Sommerfest-Bilanz der ,Pauerfrauen\u2018 - Paulinenaue","isPartOf":{"@id":"https:\/\/paulinenaue.info\/#website"},"primaryImageOfPage":{"@id":"https:\/\/paulinenaue.info\/index.php\/sommerfest-bilanz-der-pauerfrauen\/#primaryimage"},"image":{"@id":"https:\/\/paulinenaue.info\/index.php\/sommerfest-bilanz-der-pauerfrauen\/#primaryimage"},"thumbnailUrl":"https:\/\/paulinenaue.info\/wp-content\/uploads\/2024\/08\/2023-07-13-Sommerfest-Powerfrauen-01.jpg","datePublished":"2024-08-07T19:17:09+00:00","dateModified":"2024-08-07T21:23:29+00:00","author":{"@id":"https:\/\/paulinenaue.info\/#\/schema\/person\/3f9e818fd7b69b0d2bd937ac506897cc"},"description":"Die Pauerfrauen ziehen ihre Bilanz \u00fcber das Sommerfest und bedanken sich bei allen Spendern und Unterst\u00fctzern.","breadcrumb":{"@id":"https:\/\/paulinenaue.info\/index.php\/sommerfest-bilanz-der-pauerfrauen\/#breadcrumb"},"inLanguage":"de","potentialAction":[{"@type":"ReadAction","target":["https:\/\/paulinenaue.info\/index.php\/sommerfest-bilanz-der-pauerfrauen\/"]}]},{"@type":"ImageObject","inLanguage":"de","@id":"https:\/\/paulinenaue.info\/index.php\/sommerfest-bilanz-der-pauerfrauen\/#primaryimage","url":"https:\/\/paulinenaue.info\/wp-content\/uploads\/2024\/08\/2023-07-13-Sommerfest-Powerfrauen-01.jpg","contentUrl":"https:\/\/paulinenaue.info\/wp-content\/uploads\/2024\/08\/2023-07-13-Sommerfest-Powerfrauen-01.jpg","width":1000,"height":750},{"@type":"BreadcrumbList","@id":"https:\/\/paulinenaue.info\/index.php\/sommerfest-bilanz-der-pauerfrauen\/#breadcrumb","itemListElement":[{"@type":"ListItem","position":1,"name":"Home","item":"https:\/\/paulinenaue.info\/"},{"@type":"ListItem","position":2,"name":"Sommerfest-Bilanz der ,Pauerfrauen\u2018"}]},{"@type":"WebSite","@id":"https:\/\/paulinenaue.info\/#website","url":"https:\/\/paulinenaue.info\/","name":"Paulinenaue","description":"Ein Dorf im Havelland","potentialAction":[{"@type":"SearchAction","target":{"@type":"EntryPoint","urlTemplate":"https:\/\/paulinenaue.info\/?s={search_term_string}"},"query-input":{"@type":"PropertyValueSpecification","valueRequired":true,"valueName":"search_term_string"}}],"inLanguage":"de"},{"@type":"Person","@id":"https:\/\/paulinenaue.info\/#\/schema\/person\/3f9e818fd7b69b0d2bd937ac506897cc","name":"Joachim Scholz","url":"https:\/\/paulinenaue.info\/index.php\/author\/jjscholz\/"}]}},"jetpack_publicize_connections":[],"jetpack_featured_media_url":"https:\/\/paulinenaue.info\/wp-content\/uploads\/2024\/08\/2023-07-13-Sommerfest-Powerfrauen-01.jpg","jetpack_sharing_enabled":true,"jetpack_shortlink":"https:\/\/wp.me\/pcYhWA-1Kp1","jetpack-related-posts":[{"id":416616,"url":"https:\/\/paulinenaue.info\/index.php\/paulinenaues-sommerfest-und-geburtstagsfeier-ein-voller-erfolg\/","url_meta":{"origin":416703,"position":0},"title":"Paulinenaues Sommerfest und\u00a0Geburtstagsfeier \u2013\u00a0ein voller Erfolg","author":"Joachim Scholz","date":"14. Juli 2024","format":false,"excerpt":"Von Eckhard Vierjahn Petrus meinte es gut mit uns. Bei bestem Wetter begann das Sommerfest am 13.07.2024 um 14:00 auf dem kleinen Sportplatz in Paulinenaue und sollte bis in die fr\u00fchen Stunden des n\u00e4chsten Tages andauern. Das Fest im Jahr des 100-j\u00e4hrigen Bestehens von Paulinenaue als selbstst\u00e4ndige Gemeinde war ein\u2026","rel":"","context":"In &quot;Allgemein&quot;","block_context":{"text":"Allgemein","link":"https:\/\/paulinenaue.info\/index.php\/category\/allgemein\/"},"img":{"alt_text":"","src":"https:\/\/i0.wp.com\/paulinenaue.info\/wp-content\/uploads\/2024\/07\/2024-07-13-Dorffest-01.jpeg?resize=350%2C200&ssl=1","width":350,"height":200,"srcset":"https:\/\/i0.wp.com\/paulinenaue.info\/wp-content\/uploads\/2024\/07\/2024-07-13-Dorffest-01.jpeg?resize=350%2C200&ssl=1 1x, https:\/\/i0.wp.com\/paulinenaue.info\/wp-content\/uploads\/2024\/07\/2024-07-13-Dorffest-01.jpeg?resize=525%2C300&ssl=1 1.5x, https:\/\/i0.wp.com\/paulinenaue.info\/wp-content\/uploads\/2024\/07\/2024-07-13-Dorffest-01.jpeg?resize=700%2C400&ssl=1 2x"},"classes":[]},{"id":418201,"url":"https:\/\/paulinenaue.info\/index.php\/regen-egal-das-paulinenauer-dorffest-2025-trotzt-dem-wetter\/","url_meta":{"origin":416703,"position":1},"title":"Regen? Egal! \u2013 Das Paulinenauer Dorffest 2025 trotzt dem Wetter","author":"Joachim Scholz","date":"16. Juli 2025","format":false,"excerpt":"\u00a0von Florian Tietz Wer dachte, Regen k\u00f6nnte die Paulinenauer Laune tr\u00fcben, wurde am 12. Juli eines Besseren belehrt. Ab 14 Uhr hie\u00df es: \u201eSchirm auf, Stimmung an!\u201c \u2013 und das trotz echter Wasserspiele von oben. Klar, die H\u00fcpfburg musste leider im Trockenen bleiben, aber die Kinder? Die waren nicht zu\u2026","rel":"","context":"In &quot;Allgemein&quot;","block_context":{"text":"Allgemein","link":"https:\/\/paulinenaue.info\/index.php\/category\/allgemein\/"},"img":{"alt_text":"","src":"https:\/\/i0.wp.com\/paulinenaue.info\/wp-content\/uploads\/2025\/07\/DSC08939.jpeg?resize=350%2C200&ssl=1","width":350,"height":200,"srcset":"https:\/\/i0.wp.com\/paulinenaue.info\/wp-content\/uploads\/2025\/07\/DSC08939.jpeg?resize=350%2C200&ssl=1 1x, https:\/\/i0.wp.com\/paulinenaue.info\/wp-content\/uploads\/2025\/07\/DSC08939.jpeg?resize=525%2C300&ssl=1 1.5x, https:\/\/i0.wp.com\/paulinenaue.info\/wp-content\/uploads\/2025\/07\/DSC08939.jpeg?resize=700%2C400&ssl=1 2x"},"classes":[]},{"id":416017,"url":"https:\/\/paulinenaue.info\/index.php\/pauerfrauen-werden-landfrauen\/","url_meta":{"origin":416703,"position":2},"title":",Pauerfrauen\u2018 werden ,Landfrauen\u2018","author":"Joachim Scholz","date":"13. Februar 2024","format":false,"excerpt":"Die 18 Paulinenauer \u201ePauerfrauen\u201c, die als engagierte Truppe seit etwa einem Jahr das kulturelle Leben von Paulinenaue\u00a0 bereichern, sind zum Jahresanfang dem Landfrauenverein beigetreten und bilden nun eine Paulinenauer Ortsgruppe. Die Landfrauen, so hei\u00dft es auf der Website des bundesweit agierenden Vereins, \u201esind Frauen, die im l\u00e4ndlichen Raum zuhause sind\u201c.\u2026","rel":"","context":"In &quot;Allgemein&quot;","block_context":{"text":"Allgemein","link":"https:\/\/paulinenaue.info\/index.php\/category\/allgemein\/"},"img":{"alt_text":"","src":"https:\/\/i0.wp.com\/paulinenaue.info\/wp-content\/uploads\/2024\/02\/2024-02-08-Powerfrauen.jpeg?resize=350%2C200&ssl=1","width":350,"height":200,"srcset":"https:\/\/i0.wp.com\/paulinenaue.info\/wp-content\/uploads\/2024\/02\/2024-02-08-Powerfrauen.jpeg?resize=350%2C200&ssl=1 1x, https:\/\/i0.wp.com\/paulinenaue.info\/wp-content\/uploads\/2024\/02\/2024-02-08-Powerfrauen.jpeg?resize=525%2C300&ssl=1 1.5x, https:\/\/i0.wp.com\/paulinenaue.info\/wp-content\/uploads\/2024\/02\/2024-02-08-Powerfrauen.jpeg?resize=700%2C400&ssl=1 2x"},"classes":[]},{"id":415469,"url":"https:\/\/paulinenaue.info\/index.php\/winterlicher-weihnachtsmarkt-2023\/","url_meta":{"origin":416703,"position":3},"title":"Winterlicher Weihnachtsmarkt 2023","author":"Joachim Scholz","date":"3. Dezember 2023","format":false,"excerpt":"Den Beginn der Weihnachtszeit erlebt jeder individuell. Auch wenn man die Zeit vielleicht noch nicht f\u00fcr gekommen h\u00e4lt, an einem Punkt ist es schlie\u00dflich so weit. F\u00fcr mich ist das nun schon seit ein paar Jahren der Augenblick, wo ich dicht neben B\u00fcrgermeister Arne Breder stehe und mit ihm zusammen\u2026","rel":"","context":"In &quot;Allgemein&quot;","block_context":{"text":"Allgemein","link":"https:\/\/paulinenaue.info\/index.php\/category\/allgemein\/"},"img":{"alt_text":"","src":"https:\/\/i0.wp.com\/paulinenaue.info\/wp-content\/uploads\/2023\/12\/2023-12-01-Weihnachtsmarkt-00.jpeg?resize=350%2C200&ssl=1","width":350,"height":200,"srcset":"https:\/\/i0.wp.com\/paulinenaue.info\/wp-content\/uploads\/2023\/12\/2023-12-01-Weihnachtsmarkt-00.jpeg?resize=350%2C200&ssl=1 1x, https:\/\/i0.wp.com\/paulinenaue.info\/wp-content\/uploads\/2023\/12\/2023-12-01-Weihnachtsmarkt-00.jpeg?resize=525%2C300&ssl=1 1.5x, https:\/\/i0.wp.com\/paulinenaue.info\/wp-content\/uploads\/2023\/12\/2023-12-01-Weihnachtsmarkt-00.jpeg?resize=700%2C400&ssl=1 2x"},"classes":[]},{"id":418155,"url":"https:\/\/paulinenaue.info\/index.php\/sommerfest-in-selbelang\/","url_meta":{"origin":416703,"position":4},"title":"Sommerfest in Selbelang","author":"Sarah","date":"17. Juni 2025","format":false,"excerpt":"Text und Fotos Eckhard Vierjahn Gleich mehrere Anl\u00e4sse gab es f\u00fcr die Selbelanger am 14. Juni 2025 zu feiern. Selbelang feierte Sommerfest sowie 25 Jahre Kinder- und Jugendfeuerwehr und nachtr\u00e4glich auch den Kindertag. Traditionell findet das Sommerfest im Ortszentrum auf den Freifl\u00e4chen neben der Kirche und der Feuerwehr statt. Die\u2026","rel":"","context":"In &quot;Neuigkeiten&quot;","block_context":{"text":"Neuigkeiten","link":"https:\/\/paulinenaue.info\/index.php\/category\/neuigkeiten\/"},"img":{"alt_text":"","src":"https:\/\/i0.wp.com\/paulinenaue.info\/wp-content\/uploads\/2025\/06\/Selbelang-25-06-14-1.jpeg?resize=350%2C200&ssl=1","width":350,"height":200,"srcset":"https:\/\/i0.wp.com\/paulinenaue.info\/wp-content\/uploads\/2025\/06\/Selbelang-25-06-14-1.jpeg?resize=350%2C200&ssl=1 1x, https:\/\/i0.wp.com\/paulinenaue.info\/wp-content\/uploads\/2025\/06\/Selbelang-25-06-14-1.jpeg?resize=525%2C300&ssl=1 1.5x, https:\/\/i0.wp.com\/paulinenaue.info\/wp-content\/uploads\/2025\/06\/Selbelang-25-06-14-1.jpeg?resize=700%2C400&ssl=1 2x, https:\/\/i0.wp.com\/paulinenaue.info\/wp-content\/uploads\/2025\/06\/Selbelang-25-06-14-1.jpeg?resize=1050%2C600&ssl=1 3x, https:\/\/i0.wp.com\/paulinenaue.info\/wp-content\/uploads\/2025\/06\/Selbelang-25-06-14-1.jpeg?resize=1400%2C800&ssl=1 4x"},"classes":[]},{"id":418693,"url":"https:\/\/paulinenaue.info\/index.php\/rueckblick-auf-die-senioren-weihnachtsfeier-im-mehrzweckgebaeude\/","url_meta":{"origin":416703,"position":5},"title":"R\u00fcckblick auf die Senioren-Weihnachtsfeier im Mehrzweckgeb\u00e4ude","author":"Pauline Hirschberg","date":"5. Dezember 2025","format":false,"excerpt":"Am vergangenen Mittwoch fand im Mehrzweckgeb\u00e4ude in der Professor-Mitscherlich-Allee \u2013 vielen noch als ehemaliges \u201eJugendhaus Paulinenaue\u201c bekannt \u2013 die j\u00e4hrliche Senioren-Weihnachtsfeier statt. Organisiert wurde die Veranstaltung wie gewohnt von der Ortsgruppe der Volkssolidarit\u00e4t, in diesem Jahr jedoch wieder mit tatkr\u00e4ftiger Unterst\u00fctzung der Pauerfrauen. Schon im Vorfeld haben wir Pauerfrauen Pl\u00e4tzchen\u2026","rel":"","context":"In &quot;Ehrenamt&quot;","block_context":{"text":"Ehrenamt","link":"https:\/\/paulinenaue.info\/index.php\/category\/ehrenamt\/"},"img":{"alt_text":"","src":"https:\/\/i0.wp.com\/paulinenaue.info\/wp-content\/uploads\/2025\/12\/IMG-20251203-WA0004.jpg?resize=350%2C200&ssl=1","width":350,"height":200,"srcset":"https:\/\/i0.wp.com\/paulinenaue.info\/wp-content\/uploads\/2025\/12\/IMG-20251203-WA0004.jpg?resize=350%2C200&ssl=1 1x, https:\/\/i0.wp.com\/paulinenaue.info\/wp-content\/uploads\/2025\/12\/IMG-20251203-WA0004.jpg?resize=525%2C300&ssl=1 1.5x, https:\/\/i0.wp.com\/paulinenaue.info\/wp-content\/uploads\/2025\/12\/IMG-20251203-WA0004.jpg?resize=700%2C400&ssl=1 2x, https:\/\/i0.wp.com\/paulinenaue.info\/wp-content\/uploads\/2025\/12\/IMG-20251203-WA0004.jpg?resize=1050%2C600&ssl=1 3x"},"classes":[]}],"_links":{"self":[{"href":"https:\/\/paulinenaue.info\/index.php\/wp-json\/wp\/v2\/posts\/416703","targetHints":{"allow":["GET"]}}],"collection":[{"href":"https:\/\/paulinenaue.info\/index.php\/wp-json\/wp\/v2\/posts"}],"about":[{"href":"https:\/\/paulinenaue.info\/index.php\/wp-json\/wp\/v2\/types\/post"}],"author":[{"embeddable":true,"href":"https:\/\/paulinenaue.info\/index.php\/wp-json\/wp\/v2\/users\/1"}],"replies":[{"embeddable":true,"href":"https:\/\/paulinenaue.info\/index.php\/wp-json\/wp\/v2\/comments?post=416703"}],"version-history":[{"count":6,"href":"https:\/\/paulinenaue.info\/index.php\/wp-json\/wp\/v2\/posts\/416703\/revisions"}],"predecessor-version":[{"id":416713,"href":"https:\/\/paulinenaue.info\/index.php\/wp-json\/wp\/v2\/posts\/416703\/revisions\/416713"}],"wp:featuredmedia":[{"embeddable":true,"href":"https:\/\/paulinenaue.info\/index.php\/wp-json\/wp\/v2\/media\/416711"}],"wp:attachment":[{"href":"https:\/\/paulinenaue.info\/index.php\/wp-json\/wp\/v2\/media?parent=416703"}],"wp:term":[{"taxonomy":"category","embeddable":true,"href":"https:\/\/paulinenaue.info\/index.php\/wp-json\/wp\/v2\/categories?post=416703"},{"taxonomy":"post_tag","embeddable":true,"href":"https:\/\/paulinenaue.info\/index.php\/wp-json\/wp\/v2\/tags?post=416703"}],"curies":[{"name":"wp","href":"https:\/\/api.w.org\/{rel}","templated":true}]}}