{"id":416714,"date":"2024-08-12T01:19:10","date_gmt":"2024-08-11T23:19:10","guid":{"rendered":"https:\/\/paulinenaue.info\/?p=416714"},"modified":"2025-01-12T01:42:56","modified_gmt":"2025-01-12T00:42:56","slug":"nachruf-auf-karl-weirauch-1925-2024","status":"publish","type":"post","link":"https:\/\/paulinenaue.info\/index.php\/nachruf-auf-karl-weirauch-1925-2024\/","title":{"rendered":"Nachruf auf Karl Weirauch (1925\u20132024)"},"content":{"rendered":"<p class=\"p1\">Seine Eltern Johann und Stanislawa waren 1920 aus Mecklenburg nach Paulinenaue gekommen. Sie stammten aus der N\u00e4he von \u0141\u00f3d\u017a und arbeiteten in der Landwirtschaft. Am 22. Oktober 1925 kam er in Paulinenaue zur Welt: Obwohl Karl Weirauch seit Jahrzehnten in Friesack wohnte, konnte man ihn mit Fug und Recht als den \u00e4ltesten lebenden Paulinenauer bezeichnen, denn f\u00fcr seine innige Verbindung zu seinem Heimatort war er bekannt. Karl konnte Paulinenaue erz\u00e4hlen wie niemand sonst. \u201eAber nur bis 1943, dann wurde ich eingezogen,\u201c wie er betonte. Das erstaunte mit den Jahren mehr und mehr, denn selbst Menschen, die noch \u00fcber das Kriegs<em>ende<\/em> und die unmittelbare Nachkriegszeit berichten k\u00f6nnen, sind mittlerweile selten geworden.<\/p>\n<p class=\"p1\">Was Karl zu erz\u00e4hlen wusste, waren die Geschichten des d\u00f6rflichen Alltags aus dem Blickwinkel eines wachen Kindes, das sich f\u00fcr jedes Detail interessierte, dem nichts zu entgehen schien. Er kannte jeden und jede noch pers\u00f6nlich: den \u201eWaldb\u00e4ren\u201c und die \u201eDicke Wernern\u201c, Lehrer Schmidt und Lehrer Richter oder den alten Eisenbahner, der vor 90 Jahren die Paulinenauer Kinder f\u00fcr eine Karriere als Lokf\u00fchrer zu begeistern suchte. Karl war dabei, als Paulinenauer Erdbeeren massenweise zum Verkauf nach Berlin transportiert wurden oder sich die M\u00e4nner vor Kriegseintritt am Feuerwehrvorplatz sammeln mussten. Dann wurde auch er eingezogen, \u00fcberlebte Krieg und die sowjetische Kriegsgefangenschaft. Er wurde Schlosser und arbeitet zuletzt lange im Friesacker Meliorationskombinat.<\/p>\n<div id=\"attachment_416728\" style=\"width: 610px\" class=\"wp-caption alignnone\"><a href=\"https:\/\/paulinenaue.info\/wp-content\/uploads\/2024\/08\/2018-06-30-Karl-Weirauch-im-Interview.jpeg\"><img decoding=\"async\" aria-describedby=\"caption-attachment-416728\" data-attachment-id=\"416728\" data-permalink=\"https:\/\/paulinenaue.info\/index.php\/nachruf-auf-karl-weirauch-1925-2024\/karl-weirauch-dorffest-paulinenaue-2018\/\" data-orig-file=\"https:\/\/paulinenaue.info\/wp-content\/uploads\/2024\/08\/2018-06-30-Karl-Weirauch-im-Interview.jpeg\" data-orig-size=\"1000,1000\" data-comments-opened=\"1\" data-image-meta=\"{&quot;aperture&quot;:&quot;2.8&quot;,&quot;credit&quot;:&quot;&quot;,&quot;camera&quot;:&quot;DSC-RX10&quot;,&quot;caption&quot;:&quot;&quot;,&quot;created_timestamp&quot;:&quot;1530371070&quot;,&quot;copyright&quot;:&quot;&quot;,&quot;focal_length&quot;:&quot;15.78&quot;,&quot;iso&quot;:&quot;250&quot;,&quot;shutter_speed&quot;:&quot;0.02&quot;,&quot;title&quot;:&quot;Karl Weirauch, Dorffest Paulinenaue 2018&quot;,&quot;orientation&quot;:&quot;1&quot;}\" data-image-title=\"Karl Weirauch, Dorffest Paulinenaue 2018\" data-image-description=\"\" data-image-caption=\"&lt;p&gt;Karl Weirauch im Interview. Foto: J. Scholz, 2018.&lt;\/p&gt;\n\" data-large-file=\"https:\/\/paulinenaue.info\/wp-content\/uploads\/2024\/08\/2018-06-30-Karl-Weirauch-im-Interview.jpeg\" class=\"lazyload wp-image-416728 size-fusion-600\" src=\"https:\/\/paulinenaue.info\/wp-content\/uploads\/2024\/08\/2018-06-30-Karl-Weirauch-im-Interview-600x600.jpeg\" data-orig-src=\"https:\/\/paulinenaue.info\/wp-content\/uploads\/2024\/08\/2018-06-30-Karl-Weirauch-im-Interview-600x600.jpeg\" alt=\"\" width=\"600\" height=\"600\" srcset=\"data:image\/svg+xml,%3Csvg%20xmlns%3D%27http%3A%2F%2Fwww.w3.org%2F2000%2Fsvg%27%20width%3D%27600%27%20height%3D%27600%27%20viewBox%3D%270%200%20600%20600%27%3E%3Crect%20width%3D%27600%27%20height%3D%27600%27%20fill-opacity%3D%220%22%2F%3E%3C%2Fsvg%3E\" data-srcset=\"https:\/\/paulinenaue.info\/wp-content\/uploads\/2024\/08\/2018-06-30-Karl-Weirauch-im-Interview-66x66.jpeg 66w, https:\/\/paulinenaue.info\/wp-content\/uploads\/2024\/08\/2018-06-30-Karl-Weirauch-im-Interview-150x150.jpeg 150w, https:\/\/paulinenaue.info\/wp-content\/uploads\/2024\/08\/2018-06-30-Karl-Weirauch-im-Interview-200x200.jpeg 200w, https:\/\/paulinenaue.info\/wp-content\/uploads\/2024\/08\/2018-06-30-Karl-Weirauch-im-Interview-300x300.jpeg 300w, https:\/\/paulinenaue.info\/wp-content\/uploads\/2024\/08\/2018-06-30-Karl-Weirauch-im-Interview-400x400.jpeg 400w, https:\/\/paulinenaue.info\/wp-content\/uploads\/2024\/08\/2018-06-30-Karl-Weirauch-im-Interview-600x600.jpeg 600w, https:\/\/paulinenaue.info\/wp-content\/uploads\/2024\/08\/2018-06-30-Karl-Weirauch-im-Interview-768x768.jpeg 768w, https:\/\/paulinenaue.info\/wp-content\/uploads\/2024\/08\/2018-06-30-Karl-Weirauch-im-Interview-800x800.jpeg 800w, https:\/\/paulinenaue.info\/wp-content\/uploads\/2024\/08\/2018-06-30-Karl-Weirauch-im-Interview.jpeg 1000w\" data-sizes=\"auto\" data-orig-sizes=\"(max-width: 600px) 100vw, 600px\" \/><\/a><p id=\"caption-attachment-416728\" class=\"wp-caption-text\"><em>Karl Weirauch im Interview. Foto: J. Scholz, 2018.<\/em><\/p><\/div>\n<p class=\"p1\">Als Rentner stellte sich Karl Weirauch f\u00fcr ortsgeschichtliche Interviews <a href=\"https:\/\/paulinenaue.info\/index.php\/thema-torf-eine-exkursion-mit-karl-weirauch\/\">und F\u00fchrungen<\/a> immer wieder gern zur Verf\u00fcgung. Er war, man kann es nicht treffender sagen, ein lebendes Geschichtsbuch. Noch viele Stunden aufgezeichneten Materials warten auf Auswertung. Am Dienstag, dem 6. August 2024, ist Karl Weirauch nun im Alter von 98 Jahren verstorben. Sein Wunsch, die Feierlichkeit zum 100. Gemeindegr\u00fcndungsjubil\u00e4um noch zu erleben, hat sich leider nicht erf\u00fcllt. Der Paulinenauer Kulturverein ist Karl Weirauch zu gro\u00dfem Dank verpflichtet. Mit seinem Wissen und dem historischen Material, das er zur Verf\u00fcgung stellte, hat er enorm zur Erforschung der Ortsgeschichte beigetragen und sich selbst damit ein bleibendes Denkmal gesetzt.<\/p>\n<p class=\"p1\">Karl Weirauch wird selbstverst\u00e4ndlich in Paulinenaue seine letzte Ruhest\u00e4tte finden.<\/p>\n","protected":false},"excerpt":{"rendered":"<p>Seine Eltern Johann und Stanislawa waren 1920 aus Mecklenburg nach [&hellip;]<\/p>\n","protected":false},"author":1,"featured_media":416728,"comment_status":"open","ping_status":"open","sticky":false,"template":"","format":"standard","meta":{"_acf_changed":false,"_price":"","_stock":"","_tribe_ticket_header":"","_tribe_default_ticket_provider":"","_tribe_ticket_capacity":"0","_ticket_start_date":"","_ticket_end_date":"","_tribe_ticket_show_description":"","_tribe_ticket_show_not_going":false,"_tribe_ticket_use_global_stock":"","_tribe_ticket_global_stock_level":"","_global_stock_mode":"","_global_stock_cap":"","_tribe_rsvp_for_event":"","_tribe_ticket_going_count":"","_tribe_ticket_not_going_count":"","_tribe_tickets_list":"[]","_tribe_ticket_has_attendee_info_fields":false,"jetpack_post_was_ever_published":false,"_jetpack_newsletter_access":"","_jetpack_dont_email_post_to_subs":false,"_jetpack_newsletter_tier_id":0,"_jetpack_memberships_contains_paywalled_content":false,"_jetpack_memberships_contains_paid_content":false,"footnotes":"","jetpack_publicize_message":"","jetpack_publicize_feature_enabled":true,"jetpack_social_post_already_shared":true,"jetpack_social_options":{"image_generator_settings":{"template":"highway","default_image_id":0,"font":"","enabled":false},"version":2}},"categories":[526],"tags":[564,188],"class_list":["post-416714","post","type-post","status-publish","format-standard","has-post-thumbnail","hentry","category-ortsgeschichte","tag-karl-weirauch","tag-ortsgeschichte"],"acf":[],"yoast_head":"<!-- This site is optimized with the Yoast SEO plugin v27.5 - https:\/\/yoast.com\/product\/yoast-seo-wordpress\/ -->\n<title>Nachruf auf Karl Weirauch (1925\u20132024) - Paulinenaue<\/title>\n<meta name=\"description\" content=\"Am 6. August 2024 ist Karl Weirauch, der \u00e4lteste Paulinenauer, im Alter von 98 Jahren verstorben. Ein Nachruf.\" \/>\n<meta name=\"robots\" content=\"index, follow, max-snippet:-1, max-image-preview:large, max-video-preview:-1\" \/>\n<link rel=\"canonical\" href=\"https:\/\/paulinenaue.info\/index.php\/nachruf-auf-karl-weirauch-1925-2024\/\" \/>\n<meta property=\"og:locale\" content=\"de_DE\" \/>\n<meta property=\"og:type\" content=\"article\" \/>\n<meta property=\"og:title\" content=\"Nachruf auf Karl Weirauch (1925\u20132024) - Paulinenaue\" \/>\n<meta property=\"og:description\" content=\"Am 6. August 2024 ist Karl Weirauch, der \u00e4lteste Paulinenauer, im Alter von 98 Jahren verstorben. Ein Nachruf.\" \/>\n<meta property=\"og:url\" content=\"https:\/\/paulinenaue.info\/index.php\/nachruf-auf-karl-weirauch-1925-2024\/\" \/>\n<meta property=\"og:site_name\" content=\"Paulinenaue\" \/>\n<meta property=\"article:published_time\" content=\"2024-08-11T23:19:10+00:00\" \/>\n<meta property=\"article:modified_time\" content=\"2025-01-12T00:42:56+00:00\" \/>\n<meta property=\"og:image\" content=\"https:\/\/paulinenaue.info\/wp-content\/uploads\/2024\/08\/2018-06-30-Karl-Weirauch-im-Interview.jpeg\" \/>\n\t<meta property=\"og:image:width\" content=\"1000\" \/>\n\t<meta property=\"og:image:height\" content=\"1000\" \/>\n\t<meta property=\"og:image:type\" content=\"image\/jpeg\" \/>\n<meta name=\"author\" content=\"Joachim Scholz\" \/>\n<meta name=\"twitter:card\" content=\"summary_large_image\" \/>\n<meta name=\"twitter:label1\" content=\"Verfasst von\" \/>\n\t<meta name=\"twitter:data1\" content=\"Joachim Scholz\" \/>\n\t<meta name=\"twitter:label2\" content=\"Gesch\u00e4tzte Lesezeit\" \/>\n\t<meta name=\"twitter:data2\" content=\"3\u00a0Minuten\" \/>\n<script type=\"application\/ld+json\" class=\"yoast-schema-graph\">{\"@context\":\"https:\\\/\\\/schema.org\",\"@graph\":[{\"@type\":\"Article\",\"@id\":\"https:\\\/\\\/paulinenaue.info\\\/index.php\\\/nachruf-auf-karl-weirauch-1925-2024\\\/#article\",\"isPartOf\":{\"@id\":\"https:\\\/\\\/paulinenaue.info\\\/index.php\\\/nachruf-auf-karl-weirauch-1925-2024\\\/\"},\"author\":{\"name\":\"Joachim Scholz\",\"@id\":\"https:\\\/\\\/paulinenaue.info\\\/#\\\/schema\\\/person\\\/3f9e818fd7b69b0d2bd937ac506897cc\"},\"headline\":\"Nachruf auf Karl Weirauch (1925\u20132024)\",\"datePublished\":\"2024-08-11T23:19:10+00:00\",\"dateModified\":\"2025-01-12T00:42:56+00:00\",\"mainEntityOfPage\":{\"@id\":\"https:\\\/\\\/paulinenaue.info\\\/index.php\\\/nachruf-auf-karl-weirauch-1925-2024\\\/\"},\"wordCount\":364,\"commentCount\":0,\"image\":{\"@id\":\"https:\\\/\\\/paulinenaue.info\\\/index.php\\\/nachruf-auf-karl-weirauch-1925-2024\\\/#primaryimage\"},\"thumbnailUrl\":\"https:\\\/\\\/paulinenaue.info\\\/wp-content\\\/uploads\\\/2024\\\/08\\\/2018-06-30-Karl-Weirauch-im-Interview.jpeg\",\"keywords\":[\"Karl Weirauch\",\"Ortsgeschichte\"],\"articleSection\":[\"Ortsgeschichte\"],\"inLanguage\":\"de\",\"potentialAction\":[{\"@type\":\"CommentAction\",\"name\":\"Comment\",\"target\":[\"https:\\\/\\\/paulinenaue.info\\\/index.php\\\/nachruf-auf-karl-weirauch-1925-2024\\\/#respond\"]}]},{\"@type\":\"WebPage\",\"@id\":\"https:\\\/\\\/paulinenaue.info\\\/index.php\\\/nachruf-auf-karl-weirauch-1925-2024\\\/\",\"url\":\"https:\\\/\\\/paulinenaue.info\\\/index.php\\\/nachruf-auf-karl-weirauch-1925-2024\\\/\",\"name\":\"Nachruf auf Karl Weirauch (1925\u20132024) - Paulinenaue\",\"isPartOf\":{\"@id\":\"https:\\\/\\\/paulinenaue.info\\\/#website\"},\"primaryImageOfPage\":{\"@id\":\"https:\\\/\\\/paulinenaue.info\\\/index.php\\\/nachruf-auf-karl-weirauch-1925-2024\\\/#primaryimage\"},\"image\":{\"@id\":\"https:\\\/\\\/paulinenaue.info\\\/index.php\\\/nachruf-auf-karl-weirauch-1925-2024\\\/#primaryimage\"},\"thumbnailUrl\":\"https:\\\/\\\/paulinenaue.info\\\/wp-content\\\/uploads\\\/2024\\\/08\\\/2018-06-30-Karl-Weirauch-im-Interview.jpeg\",\"datePublished\":\"2024-08-11T23:19:10+00:00\",\"dateModified\":\"2025-01-12T00:42:56+00:00\",\"author\":{\"@id\":\"https:\\\/\\\/paulinenaue.info\\\/#\\\/schema\\\/person\\\/3f9e818fd7b69b0d2bd937ac506897cc\"},\"description\":\"Am 6. August 2024 ist Karl Weirauch, der \u00e4lteste Paulinenauer, im Alter von 98 Jahren verstorben. Ein Nachruf.\",\"breadcrumb\":{\"@id\":\"https:\\\/\\\/paulinenaue.info\\\/index.php\\\/nachruf-auf-karl-weirauch-1925-2024\\\/#breadcrumb\"},\"inLanguage\":\"de\",\"potentialAction\":[{\"@type\":\"ReadAction\",\"target\":[\"https:\\\/\\\/paulinenaue.info\\\/index.php\\\/nachruf-auf-karl-weirauch-1925-2024\\\/\"]}]},{\"@type\":\"ImageObject\",\"inLanguage\":\"de\",\"@id\":\"https:\\\/\\\/paulinenaue.info\\\/index.php\\\/nachruf-auf-karl-weirauch-1925-2024\\\/#primaryimage\",\"url\":\"https:\\\/\\\/paulinenaue.info\\\/wp-content\\\/uploads\\\/2024\\\/08\\\/2018-06-30-Karl-Weirauch-im-Interview.jpeg\",\"contentUrl\":\"https:\\\/\\\/paulinenaue.info\\\/wp-content\\\/uploads\\\/2024\\\/08\\\/2018-06-30-Karl-Weirauch-im-Interview.jpeg\",\"width\":1000,\"height\":1000,\"caption\":\"Karl Weirauch im Interview. Foto: J. Scholz, 2018.\"},{\"@type\":\"BreadcrumbList\",\"@id\":\"https:\\\/\\\/paulinenaue.info\\\/index.php\\\/nachruf-auf-karl-weirauch-1925-2024\\\/#breadcrumb\",\"itemListElement\":[{\"@type\":\"ListItem\",\"position\":1,\"name\":\"Home\",\"item\":\"https:\\\/\\\/paulinenaue.info\\\/\"},{\"@type\":\"ListItem\",\"position\":2,\"name\":\"Nachruf auf Karl Weirauch (1925\u20132024)\"}]},{\"@type\":\"WebSite\",\"@id\":\"https:\\\/\\\/paulinenaue.info\\\/#website\",\"url\":\"https:\\\/\\\/paulinenaue.info\\\/\",\"name\":\"Paulinenaue\",\"description\":\"Ein Dorf im Havelland\",\"potentialAction\":[{\"@type\":\"SearchAction\",\"target\":{\"@type\":\"EntryPoint\",\"urlTemplate\":\"https:\\\/\\\/paulinenaue.info\\\/?s={search_term_string}\"},\"query-input\":{\"@type\":\"PropertyValueSpecification\",\"valueRequired\":true,\"valueName\":\"search_term_string\"}}],\"inLanguage\":\"de\"},{\"@type\":\"Person\",\"@id\":\"https:\\\/\\\/paulinenaue.info\\\/#\\\/schema\\\/person\\\/3f9e818fd7b69b0d2bd937ac506897cc\",\"name\":\"Joachim Scholz\",\"url\":\"https:\\\/\\\/paulinenaue.info\\\/index.php\\\/author\\\/jjscholz\\\/\"}]}<\/script>\n<!-- \/ Yoast SEO plugin. -->","yoast_head_json":{"title":"Nachruf auf Karl Weirauch (1925\u20132024) - Paulinenaue","description":"Am 6. August 2024 ist Karl Weirauch, der \u00e4lteste Paulinenauer, im Alter von 98 Jahren verstorben. Ein Nachruf.","robots":{"index":"index","follow":"follow","max-snippet":"max-snippet:-1","max-image-preview":"max-image-preview:large","max-video-preview":"max-video-preview:-1"},"canonical":"https:\/\/paulinenaue.info\/index.php\/nachruf-auf-karl-weirauch-1925-2024\/","og_locale":"de_DE","og_type":"article","og_title":"Nachruf auf Karl Weirauch (1925\u20132024) - Paulinenaue","og_description":"Am 6. August 2024 ist Karl Weirauch, der \u00e4lteste Paulinenauer, im Alter von 98 Jahren verstorben. Ein Nachruf.","og_url":"https:\/\/paulinenaue.info\/index.php\/nachruf-auf-karl-weirauch-1925-2024\/","og_site_name":"Paulinenaue","article_published_time":"2024-08-11T23:19:10+00:00","article_modified_time":"2025-01-12T00:42:56+00:00","og_image":[{"width":1000,"height":1000,"url":"https:\/\/paulinenaue.info\/wp-content\/uploads\/2024\/08\/2018-06-30-Karl-Weirauch-im-Interview.jpeg","type":"image\/jpeg"}],"author":"Joachim Scholz","twitter_card":"summary_large_image","twitter_misc":{"Verfasst von":"Joachim Scholz","Gesch\u00e4tzte Lesezeit":"3\u00a0Minuten"},"schema":{"@context":"https:\/\/schema.org","@graph":[{"@type":"Article","@id":"https:\/\/paulinenaue.info\/index.php\/nachruf-auf-karl-weirauch-1925-2024\/#article","isPartOf":{"@id":"https:\/\/paulinenaue.info\/index.php\/nachruf-auf-karl-weirauch-1925-2024\/"},"author":{"name":"Joachim Scholz","@id":"https:\/\/paulinenaue.info\/#\/schema\/person\/3f9e818fd7b69b0d2bd937ac506897cc"},"headline":"Nachruf auf Karl Weirauch (1925\u20132024)","datePublished":"2024-08-11T23:19:10+00:00","dateModified":"2025-01-12T00:42:56+00:00","mainEntityOfPage":{"@id":"https:\/\/paulinenaue.info\/index.php\/nachruf-auf-karl-weirauch-1925-2024\/"},"wordCount":364,"commentCount":0,"image":{"@id":"https:\/\/paulinenaue.info\/index.php\/nachruf-auf-karl-weirauch-1925-2024\/#primaryimage"},"thumbnailUrl":"https:\/\/paulinenaue.info\/wp-content\/uploads\/2024\/08\/2018-06-30-Karl-Weirauch-im-Interview.jpeg","keywords":["Karl Weirauch","Ortsgeschichte"],"articleSection":["Ortsgeschichte"],"inLanguage":"de","potentialAction":[{"@type":"CommentAction","name":"Comment","target":["https:\/\/paulinenaue.info\/index.php\/nachruf-auf-karl-weirauch-1925-2024\/#respond"]}]},{"@type":"WebPage","@id":"https:\/\/paulinenaue.info\/index.php\/nachruf-auf-karl-weirauch-1925-2024\/","url":"https:\/\/paulinenaue.info\/index.php\/nachruf-auf-karl-weirauch-1925-2024\/","name":"Nachruf auf Karl Weirauch (1925\u20132024) - Paulinenaue","isPartOf":{"@id":"https:\/\/paulinenaue.info\/#website"},"primaryImageOfPage":{"@id":"https:\/\/paulinenaue.info\/index.php\/nachruf-auf-karl-weirauch-1925-2024\/#primaryimage"},"image":{"@id":"https:\/\/paulinenaue.info\/index.php\/nachruf-auf-karl-weirauch-1925-2024\/#primaryimage"},"thumbnailUrl":"https:\/\/paulinenaue.info\/wp-content\/uploads\/2024\/08\/2018-06-30-Karl-Weirauch-im-Interview.jpeg","datePublished":"2024-08-11T23:19:10+00:00","dateModified":"2025-01-12T00:42:56+00:00","author":{"@id":"https:\/\/paulinenaue.info\/#\/schema\/person\/3f9e818fd7b69b0d2bd937ac506897cc"},"description":"Am 6. August 2024 ist Karl Weirauch, der \u00e4lteste Paulinenauer, im Alter von 98 Jahren verstorben. Ein Nachruf.","breadcrumb":{"@id":"https:\/\/paulinenaue.info\/index.php\/nachruf-auf-karl-weirauch-1925-2024\/#breadcrumb"},"inLanguage":"de","potentialAction":[{"@type":"ReadAction","target":["https:\/\/paulinenaue.info\/index.php\/nachruf-auf-karl-weirauch-1925-2024\/"]}]},{"@type":"ImageObject","inLanguage":"de","@id":"https:\/\/paulinenaue.info\/index.php\/nachruf-auf-karl-weirauch-1925-2024\/#primaryimage","url":"https:\/\/paulinenaue.info\/wp-content\/uploads\/2024\/08\/2018-06-30-Karl-Weirauch-im-Interview.jpeg","contentUrl":"https:\/\/paulinenaue.info\/wp-content\/uploads\/2024\/08\/2018-06-30-Karl-Weirauch-im-Interview.jpeg","width":1000,"height":1000,"caption":"Karl Weirauch im Interview. Foto: J. Scholz, 2018."},{"@type":"BreadcrumbList","@id":"https:\/\/paulinenaue.info\/index.php\/nachruf-auf-karl-weirauch-1925-2024\/#breadcrumb","itemListElement":[{"@type":"ListItem","position":1,"name":"Home","item":"https:\/\/paulinenaue.info\/"},{"@type":"ListItem","position":2,"name":"Nachruf auf Karl Weirauch (1925\u20132024)"}]},{"@type":"WebSite","@id":"https:\/\/paulinenaue.info\/#website","url":"https:\/\/paulinenaue.info\/","name":"Paulinenaue","description":"Ein Dorf im Havelland","potentialAction":[{"@type":"SearchAction","target":{"@type":"EntryPoint","urlTemplate":"https:\/\/paulinenaue.info\/?s={search_term_string}"},"query-input":{"@type":"PropertyValueSpecification","valueRequired":true,"valueName":"search_term_string"}}],"inLanguage":"de"},{"@type":"Person","@id":"https:\/\/paulinenaue.info\/#\/schema\/person\/3f9e818fd7b69b0d2bd937ac506897cc","name":"Joachim Scholz","url":"https:\/\/paulinenaue.info\/index.php\/author\/jjscholz\/"}]}},"jetpack_publicize_connections":[],"jetpack_featured_media_url":"https:\/\/paulinenaue.info\/wp-content\/uploads\/2024\/08\/2018-06-30-Karl-Weirauch-im-Interview.jpeg","jetpack_sharing_enabled":true,"jetpack_shortlink":"https:\/\/wp.me\/pcYhWA-1Kpc","jetpack-related-posts":[{"id":4717,"url":"https:\/\/paulinenaue.info\/index.php\/thema-torf-eine-exkursion-mit-karl-weirauch\/","url_meta":{"origin":416714,"position":0},"title":"Thema Torf \u2013 eine\u00a0Exkursion mit Karl Weirauch","author":"Joachim Scholz","date":"1. Mai 2019","format":false,"excerpt":"Karl Weirauch ist ein Ph\u00e4nomen. Das \u00e4lteste Foto von ihm zeigt ihn als Dreij\u00e4hrigen auf einer monstr\u00f6sen Wiesenwalze vor dem Paulinenauer \u201eNeubau\u201c, in der heutigen Philipp-M\u00fcller-Stra\u00dfe. Es wurde 1928 aufgenommen. Wenn er heute \u00fcber das Schicksal der Walze berichtet, die Mitte der 1930er Jahre erst ausrangiert und dann ausgeweidet wurde,\u2026","rel":"","context":"In &quot;Dorfentwicklung&quot;","block_context":{"text":"Dorfentwicklung","link":"https:\/\/paulinenaue.info\/index.php\/category\/dorfentwicklung\/"},"img":{"alt_text":"","src":"https:\/\/i0.wp.com\/paulinenaue.info\/wp-content\/uploads\/2019\/04\/DSC01130.jpg?resize=350%2C200&ssl=1","width":350,"height":200,"srcset":"https:\/\/i0.wp.com\/paulinenaue.info\/wp-content\/uploads\/2019\/04\/DSC01130.jpg?resize=350%2C200&ssl=1 1x, https:\/\/i0.wp.com\/paulinenaue.info\/wp-content\/uploads\/2019\/04\/DSC01130.jpg?resize=525%2C300&ssl=1 1.5x, https:\/\/i0.wp.com\/paulinenaue.info\/wp-content\/uploads\/2019\/04\/DSC01130.jpg?resize=700%2C400&ssl=1 2x"},"classes":[]},{"id":852,"url":"https:\/\/paulinenaue.info\/index.php\/lesung-mit-geschichtensammler-eugen-gliege\/","url_meta":{"origin":416714,"position":1},"title":"Lesung mit Geschichtensammler Eugen Gliege","author":"Sarah","date":"26. April 2017","format":false,"excerpt":"Am 24. April fand in Paulinenaue in \u201eOnkel Walters Scheune\u201c eine Lesung mit dem bekannten havell\u00e4ndischen Pressezeichner und Geschichtensammler Eugen Gliege statt. Zu dieser Veranstaltung hatte der Paulinenauer Kulturverein eingeladen. Den Teilnehmern wurde ein toller Abend geboten, bei dem Eugen Gliege viele aufmerksame Zuh\u00f6rer f\u00fcr die Erz\u00e4hlungen und \u00dcberlieferungen fand,\u2026","rel":"","context":"In &quot;Hier Zuhause&quot;","block_context":{"text":"Hier Zuhause","link":"https:\/\/paulinenaue.info\/index.php\/category\/hier-zuhause\/"},"img":{"alt_text":"Eugen Gliege","src":"https:\/\/i0.wp.com\/paulinenaue.info\/wp-content\/uploads\/2017\/04\/Gliege.jpg?resize=350%2C200&ssl=1","width":350,"height":200,"srcset":"https:\/\/i0.wp.com\/paulinenaue.info\/wp-content\/uploads\/2017\/04\/Gliege.jpg?resize=350%2C200&ssl=1 1x, https:\/\/i0.wp.com\/paulinenaue.info\/wp-content\/uploads\/2017\/04\/Gliege.jpg?resize=525%2C300&ssl=1 1.5x"},"classes":[]},{"id":415648,"url":"https:\/\/paulinenaue.info\/index.php\/erweiterung-des-ortshistorischen-archivs\/","url_meta":{"origin":416714,"position":2},"title":"Erweiterung des ortshistorischen Archivs","author":"Joachim Scholz","date":"27. Dezember 2023","format":false,"excerpt":"Kulturverein erh\u00e4lt wertvolles Quellenmaterial zu den Gebr\u00fcdern Knauer Es gibt Spezialgebiete des Wissens und die dazu geh\u00f6renden Spezialisten. Das ist nicht nur in den Wissenschaften so, sondern auch im Pferdesport. Interessiert man sich zum Beispiel f\u00fcr die Geschichte des deutschen Trabrennsports, kommt man an Karl Dold nicht vorbei. \u00dcber Umwege\u2026","rel":"","context":"In &quot;Dorfentwicklung&quot;","block_context":{"text":"Dorfentwicklung","link":"https:\/\/paulinenaue.info\/index.php\/category\/dorfentwicklung\/"},"img":{"alt_text":"","src":"https:\/\/i0.wp.com\/paulinenaue.info\/wp-content\/uploads\/2023\/12\/1910-ca-Arthur-Knauer-Zeichnung-scaled.jpg?resize=350%2C200&ssl=1","width":350,"height":200,"srcset":"https:\/\/i0.wp.com\/paulinenaue.info\/wp-content\/uploads\/2023\/12\/1910-ca-Arthur-Knauer-Zeichnung-scaled.jpg?resize=350%2C200&ssl=1 1x, https:\/\/i0.wp.com\/paulinenaue.info\/wp-content\/uploads\/2023\/12\/1910-ca-Arthur-Knauer-Zeichnung-scaled.jpg?resize=525%2C300&ssl=1 1.5x, https:\/\/i0.wp.com\/paulinenaue.info\/wp-content\/uploads\/2023\/12\/1910-ca-Arthur-Knauer-Zeichnung-scaled.jpg?resize=700%2C400&ssl=1 2x, https:\/\/i0.wp.com\/paulinenaue.info\/wp-content\/uploads\/2023\/12\/1910-ca-Arthur-Knauer-Zeichnung-scaled.jpg?resize=1050%2C600&ssl=1 3x, https:\/\/i0.wp.com\/paulinenaue.info\/wp-content\/uploads\/2023\/12\/1910-ca-Arthur-Knauer-Zeichnung-scaled.jpg?resize=1400%2C800&ssl=1 4x"},"classes":[]},{"id":417278,"url":"https:\/\/paulinenaue.info\/index.php\/11-maerz-1925-vormittags-1-2-10-paulinenauer-speicher-wird-100\/","url_meta":{"origin":416714,"position":3},"title":"Der Paulinenauer Speicher wird 100","author":"Sarah","date":"8. M\u00e4rz 2025","format":false,"excerpt":"Von Sarah Vierjahn, Joachim Scholz und Eberhard Schwarz Als der Paulinenauer Gutsspeicher im Jahr 1925 fertiggestellt wurde, ist das sicher festlich begangen worden. Die Errichtung bedeutete f\u00fcr den gerade erst modernisierten Betrieb einen weiteren Fortschritt. Geerntetes Getreide und daraus gewonnenes Korn konnten nun witterungsgesch\u00fctzt trocknen, gelagert und im Geb\u00e4ude weiter\u2026","rel":"","context":"In &quot;Allgemein&quot;","block_context":{"text":"Allgemein","link":"https:\/\/paulinenaue.info\/index.php\/category\/allgemein\/"},"img":{"alt_text":"","src":"https:\/\/i0.wp.com\/paulinenaue.info\/wp-content\/uploads\/2025\/03\/2009-06-07-Speicher-und-Gutshof.jpeg?resize=350%2C200&ssl=1","width":350,"height":200,"srcset":"https:\/\/i0.wp.com\/paulinenaue.info\/wp-content\/uploads\/2025\/03\/2009-06-07-Speicher-und-Gutshof.jpeg?resize=350%2C200&ssl=1 1x, https:\/\/i0.wp.com\/paulinenaue.info\/wp-content\/uploads\/2025\/03\/2009-06-07-Speicher-und-Gutshof.jpeg?resize=525%2C300&ssl=1 1.5x, https:\/\/i0.wp.com\/paulinenaue.info\/wp-content\/uploads\/2025\/03\/2009-06-07-Speicher-und-Gutshof.jpeg?resize=700%2C400&ssl=1 2x"},"classes":[]},{"id":415702,"url":"https:\/\/paulinenaue.info\/index.php\/ehrengraeber-auf-dem-paulinenauer-friedhof\/","url_meta":{"origin":416714,"position":4},"title":"Ehrengr\u00e4ber auf dem Paulinenauer Friedhof","author":"Joachim Scholz","date":"14. Januar 2024","format":false,"excerpt":"Er ist einer der wenigen \u00f6ffentlichen Orte in Paulinenaue, an dem man zugleich etwas Sinnvolles tun, Leute treffen, sich erz\u00e4hlen und vielleicht sogar erholen kann: unser Friedhof. Selbst wenn niemand hier gerade harkt und hegt, ist man auf dem Friedhof Verwandten, Nachbarn und Freunden nah. Je l\u00e4nger man lebt, desto\u2026","rel":"","context":"In &quot;Dorfentwicklung&quot;","block_context":{"text":"Dorfentwicklung","link":"https:\/\/paulinenaue.info\/index.php\/category\/dorfentwicklung\/"},"img":{"alt_text":"","src":"https:\/\/i0.wp.com\/paulinenaue.info\/wp-content\/uploads\/2024\/01\/2021-09-18-Grabstelle-Ramsauer.jpeg?resize=350%2C200&ssl=1","width":350,"height":200,"srcset":"https:\/\/i0.wp.com\/paulinenaue.info\/wp-content\/uploads\/2024\/01\/2021-09-18-Grabstelle-Ramsauer.jpeg?resize=350%2C200&ssl=1 1x, https:\/\/i0.wp.com\/paulinenaue.info\/wp-content\/uploads\/2024\/01\/2021-09-18-Grabstelle-Ramsauer.jpeg?resize=525%2C300&ssl=1 1.5x, https:\/\/i0.wp.com\/paulinenaue.info\/wp-content\/uploads\/2024\/01\/2021-09-18-Grabstelle-Ramsauer.jpeg?resize=700%2C400&ssl=1 2x"},"classes":[]},{"id":6248,"url":"https:\/\/paulinenaue.info\/index.php\/100-jahre-friedhof-paulinenaue\/","url_meta":{"origin":416714,"position":5},"title":"100 Jahre Friedhof Paulinenaue","author":"Joachim Scholz","date":"31. Oktober 2021","format":false,"excerpt":"Vortrag anl\u00e4sslich der Gedenkveranstaltung am 2. Oktober 2021, von Joachim Scholz Ein seltener und auch etwas seltsamer Anlass f\u00fchrt uns heute auf den Paulinenauer Friedhof. Der Friedhof hat sozusagen Geburtstag. 100 Jahre Friedhof: Wie begeht man so einen Anlass? Soll man ihn \u00fcberhaupt begehen? Ich bin froh, dass unser Pfarrer\u2026","rel":"","context":"In &quot;Allgemein&quot;","block_context":{"text":"Allgemein","link":"https:\/\/paulinenaue.info\/index.php\/category\/allgemein\/"},"img":{"alt_text":"Friedhof Paulinenaue","src":"https:\/\/i0.wp.com\/paulinenaue.info\/wp-content\/uploads\/2021\/10\/2021-09-18-Friedhof-Paulinenaue.jpg?resize=350%2C200&ssl=1","width":350,"height":200,"srcset":"https:\/\/i0.wp.com\/paulinenaue.info\/wp-content\/uploads\/2021\/10\/2021-09-18-Friedhof-Paulinenaue.jpg?resize=350%2C200&ssl=1 1x, https:\/\/i0.wp.com\/paulinenaue.info\/wp-content\/uploads\/2021\/10\/2021-09-18-Friedhof-Paulinenaue.jpg?resize=525%2C300&ssl=1 1.5x, https:\/\/i0.wp.com\/paulinenaue.info\/wp-content\/uploads\/2021\/10\/2021-09-18-Friedhof-Paulinenaue.jpg?resize=700%2C400&ssl=1 2x"},"classes":[]}],"_links":{"self":[{"href":"https:\/\/paulinenaue.info\/index.php\/wp-json\/wp\/v2\/posts\/416714","targetHints":{"allow":["GET"]}}],"collection":[{"href":"https:\/\/paulinenaue.info\/index.php\/wp-json\/wp\/v2\/posts"}],"about":[{"href":"https:\/\/paulinenaue.info\/index.php\/wp-json\/wp\/v2\/types\/post"}],"author":[{"embeddable":true,"href":"https:\/\/paulinenaue.info\/index.php\/wp-json\/wp\/v2\/users\/1"}],"replies":[{"embeddable":true,"href":"https:\/\/paulinenaue.info\/index.php\/wp-json\/wp\/v2\/comments?post=416714"}],"version-history":[{"count":27,"href":"https:\/\/paulinenaue.info\/index.php\/wp-json\/wp\/v2\/posts\/416714\/revisions"}],"predecessor-version":[{"id":417258,"href":"https:\/\/paulinenaue.info\/index.php\/wp-json\/wp\/v2\/posts\/416714\/revisions\/417258"}],"wp:featuredmedia":[{"embeddable":true,"href":"https:\/\/paulinenaue.info\/index.php\/wp-json\/wp\/v2\/media\/416728"}],"wp:attachment":[{"href":"https:\/\/paulinenaue.info\/index.php\/wp-json\/wp\/v2\/media?parent=416714"}],"wp:term":[{"taxonomy":"category","embeddable":true,"href":"https:\/\/paulinenaue.info\/index.php\/wp-json\/wp\/v2\/categories?post=416714"},{"taxonomy":"post_tag","embeddable":true,"href":"https:\/\/paulinenaue.info\/index.php\/wp-json\/wp\/v2\/tags?post=416714"}],"curies":[{"name":"wp","href":"https:\/\/api.w.org\/{rel}","templated":true}]}}