{"id":416836,"date":"2024-09-15T23:26:57","date_gmt":"2024-09-15T21:26:57","guid":{"rendered":"https:\/\/paulinenaue.info\/?p=416836"},"modified":"2024-09-20T01:46:50","modified_gmt":"2024-09-19T23:46:50","slug":"wie-gehts-euch-zora-alber-ueber-ihren-havelland-podcast","status":"publish","type":"post","link":"https:\/\/paulinenaue.info\/index.php\/wie-gehts-euch-zora-alber-ueber-ihren-havelland-podcast\/","title":{"rendered":"\u201eWie geht\u2019s euch?\u201c \u2013\u00a0Zora Alber \u00fcber ihren Havelland-Podcast"},"content":{"rendered":"<p>Die Journalistin Zora Alber vom Sender Flux FM fuhr in diesem Sommer mit dem Fahrrad auf dem Havelland-Radweg, um f\u00fcr den <a href=\"https:\/\/www.fluxfm.de\/g\/havelland-und-leute\">Podcast \u201eHavelland und Leute\u201c<\/a> Stimmen einzufangen. Ihr Weg f\u00fchrte sie auch durch Paulinenaue. \u00dcber den Podcast und die Stimmung im Havelland lesen Sie im folgenden Interview.\u00a0 Mit Zora Alber sprach Joachim Scholz.<\/p>\n<p><strong>Hallo Frau Alber. Ist Ihr Podcast aufgegangen wie gedacht?<\/strong><\/p>\n<p>Bisher schon. Zwei Folgen stehen ja noch aus, aber bisher ist es ein total spannendes sch\u00f6nes Projekt. Es macht mir viel Spa\u00df und ist noch besser als ich es vorher h\u00e4tte erwarten k\u00f6nnen.<\/p>\n<p>&nbsp;<\/p>\n<div id=\"attachment_416843\" style=\"width: 610px\" class=\"wp-caption alignnone\"><a href=\"https:\/\/paulinenaue.info\/wp-content\/uploads\/2024\/09\/Zoom_Meeting_02.jpg\"><img decoding=\"async\" aria-describedby=\"caption-attachment-416843\" data-attachment-id=\"416843\" data-permalink=\"https:\/\/paulinenaue.info\/index.php\/wie-gehts-euch-zora-alber-ueber-ihren-havelland-podcast\/zoom_meeting_02\/\" data-orig-file=\"https:\/\/paulinenaue.info\/wp-content\/uploads\/2024\/09\/Zoom_Meeting_02.jpg\" data-orig-size=\"1000,563\" data-comments-opened=\"1\" data-image-meta=\"{&quot;aperture&quot;:&quot;0&quot;,&quot;credit&quot;:&quot;&quot;,&quot;camera&quot;:&quot;&quot;,&quot;caption&quot;:&quot;&quot;,&quot;created_timestamp&quot;:&quot;0&quot;,&quot;copyright&quot;:&quot;&quot;,&quot;focal_length&quot;:&quot;0&quot;,&quot;iso&quot;:&quot;0&quot;,&quot;shutter_speed&quot;:&quot;0&quot;,&quot;title&quot;:&quot;&quot;,&quot;orientation&quot;:&quot;1&quot;}\" data-image-title=\"Zoom_Meeting_02\" data-image-description=\"\" data-image-caption=\"\" data-large-file=\"https:\/\/paulinenaue.info\/wp-content\/uploads\/2024\/09\/Zoom_Meeting_02.jpg\" class=\"lazyload wp-image-416843 size-fusion-600\" src=\"https:\/\/paulinenaue.info\/wp-content\/uploads\/2024\/09\/Zoom_Meeting_02-600x338.jpg\" data-orig-src=\"https:\/\/paulinenaue.info\/wp-content\/uploads\/2024\/09\/Zoom_Meeting_02-600x338.jpg\" alt=\"\" width=\"600\" height=\"338\" srcset=\"data:image\/svg+xml,%3Csvg%20xmlns%3D%27http%3A%2F%2Fwww.w3.org%2F2000%2Fsvg%27%20width%3D%27600%27%20height%3D%27338%27%20viewBox%3D%270%200%20600%20338%27%3E%3Crect%20width%3D%27600%27%20height%3D%27338%27%20fill-opacity%3D%220%22%2F%3E%3C%2Fsvg%3E\" data-srcset=\"https:\/\/paulinenaue.info\/wp-content\/uploads\/2024\/09\/Zoom_Meeting_02-200x113.jpg 200w, https:\/\/paulinenaue.info\/wp-content\/uploads\/2024\/09\/Zoom_Meeting_02-300x169.jpg 300w, https:\/\/paulinenaue.info\/wp-content\/uploads\/2024\/09\/Zoom_Meeting_02-400x225.jpg 400w, https:\/\/paulinenaue.info\/wp-content\/uploads\/2024\/09\/Zoom_Meeting_02-600x338.jpg 600w, https:\/\/paulinenaue.info\/wp-content\/uploads\/2024\/09\/Zoom_Meeting_02-768x432.jpg 768w, https:\/\/paulinenaue.info\/wp-content\/uploads\/2024\/09\/Zoom_Meeting_02-800x450.jpg 800w, https:\/\/paulinenaue.info\/wp-content\/uploads\/2024\/09\/Zoom_Meeting_02.jpg 1000w\" data-sizes=\"auto\" data-orig-sizes=\"(max-width: 600px) 100vw, 600px\" \/><\/a><p id=\"caption-attachment-416843\" class=\"wp-caption-text\"><em>Die Journalistin Zora Alber ist beim Interview per Zoom aus dem Aufnahmestudio zugeschaltet. <\/em><\/p><\/div>\n<p><strong>Wie ist die Idee zum Podcast aufgekommen?<\/strong><\/p>\n<p>Tats\u00e4chlich ist 100,6 Flux FM ein Radiosender, der sowohl f\u00fcr Berlin als auch f\u00fcr Brandenburg sendet. Deshalb sind uns auch Themen wichtig, die in Brandenburg relevant sind. Gerade jetzt vor der Landtagswahl. Wir wollten bewusst auf einer pers\u00f6nlichen Ebene fragen, wie geht\u2019s den Menschen. Um herauszufinden: Was sind Themen, die die Wahlentscheidung begr\u00fcnden.<\/p>\n<p><strong>Auf welche Befindlichkeiten sind Sie denn gesto\u00dfen und vermittelt der Podcast das ganze Bild?<\/strong><\/p>\n<p>Ich bin ehrlich und authentisch geblieben. Ich hab manchmal Erfahrungen, die ich hinter dem Mikrophon gemacht habe, die dann nicht stimmlich eingefangen werden konnten, bei uns im Programm wiedererz\u00e4hlt. Manchmal gab es Situationen, die ein bisschen herausfordernder waren, wenn\u2019s darum ging, Leute anzusprechen. Aber was man im Podcast h\u00f6rt, ist authentisch das, was mir widerfahren ist.<\/p>\n<p><strong>Haben Sie als Berlinerin auch eine Anti-Berlin-Haltung gesp\u00fcrt?<\/strong><\/p>\n<p>Als ich die Aufgabe bekam, hatte ich mich schon gefragt, wie Menschen reagieren, wenn ich jetzt sage, ich komme aus Berlin. Ob ich da gleich eine Abneigung sp\u00fcre. Tats\u00e4chlich war es gar nicht so. Ich hab nicht einmal das Gef\u00fchl habt, weil sie jetzt aus Berlin kommt, wollen wir nicht mit ihr reden. Eher war es so, dass die Leute sich sehr gefreut haben, dass ein Interesse besteht: Endlich kommt mal jemand und fragt einfach mal. Ohne Vorurteil, mit ner offenen Frage: Wie geht\u2019s euch? Die Bef\u00fcrchtungen waren unbegr\u00fcndet.<\/p>\n<p><strong>Ist Ihnen das Havelland als eine homogene Masse erschienen, sind die Havell\u00e4nder alle gleich? Und wie ist Ihnen Paulinenaue vorgekommen?<\/strong><\/p>\n<p>Es ist schon sehr unterschiedlich. Ich habe die Leute in unterschiedlichen Lebenssituationen angetroffen und jeder Ort hat seine eigenen Probleme und Herausforderungen. Und das hat nat\u00fcrlich auch die Sichtweisen der Menschen gepr\u00e4gt. Ich habe Menschen getroffen, von denen ich den Eindruck hatte, dass es ihnen sehr gut geht, dass sie sehr gl\u00fccklich sind mit ihrem Leben dort, die auch wirklich mehrfach gesagt haben, es gibt eigentlich nicht viel zu meckern und wenn gemeckert wird, dann auf hohem Niveau. Und auf der anderen Seite gab es Orte, wo man schon gesp\u00fcrt hat, da sind die Brennpunkte und sozialen Konflikte viel gr\u00f6\u00dfer und die Leute viel mehr davon beeinflusst. Das pr\u00e4gt dann nat\u00fcrlich wieder ihre Sichtweise auf ihr Leben und auf die gesellschaftlichen Umst\u00e4nde. Da gab es Unterschiede von Ort zu Ort, obwohl die r\u00e4umlich gar nicht so weit auseinander lagen.<\/p>\n<p>Was Paulinenaue anbetrifft, war mein erster Eindruck durch Eckhard Vierjahn gepr\u00e4gt. Dem muss man ja eigentlich nur m\u00f6gen. So ein sympathischer, engagierter, ortskundiger Mensch, auch ein interessanter Gespr\u00e4chspartner. Also durch ihn habe ich auch wirklich erlebt, wie engagiert Menschen in diesen Gemeinden sein k\u00f6nnen und wie verbunden die Menschen sind. Auch\u00a0wie sie auf ihn reagiert haben. Also, wir hatten dann auch so ein paar Paulinenauer*innen getroffen auf der Stra\u00dfe. Eckhard hat dann versucht, zu werben daf\u00fcr, dass noch mehr Leute mit mir reden wollen. Und da hat man gemerkt, was f\u00fcr einen starken Zusammenhalt es in Paulinenaue gibt.<\/p>\n<div id=\"attachment_416841\" style=\"width: 610px\" class=\"wp-caption alignnone\"><a href=\"https:\/\/paulinenaue.info\/wp-content\/uploads\/2024\/09\/Zora-Alber-und-Eckhard-Vierjahn-1.jpg\"><img decoding=\"async\" aria-describedby=\"caption-attachment-416841\" data-attachment-id=\"416841\" data-permalink=\"https:\/\/paulinenaue.info\/index.php\/wie-gehts-euch-zora-alber-ueber-ihren-havelland-podcast\/zora-alber-und-eckhard-vierjahn-2\/\" data-orig-file=\"https:\/\/paulinenaue.info\/wp-content\/uploads\/2024\/09\/Zora-Alber-und-Eckhard-Vierjahn-1-e1726431154770.jpg\" data-orig-size=\"827,663\" data-comments-opened=\"1\" data-image-meta=\"{&quot;aperture&quot;:&quot;0&quot;,&quot;credit&quot;:&quot;&quot;,&quot;camera&quot;:&quot;&quot;,&quot;caption&quot;:&quot;&quot;,&quot;created_timestamp&quot;:&quot;0&quot;,&quot;copyright&quot;:&quot;&quot;,&quot;focal_length&quot;:&quot;0&quot;,&quot;iso&quot;:&quot;0&quot;,&quot;shutter_speed&quot;:&quot;0&quot;,&quot;title&quot;:&quot;&quot;,&quot;orientation&quot;:&quot;1&quot;}\" data-image-title=\"Zora Alber und Eckhard Vierjahn\" data-image-description=\"\" data-image-caption=\"\" data-large-file=\"https:\/\/paulinenaue.info\/wp-content\/uploads\/2024\/09\/Zora-Alber-und-Eckhard-Vierjahn-1-e1726431154770.jpg\" class=\"lazyload wp-image-416841 size-fusion-600\" src=\"https:\/\/paulinenaue.info\/wp-content\/uploads\/2024\/09\/Zora-Alber-und-Eckhard-Vierjahn-1-e1726431154770-600x481.jpg\" data-orig-src=\"https:\/\/paulinenaue.info\/wp-content\/uploads\/2024\/09\/Zora-Alber-und-Eckhard-Vierjahn-1-e1726431154770-600x481.jpg\" alt=\"\" width=\"600\" height=\"481\" srcset=\"data:image\/svg+xml,%3Csvg%20xmlns%3D%27http%3A%2F%2Fwww.w3.org%2F2000%2Fsvg%27%20width%3D%27600%27%20height%3D%27481%27%20viewBox%3D%270%200%20600%20481%27%3E%3Crect%20width%3D%27600%27%20height%3D%27481%27%20fill-opacity%3D%220%22%2F%3E%3C%2Fsvg%3E\" data-srcset=\"https:\/\/paulinenaue.info\/wp-content\/uploads\/2024\/09\/Zora-Alber-und-Eckhard-Vierjahn-1-e1726431154770-200x160.jpg 200w, https:\/\/paulinenaue.info\/wp-content\/uploads\/2024\/09\/Zora-Alber-und-Eckhard-Vierjahn-1-e1726431154770-300x241.jpg 300w, https:\/\/paulinenaue.info\/wp-content\/uploads\/2024\/09\/Zora-Alber-und-Eckhard-Vierjahn-1-e1726431154770-400x321.jpg 400w, https:\/\/paulinenaue.info\/wp-content\/uploads\/2024\/09\/Zora-Alber-und-Eckhard-Vierjahn-1-e1726431154770-600x481.jpg 600w, https:\/\/paulinenaue.info\/wp-content\/uploads\/2024\/09\/Zora-Alber-und-Eckhard-Vierjahn-1-e1726431154770-768x616.jpg 768w, https:\/\/paulinenaue.info\/wp-content\/uploads\/2024\/09\/Zora-Alber-und-Eckhard-Vierjahn-1-e1726431154770-800x641.jpg 800w, https:\/\/paulinenaue.info\/wp-content\/uploads\/2024\/09\/Zora-Alber-und-Eckhard-Vierjahn-1-e1726431154770.jpg 827w\" data-sizes=\"auto\" data-orig-sizes=\"(max-width: 600px) 100vw, 600px\" \/><\/a><p id=\"caption-attachment-416841\" class=\"wp-caption-text\"><em>Zora Alber im Gespr\u00e4ch mit Eckhard Vierjahn.<\/em><\/p><\/div>\n<p>&nbsp;<\/p>\n<p><strong>Haben Sie auch etwas von dem Rechtsruck mitbekommen im Havelland?<\/strong><\/p>\n<p>Ja, das ist spannend, weil ich nat\u00fcrlich immer im Hinterkopf hatte, dass die Zahlen so ein ganz klares Bild sprechen. Es wird ja sehr viel blau gew\u00e4hlt. In den Europawahlen und Kommunalwahlen ist die AfD manchmal st\u00e4rkste Kraft geworden. In den Gespr\u00e4chen war das dann l\u00e4ngst nicht so deutlich. Es gab schon unterschwellig zwischen den Zeilen Aussagen, wo ich dachte, da ist definitiv Sympathie vorhanden. Aber viel mehr Leute haben sich vor dem Mikrophon dagegen ausgesprochen. Doch obwohl wenige gesagt haben, ich w\u00e4hle das, gab es in vielen Gespr\u00e4chen Verst\u00e4ndnis daf\u00fcr, dass die Menschen AfD w\u00e4hlen. Ich bin nach wie vor eine AfD-Gegnerin, habe mich aber bem\u00fcht zu verstehen, was die Leute bewegt.<\/p>\n<p>&nbsp;<\/p>\n<p><strong>Und was sind das f\u00fcr Gr\u00fcnde?<\/strong><\/p>\n<p>Also diese Protesthaltung gegen\u00fcber den alteingesessenen Parteien, dieses Gef\u00fchl: \u201eEs muss endlich was passieren, weil die Parteien in Berlin realit\u00e4tsfern sind\u201c. Das ist ein Vorwurf, der oft kommt und mit dem einher geht, dass man sich ungerecht behandelt oder abgeh\u00e4ngt f\u00fchlt. Zum Beispiel die Diskussion, die wir hier in Berlin gerne zur Mobilit\u00e4ts- und Energiewende f\u00fchren. Dass wir vom\u00a0Auto\u00a0wegwollen. Ich kann dann verstehen, dass die Leute, weil die Infrastruktur nicht gegeben ist, nat\u00fcrlich sagen: \u201eWie k\u00f6nnen die in Berlin dar\u00fcber reden, dass die das Auto abschaffen zu wollen. Das hei\u00dft anscheinend, die Politik wird nicht f\u00fcr uns gemacht\u201c. Und dass sie sich an Parteien wenden, die ihnen sagen: \u201eF\u00fcr dich behalten wir das Auto. Wir sehen dich\u201c. Das ist dann ein leichtes Spiel.<\/p>\n<p>Die Menschen wollen gesehen werden und sie wollen mit einbezogen werden. Ich fand einleuchtend, warum Energiepreiserh\u00f6hungen Sorge bereiten. Wir in Berlin haben Busse und Fahrr\u00e4der. Aber so lange diese Probleme in den l\u00e4ndlichen Gebieten nicht angeboten werden, ist die jetzige Politik in der Pflicht, die Umst\u00e4nde so zu verbessern, dass ihr die Partei nicht w\u00e4hlen m\u00fcsst, die euch diese Versprechen macht. Verstehen Sie?<\/p>\n<p>&nbsp;<\/p>\n<p><strong>Ja, ich verstehe, zumal es ja oft gar nicht einmal die Position der Parteien ist. Dass das Auto f\u00fcrs Land unverzichtbar ist, sagten ja sogar die Gr\u00fcnen. Aber das scheint ein Vermittlungsproblem zu sein. Und ein Imageproblem, das verst\u00e4rkt wird. <\/strong><\/p>\n<p>Total. Das ist auch noch ein Punkt, der mir aufgefallen ist. Dass einige Menschen politische Prozesse nicht mehr verstehen, weil sie sehr komplex geworden sind. Und sie sich teilweise nicht auseinandersetzen k\u00f6nnen oder wollen. Dann aber auch eine Demokratiem\u00fcdigkeit. Also, wie oft ich geh\u00f6rt habe: Ich gehe nicht mehr w\u00e4hlen, es bringt eh nichts. Mein Kreuzchen \u00e4ndert nichts. Egal, ob das junge Menschen waren, 20j\u00e4hrige, oder \u00e4ltere Damen. Es ist unfassbar. Und nat\u00fcrlich, wenn diese Lust auf Teilhabe sinkt, die Demokratie zu gestalten, ist das extrem gef\u00e4hrlich und spielt nat\u00fcrlich wieder denen in die H\u00e4nde, die sagen: Ihr m\u00fcsst gar nichts machen, wir kl\u00e4ren das f\u00fcr Euch. Das war ein Faktor in meinen Gespr\u00e4chen. Die Lust an der Auseinandersetzung sinkt. Die Leute sind m\u00fcde, die sagen, es bringt ja eh nichts. Diese Leute hat man total verloren f\u00fcr den demokratischen Diskurs. Auch da denke ich, es ist die Aufgabe von uns allen, die Leute zu aktivieren, dass die sich wieder einbringen wollen und das Gef\u00fchl haben, ihre Stimme z\u00e4hlt sehr wohl.<\/p>\n<p>&nbsp;<\/p>\n<div id=\"attachment_416845\" style=\"width: 610px\" class=\"wp-caption alignnone\"><a href=\"https:\/\/paulinenaue.info\/wp-content\/uploads\/2024\/09\/2014-03-03-Bauernproteste-in-Paulinenaue.jpeg\"><img decoding=\"async\" aria-describedby=\"caption-attachment-416845\" data-attachment-id=\"416845\" data-permalink=\"https:\/\/paulinenaue.info\/index.php\/wie-gehts-euch-zora-alber-ueber-ihren-havelland-podcast\/bauernproteste-in-paulinenaue-2024\/\" data-orig-file=\"https:\/\/paulinenaue.info\/wp-content\/uploads\/2024\/09\/2014-03-03-Bauernproteste-in-Paulinenaue.jpeg\" data-orig-size=\"1000,667\" data-comments-opened=\"1\" data-image-meta=\"{&quot;aperture&quot;:&quot;4&quot;,&quot;credit&quot;:&quot;&quot;,&quot;camera&quot;:&quot;DSC-RX10M3&quot;,&quot;caption&quot;:&quot;&quot;,&quot;created_timestamp&quot;:&quot;1709455268&quot;,&quot;copyright&quot;:&quot;&quot;,&quot;focal_length&quot;:&quot;32.39&quot;,&quot;iso&quot;:&quot;100&quot;,&quot;shutter_speed&quot;:&quot;0.0025&quot;,&quot;title&quot;:&quot;Bauernproteste in Paulinenaue 2024&quot;,&quot;orientation&quot;:&quot;1&quot;}\" data-image-title=\"Bauernproteste in Paulinenaue 2024\" data-image-description=\"\" data-image-caption=\"\" data-large-file=\"https:\/\/paulinenaue.info\/wp-content\/uploads\/2024\/09\/2014-03-03-Bauernproteste-in-Paulinenaue.jpeg\" class=\"lazyload wp-image-416845 size-fusion-600\" src=\"https:\/\/paulinenaue.info\/wp-content\/uploads\/2024\/09\/2014-03-03-Bauernproteste-in-Paulinenaue-600x400.jpeg\" data-orig-src=\"https:\/\/paulinenaue.info\/wp-content\/uploads\/2024\/09\/2014-03-03-Bauernproteste-in-Paulinenaue-600x400.jpeg\" alt=\"\" width=\"600\" height=\"400\" srcset=\"data:image\/svg+xml,%3Csvg%20xmlns%3D%27http%3A%2F%2Fwww.w3.org%2F2000%2Fsvg%27%20width%3D%27600%27%20height%3D%27400%27%20viewBox%3D%270%200%20600%20400%27%3E%3Crect%20width%3D%27600%27%20height%3D%27400%27%20fill-opacity%3D%220%22%2F%3E%3C%2Fsvg%3E\" data-srcset=\"https:\/\/paulinenaue.info\/wp-content\/uploads\/2024\/09\/2014-03-03-Bauernproteste-in-Paulinenaue-200x133.jpeg 200w, https:\/\/paulinenaue.info\/wp-content\/uploads\/2024\/09\/2014-03-03-Bauernproteste-in-Paulinenaue-300x200.jpeg 300w, https:\/\/paulinenaue.info\/wp-content\/uploads\/2024\/09\/2014-03-03-Bauernproteste-in-Paulinenaue-400x267.jpeg 400w, https:\/\/paulinenaue.info\/wp-content\/uploads\/2024\/09\/2014-03-03-Bauernproteste-in-Paulinenaue-600x400.jpeg 600w, https:\/\/paulinenaue.info\/wp-content\/uploads\/2024\/09\/2014-03-03-Bauernproteste-in-Paulinenaue-768x512.jpeg 768w, https:\/\/paulinenaue.info\/wp-content\/uploads\/2024\/09\/2014-03-03-Bauernproteste-in-Paulinenaue-800x534.jpeg 800w, https:\/\/paulinenaue.info\/wp-content\/uploads\/2024\/09\/2014-03-03-Bauernproteste-in-Paulinenaue.jpeg 1000w\" data-sizes=\"auto\" data-orig-sizes=\"(max-width: 600px) 100vw, 600px\" \/><\/a><p id=\"caption-attachment-416845\" class=\"wp-caption-text\"><em>Bauernproteste mit populistischer Note im M\u00e4rz. Foto: J. Scholz, 2024.<\/em><\/p><\/div>\n<p>&nbsp;<\/p>\n<p><strong>Sind sie alleine gewesen oder hatten Sie noch die Technik dabei?<\/strong><\/p>\n<p>Ja, ich war ganz alleine. Eigentlich war es nur f\u00fcr die erste Folge, wo es nicht anders ging, so geplant. Und ich dachte, okay, dann mache ich mal alleine, habe dann festgestellt, dass es eigentlich wunderbar klappt. Und jetzt im Nachhinein denke ich, ist es auch besser, weil diese Ansprechsituation, auf Leute zuzugehen, w\u00e4re zu zweit eine ganz andere gewesen. So setze ich mich halt manchmal auf eine Bank neben jemanden und fragt den einfach, ob wir uns kurz unterhalten k\u00f6nnen.<\/p>\n<p>&nbsp;<\/p>\n<p><strong>Und wenn wir jetzt die Politik verlassen, ist noch irgendwas anderes zum Havelland zu sagen, Natur wahrscheinlich?<\/strong><\/p>\n<p>Ja, super, sch\u00f6n. Hat mir total gefallen, ich habe wirklich meine Liebe f\u00fcrs Havelland entdeckt. Ich war einmal als Kind auf dem Marienhof bei Ribbeck, hatte aber sonst gar keine Erfahrung. Durch diese Fahrt auf dem Havellandradweg w\u00fcrde ich jetzt auch privat, glaube ich, jedem raten, fahrt den doch mal ab. Also das hat mir richtig gut gefallen. Ich kann auch gut verstehen, warum Leute wegen dieser Ruhe wieder zur\u00fcck aufs Land ziehen.<\/p>\n<p>Und um noch mal auf die Menschen zu sprechen zu kommen. Bei allen Situationen, die ich hatte, war es sehr bemerkenswert war, wie viele Menschen sich engagieren, gesellschaftlich und politisch. Ich fand das so toll, dass ich \u00fcberall Akteur*innen getroffen habe, die sich wirklich mit vollem Herzblut f\u00fcr Ihren Ort einsetzen, wo man sp\u00fcrt, die lieben ihren Ort, wo sie teilweise ihre ganze Freizeit daf\u00fcr opfern, irgendwie ehrenamtlich zu arbeiten, Feste zu organisieren, Initiativen aus dem Boden zu stampfen. Nat\u00fcrlich auch im Kampf gegen rechts. Es gibt Vereine, die mir geschildert haben, wie sie mit Finanzproblemen k\u00e4mpfen und trotzdem diesen Job machen wollen und f\u00fcr Gefl\u00fcchtete zum Beispiel Anlaufpunkt bieten. Oder auch Sie mit Ihrem Blog, da kann ich auch sagen, Hut ab, dass sie das machen, mit so viel Engagement, dass sie sich da die Zeit nehmen und ja, ist es fantastisch, weil das ist so beeindruckend.<\/p>\n<p>Also wirklich mit so viel gesellschaftlichen Engagement, seine Zeit daf\u00fcr zu nutzen, um Beitrag zu leisten, das ist mir oft entgegengekommen, das fand ich total beeindruckend.<\/p>\n<p>&nbsp;<\/p>\n<div id=\"attachment_416599\" style=\"width: 410px\" class=\"wp-caption alignnone\"><a href=\"https:\/\/www.fluxfm.de\/g\/havelland-und-leute\/Folge-2-Nach-der-Wahl-ist-vor-der-Wahl-or-Havelland-and-Leute-2VfYE4D7SfQn4wQQRSkvDr\"><img decoding=\"async\" aria-describedby=\"caption-attachment-416599\" data-attachment-id=\"416599\" data-permalink=\"https:\/\/paulinenaue.info\/index.php\/radio-1006-fluxfm-in-paulinenaue\/d15be09c-e32d-4347-bde9-52674e351cbc_1718886088-webp\/\" data-orig-file=\"https:\/\/paulinenaue.info\/wp-content\/uploads\/2024\/06\/d15be09c-e32d-4347-bde9-52674e351cbc_1718886088.webp.webp\" data-orig-size=\"2200,1237\" data-comments-opened=\"1\" data-image-meta=\"{&quot;aperture&quot;:&quot;0&quot;,&quot;credit&quot;:&quot;&quot;,&quot;camera&quot;:&quot;&quot;,&quot;caption&quot;:&quot;&quot;,&quot;created_timestamp&quot;:&quot;0&quot;,&quot;copyright&quot;:&quot;&quot;,&quot;focal_length&quot;:&quot;0&quot;,&quot;iso&quot;:&quot;0&quot;,&quot;shutter_speed&quot;:&quot;0&quot;,&quot;title&quot;:&quot;&quot;,&quot;orientation&quot;:&quot;0&quot;}\" data-image-title=\"d15be09c-e32d-4347-bde9-52674e351cbc_1718886088.webp\" data-image-description=\"\" data-image-caption=\"\" data-large-file=\"https:\/\/paulinenaue.info\/wp-content\/uploads\/2024\/06\/d15be09c-e32d-4347-bde9-52674e351cbc_1718886088.webp-1024x576.webp\" class=\"lazyload wp-image-416599 size-fusion-400\" src=\"https:\/\/paulinenaue.info\/wp-content\/uploads\/2024\/06\/d15be09c-e32d-4347-bde9-52674e351cbc_1718886088.webp-400x225.webp\" data-orig-src=\"https:\/\/paulinenaue.info\/wp-content\/uploads\/2024\/06\/d15be09c-e32d-4347-bde9-52674e351cbc_1718886088.webp-400x225.webp\" alt=\"\" width=\"400\" height=\"225\" srcset=\"data:image\/svg+xml,%3Csvg%20xmlns%3D%27http%3A%2F%2Fwww.w3.org%2F2000%2Fsvg%27%20width%3D%27400%27%20height%3D%27225%27%20viewBox%3D%270%200%20400%20225%27%3E%3Crect%20width%3D%27400%27%20height%3D%27225%27%20fill-opacity%3D%220%22%2F%3E%3C%2Fsvg%3E\" data-srcset=\"https:\/\/paulinenaue.info\/wp-content\/uploads\/2024\/06\/d15be09c-e32d-4347-bde9-52674e351cbc_1718886088.webp-200x112.webp 200w, https:\/\/paulinenaue.info\/wp-content\/uploads\/2024\/06\/d15be09c-e32d-4347-bde9-52674e351cbc_1718886088.webp-300x169.webp 300w, https:\/\/paulinenaue.info\/wp-content\/uploads\/2024\/06\/d15be09c-e32d-4347-bde9-52674e351cbc_1718886088.webp-400x225.webp 400w, https:\/\/paulinenaue.info\/wp-content\/uploads\/2024\/06\/d15be09c-e32d-4347-bde9-52674e351cbc_1718886088.webp-600x337.webp 600w, https:\/\/paulinenaue.info\/wp-content\/uploads\/2024\/06\/d15be09c-e32d-4347-bde9-52674e351cbc_1718886088.webp-768x432.webp 768w, https:\/\/paulinenaue.info\/wp-content\/uploads\/2024\/06\/d15be09c-e32d-4347-bde9-52674e351cbc_1718886088.webp-800x450.webp 800w, https:\/\/paulinenaue.info\/wp-content\/uploads\/2024\/06\/d15be09c-e32d-4347-bde9-52674e351cbc_1718886088.webp-1024x576.webp 1024w, https:\/\/paulinenaue.info\/wp-content\/uploads\/2024\/06\/d15be09c-e32d-4347-bde9-52674e351cbc_1718886088.webp-1200x675.webp 1200w, https:\/\/paulinenaue.info\/wp-content\/uploads\/2024\/06\/d15be09c-e32d-4347-bde9-52674e351cbc_1718886088.webp-1536x864.webp 1536w\" data-sizes=\"auto\" data-orig-sizes=\"(max-width: 400px) 100vw, 400px\" \/><\/a><p id=\"caption-attachment-416599\" class=\"wp-caption-text\"><em>Logo des Podcasts \u201eHavelland und Leute\u201c. Beim Klick auf das Logo kommen Sie zur Folge, die Zora Alber durch Paulinenaue f\u00fchrt.<\/em><\/p><\/div>\n<p>&nbsp;<\/p>\n<p><strong>Machen Sie im Sender mit \u00e4hnlichen Formaten weiter?<\/strong><\/p>\n<p>Wir haben \u00e4hnliche Formate im Programm. Der Havelland-Podcast ist auf diese f\u00fcnf Folgen angelegt. Die letzte Folge nach der Landtagswahl wird noch einmal reflektierend darauf schauen und das Ergebnis einordnen. Der <a href=\"https:\/\/www.fluxfm.de\/g\/uckertalk-uckermark-podcast\">Uckermark-Podcast<\/a>, den ein Kollege macht, ist eher eine Langzeitbeobachtung, der wird auch fortgef\u00fchrt. Also vorerst endet leider das Projekt, obwohl ich es gern weiter gemacht h\u00e4tte. Aber es hatte nun mal seinen Sinn und Zweck mit der Landtagswahl. Sch\u00f6n ist aber, dass jetzt tats\u00e4chlich durch diese Tour ein Kontaktnetzwerk gewachsen ist. Ich bin immer noch in Mailverteilern von einzelnen Akteur*innen, die ich getroffen habe. Die halten mich jetzt immer auf dem Laufenden, was irgendwie passiert. Also ich bin jetzt pers\u00f6nlich involviert und interessiere mich sehr daf\u00fcr, wenn es ein neues Projekt gibt.<\/p>\n<p>&nbsp;<\/p>\n","protected":false},"excerpt":{"rendered":"<p>Die Journalistin Zora Alber vom Sender Flux FM fuhr in [&hellip;]<\/p>\n","protected":false},"author":1,"featured_media":416843,"comment_status":"open","ping_status":"open","sticky":false,"template":"","format":"standard","meta":{"_acf_changed":false,"_price":"","_stock":"","_tribe_ticket_header":"","_tribe_default_ticket_provider":"","_tribe_ticket_capacity":"0","_ticket_start_date":"","_ticket_end_date":"","_tribe_ticket_show_description":"","_tribe_ticket_show_not_going":false,"_tribe_ticket_use_global_stock":"","_tribe_ticket_global_stock_level":"","_global_stock_mode":"","_global_stock_cap":"","_tribe_rsvp_for_event":"","_tribe_ticket_going_count":"","_tribe_ticket_not_going_count":"","_tribe_tickets_list":"[]","_tribe_ticket_has_attendee_info_fields":false,"jetpack_post_was_ever_published":false,"_jetpack_newsletter_access":"","_jetpack_dont_email_post_to_subs":false,"_jetpack_newsletter_tier_id":0,"_jetpack_memberships_contains_paywalled_content":false,"_jetpack_memberships_contains_paid_content":false,"footnotes":"","jetpack_publicize_message":"","jetpack_publicize_feature_enabled":true,"jetpack_social_post_already_shared":true,"jetpack_social_options":{"image_generator_settings":{"template":"highway","default_image_id":0,"font":"","enabled":false},"version":2}},"categories":[1,40,47,216,572,8,10],"tags":[92,307,574,573],"class_list":["post-416836","post","type-post","status-publish","format-standard","has-post-thumbnail","hentry","category-allgemein","category-dorfentwicklung","category-kulturverein","category-natur","category-politik","category-tourismus","category-vereine","tag-havelland","tag-landtagswahl","tag-medien","tag-populismus"],"acf":[],"yoast_head":"<!-- This site is optimized with the Yoast SEO plugin v27.5 - https:\/\/yoast.com\/product\/yoast-seo-wordpress\/ -->\n<title>\u201eWie geht\u2019s euch?\u201c \u2013\u00a0Zora Alber \u00fcber ihren Havelland-Podcast - Paulinenaue<\/title>\n<meta name=\"description\" content=\"Interview mit Zora Alber, die f\u00fcr den Podcast \u201eHavelland und Leute\u201c in diesem Sommer mit dem Fahrrad auf dem Havelland-Radweg unterwegs war.\" \/>\n<meta name=\"robots\" content=\"index, follow, max-snippet:-1, max-image-preview:large, max-video-preview:-1\" \/>\n<link rel=\"canonical\" href=\"https:\/\/paulinenaue.info\/index.php\/wie-gehts-euch-zora-alber-ueber-ihren-havelland-podcast\/\" \/>\n<meta property=\"og:locale\" content=\"de_DE\" \/>\n<meta property=\"og:type\" content=\"article\" \/>\n<meta property=\"og:title\" content=\"\u201eWie geht\u2019s euch?\u201c \u2013\u00a0Zora Alber \u00fcber ihren Havelland-Podcast - Paulinenaue\" \/>\n<meta property=\"og:description\" content=\"Interview mit Zora Alber, die f\u00fcr den Podcast \u201eHavelland und Leute\u201c in diesem Sommer mit dem Fahrrad auf dem Havelland-Radweg unterwegs war.\" \/>\n<meta property=\"og:url\" content=\"https:\/\/paulinenaue.info\/index.php\/wie-gehts-euch-zora-alber-ueber-ihren-havelland-podcast\/\" \/>\n<meta property=\"og:site_name\" content=\"Paulinenaue\" \/>\n<meta property=\"article:published_time\" content=\"2024-09-15T21:26:57+00:00\" \/>\n<meta property=\"article:modified_time\" content=\"2024-09-19T23:46:50+00:00\" \/>\n<meta property=\"og:image\" content=\"https:\/\/paulinenaue.info\/wp-content\/uploads\/2024\/09\/Zoom_Meeting_02.jpg\" \/>\n\t<meta property=\"og:image:width\" content=\"1000\" \/>\n\t<meta property=\"og:image:height\" content=\"563\" \/>\n\t<meta property=\"og:image:type\" content=\"image\/jpeg\" \/>\n<meta name=\"author\" content=\"Joachim Scholz\" \/>\n<meta name=\"twitter:card\" content=\"summary_large_image\" \/>\n<meta name=\"twitter:label1\" content=\"Verfasst von\" \/>\n\t<meta name=\"twitter:data1\" content=\"Joachim Scholz\" \/>\n\t<meta name=\"twitter:label2\" content=\"Gesch\u00e4tzte Lesezeit\" \/>\n\t<meta name=\"twitter:data2\" content=\"11\u00a0Minuten\" \/>\n<script type=\"application\/ld+json\" class=\"yoast-schema-graph\">{\"@context\":\"https:\\\/\\\/schema.org\",\"@graph\":[{\"@type\":\"Article\",\"@id\":\"https:\\\/\\\/paulinenaue.info\\\/index.php\\\/wie-gehts-euch-zora-alber-ueber-ihren-havelland-podcast\\\/#article\",\"isPartOf\":{\"@id\":\"https:\\\/\\\/paulinenaue.info\\\/index.php\\\/wie-gehts-euch-zora-alber-ueber-ihren-havelland-podcast\\\/\"},\"author\":{\"name\":\"Joachim Scholz\",\"@id\":\"https:\\\/\\\/paulinenaue.info\\\/#\\\/schema\\\/person\\\/3f9e818fd7b69b0d2bd937ac506897cc\"},\"headline\":\"\u201eWie geht\u2019s euch?\u201c \u2013\u00a0Zora Alber \u00fcber ihren Havelland-Podcast\",\"datePublished\":\"2024-09-15T21:26:57+00:00\",\"dateModified\":\"2024-09-19T23:46:50+00:00\",\"mainEntityOfPage\":{\"@id\":\"https:\\\/\\\/paulinenaue.info\\\/index.php\\\/wie-gehts-euch-zora-alber-ueber-ihren-havelland-podcast\\\/\"},\"wordCount\":1810,\"commentCount\":0,\"image\":{\"@id\":\"https:\\\/\\\/paulinenaue.info\\\/index.php\\\/wie-gehts-euch-zora-alber-ueber-ihren-havelland-podcast\\\/#primaryimage\"},\"thumbnailUrl\":\"https:\\\/\\\/paulinenaue.info\\\/wp-content\\\/uploads\\\/2024\\\/09\\\/Zoom_Meeting_02.jpg\",\"keywords\":[\"Havelland\",\"Landtagswahl\",\"Medien\",\"Populismus\"],\"articleSection\":{\"1\":\"Dorfentwicklung\",\"2\":\"Kulturverein\",\"3\":\"Natur\",\"4\":\"Politik\",\"5\":\"Tourismus\",\"6\":\"Vereine\"},\"inLanguage\":\"de\",\"potentialAction\":[{\"@type\":\"CommentAction\",\"name\":\"Comment\",\"target\":[\"https:\\\/\\\/paulinenaue.info\\\/index.php\\\/wie-gehts-euch-zora-alber-ueber-ihren-havelland-podcast\\\/#respond\"]}]},{\"@type\":\"WebPage\",\"@id\":\"https:\\\/\\\/paulinenaue.info\\\/index.php\\\/wie-gehts-euch-zora-alber-ueber-ihren-havelland-podcast\\\/\",\"url\":\"https:\\\/\\\/paulinenaue.info\\\/index.php\\\/wie-gehts-euch-zora-alber-ueber-ihren-havelland-podcast\\\/\",\"name\":\"\u201eWie geht\u2019s euch?\u201c \u2013\u00a0Zora Alber \u00fcber ihren Havelland-Podcast - Paulinenaue\",\"isPartOf\":{\"@id\":\"https:\\\/\\\/paulinenaue.info\\\/#website\"},\"primaryImageOfPage\":{\"@id\":\"https:\\\/\\\/paulinenaue.info\\\/index.php\\\/wie-gehts-euch-zora-alber-ueber-ihren-havelland-podcast\\\/#primaryimage\"},\"image\":{\"@id\":\"https:\\\/\\\/paulinenaue.info\\\/index.php\\\/wie-gehts-euch-zora-alber-ueber-ihren-havelland-podcast\\\/#primaryimage\"},\"thumbnailUrl\":\"https:\\\/\\\/paulinenaue.info\\\/wp-content\\\/uploads\\\/2024\\\/09\\\/Zoom_Meeting_02.jpg\",\"datePublished\":\"2024-09-15T21:26:57+00:00\",\"dateModified\":\"2024-09-19T23:46:50+00:00\",\"author\":{\"@id\":\"https:\\\/\\\/paulinenaue.info\\\/#\\\/schema\\\/person\\\/3f9e818fd7b69b0d2bd937ac506897cc\"},\"description\":\"Interview mit Zora Alber, die f\u00fcr den Podcast \u201eHavelland und Leute\u201c in diesem Sommer mit dem Fahrrad auf dem Havelland-Radweg unterwegs war.\",\"breadcrumb\":{\"@id\":\"https:\\\/\\\/paulinenaue.info\\\/index.php\\\/wie-gehts-euch-zora-alber-ueber-ihren-havelland-podcast\\\/#breadcrumb\"},\"inLanguage\":\"de\",\"potentialAction\":[{\"@type\":\"ReadAction\",\"target\":[\"https:\\\/\\\/paulinenaue.info\\\/index.php\\\/wie-gehts-euch-zora-alber-ueber-ihren-havelland-podcast\\\/\"]}]},{\"@type\":\"ImageObject\",\"inLanguage\":\"de\",\"@id\":\"https:\\\/\\\/paulinenaue.info\\\/index.php\\\/wie-gehts-euch-zora-alber-ueber-ihren-havelland-podcast\\\/#primaryimage\",\"url\":\"https:\\\/\\\/paulinenaue.info\\\/wp-content\\\/uploads\\\/2024\\\/09\\\/Zoom_Meeting_02.jpg\",\"contentUrl\":\"https:\\\/\\\/paulinenaue.info\\\/wp-content\\\/uploads\\\/2024\\\/09\\\/Zoom_Meeting_02.jpg\",\"width\":1000,\"height\":563},{\"@type\":\"BreadcrumbList\",\"@id\":\"https:\\\/\\\/paulinenaue.info\\\/index.php\\\/wie-gehts-euch-zora-alber-ueber-ihren-havelland-podcast\\\/#breadcrumb\",\"itemListElement\":[{\"@type\":\"ListItem\",\"position\":1,\"name\":\"Home\",\"item\":\"https:\\\/\\\/paulinenaue.info\\\/\"},{\"@type\":\"ListItem\",\"position\":2,\"name\":\"\u201eWie geht\u2019s euch?\u201c \u2013\u00a0Zora Alber \u00fcber ihren Havelland-Podcast\"}]},{\"@type\":\"WebSite\",\"@id\":\"https:\\\/\\\/paulinenaue.info\\\/#website\",\"url\":\"https:\\\/\\\/paulinenaue.info\\\/\",\"name\":\"Paulinenaue\",\"description\":\"Ein Dorf im Havelland\",\"potentialAction\":[{\"@type\":\"SearchAction\",\"target\":{\"@type\":\"EntryPoint\",\"urlTemplate\":\"https:\\\/\\\/paulinenaue.info\\\/?s={search_term_string}\"},\"query-input\":{\"@type\":\"PropertyValueSpecification\",\"valueRequired\":true,\"valueName\":\"search_term_string\"}}],\"inLanguage\":\"de\"},{\"@type\":\"Person\",\"@id\":\"https:\\\/\\\/paulinenaue.info\\\/#\\\/schema\\\/person\\\/3f9e818fd7b69b0d2bd937ac506897cc\",\"name\":\"Joachim Scholz\",\"url\":\"https:\\\/\\\/paulinenaue.info\\\/index.php\\\/author\\\/jjscholz\\\/\"}]}<\/script>\n<!-- \/ Yoast SEO plugin. -->","yoast_head_json":{"title":"\u201eWie geht\u2019s euch?\u201c \u2013\u00a0Zora Alber \u00fcber ihren Havelland-Podcast - Paulinenaue","description":"Interview mit Zora Alber, die f\u00fcr den Podcast \u201eHavelland und Leute\u201c in diesem Sommer mit dem Fahrrad auf dem Havelland-Radweg unterwegs war.","robots":{"index":"index","follow":"follow","max-snippet":"max-snippet:-1","max-image-preview":"max-image-preview:large","max-video-preview":"max-video-preview:-1"},"canonical":"https:\/\/paulinenaue.info\/index.php\/wie-gehts-euch-zora-alber-ueber-ihren-havelland-podcast\/","og_locale":"de_DE","og_type":"article","og_title":"\u201eWie geht\u2019s euch?\u201c \u2013\u00a0Zora Alber \u00fcber ihren Havelland-Podcast - Paulinenaue","og_description":"Interview mit Zora Alber, die f\u00fcr den Podcast \u201eHavelland und Leute\u201c in diesem Sommer mit dem Fahrrad auf dem Havelland-Radweg unterwegs war.","og_url":"https:\/\/paulinenaue.info\/index.php\/wie-gehts-euch-zora-alber-ueber-ihren-havelland-podcast\/","og_site_name":"Paulinenaue","article_published_time":"2024-09-15T21:26:57+00:00","article_modified_time":"2024-09-19T23:46:50+00:00","og_image":[{"width":1000,"height":563,"url":"https:\/\/paulinenaue.info\/wp-content\/uploads\/2024\/09\/Zoom_Meeting_02.jpg","type":"image\/jpeg"}],"author":"Joachim Scholz","twitter_card":"summary_large_image","twitter_misc":{"Verfasst von":"Joachim Scholz","Gesch\u00e4tzte Lesezeit":"11\u00a0Minuten"},"schema":{"@context":"https:\/\/schema.org","@graph":[{"@type":"Article","@id":"https:\/\/paulinenaue.info\/index.php\/wie-gehts-euch-zora-alber-ueber-ihren-havelland-podcast\/#article","isPartOf":{"@id":"https:\/\/paulinenaue.info\/index.php\/wie-gehts-euch-zora-alber-ueber-ihren-havelland-podcast\/"},"author":{"name":"Joachim Scholz","@id":"https:\/\/paulinenaue.info\/#\/schema\/person\/3f9e818fd7b69b0d2bd937ac506897cc"},"headline":"\u201eWie geht\u2019s euch?\u201c \u2013\u00a0Zora Alber \u00fcber ihren Havelland-Podcast","datePublished":"2024-09-15T21:26:57+00:00","dateModified":"2024-09-19T23:46:50+00:00","mainEntityOfPage":{"@id":"https:\/\/paulinenaue.info\/index.php\/wie-gehts-euch-zora-alber-ueber-ihren-havelland-podcast\/"},"wordCount":1810,"commentCount":0,"image":{"@id":"https:\/\/paulinenaue.info\/index.php\/wie-gehts-euch-zora-alber-ueber-ihren-havelland-podcast\/#primaryimage"},"thumbnailUrl":"https:\/\/paulinenaue.info\/wp-content\/uploads\/2024\/09\/Zoom_Meeting_02.jpg","keywords":["Havelland","Landtagswahl","Medien","Populismus"],"articleSection":{"1":"Dorfentwicklung","2":"Kulturverein","3":"Natur","4":"Politik","5":"Tourismus","6":"Vereine"},"inLanguage":"de","potentialAction":[{"@type":"CommentAction","name":"Comment","target":["https:\/\/paulinenaue.info\/index.php\/wie-gehts-euch-zora-alber-ueber-ihren-havelland-podcast\/#respond"]}]},{"@type":"WebPage","@id":"https:\/\/paulinenaue.info\/index.php\/wie-gehts-euch-zora-alber-ueber-ihren-havelland-podcast\/","url":"https:\/\/paulinenaue.info\/index.php\/wie-gehts-euch-zora-alber-ueber-ihren-havelland-podcast\/","name":"\u201eWie geht\u2019s euch?\u201c \u2013\u00a0Zora Alber \u00fcber ihren Havelland-Podcast - Paulinenaue","isPartOf":{"@id":"https:\/\/paulinenaue.info\/#website"},"primaryImageOfPage":{"@id":"https:\/\/paulinenaue.info\/index.php\/wie-gehts-euch-zora-alber-ueber-ihren-havelland-podcast\/#primaryimage"},"image":{"@id":"https:\/\/paulinenaue.info\/index.php\/wie-gehts-euch-zora-alber-ueber-ihren-havelland-podcast\/#primaryimage"},"thumbnailUrl":"https:\/\/paulinenaue.info\/wp-content\/uploads\/2024\/09\/Zoom_Meeting_02.jpg","datePublished":"2024-09-15T21:26:57+00:00","dateModified":"2024-09-19T23:46:50+00:00","author":{"@id":"https:\/\/paulinenaue.info\/#\/schema\/person\/3f9e818fd7b69b0d2bd937ac506897cc"},"description":"Interview mit Zora Alber, die f\u00fcr den Podcast \u201eHavelland und Leute\u201c in diesem Sommer mit dem Fahrrad auf dem Havelland-Radweg unterwegs war.","breadcrumb":{"@id":"https:\/\/paulinenaue.info\/index.php\/wie-gehts-euch-zora-alber-ueber-ihren-havelland-podcast\/#breadcrumb"},"inLanguage":"de","potentialAction":[{"@type":"ReadAction","target":["https:\/\/paulinenaue.info\/index.php\/wie-gehts-euch-zora-alber-ueber-ihren-havelland-podcast\/"]}]},{"@type":"ImageObject","inLanguage":"de","@id":"https:\/\/paulinenaue.info\/index.php\/wie-gehts-euch-zora-alber-ueber-ihren-havelland-podcast\/#primaryimage","url":"https:\/\/paulinenaue.info\/wp-content\/uploads\/2024\/09\/Zoom_Meeting_02.jpg","contentUrl":"https:\/\/paulinenaue.info\/wp-content\/uploads\/2024\/09\/Zoom_Meeting_02.jpg","width":1000,"height":563},{"@type":"BreadcrumbList","@id":"https:\/\/paulinenaue.info\/index.php\/wie-gehts-euch-zora-alber-ueber-ihren-havelland-podcast\/#breadcrumb","itemListElement":[{"@type":"ListItem","position":1,"name":"Home","item":"https:\/\/paulinenaue.info\/"},{"@type":"ListItem","position":2,"name":"\u201eWie geht\u2019s euch?\u201c \u2013\u00a0Zora Alber \u00fcber ihren Havelland-Podcast"}]},{"@type":"WebSite","@id":"https:\/\/paulinenaue.info\/#website","url":"https:\/\/paulinenaue.info\/","name":"Paulinenaue","description":"Ein Dorf im Havelland","potentialAction":[{"@type":"SearchAction","target":{"@type":"EntryPoint","urlTemplate":"https:\/\/paulinenaue.info\/?s={search_term_string}"},"query-input":{"@type":"PropertyValueSpecification","valueRequired":true,"valueName":"search_term_string"}}],"inLanguage":"de"},{"@type":"Person","@id":"https:\/\/paulinenaue.info\/#\/schema\/person\/3f9e818fd7b69b0d2bd937ac506897cc","name":"Joachim Scholz","url":"https:\/\/paulinenaue.info\/index.php\/author\/jjscholz\/"}]}},"jetpack_publicize_connections":[],"jetpack_featured_media_url":"https:\/\/paulinenaue.info\/wp-content\/uploads\/2024\/09\/Zoom_Meeting_02.jpg","jetpack_sharing_enabled":true,"jetpack_shortlink":"https:\/\/wp.me\/pcYhWA-1Kra","jetpack-related-posts":[{"id":416597,"url":"https:\/\/paulinenaue.info\/index.php\/radio-1006-fluxfm-in-paulinenaue\/","url_meta":{"origin":416836,"position":0},"title":"Radio 100,6 FluxFM in Paulinenaue","author":"Sarah","date":"28. Juni 2024","format":false,"excerpt":"Text: Eckhard Vierjahn, Sarah Vierjahn Worum geht es? Der Radiosender 100,6 FluxFM erarbeitet zurzeit einen Podcast mit dem Titel \"Havelland und Leute\", der sich damit besch\u00e4ftigt, die Menschen im Havelland bewegt und wor\u00fcber sie zufrieden und unzufrieden sind. Daf\u00fcr fahren die ReporterInnen in mehreren Etappen den Havelland-Radweg ab und machen\u2026","rel":"","context":"In &quot;Allgemein&quot;","block_context":{"text":"Allgemein","link":"https:\/\/paulinenaue.info\/index.php\/category\/allgemein\/"},"img":{"alt_text":"","src":"https:\/\/i0.wp.com\/paulinenaue.info\/wp-content\/uploads\/2024\/06\/Interview-Alber-Vierjahn-scaled.jpg?resize=350%2C200&ssl=1","width":350,"height":200,"srcset":"https:\/\/i0.wp.com\/paulinenaue.info\/wp-content\/uploads\/2024\/06\/Interview-Alber-Vierjahn-scaled.jpg?resize=350%2C200&ssl=1 1x, https:\/\/i0.wp.com\/paulinenaue.info\/wp-content\/uploads\/2024\/06\/Interview-Alber-Vierjahn-scaled.jpg?resize=525%2C300&ssl=1 1.5x, https:\/\/i0.wp.com\/paulinenaue.info\/wp-content\/uploads\/2024\/06\/Interview-Alber-Vierjahn-scaled.jpg?resize=700%2C400&ssl=1 2x, https:\/\/i0.wp.com\/paulinenaue.info\/wp-content\/uploads\/2024\/06\/Interview-Alber-Vierjahn-scaled.jpg?resize=1050%2C600&ssl=1 3x, https:\/\/i0.wp.com\/paulinenaue.info\/wp-content\/uploads\/2024\/06\/Interview-Alber-Vierjahn-scaled.jpg?resize=1400%2C800&ssl=1 4x"},"classes":[]},{"id":416663,"url":"https:\/\/paulinenaue.info\/index.php\/podcastfolge-havelland-und-leute-von-fluxfm\/","url_meta":{"origin":416836,"position":1},"title":"Podcastfolge \u201eHavelland und Leute\u201c von FluxFM","author":"Sarah","date":"23. Juli 2024","format":false,"excerpt":"Wie wir bereits im Artikel zuvor berichtet haben, war der Radiosender FluxFM auf seiner Tour durch das Havelland auch in Paulinenaue und hat Eckhard Vierjahn vom Kulturverein interviewt. Vor allem die Ergebnisse der Europa- und Kommunalwahlen wurden thematisiert. Was f\u00fchrte zu den hohen Stimmzahlen f\u00fcr die AfD und was w\u00fcnschen\u2026","rel":"","context":"In &quot;Allgemein&quot;","block_context":{"text":"Allgemein","link":"https:\/\/paulinenaue.info\/index.php\/category\/allgemein\/"},"img":{"alt_text":"","src":"https:\/\/i0.wp.com\/paulinenaue.info\/wp-content\/uploads\/2024\/06\/d15be09c-e32d-4347-bde9-52674e351cbc_1718886088.webp.webp?resize=350%2C200&ssl=1","width":350,"height":200,"srcset":"https:\/\/i0.wp.com\/paulinenaue.info\/wp-content\/uploads\/2024\/06\/d15be09c-e32d-4347-bde9-52674e351cbc_1718886088.webp.webp?resize=350%2C200&ssl=1 1x, https:\/\/i0.wp.com\/paulinenaue.info\/wp-content\/uploads\/2024\/06\/d15be09c-e32d-4347-bde9-52674e351cbc_1718886088.webp.webp?resize=525%2C300&ssl=1 1.5x, https:\/\/i0.wp.com\/paulinenaue.info\/wp-content\/uploads\/2024\/06\/d15be09c-e32d-4347-bde9-52674e351cbc_1718886088.webp.webp?resize=700%2C400&ssl=1 2x, https:\/\/i0.wp.com\/paulinenaue.info\/wp-content\/uploads\/2024\/06\/d15be09c-e32d-4347-bde9-52674e351cbc_1718886088.webp.webp?resize=1050%2C600&ssl=1 3x, https:\/\/i0.wp.com\/paulinenaue.info\/wp-content\/uploads\/2024\/06\/d15be09c-e32d-4347-bde9-52674e351cbc_1718886088.webp.webp?resize=1400%2C800&ssl=1 4x"},"classes":[]},{"id":417901,"url":"https:\/\/paulinenaue.info\/index.php\/havelland\/","url_meta":{"origin":416836,"position":2},"title":"\u201eVon Bank zu Bank im Havelland\u201c \u2013 3. Netzwerktour im westlichen Havelland","author":"Joachim Scholz","date":"23. Mai 2025","format":false,"excerpt":"\u00dcber 20 Interessierte und Engagierte aus dem Havelland machten sich am 15.5.2025 wieder einmal auf den Weg, neue Bankstandorte im westlichen Havelland kennenzulernen. In diesem Jahr f\u00fchrte die Tour von Paulinenaue \u00fcber Rhinow nach Friesack. Alle drei Standorte freuen sich \u00fcber eine oder mehrere ganz besondere B\u00e4nke, manche sogar mit\u2026","rel":"","context":"In &quot;Ehrenamt&quot;","block_context":{"text":"Ehrenamt","link":"https:\/\/paulinenaue.info\/index.php\/category\/ehrenamt\/"},"img":{"alt_text":"","src":"https:\/\/i0.wp.com\/paulinenaue.info\/wp-content\/uploads\/2025\/05\/2025-05-15-Paulinenaue-Bank-01.jpg?resize=350%2C200&ssl=1","width":350,"height":200,"srcset":"https:\/\/i0.wp.com\/paulinenaue.info\/wp-content\/uploads\/2025\/05\/2025-05-15-Paulinenaue-Bank-01.jpg?resize=350%2C200&ssl=1 1x, https:\/\/i0.wp.com\/paulinenaue.info\/wp-content\/uploads\/2025\/05\/2025-05-15-Paulinenaue-Bank-01.jpg?resize=525%2C300&ssl=1 1.5x, https:\/\/i0.wp.com\/paulinenaue.info\/wp-content\/uploads\/2025\/05\/2025-05-15-Paulinenaue-Bank-01.jpg?resize=700%2C400&ssl=1 2x"},"classes":[]},{"id":195,"url":"https:\/\/paulinenaue.info\/index.php\/die-initiative-kreissitz-paulinenaue-1993-paulinenaues-historische-chance-im-machtvakuum-zwischen-rathenow-und-nauen\/","url_meta":{"origin":416836,"position":3},"title":"Die Initiative \u201eKreissitz Paulinenaue\u201c 1993 \u2013 Paulinenaues historische Chance im Machtvakuum zwischen Rathenow und Nauen","author":"Joachim Scholz","date":"16. Februar 2013","format":false,"excerpt":"","rel":"","context":"In &quot;Dorfentwicklung&quot;","block_context":{"text":"Dorfentwicklung","link":"https:\/\/paulinenaue.info\/index.php\/category\/dorfentwicklung\/"},"img":{"alt_text":"","src":"https:\/\/i0.wp.com\/paulinenaue.info\/wp-content\/uploads\/2016\/03\/19940612_freundeskreis_vor_stellwerk_01.jpg?resize=350%2C200&ssl=1","width":350,"height":200},"classes":[]},{"id":416956,"url":"https:\/\/paulinenaue.info\/index.php\/von-bank-zu-bank-im-havelland\/","url_meta":{"origin":416836,"position":4},"title":"\u201eVon Bank zu Bank im Havelland\u201c","author":"Sarah","date":"29. November 2024","format":false,"excerpt":"B\u00e4nke, Tisch und Waldkauz - Holzkunstwerk vor der Schule Text: Eckhard Vierjahn Beitragsbild: Eckhard Vierjahn Als am Sonnabend, den 23. November 2024, Gerg\u00f6 Schmidt kurz vor 09:00 Uhr mit einem voll beladenen PKW-Anh\u00e4nger an der Schule hielt, konnte man nur erahnen, was in einigen Stunden vor der Schule aufgebaut sein\u2026","rel":"","context":"In &quot;Allgemein&quot;","block_context":{"text":"Allgemein","link":"https:\/\/paulinenaue.info\/index.php\/category\/allgemein\/"},"img":{"alt_text":"","src":"https:\/\/i0.wp.com\/paulinenaue.info\/wp-content\/uploads\/2024\/11\/Baenke-und-Tisch-nach-Fertigstellung.jpg?resize=350%2C200&ssl=1","width":350,"height":200,"srcset":"https:\/\/i0.wp.com\/paulinenaue.info\/wp-content\/uploads\/2024\/11\/Baenke-und-Tisch-nach-Fertigstellung.jpg?resize=350%2C200&ssl=1 1x, https:\/\/i0.wp.com\/paulinenaue.info\/wp-content\/uploads\/2024\/11\/Baenke-und-Tisch-nach-Fertigstellung.jpg?resize=525%2C300&ssl=1 1.5x, https:\/\/i0.wp.com\/paulinenaue.info\/wp-content\/uploads\/2024\/11\/Baenke-und-Tisch-nach-Fertigstellung.jpg?resize=700%2C400&ssl=1 2x, https:\/\/i0.wp.com\/paulinenaue.info\/wp-content\/uploads\/2024\/11\/Baenke-und-Tisch-nach-Fertigstellung.jpg?resize=1050%2C600&ssl=1 3x, https:\/\/i0.wp.com\/paulinenaue.info\/wp-content\/uploads\/2024\/11\/Baenke-und-Tisch-nach-Fertigstellung.jpg?resize=1400%2C800&ssl=1 4x"},"classes":[]},{"id":416941,"url":"https:\/\/paulinenaue.info\/index.php\/ein-waldkauz-sitzt-vor-der-schule\/","url_meta":{"origin":416836,"position":5},"title":"Ein Waldkauz sitzt vor der Schule","author":"Sarah","date":"16. November 2024","format":false,"excerpt":"Text: Eckhard Vierjahn Seit Sonnabend, den 09. November 2024, gegen 15:30 Uhr sitzt ein Waldkauz auf einem Baumstumpf an der Paulinenauer Grundschule. Schon Ende September wurde vor der Schule eine Fl\u00e4che gepflastert. Was passiert dort? Vielfach hatte sich bereits rumgesprochen, dass der Antrag des Paulinenauer Kulturvereins auf eine finanzielle F\u00f6rderung\u2026","rel":"","context":"In &quot;Allgemein&quot;","block_context":{"text":"Allgemein","link":"https:\/\/paulinenaue.info\/index.php\/category\/allgemein\/"},"img":{"alt_text":"","src":"https:\/\/i0.wp.com\/paulinenaue.info\/wp-content\/uploads\/2024\/11\/Eule-Waldkauz-rotated.jpg?resize=350%2C200&ssl=1","width":350,"height":200,"srcset":"https:\/\/i0.wp.com\/paulinenaue.info\/wp-content\/uploads\/2024\/11\/Eule-Waldkauz-rotated.jpg?resize=350%2C200&ssl=1 1x, https:\/\/i0.wp.com\/paulinenaue.info\/wp-content\/uploads\/2024\/11\/Eule-Waldkauz-rotated.jpg?resize=525%2C300&ssl=1 1.5x, https:\/\/i0.wp.com\/paulinenaue.info\/wp-content\/uploads\/2024\/11\/Eule-Waldkauz-rotated.jpg?resize=700%2C400&ssl=1 2x, https:\/\/i0.wp.com\/paulinenaue.info\/wp-content\/uploads\/2024\/11\/Eule-Waldkauz-rotated.jpg?resize=1050%2C600&ssl=1 3x, https:\/\/i0.wp.com\/paulinenaue.info\/wp-content\/uploads\/2024\/11\/Eule-Waldkauz-rotated.jpg?resize=1400%2C800&ssl=1 4x"},"classes":[]}],"_links":{"self":[{"href":"https:\/\/paulinenaue.info\/index.php\/wp-json\/wp\/v2\/posts\/416836","targetHints":{"allow":["GET"]}}],"collection":[{"href":"https:\/\/paulinenaue.info\/index.php\/wp-json\/wp\/v2\/posts"}],"about":[{"href":"https:\/\/paulinenaue.info\/index.php\/wp-json\/wp\/v2\/types\/post"}],"author":[{"embeddable":true,"href":"https:\/\/paulinenaue.info\/index.php\/wp-json\/wp\/v2\/users\/1"}],"replies":[{"embeddable":true,"href":"https:\/\/paulinenaue.info\/index.php\/wp-json\/wp\/v2\/comments?post=416836"}],"version-history":[{"count":9,"href":"https:\/\/paulinenaue.info\/index.php\/wp-json\/wp\/v2\/posts\/416836\/revisions"}],"predecessor-version":[{"id":416862,"href":"https:\/\/paulinenaue.info\/index.php\/wp-json\/wp\/v2\/posts\/416836\/revisions\/416862"}],"wp:featuredmedia":[{"embeddable":true,"href":"https:\/\/paulinenaue.info\/index.php\/wp-json\/wp\/v2\/media\/416843"}],"wp:attachment":[{"href":"https:\/\/paulinenaue.info\/index.php\/wp-json\/wp\/v2\/media?parent=416836"}],"wp:term":[{"taxonomy":"category","embeddable":true,"href":"https:\/\/paulinenaue.info\/index.php\/wp-json\/wp\/v2\/categories?post=416836"},{"taxonomy":"post_tag","embeddable":true,"href":"https:\/\/paulinenaue.info\/index.php\/wp-json\/wp\/v2\/tags?post=416836"}],"curies":[{"name":"wp","href":"https:\/\/api.w.org\/{rel}","templated":true}]}}