{"id":416863,"date":"2024-09-23T02:07:18","date_gmt":"2024-09-23T00:07:18","guid":{"rendered":"https:\/\/paulinenaue.info\/?p=416863"},"modified":"2024-09-23T12:19:41","modified_gmt":"2024-09-23T10:19:41","slug":"spd-gewinnt-landtagswahl-in-paulinenaue-besonders-in-selbelang","status":"publish","type":"post","link":"https:\/\/paulinenaue.info\/index.php\/spd-gewinnt-landtagswahl-in-paulinenaue-besonders-in-selbelang\/","title":{"rendered":"SPD gewinnt Landtagswahl in Paulinenaue \u2013\u00a0besonders in Selbelang"},"content":{"rendered":"<p class=\"p1\">Als letzte der drei ostdeutschen Landtagswahlen dieses Jahres komplettierte nach Th\u00fcringen und Sachsen am 22. September 2024 die Wahl in Brandenburg den Abstimmungsreigen auf Landesebene. Alle drei Wahlen fanden bundesweit starke Beachtung, da der sich abzeichnende<span class=\"Apple-converted-space\">\u00a0 <\/span>Zugewinn populistischer Parteien und Gruppierungen wie der AfD oder des neuen \u201eB\u00fcndnis Sarah Wagenknecht\u201c (BSW) eine drastische Verschiebung der politischen Landschaft im Osten anzeigte. Uns interessiert mit Paulinenaue und Selbelang an dieser Stelle wie immer der Blick auf unsere Gemeinde. W\u00fcrden sich, wie bei den letzten Wahlen, die \u00fcbergreifenden Trends auch hier niederschlagen? Wie steht es, was die Landespolitik betrifft, um Paulinenaues politisches Klima?<\/p>\n<div id=\"attachment_416865\" style=\"width: 610px\" class=\"wp-caption alignnone\"><a href=\"https:\/\/paulinenaue.info\/wp-content\/uploads\/2024\/09\/2024-09-24-Landtagswahl-02.jpeg\"><img decoding=\"async\" aria-describedby=\"caption-attachment-416865\" data-attachment-id=\"416865\" data-permalink=\"https:\/\/paulinenaue.info\/index.php\/spd-gewinnt-landtagswahl-in-paulinenaue-besonders-in-selbelang\/2024-09-24-landtagswahl-02\/\" data-orig-file=\"https:\/\/paulinenaue.info\/wp-content\/uploads\/2024\/09\/2024-09-24-Landtagswahl-02.jpeg\" data-orig-size=\"1600,900\" data-comments-opened=\"1\" data-image-meta=\"{&quot;aperture&quot;:&quot;0&quot;,&quot;credit&quot;:&quot;&quot;,&quot;camera&quot;:&quot;&quot;,&quot;caption&quot;:&quot;&quot;,&quot;created_timestamp&quot;:&quot;0&quot;,&quot;copyright&quot;:&quot;&quot;,&quot;focal_length&quot;:&quot;0&quot;,&quot;iso&quot;:&quot;0&quot;,&quot;shutter_speed&quot;:&quot;0&quot;,&quot;title&quot;:&quot;&quot;,&quot;orientation&quot;:&quot;0&quot;}\" data-image-title=\"2024-09-24, Landtagswahl, 02\" data-image-description=\"\" data-image-caption=\"\" data-large-file=\"https:\/\/paulinenaue.info\/wp-content\/uploads\/2024\/09\/2024-09-24-Landtagswahl-02-1024x576.jpeg\" class=\"lazyload wp-image-416865 size-fusion-600\" src=\"https:\/\/paulinenaue.info\/wp-content\/uploads\/2024\/09\/2024-09-24-Landtagswahl-02-600x338.jpeg\" data-orig-src=\"https:\/\/paulinenaue.info\/wp-content\/uploads\/2024\/09\/2024-09-24-Landtagswahl-02-600x338.jpeg\" alt=\"\" width=\"600\" height=\"338\" srcset=\"data:image\/svg+xml,%3Csvg%20xmlns%3D%27http%3A%2F%2Fwww.w3.org%2F2000%2Fsvg%27%20width%3D%27600%27%20height%3D%27338%27%20viewBox%3D%270%200%20600%20338%27%3E%3Crect%20width%3D%27600%27%20height%3D%27338%27%20fill-opacity%3D%220%22%2F%3E%3C%2Fsvg%3E\" data-srcset=\"https:\/\/paulinenaue.info\/wp-content\/uploads\/2024\/09\/2024-09-24-Landtagswahl-02-200x113.jpeg 200w, https:\/\/paulinenaue.info\/wp-content\/uploads\/2024\/09\/2024-09-24-Landtagswahl-02-300x169.jpeg 300w, https:\/\/paulinenaue.info\/wp-content\/uploads\/2024\/09\/2024-09-24-Landtagswahl-02-400x225.jpeg 400w, https:\/\/paulinenaue.info\/wp-content\/uploads\/2024\/09\/2024-09-24-Landtagswahl-02-600x338.jpeg 600w, https:\/\/paulinenaue.info\/wp-content\/uploads\/2024\/09\/2024-09-24-Landtagswahl-02-768x432.jpeg 768w, https:\/\/paulinenaue.info\/wp-content\/uploads\/2024\/09\/2024-09-24-Landtagswahl-02-800x450.jpeg 800w, https:\/\/paulinenaue.info\/wp-content\/uploads\/2024\/09\/2024-09-24-Landtagswahl-02-1024x576.jpeg 1024w, https:\/\/paulinenaue.info\/wp-content\/uploads\/2024\/09\/2024-09-24-Landtagswahl-02-1200x675.jpeg 1200w, https:\/\/paulinenaue.info\/wp-content\/uploads\/2024\/09\/2024-09-24-Landtagswahl-02-1536x864.jpeg 1536w, https:\/\/paulinenaue.info\/wp-content\/uploads\/2024\/09\/2024-09-24-Landtagswahl-02.jpeg 1600w\" data-sizes=\"auto\" data-orig-sizes=\"(max-width: 600px) 100vw, 600px\" \/><\/a><p id=\"caption-attachment-416865\" class=\"wp-caption-text\"><em>Wahlhelferinnen und Wahlhelfer im Paulinenauer Feuerwehrdepot bei der Stimmausz\u00e4hlung am Sonntagabend. Foto: E. Schwarz 2024.<\/em><\/p><\/div>\n<p class=\"p1\">Zun\u00e4chst: In <a href=\"https:\/\/wahlergebnisse.brandenburg.de\/12\/555\/20240922\/landtagswahl_land\/ergebnisse_gemeinde_120635302228.html\">Paulinenaue (mit Selbelang)<\/a> lag die Wahlbeteiligung nicht bei nur 54,5 Prozent, wie die Statistik auf den ersten Blick auszuweisen scheint. Unter Einbezug der Briefwahlstimmen ergibt sich eine dem Landesdurchschnitt entsprechende Beteiligung von weit \u00fcber 70 Prozent. Sieht man von dem beachtlichen, aber nicht zweistelligen Einstieg der Wagenknechtpartei einmal ab, dominieren zwei Parteien das Ergebnis dieser Wahlen. Auf SPD und AfD entfallen mehr als zwei Drittel der Stimmen. Gewinnerin der Wahl ist in Paulinenaue die SPD, die mit einem Vorsprung von knapp drei Prozent (35,5 %) vor der AfD (32,7 %) das Rennen macht. Mit deutlichem Abstand nach unten folgen CDU (10,8 %) und das BSW (9,5 %). Die Linke bleibt unter f\u00fcnf Prozent, die Gr\u00fcnen fallen um f\u00fcnf Prozentpunkte auf 2,3 Prozent. Beachtlich auch: Keine Paulinenauerin und kein Paulinenauer w\u00e4hlte mehr die FDP.<\/p>\n<p class=\"p1\"><a href=\"https:\/\/wahlergebnisse.brandenburg.de\/12\/555\/20240922\/landtagswahl_land\/ergebnisse_stimmbezirk_1206353022282312.html\">In der Paulinenauer Feuerwehr<\/a>, d.h. im Dorf Paulinenaue, ist der Abstand zwischen SPD (33,9 %) und AfD (33,4 %) noch einmal geringer als in der Gesamtgemeinde. Die SPD bekam hier nur zwei Stimmen mehr als die AfD. Auch wenn die Sozialdemokraten damit noch besser abschnitten <a href=\"https:\/\/paulinenaue.info\/index.php\/landtagswahl-2019-in-paulinenaue\/\">als vor f\u00fcnf Jahren<\/a>, ist es vor allem die AfD, die weiter an Boden gewinnt. In den letzten zehn Jahren hat sie im Dorf ihren Stimmenanteil von 16,4 auf nunmehr 33,4 Prozent glatt verdoppelt.<\/p>\n<p><a href=\"https:\/\/paulinenaue.info\/wp-content\/uploads\/2024\/09\/Notification_Center-1.jpg\"><img decoding=\"async\" data-attachment-id=\"416869\" data-permalink=\"https:\/\/paulinenaue.info\/index.php\/spd-gewinnt-landtagswahl-in-paulinenaue-besonders-in-selbelang\/notification_center-2\/\" data-orig-file=\"https:\/\/paulinenaue.info\/wp-content\/uploads\/2024\/09\/Notification_Center-1.jpg\" data-orig-size=\"1898,990\" data-comments-opened=\"1\" data-image-meta=\"{&quot;aperture&quot;:&quot;0&quot;,&quot;credit&quot;:&quot;&quot;,&quot;camera&quot;:&quot;&quot;,&quot;caption&quot;:&quot;&quot;,&quot;created_timestamp&quot;:&quot;0&quot;,&quot;copyright&quot;:&quot;&quot;,&quot;focal_length&quot;:&quot;0&quot;,&quot;iso&quot;:&quot;0&quot;,&quot;shutter_speed&quot;:&quot;0&quot;,&quot;title&quot;:&quot;&quot;,&quot;orientation&quot;:&quot;0&quot;}\" data-image-title=\"Notification_Center\" data-image-description=\"\" data-image-caption=\"\" data-large-file=\"https:\/\/paulinenaue.info\/wp-content\/uploads\/2024\/09\/Notification_Center-1-1024x534.jpg\" class=\"lazyload alignnone size-full wp-image-416869\" src=\"https:\/\/paulinenaue.info\/wp-content\/uploads\/2024\/09\/Notification_Center-1.jpg\" data-orig-src=\"https:\/\/paulinenaue.info\/wp-content\/uploads\/2024\/09\/Notification_Center-1.jpg\" alt=\"\" width=\"1898\" height=\"990\" srcset=\"data:image\/svg+xml,%3Csvg%20xmlns%3D%27http%3A%2F%2Fwww.w3.org%2F2000%2Fsvg%27%20width%3D%271898%27%20height%3D%27990%27%20viewBox%3D%270%200%201898%20990%27%3E%3Crect%20width%3D%271898%27%20height%3D%27990%27%20fill-opacity%3D%220%22%2F%3E%3C%2Fsvg%3E\" data-srcset=\"https:\/\/paulinenaue.info\/wp-content\/uploads\/2024\/09\/Notification_Center-1-200x104.jpg 200w, https:\/\/paulinenaue.info\/wp-content\/uploads\/2024\/09\/Notification_Center-1-300x156.jpg 300w, https:\/\/paulinenaue.info\/wp-content\/uploads\/2024\/09\/Notification_Center-1-400x209.jpg 400w, https:\/\/paulinenaue.info\/wp-content\/uploads\/2024\/09\/Notification_Center-1-600x313.jpg 600w, https:\/\/paulinenaue.info\/wp-content\/uploads\/2024\/09\/Notification_Center-1-768x401.jpg 768w, https:\/\/paulinenaue.info\/wp-content\/uploads\/2024\/09\/Notification_Center-1-800x417.jpg 800w, https:\/\/paulinenaue.info\/wp-content\/uploads\/2024\/09\/Notification_Center-1-1024x534.jpg 1024w, https:\/\/paulinenaue.info\/wp-content\/uploads\/2024\/09\/Notification_Center-1-1200x626.jpg 1200w, https:\/\/paulinenaue.info\/wp-content\/uploads\/2024\/09\/Notification_Center-1-1536x801.jpg 1536w, https:\/\/paulinenaue.info\/wp-content\/uploads\/2024\/09\/Notification_Center-1.jpg 1898w\" data-sizes=\"auto\" data-orig-sizes=\"(max-width: 1898px) 100vw, 1898px\" \/><\/a><\/p>\n<p><em style=\"font-size: 14px;\">Prozentuale Verteilung der Zweitstimmen im Paulinenauer Wahllokal (FFW) 2019 und 2024.<\/em><\/p>\n<p><a href=\"https:\/\/wahlergebnisse.brandenburg.de\/12\/555\/20240922\/landtagswahl_land\/ergebnisse_stimmbezirk_1206353022282313.html\">In Selbelang<\/a> immerhin f\u00e4llt der Sieg der SPD \u00fcber die AfD mit 41,7 % gegen\u00fcber 30,0 %\u00a0 bei diesen Wahlen so deutlich aus wie in keinem anderen Wahllokal im Amt Friesack. Auch der mit 30 % immer noch hohe Wert der AfD in Selbelang ist 2024 im gesamten Amt Friesack der kleinste.<\/p>\n<p class=\"p1\">Mit Blick auf die Erststimmen gewinnt der SPD-Kandidat Johannes Funke in beiden Ortsteilen von Paulinenaue vor dem AfD-Kandidaten Dominik Kaufner. In Selbelang f\u00e4llt dieser Sieg wiederum weit deutlicher aus als im Paulinenauer Feuerwehrdepot.<\/p>\n<p class=\"p1\">\u00dcberhaupt messen sich auf Amtsebene die Paulinenauer Ergebnisse vergleichsweise wenig AfD-lastig aus. 36,2 Prozent der Zweitstimmen erh\u00e4lt die rechtsextreme Partei im Amt Friesack und gar 40,3 Prozent der Erststimmen konnte Kaufner einsammeln. Beide Werte bedeuten den ersten Platz. In nur f\u00fcnf von 15 Wahllokalen des Amtes liegt dagegen die SPD bei den Zweitstimmen \u00fcber den Werten der AfD oder mit ihnen gleichauf. Zu diesen f\u00fcnf geh\u00f6ren beide Paulinenauer Wahllokale. So \u00e4hneln die Paulinenauer Ergebnisse eher denen des <a href=\"https:\/\/wahlergebnisse.brandenburg.de\/12\/500\/20240922\/landtagswahl_land\/ergebnisse_wahlkreis_05.html\">Wahlkreises Havelland I<\/a>, dessen Gros der W\u00e4hlerschaft in der st\u00e4dtisch gepr\u00e4gten Randlage von Berlin lebt. Die osthavell\u00e4nder Kreiswerte liegen wiederum ganz in der N\u00e4he der <a href=\"https:\/\/wahlergebnisse.brandenburg.de\/12\/500\/20240922\/landtagswahl_land\/ergebnisse_land_120.html\">Landesergebnisse<\/a>.<\/p>\n<p class=\"p1\">Interessiert man sich aus gegebenem Anlass einmal f\u00fcr besonders hohe AfD-Werte in der Nachbarschaft von Paulinenaue, lohnt \u2013 das lehrt mittlerweile schon die Erfahrung \u2013 ein Blick nach <a href=\"https:\/\/wahlergebnisse.brandenburg.de\/12\/500\/20240922\/landtagswahl_land\/ergebnisse_stimmbezirk_1206353022022310.html\">Senzke<\/a>. 48,8 Prozent sind es diesesmal dort bei den Zweit- und 52,7 Prozent bei den Erststimmen. Aber Senzke erzielt nicht einmal den AfD-Spitzenwert im Amt Friesack. In <a href=\"https:\/\/wahlergebnisse.brandenburg.de\/12\/500\/20240922\/landtagswahl_land\/ergebnisse_stimmbezirk_1206353020882303.html\">Wutzetz<\/a> erreichte die AfD gar 61,8 Prozent der Zweitstimmen. In diesem Dorf ist auch der CDU-Wert ganz interessant: 1,5 Prozent. Wer h\u00e4tte gedacht, dass einmal ein kleines Runddorf am \u00e4u\u00dfersten Rand des Landkreises besonders deutlich den Trend anzeigt, dem unser ganzes Land derzeit entgegengeht. Man k\u00f6nnte auch sagen: Wer Wutzetz will, w\u00e4hlt AfD.<\/p>\n","protected":false},"excerpt":{"rendered":"<p>Als letzte der drei ostdeutschen Landtagswahlen dieses Jahres komplettierte nach [&hellip;]<\/p>\n","protected":false},"author":1,"featured_media":416865,"comment_status":"open","ping_status":"open","sticky":false,"template":"","format":"standard","meta":{"_acf_changed":false,"_price":"","_stock":"","_tribe_ticket_header":"","_tribe_default_ticket_provider":"","_tribe_ticket_capacity":"0","_ticket_start_date":"","_ticket_end_date":"","_tribe_ticket_show_description":"","_tribe_ticket_show_not_going":false,"_tribe_ticket_use_global_stock":"","_tribe_ticket_global_stock_level":"","_global_stock_mode":"","_global_stock_cap":"","_tribe_rsvp_for_event":"","_tribe_ticket_going_count":"","_tribe_ticket_not_going_count":"","_tribe_tickets_list":"[]","_tribe_ticket_has_attendee_info_fields":false,"jetpack_post_was_ever_published":false,"_jetpack_newsletter_access":"","_jetpack_dont_email_post_to_subs":false,"_jetpack_newsletter_tier_id":0,"_jetpack_memberships_contains_paywalled_content":false,"_jetpack_memberships_contains_paid_content":false,"footnotes":"","jetpack_publicize_message":"","jetpack_publicize_feature_enabled":true,"jetpack_social_post_already_shared":true,"jetpack_social_options":{"image_generator_settings":{"template":"highway","default_image_id":0,"font":"","enabled":false},"version":2}},"categories":[9,572,354,293],"tags":[215,307,575],"class_list":["post-416863","post","type-post","status-publish","format-standard","has-post-thumbnail","hentry","category-neuigkeiten","category-politik","category-selbelang","category-wahlen","tag-afd","tag-landtagswahl","tag-spd"],"acf":[],"yoast_head":"<!-- This site is optimized with the Yoast SEO plugin v27.5 - https:\/\/yoast.com\/product\/yoast-seo-wordpress\/ -->\n<title>SPD gewinnt Landtagswahl in Paulinenaue \u2013\u00a0besonders in Selbelang - Paulinenaue<\/title>\n<meta name=\"robots\" content=\"index, follow, max-snippet:-1, max-image-preview:large, max-video-preview:-1\" \/>\n<link rel=\"canonical\" href=\"https:\/\/paulinenaue.info\/index.php\/spd-gewinnt-landtagswahl-in-paulinenaue-besonders-in-selbelang\/\" \/>\n<meta property=\"og:locale\" content=\"de_DE\" \/>\n<meta property=\"og:type\" content=\"article\" \/>\n<meta property=\"og:title\" content=\"SPD gewinnt Landtagswahl in Paulinenaue \u2013\u00a0besonders in Selbelang - Paulinenaue\" \/>\n<meta property=\"og:description\" content=\"Als letzte der drei ostdeutschen Landtagswahlen dieses Jahres komplettierte nach [&hellip;]\" \/>\n<meta property=\"og:url\" content=\"https:\/\/paulinenaue.info\/index.php\/spd-gewinnt-landtagswahl-in-paulinenaue-besonders-in-selbelang\/\" \/>\n<meta property=\"og:site_name\" content=\"Paulinenaue\" \/>\n<meta property=\"article:published_time\" content=\"2024-09-23T00:07:18+00:00\" \/>\n<meta property=\"article:modified_time\" content=\"2024-09-23T10:19:41+00:00\" \/>\n<meta property=\"og:image\" content=\"https:\/\/paulinenaue.info\/wp-content\/uploads\/2024\/09\/2024-09-24-Landtagswahl-02.jpeg\" \/>\n\t<meta property=\"og:image:width\" content=\"1600\" \/>\n\t<meta property=\"og:image:height\" content=\"900\" \/>\n\t<meta property=\"og:image:type\" content=\"image\/jpeg\" \/>\n<meta name=\"author\" content=\"Joachim Scholz\" \/>\n<meta name=\"twitter:card\" content=\"summary_large_image\" \/>\n<meta name=\"twitter:label1\" content=\"Verfasst von\" \/>\n\t<meta name=\"twitter:data1\" content=\"Joachim Scholz\" \/>\n\t<meta name=\"twitter:label2\" content=\"Gesch\u00e4tzte Lesezeit\" \/>\n\t<meta name=\"twitter:data2\" content=\"5\u00a0Minuten\" \/>\n<script type=\"application\/ld+json\" class=\"yoast-schema-graph\">{\"@context\":\"https:\\\/\\\/schema.org\",\"@graph\":[{\"@type\":\"Article\",\"@id\":\"https:\\\/\\\/paulinenaue.info\\\/index.php\\\/spd-gewinnt-landtagswahl-in-paulinenaue-besonders-in-selbelang\\\/#article\",\"isPartOf\":{\"@id\":\"https:\\\/\\\/paulinenaue.info\\\/index.php\\\/spd-gewinnt-landtagswahl-in-paulinenaue-besonders-in-selbelang\\\/\"},\"author\":{\"name\":\"Joachim Scholz\",\"@id\":\"https:\\\/\\\/paulinenaue.info\\\/#\\\/schema\\\/person\\\/3f9e818fd7b69b0d2bd937ac506897cc\"},\"headline\":\"SPD gewinnt Landtagswahl in Paulinenaue \u2013\u00a0besonders in Selbelang\",\"datePublished\":\"2024-09-23T00:07:18+00:00\",\"dateModified\":\"2024-09-23T10:19:41+00:00\",\"mainEntityOfPage\":{\"@id\":\"https:\\\/\\\/paulinenaue.info\\\/index.php\\\/spd-gewinnt-landtagswahl-in-paulinenaue-besonders-in-selbelang\\\/\"},\"wordCount\":641,\"commentCount\":0,\"image\":{\"@id\":\"https:\\\/\\\/paulinenaue.info\\\/index.php\\\/spd-gewinnt-landtagswahl-in-paulinenaue-besonders-in-selbelang\\\/#primaryimage\"},\"thumbnailUrl\":\"https:\\\/\\\/paulinenaue.info\\\/wp-content\\\/uploads\\\/2024\\\/09\\\/2024-09-24-Landtagswahl-02.jpeg\",\"keywords\":[\"AfD\",\"Landtagswahl\",\"SPD\"],\"articleSection\":[\"Neuigkeiten\",\"Politik\",\"Selbelang\",\"Wahlen\"],\"inLanguage\":\"de\",\"potentialAction\":[{\"@type\":\"CommentAction\",\"name\":\"Comment\",\"target\":[\"https:\\\/\\\/paulinenaue.info\\\/index.php\\\/spd-gewinnt-landtagswahl-in-paulinenaue-besonders-in-selbelang\\\/#respond\"]}]},{\"@type\":\"WebPage\",\"@id\":\"https:\\\/\\\/paulinenaue.info\\\/index.php\\\/spd-gewinnt-landtagswahl-in-paulinenaue-besonders-in-selbelang\\\/\",\"url\":\"https:\\\/\\\/paulinenaue.info\\\/index.php\\\/spd-gewinnt-landtagswahl-in-paulinenaue-besonders-in-selbelang\\\/\",\"name\":\"SPD gewinnt Landtagswahl in Paulinenaue \u2013\u00a0besonders in Selbelang - Paulinenaue\",\"isPartOf\":{\"@id\":\"https:\\\/\\\/paulinenaue.info\\\/#website\"},\"primaryImageOfPage\":{\"@id\":\"https:\\\/\\\/paulinenaue.info\\\/index.php\\\/spd-gewinnt-landtagswahl-in-paulinenaue-besonders-in-selbelang\\\/#primaryimage\"},\"image\":{\"@id\":\"https:\\\/\\\/paulinenaue.info\\\/index.php\\\/spd-gewinnt-landtagswahl-in-paulinenaue-besonders-in-selbelang\\\/#primaryimage\"},\"thumbnailUrl\":\"https:\\\/\\\/paulinenaue.info\\\/wp-content\\\/uploads\\\/2024\\\/09\\\/2024-09-24-Landtagswahl-02.jpeg\",\"datePublished\":\"2024-09-23T00:07:18+00:00\",\"dateModified\":\"2024-09-23T10:19:41+00:00\",\"author\":{\"@id\":\"https:\\\/\\\/paulinenaue.info\\\/#\\\/schema\\\/person\\\/3f9e818fd7b69b0d2bd937ac506897cc\"},\"breadcrumb\":{\"@id\":\"https:\\\/\\\/paulinenaue.info\\\/index.php\\\/spd-gewinnt-landtagswahl-in-paulinenaue-besonders-in-selbelang\\\/#breadcrumb\"},\"inLanguage\":\"de\",\"potentialAction\":[{\"@type\":\"ReadAction\",\"target\":[\"https:\\\/\\\/paulinenaue.info\\\/index.php\\\/spd-gewinnt-landtagswahl-in-paulinenaue-besonders-in-selbelang\\\/\"]}]},{\"@type\":\"ImageObject\",\"inLanguage\":\"de\",\"@id\":\"https:\\\/\\\/paulinenaue.info\\\/index.php\\\/spd-gewinnt-landtagswahl-in-paulinenaue-besonders-in-selbelang\\\/#primaryimage\",\"url\":\"https:\\\/\\\/paulinenaue.info\\\/wp-content\\\/uploads\\\/2024\\\/09\\\/2024-09-24-Landtagswahl-02.jpeg\",\"contentUrl\":\"https:\\\/\\\/paulinenaue.info\\\/wp-content\\\/uploads\\\/2024\\\/09\\\/2024-09-24-Landtagswahl-02.jpeg\",\"width\":1600,\"height\":900},{\"@type\":\"BreadcrumbList\",\"@id\":\"https:\\\/\\\/paulinenaue.info\\\/index.php\\\/spd-gewinnt-landtagswahl-in-paulinenaue-besonders-in-selbelang\\\/#breadcrumb\",\"itemListElement\":[{\"@type\":\"ListItem\",\"position\":1,\"name\":\"Home\",\"item\":\"https:\\\/\\\/paulinenaue.info\\\/\"},{\"@type\":\"ListItem\",\"position\":2,\"name\":\"SPD gewinnt Landtagswahl in Paulinenaue \u2013\u00a0besonders in Selbelang\"}]},{\"@type\":\"WebSite\",\"@id\":\"https:\\\/\\\/paulinenaue.info\\\/#website\",\"url\":\"https:\\\/\\\/paulinenaue.info\\\/\",\"name\":\"Paulinenaue\",\"description\":\"Ein Dorf im Havelland\",\"potentialAction\":[{\"@type\":\"SearchAction\",\"target\":{\"@type\":\"EntryPoint\",\"urlTemplate\":\"https:\\\/\\\/paulinenaue.info\\\/?s={search_term_string}\"},\"query-input\":{\"@type\":\"PropertyValueSpecification\",\"valueRequired\":true,\"valueName\":\"search_term_string\"}}],\"inLanguage\":\"de\"},{\"@type\":\"Person\",\"@id\":\"https:\\\/\\\/paulinenaue.info\\\/#\\\/schema\\\/person\\\/3f9e818fd7b69b0d2bd937ac506897cc\",\"name\":\"Joachim Scholz\",\"url\":\"https:\\\/\\\/paulinenaue.info\\\/index.php\\\/author\\\/jjscholz\\\/\"}]}<\/script>\n<!-- \/ Yoast SEO plugin. -->","yoast_head_json":{"title":"SPD gewinnt Landtagswahl in Paulinenaue \u2013\u00a0besonders in Selbelang - Paulinenaue","robots":{"index":"index","follow":"follow","max-snippet":"max-snippet:-1","max-image-preview":"max-image-preview:large","max-video-preview":"max-video-preview:-1"},"canonical":"https:\/\/paulinenaue.info\/index.php\/spd-gewinnt-landtagswahl-in-paulinenaue-besonders-in-selbelang\/","og_locale":"de_DE","og_type":"article","og_title":"SPD gewinnt Landtagswahl in Paulinenaue \u2013\u00a0besonders in Selbelang - Paulinenaue","og_description":"Als letzte der drei ostdeutschen Landtagswahlen dieses Jahres komplettierte nach [&hellip;]","og_url":"https:\/\/paulinenaue.info\/index.php\/spd-gewinnt-landtagswahl-in-paulinenaue-besonders-in-selbelang\/","og_site_name":"Paulinenaue","article_published_time":"2024-09-23T00:07:18+00:00","article_modified_time":"2024-09-23T10:19:41+00:00","og_image":[{"width":1600,"height":900,"url":"https:\/\/paulinenaue.info\/wp-content\/uploads\/2024\/09\/2024-09-24-Landtagswahl-02.jpeg","type":"image\/jpeg"}],"author":"Joachim Scholz","twitter_card":"summary_large_image","twitter_misc":{"Verfasst von":"Joachim Scholz","Gesch\u00e4tzte Lesezeit":"5\u00a0Minuten"},"schema":{"@context":"https:\/\/schema.org","@graph":[{"@type":"Article","@id":"https:\/\/paulinenaue.info\/index.php\/spd-gewinnt-landtagswahl-in-paulinenaue-besonders-in-selbelang\/#article","isPartOf":{"@id":"https:\/\/paulinenaue.info\/index.php\/spd-gewinnt-landtagswahl-in-paulinenaue-besonders-in-selbelang\/"},"author":{"name":"Joachim Scholz","@id":"https:\/\/paulinenaue.info\/#\/schema\/person\/3f9e818fd7b69b0d2bd937ac506897cc"},"headline":"SPD gewinnt Landtagswahl in Paulinenaue \u2013\u00a0besonders in Selbelang","datePublished":"2024-09-23T00:07:18+00:00","dateModified":"2024-09-23T10:19:41+00:00","mainEntityOfPage":{"@id":"https:\/\/paulinenaue.info\/index.php\/spd-gewinnt-landtagswahl-in-paulinenaue-besonders-in-selbelang\/"},"wordCount":641,"commentCount":0,"image":{"@id":"https:\/\/paulinenaue.info\/index.php\/spd-gewinnt-landtagswahl-in-paulinenaue-besonders-in-selbelang\/#primaryimage"},"thumbnailUrl":"https:\/\/paulinenaue.info\/wp-content\/uploads\/2024\/09\/2024-09-24-Landtagswahl-02.jpeg","keywords":["AfD","Landtagswahl","SPD"],"articleSection":["Neuigkeiten","Politik","Selbelang","Wahlen"],"inLanguage":"de","potentialAction":[{"@type":"CommentAction","name":"Comment","target":["https:\/\/paulinenaue.info\/index.php\/spd-gewinnt-landtagswahl-in-paulinenaue-besonders-in-selbelang\/#respond"]}]},{"@type":"WebPage","@id":"https:\/\/paulinenaue.info\/index.php\/spd-gewinnt-landtagswahl-in-paulinenaue-besonders-in-selbelang\/","url":"https:\/\/paulinenaue.info\/index.php\/spd-gewinnt-landtagswahl-in-paulinenaue-besonders-in-selbelang\/","name":"SPD gewinnt Landtagswahl in Paulinenaue \u2013\u00a0besonders in Selbelang - Paulinenaue","isPartOf":{"@id":"https:\/\/paulinenaue.info\/#website"},"primaryImageOfPage":{"@id":"https:\/\/paulinenaue.info\/index.php\/spd-gewinnt-landtagswahl-in-paulinenaue-besonders-in-selbelang\/#primaryimage"},"image":{"@id":"https:\/\/paulinenaue.info\/index.php\/spd-gewinnt-landtagswahl-in-paulinenaue-besonders-in-selbelang\/#primaryimage"},"thumbnailUrl":"https:\/\/paulinenaue.info\/wp-content\/uploads\/2024\/09\/2024-09-24-Landtagswahl-02.jpeg","datePublished":"2024-09-23T00:07:18+00:00","dateModified":"2024-09-23T10:19:41+00:00","author":{"@id":"https:\/\/paulinenaue.info\/#\/schema\/person\/3f9e818fd7b69b0d2bd937ac506897cc"},"breadcrumb":{"@id":"https:\/\/paulinenaue.info\/index.php\/spd-gewinnt-landtagswahl-in-paulinenaue-besonders-in-selbelang\/#breadcrumb"},"inLanguage":"de","potentialAction":[{"@type":"ReadAction","target":["https:\/\/paulinenaue.info\/index.php\/spd-gewinnt-landtagswahl-in-paulinenaue-besonders-in-selbelang\/"]}]},{"@type":"ImageObject","inLanguage":"de","@id":"https:\/\/paulinenaue.info\/index.php\/spd-gewinnt-landtagswahl-in-paulinenaue-besonders-in-selbelang\/#primaryimage","url":"https:\/\/paulinenaue.info\/wp-content\/uploads\/2024\/09\/2024-09-24-Landtagswahl-02.jpeg","contentUrl":"https:\/\/paulinenaue.info\/wp-content\/uploads\/2024\/09\/2024-09-24-Landtagswahl-02.jpeg","width":1600,"height":900},{"@type":"BreadcrumbList","@id":"https:\/\/paulinenaue.info\/index.php\/spd-gewinnt-landtagswahl-in-paulinenaue-besonders-in-selbelang\/#breadcrumb","itemListElement":[{"@type":"ListItem","position":1,"name":"Home","item":"https:\/\/paulinenaue.info\/"},{"@type":"ListItem","position":2,"name":"SPD gewinnt Landtagswahl in Paulinenaue \u2013\u00a0besonders in Selbelang"}]},{"@type":"WebSite","@id":"https:\/\/paulinenaue.info\/#website","url":"https:\/\/paulinenaue.info\/","name":"Paulinenaue","description":"Ein Dorf im Havelland","potentialAction":[{"@type":"SearchAction","target":{"@type":"EntryPoint","urlTemplate":"https:\/\/paulinenaue.info\/?s={search_term_string}"},"query-input":{"@type":"PropertyValueSpecification","valueRequired":true,"valueName":"search_term_string"}}],"inLanguage":"de"},{"@type":"Person","@id":"https:\/\/paulinenaue.info\/#\/schema\/person\/3f9e818fd7b69b0d2bd937ac506897cc","name":"Joachim Scholz","url":"https:\/\/paulinenaue.info\/index.php\/author\/jjscholz\/"}]}},"jetpack_publicize_connections":[],"jetpack_featured_media_url":"https:\/\/paulinenaue.info\/wp-content\/uploads\/2024\/09\/2024-09-24-Landtagswahl-02.jpeg","jetpack_sharing_enabled":true,"jetpack_shortlink":"https:\/\/wp.me\/pcYhWA-1KrB","jetpack-related-posts":[{"id":4968,"url":"https:\/\/paulinenaue.info\/index.php\/landtagswahl-2019-in-paulinenaue\/","url_meta":{"origin":416863,"position":0},"title":"Landtagswahl 2019 in Paulinenaue","author":"Joachim Scholz","date":"2. September 2019","format":false,"excerpt":"Ein Blick auf die Zweitstimmenverteilung In Brandenburg und in Sachsen ist am 1. September 2019 ein neuer Landtag gew\u00e4hlt worden. In beiden L\u00e4ndern war mit Spannung vor allem das Ergebnis der populistischen rechtsnationalen \u201eAlternative f\u00fcr Deutschland\u201c erwartet worden, die in den Umfragen zeitweise als Favoritin in der W\u00e4hlergunst galt. Am\u2026","rel":"","context":"In &quot;Allgemein&quot;","block_context":{"text":"Allgemein","link":"https:\/\/paulinenaue.info\/index.php\/category\/allgemein\/"},"img":{"alt_text":"","src":"https:\/\/i0.wp.com\/paulinenaue.info\/wp-content\/uploads\/2019\/09\/DSC04992.jpg?resize=350%2C200&ssl=1","width":350,"height":200,"srcset":"https:\/\/i0.wp.com\/paulinenaue.info\/wp-content\/uploads\/2019\/09\/DSC04992.jpg?resize=350%2C200&ssl=1 1x, https:\/\/i0.wp.com\/paulinenaue.info\/wp-content\/uploads\/2019\/09\/DSC04992.jpg?resize=525%2C300&ssl=1 1.5x, https:\/\/i0.wp.com\/paulinenaue.info\/wp-content\/uploads\/2019\/09\/DSC04992.jpg?resize=700%2C400&ssl=1 2x"},"classes":[]},{"id":6017,"url":"https:\/\/paulinenaue.info\/index.php\/die-bundestagswahl-in-paulinenaue-2021-im-ueberblick\/","url_meta":{"origin":416863,"position":1},"title":"Die Bundestagswahl in Paulinenaue 2021 im \u00dcberblick","author":"Joachim Scholz","date":"6. Oktober 2021","format":false,"excerpt":"Die Bundestagswahl 2021, die nun auch schon wieder einige Tage zur\u00fcckliegt, hat die politischen Gewichte in Deutschland verschoben. Verlusten bei der CDU, der Linken und \u2013 in kleinerem Ma\u00dfe \u2013\u00a0bei der AfD stehen Gewinne bei SPD, Gr\u00fcnen und der FDP gegen\u00fcber. Die SPD mag auf die politische B\u00fchne zur\u00fcckgekehrt sein,\u2026","rel":"","context":"In &quot;Allgemein&quot;","block_context":{"text":"Allgemein","link":"https:\/\/paulinenaue.info\/index.php\/category\/allgemein\/"},"img":{"alt_text":"","src":"https:\/\/i0.wp.com\/paulinenaue.info\/wp-content\/uploads\/2021\/10\/20210926_zum_wahlraum.jpg?resize=350%2C200&ssl=1","width":350,"height":200,"srcset":"https:\/\/i0.wp.com\/paulinenaue.info\/wp-content\/uploads\/2021\/10\/20210926_zum_wahlraum.jpg?resize=350%2C200&ssl=1 1x, https:\/\/i0.wp.com\/paulinenaue.info\/wp-content\/uploads\/2021\/10\/20210926_zum_wahlraum.jpg?resize=525%2C300&ssl=1 1.5x, https:\/\/i0.wp.com\/paulinenaue.info\/wp-content\/uploads\/2021\/10\/20210926_zum_wahlraum.jpg?resize=700%2C400&ssl=1 2x"},"classes":[]},{"id":417323,"url":"https:\/\/paulinenaue.info\/index.php\/bundestagswahl-2025-in-paulinenaue\/","url_meta":{"origin":416863,"position":2},"title":"Bundestagswahl 2025 in Paulinenaue","author":"Joachim Scholz","date":"24. Februar 2025","format":false,"excerpt":"Die vorgezogene Bundestagswahl fand am 23. Februar 2025 in Paulinenaue nicht mehr wie \u00fcblich im Feuerwehrdepot, sondern in der Schule statt. Das traditionsreiche Wahllokal wird gerade abgerissen. Auch die Mehrheitsverh\u00e4ltnisse sind nicht mehr die gewohnten. Das auffallendste Ergebnis dieser Wahl ist zweifellos, dass die rechtspopulistische AfD mit 37,7 Prozent (ohne\u2026","rel":"","context":"In &quot;Politik&quot;","block_context":{"text":"Politik","link":"https:\/\/paulinenaue.info\/index.php\/category\/politik\/"},"img":{"alt_text":"","src":"https:\/\/i0.wp.com\/paulinenaue.info\/wp-content\/uploads\/2025\/02\/DSC05268.jpeg?resize=350%2C200&ssl=1","width":350,"height":200,"srcset":"https:\/\/i0.wp.com\/paulinenaue.info\/wp-content\/uploads\/2025\/02\/DSC05268.jpeg?resize=350%2C200&ssl=1 1x, https:\/\/i0.wp.com\/paulinenaue.info\/wp-content\/uploads\/2025\/02\/DSC05268.jpeg?resize=525%2C300&ssl=1 1.5x, https:\/\/i0.wp.com\/paulinenaue.info\/wp-content\/uploads\/2025\/02\/DSC05268.jpeg?resize=700%2C400&ssl=1 2x"},"classes":[]},{"id":416495,"url":"https:\/\/paulinenaue.info\/index.php\/wahlergebnisse-europa-und-kommunal\/","url_meta":{"origin":416863,"position":3},"title":"Wahlen: Europa, Gemeindevertretung und B\u00fcrgermeister","author":"Joachim Scholz","date":"10. Juni 2024","format":false,"excerpt":"Wie in ganz Deutschland tritt auch in Paulinenaue und Selbelang das Wahljahr 2024 nunmehr in seine hei\u00dfe Phase. Die Wahl des havell\u00e4ndischen Landrates am 26. Mai hatte den Anfang gemacht und die Richtung ausgewiesen. Zwar vereinte der Amtsinhaber Roger Lewandowski (CDU) in der Gemeinde mit 45,4 Prozent die meisten W\u00e4hlerstimmen\u2026","rel":"","context":"In &quot;Allgemein&quot;","block_context":{"text":"Allgemein","link":"https:\/\/paulinenaue.info\/index.php\/category\/allgemein\/"},"img":{"alt_text":"","src":"https:\/\/i0.wp.com\/paulinenaue.info\/wp-content\/uploads\/2024\/06\/2024-06-09-Paulinenaue-Plakate-Europawahl.jpeg?resize=350%2C200&ssl=1","width":350,"height":200,"srcset":"https:\/\/i0.wp.com\/paulinenaue.info\/wp-content\/uploads\/2024\/06\/2024-06-09-Paulinenaue-Plakate-Europawahl.jpeg?resize=350%2C200&ssl=1 1x, https:\/\/i0.wp.com\/paulinenaue.info\/wp-content\/uploads\/2024\/06\/2024-06-09-Paulinenaue-Plakate-Europawahl.jpeg?resize=525%2C300&ssl=1 1.5x, https:\/\/i0.wp.com\/paulinenaue.info\/wp-content\/uploads\/2024\/06\/2024-06-09-Paulinenaue-Plakate-Europawahl.jpeg?resize=700%2C400&ssl=1 2x"},"classes":[]},{"id":4825,"url":"https:\/\/paulinenaue.info\/index.php\/wahltag\/","url_meta":{"origin":416863,"position":4},"title":"Spannender Wahlabend in Paulinenaue","author":"Joachim Scholz","date":"26. Mai 2019","format":false,"excerpt":"Arne Breder wird neuer Paulinenauer B\u00fcrgermeister 21.42 Uhr: Arne Breder wird Paulinenaues B\u00fcrgermeister. Aus dem Paulinenauer Wahllokal wird bekannt, dass Arne Breder mit deutlichem Abstand vor Gabriele Hentschel und noch einmal gro\u00dfem Abstand vor Tino M\u00fcller sowohl das Paulinenauer als auch das Selbelanger Wahllokal erobert hat. In Paulinenaue erh\u00e4lt Arne\u2026","rel":"","context":"In &quot;Hier Zuhause&quot;","block_context":{"text":"Hier Zuhause","link":"https:\/\/paulinenaue.info\/index.php\/category\/hier-zuhause\/"},"img":{"alt_text":"","src":"https:\/\/i0.wp.com\/paulinenaue.info\/wp-content\/uploads\/2019\/05\/DSC01989.jpg?resize=350%2C200&ssl=1","width":350,"height":200,"srcset":"https:\/\/i0.wp.com\/paulinenaue.info\/wp-content\/uploads\/2019\/05\/DSC01989.jpg?resize=350%2C200&ssl=1 1x, https:\/\/i0.wp.com\/paulinenaue.info\/wp-content\/uploads\/2019\/05\/DSC01989.jpg?resize=525%2C300&ssl=1 1.5x, https:\/\/i0.wp.com\/paulinenaue.info\/wp-content\/uploads\/2019\/05\/DSC01989.jpg?resize=700%2C400&ssl=1 2x"},"classes":[]},{"id":4865,"url":"https:\/\/paulinenaue.info\/index.php\/paulinenaue-in-der-kommunal-kreistags-und-europawahl-2019\/","url_meta":{"origin":416863,"position":5},"title":"Paulinenaue in der Kommunal-, Kreistags- und Europawahl 2019","author":"Joachim Scholz","date":"27. Mai 2019","format":false,"excerpt":"Arne Breder wird Paulinenaues neuer B\u00fcrgermeister So lang wie einige der Wahlzettel war der gestrige Wahlabend in Paulinenaue, an dem die ehrenamtlichen Helfer noch bis um Mitternacht z\u00e4hlten und die Ergebnisse pr\u00fcften. Nun stehen die Resultate der Mehrfachwahl fest und k\u00f6nnen im Netz, aufbereitet auf vielf\u00e4ltige Art und Weise, abgerufen\u2026","rel":"","context":"In &quot;Hier Zuhause&quot;","block_context":{"text":"Hier Zuhause","link":"https:\/\/paulinenaue.info\/index.php\/category\/hier-zuhause\/"},"img":{"alt_text":"","src":"https:\/\/i0.wp.com\/paulinenaue.info\/wp-content\/uploads\/2019\/05\/DSC01242.jpg?resize=350%2C200&ssl=1","width":350,"height":200,"srcset":"https:\/\/i0.wp.com\/paulinenaue.info\/wp-content\/uploads\/2019\/05\/DSC01242.jpg?resize=350%2C200&ssl=1 1x, https:\/\/i0.wp.com\/paulinenaue.info\/wp-content\/uploads\/2019\/05\/DSC01242.jpg?resize=525%2C300&ssl=1 1.5x, https:\/\/i0.wp.com\/paulinenaue.info\/wp-content\/uploads\/2019\/05\/DSC01242.jpg?resize=700%2C400&ssl=1 2x"},"classes":[]}],"_links":{"self":[{"href":"https:\/\/paulinenaue.info\/index.php\/wp-json\/wp\/v2\/posts\/416863","targetHints":{"allow":["GET"]}}],"collection":[{"href":"https:\/\/paulinenaue.info\/index.php\/wp-json\/wp\/v2\/posts"}],"about":[{"href":"https:\/\/paulinenaue.info\/index.php\/wp-json\/wp\/v2\/types\/post"}],"author":[{"embeddable":true,"href":"https:\/\/paulinenaue.info\/index.php\/wp-json\/wp\/v2\/users\/1"}],"replies":[{"embeddable":true,"href":"https:\/\/paulinenaue.info\/index.php\/wp-json\/wp\/v2\/comments?post=416863"}],"version-history":[{"count":30,"href":"https:\/\/paulinenaue.info\/index.php\/wp-json\/wp\/v2\/posts\/416863\/revisions"}],"predecessor-version":[{"id":416899,"href":"https:\/\/paulinenaue.info\/index.php\/wp-json\/wp\/v2\/posts\/416863\/revisions\/416899"}],"wp:featuredmedia":[{"embeddable":true,"href":"https:\/\/paulinenaue.info\/index.php\/wp-json\/wp\/v2\/media\/416865"}],"wp:attachment":[{"href":"https:\/\/paulinenaue.info\/index.php\/wp-json\/wp\/v2\/media?parent=416863"}],"wp:term":[{"taxonomy":"category","embeddable":true,"href":"https:\/\/paulinenaue.info\/index.php\/wp-json\/wp\/v2\/categories?post=416863"},{"taxonomy":"post_tag","embeddable":true,"href":"https:\/\/paulinenaue.info\/index.php\/wp-json\/wp\/v2\/tags?post=416863"}],"curies":[{"name":"wp","href":"https:\/\/api.w.org\/{rel}","templated":true}]}}