{"id":416933,"date":"2024-11-13T18:31:18","date_gmt":"2024-11-13T17:31:18","guid":{"rendered":"https:\/\/paulinenaue.info\/?p=416933"},"modified":"2024-11-13T18:31:18","modified_gmt":"2024-11-13T17:31:18","slug":"paulinenaue-feierte-das-martinsfest","status":"publish","type":"post","link":"https:\/\/paulinenaue.info\/index.php\/paulinenaue-feierte-das-martinsfest\/","title":{"rendered":"Paulinenaue feierte das Martinsfest"},"content":{"rendered":"<p>Text: Eckhard Vierjahn<\/p>\n<p>Temperaturen nahe dem Gefrierpunkt am Sonntag den 10. November machten warme Kleidung erforderlich. Umso mehr konnte man verstehen wie g\u00fctig der heilige Martin war, der mit einem Bettler seinen Mantel teile. Die Gemeindep\u00e4dagogin Rukiye Pr\u00f6hl erz\u00e4hlte eindrucksvoll die Geschichte des heiligen Martin und nahm viele Paulinenauer Kinder, deren Eltern und Gro\u00dfeltern gedanklich und aktiv in eine Zeit vor fast 2000 Jahren mit.<\/p>\n<p>Der traditionelle Laternenumzug f\u00fchrte von der Kirche zum Geb\u00e4ude der Feuerwehrund wurde selbstverst\u00e4ndlich von einem Pferd, das Antje Kunkel mitbrachte, angef\u00fchrt. Begleitet wurde der Umzug von Polizeiautos und dem Einsatzfahrzeug der Feuerwehr. Die Sicherheit wurde von den Polizisten und Mitgliedern der Freiwilligen Feuerwehr somit sichergestellt.<\/p>\n<div id=\"attachment_416935\" style=\"width: 310px\" class=\"wp-caption alignnone\"><a href=\"https:\/\/paulinenaue.info\/wp-content\/uploads\/2024\/11\/IMG_1623.jpg\"><img decoding=\"async\" aria-describedby=\"caption-attachment-416935\" data-attachment-id=\"416935\" data-permalink=\"https:\/\/paulinenaue.info\/index.php\/paulinenaue-feierte-das-martinsfest\/img_1623\/\" data-orig-file=\"https:\/\/paulinenaue.info\/wp-content\/uploads\/2024\/11\/IMG_1623.jpg\" data-orig-size=\"1920,1080\" data-comments-opened=\"1\" data-image-meta=\"{&quot;aperture&quot;:&quot;1.78&quot;,&quot;credit&quot;:&quot;&quot;,&quot;camera&quot;:&quot;iPhone 15 Pro Max&quot;,&quot;caption&quot;:&quot;&quot;,&quot;created_timestamp&quot;:&quot;1731260339&quot;,&quot;copyright&quot;:&quot;&quot;,&quot;focal_length&quot;:&quot;6.7649998656528&quot;,&quot;iso&quot;:&quot;1600&quot;,&quot;shutter_speed&quot;:&quot;0.071428571428571&quot;,&quot;title&quot;:&quot;&quot;,&quot;orientation&quot;:&quot;1&quot;}\" data-image-title=\"-IMG_1623\" data-image-description=\"\" data-image-caption=\"\" data-large-file=\"https:\/\/paulinenaue.info\/wp-content\/uploads\/2024\/11\/IMG_1623-1024x576.jpg\" class=\"lazyload wp-image-416935 size-medium\" src=\"https:\/\/paulinenaue.info\/wp-content\/uploads\/2024\/11\/IMG_1623-300x169.jpg\" data-orig-src=\"https:\/\/paulinenaue.info\/wp-content\/uploads\/2024\/11\/IMG_1623-300x169.jpg\" alt=\"Warten auf den Start des Laternenumzugs vor der Kirche. Foto: Eberhard Schwarz\" width=\"300\" height=\"169\" srcset=\"data:image\/svg+xml,%3Csvg%20xmlns%3D%27http%3A%2F%2Fwww.w3.org%2F2000%2Fsvg%27%20width%3D%27300%27%20height%3D%27169%27%20viewBox%3D%270%200%20300%20169%27%3E%3Crect%20width%3D%27300%27%20height%3D%27169%27%20fill-opacity%3D%220%22%2F%3E%3C%2Fsvg%3E\" data-srcset=\"https:\/\/paulinenaue.info\/wp-content\/uploads\/2024\/11\/IMG_1623-200x113.jpg 200w, https:\/\/paulinenaue.info\/wp-content\/uploads\/2024\/11\/IMG_1623-300x169.jpg 300w, https:\/\/paulinenaue.info\/wp-content\/uploads\/2024\/11\/IMG_1623-400x225.jpg 400w, https:\/\/paulinenaue.info\/wp-content\/uploads\/2024\/11\/IMG_1623-600x338.jpg 600w, https:\/\/paulinenaue.info\/wp-content\/uploads\/2024\/11\/IMG_1623-768x432.jpg 768w, https:\/\/paulinenaue.info\/wp-content\/uploads\/2024\/11\/IMG_1623-800x450.jpg 800w, https:\/\/paulinenaue.info\/wp-content\/uploads\/2024\/11\/IMG_1623-1024x576.jpg 1024w, https:\/\/paulinenaue.info\/wp-content\/uploads\/2024\/11\/IMG_1623-1200x675.jpg 1200w, https:\/\/paulinenaue.info\/wp-content\/uploads\/2024\/11\/IMG_1623-1536x864.jpg 1536w, https:\/\/paulinenaue.info\/wp-content\/uploads\/2024\/11\/IMG_1623.jpg 1920w\" data-sizes=\"auto\" data-orig-sizes=\"(max-width: 300px) 100vw, 300px\" \/><\/a><p id=\"caption-attachment-416935\" class=\"wp-caption-text\">Warten auf den Start des Laternenumzugs vor der Kirche. Foto: Eberhard Schwarz<\/p><\/div>\n<p>Die Teilnehmer erwartete an der Feuerwehr bereits ein w\u00e4rmendes Feuer in der Feuerschale, ein stimmungsvoll geschm\u00fccktes Feuerwehrgeb\u00e4ude, hei\u00dfe Getr\u00e4nke sowie W\u00fcrstchen und Kartoffelsuppe. Die flei\u00dfigen Damen vom Seniorenkreis der Kirchengemeinde Frau Breder, Frau Grabau und Frau Billian und einige \u201ePauerfrauen\u201c hatten das Fest mit viel Engagement vorbereitet und garantierten somit das Gelingen der Veranstaltung. Ein herzlicher Dank der Evangelischen Kirchengemeinde als Veranstalter und allen Unterst\u00fctzerinnen und Unterst\u00fctzern.<\/p>\n<div id=\"attachment_416934\" style=\"width: 310px\" class=\"wp-caption alignnone\"><a href=\"https:\/\/paulinenaue.info\/wp-content\/uploads\/2024\/11\/IMG_1632.jpg\"><img decoding=\"async\" aria-describedby=\"caption-attachment-416934\" data-attachment-id=\"416934\" data-permalink=\"https:\/\/paulinenaue.info\/index.php\/paulinenaue-feierte-das-martinsfest\/img_1632\/\" data-orig-file=\"https:\/\/paulinenaue.info\/wp-content\/uploads\/2024\/11\/IMG_1632.jpg\" data-orig-size=\"1920,1080\" data-comments-opened=\"1\" data-image-meta=\"{&quot;aperture&quot;:&quot;1.78&quot;,&quot;credit&quot;:&quot;&quot;,&quot;camera&quot;:&quot;iPhone 15 Pro Max&quot;,&quot;caption&quot;:&quot;&quot;,&quot;created_timestamp&quot;:&quot;1731262261&quot;,&quot;copyright&quot;:&quot;&quot;,&quot;focal_length&quot;:&quot;6.7649998656528&quot;,&quot;iso&quot;:&quot;250&quot;,&quot;shutter_speed&quot;:&quot;0.02&quot;,&quot;title&quot;:&quot;&quot;,&quot;orientation&quot;:&quot;1&quot;}\" data-image-title=\"-IMG_1632\" data-image-description=\"\" data-image-caption=\"\" data-large-file=\"https:\/\/paulinenaue.info\/wp-content\/uploads\/2024\/11\/IMG_1632-1024x576.jpg\" class=\"lazyload wp-image-416934 size-medium\" src=\"https:\/\/paulinenaue.info\/wp-content\/uploads\/2024\/11\/IMG_1632-300x169.jpg\" data-orig-src=\"https:\/\/paulinenaue.info\/wp-content\/uploads\/2024\/11\/IMG_1632-300x169.jpg\" alt=\"In der Feuerwehr wurde eine St\u00e4rkung und warme Getr\u00e4nke gereicht. Foto: Eberhard Schwarz\" width=\"300\" height=\"169\" srcset=\"data:image\/svg+xml,%3Csvg%20xmlns%3D%27http%3A%2F%2Fwww.w3.org%2F2000%2Fsvg%27%20width%3D%27300%27%20height%3D%27169%27%20viewBox%3D%270%200%20300%20169%27%3E%3Crect%20width%3D%27300%27%20height%3D%27169%27%20fill-opacity%3D%220%22%2F%3E%3C%2Fsvg%3E\" data-srcset=\"https:\/\/paulinenaue.info\/wp-content\/uploads\/2024\/11\/IMG_1632-200x113.jpg 200w, https:\/\/paulinenaue.info\/wp-content\/uploads\/2024\/11\/IMG_1632-300x169.jpg 300w, https:\/\/paulinenaue.info\/wp-content\/uploads\/2024\/11\/IMG_1632-400x225.jpg 400w, https:\/\/paulinenaue.info\/wp-content\/uploads\/2024\/11\/IMG_1632-600x338.jpg 600w, https:\/\/paulinenaue.info\/wp-content\/uploads\/2024\/11\/IMG_1632-768x432.jpg 768w, https:\/\/paulinenaue.info\/wp-content\/uploads\/2024\/11\/IMG_1632-800x450.jpg 800w, https:\/\/paulinenaue.info\/wp-content\/uploads\/2024\/11\/IMG_1632-1024x576.jpg 1024w, https:\/\/paulinenaue.info\/wp-content\/uploads\/2024\/11\/IMG_1632-1200x675.jpg 1200w, https:\/\/paulinenaue.info\/wp-content\/uploads\/2024\/11\/IMG_1632-1536x864.jpg 1536w, https:\/\/paulinenaue.info\/wp-content\/uploads\/2024\/11\/IMG_1632.jpg 1920w\" data-sizes=\"auto\" data-orig-sizes=\"(max-width: 300px) 100vw, 300px\" \/><\/a><p id=\"caption-attachment-416934\" class=\"wp-caption-text\">In der Feuerwehr wurde eine St\u00e4rkung und warme Getr\u00e4nke gereicht. Foto: Eberhard Schwarz<\/p><\/div>\n<p>&nbsp;<\/p>\n","protected":false},"excerpt":{"rendered":"<p>Text: Eckhard Vierjahn Temperaturen nahe dem Gefrierpunkt am Sonntag den [&hellip;]<\/p>\n","protected":false},"author":3,"featured_media":415323,"comment_status":"open","ping_status":"open","sticky":false,"template":"","format":"standard","meta":{"_acf_changed":false,"_price":"","_stock":"","_tribe_ticket_header":"","_tribe_default_ticket_provider":"","_tribe_ticket_capacity":"0","_ticket_start_date":"","_ticket_end_date":"","_tribe_ticket_show_description":"","_tribe_ticket_show_not_going":false,"_tribe_ticket_use_global_stock":"","_tribe_ticket_global_stock_level":"","_global_stock_mode":"","_global_stock_cap":"","_tribe_rsvp_for_event":"","_tribe_ticket_going_count":"","_tribe_ticket_not_going_count":"","_tribe_tickets_list":"[]","_tribe_ticket_has_attendee_info_fields":false,"jetpack_post_was_ever_published":false,"_jetpack_newsletter_access":"","_jetpack_dont_email_post_to_subs":false,"_jetpack_newsletter_tier_id":0,"_jetpack_memberships_contains_paywalled_content":false,"_jetpack_memberships_contains_paid_content":false,"footnotes":"","jetpack_publicize_message":"","jetpack_publicize_feature_enabled":true,"jetpack_social_post_already_shared":true,"jetpack_social_options":{"image_generator_settings":{"template":"highway","default_image_id":0,"font":"","enabled":false},"version":2}},"categories":[16,26,9,514,93,10],"tags":[27,510,511],"class_list":["post-416933","post","type-post","status-publish","format-standard","has-post-thumbnail","hentry","category-feuerwehr","category-kirche","category-neuigkeiten","category-pauerfrauen","category-veranstaltungen","category-vereine","tag-kirche","tag-martinsfest","tag-martinsumzug"],"acf":[],"yoast_head":"<!-- This site is optimized with the Yoast SEO plugin v27.5 - https:\/\/yoast.com\/product\/yoast-seo-wordpress\/ -->\n<title>Paulinenaue feierte das Martinsfest - Paulinenaue<\/title>\n<meta name=\"robots\" content=\"index, follow, max-snippet:-1, max-image-preview:large, max-video-preview:-1\" \/>\n<link rel=\"canonical\" href=\"https:\/\/paulinenaue.info\/index.php\/paulinenaue-feierte-das-martinsfest\/\" \/>\n<meta property=\"og:locale\" content=\"de_DE\" \/>\n<meta property=\"og:type\" content=\"article\" \/>\n<meta property=\"og:title\" content=\"Paulinenaue feierte das Martinsfest - Paulinenaue\" \/>\n<meta property=\"og:description\" content=\"Text: Eckhard Vierjahn Temperaturen nahe dem Gefrierpunkt am Sonntag den [&hellip;]\" \/>\n<meta property=\"og:url\" content=\"https:\/\/paulinenaue.info\/index.php\/paulinenaue-feierte-das-martinsfest\/\" \/>\n<meta property=\"og:site_name\" content=\"Paulinenaue\" \/>\n<meta property=\"article:published_time\" content=\"2024-11-13T17:31:18+00:00\" \/>\n<meta property=\"og:image\" content=\"https:\/\/paulinenaue.info\/wp-content\/uploads\/2023\/11\/St.-Martinsfest-4_Ausschnitt.png\" \/>\n\t<meta property=\"og:image:width\" content=\"601\" \/>\n\t<meta property=\"og:image:height\" content=\"653\" \/>\n\t<meta property=\"og:image:type\" content=\"image\/png\" \/>\n<meta name=\"author\" content=\"Sarah\" \/>\n<meta name=\"twitter:card\" content=\"summary_large_image\" \/>\n<meta name=\"twitter:label1\" content=\"Verfasst von\" \/>\n\t<meta name=\"twitter:data1\" content=\"Sarah\" \/>\n\t<meta name=\"twitter:label2\" content=\"Gesch\u00e4tzte Lesezeit\" \/>\n\t<meta name=\"twitter:data2\" content=\"2\u00a0Minuten\" \/>\n<script type=\"application\/ld+json\" class=\"yoast-schema-graph\">{\"@context\":\"https:\\\/\\\/schema.org\",\"@graph\":[{\"@type\":\"Article\",\"@id\":\"https:\\\/\\\/paulinenaue.info\\\/index.php\\\/paulinenaue-feierte-das-martinsfest\\\/#article\",\"isPartOf\":{\"@id\":\"https:\\\/\\\/paulinenaue.info\\\/index.php\\\/paulinenaue-feierte-das-martinsfest\\\/\"},\"author\":{\"name\":\"Sarah\",\"@id\":\"https:\\\/\\\/paulinenaue.info\\\/#\\\/schema\\\/person\\\/e5be566a57b5b3f65d2c65a58c42325e\"},\"headline\":\"Paulinenaue feierte das Martinsfest\",\"datePublished\":\"2024-11-13T17:31:18+00:00\",\"mainEntityOfPage\":{\"@id\":\"https:\\\/\\\/paulinenaue.info\\\/index.php\\\/paulinenaue-feierte-das-martinsfest\\\/\"},\"wordCount\":239,\"commentCount\":0,\"image\":{\"@id\":\"https:\\\/\\\/paulinenaue.info\\\/index.php\\\/paulinenaue-feierte-das-martinsfest\\\/#primaryimage\"},\"thumbnailUrl\":\"https:\\\/\\\/paulinenaue.info\\\/wp-content\\\/uploads\\\/2023\\\/11\\\/St.-Martinsfest-4_Ausschnitt.png\",\"keywords\":[\"Kirche\",\"Martinsfest\",\"Martinsumzug\"],\"articleSection\":[\"Feuerwehr\",\"Kirche\",\"Neuigkeiten\",\"Pauerfrauen\",\"Veranstaltungen\",\"Vereine\"],\"inLanguage\":\"de\",\"potentialAction\":[{\"@type\":\"CommentAction\",\"name\":\"Comment\",\"target\":[\"https:\\\/\\\/paulinenaue.info\\\/index.php\\\/paulinenaue-feierte-das-martinsfest\\\/#respond\"]}]},{\"@type\":\"WebPage\",\"@id\":\"https:\\\/\\\/paulinenaue.info\\\/index.php\\\/paulinenaue-feierte-das-martinsfest\\\/\",\"url\":\"https:\\\/\\\/paulinenaue.info\\\/index.php\\\/paulinenaue-feierte-das-martinsfest\\\/\",\"name\":\"Paulinenaue feierte das Martinsfest - Paulinenaue\",\"isPartOf\":{\"@id\":\"https:\\\/\\\/paulinenaue.info\\\/#website\"},\"primaryImageOfPage\":{\"@id\":\"https:\\\/\\\/paulinenaue.info\\\/index.php\\\/paulinenaue-feierte-das-martinsfest\\\/#primaryimage\"},\"image\":{\"@id\":\"https:\\\/\\\/paulinenaue.info\\\/index.php\\\/paulinenaue-feierte-das-martinsfest\\\/#primaryimage\"},\"thumbnailUrl\":\"https:\\\/\\\/paulinenaue.info\\\/wp-content\\\/uploads\\\/2023\\\/11\\\/St.-Martinsfest-4_Ausschnitt.png\",\"datePublished\":\"2024-11-13T17:31:18+00:00\",\"author\":{\"@id\":\"https:\\\/\\\/paulinenaue.info\\\/#\\\/schema\\\/person\\\/e5be566a57b5b3f65d2c65a58c42325e\"},\"breadcrumb\":{\"@id\":\"https:\\\/\\\/paulinenaue.info\\\/index.php\\\/paulinenaue-feierte-das-martinsfest\\\/#breadcrumb\"},\"inLanguage\":\"de\",\"potentialAction\":[{\"@type\":\"ReadAction\",\"target\":[\"https:\\\/\\\/paulinenaue.info\\\/index.php\\\/paulinenaue-feierte-das-martinsfest\\\/\"]}]},{\"@type\":\"ImageObject\",\"inLanguage\":\"de\",\"@id\":\"https:\\\/\\\/paulinenaue.info\\\/index.php\\\/paulinenaue-feierte-das-martinsfest\\\/#primaryimage\",\"url\":\"https:\\\/\\\/paulinenaue.info\\\/wp-content\\\/uploads\\\/2023\\\/11\\\/St.-Martinsfest-4_Ausschnitt.png\",\"contentUrl\":\"https:\\\/\\\/paulinenaue.info\\\/wp-content\\\/uploads\\\/2023\\\/11\\\/St.-Martinsfest-4_Ausschnitt.png\",\"width\":601,\"height\":653},{\"@type\":\"BreadcrumbList\",\"@id\":\"https:\\\/\\\/paulinenaue.info\\\/index.php\\\/paulinenaue-feierte-das-martinsfest\\\/#breadcrumb\",\"itemListElement\":[{\"@type\":\"ListItem\",\"position\":1,\"name\":\"Home\",\"item\":\"https:\\\/\\\/paulinenaue.info\\\/\"},{\"@type\":\"ListItem\",\"position\":2,\"name\":\"Paulinenaue feierte das Martinsfest\"}]},{\"@type\":\"WebSite\",\"@id\":\"https:\\\/\\\/paulinenaue.info\\\/#website\",\"url\":\"https:\\\/\\\/paulinenaue.info\\\/\",\"name\":\"Paulinenaue\",\"description\":\"Ein Dorf im Havelland\",\"potentialAction\":[{\"@type\":\"SearchAction\",\"target\":{\"@type\":\"EntryPoint\",\"urlTemplate\":\"https:\\\/\\\/paulinenaue.info\\\/?s={search_term_string}\"},\"query-input\":{\"@type\":\"PropertyValueSpecification\",\"valueRequired\":true,\"valueName\":\"search_term_string\"}}],\"inLanguage\":\"de\"},{\"@type\":\"Person\",\"@id\":\"https:\\\/\\\/paulinenaue.info\\\/#\\\/schema\\\/person\\\/e5be566a57b5b3f65d2c65a58c42325e\",\"name\":\"Sarah\",\"url\":\"https:\\\/\\\/paulinenaue.info\\\/index.php\\\/author\\\/sarah\\\/\"}]}<\/script>\n<!-- \/ Yoast SEO plugin. -->","yoast_head_json":{"title":"Paulinenaue feierte das Martinsfest - Paulinenaue","robots":{"index":"index","follow":"follow","max-snippet":"max-snippet:-1","max-image-preview":"max-image-preview:large","max-video-preview":"max-video-preview:-1"},"canonical":"https:\/\/paulinenaue.info\/index.php\/paulinenaue-feierte-das-martinsfest\/","og_locale":"de_DE","og_type":"article","og_title":"Paulinenaue feierte das Martinsfest - Paulinenaue","og_description":"Text: Eckhard Vierjahn Temperaturen nahe dem Gefrierpunkt am Sonntag den [&hellip;]","og_url":"https:\/\/paulinenaue.info\/index.php\/paulinenaue-feierte-das-martinsfest\/","og_site_name":"Paulinenaue","article_published_time":"2024-11-13T17:31:18+00:00","og_image":[{"width":601,"height":653,"url":"https:\/\/paulinenaue.info\/wp-content\/uploads\/2023\/11\/St.-Martinsfest-4_Ausschnitt.png","type":"image\/png"}],"author":"Sarah","twitter_card":"summary_large_image","twitter_misc":{"Verfasst von":"Sarah","Gesch\u00e4tzte Lesezeit":"2\u00a0Minuten"},"schema":{"@context":"https:\/\/schema.org","@graph":[{"@type":"Article","@id":"https:\/\/paulinenaue.info\/index.php\/paulinenaue-feierte-das-martinsfest\/#article","isPartOf":{"@id":"https:\/\/paulinenaue.info\/index.php\/paulinenaue-feierte-das-martinsfest\/"},"author":{"name":"Sarah","@id":"https:\/\/paulinenaue.info\/#\/schema\/person\/e5be566a57b5b3f65d2c65a58c42325e"},"headline":"Paulinenaue feierte das Martinsfest","datePublished":"2024-11-13T17:31:18+00:00","mainEntityOfPage":{"@id":"https:\/\/paulinenaue.info\/index.php\/paulinenaue-feierte-das-martinsfest\/"},"wordCount":239,"commentCount":0,"image":{"@id":"https:\/\/paulinenaue.info\/index.php\/paulinenaue-feierte-das-martinsfest\/#primaryimage"},"thumbnailUrl":"https:\/\/paulinenaue.info\/wp-content\/uploads\/2023\/11\/St.-Martinsfest-4_Ausschnitt.png","keywords":["Kirche","Martinsfest","Martinsumzug"],"articleSection":["Feuerwehr","Kirche","Neuigkeiten","Pauerfrauen","Veranstaltungen","Vereine"],"inLanguage":"de","potentialAction":[{"@type":"CommentAction","name":"Comment","target":["https:\/\/paulinenaue.info\/index.php\/paulinenaue-feierte-das-martinsfest\/#respond"]}]},{"@type":"WebPage","@id":"https:\/\/paulinenaue.info\/index.php\/paulinenaue-feierte-das-martinsfest\/","url":"https:\/\/paulinenaue.info\/index.php\/paulinenaue-feierte-das-martinsfest\/","name":"Paulinenaue feierte das Martinsfest - Paulinenaue","isPartOf":{"@id":"https:\/\/paulinenaue.info\/#website"},"primaryImageOfPage":{"@id":"https:\/\/paulinenaue.info\/index.php\/paulinenaue-feierte-das-martinsfest\/#primaryimage"},"image":{"@id":"https:\/\/paulinenaue.info\/index.php\/paulinenaue-feierte-das-martinsfest\/#primaryimage"},"thumbnailUrl":"https:\/\/paulinenaue.info\/wp-content\/uploads\/2023\/11\/St.-Martinsfest-4_Ausschnitt.png","datePublished":"2024-11-13T17:31:18+00:00","author":{"@id":"https:\/\/paulinenaue.info\/#\/schema\/person\/e5be566a57b5b3f65d2c65a58c42325e"},"breadcrumb":{"@id":"https:\/\/paulinenaue.info\/index.php\/paulinenaue-feierte-das-martinsfest\/#breadcrumb"},"inLanguage":"de","potentialAction":[{"@type":"ReadAction","target":["https:\/\/paulinenaue.info\/index.php\/paulinenaue-feierte-das-martinsfest\/"]}]},{"@type":"ImageObject","inLanguage":"de","@id":"https:\/\/paulinenaue.info\/index.php\/paulinenaue-feierte-das-martinsfest\/#primaryimage","url":"https:\/\/paulinenaue.info\/wp-content\/uploads\/2023\/11\/St.-Martinsfest-4_Ausschnitt.png","contentUrl":"https:\/\/paulinenaue.info\/wp-content\/uploads\/2023\/11\/St.-Martinsfest-4_Ausschnitt.png","width":601,"height":653},{"@type":"BreadcrumbList","@id":"https:\/\/paulinenaue.info\/index.php\/paulinenaue-feierte-das-martinsfest\/#breadcrumb","itemListElement":[{"@type":"ListItem","position":1,"name":"Home","item":"https:\/\/paulinenaue.info\/"},{"@type":"ListItem","position":2,"name":"Paulinenaue feierte das Martinsfest"}]},{"@type":"WebSite","@id":"https:\/\/paulinenaue.info\/#website","url":"https:\/\/paulinenaue.info\/","name":"Paulinenaue","description":"Ein Dorf im Havelland","potentialAction":[{"@type":"SearchAction","target":{"@type":"EntryPoint","urlTemplate":"https:\/\/paulinenaue.info\/?s={search_term_string}"},"query-input":{"@type":"PropertyValueSpecification","valueRequired":true,"valueName":"search_term_string"}}],"inLanguage":"de"},{"@type":"Person","@id":"https:\/\/paulinenaue.info\/#\/schema\/person\/e5be566a57b5b3f65d2c65a58c42325e","name":"Sarah","url":"https:\/\/paulinenaue.info\/index.php\/author\/sarah\/"}]}},"jetpack_publicize_connections":[],"jetpack_featured_media_url":"https:\/\/paulinenaue.info\/wp-content\/uploads\/2023\/11\/St.-Martinsfest-4_Ausschnitt.png","jetpack_sharing_enabled":true,"jetpack_shortlink":"https:\/\/wp.me\/pcYhWA-1KsJ","jetpack-related-posts":[{"id":418521,"url":"https:\/\/paulinenaue.info\/index.php\/martinsfest-2025-trotz-regen-ein-stimmungsvolles-miteinander\/","url_meta":{"origin":416933,"position":0},"title":"Martinsfest 2025 \u2013 Trotz Regen ein stimmungsvolles Miteinander","author":"Pauline Hirschberg","date":"15. November 2025","format":false,"excerpt":"Auch in diesem Jahr hat sich unser Dorf nicht vom Wetter unterkriegen lassen: Obwohl es in Str\u00f6men regnete, fanden erfreulich viele Familien den Weg in unsere frisch sanierte Dorfkirche, um gemeinsam das Martinsfest zu feiern. Schon beim Betreten der Kirche sp\u00fcrte man die gem\u00fctliche Atmosph\u00e4re, die an diesem besonderen Abend\u2026","rel":"","context":"In &quot;Ehrenamt&quot;","block_context":{"text":"Ehrenamt","link":"https:\/\/paulinenaue.info\/index.php\/category\/ehrenamt\/"},"img":{"alt_text":"","src":"https:\/\/i0.wp.com\/paulinenaue.info\/wp-content\/uploads\/2025\/11\/20251115_173537-scaled.jpg?resize=350%2C200&ssl=1","width":350,"height":200,"srcset":"https:\/\/i0.wp.com\/paulinenaue.info\/wp-content\/uploads\/2025\/11\/20251115_173537-scaled.jpg?resize=350%2C200&ssl=1 1x, https:\/\/i0.wp.com\/paulinenaue.info\/wp-content\/uploads\/2025\/11\/20251115_173537-scaled.jpg?resize=525%2C300&ssl=1 1.5x, https:\/\/i0.wp.com\/paulinenaue.info\/wp-content\/uploads\/2025\/11\/20251115_173537-scaled.jpg?resize=700%2C400&ssl=1 2x, https:\/\/i0.wp.com\/paulinenaue.info\/wp-content\/uploads\/2025\/11\/20251115_173537-scaled.jpg?resize=1050%2C600&ssl=1 3x, https:\/\/i0.wp.com\/paulinenaue.info\/wp-content\/uploads\/2025\/11\/20251115_173537-scaled.jpg?resize=1400%2C800&ssl=1 4x"},"classes":[]},{"id":143058,"url":"https:\/\/paulinenaue.info\/index.php\/erfolgreicher-dorfputz\/","url_meta":{"origin":416933,"position":1},"title":"Erfolgreicher Dorfputz","author":"Sarah","date":"26. April 2022","format":false,"excerpt":"","rel":"","context":"In &quot;Gemeinde Paulinenaue&quot;","block_context":{"text":"Gemeinde Paulinenaue","link":"https:\/\/paulinenaue.info\/index.php\/category\/gemeinde-paulinenaue\/"},"img":{"alt_text":"","src":"https:\/\/i0.wp.com\/paulinenaue.info\/wp-content\/uploads\/2022\/04\/IMG-20220409-WA0000.jpg?resize=350%2C200&ssl=1","width":350,"height":200,"srcset":"https:\/\/i0.wp.com\/paulinenaue.info\/wp-content\/uploads\/2022\/04\/IMG-20220409-WA0000.jpg?resize=350%2C200&ssl=1 1x, https:\/\/i0.wp.com\/paulinenaue.info\/wp-content\/uploads\/2022\/04\/IMG-20220409-WA0000.jpg?resize=525%2C300&ssl=1 1.5x, https:\/\/i0.wp.com\/paulinenaue.info\/wp-content\/uploads\/2022\/04\/IMG-20220409-WA0000.jpg?resize=700%2C400&ssl=1 2x"},"classes":[]},{"id":416973,"url":"https:\/\/paulinenaue.info\/index.php\/kultur-zum-jahresende-der-paulinenauer-weihnachtsmarkt\/","url_meta":{"origin":416933,"position":2},"title":"Kultur zum Jahresende \u2013\u00a0Der Paulinenauer Weihnachtsmarkt","author":"Joachim Scholz","date":"1. Dezember 2024","format":false,"excerpt":"Am Ende dieses Jahr standen und stehen in Paulinenaue einige kulturelle Highlights auf der Tagesordnung. Wir feierten das hundertste Gemeindejubil\u00e4um, erlebten Stunden der Besinnlichkeit beim Martinsfest oder\u00a0 die j\u00e4hrliche Andacht f\u00fcr die \u00fcbers Jahr Verstorbenen auf dem Friedhof. Das Dorfbild zeigte mit dem\u00a0Arrangement aus B\u00e4nken und Tisch vor der Schule\u2026","rel":"","context":"In &quot;Allgemein&quot;","block_context":{"text":"Allgemein","link":"https:\/\/paulinenaue.info\/index.php\/category\/allgemein\/"},"img":{"alt_text":"","src":"https:\/\/i0.wp.com\/paulinenaue.info\/wp-content\/uploads\/2024\/12\/2024-11-30-Weihnachtsmarkt-04.jpeg?resize=350%2C200&ssl=1","width":350,"height":200,"srcset":"https:\/\/i0.wp.com\/paulinenaue.info\/wp-content\/uploads\/2024\/12\/2024-11-30-Weihnachtsmarkt-04.jpeg?resize=350%2C200&ssl=1 1x, https:\/\/i0.wp.com\/paulinenaue.info\/wp-content\/uploads\/2024\/12\/2024-11-30-Weihnachtsmarkt-04.jpeg?resize=525%2C300&ssl=1 1.5x, https:\/\/i0.wp.com\/paulinenaue.info\/wp-content\/uploads\/2024\/12\/2024-11-30-Weihnachtsmarkt-04.jpeg?resize=700%2C400&ssl=1 2x"},"classes":[]},{"id":558,"url":"https:\/\/paulinenaue.info\/index.php\/zehnter-paulinenauer-weihnachtsmarkt\/","url_meta":{"origin":416933,"position":3},"title":"Zehnter Paulinenauer Weihnachtsmarkt","author":"Joachim Scholz","date":"28. November 2016","format":false,"excerpt":"Einen Weihnachtsmarkt abzuhalten, wie es in anderen Orten hier und dort bereits \u00fcblich war, geh\u00f6rte im Herbst 2006 zu den ersten Zielen und Vorhaben des neu gegr\u00fcndeten Paulinenauer Kulturvereins. Doch seitdem er vor zehn Jahren das erste Mal seine Pforten er\u00f6ffnete, wurde der Weihnachtsmarkt stets von Vielen gestaltet.\u00a02016 fand er\u2026","rel":"","context":"In &quot;Allgemein&quot;","block_context":{"text":"Allgemein","link":"https:\/\/paulinenaue.info\/index.php\/category\/allgemein\/"},"img":{"alt_text":"","src":"https:\/\/i0.wp.com\/paulinenaue.info\/wp-content\/uploads\/2016\/11\/DSC07450.jpg?resize=350%2C200&ssl=1","width":350,"height":200,"srcset":"https:\/\/i0.wp.com\/paulinenaue.info\/wp-content\/uploads\/2016\/11\/DSC07450.jpg?resize=350%2C200&ssl=1 1x, https:\/\/i0.wp.com\/paulinenaue.info\/wp-content\/uploads\/2016\/11\/DSC07450.jpg?resize=525%2C300&ssl=1 1.5x, https:\/\/i0.wp.com\/paulinenaue.info\/wp-content\/uploads\/2016\/11\/DSC07450.jpg?resize=700%2C400&ssl=1 2x"},"classes":[]},{"id":125,"url":"https:\/\/paulinenaue.info\/index.php\/weihnachtsbaumverbrennen-2013\/","url_meta":{"origin":416933,"position":4},"title":"Weihnachtsbaumverbrennen 2013","author":"Joachim Scholz","date":"22. M\u00e4rz 2016","format":false,"excerpt":"Arne Breder 26.01.2013. Schon zu einer kleinen Tradition geworden ist das Verbrennen der Weihnachtsb\u00e4ume bei der Feuerwehr Paulinenaue. In diesem Jahr war der Termin etwas sp\u00e4ter als sonst, aber es ging leider nicht anders. Die am Vormittag eingesammelten B\u00e4ume (ca. 50 St\u00fcck) wurden zu einem gro\u00dfen Haufen aufget\u00fcrmt. Um ca.\u2026","rel":"","context":"In &quot;Feuerwehr&quot;","block_context":{"text":"Feuerwehr","link":"https:\/\/paulinenaue.info\/index.php\/category\/feuerwehr\/"},"img":{"alt_text":"","src":"https:\/\/i0.wp.com\/paulinenaue.info\/wp-content\/uploads\/2016\/03\/20130126_weihnachtsbaumverbrennen_05_ab.jpg?resize=350%2C200&ssl=1","width":350,"height":200},"classes":[]},{"id":418155,"url":"https:\/\/paulinenaue.info\/index.php\/sommerfest-in-selbelang\/","url_meta":{"origin":416933,"position":5},"title":"Sommerfest in Selbelang","author":"Sarah","date":"17. Juni 2025","format":false,"excerpt":"Text und Fotos Eckhard Vierjahn Gleich mehrere Anl\u00e4sse gab es f\u00fcr die Selbelanger am 14. Juni 2025 zu feiern. Selbelang feierte Sommerfest sowie 25 Jahre Kinder- und Jugendfeuerwehr und nachtr\u00e4glich auch den Kindertag. Traditionell findet das Sommerfest im Ortszentrum auf den Freifl\u00e4chen neben der Kirche und der Feuerwehr statt. Die\u2026","rel":"","context":"In &quot;Neuigkeiten&quot;","block_context":{"text":"Neuigkeiten","link":"https:\/\/paulinenaue.info\/index.php\/category\/neuigkeiten\/"},"img":{"alt_text":"","src":"https:\/\/i0.wp.com\/paulinenaue.info\/wp-content\/uploads\/2025\/06\/Selbelang-25-06-14-1.jpeg?resize=350%2C200&ssl=1","width":350,"height":200,"srcset":"https:\/\/i0.wp.com\/paulinenaue.info\/wp-content\/uploads\/2025\/06\/Selbelang-25-06-14-1.jpeg?resize=350%2C200&ssl=1 1x, https:\/\/i0.wp.com\/paulinenaue.info\/wp-content\/uploads\/2025\/06\/Selbelang-25-06-14-1.jpeg?resize=525%2C300&ssl=1 1.5x, https:\/\/i0.wp.com\/paulinenaue.info\/wp-content\/uploads\/2025\/06\/Selbelang-25-06-14-1.jpeg?resize=700%2C400&ssl=1 2x, https:\/\/i0.wp.com\/paulinenaue.info\/wp-content\/uploads\/2025\/06\/Selbelang-25-06-14-1.jpeg?resize=1050%2C600&ssl=1 3x, https:\/\/i0.wp.com\/paulinenaue.info\/wp-content\/uploads\/2025\/06\/Selbelang-25-06-14-1.jpeg?resize=1400%2C800&ssl=1 4x"},"classes":[]}],"_links":{"self":[{"href":"https:\/\/paulinenaue.info\/index.php\/wp-json\/wp\/v2\/posts\/416933","targetHints":{"allow":["GET"]}}],"collection":[{"href":"https:\/\/paulinenaue.info\/index.php\/wp-json\/wp\/v2\/posts"}],"about":[{"href":"https:\/\/paulinenaue.info\/index.php\/wp-json\/wp\/v2\/types\/post"}],"author":[{"embeddable":true,"href":"https:\/\/paulinenaue.info\/index.php\/wp-json\/wp\/v2\/users\/3"}],"replies":[{"embeddable":true,"href":"https:\/\/paulinenaue.info\/index.php\/wp-json\/wp\/v2\/comments?post=416933"}],"version-history":[{"count":2,"href":"https:\/\/paulinenaue.info\/index.php\/wp-json\/wp\/v2\/posts\/416933\/revisions"}],"predecessor-version":[{"id":416942,"href":"https:\/\/paulinenaue.info\/index.php\/wp-json\/wp\/v2\/posts\/416933\/revisions\/416942"}],"wp:featuredmedia":[{"embeddable":true,"href":"https:\/\/paulinenaue.info\/index.php\/wp-json\/wp\/v2\/media\/415323"}],"wp:attachment":[{"href":"https:\/\/paulinenaue.info\/index.php\/wp-json\/wp\/v2\/media?parent=416933"}],"wp:term":[{"taxonomy":"category","embeddable":true,"href":"https:\/\/paulinenaue.info\/index.php\/wp-json\/wp\/v2\/categories?post=416933"},{"taxonomy":"post_tag","embeddable":true,"href":"https:\/\/paulinenaue.info\/index.php\/wp-json\/wp\/v2\/tags?post=416933"}],"curies":[{"name":"wp","href":"https:\/\/api.w.org\/{rel}","templated":true}]}}