{"id":416941,"date":"2024-11-16T08:00:13","date_gmt":"2024-11-16T07:00:13","guid":{"rendered":"https:\/\/paulinenaue.info\/?p=416941"},"modified":"2024-11-13T18:38:24","modified_gmt":"2024-11-13T17:38:24","slug":"ein-waldkauz-sitzt-vor-der-schule","status":"publish","type":"post","link":"https:\/\/paulinenaue.info\/index.php\/ein-waldkauz-sitzt-vor-der-schule\/","title":{"rendered":"Ein Waldkauz sitzt vor der Schule"},"content":{"rendered":"<p>Text: Eckhard Vierjahn<\/p>\n<p>Seit Sonnabend, den 09. November 2024, gegen 15:30 Uhr sitzt ein Waldkauz auf einem Baumstumpf an der Paulinenauer Grundschule. Schon Ende September wurde vor der Schule eine Fl\u00e4che gepflastert. Was passiert dort? Vielfach hatte sich bereits rumgesprochen, dass der Antrag des Paulinenauer Kulturvereins auf eine finanzielle F\u00f6rderung von B\u00e4nken und einem Tisch im Rahmen des Projektes \u201eVon Bank zu Bank im Havelland\u201c des Demografieforums des Landkreises Havelland genehmigt wurde.<\/p>\n<p>Somit war der Weg frei, um der Firma Pauerwood aus Paulinenaue den Auftrag f\u00fcr die Herstellung der B\u00e4nke, des Tisches und eines Gestaltungselements zu erteilen. Bereits vorab hatte Gerg\u00f6 Schmidt einen tollen Entwurf vorgestellt und auch die Idee mit der Eule eingebracht. Nun wurde aus dem wahrlich nicht mehr sch\u00f6n anzusehenden Nadelgeh\u00f6lz ein Sitzplatz f\u00fcr eine Eule. Das Symbol der Weisheit vor der Grundschule, na das passt doch super. Die Eule muss nun noch einige Tage warten, bis das Projekt seine vollst\u00e4ndige Umsetzung findet.<\/p>\n<div id=\"attachment_416944\" style=\"width: 235px\" class=\"wp-caption alignnone\"><a href=\"https:\/\/paulinenaue.info\/wp-content\/uploads\/2024\/11\/Eule-mit-Gergo-und-Roland-rotated.jpg\"><img decoding=\"async\" aria-describedby=\"caption-attachment-416944\" data-attachment-id=\"416944\" data-permalink=\"https:\/\/paulinenaue.info\/index.php\/ein-waldkauz-sitzt-vor-der-schule\/eule-mit-gergo-und-roland\/\" data-orig-file=\"https:\/\/paulinenaue.info\/wp-content\/uploads\/2024\/11\/Eule-mit-Gergo-und-Roland-rotated.jpg\" data-orig-size=\"1512,2016\" data-comments-opened=\"1\" data-image-meta=\"{&quot;aperture&quot;:&quot;0&quot;,&quot;credit&quot;:&quot;&quot;,&quot;camera&quot;:&quot;&quot;,&quot;caption&quot;:&quot;&quot;,&quot;created_timestamp&quot;:&quot;0&quot;,&quot;copyright&quot;:&quot;&quot;,&quot;focal_length&quot;:&quot;0&quot;,&quot;iso&quot;:&quot;0&quot;,&quot;shutter_speed&quot;:&quot;0&quot;,&quot;title&quot;:&quot;&quot;,&quot;orientation&quot;:&quot;1&quot;}\" data-image-title=\"Eule mit Gergo und Roland\" data-image-description=\"\" data-image-caption=\"\" data-large-file=\"https:\/\/paulinenaue.info\/wp-content\/uploads\/2024\/11\/Eule-mit-Gergo-und-Roland-768x1024.jpg\" class=\"lazyload wp-image-416944 size-medium\" src=\"https:\/\/paulinenaue.info\/wp-content\/uploads\/2024\/11\/Eule-mit-Gergo-und-Roland-225x300.jpg\" data-orig-src=\"https:\/\/paulinenaue.info\/wp-content\/uploads\/2024\/11\/Eule-mit-Gergo-und-Roland-225x300.jpg\" alt=\"Gerg\u00f6 Schmidt (Firma Pauerwood) und Roland Zeglin (Schulhausmeister) bereiteten den Sitzplatz vor und gaben der Eule einen w\u00fcrdigen Platz. Foto: Eckhard Vierjahn\" width=\"225\" height=\"300\" srcset=\"data:image\/svg+xml,%3Csvg%20xmlns%3D%27http%3A%2F%2Fwww.w3.org%2F2000%2Fsvg%27%20width%3D%27225%27%20height%3D%27300%27%20viewBox%3D%270%200%20225%20300%27%3E%3Crect%20width%3D%27225%27%20height%3D%27300%27%20fill-opacity%3D%220%22%2F%3E%3C%2Fsvg%3E\" data-srcset=\"https:\/\/paulinenaue.info\/wp-content\/uploads\/2024\/11\/Eule-mit-Gergo-und-Roland-200x267.jpg 200w, https:\/\/paulinenaue.info\/wp-content\/uploads\/2024\/11\/Eule-mit-Gergo-und-Roland-225x300.jpg 225w, https:\/\/paulinenaue.info\/wp-content\/uploads\/2024\/11\/Eule-mit-Gergo-und-Roland-400x533.jpg 400w, https:\/\/paulinenaue.info\/wp-content\/uploads\/2024\/11\/Eule-mit-Gergo-und-Roland-600x800.jpg 600w, https:\/\/paulinenaue.info\/wp-content\/uploads\/2024\/11\/Eule-mit-Gergo-und-Roland-768x1024.jpg 768w, https:\/\/paulinenaue.info\/wp-content\/uploads\/2024\/11\/Eule-mit-Gergo-und-Roland-800x1067.jpg 800w, https:\/\/paulinenaue.info\/wp-content\/uploads\/2024\/11\/Eule-mit-Gergo-und-Roland-1152x1536.jpg 1152w, https:\/\/paulinenaue.info\/wp-content\/uploads\/2024\/11\/Eule-mit-Gergo-und-Roland-1200x1600.jpg 1200w, https:\/\/paulinenaue.info\/wp-content\/uploads\/2024\/11\/Eule-mit-Gergo-und-Roland-rotated.jpg 1512w\" data-sizes=\"auto\" data-orig-sizes=\"(max-width: 225px) 100vw, 225px\" \/><\/a><p id=\"caption-attachment-416944\" class=\"wp-caption-text\">Gerg\u00f6 Schmidt (Firma Pauerwood) und Roland Zeglin (Schulhausmeister) bereiteten den Sitzplatz vor und gaben der Eule einen w\u00fcrdigen Platz. Foto: Eckhard Vierjahn<\/p><\/div>\n<p>&nbsp;<\/p>\n","protected":false},"excerpt":{"rendered":"<p>Text: Eckhard Vierjahn Seit Sonnabend, den 09. November 2024, gegen [&hellip;]<\/p>\n","protected":false},"author":3,"featured_media":416943,"comment_status":"open","ping_status":"open","sticky":false,"template":"","format":"standard","meta":{"_acf_changed":false,"_price":"","_stock":"","_tribe_ticket_header":"","_tribe_default_ticket_provider":"","_tribe_ticket_capacity":"0","_ticket_start_date":"","_ticket_end_date":"","_tribe_ticket_show_description":"","_tribe_ticket_show_not_going":false,"_tribe_ticket_use_global_stock":"","_tribe_ticket_global_stock_level":"","_global_stock_mode":"","_global_stock_cap":"","_tribe_rsvp_for_event":"","_tribe_ticket_going_count":"","_tribe_ticket_not_going_count":"","_tribe_tickets_list":"[]","_tribe_ticket_has_attendee_info_fields":false,"jetpack_post_was_ever_published":false,"_jetpack_newsletter_access":"","_jetpack_dont_email_post_to_subs":false,"_jetpack_newsletter_tier_id":0,"_jetpack_memberships_contains_paywalled_content":false,"_jetpack_memberships_contains_paid_content":false,"footnotes":"","jetpack_publicize_message":"","jetpack_publicize_feature_enabled":true,"jetpack_social_post_already_shared":true,"jetpack_social_options":{"image_generator_settings":{"template":"highway","default_image_id":0,"font":"","enabled":false},"version":2}},"categories":[1,439,47,9,8],"tags":[582,586,585,584,44,583,588,581,587],"class_list":["post-416941","post","type-post","status-publish","format-standard","has-post-thumbnail","hentry","category-allgemein","category-gemeinde-paulinenaue","category-kulturverein","category-neuigkeiten","category-tourismus","tag-demografieforum","tag-eule","tag-foerdergeld","tag-foerderung","tag-grundschule","tag-landkreis-havelland","tag-pauerwood","tag-von-bank-zu-bank-im-havelland","tag-waldkauz"],"acf":[],"yoast_head":"<!-- This site is optimized with the Yoast SEO plugin v27.5 - https:\/\/yoast.com\/product\/yoast-seo-wordpress\/ -->\n<title>Ein Waldkauz sitzt vor der Schule - Paulinenaue<\/title>\n<meta name=\"robots\" content=\"index, follow, max-snippet:-1, max-image-preview:large, max-video-preview:-1\" \/>\n<link rel=\"canonical\" href=\"https:\/\/paulinenaue.info\/index.php\/ein-waldkauz-sitzt-vor-der-schule\/\" \/>\n<meta property=\"og:locale\" content=\"de_DE\" \/>\n<meta property=\"og:type\" content=\"article\" \/>\n<meta property=\"og:title\" content=\"Ein Waldkauz sitzt vor der Schule - Paulinenaue\" \/>\n<meta property=\"og:description\" content=\"Text: Eckhard Vierjahn Seit Sonnabend, den 09. November 2024, gegen [&hellip;]\" \/>\n<meta property=\"og:url\" content=\"https:\/\/paulinenaue.info\/index.php\/ein-waldkauz-sitzt-vor-der-schule\/\" \/>\n<meta property=\"og:site_name\" content=\"Paulinenaue\" \/>\n<meta property=\"article:published_time\" content=\"2024-11-16T07:00:13+00:00\" \/>\n<meta property=\"og:image\" content=\"https:\/\/paulinenaue.info\/wp-content\/uploads\/2024\/11\/Eule-Waldkauz-rotated.jpg\" \/>\n\t<meta property=\"og:image:width\" content=\"1512\" \/>\n\t<meta property=\"og:image:height\" content=\"2016\" \/>\n\t<meta property=\"og:image:type\" content=\"image\/jpeg\" \/>\n<meta name=\"author\" content=\"Sarah\" \/>\n<meta name=\"twitter:card\" content=\"summary_large_image\" \/>\n<meta name=\"twitter:label1\" content=\"Verfasst von\" \/>\n\t<meta name=\"twitter:data1\" content=\"Sarah\" \/>\n\t<meta name=\"twitter:label2\" content=\"Gesch\u00e4tzte Lesezeit\" \/>\n\t<meta name=\"twitter:data2\" content=\"2\u00a0Minuten\" \/>\n<script type=\"application\/ld+json\" class=\"yoast-schema-graph\">{\"@context\":\"https:\\\/\\\/schema.org\",\"@graph\":[{\"@type\":\"Article\",\"@id\":\"https:\\\/\\\/paulinenaue.info\\\/index.php\\\/ein-waldkauz-sitzt-vor-der-schule\\\/#article\",\"isPartOf\":{\"@id\":\"https:\\\/\\\/paulinenaue.info\\\/index.php\\\/ein-waldkauz-sitzt-vor-der-schule\\\/\"},\"author\":{\"name\":\"Sarah\",\"@id\":\"https:\\\/\\\/paulinenaue.info\\\/#\\\/schema\\\/person\\\/e5be566a57b5b3f65d2c65a58c42325e\"},\"headline\":\"Ein Waldkauz sitzt vor der Schule\",\"datePublished\":\"2024-11-16T07:00:13+00:00\",\"mainEntityOfPage\":{\"@id\":\"https:\\\/\\\/paulinenaue.info\\\/index.php\\\/ein-waldkauz-sitzt-vor-der-schule\\\/\"},\"wordCount\":199,\"commentCount\":0,\"image\":{\"@id\":\"https:\\\/\\\/paulinenaue.info\\\/index.php\\\/ein-waldkauz-sitzt-vor-der-schule\\\/#primaryimage\"},\"thumbnailUrl\":\"https:\\\/\\\/paulinenaue.info\\\/wp-content\\\/uploads\\\/2024\\\/11\\\/Eule-Waldkauz-rotated.jpg\",\"keywords\":[\"Demografieforum\",\"Eule\",\"F\u00f6rdergeld\",\"F\u00f6rderung\",\"Grundschule\",\"Landkreis Havelland\",\"Pauerwood\",\"Von Bank zu Bank im Havelland\",\"Waldkauz\"],\"articleSection\":{\"1\":\"Gemeinde Paulinenaue\",\"2\":\"Kulturverein\",\"3\":\"Neuigkeiten\",\"4\":\"Tourismus\"},\"inLanguage\":\"de\",\"potentialAction\":[{\"@type\":\"CommentAction\",\"name\":\"Comment\",\"target\":[\"https:\\\/\\\/paulinenaue.info\\\/index.php\\\/ein-waldkauz-sitzt-vor-der-schule\\\/#respond\"]}]},{\"@type\":\"WebPage\",\"@id\":\"https:\\\/\\\/paulinenaue.info\\\/index.php\\\/ein-waldkauz-sitzt-vor-der-schule\\\/\",\"url\":\"https:\\\/\\\/paulinenaue.info\\\/index.php\\\/ein-waldkauz-sitzt-vor-der-schule\\\/\",\"name\":\"Ein Waldkauz sitzt vor der Schule - Paulinenaue\",\"isPartOf\":{\"@id\":\"https:\\\/\\\/paulinenaue.info\\\/#website\"},\"primaryImageOfPage\":{\"@id\":\"https:\\\/\\\/paulinenaue.info\\\/index.php\\\/ein-waldkauz-sitzt-vor-der-schule\\\/#primaryimage\"},\"image\":{\"@id\":\"https:\\\/\\\/paulinenaue.info\\\/index.php\\\/ein-waldkauz-sitzt-vor-der-schule\\\/#primaryimage\"},\"thumbnailUrl\":\"https:\\\/\\\/paulinenaue.info\\\/wp-content\\\/uploads\\\/2024\\\/11\\\/Eule-Waldkauz-rotated.jpg\",\"datePublished\":\"2024-11-16T07:00:13+00:00\",\"author\":{\"@id\":\"https:\\\/\\\/paulinenaue.info\\\/#\\\/schema\\\/person\\\/e5be566a57b5b3f65d2c65a58c42325e\"},\"breadcrumb\":{\"@id\":\"https:\\\/\\\/paulinenaue.info\\\/index.php\\\/ein-waldkauz-sitzt-vor-der-schule\\\/#breadcrumb\"},\"inLanguage\":\"de\",\"potentialAction\":[{\"@type\":\"ReadAction\",\"target\":[\"https:\\\/\\\/paulinenaue.info\\\/index.php\\\/ein-waldkauz-sitzt-vor-der-schule\\\/\"]}]},{\"@type\":\"ImageObject\",\"inLanguage\":\"de\",\"@id\":\"https:\\\/\\\/paulinenaue.info\\\/index.php\\\/ein-waldkauz-sitzt-vor-der-schule\\\/#primaryimage\",\"url\":\"https:\\\/\\\/paulinenaue.info\\\/wp-content\\\/uploads\\\/2024\\\/11\\\/Eule-Waldkauz-rotated.jpg\",\"contentUrl\":\"https:\\\/\\\/paulinenaue.info\\\/wp-content\\\/uploads\\\/2024\\\/11\\\/Eule-Waldkauz-rotated.jpg\",\"width\":1512,\"height\":2016},{\"@type\":\"BreadcrumbList\",\"@id\":\"https:\\\/\\\/paulinenaue.info\\\/index.php\\\/ein-waldkauz-sitzt-vor-der-schule\\\/#breadcrumb\",\"itemListElement\":[{\"@type\":\"ListItem\",\"position\":1,\"name\":\"Home\",\"item\":\"https:\\\/\\\/paulinenaue.info\\\/\"},{\"@type\":\"ListItem\",\"position\":2,\"name\":\"Ein Waldkauz sitzt vor der Schule\"}]},{\"@type\":\"WebSite\",\"@id\":\"https:\\\/\\\/paulinenaue.info\\\/#website\",\"url\":\"https:\\\/\\\/paulinenaue.info\\\/\",\"name\":\"Paulinenaue\",\"description\":\"Ein Dorf im Havelland\",\"potentialAction\":[{\"@type\":\"SearchAction\",\"target\":{\"@type\":\"EntryPoint\",\"urlTemplate\":\"https:\\\/\\\/paulinenaue.info\\\/?s={search_term_string}\"},\"query-input\":{\"@type\":\"PropertyValueSpecification\",\"valueRequired\":true,\"valueName\":\"search_term_string\"}}],\"inLanguage\":\"de\"},{\"@type\":\"Person\",\"@id\":\"https:\\\/\\\/paulinenaue.info\\\/#\\\/schema\\\/person\\\/e5be566a57b5b3f65d2c65a58c42325e\",\"name\":\"Sarah\",\"url\":\"https:\\\/\\\/paulinenaue.info\\\/index.php\\\/author\\\/sarah\\\/\"}]}<\/script>\n<!-- \/ Yoast SEO plugin. -->","yoast_head_json":{"title":"Ein Waldkauz sitzt vor der Schule - Paulinenaue","robots":{"index":"index","follow":"follow","max-snippet":"max-snippet:-1","max-image-preview":"max-image-preview:large","max-video-preview":"max-video-preview:-1"},"canonical":"https:\/\/paulinenaue.info\/index.php\/ein-waldkauz-sitzt-vor-der-schule\/","og_locale":"de_DE","og_type":"article","og_title":"Ein Waldkauz sitzt vor der Schule - Paulinenaue","og_description":"Text: Eckhard Vierjahn Seit Sonnabend, den 09. November 2024, gegen [&hellip;]","og_url":"https:\/\/paulinenaue.info\/index.php\/ein-waldkauz-sitzt-vor-der-schule\/","og_site_name":"Paulinenaue","article_published_time":"2024-11-16T07:00:13+00:00","og_image":[{"width":1512,"height":2016,"url":"https:\/\/paulinenaue.info\/wp-content\/uploads\/2024\/11\/Eule-Waldkauz-rotated.jpg","type":"image\/jpeg"}],"author":"Sarah","twitter_card":"summary_large_image","twitter_misc":{"Verfasst von":"Sarah","Gesch\u00e4tzte Lesezeit":"2\u00a0Minuten"},"schema":{"@context":"https:\/\/schema.org","@graph":[{"@type":"Article","@id":"https:\/\/paulinenaue.info\/index.php\/ein-waldkauz-sitzt-vor-der-schule\/#article","isPartOf":{"@id":"https:\/\/paulinenaue.info\/index.php\/ein-waldkauz-sitzt-vor-der-schule\/"},"author":{"name":"Sarah","@id":"https:\/\/paulinenaue.info\/#\/schema\/person\/e5be566a57b5b3f65d2c65a58c42325e"},"headline":"Ein Waldkauz sitzt vor der Schule","datePublished":"2024-11-16T07:00:13+00:00","mainEntityOfPage":{"@id":"https:\/\/paulinenaue.info\/index.php\/ein-waldkauz-sitzt-vor-der-schule\/"},"wordCount":199,"commentCount":0,"image":{"@id":"https:\/\/paulinenaue.info\/index.php\/ein-waldkauz-sitzt-vor-der-schule\/#primaryimage"},"thumbnailUrl":"https:\/\/paulinenaue.info\/wp-content\/uploads\/2024\/11\/Eule-Waldkauz-rotated.jpg","keywords":["Demografieforum","Eule","F\u00f6rdergeld","F\u00f6rderung","Grundschule","Landkreis Havelland","Pauerwood","Von Bank zu Bank im Havelland","Waldkauz"],"articleSection":{"1":"Gemeinde Paulinenaue","2":"Kulturverein","3":"Neuigkeiten","4":"Tourismus"},"inLanguage":"de","potentialAction":[{"@type":"CommentAction","name":"Comment","target":["https:\/\/paulinenaue.info\/index.php\/ein-waldkauz-sitzt-vor-der-schule\/#respond"]}]},{"@type":"WebPage","@id":"https:\/\/paulinenaue.info\/index.php\/ein-waldkauz-sitzt-vor-der-schule\/","url":"https:\/\/paulinenaue.info\/index.php\/ein-waldkauz-sitzt-vor-der-schule\/","name":"Ein Waldkauz sitzt vor der Schule - Paulinenaue","isPartOf":{"@id":"https:\/\/paulinenaue.info\/#website"},"primaryImageOfPage":{"@id":"https:\/\/paulinenaue.info\/index.php\/ein-waldkauz-sitzt-vor-der-schule\/#primaryimage"},"image":{"@id":"https:\/\/paulinenaue.info\/index.php\/ein-waldkauz-sitzt-vor-der-schule\/#primaryimage"},"thumbnailUrl":"https:\/\/paulinenaue.info\/wp-content\/uploads\/2024\/11\/Eule-Waldkauz-rotated.jpg","datePublished":"2024-11-16T07:00:13+00:00","author":{"@id":"https:\/\/paulinenaue.info\/#\/schema\/person\/e5be566a57b5b3f65d2c65a58c42325e"},"breadcrumb":{"@id":"https:\/\/paulinenaue.info\/index.php\/ein-waldkauz-sitzt-vor-der-schule\/#breadcrumb"},"inLanguage":"de","potentialAction":[{"@type":"ReadAction","target":["https:\/\/paulinenaue.info\/index.php\/ein-waldkauz-sitzt-vor-der-schule\/"]}]},{"@type":"ImageObject","inLanguage":"de","@id":"https:\/\/paulinenaue.info\/index.php\/ein-waldkauz-sitzt-vor-der-schule\/#primaryimage","url":"https:\/\/paulinenaue.info\/wp-content\/uploads\/2024\/11\/Eule-Waldkauz-rotated.jpg","contentUrl":"https:\/\/paulinenaue.info\/wp-content\/uploads\/2024\/11\/Eule-Waldkauz-rotated.jpg","width":1512,"height":2016},{"@type":"BreadcrumbList","@id":"https:\/\/paulinenaue.info\/index.php\/ein-waldkauz-sitzt-vor-der-schule\/#breadcrumb","itemListElement":[{"@type":"ListItem","position":1,"name":"Home","item":"https:\/\/paulinenaue.info\/"},{"@type":"ListItem","position":2,"name":"Ein Waldkauz sitzt vor der Schule"}]},{"@type":"WebSite","@id":"https:\/\/paulinenaue.info\/#website","url":"https:\/\/paulinenaue.info\/","name":"Paulinenaue","description":"Ein Dorf im Havelland","potentialAction":[{"@type":"SearchAction","target":{"@type":"EntryPoint","urlTemplate":"https:\/\/paulinenaue.info\/?s={search_term_string}"},"query-input":{"@type":"PropertyValueSpecification","valueRequired":true,"valueName":"search_term_string"}}],"inLanguage":"de"},{"@type":"Person","@id":"https:\/\/paulinenaue.info\/#\/schema\/person\/e5be566a57b5b3f65d2c65a58c42325e","name":"Sarah","url":"https:\/\/paulinenaue.info\/index.php\/author\/sarah\/"}]}},"jetpack_publicize_connections":[],"jetpack_featured_media_url":"https:\/\/paulinenaue.info\/wp-content\/uploads\/2024\/11\/Eule-Waldkauz-rotated.jpg","jetpack_sharing_enabled":true,"jetpack_shortlink":"https:\/\/wp.me\/pcYhWA-1KsR","jetpack-related-posts":[{"id":416956,"url":"https:\/\/paulinenaue.info\/index.php\/von-bank-zu-bank-im-havelland\/","url_meta":{"origin":416941,"position":0},"title":"\u201eVon Bank zu Bank im Havelland\u201c","author":"Sarah","date":"29. November 2024","format":false,"excerpt":"B\u00e4nke, Tisch und Waldkauz - Holzkunstwerk vor der Schule Text: Eckhard Vierjahn Beitragsbild: Eckhard Vierjahn Als am Sonnabend, den 23. November 2024, Gerg\u00f6 Schmidt kurz vor 09:00 Uhr mit einem voll beladenen PKW-Anh\u00e4nger an der Schule hielt, konnte man nur erahnen, was in einigen Stunden vor der Schule aufgebaut sein\u2026","rel":"","context":"In &quot;Allgemein&quot;","block_context":{"text":"Allgemein","link":"https:\/\/paulinenaue.info\/index.php\/category\/allgemein\/"},"img":{"alt_text":"","src":"https:\/\/i0.wp.com\/paulinenaue.info\/wp-content\/uploads\/2024\/11\/Baenke-und-Tisch-nach-Fertigstellung.jpg?resize=350%2C200&ssl=1","width":350,"height":200,"srcset":"https:\/\/i0.wp.com\/paulinenaue.info\/wp-content\/uploads\/2024\/11\/Baenke-und-Tisch-nach-Fertigstellung.jpg?resize=350%2C200&ssl=1 1x, https:\/\/i0.wp.com\/paulinenaue.info\/wp-content\/uploads\/2024\/11\/Baenke-und-Tisch-nach-Fertigstellung.jpg?resize=525%2C300&ssl=1 1.5x, https:\/\/i0.wp.com\/paulinenaue.info\/wp-content\/uploads\/2024\/11\/Baenke-und-Tisch-nach-Fertigstellung.jpg?resize=700%2C400&ssl=1 2x, https:\/\/i0.wp.com\/paulinenaue.info\/wp-content\/uploads\/2024\/11\/Baenke-und-Tisch-nach-Fertigstellung.jpg?resize=1050%2C600&ssl=1 3x, https:\/\/i0.wp.com\/paulinenaue.info\/wp-content\/uploads\/2024\/11\/Baenke-und-Tisch-nach-Fertigstellung.jpg?resize=1400%2C800&ssl=1 4x"},"classes":[]},{"id":417901,"url":"https:\/\/paulinenaue.info\/index.php\/havelland\/","url_meta":{"origin":416941,"position":1},"title":"\u201eVon Bank zu Bank im Havelland\u201c \u2013 3. Netzwerktour im westlichen Havelland","author":"Joachim Scholz","date":"23. Mai 2025","format":false,"excerpt":"\u00dcber 20 Interessierte und Engagierte aus dem Havelland machten sich am 15.5.2025 wieder einmal auf den Weg, neue Bankstandorte im westlichen Havelland kennenzulernen. In diesem Jahr f\u00fchrte die Tour von Paulinenaue \u00fcber Rhinow nach Friesack. Alle drei Standorte freuen sich \u00fcber eine oder mehrere ganz besondere B\u00e4nke, manche sogar mit\u2026","rel":"","context":"In &quot;Ehrenamt&quot;","block_context":{"text":"Ehrenamt","link":"https:\/\/paulinenaue.info\/index.php\/category\/ehrenamt\/"},"img":{"alt_text":"","src":"https:\/\/i0.wp.com\/paulinenaue.info\/wp-content\/uploads\/2025\/05\/2025-05-15-Paulinenaue-Bank-01.jpg?resize=350%2C200&ssl=1","width":350,"height":200,"srcset":"https:\/\/i0.wp.com\/paulinenaue.info\/wp-content\/uploads\/2025\/05\/2025-05-15-Paulinenaue-Bank-01.jpg?resize=350%2C200&ssl=1 1x, https:\/\/i0.wp.com\/paulinenaue.info\/wp-content\/uploads\/2025\/05\/2025-05-15-Paulinenaue-Bank-01.jpg?resize=525%2C300&ssl=1 1.5x, https:\/\/i0.wp.com\/paulinenaue.info\/wp-content\/uploads\/2025\/05\/2025-05-15-Paulinenaue-Bank-01.jpg?resize=700%2C400&ssl=1 2x"},"classes":[]},{"id":418667,"url":"https:\/\/paulinenaue.info\/index.php\/selbelanger-kirchbaenke\/","url_meta":{"origin":416941,"position":2},"title":"Einweihung der Selbelanger Kirchb\u00e4nke","author":"Joachim Scholz","date":"3. Dezember 2025","format":false,"excerpt":"30.11.2025. In unmittelbarer N\u00e4he zur sp\u00e4tgotischen Kirche St. Nikolai Selbelang, unter einem Schatten spendenden Ahornbaum, stehen seit September 2025 zwei schmucke h\u00f6lzerne B\u00e4nke und ein Tisch. Der Tisch tr\u00e4gt ein Wappen, das ein Motiv der Wetterfahne der Selbelanger Dorfkirche aufnimmt. Man erkennt darauf einen Pelikan mit seinen Jungen: ein Sinnbild\u2026","rel":"","context":"In &quot;Dorfentwicklung&quot;","block_context":{"text":"Dorfentwicklung","link":"https:\/\/paulinenaue.info\/index.php\/category\/dorfentwicklung\/"},"img":{"alt_text":"","src":"https:\/\/i0.wp.com\/paulinenaue.info\/wp-content\/uploads\/2025\/12\/2025-11-30-Bankeinweihung.jpg?resize=350%2C200&ssl=1","width":350,"height":200,"srcset":"https:\/\/i0.wp.com\/paulinenaue.info\/wp-content\/uploads\/2025\/12\/2025-11-30-Bankeinweihung.jpg?resize=350%2C200&ssl=1 1x, https:\/\/i0.wp.com\/paulinenaue.info\/wp-content\/uploads\/2025\/12\/2025-11-30-Bankeinweihung.jpg?resize=525%2C300&ssl=1 1.5x, https:\/\/i0.wp.com\/paulinenaue.info\/wp-content\/uploads\/2025\/12\/2025-11-30-Bankeinweihung.jpg?resize=700%2C400&ssl=1 2x, https:\/\/i0.wp.com\/paulinenaue.info\/wp-content\/uploads\/2025\/12\/2025-11-30-Bankeinweihung.jpg?resize=1050%2C600&ssl=1 3x, https:\/\/i0.wp.com\/paulinenaue.info\/wp-content\/uploads\/2025\/12\/2025-11-30-Bankeinweihung.jpg?resize=1400%2C800&ssl=1 4x"},"classes":[]},{"id":418175,"url":"https:\/\/paulinenaue.info\/index.php\/sommer-sonne-musik-und-viel-gute-laune\/","url_meta":{"origin":416941,"position":3},"title":"Sommer, Sonne, Musik und viel gute Laune!","author":"Sarah","date":"7. Juli 2025","format":false,"excerpt":"F\u00eate de la Musique Paulinenaue ein voller Erfolg Text: Valentin Franklyn \u201eF\u00fcr jeden was dabei\u201c \u2013 war von vielen Besucher*innen zu h\u00f6ren. Zum zweiten Mal organisierte ein kleines, aber engagiertes Team rund um den Paulinenauer Kulturverein die F\u00eate de la Musique und lockte sogar noch mehr Menschen als im Vorjahr\u2026","rel":"","context":"In &quot;Ehrenamt&quot;","block_context":{"text":"Ehrenamt","link":"https:\/\/paulinenaue.info\/index.php\/category\/ehrenamt\/"},"img":{"alt_text":"","src":"https:\/\/i0.wp.com\/paulinenaue.info\/wp-content\/uploads\/2025\/07\/FDM1.jpg?resize=350%2C200&ssl=1","width":350,"height":200,"srcset":"https:\/\/i0.wp.com\/paulinenaue.info\/wp-content\/uploads\/2025\/07\/FDM1.jpg?resize=350%2C200&ssl=1 1x, https:\/\/i0.wp.com\/paulinenaue.info\/wp-content\/uploads\/2025\/07\/FDM1.jpg?resize=525%2C300&ssl=1 1.5x, https:\/\/i0.wp.com\/paulinenaue.info\/wp-content\/uploads\/2025\/07\/FDM1.jpg?resize=700%2C400&ssl=1 2x, https:\/\/i0.wp.com\/paulinenaue.info\/wp-content\/uploads\/2025\/07\/FDM1.jpg?resize=1050%2C600&ssl=1 3x, https:\/\/i0.wp.com\/paulinenaue.info\/wp-content\/uploads\/2025\/07\/FDM1.jpg?resize=1400%2C800&ssl=1 4x"},"classes":[]},{"id":184284,"url":"https:\/\/paulinenaue.info\/index.php\/kirche-wird-saniert-und-multifunktional-nutzbar\/","url_meta":{"origin":416941,"position":4},"title":"Kirche wird saniert und multifunktional nutzbar","author":"Joachim Scholz","date":"29. Mai 2022","format":false,"excerpt":"von Andreas Flender, ehrenamtlicher Mitarbeiter und Bauverantwortlicher der evangelischen Kirchengemeinde In der Paulinenauer Kirche soll demn\u00e4chst ein Dorftreff entstehen. Es gibt daf\u00fcr Interesse von Vereinen, die bisher keine eigenen R\u00e4ume haben. Denkbar ist, dass der Kulturverein oder das Gemeinschaftswerk Soziale Dienste den Treff nutzen wird. Die Notfallseelsorge m\u00f6chte dort Gruppenabende\u2026","rel":"","context":"In &quot;Allgemein&quot;","block_context":{"text":"Allgemein","link":"https:\/\/paulinenaue.info\/index.php\/category\/allgemein\/"},"img":{"alt_text":"","src":"https:\/\/i0.wp.com\/paulinenaue.info\/wp-content\/uploads\/2022\/05\/2022-05-28-Paulinenaue-Kirche.jpg?resize=350%2C200&ssl=1","width":350,"height":200,"srcset":"https:\/\/i0.wp.com\/paulinenaue.info\/wp-content\/uploads\/2022\/05\/2022-05-28-Paulinenaue-Kirche.jpg?resize=350%2C200&ssl=1 1x, https:\/\/i0.wp.com\/paulinenaue.info\/wp-content\/uploads\/2022\/05\/2022-05-28-Paulinenaue-Kirche.jpg?resize=525%2C300&ssl=1 1.5x, https:\/\/i0.wp.com\/paulinenaue.info\/wp-content\/uploads\/2022\/05\/2022-05-28-Paulinenaue-Kirche.jpg?resize=700%2C400&ssl=1 2x"},"classes":[]},{"id":416597,"url":"https:\/\/paulinenaue.info\/index.php\/radio-1006-fluxfm-in-paulinenaue\/","url_meta":{"origin":416941,"position":5},"title":"Radio 100,6 FluxFM in Paulinenaue","author":"Sarah","date":"28. Juni 2024","format":false,"excerpt":"Text: Eckhard Vierjahn, Sarah Vierjahn Worum geht es? Der Radiosender 100,6 FluxFM erarbeitet zurzeit einen Podcast mit dem Titel \"Havelland und Leute\", der sich damit besch\u00e4ftigt, die Menschen im Havelland bewegt und wor\u00fcber sie zufrieden und unzufrieden sind. Daf\u00fcr fahren die ReporterInnen in mehreren Etappen den Havelland-Radweg ab und machen\u2026","rel":"","context":"In &quot;Allgemein&quot;","block_context":{"text":"Allgemein","link":"https:\/\/paulinenaue.info\/index.php\/category\/allgemein\/"},"img":{"alt_text":"","src":"https:\/\/i0.wp.com\/paulinenaue.info\/wp-content\/uploads\/2024\/06\/Interview-Alber-Vierjahn-scaled.jpg?resize=350%2C200&ssl=1","width":350,"height":200,"srcset":"https:\/\/i0.wp.com\/paulinenaue.info\/wp-content\/uploads\/2024\/06\/Interview-Alber-Vierjahn-scaled.jpg?resize=350%2C200&ssl=1 1x, https:\/\/i0.wp.com\/paulinenaue.info\/wp-content\/uploads\/2024\/06\/Interview-Alber-Vierjahn-scaled.jpg?resize=525%2C300&ssl=1 1.5x, https:\/\/i0.wp.com\/paulinenaue.info\/wp-content\/uploads\/2024\/06\/Interview-Alber-Vierjahn-scaled.jpg?resize=700%2C400&ssl=1 2x, https:\/\/i0.wp.com\/paulinenaue.info\/wp-content\/uploads\/2024\/06\/Interview-Alber-Vierjahn-scaled.jpg?resize=1050%2C600&ssl=1 3x, https:\/\/i0.wp.com\/paulinenaue.info\/wp-content\/uploads\/2024\/06\/Interview-Alber-Vierjahn-scaled.jpg?resize=1400%2C800&ssl=1 4x"},"classes":[]}],"_links":{"self":[{"href":"https:\/\/paulinenaue.info\/index.php\/wp-json\/wp\/v2\/posts\/416941","targetHints":{"allow":["GET"]}}],"collection":[{"href":"https:\/\/paulinenaue.info\/index.php\/wp-json\/wp\/v2\/posts"}],"about":[{"href":"https:\/\/paulinenaue.info\/index.php\/wp-json\/wp\/v2\/types\/post"}],"author":[{"embeddable":true,"href":"https:\/\/paulinenaue.info\/index.php\/wp-json\/wp\/v2\/users\/3"}],"replies":[{"embeddable":true,"href":"https:\/\/paulinenaue.info\/index.php\/wp-json\/wp\/v2\/comments?post=416941"}],"version-history":[{"count":1,"href":"https:\/\/paulinenaue.info\/index.php\/wp-json\/wp\/v2\/posts\/416941\/revisions"}],"predecessor-version":[{"id":416945,"href":"https:\/\/paulinenaue.info\/index.php\/wp-json\/wp\/v2\/posts\/416941\/revisions\/416945"}],"wp:featuredmedia":[{"embeddable":true,"href":"https:\/\/paulinenaue.info\/index.php\/wp-json\/wp\/v2\/media\/416943"}],"wp:attachment":[{"href":"https:\/\/paulinenaue.info\/index.php\/wp-json\/wp\/v2\/media?parent=416941"}],"wp:term":[{"taxonomy":"category","embeddable":true,"href":"https:\/\/paulinenaue.info\/index.php\/wp-json\/wp\/v2\/categories?post=416941"},{"taxonomy":"post_tag","embeddable":true,"href":"https:\/\/paulinenaue.info\/index.php\/wp-json\/wp\/v2\/tags?post=416941"}],"curies":[{"name":"wp","href":"https:\/\/api.w.org\/{rel}","templated":true}]}}