{"id":416948,"date":"2024-11-17T15:16:47","date_gmt":"2024-11-17T14:16:47","guid":{"rendered":"https:\/\/paulinenaue.info\/?p=416948"},"modified":"2024-12-01T14:57:55","modified_gmt":"2024-12-01T13:57:55","slug":"100-jahre-gemeinde-paulinenaue","status":"publish","type":"post","link":"https:\/\/paulinenaue.info\/index.php\/100-jahre-gemeinde-paulinenaue\/","title":{"rendered":"100 Jahre Gemeinde Paulinenaue"},"content":{"rendered":"<p>Text: Eckhard Vierjahn<\/p>\n<h4>Ein Blick in die Vergangenheit, Gegenwart und Zukunft<\/h4>\n<p>Wer wusste schon, dass Paulinenaue und Bergerdamm bis 1924 zu einem gemeinsamen Gutsbezirk geh\u00f6rten? Das und noch viel mehr \u00fcber die Geschichte von Paulinenaue, das 1833 seinen Namen bekam und urkundlich erstmals 1390 als Gemarkung erw\u00e4hnt wurde, konnte man w\u00e4hrend der Festveranstaltung am 16. November 2024 erfahren.<\/p>\n<p>Prof. Dr. Joachim Scholz und der B\u00fcrgermeister Arne Breder nahmen die 240 Besucher auf eine Reise in die Vergangenheit und in die Zukunft von Paulinenaue mit. In einem Film mit Interviews von Paulinenauern aller Generationen konnte man h\u00f6ren, was ihnen an Paulinenaue gef\u00e4llt, warum sie gern in Paulinenaue leben und was sie sich in der Zukunft f\u00fcr ihr Leben in Paulinenaue w\u00fcnschen.<\/p>\n<div id=\"attachment_416951\" style=\"width: 810px\" class=\"wp-caption alignnone\"><a href=\"https:\/\/paulinenaue.info\/wp-content\/uploads\/2024\/11\/Arne-Breder-Rede.jpg\"><img decoding=\"async\" aria-describedby=\"caption-attachment-416951\" data-attachment-id=\"416951\" data-permalink=\"https:\/\/paulinenaue.info\/index.php\/100-jahre-gemeinde-paulinenaue\/arne-breder-rede\/\" data-orig-file=\"https:\/\/paulinenaue.info\/wp-content\/uploads\/2024\/11\/Arne-Breder-Rede.jpg\" data-orig-size=\"1000,667\" data-comments-opened=\"1\" data-image-meta=\"{&quot;aperture&quot;:&quot;0&quot;,&quot;credit&quot;:&quot;&quot;,&quot;camera&quot;:&quot;&quot;,&quot;caption&quot;:&quot;&quot;,&quot;created_timestamp&quot;:&quot;0&quot;,&quot;copyright&quot;:&quot;&quot;,&quot;focal_length&quot;:&quot;0&quot;,&quot;iso&quot;:&quot;0&quot;,&quot;shutter_speed&quot;:&quot;0&quot;,&quot;title&quot;:&quot;&quot;,&quot;orientation&quot;:&quot;0&quot;}\" data-image-title=\"Arne Breder Rede\" data-image-description=\"\" data-image-caption=\"\" data-large-file=\"https:\/\/paulinenaue.info\/wp-content\/uploads\/2024\/11\/Arne-Breder-Rede.jpg\" class=\"lazyload wp-image-416951 size-fusion-800\" src=\"https:\/\/paulinenaue.info\/wp-content\/uploads\/2024\/11\/Arne-Breder-Rede-800x534.jpg\" data-orig-src=\"https:\/\/paulinenaue.info\/wp-content\/uploads\/2024\/11\/Arne-Breder-Rede-800x534.jpg\" alt=\"Arne Breder w\u00e4hrend seiner Rede zum Gemeindejubil\u00e4um. Foto: Joachim Scholz\" width=\"800\" height=\"534\" srcset=\"data:image\/svg+xml,%3Csvg%20xmlns%3D%27http%3A%2F%2Fwww.w3.org%2F2000%2Fsvg%27%20width%3D%27800%27%20height%3D%27534%27%20viewBox%3D%270%200%20800%20534%27%3E%3Crect%20width%3D%27800%27%20height%3D%27534%27%20fill-opacity%3D%220%22%2F%3E%3C%2Fsvg%3E\" data-srcset=\"https:\/\/paulinenaue.info\/wp-content\/uploads\/2024\/11\/Arne-Breder-Rede-200x133.jpg 200w, https:\/\/paulinenaue.info\/wp-content\/uploads\/2024\/11\/Arne-Breder-Rede-300x200.jpg 300w, https:\/\/paulinenaue.info\/wp-content\/uploads\/2024\/11\/Arne-Breder-Rede-400x267.jpg 400w, https:\/\/paulinenaue.info\/wp-content\/uploads\/2024\/11\/Arne-Breder-Rede-600x400.jpg 600w, https:\/\/paulinenaue.info\/wp-content\/uploads\/2024\/11\/Arne-Breder-Rede-768x512.jpg 768w, https:\/\/paulinenaue.info\/wp-content\/uploads\/2024\/11\/Arne-Breder-Rede-800x534.jpg 800w, https:\/\/paulinenaue.info\/wp-content\/uploads\/2024\/11\/Arne-Breder-Rede.jpg 1000w\" data-sizes=\"auto\" data-orig-sizes=\"(max-width: 800px) 100vw, 800px\" \/><\/a><p id=\"caption-attachment-416951\" class=\"wp-caption-text\"><em>Arne Breder w\u00e4hrend seiner Rede zum Gemeindejubil\u00e4um. Foto: J. Scholz<\/em><\/p><\/div>\n<p>F\u00fcr sein langj\u00e4hriges Engagement in und f\u00fcr die Gemeinde wurde Erich Ball mit der ersten \u201ePaulinenauer Ehrenvase\u201c geehrt. Seit 2003 geh\u00f6rt Selbelang (wieder) zu Paulinenaue und seitdem ist Erich Ball auch Ortsvorsteher von Selbelang, Kamerun und Lindholzfarm. Eine weitere Ehrenvase erhielt Joachim Scholz, der als Vorsitzender des Kulturvereins die Chronik von Paulinenaue seit vielen Jahren fortschreibt, weiter forscht, die Website von Paulinenaue ins Leben gerufen hat und gemeinsam mit vielen Akteuren weiter aktuell h\u00e4lt.<\/p>\n<div id=\"attachment_416949\" style=\"width: 810px\" class=\"wp-caption alignnone\"><a href=\"https:\/\/paulinenaue.info\/wp-content\/uploads\/2024\/11\/Ehrung-Vasen.jpg\"><img decoding=\"async\" aria-describedby=\"caption-attachment-416949\" data-attachment-id=\"416949\" data-permalink=\"https:\/\/paulinenaue.info\/index.php\/100-jahre-gemeinde-paulinenaue\/ehrung-vasen\/\" data-orig-file=\"https:\/\/paulinenaue.info\/wp-content\/uploads\/2024\/11\/Ehrung-Vasen.jpg\" data-orig-size=\"1000,667\" data-comments-opened=\"1\" data-image-meta=\"{&quot;aperture&quot;:&quot;0&quot;,&quot;credit&quot;:&quot;&quot;,&quot;camera&quot;:&quot;&quot;,&quot;caption&quot;:&quot;&quot;,&quot;created_timestamp&quot;:&quot;0&quot;,&quot;copyright&quot;:&quot;&quot;,&quot;focal_length&quot;:&quot;0&quot;,&quot;iso&quot;:&quot;0&quot;,&quot;shutter_speed&quot;:&quot;0&quot;,&quot;title&quot;:&quot;&quot;,&quot;orientation&quot;:&quot;0&quot;}\" data-image-title=\"Ehrung Vasen\" data-image-description=\"\" data-image-caption=\"\" data-large-file=\"https:\/\/paulinenaue.info\/wp-content\/uploads\/2024\/11\/Ehrung-Vasen.jpg\" class=\"lazyload wp-image-416949 size-fusion-800\" src=\"https:\/\/paulinenaue.info\/wp-content\/uploads\/2024\/11\/Ehrung-Vasen-800x534.jpg\" data-orig-src=\"https:\/\/paulinenaue.info\/wp-content\/uploads\/2024\/11\/Ehrung-Vasen-800x534.jpg\" alt=\"Ehrung von Joachim Scholz (2. v.l.) und Erich Ball (3. v.l.) durch Eckhard Vierjahn (1. v.l.) und Arne Breder (4. v.l.) mit Ehrenvasen. Foto: Eberhard Schwarz\" width=\"800\" height=\"534\" srcset=\"data:image\/svg+xml,%3Csvg%20xmlns%3D%27http%3A%2F%2Fwww.w3.org%2F2000%2Fsvg%27%20width%3D%27800%27%20height%3D%27534%27%20viewBox%3D%270%200%20800%20534%27%3E%3Crect%20width%3D%27800%27%20height%3D%27534%27%20fill-opacity%3D%220%22%2F%3E%3C%2Fsvg%3E\" data-srcset=\"https:\/\/paulinenaue.info\/wp-content\/uploads\/2024\/11\/Ehrung-Vasen-200x133.jpg 200w, https:\/\/paulinenaue.info\/wp-content\/uploads\/2024\/11\/Ehrung-Vasen-300x200.jpg 300w, https:\/\/paulinenaue.info\/wp-content\/uploads\/2024\/11\/Ehrung-Vasen-400x267.jpg 400w, https:\/\/paulinenaue.info\/wp-content\/uploads\/2024\/11\/Ehrung-Vasen-600x400.jpg 600w, https:\/\/paulinenaue.info\/wp-content\/uploads\/2024\/11\/Ehrung-Vasen-768x512.jpg 768w, https:\/\/paulinenaue.info\/wp-content\/uploads\/2024\/11\/Ehrung-Vasen-800x534.jpg 800w, https:\/\/paulinenaue.info\/wp-content\/uploads\/2024\/11\/Ehrung-Vasen.jpg 1000w\" data-sizes=\"auto\" data-orig-sizes=\"(max-width: 800px) 100vw, 800px\" \/><\/a><p id=\"caption-attachment-416949\" class=\"wp-caption-text\"><em>Ehrung von Joachim Scholz (2. v.l.) und Erich Ball (3. v.l.) durch Eckhard Vierjahn (1. v.l.) und Arne Breder (4. v.l.) mit Ehrenvasen. Foto: E. Schwarz<\/em><\/p><\/div>\n<p>Reges Interesse fanden die vielen Fotoaufnahmen, die Eberhard Schwarz als Zeugnis der Paulinenauer Geschichte zu einer kurzweiligen Pr\u00e4sentation zusammengestellt hatte.<\/p>\n<p>Das alles und die eigenen Erlebnisse sollten f\u00fcr viel Gespr\u00e4chsstoff sorgen. Bis sp\u00e4t in den Abend schwelgten die G\u00e4ste der Festveranstaltung im Mehrzweckgeb\u00e4ude in Erinnerungen. Es wurde auch viel gelacht.<\/p>\n<p>Die Vorbereitungsgruppe mit Arne Breder, Joachim Scholz, Eberhard Schwarz und Eckhard Vierjahn konnte sich \u00fcber die vielfach ge\u00e4u\u00dferten positiven R\u00fcckmeldungen und das Ergebnis freuen. Ein herzliches Dankesch\u00f6n an Matthias Kunkel und seine Helferinnen und Helfer, die den Saal im Mehrzweckgeb\u00e4ude vorbereitet hatten und f\u00fcr das leibliche Wohl sorgten, an Friedrich Gollrad, der die vielen Filmaufnahmen geschnitten und die Paulinenauer somit in Szene gesetzt hat, sowie an Florian Tietz f\u00fcr die Gestaltung des Einladungsflyers.<\/p>\n<p>Die Vortr\u00e4ge und der Film werden demn\u00e4chst als Zeitdokumente auf der Paulinenauer Website ver\u00f6ffentlicht. Weiterhin lesen Sie \u00fcber die Veranstaltung in den n\u00e4chsten Tagen in der M\u00e4rkischen Allgemeinen Zeitung und auch der Rundfunk Berlin-Brandenburg (rbb) will in Brandenburg aktuell (geplant schon f\u00fcr den 17.11.24, um 19:30 Uhr) berichten.<\/p>\n<p>Es bleibt nun die Vorfreude auf 2033, wenn wir 200 Jahre Namensgebung feiern und bis dahin werden sicher noch so einige Feste in Paulinenaue das Leben in unserem Dorf bereichern.<\/p>\n","protected":false},"excerpt":{"rendered":"<p>Text: Eckhard Vierjahn Ein Blick in die Vergangenheit, Gegenwart und [&hellip;]<\/p>\n","protected":false},"author":3,"featured_media":416950,"comment_status":"open","ping_status":"open","sticky":false,"template":"","format":"standard","meta":{"_acf_changed":false,"_price":"","_stock":"","_tribe_ticket_header":"","_tribe_default_ticket_provider":"","_tribe_ticket_capacity":"0","_ticket_start_date":"","_ticket_end_date":"","_tribe_ticket_show_description":"","_tribe_ticket_show_not_going":false,"_tribe_ticket_use_global_stock":"","_tribe_ticket_global_stock_level":"","_global_stock_mode":"","_global_stock_cap":"","_tribe_rsvp_for_event":"","_tribe_ticket_going_count":"","_tribe_ticket_not_going_count":"","_tribe_tickets_list":"[]","_tribe_ticket_has_attendee_info_fields":false,"jetpack_post_was_ever_published":false,"_jetpack_newsletter_access":"","_jetpack_dont_email_post_to_subs":false,"_jetpack_newsletter_tier_id":0,"_jetpack_memberships_contains_paywalled_content":false,"_jetpack_memberships_contains_paid_content":false,"footnotes":"","jetpack_publicize_message":"","jetpack_publicize_feature_enabled":true,"jetpack_social_post_already_shared":true,"jetpack_social_options":{"image_generator_settings":{"template":"highway","default_image_id":0,"font":"","enabled":false},"version":2}},"categories":[1,40,439,7,47,526,93],"tags":[589,96,32,231],"class_list":["post-416948","post","type-post","status-publish","format-standard","has-post-thumbnail","hentry","category-allgemein","category-dorfentwicklung","category-gemeinde-paulinenaue","category-historie","category-kulturverein","category-ortsgeschichte","category-veranstaltungen","tag-100-jahre","tag-gemeinde","tag-jubilaeum","tag-kulturverein"],"acf":[],"yoast_head":"<!-- This site is optimized with the Yoast SEO plugin v27.5 - https:\/\/yoast.com\/product\/yoast-seo-wordpress\/ -->\n<title>100 Jahre Gemeinde Paulinenaue - Paulinenaue<\/title>\n<meta name=\"robots\" content=\"index, follow, max-snippet:-1, max-image-preview:large, max-video-preview:-1\" \/>\n<link rel=\"canonical\" href=\"https:\/\/paulinenaue.info\/index.php\/100-jahre-gemeinde-paulinenaue\/\" \/>\n<meta property=\"og:locale\" content=\"de_DE\" \/>\n<meta property=\"og:type\" content=\"article\" \/>\n<meta property=\"og:title\" content=\"100 Jahre Gemeinde Paulinenaue - Paulinenaue\" \/>\n<meta property=\"og:description\" content=\"Text: Eckhard Vierjahn Ein Blick in die Vergangenheit, Gegenwart und [&hellip;]\" \/>\n<meta property=\"og:url\" content=\"https:\/\/paulinenaue.info\/index.php\/100-jahre-gemeinde-paulinenaue\/\" \/>\n<meta property=\"og:site_name\" content=\"Paulinenaue\" \/>\n<meta property=\"article:published_time\" content=\"2024-11-17T14:16:47+00:00\" \/>\n<meta property=\"article:modified_time\" content=\"2024-12-01T13:57:55+00:00\" \/>\n<meta property=\"og:image\" content=\"https:\/\/paulinenaue.info\/wp-content\/uploads\/2024\/11\/Publikum-Jubilaeumsfeier.jpg\" \/>\n\t<meta property=\"og:image:width\" content=\"1000\" \/>\n\t<meta property=\"og:image:height\" content=\"667\" \/>\n\t<meta property=\"og:image:type\" content=\"image\/jpeg\" \/>\n<meta name=\"author\" content=\"Sarah\" \/>\n<meta name=\"twitter:card\" content=\"summary_large_image\" \/>\n<meta name=\"twitter:label1\" content=\"Verfasst von\" \/>\n\t<meta name=\"twitter:data1\" content=\"Sarah\" \/>\n\t<meta name=\"twitter:label2\" content=\"Gesch\u00e4tzte Lesezeit\" \/>\n\t<meta name=\"twitter:data2\" content=\"4\u00a0Minuten\" \/>\n<script type=\"application\/ld+json\" class=\"yoast-schema-graph\">{\"@context\":\"https:\\\/\\\/schema.org\",\"@graph\":[{\"@type\":\"Article\",\"@id\":\"https:\\\/\\\/paulinenaue.info\\\/index.php\\\/100-jahre-gemeinde-paulinenaue\\\/#article\",\"isPartOf\":{\"@id\":\"https:\\\/\\\/paulinenaue.info\\\/index.php\\\/100-jahre-gemeinde-paulinenaue\\\/\"},\"author\":{\"name\":\"Sarah\",\"@id\":\"https:\\\/\\\/paulinenaue.info\\\/#\\\/schema\\\/person\\\/e5be566a57b5b3f65d2c65a58c42325e\"},\"headline\":\"100 Jahre Gemeinde Paulinenaue\",\"datePublished\":\"2024-11-17T14:16:47+00:00\",\"dateModified\":\"2024-12-01T13:57:55+00:00\",\"mainEntityOfPage\":{\"@id\":\"https:\\\/\\\/paulinenaue.info\\\/index.php\\\/100-jahre-gemeinde-paulinenaue\\\/\"},\"wordCount\":471,\"commentCount\":0,\"image\":{\"@id\":\"https:\\\/\\\/paulinenaue.info\\\/index.php\\\/100-jahre-gemeinde-paulinenaue\\\/#primaryimage\"},\"thumbnailUrl\":\"https:\\\/\\\/paulinenaue.info\\\/wp-content\\\/uploads\\\/2024\\\/11\\\/Publikum-Jubilaeumsfeier.jpg\",\"keywords\":[\"100 Jahre\",\"Gemeinde\",\"Jubil\u00e4um\",\"Kulturverein\"],\"articleSection\":{\"1\":\"Dorfentwicklung\",\"2\":\"Gemeinde Paulinenaue\",\"3\":\"Historie\",\"4\":\"Kulturverein\",\"5\":\"Ortsgeschichte\",\"6\":\"Veranstaltungen\"},\"inLanguage\":\"de\",\"potentialAction\":[{\"@type\":\"CommentAction\",\"name\":\"Comment\",\"target\":[\"https:\\\/\\\/paulinenaue.info\\\/index.php\\\/100-jahre-gemeinde-paulinenaue\\\/#respond\"]}]},{\"@type\":\"WebPage\",\"@id\":\"https:\\\/\\\/paulinenaue.info\\\/index.php\\\/100-jahre-gemeinde-paulinenaue\\\/\",\"url\":\"https:\\\/\\\/paulinenaue.info\\\/index.php\\\/100-jahre-gemeinde-paulinenaue\\\/\",\"name\":\"100 Jahre Gemeinde Paulinenaue - Paulinenaue\",\"isPartOf\":{\"@id\":\"https:\\\/\\\/paulinenaue.info\\\/#website\"},\"primaryImageOfPage\":{\"@id\":\"https:\\\/\\\/paulinenaue.info\\\/index.php\\\/100-jahre-gemeinde-paulinenaue\\\/#primaryimage\"},\"image\":{\"@id\":\"https:\\\/\\\/paulinenaue.info\\\/index.php\\\/100-jahre-gemeinde-paulinenaue\\\/#primaryimage\"},\"thumbnailUrl\":\"https:\\\/\\\/paulinenaue.info\\\/wp-content\\\/uploads\\\/2024\\\/11\\\/Publikum-Jubilaeumsfeier.jpg\",\"datePublished\":\"2024-11-17T14:16:47+00:00\",\"dateModified\":\"2024-12-01T13:57:55+00:00\",\"author\":{\"@id\":\"https:\\\/\\\/paulinenaue.info\\\/#\\\/schema\\\/person\\\/e5be566a57b5b3f65d2c65a58c42325e\"},\"breadcrumb\":{\"@id\":\"https:\\\/\\\/paulinenaue.info\\\/index.php\\\/100-jahre-gemeinde-paulinenaue\\\/#breadcrumb\"},\"inLanguage\":\"de\",\"potentialAction\":[{\"@type\":\"ReadAction\",\"target\":[\"https:\\\/\\\/paulinenaue.info\\\/index.php\\\/100-jahre-gemeinde-paulinenaue\\\/\"]}]},{\"@type\":\"ImageObject\",\"inLanguage\":\"de\",\"@id\":\"https:\\\/\\\/paulinenaue.info\\\/index.php\\\/100-jahre-gemeinde-paulinenaue\\\/#primaryimage\",\"url\":\"https:\\\/\\\/paulinenaue.info\\\/wp-content\\\/uploads\\\/2024\\\/11\\\/Publikum-Jubilaeumsfeier.jpg\",\"contentUrl\":\"https:\\\/\\\/paulinenaue.info\\\/wp-content\\\/uploads\\\/2024\\\/11\\\/Publikum-Jubilaeumsfeier.jpg\",\"width\":1000,\"height\":667},{\"@type\":\"BreadcrumbList\",\"@id\":\"https:\\\/\\\/paulinenaue.info\\\/index.php\\\/100-jahre-gemeinde-paulinenaue\\\/#breadcrumb\",\"itemListElement\":[{\"@type\":\"ListItem\",\"position\":1,\"name\":\"Home\",\"item\":\"https:\\\/\\\/paulinenaue.info\\\/\"},{\"@type\":\"ListItem\",\"position\":2,\"name\":\"100 Jahre Gemeinde Paulinenaue\"}]},{\"@type\":\"WebSite\",\"@id\":\"https:\\\/\\\/paulinenaue.info\\\/#website\",\"url\":\"https:\\\/\\\/paulinenaue.info\\\/\",\"name\":\"Paulinenaue\",\"description\":\"Ein Dorf im Havelland\",\"potentialAction\":[{\"@type\":\"SearchAction\",\"target\":{\"@type\":\"EntryPoint\",\"urlTemplate\":\"https:\\\/\\\/paulinenaue.info\\\/?s={search_term_string}\"},\"query-input\":{\"@type\":\"PropertyValueSpecification\",\"valueRequired\":true,\"valueName\":\"search_term_string\"}}],\"inLanguage\":\"de\"},{\"@type\":\"Person\",\"@id\":\"https:\\\/\\\/paulinenaue.info\\\/#\\\/schema\\\/person\\\/e5be566a57b5b3f65d2c65a58c42325e\",\"name\":\"Sarah\",\"url\":\"https:\\\/\\\/paulinenaue.info\\\/index.php\\\/author\\\/sarah\\\/\"}]}<\/script>\n<!-- \/ Yoast SEO plugin. -->","yoast_head_json":{"title":"100 Jahre Gemeinde Paulinenaue - Paulinenaue","robots":{"index":"index","follow":"follow","max-snippet":"max-snippet:-1","max-image-preview":"max-image-preview:large","max-video-preview":"max-video-preview:-1"},"canonical":"https:\/\/paulinenaue.info\/index.php\/100-jahre-gemeinde-paulinenaue\/","og_locale":"de_DE","og_type":"article","og_title":"100 Jahre Gemeinde Paulinenaue - Paulinenaue","og_description":"Text: Eckhard Vierjahn Ein Blick in die Vergangenheit, Gegenwart und [&hellip;]","og_url":"https:\/\/paulinenaue.info\/index.php\/100-jahre-gemeinde-paulinenaue\/","og_site_name":"Paulinenaue","article_published_time":"2024-11-17T14:16:47+00:00","article_modified_time":"2024-12-01T13:57:55+00:00","og_image":[{"width":1000,"height":667,"url":"https:\/\/paulinenaue.info\/wp-content\/uploads\/2024\/11\/Publikum-Jubilaeumsfeier.jpg","type":"image\/jpeg"}],"author":"Sarah","twitter_card":"summary_large_image","twitter_misc":{"Verfasst von":"Sarah","Gesch\u00e4tzte Lesezeit":"4\u00a0Minuten"},"schema":{"@context":"https:\/\/schema.org","@graph":[{"@type":"Article","@id":"https:\/\/paulinenaue.info\/index.php\/100-jahre-gemeinde-paulinenaue\/#article","isPartOf":{"@id":"https:\/\/paulinenaue.info\/index.php\/100-jahre-gemeinde-paulinenaue\/"},"author":{"name":"Sarah","@id":"https:\/\/paulinenaue.info\/#\/schema\/person\/e5be566a57b5b3f65d2c65a58c42325e"},"headline":"100 Jahre Gemeinde Paulinenaue","datePublished":"2024-11-17T14:16:47+00:00","dateModified":"2024-12-01T13:57:55+00:00","mainEntityOfPage":{"@id":"https:\/\/paulinenaue.info\/index.php\/100-jahre-gemeinde-paulinenaue\/"},"wordCount":471,"commentCount":0,"image":{"@id":"https:\/\/paulinenaue.info\/index.php\/100-jahre-gemeinde-paulinenaue\/#primaryimage"},"thumbnailUrl":"https:\/\/paulinenaue.info\/wp-content\/uploads\/2024\/11\/Publikum-Jubilaeumsfeier.jpg","keywords":["100 Jahre","Gemeinde","Jubil\u00e4um","Kulturverein"],"articleSection":{"1":"Dorfentwicklung","2":"Gemeinde Paulinenaue","3":"Historie","4":"Kulturverein","5":"Ortsgeschichte","6":"Veranstaltungen"},"inLanguage":"de","potentialAction":[{"@type":"CommentAction","name":"Comment","target":["https:\/\/paulinenaue.info\/index.php\/100-jahre-gemeinde-paulinenaue\/#respond"]}]},{"@type":"WebPage","@id":"https:\/\/paulinenaue.info\/index.php\/100-jahre-gemeinde-paulinenaue\/","url":"https:\/\/paulinenaue.info\/index.php\/100-jahre-gemeinde-paulinenaue\/","name":"100 Jahre Gemeinde Paulinenaue - Paulinenaue","isPartOf":{"@id":"https:\/\/paulinenaue.info\/#website"},"primaryImageOfPage":{"@id":"https:\/\/paulinenaue.info\/index.php\/100-jahre-gemeinde-paulinenaue\/#primaryimage"},"image":{"@id":"https:\/\/paulinenaue.info\/index.php\/100-jahre-gemeinde-paulinenaue\/#primaryimage"},"thumbnailUrl":"https:\/\/paulinenaue.info\/wp-content\/uploads\/2024\/11\/Publikum-Jubilaeumsfeier.jpg","datePublished":"2024-11-17T14:16:47+00:00","dateModified":"2024-12-01T13:57:55+00:00","author":{"@id":"https:\/\/paulinenaue.info\/#\/schema\/person\/e5be566a57b5b3f65d2c65a58c42325e"},"breadcrumb":{"@id":"https:\/\/paulinenaue.info\/index.php\/100-jahre-gemeinde-paulinenaue\/#breadcrumb"},"inLanguage":"de","potentialAction":[{"@type":"ReadAction","target":["https:\/\/paulinenaue.info\/index.php\/100-jahre-gemeinde-paulinenaue\/"]}]},{"@type":"ImageObject","inLanguage":"de","@id":"https:\/\/paulinenaue.info\/index.php\/100-jahre-gemeinde-paulinenaue\/#primaryimage","url":"https:\/\/paulinenaue.info\/wp-content\/uploads\/2024\/11\/Publikum-Jubilaeumsfeier.jpg","contentUrl":"https:\/\/paulinenaue.info\/wp-content\/uploads\/2024\/11\/Publikum-Jubilaeumsfeier.jpg","width":1000,"height":667},{"@type":"BreadcrumbList","@id":"https:\/\/paulinenaue.info\/index.php\/100-jahre-gemeinde-paulinenaue\/#breadcrumb","itemListElement":[{"@type":"ListItem","position":1,"name":"Home","item":"https:\/\/paulinenaue.info\/"},{"@type":"ListItem","position":2,"name":"100 Jahre Gemeinde Paulinenaue"}]},{"@type":"WebSite","@id":"https:\/\/paulinenaue.info\/#website","url":"https:\/\/paulinenaue.info\/","name":"Paulinenaue","description":"Ein Dorf im Havelland","potentialAction":[{"@type":"SearchAction","target":{"@type":"EntryPoint","urlTemplate":"https:\/\/paulinenaue.info\/?s={search_term_string}"},"query-input":{"@type":"PropertyValueSpecification","valueRequired":true,"valueName":"search_term_string"}}],"inLanguage":"de"},{"@type":"Person","@id":"https:\/\/paulinenaue.info\/#\/schema\/person\/e5be566a57b5b3f65d2c65a58c42325e","name":"Sarah","url":"https:\/\/paulinenaue.info\/index.php\/author\/sarah\/"}]}},"jetpack_publicize_connections":[],"jetpack_featured_media_url":"https:\/\/paulinenaue.info\/wp-content\/uploads\/2024\/11\/Publikum-Jubilaeumsfeier.jpg","jetpack_sharing_enabled":true,"jetpack_shortlink":"https:\/\/wp.me\/pcYhWA-1KsY","jetpack-related-posts":[{"id":184284,"url":"https:\/\/paulinenaue.info\/index.php\/kirche-wird-saniert-und-multifunktional-nutzbar\/","url_meta":{"origin":416948,"position":0},"title":"Kirche wird saniert und multifunktional nutzbar","author":"Joachim Scholz","date":"29. Mai 2022","format":false,"excerpt":"von Andreas Flender, ehrenamtlicher Mitarbeiter und Bauverantwortlicher der evangelischen Kirchengemeinde In der Paulinenauer Kirche soll demn\u00e4chst ein Dorftreff entstehen. Es gibt daf\u00fcr Interesse von Vereinen, die bisher keine eigenen R\u00e4ume haben. Denkbar ist, dass der Kulturverein oder das Gemeinschaftswerk Soziale Dienste den Treff nutzen wird. Die Notfallseelsorge m\u00f6chte dort Gruppenabende\u2026","rel":"","context":"In &quot;Allgemein&quot;","block_context":{"text":"Allgemein","link":"https:\/\/paulinenaue.info\/index.php\/category\/allgemein\/"},"img":{"alt_text":"","src":"https:\/\/i0.wp.com\/paulinenaue.info\/wp-content\/uploads\/2022\/05\/2022-05-28-Paulinenaue-Kirche.jpg?resize=350%2C200&ssl=1","width":350,"height":200,"srcset":"https:\/\/i0.wp.com\/paulinenaue.info\/wp-content\/uploads\/2022\/05\/2022-05-28-Paulinenaue-Kirche.jpg?resize=350%2C200&ssl=1 1x, https:\/\/i0.wp.com\/paulinenaue.info\/wp-content\/uploads\/2022\/05\/2022-05-28-Paulinenaue-Kirche.jpg?resize=525%2C300&ssl=1 1.5x, https:\/\/i0.wp.com\/paulinenaue.info\/wp-content\/uploads\/2022\/05\/2022-05-28-Paulinenaue-Kirche.jpg?resize=700%2C400&ssl=1 2x"},"classes":[]},{"id":416102,"url":"https:\/\/paulinenaue.info\/index.php\/kulturverein-zur-kommunalwahl-2024\/","url_meta":{"origin":416948,"position":1},"title":"Kulturverein zur Kommunalwahl 2024","author":"Joachim Scholz","date":"15. M\u00e4rz 2024","format":false,"excerpt":"Die Kandidaten des Kulturvereins stellen sich vor Der Paulinenauer Kulturverein pflegt mit Veranstaltungen wie dem Weihnachtsmarkt, dem Tag des offenen Denkmals oder dem Kunstfestival \u201eSchnelle Vorbeifahrten\u201c das gemeinschaftliche Leben in Paulinenaue. Unser Verein bewahrt die Geschichte des Ortes und h\u00e4lt sie auf der Internetseite www.paulinenaue.info lebendig. Besonders am Herzen liegt\u2026","rel":"","context":"In &quot;Allgemein&quot;","block_context":{"text":"Allgemein","link":"https:\/\/paulinenaue.info\/index.php\/category\/allgemein\/"},"img":{"alt_text":"","src":"https:\/\/i0.wp.com\/paulinenaue.info\/wp-content\/uploads\/2024\/03\/Kandidaten-Kulturverein-2024.jpeg?resize=350%2C200&ssl=1","width":350,"height":200,"srcset":"https:\/\/i0.wp.com\/paulinenaue.info\/wp-content\/uploads\/2024\/03\/Kandidaten-Kulturverein-2024.jpeg?resize=350%2C200&ssl=1 1x, https:\/\/i0.wp.com\/paulinenaue.info\/wp-content\/uploads\/2024\/03\/Kandidaten-Kulturverein-2024.jpeg?resize=525%2C300&ssl=1 1.5x, https:\/\/i0.wp.com\/paulinenaue.info\/wp-content\/uploads\/2024\/03\/Kandidaten-Kulturverein-2024.jpeg?resize=700%2C400&ssl=1 2x"},"classes":[]},{"id":143058,"url":"https:\/\/paulinenaue.info\/index.php\/erfolgreicher-dorfputz\/","url_meta":{"origin":416948,"position":2},"title":"Erfolgreicher Dorfputz","author":"Sarah","date":"26. April 2022","format":false,"excerpt":"","rel":"","context":"In &quot;Gemeinde Paulinenaue&quot;","block_context":{"text":"Gemeinde Paulinenaue","link":"https:\/\/paulinenaue.info\/index.php\/category\/gemeinde-paulinenaue\/"},"img":{"alt_text":"","src":"https:\/\/i0.wp.com\/paulinenaue.info\/wp-content\/uploads\/2022\/04\/IMG-20220409-WA0000.jpg?resize=350%2C200&ssl=1","width":350,"height":200,"srcset":"https:\/\/i0.wp.com\/paulinenaue.info\/wp-content\/uploads\/2022\/04\/IMG-20220409-WA0000.jpg?resize=350%2C200&ssl=1 1x, https:\/\/i0.wp.com\/paulinenaue.info\/wp-content\/uploads\/2022\/04\/IMG-20220409-WA0000.jpg?resize=525%2C300&ssl=1 1.5x, https:\/\/i0.wp.com\/paulinenaue.info\/wp-content\/uploads\/2022\/04\/IMG-20220409-WA0000.jpg?resize=700%2C400&ssl=1 2x"},"classes":[]},{"id":109773,"url":"https:\/\/paulinenaue.info\/index.php\/vor-ostern-2022\/","url_meta":{"origin":416948,"position":3},"title":"Vor Ostern 2022","author":"Sarah","date":"8. April 2022","format":false,"excerpt":"","rel":"","context":"In &quot;Allgemein&quot;","block_context":{"text":"Allgemein","link":"https:\/\/paulinenaue.info\/index.php\/category\/allgemein\/"},"img":{"alt_text":"","src":"https:\/\/i0.wp.com\/paulinenaue.info\/wp-content\/uploads\/2022\/04\/ostern1.jpg?resize=350%2C200&ssl=1","width":350,"height":200,"srcset":"https:\/\/i0.wp.com\/paulinenaue.info\/wp-content\/uploads\/2022\/04\/ostern1.jpg?resize=350%2C200&ssl=1 1x, https:\/\/i0.wp.com\/paulinenaue.info\/wp-content\/uploads\/2022\/04\/ostern1.jpg?resize=525%2C300&ssl=1 1.5x, https:\/\/i0.wp.com\/paulinenaue.info\/wp-content\/uploads\/2022\/04\/ostern1.jpg?resize=700%2C400&ssl=1 2x, https:\/\/i0.wp.com\/paulinenaue.info\/wp-content\/uploads\/2022\/04\/ostern1.jpg?resize=1050%2C600&ssl=1 3x, https:\/\/i0.wp.com\/paulinenaue.info\/wp-content\/uploads\/2022\/04\/ostern1.jpg?resize=1400%2C800&ssl=1 4x"},"classes":[]},{"id":149345,"url":"https:\/\/paulinenaue.info\/index.php\/149345\/","url_meta":{"origin":416948,"position":4},"title":"Besuch in der Waldapotheke","author":"Joachim Scholz","date":"30. April 2022","format":false,"excerpt":"Auf diesen Termin hatten sich viele schon lange gefreut. Auch in diesem Jahr ging es wieder mit Sylvia Geisel\u00a0 auf eine Kr\u00e4uterwanderung vors Dorf. Diesmal stand der Spaziergang unter dem Motto \u201eBesuch in der Waldapotheke\u201c. Die Sonne schien, es gr\u00fcnte allerorten. Den Weg zur Pessiner Heide glaubt man zu kennen\u2026","rel":"","context":"In &quot;Hier Zuhause&quot;","block_context":{"text":"Hier Zuhause","link":"https:\/\/paulinenaue.info\/index.php\/category\/hier-zuhause\/"},"img":{"alt_text":"","src":"https:\/\/i0.wp.com\/paulinenaue.info\/wp-content\/uploads\/2022\/04\/2022-04-29-Kra%CC%88uterwanderung.jpg?resize=350%2C200&ssl=1","width":350,"height":200,"srcset":"https:\/\/i0.wp.com\/paulinenaue.info\/wp-content\/uploads\/2022\/04\/2022-04-29-Kra%CC%88uterwanderung.jpg?resize=350%2C200&ssl=1 1x, https:\/\/i0.wp.com\/paulinenaue.info\/wp-content\/uploads\/2022\/04\/2022-04-29-Kra%CC%88uterwanderung.jpg?resize=525%2C300&ssl=1 1.5x, https:\/\/i0.wp.com\/paulinenaue.info\/wp-content\/uploads\/2022\/04\/2022-04-29-Kra%CC%88uterwanderung.jpg?resize=700%2C400&ssl=1 2x"},"classes":[]},{"id":1430,"url":"https:\/\/paulinenaue.info\/index.php\/erste-schritte-in-die-zukunft-des-paulinenauer-bahnhofsgebaeude\/","url_meta":{"origin":416948,"position":5},"title":"Erste Schritte in die Zukunft des Paulinenauer Bahnhofsgeb\u00e4udes","author":"Joachim Scholz","date":"3. Februar 2008","format":false,"excerpt":"Im Bahnhof k\u00f6nnte wieder das Herz des Dorfes schlagen Ein Zeichen, dass in Paulinenaues Mitte etwas in Gang kommt, ist mit dem k\u00fcrzlich sanierten Bahnhofsvorplatz bereits gesetzt. Der schmucke Platz aber hat seit seiner Fertigstellung den Handlungsbedarf beim Bahnhofsgeb\u00e4ude selbst nur noch mehr hervortreten lassen und da die Gemeinde den\u2026","rel":"","context":"In &quot;Allgemein&quot;","block_context":{"text":"Allgemein","link":"https:\/\/paulinenaue.info\/index.php\/category\/allgemein\/"},"img":{"alt_text":"","src":"https:\/\/i0.wp.com\/paulinenaue.info\/wp-content\/uploads\/2019\/01\/2007-12-01-Bahnhof.jpg?resize=350%2C200&ssl=1","width":350,"height":200,"srcset":"https:\/\/i0.wp.com\/paulinenaue.info\/wp-content\/uploads\/2019\/01\/2007-12-01-Bahnhof.jpg?resize=350%2C200&ssl=1 1x, https:\/\/i0.wp.com\/paulinenaue.info\/wp-content\/uploads\/2019\/01\/2007-12-01-Bahnhof.jpg?resize=525%2C300&ssl=1 1.5x, https:\/\/i0.wp.com\/paulinenaue.info\/wp-content\/uploads\/2019\/01\/2007-12-01-Bahnhof.jpg?resize=700%2C400&ssl=1 2x"},"classes":[]}],"_links":{"self":[{"href":"https:\/\/paulinenaue.info\/index.php\/wp-json\/wp\/v2\/posts\/416948","targetHints":{"allow":["GET"]}}],"collection":[{"href":"https:\/\/paulinenaue.info\/index.php\/wp-json\/wp\/v2\/posts"}],"about":[{"href":"https:\/\/paulinenaue.info\/index.php\/wp-json\/wp\/v2\/types\/post"}],"author":[{"embeddable":true,"href":"https:\/\/paulinenaue.info\/index.php\/wp-json\/wp\/v2\/users\/3"}],"replies":[{"embeddable":true,"href":"https:\/\/paulinenaue.info\/index.php\/wp-json\/wp\/v2\/comments?post=416948"}],"version-history":[{"count":5,"href":"https:\/\/paulinenaue.info\/index.php\/wp-json\/wp\/v2\/posts\/416948\/revisions"}],"predecessor-version":[{"id":417004,"href":"https:\/\/paulinenaue.info\/index.php\/wp-json\/wp\/v2\/posts\/416948\/revisions\/417004"}],"wp:featuredmedia":[{"embeddable":true,"href":"https:\/\/paulinenaue.info\/index.php\/wp-json\/wp\/v2\/media\/416950"}],"wp:attachment":[{"href":"https:\/\/paulinenaue.info\/index.php\/wp-json\/wp\/v2\/media?parent=416948"}],"wp:term":[{"taxonomy":"category","embeddable":true,"href":"https:\/\/paulinenaue.info\/index.php\/wp-json\/wp\/v2\/categories?post=416948"},{"taxonomy":"post_tag","embeddable":true,"href":"https:\/\/paulinenaue.info\/index.php\/wp-json\/wp\/v2\/tags?post=416948"}],"curies":[{"name":"wp","href":"https:\/\/api.w.org\/{rel}","templated":true}]}}