{"id":416956,"date":"2024-11-29T10:12:11","date_gmt":"2024-11-29T09:12:11","guid":{"rendered":"https:\/\/paulinenaue.info\/?p=416956"},"modified":"2024-11-29T10:12:11","modified_gmt":"2024-11-29T09:12:11","slug":"von-bank-zu-bank-im-havelland","status":"publish","type":"post","link":"https:\/\/paulinenaue.info\/index.php\/von-bank-zu-bank-im-havelland\/","title":{"rendered":"\u201eVon Bank zu Bank im Havelland\u201c"},"content":{"rendered":"<h5><span style=\"color: #98ad57;\">B\u00e4nke, Tisch und Waldkauz &#8211; Holzkunstwerk vor der Schule<\/span><\/h5>\n<p>Text: Eckhard Vierjahn<br \/>\nBeitragsbild: Eckhard Vierjahn<\/p>\n<p>Als am Sonnabend, den 23. November 2024, Gerg\u00f6 Schmidt kurz vor 09:00 Uhr mit einem voll beladenen PKW-Anh\u00e4nger an der Schule hielt, konnte man nur erahnen, was in einigen Stunden vor der Schule aufgebaut sein sollte. Zwei B\u00e4nke und ein Tisch sollten es dann gegen 14:30 sein, die frisch ge\u00f6lt auf der eigens daf\u00fcr vorbereiteten Fl\u00e4che standen. Schon beim Aufbau, den Roland Zeglin, Eberhard Schwarz und Eckhard Vierjahn unterst\u00fctzten, blieben einige Passanten stehen und staunten mit offenem Mund. \u201eSogar zwei B\u00e4nke und ein Tisch und so massiv, so solide, einfach sch\u00f6n.\u201c, so die Worte aus dem einen Munde. Die taggleich versendeten Bilder wurden von einem Betrachter so kommentiert: \u201eChapeau! Hochachtung vor dem, der da k\u00fcnstlerisch t\u00e4tig geworden ist! Eine rundum gelungene Sache!\u201c Diese R\u00fcckmeldungen haben den \u201eKunst\u201c-Handwerker Gerg\u00f6 Schmidt und auch die Organisatoren vom Paulinenauer Kulturverein sehr erfreut.<\/p>\n<div id=\"attachment_416961\" style=\"width: 310px\" class=\"wp-caption alignnone\"><a href=\"https:\/\/paulinenaue.info\/wp-content\/uploads\/2024\/11\/Baenke-und-Tisch-Transport.jpg\"><img decoding=\"async\" aria-describedby=\"caption-attachment-416961\" data-attachment-id=\"416961\" data-permalink=\"https:\/\/paulinenaue.info\/index.php\/von-bank-zu-bank-im-havelland\/baenke-und-tisch-transport\/\" data-orig-file=\"https:\/\/paulinenaue.info\/wp-content\/uploads\/2024\/11\/Baenke-und-Tisch-Transport.jpg\" data-orig-size=\"1600,1200\" data-comments-opened=\"1\" data-image-meta=\"{&quot;aperture&quot;:&quot;2.5&quot;,&quot;credit&quot;:&quot;Eberhard H.Schwarz&quot;,&quot;camera&quot;:&quot;DSC-RX10M3&quot;,&quot;caption&quot;:&quot;&quot;,&quot;created_timestamp&quot;:&quot;1732355991&quot;,&quot;copyright&quot;:&quot;mail@eberhardschwarz.de&quot;,&quot;focal_length&quot;:&quot;8.8&quot;,&quot;iso&quot;:&quot;100&quot;,&quot;shutter_speed&quot;:&quot;0.004&quot;,&quot;title&quot;:&quot;&quot;,&quot;orientation&quot;:&quot;1&quot;}\" data-image-title=\"B\u00e4nke und Tisch Transport\" data-image-description=\"\" data-image-caption=\"\" data-large-file=\"https:\/\/paulinenaue.info\/wp-content\/uploads\/2024\/11\/Baenke-und-Tisch-Transport-1024x768.jpg\" class=\"lazyload wp-image-416961 size-medium\" src=\"https:\/\/paulinenaue.info\/wp-content\/uploads\/2024\/11\/Baenke-und-Tisch-Transport-300x225.jpg\" data-orig-src=\"https:\/\/paulinenaue.info\/wp-content\/uploads\/2024\/11\/Baenke-und-Tisch-Transport-300x225.jpg\" alt=\"Anlieferung der Einzelteile. Foto: Eberhard Schwarz\" width=\"300\" height=\"225\" srcset=\"data:image\/svg+xml,%3Csvg%20xmlns%3D%27http%3A%2F%2Fwww.w3.org%2F2000%2Fsvg%27%20width%3D%27300%27%20height%3D%27225%27%20viewBox%3D%270%200%20300%20225%27%3E%3Crect%20width%3D%27300%27%20height%3D%27225%27%20fill-opacity%3D%220%22%2F%3E%3C%2Fsvg%3E\" data-srcset=\"https:\/\/paulinenaue.info\/wp-content\/uploads\/2024\/11\/Baenke-und-Tisch-Transport-200x150.jpg 200w, https:\/\/paulinenaue.info\/wp-content\/uploads\/2024\/11\/Baenke-und-Tisch-Transport-300x225.jpg 300w, https:\/\/paulinenaue.info\/wp-content\/uploads\/2024\/11\/Baenke-und-Tisch-Transport-400x300.jpg 400w, https:\/\/paulinenaue.info\/wp-content\/uploads\/2024\/11\/Baenke-und-Tisch-Transport-600x450.jpg 600w, https:\/\/paulinenaue.info\/wp-content\/uploads\/2024\/11\/Baenke-und-Tisch-Transport-768x576.jpg 768w, https:\/\/paulinenaue.info\/wp-content\/uploads\/2024\/11\/Baenke-und-Tisch-Transport-800x600.jpg 800w, https:\/\/paulinenaue.info\/wp-content\/uploads\/2024\/11\/Baenke-und-Tisch-Transport-1024x768.jpg 1024w, https:\/\/paulinenaue.info\/wp-content\/uploads\/2024\/11\/Baenke-und-Tisch-Transport-1200x900.jpg 1200w, https:\/\/paulinenaue.info\/wp-content\/uploads\/2024\/11\/Baenke-und-Tisch-Transport-1536x1152.jpg 1536w, https:\/\/paulinenaue.info\/wp-content\/uploads\/2024\/11\/Baenke-und-Tisch-Transport.jpg 1600w\" data-sizes=\"auto\" data-orig-sizes=\"(max-width: 300px) 100vw, 300px\" \/><\/a><p id=\"caption-attachment-416961\" class=\"wp-caption-text\">Anlieferung der Einzelteile. Foto: Eberhard Schwarz<\/p><\/div>\n<div id=\"attachment_416957\" style=\"width: 310px\" class=\"wp-caption alignnone\"><a href=\"https:\/\/paulinenaue.info\/wp-content\/uploads\/2024\/11\/Baenke-und-Tisch-Aufbau.jpg\"><img decoding=\"async\" aria-describedby=\"caption-attachment-416957\" data-attachment-id=\"416957\" data-permalink=\"https:\/\/paulinenaue.info\/index.php\/von-bank-zu-bank-im-havelland\/baenke-und-tisch-aufbau\/\" data-orig-file=\"https:\/\/paulinenaue.info\/wp-content\/uploads\/2024\/11\/Baenke-und-Tisch-Aufbau.jpg\" data-orig-size=\"1600,1200\" data-comments-opened=\"1\" data-image-meta=\"{&quot;aperture&quot;:&quot;1.78&quot;,&quot;credit&quot;:&quot;&quot;,&quot;camera&quot;:&quot;iPhone 15 Pro Max&quot;,&quot;caption&quot;:&quot;&quot;,&quot;created_timestamp&quot;:&quot;1732354465&quot;,&quot;copyright&quot;:&quot;&quot;,&quot;focal_length&quot;:&quot;6.7649998656528&quot;,&quot;iso&quot;:&quot;80&quot;,&quot;shutter_speed&quot;:&quot;0.0034129692832765&quot;,&quot;title&quot;:&quot;&quot;,&quot;orientation&quot;:&quot;1&quot;}\" data-image-title=\"B\u00e4nke und Tisch Aufbau\" data-image-description=\"\" data-image-caption=\"\" data-large-file=\"https:\/\/paulinenaue.info\/wp-content\/uploads\/2024\/11\/Baenke-und-Tisch-Aufbau-1024x768.jpg\" class=\"lazyload wp-image-416957 size-medium\" src=\"https:\/\/paulinenaue.info\/wp-content\/uploads\/2024\/11\/Baenke-und-Tisch-Aufbau-300x225.jpg\" data-orig-src=\"https:\/\/paulinenaue.info\/wp-content\/uploads\/2024\/11\/Baenke-und-Tisch-Aufbau-300x225.jpg\" alt=\"W\u00e4hrend der Montage des Tisches. Alles wurde fachgerecht verschraubt. Foto: Eberhard Schwarz\" width=\"300\" height=\"225\" srcset=\"data:image\/svg+xml,%3Csvg%20xmlns%3D%27http%3A%2F%2Fwww.w3.org%2F2000%2Fsvg%27%20width%3D%27300%27%20height%3D%27225%27%20viewBox%3D%270%200%20300%20225%27%3E%3Crect%20width%3D%27300%27%20height%3D%27225%27%20fill-opacity%3D%220%22%2F%3E%3C%2Fsvg%3E\" data-srcset=\"https:\/\/paulinenaue.info\/wp-content\/uploads\/2024\/11\/Baenke-und-Tisch-Aufbau-200x150.jpg 200w, https:\/\/paulinenaue.info\/wp-content\/uploads\/2024\/11\/Baenke-und-Tisch-Aufbau-300x225.jpg 300w, https:\/\/paulinenaue.info\/wp-content\/uploads\/2024\/11\/Baenke-und-Tisch-Aufbau-400x300.jpg 400w, https:\/\/paulinenaue.info\/wp-content\/uploads\/2024\/11\/Baenke-und-Tisch-Aufbau-600x450.jpg 600w, https:\/\/paulinenaue.info\/wp-content\/uploads\/2024\/11\/Baenke-und-Tisch-Aufbau-768x576.jpg 768w, https:\/\/paulinenaue.info\/wp-content\/uploads\/2024\/11\/Baenke-und-Tisch-Aufbau-800x600.jpg 800w, https:\/\/paulinenaue.info\/wp-content\/uploads\/2024\/11\/Baenke-und-Tisch-Aufbau-1024x768.jpg 1024w, https:\/\/paulinenaue.info\/wp-content\/uploads\/2024\/11\/Baenke-und-Tisch-Aufbau-1200x900.jpg 1200w, https:\/\/paulinenaue.info\/wp-content\/uploads\/2024\/11\/Baenke-und-Tisch-Aufbau-1536x1152.jpg 1536w, https:\/\/paulinenaue.info\/wp-content\/uploads\/2024\/11\/Baenke-und-Tisch-Aufbau.jpg 1600w\" data-sizes=\"auto\" data-orig-sizes=\"(max-width: 300px) 100vw, 300px\" \/><\/a><p id=\"caption-attachment-416957\" class=\"wp-caption-text\">W\u00e4hrend der Montage des Tisches. Alles wurde fachgerecht verschraubt. Foto: Eberhard Schwarz<\/p><\/div>\n<p>Somit fand das Projekt nun seine vollst\u00e4ndige Umsetzung. Gef\u00f6rdert wurde das Projekt \u201eVon Bank zu Bank im Havelland\u201c durch das <a href=\"https:\/\/www.havelland.de\/demografie\/\">Demografie-Forum<\/a> des Landkreises Havelland. Der Paulinenauer Kulturverein als Antragsteller beteiligt sich auch finanziell mit einem Eigenanteil. Die Gemeinde hat die Kosten f\u00fcr die Herstellung der Pflasterfl\u00e4che \u00fcbernommen.<\/p>\n<p>Direkt am Havelland-Radwanderweg ist ein sch\u00f6ner Ort in Paulinenaue entstanden am dem es die M\u00f6glichkeit gibt sich auszuruhen, zu st\u00e4rken, zu plaudern oder auch einfach mal nur inne zu halten. Mit dem QR-Code auf dem Tisch ist man mit dem Mobiltelefon schnell auf der Website von Paulinenaue und kann sich \u00fcber die Geschichte und Gegenwart unseres Heimatortes informieren.<\/p>\n<div id=\"attachment_416960\" style=\"width: 310px\" class=\"wp-caption alignnone\"><a href=\"https:\/\/paulinenaue.info\/wp-content\/uploads\/2024\/11\/Baenke-und-Tisch-Sitzprobe.jpg\"><img decoding=\"async\" aria-describedby=\"caption-attachment-416960\" data-attachment-id=\"416960\" data-permalink=\"https:\/\/paulinenaue.info\/index.php\/von-bank-zu-bank-im-havelland\/baenke-und-tisch-sitzprobe\/\" data-orig-file=\"https:\/\/paulinenaue.info\/wp-content\/uploads\/2024\/11\/Baenke-und-Tisch-Sitzprobe.jpg\" data-orig-size=\"2016,1512\" data-comments-opened=\"1\" data-image-meta=\"{&quot;aperture&quot;:&quot;0&quot;,&quot;credit&quot;:&quot;&quot;,&quot;camera&quot;:&quot;&quot;,&quot;caption&quot;:&quot;&quot;,&quot;created_timestamp&quot;:&quot;0&quot;,&quot;copyright&quot;:&quot;&quot;,&quot;focal_length&quot;:&quot;0&quot;,&quot;iso&quot;:&quot;0&quot;,&quot;shutter_speed&quot;:&quot;0&quot;,&quot;title&quot;:&quot;&quot;,&quot;orientation&quot;:&quot;1&quot;}\" data-image-title=\"B\u00e4nke und Tisch Sitzprobe\" data-image-description=\"\" data-image-caption=\"\" data-large-file=\"https:\/\/paulinenaue.info\/wp-content\/uploads\/2024\/11\/Baenke-und-Tisch-Sitzprobe-1024x768.jpg\" class=\"lazyload wp-image-416960 size-medium\" src=\"https:\/\/paulinenaue.info\/wp-content\/uploads\/2024\/11\/Baenke-und-Tisch-Sitzprobe-300x225.jpg\" data-orig-src=\"https:\/\/paulinenaue.info\/wp-content\/uploads\/2024\/11\/Baenke-und-Tisch-Sitzprobe-300x225.jpg\" alt=\"Sitzprobe am fertig aufgestellen Ensemble. Foto: Eckhard Vierjahn\" width=\"300\" height=\"225\" srcset=\"data:image\/svg+xml,%3Csvg%20xmlns%3D%27http%3A%2F%2Fwww.w3.org%2F2000%2Fsvg%27%20width%3D%27300%27%20height%3D%27225%27%20viewBox%3D%270%200%20300%20225%27%3E%3Crect%20width%3D%27300%27%20height%3D%27225%27%20fill-opacity%3D%220%22%2F%3E%3C%2Fsvg%3E\" data-srcset=\"https:\/\/paulinenaue.info\/wp-content\/uploads\/2024\/11\/Baenke-und-Tisch-Sitzprobe-200x150.jpg 200w, https:\/\/paulinenaue.info\/wp-content\/uploads\/2024\/11\/Baenke-und-Tisch-Sitzprobe-300x225.jpg 300w, https:\/\/paulinenaue.info\/wp-content\/uploads\/2024\/11\/Baenke-und-Tisch-Sitzprobe-400x300.jpg 400w, https:\/\/paulinenaue.info\/wp-content\/uploads\/2024\/11\/Baenke-und-Tisch-Sitzprobe-600x450.jpg 600w, https:\/\/paulinenaue.info\/wp-content\/uploads\/2024\/11\/Baenke-und-Tisch-Sitzprobe-768x576.jpg 768w, https:\/\/paulinenaue.info\/wp-content\/uploads\/2024\/11\/Baenke-und-Tisch-Sitzprobe-800x600.jpg 800w, https:\/\/paulinenaue.info\/wp-content\/uploads\/2024\/11\/Baenke-und-Tisch-Sitzprobe-1024x768.jpg 1024w, https:\/\/paulinenaue.info\/wp-content\/uploads\/2024\/11\/Baenke-und-Tisch-Sitzprobe-1200x900.jpg 1200w, https:\/\/paulinenaue.info\/wp-content\/uploads\/2024\/11\/Baenke-und-Tisch-Sitzprobe-1536x1152.jpg 1536w\" data-sizes=\"auto\" data-orig-sizes=\"(max-width: 300px) 100vw, 300px\" \/><\/a><p id=\"caption-attachment-416960\" class=\"wp-caption-text\">Sitzprobe am fertig aufgestellen Ensemble. Foto: Eckhard Vierjahn<\/p><\/div>\n<p>Die Arbeit hat sich wirklich gelohnt und das muss auch gefeiert werden. Eine kleine Einweihungsfeier soll es am 12. Dezember 2024 ab ca. 15:30 Uhr im Rahmen des Weihnachtsmarktes der Grundschule geben.<\/p>\n<p>&nbsp;<\/p>\n","protected":false},"excerpt":{"rendered":"<p>B\u00e4nke, Tisch und Waldkauz &#8211; Holzkunstwerk vor der Schule Text: [&hellip;]<\/p>\n","protected":false},"author":3,"featured_media":416959,"comment_status":"open","ping_status":"open","sticky":false,"template":"","format":"standard","meta":{"_acf_changed":false,"_price":"","_stock":"","_tribe_ticket_header":"","_tribe_default_ticket_provider":"","_tribe_ticket_capacity":"0","_ticket_start_date":"","_ticket_end_date":"","_tribe_ticket_show_description":"","_tribe_ticket_show_not_going":false,"_tribe_ticket_use_global_stock":"","_tribe_ticket_global_stock_level":"","_global_stock_mode":"","_global_stock_cap":"","_tribe_rsvp_for_event":"","_tribe_ticket_going_count":"","_tribe_ticket_not_going_count":"","_tribe_tickets_list":"[]","_tribe_ticket_has_attendee_info_fields":false,"jetpack_post_was_ever_published":false,"_jetpack_newsletter_access":"","_jetpack_dont_email_post_to_subs":false,"_jetpack_newsletter_tier_id":0,"_jetpack_memberships_contains_paywalled_content":false,"_jetpack_memberships_contains_paid_content":false,"footnotes":"","jetpack_publicize_message":"","jetpack_publicize_feature_enabled":true,"jetpack_social_post_already_shared":true,"jetpack_social_options":{"image_generator_settings":{"template":"highway","default_image_id":0,"font":"","enabled":false},"version":2}},"categories":[1,519,439,47,9,8],"tags":[591,590,586,593,592,231,583,581],"class_list":["post-416956","post","type-post","status-publish","format-standard","has-post-thumbnail","hentry","category-allgemein","category-ehrenamt","category-gemeinde-paulinenaue","category-kulturverein","category-neuigkeiten","category-tourismus","tag-bank","tag-demografie-forum","tag-eule","tag-gemeinde-paulinenaue","tag-havelland-radwanderweg","tag-kulturverein","tag-landkreis-havelland","tag-von-bank-zu-bank-im-havelland"],"acf":[],"yoast_head":"<!-- This site is optimized with the Yoast SEO plugin v27.5 - https:\/\/yoast.com\/product\/yoast-seo-wordpress\/ -->\n<title>\u201eVon Bank zu Bank im Havelland\u201c - Paulinenaue<\/title>\n<meta name=\"robots\" content=\"index, follow, max-snippet:-1, max-image-preview:large, max-video-preview:-1\" \/>\n<link rel=\"canonical\" href=\"https:\/\/paulinenaue.info\/index.php\/von-bank-zu-bank-im-havelland\/\" \/>\n<meta property=\"og:locale\" content=\"de_DE\" \/>\n<meta property=\"og:type\" content=\"article\" \/>\n<meta property=\"og:title\" content=\"\u201eVon Bank zu Bank im Havelland\u201c - Paulinenaue\" \/>\n<meta property=\"og:description\" content=\"B\u00e4nke, Tisch und Waldkauz &#8211; Holzkunstwerk vor der Schule Text: [&hellip;]\" \/>\n<meta property=\"og:url\" content=\"https:\/\/paulinenaue.info\/index.php\/von-bank-zu-bank-im-havelland\/\" \/>\n<meta property=\"og:site_name\" content=\"Paulinenaue\" \/>\n<meta property=\"article:published_time\" content=\"2024-11-29T09:12:11+00:00\" \/>\n<meta property=\"og:image\" content=\"https:\/\/paulinenaue.info\/wp-content\/uploads\/2024\/11\/Baenke-und-Tisch-nach-Fertigstellung.jpg\" \/>\n\t<meta property=\"og:image:width\" content=\"2016\" \/>\n\t<meta property=\"og:image:height\" content=\"1512\" \/>\n\t<meta property=\"og:image:type\" content=\"image\/jpeg\" \/>\n<meta name=\"author\" content=\"Sarah\" \/>\n<meta name=\"twitter:card\" content=\"summary_large_image\" \/>\n<meta name=\"twitter:label1\" content=\"Verfasst von\" \/>\n\t<meta name=\"twitter:data1\" content=\"Sarah\" \/>\n\t<meta name=\"twitter:label2\" content=\"Gesch\u00e4tzte Lesezeit\" \/>\n\t<meta name=\"twitter:data2\" content=\"3\u00a0Minuten\" \/>\n<script type=\"application\/ld+json\" class=\"yoast-schema-graph\">{\"@context\":\"https:\\\/\\\/schema.org\",\"@graph\":[{\"@type\":\"Article\",\"@id\":\"https:\\\/\\\/paulinenaue.info\\\/index.php\\\/von-bank-zu-bank-im-havelland\\\/#article\",\"isPartOf\":{\"@id\":\"https:\\\/\\\/paulinenaue.info\\\/index.php\\\/von-bank-zu-bank-im-havelland\\\/\"},\"author\":{\"name\":\"Sarah\",\"@id\":\"https:\\\/\\\/paulinenaue.info\\\/#\\\/schema\\\/person\\\/e5be566a57b5b3f65d2c65a58c42325e\"},\"headline\":\"\u201eVon Bank zu Bank im Havelland\u201c\",\"datePublished\":\"2024-11-29T09:12:11+00:00\",\"mainEntityOfPage\":{\"@id\":\"https:\\\/\\\/paulinenaue.info\\\/index.php\\\/von-bank-zu-bank-im-havelland\\\/\"},\"wordCount\":358,\"commentCount\":0,\"image\":{\"@id\":\"https:\\\/\\\/paulinenaue.info\\\/index.php\\\/von-bank-zu-bank-im-havelland\\\/#primaryimage\"},\"thumbnailUrl\":\"https:\\\/\\\/paulinenaue.info\\\/wp-content\\\/uploads\\\/2024\\\/11\\\/Baenke-und-Tisch-nach-Fertigstellung.jpg\",\"keywords\":[\"Bank\",\"Demografie-Forum\",\"Eule\",\"Gemeinde Paulinenaue\",\"Havelland-Radwanderweg\",\"Kulturverein\",\"Landkreis Havelland\",\"Von Bank zu Bank im Havelland\"],\"articleSection\":{\"1\":\"Ehrenamt\",\"2\":\"Gemeinde Paulinenaue\",\"3\":\"Kulturverein\",\"4\":\"Neuigkeiten\",\"5\":\"Tourismus\"},\"inLanguage\":\"de\",\"potentialAction\":[{\"@type\":\"CommentAction\",\"name\":\"Comment\",\"target\":[\"https:\\\/\\\/paulinenaue.info\\\/index.php\\\/von-bank-zu-bank-im-havelland\\\/#respond\"]}]},{\"@type\":\"WebPage\",\"@id\":\"https:\\\/\\\/paulinenaue.info\\\/index.php\\\/von-bank-zu-bank-im-havelland\\\/\",\"url\":\"https:\\\/\\\/paulinenaue.info\\\/index.php\\\/von-bank-zu-bank-im-havelland\\\/\",\"name\":\"\u201eVon Bank zu Bank im Havelland\u201c - Paulinenaue\",\"isPartOf\":{\"@id\":\"https:\\\/\\\/paulinenaue.info\\\/#website\"},\"primaryImageOfPage\":{\"@id\":\"https:\\\/\\\/paulinenaue.info\\\/index.php\\\/von-bank-zu-bank-im-havelland\\\/#primaryimage\"},\"image\":{\"@id\":\"https:\\\/\\\/paulinenaue.info\\\/index.php\\\/von-bank-zu-bank-im-havelland\\\/#primaryimage\"},\"thumbnailUrl\":\"https:\\\/\\\/paulinenaue.info\\\/wp-content\\\/uploads\\\/2024\\\/11\\\/Baenke-und-Tisch-nach-Fertigstellung.jpg\",\"datePublished\":\"2024-11-29T09:12:11+00:00\",\"author\":{\"@id\":\"https:\\\/\\\/paulinenaue.info\\\/#\\\/schema\\\/person\\\/e5be566a57b5b3f65d2c65a58c42325e\"},\"breadcrumb\":{\"@id\":\"https:\\\/\\\/paulinenaue.info\\\/index.php\\\/von-bank-zu-bank-im-havelland\\\/#breadcrumb\"},\"inLanguage\":\"de\",\"potentialAction\":[{\"@type\":\"ReadAction\",\"target\":[\"https:\\\/\\\/paulinenaue.info\\\/index.php\\\/von-bank-zu-bank-im-havelland\\\/\"]}]},{\"@type\":\"ImageObject\",\"inLanguage\":\"de\",\"@id\":\"https:\\\/\\\/paulinenaue.info\\\/index.php\\\/von-bank-zu-bank-im-havelland\\\/#primaryimage\",\"url\":\"https:\\\/\\\/paulinenaue.info\\\/wp-content\\\/uploads\\\/2024\\\/11\\\/Baenke-und-Tisch-nach-Fertigstellung.jpg\",\"contentUrl\":\"https:\\\/\\\/paulinenaue.info\\\/wp-content\\\/uploads\\\/2024\\\/11\\\/Baenke-und-Tisch-nach-Fertigstellung.jpg\",\"width\":2016,\"height\":1512},{\"@type\":\"BreadcrumbList\",\"@id\":\"https:\\\/\\\/paulinenaue.info\\\/index.php\\\/von-bank-zu-bank-im-havelland\\\/#breadcrumb\",\"itemListElement\":[{\"@type\":\"ListItem\",\"position\":1,\"name\":\"Home\",\"item\":\"https:\\\/\\\/paulinenaue.info\\\/\"},{\"@type\":\"ListItem\",\"position\":2,\"name\":\"\u201eVon Bank zu Bank im Havelland\u201c\"}]},{\"@type\":\"WebSite\",\"@id\":\"https:\\\/\\\/paulinenaue.info\\\/#website\",\"url\":\"https:\\\/\\\/paulinenaue.info\\\/\",\"name\":\"Paulinenaue\",\"description\":\"Ein Dorf im Havelland\",\"potentialAction\":[{\"@type\":\"SearchAction\",\"target\":{\"@type\":\"EntryPoint\",\"urlTemplate\":\"https:\\\/\\\/paulinenaue.info\\\/?s={search_term_string}\"},\"query-input\":{\"@type\":\"PropertyValueSpecification\",\"valueRequired\":true,\"valueName\":\"search_term_string\"}}],\"inLanguage\":\"de\"},{\"@type\":\"Person\",\"@id\":\"https:\\\/\\\/paulinenaue.info\\\/#\\\/schema\\\/person\\\/e5be566a57b5b3f65d2c65a58c42325e\",\"name\":\"Sarah\",\"url\":\"https:\\\/\\\/paulinenaue.info\\\/index.php\\\/author\\\/sarah\\\/\"}]}<\/script>\n<!-- \/ Yoast SEO plugin. -->","yoast_head_json":{"title":"\u201eVon Bank zu Bank im Havelland\u201c - Paulinenaue","robots":{"index":"index","follow":"follow","max-snippet":"max-snippet:-1","max-image-preview":"max-image-preview:large","max-video-preview":"max-video-preview:-1"},"canonical":"https:\/\/paulinenaue.info\/index.php\/von-bank-zu-bank-im-havelland\/","og_locale":"de_DE","og_type":"article","og_title":"\u201eVon Bank zu Bank im Havelland\u201c - Paulinenaue","og_description":"B\u00e4nke, Tisch und Waldkauz &#8211; Holzkunstwerk vor der Schule Text: [&hellip;]","og_url":"https:\/\/paulinenaue.info\/index.php\/von-bank-zu-bank-im-havelland\/","og_site_name":"Paulinenaue","article_published_time":"2024-11-29T09:12:11+00:00","og_image":[{"width":2016,"height":1512,"url":"https:\/\/paulinenaue.info\/wp-content\/uploads\/2024\/11\/Baenke-und-Tisch-nach-Fertigstellung.jpg","type":"image\/jpeg"}],"author":"Sarah","twitter_card":"summary_large_image","twitter_misc":{"Verfasst von":"Sarah","Gesch\u00e4tzte Lesezeit":"3\u00a0Minuten"},"schema":{"@context":"https:\/\/schema.org","@graph":[{"@type":"Article","@id":"https:\/\/paulinenaue.info\/index.php\/von-bank-zu-bank-im-havelland\/#article","isPartOf":{"@id":"https:\/\/paulinenaue.info\/index.php\/von-bank-zu-bank-im-havelland\/"},"author":{"name":"Sarah","@id":"https:\/\/paulinenaue.info\/#\/schema\/person\/e5be566a57b5b3f65d2c65a58c42325e"},"headline":"\u201eVon Bank zu Bank im Havelland\u201c","datePublished":"2024-11-29T09:12:11+00:00","mainEntityOfPage":{"@id":"https:\/\/paulinenaue.info\/index.php\/von-bank-zu-bank-im-havelland\/"},"wordCount":358,"commentCount":0,"image":{"@id":"https:\/\/paulinenaue.info\/index.php\/von-bank-zu-bank-im-havelland\/#primaryimage"},"thumbnailUrl":"https:\/\/paulinenaue.info\/wp-content\/uploads\/2024\/11\/Baenke-und-Tisch-nach-Fertigstellung.jpg","keywords":["Bank","Demografie-Forum","Eule","Gemeinde Paulinenaue","Havelland-Radwanderweg","Kulturverein","Landkreis Havelland","Von Bank zu Bank im Havelland"],"articleSection":{"1":"Ehrenamt","2":"Gemeinde Paulinenaue","3":"Kulturverein","4":"Neuigkeiten","5":"Tourismus"},"inLanguage":"de","potentialAction":[{"@type":"CommentAction","name":"Comment","target":["https:\/\/paulinenaue.info\/index.php\/von-bank-zu-bank-im-havelland\/#respond"]}]},{"@type":"WebPage","@id":"https:\/\/paulinenaue.info\/index.php\/von-bank-zu-bank-im-havelland\/","url":"https:\/\/paulinenaue.info\/index.php\/von-bank-zu-bank-im-havelland\/","name":"\u201eVon Bank zu Bank im Havelland\u201c - Paulinenaue","isPartOf":{"@id":"https:\/\/paulinenaue.info\/#website"},"primaryImageOfPage":{"@id":"https:\/\/paulinenaue.info\/index.php\/von-bank-zu-bank-im-havelland\/#primaryimage"},"image":{"@id":"https:\/\/paulinenaue.info\/index.php\/von-bank-zu-bank-im-havelland\/#primaryimage"},"thumbnailUrl":"https:\/\/paulinenaue.info\/wp-content\/uploads\/2024\/11\/Baenke-und-Tisch-nach-Fertigstellung.jpg","datePublished":"2024-11-29T09:12:11+00:00","author":{"@id":"https:\/\/paulinenaue.info\/#\/schema\/person\/e5be566a57b5b3f65d2c65a58c42325e"},"breadcrumb":{"@id":"https:\/\/paulinenaue.info\/index.php\/von-bank-zu-bank-im-havelland\/#breadcrumb"},"inLanguage":"de","potentialAction":[{"@type":"ReadAction","target":["https:\/\/paulinenaue.info\/index.php\/von-bank-zu-bank-im-havelland\/"]}]},{"@type":"ImageObject","inLanguage":"de","@id":"https:\/\/paulinenaue.info\/index.php\/von-bank-zu-bank-im-havelland\/#primaryimage","url":"https:\/\/paulinenaue.info\/wp-content\/uploads\/2024\/11\/Baenke-und-Tisch-nach-Fertigstellung.jpg","contentUrl":"https:\/\/paulinenaue.info\/wp-content\/uploads\/2024\/11\/Baenke-und-Tisch-nach-Fertigstellung.jpg","width":2016,"height":1512},{"@type":"BreadcrumbList","@id":"https:\/\/paulinenaue.info\/index.php\/von-bank-zu-bank-im-havelland\/#breadcrumb","itemListElement":[{"@type":"ListItem","position":1,"name":"Home","item":"https:\/\/paulinenaue.info\/"},{"@type":"ListItem","position":2,"name":"\u201eVon Bank zu Bank im Havelland\u201c"}]},{"@type":"WebSite","@id":"https:\/\/paulinenaue.info\/#website","url":"https:\/\/paulinenaue.info\/","name":"Paulinenaue","description":"Ein Dorf im Havelland","potentialAction":[{"@type":"SearchAction","target":{"@type":"EntryPoint","urlTemplate":"https:\/\/paulinenaue.info\/?s={search_term_string}"},"query-input":{"@type":"PropertyValueSpecification","valueRequired":true,"valueName":"search_term_string"}}],"inLanguage":"de"},{"@type":"Person","@id":"https:\/\/paulinenaue.info\/#\/schema\/person\/e5be566a57b5b3f65d2c65a58c42325e","name":"Sarah","url":"https:\/\/paulinenaue.info\/index.php\/author\/sarah\/"}]}},"jetpack_publicize_connections":[],"jetpack_featured_media_url":"https:\/\/paulinenaue.info\/wp-content\/uploads\/2024\/11\/Baenke-und-Tisch-nach-Fertigstellung.jpg","jetpack_sharing_enabled":true,"jetpack_shortlink":"https:\/\/wp.me\/pcYhWA-1Kt6","jetpack-related-posts":[{"id":416941,"url":"https:\/\/paulinenaue.info\/index.php\/ein-waldkauz-sitzt-vor-der-schule\/","url_meta":{"origin":416956,"position":0},"title":"Ein Waldkauz sitzt vor der Schule","author":"Sarah","date":"16. November 2024","format":false,"excerpt":"Text: Eckhard Vierjahn Seit Sonnabend, den 09. November 2024, gegen 15:30 Uhr sitzt ein Waldkauz auf einem Baumstumpf an der Paulinenauer Grundschule. Schon Ende September wurde vor der Schule eine Fl\u00e4che gepflastert. Was passiert dort? Vielfach hatte sich bereits rumgesprochen, dass der Antrag des Paulinenauer Kulturvereins auf eine finanzielle F\u00f6rderung\u2026","rel":"","context":"In &quot;Allgemein&quot;","block_context":{"text":"Allgemein","link":"https:\/\/paulinenaue.info\/index.php\/category\/allgemein\/"},"img":{"alt_text":"","src":"https:\/\/i0.wp.com\/paulinenaue.info\/wp-content\/uploads\/2024\/11\/Eule-Waldkauz-rotated.jpg?resize=350%2C200&ssl=1","width":350,"height":200,"srcset":"https:\/\/i0.wp.com\/paulinenaue.info\/wp-content\/uploads\/2024\/11\/Eule-Waldkauz-rotated.jpg?resize=350%2C200&ssl=1 1x, https:\/\/i0.wp.com\/paulinenaue.info\/wp-content\/uploads\/2024\/11\/Eule-Waldkauz-rotated.jpg?resize=525%2C300&ssl=1 1.5x, https:\/\/i0.wp.com\/paulinenaue.info\/wp-content\/uploads\/2024\/11\/Eule-Waldkauz-rotated.jpg?resize=700%2C400&ssl=1 2x, https:\/\/i0.wp.com\/paulinenaue.info\/wp-content\/uploads\/2024\/11\/Eule-Waldkauz-rotated.jpg?resize=1050%2C600&ssl=1 3x, https:\/\/i0.wp.com\/paulinenaue.info\/wp-content\/uploads\/2024\/11\/Eule-Waldkauz-rotated.jpg?resize=1400%2C800&ssl=1 4x"},"classes":[]},{"id":417901,"url":"https:\/\/paulinenaue.info\/index.php\/havelland\/","url_meta":{"origin":416956,"position":1},"title":"\u201eVon Bank zu Bank im Havelland\u201c \u2013 3. Netzwerktour im westlichen Havelland","author":"Joachim Scholz","date":"23. Mai 2025","format":false,"excerpt":"\u00dcber 20 Interessierte und Engagierte aus dem Havelland machten sich am 15.5.2025 wieder einmal auf den Weg, neue Bankstandorte im westlichen Havelland kennenzulernen. In diesem Jahr f\u00fchrte die Tour von Paulinenaue \u00fcber Rhinow nach Friesack. Alle drei Standorte freuen sich \u00fcber eine oder mehrere ganz besondere B\u00e4nke, manche sogar mit\u2026","rel":"","context":"In &quot;Ehrenamt&quot;","block_context":{"text":"Ehrenamt","link":"https:\/\/paulinenaue.info\/index.php\/category\/ehrenamt\/"},"img":{"alt_text":"","src":"https:\/\/i0.wp.com\/paulinenaue.info\/wp-content\/uploads\/2025\/05\/2025-05-15-Paulinenaue-Bank-01.jpg?resize=350%2C200&ssl=1","width":350,"height":200,"srcset":"https:\/\/i0.wp.com\/paulinenaue.info\/wp-content\/uploads\/2025\/05\/2025-05-15-Paulinenaue-Bank-01.jpg?resize=350%2C200&ssl=1 1x, https:\/\/i0.wp.com\/paulinenaue.info\/wp-content\/uploads\/2025\/05\/2025-05-15-Paulinenaue-Bank-01.jpg?resize=525%2C300&ssl=1 1.5x, https:\/\/i0.wp.com\/paulinenaue.info\/wp-content\/uploads\/2025\/05\/2025-05-15-Paulinenaue-Bank-01.jpg?resize=700%2C400&ssl=1 2x"},"classes":[]},{"id":416597,"url":"https:\/\/paulinenaue.info\/index.php\/radio-1006-fluxfm-in-paulinenaue\/","url_meta":{"origin":416956,"position":2},"title":"Radio 100,6 FluxFM in Paulinenaue","author":"Sarah","date":"28. Juni 2024","format":false,"excerpt":"Text: Eckhard Vierjahn, Sarah Vierjahn Worum geht es? Der Radiosender 100,6 FluxFM erarbeitet zurzeit einen Podcast mit dem Titel \"Havelland und Leute\", der sich damit besch\u00e4ftigt, die Menschen im Havelland bewegt und wor\u00fcber sie zufrieden und unzufrieden sind. Daf\u00fcr fahren die ReporterInnen in mehreren Etappen den Havelland-Radweg ab und machen\u2026","rel":"","context":"In &quot;Allgemein&quot;","block_context":{"text":"Allgemein","link":"https:\/\/paulinenaue.info\/index.php\/category\/allgemein\/"},"img":{"alt_text":"","src":"https:\/\/i0.wp.com\/paulinenaue.info\/wp-content\/uploads\/2024\/06\/Interview-Alber-Vierjahn-scaled.jpg?resize=350%2C200&ssl=1","width":350,"height":200,"srcset":"https:\/\/i0.wp.com\/paulinenaue.info\/wp-content\/uploads\/2024\/06\/Interview-Alber-Vierjahn-scaled.jpg?resize=350%2C200&ssl=1 1x, https:\/\/i0.wp.com\/paulinenaue.info\/wp-content\/uploads\/2024\/06\/Interview-Alber-Vierjahn-scaled.jpg?resize=525%2C300&ssl=1 1.5x, https:\/\/i0.wp.com\/paulinenaue.info\/wp-content\/uploads\/2024\/06\/Interview-Alber-Vierjahn-scaled.jpg?resize=700%2C400&ssl=1 2x, https:\/\/i0.wp.com\/paulinenaue.info\/wp-content\/uploads\/2024\/06\/Interview-Alber-Vierjahn-scaled.jpg?resize=1050%2C600&ssl=1 3x, https:\/\/i0.wp.com\/paulinenaue.info\/wp-content\/uploads\/2024\/06\/Interview-Alber-Vierjahn-scaled.jpg?resize=1400%2C800&ssl=1 4x"},"classes":[]},{"id":416102,"url":"https:\/\/paulinenaue.info\/index.php\/kulturverein-zur-kommunalwahl-2024\/","url_meta":{"origin":416956,"position":3},"title":"Kulturverein zur Kommunalwahl 2024","author":"Joachim Scholz","date":"15. M\u00e4rz 2024","format":false,"excerpt":"Die Kandidaten des Kulturvereins stellen sich vor Der Paulinenauer Kulturverein pflegt mit Veranstaltungen wie dem Weihnachtsmarkt, dem Tag des offenen Denkmals oder dem Kunstfestival \u201eSchnelle Vorbeifahrten\u201c das gemeinschaftliche Leben in Paulinenaue. Unser Verein bewahrt die Geschichte des Ortes und h\u00e4lt sie auf der Internetseite www.paulinenaue.info lebendig. Besonders am Herzen liegt\u2026","rel":"","context":"In &quot;Allgemein&quot;","block_context":{"text":"Allgemein","link":"https:\/\/paulinenaue.info\/index.php\/category\/allgemein\/"},"img":{"alt_text":"","src":"https:\/\/i0.wp.com\/paulinenaue.info\/wp-content\/uploads\/2024\/03\/Kandidaten-Kulturverein-2024.jpeg?resize=350%2C200&ssl=1","width":350,"height":200,"srcset":"https:\/\/i0.wp.com\/paulinenaue.info\/wp-content\/uploads\/2024\/03\/Kandidaten-Kulturverein-2024.jpeg?resize=350%2C200&ssl=1 1x, https:\/\/i0.wp.com\/paulinenaue.info\/wp-content\/uploads\/2024\/03\/Kandidaten-Kulturverein-2024.jpeg?resize=525%2C300&ssl=1 1.5x, https:\/\/i0.wp.com\/paulinenaue.info\/wp-content\/uploads\/2024\/03\/Kandidaten-Kulturverein-2024.jpeg?resize=700%2C400&ssl=1 2x"},"classes":[]},{"id":418667,"url":"https:\/\/paulinenaue.info\/index.php\/selbelanger-kirchbaenke\/","url_meta":{"origin":416956,"position":4},"title":"Einweihung der Selbelanger Kirchb\u00e4nke","author":"Joachim Scholz","date":"3. Dezember 2025","format":false,"excerpt":"30.11.2025. In unmittelbarer N\u00e4he zur sp\u00e4tgotischen Kirche St. Nikolai Selbelang, unter einem Schatten spendenden Ahornbaum, stehen seit September 2025 zwei schmucke h\u00f6lzerne B\u00e4nke und ein Tisch. Der Tisch tr\u00e4gt ein Wappen, das ein Motiv der Wetterfahne der Selbelanger Dorfkirche aufnimmt. Man erkennt darauf einen Pelikan mit seinen Jungen: ein Sinnbild\u2026","rel":"","context":"In &quot;Dorfentwicklung&quot;","block_context":{"text":"Dorfentwicklung","link":"https:\/\/paulinenaue.info\/index.php\/category\/dorfentwicklung\/"},"img":{"alt_text":"","src":"https:\/\/i0.wp.com\/paulinenaue.info\/wp-content\/uploads\/2025\/12\/2025-11-30-Bankeinweihung.jpg?resize=350%2C200&ssl=1","width":350,"height":200,"srcset":"https:\/\/i0.wp.com\/paulinenaue.info\/wp-content\/uploads\/2025\/12\/2025-11-30-Bankeinweihung.jpg?resize=350%2C200&ssl=1 1x, https:\/\/i0.wp.com\/paulinenaue.info\/wp-content\/uploads\/2025\/12\/2025-11-30-Bankeinweihung.jpg?resize=525%2C300&ssl=1 1.5x, https:\/\/i0.wp.com\/paulinenaue.info\/wp-content\/uploads\/2025\/12\/2025-11-30-Bankeinweihung.jpg?resize=700%2C400&ssl=1 2x, https:\/\/i0.wp.com\/paulinenaue.info\/wp-content\/uploads\/2025\/12\/2025-11-30-Bankeinweihung.jpg?resize=1050%2C600&ssl=1 3x, https:\/\/i0.wp.com\/paulinenaue.info\/wp-content\/uploads\/2025\/12\/2025-11-30-Bankeinweihung.jpg?resize=1400%2C800&ssl=1 4x"},"classes":[]},{"id":416663,"url":"https:\/\/paulinenaue.info\/index.php\/podcastfolge-havelland-und-leute-von-fluxfm\/","url_meta":{"origin":416956,"position":5},"title":"Podcastfolge \u201eHavelland und Leute\u201c von FluxFM","author":"Sarah","date":"23. Juli 2024","format":false,"excerpt":"Wie wir bereits im Artikel zuvor berichtet haben, war der Radiosender FluxFM auf seiner Tour durch das Havelland auch in Paulinenaue und hat Eckhard Vierjahn vom Kulturverein interviewt. Vor allem die Ergebnisse der Europa- und Kommunalwahlen wurden thematisiert. Was f\u00fchrte zu den hohen Stimmzahlen f\u00fcr die AfD und was w\u00fcnschen\u2026","rel":"","context":"In &quot;Allgemein&quot;","block_context":{"text":"Allgemein","link":"https:\/\/paulinenaue.info\/index.php\/category\/allgemein\/"},"img":{"alt_text":"","src":"https:\/\/i0.wp.com\/paulinenaue.info\/wp-content\/uploads\/2024\/06\/d15be09c-e32d-4347-bde9-52674e351cbc_1718886088.webp.webp?resize=350%2C200&ssl=1","width":350,"height":200,"srcset":"https:\/\/i0.wp.com\/paulinenaue.info\/wp-content\/uploads\/2024\/06\/d15be09c-e32d-4347-bde9-52674e351cbc_1718886088.webp.webp?resize=350%2C200&ssl=1 1x, https:\/\/i0.wp.com\/paulinenaue.info\/wp-content\/uploads\/2024\/06\/d15be09c-e32d-4347-bde9-52674e351cbc_1718886088.webp.webp?resize=525%2C300&ssl=1 1.5x, https:\/\/i0.wp.com\/paulinenaue.info\/wp-content\/uploads\/2024\/06\/d15be09c-e32d-4347-bde9-52674e351cbc_1718886088.webp.webp?resize=700%2C400&ssl=1 2x, https:\/\/i0.wp.com\/paulinenaue.info\/wp-content\/uploads\/2024\/06\/d15be09c-e32d-4347-bde9-52674e351cbc_1718886088.webp.webp?resize=1050%2C600&ssl=1 3x, https:\/\/i0.wp.com\/paulinenaue.info\/wp-content\/uploads\/2024\/06\/d15be09c-e32d-4347-bde9-52674e351cbc_1718886088.webp.webp?resize=1400%2C800&ssl=1 4x"},"classes":[]}],"_links":{"self":[{"href":"https:\/\/paulinenaue.info\/index.php\/wp-json\/wp\/v2\/posts\/416956","targetHints":{"allow":["GET"]}}],"collection":[{"href":"https:\/\/paulinenaue.info\/index.php\/wp-json\/wp\/v2\/posts"}],"about":[{"href":"https:\/\/paulinenaue.info\/index.php\/wp-json\/wp\/v2\/types\/post"}],"author":[{"embeddable":true,"href":"https:\/\/paulinenaue.info\/index.php\/wp-json\/wp\/v2\/users\/3"}],"replies":[{"embeddable":true,"href":"https:\/\/paulinenaue.info\/index.php\/wp-json\/wp\/v2\/comments?post=416956"}],"version-history":[{"count":6,"href":"https:\/\/paulinenaue.info\/index.php\/wp-json\/wp\/v2\/posts\/416956\/revisions"}],"predecessor-version":[{"id":416967,"href":"https:\/\/paulinenaue.info\/index.php\/wp-json\/wp\/v2\/posts\/416956\/revisions\/416967"}],"wp:featuredmedia":[{"embeddable":true,"href":"https:\/\/paulinenaue.info\/index.php\/wp-json\/wp\/v2\/media\/416959"}],"wp:attachment":[{"href":"https:\/\/paulinenaue.info\/index.php\/wp-json\/wp\/v2\/media?parent=416956"}],"wp:term":[{"taxonomy":"category","embeddable":true,"href":"https:\/\/paulinenaue.info\/index.php\/wp-json\/wp\/v2\/categories?post=416956"},{"taxonomy":"post_tag","embeddable":true,"href":"https:\/\/paulinenaue.info\/index.php\/wp-json\/wp\/v2\/tags?post=416956"}],"curies":[{"name":"wp","href":"https:\/\/api.w.org\/{rel}","templated":true}]}}