{"id":417135,"date":"2024-12-15T15:50:13","date_gmt":"2024-12-15T14:50:13","guid":{"rendered":"https:\/\/paulinenaue.info\/?p=417135"},"modified":"2024-12-16T21:16:41","modified_gmt":"2024-12-16T20:16:41","slug":"ein-blick-in-die-fast-fertig-sanierte-kirche","status":"publish","type":"post","link":"https:\/\/paulinenaue.info\/index.php\/ein-blick-in-die-fast-fertig-sanierte-kirche\/","title":{"rendered":"Ein Blick in die fast fertig sanierte Kirche"},"content":{"rendered":"<p>Nicht nur in Paulinenauer Kinderherzen w\u00e4chst gerade die vorweihnachtliche Spannung. Sie zeigt sich auch in emsigen Vorbereitungen an einem Geb\u00e4ude, das am Heiligen Abend eine besondere Rolle spielen soll. Die Sanierung der Paulinenauer Dorfkirche steht unmittelbar vor dem Abschluss und wenn alles wie geplant abl\u00e4uft, dann wird der Gottesdienst am 24. Dezember um 16.00 Uhr bereits in der Kirche gefeiert werden k\u00f6nnen. In den letzten Tagen ist noch einmal t\u00fcchtig gepinselt, gewerkelt und geputzt worden. Am kommenden Dienstag dann sollen Tische und St\u00fchle geliefert werden. Eberhard Schwarz hat am Ende dieser Woche mehrfach einen Blick in die Kirche werfen k\u00f6nnen \u2013\u00a0unter anderem stand er dem Restaurator beim Orgelstimmen zur Seite \u2013\u00a0und hat einige Eindr\u00fccke f\u00fcr die Website \u00fcbermittelt. Pfarrer Michael Jurk und seine Frau Linda richten ihren Dank an alle diejenigen, die am gestrigen Samstagvormittag, den 14. Dezember, die Kirche vor der M\u00f6bellieferung noch einmal gr\u00fcndlich geputzt haben.<\/p>\n<div id=\"attachment_417137\" style=\"width: 810px\" class=\"wp-caption alignnone\"><a href=\"https:\/\/paulinenaue.info\/wp-content\/uploads\/2024\/12\/2024-12-14_11-29-28.jpg\"><img decoding=\"async\" aria-describedby=\"caption-attachment-417137\" data-attachment-id=\"417137\" data-permalink=\"https:\/\/paulinenaue.info\/index.php\/ein-blick-in-die-fast-fertig-sanierte-kirche\/2024-12-14_11-29-28\/\" data-orig-file=\"https:\/\/paulinenaue.info\/wp-content\/uploads\/2024\/12\/2024-12-14_11-29-28.jpg\" data-orig-size=\"1920,1440\" data-comments-opened=\"1\" data-image-meta=\"{&quot;aperture&quot;:&quot;2.2&quot;,&quot;credit&quot;:&quot;&quot;,&quot;camera&quot;:&quot;iPhone 15 Pro Max&quot;,&quot;caption&quot;:&quot;&quot;,&quot;created_timestamp&quot;:&quot;1734175768&quot;,&quot;copyright&quot;:&quot;&quot;,&quot;focal_length&quot;:&quot;2.2200000286119&quot;,&quot;iso&quot;:&quot;640&quot;,&quot;shutter_speed&quot;:&quot;0.02&quot;,&quot;title&quot;:&quot;&quot;,&quot;orientation&quot;:&quot;1&quot;}\" data-image-title=\"2024-12-14_11-29-28=\" data-image-description=\"\" data-image-caption=\"\" data-large-file=\"https:\/\/paulinenaue.info\/wp-content\/uploads\/2024\/12\/2024-12-14_11-29-28-1024x768.jpg\" class=\"lazyload wp-image-417137 size-fusion-800\" src=\"https:\/\/paulinenaue.info\/wp-content\/uploads\/2024\/12\/2024-12-14_11-29-28-800x600.jpg\" data-orig-src=\"https:\/\/paulinenaue.info\/wp-content\/uploads\/2024\/12\/2024-12-14_11-29-28-800x600.jpg\" alt=\"\" width=\"800\" height=\"600\" srcset=\"data:image\/svg+xml,%3Csvg%20xmlns%3D%27http%3A%2F%2Fwww.w3.org%2F2000%2Fsvg%27%20width%3D%27800%27%20height%3D%27600%27%20viewBox%3D%270%200%20800%20600%27%3E%3Crect%20width%3D%27800%27%20height%3D%27600%27%20fill-opacity%3D%220%22%2F%3E%3C%2Fsvg%3E\" data-srcset=\"https:\/\/paulinenaue.info\/wp-content\/uploads\/2024\/12\/2024-12-14_11-29-28-200x150.jpg 200w, https:\/\/paulinenaue.info\/wp-content\/uploads\/2024\/12\/2024-12-14_11-29-28-300x225.jpg 300w, https:\/\/paulinenaue.info\/wp-content\/uploads\/2024\/12\/2024-12-14_11-29-28-400x300.jpg 400w, https:\/\/paulinenaue.info\/wp-content\/uploads\/2024\/12\/2024-12-14_11-29-28-600x450.jpg 600w, https:\/\/paulinenaue.info\/wp-content\/uploads\/2024\/12\/2024-12-14_11-29-28-768x576.jpg 768w, https:\/\/paulinenaue.info\/wp-content\/uploads\/2024\/12\/2024-12-14_11-29-28-800x600.jpg 800w, https:\/\/paulinenaue.info\/wp-content\/uploads\/2024\/12\/2024-12-14_11-29-28-1024x768.jpg 1024w, https:\/\/paulinenaue.info\/wp-content\/uploads\/2024\/12\/2024-12-14_11-29-28-1200x900.jpg 1200w, https:\/\/paulinenaue.info\/wp-content\/uploads\/2024\/12\/2024-12-14_11-29-28-1536x1152.jpg 1536w, https:\/\/paulinenaue.info\/wp-content\/uploads\/2024\/12\/2024-12-14_11-29-28.jpg 1920w\" data-sizes=\"auto\" data-orig-sizes=\"(max-width: 800px) 100vw, 800px\" \/><\/a><p id=\"caption-attachment-417137\" class=\"wp-caption-text\"><em>Im ger\u00e4umigen Innenraum werden neben B\u00e4nken bald auch Tische und St\u00fchle stehen. Foto: E. Schwarz, 2024.<\/em><\/p><\/div>\n<div id=\"attachment_417138\" style=\"width: 810px\" class=\"wp-caption alignnone\"><a href=\"https:\/\/paulinenaue.info\/wp-content\/uploads\/2024\/12\/2024-12-14_10-26-18.jpg\"><img decoding=\"async\" aria-describedby=\"caption-attachment-417138\" data-attachment-id=\"417138\" data-permalink=\"https:\/\/paulinenaue.info\/index.php\/ein-blick-in-die-fast-fertig-sanierte-kirche\/2024-12-14_10-26-18\/\" data-orig-file=\"https:\/\/paulinenaue.info\/wp-content\/uploads\/2024\/12\/2024-12-14_10-26-18.jpg\" data-orig-size=\"1920,1440\" data-comments-opened=\"1\" data-image-meta=\"{&quot;aperture&quot;:&quot;1.78&quot;,&quot;credit&quot;:&quot;&quot;,&quot;camera&quot;:&quot;iPhone 15 Pro Max&quot;,&quot;caption&quot;:&quot;&quot;,&quot;created_timestamp&quot;:&quot;1734171978&quot;,&quot;copyright&quot;:&quot;&quot;,&quot;focal_length&quot;:&quot;6.7649998656528&quot;,&quot;iso&quot;:&quot;125&quot;,&quot;shutter_speed&quot;:&quot;0.0082644628099174&quot;,&quot;title&quot;:&quot;&quot;,&quot;orientation&quot;:&quot;1&quot;}\" data-image-title=\"2024-12-14_10-26-18=\" data-image-description=\"\" data-image-caption=\"\" data-large-file=\"https:\/\/paulinenaue.info\/wp-content\/uploads\/2024\/12\/2024-12-14_10-26-18-1024x768.jpg\" class=\"lazyload wp-image-417138 size-fusion-800\" src=\"https:\/\/paulinenaue.info\/wp-content\/uploads\/2024\/12\/2024-12-14_10-26-18-800x600.jpg\" data-orig-src=\"https:\/\/paulinenaue.info\/wp-content\/uploads\/2024\/12\/2024-12-14_10-26-18-800x600.jpg\" alt=\"\" width=\"800\" height=\"600\" srcset=\"data:image\/svg+xml,%3Csvg%20xmlns%3D%27http%3A%2F%2Fwww.w3.org%2F2000%2Fsvg%27%20width%3D%27800%27%20height%3D%27600%27%20viewBox%3D%270%200%20800%20600%27%3E%3Crect%20width%3D%27800%27%20height%3D%27600%27%20fill-opacity%3D%220%22%2F%3E%3C%2Fsvg%3E\" data-srcset=\"https:\/\/paulinenaue.info\/wp-content\/uploads\/2024\/12\/2024-12-14_10-26-18-200x150.jpg 200w, https:\/\/paulinenaue.info\/wp-content\/uploads\/2024\/12\/2024-12-14_10-26-18-300x225.jpg 300w, https:\/\/paulinenaue.info\/wp-content\/uploads\/2024\/12\/2024-12-14_10-26-18-400x300.jpg 400w, https:\/\/paulinenaue.info\/wp-content\/uploads\/2024\/12\/2024-12-14_10-26-18-600x450.jpg 600w, https:\/\/paulinenaue.info\/wp-content\/uploads\/2024\/12\/2024-12-14_10-26-18-768x576.jpg 768w, https:\/\/paulinenaue.info\/wp-content\/uploads\/2024\/12\/2024-12-14_10-26-18-800x600.jpg 800w, https:\/\/paulinenaue.info\/wp-content\/uploads\/2024\/12\/2024-12-14_10-26-18-1024x768.jpg 1024w, https:\/\/paulinenaue.info\/wp-content\/uploads\/2024\/12\/2024-12-14_10-26-18-1200x900.jpg 1200w, https:\/\/paulinenaue.info\/wp-content\/uploads\/2024\/12\/2024-12-14_10-26-18-1536x1152.jpg 1536w, https:\/\/paulinenaue.info\/wp-content\/uploads\/2024\/12\/2024-12-14_10-26-18.jpg 1920w\" data-sizes=\"auto\" data-orig-sizes=\"(max-width: 800px) 100vw, 800px\" \/><\/a><p id=\"caption-attachment-417138\" class=\"wp-caption-text\"><em>An den Vorbereitungen f\u00fcr die Er\u00f6ffnung beteiligen sich nicht nur Firmen, sondern auch viele freiwillige Helferinnen und Helfer. Dar\u00fcber freut sich Pfarrer Michael Jurk sehr. Foto: E. Schwarz, 2024.<\/em><\/p><\/div>\n<div class=\"mceTemp\"><\/div>\n<div id=\"attachment_417140\" style=\"width: 810px\" class=\"wp-caption alignnone\"><a href=\"https:\/\/paulinenaue.info\/wp-content\/uploads\/2024\/12\/2024-12-13_10-27-34-1.jpg\"><img decoding=\"async\" aria-describedby=\"caption-attachment-417140\" data-attachment-id=\"417140\" data-permalink=\"https:\/\/paulinenaue.info\/index.php\/ein-blick-in-die-fast-fertig-sanierte-kirche\/2024-12-13_10-27-34-1\/\" data-orig-file=\"https:\/\/paulinenaue.info\/wp-content\/uploads\/2024\/12\/2024-12-13_10-27-34-1.jpg\" data-orig-size=\"1920,1440\" data-comments-opened=\"1\" data-image-meta=\"{&quot;aperture&quot;:&quot;1.78&quot;,&quot;credit&quot;:&quot;&quot;,&quot;camera&quot;:&quot;iPhone 15 Pro Max&quot;,&quot;caption&quot;:&quot;&quot;,&quot;created_timestamp&quot;:&quot;1734085654&quot;,&quot;copyright&quot;:&quot;&quot;,&quot;focal_length&quot;:&quot;6.7649998656528&quot;,&quot;iso&quot;:&quot;80&quot;,&quot;shutter_speed&quot;:&quot;0.01&quot;,&quot;title&quot;:&quot;&quot;,&quot;orientation&quot;:&quot;1&quot;}\" data-image-title=\"2024-12-13_10-27-34-1\" data-image-description=\"\" data-image-caption=\"\" data-large-file=\"https:\/\/paulinenaue.info\/wp-content\/uploads\/2024\/12\/2024-12-13_10-27-34-1-1024x768.jpg\" class=\"lazyload wp-image-417140 size-fusion-800\" src=\"https:\/\/paulinenaue.info\/wp-content\/uploads\/2024\/12\/2024-12-13_10-27-34-1-800x600.jpg\" data-orig-src=\"https:\/\/paulinenaue.info\/wp-content\/uploads\/2024\/12\/2024-12-13_10-27-34-1-800x600.jpg\" alt=\"\" width=\"800\" height=\"600\" srcset=\"data:image\/svg+xml,%3Csvg%20xmlns%3D%27http%3A%2F%2Fwww.w3.org%2F2000%2Fsvg%27%20width%3D%27800%27%20height%3D%27600%27%20viewBox%3D%270%200%20800%20600%27%3E%3Crect%20width%3D%27800%27%20height%3D%27600%27%20fill-opacity%3D%220%22%2F%3E%3C%2Fsvg%3E\" data-srcset=\"https:\/\/paulinenaue.info\/wp-content\/uploads\/2024\/12\/2024-12-13_10-27-34-1-200x150.jpg 200w, https:\/\/paulinenaue.info\/wp-content\/uploads\/2024\/12\/2024-12-13_10-27-34-1-300x225.jpg 300w, https:\/\/paulinenaue.info\/wp-content\/uploads\/2024\/12\/2024-12-13_10-27-34-1-400x300.jpg 400w, https:\/\/paulinenaue.info\/wp-content\/uploads\/2024\/12\/2024-12-13_10-27-34-1-600x450.jpg 600w, https:\/\/paulinenaue.info\/wp-content\/uploads\/2024\/12\/2024-12-13_10-27-34-1-768x576.jpg 768w, https:\/\/paulinenaue.info\/wp-content\/uploads\/2024\/12\/2024-12-13_10-27-34-1-800x600.jpg 800w, https:\/\/paulinenaue.info\/wp-content\/uploads\/2024\/12\/2024-12-13_10-27-34-1-1024x768.jpg 1024w, https:\/\/paulinenaue.info\/wp-content\/uploads\/2024\/12\/2024-12-13_10-27-34-1-1200x900.jpg 1200w, https:\/\/paulinenaue.info\/wp-content\/uploads\/2024\/12\/2024-12-13_10-27-34-1-1536x1152.jpg 1536w, https:\/\/paulinenaue.info\/wp-content\/uploads\/2024\/12\/2024-12-13_10-27-34-1.jpg 1920w\" data-sizes=\"auto\" data-orig-sizes=\"(max-width: 800px) 100vw, 800px\" \/><\/a><p id=\"caption-attachment-417140\" class=\"wp-caption-text\"><em>Blick zum Altarraum in neuer Ausmalung. Foto: E. Schwarz, 2024.<\/em><\/p><\/div>\n<div id=\"attachment_417141\" style=\"width: 810px\" class=\"wp-caption alignnone\"><a href=\"https:\/\/paulinenaue.info\/wp-content\/uploads\/2024\/12\/2024-12-13_10-25-44-1.jpg\"><img decoding=\"async\" aria-describedby=\"caption-attachment-417141\" data-attachment-id=\"417141\" data-permalink=\"https:\/\/paulinenaue.info\/index.php\/ein-blick-in-die-fast-fertig-sanierte-kirche\/2024-12-13_10-25-44-1\/\" data-orig-file=\"https:\/\/paulinenaue.info\/wp-content\/uploads\/2024\/12\/2024-12-13_10-25-44-1.jpg\" data-orig-size=\"1920,1440\" data-comments-opened=\"1\" data-image-meta=\"{&quot;aperture&quot;:&quot;1.78&quot;,&quot;credit&quot;:&quot;&quot;,&quot;camera&quot;:&quot;iPhone 15 Pro Max&quot;,&quot;caption&quot;:&quot;&quot;,&quot;created_timestamp&quot;:&quot;1734085544&quot;,&quot;copyright&quot;:&quot;&quot;,&quot;focal_length&quot;:&quot;6.7649998656528&quot;,&quot;iso&quot;:&quot;50&quot;,&quot;shutter_speed&quot;:&quot;0.01&quot;,&quot;title&quot;:&quot;&quot;,&quot;orientation&quot;:&quot;1&quot;}\" data-image-title=\"2024-12-13_10-25-44-1\" data-image-description=\"\" data-image-caption=\"&lt;p&gt;Die Kirche wird nach der Sanierung multifunktional genutzt werden k\u00f6nnen. Die K\u00fcche. Foto: E. Schwarz, 2024.&lt;\/p&gt;\n\" data-large-file=\"https:\/\/paulinenaue.info\/wp-content\/uploads\/2024\/12\/2024-12-13_10-25-44-1-1024x768.jpg\" class=\"lazyload wp-image-417141 size-fusion-800\" src=\"https:\/\/paulinenaue.info\/wp-content\/uploads\/2024\/12\/2024-12-13_10-25-44-1-800x600.jpg\" data-orig-src=\"https:\/\/paulinenaue.info\/wp-content\/uploads\/2024\/12\/2024-12-13_10-25-44-1-800x600.jpg\" alt=\"\" width=\"800\" height=\"600\" srcset=\"data:image\/svg+xml,%3Csvg%20xmlns%3D%27http%3A%2F%2Fwww.w3.org%2F2000%2Fsvg%27%20width%3D%27800%27%20height%3D%27600%27%20viewBox%3D%270%200%20800%20600%27%3E%3Crect%20width%3D%27800%27%20height%3D%27600%27%20fill-opacity%3D%220%22%2F%3E%3C%2Fsvg%3E\" data-srcset=\"https:\/\/paulinenaue.info\/wp-content\/uploads\/2024\/12\/2024-12-13_10-25-44-1-200x150.jpg 200w, https:\/\/paulinenaue.info\/wp-content\/uploads\/2024\/12\/2024-12-13_10-25-44-1-300x225.jpg 300w, https:\/\/paulinenaue.info\/wp-content\/uploads\/2024\/12\/2024-12-13_10-25-44-1-400x300.jpg 400w, https:\/\/paulinenaue.info\/wp-content\/uploads\/2024\/12\/2024-12-13_10-25-44-1-600x450.jpg 600w, https:\/\/paulinenaue.info\/wp-content\/uploads\/2024\/12\/2024-12-13_10-25-44-1-768x576.jpg 768w, https:\/\/paulinenaue.info\/wp-content\/uploads\/2024\/12\/2024-12-13_10-25-44-1-800x600.jpg 800w, https:\/\/paulinenaue.info\/wp-content\/uploads\/2024\/12\/2024-12-13_10-25-44-1-1024x768.jpg 1024w, https:\/\/paulinenaue.info\/wp-content\/uploads\/2024\/12\/2024-12-13_10-25-44-1-1200x900.jpg 1200w, https:\/\/paulinenaue.info\/wp-content\/uploads\/2024\/12\/2024-12-13_10-25-44-1-1536x1152.jpg 1536w, https:\/\/paulinenaue.info\/wp-content\/uploads\/2024\/12\/2024-12-13_10-25-44-1.jpg 1920w\" data-sizes=\"auto\" data-orig-sizes=\"(max-width: 800px) 100vw, 800px\" \/><\/a><p id=\"caption-attachment-417141\" class=\"wp-caption-text\"><em>Die Kirche wird nach der Sanierung multifunktional genutzt werden k\u00f6nnen. Die K\u00fcche. Foto: E. Schwarz, 2024.<\/em><\/p><\/div>\n<div id=\"attachment_417146\" style=\"width: 810px\" class=\"wp-caption alignnone\"><a href=\"https:\/\/paulinenaue.info\/wp-content\/uploads\/2024\/12\/2024-12-14_10-29-45.jpg\"><img decoding=\"async\" aria-describedby=\"caption-attachment-417146\" data-attachment-id=\"417146\" data-permalink=\"https:\/\/paulinenaue.info\/index.php\/ein-blick-in-die-fast-fertig-sanierte-kirche\/2024-12-14_10-29-45\/\" data-orig-file=\"https:\/\/paulinenaue.info\/wp-content\/uploads\/2024\/12\/2024-12-14_10-29-45-e1734266788380.jpg\" data-orig-size=\"1654,995\" data-comments-opened=\"1\" data-image-meta=\"{&quot;aperture&quot;:&quot;2.2&quot;,&quot;credit&quot;:&quot;&quot;,&quot;camera&quot;:&quot;iPhone 15 Pro Max&quot;,&quot;caption&quot;:&quot;&quot;,&quot;created_timestamp&quot;:&quot;1734172185&quot;,&quot;copyright&quot;:&quot;&quot;,&quot;focal_length&quot;:&quot;2.2200000286119&quot;,&quot;iso&quot;:&quot;640&quot;,&quot;shutter_speed&quot;:&quot;0.02&quot;,&quot;title&quot;:&quot;&quot;,&quot;orientation&quot;:&quot;1&quot;}\" data-image-title=\"2024-12-14_10-29-45=\" data-image-description=\"\" data-image-caption=\"\" data-large-file=\"https:\/\/paulinenaue.info\/wp-content\/uploads\/2024\/12\/2024-12-14_10-29-45-e1734266788380-1024x616.jpg\" class=\"lazyload wp-image-417146 size-fusion-800\" src=\"https:\/\/paulinenaue.info\/wp-content\/uploads\/2024\/12\/2024-12-14_10-29-45-e1734266788380-800x481.jpg\" data-orig-src=\"https:\/\/paulinenaue.info\/wp-content\/uploads\/2024\/12\/2024-12-14_10-29-45-e1734266788380-800x481.jpg\" alt=\"\" width=\"800\" height=\"481\" srcset=\"data:image\/svg+xml,%3Csvg%20xmlns%3D%27http%3A%2F%2Fwww.w3.org%2F2000%2Fsvg%27%20width%3D%27800%27%20height%3D%27481%27%20viewBox%3D%270%200%20800%20481%27%3E%3Crect%20width%3D%27800%27%20height%3D%27481%27%20fill-opacity%3D%220%22%2F%3E%3C%2Fsvg%3E\" data-srcset=\"https:\/\/paulinenaue.info\/wp-content\/uploads\/2024\/12\/2024-12-14_10-29-45-e1734266788380-200x120.jpg 200w, https:\/\/paulinenaue.info\/wp-content\/uploads\/2024\/12\/2024-12-14_10-29-45-e1734266788380-300x180.jpg 300w, https:\/\/paulinenaue.info\/wp-content\/uploads\/2024\/12\/2024-12-14_10-29-45-e1734266788380-400x241.jpg 400w, https:\/\/paulinenaue.info\/wp-content\/uploads\/2024\/12\/2024-12-14_10-29-45-e1734266788380-600x361.jpg 600w, https:\/\/paulinenaue.info\/wp-content\/uploads\/2024\/12\/2024-12-14_10-29-45-e1734266788380-768x462.jpg 768w, https:\/\/paulinenaue.info\/wp-content\/uploads\/2024\/12\/2024-12-14_10-29-45-e1734266788380-800x481.jpg 800w, https:\/\/paulinenaue.info\/wp-content\/uploads\/2024\/12\/2024-12-14_10-29-45-e1734266788380-1024x616.jpg 1024w, https:\/\/paulinenaue.info\/wp-content\/uploads\/2024\/12\/2024-12-14_10-29-45-e1734266788380-1200x722.jpg 1200w, https:\/\/paulinenaue.info\/wp-content\/uploads\/2024\/12\/2024-12-14_10-29-45-e1734266788380-1536x924.jpg 1536w, https:\/\/paulinenaue.info\/wp-content\/uploads\/2024\/12\/2024-12-14_10-29-45-e1734266788380.jpg 1654w\" data-sizes=\"auto\" data-orig-sizes=\"(max-width: 800px) 100vw, 800px\" \/><\/a><p id=\"caption-attachment-417146\" class=\"wp-caption-text\"><em>Mit gro\u00dfem Interesse betrachten die Paulinenauer den neu ausgemalten Innen- und den Altarraum. Foto: E. Schwarz, 2024.<\/em><\/p><\/div>\n<div id=\"attachment_417144\" style=\"width: 810px\" class=\"wp-caption alignnone\"><a href=\"https:\/\/paulinenaue.info\/wp-content\/uploads\/2024\/12\/2024-12-13_10-22-22-1.jpg\"><img decoding=\"async\" aria-describedby=\"caption-attachment-417144\" data-attachment-id=\"417144\" data-permalink=\"https:\/\/paulinenaue.info\/index.php\/ein-blick-in-die-fast-fertig-sanierte-kirche\/2024-12-13_10-22-22-1\/\" data-orig-file=\"https:\/\/paulinenaue.info\/wp-content\/uploads\/2024\/12\/2024-12-13_10-22-22-1.jpg\" data-orig-size=\"1920,1440\" data-comments-opened=\"1\" data-image-meta=\"{&quot;aperture&quot;:&quot;2.2&quot;,&quot;credit&quot;:&quot;&quot;,&quot;camera&quot;:&quot;iPhone 15 Pro Max&quot;,&quot;caption&quot;:&quot;&quot;,&quot;created_timestamp&quot;:&quot;1734085342&quot;,&quot;copyright&quot;:&quot;&quot;,&quot;focal_length&quot;:&quot;2.2200000286119&quot;,&quot;iso&quot;:&quot;160&quot;,&quot;shutter_speed&quot;:&quot;0.02&quot;,&quot;title&quot;:&quot;&quot;,&quot;orientation&quot;:&quot;1&quot;}\" data-image-title=\"2024-12-13_10-22-22-1\" data-image-description=\"\" data-image-caption=\"\" data-large-file=\"https:\/\/paulinenaue.info\/wp-content\/uploads\/2024\/12\/2024-12-13_10-22-22-1-1024x768.jpg\" class=\"lazyload wp-image-417144 size-fusion-800\" src=\"https:\/\/paulinenaue.info\/wp-content\/uploads\/2024\/12\/2024-12-13_10-22-22-1-800x600.jpg\" data-orig-src=\"https:\/\/paulinenaue.info\/wp-content\/uploads\/2024\/12\/2024-12-13_10-22-22-1-800x600.jpg\" alt=\"\" width=\"800\" height=\"600\" srcset=\"data:image\/svg+xml,%3Csvg%20xmlns%3D%27http%3A%2F%2Fwww.w3.org%2F2000%2Fsvg%27%20width%3D%27800%27%20height%3D%27600%27%20viewBox%3D%270%200%20800%20600%27%3E%3Crect%20width%3D%27800%27%20height%3D%27600%27%20fill-opacity%3D%220%22%2F%3E%3C%2Fsvg%3E\" data-srcset=\"https:\/\/paulinenaue.info\/wp-content\/uploads\/2024\/12\/2024-12-13_10-22-22-1-200x150.jpg 200w, https:\/\/paulinenaue.info\/wp-content\/uploads\/2024\/12\/2024-12-13_10-22-22-1-300x225.jpg 300w, https:\/\/paulinenaue.info\/wp-content\/uploads\/2024\/12\/2024-12-13_10-22-22-1-400x300.jpg 400w, https:\/\/paulinenaue.info\/wp-content\/uploads\/2024\/12\/2024-12-13_10-22-22-1-600x450.jpg 600w, https:\/\/paulinenaue.info\/wp-content\/uploads\/2024\/12\/2024-12-13_10-22-22-1-768x576.jpg 768w, https:\/\/paulinenaue.info\/wp-content\/uploads\/2024\/12\/2024-12-13_10-22-22-1-800x600.jpg 800w, https:\/\/paulinenaue.info\/wp-content\/uploads\/2024\/12\/2024-12-13_10-22-22-1-1024x768.jpg 1024w, https:\/\/paulinenaue.info\/wp-content\/uploads\/2024\/12\/2024-12-13_10-22-22-1-1200x900.jpg 1200w, https:\/\/paulinenaue.info\/wp-content\/uploads\/2024\/12\/2024-12-13_10-22-22-1-1536x1152.jpg 1536w, https:\/\/paulinenaue.info\/wp-content\/uploads\/2024\/12\/2024-12-13_10-22-22-1.jpg 1920w\" data-sizes=\"auto\" data-orig-sizes=\"(max-width: 800px) 100vw, 800px\" \/><\/a><p id=\"caption-attachment-417144\" class=\"wp-caption-text\"><em>Die Orgel wird gestimmt. Foto: E. Schwarz, 2024.<\/em><\/p><\/div>\n<div id=\"attachment_417139\" style=\"width: 810px\" class=\"wp-caption alignnone\"><a href=\"https:\/\/paulinenaue.info\/wp-content\/uploads\/2024\/12\/2024-12-13_11-10-22-2.jpg\"><img decoding=\"async\" aria-describedby=\"caption-attachment-417139\" data-attachment-id=\"417139\" data-permalink=\"https:\/\/paulinenaue.info\/index.php\/ein-blick-in-die-fast-fertig-sanierte-kirche\/2024-12-13_11-10-22-2\/\" data-orig-file=\"https:\/\/paulinenaue.info\/wp-content\/uploads\/2024\/12\/2024-12-13_11-10-22-2.jpg\" data-orig-size=\"1920,1080\" data-comments-opened=\"1\" data-image-meta=\"{&quot;aperture&quot;:&quot;1.78&quot;,&quot;credit&quot;:&quot;&quot;,&quot;camera&quot;:&quot;iPhone 15 Pro Max&quot;,&quot;caption&quot;:&quot;&quot;,&quot;created_timestamp&quot;:&quot;1734088222&quot;,&quot;copyright&quot;:&quot;&quot;,&quot;focal_length&quot;:&quot;6.7649998656528&quot;,&quot;iso&quot;:&quot;800&quot;,&quot;shutter_speed&quot;:&quot;0.03030303030303&quot;,&quot;title&quot;:&quot;&quot;,&quot;orientation&quot;:&quot;1&quot;}\" data-image-title=\"2024-12-13_11-10-22-2\" data-image-description=\"\" data-image-caption=\"\" data-large-file=\"https:\/\/paulinenaue.info\/wp-content\/uploads\/2024\/12\/2024-12-13_11-10-22-2-1024x576.jpg\" class=\"lazyload wp-image-417139 size-fusion-800\" src=\"https:\/\/paulinenaue.info\/wp-content\/uploads\/2024\/12\/2024-12-13_11-10-22-2-800x450.jpg\" data-orig-src=\"https:\/\/paulinenaue.info\/wp-content\/uploads\/2024\/12\/2024-12-13_11-10-22-2-800x450.jpg\" alt=\"\" width=\"800\" height=\"450\" srcset=\"data:image\/svg+xml,%3Csvg%20xmlns%3D%27http%3A%2F%2Fwww.w3.org%2F2000%2Fsvg%27%20width%3D%27800%27%20height%3D%27450%27%20viewBox%3D%270%200%20800%20450%27%3E%3Crect%20width%3D%27800%27%20height%3D%27450%27%20fill-opacity%3D%220%22%2F%3E%3C%2Fsvg%3E\" data-srcset=\"https:\/\/paulinenaue.info\/wp-content\/uploads\/2024\/12\/2024-12-13_11-10-22-2-200x113.jpg 200w, https:\/\/paulinenaue.info\/wp-content\/uploads\/2024\/12\/2024-12-13_11-10-22-2-300x169.jpg 300w, https:\/\/paulinenaue.info\/wp-content\/uploads\/2024\/12\/2024-12-13_11-10-22-2-400x225.jpg 400w, https:\/\/paulinenaue.info\/wp-content\/uploads\/2024\/12\/2024-12-13_11-10-22-2-600x338.jpg 600w, https:\/\/paulinenaue.info\/wp-content\/uploads\/2024\/12\/2024-12-13_11-10-22-2-768x432.jpg 768w, https:\/\/paulinenaue.info\/wp-content\/uploads\/2024\/12\/2024-12-13_11-10-22-2-800x450.jpg 800w, https:\/\/paulinenaue.info\/wp-content\/uploads\/2024\/12\/2024-12-13_11-10-22-2-1024x576.jpg 1024w, https:\/\/paulinenaue.info\/wp-content\/uploads\/2024\/12\/2024-12-13_11-10-22-2-1200x675.jpg 1200w, https:\/\/paulinenaue.info\/wp-content\/uploads\/2024\/12\/2024-12-13_11-10-22-2-1536x864.jpg 1536w, https:\/\/paulinenaue.info\/wp-content\/uploads\/2024\/12\/2024-12-13_11-10-22-2.jpg 1920w\" data-sizes=\"auto\" data-orig-sizes=\"(max-width: 800px) 100vw, 800px\" \/><\/a><p id=\"caption-attachment-417139\" class=\"wp-caption-text\"><em>Ein Blick in die Orgel. Eberhard Schwarz staunte \u00fcber die Gr\u00f6\u00dfe der Orgel, die normalerweise nicht erkennbar ist. Das Instrument wurde tief in den Kirchturm hineingebaut. Foto: E. Schwarz, 2024.<\/em><\/p><\/div>\n<div id=\"attachment_417145\" style=\"width: 810px\" class=\"wp-caption alignnone\"><a href=\"https:\/\/paulinenaue.info\/wp-content\/uploads\/2024\/12\/2024-12-13_10-41-59-2.jpg\"><img decoding=\"async\" aria-describedby=\"caption-attachment-417145\" data-attachment-id=\"417156\" data-permalink=\"https:\/\/paulinenaue.info\/index.php\/ein-blick-in-die-fast-fertig-sanierte-kirche\/2024-12-13_10-41-59-2\/\" data-orig-file=\"https:\/\/paulinenaue.info\/wp-content\/uploads\/2024\/12\/2024-12-13_10-41-59-2.jpg\" data-orig-size=\"1920,1080\" data-comments-opened=\"1\" data-image-meta=\"{&quot;aperture&quot;:&quot;1.78&quot;,&quot;credit&quot;:&quot;&quot;,&quot;camera&quot;:&quot;iPhone 15 Pro Max&quot;,&quot;caption&quot;:&quot;&quot;,&quot;created_timestamp&quot;:&quot;1734086518&quot;,&quot;copyright&quot;:&quot;&quot;,&quot;focal_length&quot;:&quot;6.7649998656528&quot;,&quot;iso&quot;:&quot;250&quot;,&quot;shutter_speed&quot;:&quot;0.02&quot;,&quot;title&quot;:&quot;&quot;,&quot;orientation&quot;:&quot;1&quot;}\" data-image-title=\"2024-12-13_10-41-59-2\" data-image-description=\"&lt;p&gt;Jedesmal, wenn die Orgel gestimmt wurde, wurde das auf dem Instrument vermerkt . Foto: E. Schwarz, 2024. &lt;\/p&gt;\n\" data-image-caption=\"\" data-large-file=\"https:\/\/paulinenaue.info\/wp-content\/uploads\/2024\/12\/2024-12-13_10-41-59-2-1024x576.jpg\" src=\"https:\/\/paulinenaue.info\/wp-content\/uploads\/2024\/12\/2024-12-13_10-41-59-2.jpg\" data-orig-src=\"https:\/\/paulinenaue.info\/wp-content\/uploads\/2024\/12\/2024-12-13_10-41-59-2.jpg\" alt=\"\" width=\"1920\" height=\"1080\" class=\"lazyload alignnone size-full wp-image-417156\" srcset=\"data:image\/svg+xml,%3Csvg%20xmlns%3D%27http%3A%2F%2Fwww.w3.org%2F2000%2Fsvg%27%20width%3D%271920%27%20height%3D%271080%27%20viewBox%3D%270%200%201920%201080%27%3E%3Crect%20width%3D%271920%27%20height%3D%271080%27%20fill-opacity%3D%220%22%2F%3E%3C%2Fsvg%3E\" data-srcset=\"https:\/\/paulinenaue.info\/wp-content\/uploads\/2024\/12\/2024-12-13_10-41-59-2-200x113.jpg 200w, https:\/\/paulinenaue.info\/wp-content\/uploads\/2024\/12\/2024-12-13_10-41-59-2-300x169.jpg 300w, https:\/\/paulinenaue.info\/wp-content\/uploads\/2024\/12\/2024-12-13_10-41-59-2-400x225.jpg 400w, https:\/\/paulinenaue.info\/wp-content\/uploads\/2024\/12\/2024-12-13_10-41-59-2-600x338.jpg 600w, https:\/\/paulinenaue.info\/wp-content\/uploads\/2024\/12\/2024-12-13_10-41-59-2-768x432.jpg 768w, https:\/\/paulinenaue.info\/wp-content\/uploads\/2024\/12\/2024-12-13_10-41-59-2-800x450.jpg 800w, https:\/\/paulinenaue.info\/wp-content\/uploads\/2024\/12\/2024-12-13_10-41-59-2-1024x576.jpg 1024w, https:\/\/paulinenaue.info\/wp-content\/uploads\/2024\/12\/2024-12-13_10-41-59-2-1200x675.jpg 1200w, https:\/\/paulinenaue.info\/wp-content\/uploads\/2024\/12\/2024-12-13_10-41-59-2-1536x864.jpg 1536w, https:\/\/paulinenaue.info\/wp-content\/uploads\/2024\/12\/2024-12-13_10-41-59-2.jpg 1920w\" data-sizes=\"auto\" data-orig-sizes=\"(max-width: 1920px) 100vw, 1920px\" \/><\/a><p id=\"caption-attachment-417145\" class=\"wp-caption-text\"><em>Ver\u00e4nderungen im Leben der Orgel wurden jedesmal sorgf\u00e4ltig protokolliert. Foto: E. Schwarz, 2024.<\/em><\/p><\/div>\n<div id=\"attachment_417145\" style=\"width: 810px\" class=\"wp-caption alignnone\"><a href=\"https:\/\/paulinenaue.info\/wp-content\/uploads\/2024\/12\/2024-12-13_10-21-54-1.jpg\"><img decoding=\"async\" aria-describedby=\"caption-attachment-417145\" data-attachment-id=\"417145\" data-permalink=\"https:\/\/paulinenaue.info\/index.php\/ein-blick-in-die-fast-fertig-sanierte-kirche\/2024-12-13_10-21-54-1\/\" data-orig-file=\"https:\/\/paulinenaue.info\/wp-content\/uploads\/2024\/12\/2024-12-13_10-21-54-1.jpg\" data-orig-size=\"1920,1440\" data-comments-opened=\"1\" data-image-meta=\"{&quot;aperture&quot;:&quot;2.2&quot;,&quot;credit&quot;:&quot;&quot;,&quot;camera&quot;:&quot;iPhone 15 Pro Max&quot;,&quot;caption&quot;:&quot;&quot;,&quot;created_timestamp&quot;:&quot;1734085314&quot;,&quot;copyright&quot;:&quot;&quot;,&quot;focal_length&quot;:&quot;2.2200000286119&quot;,&quot;iso&quot;:&quot;320&quot;,&quot;shutter_speed&quot;:&quot;0.01&quot;,&quot;title&quot;:&quot;&quot;,&quot;orientation&quot;:&quot;1&quot;}\" data-image-title=\"2024-12-13_10-21-54-1\" data-image-description=\"\" data-image-caption=\"\" data-large-file=\"https:\/\/paulinenaue.info\/wp-content\/uploads\/2024\/12\/2024-12-13_10-21-54-1-1024x768.jpg\" class=\"lazyload wp-image-417145 size-fusion-800\" src=\"https:\/\/paulinenaue.info\/wp-content\/uploads\/2024\/12\/2024-12-13_10-21-54-1-800x600.jpg\" data-orig-src=\"https:\/\/paulinenaue.info\/wp-content\/uploads\/2024\/12\/2024-12-13_10-21-54-1-800x600.jpg\" alt=\"\" width=\"800\" height=\"600\" srcset=\"data:image\/svg+xml,%3Csvg%20xmlns%3D%27http%3A%2F%2Fwww.w3.org%2F2000%2Fsvg%27%20width%3D%27800%27%20height%3D%27600%27%20viewBox%3D%270%200%20800%20600%27%3E%3Crect%20width%3D%27800%27%20height%3D%27600%27%20fill-opacity%3D%220%22%2F%3E%3C%2Fsvg%3E\" data-srcset=\"https:\/\/paulinenaue.info\/wp-content\/uploads\/2024\/12\/2024-12-13_10-21-54-1-200x150.jpg 200w, https:\/\/paulinenaue.info\/wp-content\/uploads\/2024\/12\/2024-12-13_10-21-54-1-300x225.jpg 300w, https:\/\/paulinenaue.info\/wp-content\/uploads\/2024\/12\/2024-12-13_10-21-54-1-400x300.jpg 400w, https:\/\/paulinenaue.info\/wp-content\/uploads\/2024\/12\/2024-12-13_10-21-54-1-600x450.jpg 600w, https:\/\/paulinenaue.info\/wp-content\/uploads\/2024\/12\/2024-12-13_10-21-54-1-768x576.jpg 768w, https:\/\/paulinenaue.info\/wp-content\/uploads\/2024\/12\/2024-12-13_10-21-54-1-800x600.jpg 800w, https:\/\/paulinenaue.info\/wp-content\/uploads\/2024\/12\/2024-12-13_10-21-54-1-1024x768.jpg 1024w, https:\/\/paulinenaue.info\/wp-content\/uploads\/2024\/12\/2024-12-13_10-21-54-1-1200x900.jpg 1200w, https:\/\/paulinenaue.info\/wp-content\/uploads\/2024\/12\/2024-12-13_10-21-54-1-1536x1152.jpg 1536w, https:\/\/paulinenaue.info\/wp-content\/uploads\/2024\/12\/2024-12-13_10-21-54-1.jpg 1920w\" data-sizes=\"auto\" data-orig-sizes=\"(max-width: 800px) 100vw, 800px\" \/><\/a><p id=\"caption-attachment-417145\" class=\"wp-caption-text\"><em>Mehrere Firmen, u.a. Elektriker und Restaurationsfirma, sind derzeit noch mit der Kirchsanierung befasst. Foto: E. Schwarz, 2024.<\/em><\/p><\/div>\n","protected":false},"excerpt":{"rendered":"<p>Nicht nur in Paulinenauer Kinderherzen w\u00e4chst gerade die vorweihnachtliche Spannung. [&hellip;]<\/p>\n","protected":false},"author":1,"featured_media":417145,"comment_status":"open","ping_status":"open","sticky":false,"template":"","format":"standard","meta":{"_acf_changed":false,"_price":"","_stock":"","_tribe_ticket_header":"","_tribe_default_ticket_provider":"","_tribe_ticket_capacity":"0","_ticket_start_date":"","_ticket_end_date":"","_tribe_ticket_show_description":"","_tribe_ticket_show_not_going":false,"_tribe_ticket_use_global_stock":"","_tribe_ticket_global_stock_level":"","_global_stock_mode":"","_global_stock_cap":"","_tribe_rsvp_for_event":"","_tribe_ticket_going_count":"","_tribe_ticket_not_going_count":"","_tribe_tickets_list":"[]","_tribe_ticket_has_attendee_info_fields":false,"jetpack_post_was_ever_published":false,"_jetpack_newsletter_access":"","_jetpack_dont_email_post_to_subs":false,"_jetpack_newsletter_tier_id":0,"_jetpack_memberships_contains_paywalled_content":false,"_jetpack_memberships_contains_paid_content":false,"footnotes":"","jetpack_publicize_message":"","jetpack_publicize_feature_enabled":true,"jetpack_social_post_already_shared":true,"jetpack_social_options":{"image_generator_settings":{"template":"highway","default_image_id":0,"font":"","enabled":false},"version":2}},"categories":[1,40,519,26],"tags":[27,596],"class_list":["post-417135","post","type-post","status-publish","format-standard","has-post-thumbnail","hentry","category-allgemein","category-dorfentwicklung","category-ehrenamt","category-kirche","tag-kirche","tag-orgel"],"acf":[],"yoast_head":"<!-- This site is optimized with the Yoast SEO plugin v27.5 - https:\/\/yoast.com\/product\/yoast-seo-wordpress\/ -->\n<title>Ein Blick in die fast fertig sanierte Kirche - Paulinenaue<\/title>\n<meta name=\"description\" content=\"Bevor die M\u00f6bel geliefert werden, wird die fast fertig sanierte Paulinenauer Kirche f\u00fcr die Er\u00f6ffnung am Heiligen Abend vorbereitet.\" \/>\n<meta name=\"robots\" content=\"index, follow, max-snippet:-1, max-image-preview:large, max-video-preview:-1\" \/>\n<link rel=\"canonical\" href=\"https:\/\/paulinenaue.info\/index.php\/ein-blick-in-die-fast-fertig-sanierte-kirche\/\" \/>\n<meta property=\"og:locale\" content=\"de_DE\" \/>\n<meta property=\"og:type\" content=\"article\" \/>\n<meta property=\"og:title\" content=\"Ein Blick in die fast fertig sanierte Kirche - Paulinenaue\" \/>\n<meta property=\"og:description\" content=\"Bevor die M\u00f6bel geliefert werden, wird die fast fertig sanierte Paulinenauer Kirche f\u00fcr die Er\u00f6ffnung am Heiligen Abend vorbereitet.\" \/>\n<meta property=\"og:url\" content=\"https:\/\/paulinenaue.info\/index.php\/ein-blick-in-die-fast-fertig-sanierte-kirche\/\" \/>\n<meta property=\"og:site_name\" content=\"Paulinenaue\" \/>\n<meta property=\"article:published_time\" content=\"2024-12-15T14:50:13+00:00\" \/>\n<meta property=\"article:modified_time\" content=\"2024-12-16T20:16:41+00:00\" \/>\n<meta property=\"og:image\" content=\"https:\/\/paulinenaue.info\/wp-content\/uploads\/2024\/12\/2024-12-13_10-21-54-1.jpg\" \/>\n\t<meta property=\"og:image:width\" content=\"1920\" \/>\n\t<meta property=\"og:image:height\" content=\"1440\" \/>\n\t<meta property=\"og:image:type\" content=\"image\/jpeg\" \/>\n<meta name=\"author\" content=\"Joachim Scholz\" \/>\n<meta name=\"twitter:card\" content=\"summary_large_image\" \/>\n<meta name=\"twitter:label1\" content=\"Verfasst von\" \/>\n\t<meta name=\"twitter:data1\" content=\"Joachim Scholz\" \/>\n\t<meta name=\"twitter:label2\" content=\"Gesch\u00e4tzte Lesezeit\" \/>\n\t<meta name=\"twitter:data2\" content=\"4\u00a0Minuten\" \/>\n<script type=\"application\/ld+json\" class=\"yoast-schema-graph\">{\"@context\":\"https:\\\/\\\/schema.org\",\"@graph\":[{\"@type\":\"Article\",\"@id\":\"https:\\\/\\\/paulinenaue.info\\\/index.php\\\/ein-blick-in-die-fast-fertig-sanierte-kirche\\\/#article\",\"isPartOf\":{\"@id\":\"https:\\\/\\\/paulinenaue.info\\\/index.php\\\/ein-blick-in-die-fast-fertig-sanierte-kirche\\\/\"},\"author\":{\"name\":\"Joachim Scholz\",\"@id\":\"https:\\\/\\\/paulinenaue.info\\\/#\\\/schema\\\/person\\\/3f9e818fd7b69b0d2bd937ac506897cc\"},\"headline\":\"Ein Blick in die fast fertig sanierte Kirche\",\"datePublished\":\"2024-12-15T14:50:13+00:00\",\"dateModified\":\"2024-12-16T20:16:41+00:00\",\"mainEntityOfPage\":{\"@id\":\"https:\\\/\\\/paulinenaue.info\\\/index.php\\\/ein-blick-in-die-fast-fertig-sanierte-kirche\\\/\"},\"wordCount\":387,\"commentCount\":0,\"image\":{\"@id\":\"https:\\\/\\\/paulinenaue.info\\\/index.php\\\/ein-blick-in-die-fast-fertig-sanierte-kirche\\\/#primaryimage\"},\"thumbnailUrl\":\"https:\\\/\\\/paulinenaue.info\\\/wp-content\\\/uploads\\\/2024\\\/12\\\/2024-12-13_10-21-54-1.jpg\",\"keywords\":[\"Kirche\",\"Orgel\"],\"articleSection\":{\"1\":\"Dorfentwicklung\",\"2\":\"Ehrenamt\",\"3\":\"Kirche\"},\"inLanguage\":\"de\",\"potentialAction\":[{\"@type\":\"CommentAction\",\"name\":\"Comment\",\"target\":[\"https:\\\/\\\/paulinenaue.info\\\/index.php\\\/ein-blick-in-die-fast-fertig-sanierte-kirche\\\/#respond\"]}]},{\"@type\":\"WebPage\",\"@id\":\"https:\\\/\\\/paulinenaue.info\\\/index.php\\\/ein-blick-in-die-fast-fertig-sanierte-kirche\\\/\",\"url\":\"https:\\\/\\\/paulinenaue.info\\\/index.php\\\/ein-blick-in-die-fast-fertig-sanierte-kirche\\\/\",\"name\":\"Ein Blick in die fast fertig sanierte Kirche - Paulinenaue\",\"isPartOf\":{\"@id\":\"https:\\\/\\\/paulinenaue.info\\\/#website\"},\"primaryImageOfPage\":{\"@id\":\"https:\\\/\\\/paulinenaue.info\\\/index.php\\\/ein-blick-in-die-fast-fertig-sanierte-kirche\\\/#primaryimage\"},\"image\":{\"@id\":\"https:\\\/\\\/paulinenaue.info\\\/index.php\\\/ein-blick-in-die-fast-fertig-sanierte-kirche\\\/#primaryimage\"},\"thumbnailUrl\":\"https:\\\/\\\/paulinenaue.info\\\/wp-content\\\/uploads\\\/2024\\\/12\\\/2024-12-13_10-21-54-1.jpg\",\"datePublished\":\"2024-12-15T14:50:13+00:00\",\"dateModified\":\"2024-12-16T20:16:41+00:00\",\"author\":{\"@id\":\"https:\\\/\\\/paulinenaue.info\\\/#\\\/schema\\\/person\\\/3f9e818fd7b69b0d2bd937ac506897cc\"},\"description\":\"Bevor die M\u00f6bel geliefert werden, wird die fast fertig sanierte Paulinenauer Kirche f\u00fcr die Er\u00f6ffnung am Heiligen Abend vorbereitet.\",\"breadcrumb\":{\"@id\":\"https:\\\/\\\/paulinenaue.info\\\/index.php\\\/ein-blick-in-die-fast-fertig-sanierte-kirche\\\/#breadcrumb\"},\"inLanguage\":\"de\",\"potentialAction\":[{\"@type\":\"ReadAction\",\"target\":[\"https:\\\/\\\/paulinenaue.info\\\/index.php\\\/ein-blick-in-die-fast-fertig-sanierte-kirche\\\/\"]}]},{\"@type\":\"ImageObject\",\"inLanguage\":\"de\",\"@id\":\"https:\\\/\\\/paulinenaue.info\\\/index.php\\\/ein-blick-in-die-fast-fertig-sanierte-kirche\\\/#primaryimage\",\"url\":\"https:\\\/\\\/paulinenaue.info\\\/wp-content\\\/uploads\\\/2024\\\/12\\\/2024-12-13_10-21-54-1.jpg\",\"contentUrl\":\"https:\\\/\\\/paulinenaue.info\\\/wp-content\\\/uploads\\\/2024\\\/12\\\/2024-12-13_10-21-54-1.jpg\",\"width\":1920,\"height\":1440},{\"@type\":\"BreadcrumbList\",\"@id\":\"https:\\\/\\\/paulinenaue.info\\\/index.php\\\/ein-blick-in-die-fast-fertig-sanierte-kirche\\\/#breadcrumb\",\"itemListElement\":[{\"@type\":\"ListItem\",\"position\":1,\"name\":\"Home\",\"item\":\"https:\\\/\\\/paulinenaue.info\\\/\"},{\"@type\":\"ListItem\",\"position\":2,\"name\":\"Ein Blick in die fast fertig sanierte Kirche\"}]},{\"@type\":\"WebSite\",\"@id\":\"https:\\\/\\\/paulinenaue.info\\\/#website\",\"url\":\"https:\\\/\\\/paulinenaue.info\\\/\",\"name\":\"Paulinenaue\",\"description\":\"Ein Dorf im Havelland\",\"potentialAction\":[{\"@type\":\"SearchAction\",\"target\":{\"@type\":\"EntryPoint\",\"urlTemplate\":\"https:\\\/\\\/paulinenaue.info\\\/?s={search_term_string}\"},\"query-input\":{\"@type\":\"PropertyValueSpecification\",\"valueRequired\":true,\"valueName\":\"search_term_string\"}}],\"inLanguage\":\"de\"},{\"@type\":\"Person\",\"@id\":\"https:\\\/\\\/paulinenaue.info\\\/#\\\/schema\\\/person\\\/3f9e818fd7b69b0d2bd937ac506897cc\",\"name\":\"Joachim Scholz\",\"url\":\"https:\\\/\\\/paulinenaue.info\\\/index.php\\\/author\\\/jjscholz\\\/\"}]}<\/script>\n<!-- \/ Yoast SEO plugin. -->","yoast_head_json":{"title":"Ein Blick in die fast fertig sanierte Kirche - Paulinenaue","description":"Bevor die M\u00f6bel geliefert werden, wird die fast fertig sanierte Paulinenauer Kirche f\u00fcr die Er\u00f6ffnung am Heiligen Abend vorbereitet.","robots":{"index":"index","follow":"follow","max-snippet":"max-snippet:-1","max-image-preview":"max-image-preview:large","max-video-preview":"max-video-preview:-1"},"canonical":"https:\/\/paulinenaue.info\/index.php\/ein-blick-in-die-fast-fertig-sanierte-kirche\/","og_locale":"de_DE","og_type":"article","og_title":"Ein Blick in die fast fertig sanierte Kirche - Paulinenaue","og_description":"Bevor die M\u00f6bel geliefert werden, wird die fast fertig sanierte Paulinenauer Kirche f\u00fcr die Er\u00f6ffnung am Heiligen Abend vorbereitet.","og_url":"https:\/\/paulinenaue.info\/index.php\/ein-blick-in-die-fast-fertig-sanierte-kirche\/","og_site_name":"Paulinenaue","article_published_time":"2024-12-15T14:50:13+00:00","article_modified_time":"2024-12-16T20:16:41+00:00","og_image":[{"width":1920,"height":1440,"url":"https:\/\/paulinenaue.info\/wp-content\/uploads\/2024\/12\/2024-12-13_10-21-54-1.jpg","type":"image\/jpeg"}],"author":"Joachim Scholz","twitter_card":"summary_large_image","twitter_misc":{"Verfasst von":"Joachim Scholz","Gesch\u00e4tzte Lesezeit":"4\u00a0Minuten"},"schema":{"@context":"https:\/\/schema.org","@graph":[{"@type":"Article","@id":"https:\/\/paulinenaue.info\/index.php\/ein-blick-in-die-fast-fertig-sanierte-kirche\/#article","isPartOf":{"@id":"https:\/\/paulinenaue.info\/index.php\/ein-blick-in-die-fast-fertig-sanierte-kirche\/"},"author":{"name":"Joachim Scholz","@id":"https:\/\/paulinenaue.info\/#\/schema\/person\/3f9e818fd7b69b0d2bd937ac506897cc"},"headline":"Ein Blick in die fast fertig sanierte Kirche","datePublished":"2024-12-15T14:50:13+00:00","dateModified":"2024-12-16T20:16:41+00:00","mainEntityOfPage":{"@id":"https:\/\/paulinenaue.info\/index.php\/ein-blick-in-die-fast-fertig-sanierte-kirche\/"},"wordCount":387,"commentCount":0,"image":{"@id":"https:\/\/paulinenaue.info\/index.php\/ein-blick-in-die-fast-fertig-sanierte-kirche\/#primaryimage"},"thumbnailUrl":"https:\/\/paulinenaue.info\/wp-content\/uploads\/2024\/12\/2024-12-13_10-21-54-1.jpg","keywords":["Kirche","Orgel"],"articleSection":{"1":"Dorfentwicklung","2":"Ehrenamt","3":"Kirche"},"inLanguage":"de","potentialAction":[{"@type":"CommentAction","name":"Comment","target":["https:\/\/paulinenaue.info\/index.php\/ein-blick-in-die-fast-fertig-sanierte-kirche\/#respond"]}]},{"@type":"WebPage","@id":"https:\/\/paulinenaue.info\/index.php\/ein-blick-in-die-fast-fertig-sanierte-kirche\/","url":"https:\/\/paulinenaue.info\/index.php\/ein-blick-in-die-fast-fertig-sanierte-kirche\/","name":"Ein Blick in die fast fertig sanierte Kirche - Paulinenaue","isPartOf":{"@id":"https:\/\/paulinenaue.info\/#website"},"primaryImageOfPage":{"@id":"https:\/\/paulinenaue.info\/index.php\/ein-blick-in-die-fast-fertig-sanierte-kirche\/#primaryimage"},"image":{"@id":"https:\/\/paulinenaue.info\/index.php\/ein-blick-in-die-fast-fertig-sanierte-kirche\/#primaryimage"},"thumbnailUrl":"https:\/\/paulinenaue.info\/wp-content\/uploads\/2024\/12\/2024-12-13_10-21-54-1.jpg","datePublished":"2024-12-15T14:50:13+00:00","dateModified":"2024-12-16T20:16:41+00:00","author":{"@id":"https:\/\/paulinenaue.info\/#\/schema\/person\/3f9e818fd7b69b0d2bd937ac506897cc"},"description":"Bevor die M\u00f6bel geliefert werden, wird die fast fertig sanierte Paulinenauer Kirche f\u00fcr die Er\u00f6ffnung am Heiligen Abend vorbereitet.","breadcrumb":{"@id":"https:\/\/paulinenaue.info\/index.php\/ein-blick-in-die-fast-fertig-sanierte-kirche\/#breadcrumb"},"inLanguage":"de","potentialAction":[{"@type":"ReadAction","target":["https:\/\/paulinenaue.info\/index.php\/ein-blick-in-die-fast-fertig-sanierte-kirche\/"]}]},{"@type":"ImageObject","inLanguage":"de","@id":"https:\/\/paulinenaue.info\/index.php\/ein-blick-in-die-fast-fertig-sanierte-kirche\/#primaryimage","url":"https:\/\/paulinenaue.info\/wp-content\/uploads\/2024\/12\/2024-12-13_10-21-54-1.jpg","contentUrl":"https:\/\/paulinenaue.info\/wp-content\/uploads\/2024\/12\/2024-12-13_10-21-54-1.jpg","width":1920,"height":1440},{"@type":"BreadcrumbList","@id":"https:\/\/paulinenaue.info\/index.php\/ein-blick-in-die-fast-fertig-sanierte-kirche\/#breadcrumb","itemListElement":[{"@type":"ListItem","position":1,"name":"Home","item":"https:\/\/paulinenaue.info\/"},{"@type":"ListItem","position":2,"name":"Ein Blick in die fast fertig sanierte Kirche"}]},{"@type":"WebSite","@id":"https:\/\/paulinenaue.info\/#website","url":"https:\/\/paulinenaue.info\/","name":"Paulinenaue","description":"Ein Dorf im Havelland","potentialAction":[{"@type":"SearchAction","target":{"@type":"EntryPoint","urlTemplate":"https:\/\/paulinenaue.info\/?s={search_term_string}"},"query-input":{"@type":"PropertyValueSpecification","valueRequired":true,"valueName":"search_term_string"}}],"inLanguage":"de"},{"@type":"Person","@id":"https:\/\/paulinenaue.info\/#\/schema\/person\/3f9e818fd7b69b0d2bd937ac506897cc","name":"Joachim Scholz","url":"https:\/\/paulinenaue.info\/index.php\/author\/jjscholz\/"}]}},"jetpack_publicize_connections":[],"jetpack_featured_media_url":"https:\/\/paulinenaue.info\/wp-content\/uploads\/2024\/12\/2024-12-13_10-21-54-1.jpg","jetpack_sharing_enabled":true,"jetpack_shortlink":"https:\/\/wp.me\/pcYhWA-1KvZ","jetpack-related-posts":[{"id":184284,"url":"https:\/\/paulinenaue.info\/index.php\/kirche-wird-saniert-und-multifunktional-nutzbar\/","url_meta":{"origin":417135,"position":0},"title":"Kirche wird saniert und multifunktional nutzbar","author":"Joachim Scholz","date":"29. Mai 2022","format":false,"excerpt":"von Andreas Flender, ehrenamtlicher Mitarbeiter und Bauverantwortlicher der evangelischen Kirchengemeinde In der Paulinenauer Kirche soll demn\u00e4chst ein Dorftreff entstehen. Es gibt daf\u00fcr Interesse von Vereinen, die bisher keine eigenen R\u00e4ume haben. Denkbar ist, dass der Kulturverein oder das Gemeinschaftswerk Soziale Dienste den Treff nutzen wird. Die Notfallseelsorge m\u00f6chte dort Gruppenabende\u2026","rel":"","context":"In &quot;Allgemein&quot;","block_context":{"text":"Allgemein","link":"https:\/\/paulinenaue.info\/index.php\/category\/allgemein\/"},"img":{"alt_text":"","src":"https:\/\/i0.wp.com\/paulinenaue.info\/wp-content\/uploads\/2022\/05\/2022-05-28-Paulinenaue-Kirche.jpg?resize=350%2C200&ssl=1","width":350,"height":200,"srcset":"https:\/\/i0.wp.com\/paulinenaue.info\/wp-content\/uploads\/2022\/05\/2022-05-28-Paulinenaue-Kirche.jpg?resize=350%2C200&ssl=1 1x, https:\/\/i0.wp.com\/paulinenaue.info\/wp-content\/uploads\/2022\/05\/2022-05-28-Paulinenaue-Kirche.jpg?resize=525%2C300&ssl=1 1.5x, https:\/\/i0.wp.com\/paulinenaue.info\/wp-content\/uploads\/2022\/05\/2022-05-28-Paulinenaue-Kirche.jpg?resize=700%2C400&ssl=1 2x"},"classes":[]},{"id":143058,"url":"https:\/\/paulinenaue.info\/index.php\/erfolgreicher-dorfputz\/","url_meta":{"origin":417135,"position":1},"title":"Erfolgreicher Dorfputz","author":"Sarah","date":"26. April 2022","format":false,"excerpt":"","rel":"","context":"In &quot;Gemeinde Paulinenaue&quot;","block_context":{"text":"Gemeinde Paulinenaue","link":"https:\/\/paulinenaue.info\/index.php\/category\/gemeinde-paulinenaue\/"},"img":{"alt_text":"","src":"https:\/\/i0.wp.com\/paulinenaue.info\/wp-content\/uploads\/2022\/04\/IMG-20220409-WA0000.jpg?resize=350%2C200&ssl=1","width":350,"height":200,"srcset":"https:\/\/i0.wp.com\/paulinenaue.info\/wp-content\/uploads\/2022\/04\/IMG-20220409-WA0000.jpg?resize=350%2C200&ssl=1 1x, https:\/\/i0.wp.com\/paulinenaue.info\/wp-content\/uploads\/2022\/04\/IMG-20220409-WA0000.jpg?resize=525%2C300&ssl=1 1.5x, https:\/\/i0.wp.com\/paulinenaue.info\/wp-content\/uploads\/2022\/04\/IMG-20220409-WA0000.jpg?resize=700%2C400&ssl=1 2x"},"classes":[]},{"id":415532,"url":"https:\/\/paulinenaue.info\/index.php\/kirchsanierung-neues-dach-nach-55-jahren\/","url_meta":{"origin":417135,"position":2},"title":"Kirchsanierung &#8211; Neues Dach nach 55 Jahren","author":"Joachim Scholz","date":"6. Dezember 2023","format":false,"excerpt":"","rel":"","context":"In &quot;Allgemein&quot;","block_context":{"text":"Allgemein","link":"https:\/\/paulinenaue.info\/index.php\/category\/allgemein\/"},"img":{"alt_text":"","src":"https:\/\/i0.wp.com\/paulinenaue.info\/wp-content\/uploads\/2023\/12\/2023-11-25-Kirche-eingeruestet.jpeg?resize=350%2C200&ssl=1","width":350,"height":200,"srcset":"https:\/\/i0.wp.com\/paulinenaue.info\/wp-content\/uploads\/2023\/12\/2023-11-25-Kirche-eingeruestet.jpeg?resize=350%2C200&ssl=1 1x, https:\/\/i0.wp.com\/paulinenaue.info\/wp-content\/uploads\/2023\/12\/2023-11-25-Kirche-eingeruestet.jpeg?resize=525%2C300&ssl=1 1.5x, https:\/\/i0.wp.com\/paulinenaue.info\/wp-content\/uploads\/2023\/12\/2023-11-25-Kirche-eingeruestet.jpeg?resize=700%2C400&ssl=1 2x"},"classes":[]},{"id":1166,"url":"https:\/\/paulinenaue.info\/index.php\/paulinenaues-nachbarn\/","url_meta":{"origin":417135,"position":3},"title":"Paulinenaues Nachbarn","author":"Sarah","date":"21. Juni 2017","format":false,"excerpt":"29.11.2005 Nach der Novemberumfrage im Fotoforum k\u00f6nnte man vermuten, dass Wagenitzer unter den Besuchern unserer Interetseite reichlich vertreten sind. Oder sollte Wagenitz wirklich so sch\u00f6n sein? Ein Fototoermin an einem der letzten sonnigen Herbstwochenenden ergab das folgende Portrait der wichtigsten Nachbarorte Paulinenaues und eine interessante Verteilung von engagiertem Auschwung und\u2026","rel":"","context":"In &quot;Allgemein&quot;","block_context":{"text":"Allgemein","link":"https:\/\/paulinenaue.info\/index.php\/category\/allgemein\/"},"img":{"alt_text":"Umfrage im Fotoforum vom 20.10. bis 21.11.2005 mit 47 Stimmen.","src":"https:\/\/i0.wp.com\/paulinenaue.info\/wp-content\/uploads\/2017\/06\/200511_nachbarorte.jpg?resize=350%2C200","width":350,"height":200},"classes":[]},{"id":1138,"url":"https:\/\/paulinenaue.info\/index.php\/zu-besuch-in-chociule-kutschlau-heute\/","url_meta":{"origin":417135,"position":4},"title":"Zu Besuch in Chociule &#8211; Kutschlau heute","author":"Sarah","date":"21. Juni 2017","format":false,"excerpt":"10.08.2005 Das polnische Dorf Chociule geh\u00f6rte vor dem Zweiten Weltkrieg zur Provinz Brandenburg und hie\u00df Kutschlau. Von 1941 bis 1945 bewirtschaftete dort Eilhard Alfred Mitscherlich, damals bereits emeritierter Professor der Universit\u00e4t K\u00f6nigsberg und sp\u00e4ter erster Direktor des Paulinenauer Landwirtschaftsinstitutes, das Familiengut seines verstorbenen Onkels. Als Mitscherlich im Januar 1945 vor\u2026","rel":"","context":"In &quot;Allgemein&quot;","block_context":{"text":"Allgemein","link":"https:\/\/paulinenaue.info\/index.php\/category\/allgemein\/"},"img":{"alt_text":"","src":"https:\/\/i0.wp.com\/paulinenaue.info\/wp-content\/uploads\/2017\/06\/20050809_kirche_kutschlau.jpg?resize=350%2C200&ssl=1","width":350,"height":200},"classes":[]},{"id":1494,"url":"https:\/\/paulinenaue.info\/index.php\/von-den-letzten-dingen-85-jahre-paulinenauer-friedhof\/","url_meta":{"origin":417135,"position":5},"title":"Von den letzten Dingen: 85 Jahre Paulinenauer Friedhof 2007","author":"Joachim Scholz","date":"19. Mai 2007","format":false,"excerpt":"Die Anlegung eines Friedhofs in Paulinenaue wird, soweit es sich aus den aufgefundenen Akten erlesen l\u00e4sst, erstmals im Jahre 1867 verhandelt. Schon damals war die Eisenbahn im Ort fest etabliert, stark genug, um sich nach Meinung des Paulinenauer Gutsherrn Curt von Knoblauch auch an den kommunalen Pflichten zu beteiligen. Von\u2026","rel":"","context":"In &quot;Allgemein&quot;","block_context":{"text":"Allgemein","link":"https:\/\/paulinenaue.info\/index.php\/category\/allgemein\/"},"img":{"alt_text":"","src":"https:\/\/i0.wp.com\/paulinenaue.info\/wp-content\/uploads\/2017\/09\/Friedhof-Paulinenaue-01-28.05.2005.jpg?resize=350%2C200&ssl=1","width":350,"height":200,"srcset":"https:\/\/i0.wp.com\/paulinenaue.info\/wp-content\/uploads\/2017\/09\/Friedhof-Paulinenaue-01-28.05.2005.jpg?resize=350%2C200&ssl=1 1x, https:\/\/i0.wp.com\/paulinenaue.info\/wp-content\/uploads\/2017\/09\/Friedhof-Paulinenaue-01-28.05.2005.jpg?resize=525%2C300&ssl=1 1.5x, https:\/\/i0.wp.com\/paulinenaue.info\/wp-content\/uploads\/2017\/09\/Friedhof-Paulinenaue-01-28.05.2005.jpg?resize=700%2C400&ssl=1 2x"},"classes":[]}],"_links":{"self":[{"href":"https:\/\/paulinenaue.info\/index.php\/wp-json\/wp\/v2\/posts\/417135","targetHints":{"allow":["GET"]}}],"collection":[{"href":"https:\/\/paulinenaue.info\/index.php\/wp-json\/wp\/v2\/posts"}],"about":[{"href":"https:\/\/paulinenaue.info\/index.php\/wp-json\/wp\/v2\/types\/post"}],"author":[{"embeddable":true,"href":"https:\/\/paulinenaue.info\/index.php\/wp-json\/wp\/v2\/users\/1"}],"replies":[{"embeddable":true,"href":"https:\/\/paulinenaue.info\/index.php\/wp-json\/wp\/v2\/comments?post=417135"}],"version-history":[{"count":11,"href":"https:\/\/paulinenaue.info\/index.php\/wp-json\/wp\/v2\/posts\/417135\/revisions"}],"predecessor-version":[{"id":417158,"href":"https:\/\/paulinenaue.info\/index.php\/wp-json\/wp\/v2\/posts\/417135\/revisions\/417158"}],"wp:featuredmedia":[{"embeddable":true,"href":"https:\/\/paulinenaue.info\/index.php\/wp-json\/wp\/v2\/media\/417145"}],"wp:attachment":[{"href":"https:\/\/paulinenaue.info\/index.php\/wp-json\/wp\/v2\/media?parent=417135"}],"wp:term":[{"taxonomy":"category","embeddable":true,"href":"https:\/\/paulinenaue.info\/index.php\/wp-json\/wp\/v2\/categories?post=417135"},{"taxonomy":"post_tag","embeddable":true,"href":"https:\/\/paulinenaue.info\/index.php\/wp-json\/wp\/v2\/tags?post=417135"}],"curies":[{"name":"wp","href":"https:\/\/api.w.org\/{rel}","templated":true}]}}