{"id":417171,"date":"2024-12-26T13:17:17","date_gmt":"2024-12-26T12:17:17","guid":{"rendered":"https:\/\/paulinenaue.info\/?p=417171"},"modified":"2024-12-26T17:21:02","modified_gmt":"2024-12-26T16:21:02","slug":"heiligabend-2024-erster-gottesdienst-in-der-sanierten-kirche","status":"publish","type":"post","link":"https:\/\/paulinenaue.info\/index.php\/heiligabend-2024-erster-gottesdienst-in-der-sanierten-kirche\/","title":{"rendered":"Weihnachten 2024 \u2013 Gottesdienst in der Kirche und Weihnachtssingen im Park"},"content":{"rendered":"<p>Der Gottesdienst in der sanierten Kirche an Heiligabend 2024 war f\u00fcr mehr als 130 Paulinenauerinnen und Paulinenauer ein stimmungsvoller Auftakt in die Feiertage. Viele warfen zum ersten Mal einen Blick in das Gotteshaus, das durch die Neuausmalung weitgehend wieder die Gestaltung und Ausmalung der Erbauungszeit vor \u00fcber 90 Jahren angenommen hat. Die Malerarbeiten konnte man noch riechen. Pfarrer Michael Jurk ging ganz zu Beginn mit Dank f\u00fcr die <a href=\"https:\/\/paulinenaue.info\/index.php\/ein-blick-in-die-fast-fertig-sanierte-kirche\/\">Helferinnen und Helfer<\/a> auf die p\u00fcnktliche Fertigstellung der Sanierungsarbeiten ein. In seiner Predigt suchte er Antwort auf die Fragen, die \u00fcbers Jahr in Europa und der Welt und ganz zuletzt in der N\u00e4he, beim Attentat in Magdeburg, Anlass zu einer eher d\u00fcsteren Bilanz des Jahres geben. In diesem Rahmen aus Freude und Sorge ist also in diesem Jahr die Weihnachtsgeschichte erz\u00e4hlt, sind die Weihnachtslieder gesungen worden.<\/p>\n<div id=\"attachment_417173\" style=\"width: 810px\" class=\"wp-caption alignnone\"><a href=\"https:\/\/paulinenaue.info\/wp-content\/uploads\/2024\/12\/2024-12-24-Weihnachten-in-der-Kirche-02.jpeg\"><img decoding=\"async\" aria-describedby=\"caption-attachment-417173\" data-attachment-id=\"417173\" data-permalink=\"https:\/\/paulinenaue.info\/index.php\/heiligabend-2024-erster-gottesdienst-in-der-sanierten-kirche\/2024-12-24-weihnachten-in-der-kirche-02\/\" data-orig-file=\"https:\/\/paulinenaue.info\/wp-content\/uploads\/2024\/12\/2024-12-24-Weihnachten-in-der-Kirche-02.jpeg\" data-orig-size=\"1000,667\" data-comments-opened=\"1\" data-image-meta=\"{&quot;aperture&quot;:&quot;2.4&quot;,&quot;credit&quot;:&quot;&quot;,&quot;camera&quot;:&quot;DSC-RX10M3&quot;,&quot;caption&quot;:&quot;&quot;,&quot;created_timestamp&quot;:&quot;1735056850&quot;,&quot;copyright&quot;:&quot;&quot;,&quot;focal_length&quot;:&quot;8.8&quot;,&quot;iso&quot;:&quot;800&quot;,&quot;shutter_speed&quot;:&quot;0.125&quot;,&quot;title&quot;:&quot;&quot;,&quot;orientation&quot;:&quot;1&quot;}\" data-image-title=\"2024-12-24, Weihnachten in der Kirche, 02\" data-image-description=\"\" data-image-caption=\"\" data-large-file=\"https:\/\/paulinenaue.info\/wp-content\/uploads\/2024\/12\/2024-12-24-Weihnachten-in-der-Kirche-02.jpeg\" class=\"lazyload wp-image-417173 size-fusion-800\" src=\"https:\/\/paulinenaue.info\/wp-content\/uploads\/2024\/12\/2024-12-24-Weihnachten-in-der-Kirche-02-800x534.jpeg\" data-orig-src=\"https:\/\/paulinenaue.info\/wp-content\/uploads\/2024\/12\/2024-12-24-Weihnachten-in-der-Kirche-02-800x534.jpeg\" alt=\"\" width=\"800\" height=\"534\" srcset=\"data:image\/svg+xml,%3Csvg%20xmlns%3D%27http%3A%2F%2Fwww.w3.org%2F2000%2Fsvg%27%20width%3D%27800%27%20height%3D%27534%27%20viewBox%3D%270%200%20800%20534%27%3E%3Crect%20width%3D%27800%27%20height%3D%27534%27%20fill-opacity%3D%220%22%2F%3E%3C%2Fsvg%3E\" data-srcset=\"https:\/\/paulinenaue.info\/wp-content\/uploads\/2024\/12\/2024-12-24-Weihnachten-in-der-Kirche-02-200x133.jpeg 200w, https:\/\/paulinenaue.info\/wp-content\/uploads\/2024\/12\/2024-12-24-Weihnachten-in-der-Kirche-02-300x200.jpeg 300w, https:\/\/paulinenaue.info\/wp-content\/uploads\/2024\/12\/2024-12-24-Weihnachten-in-der-Kirche-02-400x267.jpeg 400w, https:\/\/paulinenaue.info\/wp-content\/uploads\/2024\/12\/2024-12-24-Weihnachten-in-der-Kirche-02-600x400.jpeg 600w, https:\/\/paulinenaue.info\/wp-content\/uploads\/2024\/12\/2024-12-24-Weihnachten-in-der-Kirche-02-768x512.jpeg 768w, https:\/\/paulinenaue.info\/wp-content\/uploads\/2024\/12\/2024-12-24-Weihnachten-in-der-Kirche-02-800x534.jpeg 800w, https:\/\/paulinenaue.info\/wp-content\/uploads\/2024\/12\/2024-12-24-Weihnachten-in-der-Kirche-02.jpeg 1000w\" data-sizes=\"auto\" data-orig-sizes=\"(max-width: 800px) 100vw, 800px\" \/><\/a><p id=\"caption-attachment-417173\" class=\"wp-caption-text\"><em>Pfarrer Michael Jurk beim Gottesdienst am Heiligen Abend 2024. Besonders auff\u00e4llig der blau ausgemalte Altarraum. Foto: J. Scholz, 2024. <\/em><\/p><\/div>\n<p>Am Rande des Gottesdienstes stellte Andreas Flender die Brosch\u00fcre \u201eKirchenkultur in Brandenburg\u201c vor, die einen kurzen und informativen Artikel zur Bau- und Sanierungsgeschichte unserer Kirche enth\u00e4lt. Pfarrer Jurk erinnerte an den <a href=\"https:\/\/paulinenaue.info\/index.php\/event\/miteinander-reden-buergerdialog-in-der-kirche\/\">B\u00fcrgerdialog, der am 12. Januar 2025<\/a> zum Thema \u201eEinsamkeit\u201c in der Kirche stattfinden wird. Diese Veranstaltung, aber auch die offizielle Feier zur Er\u00f6ffnung der Kirche am 1. Juni 2025, sind bereits Beispiele f\u00fcr die k\u00fcnftige, nicht mehr nur kirchliche Nutzung unserer Paulinenauer Dorfkirche. \u2013 Diese neue Nutzung wird den Trend verst\u00e4rken, der sich zuletzt immer mehr abzeichnete. In Paulinenaue findet man heute mehr Gemeinsinn und mehr Zusammenhalt als noch vor einigen Jahren. Das zeigte sich in der Weihnachtszeit nicht blo\u00df in der Kirche, sondern zum Beispiel auch <a href=\"https:\/\/paulinenaue.info\/index.php\/kultur-zum-jahresende-der-paulinenauer-weihnachtsmarkt\/\">beim Weihnachtsmarkt<\/a>. Zu einem Weihnachtssingen, das die <a href=\"https:\/\/paulinenaue.info\/index.php\/pauerfrauen\/\">Pauerfrauen<\/a> organisiert hatten, fanden sich schon am 22. Dezember Dutzende Einwohner im Gutspark zusammen und gaben mit Instrumentalbegleitung sich selbst und den Bewohnern des Schlosses Weihnachtslieder zum Besten.<\/p>\n<div id=\"attachment_417180\" style=\"width: 810px\" class=\"wp-caption alignnone\"><a href=\"https:\/\/paulinenaue.info\/wp-content\/uploads\/2024\/12\/2024-12-22-Weihnachtssingen-der-Pauerfrauen.jpeg\"><img decoding=\"async\" aria-describedby=\"caption-attachment-417180\" data-attachment-id=\"417180\" data-permalink=\"https:\/\/paulinenaue.info\/index.php\/heiligabend-2024-erster-gottesdienst-in-der-sanierten-kirche\/2024-12-22-weihnachtssingen-der-pauerfrauen\/\" data-orig-file=\"https:\/\/paulinenaue.info\/wp-content\/uploads\/2024\/12\/2024-12-22-Weihnachtssingen-der-Pauerfrauen.jpeg\" data-orig-size=\"1600,900\" data-comments-opened=\"1\" data-image-meta=\"{&quot;aperture&quot;:&quot;0&quot;,&quot;credit&quot;:&quot;&quot;,&quot;camera&quot;:&quot;&quot;,&quot;caption&quot;:&quot;&quot;,&quot;created_timestamp&quot;:&quot;0&quot;,&quot;copyright&quot;:&quot;&quot;,&quot;focal_length&quot;:&quot;0&quot;,&quot;iso&quot;:&quot;0&quot;,&quot;shutter_speed&quot;:&quot;0&quot;,&quot;title&quot;:&quot;&quot;,&quot;orientation&quot;:&quot;0&quot;}\" data-image-title=\"2024-12-22, Weihnachtssingen der Pauerfrauen\" data-image-description=\"\" data-image-caption=\"\" data-large-file=\"https:\/\/paulinenaue.info\/wp-content\/uploads\/2024\/12\/2024-12-22-Weihnachtssingen-der-Pauerfrauen-1024x576.jpeg\" class=\"lazyload wp-image-417180 size-fusion-800\" src=\"https:\/\/paulinenaue.info\/wp-content\/uploads\/2024\/12\/2024-12-22-Weihnachtssingen-der-Pauerfrauen-800x450.jpeg\" data-orig-src=\"https:\/\/paulinenaue.info\/wp-content\/uploads\/2024\/12\/2024-12-22-Weihnachtssingen-der-Pauerfrauen-800x450.jpeg\" alt=\"\" width=\"800\" height=\"450\" srcset=\"data:image\/svg+xml,%3Csvg%20xmlns%3D%27http%3A%2F%2Fwww.w3.org%2F2000%2Fsvg%27%20width%3D%27800%27%20height%3D%27450%27%20viewBox%3D%270%200%20800%20450%27%3E%3Crect%20width%3D%27800%27%20height%3D%27450%27%20fill-opacity%3D%220%22%2F%3E%3C%2Fsvg%3E\" data-srcset=\"https:\/\/paulinenaue.info\/wp-content\/uploads\/2024\/12\/2024-12-22-Weihnachtssingen-der-Pauerfrauen-200x113.jpeg 200w, https:\/\/paulinenaue.info\/wp-content\/uploads\/2024\/12\/2024-12-22-Weihnachtssingen-der-Pauerfrauen-300x169.jpeg 300w, https:\/\/paulinenaue.info\/wp-content\/uploads\/2024\/12\/2024-12-22-Weihnachtssingen-der-Pauerfrauen-400x225.jpeg 400w, https:\/\/paulinenaue.info\/wp-content\/uploads\/2024\/12\/2024-12-22-Weihnachtssingen-der-Pauerfrauen-600x338.jpeg 600w, https:\/\/paulinenaue.info\/wp-content\/uploads\/2024\/12\/2024-12-22-Weihnachtssingen-der-Pauerfrauen-768x432.jpeg 768w, https:\/\/paulinenaue.info\/wp-content\/uploads\/2024\/12\/2024-12-22-Weihnachtssingen-der-Pauerfrauen-800x450.jpeg 800w, https:\/\/paulinenaue.info\/wp-content\/uploads\/2024\/12\/2024-12-22-Weihnachtssingen-der-Pauerfrauen-1024x576.jpeg 1024w, https:\/\/paulinenaue.info\/wp-content\/uploads\/2024\/12\/2024-12-22-Weihnachtssingen-der-Pauerfrauen-1200x675.jpeg 1200w, https:\/\/paulinenaue.info\/wp-content\/uploads\/2024\/12\/2024-12-22-Weihnachtssingen-der-Pauerfrauen-1536x864.jpeg 1536w, https:\/\/paulinenaue.info\/wp-content\/uploads\/2024\/12\/2024-12-22-Weihnachtssingen-der-Pauerfrauen.jpeg 1600w\" data-sizes=\"auto\" data-orig-sizes=\"(max-width: 800px) 100vw, 800px\" \/><\/a><p id=\"caption-attachment-417180\" class=\"wp-caption-text\"><em>Das Weihnachtssingen im Paulinenauer Gutspark am 22. Dezember hatten die Pauerfrauen organisiert. Foto: E. Schwarz, 2024.<\/em><\/p><\/div>\n<p>&nbsp;<\/p>\n","protected":false},"excerpt":{"rendered":"<p>Der Gottesdienst in der sanierten Kirche an Heiligabend 2024 war [&hellip;]<\/p>\n","protected":false},"author":1,"featured_media":417173,"comment_status":"open","ping_status":"open","sticky":false,"template":"","format":"standard","meta":{"_acf_changed":false,"_price":"","_stock":"","_tribe_ticket_header":"","_tribe_default_ticket_provider":"","_tribe_ticket_capacity":"0","_ticket_start_date":"","_ticket_end_date":"","_tribe_ticket_show_description":"","_tribe_ticket_show_not_going":false,"_tribe_ticket_use_global_stock":"","_tribe_ticket_global_stock_level":"","_global_stock_mode":"","_global_stock_cap":"","_tribe_rsvp_for_event":"","_tribe_ticket_going_count":"","_tribe_ticket_not_going_count":"","_tribe_tickets_list":"[]","_tribe_ticket_has_attendee_info_fields":false,"jetpack_post_was_ever_published":false,"_jetpack_newsletter_access":"","_jetpack_dont_email_post_to_subs":false,"_jetpack_newsletter_tier_id":0,"_jetpack_memberships_contains_paywalled_content":false,"_jetpack_memberships_contains_paid_content":false,"footnotes":"","jetpack_publicize_message":"","jetpack_publicize_feature_enabled":true,"jetpack_social_post_already_shared":true,"jetpack_social_options":{"image_generator_settings":{"template":"highway","default_image_id":0,"font":"","enabled":false},"version":2}},"categories":[519,6,26],"tags":[27,562,419],"class_list":["post-417171","post","type-post","status-publish","format-standard","has-post-thumbnail","hentry","category-ehrenamt","category-hier-zuhause","category-kirche","tag-kirche","tag-pauerfrauen","tag-weihnachten"],"acf":[],"yoast_head":"<!-- This site is optimized with the Yoast SEO plugin v27.5 - https:\/\/yoast.com\/product\/yoast-seo-wordpress\/ -->\n<title>Weihnachten 2024 \u2013 Gottesdienst in der Kirche und Weihnachtssingen im Park - Paulinenaue<\/title>\n<meta name=\"description\" content=\"Der Gottesdienst in der sanierten Kirche war f\u00fcr viele Paulinenauerinnen und Paulinenauer ein stimmungsvoller Auftakt in die Feiertage.\" \/>\n<meta name=\"robots\" content=\"index, follow, max-snippet:-1, max-image-preview:large, max-video-preview:-1\" \/>\n<link rel=\"canonical\" href=\"https:\/\/paulinenaue.info\/index.php\/heiligabend-2024-erster-gottesdienst-in-der-sanierten-kirche\/\" \/>\n<meta property=\"og:locale\" content=\"de_DE\" \/>\n<meta property=\"og:type\" content=\"article\" \/>\n<meta property=\"og:title\" content=\"Weihnachten 2024 \u2013 Gottesdienst in der Kirche und Weihnachtssingen im Park - Paulinenaue\" \/>\n<meta property=\"og:description\" content=\"Der Gottesdienst in der sanierten Kirche war f\u00fcr viele Paulinenauerinnen und Paulinenauer ein stimmungsvoller Auftakt in die Feiertage.\" \/>\n<meta property=\"og:url\" content=\"https:\/\/paulinenaue.info\/index.php\/heiligabend-2024-erster-gottesdienst-in-der-sanierten-kirche\/\" \/>\n<meta property=\"og:site_name\" content=\"Paulinenaue\" \/>\n<meta property=\"article:published_time\" content=\"2024-12-26T12:17:17+00:00\" \/>\n<meta property=\"article:modified_time\" content=\"2024-12-26T16:21:02+00:00\" \/>\n<meta property=\"og:image\" content=\"https:\/\/paulinenaue.info\/wp-content\/uploads\/2024\/12\/2024-12-24-Weihnachten-in-der-Kirche-02.jpeg\" \/>\n\t<meta property=\"og:image:width\" content=\"1000\" \/>\n\t<meta property=\"og:image:height\" content=\"667\" \/>\n\t<meta property=\"og:image:type\" content=\"image\/jpeg\" \/>\n<meta name=\"author\" content=\"Joachim Scholz\" \/>\n<meta name=\"twitter:card\" content=\"summary_large_image\" \/>\n<meta name=\"twitter:label1\" content=\"Verfasst von\" \/>\n\t<meta name=\"twitter:data1\" content=\"Joachim Scholz\" \/>\n\t<meta name=\"twitter:label2\" content=\"Gesch\u00e4tzte Lesezeit\" \/>\n\t<meta name=\"twitter:data2\" content=\"3\u00a0Minuten\" \/>\n<script type=\"application\/ld+json\" class=\"yoast-schema-graph\">{\"@context\":\"https:\\\/\\\/schema.org\",\"@graph\":[{\"@type\":\"Article\",\"@id\":\"https:\\\/\\\/paulinenaue.info\\\/index.php\\\/heiligabend-2024-erster-gottesdienst-in-der-sanierten-kirche\\\/#article\",\"isPartOf\":{\"@id\":\"https:\\\/\\\/paulinenaue.info\\\/index.php\\\/heiligabend-2024-erster-gottesdienst-in-der-sanierten-kirche\\\/\"},\"author\":{\"name\":\"Joachim Scholz\",\"@id\":\"https:\\\/\\\/paulinenaue.info\\\/#\\\/schema\\\/person\\\/3f9e818fd7b69b0d2bd937ac506897cc\"},\"headline\":\"Weihnachten 2024 \u2013 Gottesdienst in der Kirche und Weihnachtssingen im Park\",\"datePublished\":\"2024-12-26T12:17:17+00:00\",\"dateModified\":\"2024-12-26T16:21:02+00:00\",\"mainEntityOfPage\":{\"@id\":\"https:\\\/\\\/paulinenaue.info\\\/index.php\\\/heiligabend-2024-erster-gottesdienst-in-der-sanierten-kirche\\\/\"},\"wordCount\":347,\"commentCount\":0,\"image\":{\"@id\":\"https:\\\/\\\/paulinenaue.info\\\/index.php\\\/heiligabend-2024-erster-gottesdienst-in-der-sanierten-kirche\\\/#primaryimage\"},\"thumbnailUrl\":\"https:\\\/\\\/paulinenaue.info\\\/wp-content\\\/uploads\\\/2024\\\/12\\\/2024-12-24-Weihnachten-in-der-Kirche-02.jpeg\",\"keywords\":[\"Kirche\",\"Pauerfrauen\",\"Weihnachten\"],\"articleSection\":[\"Ehrenamt\",\"Hier Zuhause\",\"Kirche\"],\"inLanguage\":\"de\",\"potentialAction\":[{\"@type\":\"CommentAction\",\"name\":\"Comment\",\"target\":[\"https:\\\/\\\/paulinenaue.info\\\/index.php\\\/heiligabend-2024-erster-gottesdienst-in-der-sanierten-kirche\\\/#respond\"]}]},{\"@type\":\"WebPage\",\"@id\":\"https:\\\/\\\/paulinenaue.info\\\/index.php\\\/heiligabend-2024-erster-gottesdienst-in-der-sanierten-kirche\\\/\",\"url\":\"https:\\\/\\\/paulinenaue.info\\\/index.php\\\/heiligabend-2024-erster-gottesdienst-in-der-sanierten-kirche\\\/\",\"name\":\"Weihnachten 2024 \u2013 Gottesdienst in der Kirche und Weihnachtssingen im Park - Paulinenaue\",\"isPartOf\":{\"@id\":\"https:\\\/\\\/paulinenaue.info\\\/#website\"},\"primaryImageOfPage\":{\"@id\":\"https:\\\/\\\/paulinenaue.info\\\/index.php\\\/heiligabend-2024-erster-gottesdienst-in-der-sanierten-kirche\\\/#primaryimage\"},\"image\":{\"@id\":\"https:\\\/\\\/paulinenaue.info\\\/index.php\\\/heiligabend-2024-erster-gottesdienst-in-der-sanierten-kirche\\\/#primaryimage\"},\"thumbnailUrl\":\"https:\\\/\\\/paulinenaue.info\\\/wp-content\\\/uploads\\\/2024\\\/12\\\/2024-12-24-Weihnachten-in-der-Kirche-02.jpeg\",\"datePublished\":\"2024-12-26T12:17:17+00:00\",\"dateModified\":\"2024-12-26T16:21:02+00:00\",\"author\":{\"@id\":\"https:\\\/\\\/paulinenaue.info\\\/#\\\/schema\\\/person\\\/3f9e818fd7b69b0d2bd937ac506897cc\"},\"description\":\"Der Gottesdienst in der sanierten Kirche war f\u00fcr viele Paulinenauerinnen und Paulinenauer ein stimmungsvoller Auftakt in die Feiertage.\",\"breadcrumb\":{\"@id\":\"https:\\\/\\\/paulinenaue.info\\\/index.php\\\/heiligabend-2024-erster-gottesdienst-in-der-sanierten-kirche\\\/#breadcrumb\"},\"inLanguage\":\"de\",\"potentialAction\":[{\"@type\":\"ReadAction\",\"target\":[\"https:\\\/\\\/paulinenaue.info\\\/index.php\\\/heiligabend-2024-erster-gottesdienst-in-der-sanierten-kirche\\\/\"]}]},{\"@type\":\"ImageObject\",\"inLanguage\":\"de\",\"@id\":\"https:\\\/\\\/paulinenaue.info\\\/index.php\\\/heiligabend-2024-erster-gottesdienst-in-der-sanierten-kirche\\\/#primaryimage\",\"url\":\"https:\\\/\\\/paulinenaue.info\\\/wp-content\\\/uploads\\\/2024\\\/12\\\/2024-12-24-Weihnachten-in-der-Kirche-02.jpeg\",\"contentUrl\":\"https:\\\/\\\/paulinenaue.info\\\/wp-content\\\/uploads\\\/2024\\\/12\\\/2024-12-24-Weihnachten-in-der-Kirche-02.jpeg\",\"width\":1000,\"height\":667},{\"@type\":\"BreadcrumbList\",\"@id\":\"https:\\\/\\\/paulinenaue.info\\\/index.php\\\/heiligabend-2024-erster-gottesdienst-in-der-sanierten-kirche\\\/#breadcrumb\",\"itemListElement\":[{\"@type\":\"ListItem\",\"position\":1,\"name\":\"Home\",\"item\":\"https:\\\/\\\/paulinenaue.info\\\/\"},{\"@type\":\"ListItem\",\"position\":2,\"name\":\"Weihnachten 2024 \u2013 Gottesdienst in der Kirche und Weihnachtssingen im Park\"}]},{\"@type\":\"WebSite\",\"@id\":\"https:\\\/\\\/paulinenaue.info\\\/#website\",\"url\":\"https:\\\/\\\/paulinenaue.info\\\/\",\"name\":\"Paulinenaue\",\"description\":\"Ein Dorf im Havelland\",\"potentialAction\":[{\"@type\":\"SearchAction\",\"target\":{\"@type\":\"EntryPoint\",\"urlTemplate\":\"https:\\\/\\\/paulinenaue.info\\\/?s={search_term_string}\"},\"query-input\":{\"@type\":\"PropertyValueSpecification\",\"valueRequired\":true,\"valueName\":\"search_term_string\"}}],\"inLanguage\":\"de\"},{\"@type\":\"Person\",\"@id\":\"https:\\\/\\\/paulinenaue.info\\\/#\\\/schema\\\/person\\\/3f9e818fd7b69b0d2bd937ac506897cc\",\"name\":\"Joachim Scholz\",\"url\":\"https:\\\/\\\/paulinenaue.info\\\/index.php\\\/author\\\/jjscholz\\\/\"}]}<\/script>\n<!-- \/ Yoast SEO plugin. -->","yoast_head_json":{"title":"Weihnachten 2024 \u2013 Gottesdienst in der Kirche und Weihnachtssingen im Park - Paulinenaue","description":"Der Gottesdienst in der sanierten Kirche war f\u00fcr viele Paulinenauerinnen und Paulinenauer ein stimmungsvoller Auftakt in die Feiertage.","robots":{"index":"index","follow":"follow","max-snippet":"max-snippet:-1","max-image-preview":"max-image-preview:large","max-video-preview":"max-video-preview:-1"},"canonical":"https:\/\/paulinenaue.info\/index.php\/heiligabend-2024-erster-gottesdienst-in-der-sanierten-kirche\/","og_locale":"de_DE","og_type":"article","og_title":"Weihnachten 2024 \u2013 Gottesdienst in der Kirche und Weihnachtssingen im Park - Paulinenaue","og_description":"Der Gottesdienst in der sanierten Kirche war f\u00fcr viele Paulinenauerinnen und Paulinenauer ein stimmungsvoller Auftakt in die Feiertage.","og_url":"https:\/\/paulinenaue.info\/index.php\/heiligabend-2024-erster-gottesdienst-in-der-sanierten-kirche\/","og_site_name":"Paulinenaue","article_published_time":"2024-12-26T12:17:17+00:00","article_modified_time":"2024-12-26T16:21:02+00:00","og_image":[{"width":1000,"height":667,"url":"https:\/\/paulinenaue.info\/wp-content\/uploads\/2024\/12\/2024-12-24-Weihnachten-in-der-Kirche-02.jpeg","type":"image\/jpeg"}],"author":"Joachim Scholz","twitter_card":"summary_large_image","twitter_misc":{"Verfasst von":"Joachim Scholz","Gesch\u00e4tzte Lesezeit":"3\u00a0Minuten"},"schema":{"@context":"https:\/\/schema.org","@graph":[{"@type":"Article","@id":"https:\/\/paulinenaue.info\/index.php\/heiligabend-2024-erster-gottesdienst-in-der-sanierten-kirche\/#article","isPartOf":{"@id":"https:\/\/paulinenaue.info\/index.php\/heiligabend-2024-erster-gottesdienst-in-der-sanierten-kirche\/"},"author":{"name":"Joachim Scholz","@id":"https:\/\/paulinenaue.info\/#\/schema\/person\/3f9e818fd7b69b0d2bd937ac506897cc"},"headline":"Weihnachten 2024 \u2013 Gottesdienst in der Kirche und Weihnachtssingen im Park","datePublished":"2024-12-26T12:17:17+00:00","dateModified":"2024-12-26T16:21:02+00:00","mainEntityOfPage":{"@id":"https:\/\/paulinenaue.info\/index.php\/heiligabend-2024-erster-gottesdienst-in-der-sanierten-kirche\/"},"wordCount":347,"commentCount":0,"image":{"@id":"https:\/\/paulinenaue.info\/index.php\/heiligabend-2024-erster-gottesdienst-in-der-sanierten-kirche\/#primaryimage"},"thumbnailUrl":"https:\/\/paulinenaue.info\/wp-content\/uploads\/2024\/12\/2024-12-24-Weihnachten-in-der-Kirche-02.jpeg","keywords":["Kirche","Pauerfrauen","Weihnachten"],"articleSection":["Ehrenamt","Hier Zuhause","Kirche"],"inLanguage":"de","potentialAction":[{"@type":"CommentAction","name":"Comment","target":["https:\/\/paulinenaue.info\/index.php\/heiligabend-2024-erster-gottesdienst-in-der-sanierten-kirche\/#respond"]}]},{"@type":"WebPage","@id":"https:\/\/paulinenaue.info\/index.php\/heiligabend-2024-erster-gottesdienst-in-der-sanierten-kirche\/","url":"https:\/\/paulinenaue.info\/index.php\/heiligabend-2024-erster-gottesdienst-in-der-sanierten-kirche\/","name":"Weihnachten 2024 \u2013 Gottesdienst in der Kirche und Weihnachtssingen im Park - Paulinenaue","isPartOf":{"@id":"https:\/\/paulinenaue.info\/#website"},"primaryImageOfPage":{"@id":"https:\/\/paulinenaue.info\/index.php\/heiligabend-2024-erster-gottesdienst-in-der-sanierten-kirche\/#primaryimage"},"image":{"@id":"https:\/\/paulinenaue.info\/index.php\/heiligabend-2024-erster-gottesdienst-in-der-sanierten-kirche\/#primaryimage"},"thumbnailUrl":"https:\/\/paulinenaue.info\/wp-content\/uploads\/2024\/12\/2024-12-24-Weihnachten-in-der-Kirche-02.jpeg","datePublished":"2024-12-26T12:17:17+00:00","dateModified":"2024-12-26T16:21:02+00:00","author":{"@id":"https:\/\/paulinenaue.info\/#\/schema\/person\/3f9e818fd7b69b0d2bd937ac506897cc"},"description":"Der Gottesdienst in der sanierten Kirche war f\u00fcr viele Paulinenauerinnen und Paulinenauer ein stimmungsvoller Auftakt in die Feiertage.","breadcrumb":{"@id":"https:\/\/paulinenaue.info\/index.php\/heiligabend-2024-erster-gottesdienst-in-der-sanierten-kirche\/#breadcrumb"},"inLanguage":"de","potentialAction":[{"@type":"ReadAction","target":["https:\/\/paulinenaue.info\/index.php\/heiligabend-2024-erster-gottesdienst-in-der-sanierten-kirche\/"]}]},{"@type":"ImageObject","inLanguage":"de","@id":"https:\/\/paulinenaue.info\/index.php\/heiligabend-2024-erster-gottesdienst-in-der-sanierten-kirche\/#primaryimage","url":"https:\/\/paulinenaue.info\/wp-content\/uploads\/2024\/12\/2024-12-24-Weihnachten-in-der-Kirche-02.jpeg","contentUrl":"https:\/\/paulinenaue.info\/wp-content\/uploads\/2024\/12\/2024-12-24-Weihnachten-in-der-Kirche-02.jpeg","width":1000,"height":667},{"@type":"BreadcrumbList","@id":"https:\/\/paulinenaue.info\/index.php\/heiligabend-2024-erster-gottesdienst-in-der-sanierten-kirche\/#breadcrumb","itemListElement":[{"@type":"ListItem","position":1,"name":"Home","item":"https:\/\/paulinenaue.info\/"},{"@type":"ListItem","position":2,"name":"Weihnachten 2024 \u2013 Gottesdienst in der Kirche und Weihnachtssingen im Park"}]},{"@type":"WebSite","@id":"https:\/\/paulinenaue.info\/#website","url":"https:\/\/paulinenaue.info\/","name":"Paulinenaue","description":"Ein Dorf im Havelland","potentialAction":[{"@type":"SearchAction","target":{"@type":"EntryPoint","urlTemplate":"https:\/\/paulinenaue.info\/?s={search_term_string}"},"query-input":{"@type":"PropertyValueSpecification","valueRequired":true,"valueName":"search_term_string"}}],"inLanguage":"de"},{"@type":"Person","@id":"https:\/\/paulinenaue.info\/#\/schema\/person\/3f9e818fd7b69b0d2bd937ac506897cc","name":"Joachim Scholz","url":"https:\/\/paulinenaue.info\/index.php\/author\/jjscholz\/"}]}},"jetpack_publicize_connections":[],"jetpack_featured_media_url":"https:\/\/paulinenaue.info\/wp-content\/uploads\/2024\/12\/2024-12-24-Weihnachten-in-der-Kirche-02.jpeg","jetpack_sharing_enabled":true,"jetpack_shortlink":"https:\/\/wp.me\/pcYhWA-1Kwz","jetpack-related-posts":[{"id":6399,"url":"https:\/\/paulinenaue.info\/index.php\/weihnachtsgottesdienst-an-heilig-abend\/","url_meta":{"origin":417171,"position":0},"title":"Weihnachtsgottesdienst an Heilig Abend","author":"Sarah","date":"19. Dezember 2021","format":false,"excerpt":"Findet am 24.12.2021 ein Gottesdienst in der Kirche statt? Aufgrund der strengen Auflagen wollen wir niemanden ausschlie\u00dfen! Deshalb feiern wir den urspr\u00fcnglich im Gemeindebrief angek\u00fcndigten Gottesdienst nicht im herk\u00f6mmlichen Format, sondern laden Heilig Abend dazu ein, zwischen 15:00 Uhr und 16:00 Uhr drau\u00dfen vor der Kirche, an die Krippe zu\u2026","rel":"","context":"In &quot;Allgemein&quot;","block_context":{"text":"Allgemein","link":"https:\/\/paulinenaue.info\/index.php\/category\/allgemein\/"},"img":{"alt_text":"Paulinenauer Kirche","src":"https:\/\/i0.wp.com\/paulinenaue.info\/wp-content\/uploads\/2015\/10\/kirche_20071225_01.jpg?resize=350%2C200&ssl=1","width":350,"height":200},"classes":[]},{"id":558,"url":"https:\/\/paulinenaue.info\/index.php\/zehnter-paulinenauer-weihnachtsmarkt\/","url_meta":{"origin":417171,"position":1},"title":"Zehnter Paulinenauer Weihnachtsmarkt","author":"Joachim Scholz","date":"28. November 2016","format":false,"excerpt":"Einen Weihnachtsmarkt abzuhalten, wie es in anderen Orten hier und dort bereits \u00fcblich war, geh\u00f6rte im Herbst 2006 zu den ersten Zielen und Vorhaben des neu gegr\u00fcndeten Paulinenauer Kulturvereins. Doch seitdem er vor zehn Jahren das erste Mal seine Pforten er\u00f6ffnete, wurde der Weihnachtsmarkt stets von Vielen gestaltet.\u00a02016 fand er\u2026","rel":"","context":"In &quot;Allgemein&quot;","block_context":{"text":"Allgemein","link":"https:\/\/paulinenaue.info\/index.php\/category\/allgemein\/"},"img":{"alt_text":"","src":"https:\/\/i0.wp.com\/paulinenaue.info\/wp-content\/uploads\/2016\/11\/DSC07450.jpg?resize=350%2C200&ssl=1","width":350,"height":200,"srcset":"https:\/\/i0.wp.com\/paulinenaue.info\/wp-content\/uploads\/2016\/11\/DSC07450.jpg?resize=350%2C200&ssl=1 1x, https:\/\/i0.wp.com\/paulinenaue.info\/wp-content\/uploads\/2016\/11\/DSC07450.jpg?resize=525%2C300&ssl=1 1.5x, https:\/\/i0.wp.com\/paulinenaue.info\/wp-content\/uploads\/2016\/11\/DSC07450.jpg?resize=700%2C400&ssl=1 2x"},"classes":[]},{"id":417135,"url":"https:\/\/paulinenaue.info\/index.php\/ein-blick-in-die-fast-fertig-sanierte-kirche\/","url_meta":{"origin":417171,"position":2},"title":"Ein Blick in die fast fertig sanierte Kirche","author":"Joachim Scholz","date":"15. Dezember 2024","format":false,"excerpt":"Nicht nur in Paulinenauer Kinderherzen w\u00e4chst gerade die vorweihnachtliche Spannung. Sie zeigt sich auch in emsigen Vorbereitungen an einem Geb\u00e4ude, das am Heiligen Abend eine besondere Rolle spielen soll. Die Sanierung der Paulinenauer Dorfkirche steht unmittelbar vor dem Abschluss und wenn alles wie geplant abl\u00e4uft, dann wird der Gottesdienst am\u2026","rel":"","context":"In &quot;Allgemein&quot;","block_context":{"text":"Allgemein","link":"https:\/\/paulinenaue.info\/index.php\/category\/allgemein\/"},"img":{"alt_text":"","src":"https:\/\/i0.wp.com\/paulinenaue.info\/wp-content\/uploads\/2024\/12\/2024-12-13_10-21-54-1.jpg?resize=350%2C200&ssl=1","width":350,"height":200,"srcset":"https:\/\/i0.wp.com\/paulinenaue.info\/wp-content\/uploads\/2024\/12\/2024-12-13_10-21-54-1.jpg?resize=350%2C200&ssl=1 1x, https:\/\/i0.wp.com\/paulinenaue.info\/wp-content\/uploads\/2024\/12\/2024-12-13_10-21-54-1.jpg?resize=525%2C300&ssl=1 1.5x, https:\/\/i0.wp.com\/paulinenaue.info\/wp-content\/uploads\/2024\/12\/2024-12-13_10-21-54-1.jpg?resize=700%2C400&ssl=1 2x, https:\/\/i0.wp.com\/paulinenaue.info\/wp-content\/uploads\/2024\/12\/2024-12-13_10-21-54-1.jpg?resize=1050%2C600&ssl=1 3x, https:\/\/i0.wp.com\/paulinenaue.info\/wp-content\/uploads\/2024\/12\/2024-12-13_10-21-54-1.jpg?resize=1400%2C800&ssl=1 4x"},"classes":[]},{"id":415532,"url":"https:\/\/paulinenaue.info\/index.php\/kirchsanierung-neues-dach-nach-55-jahren\/","url_meta":{"origin":417171,"position":3},"title":"Kirchsanierung &#8211; Neues Dach nach 55 Jahren","author":"Joachim Scholz","date":"6. Dezember 2023","format":false,"excerpt":"","rel":"","context":"In &quot;Allgemein&quot;","block_context":{"text":"Allgemein","link":"https:\/\/paulinenaue.info\/index.php\/category\/allgemein\/"},"img":{"alt_text":"","src":"https:\/\/i0.wp.com\/paulinenaue.info\/wp-content\/uploads\/2023\/12\/2023-11-25-Kirche-eingeruestet.jpeg?resize=350%2C200&ssl=1","width":350,"height":200,"srcset":"https:\/\/i0.wp.com\/paulinenaue.info\/wp-content\/uploads\/2023\/12\/2023-11-25-Kirche-eingeruestet.jpeg?resize=350%2C200&ssl=1 1x, https:\/\/i0.wp.com\/paulinenaue.info\/wp-content\/uploads\/2023\/12\/2023-11-25-Kirche-eingeruestet.jpeg?resize=525%2C300&ssl=1 1.5x, https:\/\/i0.wp.com\/paulinenaue.info\/wp-content\/uploads\/2023\/12\/2023-11-25-Kirche-eingeruestet.jpeg?resize=700%2C400&ssl=1 2x"},"classes":[]},{"id":416973,"url":"https:\/\/paulinenaue.info\/index.php\/kultur-zum-jahresende-der-paulinenauer-weihnachtsmarkt\/","url_meta":{"origin":417171,"position":4},"title":"Kultur zum Jahresende \u2013\u00a0Der Paulinenauer Weihnachtsmarkt","author":"Joachim Scholz","date":"1. Dezember 2024","format":false,"excerpt":"Am Ende dieses Jahr standen und stehen in Paulinenaue einige kulturelle Highlights auf der Tagesordnung. Wir feierten das hundertste Gemeindejubil\u00e4um, erlebten Stunden der Besinnlichkeit beim Martinsfest oder\u00a0 die j\u00e4hrliche Andacht f\u00fcr die \u00fcbers Jahr Verstorbenen auf dem Friedhof. Das Dorfbild zeigte mit dem\u00a0Arrangement aus B\u00e4nken und Tisch vor der Schule\u2026","rel":"","context":"In &quot;Allgemein&quot;","block_context":{"text":"Allgemein","link":"https:\/\/paulinenaue.info\/index.php\/category\/allgemein\/"},"img":{"alt_text":"","src":"https:\/\/i0.wp.com\/paulinenaue.info\/wp-content\/uploads\/2024\/12\/2024-11-30-Weihnachtsmarkt-04.jpeg?resize=350%2C200&ssl=1","width":350,"height":200,"srcset":"https:\/\/i0.wp.com\/paulinenaue.info\/wp-content\/uploads\/2024\/12\/2024-11-30-Weihnachtsmarkt-04.jpeg?resize=350%2C200&ssl=1 1x, https:\/\/i0.wp.com\/paulinenaue.info\/wp-content\/uploads\/2024\/12\/2024-11-30-Weihnachtsmarkt-04.jpeg?resize=525%2C300&ssl=1 1.5x, https:\/\/i0.wp.com\/paulinenaue.info\/wp-content\/uploads\/2024\/12\/2024-11-30-Weihnachtsmarkt-04.jpeg?resize=700%2C400&ssl=1 2x"},"classes":[]},{"id":1265,"url":"https:\/\/paulinenaue.info\/index.php\/die-vertreibung-des-pfarrers-willimsky-teil-2\/","url_meta":{"origin":417171,"position":5},"title":"Die Vertreibung des Pfarrers Willimsky (Teil 2)","author":"Sarah","date":"23. Juni 2017","format":false,"excerpt":"17.01.2007 Eine Geschichte von Anpassung und Widerstand im Nationalsozialismus in Paulinenaue und Friesack 2.Teil Joachim Scholz Die Diktatur belohnte den, der den Mund verschloss und man darf annehmen, dass sie auch den Friesacker Pfarrer verschont h\u00e4tte, h\u00e4tte der sich in Stille beschieden. Doch allen \"Friedensangeboten\" zum Trotz gab Willimsky immer\u2026","rel":"","context":"In &quot;Allgemein&quot;","block_context":{"text":"Allgemein","link":"https:\/\/paulinenaue.info\/index.php\/category\/allgemein\/"},"img":{"alt_text":"","src":"https:\/\/i0.wp.com\/paulinenaue.info\/wp-content\/uploads\/2017\/06\/tafel_gransee.jpg?resize=350%2C200&ssl=1","width":350,"height":200},"classes":[]}],"_links":{"self":[{"href":"https:\/\/paulinenaue.info\/index.php\/wp-json\/wp\/v2\/posts\/417171","targetHints":{"allow":["GET"]}}],"collection":[{"href":"https:\/\/paulinenaue.info\/index.php\/wp-json\/wp\/v2\/posts"}],"about":[{"href":"https:\/\/paulinenaue.info\/index.php\/wp-json\/wp\/v2\/types\/post"}],"author":[{"embeddable":true,"href":"https:\/\/paulinenaue.info\/index.php\/wp-json\/wp\/v2\/users\/1"}],"replies":[{"embeddable":true,"href":"https:\/\/paulinenaue.info\/index.php\/wp-json\/wp\/v2\/comments?post=417171"}],"version-history":[{"count":12,"href":"https:\/\/paulinenaue.info\/index.php\/wp-json\/wp\/v2\/posts\/417171\/revisions"}],"predecessor-version":[{"id":417186,"href":"https:\/\/paulinenaue.info\/index.php\/wp-json\/wp\/v2\/posts\/417171\/revisions\/417186"}],"wp:featuredmedia":[{"embeddable":true,"href":"https:\/\/paulinenaue.info\/index.php\/wp-json\/wp\/v2\/media\/417173"}],"wp:attachment":[{"href":"https:\/\/paulinenaue.info\/index.php\/wp-json\/wp\/v2\/media?parent=417171"}],"wp:term":[{"taxonomy":"category","embeddable":true,"href":"https:\/\/paulinenaue.info\/index.php\/wp-json\/wp\/v2\/categories?post=417171"},{"taxonomy":"post_tag","embeddable":true,"href":"https:\/\/paulinenaue.info\/index.php\/wp-json\/wp\/v2\/tags?post=417171"}],"curies":[{"name":"wp","href":"https:\/\/api.w.org\/{rel}","templated":true}]}}