{"id":417278,"date":"2025-03-08T01:06:07","date_gmt":"2025-03-08T00:06:07","guid":{"rendered":"https:\/\/paulinenaue.info\/?p=417278"},"modified":"2025-03-10T01:00:19","modified_gmt":"2025-03-10T00:00:19","slug":"11-maerz-1925-vormittags-1-2-10-paulinenauer-speicher-wird-100","status":"publish","type":"post","link":"https:\/\/paulinenaue.info\/index.php\/11-maerz-1925-vormittags-1-2-10-paulinenauer-speicher-wird-100\/","title":{"rendered":"Der Paulinenauer Speicher wird 100"},"content":{"rendered":"<p><em>Von Sarah Vierjahn, Joachim Scholz und Eberhard Schwarz<\/em><\/p>\n<p>Als der Paulinenauer Gutsspeicher im Jahr 1925 fertiggestellt wurde, ist das sicher festlich begangen worden. Die Errichtung bedeutete f\u00fcr den gerade erst modernisierten Betrieb einen weiteren Fortschritt. Geerntetes Getreide und daraus gewonnenes Korn konnten nun witterungsgesch\u00fctzt trocknen, gelagert und im Geb\u00e4ude weiter verarbeitet werden. Ein wichtiger Schritt zur sicheren Versorgung des Viehs war getan.<\/p>\n<div id=\"attachment_417394\" style=\"width: 610px\" class=\"wp-caption alignnone\"><a href=\"https:\/\/paulinenaue.info\/wp-content\/uploads\/2025\/03\/Speicher-Paulinenaue-ca.-1960.jpg\"><img decoding=\"async\" aria-describedby=\"caption-attachment-417394\" data-attachment-id=\"417394\" data-permalink=\"https:\/\/paulinenaue.info\/index.php\/11-maerz-1925-vormittags-1-2-10-paulinenauer-speicher-wird-100\/speicher-paulinenaue-ca-1960\/\" data-orig-file=\"https:\/\/paulinenaue.info\/wp-content\/uploads\/2025\/03\/Speicher-Paulinenaue-ca.-1960.jpg\" data-orig-size=\"1000,692\" data-comments-opened=\"1\" data-image-meta=\"{&quot;aperture&quot;:&quot;0&quot;,&quot;credit&quot;:&quot;&quot;,&quot;camera&quot;:&quot;&quot;,&quot;caption&quot;:&quot;&quot;,&quot;created_timestamp&quot;:&quot;0&quot;,&quot;copyright&quot;:&quot;&quot;,&quot;focal_length&quot;:&quot;0&quot;,&quot;iso&quot;:&quot;0&quot;,&quot;shutter_speed&quot;:&quot;0&quot;,&quot;title&quot;:&quot;&quot;,&quot;orientation&quot;:&quot;1&quot;}\" data-image-title=\"Speicher Paulinenaue, ca. 1960\" data-image-description=\"\" data-image-caption=\"&lt;p&gt;Der Speicher ca. 1960. Viele Fotos aus fr\u00fcheren Tagen sind nicht erhalten. &lt;\/p&gt;\n\" data-large-file=\"https:\/\/paulinenaue.info\/wp-content\/uploads\/2025\/03\/Speicher-Paulinenaue-ca.-1960.jpg\" class=\"lazyload wp-image-417394 size-fusion-600\" src=\"https:\/\/paulinenaue.info\/wp-content\/uploads\/2025\/03\/Speicher-Paulinenaue-ca.-1960-600x415.jpg\" data-orig-src=\"https:\/\/paulinenaue.info\/wp-content\/uploads\/2025\/03\/Speicher-Paulinenaue-ca.-1960-600x415.jpg\" alt=\"\" width=\"600\" height=\"415\" srcset=\"data:image\/svg+xml,%3Csvg%20xmlns%3D%27http%3A%2F%2Fwww.w3.org%2F2000%2Fsvg%27%20width%3D%27600%27%20height%3D%27415%27%20viewBox%3D%270%200%20600%20415%27%3E%3Crect%20width%3D%27600%27%20height%3D%27415%27%20fill-opacity%3D%220%22%2F%3E%3C%2Fsvg%3E\" data-srcset=\"https:\/\/paulinenaue.info\/wp-content\/uploads\/2025\/03\/Speicher-Paulinenaue-ca.-1960-200x138.jpg 200w, https:\/\/paulinenaue.info\/wp-content\/uploads\/2025\/03\/Speicher-Paulinenaue-ca.-1960-300x208.jpg 300w, https:\/\/paulinenaue.info\/wp-content\/uploads\/2025\/03\/Speicher-Paulinenaue-ca.-1960-400x277.jpg 400w, https:\/\/paulinenaue.info\/wp-content\/uploads\/2025\/03\/Speicher-Paulinenaue-ca.-1960-600x415.jpg 600w, https:\/\/paulinenaue.info\/wp-content\/uploads\/2025\/03\/Speicher-Paulinenaue-ca.-1960-768x531.jpg 768w, https:\/\/paulinenaue.info\/wp-content\/uploads\/2025\/03\/Speicher-Paulinenaue-ca.-1960-800x554.jpg 800w, https:\/\/paulinenaue.info\/wp-content\/uploads\/2025\/03\/Speicher-Paulinenaue-ca.-1960.jpg 1000w\" data-sizes=\"auto\" data-orig-sizes=\"(max-width: 600px) 100vw, 600px\" \/><\/a><p id=\"caption-attachment-417394\" class=\"wp-caption-text\"><em>Der Speicher ca. 1960. Viele Fotos aus fr\u00fcheren Tagen sind nicht erhalten.\u00a0<\/em><\/p><\/div>\n<h5>\u201eMontag 11. Mai 1925 \u2013 Vormittags 1\/2 10\u201c<\/h5>\n<p>Das heute unter Denkmalschutz stehende Geb\u00e4ude erhebt sich noch immer markant \u00fcber dem Paulinenauer Gutshof. Es ist von au\u00dfen wie von innen ein imposantes Bauwerk. Das wei\u00df Sarah Vierjahn, die sich in ihrer 2021 abgeschlossenen Diplomarbeit \u201eBauaufnahme, Zustandsbeurteilung und Erarbeitung von Instandhaltungsma\u00dfnahmen f\u00fcr den Dachstuhl im Speicher auf dem Gutshof in Paulinenaue, Havelland\u201c intensiv mit dem Speicher befasst hat. Nachdem sie ihn damals mitsamt der Konstruktion des Dachstuhles aufgemessen hatte, nahm sie Sch\u00e4den auf und kartierte sie. Dabei entdeckte Sarah eine Notiz aus der Zeit der Errichtung: Auf einem der Sparren an der Nordostseite des Dachgeschosses steht handschriftlich \u201eMontag 11. Mai 1925 \u2013 Vormittags 1\/2 10\u201c geschrieben. Da andere Bauunterlagen bislang fehlen, k\u00f6nnen wir heute vor allem aus dieser Notiz auf die tats\u00e4chliche Erbauungszeit schlie\u00dfen.<\/p>\n<div id=\"attachment_417455\" style=\"width: 610px\" class=\"wp-caption alignnone\"><a href=\"https:\/\/paulinenaue.info\/wp-content\/uploads\/2025\/03\/2025-03-09-Speicher-Datum-auf-Balken.jpeg\"><img decoding=\"async\" aria-describedby=\"caption-attachment-417455\" data-attachment-id=\"417455\" data-permalink=\"https:\/\/paulinenaue.info\/index.php\/11-maerz-1925-vormittags-1-2-10-paulinenauer-speicher-wird-100\/2025-03-09-speicher-datum-auf-balken\/\" data-orig-file=\"https:\/\/paulinenaue.info\/wp-content\/uploads\/2025\/03\/2025-03-09-Speicher-Datum-auf-Balken.jpeg\" data-orig-size=\"1000,667\" data-comments-opened=\"1\" data-image-meta=\"{&quot;aperture&quot;:&quot;2.5&quot;,&quot;credit&quot;:&quot;&quot;,&quot;camera&quot;:&quot;DSC-RX10M3&quot;,&quot;caption&quot;:&quot;&quot;,&quot;created_timestamp&quot;:&quot;1741530603&quot;,&quot;copyright&quot;:&quot;&quot;,&quot;focal_length&quot;:&quot;8.8&quot;,&quot;iso&quot;:&quot;250&quot;,&quot;shutter_speed&quot;:&quot;0.033333333333333&quot;,&quot;title&quot;:&quot;&quot;,&quot;orientation&quot;:&quot;1&quot;}\" data-image-title=\"2025-03-09, Speicher, Datum auf Balken\" data-image-description=\"\" data-image-caption=\"\" data-large-file=\"https:\/\/paulinenaue.info\/wp-content\/uploads\/2025\/03\/2025-03-09-Speicher-Datum-auf-Balken.jpeg\" class=\"lazyload wp-image-417455 size-fusion-600\" src=\"https:\/\/paulinenaue.info\/wp-content\/uploads\/2025\/03\/2025-03-09-Speicher-Datum-auf-Balken-600x400.jpeg\" data-orig-src=\"https:\/\/paulinenaue.info\/wp-content\/uploads\/2025\/03\/2025-03-09-Speicher-Datum-auf-Balken-600x400.jpeg\" alt=\"\" width=\"600\" height=\"400\" srcset=\"data:image\/svg+xml,%3Csvg%20xmlns%3D%27http%3A%2F%2Fwww.w3.org%2F2000%2Fsvg%27%20width%3D%27600%27%20height%3D%27400%27%20viewBox%3D%270%200%20600%20400%27%3E%3Crect%20width%3D%27600%27%20height%3D%27400%27%20fill-opacity%3D%220%22%2F%3E%3C%2Fsvg%3E\" data-srcset=\"https:\/\/paulinenaue.info\/wp-content\/uploads\/2025\/03\/2025-03-09-Speicher-Datum-auf-Balken-200x133.jpeg 200w, https:\/\/paulinenaue.info\/wp-content\/uploads\/2025\/03\/2025-03-09-Speicher-Datum-auf-Balken-300x200.jpeg 300w, https:\/\/paulinenaue.info\/wp-content\/uploads\/2025\/03\/2025-03-09-Speicher-Datum-auf-Balken-400x267.jpeg 400w, https:\/\/paulinenaue.info\/wp-content\/uploads\/2025\/03\/2025-03-09-Speicher-Datum-auf-Balken-600x400.jpeg 600w, https:\/\/paulinenaue.info\/wp-content\/uploads\/2025\/03\/2025-03-09-Speicher-Datum-auf-Balken-768x512.jpeg 768w, https:\/\/paulinenaue.info\/wp-content\/uploads\/2025\/03\/2025-03-09-Speicher-Datum-auf-Balken-800x534.jpeg 800w, https:\/\/paulinenaue.info\/wp-content\/uploads\/2025\/03\/2025-03-09-Speicher-Datum-auf-Balken.jpeg 1000w\" data-sizes=\"auto\" data-orig-sizes=\"(max-width: 600px) 100vw, 600px\" \/><\/a><p id=\"caption-attachment-417455\" class=\"wp-caption-text\"><em>Der Sparren mit der Datierung im Dachstuhl des Speichers, vermutlich aus der Erbauungszeit. Auch bei der Renovierung des Schlosses 1914 und dem Anbau des Saales am Paulinenauer Gasthaus 1933 sind \u00e4hnliche Inschriften \u00fcberliefert. Foto: J. Scholz, 2026. <\/em><\/p><\/div>\n<p>Wer noch nicht die Gelegenheit hatte, den Paulinenauer Speicher von innen zu sehen, wird staunen, welche aufw\u00e4ndige Holzkonstruktion sich im Inneren verbirgt und welche Massen an Holz f\u00fcr den Bau der Tragkonstruktion notwendig waren. Die Verbindungen der H\u00f6lzer des zweifach stehenden, zus\u00e4tzlich abgestrebten Pfettendachstuhls sind gr\u00f6\u00dftenteils zimmermannsm\u00e4\u00dfig, das hei\u00dft ohne mechanische Verbindungsmittel aus Stahl hergestellt worden. Auch die Holzbalkendecke und die Stiele zum weiteren Lastabtrag kommen gr\u00f6\u00dftenteils ohne diese Hilfen aus. Aus Sarah Vierjahns Sicht ist das eine gro\u00dfartige Leistung der Zimmerm\u00e4nner, die damals die Konstruktion planten und umsetzten.<\/p>\n<div id=\"attachment_417414\" style=\"width: 610px\" class=\"wp-caption alignnone\"><a href=\"https:\/\/paulinenaue.info\/wp-content\/uploads\/2025\/03\/2009-06-07-Speicher-und-Gutshof.jpeg\"><img decoding=\"async\" aria-describedby=\"caption-attachment-417414\" data-attachment-id=\"417414\" data-permalink=\"https:\/\/paulinenaue.info\/index.php\/11-maerz-1925-vormittags-1-2-10-paulinenauer-speicher-wird-100\/paulinenaue-sanierung-des-gutshauses\/\" data-orig-file=\"https:\/\/paulinenaue.info\/wp-content\/uploads\/2025\/03\/2009-06-07-Speicher-und-Gutshof.jpeg\" data-orig-size=\"1000,750\" data-comments-opened=\"1\" data-image-meta=\"{&quot;aperture&quot;:&quot;4&quot;,&quot;credit&quot;:&quot;&quot;,&quot;camera&quot;:&quot;DSC-H10&quot;,&quot;caption&quot;:&quot;&quot;,&quot;created_timestamp&quot;:&quot;1244389748&quot;,&quot;copyright&quot;:&quot;&quot;,&quot;focal_length&quot;:&quot;20.7&quot;,&quot;iso&quot;:&quot;125&quot;,&quot;shutter_speed&quot;:&quot;0.004&quot;,&quot;title&quot;:&quot;Paulinenaue, Sanierung des Gutshauses&quot;,&quot;orientation&quot;:&quot;1&quot;}\" data-image-title=\"Paulinenaue, Sanierung des Gutshauses\" data-image-description=\"\" data-image-caption=\"\" data-large-file=\"https:\/\/paulinenaue.info\/wp-content\/uploads\/2025\/03\/2009-06-07-Speicher-und-Gutshof.jpeg\" class=\"lazyload wp-image-417414 size-fusion-600\" src=\"https:\/\/paulinenaue.info\/wp-content\/uploads\/2025\/03\/2009-06-07-Speicher-und-Gutshof-600x450.jpeg\" data-orig-src=\"https:\/\/paulinenaue.info\/wp-content\/uploads\/2025\/03\/2009-06-07-Speicher-und-Gutshof-600x450.jpeg\" alt=\"\" width=\"600\" height=\"450\" srcset=\"data:image\/svg+xml,%3Csvg%20xmlns%3D%27http%3A%2F%2Fwww.w3.org%2F2000%2Fsvg%27%20width%3D%27600%27%20height%3D%27450%27%20viewBox%3D%270%200%20600%20450%27%3E%3Crect%20width%3D%27600%27%20height%3D%27450%27%20fill-opacity%3D%220%22%2F%3E%3C%2Fsvg%3E\" data-srcset=\"https:\/\/paulinenaue.info\/wp-content\/uploads\/2025\/03\/2009-06-07-Speicher-und-Gutshof-200x150.jpeg 200w, https:\/\/paulinenaue.info\/wp-content\/uploads\/2025\/03\/2009-06-07-Speicher-und-Gutshof-300x225.jpeg 300w, https:\/\/paulinenaue.info\/wp-content\/uploads\/2025\/03\/2009-06-07-Speicher-und-Gutshof-400x300.jpeg 400w, https:\/\/paulinenaue.info\/wp-content\/uploads\/2025\/03\/2009-06-07-Speicher-und-Gutshof-600x450.jpeg 600w, https:\/\/paulinenaue.info\/wp-content\/uploads\/2025\/03\/2009-06-07-Speicher-und-Gutshof-768x576.jpeg 768w, https:\/\/paulinenaue.info\/wp-content\/uploads\/2025\/03\/2009-06-07-Speicher-und-Gutshof-800x600.jpeg 800w, https:\/\/paulinenaue.info\/wp-content\/uploads\/2025\/03\/2009-06-07-Speicher-und-Gutshof.jpeg 1000w\" data-sizes=\"auto\" data-orig-sizes=\"(max-width: 600px) 100vw, 600px\" \/><\/a><p id=\"caption-attachment-417414\" class=\"wp-caption-text\"><em>Der Speicher auf dem Gutshof, vom Schloss aus fotografiert. Foto: J. Scholz, 2009.<\/em><\/p><\/div>\n<p>Das Geb\u00e4ude hat nun schon 100 Jahre \u00fcberdauert und k\u00f6nnte sicher noch weitere 100 Jahre oder l\u00e4nger problemlos die angreifenden Lasten abtragen. Vorausgesetzt, es findet sich jemand, der dem gr\u00f6\u00dften Feind des Holzes einen Riegel vorschiebt und die bereits bestehenden Sch\u00e4den behebt. Bei der Erfassung des Zustandes vor vier Jahren wurde n\u00e4mlich deutlich, dass das Geb\u00e4ude vor allem durch das eindringenden Wasser zunehmend Schaden nimmt. Die Dacheindeckung ist nicht mehr dicht und auch die Regenrinnen und Fallrohre sind nicht mehr intakt oder gar nicht mehr vorhanden, wodurch immer wieder Regen in die Konstruktion gelangt und so das Wachstum von Pilzen, das Entstehen von F\u00e4ule und letztlich die Zerst\u00f6rung des Holzes vorantreibt. Sarahs Wunsch ist es, dass jemand das n\u00f6tige Geld und die Leidenschaft f\u00fcr das historische Geb\u00e4ude aufbringen kann, um es vor dem weiteren Verfall zu bewahren.<\/p>\n<h5>Erinnerungen an den Paulinenauer Speicher<\/h5>\n<p>Seit vielen Jahren schon ist das Leben aus dem Speicher gewichen. Wie eine Kommode im Wohnzimmer der Gro\u00dfeltern steht er unbeachtet mitten im Dorf, als wolle er nach seiner Vergangenheit befragt werden. Von seinen fr\u00fchen Tagen wissen wir so gut wie nichts. Selbst der im letzten Jahr verstorbene Karl Weirauch (1926\u20132024), der fast alles \u00fcber Paulinenaue ab den 1930er Jahren genau datieren konnte, irrte sich in der Baugeschichte. Er war sich sicher, dass der Speicher 1930 gebaut wurde. Sarahs Vater Eckhard Vierjahn (geb. 1961) verbindet aus seiner Kindheit konkrete Erinnerungen mit dem Speicher: \u201eDamals sa\u00df dort u.a. Leo Fandrich\u201c, erz\u00e4hlt er. Eckhard musste einmal im Monat 7 kg Korn oder, wenn vorhanden, auch Schrot f\u00fcr die H\u00fchner in einem wei\u00dfen S\u00e4ckchen aus dem Speicher holen. Dies war das Deputat, das seine Mutter als Arbeiterin in der Schlossk\u00fcche erhielt. \u201eEs roch dort immer so gut\u201c, erz\u00e4hlt er weiter.<\/p>\n<p>\u201eWir haben in den 1980er Jahren von der Schule aus Eicheln und Kastanien gesammelt und zum Speicher gebracht, f\u00fcr die Rehe im Winter\u201c, erinnert sich auch Achim Scholz (geb. 1974). \u201eVielleicht haben wir daf\u00fcr, so wie bei den ,Altstoffsammlungen\u2018, auch Geld f\u00fcr die Klassenkasse bekommen. Leo Fandrich und seine Speicherkollegen bedienten die Waage. Als ich meinen Sack mit den in der Vorwoche gesammelten Kastanien aussch\u00fcttete, waren alle verschimmelt. Nach kurzer Beratung entschied Leo: ,Macht nichts!\u2018 Die verschimmelten Kastanien gingen so durch.\u201c<\/p>\n<h5>Der Speicher von innen \u2013 Fotos von Eberhard Schwarz und Joachim Scholz (2002\u20132016)<\/h5>\n<p>Mehrfach in den letzten Jahren wurde der Speicher f\u00fcr Fotosafaris ge\u00f6ffnet. Eberhard Schwarz und Joachim Scholz haben zwischen 2002 und 2016 das Geb\u00e4ude schon einige Male mit der Kamera dokumentiert.<\/p>\n<p class=\"jetpack-slideshow-noscript robots-nocontent\">Diese Diashow ben\u00f6tigt JavaScript.<\/p><div id=\"gallery-417278-1-slideshow\" class=\"jetpack-slideshow-window jetpack-slideshow jetpack-slideshow-black\" data-trans=\"fade\" data-autostart=\"1\" data-gallery=\"[{&quot;src&quot;:&quot;https:\\\/\\\/paulinenaue.info\\\/wp-content\\\/uploads\\\/2025\\\/03\\\/2008-02-09_16-36-49_SPEICHER.jpeg&quot;,&quot;id&quot;:&quot;417432&quot;,&quot;title&quot;:&quot;2008-02-09_16-36-49_SPEICHER&quot;,&quot;alt&quot;:&quot;&quot;,&quot;caption&quot;:&quot;Der Speicher auf dem Paulinenauer Gutshof ist noch immer ein imposantes Geb\\u00e4ude und war f\\u00fcr seine Zeit hochmodern. Foto: E. Schwarz, 2008.&quot;,&quot;itemprop&quot;:&quot;image&quot;},{&quot;src&quot;:&quot;https:\\\/\\\/paulinenaue.info\\\/wp-content\\\/uploads\\\/2025\\\/03\\\/2002-09-10-Speicher-01.jpeg&quot;,&quot;id&quot;:&quot;417406&quot;,&quot;title&quot;:&quot;Im Paulinenauer Speicher&quot;,&quot;alt&quot;:&quot;&quot;,&quot;caption&quot;:&quot;Innen scheint die Zeit stehengeblieben. Foto: J. Scholz, 2002.&quot;,&quot;itemprop&quot;:&quot;image&quot;},{&quot;src&quot;:&quot;https:\\\/\\\/paulinenaue.info\\\/wp-content\\\/uploads\\\/2025\\\/03\\\/2008-02-09_15-26-15_SPEICHER_01-scaled.jpg&quot;,&quot;id&quot;:&quot;417433&quot;,&quot;title&quot;:&quot;2008-02-09_15-26-15_SPEICHER_01&quot;,&quot;alt&quot;:&quot;&quot;,&quot;caption&quot;:&quot;Auf f\\u00fcnf Etagen konnte die Ernte des Paulinenauer Landwirtschaftsbetriebes im Speicher verstaut werden. Foto: E. Schwarz, 2008.&quot;,&quot;itemprop&quot;:&quot;image&quot;},{&quot;src&quot;:&quot;https:\\\/\\\/paulinenaue.info\\\/wp-content\\\/uploads\\\/2025\\\/03\\\/2008-02-09_15-29-08_SPEICHER.jpeg&quot;,&quot;id&quot;:&quot;417419&quot;,&quot;title&quot;:&quot;2008-02-09_15-29-08_SPEICHER&quot;,&quot;alt&quot;:&quot;&quot;,&quot;caption&quot;:&quot;Der Betrieb von einst ist schon seit vielen Jahren zur Ruhe gekommen. Foto: E. Schwarz, 2008.&quot;,&quot;itemprop&quot;:&quot;image&quot;},{&quot;src&quot;:&quot;https:\\\/\\\/paulinenaue.info\\\/wp-content\\\/uploads\\\/2025\\\/03\\\/2008-02-09_15-29-25_SPEICHER.jpeg&quot;,&quot;id&quot;:&quot;417420&quot;,&quot;title&quot;:&quot;2008-02-09_15-29-25_SPEICHER&quot;,&quot;alt&quot;:&quot;&quot;,&quot;caption&quot;:&quot;Seine wuchtige \\u00e4u\\u00dfere Gestalt zeigt der Speicher auch in seinem Innern. Er ist ein Paulinenauer Urgestein. Foto: E. Schwarz, 2008.&quot;,&quot;itemprop&quot;:&quot;image&quot;},{&quot;src&quot;:&quot;https:\\\/\\\/paulinenaue.info\\\/wp-content\\\/uploads\\\/2025\\\/03\\\/2008-02-09_15-33-31_SPEICHER.jpeg&quot;,&quot;id&quot;:&quot;417421&quot;,&quot;title&quot;:&quot;2008-02-09_15-33-31_SPEICHER&quot;,&quot;alt&quot;:&quot;&quot;,&quot;caption&quot;:&quot;Imposante Holzkonstruktionen pr\\u00e4gen das untere Dachgeschoss. Foto: Eberhard Schwarz, 2008.&quot;,&quot;itemprop&quot;:&quot;image&quot;},{&quot;src&quot;:&quot;https:\\\/\\\/paulinenaue.info\\\/wp-content\\\/uploads\\\/2025\\\/03\\\/2008-02-09_15-36-46_SPEICHER.jpeg&quot;,&quot;id&quot;:&quot;417422&quot;,&quot;title&quot;:&quot;2008-02-09_15-36-46_SPEICHER&quot;,&quot;alt&quot;:&quot;&quot;,&quot;caption&quot;:&quot;An der Decke des Dachgeschosses ist eine merkw\\u00fcrdige Konstruktion zu finden, ein Becherwerk, mit dem das Erntegut nach oben transportiert wurde. Foto: E. Schwarz, 2008&quot;,&quot;itemprop&quot;:&quot;image&quot;},{&quot;src&quot;:&quot;https:\\\/\\\/paulinenaue.info\\\/wp-content\\\/uploads\\\/2025\\\/03\\\/2008-02-09_15-39-05_SPEICHER.jpeg&quot;,&quot;id&quot;:&quot;417423&quot;,&quot;title&quot;:&quot;2008-02-09_15-39-05_SPEICHER&quot;,&quot;alt&quot;:&quot;&quot;,&quot;caption&quot;:&quot;DDR-Technik im Dachgeschoss. Nicht wenige Paulinenauer waren vor der Wende im Speicher besch\\u00e4ftigt. Foto: E. Schwarz, 2008.&quot;,&quot;itemprop&quot;:&quot;image&quot;},{&quot;src&quot;:&quot;https:\\\/\\\/paulinenaue.info\\\/wp-content\\\/uploads\\\/2025\\\/03\\\/2008-02-09_15-41-31_SPEICHER.jpeg&quot;,&quot;id&quot;:&quot;417424&quot;,&quot;title&quot;:&quot;2008-02-09_15-41-31_SPEICHER&quot;,&quot;alt&quot;:&quot;&quot;,&quot;caption&quot;:&quot;Agrarromanik im Dachstuhl des Speichers. An der Dachluke h\\u00e4ngt noch der Topf zur Schmierung des Becherwerkes, den Leo Fandrich benutzt haben soll. Foto: E. Schwarz, 2008.&quot;,&quot;itemprop&quot;:&quot;image&quot;},{&quot;src&quot;:&quot;https:\\\/\\\/paulinenaue.info\\\/wp-content\\\/uploads\\\/2025\\\/03\\\/2008-02-09_15-55-27_SPEICHER.jpeg&quot;,&quot;id&quot;:&quot;417425&quot;,&quot;title&quot;:&quot;2008-02-09_15-55-27_SPEICHER&quot;,&quot;alt&quot;:&quot;&quot;,&quot;caption&quot;:&quot;Nichts f\\u00fcr schwache Nerven: Ein Blick in die Tiefe s\\u00e4mtlicher Speichergeschosse. Foto: E. Schwarz, 2008.&quot;,&quot;itemprop&quot;:&quot;image&quot;},{&quot;src&quot;:&quot;https:\\\/\\\/paulinenaue.info\\\/wp-content\\\/uploads\\\/2025\\\/03\\\/2008-02-09_15-58-45_SPEICHER.jpeg&quot;,&quot;id&quot;:&quot;417426&quot;,&quot;title&quot;:&quot;2008-02-09_15-58-45_SPEICHER&quot;,&quot;alt&quot;:&quot;&quot;,&quot;caption&quot;:&quot;Geheimnisvolle Kiste in russischem Gr\\u00fcn unter dem Dach. Foto: E. Schwarz, 2008.&quot;,&quot;itemprop&quot;:&quot;image&quot;},{&quot;src&quot;:&quot;https:\\\/\\\/paulinenaue.info\\\/wp-content\\\/uploads\\\/2025\\\/03\\\/2008-02-09_16-04-27_SPEICHER.jpeg&quot;,&quot;id&quot;:&quot;417427&quot;,&quot;title&quot;:&quot;2008-02-09_16-04-27_SPEICHER&quot;,&quot;alt&quot;:&quot;&quot;,&quot;caption&quot;:&quot;Weniger gef\\u00e4hrlich ist der Blick hinauf ins Dachgeschoss. Foto: E. Schwarz, 2008.&quot;,&quot;itemprop&quot;:&quot;image&quot;},{&quot;src&quot;:&quot;https:\\\/\\\/paulinenaue.info\\\/wp-content\\\/uploads\\\/2025\\\/03\\\/2008-02-09_16-10-06_SPEICHER.jpeg&quot;,&quot;id&quot;:&quot;417428&quot;,&quot;title&quot;:&quot;2008-02-09_16-10-06_SPEICHER&quot;,&quot;alt&quot;:&quot;&quot;,&quot;caption&quot;:&quot;Auch die solide Speicherdielung hat eine Belastungsgrenze. Foto: E. Schwarz, 2008.&quot;,&quot;itemprop&quot;:&quot;image&quot;},{&quot;src&quot;:&quot;https:\\\/\\\/paulinenaue.info\\\/wp-content\\\/uploads\\\/2025\\\/03\\\/2008-02-09_16-10-40_SPEICHER.jpeg&quot;,&quot;id&quot;:&quot;417429&quot;,&quot;title&quot;:&quot;2008-02-09_16-10-40_SPEICHER&quot;,&quot;alt&quot;:&quot;&quot;,&quot;caption&quot;:&quot;Aus der M\\u00e4useperspektive muss der Speicher eine gigantische Wirkung entfaltet haben. Foto: E. Schwarz, 2008.&quot;,&quot;itemprop&quot;:&quot;image&quot;},{&quot;src&quot;:&quot;https:\\\/\\\/paulinenaue.info\\\/wp-content\\\/uploads\\\/2025\\\/03\\\/2008-02-09_16-16-20_SPEICHER.jpeg&quot;,&quot;id&quot;:&quot;417430&quot;,&quot;title&quot;:&quot;2008-02-09_16-16-20_SPEICHER&quot;,&quot;alt&quot;:&quot;&quot;,&quot;caption&quot;:&quot;Manche \\u00dcberreste einstigen Lebens haben sich im Speicher erhalten. Foto: E. Schwarz, 2008.&quot;,&quot;itemprop&quot;:&quot;image&quot;},{&quot;src&quot;:&quot;https:\\\/\\\/paulinenaue.info\\\/wp-content\\\/uploads\\\/2025\\\/03\\\/2008-02-09_15-22-26_SPEICHER.jpeg&quot;,&quot;id&quot;:&quot;417431&quot;,&quot;title&quot;:&quot;2008-02-09_15-22-26_SPEICHER&quot;,&quot;alt&quot;:&quot;&quot;,&quot;caption&quot;:&quot;G\\u00e4hnende Lehre herrschte 2008 auf der Betonfl\\u00e4che hinter dem Geb\\u00e4ude. An dieser Stelle befand sich einmal ein Teich, die so genannte \\u0026#8222;Schafw\\u00e4sche\\u0026#8220;. Foto: E. Schwarz, 2008.&quot;,&quot;itemprop&quot;:&quot;image&quot;},{&quot;src&quot;:&quot;https:\\\/\\\/paulinenaue.info\\\/wp-content\\\/uploads\\\/2025\\\/03\\\/2016-09-03-Speicher-innen-06.jpeg&quot;,&quot;id&quot;:&quot;417400&quot;,&quot;title&quot;:&quot;Paulinenaue, Speicher auf dem Gutshof&quot;,&quot;alt&quot;:&quot;&quot;,&quot;caption&quot;:&quot;Kritzeleien der Speicherarbeiter aus den 1980er Jahren. Foto: J. Scholz 2016&quot;,&quot;itemprop&quot;:&quot;image&quot;},{&quot;src&quot;:&quot;https:\\\/\\\/paulinenaue.info\\\/wp-content\\\/uploads\\\/2025\\\/03\\\/2016-09-03-Speicher-innen-09.jpeg&quot;,&quot;id&quot;:&quot;417397&quot;,&quot;title&quot;:&quot;Der Speicher von innen&quot;,&quot;alt&quot;:&quot;&quot;,&quot;caption&quot;:&quot;Hier wurde gearbeitet. Foto: J. Scholz 2016&quot;,&quot;itemprop&quot;:&quot;image&quot;},{&quot;src&quot;:&quot;https:\\\/\\\/paulinenaue.info\\\/wp-content\\\/uploads\\\/2025\\\/03\\\/2016-09-03-Speicher-innen-07.jpeg&quot;,&quot;id&quot;:&quot;417399&quot;,&quot;title&quot;:&quot;Paulinenaue, Speicher auf dem Gutshof&quot;,&quot;alt&quot;:&quot;&quot;,&quot;caption&quot;:&quot;Technik aus DDR-Zeiten. Foto: J. Scholz 2016&quot;,&quot;itemprop&quot;:&quot;image&quot;},{&quot;src&quot;:&quot;https:\\\/\\\/paulinenaue.info\\\/wp-content\\\/uploads\\\/2025\\\/03\\\/2016-09-03-Speicher-innen-08.jpeg&quot;,&quot;id&quot;:&quot;417398&quot;,&quot;title&quot;:&quot;Paulinenaue, Speicher auf dem Gutshof&quot;,&quot;alt&quot;:&quot;&quot;,&quot;caption&quot;:&quot;Das Becherwerk im Dachstuhl. Foto: J. Scholz 2016.&quot;,&quot;itemprop&quot;:&quot;image&quot;},{&quot;src&quot;:&quot;https:\\\/\\\/paulinenaue.info\\\/wp-content\\\/uploads\\\/2025\\\/03\\\/2016-09-03-Speicher-innen-04.jpeg&quot;,&quot;id&quot;:&quot;417402&quot;,&quot;title&quot;:&quot;Paulinenaue, Speicher auf dem Gutshof&quot;,&quot;alt&quot;:&quot;&quot;,&quot;caption&quot;:&quot;Im Erdgeschoss. Foto: J. Scholz 2016&quot;,&quot;itemprop&quot;:&quot;image&quot;},{&quot;src&quot;:&quot;https:\\\/\\\/paulinenaue.info\\\/wp-content\\\/uploads\\\/2025\\\/03\\\/2016-09-03-Speicher-innen-02.jpeg&quot;,&quot;id&quot;:&quot;417403&quot;,&quot;title&quot;:&quot;Paulinenaue, Speicher auf dem Gutshof&quot;,&quot;alt&quot;:&quot;&quot;,&quot;caption&quot;:&quot;Dachziegellager im Erdgeschoss. Foto: J. Scholz 2016&quot;,&quot;itemprop&quot;:&quot;image&quot;},{&quot;src&quot;:&quot;https:\\\/\\\/paulinenaue.info\\\/wp-content\\\/uploads\\\/2025\\\/03\\\/2016-09-03-Speicher-innen-01.jpeg&quot;,&quot;id&quot;:&quot;417404&quot;,&quot;title&quot;:&quot;Paulinenaue, Speicher auf dem Gutshof&quot;,&quot;alt&quot;:&quot;&quot;,&quot;caption&quot;:&quot;Im Erdgeschoss. Foto: J. Scholz 2016.&quot;,&quot;itemprop&quot;:&quot;image&quot;}]\" itemscope itemtype=\"https:\/\/schema.org\/ImageGallery\"><\/div>\n<p>&nbsp;<\/p>\n","protected":false},"excerpt":{"rendered":"<p>Von Sarah Vierjahn, Joachim Scholz und Eberhard Schwarz Als der [&hellip;]<\/p>\n","protected":false},"author":3,"featured_media":417414,"comment_status":"open","ping_status":"open","sticky":false,"template":"","format":"standard","meta":{"_acf_changed":false,"_price":"","_stock":"","_tribe_ticket_header":"","_tribe_default_ticket_provider":"","_tribe_ticket_capacity":"0","_ticket_start_date":"","_ticket_end_date":"","_tribe_ticket_show_description":"","_tribe_ticket_show_not_going":false,"_tribe_ticket_use_global_stock":"","_tribe_ticket_global_stock_level":"","_global_stock_mode":"","_global_stock_cap":"","_tribe_rsvp_for_event":"","_tribe_ticket_going_count":"","_tribe_ticket_not_going_count":"","_tribe_tickets_list":"[]","_tribe_ticket_has_attendee_info_fields":false,"jetpack_post_was_ever_published":false,"_jetpack_newsletter_access":"","_jetpack_dont_email_post_to_subs":false,"_jetpack_newsletter_tier_id":0,"_jetpack_memberships_contains_paywalled_content":false,"_jetpack_memberships_contains_paid_content":false,"footnotes":"","jetpack_publicize_message":"","jetpack_publicize_feature_enabled":true,"jetpack_social_post_already_shared":true,"jetpack_social_options":{"image_generator_settings":{"template":"highway","default_image_id":0,"font":"","enabled":false},"version":2}},"categories":[1,40,526,25],"tags":[607,174,606,237,238],"class_list":["post-417278","post","type-post","status-publish","format-standard","has-post-thumbnail","hentry","category-allgemein","category-dorfentwicklung","category-ortsgeschichte","category-wirtschaft","tag-1920er-jahre","tag-gutshof","tag-gutsspeicher","tag-speicher","tag-speichergebaeude"],"acf":[],"yoast_head":"<!-- This site is optimized with the Yoast SEO plugin v27.5 - https:\/\/yoast.com\/product\/yoast-seo-wordpress\/ -->\n<title>Der Paulinenauer Speicher wird 100 - Paulinenaue<\/title>\n<meta name=\"description\" content=\"Der Paulinenauer Speicher wird 100. Eine Notiz auf einem Sparren im Dachstuhl des Paulinenauer Speichers verr\u00e4t das Jahr seiner Erbauung.\" \/>\n<meta name=\"robots\" content=\"index, follow, max-snippet:-1, max-image-preview:large, max-video-preview:-1\" \/>\n<link rel=\"canonical\" href=\"https:\/\/paulinenaue.info\/index.php\/11-maerz-1925-vormittags-1-2-10-paulinenauer-speicher-wird-100\/\" \/>\n<meta property=\"og:locale\" content=\"de_DE\" \/>\n<meta property=\"og:type\" content=\"article\" \/>\n<meta property=\"og:title\" content=\"Der Paulinenauer Speicher wird 100 - Paulinenaue\" \/>\n<meta property=\"og:description\" content=\"Der Paulinenauer Speicher wird 100. Eine Notiz auf einem Sparren im Dachstuhl des Paulinenauer Speichers verr\u00e4t das Jahr seiner Erbauung.\" \/>\n<meta property=\"og:url\" content=\"https:\/\/paulinenaue.info\/index.php\/11-maerz-1925-vormittags-1-2-10-paulinenauer-speicher-wird-100\/\" \/>\n<meta property=\"og:site_name\" content=\"Paulinenaue\" \/>\n<meta property=\"article:published_time\" content=\"2025-03-08T00:06:07+00:00\" \/>\n<meta property=\"article:modified_time\" content=\"2025-03-10T00:00:19+00:00\" \/>\n<meta property=\"og:image\" content=\"https:\/\/paulinenaue.info\/wp-content\/uploads\/2025\/03\/2009-06-07-Speicher-und-Gutshof.jpeg\" \/>\n\t<meta property=\"og:image:width\" content=\"1000\" \/>\n\t<meta property=\"og:image:height\" content=\"750\" \/>\n\t<meta property=\"og:image:type\" content=\"image\/jpeg\" \/>\n<meta name=\"author\" content=\"Sarah\" \/>\n<meta name=\"twitter:card\" content=\"summary_large_image\" \/>\n<meta name=\"twitter:label1\" content=\"Verfasst von\" \/>\n\t<meta name=\"twitter:data1\" content=\"Sarah\" \/>\n\t<meta name=\"twitter:label2\" content=\"Gesch\u00e4tzte Lesezeit\" \/>\n\t<meta name=\"twitter:data2\" content=\"6\u00a0Minuten\" \/>\n<script type=\"application\/ld+json\" class=\"yoast-schema-graph\">{\"@context\":\"https:\\\/\\\/schema.org\",\"@graph\":[{\"@type\":\"Article\",\"@id\":\"https:\\\/\\\/paulinenaue.info\\\/index.php\\\/11-maerz-1925-vormittags-1-2-10-paulinenauer-speicher-wird-100\\\/#article\",\"isPartOf\":{\"@id\":\"https:\\\/\\\/paulinenaue.info\\\/index.php\\\/11-maerz-1925-vormittags-1-2-10-paulinenauer-speicher-wird-100\\\/\"},\"author\":{\"name\":\"Sarah\",\"@id\":\"https:\\\/\\\/paulinenaue.info\\\/#\\\/schema\\\/person\\\/e5be566a57b5b3f65d2c65a58c42325e\"},\"headline\":\"Der Paulinenauer Speicher wird 100\",\"datePublished\":\"2025-03-08T00:06:07+00:00\",\"dateModified\":\"2025-03-10T00:00:19+00:00\",\"mainEntityOfPage\":{\"@id\":\"https:\\\/\\\/paulinenaue.info\\\/index.php\\\/11-maerz-1925-vormittags-1-2-10-paulinenauer-speicher-wird-100\\\/\"},\"wordCount\":812,\"commentCount\":0,\"image\":{\"@id\":\"https:\\\/\\\/paulinenaue.info\\\/index.php\\\/11-maerz-1925-vormittags-1-2-10-paulinenauer-speicher-wird-100\\\/#primaryimage\"},\"thumbnailUrl\":\"https:\\\/\\\/paulinenaue.info\\\/wp-content\\\/uploads\\\/2025\\\/03\\\/2009-06-07-Speicher-und-Gutshof.jpeg\",\"keywords\":[\"1920er Jahre\",\"Gutshof\",\"Gutsspeicher\",\"Speicher\",\"Speichergeb\u00e4ude\"],\"articleSection\":{\"1\":\"Dorfentwicklung\",\"2\":\"Ortsgeschichte\",\"3\":\"Wirtschaft\"},\"inLanguage\":\"de\",\"potentialAction\":[{\"@type\":\"CommentAction\",\"name\":\"Comment\",\"target\":[\"https:\\\/\\\/paulinenaue.info\\\/index.php\\\/11-maerz-1925-vormittags-1-2-10-paulinenauer-speicher-wird-100\\\/#respond\"]}]},{\"@type\":\"WebPage\",\"@id\":\"https:\\\/\\\/paulinenaue.info\\\/index.php\\\/11-maerz-1925-vormittags-1-2-10-paulinenauer-speicher-wird-100\\\/\",\"url\":\"https:\\\/\\\/paulinenaue.info\\\/index.php\\\/11-maerz-1925-vormittags-1-2-10-paulinenauer-speicher-wird-100\\\/\",\"name\":\"Der Paulinenauer Speicher wird 100 - Paulinenaue\",\"isPartOf\":{\"@id\":\"https:\\\/\\\/paulinenaue.info\\\/#website\"},\"primaryImageOfPage\":{\"@id\":\"https:\\\/\\\/paulinenaue.info\\\/index.php\\\/11-maerz-1925-vormittags-1-2-10-paulinenauer-speicher-wird-100\\\/#primaryimage\"},\"image\":{\"@id\":\"https:\\\/\\\/paulinenaue.info\\\/index.php\\\/11-maerz-1925-vormittags-1-2-10-paulinenauer-speicher-wird-100\\\/#primaryimage\"},\"thumbnailUrl\":\"https:\\\/\\\/paulinenaue.info\\\/wp-content\\\/uploads\\\/2025\\\/03\\\/2009-06-07-Speicher-und-Gutshof.jpeg\",\"datePublished\":\"2025-03-08T00:06:07+00:00\",\"dateModified\":\"2025-03-10T00:00:19+00:00\",\"author\":{\"@id\":\"https:\\\/\\\/paulinenaue.info\\\/#\\\/schema\\\/person\\\/e5be566a57b5b3f65d2c65a58c42325e\"},\"description\":\"Der Paulinenauer Speicher wird 100. Eine Notiz auf einem Sparren im Dachstuhl des Paulinenauer Speichers verr\u00e4t das Jahr seiner Erbauung.\",\"breadcrumb\":{\"@id\":\"https:\\\/\\\/paulinenaue.info\\\/index.php\\\/11-maerz-1925-vormittags-1-2-10-paulinenauer-speicher-wird-100\\\/#breadcrumb\"},\"inLanguage\":\"de\",\"potentialAction\":[{\"@type\":\"ReadAction\",\"target\":[\"https:\\\/\\\/paulinenaue.info\\\/index.php\\\/11-maerz-1925-vormittags-1-2-10-paulinenauer-speicher-wird-100\\\/\"]}]},{\"@type\":\"ImageObject\",\"inLanguage\":\"de\",\"@id\":\"https:\\\/\\\/paulinenaue.info\\\/index.php\\\/11-maerz-1925-vormittags-1-2-10-paulinenauer-speicher-wird-100\\\/#primaryimage\",\"url\":\"https:\\\/\\\/paulinenaue.info\\\/wp-content\\\/uploads\\\/2025\\\/03\\\/2009-06-07-Speicher-und-Gutshof.jpeg\",\"contentUrl\":\"https:\\\/\\\/paulinenaue.info\\\/wp-content\\\/uploads\\\/2025\\\/03\\\/2009-06-07-Speicher-und-Gutshof.jpeg\",\"width\":1000,\"height\":750},{\"@type\":\"BreadcrumbList\",\"@id\":\"https:\\\/\\\/paulinenaue.info\\\/index.php\\\/11-maerz-1925-vormittags-1-2-10-paulinenauer-speicher-wird-100\\\/#breadcrumb\",\"itemListElement\":[{\"@type\":\"ListItem\",\"position\":1,\"name\":\"Home\",\"item\":\"https:\\\/\\\/paulinenaue.info\\\/\"},{\"@type\":\"ListItem\",\"position\":2,\"name\":\"Der Paulinenauer Speicher wird 100\"}]},{\"@type\":\"WebSite\",\"@id\":\"https:\\\/\\\/paulinenaue.info\\\/#website\",\"url\":\"https:\\\/\\\/paulinenaue.info\\\/\",\"name\":\"Paulinenaue\",\"description\":\"Ein Dorf im Havelland\",\"potentialAction\":[{\"@type\":\"SearchAction\",\"target\":{\"@type\":\"EntryPoint\",\"urlTemplate\":\"https:\\\/\\\/paulinenaue.info\\\/?s={search_term_string}\"},\"query-input\":{\"@type\":\"PropertyValueSpecification\",\"valueRequired\":true,\"valueName\":\"search_term_string\"}}],\"inLanguage\":\"de\"},{\"@type\":\"Person\",\"@id\":\"https:\\\/\\\/paulinenaue.info\\\/#\\\/schema\\\/person\\\/e5be566a57b5b3f65d2c65a58c42325e\",\"name\":\"Sarah\",\"url\":\"https:\\\/\\\/paulinenaue.info\\\/index.php\\\/author\\\/sarah\\\/\"}]}<\/script>\n<!-- \/ Yoast SEO plugin. -->","yoast_head_json":{"title":"Der Paulinenauer Speicher wird 100 - Paulinenaue","description":"Der Paulinenauer Speicher wird 100. Eine Notiz auf einem Sparren im Dachstuhl des Paulinenauer Speichers verr\u00e4t das Jahr seiner Erbauung.","robots":{"index":"index","follow":"follow","max-snippet":"max-snippet:-1","max-image-preview":"max-image-preview:large","max-video-preview":"max-video-preview:-1"},"canonical":"https:\/\/paulinenaue.info\/index.php\/11-maerz-1925-vormittags-1-2-10-paulinenauer-speicher-wird-100\/","og_locale":"de_DE","og_type":"article","og_title":"Der Paulinenauer Speicher wird 100 - Paulinenaue","og_description":"Der Paulinenauer Speicher wird 100. Eine Notiz auf einem Sparren im Dachstuhl des Paulinenauer Speichers verr\u00e4t das Jahr seiner Erbauung.","og_url":"https:\/\/paulinenaue.info\/index.php\/11-maerz-1925-vormittags-1-2-10-paulinenauer-speicher-wird-100\/","og_site_name":"Paulinenaue","article_published_time":"2025-03-08T00:06:07+00:00","article_modified_time":"2025-03-10T00:00:19+00:00","og_image":[{"width":1000,"height":750,"url":"https:\/\/paulinenaue.info\/wp-content\/uploads\/2025\/03\/2009-06-07-Speicher-und-Gutshof.jpeg","type":"image\/jpeg"}],"author":"Sarah","twitter_card":"summary_large_image","twitter_misc":{"Verfasst von":"Sarah","Gesch\u00e4tzte Lesezeit":"6\u00a0Minuten"},"schema":{"@context":"https:\/\/schema.org","@graph":[{"@type":"Article","@id":"https:\/\/paulinenaue.info\/index.php\/11-maerz-1925-vormittags-1-2-10-paulinenauer-speicher-wird-100\/#article","isPartOf":{"@id":"https:\/\/paulinenaue.info\/index.php\/11-maerz-1925-vormittags-1-2-10-paulinenauer-speicher-wird-100\/"},"author":{"name":"Sarah","@id":"https:\/\/paulinenaue.info\/#\/schema\/person\/e5be566a57b5b3f65d2c65a58c42325e"},"headline":"Der Paulinenauer Speicher wird 100","datePublished":"2025-03-08T00:06:07+00:00","dateModified":"2025-03-10T00:00:19+00:00","mainEntityOfPage":{"@id":"https:\/\/paulinenaue.info\/index.php\/11-maerz-1925-vormittags-1-2-10-paulinenauer-speicher-wird-100\/"},"wordCount":812,"commentCount":0,"image":{"@id":"https:\/\/paulinenaue.info\/index.php\/11-maerz-1925-vormittags-1-2-10-paulinenauer-speicher-wird-100\/#primaryimage"},"thumbnailUrl":"https:\/\/paulinenaue.info\/wp-content\/uploads\/2025\/03\/2009-06-07-Speicher-und-Gutshof.jpeg","keywords":["1920er Jahre","Gutshof","Gutsspeicher","Speicher","Speichergeb\u00e4ude"],"articleSection":{"1":"Dorfentwicklung","2":"Ortsgeschichte","3":"Wirtschaft"},"inLanguage":"de","potentialAction":[{"@type":"CommentAction","name":"Comment","target":["https:\/\/paulinenaue.info\/index.php\/11-maerz-1925-vormittags-1-2-10-paulinenauer-speicher-wird-100\/#respond"]}]},{"@type":"WebPage","@id":"https:\/\/paulinenaue.info\/index.php\/11-maerz-1925-vormittags-1-2-10-paulinenauer-speicher-wird-100\/","url":"https:\/\/paulinenaue.info\/index.php\/11-maerz-1925-vormittags-1-2-10-paulinenauer-speicher-wird-100\/","name":"Der Paulinenauer Speicher wird 100 - Paulinenaue","isPartOf":{"@id":"https:\/\/paulinenaue.info\/#website"},"primaryImageOfPage":{"@id":"https:\/\/paulinenaue.info\/index.php\/11-maerz-1925-vormittags-1-2-10-paulinenauer-speicher-wird-100\/#primaryimage"},"image":{"@id":"https:\/\/paulinenaue.info\/index.php\/11-maerz-1925-vormittags-1-2-10-paulinenauer-speicher-wird-100\/#primaryimage"},"thumbnailUrl":"https:\/\/paulinenaue.info\/wp-content\/uploads\/2025\/03\/2009-06-07-Speicher-und-Gutshof.jpeg","datePublished":"2025-03-08T00:06:07+00:00","dateModified":"2025-03-10T00:00:19+00:00","author":{"@id":"https:\/\/paulinenaue.info\/#\/schema\/person\/e5be566a57b5b3f65d2c65a58c42325e"},"description":"Der Paulinenauer Speicher wird 100. Eine Notiz auf einem Sparren im Dachstuhl des Paulinenauer Speichers verr\u00e4t das Jahr seiner Erbauung.","breadcrumb":{"@id":"https:\/\/paulinenaue.info\/index.php\/11-maerz-1925-vormittags-1-2-10-paulinenauer-speicher-wird-100\/#breadcrumb"},"inLanguage":"de","potentialAction":[{"@type":"ReadAction","target":["https:\/\/paulinenaue.info\/index.php\/11-maerz-1925-vormittags-1-2-10-paulinenauer-speicher-wird-100\/"]}]},{"@type":"ImageObject","inLanguage":"de","@id":"https:\/\/paulinenaue.info\/index.php\/11-maerz-1925-vormittags-1-2-10-paulinenauer-speicher-wird-100\/#primaryimage","url":"https:\/\/paulinenaue.info\/wp-content\/uploads\/2025\/03\/2009-06-07-Speicher-und-Gutshof.jpeg","contentUrl":"https:\/\/paulinenaue.info\/wp-content\/uploads\/2025\/03\/2009-06-07-Speicher-und-Gutshof.jpeg","width":1000,"height":750},{"@type":"BreadcrumbList","@id":"https:\/\/paulinenaue.info\/index.php\/11-maerz-1925-vormittags-1-2-10-paulinenauer-speicher-wird-100\/#breadcrumb","itemListElement":[{"@type":"ListItem","position":1,"name":"Home","item":"https:\/\/paulinenaue.info\/"},{"@type":"ListItem","position":2,"name":"Der Paulinenauer Speicher wird 100"}]},{"@type":"WebSite","@id":"https:\/\/paulinenaue.info\/#website","url":"https:\/\/paulinenaue.info\/","name":"Paulinenaue","description":"Ein Dorf im Havelland","potentialAction":[{"@type":"SearchAction","target":{"@type":"EntryPoint","urlTemplate":"https:\/\/paulinenaue.info\/?s={search_term_string}"},"query-input":{"@type":"PropertyValueSpecification","valueRequired":true,"valueName":"search_term_string"}}],"inLanguage":"de"},{"@type":"Person","@id":"https:\/\/paulinenaue.info\/#\/schema\/person\/e5be566a57b5b3f65d2c65a58c42325e","name":"Sarah","url":"https:\/\/paulinenaue.info\/index.php\/author\/sarah\/"}]}},"jetpack_publicize_connections":[],"jetpack_featured_media_url":"https:\/\/paulinenaue.info\/wp-content\/uploads\/2025\/03\/2009-06-07-Speicher-und-Gutshof.jpeg","jetpack_sharing_enabled":true,"jetpack_shortlink":"https:\/\/wp.me\/pcYhWA-1Kyi","jetpack-related-posts":[{"id":919,"url":"https:\/\/paulinenaue.info\/index.php\/paulinenauer-treppen\/","url_meta":{"origin":417278,"position":0},"title":"Paulinenauer Treppen","author":"Sarah","date":"10. Juni 2017","format":false,"excerpt":"04.04.2004 In S\u00fcdbrandenburg gibt es in den N\u00e4he von L\u00fcbben einen Ort, der hei\u00dft Treppendorf. Solche Prominenz genie\u00dfen Treppen zwar in Paulinenaue nicht, aber wie \u00fcberall auf der Welt spielt das Stufensteigen auch hier seine im Alltag so wichtige Rolle. Klicken Sie zur Vergr\u00f6\u00dferung der Einblicke in das vielf\u00e4ltige Paulinenauer\u2026","rel":"","context":"In &quot;Allgemein&quot;","block_context":{"text":"Allgemein","link":"https:\/\/paulinenaue.info\/index.php\/category\/allgemein\/"},"img":{"alt_text":"Die imposante Treppe des Gutshauses ist heute eine Blumenbank. ","src":"https:\/\/i0.wp.com\/paulinenaue.info\/wp-content\/uploads\/2017\/06\/20030903_treppe_gutshaus-300x157.jpg?resize=350%2C200","width":350,"height":200},"classes":[]},{"id":951,"url":"https:\/\/paulinenaue.info\/index.php\/80-jahre-gemeinde-paulinenaue-eine-serie-zur-ortsgeschichte-teil-2\/","url_meta":{"origin":417278,"position":1},"title":"80 Jahre Gemeinde Paulinenaue \u2013 Eine Serie zur Ortsgeschichte (Teil 2)","author":"Sarah","date":"10. Juni 2017","format":false,"excerpt":"01.08.2004 Teil 2 Bardelebens Meierei und das junge Dorf Paulinenaue Joachim Scholz Auf einer Sandinsel hatten um 1400 die Gebr\u00fcder Bardeleben eine Meierei errichtet. Die kleine Wirtschaft bestand k\u00e4rglich durch mehrere Jahrhunderte hindurch und hatte gewiss mit \u00e4hnlichen Problemen zu k\u00e4mpfen, wie Kl\u00f6den sie beschrieben hat. Noch gegen Ende des\u2026","rel":"","context":"In &quot;Allgemein&quot;","block_context":{"text":"Allgemein","link":"https:\/\/paulinenaue.info\/index.php\/category\/allgemein\/"},"img":{"alt_text":"","src":"https:\/\/i0.wp.com\/paulinenaue.info\/wp-content\/uploads\/2017\/06\/schaeferei.jpg?resize=350%2C200&ssl=1","width":350,"height":200},"classes":[]},{"id":5098,"url":"https:\/\/paulinenaue.info\/index.php\/tu-studierende-im-bahnhof\/","url_meta":{"origin":417278,"position":2},"title":"TU-Studierende im Bahnhof","author":"Sarah","date":"13. November 2019","format":false,"excerpt":"Wie k\u00f6nnen wir den Bahnhof wieder sichtbar machen? Was k\u00f6nnen wir selbst daf\u00fcr tun? Und: Wie wollen wir den Bahnhof wieder lebendig werden lassen? Fragestellungen wie diese gibt es nicht erst seit gestern. Wer in Paulinenaue wohnt oder t\u00e4glich von hier aus mit der Bahn pendelt, hat sicher die ein\u2026","rel":"","context":"In &quot;Allgemein&quot;","block_context":{"text":"Allgemein","link":"https:\/\/paulinenaue.info\/index.php\/category\/allgemein\/"},"img":{"alt_text":"","src":"https:\/\/i0.wp.com\/paulinenaue.info\/wp-content\/uploads\/2019\/11\/01_Paulinenaue11-11-19.jpeg?resize=350%2C200&ssl=1","width":350,"height":200,"srcset":"https:\/\/i0.wp.com\/paulinenaue.info\/wp-content\/uploads\/2019\/11\/01_Paulinenaue11-11-19.jpeg?resize=350%2C200&ssl=1 1x, https:\/\/i0.wp.com\/paulinenaue.info\/wp-content\/uploads\/2019\/11\/01_Paulinenaue11-11-19.jpeg?resize=525%2C300&ssl=1 1.5x, https:\/\/i0.wp.com\/paulinenaue.info\/wp-content\/uploads\/2019\/11\/01_Paulinenaue11-11-19.jpeg?resize=700%2C400&ssl=1 2x, https:\/\/i0.wp.com\/paulinenaue.info\/wp-content\/uploads\/2019\/11\/01_Paulinenaue11-11-19.jpeg?resize=1050%2C600&ssl=1 3x, https:\/\/i0.wp.com\/paulinenaue.info\/wp-content\/uploads\/2019\/11\/01_Paulinenaue11-11-19.jpeg?resize=1400%2C800&ssl=1 4x"},"classes":[]},{"id":418075,"url":"https:\/\/paulinenaue.info\/index.php\/100-jahre-ortsgeschichtsschreibung\/","url_meta":{"origin":417278,"position":3},"title":"100 Jahre Ortsgeschichtsschreibung","author":"Joachim Scholz","date":"9. Juni 2025","format":false,"excerpt":"","rel":"","context":"In &quot;Dorfentwicklung&quot;","block_context":{"text":"Dorfentwicklung","link":"https:\/\/paulinenaue.info\/index.php\/category\/dorfentwicklung\/"},"img":{"alt_text":"","src":"https:\/\/i0.wp.com\/paulinenaue.info\/wp-content\/uploads\/2025\/06\/1900-ca.-Paulinenaue-Schaeferhaus-unbearbeitet.jpeg?resize=350%2C200&ssl=1","width":350,"height":200,"srcset":"https:\/\/i0.wp.com\/paulinenaue.info\/wp-content\/uploads\/2025\/06\/1900-ca.-Paulinenaue-Schaeferhaus-unbearbeitet.jpeg?resize=350%2C200&ssl=1 1x, https:\/\/i0.wp.com\/paulinenaue.info\/wp-content\/uploads\/2025\/06\/1900-ca.-Paulinenaue-Schaeferhaus-unbearbeitet.jpeg?resize=525%2C300&ssl=1 1.5x, https:\/\/i0.wp.com\/paulinenaue.info\/wp-content\/uploads\/2025\/06\/1900-ca.-Paulinenaue-Schaeferhaus-unbearbeitet.jpeg?resize=700%2C400&ssl=1 2x"},"classes":[]},{"id":419164,"url":"https:\/\/paulinenaue.info\/index.php\/senioren-wg\/","url_meta":{"origin":417278,"position":4},"title":"Neues Geb\u00e4ude f\u00fcr Seniorenwohngemeinschaft","author":"Joachim Scholz","date":"20. M\u00e4rz 2026","format":false,"excerpt":"Text und Fotos: Eckhard Vierjahn Das ehemalige Pf\u00f6rtnerhaus vom Institut und der Betonzaun mit Wabenmuster waren im vergangenen Jahr schnell abgerissen und auch die Fundamentplatte f\u00fcr den Neubau war recht schnell fertig. Dann kam der Winter und blieb l\u00e4nger als erwartet. Sehr schnell ging es dann mit dem Aufbau der\u2026","rel":"","context":"In &quot;Dorfentwicklung&quot;","block_context":{"text":"Dorfentwicklung","link":"https:\/\/paulinenaue.info\/index.php\/category\/dorfentwicklung\/"},"img":{"alt_text":"","src":"https:\/\/i0.wp.com\/paulinenaue.info\/wp-content\/uploads\/2026\/03\/2026-03-Neubau-Senioren-Wohngemeinschaft-01.jpeg?resize=350%2C200&ssl=1","width":350,"height":200,"srcset":"https:\/\/i0.wp.com\/paulinenaue.info\/wp-content\/uploads\/2026\/03\/2026-03-Neubau-Senioren-Wohngemeinschaft-01.jpeg?resize=350%2C200&ssl=1 1x, https:\/\/i0.wp.com\/paulinenaue.info\/wp-content\/uploads\/2026\/03\/2026-03-Neubau-Senioren-Wohngemeinschaft-01.jpeg?resize=525%2C300&ssl=1 1.5x, https:\/\/i0.wp.com\/paulinenaue.info\/wp-content\/uploads\/2026\/03\/2026-03-Neubau-Senioren-Wohngemeinschaft-01.jpeg?resize=700%2C400&ssl=1 2x"},"classes":[]},{"id":2122,"url":"https:\/\/paulinenaue.info\/index.php\/tagespflege-eroeffnet-auf-dem-gutshof\/","url_meta":{"origin":417278,"position":5},"title":"Tagespflege er\u00f6ffnet auf dem Gutshof","author":"Joachim Scholz","date":"21. April 2018","format":false,"excerpt":"Zweifellos kein Tag wie jeder andere in Paulinenaue. Das Gemeinschaftswerk Soziale Dienste er\u00f6ffnete heute auf dem Gutshof in einem der beiden ehemaligen Torgeb\u00e4ude des Gutes mit einem Tag der offenen T\u00fcr seine neue Tagespflegeeinrichtung mit betreutem Wohnen.\u00a0 Bauherr Jan Gabriel hatte den ehemaligen Rinderstall zusammen mit dem verbliebenen denkmalgesch\u00fctzten Ensemble\u2026","rel":"","context":"In &quot;Allgemein&quot;","block_context":{"text":"Allgemein","link":"https:\/\/paulinenaue.info\/index.php\/category\/allgemein\/"},"img":{"alt_text":"","src":"https:\/\/i0.wp.com\/paulinenaue.info\/wp-content\/uploads\/2018\/04\/DSC00084.jpg?resize=350%2C200&ssl=1","width":350,"height":200,"srcset":"https:\/\/i0.wp.com\/paulinenaue.info\/wp-content\/uploads\/2018\/04\/DSC00084.jpg?resize=350%2C200&ssl=1 1x, https:\/\/i0.wp.com\/paulinenaue.info\/wp-content\/uploads\/2018\/04\/DSC00084.jpg?resize=525%2C300&ssl=1 1.5x, https:\/\/i0.wp.com\/paulinenaue.info\/wp-content\/uploads\/2018\/04\/DSC00084.jpg?resize=700%2C400&ssl=1 2x"},"classes":[]}],"_links":{"self":[{"href":"https:\/\/paulinenaue.info\/index.php\/wp-json\/wp\/v2\/posts\/417278","targetHints":{"allow":["GET"]}}],"collection":[{"href":"https:\/\/paulinenaue.info\/index.php\/wp-json\/wp\/v2\/posts"}],"about":[{"href":"https:\/\/paulinenaue.info\/index.php\/wp-json\/wp\/v2\/types\/post"}],"author":[{"embeddable":true,"href":"https:\/\/paulinenaue.info\/index.php\/wp-json\/wp\/v2\/users\/3"}],"replies":[{"embeddable":true,"href":"https:\/\/paulinenaue.info\/index.php\/wp-json\/wp\/v2\/comments?post=417278"}],"version-history":[{"count":39,"href":"https:\/\/paulinenaue.info\/index.php\/wp-json\/wp\/v2\/posts\/417278\/revisions"}],"predecessor-version":[{"id":417458,"href":"https:\/\/paulinenaue.info\/index.php\/wp-json\/wp\/v2\/posts\/417278\/revisions\/417458"}],"wp:featuredmedia":[{"embeddable":true,"href":"https:\/\/paulinenaue.info\/index.php\/wp-json\/wp\/v2\/media\/417414"}],"wp:attachment":[{"href":"https:\/\/paulinenaue.info\/index.php\/wp-json\/wp\/v2\/media?parent=417278"}],"wp:term":[{"taxonomy":"category","embeddable":true,"href":"https:\/\/paulinenaue.info\/index.php\/wp-json\/wp\/v2\/categories?post=417278"},{"taxonomy":"post_tag","embeddable":true,"href":"https:\/\/paulinenaue.info\/index.php\/wp-json\/wp\/v2\/tags?post=417278"}],"curies":[{"name":"wp","href":"https:\/\/api.w.org\/{rel}","templated":true}]}}