{"id":417635,"date":"2003-08-10T12:00:52","date_gmt":"2003-08-10T10:00:52","guid":{"rendered":"https:\/\/paulinenaue.info\/?p=417635"},"modified":"2025-03-24T00:00:21","modified_gmt":"2025-03-23T23:00:21","slug":"gleissicherung-fuer-die-ice-strecke","status":"publish","type":"post","link":"https:\/\/paulinenaue.info\/index.php\/gleissicherung-fuer-die-ice-strecke\/","title":{"rendered":"Gleissicherung f\u00fcr die ICE-Strecke"},"content":{"rendered":"<p>10.08.2003. Am Bahnsteig des Paulinenauer Bahnhofes wird dieser Tage eine breite Plattform verlegt. Ein Sicherheitszaun entsteht hier zum Schutz der Wartenden vor den bald wesentlich schneller durchfahrenden Z\u00fcgen. Der Zaun wird Durchg\u00e4nge zum Betreten der Regionalbahnen erhalten. Die hochmoderne Anlage ist bundesweit ein Novum.<\/p>\n<div id=\"attachment_417627\" style=\"width: 610px\" class=\"wp-caption alignnone\"><a href=\"https:\/\/paulinenaue.info\/wp-content\/uploads\/2025\/03\/2003-02-02-Bahnhof-Bahnsteig-01.jpeg\"><img decoding=\"async\" aria-describedby=\"caption-attachment-417627\" data-attachment-id=\"417627\" data-permalink=\"https:\/\/paulinenaue.info\/index.php\/gleissicherung-fuer-die-ice-stecke\/bahnhof-paulinenaue-gleissicherung-fuer-die-ice-stecke\/\" data-orig-file=\"https:\/\/paulinenaue.info\/wp-content\/uploads\/2025\/03\/2003-02-02-Bahnhof-Bahnsteig-01.jpeg\" data-orig-size=\"1000,667\" data-comments-opened=\"1\" data-image-meta=\"{&quot;aperture&quot;:&quot;0&quot;,&quot;credit&quot;:&quot;&quot;,&quot;camera&quot;:&quot;&quot;,&quot;caption&quot;:&quot;&quot;,&quot;created_timestamp&quot;:&quot;1060510810&quot;,&quot;copyright&quot;:&quot;&quot;,&quot;focal_length&quot;:&quot;0&quot;,&quot;iso&quot;:&quot;0&quot;,&quot;shutter_speed&quot;:&quot;0&quot;,&quot;title&quot;:&quot;Bahnhof Paulinenaue, Gleissicherung f\\u00fcr die ICE-Stecke&quot;,&quot;orientation&quot;:&quot;1&quot;}\" data-image-title=\"Bahnhof Paulinenaue, Gleissicherung f\u00fcr die ICE-Stecke\" data-image-description=\"\" data-image-caption=\"&lt;p&gt;Auf dem Bahnhof Paulinenaue wurde eine Plattform verlegt. Foto: J. Scholz, 2003.&lt;\/p&gt;\n\" data-large-file=\"https:\/\/paulinenaue.info\/wp-content\/uploads\/2025\/03\/2003-02-02-Bahnhof-Bahnsteig-01.jpeg\" class=\"lazyload wp-image-417627 size-fusion-600\" src=\"https:\/\/paulinenaue.info\/wp-content\/uploads\/2025\/03\/2003-02-02-Bahnhof-Bahnsteig-01-600x400.jpeg\" data-orig-src=\"https:\/\/paulinenaue.info\/wp-content\/uploads\/2025\/03\/2003-02-02-Bahnhof-Bahnsteig-01-600x400.jpeg\" alt=\"\" width=\"600\" height=\"400\" srcset=\"data:image\/svg+xml,%3Csvg%20xmlns%3D%27http%3A%2F%2Fwww.w3.org%2F2000%2Fsvg%27%20width%3D%27600%27%20height%3D%27400%27%20viewBox%3D%270%200%20600%20400%27%3E%3Crect%20width%3D%27600%27%20height%3D%27400%27%20fill-opacity%3D%220%22%2F%3E%3C%2Fsvg%3E\" data-srcset=\"https:\/\/paulinenaue.info\/wp-content\/uploads\/2025\/03\/2003-02-02-Bahnhof-Bahnsteig-01-200x133.jpeg 200w, https:\/\/paulinenaue.info\/wp-content\/uploads\/2025\/03\/2003-02-02-Bahnhof-Bahnsteig-01-300x200.jpeg 300w, https:\/\/paulinenaue.info\/wp-content\/uploads\/2025\/03\/2003-02-02-Bahnhof-Bahnsteig-01-400x267.jpeg 400w, https:\/\/paulinenaue.info\/wp-content\/uploads\/2025\/03\/2003-02-02-Bahnhof-Bahnsteig-01-600x400.jpeg 600w, https:\/\/paulinenaue.info\/wp-content\/uploads\/2025\/03\/2003-02-02-Bahnhof-Bahnsteig-01-768x512.jpeg 768w, https:\/\/paulinenaue.info\/wp-content\/uploads\/2025\/03\/2003-02-02-Bahnhof-Bahnsteig-01-800x534.jpeg 800w, https:\/\/paulinenaue.info\/wp-content\/uploads\/2025\/03\/2003-02-02-Bahnhof-Bahnsteig-01.jpeg 1000w\" data-sizes=\"auto\" data-orig-sizes=\"(max-width: 600px) 100vw, 600px\" \/><\/a><p id=\"caption-attachment-417627\" class=\"wp-caption-text\"><em>Im August 2003 wird der Bahnsteig des Paulinenauer Bahnhofs f\u00fcr schnelle Vorbeifahrten gesichert. Foto: J. Scholz, 2003.<\/em><\/p><\/div>\n","protected":false},"excerpt":{"rendered":"<p>10.08.2003. Am Bahnsteig des Paulinenauer Bahnhofes wird dieser Tage eine [&hellip;]<\/p>\n","protected":false},"author":1,"featured_media":417624,"comment_status":"open","ping_status":"open","sticky":false,"template":"","format":"standard","meta":{"_acf_changed":false,"_price":"","_stock":"","_tribe_ticket_header":"","_tribe_default_ticket_provider":"","_tribe_ticket_capacity":"0","_ticket_start_date":"","_ticket_end_date":"","_tribe_ticket_show_description":"","_tribe_ticket_show_not_going":false,"_tribe_ticket_use_global_stock":"","_tribe_ticket_global_stock_level":"","_global_stock_mode":"","_global_stock_cap":"","_tribe_rsvp_for_event":"","_tribe_ticket_going_count":"","_tribe_ticket_not_going_count":"","_tribe_tickets_list":"[]","_tribe_ticket_has_attendee_info_fields":false,"jetpack_post_was_ever_published":false,"_jetpack_newsletter_access":"","_jetpack_dont_email_post_to_subs":false,"_jetpack_newsletter_tier_id":0,"_jetpack_memberships_contains_paywalled_content":false,"_jetpack_memberships_contains_paid_content":false,"footnotes":"","jetpack_publicize_message":"","jetpack_publicize_feature_enabled":true,"jetpack_social_post_already_shared":true,"jetpack_social_options":{"image_generator_settings":{"template":"highway","default_image_id":0,"font":"","enabled":false},"version":2}},"categories":[1,40,9],"tags":[21],"class_list":["post-417635","post","type-post","status-publish","format-standard","has-post-thumbnail","hentry","category-allgemein","category-dorfentwicklung","category-neuigkeiten","tag-bahnhof"],"acf":[],"yoast_head":"<!-- This site is optimized with the Yoast SEO plugin v27.5 - https:\/\/yoast.com\/product\/yoast-seo-wordpress\/ -->\n<title>Gleissicherung f\u00fcr die ICE-Strecke - Paulinenaue<\/title>\n<meta name=\"description\" content=\"Am Bahnsteig des Paulinenauer Bahnhofes wird im August 2003 zum Schutz vor schnell durchfahrenden Z\u00fcgen eine breite Plattform verlegt .\" \/>\n<meta name=\"robots\" content=\"index, follow, max-snippet:-1, max-image-preview:large, max-video-preview:-1\" \/>\n<link rel=\"canonical\" href=\"https:\/\/paulinenaue.info\/index.php\/gleissicherung-fuer-die-ice-strecke\/\" \/>\n<meta property=\"og:locale\" content=\"de_DE\" \/>\n<meta property=\"og:type\" content=\"article\" \/>\n<meta property=\"og:title\" content=\"Gleissicherung f\u00fcr die ICE-Strecke - Paulinenaue\" \/>\n<meta property=\"og:description\" content=\"Am Bahnsteig des Paulinenauer Bahnhofes wird im August 2003 zum Schutz vor schnell durchfahrenden Z\u00fcgen eine breite Plattform verlegt .\" \/>\n<meta property=\"og:url\" content=\"https:\/\/paulinenaue.info\/index.php\/gleissicherung-fuer-die-ice-strecke\/\" \/>\n<meta property=\"og:site_name\" content=\"Paulinenaue\" \/>\n<meta property=\"article:published_time\" content=\"2003-08-10T10:00:52+00:00\" \/>\n<meta property=\"article:modified_time\" content=\"2025-03-23T23:00:21+00:00\" \/>\n<meta property=\"og:image\" content=\"https:\/\/paulinenaue.info\/wp-content\/uploads\/2025\/03\/839892C6-B869-40F6-9243-DE7C271A9990_1_105_c.jpeg\" \/>\n\t<meta property=\"og:image:width\" content=\"1092\" \/>\n\t<meta property=\"og:image:height\" content=\"720\" \/>\n\t<meta property=\"og:image:type\" content=\"image\/jpeg\" \/>\n<meta name=\"author\" content=\"Joachim Scholz\" \/>\n<meta name=\"twitter:card\" content=\"summary_large_image\" \/>\n<meta name=\"twitter:label1\" content=\"Verfasst von\" \/>\n\t<meta name=\"twitter:data1\" content=\"Joachim Scholz\" \/>\n\t<meta name=\"twitter:label2\" content=\"Gesch\u00e4tzte Lesezeit\" \/>\n\t<meta name=\"twitter:data2\" content=\"1\u00a0Minute\" \/>\n<script type=\"application\/ld+json\" class=\"yoast-schema-graph\">{\"@context\":\"https:\\\/\\\/schema.org\",\"@graph\":[{\"@type\":\"Article\",\"@id\":\"https:\\\/\\\/paulinenaue.info\\\/index.php\\\/gleissicherung-fuer-die-ice-strecke\\\/#article\",\"isPartOf\":{\"@id\":\"https:\\\/\\\/paulinenaue.info\\\/index.php\\\/gleissicherung-fuer-die-ice-strecke\\\/\"},\"author\":{\"name\":\"Joachim Scholz\",\"@id\":\"https:\\\/\\\/paulinenaue.info\\\/#\\\/schema\\\/person\\\/3f9e818fd7b69b0d2bd937ac506897cc\"},\"headline\":\"Gleissicherung f\u00fcr die ICE-Strecke\",\"datePublished\":\"2003-08-10T10:00:52+00:00\",\"dateModified\":\"2025-03-23T23:00:21+00:00\",\"mainEntityOfPage\":{\"@id\":\"https:\\\/\\\/paulinenaue.info\\\/index.php\\\/gleissicherung-fuer-die-ice-strecke\\\/\"},\"wordCount\":73,\"commentCount\":0,\"image\":{\"@id\":\"https:\\\/\\\/paulinenaue.info\\\/index.php\\\/gleissicherung-fuer-die-ice-strecke\\\/#primaryimage\"},\"thumbnailUrl\":\"https:\\\/\\\/paulinenaue.info\\\/wp-content\\\/uploads\\\/2025\\\/03\\\/839892C6-B869-40F6-9243-DE7C271A9990_1_105_c-e1743241875996.jpeg\",\"keywords\":[\"Bahnhof\"],\"articleSection\":{\"1\":\"Dorfentwicklung\",\"2\":\"Neuigkeiten\"},\"inLanguage\":\"de\",\"potentialAction\":[{\"@type\":\"CommentAction\",\"name\":\"Comment\",\"target\":[\"https:\\\/\\\/paulinenaue.info\\\/index.php\\\/gleissicherung-fuer-die-ice-strecke\\\/#respond\"]}]},{\"@type\":\"WebPage\",\"@id\":\"https:\\\/\\\/paulinenaue.info\\\/index.php\\\/gleissicherung-fuer-die-ice-strecke\\\/\",\"url\":\"https:\\\/\\\/paulinenaue.info\\\/index.php\\\/gleissicherung-fuer-die-ice-strecke\\\/\",\"name\":\"Gleissicherung f\u00fcr die ICE-Strecke - Paulinenaue\",\"isPartOf\":{\"@id\":\"https:\\\/\\\/paulinenaue.info\\\/#website\"},\"primaryImageOfPage\":{\"@id\":\"https:\\\/\\\/paulinenaue.info\\\/index.php\\\/gleissicherung-fuer-die-ice-strecke\\\/#primaryimage\"},\"image\":{\"@id\":\"https:\\\/\\\/paulinenaue.info\\\/index.php\\\/gleissicherung-fuer-die-ice-strecke\\\/#primaryimage\"},\"thumbnailUrl\":\"https:\\\/\\\/paulinenaue.info\\\/wp-content\\\/uploads\\\/2025\\\/03\\\/839892C6-B869-40F6-9243-DE7C271A9990_1_105_c-e1743241875996.jpeg\",\"datePublished\":\"2003-08-10T10:00:52+00:00\",\"dateModified\":\"2025-03-23T23:00:21+00:00\",\"author\":{\"@id\":\"https:\\\/\\\/paulinenaue.info\\\/#\\\/schema\\\/person\\\/3f9e818fd7b69b0d2bd937ac506897cc\"},\"description\":\"Am Bahnsteig des Paulinenauer Bahnhofes wird im August 2003 zum Schutz vor schnell durchfahrenden Z\u00fcgen eine breite Plattform verlegt .\",\"breadcrumb\":{\"@id\":\"https:\\\/\\\/paulinenaue.info\\\/index.php\\\/gleissicherung-fuer-die-ice-strecke\\\/#breadcrumb\"},\"inLanguage\":\"de\",\"potentialAction\":[{\"@type\":\"ReadAction\",\"target\":[\"https:\\\/\\\/paulinenaue.info\\\/index.php\\\/gleissicherung-fuer-die-ice-strecke\\\/\"]}]},{\"@type\":\"ImageObject\",\"inLanguage\":\"de\",\"@id\":\"https:\\\/\\\/paulinenaue.info\\\/index.php\\\/gleissicherung-fuer-die-ice-strecke\\\/#primaryimage\",\"url\":\"https:\\\/\\\/paulinenaue.info\\\/wp-content\\\/uploads\\\/2025\\\/03\\\/839892C6-B869-40F6-9243-DE7C271A9990_1_105_c-e1743241875996.jpeg\",\"contentUrl\":\"https:\\\/\\\/paulinenaue.info\\\/wp-content\\\/uploads\\\/2025\\\/03\\\/839892C6-B869-40F6-9243-DE7C271A9990_1_105_c-e1743241875996.jpeg\",\"width\":1092,\"height\":570,\"caption\":\"Im August 2003 wird der Bahnsteig des Paulinenauer Bahnhofs f\u00fcr schnelle Vorbeifahrten gesichert. Foto: J. Scholz, 2003.\"},{\"@type\":\"BreadcrumbList\",\"@id\":\"https:\\\/\\\/paulinenaue.info\\\/index.php\\\/gleissicherung-fuer-die-ice-strecke\\\/#breadcrumb\",\"itemListElement\":[{\"@type\":\"ListItem\",\"position\":1,\"name\":\"Home\",\"item\":\"https:\\\/\\\/paulinenaue.info\\\/\"},{\"@type\":\"ListItem\",\"position\":2,\"name\":\"Gleissicherung f\u00fcr die ICE-Strecke\"}]},{\"@type\":\"WebSite\",\"@id\":\"https:\\\/\\\/paulinenaue.info\\\/#website\",\"url\":\"https:\\\/\\\/paulinenaue.info\\\/\",\"name\":\"Paulinenaue\",\"description\":\"Ein Dorf im Havelland\",\"potentialAction\":[{\"@type\":\"SearchAction\",\"target\":{\"@type\":\"EntryPoint\",\"urlTemplate\":\"https:\\\/\\\/paulinenaue.info\\\/?s={search_term_string}\"},\"query-input\":{\"@type\":\"PropertyValueSpecification\",\"valueRequired\":true,\"valueName\":\"search_term_string\"}}],\"inLanguage\":\"de\"},{\"@type\":\"Person\",\"@id\":\"https:\\\/\\\/paulinenaue.info\\\/#\\\/schema\\\/person\\\/3f9e818fd7b69b0d2bd937ac506897cc\",\"name\":\"Joachim Scholz\",\"url\":\"https:\\\/\\\/paulinenaue.info\\\/index.php\\\/author\\\/jjscholz\\\/\"}]}<\/script>\n<!-- \/ Yoast SEO plugin. -->","yoast_head_json":{"title":"Gleissicherung f\u00fcr die ICE-Strecke - Paulinenaue","description":"Am Bahnsteig des Paulinenauer Bahnhofes wird im August 2003 zum Schutz vor schnell durchfahrenden Z\u00fcgen eine breite Plattform verlegt .","robots":{"index":"index","follow":"follow","max-snippet":"max-snippet:-1","max-image-preview":"max-image-preview:large","max-video-preview":"max-video-preview:-1"},"canonical":"https:\/\/paulinenaue.info\/index.php\/gleissicherung-fuer-die-ice-strecke\/","og_locale":"de_DE","og_type":"article","og_title":"Gleissicherung f\u00fcr die ICE-Strecke - Paulinenaue","og_description":"Am Bahnsteig des Paulinenauer Bahnhofes wird im August 2003 zum Schutz vor schnell durchfahrenden Z\u00fcgen eine breite Plattform verlegt .","og_url":"https:\/\/paulinenaue.info\/index.php\/gleissicherung-fuer-die-ice-strecke\/","og_site_name":"Paulinenaue","article_published_time":"2003-08-10T10:00:52+00:00","article_modified_time":"2025-03-23T23:00:21+00:00","og_image":[{"width":1092,"height":720,"url":"https:\/\/paulinenaue.info\/wp-content\/uploads\/2025\/03\/839892C6-B869-40F6-9243-DE7C271A9990_1_105_c.jpeg","type":"image\/jpeg"}],"author":"Joachim Scholz","twitter_card":"summary_large_image","twitter_misc":{"Verfasst von":"Joachim Scholz","Gesch\u00e4tzte Lesezeit":"1\u00a0Minute"},"schema":{"@context":"https:\/\/schema.org","@graph":[{"@type":"Article","@id":"https:\/\/paulinenaue.info\/index.php\/gleissicherung-fuer-die-ice-strecke\/#article","isPartOf":{"@id":"https:\/\/paulinenaue.info\/index.php\/gleissicherung-fuer-die-ice-strecke\/"},"author":{"name":"Joachim Scholz","@id":"https:\/\/paulinenaue.info\/#\/schema\/person\/3f9e818fd7b69b0d2bd937ac506897cc"},"headline":"Gleissicherung f\u00fcr die ICE-Strecke","datePublished":"2003-08-10T10:00:52+00:00","dateModified":"2025-03-23T23:00:21+00:00","mainEntityOfPage":{"@id":"https:\/\/paulinenaue.info\/index.php\/gleissicherung-fuer-die-ice-strecke\/"},"wordCount":73,"commentCount":0,"image":{"@id":"https:\/\/paulinenaue.info\/index.php\/gleissicherung-fuer-die-ice-strecke\/#primaryimage"},"thumbnailUrl":"https:\/\/paulinenaue.info\/wp-content\/uploads\/2025\/03\/839892C6-B869-40F6-9243-DE7C271A9990_1_105_c-e1743241875996.jpeg","keywords":["Bahnhof"],"articleSection":{"1":"Dorfentwicklung","2":"Neuigkeiten"},"inLanguage":"de","potentialAction":[{"@type":"CommentAction","name":"Comment","target":["https:\/\/paulinenaue.info\/index.php\/gleissicherung-fuer-die-ice-strecke\/#respond"]}]},{"@type":"WebPage","@id":"https:\/\/paulinenaue.info\/index.php\/gleissicherung-fuer-die-ice-strecke\/","url":"https:\/\/paulinenaue.info\/index.php\/gleissicherung-fuer-die-ice-strecke\/","name":"Gleissicherung f\u00fcr die ICE-Strecke - Paulinenaue","isPartOf":{"@id":"https:\/\/paulinenaue.info\/#website"},"primaryImageOfPage":{"@id":"https:\/\/paulinenaue.info\/index.php\/gleissicherung-fuer-die-ice-strecke\/#primaryimage"},"image":{"@id":"https:\/\/paulinenaue.info\/index.php\/gleissicherung-fuer-die-ice-strecke\/#primaryimage"},"thumbnailUrl":"https:\/\/paulinenaue.info\/wp-content\/uploads\/2025\/03\/839892C6-B869-40F6-9243-DE7C271A9990_1_105_c-e1743241875996.jpeg","datePublished":"2003-08-10T10:00:52+00:00","dateModified":"2025-03-23T23:00:21+00:00","author":{"@id":"https:\/\/paulinenaue.info\/#\/schema\/person\/3f9e818fd7b69b0d2bd937ac506897cc"},"description":"Am Bahnsteig des Paulinenauer Bahnhofes wird im August 2003 zum Schutz vor schnell durchfahrenden Z\u00fcgen eine breite Plattform verlegt .","breadcrumb":{"@id":"https:\/\/paulinenaue.info\/index.php\/gleissicherung-fuer-die-ice-strecke\/#breadcrumb"},"inLanguage":"de","potentialAction":[{"@type":"ReadAction","target":["https:\/\/paulinenaue.info\/index.php\/gleissicherung-fuer-die-ice-strecke\/"]}]},{"@type":"ImageObject","inLanguage":"de","@id":"https:\/\/paulinenaue.info\/index.php\/gleissicherung-fuer-die-ice-strecke\/#primaryimage","url":"https:\/\/paulinenaue.info\/wp-content\/uploads\/2025\/03\/839892C6-B869-40F6-9243-DE7C271A9990_1_105_c-e1743241875996.jpeg","contentUrl":"https:\/\/paulinenaue.info\/wp-content\/uploads\/2025\/03\/839892C6-B869-40F6-9243-DE7C271A9990_1_105_c-e1743241875996.jpeg","width":1092,"height":570,"caption":"Im August 2003 wird der Bahnsteig des Paulinenauer Bahnhofs f\u00fcr schnelle Vorbeifahrten gesichert. Foto: J. Scholz, 2003."},{"@type":"BreadcrumbList","@id":"https:\/\/paulinenaue.info\/index.php\/gleissicherung-fuer-die-ice-strecke\/#breadcrumb","itemListElement":[{"@type":"ListItem","position":1,"name":"Home","item":"https:\/\/paulinenaue.info\/"},{"@type":"ListItem","position":2,"name":"Gleissicherung f\u00fcr die ICE-Strecke"}]},{"@type":"WebSite","@id":"https:\/\/paulinenaue.info\/#website","url":"https:\/\/paulinenaue.info\/","name":"Paulinenaue","description":"Ein Dorf im Havelland","potentialAction":[{"@type":"SearchAction","target":{"@type":"EntryPoint","urlTemplate":"https:\/\/paulinenaue.info\/?s={search_term_string}"},"query-input":{"@type":"PropertyValueSpecification","valueRequired":true,"valueName":"search_term_string"}}],"inLanguage":"de"},{"@type":"Person","@id":"https:\/\/paulinenaue.info\/#\/schema\/person\/3f9e818fd7b69b0d2bd937ac506897cc","name":"Joachim Scholz","url":"https:\/\/paulinenaue.info\/index.php\/author\/jjscholz\/"}]}},"jetpack_publicize_connections":[],"jetpack_featured_media_url":"https:\/\/paulinenaue.info\/wp-content\/uploads\/2025\/03\/839892C6-B869-40F6-9243-DE7C271A9990_1_105_c-e1743241875996.jpeg","jetpack_sharing_enabled":true,"jetpack_shortlink":"https:\/\/wp.me\/pcYhWA-1KE3","jetpack-related-posts":[{"id":1409,"url":"https:\/\/paulinenaue.info\/index.php\/vergroesserung-des-empfangsgebaeudes-1883\/","url_meta":{"origin":417635,"position":0},"title":"Vergr\u00f6\u00dferung des Empfangsgeb\u00e4udes 1883","author":"Sarah","date":"18. Februar 2007","format":false,"excerpt":"18.02.2007 2007: 160 Jahre Paulinenauer Bahnhofsgeb\u00e4ude Einen Bahnhof besa\u00df Paulinenaue seit der Er\u00f6ffnung der Strecke 1847. Diese Ansicht aus dem Plan zur Erweiterung des Empfangsgeb\u00e4udes datiert auf den 2. Juli 1883. Drei Jahre zuvor hatte die Paulinenaue-Neuruppiner Eisenbahn ihren Betrieb aufgenommen und Paulinenaue war zum Umsteigebahnhof geworden. So erkl\u00e4rt sich\u2026","rel":"","context":"In &quot;Allgemein&quot;","block_context":{"text":"Allgemein","link":"https:\/\/paulinenaue.info\/index.php\/category\/allgemein\/"},"img":{"alt_text":"","src":"https:\/\/i0.wp.com\/paulinenaue.info\/wp-content\/uploads\/2017\/09\/Bhf-Paulinenaue-Ansicht-von-der-Perronseite.jpg?resize=350%2C200&ssl=1","width":350,"height":200,"srcset":"https:\/\/i0.wp.com\/paulinenaue.info\/wp-content\/uploads\/2017\/09\/Bhf-Paulinenaue-Ansicht-von-der-Perronseite.jpg?resize=350%2C200&ssl=1 1x, https:\/\/i0.wp.com\/paulinenaue.info\/wp-content\/uploads\/2017\/09\/Bhf-Paulinenaue-Ansicht-von-der-Perronseite.jpg?resize=525%2C300&ssl=1 1.5x, https:\/\/i0.wp.com\/paulinenaue.info\/wp-content\/uploads\/2017\/09\/Bhf-Paulinenaue-Ansicht-von-der-Perronseite.jpg?resize=700%2C400&ssl=1 2x"},"classes":[]},{"id":5116,"url":"https:\/\/paulinenaue.info\/index.php\/unterstand-am-bahnhof-wieder-zugaenglich\/","url_meta":{"origin":417635,"position":1},"title":"Unterstand am Bahnhof wieder zug\u00e4nglich","author":"Christian Gnewikow","date":"16. November 2019","format":false,"excerpt":"Insbesondere die Pendler unter uns konnten schon ein Lied davon singen: regelm\u00e4\u00dfig mussten sie die Wartezeiten bei Regen ohne Unterstellm\u00f6glichkeit verbringen. Denn das \"Warteh\u00e4uschen\" auf dem Bahnsteig bietet im besten Fall zwei bis drei Personen Platz. In der vergangenen Woche wurde der Bauzaun um einige Meter nach hinten verr\u00fcckt und\u2026","rel":"","context":"In &quot;Allgemein&quot;","block_context":{"text":"Allgemein","link":"https:\/\/paulinenaue.info\/index.php\/category\/allgemein\/"},"img":{"alt_text":"","src":"https:\/\/i0.wp.com\/paulinenaue.info\/wp-content\/uploads\/2019\/11\/IMG_0763-scaled.jpg?resize=350%2C200&ssl=1","width":350,"height":200,"srcset":"https:\/\/i0.wp.com\/paulinenaue.info\/wp-content\/uploads\/2019\/11\/IMG_0763-scaled.jpg?resize=350%2C200&ssl=1 1x, https:\/\/i0.wp.com\/paulinenaue.info\/wp-content\/uploads\/2019\/11\/IMG_0763-scaled.jpg?resize=525%2C300&ssl=1 1.5x, https:\/\/i0.wp.com\/paulinenaue.info\/wp-content\/uploads\/2019\/11\/IMG_0763-scaled.jpg?resize=700%2C400&ssl=1 2x, https:\/\/i0.wp.com\/paulinenaue.info\/wp-content\/uploads\/2019\/11\/IMG_0763-scaled.jpg?resize=1050%2C600&ssl=1 3x, https:\/\/i0.wp.com\/paulinenaue.info\/wp-content\/uploads\/2019\/11\/IMG_0763-scaled.jpg?resize=1400%2C800&ssl=1 4x"},"classes":[]},{"id":417887,"url":"https:\/\/paulinenaue.info\/index.php\/bahnhof-paulinenaue-knotenpunkt-adresse-und-moeglichkeitsraum\/","url_meta":{"origin":417635,"position":2},"title":"Bahnhof Paulinenaue: Knotenpunkt, Adresse und M\u00f6glichkeitsraum","author":"Joachim Scholz","date":"18. Mai 2025","format":false,"excerpt":"Joachim Schultz-Granberg wuchs in Paulinenaue auf. Heute ist er Architekt, Stadtplaner und Professor f\u00fcr St\u00e4dtebau an der MSA | M\u00fcnster School of Architecture. Er geh\u00f6rt zum Team, das sich aktuell der Perspektivsuche f\u00fcr das Bahnhofsgeb\u00e4ude zusammengefunden hat und unterbreitet hier seine Vision f\u00fcr das Bahnhofsgeb\u00e4ude.\u00a0\u00a0 Ausgangspunkt Das 1847 erbaute Bahnhofsgeb\u00e4ude\u2026","rel":"","context":"In &quot;Bahnhof&quot;","block_context":{"text":"Bahnhof","link":"https:\/\/paulinenaue.info\/index.php\/category\/bahnhof\/"},"img":{"alt_text":"","src":"https:\/\/i0.wp.com\/paulinenaue.info\/wp-content\/uploads\/2025\/05\/2024-11-30-Bahnhof-Vogelperspektive-01.jpg?resize=350%2C200&ssl=1","width":350,"height":200,"srcset":"https:\/\/i0.wp.com\/paulinenaue.info\/wp-content\/uploads\/2025\/05\/2024-11-30-Bahnhof-Vogelperspektive-01.jpg?resize=350%2C200&ssl=1 1x, https:\/\/i0.wp.com\/paulinenaue.info\/wp-content\/uploads\/2025\/05\/2024-11-30-Bahnhof-Vogelperspektive-01.jpg?resize=525%2C300&ssl=1 1.5x, https:\/\/i0.wp.com\/paulinenaue.info\/wp-content\/uploads\/2025\/05\/2024-11-30-Bahnhof-Vogelperspektive-01.jpg?resize=700%2C400&ssl=1 2x"},"classes":[]},{"id":5006,"url":"https:\/\/paulinenaue.info\/index.php\/bahnhof-unter-strom-am-tag-des-offenen-denkmals\/","url_meta":{"origin":417635,"position":3},"title":"Bahnhof unter Strom am Tag des offenen Denkmals","author":"Joachim Scholz","date":"9. September 2019","format":false,"excerpt":"Wieder einmal lockte der \u201eTag des offenen Denkmals\u201c am ersten Septemberwochenende viele Schaulustige nach Paulinenaue. Der Kulturverein hatte daf\u00fcr gesorgt, dass das Bahnhofsgeb\u00e4ude an diesem Tag ge\u00f6ffnet wurde. Die beiden F\u00fchrungen durch das 1847 errichtete und 1883 erweiterte imposante Geb\u00e4ude besuchten ca. 60 Personen. Etwas Besonderes war die in Teilen\u2026","rel":"","context":"In &quot;Bahnhof&quot;","block_context":{"text":"Bahnhof","link":"https:\/\/paulinenaue.info\/index.php\/category\/bahnhof\/"},"img":{"alt_text":"","src":"https:\/\/i0.wp.com\/paulinenaue.info\/wp-content\/uploads\/2019\/09\/DSC05546.jpg?resize=350%2C200&ssl=1","width":350,"height":200,"srcset":"https:\/\/i0.wp.com\/paulinenaue.info\/wp-content\/uploads\/2019\/09\/DSC05546.jpg?resize=350%2C200&ssl=1 1x, https:\/\/i0.wp.com\/paulinenaue.info\/wp-content\/uploads\/2019\/09\/DSC05546.jpg?resize=525%2C300&ssl=1 1.5x, https:\/\/i0.wp.com\/paulinenaue.info\/wp-content\/uploads\/2019\/09\/DSC05546.jpg?resize=700%2C400&ssl=1 2x"},"classes":[]},{"id":416036,"url":"https:\/\/paulinenaue.info\/index.php\/spaziergang-durch-den-paulinenauer-bahnhof-im-februar-2024\/","url_meta":{"origin":417635,"position":4},"title":"Spaziergang durch den Paulinenauer Bahnhof","author":"Joachim Scholz","date":"24. Februar 2024","format":false,"excerpt":"","rel":"","context":"In &quot;Allgemein&quot;","block_context":{"text":"Allgemein","link":"https:\/\/paulinenaue.info\/index.php\/category\/allgemein\/"},"img":{"alt_text":"","src":"https:\/\/i0.wp.com\/paulinenaue.info\/wp-content\/uploads\/2024\/02\/2024-02-11-Im-Bahnhof-01.jpeg?resize=350%2C200&ssl=1","width":350,"height":200,"srcset":"https:\/\/i0.wp.com\/paulinenaue.info\/wp-content\/uploads\/2024\/02\/2024-02-11-Im-Bahnhof-01.jpeg?resize=350%2C200&ssl=1 1x, https:\/\/i0.wp.com\/paulinenaue.info\/wp-content\/uploads\/2024\/02\/2024-02-11-Im-Bahnhof-01.jpeg?resize=525%2C300&ssl=1 1.5x, https:\/\/i0.wp.com\/paulinenaue.info\/wp-content\/uploads\/2024\/02\/2024-02-11-Im-Bahnhof-01.jpeg?resize=700%2C400&ssl=1 2x"},"classes":[]},{"id":2285,"url":"https:\/\/paulinenaue.info\/index.php\/super-schnelle-vorbeifahrten\/","url_meta":{"origin":417635,"position":5},"title":"\u201eSchnelle Vorbeifahrten\u201c","author":"Joachim Scholz","date":"22. August 2018","format":false,"excerpt":"Ein Landart-Parcour zum Kanaljubil\u00e4um und ein Fest f\u00fcr den Bahnhof Ein Kulturereignis dieses Formates hat es in Paulinenaue noch nicht gegeben. Was noch vor zwei Jahren, als der Ausstellungsmacher R\u00fcdiger Stern zusammen mit dem Theaterschaffenden Stefan Bischoff die \u201eSchnellen Vorbeifahrten\u201c im kleinen Rahmen in seinem Atelierhaus ins Leben rief, bereits\u2026","rel":"","context":"In &quot;Allgemein&quot;","block_context":{"text":"Allgemein","link":"https:\/\/paulinenaue.info\/index.php\/category\/allgemein\/"},"img":{"alt_text":"","src":"https:\/\/i0.wp.com\/paulinenaue.info\/wp-content\/uploads\/2018\/01\/20180819-_DSC7879.jpg?resize=350%2C200&ssl=1","width":350,"height":200,"srcset":"https:\/\/i0.wp.com\/paulinenaue.info\/wp-content\/uploads\/2018\/01\/20180819-_DSC7879.jpg?resize=350%2C200&ssl=1 1x, https:\/\/i0.wp.com\/paulinenaue.info\/wp-content\/uploads\/2018\/01\/20180819-_DSC7879.jpg?resize=525%2C300&ssl=1 1.5x, https:\/\/i0.wp.com\/paulinenaue.info\/wp-content\/uploads\/2018\/01\/20180819-_DSC7879.jpg?resize=700%2C400&ssl=1 2x, https:\/\/i0.wp.com\/paulinenaue.info\/wp-content\/uploads\/2018\/01\/20180819-_DSC7879.jpg?resize=1050%2C600&ssl=1 3x, https:\/\/i0.wp.com\/paulinenaue.info\/wp-content\/uploads\/2018\/01\/20180819-_DSC7879.jpg?resize=1400%2C800&ssl=1 4x"},"classes":[]}],"_links":{"self":[{"href":"https:\/\/paulinenaue.info\/index.php\/wp-json\/wp\/v2\/posts\/417635","targetHints":{"allow":["GET"]}}],"collection":[{"href":"https:\/\/paulinenaue.info\/index.php\/wp-json\/wp\/v2\/posts"}],"about":[{"href":"https:\/\/paulinenaue.info\/index.php\/wp-json\/wp\/v2\/types\/post"}],"author":[{"embeddable":true,"href":"https:\/\/paulinenaue.info\/index.php\/wp-json\/wp\/v2\/users\/1"}],"replies":[{"embeddable":true,"href":"https:\/\/paulinenaue.info\/index.php\/wp-json\/wp\/v2\/comments?post=417635"}],"version-history":[{"count":3,"href":"https:\/\/paulinenaue.info\/index.php\/wp-json\/wp\/v2\/posts\/417635\/revisions"}],"predecessor-version":[{"id":417638,"href":"https:\/\/paulinenaue.info\/index.php\/wp-json\/wp\/v2\/posts\/417635\/revisions\/417638"}],"wp:featuredmedia":[{"embeddable":true,"href":"https:\/\/paulinenaue.info\/index.php\/wp-json\/wp\/v2\/media\/417624"}],"wp:attachment":[{"href":"https:\/\/paulinenaue.info\/index.php\/wp-json\/wp\/v2\/media?parent=417635"}],"wp:term":[{"taxonomy":"category","embeddable":true,"href":"https:\/\/paulinenaue.info\/index.php\/wp-json\/wp\/v2\/categories?post=417635"},{"taxonomy":"post_tag","embeddable":true,"href":"https:\/\/paulinenaue.info\/index.php\/wp-json\/wp\/v2\/tags?post=417635"}],"curies":[{"name":"wp","href":"https:\/\/api.w.org\/{rel}","templated":true}]}}