{"id":417725,"date":"2025-03-30T19:20:43","date_gmt":"2025-03-30T17:20:43","guid":{"rendered":"https:\/\/paulinenaue.info\/?p=417725"},"modified":"2025-04-19T01:45:55","modified_gmt":"2025-04-18T23:45:55","slug":"fruehjahrsputz-2025","status":"publish","type":"post","link":"https:\/\/paulinenaue.info\/index.php\/fruehjahrsputz-2025\/","title":{"rendered":"Fr\u00fchjahrsputz 2025"},"content":{"rendered":"<p>Dem Aufruf der Gemeindevertretung folgend fanden sich am Vormittag des 29.03.2025 \u00a026 B\u00fcrger*innen und 8 Kinder zum Fr\u00fchjahrsputz ein. Es wurde flei\u00dfig geharkt, gehackt und gewerkelt.<\/p>\n<p>Schwerunkt war dabei der Bahnhofsvorplatz sowie die Bankettabtragung in der Prof.-Mitscherlich-Allee und der Ruppiner Stra\u00dfe. Zum Abschluss trafen sich alle im Park zu einem kleinen Imbiss ein, dort war Zeit f\u00fcr einen Plausch und um mit den Neupaulinenauern ins Gespr\u00e4ch zu kommen.<\/p>\n<p>Dank an Alle, die dazu beitrugen, dass sich das Ortsbild etwas versch\u00f6nert hat, vor allem an Thomas Warncke und die Br\u00fcder Kunkel f\u00fcr die Bereitstellung der Technik und der Feuerwehr f\u00fcr die Bewirtung.<\/p>\n<p>&nbsp;<\/p>\n<p>Fotos: Sabine Pietschmann<\/p>\n<p><a href=\"https:\/\/paulinenaue.info\/wp-content\/uploads\/2025\/03\/WhatsApp-Bild-2025-03-30-um-18.47.24_659bfc34.jpg\"><img decoding=\"async\" data-attachment-id=\"417729\" data-permalink=\"https:\/\/paulinenaue.info\/index.php\/fruehjahrsputz-2025\/whatsapp-bild-2025-03-30-um-18-47-24_659bfc34\/\" data-orig-file=\"https:\/\/paulinenaue.info\/wp-content\/uploads\/2025\/03\/WhatsApp-Bild-2025-03-30-um-18.47.24_659bfc34.jpg\" data-orig-size=\"1600,1204\" data-comments-opened=\"1\" data-image-meta=\"{&quot;aperture&quot;:&quot;0&quot;,&quot;credit&quot;:&quot;&quot;,&quot;camera&quot;:&quot;&quot;,&quot;caption&quot;:&quot;&quot;,&quot;created_timestamp&quot;:&quot;0&quot;,&quot;copyright&quot;:&quot;&quot;,&quot;focal_length&quot;:&quot;0&quot;,&quot;iso&quot;:&quot;0&quot;,&quot;shutter_speed&quot;:&quot;0&quot;,&quot;title&quot;:&quot;&quot;,&quot;orientation&quot;:&quot;0&quot;}\" data-image-title=\"WhatsApp Bild 2025-03-30 um 18.47.24_659bfc34\" data-image-description=\"\" data-image-caption=\"\" data-large-file=\"https:\/\/paulinenaue.info\/wp-content\/uploads\/2025\/03\/WhatsApp-Bild-2025-03-30-um-18.47.24_659bfc34-1024x771.jpg\" class=\"lazyload alignnone size-medium wp-image-417729\" src=\"https:\/\/paulinenaue.info\/wp-content\/uploads\/2025\/03\/WhatsApp-Bild-2025-03-30-um-18.47.24_659bfc34-300x226.jpg\" data-orig-src=\"https:\/\/paulinenaue.info\/wp-content\/uploads\/2025\/03\/WhatsApp-Bild-2025-03-30-um-18.47.24_659bfc34-300x226.jpg\" alt=\"\" width=\"300\" height=\"226\" srcset=\"data:image\/svg+xml,%3Csvg%20xmlns%3D%27http%3A%2F%2Fwww.w3.org%2F2000%2Fsvg%27%20width%3D%27300%27%20height%3D%27226%27%20viewBox%3D%270%200%20300%20226%27%3E%3Crect%20width%3D%27300%27%20height%3D%27226%27%20fill-opacity%3D%220%22%2F%3E%3C%2Fsvg%3E\" data-srcset=\"https:\/\/paulinenaue.info\/wp-content\/uploads\/2025\/03\/WhatsApp-Bild-2025-03-30-um-18.47.24_659bfc34-200x151.jpg 200w, https:\/\/paulinenaue.info\/wp-content\/uploads\/2025\/03\/WhatsApp-Bild-2025-03-30-um-18.47.24_659bfc34-300x226.jpg 300w, https:\/\/paulinenaue.info\/wp-content\/uploads\/2025\/03\/WhatsApp-Bild-2025-03-30-um-18.47.24_659bfc34-400x301.jpg 400w, https:\/\/paulinenaue.info\/wp-content\/uploads\/2025\/03\/WhatsApp-Bild-2025-03-30-um-18.47.24_659bfc34-600x452.jpg 600w, https:\/\/paulinenaue.info\/wp-content\/uploads\/2025\/03\/WhatsApp-Bild-2025-03-30-um-18.47.24_659bfc34-768x578.jpg 768w, https:\/\/paulinenaue.info\/wp-content\/uploads\/2025\/03\/WhatsApp-Bild-2025-03-30-um-18.47.24_659bfc34-800x602.jpg 800w, https:\/\/paulinenaue.info\/wp-content\/uploads\/2025\/03\/WhatsApp-Bild-2025-03-30-um-18.47.24_659bfc34-1024x771.jpg 1024w, https:\/\/paulinenaue.info\/wp-content\/uploads\/2025\/03\/WhatsApp-Bild-2025-03-30-um-18.47.24_659bfc34-1200x903.jpg 1200w, https:\/\/paulinenaue.info\/wp-content\/uploads\/2025\/03\/WhatsApp-Bild-2025-03-30-um-18.47.24_659bfc34-1536x1156.jpg 1536w, https:\/\/paulinenaue.info\/wp-content\/uploads\/2025\/03\/WhatsApp-Bild-2025-03-30-um-18.47.24_659bfc34.jpg 1600w\" data-sizes=\"auto\" data-orig-sizes=\"(max-width: 300px) 100vw, 300px\" \/><\/a> <a href=\"https:\/\/paulinenaue.info\/wp-content\/uploads\/2025\/03\/WhatsApp-Bild-2025-03-30-um-18.47.22_28367ecb.jpg\"><img decoding=\"async\" data-attachment-id=\"417728\" data-permalink=\"https:\/\/paulinenaue.info\/index.php\/fruehjahrsputz-2025\/whatsapp-bild-2025-03-30-um-18-47-22_28367ecb\/\" data-orig-file=\"https:\/\/paulinenaue.info\/wp-content\/uploads\/2025\/03\/WhatsApp-Bild-2025-03-30-um-18.47.22_28367ecb.jpg\" data-orig-size=\"1600,1204\" data-comments-opened=\"1\" data-image-meta=\"{&quot;aperture&quot;:&quot;0&quot;,&quot;credit&quot;:&quot;&quot;,&quot;camera&quot;:&quot;&quot;,&quot;caption&quot;:&quot;&quot;,&quot;created_timestamp&quot;:&quot;0&quot;,&quot;copyright&quot;:&quot;&quot;,&quot;focal_length&quot;:&quot;0&quot;,&quot;iso&quot;:&quot;0&quot;,&quot;shutter_speed&quot;:&quot;0&quot;,&quot;title&quot;:&quot;&quot;,&quot;orientation&quot;:&quot;0&quot;}\" data-image-title=\"WhatsApp Bild 2025-03-30 um 18.47.22_28367ecb\" data-image-description=\"\" data-image-caption=\"\" data-large-file=\"https:\/\/paulinenaue.info\/wp-content\/uploads\/2025\/03\/WhatsApp-Bild-2025-03-30-um-18.47.22_28367ecb-1024x771.jpg\" class=\"lazyload alignnone size-medium wp-image-417728\" src=\"https:\/\/paulinenaue.info\/wp-content\/uploads\/2025\/03\/WhatsApp-Bild-2025-03-30-um-18.47.22_28367ecb-300x226.jpg\" data-orig-src=\"https:\/\/paulinenaue.info\/wp-content\/uploads\/2025\/03\/WhatsApp-Bild-2025-03-30-um-18.47.22_28367ecb-300x226.jpg\" alt=\"\" width=\"300\" height=\"226\" srcset=\"data:image\/svg+xml,%3Csvg%20xmlns%3D%27http%3A%2F%2Fwww.w3.org%2F2000%2Fsvg%27%20width%3D%27300%27%20height%3D%27226%27%20viewBox%3D%270%200%20300%20226%27%3E%3Crect%20width%3D%27300%27%20height%3D%27226%27%20fill-opacity%3D%220%22%2F%3E%3C%2Fsvg%3E\" data-srcset=\"https:\/\/paulinenaue.info\/wp-content\/uploads\/2025\/03\/WhatsApp-Bild-2025-03-30-um-18.47.22_28367ecb-200x151.jpg 200w, https:\/\/paulinenaue.info\/wp-content\/uploads\/2025\/03\/WhatsApp-Bild-2025-03-30-um-18.47.22_28367ecb-300x226.jpg 300w, https:\/\/paulinenaue.info\/wp-content\/uploads\/2025\/03\/WhatsApp-Bild-2025-03-30-um-18.47.22_28367ecb-400x301.jpg 400w, https:\/\/paulinenaue.info\/wp-content\/uploads\/2025\/03\/WhatsApp-Bild-2025-03-30-um-18.47.22_28367ecb-600x452.jpg 600w, https:\/\/paulinenaue.info\/wp-content\/uploads\/2025\/03\/WhatsApp-Bild-2025-03-30-um-18.47.22_28367ecb-768x578.jpg 768w, https:\/\/paulinenaue.info\/wp-content\/uploads\/2025\/03\/WhatsApp-Bild-2025-03-30-um-18.47.22_28367ecb-800x602.jpg 800w, https:\/\/paulinenaue.info\/wp-content\/uploads\/2025\/03\/WhatsApp-Bild-2025-03-30-um-18.47.22_28367ecb-1024x771.jpg 1024w, https:\/\/paulinenaue.info\/wp-content\/uploads\/2025\/03\/WhatsApp-Bild-2025-03-30-um-18.47.22_28367ecb-1200x903.jpg 1200w, https:\/\/paulinenaue.info\/wp-content\/uploads\/2025\/03\/WhatsApp-Bild-2025-03-30-um-18.47.22_28367ecb-1536x1156.jpg 1536w, https:\/\/paulinenaue.info\/wp-content\/uploads\/2025\/03\/WhatsApp-Bild-2025-03-30-um-18.47.22_28367ecb.jpg 1600w\" data-sizes=\"auto\" data-orig-sizes=\"(max-width: 300px) 100vw, 300px\" \/><\/a> <a href=\"https:\/\/paulinenaue.info\/wp-content\/uploads\/2025\/03\/WhatsApp-Bild-2025-03-30-um-18.47.22_0c735f5b.jpg\"><img decoding=\"async\" data-attachment-id=\"417727\" data-permalink=\"https:\/\/paulinenaue.info\/index.php\/fruehjahrsputz-2025\/whatsapp-bild-2025-03-30-um-18-47-22_0c735f5b\/\" data-orig-file=\"https:\/\/paulinenaue.info\/wp-content\/uploads\/2025\/03\/WhatsApp-Bild-2025-03-30-um-18.47.22_0c735f5b.jpg\" data-orig-size=\"1600,1204\" data-comments-opened=\"1\" data-image-meta=\"{&quot;aperture&quot;:&quot;0&quot;,&quot;credit&quot;:&quot;&quot;,&quot;camera&quot;:&quot;&quot;,&quot;caption&quot;:&quot;&quot;,&quot;created_timestamp&quot;:&quot;0&quot;,&quot;copyright&quot;:&quot;&quot;,&quot;focal_length&quot;:&quot;0&quot;,&quot;iso&quot;:&quot;0&quot;,&quot;shutter_speed&quot;:&quot;0&quot;,&quot;title&quot;:&quot;&quot;,&quot;orientation&quot;:&quot;0&quot;}\" data-image-title=\"WhatsApp Bild 2025-03-30 um 18.47.22_0c735f5b\" data-image-description=\"\" data-image-caption=\"\" data-large-file=\"https:\/\/paulinenaue.info\/wp-content\/uploads\/2025\/03\/WhatsApp-Bild-2025-03-30-um-18.47.22_0c735f5b-1024x771.jpg\" class=\"lazyload alignnone size-medium wp-image-417727\" src=\"https:\/\/paulinenaue.info\/wp-content\/uploads\/2025\/03\/WhatsApp-Bild-2025-03-30-um-18.47.22_0c735f5b-300x226.jpg\" data-orig-src=\"https:\/\/paulinenaue.info\/wp-content\/uploads\/2025\/03\/WhatsApp-Bild-2025-03-30-um-18.47.22_0c735f5b-300x226.jpg\" alt=\"\" width=\"300\" height=\"226\" srcset=\"data:image\/svg+xml,%3Csvg%20xmlns%3D%27http%3A%2F%2Fwww.w3.org%2F2000%2Fsvg%27%20width%3D%27300%27%20height%3D%27226%27%20viewBox%3D%270%200%20300%20226%27%3E%3Crect%20width%3D%27300%27%20height%3D%27226%27%20fill-opacity%3D%220%22%2F%3E%3C%2Fsvg%3E\" data-srcset=\"https:\/\/paulinenaue.info\/wp-content\/uploads\/2025\/03\/WhatsApp-Bild-2025-03-30-um-18.47.22_0c735f5b-200x151.jpg 200w, https:\/\/paulinenaue.info\/wp-content\/uploads\/2025\/03\/WhatsApp-Bild-2025-03-30-um-18.47.22_0c735f5b-300x226.jpg 300w, https:\/\/paulinenaue.info\/wp-content\/uploads\/2025\/03\/WhatsApp-Bild-2025-03-30-um-18.47.22_0c735f5b-400x301.jpg 400w, https:\/\/paulinenaue.info\/wp-content\/uploads\/2025\/03\/WhatsApp-Bild-2025-03-30-um-18.47.22_0c735f5b-600x452.jpg 600w, https:\/\/paulinenaue.info\/wp-content\/uploads\/2025\/03\/WhatsApp-Bild-2025-03-30-um-18.47.22_0c735f5b-768x578.jpg 768w, https:\/\/paulinenaue.info\/wp-content\/uploads\/2025\/03\/WhatsApp-Bild-2025-03-30-um-18.47.22_0c735f5b-800x602.jpg 800w, https:\/\/paulinenaue.info\/wp-content\/uploads\/2025\/03\/WhatsApp-Bild-2025-03-30-um-18.47.22_0c735f5b-1024x771.jpg 1024w, https:\/\/paulinenaue.info\/wp-content\/uploads\/2025\/03\/WhatsApp-Bild-2025-03-30-um-18.47.22_0c735f5b-1200x903.jpg 1200w, https:\/\/paulinenaue.info\/wp-content\/uploads\/2025\/03\/WhatsApp-Bild-2025-03-30-um-18.47.22_0c735f5b-1536x1156.jpg 1536w, https:\/\/paulinenaue.info\/wp-content\/uploads\/2025\/03\/WhatsApp-Bild-2025-03-30-um-18.47.22_0c735f5b.jpg 1600w\" data-sizes=\"auto\" data-orig-sizes=\"(max-width: 300px) 100vw, 300px\" \/><\/a> <a href=\"https:\/\/paulinenaue.info\/wp-content\/uploads\/2025\/03\/WhatsApp-Bild-2025-03-30-um-18.47.26_e943a5ec.jpg\"><img decoding=\"async\" data-attachment-id=\"417726\" data-permalink=\"https:\/\/paulinenaue.info\/index.php\/fruehjahrsputz-2025\/whatsapp-bild-2025-03-30-um-18-47-26_e943a5ec\/\" data-orig-file=\"https:\/\/paulinenaue.info\/wp-content\/uploads\/2025\/03\/WhatsApp-Bild-2025-03-30-um-18.47.26_e943a5ec.jpg\" data-orig-size=\"2040,1536\" data-comments-opened=\"1\" data-image-meta=\"{&quot;aperture&quot;:&quot;0&quot;,&quot;credit&quot;:&quot;&quot;,&quot;camera&quot;:&quot;&quot;,&quot;caption&quot;:&quot;&quot;,&quot;created_timestamp&quot;:&quot;0&quot;,&quot;copyright&quot;:&quot;&quot;,&quot;focal_length&quot;:&quot;0&quot;,&quot;iso&quot;:&quot;0&quot;,&quot;shutter_speed&quot;:&quot;0&quot;,&quot;title&quot;:&quot;&quot;,&quot;orientation&quot;:&quot;0&quot;}\" data-image-title=\"WhatsApp Bild 2025-03-30 um 18.47.26_e943a5ec\" data-image-description=\"\" data-image-caption=\"\" data-large-file=\"https:\/\/paulinenaue.info\/wp-content\/uploads\/2025\/03\/WhatsApp-Bild-2025-03-30-um-18.47.26_e943a5ec-1024x771.jpg\" class=\"lazyload alignnone size-medium wp-image-417726\" src=\"https:\/\/paulinenaue.info\/wp-content\/uploads\/2025\/03\/WhatsApp-Bild-2025-03-30-um-18.47.26_e943a5ec-300x226.jpg\" data-orig-src=\"https:\/\/paulinenaue.info\/wp-content\/uploads\/2025\/03\/WhatsApp-Bild-2025-03-30-um-18.47.26_e943a5ec-300x226.jpg\" alt=\"\" width=\"300\" height=\"226\" srcset=\"data:image\/svg+xml,%3Csvg%20xmlns%3D%27http%3A%2F%2Fwww.w3.org%2F2000%2Fsvg%27%20width%3D%27300%27%20height%3D%27226%27%20viewBox%3D%270%200%20300%20226%27%3E%3Crect%20width%3D%27300%27%20height%3D%27226%27%20fill-opacity%3D%220%22%2F%3E%3C%2Fsvg%3E\" data-srcset=\"https:\/\/paulinenaue.info\/wp-content\/uploads\/2025\/03\/WhatsApp-Bild-2025-03-30-um-18.47.26_e943a5ec-200x151.jpg 200w, https:\/\/paulinenaue.info\/wp-content\/uploads\/2025\/03\/WhatsApp-Bild-2025-03-30-um-18.47.26_e943a5ec-300x226.jpg 300w, https:\/\/paulinenaue.info\/wp-content\/uploads\/2025\/03\/WhatsApp-Bild-2025-03-30-um-18.47.26_e943a5ec-400x301.jpg 400w, https:\/\/paulinenaue.info\/wp-content\/uploads\/2025\/03\/WhatsApp-Bild-2025-03-30-um-18.47.26_e943a5ec-600x452.jpg 600w, https:\/\/paulinenaue.info\/wp-content\/uploads\/2025\/03\/WhatsApp-Bild-2025-03-30-um-18.47.26_e943a5ec-768x578.jpg 768w, https:\/\/paulinenaue.info\/wp-content\/uploads\/2025\/03\/WhatsApp-Bild-2025-03-30-um-18.47.26_e943a5ec-800x602.jpg 800w, https:\/\/paulinenaue.info\/wp-content\/uploads\/2025\/03\/WhatsApp-Bild-2025-03-30-um-18.47.26_e943a5ec-1024x771.jpg 1024w, https:\/\/paulinenaue.info\/wp-content\/uploads\/2025\/03\/WhatsApp-Bild-2025-03-30-um-18.47.26_e943a5ec-1200x904.jpg 1200w, https:\/\/paulinenaue.info\/wp-content\/uploads\/2025\/03\/WhatsApp-Bild-2025-03-30-um-18.47.26_e943a5ec-1536x1157.jpg 1536w\" data-sizes=\"auto\" data-orig-sizes=\"(max-width: 300px) 100vw, 300px\" \/><\/a><\/p>\n<p>&nbsp;<\/p>\n<p><em>Text: Helga Henning, Sabine Pietschmann<\/em><\/p>\n","protected":false},"excerpt":{"rendered":"<p>Dem Aufruf der Gemeindevertretung folgend fanden sich am Vormittag des [&hellip;]<\/p>\n","protected":false},"author":3,"featured_media":417729,"comment_status":"open","ping_status":"open","sticky":false,"template":"","format":"standard","meta":{"_acf_changed":false,"_price":"","_stock":"","_tribe_ticket_header":"","_tribe_default_ticket_provider":"","_tribe_ticket_capacity":"0","_ticket_start_date":"","_ticket_end_date":"","_tribe_ticket_show_description":"","_tribe_ticket_show_not_going":false,"_tribe_ticket_use_global_stock":"","_tribe_ticket_global_stock_level":"","_global_stock_mode":"","_global_stock_cap":"","_tribe_rsvp_for_event":"","_tribe_ticket_going_count":"","_tribe_ticket_not_going_count":"","_tribe_tickets_list":"[]","_tribe_ticket_has_attendee_info_fields":false,"jetpack_post_was_ever_published":false,"_jetpack_newsletter_access":"","_jetpack_dont_email_post_to_subs":false,"_jetpack_newsletter_tier_id":0,"_jetpack_memberships_contains_paywalled_content":false,"_jetpack_memberships_contains_paid_content":false,"footnotes":"","jetpack_publicize_message":"","jetpack_publicize_feature_enabled":true,"jetpack_social_post_already_shared":true,"jetpack_social_options":{"image_generator_settings":{"template":"highway","default_image_id":0,"font":"","enabled":false},"version":2}},"categories":[1,519,439,93],"tags":[386],"class_list":["post-417725","post","type-post","status-publish","format-standard","has-post-thumbnail","hentry","category-allgemein","category-ehrenamt","category-gemeinde-paulinenaue","category-veranstaltungen","tag-fruehjahrsputz"],"acf":[],"yoast_head":"<!-- This site is optimized with the Yoast SEO plugin v27.5 - https:\/\/yoast.com\/product\/yoast-seo-wordpress\/ -->\n<title>Fr\u00fchjahrsputz 2025 - Paulinenaue<\/title>\n<meta name=\"robots\" content=\"index, follow, max-snippet:-1, max-image-preview:large, max-video-preview:-1\" \/>\n<link rel=\"canonical\" href=\"https:\/\/paulinenaue.info\/index.php\/fruehjahrsputz-2025\/\" \/>\n<meta property=\"og:locale\" content=\"de_DE\" \/>\n<meta property=\"og:type\" content=\"article\" \/>\n<meta property=\"og:title\" content=\"Fr\u00fchjahrsputz 2025 - Paulinenaue\" \/>\n<meta property=\"og:description\" content=\"Dem Aufruf der Gemeindevertretung folgend fanden sich am Vormittag des [&hellip;]\" \/>\n<meta property=\"og:url\" content=\"https:\/\/paulinenaue.info\/index.php\/fruehjahrsputz-2025\/\" \/>\n<meta property=\"og:site_name\" content=\"Paulinenaue\" \/>\n<meta property=\"article:published_time\" content=\"2025-03-30T17:20:43+00:00\" \/>\n<meta property=\"article:modified_time\" content=\"2025-04-18T23:45:55+00:00\" \/>\n<meta property=\"og:image\" content=\"https:\/\/paulinenaue.info\/wp-content\/uploads\/2025\/03\/WhatsApp-Bild-2025-03-30-um-18.47.24_659bfc34.jpg\" \/>\n\t<meta property=\"og:image:width\" content=\"1600\" \/>\n\t<meta property=\"og:image:height\" content=\"1204\" \/>\n\t<meta property=\"og:image:type\" content=\"image\/jpeg\" \/>\n<meta name=\"author\" content=\"Sarah\" \/>\n<meta name=\"twitter:card\" content=\"summary_large_image\" \/>\n<meta name=\"twitter:label1\" content=\"Verfasst von\" \/>\n\t<meta name=\"twitter:data1\" content=\"Sarah\" \/>\n\t<meta name=\"twitter:label2\" content=\"Gesch\u00e4tzte Lesezeit\" \/>\n\t<meta name=\"twitter:data2\" content=\"2\u00a0Minuten\" \/>\n<script type=\"application\/ld+json\" class=\"yoast-schema-graph\">{\"@context\":\"https:\\\/\\\/schema.org\",\"@graph\":[{\"@type\":\"Article\",\"@id\":\"https:\\\/\\\/paulinenaue.info\\\/index.php\\\/fruehjahrsputz-2025\\\/#article\",\"isPartOf\":{\"@id\":\"https:\\\/\\\/paulinenaue.info\\\/index.php\\\/fruehjahrsputz-2025\\\/\"},\"author\":{\"name\":\"Sarah\",\"@id\":\"https:\\\/\\\/paulinenaue.info\\\/#\\\/schema\\\/person\\\/e5be566a57b5b3f65d2c65a58c42325e\"},\"headline\":\"Fr\u00fchjahrsputz 2025\",\"datePublished\":\"2025-03-30T17:20:43+00:00\",\"dateModified\":\"2025-04-18T23:45:55+00:00\",\"mainEntityOfPage\":{\"@id\":\"https:\\\/\\\/paulinenaue.info\\\/index.php\\\/fruehjahrsputz-2025\\\/\"},\"wordCount\":122,\"commentCount\":0,\"image\":{\"@id\":\"https:\\\/\\\/paulinenaue.info\\\/index.php\\\/fruehjahrsputz-2025\\\/#primaryimage\"},\"thumbnailUrl\":\"https:\\\/\\\/paulinenaue.info\\\/wp-content\\\/uploads\\\/2025\\\/03\\\/WhatsApp-Bild-2025-03-30-um-18.47.24_659bfc34.jpg\",\"keywords\":[\"Fr\u00fchjahrsputz\"],\"articleSection\":{\"1\":\"Ehrenamt\",\"2\":\"Gemeinde Paulinenaue\",\"3\":\"Veranstaltungen\"},\"inLanguage\":\"de\",\"potentialAction\":[{\"@type\":\"CommentAction\",\"name\":\"Comment\",\"target\":[\"https:\\\/\\\/paulinenaue.info\\\/index.php\\\/fruehjahrsputz-2025\\\/#respond\"]}]},{\"@type\":\"WebPage\",\"@id\":\"https:\\\/\\\/paulinenaue.info\\\/index.php\\\/fruehjahrsputz-2025\\\/\",\"url\":\"https:\\\/\\\/paulinenaue.info\\\/index.php\\\/fruehjahrsputz-2025\\\/\",\"name\":\"Fr\u00fchjahrsputz 2025 - Paulinenaue\",\"isPartOf\":{\"@id\":\"https:\\\/\\\/paulinenaue.info\\\/#website\"},\"primaryImageOfPage\":{\"@id\":\"https:\\\/\\\/paulinenaue.info\\\/index.php\\\/fruehjahrsputz-2025\\\/#primaryimage\"},\"image\":{\"@id\":\"https:\\\/\\\/paulinenaue.info\\\/index.php\\\/fruehjahrsputz-2025\\\/#primaryimage\"},\"thumbnailUrl\":\"https:\\\/\\\/paulinenaue.info\\\/wp-content\\\/uploads\\\/2025\\\/03\\\/WhatsApp-Bild-2025-03-30-um-18.47.24_659bfc34.jpg\",\"datePublished\":\"2025-03-30T17:20:43+00:00\",\"dateModified\":\"2025-04-18T23:45:55+00:00\",\"author\":{\"@id\":\"https:\\\/\\\/paulinenaue.info\\\/#\\\/schema\\\/person\\\/e5be566a57b5b3f65d2c65a58c42325e\"},\"breadcrumb\":{\"@id\":\"https:\\\/\\\/paulinenaue.info\\\/index.php\\\/fruehjahrsputz-2025\\\/#breadcrumb\"},\"inLanguage\":\"de\",\"potentialAction\":[{\"@type\":\"ReadAction\",\"target\":[\"https:\\\/\\\/paulinenaue.info\\\/index.php\\\/fruehjahrsputz-2025\\\/\"]}]},{\"@type\":\"ImageObject\",\"inLanguage\":\"de\",\"@id\":\"https:\\\/\\\/paulinenaue.info\\\/index.php\\\/fruehjahrsputz-2025\\\/#primaryimage\",\"url\":\"https:\\\/\\\/paulinenaue.info\\\/wp-content\\\/uploads\\\/2025\\\/03\\\/WhatsApp-Bild-2025-03-30-um-18.47.24_659bfc34.jpg\",\"contentUrl\":\"https:\\\/\\\/paulinenaue.info\\\/wp-content\\\/uploads\\\/2025\\\/03\\\/WhatsApp-Bild-2025-03-30-um-18.47.24_659bfc34.jpg\",\"width\":1600,\"height\":1204},{\"@type\":\"BreadcrumbList\",\"@id\":\"https:\\\/\\\/paulinenaue.info\\\/index.php\\\/fruehjahrsputz-2025\\\/#breadcrumb\",\"itemListElement\":[{\"@type\":\"ListItem\",\"position\":1,\"name\":\"Home\",\"item\":\"https:\\\/\\\/paulinenaue.info\\\/\"},{\"@type\":\"ListItem\",\"position\":2,\"name\":\"Fr\u00fchjahrsputz 2025\"}]},{\"@type\":\"WebSite\",\"@id\":\"https:\\\/\\\/paulinenaue.info\\\/#website\",\"url\":\"https:\\\/\\\/paulinenaue.info\\\/\",\"name\":\"Paulinenaue\",\"description\":\"Ein Dorf im Havelland\",\"potentialAction\":[{\"@type\":\"SearchAction\",\"target\":{\"@type\":\"EntryPoint\",\"urlTemplate\":\"https:\\\/\\\/paulinenaue.info\\\/?s={search_term_string}\"},\"query-input\":{\"@type\":\"PropertyValueSpecification\",\"valueRequired\":true,\"valueName\":\"search_term_string\"}}],\"inLanguage\":\"de\"},{\"@type\":\"Person\",\"@id\":\"https:\\\/\\\/paulinenaue.info\\\/#\\\/schema\\\/person\\\/e5be566a57b5b3f65d2c65a58c42325e\",\"name\":\"Sarah\",\"url\":\"https:\\\/\\\/paulinenaue.info\\\/index.php\\\/author\\\/sarah\\\/\"}]}<\/script>\n<!-- \/ Yoast SEO plugin. -->","yoast_head_json":{"title":"Fr\u00fchjahrsputz 2025 - Paulinenaue","robots":{"index":"index","follow":"follow","max-snippet":"max-snippet:-1","max-image-preview":"max-image-preview:large","max-video-preview":"max-video-preview:-1"},"canonical":"https:\/\/paulinenaue.info\/index.php\/fruehjahrsputz-2025\/","og_locale":"de_DE","og_type":"article","og_title":"Fr\u00fchjahrsputz 2025 - Paulinenaue","og_description":"Dem Aufruf der Gemeindevertretung folgend fanden sich am Vormittag des [&hellip;]","og_url":"https:\/\/paulinenaue.info\/index.php\/fruehjahrsputz-2025\/","og_site_name":"Paulinenaue","article_published_time":"2025-03-30T17:20:43+00:00","article_modified_time":"2025-04-18T23:45:55+00:00","og_image":[{"width":1600,"height":1204,"url":"https:\/\/paulinenaue.info\/wp-content\/uploads\/2025\/03\/WhatsApp-Bild-2025-03-30-um-18.47.24_659bfc34.jpg","type":"image\/jpeg"}],"author":"Sarah","twitter_card":"summary_large_image","twitter_misc":{"Verfasst von":"Sarah","Gesch\u00e4tzte Lesezeit":"2\u00a0Minuten"},"schema":{"@context":"https:\/\/schema.org","@graph":[{"@type":"Article","@id":"https:\/\/paulinenaue.info\/index.php\/fruehjahrsputz-2025\/#article","isPartOf":{"@id":"https:\/\/paulinenaue.info\/index.php\/fruehjahrsputz-2025\/"},"author":{"name":"Sarah","@id":"https:\/\/paulinenaue.info\/#\/schema\/person\/e5be566a57b5b3f65d2c65a58c42325e"},"headline":"Fr\u00fchjahrsputz 2025","datePublished":"2025-03-30T17:20:43+00:00","dateModified":"2025-04-18T23:45:55+00:00","mainEntityOfPage":{"@id":"https:\/\/paulinenaue.info\/index.php\/fruehjahrsputz-2025\/"},"wordCount":122,"commentCount":0,"image":{"@id":"https:\/\/paulinenaue.info\/index.php\/fruehjahrsputz-2025\/#primaryimage"},"thumbnailUrl":"https:\/\/paulinenaue.info\/wp-content\/uploads\/2025\/03\/WhatsApp-Bild-2025-03-30-um-18.47.24_659bfc34.jpg","keywords":["Fr\u00fchjahrsputz"],"articleSection":{"1":"Ehrenamt","2":"Gemeinde Paulinenaue","3":"Veranstaltungen"},"inLanguage":"de","potentialAction":[{"@type":"CommentAction","name":"Comment","target":["https:\/\/paulinenaue.info\/index.php\/fruehjahrsputz-2025\/#respond"]}]},{"@type":"WebPage","@id":"https:\/\/paulinenaue.info\/index.php\/fruehjahrsputz-2025\/","url":"https:\/\/paulinenaue.info\/index.php\/fruehjahrsputz-2025\/","name":"Fr\u00fchjahrsputz 2025 - Paulinenaue","isPartOf":{"@id":"https:\/\/paulinenaue.info\/#website"},"primaryImageOfPage":{"@id":"https:\/\/paulinenaue.info\/index.php\/fruehjahrsputz-2025\/#primaryimage"},"image":{"@id":"https:\/\/paulinenaue.info\/index.php\/fruehjahrsputz-2025\/#primaryimage"},"thumbnailUrl":"https:\/\/paulinenaue.info\/wp-content\/uploads\/2025\/03\/WhatsApp-Bild-2025-03-30-um-18.47.24_659bfc34.jpg","datePublished":"2025-03-30T17:20:43+00:00","dateModified":"2025-04-18T23:45:55+00:00","author":{"@id":"https:\/\/paulinenaue.info\/#\/schema\/person\/e5be566a57b5b3f65d2c65a58c42325e"},"breadcrumb":{"@id":"https:\/\/paulinenaue.info\/index.php\/fruehjahrsputz-2025\/#breadcrumb"},"inLanguage":"de","potentialAction":[{"@type":"ReadAction","target":["https:\/\/paulinenaue.info\/index.php\/fruehjahrsputz-2025\/"]}]},{"@type":"ImageObject","inLanguage":"de","@id":"https:\/\/paulinenaue.info\/index.php\/fruehjahrsputz-2025\/#primaryimage","url":"https:\/\/paulinenaue.info\/wp-content\/uploads\/2025\/03\/WhatsApp-Bild-2025-03-30-um-18.47.24_659bfc34.jpg","contentUrl":"https:\/\/paulinenaue.info\/wp-content\/uploads\/2025\/03\/WhatsApp-Bild-2025-03-30-um-18.47.24_659bfc34.jpg","width":1600,"height":1204},{"@type":"BreadcrumbList","@id":"https:\/\/paulinenaue.info\/index.php\/fruehjahrsputz-2025\/#breadcrumb","itemListElement":[{"@type":"ListItem","position":1,"name":"Home","item":"https:\/\/paulinenaue.info\/"},{"@type":"ListItem","position":2,"name":"Fr\u00fchjahrsputz 2025"}]},{"@type":"WebSite","@id":"https:\/\/paulinenaue.info\/#website","url":"https:\/\/paulinenaue.info\/","name":"Paulinenaue","description":"Ein Dorf im Havelland","potentialAction":[{"@type":"SearchAction","target":{"@type":"EntryPoint","urlTemplate":"https:\/\/paulinenaue.info\/?s={search_term_string}"},"query-input":{"@type":"PropertyValueSpecification","valueRequired":true,"valueName":"search_term_string"}}],"inLanguage":"de"},{"@type":"Person","@id":"https:\/\/paulinenaue.info\/#\/schema\/person\/e5be566a57b5b3f65d2c65a58c42325e","name":"Sarah","url":"https:\/\/paulinenaue.info\/index.php\/author\/sarah\/"}]}},"jetpack_publicize_connections":[],"jetpack_featured_media_url":"https:\/\/paulinenaue.info\/wp-content\/uploads\/2025\/03\/WhatsApp-Bild-2025-03-30-um-18.47.24_659bfc34.jpg","jetpack_sharing_enabled":true,"jetpack_shortlink":"https:\/\/wp.me\/pcYhWA-1KFv","jetpack-related-posts":[{"id":84511,"url":"https:\/\/paulinenaue.info\/index.php\/fruehjahrsputz-der-gemeinde\/","url_meta":{"origin":417725,"position":0},"title":"Fr\u00fchjahrsputz der Gemeinde","author":"Sarah","date":"20. M\u00e4rz 2022","format":false,"excerpt":"Die Gemeindevertretung ruft auch in diesem Jahr wieder zum Fr\u00fchjahrsputz auf! Am 9. April ab 9.00 Uhr soll an einigen Orten in Paulinenaue gearbeitet werden. Mit einem Mittagsimbiss werden alle flei\u00dfigen Helfenden am Ende belohnt. Eine Anmeldung ist nicht notwendig. \u00a0","rel":"","context":"In &quot;Allgemein&quot;","block_context":{"text":"Allgemein","link":"https:\/\/paulinenaue.info\/index.php\/category\/allgemein\/"},"img":{"alt_text":"","src":"https:\/\/i0.wp.com\/paulinenaue.info\/wp-content\/uploads\/2020\/04\/IMG_20200412_093615-scaled.jpg?resize=350%2C200&ssl=1","width":350,"height":200,"srcset":"https:\/\/i0.wp.com\/paulinenaue.info\/wp-content\/uploads\/2020\/04\/IMG_20200412_093615-scaled.jpg?resize=350%2C200&ssl=1 1x, https:\/\/i0.wp.com\/paulinenaue.info\/wp-content\/uploads\/2020\/04\/IMG_20200412_093615-scaled.jpg?resize=525%2C300&ssl=1 1.5x, https:\/\/i0.wp.com\/paulinenaue.info\/wp-content\/uploads\/2020\/04\/IMG_20200412_093615-scaled.jpg?resize=700%2C400&ssl=1 2x, https:\/\/i0.wp.com\/paulinenaue.info\/wp-content\/uploads\/2020\/04\/IMG_20200412_093615-scaled.jpg?resize=1050%2C600&ssl=1 3x, https:\/\/i0.wp.com\/paulinenaue.info\/wp-content\/uploads\/2020\/04\/IMG_20200412_093615-scaled.jpg?resize=1400%2C800&ssl=1 4x"},"classes":[]},{"id":419376,"url":"https:\/\/paulinenaue.info\/index.php\/fruehjahrsputz-2026\/","url_meta":{"origin":417725,"position":1},"title":"Fr\u00fchjahrsputz 2026","author":"Sarah","date":"12. April 2026","format":false,"excerpt":"Auch in diesem Jahr hat die Gemeindevertretung wieder zum Fr\u00fchjahrsputz aufgerufen. So fanden sich am Vormittag des 28.03.2026 29 PaulinenauerInnen ein, um unser Dorf vom Winterschmutz zu befreien und etwas zu versch\u00f6nern. Schwerpunkt waren, wie alle Jahre, die Fl\u00e4chen rund um den Bahnhof einschlie\u00dflich der Gr\u00fcnstreifen in der Bahnhofstra\u00dfe und\u2026","rel":"","context":"In &quot;Allgemein&quot;","block_context":{"text":"Allgemein","link":"https:\/\/paulinenaue.info\/index.php\/category\/allgemein\/"},"img":{"alt_text":"","src":"https:\/\/i0.wp.com\/paulinenaue.info\/wp-content\/uploads\/2026\/04\/IMG-20260328-WA0004.jpg?resize=350%2C200&ssl=1","width":350,"height":200,"srcset":"https:\/\/i0.wp.com\/paulinenaue.info\/wp-content\/uploads\/2026\/04\/IMG-20260328-WA0004.jpg?resize=350%2C200&ssl=1 1x, https:\/\/i0.wp.com\/paulinenaue.info\/wp-content\/uploads\/2026\/04\/IMG-20260328-WA0004.jpg?resize=525%2C300&ssl=1 1.5x, https:\/\/i0.wp.com\/paulinenaue.info\/wp-content\/uploads\/2026\/04\/IMG-20260328-WA0004.jpg?resize=700%2C400&ssl=1 2x, https:\/\/i0.wp.com\/paulinenaue.info\/wp-content\/uploads\/2026\/04\/IMG-20260328-WA0004.jpg?resize=1050%2C600&ssl=1 3x, https:\/\/i0.wp.com\/paulinenaue.info\/wp-content\/uploads\/2026\/04\/IMG-20260328-WA0004.jpg?resize=1400%2C800&ssl=1 4x"},"classes":[]},{"id":5756,"url":"https:\/\/paulinenaue.info\/index.php\/fruehjahrsputz-2021\/","url_meta":{"origin":417725,"position":2},"title":"Fr\u00fchjahrsputz 2021","author":"Sarah","date":"6. April 2021","format":false,"excerpt":"Liebe Paulinenauer:innen, im letzten Jahr entfiel leider der j\u00e4hrlich von der Gemeindevertretung initiierte Dorfputz aufgrund der Pandemie-Situation. Auch jetzt ist ein Zusammentreffen in der Art, wie der Dorfputz in den Vorjahren stattfand, nicht m\u00f6glich. Dennoch wollen wir einen Versuch starten und Sie alle zum \u201eFr\u00fchjahrsputz rund um die eigene Haust\u00fcr\u201c\u2026","rel":"","context":"In &quot;Allgemein&quot;","block_context":{"text":"Allgemein","link":"https:\/\/paulinenaue.info\/index.php\/category\/allgemein\/"},"img":{"alt_text":"","src":"https:\/\/i0.wp.com\/paulinenaue.info\/wp-content\/uploads\/2021\/04\/pauelogo-dunkel-icon-retina-300x287.png?resize=350%2C200&ssl=1","width":350,"height":200},"classes":[]},{"id":415111,"url":"https:\/\/paulinenaue.info\/index.php\/fruehjahrsputz-in-paulinenaue-2023\/","url_meta":{"origin":417725,"position":3},"title":"Fr\u00fchjahrsputz 2023","author":"Joachim Scholz","date":"6. April 2023","format":false,"excerpt":"Ein Dank der Gemeindevertretung, von Sabine Pietschmann Trotz Nieselregens, niedriger Temperaturen und trotz des Datums folgten\u00a0 32 B\u00fcrger* innen dem Aufruf zum Fr\u00fchjahrsputz am Sonnabend, dem 1. April. Schwerpunkt war wieder der Bahnhof, aber es wurde auch auf dem Friedhof und dem Tennisplatz im Park gehackt und geharkt. Das Bahnhofsgel\u00e4nde\u2026","rel":"","context":"In &quot;Allgemein&quot;","block_context":{"text":"Allgemein","link":"https:\/\/paulinenaue.info\/index.php\/category\/allgemein\/"},"img":{"alt_text":"","src":"https:\/\/i0.wp.com\/paulinenaue.info\/wp-content\/uploads\/2023\/04\/Putz233.jpg?resize=350%2C200&ssl=1","width":350,"height":200,"srcset":"https:\/\/i0.wp.com\/paulinenaue.info\/wp-content\/uploads\/2023\/04\/Putz233.jpg?resize=350%2C200&ssl=1 1x, https:\/\/i0.wp.com\/paulinenaue.info\/wp-content\/uploads\/2023\/04\/Putz233.jpg?resize=525%2C300&ssl=1 1.5x, https:\/\/i0.wp.com\/paulinenaue.info\/wp-content\/uploads\/2023\/04\/Putz233.jpg?resize=700%2C400&ssl=1 2x, https:\/\/i0.wp.com\/paulinenaue.info\/wp-content\/uploads\/2023\/04\/Putz233.jpg?resize=1050%2C600&ssl=1 3x, https:\/\/i0.wp.com\/paulinenaue.info\/wp-content\/uploads\/2023\/04\/Putz233.jpg?resize=1400%2C800&ssl=1 4x"},"classes":[]},{"id":4623,"url":"https:\/\/paulinenaue.info\/index.php\/dank-an-alle-teilnehmer-des-fruehjahrsputzes-2019\/","url_meta":{"origin":417725,"position":4},"title":"Dank an alle Teilnehmer des Fr\u00fchjahrsputzes 2019!","author":"Sarah","date":"31. M\u00e4rz 2019","format":false,"excerpt":"Bereits zum 5. Mal in Folge trafen sich am 23. M\u00e4rz ca. 50 engagierte Paulinenauer zum Fr\u00fchjahresputz 2019. An 3 Standorten werkelten die flei\u00dfigen Helfer bei gutem Wetter und genauso guter Laune.\u00a0Der diesj\u00e4hrige Haupteinsatzort war erneut der Bahnhof, wo geharkt, geschnitten und M\u00fcll gesammelt wurde. Zus\u00e4tzlich wurde rings um das\u2026","rel":"","context":"In &quot;Allgemein&quot;","block_context":{"text":"Allgemein","link":"https:\/\/paulinenaue.info\/index.php\/category\/allgemein\/"},"img":{"alt_text":"","src":"https:\/\/i0.wp.com\/paulinenaue.info\/wp-content\/uploads\/2019\/03\/1.jpg?resize=350%2C200&ssl=1","width":350,"height":200,"srcset":"https:\/\/i0.wp.com\/paulinenaue.info\/wp-content\/uploads\/2019\/03\/1.jpg?resize=350%2C200&ssl=1 1x, https:\/\/i0.wp.com\/paulinenaue.info\/wp-content\/uploads\/2019\/03\/1.jpg?resize=525%2C300&ssl=1 1.5x, https:\/\/i0.wp.com\/paulinenaue.info\/wp-content\/uploads\/2019\/03\/1.jpg?resize=700%2C400&ssl=1 2x"},"classes":[]},{"id":5827,"url":"https:\/\/paulinenaue.info\/index.php\/erfolgreicher-fruehjahrsputz-2021\/","url_meta":{"origin":417725,"position":5},"title":"Erfolgreicher Fr\u00fchjahrsputz 2021","author":"Sarah","date":"20. April 2021","format":false,"excerpt":"Der j\u00e4hrlich stattfindende Fr\u00fchjahrsputz war auch am vergangenen Samstag wieder ein kleiner Erfolg. An vielen Ecken in Paulinenaue wurde flei\u00dfig geharkt, gefegt, M\u00fcll gesammelt und Gr\u00fcnschnitt ber\u00e4umt. Trotz der andauernden Pandemie konnte unter freiem Himmel und unter Einhaltung von ausreichendem Abstand der Fr\u00fchjahrsputz durchgef\u00fchrt werden. Im Gutspark wurden die Wege\u2026","rel":"","context":"In &quot;Allgemein&quot;","block_context":{"text":"Allgemein","link":"https:\/\/paulinenaue.info\/index.php\/category\/allgemein\/"},"img":{"alt_text":"","src":"https:\/\/i0.wp.com\/paulinenaue.info\/wp-content\/uploads\/2021\/06\/paulinenaue-bahnhof-fruehjahrsputz-e1745016872473.jpg?resize=350%2C200&ssl=1","width":350,"height":200,"srcset":"https:\/\/i0.wp.com\/paulinenaue.info\/wp-content\/uploads\/2021\/06\/paulinenaue-bahnhof-fruehjahrsputz-e1745016872473.jpg?resize=350%2C200&ssl=1 1x, https:\/\/i0.wp.com\/paulinenaue.info\/wp-content\/uploads\/2021\/06\/paulinenaue-bahnhof-fruehjahrsputz-e1745016872473.jpg?resize=525%2C300&ssl=1 1.5x, https:\/\/i0.wp.com\/paulinenaue.info\/wp-content\/uploads\/2021\/06\/paulinenaue-bahnhof-fruehjahrsputz-e1745016872473.jpg?resize=700%2C400&ssl=1 2x, https:\/\/i0.wp.com\/paulinenaue.info\/wp-content\/uploads\/2021\/06\/paulinenaue-bahnhof-fruehjahrsputz-e1745016872473.jpg?resize=1050%2C600&ssl=1 3x, https:\/\/i0.wp.com\/paulinenaue.info\/wp-content\/uploads\/2021\/06\/paulinenaue-bahnhof-fruehjahrsputz-e1745016872473.jpg?resize=1400%2C800&ssl=1 4x"},"classes":[]}],"_links":{"self":[{"href":"https:\/\/paulinenaue.info\/index.php\/wp-json\/wp\/v2\/posts\/417725","targetHints":{"allow":["GET"]}}],"collection":[{"href":"https:\/\/paulinenaue.info\/index.php\/wp-json\/wp\/v2\/posts"}],"about":[{"href":"https:\/\/paulinenaue.info\/index.php\/wp-json\/wp\/v2\/types\/post"}],"author":[{"embeddable":true,"href":"https:\/\/paulinenaue.info\/index.php\/wp-json\/wp\/v2\/users\/3"}],"replies":[{"embeddable":true,"href":"https:\/\/paulinenaue.info\/index.php\/wp-json\/wp\/v2\/comments?post=417725"}],"version-history":[{"count":2,"href":"https:\/\/paulinenaue.info\/index.php\/wp-json\/wp\/v2\/posts\/417725\/revisions"}],"predecessor-version":[{"id":417787,"href":"https:\/\/paulinenaue.info\/index.php\/wp-json\/wp\/v2\/posts\/417725\/revisions\/417787"}],"wp:featuredmedia":[{"embeddable":true,"href":"https:\/\/paulinenaue.info\/index.php\/wp-json\/wp\/v2\/media\/417729"}],"wp:attachment":[{"href":"https:\/\/paulinenaue.info\/index.php\/wp-json\/wp\/v2\/media?parent=417725"}],"wp:term":[{"taxonomy":"category","embeddable":true,"href":"https:\/\/paulinenaue.info\/index.php\/wp-json\/wp\/v2\/categories?post=417725"},{"taxonomy":"post_tag","embeddable":true,"href":"https:\/\/paulinenaue.info\/index.php\/wp-json\/wp\/v2\/tags?post=417725"}],"curies":[{"name":"wp","href":"https:\/\/api.w.org\/{rel}","templated":true}]}}