{"id":417757,"date":"2025-04-13T08:15:04","date_gmt":"2025-04-13T06:15:04","guid":{"rendered":"https:\/\/paulinenaue.info\/?p=417757"},"modified":"2025-04-13T08:15:04","modified_gmt":"2025-04-13T06:15:04","slug":"wie-lebte-es-sich-eigentlich-als-punk-in-der-ddr","status":"publish","type":"post","link":"https:\/\/paulinenaue.info\/index.php\/wie-lebte-es-sich-eigentlich-als-punk-in-der-ddr\/","title":{"rendered":"Wie lebte es sich eigentlich als Punk in der DDR?"},"content":{"rendered":"<p>Der Kulturverein pr\u00e4sentierte am Freitag, den 4. April 2025, in der frisch sanierten Kirche Paulinenaue die multimediale Zeitzeugenlesung \u201eUntergrund war Strategie. Punk in der DDR: Zwischen Rebellion und Repression\u201c von und mit dem Autor Geralf Prochop.<\/p>\n<p>Rund 35 interessierte Paulinenauer*innen \u201epilgerten\u201c zu diesem Anlass in die Kirche. Bei Wein, Bier und Snacks lauschten sie interessiert den Ausf\u00fchrungen des Autors und Zeitzeugen.<\/p>\n<p>Als Verfolgter der Staatssicherheit und politischer Gefangener in der DDR berichtete Geralf Prochop \u00fcber die Repressionen gegen widerstandsf\u00e4hige Jugendliche in der DDR-Diktatur.<br \/>\nMit einer Performance aus Erz\u00e4hlung, Lesung, Bildspots, Leidenschaft, Ton-Dokumenten, Pr\u00e4sentation von Original-Utensilien und Stasiakten sowie einem Live-Musiker pr\u00e4sentierte er die \u201eintensivste Zeit\u201c seines Lebens als Punk in der DDR. In seinem Buch \u201eUntergrund war Strategie. Punk in der DDR: Zwischen Rebellion und Repression\u201c hat er diese Erlebnisse festgehalten:<\/p>\n<blockquote><p>\n\u201eDer Staat hatte uns \u00fcber etliche Jahre wegen unseres Musikgeschmacks und unseres \u00c4u\u00dferen wie Feinde behandelt. Diese Rolle hatten wir angenommen. Punk war das Beste, was uns in der DDR passieren konnte. Wir wurden diskriminiert, gejagt und willk\u00fcrlich weggesperrt, trotzdem waren wir freier als alle anderen. Es war die intensivste Zeit meines Lebens\u201c so Pochop.<\/p>\n<p>Valentin Franklyn vom Kulturverein:<\/p>\n<p>\u201eUnter anderem waren ja Kirchen die Freir\u00e4ume und Gedankenschmieden der Widerst\u00e4ndler:innen in der DDR. Wir organisierten erstmalig mit der evangelischen Kirchengemeinde diese Lesung zusammen, das passte konzeptionell super \u2013 im einstigen ,Freiraum\u2018 dieses kulturhistorische Event stattfinden zu lassen. An der Stelle m\u00f6chten wir uns nochmal bei Pfarrer Michael Jurk f\u00fcr die unkomplizierte Zusammenarbeit bedanken.\u201c<\/p><\/blockquote>\n<p>Wir freuen uns jetzt schon auf die zweite Lesung aus Gerald Pochops weiteren Buch:<br \/>\n\u201cZwischen Aufbruch und Randale &#8211;<br \/>\nDer wilde Osten in den Wirren der Nachwendezeit\u201c.<\/p>\n<p>Diese findet wieder in der Kirche am 19.09. ab 18:00 Uhr statt.<\/p>\n<p>Die Lesungen sind ein Projekt des Kulturvereins und dem Autor Geralf Prochop in Kooperation mit der Kirchengemeinde Westhavelland &#8211; gef\u00f6rdert von der Partnerschaft f\u00fcr Demokratie Westhavelland &amp; Nauen und dem Landkreis Havelland.<\/p>\n<p><em>Text: Valentin Franklyn<\/em><\/p>\n","protected":false},"excerpt":{"rendered":"<p>Der Kulturverein pr\u00e4sentierte am Freitag, den 4. April 2025, in [&hellip;]<\/p>\n","protected":false},"author":1,"featured_media":417758,"comment_status":"open","ping_status":"open","sticky":false,"template":"","format":"standard","meta":{"_acf_changed":false,"_price":"","_stock":"","_tribe_ticket_header":"","_tribe_default_ticket_provider":"","_tribe_ticket_capacity":"0","_ticket_start_date":"","_ticket_end_date":"","_tribe_ticket_show_description":"","_tribe_ticket_show_not_going":false,"_tribe_ticket_use_global_stock":"","_tribe_ticket_global_stock_level":"","_global_stock_mode":"","_global_stock_cap":"","_tribe_rsvp_for_event":"","_tribe_ticket_going_count":"","_tribe_ticket_not_going_count":"","_tribe_tickets_list":"[]","_tribe_ticket_has_attendee_info_fields":false,"jetpack_post_was_ever_published":false,"_jetpack_newsletter_access":"","_jetpack_dont_email_post_to_subs":false,"_jetpack_newsletter_tier_id":0,"_jetpack_memberships_contains_paywalled_content":false,"_jetpack_memberships_contains_paid_content":false,"footnotes":"","jetpack_publicize_message":"","jetpack_publicize_feature_enabled":true,"jetpack_social_post_already_shared":true,"jetpack_social_options":{"image_generator_settings":{"template":"highway","default_image_id":0,"font":"","enabled":false},"version":2}},"categories":[26,47,93,10],"tags":[],"class_list":["post-417757","post","type-post","status-publish","format-standard","has-post-thumbnail","hentry","category-kirche","category-kulturverein","category-veranstaltungen","category-vereine"],"acf":[],"yoast_head":"<!-- This site is optimized with the Yoast SEO plugin v27.5 - https:\/\/yoast.com\/product\/yoast-seo-wordpress\/ -->\n<title>Wie lebte es sich eigentlich als Punk in der DDR? - Paulinenaue<\/title>\n<meta name=\"robots\" content=\"index, follow, max-snippet:-1, max-image-preview:large, max-video-preview:-1\" \/>\n<link rel=\"canonical\" href=\"https:\/\/paulinenaue.info\/index.php\/wie-lebte-es-sich-eigentlich-als-punk-in-der-ddr\/\" \/>\n<meta property=\"og:locale\" content=\"de_DE\" \/>\n<meta property=\"og:type\" content=\"article\" \/>\n<meta property=\"og:title\" content=\"Wie lebte es sich eigentlich als Punk in der DDR? - Paulinenaue\" \/>\n<meta property=\"og:description\" content=\"Der Kulturverein pr\u00e4sentierte am Freitag, den 4. April 2025, in [&hellip;]\" \/>\n<meta property=\"og:url\" content=\"https:\/\/paulinenaue.info\/index.php\/wie-lebte-es-sich-eigentlich-als-punk-in-der-ddr\/\" \/>\n<meta property=\"og:site_name\" content=\"Paulinenaue\" \/>\n<meta property=\"article:published_time\" content=\"2025-04-13T06:15:04+00:00\" \/>\n<meta property=\"og:image\" content=\"https:\/\/paulinenaue.info\/wp-content\/uploads\/2025\/04\/2025-04-04-Lesung-scaled.jpg\" \/>\n\t<meta property=\"og:image:width\" content=\"2560\" \/>\n\t<meta property=\"og:image:height\" content=\"1920\" \/>\n\t<meta property=\"og:image:type\" content=\"image\/jpeg\" \/>\n<meta name=\"author\" content=\"Joachim Scholz\" \/>\n<meta name=\"twitter:card\" content=\"summary_large_image\" \/>\n<meta name=\"twitter:label1\" content=\"Verfasst von\" \/>\n\t<meta name=\"twitter:data1\" content=\"Joachim Scholz\" \/>\n\t<meta name=\"twitter:label2\" content=\"Gesch\u00e4tzte Lesezeit\" \/>\n\t<meta name=\"twitter:data2\" content=\"2\u00a0Minuten\" \/>\n<script type=\"application\/ld+json\" class=\"yoast-schema-graph\">{\"@context\":\"https:\\\/\\\/schema.org\",\"@graph\":[{\"@type\":\"Article\",\"@id\":\"https:\\\/\\\/paulinenaue.info\\\/index.php\\\/wie-lebte-es-sich-eigentlich-als-punk-in-der-ddr\\\/#article\",\"isPartOf\":{\"@id\":\"https:\\\/\\\/paulinenaue.info\\\/index.php\\\/wie-lebte-es-sich-eigentlich-als-punk-in-der-ddr\\\/\"},\"author\":{\"name\":\"Joachim Scholz\",\"@id\":\"https:\\\/\\\/paulinenaue.info\\\/#\\\/schema\\\/person\\\/3f9e818fd7b69b0d2bd937ac506897cc\"},\"headline\":\"Wie lebte es sich eigentlich als Punk in der DDR?\",\"datePublished\":\"2025-04-13T06:15:04+00:00\",\"mainEntityOfPage\":{\"@id\":\"https:\\\/\\\/paulinenaue.info\\\/index.php\\\/wie-lebte-es-sich-eigentlich-als-punk-in-der-ddr\\\/\"},\"wordCount\":338,\"commentCount\":0,\"image\":{\"@id\":\"https:\\\/\\\/paulinenaue.info\\\/index.php\\\/wie-lebte-es-sich-eigentlich-als-punk-in-der-ddr\\\/#primaryimage\"},\"thumbnailUrl\":\"https:\\\/\\\/paulinenaue.info\\\/wp-content\\\/uploads\\\/2025\\\/04\\\/2025-04-04-Lesung-scaled.jpg\",\"articleSection\":[\"Kirche\",\"Kulturverein\",\"Veranstaltungen\",\"Vereine\"],\"inLanguage\":\"de\",\"potentialAction\":[{\"@type\":\"CommentAction\",\"name\":\"Comment\",\"target\":[\"https:\\\/\\\/paulinenaue.info\\\/index.php\\\/wie-lebte-es-sich-eigentlich-als-punk-in-der-ddr\\\/#respond\"]}]},{\"@type\":\"WebPage\",\"@id\":\"https:\\\/\\\/paulinenaue.info\\\/index.php\\\/wie-lebte-es-sich-eigentlich-als-punk-in-der-ddr\\\/\",\"url\":\"https:\\\/\\\/paulinenaue.info\\\/index.php\\\/wie-lebte-es-sich-eigentlich-als-punk-in-der-ddr\\\/\",\"name\":\"Wie lebte es sich eigentlich als Punk in der DDR? - Paulinenaue\",\"isPartOf\":{\"@id\":\"https:\\\/\\\/paulinenaue.info\\\/#website\"},\"primaryImageOfPage\":{\"@id\":\"https:\\\/\\\/paulinenaue.info\\\/index.php\\\/wie-lebte-es-sich-eigentlich-als-punk-in-der-ddr\\\/#primaryimage\"},\"image\":{\"@id\":\"https:\\\/\\\/paulinenaue.info\\\/index.php\\\/wie-lebte-es-sich-eigentlich-als-punk-in-der-ddr\\\/#primaryimage\"},\"thumbnailUrl\":\"https:\\\/\\\/paulinenaue.info\\\/wp-content\\\/uploads\\\/2025\\\/04\\\/2025-04-04-Lesung-scaled.jpg\",\"datePublished\":\"2025-04-13T06:15:04+00:00\",\"author\":{\"@id\":\"https:\\\/\\\/paulinenaue.info\\\/#\\\/schema\\\/person\\\/3f9e818fd7b69b0d2bd937ac506897cc\"},\"breadcrumb\":{\"@id\":\"https:\\\/\\\/paulinenaue.info\\\/index.php\\\/wie-lebte-es-sich-eigentlich-als-punk-in-der-ddr\\\/#breadcrumb\"},\"inLanguage\":\"de\",\"potentialAction\":[{\"@type\":\"ReadAction\",\"target\":[\"https:\\\/\\\/paulinenaue.info\\\/index.php\\\/wie-lebte-es-sich-eigentlich-als-punk-in-der-ddr\\\/\"]}]},{\"@type\":\"ImageObject\",\"inLanguage\":\"de\",\"@id\":\"https:\\\/\\\/paulinenaue.info\\\/index.php\\\/wie-lebte-es-sich-eigentlich-als-punk-in-der-ddr\\\/#primaryimage\",\"url\":\"https:\\\/\\\/paulinenaue.info\\\/wp-content\\\/uploads\\\/2025\\\/04\\\/2025-04-04-Lesung-scaled.jpg\",\"contentUrl\":\"https:\\\/\\\/paulinenaue.info\\\/wp-content\\\/uploads\\\/2025\\\/04\\\/2025-04-04-Lesung-scaled.jpg\",\"width\":2560,\"height\":1920},{\"@type\":\"BreadcrumbList\",\"@id\":\"https:\\\/\\\/paulinenaue.info\\\/index.php\\\/wie-lebte-es-sich-eigentlich-als-punk-in-der-ddr\\\/#breadcrumb\",\"itemListElement\":[{\"@type\":\"ListItem\",\"position\":1,\"name\":\"Home\",\"item\":\"https:\\\/\\\/paulinenaue.info\\\/\"},{\"@type\":\"ListItem\",\"position\":2,\"name\":\"Wie lebte es sich eigentlich als Punk in der DDR?\"}]},{\"@type\":\"WebSite\",\"@id\":\"https:\\\/\\\/paulinenaue.info\\\/#website\",\"url\":\"https:\\\/\\\/paulinenaue.info\\\/\",\"name\":\"Paulinenaue\",\"description\":\"Ein Dorf im Havelland\",\"potentialAction\":[{\"@type\":\"SearchAction\",\"target\":{\"@type\":\"EntryPoint\",\"urlTemplate\":\"https:\\\/\\\/paulinenaue.info\\\/?s={search_term_string}\"},\"query-input\":{\"@type\":\"PropertyValueSpecification\",\"valueRequired\":true,\"valueName\":\"search_term_string\"}}],\"inLanguage\":\"de\"},{\"@type\":\"Person\",\"@id\":\"https:\\\/\\\/paulinenaue.info\\\/#\\\/schema\\\/person\\\/3f9e818fd7b69b0d2bd937ac506897cc\",\"name\":\"Joachim Scholz\",\"url\":\"https:\\\/\\\/paulinenaue.info\\\/index.php\\\/author\\\/jjscholz\\\/\"}]}<\/script>\n<!-- \/ Yoast SEO plugin. -->","yoast_head_json":{"title":"Wie lebte es sich eigentlich als Punk in der DDR? - Paulinenaue","robots":{"index":"index","follow":"follow","max-snippet":"max-snippet:-1","max-image-preview":"max-image-preview:large","max-video-preview":"max-video-preview:-1"},"canonical":"https:\/\/paulinenaue.info\/index.php\/wie-lebte-es-sich-eigentlich-als-punk-in-der-ddr\/","og_locale":"de_DE","og_type":"article","og_title":"Wie lebte es sich eigentlich als Punk in der DDR? - Paulinenaue","og_description":"Der Kulturverein pr\u00e4sentierte am Freitag, den 4. April 2025, in [&hellip;]","og_url":"https:\/\/paulinenaue.info\/index.php\/wie-lebte-es-sich-eigentlich-als-punk-in-der-ddr\/","og_site_name":"Paulinenaue","article_published_time":"2025-04-13T06:15:04+00:00","og_image":[{"width":2560,"height":1920,"url":"https:\/\/paulinenaue.info\/wp-content\/uploads\/2025\/04\/2025-04-04-Lesung-scaled.jpg","type":"image\/jpeg"}],"author":"Joachim Scholz","twitter_card":"summary_large_image","twitter_misc":{"Verfasst von":"Joachim Scholz","Gesch\u00e4tzte Lesezeit":"2\u00a0Minuten"},"schema":{"@context":"https:\/\/schema.org","@graph":[{"@type":"Article","@id":"https:\/\/paulinenaue.info\/index.php\/wie-lebte-es-sich-eigentlich-als-punk-in-der-ddr\/#article","isPartOf":{"@id":"https:\/\/paulinenaue.info\/index.php\/wie-lebte-es-sich-eigentlich-als-punk-in-der-ddr\/"},"author":{"name":"Joachim Scholz","@id":"https:\/\/paulinenaue.info\/#\/schema\/person\/3f9e818fd7b69b0d2bd937ac506897cc"},"headline":"Wie lebte es sich eigentlich als Punk in der DDR?","datePublished":"2025-04-13T06:15:04+00:00","mainEntityOfPage":{"@id":"https:\/\/paulinenaue.info\/index.php\/wie-lebte-es-sich-eigentlich-als-punk-in-der-ddr\/"},"wordCount":338,"commentCount":0,"image":{"@id":"https:\/\/paulinenaue.info\/index.php\/wie-lebte-es-sich-eigentlich-als-punk-in-der-ddr\/#primaryimage"},"thumbnailUrl":"https:\/\/paulinenaue.info\/wp-content\/uploads\/2025\/04\/2025-04-04-Lesung-scaled.jpg","articleSection":["Kirche","Kulturverein","Veranstaltungen","Vereine"],"inLanguage":"de","potentialAction":[{"@type":"CommentAction","name":"Comment","target":["https:\/\/paulinenaue.info\/index.php\/wie-lebte-es-sich-eigentlich-als-punk-in-der-ddr\/#respond"]}]},{"@type":"WebPage","@id":"https:\/\/paulinenaue.info\/index.php\/wie-lebte-es-sich-eigentlich-als-punk-in-der-ddr\/","url":"https:\/\/paulinenaue.info\/index.php\/wie-lebte-es-sich-eigentlich-als-punk-in-der-ddr\/","name":"Wie lebte es sich eigentlich als Punk in der DDR? - Paulinenaue","isPartOf":{"@id":"https:\/\/paulinenaue.info\/#website"},"primaryImageOfPage":{"@id":"https:\/\/paulinenaue.info\/index.php\/wie-lebte-es-sich-eigentlich-als-punk-in-der-ddr\/#primaryimage"},"image":{"@id":"https:\/\/paulinenaue.info\/index.php\/wie-lebte-es-sich-eigentlich-als-punk-in-der-ddr\/#primaryimage"},"thumbnailUrl":"https:\/\/paulinenaue.info\/wp-content\/uploads\/2025\/04\/2025-04-04-Lesung-scaled.jpg","datePublished":"2025-04-13T06:15:04+00:00","author":{"@id":"https:\/\/paulinenaue.info\/#\/schema\/person\/3f9e818fd7b69b0d2bd937ac506897cc"},"breadcrumb":{"@id":"https:\/\/paulinenaue.info\/index.php\/wie-lebte-es-sich-eigentlich-als-punk-in-der-ddr\/#breadcrumb"},"inLanguage":"de","potentialAction":[{"@type":"ReadAction","target":["https:\/\/paulinenaue.info\/index.php\/wie-lebte-es-sich-eigentlich-als-punk-in-der-ddr\/"]}]},{"@type":"ImageObject","inLanguage":"de","@id":"https:\/\/paulinenaue.info\/index.php\/wie-lebte-es-sich-eigentlich-als-punk-in-der-ddr\/#primaryimage","url":"https:\/\/paulinenaue.info\/wp-content\/uploads\/2025\/04\/2025-04-04-Lesung-scaled.jpg","contentUrl":"https:\/\/paulinenaue.info\/wp-content\/uploads\/2025\/04\/2025-04-04-Lesung-scaled.jpg","width":2560,"height":1920},{"@type":"BreadcrumbList","@id":"https:\/\/paulinenaue.info\/index.php\/wie-lebte-es-sich-eigentlich-als-punk-in-der-ddr\/#breadcrumb","itemListElement":[{"@type":"ListItem","position":1,"name":"Home","item":"https:\/\/paulinenaue.info\/"},{"@type":"ListItem","position":2,"name":"Wie lebte es sich eigentlich als Punk in der DDR?"}]},{"@type":"WebSite","@id":"https:\/\/paulinenaue.info\/#website","url":"https:\/\/paulinenaue.info\/","name":"Paulinenaue","description":"Ein Dorf im Havelland","potentialAction":[{"@type":"SearchAction","target":{"@type":"EntryPoint","urlTemplate":"https:\/\/paulinenaue.info\/?s={search_term_string}"},"query-input":{"@type":"PropertyValueSpecification","valueRequired":true,"valueName":"search_term_string"}}],"inLanguage":"de"},{"@type":"Person","@id":"https:\/\/paulinenaue.info\/#\/schema\/person\/3f9e818fd7b69b0d2bd937ac506897cc","name":"Joachim Scholz","url":"https:\/\/paulinenaue.info\/index.php\/author\/jjscholz\/"}]}},"jetpack_publicize_connections":[],"jetpack_featured_media_url":"https:\/\/paulinenaue.info\/wp-content\/uploads\/2025\/04\/2025-04-04-Lesung-scaled.jpg","jetpack_sharing_enabled":true,"jetpack_shortlink":"https:\/\/wp.me\/pcYhWA-1KG1","jetpack-related-posts":[{"id":418343,"url":"https:\/\/paulinenaue.info\/index.php\/punk-musik-in-der-kirche\/","url_meta":{"origin":417757,"position":0},"title":"Punk-Musik in der Kirche","author":"Joachim Scholz","date":"26. September 2025","format":false,"excerpt":"Multimediale Lesung mit Geralf Pochop unter dem Motto \u201eZwischen Aufbruch und Randale \u2013\u00a0Der Wilde Osten in den Wirren der Nachwendezeit\u201c Die erste und mit 96 Jahren \u00e4lteste Besucherin zur Lesung am 19. September 2025 traf schon kurz nach 16 Uhr ein. Eugenie Selent nutzte die Gelegenheit, mit einer Mitarbeiterin der\u2026","rel":"","context":"In &quot;Kulturverein&quot;","block_context":{"text":"Kulturverein","link":"https:\/\/paulinenaue.info\/index.php\/category\/kulturverein\/"},"img":{"alt_text":"","src":"https:\/\/i0.wp.com\/paulinenaue.info\/wp-content\/uploads\/2025\/09\/2025-09-19_01.jpg?resize=350%2C200&ssl=1","width":350,"height":200,"srcset":"https:\/\/i0.wp.com\/paulinenaue.info\/wp-content\/uploads\/2025\/09\/2025-09-19_01.jpg?resize=350%2C200&ssl=1 1x, https:\/\/i0.wp.com\/paulinenaue.info\/wp-content\/uploads\/2025\/09\/2025-09-19_01.jpg?resize=525%2C300&ssl=1 1.5x, https:\/\/i0.wp.com\/paulinenaue.info\/wp-content\/uploads\/2025\/09\/2025-09-19_01.jpg?resize=700%2C400&ssl=1 2x, https:\/\/i0.wp.com\/paulinenaue.info\/wp-content\/uploads\/2025\/09\/2025-09-19_01.jpg?resize=1050%2C600&ssl=1 3x, https:\/\/i0.wp.com\/paulinenaue.info\/wp-content\/uploads\/2025\/09\/2025-09-19_01.jpg?resize=1400%2C800&ssl=1 4x"},"classes":[]},{"id":184284,"url":"https:\/\/paulinenaue.info\/index.php\/kirche-wird-saniert-und-multifunktional-nutzbar\/","url_meta":{"origin":417757,"position":1},"title":"Kirche wird saniert und multifunktional nutzbar","author":"Joachim Scholz","date":"29. Mai 2022","format":false,"excerpt":"von Andreas Flender, ehrenamtlicher Mitarbeiter und Bauverantwortlicher der evangelischen Kirchengemeinde In der Paulinenauer Kirche soll demn\u00e4chst ein Dorftreff entstehen. Es gibt daf\u00fcr Interesse von Vereinen, die bisher keine eigenen R\u00e4ume haben. Denkbar ist, dass der Kulturverein oder das Gemeinschaftswerk Soziale Dienste den Treff nutzen wird. Die Notfallseelsorge m\u00f6chte dort Gruppenabende\u2026","rel":"","context":"In &quot;Allgemein&quot;","block_context":{"text":"Allgemein","link":"https:\/\/paulinenaue.info\/index.php\/category\/allgemein\/"},"img":{"alt_text":"","src":"https:\/\/i0.wp.com\/paulinenaue.info\/wp-content\/uploads\/2022\/05\/2022-05-28-Paulinenaue-Kirche.jpg?resize=350%2C200&ssl=1","width":350,"height":200,"srcset":"https:\/\/i0.wp.com\/paulinenaue.info\/wp-content\/uploads\/2022\/05\/2022-05-28-Paulinenaue-Kirche.jpg?resize=350%2C200&ssl=1 1x, https:\/\/i0.wp.com\/paulinenaue.info\/wp-content\/uploads\/2022\/05\/2022-05-28-Paulinenaue-Kirche.jpg?resize=525%2C300&ssl=1 1.5x, https:\/\/i0.wp.com\/paulinenaue.info\/wp-content\/uploads\/2022\/05\/2022-05-28-Paulinenaue-Kirche.jpg?resize=700%2C400&ssl=1 2x"},"classes":[]},{"id":149345,"url":"https:\/\/paulinenaue.info\/index.php\/149345\/","url_meta":{"origin":417757,"position":2},"title":"Besuch in der Waldapotheke","author":"Joachim Scholz","date":"30. April 2022","format":false,"excerpt":"Auf diesen Termin hatten sich viele schon lange gefreut. Auch in diesem Jahr ging es wieder mit Sylvia Geisel\u00a0 auf eine Kr\u00e4uterwanderung vors Dorf. Diesmal stand der Spaziergang unter dem Motto \u201eBesuch in der Waldapotheke\u201c. Die Sonne schien, es gr\u00fcnte allerorten. Den Weg zur Pessiner Heide glaubt man zu kennen\u2026","rel":"","context":"In &quot;Hier Zuhause&quot;","block_context":{"text":"Hier Zuhause","link":"https:\/\/paulinenaue.info\/index.php\/category\/hier-zuhause\/"},"img":{"alt_text":"","src":"https:\/\/i0.wp.com\/paulinenaue.info\/wp-content\/uploads\/2022\/04\/2022-04-29-Kra%CC%88uterwanderung.jpg?resize=350%2C200&ssl=1","width":350,"height":200,"srcset":"https:\/\/i0.wp.com\/paulinenaue.info\/wp-content\/uploads\/2022\/04\/2022-04-29-Kra%CC%88uterwanderung.jpg?resize=350%2C200&ssl=1 1x, https:\/\/i0.wp.com\/paulinenaue.info\/wp-content\/uploads\/2022\/04\/2022-04-29-Kra%CC%88uterwanderung.jpg?resize=525%2C300&ssl=1 1.5x, https:\/\/i0.wp.com\/paulinenaue.info\/wp-content\/uploads\/2022\/04\/2022-04-29-Kra%CC%88uterwanderung.jpg?resize=700%2C400&ssl=1 2x"},"classes":[]},{"id":415945,"url":"https:\/\/paulinenaue.info\/index.php\/chroniken-von-paulinenaue\/","url_meta":{"origin":417757,"position":3},"title":"Chroniken von Paulinenaue","author":"Joachim Scholz","date":"4. Februar 2024","format":false,"excerpt":"Kirchenb\u00fccher und Kriegschroniken \u2013 Die Anf\u00e4nge Paulinenaue ist ein junges Dorf, das 1833 aus einem unbedeutenden Vorwerk hervorging. F\u00fcr lange Zeit wurden Aufzeichnungen wichtiger Lebensereignisse seiner Einwohner, wie Geburten, Taufen, Hochzeiten und Todesf\u00e4lle, nur in den Kirchenb\u00fcchern der Nachbargemeinden festgehalten, zu denen es kirchenrechtlich geh\u00f6rte. Erst seit 1920 wurde in\u2026","rel":"","context":"In &quot;Dorfentwicklung&quot;","block_context":{"text":"Dorfentwicklung","link":"https:\/\/paulinenaue.info\/index.php\/category\/dorfentwicklung\/"},"img":{"alt_text":"","src":"https:\/\/i0.wp.com\/paulinenaue.info\/wp-content\/uploads\/2024\/01\/1915-05-23-Heimatszeitung-Titelblatt.jpg?resize=350%2C200&ssl=1","width":350,"height":200,"srcset":"https:\/\/i0.wp.com\/paulinenaue.info\/wp-content\/uploads\/2024\/01\/1915-05-23-Heimatszeitung-Titelblatt.jpg?resize=350%2C200&ssl=1 1x, https:\/\/i0.wp.com\/paulinenaue.info\/wp-content\/uploads\/2024\/01\/1915-05-23-Heimatszeitung-Titelblatt.jpg?resize=525%2C300&ssl=1 1.5x, https:\/\/i0.wp.com\/paulinenaue.info\/wp-content\/uploads\/2024\/01\/1915-05-23-Heimatszeitung-Titelblatt.jpg?resize=700%2C400&ssl=1 2x"},"classes":[]},{"id":704,"url":"https:\/\/paulinenaue.info\/index.php\/historisches-video-von-paulinenaue\/","url_meta":{"origin":417757,"position":4},"title":"Historisches Video von Paulinenaue aufgetaucht","author":"Joachim Scholz","date":"6. M\u00e4rz 2017","format":false,"excerpt":"","rel":"","context":"In &quot;Allgemein&quot;","block_context":{"text":"Allgemein","link":"https:\/\/paulinenaue.info\/index.php\/category\/allgemein\/"},"img":{"alt_text":"","src":"https:\/\/i0.wp.com\/paulinenaue.info\/wp-content\/uploads\/2017\/10\/Augenzeuge-Paulinenaue-1949-02.jpg?resize=350%2C200&ssl=1","width":350,"height":200,"srcset":"https:\/\/i0.wp.com\/paulinenaue.info\/wp-content\/uploads\/2017\/10\/Augenzeuge-Paulinenaue-1949-02.jpg?resize=350%2C200&ssl=1 1x, https:\/\/i0.wp.com\/paulinenaue.info\/wp-content\/uploads\/2017\/10\/Augenzeuge-Paulinenaue-1949-02.jpg?resize=525%2C300&ssl=1 1.5x, https:\/\/i0.wp.com\/paulinenaue.info\/wp-content\/uploads\/2017\/10\/Augenzeuge-Paulinenaue-1949-02.jpg?resize=700%2C400&ssl=1 2x"},"classes":[]},{"id":166,"url":"https:\/\/paulinenaue.info\/index.php\/was-kommt-nach-dem-konsum\/","url_meta":{"origin":417757,"position":5},"title":"Was kommt nach dem Konsum?","author":"Joachim Scholz","date":"9. April 2010","format":false,"excerpt":"09.04.2010. Die Gelegenheit zum \u201ePostkonsum-Denken\u201c ergriffen Mitglieder des Paulinenauer Kulturvereins an diesem Freitag, als sie sich gemeinsam mit Planer und Gemeindevertreter Frank Schulze \u00fcber die zuk\u00fcnftige Gestaltung des Gel\u00e4ndes der ehemaligen \"Konsum\"-Verkaufsst\u00e4tte austauschten. Nach dem Ankauf durch die Gemeinde vor einem Vierteljahr kann wom\u00f6glich bereits 2011 der gesichtslose Flachbau aus\u2026","rel":"","context":"In &quot;Bahnhof&quot;","block_context":{"text":"Bahnhof","link":"https:\/\/paulinenaue.info\/index.php\/category\/bahnhof\/"},"img":{"alt_text":"","src":"https:\/\/i0.wp.com\/paulinenaue.info\/wp-content\/uploads\/2016\/03\/20100409_konsum_planung_01.jpg?resize=350%2C200&ssl=1","width":350,"height":200},"classes":[]}],"_links":{"self":[{"href":"https:\/\/paulinenaue.info\/index.php\/wp-json\/wp\/v2\/posts\/417757","targetHints":{"allow":["GET"]}}],"collection":[{"href":"https:\/\/paulinenaue.info\/index.php\/wp-json\/wp\/v2\/posts"}],"about":[{"href":"https:\/\/paulinenaue.info\/index.php\/wp-json\/wp\/v2\/types\/post"}],"author":[{"embeddable":true,"href":"https:\/\/paulinenaue.info\/index.php\/wp-json\/wp\/v2\/users\/1"}],"replies":[{"embeddable":true,"href":"https:\/\/paulinenaue.info\/index.php\/wp-json\/wp\/v2\/comments?post=417757"}],"version-history":[{"count":2,"href":"https:\/\/paulinenaue.info\/index.php\/wp-json\/wp\/v2\/posts\/417757\/revisions"}],"predecessor-version":[{"id":417760,"href":"https:\/\/paulinenaue.info\/index.php\/wp-json\/wp\/v2\/posts\/417757\/revisions\/417760"}],"wp:featuredmedia":[{"embeddable":true,"href":"https:\/\/paulinenaue.info\/index.php\/wp-json\/wp\/v2\/media\/417758"}],"wp:attachment":[{"href":"https:\/\/paulinenaue.info\/index.php\/wp-json\/wp\/v2\/media?parent=417757"}],"wp:term":[{"taxonomy":"category","embeddable":true,"href":"https:\/\/paulinenaue.info\/index.php\/wp-json\/wp\/v2\/categories?post=417757"},{"taxonomy":"post_tag","embeddable":true,"href":"https:\/\/paulinenaue.info\/index.php\/wp-json\/wp\/v2\/tags?post=417757"}],"curies":[{"name":"wp","href":"https:\/\/api.w.org\/{rel}","templated":true}]}}