{"id":417788,"date":"2025-04-20T01:10:24","date_gmt":"2025-04-19T23:10:24","guid":{"rendered":"https:\/\/paulinenaue.info\/?p=417788"},"modified":"2025-04-20T01:43:57","modified_gmt":"2025-04-19T23:43:57","slug":"der-osterstrauss-des-jahres-2025","status":"publish","type":"post","link":"https:\/\/paulinenaue.info\/index.php\/der-osterstrauss-des-jahres-2025\/","title":{"rendered":"Der Osterstrau\u00df des Jahres 2025"},"content":{"rendered":"<p>Den Osterstrau\u00df des Jahres, der in jedem Jahr f\u00fcr unsere Website gek\u00fcrt wird, hat Sylvia Kreier am Samstagvormittag herausgeputzt. Ein erster Blick verr\u00e4t sofort seine k\u00fcnstlerische Qualit\u00e4t. Dieser Strau\u00df mit seinen originellen handbemalten Motiveiern \u2013 keines gleicht in der Ausmalung dem anderen \u2013 verdient unbedingt die begehrte Auszeichnung. \u201eIch habe die Eier von meiner Freundin bekommen,\u201c erz\u00e4hlt Sylvia: \u201eSie sind so sch\u00f6n, dass sogar die zerbrochenen jedes Jahr wieder an den Strau\u00df kommen!\u201c<\/p>\n<p>Aha, aber Moment mal: Das sind doch Ostereier aus der Werkstatt von Heike Kaffke, die da nass vom Regen gl\u00e4nzen. Schon mehrfach sind Heikes Osterstr\u00e4u\u00dfe pr\u00e4miert worden. Ihre lebensfrohen, bunten und kontrastreichen Bilder erz\u00e4hlen Geschichten von Tieren und Pflanzen und zaubern einfach gute Laune an jeden Strauch.<\/p>\n<p>Wir knipsen unsere Fotos, Sylvia ist etwas kurz angebunden. Die <a href=\"https:\/\/paulinenaue.info\/index.php\/verdiente-anerkennung-fuer-wichtige-belange\/\">Paulinenauer Ehrenamtlerin<\/a> steckt in Vorbereitungen. Sie organisiert gerade mit den <a href=\"https:\/\/paulinenaue.info\/index.php\/pauerfrauen\/\">Pauerfrauen<\/a> das Eiertrudeln am morgigen Ostersonntag. Die Bahnen haben sie bereits gezogen, weitere Vorbereitungen laufen. Sogar f\u00fcr die Trudeleier ist gesorgt, um 14.00 Uhr geht es los. Das Wetter soll besser werden am Ostersonntag!<\/p>\n<div id=\"attachment_417789\" style=\"width: 610px\" class=\"wp-caption alignnone\"><a href=\"https:\/\/paulinenaue.info\/wp-content\/uploads\/2025\/04\/2025-04-20-Osterstrauss-01.jpeg\"><img decoding=\"async\" aria-describedby=\"caption-attachment-417789\" data-attachment-id=\"417789\" data-permalink=\"https:\/\/paulinenaue.info\/index.php\/der-osterstrauss-des-jahres-2025\/2025-04-20-osterstrauss-01\/\" data-orig-file=\"https:\/\/paulinenaue.info\/wp-content\/uploads\/2025\/04\/2025-04-20-Osterstrauss-01.jpeg\" data-orig-size=\"1000,667\" data-comments-opened=\"1\" data-image-meta=\"{&quot;aperture&quot;:&quot;3.2&quot;,&quot;credit&quot;:&quot;&quot;,&quot;camera&quot;:&quot;DSC-RX10M3&quot;,&quot;caption&quot;:&quot;&quot;,&quot;created_timestamp&quot;:&quot;1745073040&quot;,&quot;copyright&quot;:&quot;&quot;,&quot;focal_length&quot;:&quot;14.65&quot;,&quot;iso&quot;:&quot;100&quot;,&quot;shutter_speed&quot;:&quot;0.0125&quot;,&quot;title&quot;:&quot;&quot;,&quot;orientation&quot;:&quot;1&quot;}\" data-image-title=\"2025-04-20, Osterstrau\u00df, 01\" data-image-description=\"\" data-image-caption=\"\" data-large-file=\"https:\/\/paulinenaue.info\/wp-content\/uploads\/2025\/04\/2025-04-20-Osterstrauss-01.jpeg\" class=\"lazyload wp-image-417789 size-fusion-600\" src=\"https:\/\/paulinenaue.info\/wp-content\/uploads\/2025\/04\/2025-04-20-Osterstrauss-01-600x400.jpeg\" data-orig-src=\"https:\/\/paulinenaue.info\/wp-content\/uploads\/2025\/04\/2025-04-20-Osterstrauss-01-600x400.jpeg\" alt=\"\" width=\"600\" height=\"400\" srcset=\"data:image\/svg+xml,%3Csvg%20xmlns%3D%27http%3A%2F%2Fwww.w3.org%2F2000%2Fsvg%27%20width%3D%27600%27%20height%3D%27400%27%20viewBox%3D%270%200%20600%20400%27%3E%3Crect%20width%3D%27600%27%20height%3D%27400%27%20fill-opacity%3D%220%22%2F%3E%3C%2Fsvg%3E\" data-srcset=\"https:\/\/paulinenaue.info\/wp-content\/uploads\/2025\/04\/2025-04-20-Osterstrauss-01-200x133.jpeg 200w, https:\/\/paulinenaue.info\/wp-content\/uploads\/2025\/04\/2025-04-20-Osterstrauss-01-300x200.jpeg 300w, https:\/\/paulinenaue.info\/wp-content\/uploads\/2025\/04\/2025-04-20-Osterstrauss-01-400x267.jpeg 400w, https:\/\/paulinenaue.info\/wp-content\/uploads\/2025\/04\/2025-04-20-Osterstrauss-01-600x400.jpeg 600w, https:\/\/paulinenaue.info\/wp-content\/uploads\/2025\/04\/2025-04-20-Osterstrauss-01-768x512.jpeg 768w, https:\/\/paulinenaue.info\/wp-content\/uploads\/2025\/04\/2025-04-20-Osterstrauss-01-800x534.jpeg 800w, https:\/\/paulinenaue.info\/wp-content\/uploads\/2025\/04\/2025-04-20-Osterstrauss-01.jpeg 1000w\" data-sizes=\"auto\" data-orig-sizes=\"(max-width: 600px) 100vw, 600px\" \/><\/a><p id=\"caption-attachment-417789\" class=\"wp-caption-text\"><em>Der Osterstrau\u00df des Jahres steht auf der Terrasse von Familie Kreier in der Bahnhofstra\u00dfe. Foto: J. Scholz, 2025. <\/em><\/p><\/div>\n<p>&nbsp;<\/p>\n<div id=\"attachment_417793\" style=\"width: 610px\" class=\"wp-caption alignnone\"><a href=\"https:\/\/paulinenaue.info\/wp-content\/uploads\/2025\/04\/2025-04-20-Osterstrauss-05.jpeg\"><img decoding=\"async\" aria-describedby=\"caption-attachment-417793\" data-attachment-id=\"417793\" data-permalink=\"https:\/\/paulinenaue.info\/index.php\/der-osterstrauss-des-jahres-2025\/2025-04-20-osterstrauss-05\/\" data-orig-file=\"https:\/\/paulinenaue.info\/wp-content\/uploads\/2025\/04\/2025-04-20-Osterstrauss-05.jpeg\" data-orig-size=\"1000,667\" data-comments-opened=\"1\" data-image-meta=\"{&quot;aperture&quot;:&quot;4&quot;,&quot;credit&quot;:&quot;&quot;,&quot;camera&quot;:&quot;DSC-RX10M3&quot;,&quot;caption&quot;:&quot;&quot;,&quot;created_timestamp&quot;:&quot;1745073007&quot;,&quot;copyright&quot;:&quot;&quot;,&quot;focal_length&quot;:&quot;36.72&quot;,&quot;iso&quot;:&quot;160&quot;,&quot;shutter_speed&quot;:&quot;0.01&quot;,&quot;title&quot;:&quot;&quot;,&quot;orientation&quot;:&quot;1&quot;}\" data-image-title=\"2025-04-20, Osterstrau\u00df, 05\" data-image-description=\"\" data-image-caption=\"\" data-large-file=\"https:\/\/paulinenaue.info\/wp-content\/uploads\/2025\/04\/2025-04-20-Osterstrauss-05.jpeg\" class=\"lazyload wp-image-417793 size-fusion-600\" src=\"https:\/\/paulinenaue.info\/wp-content\/uploads\/2025\/04\/2025-04-20-Osterstrauss-05-600x400.jpeg\" data-orig-src=\"https:\/\/paulinenaue.info\/wp-content\/uploads\/2025\/04\/2025-04-20-Osterstrauss-05-600x400.jpeg\" alt=\"\" width=\"600\" height=\"400\" srcset=\"data:image\/svg+xml,%3Csvg%20xmlns%3D%27http%3A%2F%2Fwww.w3.org%2F2000%2Fsvg%27%20width%3D%27600%27%20height%3D%27400%27%20viewBox%3D%270%200%20600%20400%27%3E%3Crect%20width%3D%27600%27%20height%3D%27400%27%20fill-opacity%3D%220%22%2F%3E%3C%2Fsvg%3E\" data-srcset=\"https:\/\/paulinenaue.info\/wp-content\/uploads\/2025\/04\/2025-04-20-Osterstrauss-05-200x133.jpeg 200w, https:\/\/paulinenaue.info\/wp-content\/uploads\/2025\/04\/2025-04-20-Osterstrauss-05-300x200.jpeg 300w, https:\/\/paulinenaue.info\/wp-content\/uploads\/2025\/04\/2025-04-20-Osterstrauss-05-400x267.jpeg 400w, https:\/\/paulinenaue.info\/wp-content\/uploads\/2025\/04\/2025-04-20-Osterstrauss-05-600x400.jpeg 600w, https:\/\/paulinenaue.info\/wp-content\/uploads\/2025\/04\/2025-04-20-Osterstrauss-05-768x512.jpeg 768w, https:\/\/paulinenaue.info\/wp-content\/uploads\/2025\/04\/2025-04-20-Osterstrauss-05-800x534.jpeg 800w, https:\/\/paulinenaue.info\/wp-content\/uploads\/2025\/04\/2025-04-20-Osterstrauss-05.jpeg 1000w\" data-sizes=\"auto\" data-orig-sizes=\"(max-width: 600px) 100vw, 600px\" \/><\/a><p id=\"caption-attachment-417793\" class=\"wp-caption-text\"><em>Selbst besch\u00e4digte Eier kommen bei Kreiers an den Osterstrau\u00df. Die von Heike Kaffke bemalten Eier sind einfach zu sch\u00f6n. Foto: J. Scholz, 2025.<\/em><\/p><\/div>\n<p>&nbsp;<\/p>\n<div id=\"attachment_417794\" style=\"width: 610px\" class=\"wp-caption alignnone\"><a href=\"https:\/\/paulinenaue.info\/wp-content\/uploads\/2025\/04\/2025-04-20-Osterstrauss-06.jpeg\"><img decoding=\"async\" aria-describedby=\"caption-attachment-417794\" data-attachment-id=\"417794\" data-permalink=\"https:\/\/paulinenaue.info\/index.php\/der-osterstrauss-des-jahres-2025\/2025-04-20-osterstrauss-06\/\" data-orig-file=\"https:\/\/paulinenaue.info\/wp-content\/uploads\/2025\/04\/2025-04-20-Osterstrauss-06.jpeg\" data-orig-size=\"1000,667\" data-comments-opened=\"1\" data-image-meta=\"{&quot;aperture&quot;:&quot;4&quot;,&quot;credit&quot;:&quot;&quot;,&quot;camera&quot;:&quot;DSC-RX10M3&quot;,&quot;caption&quot;:&quot;&quot;,&quot;created_timestamp&quot;:&quot;1745073017&quot;,&quot;copyright&quot;:&quot;&quot;,&quot;focal_length&quot;:&quot;36.72&quot;,&quot;iso&quot;:&quot;320&quot;,&quot;shutter_speed&quot;:&quot;0.01&quot;,&quot;title&quot;:&quot;&quot;,&quot;orientation&quot;:&quot;1&quot;}\" data-image-title=\"2025-04-20, Osterstrau\u00df, 06\" data-image-description=\"\" data-image-caption=\"\" data-large-file=\"https:\/\/paulinenaue.info\/wp-content\/uploads\/2025\/04\/2025-04-20-Osterstrauss-06.jpeg\" class=\"lazyload wp-image-417794 size-fusion-600\" src=\"https:\/\/paulinenaue.info\/wp-content\/uploads\/2025\/04\/2025-04-20-Osterstrauss-06-600x400.jpeg\" data-orig-src=\"https:\/\/paulinenaue.info\/wp-content\/uploads\/2025\/04\/2025-04-20-Osterstrauss-06-600x400.jpeg\" alt=\"\" width=\"600\" height=\"400\" srcset=\"data:image\/svg+xml,%3Csvg%20xmlns%3D%27http%3A%2F%2Fwww.w3.org%2F2000%2Fsvg%27%20width%3D%27600%27%20height%3D%27400%27%20viewBox%3D%270%200%20600%20400%27%3E%3Crect%20width%3D%27600%27%20height%3D%27400%27%20fill-opacity%3D%220%22%2F%3E%3C%2Fsvg%3E\" data-srcset=\"https:\/\/paulinenaue.info\/wp-content\/uploads\/2025\/04\/2025-04-20-Osterstrauss-06-200x133.jpeg 200w, https:\/\/paulinenaue.info\/wp-content\/uploads\/2025\/04\/2025-04-20-Osterstrauss-06-300x200.jpeg 300w, https:\/\/paulinenaue.info\/wp-content\/uploads\/2025\/04\/2025-04-20-Osterstrauss-06-400x267.jpeg 400w, https:\/\/paulinenaue.info\/wp-content\/uploads\/2025\/04\/2025-04-20-Osterstrauss-06-600x400.jpeg 600w, https:\/\/paulinenaue.info\/wp-content\/uploads\/2025\/04\/2025-04-20-Osterstrauss-06-768x512.jpeg 768w, https:\/\/paulinenaue.info\/wp-content\/uploads\/2025\/04\/2025-04-20-Osterstrauss-06-800x534.jpeg 800w, https:\/\/paulinenaue.info\/wp-content\/uploads\/2025\/04\/2025-04-20-Osterstrauss-06.jpeg 1000w\" data-sizes=\"auto\" data-orig-sizes=\"(max-width: 600px) 100vw, 600px\" \/><\/a><p id=\"caption-attachment-417794\" class=\"wp-caption-text\"><em>Hallo! Schnecken begr\u00fc\u00dfen sich. Foto: J. Scholz, 2025.<\/em><\/p><\/div>\n<p>&nbsp;<\/p>\n<div id=\"attachment_417790\" style=\"width: 610px\" class=\"wp-caption alignnone\"><a href=\"https:\/\/paulinenaue.info\/wp-content\/uploads\/2025\/04\/2025-04-20-Osterstrauss-02.jpeg\"><img decoding=\"async\" aria-describedby=\"caption-attachment-417790\" data-attachment-id=\"417790\" data-permalink=\"https:\/\/paulinenaue.info\/index.php\/der-osterstrauss-des-jahres-2025\/2025-04-20-osterstrauss-02\/\" data-orig-file=\"https:\/\/paulinenaue.info\/wp-content\/uploads\/2025\/04\/2025-04-20-Osterstrauss-02.jpeg\" data-orig-size=\"1000,667\" data-comments-opened=\"1\" data-image-meta=\"{&quot;aperture&quot;:&quot;4&quot;,&quot;credit&quot;:&quot;&quot;,&quot;camera&quot;:&quot;DSC-RX10M3&quot;,&quot;caption&quot;:&quot;&quot;,&quot;created_timestamp&quot;:&quot;1745072972&quot;,&quot;copyright&quot;:&quot;&quot;,&quot;focal_length&quot;:&quot;38.04&quot;,&quot;iso&quot;:&quot;250&quot;,&quot;shutter_speed&quot;:&quot;0.008&quot;,&quot;title&quot;:&quot;&quot;,&quot;orientation&quot;:&quot;1&quot;}\" data-image-title=\"2025-04-20, Osterstrau\u00df, 02\" data-image-description=\"\" data-image-caption=\"\" data-large-file=\"https:\/\/paulinenaue.info\/wp-content\/uploads\/2025\/04\/2025-04-20-Osterstrauss-02.jpeg\" class=\"lazyload wp-image-417790 size-fusion-600\" src=\"https:\/\/paulinenaue.info\/wp-content\/uploads\/2025\/04\/2025-04-20-Osterstrauss-02-600x400.jpeg\" data-orig-src=\"https:\/\/paulinenaue.info\/wp-content\/uploads\/2025\/04\/2025-04-20-Osterstrauss-02-600x400.jpeg\" alt=\"\" width=\"600\" height=\"400\" srcset=\"data:image\/svg+xml,%3Csvg%20xmlns%3D%27http%3A%2F%2Fwww.w3.org%2F2000%2Fsvg%27%20width%3D%27600%27%20height%3D%27400%27%20viewBox%3D%270%200%20600%20400%27%3E%3Crect%20width%3D%27600%27%20height%3D%27400%27%20fill-opacity%3D%220%22%2F%3E%3C%2Fsvg%3E\" data-srcset=\"https:\/\/paulinenaue.info\/wp-content\/uploads\/2025\/04\/2025-04-20-Osterstrauss-02-200x133.jpeg 200w, https:\/\/paulinenaue.info\/wp-content\/uploads\/2025\/04\/2025-04-20-Osterstrauss-02-300x200.jpeg 300w, https:\/\/paulinenaue.info\/wp-content\/uploads\/2025\/04\/2025-04-20-Osterstrauss-02-400x267.jpeg 400w, https:\/\/paulinenaue.info\/wp-content\/uploads\/2025\/04\/2025-04-20-Osterstrauss-02-600x400.jpeg 600w, https:\/\/paulinenaue.info\/wp-content\/uploads\/2025\/04\/2025-04-20-Osterstrauss-02-768x512.jpeg 768w, https:\/\/paulinenaue.info\/wp-content\/uploads\/2025\/04\/2025-04-20-Osterstrauss-02-800x534.jpeg 800w, https:\/\/paulinenaue.info\/wp-content\/uploads\/2025\/04\/2025-04-20-Osterstrauss-02.jpeg 1000w\" data-sizes=\"auto\" data-orig-sizes=\"(max-width: 600px) 100vw, 600px\" \/><\/a><p id=\"caption-attachment-417790\" class=\"wp-caption-text\"><em>Auch im Regen verbreiten die Ostereier von Heike Kaffke aus Paulinenaue gute Laune. Foto: J. Scholz, 2025.<\/em><\/p><\/div>\n","protected":false},"excerpt":{"rendered":"<p>Den Osterstrau\u00df des Jahres, der in jedem Jahr f\u00fcr unsere [&hellip;]<\/p>\n","protected":false},"author":1,"featured_media":417792,"comment_status":"open","ping_status":"open","sticky":false,"template":"","format":"standard","meta":{"_acf_changed":false,"_price":"","_stock":"","_tribe_ticket_header":"","_tribe_default_ticket_provider":"","_tribe_ticket_capacity":"0","_ticket_start_date":"","_ticket_end_date":"","_tribe_ticket_show_description":"","_tribe_ticket_show_not_going":false,"_tribe_ticket_use_global_stock":"","_tribe_ticket_global_stock_level":"","_global_stock_mode":"","_global_stock_cap":"","_tribe_rsvp_for_event":"","_tribe_ticket_going_count":"","_tribe_ticket_not_going_count":"","_tribe_tickets_list":"[]","_tribe_ticket_has_attendee_info_fields":false,"jetpack_post_was_ever_published":false,"_jetpack_newsletter_access":"","_jetpack_dont_email_post_to_subs":false,"_jetpack_newsletter_tier_id":0,"_jetpack_memberships_contains_paywalled_content":false,"_jetpack_memberships_contains_paid_content":false,"footnotes":"","jetpack_publicize_message":"","jetpack_publicize_feature_enabled":true,"jetpack_social_post_already_shared":true,"jetpack_social_options":{"image_generator_settings":{"template":"highway","default_image_id":0,"font":"","enabled":false},"version":2}},"categories":[6,47],"tags":[15,288,385],"class_list":["post-417788","post","type-post","status-publish","format-standard","has-post-thumbnail","hentry","category-hier-zuhause","category-kulturverein","tag-ostern","tag-osterstrauss","tag-osterstrauss-des-jahres"],"acf":[],"yoast_head":"<!-- This site is optimized with the Yoast SEO plugin v27.5 - https:\/\/yoast.com\/product\/yoast-seo-wordpress\/ -->\n<title>Der Osterstrau\u00df des Jahres 2025 - Paulinenaue<\/title>\n<meta name=\"robots\" content=\"index, follow, max-snippet:-1, max-image-preview:large, max-video-preview:-1\" \/>\n<link rel=\"canonical\" href=\"https:\/\/paulinenaue.info\/index.php\/der-osterstrauss-des-jahres-2025\/\" \/>\n<meta property=\"og:locale\" content=\"de_DE\" \/>\n<meta property=\"og:type\" content=\"article\" \/>\n<meta property=\"og:title\" content=\"Der Osterstrau\u00df des Jahres 2025 - Paulinenaue\" \/>\n<meta property=\"og:description\" content=\"Den Osterstrau\u00df des Jahres, der in jedem Jahr f\u00fcr unsere [&hellip;]\" \/>\n<meta property=\"og:url\" content=\"https:\/\/paulinenaue.info\/index.php\/der-osterstrauss-des-jahres-2025\/\" \/>\n<meta property=\"og:site_name\" content=\"Paulinenaue\" \/>\n<meta property=\"article:published_time\" content=\"2025-04-19T23:10:24+00:00\" \/>\n<meta property=\"article:modified_time\" content=\"2025-04-19T23:43:57+00:00\" \/>\n<meta property=\"og:image\" content=\"https:\/\/paulinenaue.info\/wp-content\/uploads\/2025\/04\/2025-04-20-Osterstrauss-04.jpeg\" \/>\n\t<meta property=\"og:image:width\" content=\"1000\" \/>\n\t<meta property=\"og:image:height\" content=\"667\" \/>\n\t<meta property=\"og:image:type\" content=\"image\/jpeg\" \/>\n<meta name=\"author\" content=\"Joachim Scholz\" \/>\n<meta name=\"twitter:card\" content=\"summary_large_image\" \/>\n<meta name=\"twitter:label1\" content=\"Verfasst von\" \/>\n\t<meta name=\"twitter:data1\" content=\"Joachim Scholz\" \/>\n\t<meta name=\"twitter:label2\" content=\"Gesch\u00e4tzte Lesezeit\" \/>\n\t<meta name=\"twitter:data2\" content=\"3\u00a0Minuten\" \/>\n<script type=\"application\/ld+json\" class=\"yoast-schema-graph\">{\"@context\":\"https:\\\/\\\/schema.org\",\"@graph\":[{\"@type\":\"Article\",\"@id\":\"https:\\\/\\\/paulinenaue.info\\\/index.php\\\/der-osterstrauss-des-jahres-2025\\\/#article\",\"isPartOf\":{\"@id\":\"https:\\\/\\\/paulinenaue.info\\\/index.php\\\/der-osterstrauss-des-jahres-2025\\\/\"},\"author\":{\"name\":\"Joachim Scholz\",\"@id\":\"https:\\\/\\\/paulinenaue.info\\\/#\\\/schema\\\/person\\\/3f9e818fd7b69b0d2bd937ac506897cc\"},\"headline\":\"Der Osterstrau\u00df des Jahres 2025\",\"datePublished\":\"2025-04-19T23:10:24+00:00\",\"dateModified\":\"2025-04-19T23:43:57+00:00\",\"mainEntityOfPage\":{\"@id\":\"https:\\\/\\\/paulinenaue.info\\\/index.php\\\/der-osterstrauss-des-jahres-2025\\\/\"},\"wordCount\":285,\"commentCount\":0,\"image\":{\"@id\":\"https:\\\/\\\/paulinenaue.info\\\/index.php\\\/der-osterstrauss-des-jahres-2025\\\/#primaryimage\"},\"thumbnailUrl\":\"https:\\\/\\\/paulinenaue.info\\\/wp-content\\\/uploads\\\/2025\\\/04\\\/2025-04-20-Osterstrauss-04.jpeg\",\"keywords\":[\"Ostern\",\"Osterstrau\u00df\",\"Osterstrau\u00df des Jahres\"],\"articleSection\":[\"Hier Zuhause\",\"Kulturverein\"],\"inLanguage\":\"de\",\"potentialAction\":[{\"@type\":\"CommentAction\",\"name\":\"Comment\",\"target\":[\"https:\\\/\\\/paulinenaue.info\\\/index.php\\\/der-osterstrauss-des-jahres-2025\\\/#respond\"]}]},{\"@type\":\"WebPage\",\"@id\":\"https:\\\/\\\/paulinenaue.info\\\/index.php\\\/der-osterstrauss-des-jahres-2025\\\/\",\"url\":\"https:\\\/\\\/paulinenaue.info\\\/index.php\\\/der-osterstrauss-des-jahres-2025\\\/\",\"name\":\"Der Osterstrau\u00df des Jahres 2025 - Paulinenaue\",\"isPartOf\":{\"@id\":\"https:\\\/\\\/paulinenaue.info\\\/#website\"},\"primaryImageOfPage\":{\"@id\":\"https:\\\/\\\/paulinenaue.info\\\/index.php\\\/der-osterstrauss-des-jahres-2025\\\/#primaryimage\"},\"image\":{\"@id\":\"https:\\\/\\\/paulinenaue.info\\\/index.php\\\/der-osterstrauss-des-jahres-2025\\\/#primaryimage\"},\"thumbnailUrl\":\"https:\\\/\\\/paulinenaue.info\\\/wp-content\\\/uploads\\\/2025\\\/04\\\/2025-04-20-Osterstrauss-04.jpeg\",\"datePublished\":\"2025-04-19T23:10:24+00:00\",\"dateModified\":\"2025-04-19T23:43:57+00:00\",\"author\":{\"@id\":\"https:\\\/\\\/paulinenaue.info\\\/#\\\/schema\\\/person\\\/3f9e818fd7b69b0d2bd937ac506897cc\"},\"breadcrumb\":{\"@id\":\"https:\\\/\\\/paulinenaue.info\\\/index.php\\\/der-osterstrauss-des-jahres-2025\\\/#breadcrumb\"},\"inLanguage\":\"de\",\"potentialAction\":[{\"@type\":\"ReadAction\",\"target\":[\"https:\\\/\\\/paulinenaue.info\\\/index.php\\\/der-osterstrauss-des-jahres-2025\\\/\"]}]},{\"@type\":\"ImageObject\",\"inLanguage\":\"de\",\"@id\":\"https:\\\/\\\/paulinenaue.info\\\/index.php\\\/der-osterstrauss-des-jahres-2025\\\/#primaryimage\",\"url\":\"https:\\\/\\\/paulinenaue.info\\\/wp-content\\\/uploads\\\/2025\\\/04\\\/2025-04-20-Osterstrauss-04.jpeg\",\"contentUrl\":\"https:\\\/\\\/paulinenaue.info\\\/wp-content\\\/uploads\\\/2025\\\/04\\\/2025-04-20-Osterstrauss-04.jpeg\",\"width\":1000,\"height\":667},{\"@type\":\"BreadcrumbList\",\"@id\":\"https:\\\/\\\/paulinenaue.info\\\/index.php\\\/der-osterstrauss-des-jahres-2025\\\/#breadcrumb\",\"itemListElement\":[{\"@type\":\"ListItem\",\"position\":1,\"name\":\"Home\",\"item\":\"https:\\\/\\\/paulinenaue.info\\\/\"},{\"@type\":\"ListItem\",\"position\":2,\"name\":\"Der Osterstrau\u00df des Jahres 2025\"}]},{\"@type\":\"WebSite\",\"@id\":\"https:\\\/\\\/paulinenaue.info\\\/#website\",\"url\":\"https:\\\/\\\/paulinenaue.info\\\/\",\"name\":\"Paulinenaue\",\"description\":\"Ein Dorf im Havelland\",\"potentialAction\":[{\"@type\":\"SearchAction\",\"target\":{\"@type\":\"EntryPoint\",\"urlTemplate\":\"https:\\\/\\\/paulinenaue.info\\\/?s={search_term_string}\"},\"query-input\":{\"@type\":\"PropertyValueSpecification\",\"valueRequired\":true,\"valueName\":\"search_term_string\"}}],\"inLanguage\":\"de\"},{\"@type\":\"Person\",\"@id\":\"https:\\\/\\\/paulinenaue.info\\\/#\\\/schema\\\/person\\\/3f9e818fd7b69b0d2bd937ac506897cc\",\"name\":\"Joachim Scholz\",\"url\":\"https:\\\/\\\/paulinenaue.info\\\/index.php\\\/author\\\/jjscholz\\\/\"}]}<\/script>\n<!-- \/ Yoast SEO plugin. -->","yoast_head_json":{"title":"Der Osterstrau\u00df des Jahres 2025 - Paulinenaue","robots":{"index":"index","follow":"follow","max-snippet":"max-snippet:-1","max-image-preview":"max-image-preview:large","max-video-preview":"max-video-preview:-1"},"canonical":"https:\/\/paulinenaue.info\/index.php\/der-osterstrauss-des-jahres-2025\/","og_locale":"de_DE","og_type":"article","og_title":"Der Osterstrau\u00df des Jahres 2025 - Paulinenaue","og_description":"Den Osterstrau\u00df des Jahres, der in jedem Jahr f\u00fcr unsere [&hellip;]","og_url":"https:\/\/paulinenaue.info\/index.php\/der-osterstrauss-des-jahres-2025\/","og_site_name":"Paulinenaue","article_published_time":"2025-04-19T23:10:24+00:00","article_modified_time":"2025-04-19T23:43:57+00:00","og_image":[{"width":1000,"height":667,"url":"https:\/\/paulinenaue.info\/wp-content\/uploads\/2025\/04\/2025-04-20-Osterstrauss-04.jpeg","type":"image\/jpeg"}],"author":"Joachim Scholz","twitter_card":"summary_large_image","twitter_misc":{"Verfasst von":"Joachim Scholz","Gesch\u00e4tzte Lesezeit":"3\u00a0Minuten"},"schema":{"@context":"https:\/\/schema.org","@graph":[{"@type":"Article","@id":"https:\/\/paulinenaue.info\/index.php\/der-osterstrauss-des-jahres-2025\/#article","isPartOf":{"@id":"https:\/\/paulinenaue.info\/index.php\/der-osterstrauss-des-jahres-2025\/"},"author":{"name":"Joachim Scholz","@id":"https:\/\/paulinenaue.info\/#\/schema\/person\/3f9e818fd7b69b0d2bd937ac506897cc"},"headline":"Der Osterstrau\u00df des Jahres 2025","datePublished":"2025-04-19T23:10:24+00:00","dateModified":"2025-04-19T23:43:57+00:00","mainEntityOfPage":{"@id":"https:\/\/paulinenaue.info\/index.php\/der-osterstrauss-des-jahres-2025\/"},"wordCount":285,"commentCount":0,"image":{"@id":"https:\/\/paulinenaue.info\/index.php\/der-osterstrauss-des-jahres-2025\/#primaryimage"},"thumbnailUrl":"https:\/\/paulinenaue.info\/wp-content\/uploads\/2025\/04\/2025-04-20-Osterstrauss-04.jpeg","keywords":["Ostern","Osterstrau\u00df","Osterstrau\u00df des Jahres"],"articleSection":["Hier Zuhause","Kulturverein"],"inLanguage":"de","potentialAction":[{"@type":"CommentAction","name":"Comment","target":["https:\/\/paulinenaue.info\/index.php\/der-osterstrauss-des-jahres-2025\/#respond"]}]},{"@type":"WebPage","@id":"https:\/\/paulinenaue.info\/index.php\/der-osterstrauss-des-jahres-2025\/","url":"https:\/\/paulinenaue.info\/index.php\/der-osterstrauss-des-jahres-2025\/","name":"Der Osterstrau\u00df des Jahres 2025 - Paulinenaue","isPartOf":{"@id":"https:\/\/paulinenaue.info\/#website"},"primaryImageOfPage":{"@id":"https:\/\/paulinenaue.info\/index.php\/der-osterstrauss-des-jahres-2025\/#primaryimage"},"image":{"@id":"https:\/\/paulinenaue.info\/index.php\/der-osterstrauss-des-jahres-2025\/#primaryimage"},"thumbnailUrl":"https:\/\/paulinenaue.info\/wp-content\/uploads\/2025\/04\/2025-04-20-Osterstrauss-04.jpeg","datePublished":"2025-04-19T23:10:24+00:00","dateModified":"2025-04-19T23:43:57+00:00","author":{"@id":"https:\/\/paulinenaue.info\/#\/schema\/person\/3f9e818fd7b69b0d2bd937ac506897cc"},"breadcrumb":{"@id":"https:\/\/paulinenaue.info\/index.php\/der-osterstrauss-des-jahres-2025\/#breadcrumb"},"inLanguage":"de","potentialAction":[{"@type":"ReadAction","target":["https:\/\/paulinenaue.info\/index.php\/der-osterstrauss-des-jahres-2025\/"]}]},{"@type":"ImageObject","inLanguage":"de","@id":"https:\/\/paulinenaue.info\/index.php\/der-osterstrauss-des-jahres-2025\/#primaryimage","url":"https:\/\/paulinenaue.info\/wp-content\/uploads\/2025\/04\/2025-04-20-Osterstrauss-04.jpeg","contentUrl":"https:\/\/paulinenaue.info\/wp-content\/uploads\/2025\/04\/2025-04-20-Osterstrauss-04.jpeg","width":1000,"height":667},{"@type":"BreadcrumbList","@id":"https:\/\/paulinenaue.info\/index.php\/der-osterstrauss-des-jahres-2025\/#breadcrumb","itemListElement":[{"@type":"ListItem","position":1,"name":"Home","item":"https:\/\/paulinenaue.info\/"},{"@type":"ListItem","position":2,"name":"Der Osterstrau\u00df des Jahres 2025"}]},{"@type":"WebSite","@id":"https:\/\/paulinenaue.info\/#website","url":"https:\/\/paulinenaue.info\/","name":"Paulinenaue","description":"Ein Dorf im Havelland","potentialAction":[{"@type":"SearchAction","target":{"@type":"EntryPoint","urlTemplate":"https:\/\/paulinenaue.info\/?s={search_term_string}"},"query-input":{"@type":"PropertyValueSpecification","valueRequired":true,"valueName":"search_term_string"}}],"inLanguage":"de"},{"@type":"Person","@id":"https:\/\/paulinenaue.info\/#\/schema\/person\/3f9e818fd7b69b0d2bd937ac506897cc","name":"Joachim Scholz","url":"https:\/\/paulinenaue.info\/index.php\/author\/jjscholz\/"}]}},"jetpack_publicize_connections":[],"jetpack_featured_media_url":"https:\/\/paulinenaue.info\/wp-content\/uploads\/2025\/04\/2025-04-20-Osterstrauss-04.jpeg","jetpack_sharing_enabled":true,"jetpack_shortlink":"https:\/\/wp.me\/pcYhWA-1KGw","jetpack-related-posts":[{"id":823,"url":"https:\/\/paulinenaue.info\/index.php\/der-osterstrauss-des-jahres-2017\/","url_meta":{"origin":417788,"position":0},"title":"Der Osterstrau\u00df des Jahres 2017","author":"Joachim Scholz","date":"15. April 2017","format":false,"excerpt":"Es wird wohl regnen an den Osterfeiertagen in diesem Jahr. Es regnet ja jetzt schon, am Samstag. Da liegt es nah, f\u00fcr den Paulinenauer Osterstrau\u00df des Jahres 2017 eine Indoor-Variante zu k\u00fcren. Die Wahl fiel auf ein frei h\u00e4ngendes Objekt, das Leichtigkeit verk\u00f6rpert. Es sieht aus, als w\u00fcrde der Strau\u00df\u2026","rel":"","context":"In &quot;Allgemein&quot;","block_context":{"text":"Allgemein","link":"https:\/\/paulinenaue.info\/index.php\/category\/allgemein\/"},"img":{"alt_text":"","src":"https:\/\/i0.wp.com\/paulinenaue.info\/wp-content\/uploads\/2017\/04\/osterstrauss_vierjahn.jpg?resize=350%2C200&ssl=1","width":350,"height":200,"srcset":"https:\/\/i0.wp.com\/paulinenaue.info\/wp-content\/uploads\/2017\/04\/osterstrauss_vierjahn.jpg?resize=350%2C200&ssl=1 1x, https:\/\/i0.wp.com\/paulinenaue.info\/wp-content\/uploads\/2017\/04\/osterstrauss_vierjahn.jpg?resize=525%2C300&ssl=1 1.5x, https:\/\/i0.wp.com\/paulinenaue.info\/wp-content\/uploads\/2017\/04\/osterstrauss_vierjahn.jpg?resize=700%2C400&ssl=1 2x"},"classes":[]},{"id":419258,"url":"https:\/\/paulinenaue.info\/index.php\/der-osterstrauss-des-jahres-2026\/","url_meta":{"origin":417788,"position":1},"title":"Der Osterstrau\u00df des Jahres 2026","author":"Joachim Scholz","date":"4. April 2026","format":false,"excerpt":"Erkundungen in Paulinenaue und Selbelang \u201eThere is nothing you can do that can't be done,\u201c sangen 1967 die Beatles in ihrem Klassiker \u201eAll You Need is Love\u201c. Es gibt nichts Originelles, alles ist so oder \u00e4hnlich schon mal da gewesen. Wenn man allerdings \u201eOsterstrau\u00df des Jahres \u201c in die KI\u2026","rel":"","context":"In &quot;Allgemein&quot;","block_context":{"text":"Allgemein","link":"https:\/\/paulinenaue.info\/index.php\/category\/allgemein\/"},"img":{"alt_text":"","src":"https:\/\/i0.wp.com\/paulinenaue.info\/wp-content\/uploads\/2026\/04\/2026-04-04-Osterstrauss-01.jpeg?resize=350%2C200&ssl=1","width":350,"height":200,"srcset":"https:\/\/i0.wp.com\/paulinenaue.info\/wp-content\/uploads\/2026\/04\/2026-04-04-Osterstrauss-01.jpeg?resize=350%2C200&ssl=1 1x, https:\/\/i0.wp.com\/paulinenaue.info\/wp-content\/uploads\/2026\/04\/2026-04-04-Osterstrauss-01.jpeg?resize=525%2C300&ssl=1 1.5x, https:\/\/i0.wp.com\/paulinenaue.info\/wp-content\/uploads\/2026\/04\/2026-04-04-Osterstrauss-01.jpeg?resize=700%2C400&ssl=1 2x"},"classes":[]},{"id":5727,"url":"https:\/\/paulinenaue.info\/index.php\/osterstrauss-des-jahres-2021\/","url_meta":{"origin":417788,"position":2},"title":"Osterstrau\u00df des Jahres 2021","author":"Sarah","date":"1. April 2021","format":false,"excerpt":"Auch in diesem Jahr werden Traditionen gewahrt und der Osterstrau\u00df des Jahres gek\u00fcrt. Bei Sonnenschein machten sich zwei Kulturvereinsmitglieder auf eine Erkundungstour durch Paulinenaue, um den am sch\u00f6nsten geschm\u00fcckten Strau\u00df zu finden. Neben mehreren \u00f6sterlich dekorierten Str\u00e4uchern in den Vorg\u00e4rten, wie in der Gartenstra\u00dfe, fiel ein Exemplar ganz besonders ins\u2026","rel":"","context":"In &quot;Allgemein&quot;","block_context":{"text":"Allgemein","link":"https:\/\/paulinenaue.info\/index.php\/category\/allgemein\/"},"img":{"alt_text":"","src":"https:\/\/i0.wp.com\/paulinenaue.info\/wp-content\/uploads\/2021\/04\/osterstrauss-blog-paue-titel.jpeg?resize=350%2C200&ssl=1","width":350,"height":200,"srcset":"https:\/\/i0.wp.com\/paulinenaue.info\/wp-content\/uploads\/2021\/04\/osterstrauss-blog-paue-titel.jpeg?resize=350%2C200&ssl=1 1x, https:\/\/i0.wp.com\/paulinenaue.info\/wp-content\/uploads\/2021\/04\/osterstrauss-blog-paue-titel.jpeg?resize=525%2C300&ssl=1 1.5x, https:\/\/i0.wp.com\/paulinenaue.info\/wp-content\/uploads\/2021\/04\/osterstrauss-blog-paue-titel.jpeg?resize=700%2C400&ssl=1 2x, https:\/\/i0.wp.com\/paulinenaue.info\/wp-content\/uploads\/2021\/04\/osterstrauss-blog-paue-titel.jpeg?resize=1050%2C600&ssl=1 3x"},"classes":[]},{"id":4674,"url":"https:\/\/paulinenaue.info\/index.php\/der-osterstrauss-des-jahres-2014\/","url_meta":{"origin":417788,"position":3},"title":"Der Osterstrau\u00df des Jahres 2014","author":"Joachim Scholz","date":"21. April 2014","format":false,"excerpt":"Viele Osterstr\u00e4u\u00dfe sind auch in diesem Jahr wieder in Paulinenauer G\u00e4rten zu bestaunen, so dass die Jury f\u00fcr den \u201ePaulinenauer Osterstrau\u00df des Jahres\u201c beim Durchfahren des Ortes am Ostermontag kein leichtes Spiel hatte. In der Waldstra\u00dfe aber zieht ein Strau\u00df die Blicke besonders auf sich. Hier steht im Garten von\u2026","rel":"","context":"In &quot;Allgemein&quot;","block_context":{"text":"Allgemein","link":"https:\/\/paulinenaue.info\/index.php\/category\/allgemein\/"},"img":{"alt_text":"","src":"https:\/\/i0.wp.com\/paulinenaue.info\/wp-content\/uploads\/2019\/04\/20140421_osterstrauss_christine_lass.jpg?resize=350%2C200&ssl=1","width":350,"height":200,"srcset":"https:\/\/i0.wp.com\/paulinenaue.info\/wp-content\/uploads\/2019\/04\/20140421_osterstrauss_christine_lass.jpg?resize=350%2C200&ssl=1 1x, https:\/\/i0.wp.com\/paulinenaue.info\/wp-content\/uploads\/2019\/04\/20140421_osterstrauss_christine_lass.jpg?resize=525%2C300&ssl=1 1.5x, https:\/\/i0.wp.com\/paulinenaue.info\/wp-content\/uploads\/2019\/04\/20140421_osterstrauss_christine_lass.jpg?resize=700%2C400&ssl=1 2x"},"classes":[]},{"id":416108,"url":"https:\/\/paulinenaue.info\/index.php\/der-osterstrauss-des-jahres-2024\/","url_meta":{"origin":417788,"position":4},"title":"Der Osterstrau\u00df des Jahres 2024","author":"Joachim Scholz","date":"24. M\u00e4rz 2024","format":false,"excerpt":"Traditionen entstehen oft, ohne dass man es bemerkt. Am Anfang sind sie einzelnes Ereignis. Erst wenn ihre Wiederholung Sinn ergibt, werden sie zur Tradition. So ist es beim Paulinenauer \u201eOsterstrau\u00df des Jahres\u201c, den der Kulturverein seit 15 Jahren k\u00fcrt. Er macht auf eine Erscheinung aufmerksam, mit der viele Haushalte so\u2026","rel":"","context":"In &quot;Allgemein&quot;","block_context":{"text":"Allgemein","link":"https:\/\/paulinenaue.info\/index.php\/category\/allgemein\/"},"img":{"alt_text":"","src":"https:\/\/i0.wp.com\/paulinenaue.info\/wp-content\/uploads\/2024\/03\/2024-03-20-Osterstrauss-Henning-02.jpeg?resize=350%2C200&ssl=1","width":350,"height":200,"srcset":"https:\/\/i0.wp.com\/paulinenaue.info\/wp-content\/uploads\/2024\/03\/2024-03-20-Osterstrauss-Henning-02.jpeg?resize=350%2C200&ssl=1 1x, https:\/\/i0.wp.com\/paulinenaue.info\/wp-content\/uploads\/2024\/03\/2024-03-20-Osterstrauss-Henning-02.jpeg?resize=525%2C300&ssl=1 1.5x, https:\/\/i0.wp.com\/paulinenaue.info\/wp-content\/uploads\/2024\/03\/2024-03-20-Osterstrauss-Henning-02.jpeg?resize=700%2C400&ssl=1 2x"},"classes":[]},{"id":4641,"url":"https:\/\/paulinenaue.info\/index.php\/der-osterstrauss-des-jahres-2019\/","url_meta":{"origin":417788,"position":5},"title":"Der Osterstrau\u00df des Jahres 2019","author":"Joachim Scholz","date":"11. April 2019","format":false,"excerpt":"Es ist wieder Osterzeit, Zeit der Br\u00e4uche und Traditionen. Da ist das Eiertrudeln, da ist der Osterstrau\u00df des Jahres auf unserer Website. Auf der Suche nach ihm leuchteten wundersch\u00f6ne Exemplare an schon bl\u00fchenden B\u00fcschen zum Beispiel \u00a0im Lutterweg oder in der Waldstra\u00dfe \u2013 herrlich. Hier hatte die Natur mitgeschm\u00fcckt. Aber\u2026","rel":"","context":"In &quot;Allgemein&quot;","block_context":{"text":"Allgemein","link":"https:\/\/paulinenaue.info\/index.php\/category\/allgemein\/"},"img":{"alt_text":"","src":"https:\/\/i0.wp.com\/paulinenaue.info\/wp-content\/uploads\/2019\/04\/DSC00046.jpg?resize=350%2C200&ssl=1","width":350,"height":200,"srcset":"https:\/\/i0.wp.com\/paulinenaue.info\/wp-content\/uploads\/2019\/04\/DSC00046.jpg?resize=350%2C200&ssl=1 1x, https:\/\/i0.wp.com\/paulinenaue.info\/wp-content\/uploads\/2019\/04\/DSC00046.jpg?resize=525%2C300&ssl=1 1.5x, https:\/\/i0.wp.com\/paulinenaue.info\/wp-content\/uploads\/2019\/04\/DSC00046.jpg?resize=700%2C400&ssl=1 2x"},"classes":[]}],"_links":{"self":[{"href":"https:\/\/paulinenaue.info\/index.php\/wp-json\/wp\/v2\/posts\/417788","targetHints":{"allow":["GET"]}}],"collection":[{"href":"https:\/\/paulinenaue.info\/index.php\/wp-json\/wp\/v2\/posts"}],"about":[{"href":"https:\/\/paulinenaue.info\/index.php\/wp-json\/wp\/v2\/types\/post"}],"author":[{"embeddable":true,"href":"https:\/\/paulinenaue.info\/index.php\/wp-json\/wp\/v2\/users\/1"}],"replies":[{"embeddable":true,"href":"https:\/\/paulinenaue.info\/index.php\/wp-json\/wp\/v2\/comments?post=417788"}],"version-history":[{"count":9,"href":"https:\/\/paulinenaue.info\/index.php\/wp-json\/wp\/v2\/posts\/417788\/revisions"}],"predecessor-version":[{"id":417803,"href":"https:\/\/paulinenaue.info\/index.php\/wp-json\/wp\/v2\/posts\/417788\/revisions\/417803"}],"wp:featuredmedia":[{"embeddable":true,"href":"https:\/\/paulinenaue.info\/index.php\/wp-json\/wp\/v2\/media\/417792"}],"wp:attachment":[{"href":"https:\/\/paulinenaue.info\/index.php\/wp-json\/wp\/v2\/media?parent=417788"}],"wp:term":[{"taxonomy":"category","embeddable":true,"href":"https:\/\/paulinenaue.info\/index.php\/wp-json\/wp\/v2\/categories?post=417788"},{"taxonomy":"post_tag","embeddable":true,"href":"https:\/\/paulinenaue.info\/index.php\/wp-json\/wp\/v2\/tags?post=417788"}],"curies":[{"name":"wp","href":"https:\/\/api.w.org\/{rel}","templated":true}]}}