{"id":417840,"date":"2025-04-21T11:17:32","date_gmt":"2025-04-21T09:17:32","guid":{"rendered":"https:\/\/paulinenaue.info\/?p=417840"},"modified":"2025-04-21T11:56:24","modified_gmt":"2025-04-21T09:56:24","slug":"417840","status":"publish","type":"post","link":"https:\/\/paulinenaue.info\/index.php\/417840\/","title":{"rendered":"Eiertrudeln im Paulinenauer Wald \u2013 Ein gelungener Ostersonntag mit den Pauerfrauen"},"content":{"rendered":"<h2><strong>Eiertrudeln im Paulinenauer Wald \u2013 Ein gelungener Ostersonntag mit den Pauerfrauen<\/strong><\/h2>\n<p data-start=\"92\" data-end=\"326\">Am Ostersonntag luden die Pauerfrauen zum traditionellen Eiertrudeln in den nahegelegenen Wald ein \u2013 und viele kleine und gro\u00dfe G\u00e4ste folgten der Einladung bei herrlichem Fr\u00fchlingswetter. Insgesamt konnten wir ca. 170 gro\u00dfe und kleine G\u00e4ste sowie 4 Hunde und ein Kremser-Gespann begr\u00fc\u00dfen.<\/p>\n<p data-start=\"328\" data-end=\"633\">Mit bunten Eiern, fr\u00f6hlicher Stimmung und viel Bewegungsfreude rollten die Kinder (und so mancher Erwachsene) ihre Ostereier den Hang hinunter \u2013 ganz nach alter Tradition. F\u00fcr ausreichend bunte Eier zum Trudeln war nat\u00fcrlich gesorgt, denn die Pauerfrauen hatten im Vorfeld flei\u00dfig gekocht und gef\u00e4rbt.<\/p>\n<p data-start=\"635\" data-end=\"968\">Wer nach dem Trudeln eine kleine St\u00e4rkung brauchte, wurde an unserem bunt geschm\u00fcckten Pavillon herzlich empfangen: Dort gab es eine liebevoll vorbereitete Auswahl an Kaffee, Kuchen und selbstgemachtem Eierlik\u00f6r, die von vielen herzlich angenommen und genossen wurde.<\/p>\n<p data-start=\"970\" data-end=\"1243\">Wir als Pauerfrauen freuen uns sehr \u00fcber die tolle Resonanz, die vielen fr\u00f6hlichen Gesichter und die sch\u00f6nen Begegnungen im Gr\u00fcnen. Ein gro\u00dfes Dankesch\u00f6n geht an alle Helferinnen und an die Familien, die mit dabei waren und diesen Nachmittag so besonders gemacht haben.<\/p>\n<p>Wir freuen uns schon auf das n\u00e4chste gemeinsame Erlebnis: <strong>den Floh- und Pflanzenmarkt am 10.Mai 2025.<\/strong><\/p>\n<p>Bis dahin sagen wir:<\/p>\n<h4><strong data-start=\"1325\" data-end=\"1367\" data-is-last-node=\"\">Fr\u00f6hliche Ostern und bis bald im Dorf!<\/strong><\/h4>\n<p>&nbsp;<\/p>\n<div id=\"attachment_417830\" style=\"width: 410px\" class=\"wp-caption alignnone\"><a href=\"https:\/\/paulinenaue.info\/wp-content\/uploads\/2025\/04\/IMG-20250421-WA0040.jpg\"><img decoding=\"async\" aria-describedby=\"caption-attachment-417830\" data-attachment-id=\"417830\" data-permalink=\"https:\/\/paulinenaue.info\/img-20250421-wa0040\/\" data-orig-file=\"https:\/\/paulinenaue.info\/wp-content\/uploads\/2025\/04\/IMG-20250421-WA0040.jpg\" data-orig-size=\"1213,1496\" data-comments-opened=\"1\" data-image-meta=\"{&quot;aperture&quot;:&quot;0&quot;,&quot;credit&quot;:&quot;&quot;,&quot;camera&quot;:&quot;&quot;,&quot;caption&quot;:&quot;&quot;,&quot;created_timestamp&quot;:&quot;0&quot;,&quot;copyright&quot;:&quot;&quot;,&quot;focal_length&quot;:&quot;0&quot;,&quot;iso&quot;:&quot;0&quot;,&quot;shutter_speed&quot;:&quot;0&quot;,&quot;title&quot;:&quot;&quot;,&quot;orientation&quot;:&quot;0&quot;}\" data-image-title=\"IMG-20250421-WA0040\" data-image-description=\"\" data-image-caption=\"&lt;p&gt;Das Team der Pauerfrauen&lt;\/p&gt;\n\" data-large-file=\"https:\/\/paulinenaue.info\/wp-content\/uploads\/2025\/04\/IMG-20250421-WA0040-830x1024.jpg\" class=\"lazyload size-fusion-400 wp-image-417830\" src=\"https:\/\/paulinenaue.info\/wp-content\/uploads\/2025\/04\/IMG-20250421-WA0040-400x493.jpg\" data-orig-src=\"https:\/\/paulinenaue.info\/wp-content\/uploads\/2025\/04\/IMG-20250421-WA0040-400x493.jpg\" alt=\"\" width=\"400\" height=\"493\" srcset=\"data:image\/svg+xml,%3Csvg%20xmlns%3D%27http%3A%2F%2Fwww.w3.org%2F2000%2Fsvg%27%20width%3D%27400%27%20height%3D%27493%27%20viewBox%3D%270%200%20400%20493%27%3E%3Crect%20width%3D%27400%27%20height%3D%27493%27%20fill-opacity%3D%220%22%2F%3E%3C%2Fsvg%3E\" data-srcset=\"https:\/\/paulinenaue.info\/wp-content\/uploads\/2025\/04\/IMG-20250421-WA0040-200x247.jpg 200w, https:\/\/paulinenaue.info\/wp-content\/uploads\/2025\/04\/IMG-20250421-WA0040-243x300.jpg 243w, https:\/\/paulinenaue.info\/wp-content\/uploads\/2025\/04\/IMG-20250421-WA0040-400x493.jpg 400w, https:\/\/paulinenaue.info\/wp-content\/uploads\/2025\/04\/IMG-20250421-WA0040-600x740.jpg 600w, https:\/\/paulinenaue.info\/wp-content\/uploads\/2025\/04\/IMG-20250421-WA0040-768x947.jpg 768w, https:\/\/paulinenaue.info\/wp-content\/uploads\/2025\/04\/IMG-20250421-WA0040-800x987.jpg 800w, https:\/\/paulinenaue.info\/wp-content\/uploads\/2025\/04\/IMG-20250421-WA0040-830x1024.jpg 830w, https:\/\/paulinenaue.info\/wp-content\/uploads\/2025\/04\/IMG-20250421-WA0040-1200x1480.jpg 1200w, https:\/\/paulinenaue.info\/wp-content\/uploads\/2025\/04\/IMG-20250421-WA0040.jpg 1213w\" data-sizes=\"auto\" data-orig-sizes=\"(max-width: 400px) 100vw, 400px\" \/><\/a><p id=\"caption-attachment-417830\" class=\"wp-caption-text\">Das Team der Pauerfrauen<\/p><\/div>\n<p>&nbsp;<\/p>\n<div id=\"attachment_417831\" style=\"width: 410px\" class=\"wp-caption alignnone\"><a href=\"https:\/\/paulinenaue.info\/wp-content\/uploads\/2025\/04\/IMG-20250421-WA0027.jpg\"><img decoding=\"async\" aria-describedby=\"caption-attachment-417831\" data-attachment-id=\"417831\" data-permalink=\"https:\/\/paulinenaue.info\/img-20250421-wa0027\/\" data-orig-file=\"https:\/\/paulinenaue.info\/wp-content\/uploads\/2025\/04\/IMG-20250421-WA0027.jpg\" data-orig-size=\"1204,1600\" data-comments-opened=\"1\" data-image-meta=\"{&quot;aperture&quot;:&quot;0&quot;,&quot;credit&quot;:&quot;&quot;,&quot;camera&quot;:&quot;&quot;,&quot;caption&quot;:&quot;&quot;,&quot;created_timestamp&quot;:&quot;0&quot;,&quot;copyright&quot;:&quot;&quot;,&quot;focal_length&quot;:&quot;0&quot;,&quot;iso&quot;:&quot;0&quot;,&quot;shutter_speed&quot;:&quot;0&quot;,&quot;title&quot;:&quot;&quot;,&quot;orientation&quot;:&quot;0&quot;}\" data-image-title=\"IMG-20250421-WA0027\" data-image-description=\"\" data-image-caption=\"&lt;p&gt;Auch dieses Gespann stattete uns einen Besuch ab.&lt;\/p&gt;\n\" data-large-file=\"https:\/\/paulinenaue.info\/wp-content\/uploads\/2025\/04\/IMG-20250421-WA0027-771x1024.jpg\" class=\"lazyload size-fusion-400 wp-image-417831\" src=\"https:\/\/paulinenaue.info\/wp-content\/uploads\/2025\/04\/IMG-20250421-WA0027-400x532.jpg\" data-orig-src=\"https:\/\/paulinenaue.info\/wp-content\/uploads\/2025\/04\/IMG-20250421-WA0027-400x532.jpg\" alt=\"\" width=\"400\" height=\"532\" srcset=\"data:image\/svg+xml,%3Csvg%20xmlns%3D%27http%3A%2F%2Fwww.w3.org%2F2000%2Fsvg%27%20width%3D%27400%27%20height%3D%27532%27%20viewBox%3D%270%200%20400%20532%27%3E%3Crect%20width%3D%27400%27%20height%3D%27532%27%20fill-opacity%3D%220%22%2F%3E%3C%2Fsvg%3E\" data-srcset=\"https:\/\/paulinenaue.info\/wp-content\/uploads\/2025\/04\/IMG-20250421-WA0027-200x266.jpg 200w, https:\/\/paulinenaue.info\/wp-content\/uploads\/2025\/04\/IMG-20250421-WA0027-226x300.jpg 226w, https:\/\/paulinenaue.info\/wp-content\/uploads\/2025\/04\/IMG-20250421-WA0027-400x532.jpg 400w, https:\/\/paulinenaue.info\/wp-content\/uploads\/2025\/04\/IMG-20250421-WA0027-600x797.jpg 600w, https:\/\/paulinenaue.info\/wp-content\/uploads\/2025\/04\/IMG-20250421-WA0027-768x1021.jpg 768w, https:\/\/paulinenaue.info\/wp-content\/uploads\/2025\/04\/IMG-20250421-WA0027-771x1024.jpg 771w, https:\/\/paulinenaue.info\/wp-content\/uploads\/2025\/04\/IMG-20250421-WA0027-800x1063.jpg 800w, https:\/\/paulinenaue.info\/wp-content\/uploads\/2025\/04\/IMG-20250421-WA0027-1156x1536.jpg 1156w, https:\/\/paulinenaue.info\/wp-content\/uploads\/2025\/04\/IMG-20250421-WA0027-1200x1595.jpg 1200w, https:\/\/paulinenaue.info\/wp-content\/uploads\/2025\/04\/IMG-20250421-WA0027.jpg 1204w\" data-sizes=\"auto\" data-orig-sizes=\"(max-width: 400px) 100vw, 400px\" \/><\/a><p id=\"caption-attachment-417831\" class=\"wp-caption-text\">Auch dieses Gespann stattete uns einen Besuch ab.<\/p><\/div>\n<p>&nbsp;<\/p>\n<div id=\"attachment_417833\" style=\"width: 410px\" class=\"wp-caption alignnone\"><a href=\"https:\/\/paulinenaue.info\/wp-content\/uploads\/2025\/04\/IMG-20250421-WA0016.jpg\"><img decoding=\"async\" aria-describedby=\"caption-attachment-417833\" data-attachment-id=\"417833\" data-permalink=\"https:\/\/paulinenaue.info\/img-20250421-wa0016\/\" data-orig-file=\"https:\/\/paulinenaue.info\/wp-content\/uploads\/2025\/04\/IMG-20250421-WA0016.jpg\" data-orig-size=\"1204,1600\" data-comments-opened=\"1\" data-image-meta=\"{&quot;aperture&quot;:&quot;0&quot;,&quot;credit&quot;:&quot;&quot;,&quot;camera&quot;:&quot;&quot;,&quot;caption&quot;:&quot;&quot;,&quot;created_timestamp&quot;:&quot;0&quot;,&quot;copyright&quot;:&quot;&quot;,&quot;focal_length&quot;:&quot;0&quot;,&quot;iso&quot;:&quot;0&quot;,&quot;shutter_speed&quot;:&quot;0&quot;,&quot;title&quot;:&quot;&quot;,&quot;orientation&quot;:&quot;0&quot;}\" data-image-title=\"IMG-20250421-WA0016\" data-image-description=\"\" data-image-caption=\"&lt;p&gt;Auf den Eierbergen herschte buntes Treiben.&lt;\/p&gt;\n\" data-large-file=\"https:\/\/paulinenaue.info\/wp-content\/uploads\/2025\/04\/IMG-20250421-WA0016-771x1024.jpg\" class=\"lazyload size-fusion-400 wp-image-417833\" src=\"https:\/\/paulinenaue.info\/wp-content\/uploads\/2025\/04\/IMG-20250421-WA0016-400x532.jpg\" data-orig-src=\"https:\/\/paulinenaue.info\/wp-content\/uploads\/2025\/04\/IMG-20250421-WA0016-400x532.jpg\" alt=\"\" width=\"400\" height=\"532\" srcset=\"data:image\/svg+xml,%3Csvg%20xmlns%3D%27http%3A%2F%2Fwww.w3.org%2F2000%2Fsvg%27%20width%3D%27400%27%20height%3D%27532%27%20viewBox%3D%270%200%20400%20532%27%3E%3Crect%20width%3D%27400%27%20height%3D%27532%27%20fill-opacity%3D%220%22%2F%3E%3C%2Fsvg%3E\" data-srcset=\"https:\/\/paulinenaue.info\/wp-content\/uploads\/2025\/04\/IMG-20250421-WA0016-200x266.jpg 200w, https:\/\/paulinenaue.info\/wp-content\/uploads\/2025\/04\/IMG-20250421-WA0016-226x300.jpg 226w, https:\/\/paulinenaue.info\/wp-content\/uploads\/2025\/04\/IMG-20250421-WA0016-400x532.jpg 400w, https:\/\/paulinenaue.info\/wp-content\/uploads\/2025\/04\/IMG-20250421-WA0016-600x797.jpg 600w, https:\/\/paulinenaue.info\/wp-content\/uploads\/2025\/04\/IMG-20250421-WA0016-768x1021.jpg 768w, https:\/\/paulinenaue.info\/wp-content\/uploads\/2025\/04\/IMG-20250421-WA0016-771x1024.jpg 771w, https:\/\/paulinenaue.info\/wp-content\/uploads\/2025\/04\/IMG-20250421-WA0016-800x1063.jpg 800w, https:\/\/paulinenaue.info\/wp-content\/uploads\/2025\/04\/IMG-20250421-WA0016-1156x1536.jpg 1156w, https:\/\/paulinenaue.info\/wp-content\/uploads\/2025\/04\/IMG-20250421-WA0016-1200x1595.jpg 1200w, https:\/\/paulinenaue.info\/wp-content\/uploads\/2025\/04\/IMG-20250421-WA0016.jpg 1204w\" data-sizes=\"auto\" data-orig-sizes=\"(max-width: 400px) 100vw, 400px\" \/><\/a><p id=\"caption-attachment-417833\" class=\"wp-caption-text\">Auf den Eierbergen herschte buntes Treiben.<\/p><\/div>\n<p>&nbsp;<\/p>\n<div id=\"attachment_417832\" style=\"width: 410px\" class=\"wp-caption alignnone\"><a href=\"https:\/\/paulinenaue.info\/wp-content\/uploads\/2025\/04\/IMG-20250421-WA0009.jpg\"><img decoding=\"async\" aria-describedby=\"caption-attachment-417832\" data-attachment-id=\"417832\" data-permalink=\"https:\/\/paulinenaue.info\/img-20250421-wa0009\/\" data-orig-file=\"https:\/\/paulinenaue.info\/wp-content\/uploads\/2025\/04\/IMG-20250421-WA0009.jpg\" data-orig-size=\"1204,1600\" data-comments-opened=\"1\" data-image-meta=\"{&quot;aperture&quot;:&quot;0&quot;,&quot;credit&quot;:&quot;&quot;,&quot;camera&quot;:&quot;&quot;,&quot;caption&quot;:&quot;&quot;,&quot;created_timestamp&quot;:&quot;0&quot;,&quot;copyright&quot;:&quot;&quot;,&quot;focal_length&quot;:&quot;0&quot;,&quot;iso&quot;:&quot;0&quot;,&quot;shutter_speed&quot;:&quot;0&quot;,&quot;title&quot;:&quot;&quot;,&quot;orientation&quot;:&quot;0&quot;}\" data-image-title=\"IMG-20250421-WA0009\" data-image-description=\"\" data-image-caption=\"&lt;p&gt;An unserem Pavillon kamen die Besucher zusammen und genossen die angebotenen Leckereien.&lt;\/p&gt;\n\" data-large-file=\"https:\/\/paulinenaue.info\/wp-content\/uploads\/2025\/04\/IMG-20250421-WA0009-771x1024.jpg\" class=\"lazyload size-fusion-400 wp-image-417832\" src=\"https:\/\/paulinenaue.info\/wp-content\/uploads\/2025\/04\/IMG-20250421-WA0009-400x532.jpg\" data-orig-src=\"https:\/\/paulinenaue.info\/wp-content\/uploads\/2025\/04\/IMG-20250421-WA0009-400x532.jpg\" alt=\"\" width=\"400\" height=\"532\" srcset=\"data:image\/svg+xml,%3Csvg%20xmlns%3D%27http%3A%2F%2Fwww.w3.org%2F2000%2Fsvg%27%20width%3D%27400%27%20height%3D%27532%27%20viewBox%3D%270%200%20400%20532%27%3E%3Crect%20width%3D%27400%27%20height%3D%27532%27%20fill-opacity%3D%220%22%2F%3E%3C%2Fsvg%3E\" data-srcset=\"https:\/\/paulinenaue.info\/wp-content\/uploads\/2025\/04\/IMG-20250421-WA0009-200x266.jpg 200w, https:\/\/paulinenaue.info\/wp-content\/uploads\/2025\/04\/IMG-20250421-WA0009-226x300.jpg 226w, https:\/\/paulinenaue.info\/wp-content\/uploads\/2025\/04\/IMG-20250421-WA0009-400x532.jpg 400w, https:\/\/paulinenaue.info\/wp-content\/uploads\/2025\/04\/IMG-20250421-WA0009-600x797.jpg 600w, https:\/\/paulinenaue.info\/wp-content\/uploads\/2025\/04\/IMG-20250421-WA0009-768x1021.jpg 768w, https:\/\/paulinenaue.info\/wp-content\/uploads\/2025\/04\/IMG-20250421-WA0009-771x1024.jpg 771w, https:\/\/paulinenaue.info\/wp-content\/uploads\/2025\/04\/IMG-20250421-WA0009-800x1063.jpg 800w, https:\/\/paulinenaue.info\/wp-content\/uploads\/2025\/04\/IMG-20250421-WA0009-1156x1536.jpg 1156w, https:\/\/paulinenaue.info\/wp-content\/uploads\/2025\/04\/IMG-20250421-WA0009-1200x1595.jpg 1200w, https:\/\/paulinenaue.info\/wp-content\/uploads\/2025\/04\/IMG-20250421-WA0009.jpg 1204w\" data-sizes=\"auto\" data-orig-sizes=\"(max-width: 400px) 100vw, 400px\" \/><\/a><p id=\"caption-attachment-417832\" class=\"wp-caption-text\">An unserem Pavillon kamen die Besucher zusammen und genossen die angebotenen Leckereien.<\/p><\/div>\n<p>&nbsp;<\/p>\n<p>&nbsp;<\/p>\n","protected":false},"excerpt":{"rendered":"<p>Eiertrudeln im Paulinenauer Wald \u2013 Ein gelungener Ostersonntag mit den [&hellip;]<\/p>\n","protected":false},"author":30,"featured_media":417829,"comment_status":"open","ping_status":"open","sticky":false,"template":"","format":"standard","meta":{"_acf_changed":false,"_price":"","_stock":"","_tribe_ticket_header":"","_tribe_default_ticket_provider":"","_tribe_ticket_capacity":"0","_ticket_start_date":"","_ticket_end_date":"","_tribe_ticket_show_description":"","_tribe_ticket_show_not_going":false,"_tribe_ticket_use_global_stock":"","_tribe_ticket_global_stock_level":"","_global_stock_mode":"","_global_stock_cap":"","_tribe_rsvp_for_event":"","_tribe_ticket_going_count":"","_tribe_ticket_not_going_count":"","_tribe_tickets_list":"[]","_tribe_ticket_has_attendee_info_fields":false,"jetpack_post_was_ever_published":false,"_jetpack_newsletter_access":"","_jetpack_dont_email_post_to_subs":false,"_jetpack_newsletter_tier_id":0,"_jetpack_memberships_contains_paywalled_content":false,"_jetpack_memberships_contains_paid_content":false,"footnotes":"","jetpack_publicize_message":"","jetpack_publicize_feature_enabled":true,"jetpack_social_post_already_shared":true,"jetpack_social_options":{"image_generator_settings":{"template":"highway","default_image_id":0,"font":"","enabled":false},"version":2}},"categories":[519,6,514,93,10],"tags":[],"class_list":["post-417840","post","type-post","status-publish","format-standard","has-post-thumbnail","hentry","category-ehrenamt","category-hier-zuhause","category-pauerfrauen","category-veranstaltungen","category-vereine"],"acf":[],"yoast_head":"<!-- This site is optimized with the Yoast SEO plugin v27.5 - https:\/\/yoast.com\/product\/yoast-seo-wordpress\/ -->\n<title>Eiertrudeln im Paulinenauer Wald \u2013 Ein gelungener Ostersonntag mit den Pauerfrauen - Paulinenaue<\/title>\n<meta name=\"robots\" content=\"index, follow, max-snippet:-1, max-image-preview:large, max-video-preview:-1\" \/>\n<link rel=\"canonical\" href=\"https:\/\/paulinenaue.info\/index.php\/417840\/\" \/>\n<meta property=\"og:locale\" content=\"de_DE\" \/>\n<meta property=\"og:type\" content=\"article\" \/>\n<meta property=\"og:title\" content=\"Eiertrudeln im Paulinenauer Wald \u2013 Ein gelungener Ostersonntag mit den Pauerfrauen - Paulinenaue\" \/>\n<meta property=\"og:description\" content=\"Eiertrudeln im Paulinenauer Wald \u2013 Ein gelungener Ostersonntag mit den [&hellip;]\" \/>\n<meta property=\"og:url\" content=\"https:\/\/paulinenaue.info\/index.php\/417840\/\" \/>\n<meta property=\"og:site_name\" content=\"Paulinenaue\" \/>\n<meta property=\"article:published_time\" content=\"2025-04-21T09:17:32+00:00\" \/>\n<meta property=\"article:modified_time\" content=\"2025-04-21T09:56:24+00:00\" \/>\n<meta property=\"og:image\" content=\"https:\/\/paulinenaue.info\/wp-content\/uploads\/2025\/04\/IMG-20250421-WA0039.jpg\" \/>\n\t<meta property=\"og:image:width\" content=\"1496\" \/>\n\t<meta property=\"og:image:height\" content=\"1496\" \/>\n\t<meta property=\"og:image:type\" content=\"image\/jpeg\" \/>\n<meta name=\"author\" content=\"Pauline Hirschberg\" \/>\n<meta name=\"twitter:card\" content=\"summary_large_image\" \/>\n<meta name=\"twitter:label1\" content=\"Verfasst von\" \/>\n\t<meta name=\"twitter:data1\" content=\"Pauline Hirschberg\" \/>\n\t<meta name=\"twitter:label2\" content=\"Gesch\u00e4tzte Lesezeit\" \/>\n\t<meta name=\"twitter:data2\" content=\"3\u00a0Minuten\" \/>\n<script type=\"application\/ld+json\" class=\"yoast-schema-graph\">{\"@context\":\"https:\\\/\\\/schema.org\",\"@graph\":[{\"@type\":\"Article\",\"@id\":\"https:\\\/\\\/paulinenaue.info\\\/index.php\\\/417840\\\/#article\",\"isPartOf\":{\"@id\":\"https:\\\/\\\/paulinenaue.info\\\/index.php\\\/417840\\\/\"},\"author\":{\"name\":\"Pauline Hirschberg\",\"@id\":\"https:\\\/\\\/paulinenaue.info\\\/#\\\/schema\\\/person\\\/6532c2155ec2088c8f62f399bdcd9788\"},\"headline\":\"Eiertrudeln im Paulinenauer Wald \u2013 Ein gelungener Ostersonntag mit den Pauerfrauen\",\"datePublished\":\"2025-04-21T09:17:32+00:00\",\"dateModified\":\"2025-04-21T09:56:24+00:00\",\"mainEntityOfPage\":{\"@id\":\"https:\\\/\\\/paulinenaue.info\\\/index.php\\\/417840\\\/\"},\"wordCount\":292,\"commentCount\":0,\"image\":{\"@id\":\"https:\\\/\\\/paulinenaue.info\\\/index.php\\\/417840\\\/#primaryimage\"},\"thumbnailUrl\":\"https:\\\/\\\/paulinenaue.info\\\/wp-content\\\/uploads\\\/2025\\\/04\\\/IMG-20250421-WA0039.jpg\",\"articleSection\":[\"Ehrenamt\",\"Hier Zuhause\",\"Pauerfrauen\",\"Veranstaltungen\",\"Vereine\"],\"inLanguage\":\"de\",\"potentialAction\":[{\"@type\":\"CommentAction\",\"name\":\"Comment\",\"target\":[\"https:\\\/\\\/paulinenaue.info\\\/index.php\\\/417840\\\/#respond\"]}]},{\"@type\":\"WebPage\",\"@id\":\"https:\\\/\\\/paulinenaue.info\\\/index.php\\\/417840\\\/\",\"url\":\"https:\\\/\\\/paulinenaue.info\\\/index.php\\\/417840\\\/\",\"name\":\"Eiertrudeln im Paulinenauer Wald \u2013 Ein gelungener Ostersonntag mit den Pauerfrauen - Paulinenaue\",\"isPartOf\":{\"@id\":\"https:\\\/\\\/paulinenaue.info\\\/#website\"},\"primaryImageOfPage\":{\"@id\":\"https:\\\/\\\/paulinenaue.info\\\/index.php\\\/417840\\\/#primaryimage\"},\"image\":{\"@id\":\"https:\\\/\\\/paulinenaue.info\\\/index.php\\\/417840\\\/#primaryimage\"},\"thumbnailUrl\":\"https:\\\/\\\/paulinenaue.info\\\/wp-content\\\/uploads\\\/2025\\\/04\\\/IMG-20250421-WA0039.jpg\",\"datePublished\":\"2025-04-21T09:17:32+00:00\",\"dateModified\":\"2025-04-21T09:56:24+00:00\",\"author\":{\"@id\":\"https:\\\/\\\/paulinenaue.info\\\/#\\\/schema\\\/person\\\/6532c2155ec2088c8f62f399bdcd9788\"},\"breadcrumb\":{\"@id\":\"https:\\\/\\\/paulinenaue.info\\\/index.php\\\/417840\\\/#breadcrumb\"},\"inLanguage\":\"de\",\"potentialAction\":[{\"@type\":\"ReadAction\",\"target\":[\"https:\\\/\\\/paulinenaue.info\\\/index.php\\\/417840\\\/\"]}]},{\"@type\":\"ImageObject\",\"inLanguage\":\"de\",\"@id\":\"https:\\\/\\\/paulinenaue.info\\\/index.php\\\/417840\\\/#primaryimage\",\"url\":\"https:\\\/\\\/paulinenaue.info\\\/wp-content\\\/uploads\\\/2025\\\/04\\\/IMG-20250421-WA0039.jpg\",\"contentUrl\":\"https:\\\/\\\/paulinenaue.info\\\/wp-content\\\/uploads\\\/2025\\\/04\\\/IMG-20250421-WA0039.jpg\",\"width\":1496,\"height\":1496,\"caption\":\"Diese leckeren K\u00f6stlichkeiten begr\u00fc\u00dften die G\u00e4ste\"},{\"@type\":\"BreadcrumbList\",\"@id\":\"https:\\\/\\\/paulinenaue.info\\\/index.php\\\/417840\\\/#breadcrumb\",\"itemListElement\":[{\"@type\":\"ListItem\",\"position\":1,\"name\":\"Home\",\"item\":\"https:\\\/\\\/paulinenaue.info\\\/\"},{\"@type\":\"ListItem\",\"position\":2,\"name\":\"Eiertrudeln im Paulinenauer Wald \u2013 Ein gelungener Ostersonntag mit den Pauerfrauen\"}]},{\"@type\":\"WebSite\",\"@id\":\"https:\\\/\\\/paulinenaue.info\\\/#website\",\"url\":\"https:\\\/\\\/paulinenaue.info\\\/\",\"name\":\"Paulinenaue\",\"description\":\"Ein Dorf im Havelland\",\"potentialAction\":[{\"@type\":\"SearchAction\",\"target\":{\"@type\":\"EntryPoint\",\"urlTemplate\":\"https:\\\/\\\/paulinenaue.info\\\/?s={search_term_string}\"},\"query-input\":{\"@type\":\"PropertyValueSpecification\",\"valueRequired\":true,\"valueName\":\"search_term_string\"}}],\"inLanguage\":\"de\"},{\"@type\":\"Person\",\"@id\":\"https:\\\/\\\/paulinenaue.info\\\/#\\\/schema\\\/person\\\/6532c2155ec2088c8f62f399bdcd9788\",\"name\":\"Pauline Hirschberg\",\"description\":\"- Landwirtin\\\/Herdenmanagerin - Brandenburger Erntek\u00f6nigin 2022-2024 - Mitglied &amp; Medienbeauftragte der \\\"Pauerfrauen\\\"\",\"url\":\"https:\\\/\\\/paulinenaue.info\\\/index.php\\\/author\\\/pauline-hirschberg\\\/\"}]}<\/script>\n<!-- \/ Yoast SEO plugin. -->","yoast_head_json":{"title":"Eiertrudeln im Paulinenauer Wald \u2013 Ein gelungener Ostersonntag mit den Pauerfrauen - Paulinenaue","robots":{"index":"index","follow":"follow","max-snippet":"max-snippet:-1","max-image-preview":"max-image-preview:large","max-video-preview":"max-video-preview:-1"},"canonical":"https:\/\/paulinenaue.info\/index.php\/417840\/","og_locale":"de_DE","og_type":"article","og_title":"Eiertrudeln im Paulinenauer Wald \u2013 Ein gelungener Ostersonntag mit den Pauerfrauen - Paulinenaue","og_description":"Eiertrudeln im Paulinenauer Wald \u2013 Ein gelungener Ostersonntag mit den [&hellip;]","og_url":"https:\/\/paulinenaue.info\/index.php\/417840\/","og_site_name":"Paulinenaue","article_published_time":"2025-04-21T09:17:32+00:00","article_modified_time":"2025-04-21T09:56:24+00:00","og_image":[{"width":1496,"height":1496,"url":"https:\/\/paulinenaue.info\/wp-content\/uploads\/2025\/04\/IMG-20250421-WA0039.jpg","type":"image\/jpeg"}],"author":"Pauline Hirschberg","twitter_card":"summary_large_image","twitter_misc":{"Verfasst von":"Pauline Hirschberg","Gesch\u00e4tzte Lesezeit":"3\u00a0Minuten"},"schema":{"@context":"https:\/\/schema.org","@graph":[{"@type":"Article","@id":"https:\/\/paulinenaue.info\/index.php\/417840\/#article","isPartOf":{"@id":"https:\/\/paulinenaue.info\/index.php\/417840\/"},"author":{"name":"Pauline Hirschberg","@id":"https:\/\/paulinenaue.info\/#\/schema\/person\/6532c2155ec2088c8f62f399bdcd9788"},"headline":"Eiertrudeln im Paulinenauer Wald \u2013 Ein gelungener Ostersonntag mit den Pauerfrauen","datePublished":"2025-04-21T09:17:32+00:00","dateModified":"2025-04-21T09:56:24+00:00","mainEntityOfPage":{"@id":"https:\/\/paulinenaue.info\/index.php\/417840\/"},"wordCount":292,"commentCount":0,"image":{"@id":"https:\/\/paulinenaue.info\/index.php\/417840\/#primaryimage"},"thumbnailUrl":"https:\/\/paulinenaue.info\/wp-content\/uploads\/2025\/04\/IMG-20250421-WA0039.jpg","articleSection":["Ehrenamt","Hier Zuhause","Pauerfrauen","Veranstaltungen","Vereine"],"inLanguage":"de","potentialAction":[{"@type":"CommentAction","name":"Comment","target":["https:\/\/paulinenaue.info\/index.php\/417840\/#respond"]}]},{"@type":"WebPage","@id":"https:\/\/paulinenaue.info\/index.php\/417840\/","url":"https:\/\/paulinenaue.info\/index.php\/417840\/","name":"Eiertrudeln im Paulinenauer Wald \u2013 Ein gelungener Ostersonntag mit den Pauerfrauen - Paulinenaue","isPartOf":{"@id":"https:\/\/paulinenaue.info\/#website"},"primaryImageOfPage":{"@id":"https:\/\/paulinenaue.info\/index.php\/417840\/#primaryimage"},"image":{"@id":"https:\/\/paulinenaue.info\/index.php\/417840\/#primaryimage"},"thumbnailUrl":"https:\/\/paulinenaue.info\/wp-content\/uploads\/2025\/04\/IMG-20250421-WA0039.jpg","datePublished":"2025-04-21T09:17:32+00:00","dateModified":"2025-04-21T09:56:24+00:00","author":{"@id":"https:\/\/paulinenaue.info\/#\/schema\/person\/6532c2155ec2088c8f62f399bdcd9788"},"breadcrumb":{"@id":"https:\/\/paulinenaue.info\/index.php\/417840\/#breadcrumb"},"inLanguage":"de","potentialAction":[{"@type":"ReadAction","target":["https:\/\/paulinenaue.info\/index.php\/417840\/"]}]},{"@type":"ImageObject","inLanguage":"de","@id":"https:\/\/paulinenaue.info\/index.php\/417840\/#primaryimage","url":"https:\/\/paulinenaue.info\/wp-content\/uploads\/2025\/04\/IMG-20250421-WA0039.jpg","contentUrl":"https:\/\/paulinenaue.info\/wp-content\/uploads\/2025\/04\/IMG-20250421-WA0039.jpg","width":1496,"height":1496,"caption":"Diese leckeren K\u00f6stlichkeiten begr\u00fc\u00dften die G\u00e4ste"},{"@type":"BreadcrumbList","@id":"https:\/\/paulinenaue.info\/index.php\/417840\/#breadcrumb","itemListElement":[{"@type":"ListItem","position":1,"name":"Home","item":"https:\/\/paulinenaue.info\/"},{"@type":"ListItem","position":2,"name":"Eiertrudeln im Paulinenauer Wald \u2013 Ein gelungener Ostersonntag mit den Pauerfrauen"}]},{"@type":"WebSite","@id":"https:\/\/paulinenaue.info\/#website","url":"https:\/\/paulinenaue.info\/","name":"Paulinenaue","description":"Ein Dorf im Havelland","potentialAction":[{"@type":"SearchAction","target":{"@type":"EntryPoint","urlTemplate":"https:\/\/paulinenaue.info\/?s={search_term_string}"},"query-input":{"@type":"PropertyValueSpecification","valueRequired":true,"valueName":"search_term_string"}}],"inLanguage":"de"},{"@type":"Person","@id":"https:\/\/paulinenaue.info\/#\/schema\/person\/6532c2155ec2088c8f62f399bdcd9788","name":"Pauline Hirschberg","description":"- Landwirtin\/Herdenmanagerin - Brandenburger Erntek\u00f6nigin 2022-2024 - Mitglied &amp; Medienbeauftragte der \"Pauerfrauen\"","url":"https:\/\/paulinenaue.info\/index.php\/author\/pauline-hirschberg\/"}]}},"jetpack_publicize_connections":[],"jetpack_featured_media_url":"https:\/\/paulinenaue.info\/wp-content\/uploads\/2025\/04\/IMG-20250421-WA0039.jpg","jetpack_sharing_enabled":true,"jetpack_shortlink":"https:\/\/wp.me\/scYhWA-417840","jetpack-related-posts":[{"id":419341,"url":"https:\/\/paulinenaue.info\/index.php\/traditionelles-eiertrudeln-auch-bei-durchwachsenem-wetter-ein-voller-erfolg\/","url_meta":{"origin":417840,"position":0},"title":"Traditionelles Eiertrudeln \u2013 auch bei durchwachsenem Wetter ein voller Erfolg","author":"Pauline Hirschberg","date":"8. April 2026","format":false,"excerpt":"Auch in diesem Jahr fand am Ostersonntag wieder unser traditionelles Eiertrudeln an den Paulinenauer Eierbergen statt. Trotz etwas widriger Wetterbedingungen lie\u00dfen sich die Besucherinnen und Besucher nicht davon abhalten, den Weg dorthin zu finden \u2013 und so wurde auch diesmal wieder flei\u00dfig getrudelt. Gro\u00df und Klein hatten sichtlich Freude daran,\u2026","rel":"","context":"In &quot;Allgemein&quot;","block_context":{"text":"Allgemein","link":"https:\/\/paulinenaue.info\/index.php\/category\/allgemein\/"},"img":{"alt_text":"","src":"https:\/\/i0.wp.com\/paulinenaue.info\/wp-content\/uploads\/2026\/04\/20260405_144639-scaled.jpg?resize=350%2C200&ssl=1","width":350,"height":200,"srcset":"https:\/\/i0.wp.com\/paulinenaue.info\/wp-content\/uploads\/2026\/04\/20260405_144639-scaled.jpg?resize=350%2C200&ssl=1 1x, https:\/\/i0.wp.com\/paulinenaue.info\/wp-content\/uploads\/2026\/04\/20260405_144639-scaled.jpg?resize=525%2C300&ssl=1 1.5x, https:\/\/i0.wp.com\/paulinenaue.info\/wp-content\/uploads\/2026\/04\/20260405_144639-scaled.jpg?resize=700%2C400&ssl=1 2x, https:\/\/i0.wp.com\/paulinenaue.info\/wp-content\/uploads\/2026\/04\/20260405_144639-scaled.jpg?resize=1050%2C600&ssl=1 3x, https:\/\/i0.wp.com\/paulinenaue.info\/wp-content\/uploads\/2026\/04\/20260405_144639-scaled.jpg?resize=1400%2C800&ssl=1 4x"},"classes":[]},{"id":417805,"url":"https:\/\/paulinenaue.info\/index.php\/auf-dem-gipfel-besucherrekord-beim-eiertrudeln-2025\/","url_meta":{"origin":417840,"position":1},"title":"Auf dem Gipfel:\u00a0Besucherrekord beim Eiertrudeln 2025","author":"Joachim Scholz","date":"21. April 2025","format":false,"excerpt":"","rel":"","context":"In &quot;Ehrenamt&quot;","block_context":{"text":"Ehrenamt","link":"https:\/\/paulinenaue.info\/index.php\/category\/ehrenamt\/"},"img":{"alt_text":"","src":"https:\/\/i0.wp.com\/paulinenaue.info\/wp-content\/uploads\/2025\/04\/2025-04-20-Eiertrudeln-01.jpeg?resize=350%2C200&ssl=1","width":350,"height":200,"srcset":"https:\/\/i0.wp.com\/paulinenaue.info\/wp-content\/uploads\/2025\/04\/2025-04-20-Eiertrudeln-01.jpeg?resize=350%2C200&ssl=1 1x, https:\/\/i0.wp.com\/paulinenaue.info\/wp-content\/uploads\/2025\/04\/2025-04-20-Eiertrudeln-01.jpeg?resize=525%2C300&ssl=1 1.5x, https:\/\/i0.wp.com\/paulinenaue.info\/wp-content\/uploads\/2025\/04\/2025-04-20-Eiertrudeln-01.jpeg?resize=700%2C400&ssl=1 2x"},"classes":[]},{"id":417788,"url":"https:\/\/paulinenaue.info\/index.php\/der-osterstrauss-des-jahres-2025\/","url_meta":{"origin":417840,"position":2},"title":"Der Osterstrau\u00df des Jahres 2025","author":"Joachim Scholz","date":"20. April 2025","format":false,"excerpt":"Den Osterstrau\u00df des Jahres, der in jedem Jahr f\u00fcr unsere Website gek\u00fcrt wird, hat Sylvia Kreier am Samstagvormittag herausgeputzt. Ein erster Blick verr\u00e4t sofort seine k\u00fcnstlerische Qualit\u00e4t. Dieser Strau\u00df mit seinen originellen handbemalten Motiveiern \u2013 keines gleicht in der Ausmalung dem anderen \u2013 verdient unbedingt die begehrte Auszeichnung. \u201eIch habe\u2026","rel":"","context":"In &quot;Hier Zuhause&quot;","block_context":{"text":"Hier Zuhause","link":"https:\/\/paulinenaue.info\/index.php\/category\/hier-zuhause\/"},"img":{"alt_text":"","src":"https:\/\/i0.wp.com\/paulinenaue.info\/wp-content\/uploads\/2025\/04\/2025-04-20-Osterstrauss-04.jpeg?resize=350%2C200&ssl=1","width":350,"height":200,"srcset":"https:\/\/i0.wp.com\/paulinenaue.info\/wp-content\/uploads\/2025\/04\/2025-04-20-Osterstrauss-04.jpeg?resize=350%2C200&ssl=1 1x, https:\/\/i0.wp.com\/paulinenaue.info\/wp-content\/uploads\/2025\/04\/2025-04-20-Osterstrauss-04.jpeg?resize=525%2C300&ssl=1 1.5x, https:\/\/i0.wp.com\/paulinenaue.info\/wp-content\/uploads\/2025\/04\/2025-04-20-Osterstrauss-04.jpeg?resize=700%2C400&ssl=1 2x"},"classes":[]},{"id":1972,"url":"https:\/\/paulinenaue.info\/index.php\/frohe-ostern-in-paulinenaue\/","url_meta":{"origin":417840,"position":3},"title":"Frohe Ostern in Paulinenaue","author":"Joachim Scholz","date":"29. M\u00e4rz 2018","format":false,"excerpt":"Ein k\u00fchles Osterfest begehen wir in diesem Jahr, aber vor vielen Paulinenauer H\u00e4usern ist dennoch fr\u00fchlingshafte Farbenpracht zu bewundern. Das machen die vielen bunten Osterstr\u00e4u\u00dfe. Einer von ihnen, der bei Familie Gossmann in der Bahnhofstra\u00dfe 18, wurde von unserer Websiteredaktion zum \u201eOsterstrau\u00df des Jahres 2018\u201c gek\u00fcrt. Wir w\u00fcnschen Ihnen damit\u2026","rel":"","context":"In &quot;Allgemein&quot;","block_context":{"text":"Allgemein","link":"https:\/\/paulinenaue.info\/index.php\/category\/allgemein\/"},"img":{"alt_text":"Der Osterstrau\u00df des Jahres","src":"https:\/\/i0.wp.com\/paulinenaue.info\/wp-content\/uploads\/2018\/03\/DSC09383-1.jpg?resize=350%2C200&ssl=1","width":350,"height":200,"srcset":"https:\/\/i0.wp.com\/paulinenaue.info\/wp-content\/uploads\/2018\/03\/DSC09383-1.jpg?resize=350%2C200&ssl=1 1x, https:\/\/i0.wp.com\/paulinenaue.info\/wp-content\/uploads\/2018\/03\/DSC09383-1.jpg?resize=525%2C300&ssl=1 1.5x, https:\/\/i0.wp.com\/paulinenaue.info\/wp-content\/uploads\/2018\/03\/DSC09383-1.jpg?resize=700%2C400&ssl=1 2x"},"classes":[]},{"id":418797,"url":"https:\/\/paulinenaue.info\/index.php\/adventssingen-im-park-und-ein-dankbarer-blick-zurueck-auf-2025\/","url_meta":{"origin":417840,"position":4},"title":"Adventssingen im Park und ein dankbarer Blick zur\u00fcck auf 2025","author":"Pauline Hirschberg","date":"9. Januar 2026","format":false,"excerpt":"Am 21.12.2025 fand mit dem 2. Adventssingen im Paulinenauer Park unsere letzte Veranstaltung des Jahres statt \u2013 und damit ein stimmungsvoller Abschluss eines ereignisreichen Pauerfrauen-Jahres. Mit diesem Adventssingen m\u00f6chten wir eine neue Tradition in unserem Dorf begr\u00fcnden, die Gemeinschaft schafft und Generationen miteinander verbindet. Gemeinsam mit den Bewohnerinnen und Bewohnern\u2026","rel":"","context":"In &quot;Allgemein&quot;","block_context":{"text":"Allgemein","link":"https:\/\/paulinenaue.info\/index.php\/category\/allgemein\/"},"img":{"alt_text":"","src":"https:\/\/i0.wp.com\/paulinenaue.info\/wp-content\/uploads\/2026\/01\/IMG-20251221-WA0015.jpg?resize=350%2C200&ssl=1","width":350,"height":200,"srcset":"https:\/\/i0.wp.com\/paulinenaue.info\/wp-content\/uploads\/2026\/01\/IMG-20251221-WA0015.jpg?resize=350%2C200&ssl=1 1x, https:\/\/i0.wp.com\/paulinenaue.info\/wp-content\/uploads\/2026\/01\/IMG-20251221-WA0015.jpg?resize=525%2C300&ssl=1 1.5x, https:\/\/i0.wp.com\/paulinenaue.info\/wp-content\/uploads\/2026\/01\/IMG-20251221-WA0015.jpg?resize=700%2C400&ssl=1 2x, https:\/\/i0.wp.com\/paulinenaue.info\/wp-content\/uploads\/2026\/01\/IMG-20251221-WA0015.jpg?resize=1050%2C600&ssl=1 3x, https:\/\/i0.wp.com\/paulinenaue.info\/wp-content\/uploads\/2026\/01\/IMG-20251221-WA0015.jpg?resize=1400%2C800&ssl=1 4x"},"classes":[]},{"id":416143,"url":"https:\/\/paulinenaue.info\/index.php\/ostern-2024-in-paulinenaue\/","url_meta":{"origin":417840,"position":5},"title":"Das war Ostern 2024","author":"Joachim Scholz","date":"1. April 2024","format":false,"excerpt":"Der Storch, der sich in diesem Jahr am 26. M\u00e4rz in Paulinenaue einstellte, hatte den Fr\u00fchling bereits angek\u00fcndigt. Nun kam das Osterfest. Neben seiner religi\u00f6sen Bedeutung ist es immer auch Auftakt zum Fr\u00fchlingserleben, besonders, wenn wie diesmal das Wetter ordentlich dazu beitrug. Mit etwas Mut zum Kitsch k\u00f6nnte man direkt\u2026","rel":"","context":"In &quot;Allgemein&quot;","block_context":{"text":"Allgemein","link":"https:\/\/paulinenaue.info\/index.php\/category\/allgemein\/"},"img":{"alt_text":"","src":"https:\/\/i0.wp.com\/paulinenaue.info\/wp-content\/uploads\/2024\/04\/2024-03-31-Eiertrudeln-01.jpeg?resize=350%2C200&ssl=1","width":350,"height":200,"srcset":"https:\/\/i0.wp.com\/paulinenaue.info\/wp-content\/uploads\/2024\/04\/2024-03-31-Eiertrudeln-01.jpeg?resize=350%2C200&ssl=1 1x, https:\/\/i0.wp.com\/paulinenaue.info\/wp-content\/uploads\/2024\/04\/2024-03-31-Eiertrudeln-01.jpeg?resize=525%2C300&ssl=1 1.5x, https:\/\/i0.wp.com\/paulinenaue.info\/wp-content\/uploads\/2024\/04\/2024-03-31-Eiertrudeln-01.jpeg?resize=700%2C400&ssl=1 2x"},"classes":[]}],"_links":{"self":[{"href":"https:\/\/paulinenaue.info\/index.php\/wp-json\/wp\/v2\/posts\/417840","targetHints":{"allow":["GET"]}}],"collection":[{"href":"https:\/\/paulinenaue.info\/index.php\/wp-json\/wp\/v2\/posts"}],"about":[{"href":"https:\/\/paulinenaue.info\/index.php\/wp-json\/wp\/v2\/types\/post"}],"author":[{"embeddable":true,"href":"https:\/\/paulinenaue.info\/index.php\/wp-json\/wp\/v2\/users\/30"}],"replies":[{"embeddable":true,"href":"https:\/\/paulinenaue.info\/index.php\/wp-json\/wp\/v2\/comments?post=417840"}],"version-history":[{"count":4,"href":"https:\/\/paulinenaue.info\/index.php\/wp-json\/wp\/v2\/posts\/417840\/revisions"}],"predecessor-version":[{"id":417845,"href":"https:\/\/paulinenaue.info\/index.php\/wp-json\/wp\/v2\/posts\/417840\/revisions\/417845"}],"wp:featuredmedia":[{"embeddable":true,"href":"https:\/\/paulinenaue.info\/index.php\/wp-json\/wp\/v2\/media\/417829"}],"wp:attachment":[{"href":"https:\/\/paulinenaue.info\/index.php\/wp-json\/wp\/v2\/media?parent=417840"}],"wp:term":[{"taxonomy":"category","embeddable":true,"href":"https:\/\/paulinenaue.info\/index.php\/wp-json\/wp\/v2\/categories?post=417840"},{"taxonomy":"post_tag","embeddable":true,"href":"https:\/\/paulinenaue.info\/index.php\/wp-json\/wp\/v2\/tags?post=417840"}],"curies":[{"name":"wp","href":"https:\/\/api.w.org\/{rel}","templated":true}]}}