{"id":417967,"date":"2025-05-29T01:04:49","date_gmt":"2025-05-28T23:04:49","guid":{"rendered":"https:\/\/paulinenaue.info\/?p=417967"},"modified":"2025-05-29T11:42:23","modified_gmt":"2025-05-29T09:42:23","slug":"die-milchviehanlage-wird-abgerissen","status":"publish","type":"post","link":"https:\/\/paulinenaue.info\/index.php\/die-milchviehanlage-wird-abgerissen\/","title":{"rendered":"Die Milchviehanlage wird abgerissen"},"content":{"rendered":"<div class=\"fusion-fullwidth fullwidth-box fusion-builder-row-1 fusion-flex-container nonhundred-percent-fullwidth non-hundred-percent-height-scrolling\" style=\"--awb-border-radius-top-left:0px;--awb-border-radius-top-right:0px;--awb-border-radius-bottom-right:0px;--awb-border-radius-bottom-left:0px;\" ><div class=\"fusion-builder-row fusion-row fusion-flex-align-items-flex-start\" style=\"max-width:1248px;margin-left: calc(-4% \/ 2 );margin-right: calc(-4% \/ 2 );\"><div class=\"fusion-layout-column fusion_builder_column fusion-builder-column-0 fusion_builder_column_1_1 1_1 fusion-flex-column\" style=\"--awb-bg-size:cover;--awb-width-large:100%;--awb-margin-top-large:0px;--awb-spacing-right-large:1.92%;--awb-margin-bottom-large:0px;--awb-spacing-left-large:1.92%;--awb-width-medium:100%;--awb-spacing-right-medium:1.92%;--awb-spacing-left-medium:1.92%;--awb-width-small:100%;--awb-spacing-right-small:1.92%;--awb-spacing-left-small:1.92%;\"><div class=\"fusion-column-wrapper fusion-flex-justify-content-flex-start fusion-content-layout-column\"><div class=\"fusion-text fusion-text-1\"><div class=\"mceTemp\"><\/div>\n<p>Die MAZ berichtet <a href=\"https:\/\/www.maz-online.de\/lokales\/havelland\/friesack\/dank-rechenzentrum-in-nauen-alte-rinderstaelle-in-paulinenaue-verschwinden-UH2OFAEI7ZFDDOSUTJO3WT74QA.html\">in ihrer aktuellen Ausgabe<\/a>, dass die Milchviehanlage, die zuletzt als ,Bernhardinenhof Produktions- und Handels-GmbH &amp; Co KG\u2018 gef\u00fchrt wurde, noch in diesem Jahr abgerissen werden soll. Der Projektentwickler AMPM Grund Alpha f\u00fcr ein Rechenzentrum in Nauen hat das Gel\u00e4nde erworben und kommt mit dieser Ma\u00dfnahme seiner Verpflichtung, Ausgleichsfl\u00e4chen zu schaffen, nach. Die Fl\u00e4chen werden komplett entsiegelt, die Geb\u00e4ude so weit wie m\u00f6glich abgerissen. Die inzwischen riesigen M\u00fcllablagerungen kommen somit auch weg.<\/p>\n<\/p>\n<div id=\"attachment_417969\" style=\"width: 610px\" class=\"wp-caption alignnone\"><a href=\"https:\/\/paulinenaue.info\/wp-content\/uploads\/2025\/05\/2016-07-03-MVA-Paulinenaue-01.jpeg\"><img decoding=\"async\" aria-describedby=\"caption-attachment-417969\" data-attachment-id=\"417969\" data-permalink=\"https:\/\/paulinenaue.info\/index.php\/die-milchviehanlage-wird-abgerissen\/milchviehanlage-paulinenaue\/\" data-orig-file=\"https:\/\/paulinenaue.info\/wp-content\/uploads\/2025\/05\/2016-07-03-MVA-Paulinenaue-01.jpeg\" data-orig-size=\"1000,667\" data-comments-opened=\"1\" data-image-meta=\"{&quot;aperture&quot;:&quot;2.8&quot;,&quot;credit&quot;:&quot;&quot;,&quot;camera&quot;:&quot;DSC-RX10&quot;,&quot;caption&quot;:&quot;&quot;,&quot;created_timestamp&quot;:&quot;1467567414&quot;,&quot;copyright&quot;:&quot;&quot;,&quot;focal_length&quot;:&quot;8.8&quot;,&quot;iso&quot;:&quot;500&quot;,&quot;shutter_speed&quot;:&quot;0.033333333333333&quot;,&quot;title&quot;:&quot;Milchviehanlage Paulinenaue&quot;,&quot;orientation&quot;:&quot;1&quot;}\" data-image-title=\"Milchviehanlage Paulinenaue\" data-image-description=\"\" data-image-caption=\"\" data-large-file=\"https:\/\/paulinenaue.info\/wp-content\/uploads\/2025\/05\/2016-07-03-MVA-Paulinenaue-01.jpeg\" class=\"lazyload wp-image-417969 size-fusion-600\" src=\"https:\/\/paulinenaue.info\/wp-content\/uploads\/2025\/05\/2016-07-03-MVA-Paulinenaue-01-600x400.jpeg\" data-orig-src=\"https:\/\/paulinenaue.info\/wp-content\/uploads\/2025\/05\/2016-07-03-MVA-Paulinenaue-01-600x400.jpeg\" alt=\"\" width=\"600\" height=\"400\" srcset=\"data:image\/svg+xml,%3Csvg%20xmlns%3D%27http%3A%2F%2Fwww.w3.org%2F2000%2Fsvg%27%20width%3D%27600%27%20height%3D%27400%27%20viewBox%3D%270%200%20600%20400%27%3E%3Crect%20width%3D%27600%27%20height%3D%27400%27%20fill-opacity%3D%220%22%2F%3E%3C%2Fsvg%3E\" data-srcset=\"https:\/\/paulinenaue.info\/wp-content\/uploads\/2025\/05\/2016-07-03-MVA-Paulinenaue-01-200x133.jpeg 200w, https:\/\/paulinenaue.info\/wp-content\/uploads\/2025\/05\/2016-07-03-MVA-Paulinenaue-01-300x200.jpeg 300w, https:\/\/paulinenaue.info\/wp-content\/uploads\/2025\/05\/2016-07-03-MVA-Paulinenaue-01-400x267.jpeg 400w, https:\/\/paulinenaue.info\/wp-content\/uploads\/2025\/05\/2016-07-03-MVA-Paulinenaue-01-600x400.jpeg 600w, https:\/\/paulinenaue.info\/wp-content\/uploads\/2025\/05\/2016-07-03-MVA-Paulinenaue-01-768x512.jpeg 768w, https:\/\/paulinenaue.info\/wp-content\/uploads\/2025\/05\/2016-07-03-MVA-Paulinenaue-01-800x534.jpeg 800w, https:\/\/paulinenaue.info\/wp-content\/uploads\/2025\/05\/2016-07-03-MVA-Paulinenaue-01.jpeg 1000w\" data-sizes=\"auto\" data-orig-sizes=\"(max-width: 600px) 100vw, 600px\" \/><\/a><p id=\"caption-attachment-417969\" class=\"wp-caption-text\"><em>Seit vielen Jahren schon ein ,Lost Place\u2018 . Blick in einen der St\u00e4lle der Paulinenauer \u201eMilchviehanlage\u201c. Foto: J. Scholz, 2016.<\/em><\/p><\/div>\n<p>Die St\u00e4lle, auf denen momentan noch eine Photovoltaikanlage installiert ist, m\u00fcssen zun\u00e4chst noch stehen bleiben. Der Pachtvertrag f\u00fcr die auf den D\u00e4chern angebrachte Anlage l\u00e4uft erst Ende 2033 aus. Danach soll die Fl\u00e4che der Natur \u00fcberlassen werden und eine nat\u00fcrliche Renaturierung erfolgen. B\u00fcrgermeister Breder bezeichnet die anstehende Ma\u00dfnahme im Artikel als einen Segen f\u00fcr Paulinenaue. Die Paulinenauer 2000er Milchviehanlage war eine der modernsten Anlagen in der DDR.<\/p>\n<p><em>Text: Eckhard Vierjahn<\/em><\/p>\n<\/div><\/div><\/div><\/div><\/div>\n","protected":false},"excerpt":{"rendered":"","protected":false},"author":1,"featured_media":417968,"comment_status":"open","ping_status":"open","sticky":false,"template":"","format":"standard","meta":{"_acf_changed":false,"_price":"","_stock":"","_tribe_ticket_header":"","_tribe_default_ticket_provider":"","_tribe_ticket_capacity":"0","_ticket_start_date":"","_ticket_end_date":"","_tribe_ticket_show_description":"","_tribe_ticket_show_not_going":false,"_tribe_ticket_use_global_stock":"","_tribe_ticket_global_stock_level":"","_global_stock_mode":"","_global_stock_cap":"","_tribe_rsvp_for_event":"","_tribe_ticket_going_count":"","_tribe_ticket_not_going_count":"","_tribe_tickets_list":"[]","_tribe_ticket_has_attendee_info_fields":false,"jetpack_post_was_ever_published":false,"_jetpack_newsletter_access":"","_jetpack_dont_email_post_to_subs":false,"_jetpack_newsletter_tier_id":0,"_jetpack_memberships_contains_paywalled_content":false,"_jetpack_memberships_contains_paid_content":false,"footnotes":"","jetpack_publicize_message":"","jetpack_publicize_feature_enabled":true,"jetpack_social_post_already_shared":true,"jetpack_social_options":{"image_generator_settings":{"template":"highway","default_image_id":0,"font":"","enabled":false},"version":2}},"categories":[40,618,216,9],"tags":[],"class_list":["post-417967","post","type-post","status-publish","format-standard","has-post-thumbnail","hentry","category-dorfentwicklung","category-milchviehanlage","category-natur","category-neuigkeiten"],"acf":[],"yoast_head":"<!-- This site is optimized with the Yoast SEO plugin v27.5 - https:\/\/yoast.com\/product\/yoast-seo-wordpress\/ -->\n<title>Die Milchviehanlage wird abgerissen - Paulinenaue<\/title>\n<meta name=\"description\" content=\"Die Paulinenauer Milchviehanlage, einst eine der modernsten in der DDR, soll nach langem Leerstand noch 2005 abgerissen werden.\" \/>\n<meta name=\"robots\" content=\"index, follow, max-snippet:-1, max-image-preview:large, max-video-preview:-1\" \/>\n<link rel=\"canonical\" href=\"https:\/\/paulinenaue.info\/index.php\/die-milchviehanlage-wird-abgerissen\/\" \/>\n<meta property=\"og:locale\" content=\"de_DE\" \/>\n<meta property=\"og:type\" content=\"article\" \/>\n<meta property=\"og:title\" content=\"Die Milchviehanlage wird abgerissen - Paulinenaue\" \/>\n<meta property=\"og:description\" content=\"Die Paulinenauer Milchviehanlage, einst eine der modernsten in der DDR, soll nach langem Leerstand noch 2005 abgerissen werden.\" \/>\n<meta property=\"og:url\" content=\"https:\/\/paulinenaue.info\/index.php\/die-milchviehanlage-wird-abgerissen\/\" \/>\n<meta property=\"og:site_name\" content=\"Paulinenaue\" \/>\n<meta property=\"article:published_time\" content=\"2025-05-28T23:04:49+00:00\" \/>\n<meta property=\"article:modified_time\" content=\"2025-05-29T09:42:23+00:00\" \/>\n<meta property=\"og:image\" content=\"https:\/\/paulinenaue.info\/wp-content\/uploads\/2025\/05\/Milchviehanlage-Paulinenaue-1970er-Jahre.jpg\" \/>\n\t<meta property=\"og:image:width\" content=\"1000\" \/>\n\t<meta property=\"og:image:height\" content=\"600\" \/>\n\t<meta property=\"og:image:type\" content=\"image\/jpeg\" \/>\n<meta name=\"author\" content=\"Joachim Scholz\" \/>\n<meta name=\"twitter:card\" content=\"summary_large_image\" \/>\n<meta name=\"twitter:label1\" content=\"Verfasst von\" \/>\n\t<meta name=\"twitter:data1\" content=\"Joachim Scholz\" \/>\n\t<meta name=\"twitter:label2\" content=\"Gesch\u00e4tzte Lesezeit\" \/>\n\t<meta name=\"twitter:data2\" content=\"2\u00a0Minuten\" \/>\n<script type=\"application\/ld+json\" class=\"yoast-schema-graph\">{\"@context\":\"https:\\\/\\\/schema.org\",\"@graph\":[{\"@type\":\"Article\",\"@id\":\"https:\\\/\\\/paulinenaue.info\\\/index.php\\\/die-milchviehanlage-wird-abgerissen\\\/#article\",\"isPartOf\":{\"@id\":\"https:\\\/\\\/paulinenaue.info\\\/index.php\\\/die-milchviehanlage-wird-abgerissen\\\/\"},\"author\":{\"name\":\"Joachim Scholz\",\"@id\":\"https:\\\/\\\/paulinenaue.info\\\/#\\\/schema\\\/person\\\/3f9e818fd7b69b0d2bd937ac506897cc\"},\"headline\":\"Die Milchviehanlage wird abgerissen\",\"datePublished\":\"2025-05-28T23:04:49+00:00\",\"dateModified\":\"2025-05-29T09:42:23+00:00\",\"mainEntityOfPage\":{\"@id\":\"https:\\\/\\\/paulinenaue.info\\\/index.php\\\/die-milchviehanlage-wird-abgerissen\\\/\"},\"wordCount\":301,\"commentCount\":0,\"image\":{\"@id\":\"https:\\\/\\\/paulinenaue.info\\\/index.php\\\/die-milchviehanlage-wird-abgerissen\\\/#primaryimage\"},\"thumbnailUrl\":\"https:\\\/\\\/paulinenaue.info\\\/wp-content\\\/uploads\\\/2025\\\/05\\\/Milchviehanlage-Paulinenaue-1970er-Jahre.jpg\",\"articleSection\":[\"Dorfentwicklung\",\"Milchviehanlage\",\"Natur\",\"Neuigkeiten\"],\"inLanguage\":\"de\",\"potentialAction\":[{\"@type\":\"CommentAction\",\"name\":\"Comment\",\"target\":[\"https:\\\/\\\/paulinenaue.info\\\/index.php\\\/die-milchviehanlage-wird-abgerissen\\\/#respond\"]}]},{\"@type\":\"WebPage\",\"@id\":\"https:\\\/\\\/paulinenaue.info\\\/index.php\\\/die-milchviehanlage-wird-abgerissen\\\/\",\"url\":\"https:\\\/\\\/paulinenaue.info\\\/index.php\\\/die-milchviehanlage-wird-abgerissen\\\/\",\"name\":\"Die Milchviehanlage wird abgerissen - Paulinenaue\",\"isPartOf\":{\"@id\":\"https:\\\/\\\/paulinenaue.info\\\/#website\"},\"primaryImageOfPage\":{\"@id\":\"https:\\\/\\\/paulinenaue.info\\\/index.php\\\/die-milchviehanlage-wird-abgerissen\\\/#primaryimage\"},\"image\":{\"@id\":\"https:\\\/\\\/paulinenaue.info\\\/index.php\\\/die-milchviehanlage-wird-abgerissen\\\/#primaryimage\"},\"thumbnailUrl\":\"https:\\\/\\\/paulinenaue.info\\\/wp-content\\\/uploads\\\/2025\\\/05\\\/Milchviehanlage-Paulinenaue-1970er-Jahre.jpg\",\"datePublished\":\"2025-05-28T23:04:49+00:00\",\"dateModified\":\"2025-05-29T09:42:23+00:00\",\"author\":{\"@id\":\"https:\\\/\\\/paulinenaue.info\\\/#\\\/schema\\\/person\\\/3f9e818fd7b69b0d2bd937ac506897cc\"},\"description\":\"Die Paulinenauer Milchviehanlage, einst eine der modernsten in der DDR, soll nach langem Leerstand noch 2005 abgerissen werden.\",\"breadcrumb\":{\"@id\":\"https:\\\/\\\/paulinenaue.info\\\/index.php\\\/die-milchviehanlage-wird-abgerissen\\\/#breadcrumb\"},\"inLanguage\":\"de\",\"potentialAction\":[{\"@type\":\"ReadAction\",\"target\":[\"https:\\\/\\\/paulinenaue.info\\\/index.php\\\/die-milchviehanlage-wird-abgerissen\\\/\"]}]},{\"@type\":\"ImageObject\",\"inLanguage\":\"de\",\"@id\":\"https:\\\/\\\/paulinenaue.info\\\/index.php\\\/die-milchviehanlage-wird-abgerissen\\\/#primaryimage\",\"url\":\"https:\\\/\\\/paulinenaue.info\\\/wp-content\\\/uploads\\\/2025\\\/05\\\/Milchviehanlage-Paulinenaue-1970er-Jahre.jpg\",\"contentUrl\":\"https:\\\/\\\/paulinenaue.info\\\/wp-content\\\/uploads\\\/2025\\\/05\\\/Milchviehanlage-Paulinenaue-1970er-Jahre.jpg\",\"width\":1000,\"height\":600,\"caption\":\"Die 2000er Milchviehanlage war eine der modernsten Anlagen ihrer Art in der DDR. Foto: G. Drasch\u00e9, 1970er Jahre.\"},{\"@type\":\"BreadcrumbList\",\"@id\":\"https:\\\/\\\/paulinenaue.info\\\/index.php\\\/die-milchviehanlage-wird-abgerissen\\\/#breadcrumb\",\"itemListElement\":[{\"@type\":\"ListItem\",\"position\":1,\"name\":\"Home\",\"item\":\"https:\\\/\\\/paulinenaue.info\\\/\"},{\"@type\":\"ListItem\",\"position\":2,\"name\":\"Die Milchviehanlage wird abgerissen\"}]},{\"@type\":\"WebSite\",\"@id\":\"https:\\\/\\\/paulinenaue.info\\\/#website\",\"url\":\"https:\\\/\\\/paulinenaue.info\\\/\",\"name\":\"Paulinenaue\",\"description\":\"Ein Dorf im Havelland\",\"potentialAction\":[{\"@type\":\"SearchAction\",\"target\":{\"@type\":\"EntryPoint\",\"urlTemplate\":\"https:\\\/\\\/paulinenaue.info\\\/?s={search_term_string}\"},\"query-input\":{\"@type\":\"PropertyValueSpecification\",\"valueRequired\":true,\"valueName\":\"search_term_string\"}}],\"inLanguage\":\"de\"},{\"@type\":\"Person\",\"@id\":\"https:\\\/\\\/paulinenaue.info\\\/#\\\/schema\\\/person\\\/3f9e818fd7b69b0d2bd937ac506897cc\",\"name\":\"Joachim Scholz\",\"url\":\"https:\\\/\\\/paulinenaue.info\\\/index.php\\\/author\\\/jjscholz\\\/\"}]}<\/script>\n<!-- \/ Yoast SEO plugin. -->","yoast_head_json":{"title":"Die Milchviehanlage wird abgerissen - Paulinenaue","description":"Die Paulinenauer Milchviehanlage, einst eine der modernsten in der DDR, soll nach langem Leerstand noch 2005 abgerissen werden.","robots":{"index":"index","follow":"follow","max-snippet":"max-snippet:-1","max-image-preview":"max-image-preview:large","max-video-preview":"max-video-preview:-1"},"canonical":"https:\/\/paulinenaue.info\/index.php\/die-milchviehanlage-wird-abgerissen\/","og_locale":"de_DE","og_type":"article","og_title":"Die Milchviehanlage wird abgerissen - Paulinenaue","og_description":"Die Paulinenauer Milchviehanlage, einst eine der modernsten in der DDR, soll nach langem Leerstand noch 2005 abgerissen werden.","og_url":"https:\/\/paulinenaue.info\/index.php\/die-milchviehanlage-wird-abgerissen\/","og_site_name":"Paulinenaue","article_published_time":"2025-05-28T23:04:49+00:00","article_modified_time":"2025-05-29T09:42:23+00:00","og_image":[{"width":1000,"height":600,"url":"https:\/\/paulinenaue.info\/wp-content\/uploads\/2025\/05\/Milchviehanlage-Paulinenaue-1970er-Jahre.jpg","type":"image\/jpeg"}],"author":"Joachim Scholz","twitter_card":"summary_large_image","twitter_misc":{"Verfasst von":"Joachim Scholz","Gesch\u00e4tzte Lesezeit":"2\u00a0Minuten"},"schema":{"@context":"https:\/\/schema.org","@graph":[{"@type":"Article","@id":"https:\/\/paulinenaue.info\/index.php\/die-milchviehanlage-wird-abgerissen\/#article","isPartOf":{"@id":"https:\/\/paulinenaue.info\/index.php\/die-milchviehanlage-wird-abgerissen\/"},"author":{"name":"Joachim Scholz","@id":"https:\/\/paulinenaue.info\/#\/schema\/person\/3f9e818fd7b69b0d2bd937ac506897cc"},"headline":"Die Milchviehanlage wird abgerissen","datePublished":"2025-05-28T23:04:49+00:00","dateModified":"2025-05-29T09:42:23+00:00","mainEntityOfPage":{"@id":"https:\/\/paulinenaue.info\/index.php\/die-milchviehanlage-wird-abgerissen\/"},"wordCount":301,"commentCount":0,"image":{"@id":"https:\/\/paulinenaue.info\/index.php\/die-milchviehanlage-wird-abgerissen\/#primaryimage"},"thumbnailUrl":"https:\/\/paulinenaue.info\/wp-content\/uploads\/2025\/05\/Milchviehanlage-Paulinenaue-1970er-Jahre.jpg","articleSection":["Dorfentwicklung","Milchviehanlage","Natur","Neuigkeiten"],"inLanguage":"de","potentialAction":[{"@type":"CommentAction","name":"Comment","target":["https:\/\/paulinenaue.info\/index.php\/die-milchviehanlage-wird-abgerissen\/#respond"]}]},{"@type":"WebPage","@id":"https:\/\/paulinenaue.info\/index.php\/die-milchviehanlage-wird-abgerissen\/","url":"https:\/\/paulinenaue.info\/index.php\/die-milchviehanlage-wird-abgerissen\/","name":"Die Milchviehanlage wird abgerissen - Paulinenaue","isPartOf":{"@id":"https:\/\/paulinenaue.info\/#website"},"primaryImageOfPage":{"@id":"https:\/\/paulinenaue.info\/index.php\/die-milchviehanlage-wird-abgerissen\/#primaryimage"},"image":{"@id":"https:\/\/paulinenaue.info\/index.php\/die-milchviehanlage-wird-abgerissen\/#primaryimage"},"thumbnailUrl":"https:\/\/paulinenaue.info\/wp-content\/uploads\/2025\/05\/Milchviehanlage-Paulinenaue-1970er-Jahre.jpg","datePublished":"2025-05-28T23:04:49+00:00","dateModified":"2025-05-29T09:42:23+00:00","author":{"@id":"https:\/\/paulinenaue.info\/#\/schema\/person\/3f9e818fd7b69b0d2bd937ac506897cc"},"description":"Die Paulinenauer Milchviehanlage, einst eine der modernsten in der DDR, soll nach langem Leerstand noch 2005 abgerissen werden.","breadcrumb":{"@id":"https:\/\/paulinenaue.info\/index.php\/die-milchviehanlage-wird-abgerissen\/#breadcrumb"},"inLanguage":"de","potentialAction":[{"@type":"ReadAction","target":["https:\/\/paulinenaue.info\/index.php\/die-milchviehanlage-wird-abgerissen\/"]}]},{"@type":"ImageObject","inLanguage":"de","@id":"https:\/\/paulinenaue.info\/index.php\/die-milchviehanlage-wird-abgerissen\/#primaryimage","url":"https:\/\/paulinenaue.info\/wp-content\/uploads\/2025\/05\/Milchviehanlage-Paulinenaue-1970er-Jahre.jpg","contentUrl":"https:\/\/paulinenaue.info\/wp-content\/uploads\/2025\/05\/Milchviehanlage-Paulinenaue-1970er-Jahre.jpg","width":1000,"height":600,"caption":"Die 2000er Milchviehanlage war eine der modernsten Anlagen ihrer Art in der DDR. Foto: G. Drasch\u00e9, 1970er Jahre."},{"@type":"BreadcrumbList","@id":"https:\/\/paulinenaue.info\/index.php\/die-milchviehanlage-wird-abgerissen\/#breadcrumb","itemListElement":[{"@type":"ListItem","position":1,"name":"Home","item":"https:\/\/paulinenaue.info\/"},{"@type":"ListItem","position":2,"name":"Die Milchviehanlage wird abgerissen"}]},{"@type":"WebSite","@id":"https:\/\/paulinenaue.info\/#website","url":"https:\/\/paulinenaue.info\/","name":"Paulinenaue","description":"Ein Dorf im Havelland","potentialAction":[{"@type":"SearchAction","target":{"@type":"EntryPoint","urlTemplate":"https:\/\/paulinenaue.info\/?s={search_term_string}"},"query-input":{"@type":"PropertyValueSpecification","valueRequired":true,"valueName":"search_term_string"}}],"inLanguage":"de"},{"@type":"Person","@id":"https:\/\/paulinenaue.info\/#\/schema\/person\/3f9e818fd7b69b0d2bd937ac506897cc","name":"Joachim Scholz","url":"https:\/\/paulinenaue.info\/index.php\/author\/jjscholz\/"}]}},"jetpack_publicize_connections":[],"jetpack_featured_media_url":"https:\/\/paulinenaue.info\/wp-content\/uploads\/2025\/05\/Milchviehanlage-Paulinenaue-1970er-Jahre.jpg","jetpack_sharing_enabled":true,"jetpack_shortlink":"https:\/\/wp.me\/pcYhWA-1KJp","jetpack-related-posts":[{"id":6224,"url":"https:\/\/paulinenaue.info\/index.php\/turmverluste-silos-der-milchviehanlage-abgetragen\/","url_meta":{"origin":417967,"position":0},"title":"Turmverluste &#8211; Silos der Milchviehanlage abgetragen","author":"Joachim Scholz","date":"7. August 2008","format":false,"excerpt":"07.08.2008. Die in letzter Zeit fortschreitende Destruktion der vertrauten baulichen Kulisse unseres Dorfes hat nun auch Teile der Milchviehanlage vor den Toren Paulinenaues erfasst. In den letzten Juli- und ersten Augusttagen 2008 fielen die weithin sichtbaren Hochsilos auf dem zwei Hektar gro\u00dfen Gel\u00e4nde der einstigen 2000er Anlage, die einmal als\u2026","rel":"","context":"In &quot;Allgemein&quot;","block_context":{"text":"Allgemein","link":"https:\/\/paulinenaue.info\/index.php\/category\/allgemein\/"},"img":{"alt_text":"2 noch stehende Silot\u00fcrme","src":"https:\/\/i0.wp.com\/paulinenaue.info\/wp-content\/uploads\/2021\/10\/2008-07-27-MVA-03-ES.jpg?resize=350%2C200&ssl=1","width":350,"height":200,"srcset":"https:\/\/i0.wp.com\/paulinenaue.info\/wp-content\/uploads\/2021\/10\/2008-07-27-MVA-03-ES.jpg?resize=350%2C200&ssl=1 1x, https:\/\/i0.wp.com\/paulinenaue.info\/wp-content\/uploads\/2021\/10\/2008-07-27-MVA-03-ES.jpg?resize=525%2C300&ssl=1 1.5x, https:\/\/i0.wp.com\/paulinenaue.info\/wp-content\/uploads\/2021\/10\/2008-07-27-MVA-03-ES.jpg?resize=700%2C400&ssl=1 2x"},"classes":[]},{"id":418440,"url":"https:\/\/paulinenaue.info\/index.php\/lost-places-exkursion-an-einem-sonntag-im-herbst\/","url_meta":{"origin":417967,"position":1},"title":"Lost-Places-Exkursion an einem Sonntag im Herbst","author":"Joachim Scholz","date":"13. Oktober 2025","format":false,"excerpt":"","rel":"","context":"In &quot;Hier Zuhause&quot;","block_context":{"text":"Hier Zuhause","link":"https:\/\/paulinenaue.info\/index.php\/category\/hier-zuhause\/"},"img":{"alt_text":"","src":"https:\/\/i0.wp.com\/paulinenaue.info\/wp-content\/uploads\/2025\/10\/2025-10-12-MVA-02.jpeg?resize=350%2C200&ssl=1","width":350,"height":200,"srcset":"https:\/\/i0.wp.com\/paulinenaue.info\/wp-content\/uploads\/2025\/10\/2025-10-12-MVA-02.jpeg?resize=350%2C200&ssl=1 1x, https:\/\/i0.wp.com\/paulinenaue.info\/wp-content\/uploads\/2025\/10\/2025-10-12-MVA-02.jpeg?resize=525%2C300&ssl=1 1.5x, https:\/\/i0.wp.com\/paulinenaue.info\/wp-content\/uploads\/2025\/10\/2025-10-12-MVA-02.jpeg?resize=700%2C400&ssl=1 2x"},"classes":[]},{"id":1006,"url":"https:\/\/paulinenaue.info\/index.php\/80-jahre-gemeinde-paulinenaue-eine-serie-zur-ortsgeschichte-teil-6\/","url_meta":{"origin":417967,"position":2},"title":"80 Jahre Gemeinde Paulinenaue \u2013 Eine Serie zur Ortsgeschichte (Teil 6)","author":"Sarah","date":"19. Juni 2017","format":false,"excerpt":"18.11.2004 Teil 6 Von Angelika Kellner 1945 bis 1990 An die Jahre von 1945 bis 1990 haben die meisten Paulinenauer noch eigene Erinnerungen. Nach Kriegsende ver\u00e4nderte sich in Paulinenaue vieles. Neben Bodenreform und Zuwanderung von Menschen, die ihre Heimat verloren hatten, war die Ankunft eines Mannes im Ort von entscheidender\u2026","rel":"","context":"In &quot;Allgemein&quot;","block_context":{"text":"Allgemein","link":"https:\/\/paulinenaue.info\/index.php\/category\/allgemein\/"},"img":{"alt_text":"","src":"https:\/\/i0.wp.com\/paulinenaue.info\/wp-content\/uploads\/2017\/06\/mitscherlichhaus.jpg?resize=350%2C200&ssl=1","width":350,"height":200},"classes":[]},{"id":2350,"url":"https:\/\/paulinenaue.info\/index.php\/heizhausdach-eingestuerzt\/","url_meta":{"origin":417967,"position":3},"title":"Heizhausdach eingest\u00fcrzt","author":"Joachim Scholz","date":"7. September 2018","format":false,"excerpt":"Es ist nicht so leicht, die Mitte von Paulinenaue zu bestimmen. Ohne seine Ortsteile genommen, zieht das eigentliche Dorf sich fast drei Kilometer schlauchf\u00f6rmig von der ehemaligen Milchviehanlage (MVA) bis zum Rothen Husaren die Stra\u00dfe entlang. Mittendrin liegen, wie man'n nimmt, der Bahnhof oder die Feuerwehr oder sogar die Kirche.\u2026","rel":"","context":"In &quot;Allgemein&quot;","block_context":{"text":"Allgemein","link":"https:\/\/paulinenaue.info\/index.php\/category\/allgemein\/"},"img":{"alt_text":"","src":"https:\/\/i0.wp.com\/paulinenaue.info\/wp-content\/uploads\/2018\/09\/2018-09-02-Heinzhaus-Paulinenaue.jpg?resize=350%2C200&ssl=1","width":350,"height":200,"srcset":"https:\/\/i0.wp.com\/paulinenaue.info\/wp-content\/uploads\/2018\/09\/2018-09-02-Heinzhaus-Paulinenaue.jpg?resize=350%2C200&ssl=1 1x, https:\/\/i0.wp.com\/paulinenaue.info\/wp-content\/uploads\/2018\/09\/2018-09-02-Heinzhaus-Paulinenaue.jpg?resize=525%2C300&ssl=1 1.5x, https:\/\/i0.wp.com\/paulinenaue.info\/wp-content\/uploads\/2018\/09\/2018-09-02-Heinzhaus-Paulinenaue.jpg?resize=700%2C400&ssl=1 2x"},"classes":[]},{"id":418139,"url":"https:\/\/paulinenaue.info\/index.php\/klassentreffen-50-jahre-nach-schulabschluss\/","url_meta":{"origin":417967,"position":4},"title":"Klassentreffen 50 Jahre nach Schulabschluss","author":"Joachim Scholz","date":"13. Juni 2025","format":false,"excerpt":"Im September 1967 waren sie eingeschult worden, 1975 wurden sie am Ende der 8. Klasse wieder entlassen. Erst mit dem folgenden Jahrgang wurde die Paulinenauer Schule zehnklassig. W\u00e4hrend ihrer Schulzeit fuhren noch Personenz\u00fcge nach Neuruppin, verlie\u00dfen die letzten Bewohner den Knauerhof im Lindholz, z\u00e4hlten die neue Milchviehanlage und das \u201eInstitut\u2026","rel":"","context":"In &quot;Grundschule&quot;","block_context":{"text":"Grundschule","link":"https:\/\/paulinenaue.info\/index.php\/category\/grundschule\/"},"img":{"alt_text":"","src":"https:\/\/i0.wp.com\/paulinenaue.info\/wp-content\/uploads\/2025\/06\/3262B388-38A6-4FAE-9712-8A0C0B535EAC_1_105_c.jpeg?resize=350%2C200&ssl=1","width":350,"height":200,"srcset":"https:\/\/i0.wp.com\/paulinenaue.info\/wp-content\/uploads\/2025\/06\/3262B388-38A6-4FAE-9712-8A0C0B535EAC_1_105_c.jpeg?resize=350%2C200&ssl=1 1x, https:\/\/i0.wp.com\/paulinenaue.info\/wp-content\/uploads\/2025\/06\/3262B388-38A6-4FAE-9712-8A0C0B535EAC_1_105_c.jpeg?resize=525%2C300&ssl=1 1.5x, https:\/\/i0.wp.com\/paulinenaue.info\/wp-content\/uploads\/2025\/06\/3262B388-38A6-4FAE-9712-8A0C0B535EAC_1_105_c.jpeg?resize=700%2C400&ssl=1 2x, https:\/\/i0.wp.com\/paulinenaue.info\/wp-content\/uploads\/2025\/06\/3262B388-38A6-4FAE-9712-8A0C0B535EAC_1_105_c.jpeg?resize=1050%2C600&ssl=1 3x"},"classes":[]},{"id":4768,"url":"https:\/\/paulinenaue.info\/index.php\/die-waehlergruppe-der-feuerwehr-im-buergerforum\/","url_meta":{"origin":417967,"position":5},"title":"Die W\u00e4hlergruppe der Feuerwehr im B\u00fcrgerforum","author":"Joachim Scholz","date":"13. Mai 2019","format":false,"excerpt":"von Arne Breder Am 8. Mai hatte die W\u00e4hlergruppe der Feuerwehr Paulinenaue um 19 Uhr zum B\u00fcrgerforum eingeladen. Was wir damals bei der Terminfindung nicht wussten, dass am gleichen Abend in der Kita sowie in der Schule Termine angesetzt waren.\u00a0Als um zehn vor sieben Uhr nur f\u00fcnf Paulinenauer anwesend waren,\u2026","rel":"","context":"In &quot;Allgemein&quot;","block_context":{"text":"Allgemein","link":"https:\/\/paulinenaue.info\/index.php\/category\/allgemein\/"},"img":{"alt_text":"","src":"https:\/\/i0.wp.com\/paulinenaue.info\/wp-content\/uploads\/2019\/05\/waehlergruppe-ffpaue.jpg?resize=350%2C200","width":350,"height":200,"srcset":"https:\/\/i0.wp.com\/paulinenaue.info\/wp-content\/uploads\/2019\/05\/waehlergruppe-ffpaue.jpg?resize=350%2C200 1x, https:\/\/i0.wp.com\/paulinenaue.info\/wp-content\/uploads\/2019\/05\/waehlergruppe-ffpaue.jpg?resize=525%2C300 1.5x, https:\/\/i0.wp.com\/paulinenaue.info\/wp-content\/uploads\/2019\/05\/waehlergruppe-ffpaue.jpg?resize=700%2C400 2x"},"classes":[]}],"_links":{"self":[{"href":"https:\/\/paulinenaue.info\/index.php\/wp-json\/wp\/v2\/posts\/417967","targetHints":{"allow":["GET"]}}],"collection":[{"href":"https:\/\/paulinenaue.info\/index.php\/wp-json\/wp\/v2\/posts"}],"about":[{"href":"https:\/\/paulinenaue.info\/index.php\/wp-json\/wp\/v2\/types\/post"}],"author":[{"embeddable":true,"href":"https:\/\/paulinenaue.info\/index.php\/wp-json\/wp\/v2\/users\/1"}],"replies":[{"embeddable":true,"href":"https:\/\/paulinenaue.info\/index.php\/wp-json\/wp\/v2\/comments?post=417967"}],"version-history":[{"count":3,"href":"https:\/\/paulinenaue.info\/index.php\/wp-json\/wp\/v2\/posts\/417967\/revisions"}],"predecessor-version":[{"id":417972,"href":"https:\/\/paulinenaue.info\/index.php\/wp-json\/wp\/v2\/posts\/417967\/revisions\/417972"}],"wp:featuredmedia":[{"embeddable":true,"href":"https:\/\/paulinenaue.info\/index.php\/wp-json\/wp\/v2\/media\/417968"}],"wp:attachment":[{"href":"https:\/\/paulinenaue.info\/index.php\/wp-json\/wp\/v2\/media?parent=417967"}],"wp:term":[{"taxonomy":"category","embeddable":true,"href":"https:\/\/paulinenaue.info\/index.php\/wp-json\/wp\/v2\/categories?post=417967"},{"taxonomy":"post_tag","embeddable":true,"href":"https:\/\/paulinenaue.info\/index.php\/wp-json\/wp\/v2\/tags?post=417967"}],"curies":[{"name":"wp","href":"https:\/\/api.w.org\/{rel}","templated":true}]}}