{"id":417977,"date":"2004-09-10T19:46:58","date_gmt":"2004-09-10T17:46:58","guid":{"rendered":"https:\/\/paulinenaue.info\/?p=417977"},"modified":"2025-05-29T19:54:11","modified_gmt":"2025-05-29T17:54:11","slug":"schliessung-des-bahnuebergangs-ruppiner-strasse","status":"publish","type":"post","link":"https:\/\/paulinenaue.info\/index.php\/schliessung-des-bahnuebergangs-ruppiner-strasse\/","title":{"rendered":"Schlie\u00dfung des Bahn\u00fcbergangs Ruppiner Stra\u00dfe"},"content":{"rendered":"<p>10.09.2004. Die \u00dcberquerung der Eisenbahnlinie ist f\u00fcr Kraftfahrzeuge seit dem Nachmittag des 10. September 2004 nur noch \u00fcber die neu erbaute Br\u00fccke m\u00f6glich. Der seit \u00fcber 150 Jahren bestehende Bahn\u00fcbergang an der Ruppiner Stra\u00dfe ist geschlossen worden.<\/p>\n<div id=\"attachment_417978\" style=\"width: 610px\" class=\"wp-caption alignnone\"><a href=\"https:\/\/paulinenaue.info\/wp-content\/uploads\/2025\/05\/2004-06-20-Bahnlinie-Bahnuebergang-01.jpg\"><img decoding=\"async\" aria-describedby=\"caption-attachment-417978\" data-attachment-id=\"417978\" data-permalink=\"https:\/\/paulinenaue.info\/index.php\/schliessung-des-bahnuebergangs-ruppiner-strasse\/2004-06-20-bahnlinie-bahnuebergang-01\/\" data-orig-file=\"https:\/\/paulinenaue.info\/wp-content\/uploads\/2025\/05\/2004-06-20-Bahnlinie-Bahnuebergang-01.jpg\" data-orig-size=\"750,1000\" data-comments-opened=\"1\" data-image-meta=\"{&quot;aperture&quot;:&quot;9&quot;,&quot;credit&quot;:&quot;&quot;,&quot;camera&quot;:&quot;DSC-P72&quot;,&quot;caption&quot;:&quot;&quot;,&quot;created_timestamp&quot;:&quot;1087668337&quot;,&quot;copyright&quot;:&quot;&quot;,&quot;focal_length&quot;:&quot;13.5&quot;,&quot;iso&quot;:&quot;100&quot;,&quot;shutter_speed&quot;:&quot;0.0125&quot;,&quot;title&quot;:&quot;&quot;,&quot;orientation&quot;:&quot;1&quot;}\" data-image-title=\"2004-06-20, Bahnlinie Bahnu\u0308bergang, 01\" data-image-description=\"\" data-image-caption=\"&lt;p&gt;Seit 1848 existierte der Bahn\u00fcbergang an der Ruppiner Stra\u00dfe. Damals verpflichtete sich die Berlin-Hamburger Eisenbahngesellschaft, f\u00fcr den Paulinenauer Gutsherrn &amp;#8222;eine \u00dcberfahrt resp. Trift \u00fcber die Bahn auf der westlichen Seite des Bahnhofes&amp;#8220; zu errichten. Foto: J. Scholz, 2004&lt;\/p&gt;\n\" data-large-file=\"https:\/\/paulinenaue.info\/wp-content\/uploads\/2025\/05\/2004-06-20-Bahnlinie-Bahnuebergang-01.jpg\" class=\"lazyload size-fusion-600 wp-image-417978\" src=\"https:\/\/paulinenaue.info\/wp-content\/uploads\/2025\/05\/2004-06-20-Bahnlinie-Bahnuebergang-01-600x800.jpg\" data-orig-src=\"https:\/\/paulinenaue.info\/wp-content\/uploads\/2025\/05\/2004-06-20-Bahnlinie-Bahnuebergang-01-600x800.jpg\" alt=\"\" width=\"600\" height=\"800\" srcset=\"data:image\/svg+xml,%3Csvg%20xmlns%3D%27http%3A%2F%2Fwww.w3.org%2F2000%2Fsvg%27%20width%3D%27600%27%20height%3D%27800%27%20viewBox%3D%270%200%20600%20800%27%3E%3Crect%20width%3D%27600%27%20height%3D%27800%27%20fill-opacity%3D%220%22%2F%3E%3C%2Fsvg%3E\" data-srcset=\"https:\/\/paulinenaue.info\/wp-content\/uploads\/2025\/05\/2004-06-20-Bahnlinie-Bahnuebergang-01-200x267.jpg 200w, https:\/\/paulinenaue.info\/wp-content\/uploads\/2025\/05\/2004-06-20-Bahnlinie-Bahnuebergang-01-225x300.jpg 225w, https:\/\/paulinenaue.info\/wp-content\/uploads\/2025\/05\/2004-06-20-Bahnlinie-Bahnuebergang-01-400x533.jpg 400w, https:\/\/paulinenaue.info\/wp-content\/uploads\/2025\/05\/2004-06-20-Bahnlinie-Bahnuebergang-01-600x800.jpg 600w, https:\/\/paulinenaue.info\/wp-content\/uploads\/2025\/05\/2004-06-20-Bahnlinie-Bahnuebergang-01.jpg 750w\" data-sizes=\"auto\" data-orig-sizes=\"(max-width: 600px) 100vw, 600px\" \/><\/a><p id=\"caption-attachment-417978\" class=\"wp-caption-text\"><em>Seit 1848 existierte der Bahn\u00fcbergang an der Ruppiner Stra\u00dfe. Damals verpflichtete sich die Berlin-Hamburger Eisenbahngesellschaft, f\u00fcr den Paulinenauer Gutsherrn &#8222;eine \u00dcberfahrt resp. Trift \u00fcber die Bahn auf der westlichen Seite des Bahnhofes&#8220; zu errichten. Foto: J. Scholz, 2004<\/em><\/p><\/div>\n<p>&nbsp;<\/p>\n<div id=\"attachment_417981\" style=\"width: 610px\" class=\"wp-caption alignnone\"><a href=\"https:\/\/paulinenaue.info\/wp-content\/uploads\/2025\/05\/2004-09-12-Dieter-Blume.jpeg\"><img decoding=\"async\" aria-describedby=\"caption-attachment-417981\" data-attachment-id=\"417981\" data-permalink=\"https:\/\/paulinenaue.info\/index.php\/schliessung-des-bahnuebergangs-ruppiner-strasse\/2004-09-12-dieter-blume\/\" data-orig-file=\"https:\/\/paulinenaue.info\/wp-content\/uploads\/2025\/05\/2004-09-12-Dieter-Blume.jpeg\" data-orig-size=\"1000,750\" data-comments-opened=\"1\" data-image-meta=\"{&quot;aperture&quot;:&quot;5.6&quot;,&quot;credit&quot;:&quot;&quot;,&quot;camera&quot;:&quot;DSC-P72&quot;,&quot;caption&quot;:&quot;&quot;,&quot;created_timestamp&quot;:&quot;1094976929&quot;,&quot;copyright&quot;:&quot;&quot;,&quot;focal_length&quot;:&quot;18&quot;,&quot;iso&quot;:&quot;100&quot;,&quot;shutter_speed&quot;:&quot;0.00625&quot;,&quot;title&quot;:&quot;&quot;,&quot;orientation&quot;:&quot;1&quot;}\" data-image-title=\"2004-09-12, Dieter Blume\" data-image-description=\"\" data-image-caption=\"&lt;p&gt;Die Paulinenauer stehen ver\u00e4nderten Tatsachen gegen\u00fcber. Dieter Blume, dessen Haus unmittelbar an den Schienen liegt, steht vor der Sperre. Nur Zurufe sind noch m\u00f6glich. Foto: J. Scholz, 2004&lt;\/p&gt;\n\" data-large-file=\"https:\/\/paulinenaue.info\/wp-content\/uploads\/2025\/05\/2004-09-12-Dieter-Blume.jpeg\" class=\"lazyload size-fusion-600 wp-image-417981\" src=\"https:\/\/paulinenaue.info\/wp-content\/uploads\/2025\/05\/2004-09-12-Dieter-Blume-600x450.jpeg\" data-orig-src=\"https:\/\/paulinenaue.info\/wp-content\/uploads\/2025\/05\/2004-09-12-Dieter-Blume-600x450.jpeg\" alt=\"\" width=\"600\" height=\"450\" srcset=\"data:image\/svg+xml,%3Csvg%20xmlns%3D%27http%3A%2F%2Fwww.w3.org%2F2000%2Fsvg%27%20width%3D%27600%27%20height%3D%27450%27%20viewBox%3D%270%200%20600%20450%27%3E%3Crect%20width%3D%27600%27%20height%3D%27450%27%20fill-opacity%3D%220%22%2F%3E%3C%2Fsvg%3E\" data-srcset=\"https:\/\/paulinenaue.info\/wp-content\/uploads\/2025\/05\/2004-09-12-Dieter-Blume-200x150.jpeg 200w, https:\/\/paulinenaue.info\/wp-content\/uploads\/2025\/05\/2004-09-12-Dieter-Blume-300x225.jpeg 300w, https:\/\/paulinenaue.info\/wp-content\/uploads\/2025\/05\/2004-09-12-Dieter-Blume-400x300.jpeg 400w, https:\/\/paulinenaue.info\/wp-content\/uploads\/2025\/05\/2004-09-12-Dieter-Blume-600x450.jpeg 600w, https:\/\/paulinenaue.info\/wp-content\/uploads\/2025\/05\/2004-09-12-Dieter-Blume-768x576.jpeg 768w, https:\/\/paulinenaue.info\/wp-content\/uploads\/2025\/05\/2004-09-12-Dieter-Blume-800x600.jpeg 800w, https:\/\/paulinenaue.info\/wp-content\/uploads\/2025\/05\/2004-09-12-Dieter-Blume.jpeg 1000w\" data-sizes=\"auto\" data-orig-sizes=\"(max-width: 600px) 100vw, 600px\" \/><\/a><p id=\"caption-attachment-417981\" class=\"wp-caption-text\"><em>Die Paulinenauer stehen ver\u00e4nderten Tatsachen gegen\u00fcber. Dieter Blume, dessen Haus unmittelbar an den Schienen liegt, steht vor der Sperre. Nur Zurufe sind noch m\u00f6glich. Foto: J. Scholz, 2004<\/em><\/p><\/div>\n<div id=\"attachment_417982\" style=\"width: 610px\" class=\"wp-caption alignnone\"><a href=\"https:\/\/paulinenaue.info\/wp-content\/uploads\/2025\/05\/2004-09-12-Roswitha-Scholz-01.jpg\"><img decoding=\"async\" aria-describedby=\"caption-attachment-417982\" data-attachment-id=\"417982\" data-permalink=\"https:\/\/paulinenaue.info\/index.php\/schliessung-des-bahnuebergangs-ruppiner-strasse\/2004-09-12-roswitha-scholz-01\/\" data-orig-file=\"https:\/\/paulinenaue.info\/wp-content\/uploads\/2025\/05\/2004-09-12-Roswitha-Scholz-01.jpg\" data-orig-size=\"1000,652\" data-comments-opened=\"1\" data-image-meta=\"{&quot;aperture&quot;:&quot;5.6&quot;,&quot;credit&quot;:&quot;&quot;,&quot;camera&quot;:&quot;DSC-P72&quot;,&quot;caption&quot;:&quot;&quot;,&quot;created_timestamp&quot;:&quot;1094982498&quot;,&quot;copyright&quot;:&quot;&quot;,&quot;focal_length&quot;:&quot;6&quot;,&quot;iso&quot;:&quot;100&quot;,&quot;shutter_speed&quot;:&quot;0.002&quot;,&quot;title&quot;:&quot;&quot;,&quot;orientation&quot;:&quot;1&quot;}\" data-image-title=\"2004-09-12, Roswitha Scholz, 01\" data-image-description=\"\" data-image-caption=\"&lt;p&gt;L\u00e4ssig rollt Roswitha Scholz den neuen Fu\u00dfg\u00e4ngertunnel hinab. Bergauf sei es etwas steil, findet sie. Foto: J. Scholz, 2004&lt;\/p&gt;\n\" data-large-file=\"https:\/\/paulinenaue.info\/wp-content\/uploads\/2025\/05\/2004-09-12-Roswitha-Scholz-01.jpg\" class=\"lazyload size-fusion-600 wp-image-417982\" src=\"https:\/\/paulinenaue.info\/wp-content\/uploads\/2025\/05\/2004-09-12-Roswitha-Scholz-01-600x391.jpg\" data-orig-src=\"https:\/\/paulinenaue.info\/wp-content\/uploads\/2025\/05\/2004-09-12-Roswitha-Scholz-01-600x391.jpg\" alt=\"\" width=\"600\" height=\"391\" srcset=\"data:image\/svg+xml,%3Csvg%20xmlns%3D%27http%3A%2F%2Fwww.w3.org%2F2000%2Fsvg%27%20width%3D%27600%27%20height%3D%27391%27%20viewBox%3D%270%200%20600%20391%27%3E%3Crect%20width%3D%27600%27%20height%3D%27391%27%20fill-opacity%3D%220%22%2F%3E%3C%2Fsvg%3E\" data-srcset=\"https:\/\/paulinenaue.info\/wp-content\/uploads\/2025\/05\/2004-09-12-Roswitha-Scholz-01-200x130.jpg 200w, https:\/\/paulinenaue.info\/wp-content\/uploads\/2025\/05\/2004-09-12-Roswitha-Scholz-01-300x196.jpg 300w, https:\/\/paulinenaue.info\/wp-content\/uploads\/2025\/05\/2004-09-12-Roswitha-Scholz-01-400x261.jpg 400w, https:\/\/paulinenaue.info\/wp-content\/uploads\/2025\/05\/2004-09-12-Roswitha-Scholz-01-600x391.jpg 600w, https:\/\/paulinenaue.info\/wp-content\/uploads\/2025\/05\/2004-09-12-Roswitha-Scholz-01-768x501.jpg 768w, https:\/\/paulinenaue.info\/wp-content\/uploads\/2025\/05\/2004-09-12-Roswitha-Scholz-01-800x522.jpg 800w, https:\/\/paulinenaue.info\/wp-content\/uploads\/2025\/05\/2004-09-12-Roswitha-Scholz-01.jpg 1000w\" data-sizes=\"auto\" data-orig-sizes=\"(max-width: 600px) 100vw, 600px\" \/><\/a><p id=\"caption-attachment-417982\" class=\"wp-caption-text\"><em>L\u00e4ssig rollt Roswitha Scholz den neuen Fu\u00dfg\u00e4ngertunnel hinab. Bergauf sei es etwas steil, findet sie. Foto: J. Scholz, 2004<\/em><\/p><\/div>\n","protected":false},"excerpt":{"rendered":"<p>10.09.2004. Die \u00dcberquerung der Eisenbahnlinie ist f\u00fcr Kraftfahrzeuge seit dem [&hellip;]<\/p>\n","protected":false},"author":1,"featured_media":417980,"comment_status":"open","ping_status":"open","sticky":false,"template":"","format":"standard","meta":{"_acf_changed":false,"_price":"","_stock":"","_tribe_ticket_header":"","_tribe_default_ticket_provider":"","_tribe_ticket_capacity":"0","_ticket_start_date":"","_ticket_end_date":"","_tribe_ticket_show_description":"","_tribe_ticket_show_not_going":false,"_tribe_ticket_use_global_stock":"","_tribe_ticket_global_stock_level":"","_global_stock_mode":"","_global_stock_cap":"","_tribe_rsvp_for_event":"","_tribe_ticket_going_count":"","_tribe_ticket_not_going_count":"","_tribe_tickets_list":"[]","_tribe_ticket_has_attendee_info_fields":false,"jetpack_post_was_ever_published":false,"_jetpack_newsletter_access":"","_jetpack_dont_email_post_to_subs":false,"_jetpack_newsletter_tier_id":0,"_jetpack_memberships_contains_paywalled_content":false,"_jetpack_memberships_contains_paid_content":false,"footnotes":"","jetpack_publicize_message":"","jetpack_publicize_feature_enabled":true,"jetpack_social_post_already_shared":true,"jetpack_social_options":{"image_generator_settings":{"template":"highway","default_image_id":0,"font":"","enabled":false},"version":2}},"categories":[280,40,9,526],"tags":[59,495],"class_list":["post-417977","post","type-post","status-publish","format-standard","has-post-thumbnail","hentry","category-bahnhof","category-dorfentwicklung","category-neuigkeiten","category-ortsgeschichte","tag-eisenbahn","tag-eisenbahngeschichte"],"acf":[],"yoast_head":"<!-- This site is optimized with the Yoast SEO plugin v27.5 - https:\/\/yoast.com\/product\/yoast-seo-wordpress\/ -->\n<title>Schlie\u00dfung des Bahn\u00fcbergangs Ruppiner Stra\u00dfe - Paulinenaue<\/title>\n<meta name=\"description\" content=\"Der seit \u00fcber 150 Jahren bestehende Bahn\u00fcbergang an der Ruppiner Stra\u00dfe ist f\u00fcr den motorisierten Verkehr geschlossen worden.\" \/>\n<meta name=\"robots\" content=\"index, follow, max-snippet:-1, max-image-preview:large, max-video-preview:-1\" \/>\n<link rel=\"canonical\" href=\"https:\/\/paulinenaue.info\/index.php\/schliessung-des-bahnuebergangs-ruppiner-strasse\/\" \/>\n<meta property=\"og:locale\" content=\"de_DE\" \/>\n<meta property=\"og:type\" content=\"article\" \/>\n<meta property=\"og:title\" content=\"Schlie\u00dfung des Bahn\u00fcbergangs Ruppiner Stra\u00dfe - Paulinenaue\" \/>\n<meta property=\"og:description\" content=\"Der seit \u00fcber 150 Jahren bestehende Bahn\u00fcbergang an der Ruppiner Stra\u00dfe ist f\u00fcr den motorisierten Verkehr geschlossen worden.\" \/>\n<meta property=\"og:url\" content=\"https:\/\/paulinenaue.info\/index.php\/schliessung-des-bahnuebergangs-ruppiner-strasse\/\" \/>\n<meta property=\"og:site_name\" content=\"Paulinenaue\" \/>\n<meta property=\"article:published_time\" content=\"2004-09-10T17:46:58+00:00\" \/>\n<meta property=\"article:modified_time\" content=\"2025-05-29T17:54:11+00:00\" \/>\n<meta property=\"og:image\" content=\"https:\/\/paulinenaue.info\/wp-content\/uploads\/2025\/05\/2004-09-12-Bahnhuebergang-02.jpeg\" \/>\n\t<meta property=\"og:image:width\" content=\"1000\" \/>\n\t<meta property=\"og:image:height\" content=\"750\" \/>\n\t<meta property=\"og:image:type\" content=\"image\/jpeg\" \/>\n<meta name=\"author\" content=\"Joachim Scholz\" \/>\n<meta name=\"twitter:card\" content=\"summary_large_image\" \/>\n<meta name=\"twitter:label1\" content=\"Verfasst von\" \/>\n\t<meta name=\"twitter:data1\" content=\"Joachim Scholz\" \/>\n\t<meta name=\"twitter:label2\" content=\"Gesch\u00e4tzte Lesezeit\" \/>\n\t<meta name=\"twitter:data2\" content=\"2\u00a0Minuten\" \/>\n<script type=\"application\/ld+json\" class=\"yoast-schema-graph\">{\"@context\":\"https:\\\/\\\/schema.org\",\"@graph\":[{\"@type\":\"Article\",\"@id\":\"https:\\\/\\\/paulinenaue.info\\\/index.php\\\/schliessung-des-bahnuebergangs-ruppiner-strasse\\\/#article\",\"isPartOf\":{\"@id\":\"https:\\\/\\\/paulinenaue.info\\\/index.php\\\/schliessung-des-bahnuebergangs-ruppiner-strasse\\\/\"},\"author\":{\"name\":\"Joachim Scholz\",\"@id\":\"https:\\\/\\\/paulinenaue.info\\\/#\\\/schema\\\/person\\\/3f9e818fd7b69b0d2bd937ac506897cc\"},\"headline\":\"Schlie\u00dfung des Bahn\u00fcbergangs Ruppiner Stra\u00dfe\",\"datePublished\":\"2004-09-10T17:46:58+00:00\",\"dateModified\":\"2025-05-29T17:54:11+00:00\",\"mainEntityOfPage\":{\"@id\":\"https:\\\/\\\/paulinenaue.info\\\/index.php\\\/schliessung-des-bahnuebergangs-ruppiner-strasse\\\/\"},\"wordCount\":158,\"commentCount\":0,\"image\":{\"@id\":\"https:\\\/\\\/paulinenaue.info\\\/index.php\\\/schliessung-des-bahnuebergangs-ruppiner-strasse\\\/#primaryimage\"},\"thumbnailUrl\":\"https:\\\/\\\/paulinenaue.info\\\/wp-content\\\/uploads\\\/2025\\\/05\\\/2004-09-12-Bahnhuebergang-02.jpeg\",\"keywords\":[\"Eisenbahn\",\"Eisenbahngeschichte\"],\"articleSection\":[\"Bahnhof\",\"Dorfentwicklung\",\"Neuigkeiten\",\"Ortsgeschichte\"],\"inLanguage\":\"de\",\"potentialAction\":[{\"@type\":\"CommentAction\",\"name\":\"Comment\",\"target\":[\"https:\\\/\\\/paulinenaue.info\\\/index.php\\\/schliessung-des-bahnuebergangs-ruppiner-strasse\\\/#respond\"]}]},{\"@type\":\"WebPage\",\"@id\":\"https:\\\/\\\/paulinenaue.info\\\/index.php\\\/schliessung-des-bahnuebergangs-ruppiner-strasse\\\/\",\"url\":\"https:\\\/\\\/paulinenaue.info\\\/index.php\\\/schliessung-des-bahnuebergangs-ruppiner-strasse\\\/\",\"name\":\"Schlie\u00dfung des Bahn\u00fcbergangs Ruppiner Stra\u00dfe - Paulinenaue\",\"isPartOf\":{\"@id\":\"https:\\\/\\\/paulinenaue.info\\\/#website\"},\"primaryImageOfPage\":{\"@id\":\"https:\\\/\\\/paulinenaue.info\\\/index.php\\\/schliessung-des-bahnuebergangs-ruppiner-strasse\\\/#primaryimage\"},\"image\":{\"@id\":\"https:\\\/\\\/paulinenaue.info\\\/index.php\\\/schliessung-des-bahnuebergangs-ruppiner-strasse\\\/#primaryimage\"},\"thumbnailUrl\":\"https:\\\/\\\/paulinenaue.info\\\/wp-content\\\/uploads\\\/2025\\\/05\\\/2004-09-12-Bahnhuebergang-02.jpeg\",\"datePublished\":\"2004-09-10T17:46:58+00:00\",\"dateModified\":\"2025-05-29T17:54:11+00:00\",\"author\":{\"@id\":\"https:\\\/\\\/paulinenaue.info\\\/#\\\/schema\\\/person\\\/3f9e818fd7b69b0d2bd937ac506897cc\"},\"description\":\"Der seit \u00fcber 150 Jahren bestehende Bahn\u00fcbergang an der Ruppiner Stra\u00dfe ist f\u00fcr den motorisierten Verkehr geschlossen worden.\",\"breadcrumb\":{\"@id\":\"https:\\\/\\\/paulinenaue.info\\\/index.php\\\/schliessung-des-bahnuebergangs-ruppiner-strasse\\\/#breadcrumb\"},\"inLanguage\":\"de\",\"potentialAction\":[{\"@type\":\"ReadAction\",\"target\":[\"https:\\\/\\\/paulinenaue.info\\\/index.php\\\/schliessung-des-bahnuebergangs-ruppiner-strasse\\\/\"]}]},{\"@type\":\"ImageObject\",\"inLanguage\":\"de\",\"@id\":\"https:\\\/\\\/paulinenaue.info\\\/index.php\\\/schliessung-des-bahnuebergangs-ruppiner-strasse\\\/#primaryimage\",\"url\":\"https:\\\/\\\/paulinenaue.info\\\/wp-content\\\/uploads\\\/2025\\\/05\\\/2004-09-12-Bahnhuebergang-02.jpeg\",\"contentUrl\":\"https:\\\/\\\/paulinenaue.info\\\/wp-content\\\/uploads\\\/2025\\\/05\\\/2004-09-12-Bahnhuebergang-02.jpeg\",\"width\":1000,\"height\":750},{\"@type\":\"BreadcrumbList\",\"@id\":\"https:\\\/\\\/paulinenaue.info\\\/index.php\\\/schliessung-des-bahnuebergangs-ruppiner-strasse\\\/#breadcrumb\",\"itemListElement\":[{\"@type\":\"ListItem\",\"position\":1,\"name\":\"Home\",\"item\":\"https:\\\/\\\/paulinenaue.info\\\/\"},{\"@type\":\"ListItem\",\"position\":2,\"name\":\"Schlie\u00dfung des Bahn\u00fcbergangs Ruppiner Stra\u00dfe\"}]},{\"@type\":\"WebSite\",\"@id\":\"https:\\\/\\\/paulinenaue.info\\\/#website\",\"url\":\"https:\\\/\\\/paulinenaue.info\\\/\",\"name\":\"Paulinenaue\",\"description\":\"Ein Dorf im Havelland\",\"potentialAction\":[{\"@type\":\"SearchAction\",\"target\":{\"@type\":\"EntryPoint\",\"urlTemplate\":\"https:\\\/\\\/paulinenaue.info\\\/?s={search_term_string}\"},\"query-input\":{\"@type\":\"PropertyValueSpecification\",\"valueRequired\":true,\"valueName\":\"search_term_string\"}}],\"inLanguage\":\"de\"},{\"@type\":\"Person\",\"@id\":\"https:\\\/\\\/paulinenaue.info\\\/#\\\/schema\\\/person\\\/3f9e818fd7b69b0d2bd937ac506897cc\",\"name\":\"Joachim Scholz\",\"url\":\"https:\\\/\\\/paulinenaue.info\\\/index.php\\\/author\\\/jjscholz\\\/\"}]}<\/script>\n<!-- \/ Yoast SEO plugin. -->","yoast_head_json":{"title":"Schlie\u00dfung des Bahn\u00fcbergangs Ruppiner Stra\u00dfe - Paulinenaue","description":"Der seit \u00fcber 150 Jahren bestehende Bahn\u00fcbergang an der Ruppiner Stra\u00dfe ist f\u00fcr den motorisierten Verkehr geschlossen worden.","robots":{"index":"index","follow":"follow","max-snippet":"max-snippet:-1","max-image-preview":"max-image-preview:large","max-video-preview":"max-video-preview:-1"},"canonical":"https:\/\/paulinenaue.info\/index.php\/schliessung-des-bahnuebergangs-ruppiner-strasse\/","og_locale":"de_DE","og_type":"article","og_title":"Schlie\u00dfung des Bahn\u00fcbergangs Ruppiner Stra\u00dfe - Paulinenaue","og_description":"Der seit \u00fcber 150 Jahren bestehende Bahn\u00fcbergang an der Ruppiner Stra\u00dfe ist f\u00fcr den motorisierten Verkehr geschlossen worden.","og_url":"https:\/\/paulinenaue.info\/index.php\/schliessung-des-bahnuebergangs-ruppiner-strasse\/","og_site_name":"Paulinenaue","article_published_time":"2004-09-10T17:46:58+00:00","article_modified_time":"2025-05-29T17:54:11+00:00","og_image":[{"width":1000,"height":750,"url":"https:\/\/paulinenaue.info\/wp-content\/uploads\/2025\/05\/2004-09-12-Bahnhuebergang-02.jpeg","type":"image\/jpeg"}],"author":"Joachim Scholz","twitter_card":"summary_large_image","twitter_misc":{"Verfasst von":"Joachim Scholz","Gesch\u00e4tzte Lesezeit":"2\u00a0Minuten"},"schema":{"@context":"https:\/\/schema.org","@graph":[{"@type":"Article","@id":"https:\/\/paulinenaue.info\/index.php\/schliessung-des-bahnuebergangs-ruppiner-strasse\/#article","isPartOf":{"@id":"https:\/\/paulinenaue.info\/index.php\/schliessung-des-bahnuebergangs-ruppiner-strasse\/"},"author":{"name":"Joachim Scholz","@id":"https:\/\/paulinenaue.info\/#\/schema\/person\/3f9e818fd7b69b0d2bd937ac506897cc"},"headline":"Schlie\u00dfung des Bahn\u00fcbergangs Ruppiner Stra\u00dfe","datePublished":"2004-09-10T17:46:58+00:00","dateModified":"2025-05-29T17:54:11+00:00","mainEntityOfPage":{"@id":"https:\/\/paulinenaue.info\/index.php\/schliessung-des-bahnuebergangs-ruppiner-strasse\/"},"wordCount":158,"commentCount":0,"image":{"@id":"https:\/\/paulinenaue.info\/index.php\/schliessung-des-bahnuebergangs-ruppiner-strasse\/#primaryimage"},"thumbnailUrl":"https:\/\/paulinenaue.info\/wp-content\/uploads\/2025\/05\/2004-09-12-Bahnhuebergang-02.jpeg","keywords":["Eisenbahn","Eisenbahngeschichte"],"articleSection":["Bahnhof","Dorfentwicklung","Neuigkeiten","Ortsgeschichte"],"inLanguage":"de","potentialAction":[{"@type":"CommentAction","name":"Comment","target":["https:\/\/paulinenaue.info\/index.php\/schliessung-des-bahnuebergangs-ruppiner-strasse\/#respond"]}]},{"@type":"WebPage","@id":"https:\/\/paulinenaue.info\/index.php\/schliessung-des-bahnuebergangs-ruppiner-strasse\/","url":"https:\/\/paulinenaue.info\/index.php\/schliessung-des-bahnuebergangs-ruppiner-strasse\/","name":"Schlie\u00dfung des Bahn\u00fcbergangs Ruppiner Stra\u00dfe - Paulinenaue","isPartOf":{"@id":"https:\/\/paulinenaue.info\/#website"},"primaryImageOfPage":{"@id":"https:\/\/paulinenaue.info\/index.php\/schliessung-des-bahnuebergangs-ruppiner-strasse\/#primaryimage"},"image":{"@id":"https:\/\/paulinenaue.info\/index.php\/schliessung-des-bahnuebergangs-ruppiner-strasse\/#primaryimage"},"thumbnailUrl":"https:\/\/paulinenaue.info\/wp-content\/uploads\/2025\/05\/2004-09-12-Bahnhuebergang-02.jpeg","datePublished":"2004-09-10T17:46:58+00:00","dateModified":"2025-05-29T17:54:11+00:00","author":{"@id":"https:\/\/paulinenaue.info\/#\/schema\/person\/3f9e818fd7b69b0d2bd937ac506897cc"},"description":"Der seit \u00fcber 150 Jahren bestehende Bahn\u00fcbergang an der Ruppiner Stra\u00dfe ist f\u00fcr den motorisierten Verkehr geschlossen worden.","breadcrumb":{"@id":"https:\/\/paulinenaue.info\/index.php\/schliessung-des-bahnuebergangs-ruppiner-strasse\/#breadcrumb"},"inLanguage":"de","potentialAction":[{"@type":"ReadAction","target":["https:\/\/paulinenaue.info\/index.php\/schliessung-des-bahnuebergangs-ruppiner-strasse\/"]}]},{"@type":"ImageObject","inLanguage":"de","@id":"https:\/\/paulinenaue.info\/index.php\/schliessung-des-bahnuebergangs-ruppiner-strasse\/#primaryimage","url":"https:\/\/paulinenaue.info\/wp-content\/uploads\/2025\/05\/2004-09-12-Bahnhuebergang-02.jpeg","contentUrl":"https:\/\/paulinenaue.info\/wp-content\/uploads\/2025\/05\/2004-09-12-Bahnhuebergang-02.jpeg","width":1000,"height":750},{"@type":"BreadcrumbList","@id":"https:\/\/paulinenaue.info\/index.php\/schliessung-des-bahnuebergangs-ruppiner-strasse\/#breadcrumb","itemListElement":[{"@type":"ListItem","position":1,"name":"Home","item":"https:\/\/paulinenaue.info\/"},{"@type":"ListItem","position":2,"name":"Schlie\u00dfung des Bahn\u00fcbergangs Ruppiner Stra\u00dfe"}]},{"@type":"WebSite","@id":"https:\/\/paulinenaue.info\/#website","url":"https:\/\/paulinenaue.info\/","name":"Paulinenaue","description":"Ein Dorf im Havelland","potentialAction":[{"@type":"SearchAction","target":{"@type":"EntryPoint","urlTemplate":"https:\/\/paulinenaue.info\/?s={search_term_string}"},"query-input":{"@type":"PropertyValueSpecification","valueRequired":true,"valueName":"search_term_string"}}],"inLanguage":"de"},{"@type":"Person","@id":"https:\/\/paulinenaue.info\/#\/schema\/person\/3f9e818fd7b69b0d2bd937ac506897cc","name":"Joachim Scholz","url":"https:\/\/paulinenaue.info\/index.php\/author\/jjscholz\/"}]}},"jetpack_publicize_connections":[],"jetpack_featured_media_url":"https:\/\/paulinenaue.info\/wp-content\/uploads\/2025\/05\/2004-09-12-Bahnhuebergang-02.jpeg","jetpack_sharing_enabled":true,"jetpack_shortlink":"https:\/\/wp.me\/pcYhWA-1KJz","jetpack-related-posts":[{"id":1516,"url":"https:\/\/paulinenaue.info\/index.php\/nachklang-so-hoerten-sich-die-paulinenauer-schranken-an\/","url_meta":{"origin":417977,"position":0},"title":"Nachklang: So h\u00f6rten sich die Paulinenauer Schranken an","author":"Sarah","date":"29. Juli 2007","format":false,"excerpt":"Artikel aus dem Archiv der Website von Joachim Scholz Der beschrankte Bahn\u00fcbergang in Paulinenaue ist nun schon seit drei Jahren Geschichte und man kann sagen, dass die Paulinenauer den Wegfall der \u201eSchranken\u201c recht gut verkraftet haben. Kein Wunder, denn die Schranken waren vor allem Zeitr\u00e4uber und hatten nur wenige Vorteile.\u2026","rel":"","context":"In &quot;Allgemein&quot;","block_context":{"text":"Allgemein","link":"https:\/\/paulinenaue.info\/index.php\/category\/allgemein\/"},"img":{"alt_text":"","src":"https:\/\/i0.wp.com\/paulinenaue.info\/wp-content\/uploads\/2017\/09\/Bahnubergang-Ruppiner-Strasse-ca.-1960.jpg?resize=350%2C200","width":350,"height":200,"srcset":"https:\/\/i0.wp.com\/paulinenaue.info\/wp-content\/uploads\/2017\/09\/Bahnubergang-Ruppiner-Strasse-ca.-1960.jpg?resize=350%2C200 1x, https:\/\/i0.wp.com\/paulinenaue.info\/wp-content\/uploads\/2017\/09\/Bahnubergang-Ruppiner-Strasse-ca.-1960.jpg?resize=525%2C300 1.5x, https:\/\/i0.wp.com\/paulinenaue.info\/wp-content\/uploads\/2017\/09\/Bahnubergang-Ruppiner-Strasse-ca.-1960.jpg?resize=700%2C400 2x"},"classes":[]},{"id":907,"url":"https:\/\/paulinenaue.info\/index.php\/paulinenaue-aus-der-vogelperspektive-im-dezember-2003\/","url_meta":{"origin":417977,"position":1},"title":"Paulinenaue aus der Vogelperspektive im Dezember 2003","author":"Sarah","date":"10. Juni 2017","format":false,"excerpt":"22.03.2004 Joachim Scholz Zum derzeitigen intensiven Baugeschehen im Bahnbereich geh\u00f6rte auch die Aufstellung eines 50 Meter hohen Baukranes an exponierter Stelle im Dorf. Die aus luftiger H\u00f6he gemachten Fotografien entstanden im Dezember 2003.","rel":"","context":"In &quot;Allgemein&quot;","block_context":{"text":"Allgemein","link":"https:\/\/paulinenaue.info\/index.php\/category\/allgemein\/"},"img":{"alt_text":"","src":"https:\/\/i0.wp.com\/paulinenaue.info\/wp-content\/uploads\/2017\/06\/bahnhof_20031207_01.jpg?resize=350%2C200&ssl=1","width":350,"height":200},"classes":[]},{"id":961,"url":"https:\/\/paulinenaue.info\/index.php\/80-jahre-gemeinde-paulinenaue-eine-serie-zur-ortsgeschichte-teil-3\/","url_meta":{"origin":417977,"position":2},"title":"80 Jahre Gemeinde Paulinenaue \u2013 Eine Serie zur Ortsgeschichte (Teil 3)","author":"Sarah","date":"10. Juni 2017","format":false,"excerpt":"08.09.2004 Teil 3 Paulinenaue und die Eisenbahn Jeder Paulinenauer wei\u00df, dass unser Dorf durch die Eisenbahn gepr\u00e4gt wurde. In den 40er Jahren des 19. Jahrhunderts hielten die bewegten Zeiten im wahrsten Sinne des Wortes Einzug. \u201eErw\u00e4gen Sie [bitte]\u201c, hei\u00dft es im Generalbericht der Berlin-Hamburger Eisenbahndirektion f\u00fcr das Jahr 1847 \u201eda\u00df\u2026","rel":"","context":"In &quot;Allgemein&quot;","block_context":{"text":"Allgemein","link":"https:\/\/paulinenaue.info\/index.php\/category\/allgemein\/"},"img":{"alt_text":"","src":"https:\/\/i0.wp.com\/paulinenaue.info\/wp-content\/uploads\/2017\/06\/bhf_um-1918.jpg?resize=350%2C200&ssl=1","width":350,"height":200},"classes":[]},{"id":418075,"url":"https:\/\/paulinenaue.info\/index.php\/100-jahre-ortsgeschichtsschreibung\/","url_meta":{"origin":417977,"position":3},"title":"100 Jahre Ortsgeschichtsschreibung","author":"Joachim Scholz","date":"9. Juni 2025","format":false,"excerpt":"","rel":"","context":"In &quot;Dorfentwicklung&quot;","block_context":{"text":"Dorfentwicklung","link":"https:\/\/paulinenaue.info\/index.php\/category\/dorfentwicklung\/"},"img":{"alt_text":"","src":"https:\/\/i0.wp.com\/paulinenaue.info\/wp-content\/uploads\/2025\/06\/1900-ca.-Paulinenaue-Schaeferhaus-unbearbeitet.jpeg?resize=350%2C200&ssl=1","width":350,"height":200,"srcset":"https:\/\/i0.wp.com\/paulinenaue.info\/wp-content\/uploads\/2025\/06\/1900-ca.-Paulinenaue-Schaeferhaus-unbearbeitet.jpeg?resize=350%2C200&ssl=1 1x, https:\/\/i0.wp.com\/paulinenaue.info\/wp-content\/uploads\/2025\/06\/1900-ca.-Paulinenaue-Schaeferhaus-unbearbeitet.jpeg?resize=525%2C300&ssl=1 1.5x, https:\/\/i0.wp.com\/paulinenaue.info\/wp-content\/uploads\/2025\/06\/1900-ca.-Paulinenaue-Schaeferhaus-unbearbeitet.jpeg?resize=700%2C400&ssl=1 2x"},"classes":[]},{"id":417988,"url":"https:\/\/paulinenaue.info\/index.php\/altes-paulinenauer-kopfsteinpflaster\/","url_meta":{"origin":417977,"position":4},"title":"Stra\u00dfenbau f\u00f6rdert altes Paulinenauer Kopfsteinpflaster zu Tage","author":"Joachim Scholz","date":"7. August 2008","format":false,"excerpt":"07.08.2008. Dass Paulinenaue ein Kind des 19. Jahrhunderts ist, kann man dank der Stra\u00dfenbauarbeiten inmitten des Dorfes gerade auf anschauliche Weise erfahren. In Paulinenaue wird in diesem Jahr die durch das Dorf f\u00fchrende Kreisstra\u00dfe HVL 12 erneuert. Die Aufhebung der Asphaltdecke bringt hier das historische Pflaster unter der Bahnhofstra\u00dfe wieder\u2026","rel":"","context":"In &quot;Allgemein&quot;","block_context":{"text":"Allgemein","link":"https:\/\/paulinenaue.info\/index.php\/category\/allgemein\/"},"img":{"alt_text":"","src":"https:\/\/i0.wp.com\/paulinenaue.info\/wp-content\/uploads\/2025\/05\/2008-07-27-Kopfsteinpflaster-05_es.jpeg?resize=350%2C200&ssl=1","width":350,"height":200,"srcset":"https:\/\/i0.wp.com\/paulinenaue.info\/wp-content\/uploads\/2025\/05\/2008-07-27-Kopfsteinpflaster-05_es.jpeg?resize=350%2C200&ssl=1 1x, https:\/\/i0.wp.com\/paulinenaue.info\/wp-content\/uploads\/2025\/05\/2008-07-27-Kopfsteinpflaster-05_es.jpeg?resize=525%2C300&ssl=1 1.5x, https:\/\/i0.wp.com\/paulinenaue.info\/wp-content\/uploads\/2025\/05\/2008-07-27-Kopfsteinpflaster-05_es.jpeg?resize=700%2C400&ssl=1 2x"},"classes":[]},{"id":1430,"url":"https:\/\/paulinenaue.info\/index.php\/erste-schritte-in-die-zukunft-des-paulinenauer-bahnhofsgebaeude\/","url_meta":{"origin":417977,"position":5},"title":"Erste Schritte in die Zukunft des Paulinenauer Bahnhofsgeb\u00e4udes","author":"Joachim Scholz","date":"3. Februar 2008","format":false,"excerpt":"Im Bahnhof k\u00f6nnte wieder das Herz des Dorfes schlagen Ein Zeichen, dass in Paulinenaues Mitte etwas in Gang kommt, ist mit dem k\u00fcrzlich sanierten Bahnhofsvorplatz bereits gesetzt. Der schmucke Platz aber hat seit seiner Fertigstellung den Handlungsbedarf beim Bahnhofsgeb\u00e4ude selbst nur noch mehr hervortreten lassen und da die Gemeinde den\u2026","rel":"","context":"In &quot;Allgemein&quot;","block_context":{"text":"Allgemein","link":"https:\/\/paulinenaue.info\/index.php\/category\/allgemein\/"},"img":{"alt_text":"","src":"https:\/\/i0.wp.com\/paulinenaue.info\/wp-content\/uploads\/2019\/01\/2007-12-01-Bahnhof.jpg?resize=350%2C200&ssl=1","width":350,"height":200,"srcset":"https:\/\/i0.wp.com\/paulinenaue.info\/wp-content\/uploads\/2019\/01\/2007-12-01-Bahnhof.jpg?resize=350%2C200&ssl=1 1x, https:\/\/i0.wp.com\/paulinenaue.info\/wp-content\/uploads\/2019\/01\/2007-12-01-Bahnhof.jpg?resize=525%2C300&ssl=1 1.5x, https:\/\/i0.wp.com\/paulinenaue.info\/wp-content\/uploads\/2019\/01\/2007-12-01-Bahnhof.jpg?resize=700%2C400&ssl=1 2x"},"classes":[]}],"_links":{"self":[{"href":"https:\/\/paulinenaue.info\/index.php\/wp-json\/wp\/v2\/posts\/417977","targetHints":{"allow":["GET"]}}],"collection":[{"href":"https:\/\/paulinenaue.info\/index.php\/wp-json\/wp\/v2\/posts"}],"about":[{"href":"https:\/\/paulinenaue.info\/index.php\/wp-json\/wp\/v2\/types\/post"}],"author":[{"embeddable":true,"href":"https:\/\/paulinenaue.info\/index.php\/wp-json\/wp\/v2\/users\/1"}],"replies":[{"embeddable":true,"href":"https:\/\/paulinenaue.info\/index.php\/wp-json\/wp\/v2\/comments?post=417977"}],"version-history":[{"count":3,"href":"https:\/\/paulinenaue.info\/index.php\/wp-json\/wp\/v2\/posts\/417977\/revisions"}],"predecessor-version":[{"id":417985,"href":"https:\/\/paulinenaue.info\/index.php\/wp-json\/wp\/v2\/posts\/417977\/revisions\/417985"}],"wp:featuredmedia":[{"embeddable":true,"href":"https:\/\/paulinenaue.info\/index.php\/wp-json\/wp\/v2\/media\/417980"}],"wp:attachment":[{"href":"https:\/\/paulinenaue.info\/index.php\/wp-json\/wp\/v2\/media?parent=417977"}],"wp:term":[{"taxonomy":"category","embeddable":true,"href":"https:\/\/paulinenaue.info\/index.php\/wp-json\/wp\/v2\/categories?post=417977"},{"taxonomy":"post_tag","embeddable":true,"href":"https:\/\/paulinenaue.info\/index.php\/wp-json\/wp\/v2\/tags?post=417977"}],"curies":[{"name":"wp","href":"https:\/\/api.w.org\/{rel}","templated":true}]}}