{"id":417988,"date":"2008-08-07T12:00:03","date_gmt":"2008-08-07T10:00:03","guid":{"rendered":"https:\/\/paulinenaue.info\/?p=417988"},"modified":"2025-05-30T02:08:59","modified_gmt":"2025-05-30T00:08:59","slug":"altes-paulinenauer-kopfsteinpflaster","status":"publish","type":"post","link":"https:\/\/paulinenaue.info\/index.php\/altes-paulinenauer-kopfsteinpflaster\/","title":{"rendered":"Stra\u00dfenbau f\u00f6rdert altes Paulinenauer Kopfsteinpflaster zu Tage"},"content":{"rendered":"<p>07.08.2008. Dass Paulinenaue ein Kind des 19. Jahrhunderts ist, kann man dank der Stra\u00dfenbauarbeiten inmitten des Dorfes gerade auf anschauliche Weise erfahren. In Paulinenaue wird in diesem Jahr die durch das Dorf f\u00fchrende <a href=\"https:\/\/www.havelland.de\/presse\/einzelansicht\/news\/detail\/article\/investitionsmassnahmen-im-strassenbau-2008-ortslage-senzke-und-ortslage-paulinenaue\/\">Kreisstra\u00dfe HVL 12 erneuert<\/a>. Die Aufhebung der Asphaltdecke bringt hier das historische Pflaster unter der Bahnhofstra\u00dfe wieder zum Vorschein.<\/p>\n<p>&nbsp;<\/p>\n<div id=\"attachment_417989\" style=\"width: 610px\" class=\"wp-caption alignnone\"><a href=\"https:\/\/paulinenaue.info\/wp-content\/uploads\/2025\/05\/2008-07-27-Kopfsteinpflaster-01_es.jpeg\"><img decoding=\"async\" aria-describedby=\"caption-attachment-417989\" data-attachment-id=\"417989\" data-permalink=\"https:\/\/paulinenaue.info\/index.php\/altes-paulinenauer-kopfsteinpflaster\/paulinenauer-kopfsteinpflaster\/\" data-orig-file=\"https:\/\/paulinenaue.info\/wp-content\/uploads\/2025\/05\/2008-07-27-Kopfsteinpflaster-01_es.jpeg\" data-orig-size=\"1000,750\" data-comments-opened=\"1\" data-image-meta=\"{&quot;aperture&quot;:&quot;4&quot;,&quot;credit&quot;:&quot;&quot;,&quot;camera&quot;:&quot;DSC-H9&quot;,&quot;caption&quot;:&quot;&quot;,&quot;created_timestamp&quot;:&quot;1217168996&quot;,&quot;copyright&quot;:&quot;&quot;,&quot;focal_length&quot;:&quot;5.2&quot;,&quot;iso&quot;:&quot;100&quot;,&quot;shutter_speed&quot;:&quot;0.00625&quot;,&quot;title&quot;:&quot;Paulinenauer Kopfsteinpflaster&quot;,&quot;orientation&quot;:&quot;1&quot;}\" data-image-title=\"Paulinenauer Kopfsteinpflaster\" data-image-description=\"&lt;p&gt;Auf solchem \u201eKn\u00fcppeldamm\u201c spazierten die Paulinenauer vergangener Tage. Foto: E. Schwarz, 2008&lt;\/p&gt;\n\" data-image-caption=\"&lt;p&gt;Auf solchem \u201eKn\u00fcppeldamm\u201c spazierten die Paulinenauer vergangener Tage. Foto: E. Schwarz, 2008&lt;\/p&gt;\n\" data-large-file=\"https:\/\/paulinenaue.info\/wp-content\/uploads\/2025\/05\/2008-07-27-Kopfsteinpflaster-01_es.jpeg\" class=\"lazyload size-fusion-600 wp-image-417989\" src=\"https:\/\/paulinenaue.info\/wp-content\/uploads\/2025\/05\/2008-07-27-Kopfsteinpflaster-01_es-600x450.jpeg\" data-orig-src=\"https:\/\/paulinenaue.info\/wp-content\/uploads\/2025\/05\/2008-07-27-Kopfsteinpflaster-01_es-600x450.jpeg\" alt=\"\" width=\"600\" height=\"450\" srcset=\"data:image\/svg+xml,%3Csvg%20xmlns%3D%27http%3A%2F%2Fwww.w3.org%2F2000%2Fsvg%27%20width%3D%27600%27%20height%3D%27450%27%20viewBox%3D%270%200%20600%20450%27%3E%3Crect%20width%3D%27600%27%20height%3D%27450%27%20fill-opacity%3D%220%22%2F%3E%3C%2Fsvg%3E\" data-srcset=\"https:\/\/paulinenaue.info\/wp-content\/uploads\/2025\/05\/2008-07-27-Kopfsteinpflaster-01_es-200x150.jpeg 200w, https:\/\/paulinenaue.info\/wp-content\/uploads\/2025\/05\/2008-07-27-Kopfsteinpflaster-01_es-300x225.jpeg 300w, https:\/\/paulinenaue.info\/wp-content\/uploads\/2025\/05\/2008-07-27-Kopfsteinpflaster-01_es-400x300.jpeg 400w, https:\/\/paulinenaue.info\/wp-content\/uploads\/2025\/05\/2008-07-27-Kopfsteinpflaster-01_es-600x450.jpeg 600w, https:\/\/paulinenaue.info\/wp-content\/uploads\/2025\/05\/2008-07-27-Kopfsteinpflaster-01_es-768x576.jpeg 768w, https:\/\/paulinenaue.info\/wp-content\/uploads\/2025\/05\/2008-07-27-Kopfsteinpflaster-01_es-800x600.jpeg 800w, https:\/\/paulinenaue.info\/wp-content\/uploads\/2025\/05\/2008-07-27-Kopfsteinpflaster-01_es.jpeg 1000w\" data-sizes=\"auto\" data-orig-sizes=\"(max-width: 600px) 100vw, 600px\" \/><\/a><p id=\"caption-attachment-417989\" class=\"wp-caption-text\"><em>Auf solchem \u201eKn\u00fcppeldamm\u201c spazierten die Paulinenauer vergangener Tage. Foto: E. Schwarz, 2008<\/em><\/p><\/div>\n<div id=\"attachment_417990\" style=\"width: 610px\" class=\"wp-caption alignnone\"><a href=\"https:\/\/paulinenaue.info\/wp-content\/uploads\/2025\/05\/2008-07-27-Kopfsteinpflaster-02_es.jpeg\"><img decoding=\"async\" aria-describedby=\"caption-attachment-417990\" data-attachment-id=\"417990\" data-permalink=\"https:\/\/paulinenaue.info\/index.php\/altes-paulinenauer-kopfsteinpflaster\/paulinenauer-kopfsteinpflaster-2\/\" data-orig-file=\"https:\/\/paulinenaue.info\/wp-content\/uploads\/2025\/05\/2008-07-27-Kopfsteinpflaster-02_es.jpeg\" data-orig-size=\"1000,750\" data-comments-opened=\"1\" data-image-meta=\"{&quot;aperture&quot;:&quot;5.6&quot;,&quot;credit&quot;:&quot;&quot;,&quot;camera&quot;:&quot;DSC-H9&quot;,&quot;caption&quot;:&quot;&quot;,&quot;created_timestamp&quot;:&quot;1217169099&quot;,&quot;copyright&quot;:&quot;&quot;,&quot;focal_length&quot;:&quot;5.2&quot;,&quot;iso&quot;:&quot;100&quot;,&quot;shutter_speed&quot;:&quot;0.0025&quot;,&quot;title&quot;:&quot;Paulinenauer Kopfsteinpflaster&quot;,&quot;orientation&quot;:&quot;1&quot;}\" data-image-title=\"Paulinenauer Kopfsteinpflaster\" data-image-description=\"&lt;p&gt;Wenn der Paulinenauer Lehrer Heinrich Dahse, der angeblich ein notorischer Trinker und Kartenspieler gewesen ist, vor 110 Jahren einen Abstecher zu den \u201eDrei Landkreisen\u201c machte, ist er wohl \u00fcber dieses Pflaster gelaufen. Foto: E. Schwarz, 2008&lt;\/p&gt;\n\" data-image-caption=\"&lt;p&gt;Wenn der Paulinenauer Lehrer Heinrich Dahse, der angeblich ein notorischer Trinker und Kartenspieler gewesen ist, vor 110 Jahren einen Abstecher zu den \u201eDrei Landkreisen\u201c machte, ist er wohl \u00fcber dieses Pflaster gelaufen. Foto: E. Schwarz, 2008&lt;\/p&gt;\n\" data-large-file=\"https:\/\/paulinenaue.info\/wp-content\/uploads\/2025\/05\/2008-07-27-Kopfsteinpflaster-02_es.jpeg\" class=\"lazyload size-fusion-600 wp-image-417990\" src=\"https:\/\/paulinenaue.info\/wp-content\/uploads\/2025\/05\/2008-07-27-Kopfsteinpflaster-02_es-600x450.jpeg\" data-orig-src=\"https:\/\/paulinenaue.info\/wp-content\/uploads\/2025\/05\/2008-07-27-Kopfsteinpflaster-02_es-600x450.jpeg\" alt=\"\" width=\"600\" height=\"450\" srcset=\"data:image\/svg+xml,%3Csvg%20xmlns%3D%27http%3A%2F%2Fwww.w3.org%2F2000%2Fsvg%27%20width%3D%27600%27%20height%3D%27450%27%20viewBox%3D%270%200%20600%20450%27%3E%3Crect%20width%3D%27600%27%20height%3D%27450%27%20fill-opacity%3D%220%22%2F%3E%3C%2Fsvg%3E\" data-srcset=\"https:\/\/paulinenaue.info\/wp-content\/uploads\/2025\/05\/2008-07-27-Kopfsteinpflaster-02_es-200x150.jpeg 200w, https:\/\/paulinenaue.info\/wp-content\/uploads\/2025\/05\/2008-07-27-Kopfsteinpflaster-02_es-300x225.jpeg 300w, https:\/\/paulinenaue.info\/wp-content\/uploads\/2025\/05\/2008-07-27-Kopfsteinpflaster-02_es-400x300.jpeg 400w, https:\/\/paulinenaue.info\/wp-content\/uploads\/2025\/05\/2008-07-27-Kopfsteinpflaster-02_es-600x450.jpeg 600w, https:\/\/paulinenaue.info\/wp-content\/uploads\/2025\/05\/2008-07-27-Kopfsteinpflaster-02_es-768x576.jpeg 768w, https:\/\/paulinenaue.info\/wp-content\/uploads\/2025\/05\/2008-07-27-Kopfsteinpflaster-02_es-800x600.jpeg 800w, https:\/\/paulinenaue.info\/wp-content\/uploads\/2025\/05\/2008-07-27-Kopfsteinpflaster-02_es.jpeg 1000w\" data-sizes=\"auto\" data-orig-sizes=\"(max-width: 600px) 100vw, 600px\" \/><\/a><p id=\"caption-attachment-417990\" class=\"wp-caption-text\"><em>Wenn der Paulinenauer Lehrer Heinrich Dahse, der angeblich ein notorischer Trinker und Kartenspieler gewesen ist, vor 110 Jahren einen Abstecher zu den \u201eDrei Landkreisen\u201c machte, ist er wohl \u00fcber dieses Pflaster gelaufen. Foto: E. Schwarz, 2008<\/em><\/p><\/div>\n<div id=\"attachment_417991\" style=\"width: 610px\" class=\"wp-caption alignnone\"><a href=\"https:\/\/paulinenaue.info\/wp-content\/uploads\/2025\/05\/2008-07-27-Kopfsteinpflaster-03_es.jpeg\"><img decoding=\"async\" aria-describedby=\"caption-attachment-417991\" data-attachment-id=\"417991\" data-permalink=\"https:\/\/paulinenaue.info\/index.php\/altes-paulinenauer-kopfsteinpflaster\/paulinenauer-kopfsteinpflaster-3\/\" data-orig-file=\"https:\/\/paulinenaue.info\/wp-content\/uploads\/2025\/05\/2008-07-27-Kopfsteinpflaster-03_es.jpeg\" data-orig-size=\"1000,750\" data-comments-opened=\"1\" data-image-meta=\"{&quot;aperture&quot;:&quot;5.6&quot;,&quot;credit&quot;:&quot;&quot;,&quot;camera&quot;:&quot;DSC-H9&quot;,&quot;caption&quot;:&quot;&quot;,&quot;created_timestamp&quot;:&quot;1217169128&quot;,&quot;copyright&quot;:&quot;&quot;,&quot;focal_length&quot;:&quot;5.2&quot;,&quot;iso&quot;:&quot;100&quot;,&quot;shutter_speed&quot;:&quot;0.003125&quot;,&quot;title&quot;:&quot;Paulinenauer Kopfsteinpflaster&quot;,&quot;orientation&quot;:&quot;1&quot;}\" data-image-title=\"Paulinenauer Kopfsteinpflaster\" data-image-description=\"&lt;p&gt;Die alte Pflasterung des Dorfzentrums. Foto: E. Schwarz, 2008.&lt;\/p&gt;\n\" data-image-caption=\"&lt;p&gt;Die alte Pflasterung des Dorfzentrums. Foto: E. Schwarz, 2008.&lt;\/p&gt;\n\" data-large-file=\"https:\/\/paulinenaue.info\/wp-content\/uploads\/2025\/05\/2008-07-27-Kopfsteinpflaster-03_es.jpeg\" class=\"lazyload size-fusion-600 wp-image-417991\" src=\"https:\/\/paulinenaue.info\/wp-content\/uploads\/2025\/05\/2008-07-27-Kopfsteinpflaster-03_es-600x450.jpeg\" data-orig-src=\"https:\/\/paulinenaue.info\/wp-content\/uploads\/2025\/05\/2008-07-27-Kopfsteinpflaster-03_es-600x450.jpeg\" alt=\"\" width=\"600\" height=\"450\" srcset=\"data:image\/svg+xml,%3Csvg%20xmlns%3D%27http%3A%2F%2Fwww.w3.org%2F2000%2Fsvg%27%20width%3D%27600%27%20height%3D%27450%27%20viewBox%3D%270%200%20600%20450%27%3E%3Crect%20width%3D%27600%27%20height%3D%27450%27%20fill-opacity%3D%220%22%2F%3E%3C%2Fsvg%3E\" data-srcset=\"https:\/\/paulinenaue.info\/wp-content\/uploads\/2025\/05\/2008-07-27-Kopfsteinpflaster-03_es-200x150.jpeg 200w, https:\/\/paulinenaue.info\/wp-content\/uploads\/2025\/05\/2008-07-27-Kopfsteinpflaster-03_es-300x225.jpeg 300w, https:\/\/paulinenaue.info\/wp-content\/uploads\/2025\/05\/2008-07-27-Kopfsteinpflaster-03_es-400x300.jpeg 400w, https:\/\/paulinenaue.info\/wp-content\/uploads\/2025\/05\/2008-07-27-Kopfsteinpflaster-03_es-600x450.jpeg 600w, https:\/\/paulinenaue.info\/wp-content\/uploads\/2025\/05\/2008-07-27-Kopfsteinpflaster-03_es-768x576.jpeg 768w, https:\/\/paulinenaue.info\/wp-content\/uploads\/2025\/05\/2008-07-27-Kopfsteinpflaster-03_es-800x600.jpeg 800w, https:\/\/paulinenaue.info\/wp-content\/uploads\/2025\/05\/2008-07-27-Kopfsteinpflaster-03_es.jpeg 1000w\" data-sizes=\"auto\" data-orig-sizes=\"(max-width: 600px) 100vw, 600px\" \/><\/a><p id=\"caption-attachment-417991\" class=\"wp-caption-text\"><em>Die alte Pflasterung des Dorfzentrums. Foto: E. Schwarz, 2008.<\/em><\/p><\/div>\n<div id=\"attachment_417992\" style=\"width: 610px\" class=\"wp-caption alignnone\"><a href=\"https:\/\/paulinenaue.info\/wp-content\/uploads\/2025\/05\/2008-07-27-Kopfsteinpflaster-04_es.jpeg\"><img decoding=\"async\" aria-describedby=\"caption-attachment-417992\" data-attachment-id=\"417992\" data-permalink=\"https:\/\/paulinenaue.info\/index.php\/altes-paulinenauer-kopfsteinpflaster\/paulinenauer-kopfsteinpflaster-4\/\" data-orig-file=\"https:\/\/paulinenaue.info\/wp-content\/uploads\/2025\/05\/2008-07-27-Kopfsteinpflaster-04_es.jpeg\" data-orig-size=\"1000,750\" data-comments-opened=\"1\" data-image-meta=\"{&quot;aperture&quot;:&quot;5.6&quot;,&quot;credit&quot;:&quot;&quot;,&quot;camera&quot;:&quot;DSC-H9&quot;,&quot;caption&quot;:&quot;&quot;,&quot;created_timestamp&quot;:&quot;1217169295&quot;,&quot;copyright&quot;:&quot;&quot;,&quot;focal_length&quot;:&quot;5.2&quot;,&quot;iso&quot;:&quot;100&quot;,&quot;shutter_speed&quot;:&quot;0.004&quot;,&quot;title&quot;:&quot;Paulinenauer Kopfsteinpflaster&quot;,&quot;orientation&quot;:&quot;1&quot;}\" data-image-title=\"Paulinenauer Kopfsteinpflaster\" data-image-description=\"&lt;p&gt;Blick von der Einm\u00fcndung der Ruppiner Stra\u00dfe auf den Gutshof. Foto: E. Schwarz, 2008&lt;\/p&gt;\n\" data-image-caption=\"&lt;p&gt;Blick von der Einm\u00fcndung der Ruppiner Stra\u00dfe auf den Gutshof. Foto: E. Schwarz, 2008&lt;\/p&gt;\n\" data-large-file=\"https:\/\/paulinenaue.info\/wp-content\/uploads\/2025\/05\/2008-07-27-Kopfsteinpflaster-04_es.jpeg\" class=\"lazyload size-fusion-600 wp-image-417992\" src=\"https:\/\/paulinenaue.info\/wp-content\/uploads\/2025\/05\/2008-07-27-Kopfsteinpflaster-04_es-600x450.jpeg\" data-orig-src=\"https:\/\/paulinenaue.info\/wp-content\/uploads\/2025\/05\/2008-07-27-Kopfsteinpflaster-04_es-600x450.jpeg\" alt=\"\" width=\"600\" height=\"450\" srcset=\"data:image\/svg+xml,%3Csvg%20xmlns%3D%27http%3A%2F%2Fwww.w3.org%2F2000%2Fsvg%27%20width%3D%27600%27%20height%3D%27450%27%20viewBox%3D%270%200%20600%20450%27%3E%3Crect%20width%3D%27600%27%20height%3D%27450%27%20fill-opacity%3D%220%22%2F%3E%3C%2Fsvg%3E\" data-srcset=\"https:\/\/paulinenaue.info\/wp-content\/uploads\/2025\/05\/2008-07-27-Kopfsteinpflaster-04_es-200x150.jpeg 200w, https:\/\/paulinenaue.info\/wp-content\/uploads\/2025\/05\/2008-07-27-Kopfsteinpflaster-04_es-300x225.jpeg 300w, https:\/\/paulinenaue.info\/wp-content\/uploads\/2025\/05\/2008-07-27-Kopfsteinpflaster-04_es-400x300.jpeg 400w, https:\/\/paulinenaue.info\/wp-content\/uploads\/2025\/05\/2008-07-27-Kopfsteinpflaster-04_es-600x450.jpeg 600w, https:\/\/paulinenaue.info\/wp-content\/uploads\/2025\/05\/2008-07-27-Kopfsteinpflaster-04_es-768x576.jpeg 768w, https:\/\/paulinenaue.info\/wp-content\/uploads\/2025\/05\/2008-07-27-Kopfsteinpflaster-04_es-800x600.jpeg 800w, https:\/\/paulinenaue.info\/wp-content\/uploads\/2025\/05\/2008-07-27-Kopfsteinpflaster-04_es.jpeg 1000w\" data-sizes=\"auto\" data-orig-sizes=\"(max-width: 600px) 100vw, 600px\" \/><\/a><p id=\"caption-attachment-417992\" class=\"wp-caption-text\"><em>Blick von der Einm\u00fcndung der Ruppiner Stra\u00dfe auf den Gutshof. Foto: E. Schwarz, 2008<\/em><\/p><\/div>\n<div id=\"attachment_417993\" style=\"width: 610px\" class=\"wp-caption alignnone\"><a href=\"https:\/\/paulinenaue.info\/wp-content\/uploads\/2025\/05\/2008-07-27-Kopfsteinpflaster-05_es.jpeg\"><img decoding=\"async\" aria-describedby=\"caption-attachment-417993\" data-attachment-id=\"417993\" data-permalink=\"https:\/\/paulinenaue.info\/index.php\/altes-paulinenauer-kopfsteinpflaster\/paulinenauer-kopfsteinpflaster-5\/\" data-orig-file=\"https:\/\/paulinenaue.info\/wp-content\/uploads\/2025\/05\/2008-07-27-Kopfsteinpflaster-05_es.jpeg\" data-orig-size=\"1000,750\" data-comments-opened=\"1\" data-image-meta=\"{&quot;aperture&quot;:&quot;5.6&quot;,&quot;credit&quot;:&quot;&quot;,&quot;camera&quot;:&quot;DSC-H9&quot;,&quot;caption&quot;:&quot;&quot;,&quot;created_timestamp&quot;:&quot;1217169436&quot;,&quot;copyright&quot;:&quot;&quot;,&quot;focal_length&quot;:&quot;5.2&quot;,&quot;iso&quot;:&quot;100&quot;,&quot;shutter_speed&quot;:&quot;0.002&quot;,&quot;title&quot;:&quot;Paulinenauer Kopfsteinpflaster&quot;,&quot;orientation&quot;:&quot;1&quot;}\" data-image-title=\"Paulinenauer Kopfsteinpflaster\" data-image-description=\"&lt;p&gt;Die Schnittstelle der zwei Zentren Paulinenaues im 19. Jahrhundert &amp;#8211; des Gutsbetriebs und der Eisenbahnkolonie. Foto: E. Schwarz, 2008&lt;\/p&gt;\n\" data-image-caption=\"&lt;p&gt;Die Schnittstelle der zwei Zentren Paulinenaues im 19. Jahrhundert &amp;#8211; des Gutsbetriebs und der Eisenbahnkolonie. Foto: E. Schwarz, 2008&lt;\/p&gt;\n\" data-large-file=\"https:\/\/paulinenaue.info\/wp-content\/uploads\/2025\/05\/2008-07-27-Kopfsteinpflaster-05_es.jpeg\" class=\"lazyload size-fusion-600 wp-image-417993\" src=\"https:\/\/paulinenaue.info\/wp-content\/uploads\/2025\/05\/2008-07-27-Kopfsteinpflaster-05_es-600x450.jpeg\" data-orig-src=\"https:\/\/paulinenaue.info\/wp-content\/uploads\/2025\/05\/2008-07-27-Kopfsteinpflaster-05_es-600x450.jpeg\" alt=\"\" width=\"600\" height=\"450\" srcset=\"data:image\/svg+xml,%3Csvg%20xmlns%3D%27http%3A%2F%2Fwww.w3.org%2F2000%2Fsvg%27%20width%3D%27600%27%20height%3D%27450%27%20viewBox%3D%270%200%20600%20450%27%3E%3Crect%20width%3D%27600%27%20height%3D%27450%27%20fill-opacity%3D%220%22%2F%3E%3C%2Fsvg%3E\" data-srcset=\"https:\/\/paulinenaue.info\/wp-content\/uploads\/2025\/05\/2008-07-27-Kopfsteinpflaster-05_es-200x150.jpeg 200w, https:\/\/paulinenaue.info\/wp-content\/uploads\/2025\/05\/2008-07-27-Kopfsteinpflaster-05_es-300x225.jpeg 300w, https:\/\/paulinenaue.info\/wp-content\/uploads\/2025\/05\/2008-07-27-Kopfsteinpflaster-05_es-400x300.jpeg 400w, https:\/\/paulinenaue.info\/wp-content\/uploads\/2025\/05\/2008-07-27-Kopfsteinpflaster-05_es-600x450.jpeg 600w, https:\/\/paulinenaue.info\/wp-content\/uploads\/2025\/05\/2008-07-27-Kopfsteinpflaster-05_es-768x576.jpeg 768w, https:\/\/paulinenaue.info\/wp-content\/uploads\/2025\/05\/2008-07-27-Kopfsteinpflaster-05_es-800x600.jpeg 800w, https:\/\/paulinenaue.info\/wp-content\/uploads\/2025\/05\/2008-07-27-Kopfsteinpflaster-05_es.jpeg 1000w\" data-sizes=\"auto\" data-orig-sizes=\"(max-width: 600px) 100vw, 600px\" \/><\/a><p id=\"caption-attachment-417993\" class=\"wp-caption-text\"><em>Die Schnittstelle der zwei Zentren Paulinenaues im 19. Jahrhundert &#8211; des Gutsbetriebs und der Eisenbahnkolonie. Foto: E. Schwarz, 2008<\/em><\/p><\/div>\n","protected":false},"excerpt":{"rendered":"<p>07.08.2008. Dass Paulinenaue ein Kind des 19. Jahrhunderts ist, kann [&hellip;]<\/p>\n","protected":false},"author":1,"featured_media":417993,"comment_status":"open","ping_status":"open","sticky":false,"template":"","format":"standard","meta":{"_acf_changed":false,"_price":"","_stock":"","_tribe_ticket_header":"","_tribe_default_ticket_provider":"","_tribe_ticket_capacity":"0","_ticket_start_date":"","_ticket_end_date":"","_tribe_ticket_show_description":"","_tribe_ticket_show_not_going":false,"_tribe_ticket_use_global_stock":"","_tribe_ticket_global_stock_level":"","_global_stock_mode":"","_global_stock_cap":"","_tribe_rsvp_for_event":"","_tribe_ticket_going_count":"","_tribe_ticket_not_going_count":"","_tribe_tickets_list":"[]","_tribe_ticket_has_attendee_info_fields":false,"jetpack_post_was_ever_published":false,"_jetpack_newsletter_access":"","_jetpack_dont_email_post_to_subs":false,"_jetpack_newsletter_tier_id":0,"_jetpack_memberships_contains_paywalled_content":false,"_jetpack_memberships_contains_paid_content":false,"footnotes":"","jetpack_publicize_message":"","jetpack_publicize_feature_enabled":true,"jetpack_social_post_already_shared":true,"jetpack_social_options":{"image_generator_settings":{"template":"highway","default_image_id":0,"font":"","enabled":false},"version":2}},"categories":[1,6,7,526],"tags":[619,421],"class_list":["post-417988","post","type-post","status-publish","format-standard","has-post-thumbnail","hentry","category-allgemein","category-hier-zuhause","category-historie","category-ortsgeschichte","tag-kopfsteinpflaster","tag-strassenbau"],"acf":[],"yoast_head":"<!-- This site is optimized with the Yoast SEO plugin v27.5 - https:\/\/yoast.com\/product\/yoast-seo-wordpress\/ -->\n<title>Stra\u00dfenbau f\u00f6rdert altes Paulinenauer Kopfsteinpflaster zu Tage - Paulinenaue<\/title>\n<meta name=\"description\" content=\"In Paulinenaue wurde 2008 die durch das Dorfstra\u00dfe erneuert. Das historische Pflaster unter der Bahnhofstra\u00dfe kam so wieder zum Vorschein.\" \/>\n<meta name=\"robots\" content=\"index, follow, max-snippet:-1, max-image-preview:large, max-video-preview:-1\" \/>\n<link rel=\"canonical\" href=\"https:\/\/paulinenaue.info\/index.php\/altes-paulinenauer-kopfsteinpflaster\/\" \/>\n<meta property=\"og:locale\" content=\"de_DE\" \/>\n<meta property=\"og:type\" content=\"article\" \/>\n<meta property=\"og:title\" content=\"Stra\u00dfenbau f\u00f6rdert altes Paulinenauer Kopfsteinpflaster zu Tage - Paulinenaue\" \/>\n<meta property=\"og:description\" content=\"In Paulinenaue wurde 2008 die durch das Dorfstra\u00dfe erneuert. Das historische Pflaster unter der Bahnhofstra\u00dfe kam so wieder zum Vorschein.\" \/>\n<meta property=\"og:url\" content=\"https:\/\/paulinenaue.info\/index.php\/altes-paulinenauer-kopfsteinpflaster\/\" \/>\n<meta property=\"og:site_name\" content=\"Paulinenaue\" \/>\n<meta property=\"article:published_time\" content=\"2008-08-07T10:00:03+00:00\" \/>\n<meta property=\"article:modified_time\" content=\"2025-05-30T00:08:59+00:00\" \/>\n<meta property=\"og:image\" content=\"https:\/\/paulinenaue.info\/wp-content\/uploads\/2025\/05\/2008-07-27-Kopfsteinpflaster-05_es.jpeg\" \/>\n\t<meta property=\"og:image:width\" content=\"1000\" \/>\n\t<meta property=\"og:image:height\" content=\"750\" \/>\n\t<meta property=\"og:image:type\" content=\"image\/jpeg\" \/>\n<meta name=\"author\" content=\"Joachim Scholz\" \/>\n<meta name=\"twitter:card\" content=\"summary_large_image\" \/>\n<meta name=\"twitter:label1\" content=\"Verfasst von\" \/>\n\t<meta name=\"twitter:data1\" content=\"Joachim Scholz\" \/>\n\t<meta name=\"twitter:label2\" content=\"Gesch\u00e4tzte Lesezeit\" \/>\n\t<meta name=\"twitter:data2\" content=\"3\u00a0Minuten\" \/>\n<script type=\"application\/ld+json\" class=\"yoast-schema-graph\">{\"@context\":\"https:\\\/\\\/schema.org\",\"@graph\":[{\"@type\":\"Article\",\"@id\":\"https:\\\/\\\/paulinenaue.info\\\/index.php\\\/altes-paulinenauer-kopfsteinpflaster\\\/#article\",\"isPartOf\":{\"@id\":\"https:\\\/\\\/paulinenaue.info\\\/index.php\\\/altes-paulinenauer-kopfsteinpflaster\\\/\"},\"author\":{\"name\":\"Joachim Scholz\",\"@id\":\"https:\\\/\\\/paulinenaue.info\\\/#\\\/schema\\\/person\\\/3f9e818fd7b69b0d2bd937ac506897cc\"},\"headline\":\"Stra\u00dfenbau f\u00f6rdert altes Paulinenauer Kopfsteinpflaster zu Tage\",\"datePublished\":\"2008-08-07T10:00:03+00:00\",\"dateModified\":\"2025-05-30T00:08:59+00:00\",\"mainEntityOfPage\":{\"@id\":\"https:\\\/\\\/paulinenaue.info\\\/index.php\\\/altes-paulinenauer-kopfsteinpflaster\\\/\"},\"wordCount\":184,\"commentCount\":0,\"image\":{\"@id\":\"https:\\\/\\\/paulinenaue.info\\\/index.php\\\/altes-paulinenauer-kopfsteinpflaster\\\/#primaryimage\"},\"thumbnailUrl\":\"https:\\\/\\\/paulinenaue.info\\\/wp-content\\\/uploads\\\/2025\\\/05\\\/2008-07-27-Kopfsteinpflaster-05_es.jpeg\",\"keywords\":[\"Kopfsteinpflaster\",\"Stra\u00dfenbau\"],\"articleSection\":{\"1\":\"Hier Zuhause\",\"2\":\"Historie\",\"3\":\"Ortsgeschichte\"},\"inLanguage\":\"de\",\"potentialAction\":[{\"@type\":\"CommentAction\",\"name\":\"Comment\",\"target\":[\"https:\\\/\\\/paulinenaue.info\\\/index.php\\\/altes-paulinenauer-kopfsteinpflaster\\\/#respond\"]}]},{\"@type\":\"WebPage\",\"@id\":\"https:\\\/\\\/paulinenaue.info\\\/index.php\\\/altes-paulinenauer-kopfsteinpflaster\\\/\",\"url\":\"https:\\\/\\\/paulinenaue.info\\\/index.php\\\/altes-paulinenauer-kopfsteinpflaster\\\/\",\"name\":\"Stra\u00dfenbau f\u00f6rdert altes Paulinenauer Kopfsteinpflaster zu Tage - Paulinenaue\",\"isPartOf\":{\"@id\":\"https:\\\/\\\/paulinenaue.info\\\/#website\"},\"primaryImageOfPage\":{\"@id\":\"https:\\\/\\\/paulinenaue.info\\\/index.php\\\/altes-paulinenauer-kopfsteinpflaster\\\/#primaryimage\"},\"image\":{\"@id\":\"https:\\\/\\\/paulinenaue.info\\\/index.php\\\/altes-paulinenauer-kopfsteinpflaster\\\/#primaryimage\"},\"thumbnailUrl\":\"https:\\\/\\\/paulinenaue.info\\\/wp-content\\\/uploads\\\/2025\\\/05\\\/2008-07-27-Kopfsteinpflaster-05_es.jpeg\",\"datePublished\":\"2008-08-07T10:00:03+00:00\",\"dateModified\":\"2025-05-30T00:08:59+00:00\",\"author\":{\"@id\":\"https:\\\/\\\/paulinenaue.info\\\/#\\\/schema\\\/person\\\/3f9e818fd7b69b0d2bd937ac506897cc\"},\"description\":\"In Paulinenaue wurde 2008 die durch das Dorfstra\u00dfe erneuert. Das historische Pflaster unter der Bahnhofstra\u00dfe kam so wieder zum Vorschein.\",\"breadcrumb\":{\"@id\":\"https:\\\/\\\/paulinenaue.info\\\/index.php\\\/altes-paulinenauer-kopfsteinpflaster\\\/#breadcrumb\"},\"inLanguage\":\"de\",\"potentialAction\":[{\"@type\":\"ReadAction\",\"target\":[\"https:\\\/\\\/paulinenaue.info\\\/index.php\\\/altes-paulinenauer-kopfsteinpflaster\\\/\"]}]},{\"@type\":\"ImageObject\",\"inLanguage\":\"de\",\"@id\":\"https:\\\/\\\/paulinenaue.info\\\/index.php\\\/altes-paulinenauer-kopfsteinpflaster\\\/#primaryimage\",\"url\":\"https:\\\/\\\/paulinenaue.info\\\/wp-content\\\/uploads\\\/2025\\\/05\\\/2008-07-27-Kopfsteinpflaster-05_es.jpeg\",\"contentUrl\":\"https:\\\/\\\/paulinenaue.info\\\/wp-content\\\/uploads\\\/2025\\\/05\\\/2008-07-27-Kopfsteinpflaster-05_es.jpeg\",\"width\":1000,\"height\":750,\"caption\":\"Die Schnittstelle der zwei Zentren Paulinenaues im 19. Jahrhundert - des Gutsbetriebs und der Eisenbahnkolonie. Foto: E. Schwarz, 2008\"},{\"@type\":\"BreadcrumbList\",\"@id\":\"https:\\\/\\\/paulinenaue.info\\\/index.php\\\/altes-paulinenauer-kopfsteinpflaster\\\/#breadcrumb\",\"itemListElement\":[{\"@type\":\"ListItem\",\"position\":1,\"name\":\"Home\",\"item\":\"https:\\\/\\\/paulinenaue.info\\\/\"},{\"@type\":\"ListItem\",\"position\":2,\"name\":\"Stra\u00dfenbau f\u00f6rdert altes Paulinenauer Kopfsteinpflaster zu Tage\"}]},{\"@type\":\"WebSite\",\"@id\":\"https:\\\/\\\/paulinenaue.info\\\/#website\",\"url\":\"https:\\\/\\\/paulinenaue.info\\\/\",\"name\":\"Paulinenaue\",\"description\":\"Ein Dorf im Havelland\",\"potentialAction\":[{\"@type\":\"SearchAction\",\"target\":{\"@type\":\"EntryPoint\",\"urlTemplate\":\"https:\\\/\\\/paulinenaue.info\\\/?s={search_term_string}\"},\"query-input\":{\"@type\":\"PropertyValueSpecification\",\"valueRequired\":true,\"valueName\":\"search_term_string\"}}],\"inLanguage\":\"de\"},{\"@type\":\"Person\",\"@id\":\"https:\\\/\\\/paulinenaue.info\\\/#\\\/schema\\\/person\\\/3f9e818fd7b69b0d2bd937ac506897cc\",\"name\":\"Joachim Scholz\",\"url\":\"https:\\\/\\\/paulinenaue.info\\\/index.php\\\/author\\\/jjscholz\\\/\"}]}<\/script>\n<!-- \/ Yoast SEO plugin. -->","yoast_head_json":{"title":"Stra\u00dfenbau f\u00f6rdert altes Paulinenauer Kopfsteinpflaster zu Tage - Paulinenaue","description":"In Paulinenaue wurde 2008 die durch das Dorfstra\u00dfe erneuert. Das historische Pflaster unter der Bahnhofstra\u00dfe kam so wieder zum Vorschein.","robots":{"index":"index","follow":"follow","max-snippet":"max-snippet:-1","max-image-preview":"max-image-preview:large","max-video-preview":"max-video-preview:-1"},"canonical":"https:\/\/paulinenaue.info\/index.php\/altes-paulinenauer-kopfsteinpflaster\/","og_locale":"de_DE","og_type":"article","og_title":"Stra\u00dfenbau f\u00f6rdert altes Paulinenauer Kopfsteinpflaster zu Tage - Paulinenaue","og_description":"In Paulinenaue wurde 2008 die durch das Dorfstra\u00dfe erneuert. Das historische Pflaster unter der Bahnhofstra\u00dfe kam so wieder zum Vorschein.","og_url":"https:\/\/paulinenaue.info\/index.php\/altes-paulinenauer-kopfsteinpflaster\/","og_site_name":"Paulinenaue","article_published_time":"2008-08-07T10:00:03+00:00","article_modified_time":"2025-05-30T00:08:59+00:00","og_image":[{"width":1000,"height":750,"url":"https:\/\/paulinenaue.info\/wp-content\/uploads\/2025\/05\/2008-07-27-Kopfsteinpflaster-05_es.jpeg","type":"image\/jpeg"}],"author":"Joachim Scholz","twitter_card":"summary_large_image","twitter_misc":{"Verfasst von":"Joachim Scholz","Gesch\u00e4tzte Lesezeit":"3\u00a0Minuten"},"schema":{"@context":"https:\/\/schema.org","@graph":[{"@type":"Article","@id":"https:\/\/paulinenaue.info\/index.php\/altes-paulinenauer-kopfsteinpflaster\/#article","isPartOf":{"@id":"https:\/\/paulinenaue.info\/index.php\/altes-paulinenauer-kopfsteinpflaster\/"},"author":{"name":"Joachim Scholz","@id":"https:\/\/paulinenaue.info\/#\/schema\/person\/3f9e818fd7b69b0d2bd937ac506897cc"},"headline":"Stra\u00dfenbau f\u00f6rdert altes Paulinenauer Kopfsteinpflaster zu Tage","datePublished":"2008-08-07T10:00:03+00:00","dateModified":"2025-05-30T00:08:59+00:00","mainEntityOfPage":{"@id":"https:\/\/paulinenaue.info\/index.php\/altes-paulinenauer-kopfsteinpflaster\/"},"wordCount":184,"commentCount":0,"image":{"@id":"https:\/\/paulinenaue.info\/index.php\/altes-paulinenauer-kopfsteinpflaster\/#primaryimage"},"thumbnailUrl":"https:\/\/paulinenaue.info\/wp-content\/uploads\/2025\/05\/2008-07-27-Kopfsteinpflaster-05_es.jpeg","keywords":["Kopfsteinpflaster","Stra\u00dfenbau"],"articleSection":{"1":"Hier Zuhause","2":"Historie","3":"Ortsgeschichte"},"inLanguage":"de","potentialAction":[{"@type":"CommentAction","name":"Comment","target":["https:\/\/paulinenaue.info\/index.php\/altes-paulinenauer-kopfsteinpflaster\/#respond"]}]},{"@type":"WebPage","@id":"https:\/\/paulinenaue.info\/index.php\/altes-paulinenauer-kopfsteinpflaster\/","url":"https:\/\/paulinenaue.info\/index.php\/altes-paulinenauer-kopfsteinpflaster\/","name":"Stra\u00dfenbau f\u00f6rdert altes Paulinenauer Kopfsteinpflaster zu Tage - Paulinenaue","isPartOf":{"@id":"https:\/\/paulinenaue.info\/#website"},"primaryImageOfPage":{"@id":"https:\/\/paulinenaue.info\/index.php\/altes-paulinenauer-kopfsteinpflaster\/#primaryimage"},"image":{"@id":"https:\/\/paulinenaue.info\/index.php\/altes-paulinenauer-kopfsteinpflaster\/#primaryimage"},"thumbnailUrl":"https:\/\/paulinenaue.info\/wp-content\/uploads\/2025\/05\/2008-07-27-Kopfsteinpflaster-05_es.jpeg","datePublished":"2008-08-07T10:00:03+00:00","dateModified":"2025-05-30T00:08:59+00:00","author":{"@id":"https:\/\/paulinenaue.info\/#\/schema\/person\/3f9e818fd7b69b0d2bd937ac506897cc"},"description":"In Paulinenaue wurde 2008 die durch das Dorfstra\u00dfe erneuert. Das historische Pflaster unter der Bahnhofstra\u00dfe kam so wieder zum Vorschein.","breadcrumb":{"@id":"https:\/\/paulinenaue.info\/index.php\/altes-paulinenauer-kopfsteinpflaster\/#breadcrumb"},"inLanguage":"de","potentialAction":[{"@type":"ReadAction","target":["https:\/\/paulinenaue.info\/index.php\/altes-paulinenauer-kopfsteinpflaster\/"]}]},{"@type":"ImageObject","inLanguage":"de","@id":"https:\/\/paulinenaue.info\/index.php\/altes-paulinenauer-kopfsteinpflaster\/#primaryimage","url":"https:\/\/paulinenaue.info\/wp-content\/uploads\/2025\/05\/2008-07-27-Kopfsteinpflaster-05_es.jpeg","contentUrl":"https:\/\/paulinenaue.info\/wp-content\/uploads\/2025\/05\/2008-07-27-Kopfsteinpflaster-05_es.jpeg","width":1000,"height":750,"caption":"Die Schnittstelle der zwei Zentren Paulinenaues im 19. Jahrhundert - des Gutsbetriebs und der Eisenbahnkolonie. Foto: E. Schwarz, 2008"},{"@type":"BreadcrumbList","@id":"https:\/\/paulinenaue.info\/index.php\/altes-paulinenauer-kopfsteinpflaster\/#breadcrumb","itemListElement":[{"@type":"ListItem","position":1,"name":"Home","item":"https:\/\/paulinenaue.info\/"},{"@type":"ListItem","position":2,"name":"Stra\u00dfenbau f\u00f6rdert altes Paulinenauer Kopfsteinpflaster zu Tage"}]},{"@type":"WebSite","@id":"https:\/\/paulinenaue.info\/#website","url":"https:\/\/paulinenaue.info\/","name":"Paulinenaue","description":"Ein Dorf im Havelland","potentialAction":[{"@type":"SearchAction","target":{"@type":"EntryPoint","urlTemplate":"https:\/\/paulinenaue.info\/?s={search_term_string}"},"query-input":{"@type":"PropertyValueSpecification","valueRequired":true,"valueName":"search_term_string"}}],"inLanguage":"de"},{"@type":"Person","@id":"https:\/\/paulinenaue.info\/#\/schema\/person\/3f9e818fd7b69b0d2bd937ac506897cc","name":"Joachim Scholz","url":"https:\/\/paulinenaue.info\/index.php\/author\/jjscholz\/"}]}},"jetpack_publicize_connections":[],"jetpack_featured_media_url":"https:\/\/paulinenaue.info\/wp-content\/uploads\/2025\/05\/2008-07-27-Kopfsteinpflaster-05_es.jpeg","jetpack_sharing_enabled":true,"jetpack_shortlink":"https:\/\/wp.me\/pcYhWA-1KJK","jetpack-related-posts":[{"id":4804,"url":"https:\/\/paulinenaue.info\/index.php\/strassenbau-vor-dem-abschluss\/","url_meta":{"origin":417988,"position":0},"title":"Stra\u00dfenbau vor dem Abschluss","author":"Joachim Scholz","date":"25. Oktober 2008","format":false,"excerpt":"25.10.2008. Ende Oktober 2008 stehen die Stra\u00dfenbauarbeiten, die uns \u00fcbers Jahr begleitet haben, vor dem Abschluss und die Paulinenauer Ortsdurchfahrt ist wieder f\u00fcr den Verkehr freigegeben. Neu sind nicht nur die Stra\u00dfenbel\u00e4ge, Rad- und Gehwege mitsamt den Grundst\u00fcckszufahrten, auch die Vorfahrt am Abzweig Bienenfarmer Weg\/ Brandenburger Allee hat sich ge\u00e4ndert.\u2026","rel":"","context":"In &quot;Dorfentwicklung&quot;","block_context":{"text":"Dorfentwicklung","link":"https:\/\/paulinenaue.info\/index.php\/category\/dorfentwicklung\/"},"img":{"alt_text":"","src":"https:\/\/i0.wp.com\/paulinenaue.info\/wp-content\/uploads\/2019\/05\/DSC09074.jpg?resize=350%2C200&ssl=1","width":350,"height":200,"srcset":"https:\/\/i0.wp.com\/paulinenaue.info\/wp-content\/uploads\/2019\/05\/DSC09074.jpg?resize=350%2C200&ssl=1 1x, https:\/\/i0.wp.com\/paulinenaue.info\/wp-content\/uploads\/2019\/05\/DSC09074.jpg?resize=525%2C300&ssl=1 1.5x, https:\/\/i0.wp.com\/paulinenaue.info\/wp-content\/uploads\/2019\/05\/DSC09074.jpg?resize=700%2C400&ssl=1 2x"},"classes":[]},{"id":143058,"url":"https:\/\/paulinenaue.info\/index.php\/erfolgreicher-dorfputz\/","url_meta":{"origin":417988,"position":1},"title":"Erfolgreicher Dorfputz","author":"Sarah","date":"26. April 2022","format":false,"excerpt":"","rel":"","context":"In &quot;Gemeinde Paulinenaue&quot;","block_context":{"text":"Gemeinde Paulinenaue","link":"https:\/\/paulinenaue.info\/index.php\/category\/gemeinde-paulinenaue\/"},"img":{"alt_text":"","src":"https:\/\/i0.wp.com\/paulinenaue.info\/wp-content\/uploads\/2022\/04\/IMG-20220409-WA0000.jpg?resize=350%2C200&ssl=1","width":350,"height":200,"srcset":"https:\/\/i0.wp.com\/paulinenaue.info\/wp-content\/uploads\/2022\/04\/IMG-20220409-WA0000.jpg?resize=350%2C200&ssl=1 1x, https:\/\/i0.wp.com\/paulinenaue.info\/wp-content\/uploads\/2022\/04\/IMG-20220409-WA0000.jpg?resize=525%2C300&ssl=1 1.5x, https:\/\/i0.wp.com\/paulinenaue.info\/wp-content\/uploads\/2022\/04\/IMG-20220409-WA0000.jpg?resize=700%2C400&ssl=1 2x"},"classes":[]},{"id":6316,"url":"https:\/\/paulinenaue.info\/index.php\/bahnhofstrasse-bekommt-bitumendecke\/","url_meta":{"origin":417988,"position":2},"title":"Bahnhofstra\u00dfe bekommt Bitumendecke","author":"Joachim Scholz","date":"19. August 2008","format":false,"excerpt":"18.08.2008. Nach wochenlanger Bauphase erh\u00e4lt die Paulinenauer Bahnhofstra\u00dfe nun ein ansehnliches Asphaltkleid, das in Schichten aufgetragen wird. Eberhard Schwarz gibt mit der Kamera eine Momentaufnahme der Situation am Montag, dem 18.08.2008. \u00a0 \u00a0 \u00a0 \u00a0 \u00a0","rel":"","context":"In &quot;Allgemein&quot;","block_context":{"text":"Allgemein","link":"https:\/\/paulinenaue.info\/index.php\/category\/allgemein\/"},"img":{"alt_text":"","src":"https:\/\/i0.wp.com\/paulinenaue.info\/wp-content\/uploads\/2021\/11\/2008-08-18_bahnhofstrasse_bitumendecke_06_es.jpg?resize=350%2C200&ssl=1","width":350,"height":200,"srcset":"https:\/\/i0.wp.com\/paulinenaue.info\/wp-content\/uploads\/2021\/11\/2008-08-18_bahnhofstrasse_bitumendecke_06_es.jpg?resize=350%2C200&ssl=1 1x, https:\/\/i0.wp.com\/paulinenaue.info\/wp-content\/uploads\/2021\/11\/2008-08-18_bahnhofstrasse_bitumendecke_06_es.jpg?resize=525%2C300&ssl=1 1.5x, https:\/\/i0.wp.com\/paulinenaue.info\/wp-content\/uploads\/2021\/11\/2008-08-18_bahnhofstrasse_bitumendecke_06_es.jpg?resize=700%2C400&ssl=1 2x"},"classes":[]},{"id":184284,"url":"https:\/\/paulinenaue.info\/index.php\/kirche-wird-saniert-und-multifunktional-nutzbar\/","url_meta":{"origin":417988,"position":3},"title":"Kirche wird saniert und multifunktional nutzbar","author":"Joachim Scholz","date":"29. Mai 2022","format":false,"excerpt":"von Andreas Flender, ehrenamtlicher Mitarbeiter und Bauverantwortlicher der evangelischen Kirchengemeinde In der Paulinenauer Kirche soll demn\u00e4chst ein Dorftreff entstehen. Es gibt daf\u00fcr Interesse von Vereinen, die bisher keine eigenen R\u00e4ume haben. Denkbar ist, dass der Kulturverein oder das Gemeinschaftswerk Soziale Dienste den Treff nutzen wird. Die Notfallseelsorge m\u00f6chte dort Gruppenabende\u2026","rel":"","context":"In &quot;Allgemein&quot;","block_context":{"text":"Allgemein","link":"https:\/\/paulinenaue.info\/index.php\/category\/allgemein\/"},"img":{"alt_text":"","src":"https:\/\/i0.wp.com\/paulinenaue.info\/wp-content\/uploads\/2022\/05\/2022-05-28-Paulinenaue-Kirche.jpg?resize=350%2C200&ssl=1","width":350,"height":200,"srcset":"https:\/\/i0.wp.com\/paulinenaue.info\/wp-content\/uploads\/2022\/05\/2022-05-28-Paulinenaue-Kirche.jpg?resize=350%2C200&ssl=1 1x, https:\/\/i0.wp.com\/paulinenaue.info\/wp-content\/uploads\/2022\/05\/2022-05-28-Paulinenaue-Kirche.jpg?resize=525%2C300&ssl=1 1.5x, https:\/\/i0.wp.com\/paulinenaue.info\/wp-content\/uploads\/2022\/05\/2022-05-28-Paulinenaue-Kirche.jpg?resize=700%2C400&ssl=1 2x"},"classes":[]},{"id":1138,"url":"https:\/\/paulinenaue.info\/index.php\/zu-besuch-in-chociule-kutschlau-heute\/","url_meta":{"origin":417988,"position":4},"title":"Zu Besuch in Chociule &#8211; Kutschlau heute","author":"Sarah","date":"21. Juni 2017","format":false,"excerpt":"10.08.2005 Das polnische Dorf Chociule geh\u00f6rte vor dem Zweiten Weltkrieg zur Provinz Brandenburg und hie\u00df Kutschlau. Von 1941 bis 1945 bewirtschaftete dort Eilhard Alfred Mitscherlich, damals bereits emeritierter Professor der Universit\u00e4t K\u00f6nigsberg und sp\u00e4ter erster Direktor des Paulinenauer Landwirtschaftsinstitutes, das Familiengut seines verstorbenen Onkels. Als Mitscherlich im Januar 1945 vor\u2026","rel":"","context":"In &quot;Allgemein&quot;","block_context":{"text":"Allgemein","link":"https:\/\/paulinenaue.info\/index.php\/category\/allgemein\/"},"img":{"alt_text":"","src":"https:\/\/i0.wp.com\/paulinenaue.info\/wp-content\/uploads\/2017\/06\/20050809_kirche_kutschlau.jpg?resize=350%2C200&ssl=1","width":350,"height":200},"classes":[]},{"id":184,"url":"https:\/\/paulinenaue.info\/index.php\/der-radweg-paulinenaue-fehrbellin-entsteht\/","url_meta":{"origin":417988,"position":5},"title":"Der Radweg Paulinenaue-Fehrbellin entsteht","author":"Joachim Scholz","date":"26. September 2010","format":false,"excerpt":"26.09.2010. Die Arbeiten am Radweg seien bisher kaum sichtbar, zitierte die M\u00e4rkische Allgemeine in den Tagen des Baubeginns am neuen Radweg zwischen Fehrbellin und Paulinenaue den Fehrbelliner Bauamtsleiter Rasmus Krebs. Nun, vier Wochen sp\u00e4ter, zieht sich bereits die planierte Linie eines befestigten Sandweges durch die Luchwiesen, den ehemaligen Schienenstrang der\u2026","rel":"","context":"In &quot;Dorfentwicklung&quot;","block_context":{"text":"Dorfentwicklung","link":"https:\/\/paulinenaue.info\/index.php\/category\/dorfentwicklung\/"},"img":{"alt_text":"","src":"https:\/\/i0.wp.com\/paulinenaue.info\/wp-content\/uploads\/2016\/03\/20100926_radweg_paue_fehrbellin_01.jpg?resize=350%2C200&ssl=1","width":350,"height":200},"classes":[]}],"_links":{"self":[{"href":"https:\/\/paulinenaue.info\/index.php\/wp-json\/wp\/v2\/posts\/417988","targetHints":{"allow":["GET"]}}],"collection":[{"href":"https:\/\/paulinenaue.info\/index.php\/wp-json\/wp\/v2\/posts"}],"about":[{"href":"https:\/\/paulinenaue.info\/index.php\/wp-json\/wp\/v2\/types\/post"}],"author":[{"embeddable":true,"href":"https:\/\/paulinenaue.info\/index.php\/wp-json\/wp\/v2\/users\/1"}],"replies":[{"embeddable":true,"href":"https:\/\/paulinenaue.info\/index.php\/wp-json\/wp\/v2\/comments?post=417988"}],"version-history":[{"count":6,"href":"https:\/\/paulinenaue.info\/index.php\/wp-json\/wp\/v2\/posts\/417988\/revisions"}],"predecessor-version":[{"id":418002,"href":"https:\/\/paulinenaue.info\/index.php\/wp-json\/wp\/v2\/posts\/417988\/revisions\/418002"}],"wp:featuredmedia":[{"embeddable":true,"href":"https:\/\/paulinenaue.info\/index.php\/wp-json\/wp\/v2\/media\/417993"}],"wp:attachment":[{"href":"https:\/\/paulinenaue.info\/index.php\/wp-json\/wp\/v2\/media?parent=417988"}],"wp:term":[{"taxonomy":"category","embeddable":true,"href":"https:\/\/paulinenaue.info\/index.php\/wp-json\/wp\/v2\/categories?post=417988"},{"taxonomy":"post_tag","embeddable":true,"href":"https:\/\/paulinenaue.info\/index.php\/wp-json\/wp\/v2\/tags?post=417988"}],"curies":[{"name":"wp","href":"https:\/\/api.w.org\/{rel}","templated":true}]}}