{"id":418004,"date":"2025-06-02T11:26:28","date_gmt":"2025-06-02T09:26:28","guid":{"rendered":"https:\/\/paulinenaue.info\/?p=418004"},"modified":"2025-06-02T19:55:03","modified_gmt":"2025-06-02T17:55:03","slug":"kirchsanierung-paulinenaue","status":"publish","type":"post","link":"https:\/\/paulinenaue.info\/index.php\/kirchsanierung-paulinenaue\/","title":{"rendered":"Das n\u00e4chste Mal in zwei Generationen:\u00a0Paulinenaue feiert Kirchsanierung"},"content":{"rendered":"<p class=\"p1\">Lange im Vorfeld war der Termin f\u00fcr das Kirchenfest am 1. Juni festgelegt worden. Je n\u00e4her er heranr\u00fcckte, desto emsiger liefen die Vorbereitungen. Pfarrer Michael Jurk wollte nichts dem Zufall \u00fcberlassen, denn der Anlass war so selten wie sch\u00f6n: Gefeiert wurde der Abschluss der Sanierung der Paulinenauer Dorfkirche. Die letzten gr\u00f6\u00dferen Ma\u00dfnahmen liegen etwa 60 Jahre zur\u00fcck und auch die aktuelle Sanierung ist so gr\u00fcndlich erfolgt, dass es f\u00fcr die Zeit von zwei Generationen hinreichen sollte. Sieht man auf das Resultat des Baugeschehens, glaubt man das gern. Das 1932 im Stil des ausgehenden Expressionismus errichtetete Gotteshaus wurde von etlichen gr\u00f6\u00dferen und kleineren, sichtbaren und nicht sichtbaren Sch\u00e4den befreit, es erhielt die farbliche Gestaltung der Erbauungszeit zur\u00fcck und wurde f\u00fcr eine multifunktionale Nutzung umger\u00fcstet. Man staunt, wenn Andreas Flender sp\u00e4ter in der Kirche im Vortrag zur Baugeschichte erkl\u00e4rt, dass schon Baumeister Erwin Rettig (1888\u2013 1977) eine Art Dorfgemeinschaftshaus vorgesehen hatte.<\/p>\n<div id=\"attachment_418039\" style=\"width: 410px\" class=\"wp-caption alignnone\"><a href=\"https:\/\/paulinenaue.info\/wp-content\/uploads\/2025\/06\/DSC07281.jpeg\" data-wp-editing=\"1\"><img decoding=\"async\" aria-describedby=\"caption-attachment-418039\" data-attachment-id=\"418039\" data-permalink=\"https:\/\/paulinenaue.info\/index.php\/kirchsanierung-paulinenaue\/dsc07281\/\" data-orig-file=\"https:\/\/paulinenaue.info\/wp-content\/uploads\/2025\/06\/DSC07281.jpeg\" data-orig-size=\"667,1000\" data-comments-opened=\"1\" data-image-meta=\"{&quot;aperture&quot;:&quot;4&quot;,&quot;credit&quot;:&quot;&quot;,&quot;camera&quot;:&quot;DSC-RX10M3&quot;,&quot;caption&quot;:&quot;&quot;,&quot;created_timestamp&quot;:&quot;1748772200&quot;,&quot;copyright&quot;:&quot;&quot;,&quot;focal_length&quot;:&quot;9.14&quot;,&quot;iso&quot;:&quot;100&quot;,&quot;shutter_speed&quot;:&quot;0.0025&quot;,&quot;title&quot;:&quot;&quot;,&quot;orientation&quot;:&quot;1&quot;}\" data-image-title=\"Die sanierte Paulinenauer Kirche\" data-image-description=\"\" data-image-caption=\"&lt;p&gt;Die sanierte Paulinenauer Kirche. Foto: J. Scholz, 2025.&lt;\/p&gt;\n\" data-large-file=\"https:\/\/paulinenaue.info\/wp-content\/uploads\/2025\/06\/DSC07281.jpeg\" class=\"lazyload wp-image-418039 size-fusion-400\" src=\"https:\/\/paulinenaue.info\/wp-content\/uploads\/2025\/06\/DSC07281-400x600.jpeg\" data-orig-src=\"https:\/\/paulinenaue.info\/wp-content\/uploads\/2025\/06\/DSC07281-400x600.jpeg\" alt=\"\" width=\"400\" height=\"600\" srcset=\"data:image\/svg+xml,%3Csvg%20xmlns%3D%27http%3A%2F%2Fwww.w3.org%2F2000%2Fsvg%27%20width%3D%27400%27%20height%3D%27600%27%20viewBox%3D%270%200%20400%20600%27%3E%3Crect%20width%3D%27400%27%20height%3D%27600%27%20fill-opacity%3D%220%22%2F%3E%3C%2Fsvg%3E\" data-srcset=\"https:\/\/paulinenaue.info\/wp-content\/uploads\/2025\/06\/DSC07281-200x300.jpeg 200w, https:\/\/paulinenaue.info\/wp-content\/uploads\/2025\/06\/DSC07281-400x600.jpeg 400w, https:\/\/paulinenaue.info\/wp-content\/uploads\/2025\/06\/DSC07281-600x900.jpeg 600w, https:\/\/paulinenaue.info\/wp-content\/uploads\/2025\/06\/DSC07281.jpeg 667w\" data-sizes=\"auto\" data-orig-sizes=\"(max-width: 400px) 100vw, 400px\" \/><\/a><p id=\"caption-attachment-418039\" class=\"wp-caption-text\"><em>Die sanierte Paulinenauer Kirche. Foto: J. Scholz, 2025.<\/em><\/p><\/div>\n<p class=\"p1\">Die Paulinenauer Kirche ist als letzte in der Kirchengemeinde mit Kompetenz, Engagement und Liebe restauriert worden. Firmen aus der Region konnten daf\u00fcr gewonnen werden. Die f\u00fcr den Umbau verantwortlichen, leider verhinderten Architekten Arndt Hermann und Hans \u00d6chsner berichteten davon sehr anschaulich in einer vorher aufgezeichneten Videoaufzeichnung. Bei den Ansprachen im Festzelt wird deutlich: Vielen ist der Erfolg zu danken, einem aber sicher ganz besonders: Andreas Flender aus Pessin, der sich als ehrenamtlicher Regionalbetreuer des F\u00f6rderkreises Alte Kirchen Berlin-Brandenburg e.V. seit Jahren in den Landkreisen Havelland und Prignitz mit gro\u00dfem Erfolg f\u00fcr den Erhalt der in den D\u00f6rfern so wichtigen Kulturdenkm\u00e4ler einsetzt. Die Bedeutung der Kirchen f\u00fcr die D\u00f6rfer und Gemeinden betonte in seiner Predigt auch Generalsuperintendent Krist\u00f3f B\u00e1lint. Nicht alle Tage predigt ein Generalsuperintendent in Paulinenaue. Bei der Einweihung der neuerbauten Kirche 1932 war das der Fall, als der bekannte Theologe Otto Dibelius die Einweihungspredigt hielt. Unter den heutigen Ehreng\u00e4sten war auch Paulinenaues vormalige Pfarrerin und heutige Superintendentin des Kirchenkreises von Wittenberg, Gabriele Metzner, die von 1995 bis 2007 in unserem Dorf wirkte und zu ihrer fr\u00fcheren Gemeinde einen herzlichen, dankbar erwiderten Kontakt pflegt.<\/p>\n<p class=\"jetpack-slideshow-noscript robots-nocontent\">Diese Diashow ben\u00f6tigt JavaScript.<\/p><div id=\"gallery-418004-1-slideshow\" class=\"jetpack-slideshow-window jetpack-slideshow jetpack-slideshow-black\" data-trans=\"fade\" data-autostart=\"1\" data-gallery=\"[{&quot;src&quot;:&quot;https:\\\/\\\/paulinenaue.info\\\/wp-content\\\/uploads\\\/2025\\\/06\\\/DSC07143.jpeg&quot;,&quot;id&quot;:&quot;418016&quot;,&quot;title&quot;:&quot;DSC07143&quot;,&quot;alt&quot;:&quot;&quot;,&quot;caption&quot;:&quot;Pfarrer Jurk spricht im Festzelt Begr\\u00fc\\u00dfungsworte.&quot;,&quot;itemprop&quot;:&quot;image&quot;},{&quot;src&quot;:&quot;https:\\\/\\\/paulinenaue.info\\\/wp-content\\\/uploads\\\/2025\\\/06\\\/DSC07138.jpeg&quot;,&quot;id&quot;:&quot;418015&quot;,&quot;title&quot;:&quot;DSC07138&quot;,&quot;alt&quot;:&quot;&quot;,&quot;caption&quot;:&quot;Im Festzelt bei der Er\\u00f6ffnung&quot;,&quot;itemprop&quot;:&quot;image&quot;},{&quot;src&quot;:&quot;https:\\\/\\\/paulinenaue.info\\\/wp-content\\\/uploads\\\/2025\\\/06\\\/DSC07149.jpeg&quot;,&quot;id&quot;:&quot;418017&quot;,&quot;title&quot;:&quot;DSC07149&quot;,&quot;alt&quot;:&quot;&quot;,&quot;caption&quot;:&quot;Gabriele Metzner bei ihren Gru\\u00dfworten&quot;,&quot;itemprop&quot;:&quot;image&quot;},{&quot;src&quot;:&quot;https:\\\/\\\/paulinenaue.info\\\/wp-content\\\/uploads\\\/2025\\\/06\\\/DSC07158.jpeg&quot;,&quot;id&quot;:&quot;418018&quot;,&quot;title&quot;:&quot;DSC07158&quot;,&quot;alt&quot;:&quot;&quot;,&quot;caption&quot;:&quot;Hardy Enseleit, der stellvertretende Superintendent des Kirchenkreises&quot;,&quot;itemprop&quot;:&quot;image&quot;},{&quot;src&quot;:&quot;https:\\\/\\\/paulinenaue.info\\\/wp-content\\\/uploads\\\/2025\\\/06\\\/DSC07168.jpeg&quot;,&quot;id&quot;:&quot;418020&quot;,&quot;title&quot;:&quot;DSC07168&quot;,&quot;alt&quot;:&quot;&quot;,&quot;caption&quot;:&quot;Jan Nickelsen, Vorstandsvorsitzende der LAG Havelland, bei seinem Gru\\u00dfwort&quot;,&quot;itemprop&quot;:&quot;image&quot;},{&quot;src&quot;:&quot;https:\\\/\\\/paulinenaue.info\\\/wp-content\\\/uploads\\\/2025\\\/06\\\/DSC07174.jpeg&quot;,&quot;id&quot;:&quot;418021&quot;,&quot;title&quot;:&quot;DSC07174&quot;,&quot;alt&quot;:&quot;&quot;,&quot;caption&quot;:&quot;Johannes Funke, ebenfalls LAG, verbindet Jugenderinnerung an die hiesige legend\\u00e4re Disco mit Paulinenaue.&quot;,&quot;itemprop&quot;:&quot;image&quot;},{&quot;src&quot;:&quot;https:\\\/\\\/paulinenaue.info\\\/wp-content\\\/uploads\\\/2025\\\/06\\\/DSC07160.jpeg&quot;,&quot;id&quot;:&quot;418019&quot;,&quot;title&quot;:&quot;DSC07160&quot;,&quot;alt&quot;:&quot;&quot;,&quot;caption&quot;:&quot;Imbiss-, sp\\u00e4ter Kuchenstand der Kirchgemeinde&quot;,&quot;itemprop&quot;:&quot;image&quot;},{&quot;src&quot;:&quot;https:\\\/\\\/paulinenaue.info\\\/wp-content\\\/uploads\\\/2025\\\/06\\\/DSC07185.jpeg&quot;,&quot;id&quot;:&quot;418022&quot;,&quot;title&quot;:&quot;DSC07185&quot;,&quot;alt&quot;:&quot;&quot;,&quot;caption&quot;:&quot;Pfarrer Jurk begr\\u00fc\\u00dft in der Kirche&quot;,&quot;itemprop&quot;:&quot;image&quot;},{&quot;src&quot;:&quot;https:\\\/\\\/paulinenaue.info\\\/wp-content\\\/uploads\\\/2025\\\/06\\\/DSC07200.jpeg&quot;,&quot;id&quot;:&quot;418023&quot;,&quot;title&quot;:&quot;DSC07200&quot;,&quot;alt&quot;:&quot;&quot;,&quot;caption&quot;:&quot;Einzug des Kinderchores&quot;,&quot;itemprop&quot;:&quot;image&quot;},{&quot;src&quot;:&quot;https:\\\/\\\/paulinenaue.info\\\/wp-content\\\/uploads\\\/2025\\\/06\\\/DSC07203.jpeg&quot;,&quot;id&quot;:&quot;418024&quot;,&quot;title&quot;:&quot;DSC07203&quot;,&quot;alt&quot;:&quot;&quot;,&quot;caption&quot;:&quot;&quot;,&quot;itemprop&quot;:&quot;image&quot;},{&quot;src&quot;:&quot;https:\\\/\\\/paulinenaue.info\\\/wp-content\\\/uploads\\\/2025\\\/06\\\/DSC07220.jpeg&quot;,&quot;id&quot;:&quot;418028&quot;,&quot;title&quot;:&quot;DSC07220&quot;,&quot;alt&quot;:&quot;&quot;,&quot;caption&quot;:&quot;Kantor Holger Wiesner an der Orgel&quot;,&quot;itemprop&quot;:&quot;image&quot;},{&quot;src&quot;:&quot;https:\\\/\\\/paulinenaue.info\\\/wp-content\\\/uploads\\\/2025\\\/06\\\/DSC07267.jpeg&quot;,&quot;id&quot;:&quot;418036&quot;,&quot;title&quot;:&quot;DSC07267&quot;,&quot;alt&quot;:&quot;&quot;,&quot;caption&quot;:&quot;\\u201eMiteinander reden\\u201c \\u2013 Die Kirche steht nun auch f\\u00fcr nichtkirchliche Zwecke offen&quot;,&quot;itemprop&quot;:&quot;image&quot;},{&quot;src&quot;:&quot;https:\\\/\\\/paulinenaue.info\\\/wp-content\\\/uploads\\\/2025\\\/06\\\/DSC07235.jpeg&quot;,&quot;id&quot;:&quot;418032&quot;,&quot;title&quot;:&quot;DSC07235&quot;,&quot;alt&quot;:&quot;&quot;,&quot;caption&quot;:&quot;Generalsuperintendent B\\u00e1lint bei der Predigt&quot;,&quot;itemprop&quot;:&quot;image&quot;},{&quot;src&quot;:&quot;https:\\\/\\\/paulinenaue.info\\\/wp-content\\\/uploads\\\/2025\\\/06\\\/DSC07277.jpeg&quot;,&quot;id&quot;:&quot;418038&quot;,&quot;title&quot;:&quot;DSC07277&quot;,&quot;alt&quot;:&quot;&quot;,&quot;caption&quot;:&quot;&quot;,&quot;itemprop&quot;:&quot;image&quot;},{&quot;src&quot;:&quot;https:\\\/\\\/paulinenaue.info\\\/wp-content\\\/uploads\\\/2025\\\/06\\\/DSC07317.jpeg&quot;,&quot;id&quot;:&quot;418045&quot;,&quot;title&quot;:&quot;DSC07317&quot;,&quot;alt&quot;:&quot;&quot;,&quot;caption&quot;:&quot;&quot;,&quot;itemprop&quot;:&quot;image&quot;},{&quot;src&quot;:&quot;https:\\\/\\\/paulinenaue.info\\\/wp-content\\\/uploads\\\/2025\\\/06\\\/DSC07321.jpeg&quot;,&quot;id&quot;:&quot;418046&quot;,&quot;title&quot;:&quot;DSC07321&quot;,&quot;alt&quot;:&quot;&quot;,&quot;caption&quot;:&quot;Andreas Flender bei seinem Vortrag&quot;,&quot;itemprop&quot;:&quot;image&quot;},{&quot;src&quot;:&quot;https:\\\/\\\/paulinenaue.info\\\/wp-content\\\/uploads\\\/2025\\\/06\\\/DSC07334.jpeg&quot;,&quot;id&quot;:&quot;418047&quot;,&quot;title&quot;:&quot;DSC07334&quot;,&quot;alt&quot;:&quot;&quot;,&quot;caption&quot;:&quot;Bei der anschlie\\u00dfenden F\\u00fchrung&quot;,&quot;itemprop&quot;:&quot;image&quot;},{&quot;src&quot;:&quot;https:\\\/\\\/paulinenaue.info\\\/wp-content\\\/uploads\\\/2025\\\/06\\\/DSC07339.jpeg&quot;,&quot;id&quot;:&quot;418049&quot;,&quot;title&quot;:&quot;DSC07339&quot;,&quot;alt&quot;:&quot;&quot;,&quot;caption&quot;:&quot;In den schlanken Turm passt die Glocke gerade hinein.&quot;,&quot;itemprop&quot;:&quot;image&quot;},{&quot;src&quot;:&quot;https:\\\/\\\/paulinenaue.info\\\/wp-content\\\/uploads\\\/2025\\\/06\\\/DSC07347.jpeg&quot;,&quot;id&quot;:&quot;418051&quot;,&quot;title&quot;:&quot;DSC07347&quot;,&quot;alt&quot;:&quot;&quot;,&quot;caption&quot;:&quot;&quot;,&quot;itemprop&quot;:&quot;image&quot;},{&quot;src&quot;:&quot;https:\\\/\\\/paulinenaue.info\\\/wp-content\\\/uploads\\\/2025\\\/06\\\/DSC07349.jpeg&quot;,&quot;id&quot;:&quot;418052&quot;,&quot;title&quot;:&quot;DSC07349&quot;,&quot;alt&quot;:&quot;&quot;,&quot;caption&quot;:&quot;Die Festgesellschaft&quot;,&quot;itemprop&quot;:&quot;image&quot;}]\" itemscope itemtype=\"https:\/\/schema.org\/ImageGallery\"><\/div>\n<p><em>Galerie, Fotos: J. Scholz, 2025<\/em><\/p>\n<p class=\"p1\">Zum Programm des Festaktes und der Feierlichkeiten geh\u00f6rten ein in wei\u00df gekleideter Kinderchor unter der Leitung von Martin Seyfarth, ein Abholservice f\u00fcr diejenigen, die nicht mehr so gut zu Fu\u00df, aber dennoch ihr Lebtag treue Kirchg\u00e4nger waren und sind, ein Kuchenstand der von den Paulinenauer ,Pauerfrauen\u2019 unterst\u00fctzten Kirchgemeinde-Seniorinnen und noch vieles mehr. Die Kleinen erfreuten sich am Kinderschminken und im Bilderbuchkino mit Maja Geisel, die \u00c4lteren an guten Begegnungen beim Kaffee oder am Grillstand. Das Wetter \u2013 in der Tendenz wechselhaft \u2013 spielte an den entscheidenden Stellen ebenfalls mit. Und einen au\u00dfergew\u00f6hnlichen Beifang am Rande des Festaktes boten noch die Paulinenauer Modelleisenbahner in der Baracke nebenan. Wer die Gelegenheit ergriff, bei dieser Freundestruppe vorbeizuschauen, konnte nur staunen, was die Herren in ihrer Freizeit zustande bringen. Apropos Baracke: Der von vielen Zusammenk\u00fcnften allen bekannten Paulinenauer Kirchenbaracke scheint nach der Sanierung die Stunde geschlagen zu haben. Sie wird nicht mehr gebraucht und bei einer Sanierung stehen Kosten und Nutzen in keinem Verh\u00e4ltnis. Vielleicht gelingt es ja, wenigstens ihren legend\u00e4ren Geruch f\u00fcr die Nachwelt irgendwie zu konservieren.<\/p>\n","protected":false},"excerpt":{"rendered":"<p>Lange im Vorfeld war der Termin f\u00fcr das Kirchenfest am [&hellip;]<\/p>\n","protected":false},"author":1,"featured_media":418030,"comment_status":"open","ping_status":"open","sticky":false,"template":"","format":"standard","meta":{"_acf_changed":false,"_price":"","_stock":"","_tribe_ticket_header":"","_tribe_default_ticket_provider":"","_tribe_ticket_capacity":"0","_ticket_start_date":"","_ticket_end_date":"","_tribe_ticket_show_description":"","_tribe_ticket_show_not_going":false,"_tribe_ticket_use_global_stock":"","_tribe_ticket_global_stock_level":"","_global_stock_mode":"","_global_stock_cap":"","_tribe_rsvp_for_event":"","_tribe_ticket_going_count":"","_tribe_ticket_not_going_count":"","_tribe_tickets_list":"[]","_tribe_ticket_has_attendee_info_fields":false,"jetpack_post_was_ever_published":false,"_jetpack_newsletter_access":"","_jetpack_dont_email_post_to_subs":false,"_jetpack_newsletter_tier_id":0,"_jetpack_memberships_contains_paywalled_content":false,"_jetpack_memberships_contains_paid_content":false,"footnotes":"","jetpack_publicize_message":"","jetpack_publicize_feature_enabled":true,"jetpack_social_post_already_shared":true,"jetpack_social_options":{"image_generator_settings":{"template":"highway","default_image_id":0,"font":"","enabled":false},"version":2}},"categories":[1,40,519,26,9,526,514,10],"tags":[620,27,577],"class_list":["post-418004","post","type-post","status-publish","format-standard","has-post-thumbnail","hentry","category-allgemein","category-dorfentwicklung","category-ehrenamt","category-kirche","category-neuigkeiten","category-ortsgeschichte","category-pauerfrauen","category-vereine","tag-evangelische-kirchgemeinde","tag-kirche","tag-kirchengemeinde"],"acf":[],"yoast_head":"<!-- This site is optimized with the Yoast SEO plugin v27.5 - https:\/\/yoast.com\/product\/yoast-seo-wordpress\/ -->\n<title>Das n\u00e4chste Mal in zwei Generationen:\u00a0Paulinenaue feiert Kirchsanierung - Paulinenaue<\/title>\n<meta name=\"description\" content=\"Am 1. Juni feierte Paulinenaue den Abschluss der Sanierung der Dorfkirche, die zum ersten Mal seit 60 Jahren gr\u00fcndlich erneuert wurde.\" \/>\n<meta name=\"robots\" content=\"index, follow, max-snippet:-1, max-image-preview:large, max-video-preview:-1\" \/>\n<link rel=\"canonical\" href=\"https:\/\/paulinenaue.info\/index.php\/kirchsanierung-paulinenaue\/\" \/>\n<meta property=\"og:locale\" content=\"de_DE\" \/>\n<meta property=\"og:type\" content=\"article\" \/>\n<meta property=\"og:title\" content=\"Das n\u00e4chste Mal in zwei Generationen:\u00a0Paulinenaue feiert Kirchsanierung - Paulinenaue\" \/>\n<meta property=\"og:description\" content=\"Am 1. Juni feierte Paulinenaue den Abschluss der Sanierung der Dorfkirche, die zum ersten Mal seit 60 Jahren gr\u00fcndlich erneuert wurde.\" \/>\n<meta property=\"og:url\" content=\"https:\/\/paulinenaue.info\/index.php\/kirchsanierung-paulinenaue\/\" \/>\n<meta property=\"og:site_name\" content=\"Paulinenaue\" \/>\n<meta property=\"article:published_time\" content=\"2025-06-02T09:26:28+00:00\" \/>\n<meta property=\"article:modified_time\" content=\"2025-06-02T17:55:03+00:00\" \/>\n<meta property=\"og:image\" content=\"https:\/\/paulinenaue.info\/wp-content\/uploads\/2025\/06\/DSC07228.jpeg\" \/>\n\t<meta property=\"og:image:width\" content=\"1000\" \/>\n\t<meta property=\"og:image:height\" content=\"667\" \/>\n\t<meta property=\"og:image:type\" content=\"image\/jpeg\" \/>\n<meta name=\"author\" content=\"Joachim Scholz\" \/>\n<meta name=\"twitter:card\" content=\"summary_large_image\" \/>\n<meta name=\"twitter:label1\" content=\"Verfasst von\" \/>\n\t<meta name=\"twitter:data1\" content=\"Joachim Scholz\" \/>\n\t<meta name=\"twitter:label2\" content=\"Gesch\u00e4tzte Lesezeit\" \/>\n\t<meta name=\"twitter:data2\" content=\"4\u00a0Minuten\" \/>\n<script type=\"application\/ld+json\" class=\"yoast-schema-graph\">{\"@context\":\"https:\\\/\\\/schema.org\",\"@graph\":[{\"@type\":\"Article\",\"@id\":\"https:\\\/\\\/paulinenaue.info\\\/index.php\\\/kirchsanierung-paulinenaue\\\/#article\",\"isPartOf\":{\"@id\":\"https:\\\/\\\/paulinenaue.info\\\/index.php\\\/kirchsanierung-paulinenaue\\\/\"},\"author\":{\"name\":\"Joachim Scholz\",\"@id\":\"https:\\\/\\\/paulinenaue.info\\\/#\\\/schema\\\/person\\\/3f9e818fd7b69b0d2bd937ac506897cc\"},\"headline\":\"Das n\u00e4chste Mal in zwei Generationen:\u00a0Paulinenaue feiert Kirchsanierung\",\"datePublished\":\"2025-06-02T09:26:28+00:00\",\"dateModified\":\"2025-06-02T17:55:03+00:00\",\"mainEntityOfPage\":{\"@id\":\"https:\\\/\\\/paulinenaue.info\\\/index.php\\\/kirchsanierung-paulinenaue\\\/\"},\"wordCount\":570,\"commentCount\":0,\"image\":{\"@id\":\"https:\\\/\\\/paulinenaue.info\\\/index.php\\\/kirchsanierung-paulinenaue\\\/#primaryimage\"},\"thumbnailUrl\":\"https:\\\/\\\/paulinenaue.info\\\/wp-content\\\/uploads\\\/2025\\\/06\\\/DSC07228.jpeg\",\"keywords\":[\"Evangelische Kirchgemeinde\",\"Kirche\",\"Kirchengemeinde\"],\"articleSection\":{\"1\":\"Dorfentwicklung\",\"2\":\"Ehrenamt\",\"3\":\"Kirche\",\"4\":\"Neuigkeiten\",\"5\":\"Ortsgeschichte\",\"6\":\"Pauerfrauen\",\"7\":\"Vereine\"},\"inLanguage\":\"de\",\"potentialAction\":[{\"@type\":\"CommentAction\",\"name\":\"Comment\",\"target\":[\"https:\\\/\\\/paulinenaue.info\\\/index.php\\\/kirchsanierung-paulinenaue\\\/#respond\"]}]},{\"@type\":\"WebPage\",\"@id\":\"https:\\\/\\\/paulinenaue.info\\\/index.php\\\/kirchsanierung-paulinenaue\\\/\",\"url\":\"https:\\\/\\\/paulinenaue.info\\\/index.php\\\/kirchsanierung-paulinenaue\\\/\",\"name\":\"Das n\u00e4chste Mal in zwei Generationen:\u00a0Paulinenaue feiert Kirchsanierung - Paulinenaue\",\"isPartOf\":{\"@id\":\"https:\\\/\\\/paulinenaue.info\\\/#website\"},\"primaryImageOfPage\":{\"@id\":\"https:\\\/\\\/paulinenaue.info\\\/index.php\\\/kirchsanierung-paulinenaue\\\/#primaryimage\"},\"image\":{\"@id\":\"https:\\\/\\\/paulinenaue.info\\\/index.php\\\/kirchsanierung-paulinenaue\\\/#primaryimage\"},\"thumbnailUrl\":\"https:\\\/\\\/paulinenaue.info\\\/wp-content\\\/uploads\\\/2025\\\/06\\\/DSC07228.jpeg\",\"datePublished\":\"2025-06-02T09:26:28+00:00\",\"dateModified\":\"2025-06-02T17:55:03+00:00\",\"author\":{\"@id\":\"https:\\\/\\\/paulinenaue.info\\\/#\\\/schema\\\/person\\\/3f9e818fd7b69b0d2bd937ac506897cc\"},\"description\":\"Am 1. Juni feierte Paulinenaue den Abschluss der Sanierung der Dorfkirche, die zum ersten Mal seit 60 Jahren gr\u00fcndlich erneuert wurde.\",\"breadcrumb\":{\"@id\":\"https:\\\/\\\/paulinenaue.info\\\/index.php\\\/kirchsanierung-paulinenaue\\\/#breadcrumb\"},\"inLanguage\":\"de\",\"potentialAction\":[{\"@type\":\"ReadAction\",\"target\":[\"https:\\\/\\\/paulinenaue.info\\\/index.php\\\/kirchsanierung-paulinenaue\\\/\"]}]},{\"@type\":\"ImageObject\",\"inLanguage\":\"de\",\"@id\":\"https:\\\/\\\/paulinenaue.info\\\/index.php\\\/kirchsanierung-paulinenaue\\\/#primaryimage\",\"url\":\"https:\\\/\\\/paulinenaue.info\\\/wp-content\\\/uploads\\\/2025\\\/06\\\/DSC07228.jpeg\",\"contentUrl\":\"https:\\\/\\\/paulinenaue.info\\\/wp-content\\\/uploads\\\/2025\\\/06\\\/DSC07228.jpeg\",\"width\":1000,\"height\":667},{\"@type\":\"BreadcrumbList\",\"@id\":\"https:\\\/\\\/paulinenaue.info\\\/index.php\\\/kirchsanierung-paulinenaue\\\/#breadcrumb\",\"itemListElement\":[{\"@type\":\"ListItem\",\"position\":1,\"name\":\"Home\",\"item\":\"https:\\\/\\\/paulinenaue.info\\\/\"},{\"@type\":\"ListItem\",\"position\":2,\"name\":\"Das n\u00e4chste Mal in zwei Generationen:\u00a0Paulinenaue feiert Kirchsanierung\"}]},{\"@type\":\"WebSite\",\"@id\":\"https:\\\/\\\/paulinenaue.info\\\/#website\",\"url\":\"https:\\\/\\\/paulinenaue.info\\\/\",\"name\":\"Paulinenaue\",\"description\":\"Ein Dorf im Havelland\",\"potentialAction\":[{\"@type\":\"SearchAction\",\"target\":{\"@type\":\"EntryPoint\",\"urlTemplate\":\"https:\\\/\\\/paulinenaue.info\\\/?s={search_term_string}\"},\"query-input\":{\"@type\":\"PropertyValueSpecification\",\"valueRequired\":true,\"valueName\":\"search_term_string\"}}],\"inLanguage\":\"de\"},{\"@type\":\"Person\",\"@id\":\"https:\\\/\\\/paulinenaue.info\\\/#\\\/schema\\\/person\\\/3f9e818fd7b69b0d2bd937ac506897cc\",\"name\":\"Joachim Scholz\",\"url\":\"https:\\\/\\\/paulinenaue.info\\\/index.php\\\/author\\\/jjscholz\\\/\"}]}<\/script>\n<!-- \/ Yoast SEO plugin. -->","yoast_head_json":{"title":"Das n\u00e4chste Mal in zwei Generationen:\u00a0Paulinenaue feiert Kirchsanierung - Paulinenaue","description":"Am 1. Juni feierte Paulinenaue den Abschluss der Sanierung der Dorfkirche, die zum ersten Mal seit 60 Jahren gr\u00fcndlich erneuert wurde.","robots":{"index":"index","follow":"follow","max-snippet":"max-snippet:-1","max-image-preview":"max-image-preview:large","max-video-preview":"max-video-preview:-1"},"canonical":"https:\/\/paulinenaue.info\/index.php\/kirchsanierung-paulinenaue\/","og_locale":"de_DE","og_type":"article","og_title":"Das n\u00e4chste Mal in zwei Generationen:\u00a0Paulinenaue feiert Kirchsanierung - Paulinenaue","og_description":"Am 1. Juni feierte Paulinenaue den Abschluss der Sanierung der Dorfkirche, die zum ersten Mal seit 60 Jahren gr\u00fcndlich erneuert wurde.","og_url":"https:\/\/paulinenaue.info\/index.php\/kirchsanierung-paulinenaue\/","og_site_name":"Paulinenaue","article_published_time":"2025-06-02T09:26:28+00:00","article_modified_time":"2025-06-02T17:55:03+00:00","og_image":[{"width":1000,"height":667,"url":"https:\/\/paulinenaue.info\/wp-content\/uploads\/2025\/06\/DSC07228.jpeg","type":"image\/jpeg"}],"author":"Joachim Scholz","twitter_card":"summary_large_image","twitter_misc":{"Verfasst von":"Joachim Scholz","Gesch\u00e4tzte Lesezeit":"4\u00a0Minuten"},"schema":{"@context":"https:\/\/schema.org","@graph":[{"@type":"Article","@id":"https:\/\/paulinenaue.info\/index.php\/kirchsanierung-paulinenaue\/#article","isPartOf":{"@id":"https:\/\/paulinenaue.info\/index.php\/kirchsanierung-paulinenaue\/"},"author":{"name":"Joachim Scholz","@id":"https:\/\/paulinenaue.info\/#\/schema\/person\/3f9e818fd7b69b0d2bd937ac506897cc"},"headline":"Das n\u00e4chste Mal in zwei Generationen:\u00a0Paulinenaue feiert Kirchsanierung","datePublished":"2025-06-02T09:26:28+00:00","dateModified":"2025-06-02T17:55:03+00:00","mainEntityOfPage":{"@id":"https:\/\/paulinenaue.info\/index.php\/kirchsanierung-paulinenaue\/"},"wordCount":570,"commentCount":0,"image":{"@id":"https:\/\/paulinenaue.info\/index.php\/kirchsanierung-paulinenaue\/#primaryimage"},"thumbnailUrl":"https:\/\/paulinenaue.info\/wp-content\/uploads\/2025\/06\/DSC07228.jpeg","keywords":["Evangelische Kirchgemeinde","Kirche","Kirchengemeinde"],"articleSection":{"1":"Dorfentwicklung","2":"Ehrenamt","3":"Kirche","4":"Neuigkeiten","5":"Ortsgeschichte","6":"Pauerfrauen","7":"Vereine"},"inLanguage":"de","potentialAction":[{"@type":"CommentAction","name":"Comment","target":["https:\/\/paulinenaue.info\/index.php\/kirchsanierung-paulinenaue\/#respond"]}]},{"@type":"WebPage","@id":"https:\/\/paulinenaue.info\/index.php\/kirchsanierung-paulinenaue\/","url":"https:\/\/paulinenaue.info\/index.php\/kirchsanierung-paulinenaue\/","name":"Das n\u00e4chste Mal in zwei Generationen:\u00a0Paulinenaue feiert Kirchsanierung - Paulinenaue","isPartOf":{"@id":"https:\/\/paulinenaue.info\/#website"},"primaryImageOfPage":{"@id":"https:\/\/paulinenaue.info\/index.php\/kirchsanierung-paulinenaue\/#primaryimage"},"image":{"@id":"https:\/\/paulinenaue.info\/index.php\/kirchsanierung-paulinenaue\/#primaryimage"},"thumbnailUrl":"https:\/\/paulinenaue.info\/wp-content\/uploads\/2025\/06\/DSC07228.jpeg","datePublished":"2025-06-02T09:26:28+00:00","dateModified":"2025-06-02T17:55:03+00:00","author":{"@id":"https:\/\/paulinenaue.info\/#\/schema\/person\/3f9e818fd7b69b0d2bd937ac506897cc"},"description":"Am 1. Juni feierte Paulinenaue den Abschluss der Sanierung der Dorfkirche, die zum ersten Mal seit 60 Jahren gr\u00fcndlich erneuert wurde.","breadcrumb":{"@id":"https:\/\/paulinenaue.info\/index.php\/kirchsanierung-paulinenaue\/#breadcrumb"},"inLanguage":"de","potentialAction":[{"@type":"ReadAction","target":["https:\/\/paulinenaue.info\/index.php\/kirchsanierung-paulinenaue\/"]}]},{"@type":"ImageObject","inLanguage":"de","@id":"https:\/\/paulinenaue.info\/index.php\/kirchsanierung-paulinenaue\/#primaryimage","url":"https:\/\/paulinenaue.info\/wp-content\/uploads\/2025\/06\/DSC07228.jpeg","contentUrl":"https:\/\/paulinenaue.info\/wp-content\/uploads\/2025\/06\/DSC07228.jpeg","width":1000,"height":667},{"@type":"BreadcrumbList","@id":"https:\/\/paulinenaue.info\/index.php\/kirchsanierung-paulinenaue\/#breadcrumb","itemListElement":[{"@type":"ListItem","position":1,"name":"Home","item":"https:\/\/paulinenaue.info\/"},{"@type":"ListItem","position":2,"name":"Das n\u00e4chste Mal in zwei Generationen:\u00a0Paulinenaue feiert Kirchsanierung"}]},{"@type":"WebSite","@id":"https:\/\/paulinenaue.info\/#website","url":"https:\/\/paulinenaue.info\/","name":"Paulinenaue","description":"Ein Dorf im Havelland","potentialAction":[{"@type":"SearchAction","target":{"@type":"EntryPoint","urlTemplate":"https:\/\/paulinenaue.info\/?s={search_term_string}"},"query-input":{"@type":"PropertyValueSpecification","valueRequired":true,"valueName":"search_term_string"}}],"inLanguage":"de"},{"@type":"Person","@id":"https:\/\/paulinenaue.info\/#\/schema\/person\/3f9e818fd7b69b0d2bd937ac506897cc","name":"Joachim Scholz","url":"https:\/\/paulinenaue.info\/index.php\/author\/jjscholz\/"}]}},"jetpack_publicize_connections":[],"jetpack_featured_media_url":"https:\/\/paulinenaue.info\/wp-content\/uploads\/2025\/06\/DSC07228.jpeg","jetpack_sharing_enabled":true,"jetpack_shortlink":"https:\/\/wp.me\/pcYhWA-1KK0","jetpack-related-posts":[{"id":143058,"url":"https:\/\/paulinenaue.info\/index.php\/erfolgreicher-dorfputz\/","url_meta":{"origin":418004,"position":0},"title":"Erfolgreicher Dorfputz","author":"Sarah","date":"26. April 2022","format":false,"excerpt":"","rel":"","context":"In &quot;Gemeinde Paulinenaue&quot;","block_context":{"text":"Gemeinde Paulinenaue","link":"https:\/\/paulinenaue.info\/index.php\/category\/gemeinde-paulinenaue\/"},"img":{"alt_text":"","src":"https:\/\/i0.wp.com\/paulinenaue.info\/wp-content\/uploads\/2022\/04\/IMG-20220409-WA0000.jpg?resize=350%2C200&ssl=1","width":350,"height":200,"srcset":"https:\/\/i0.wp.com\/paulinenaue.info\/wp-content\/uploads\/2022\/04\/IMG-20220409-WA0000.jpg?resize=350%2C200&ssl=1 1x, https:\/\/i0.wp.com\/paulinenaue.info\/wp-content\/uploads\/2022\/04\/IMG-20220409-WA0000.jpg?resize=525%2C300&ssl=1 1.5x, https:\/\/i0.wp.com\/paulinenaue.info\/wp-content\/uploads\/2022\/04\/IMG-20220409-WA0000.jpg?resize=700%2C400&ssl=1 2x"},"classes":[]},{"id":184284,"url":"https:\/\/paulinenaue.info\/index.php\/kirche-wird-saniert-und-multifunktional-nutzbar\/","url_meta":{"origin":418004,"position":1},"title":"Kirche wird saniert und multifunktional nutzbar","author":"Joachim Scholz","date":"29. Mai 2022","format":false,"excerpt":"von Andreas Flender, ehrenamtlicher Mitarbeiter und Bauverantwortlicher der evangelischen Kirchengemeinde In der Paulinenauer Kirche soll demn\u00e4chst ein Dorftreff entstehen. Es gibt daf\u00fcr Interesse von Vereinen, die bisher keine eigenen R\u00e4ume haben. Denkbar ist, dass der Kulturverein oder das Gemeinschaftswerk Soziale Dienste den Treff nutzen wird. Die Notfallseelsorge m\u00f6chte dort Gruppenabende\u2026","rel":"","context":"In &quot;Allgemein&quot;","block_context":{"text":"Allgemein","link":"https:\/\/paulinenaue.info\/index.php\/category\/allgemein\/"},"img":{"alt_text":"","src":"https:\/\/i0.wp.com\/paulinenaue.info\/wp-content\/uploads\/2022\/05\/2022-05-28-Paulinenaue-Kirche.jpg?resize=350%2C200&ssl=1","width":350,"height":200,"srcset":"https:\/\/i0.wp.com\/paulinenaue.info\/wp-content\/uploads\/2022\/05\/2022-05-28-Paulinenaue-Kirche.jpg?resize=350%2C200&ssl=1 1x, https:\/\/i0.wp.com\/paulinenaue.info\/wp-content\/uploads\/2022\/05\/2022-05-28-Paulinenaue-Kirche.jpg?resize=525%2C300&ssl=1 1.5x, https:\/\/i0.wp.com\/paulinenaue.info\/wp-content\/uploads\/2022\/05\/2022-05-28-Paulinenaue-Kirche.jpg?resize=700%2C400&ssl=1 2x"},"classes":[]},{"id":415047,"url":"https:\/\/paulinenaue.info\/index.php\/die-sanierung-der-paulinenauer-dorfkirche-beginnt\/","url_meta":{"origin":418004,"position":2},"title":"Die Sanierung der Paulinenauer Dorfkirche beginnt","author":"Joachim Scholz","date":"16. M\u00e4rz 2023","format":false,"excerpt":"Etwa ein Menschenleben ist vergangen, seit die Paulinenauer in ihrem Dorf eine neue Kirche erhielten. Nun ist nach genau 90 Jahren die Zeit f\u00fcr eine gr\u00fcndliche Erneuerung des Geb\u00e4udes gekommen. Andreas Flender gibt f\u00fcr unsere Website Auskunft dar\u00fcber, was in Sachen Kirchsanierung in der n\u00e4chsten Zeit geschieht: Zuna\u0308chst werden verschiedene\u2026","rel":"","context":"In &quot;Allgemein&quot;","block_context":{"text":"Allgemein","link":"https:\/\/paulinenaue.info\/index.php\/category\/allgemein\/"},"img":{"alt_text":"","src":"https:\/\/i0.wp.com\/paulinenaue.info\/wp-content\/uploads\/2023\/03\/2023-03-15-Kirche-01.jpeg?resize=350%2C200&ssl=1","width":350,"height":200,"srcset":"https:\/\/i0.wp.com\/paulinenaue.info\/wp-content\/uploads\/2023\/03\/2023-03-15-Kirche-01.jpeg?resize=350%2C200&ssl=1 1x, https:\/\/i0.wp.com\/paulinenaue.info\/wp-content\/uploads\/2023\/03\/2023-03-15-Kirche-01.jpeg?resize=525%2C300&ssl=1 1.5x, https:\/\/i0.wp.com\/paulinenaue.info\/wp-content\/uploads\/2023\/03\/2023-03-15-Kirche-01.jpeg?resize=700%2C400&ssl=1 2x"},"classes":[]},{"id":417135,"url":"https:\/\/paulinenaue.info\/index.php\/ein-blick-in-die-fast-fertig-sanierte-kirche\/","url_meta":{"origin":418004,"position":3},"title":"Ein Blick in die fast fertig sanierte Kirche","author":"Joachim Scholz","date":"15. Dezember 2024","format":false,"excerpt":"Nicht nur in Paulinenauer Kinderherzen w\u00e4chst gerade die vorweihnachtliche Spannung. Sie zeigt sich auch in emsigen Vorbereitungen an einem Geb\u00e4ude, das am Heiligen Abend eine besondere Rolle spielen soll. Die Sanierung der Paulinenauer Dorfkirche steht unmittelbar vor dem Abschluss und wenn alles wie geplant abl\u00e4uft, dann wird der Gottesdienst am\u2026","rel":"","context":"In &quot;Allgemein&quot;","block_context":{"text":"Allgemein","link":"https:\/\/paulinenaue.info\/index.php\/category\/allgemein\/"},"img":{"alt_text":"","src":"https:\/\/i0.wp.com\/paulinenaue.info\/wp-content\/uploads\/2024\/12\/2024-12-13_10-21-54-1.jpg?resize=350%2C200&ssl=1","width":350,"height":200,"srcset":"https:\/\/i0.wp.com\/paulinenaue.info\/wp-content\/uploads\/2024\/12\/2024-12-13_10-21-54-1.jpg?resize=350%2C200&ssl=1 1x, https:\/\/i0.wp.com\/paulinenaue.info\/wp-content\/uploads\/2024\/12\/2024-12-13_10-21-54-1.jpg?resize=525%2C300&ssl=1 1.5x, https:\/\/i0.wp.com\/paulinenaue.info\/wp-content\/uploads\/2024\/12\/2024-12-13_10-21-54-1.jpg?resize=700%2C400&ssl=1 2x, https:\/\/i0.wp.com\/paulinenaue.info\/wp-content\/uploads\/2024\/12\/2024-12-13_10-21-54-1.jpg?resize=1050%2C600&ssl=1 3x, https:\/\/i0.wp.com\/paulinenaue.info\/wp-content\/uploads\/2024\/12\/2024-12-13_10-21-54-1.jpg?resize=1400%2C800&ssl=1 4x"},"classes":[]},{"id":418593,"url":"https:\/\/paulinenaue.info\/index.php\/willkommen-auf-dem-weihnachtsmarkt\/","url_meta":{"origin":418004,"position":4},"title":"Willkommen auf dem 17. Paulinenauer Weihnachtsmarkt","author":"Joachim Scholz","date":"30. November 2025","format":false,"excerpt":"29.11.2025. Wer hatte einst die Idee, die Paulinenauer Weihnachtsm\u00e4rkte durchzunummerieren und wird eigentlich noch richtig gez\u00e4hlt? Dass im Jahr 2006 der damals frisch gegr\u00fcndete Paulinenauer Kulturverein seiner ersten gr\u00f6\u00dferen Veranstaltung die Premiere in den Titel einschrieb (\u201e1. Paulinenauer Weihnachtsmarkt\u201c) ist wohl der Grund. Danach wurde einfach weitergez\u00e4hlt. In der Coronazeit\u2026","rel":"","context":"In &quot;Ehrenamt&quot;","block_context":{"text":"Ehrenamt","link":"https:\/\/paulinenaue.info\/index.php\/category\/ehrenamt\/"},"img":{"alt_text":"","src":"https:\/\/i0.wp.com\/paulinenaue.info\/wp-content\/uploads\/2025\/11\/DSC02019.jpeg?resize=350%2C200&ssl=1","width":350,"height":200,"srcset":"https:\/\/i0.wp.com\/paulinenaue.info\/wp-content\/uploads\/2025\/11\/DSC02019.jpeg?resize=350%2C200&ssl=1 1x, https:\/\/i0.wp.com\/paulinenaue.info\/wp-content\/uploads\/2025\/11\/DSC02019.jpeg?resize=525%2C300&ssl=1 1.5x, https:\/\/i0.wp.com\/paulinenaue.info\/wp-content\/uploads\/2025\/11\/DSC02019.jpeg?resize=700%2C400&ssl=1 2x"},"classes":[]},{"id":416217,"url":"https:\/\/paulinenaue.info\/index.php\/rbb-bericht-ueber-die-sanierung-der-kirche\/","url_meta":{"origin":418004,"position":5},"title":"RBB-Bericht \u00fcber die Sanierung der Kirche","author":"Joachim Scholz","date":"4. Mai 2024","format":false,"excerpt":"Einmal mehr macht sie der Rundfunk Berlin-Brandenburg auf nach Paulinenaue. Diesmal mit einem Bericht \u00fcber den Fortschritt der Sanierung unserer Dorfkirche. Die Aufnahmen zeigen das Geb\u00e4ude aus der Vogelperspektive und von innen. Die Ausf\u00fchrungen zu Denkmalschutzaspekten sind besonders interessant, denn die Innenausmalung der erst 90 Jahre alten Kirche sah einmal\u2026","rel":"","context":"In &quot;Allgemein&quot;","block_context":{"text":"Allgemein","link":"https:\/\/paulinenaue.info\/index.php\/category\/allgemein\/"},"img":{"alt_text":"","src":"https:\/\/i0.wp.com\/paulinenaue.info\/wp-content\/uploads\/2024\/05\/2024-04-27-rbb24_Brandenburg_aktuell__Dorfkirche_Paulinenaue_wird_saniert___ARD_Mediathek-scaled.jpg?resize=350%2C200&ssl=1","width":350,"height":200,"srcset":"https:\/\/i0.wp.com\/paulinenaue.info\/wp-content\/uploads\/2024\/05\/2024-04-27-rbb24_Brandenburg_aktuell__Dorfkirche_Paulinenaue_wird_saniert___ARD_Mediathek-scaled.jpg?resize=350%2C200&ssl=1 1x, https:\/\/i0.wp.com\/paulinenaue.info\/wp-content\/uploads\/2024\/05\/2024-04-27-rbb24_Brandenburg_aktuell__Dorfkirche_Paulinenaue_wird_saniert___ARD_Mediathek-scaled.jpg?resize=525%2C300&ssl=1 1.5x, https:\/\/i0.wp.com\/paulinenaue.info\/wp-content\/uploads\/2024\/05\/2024-04-27-rbb24_Brandenburg_aktuell__Dorfkirche_Paulinenaue_wird_saniert___ARD_Mediathek-scaled.jpg?resize=700%2C400&ssl=1 2x, https:\/\/i0.wp.com\/paulinenaue.info\/wp-content\/uploads\/2024\/05\/2024-04-27-rbb24_Brandenburg_aktuell__Dorfkirche_Paulinenaue_wird_saniert___ARD_Mediathek-scaled.jpg?resize=1050%2C600&ssl=1 3x, https:\/\/i0.wp.com\/paulinenaue.info\/wp-content\/uploads\/2024\/05\/2024-04-27-rbb24_Brandenburg_aktuell__Dorfkirche_Paulinenaue_wird_saniert___ARD_Mediathek-scaled.jpg?resize=1400%2C800&ssl=1 4x"},"classes":[]}],"_links":{"self":[{"href":"https:\/\/paulinenaue.info\/index.php\/wp-json\/wp\/v2\/posts\/418004","targetHints":{"allow":["GET"]}}],"collection":[{"href":"https:\/\/paulinenaue.info\/index.php\/wp-json\/wp\/v2\/posts"}],"about":[{"href":"https:\/\/paulinenaue.info\/index.php\/wp-json\/wp\/v2\/types\/post"}],"author":[{"embeddable":true,"href":"https:\/\/paulinenaue.info\/index.php\/wp-json\/wp\/v2\/users\/1"}],"replies":[{"embeddable":true,"href":"https:\/\/paulinenaue.info\/index.php\/wp-json\/wp\/v2\/comments?post=418004"}],"version-history":[{"count":16,"href":"https:\/\/paulinenaue.info\/index.php\/wp-json\/wp\/v2\/posts\/418004\/revisions"}],"predecessor-version":[{"id":418068,"href":"https:\/\/paulinenaue.info\/index.php\/wp-json\/wp\/v2\/posts\/418004\/revisions\/418068"}],"wp:featuredmedia":[{"embeddable":true,"href":"https:\/\/paulinenaue.info\/index.php\/wp-json\/wp\/v2\/media\/418030"}],"wp:attachment":[{"href":"https:\/\/paulinenaue.info\/index.php\/wp-json\/wp\/v2\/media?parent=418004"}],"wp:term":[{"taxonomy":"category","embeddable":true,"href":"https:\/\/paulinenaue.info\/index.php\/wp-json\/wp\/v2\/categories?post=418004"},{"taxonomy":"post_tag","embeddable":true,"href":"https:\/\/paulinenaue.info\/index.php\/wp-json\/wp\/v2\/tags?post=418004"}],"curies":[{"name":"wp","href":"https:\/\/api.w.org\/{rel}","templated":true}]}}