{"id":418139,"date":"2025-06-13T23:49:15","date_gmt":"2025-06-13T21:49:15","guid":{"rendered":"https:\/\/paulinenaue.info\/?p=418139"},"modified":"2025-06-13T23:49:15","modified_gmt":"2025-06-13T21:49:15","slug":"klassentreffen-50-jahre-nach-schulabschluss","status":"publish","type":"post","link":"https:\/\/paulinenaue.info\/index.php\/klassentreffen-50-jahre-nach-schulabschluss\/","title":{"rendered":"Klassentreffen 50 Jahre nach Schulabschluss"},"content":{"rendered":"<p class=\"p1\">Im September 1967 waren sie eingeschult worden, 1975 wurden sie am Ende der 8. Klasse wieder entlassen. Erst mit dem folgenden Jahrgang wurde die Paulinenauer Schule zehnklassig. W\u00e4hrend ihrer Schulzeit fuhren noch Personenz\u00fcge nach Neuruppin, verlie\u00dfen die letzten Bewohner den Knauerhof im Lindholz, z\u00e4hlten die neue Milchviehanlage und das \u201eInstitut f\u00fcr Futterproduktion\u201c zu den modernsten landwirtschaftlichen Einrichtungen im ganzen Land. Das liegt nun schon ein halbes Jahrhundert zur\u00fcck, und es ist auch schon wieder ein paar Tage her, dass sie das Klassentreffen zum 50. Schulentlassungsdatum am 17. Mai 2025 in Paulinenaue zusammenf\u00fchrte.<\/p>\n<div id=\"attachment_418136\" style=\"width: 610px\" class=\"wp-caption alignnone\"><a href=\"https:\/\/paulinenaue.info\/wp-content\/uploads\/2025\/06\/FB045E86-FC2F-4ACB-8DBB-A3A9DC49B686_1_201_a-scaled.jpeg\"><img decoding=\"async\" aria-describedby=\"caption-attachment-418136\" data-attachment-id=\"418136\" data-permalink=\"https:\/\/paulinenaue.info\/?attachment_id=418136\" data-orig-file=\"https:\/\/paulinenaue.info\/wp-content\/uploads\/2025\/06\/FB045E86-FC2F-4ACB-8DBB-A3A9DC49B686_1_201_a-scaled.jpeg\" data-orig-size=\"2560,1707\" data-comments-opened=\"1\" data-image-meta=\"{&quot;aperture&quot;:&quot;2.5&quot;,&quot;credit&quot;:&quot;&quot;,&quot;camera&quot;:&quot;DSC-RX10M3&quot;,&quot;caption&quot;:&quot;&quot;,&quot;created_timestamp&quot;:&quot;1747497251&quot;,&quot;copyright&quot;:&quot;&quot;,&quot;focal_length&quot;:&quot;9.02&quot;,&quot;iso&quot;:&quot;100&quot;,&quot;shutter_speed&quot;:&quot;0.00625&quot;,&quot;title&quot;:&quot;&quot;,&quot;orientation&quot;:&quot;1&quot;}\" data-image-title=\"FB045E86-FC2F-4ACB-8DBB-A3A9DC49B686_1_201_a\" data-image-description=\"\" data-image-caption=\"\" data-large-file=\"https:\/\/paulinenaue.info\/wp-content\/uploads\/2025\/06\/FB045E86-FC2F-4ACB-8DBB-A3A9DC49B686_1_201_a-1024x683.jpeg\" class=\"lazyload wp-image-418136 size-fusion-600\" src=\"https:\/\/paulinenaue.info\/wp-content\/uploads\/2025\/06\/FB045E86-FC2F-4ACB-8DBB-A3A9DC49B686_1_201_a-600x400.jpeg\" data-orig-src=\"https:\/\/paulinenaue.info\/wp-content\/uploads\/2025\/06\/FB045E86-FC2F-4ACB-8DBB-A3A9DC49B686_1_201_a-600x400.jpeg\" alt=\"\" width=\"600\" height=\"400\" srcset=\"data:image\/svg+xml,%3Csvg%20xmlns%3D%27http%3A%2F%2Fwww.w3.org%2F2000%2Fsvg%27%20width%3D%27600%27%20height%3D%27400%27%20viewBox%3D%270%200%20600%20400%27%3E%3Crect%20width%3D%27600%27%20height%3D%27400%27%20fill-opacity%3D%220%22%2F%3E%3C%2Fsvg%3E\" data-srcset=\"https:\/\/paulinenaue.info\/wp-content\/uploads\/2025\/06\/FB045E86-FC2F-4ACB-8DBB-A3A9DC49B686_1_201_a-200x133.jpeg 200w, https:\/\/paulinenaue.info\/wp-content\/uploads\/2025\/06\/FB045E86-FC2F-4ACB-8DBB-A3A9DC49B686_1_201_a-300x200.jpeg 300w, https:\/\/paulinenaue.info\/wp-content\/uploads\/2025\/06\/FB045E86-FC2F-4ACB-8DBB-A3A9DC49B686_1_201_a-400x267.jpeg 400w, https:\/\/paulinenaue.info\/wp-content\/uploads\/2025\/06\/FB045E86-FC2F-4ACB-8DBB-A3A9DC49B686_1_201_a-600x400.jpeg 600w, https:\/\/paulinenaue.info\/wp-content\/uploads\/2025\/06\/FB045E86-FC2F-4ACB-8DBB-A3A9DC49B686_1_201_a-768x512.jpeg 768w, https:\/\/paulinenaue.info\/wp-content\/uploads\/2025\/06\/FB045E86-FC2F-4ACB-8DBB-A3A9DC49B686_1_201_a-800x533.jpeg 800w, https:\/\/paulinenaue.info\/wp-content\/uploads\/2025\/06\/FB045E86-FC2F-4ACB-8DBB-A3A9DC49B686_1_201_a-1024x683.jpeg 1024w, https:\/\/paulinenaue.info\/wp-content\/uploads\/2025\/06\/FB045E86-FC2F-4ACB-8DBB-A3A9DC49B686_1_201_a-1200x800.jpeg 1200w, https:\/\/paulinenaue.info\/wp-content\/uploads\/2025\/06\/FB045E86-FC2F-4ACB-8DBB-A3A9DC49B686_1_201_a-1536x1024.jpeg 1536w\" data-sizes=\"auto\" data-orig-sizes=\"(max-width: 600px) 100vw, 600px\" \/><\/a><p id=\"caption-attachment-418136\" class=\"wp-caption-text\"><em>Rosi Elke war Klassenlehrerin in der Unterstufe. Sie hatte f\u00fcr ihre ehemaligen Sch\u00fcler ein besonderes Andenken dabei. Foto: J. Scholz, 2025. <\/em><\/p><\/div>\n<p class=\"p1\">Man sieht: Alle haben sich jung gehalten, so wie ihre Lehrerin Rosi Elke, die sich zur Feier im indischen Restaurant dazu gesellte. Frau Elke hatte etwas Besonderes dabei: Das Buch, das ihr ihre Klasse 1971 am Ende der Grundschulzeit \u00fcberreicht hatte. Alle 27 Sch\u00fcler hatten unterschrieben.<\/p>\n<div id=\"attachment_418137\" style=\"width: 610px\" class=\"wp-caption alignnone\"><a href=\"https:\/\/paulinenaue.info\/wp-content\/uploads\/2025\/06\/09140697-864E-44FB-938B-99124FAF74E2_1_201_a-scaled.jpeg\"><img decoding=\"async\" aria-describedby=\"caption-attachment-418137\" data-attachment-id=\"418137\" data-permalink=\"https:\/\/paulinenaue.info\/?attachment_id=418137\" data-orig-file=\"https:\/\/paulinenaue.info\/wp-content\/uploads\/2025\/06\/09140697-864E-44FB-938B-99124FAF74E2_1_201_a-scaled.jpeg\" data-orig-size=\"2560,1659\" data-comments-opened=\"1\" data-image-meta=\"{&quot;aperture&quot;:&quot;4&quot;,&quot;credit&quot;:&quot;&quot;,&quot;camera&quot;:&quot;DSC-RX10M3&quot;,&quot;caption&quot;:&quot;&quot;,&quot;created_timestamp&quot;:&quot;1747497215&quot;,&quot;copyright&quot;:&quot;&quot;,&quot;focal_length&quot;:&quot;8.8&quot;,&quot;iso&quot;:&quot;100&quot;,&quot;shutter_speed&quot;:&quot;0.004&quot;,&quot;title&quot;:&quot;&quot;,&quot;orientation&quot;:&quot;1&quot;}\" data-image-title=\"09140697-864E-44FB-938B-99124FAF74E2_1_201_a\" data-image-description=\"\" data-image-caption=\"\" data-large-file=\"https:\/\/paulinenaue.info\/wp-content\/uploads\/2025\/06\/09140697-864E-44FB-938B-99124FAF74E2_1_201_a-1024x664.jpeg\" class=\"lazyload wp-image-418137 size-fusion-600\" src=\"https:\/\/paulinenaue.info\/wp-content\/uploads\/2025\/06\/09140697-864E-44FB-938B-99124FAF74E2_1_201_a-600x389.jpeg\" data-orig-src=\"https:\/\/paulinenaue.info\/wp-content\/uploads\/2025\/06\/09140697-864E-44FB-938B-99124FAF74E2_1_201_a-600x389.jpeg\" alt=\"\" width=\"600\" height=\"389\" srcset=\"data:image\/svg+xml,%3Csvg%20xmlns%3D%27http%3A%2F%2Fwww.w3.org%2F2000%2Fsvg%27%20width%3D%27600%27%20height%3D%27389%27%20viewBox%3D%270%200%20600%20389%27%3E%3Crect%20width%3D%27600%27%20height%3D%27389%27%20fill-opacity%3D%220%22%2F%3E%3C%2Fsvg%3E\" data-srcset=\"https:\/\/paulinenaue.info\/wp-content\/uploads\/2025\/06\/09140697-864E-44FB-938B-99124FAF74E2_1_201_a-200x130.jpeg 200w, https:\/\/paulinenaue.info\/wp-content\/uploads\/2025\/06\/09140697-864E-44FB-938B-99124FAF74E2_1_201_a-300x194.jpeg 300w, https:\/\/paulinenaue.info\/wp-content\/uploads\/2025\/06\/09140697-864E-44FB-938B-99124FAF74E2_1_201_a-400x259.jpeg 400w, https:\/\/paulinenaue.info\/wp-content\/uploads\/2025\/06\/09140697-864E-44FB-938B-99124FAF74E2_1_201_a-600x389.jpeg 600w, https:\/\/paulinenaue.info\/wp-content\/uploads\/2025\/06\/09140697-864E-44FB-938B-99124FAF74E2_1_201_a-768x498.jpeg 768w, https:\/\/paulinenaue.info\/wp-content\/uploads\/2025\/06\/09140697-864E-44FB-938B-99124FAF74E2_1_201_a-800x518.jpeg 800w, https:\/\/paulinenaue.info\/wp-content\/uploads\/2025\/06\/09140697-864E-44FB-938B-99124FAF74E2_1_201_a-1024x664.jpeg 1024w, https:\/\/paulinenaue.info\/wp-content\/uploads\/2025\/06\/09140697-864E-44FB-938B-99124FAF74E2_1_201_a-1200x778.jpeg 1200w, https:\/\/paulinenaue.info\/wp-content\/uploads\/2025\/06\/09140697-864E-44FB-938B-99124FAF74E2_1_201_a-1536x995.jpeg 1536w\" data-sizes=\"auto\" data-orig-sizes=\"(max-width: 600px) 100vw, 600px\" \/><\/a><p id=\"caption-attachment-418137\" class=\"wp-caption-text\"><em>Frau Elke versicherte, dass sie das vor \u00fcber 50 Jahren \u00fcbergebene Buch in Ehren h\u00e4lt. Die ganze Klasse hatte darin unterschrieben. Foto: J. Scholz, 2025.<\/em><\/p><\/div>\n<p class=\"p1\">Im Anschluss f\u00fchrte Joachim Scholz vom Paulinenauer Kulturverein die Gruppe auf eine schulgeschichtlichen Wanderung durch Paulinenaue. Auch beim Dorffest am 12.07.2025 wird es eine historische F\u00fchrung durch Paulinenaue geben.<\/p>\n","protected":false},"excerpt":{"rendered":"<p>Im September 1967 waren sie eingeschult worden, 1975 wurden sie [&hellip;]<\/p>\n","protected":false},"author":1,"featured_media":418135,"comment_status":"open","ping_status":"open","sticky":false,"template":"","format":"standard","meta":{"_acf_changed":false,"_price":"","_stock":"","_tribe_ticket_header":"","_tribe_default_ticket_provider":"","_tribe_ticket_capacity":"0","_ticket_start_date":"","_ticket_end_date":"","_tribe_ticket_show_description":"","_tribe_ticket_show_not_going":false,"_tribe_ticket_use_global_stock":"","_tribe_ticket_global_stock_level":"","_global_stock_mode":"","_global_stock_cap":"","_tribe_rsvp_for_event":"","_tribe_ticket_going_count":"","_tribe_ticket_not_going_count":"","_tribe_tickets_list":"[]","_tribe_ticket_has_attendee_info_fields":false,"jetpack_post_was_ever_published":false,"_jetpack_newsletter_access":"","_jetpack_dont_email_post_to_subs":false,"_jetpack_newsletter_tier_id":0,"_jetpack_memberships_contains_paywalled_content":false,"_jetpack_memberships_contains_paid_content":false,"footnotes":"","jetpack_publicize_message":"","jetpack_publicize_feature_enabled":true,"jetpack_social_post_already_shared":true,"jetpack_social_options":{"image_generator_settings":{"template":"highway","default_image_id":0,"font":"","enabled":false},"version":2}},"categories":[43,7,526,623],"tags":[622,485],"class_list":["post-418139","post","type-post","status-publish","format-standard","has-post-thumbnail","hentry","category-grundschule","category-historie","category-ortsgeschichte","category-schule","tag-klassentreffen","tag-schulgeschichte"],"acf":[],"yoast_head":"<!-- This site is optimized with the Yoast SEO plugin v27.5 - https:\/\/yoast.com\/product\/yoast-seo-wordpress\/ -->\n<title>Klassentreffen 50 Jahre nach Schulabschluss - Paulinenaue<\/title>\n<meta name=\"description\" content=\"Im Mai 2025 feierte eine ehemalige achte Klasse ihr 50. Schulentlassungsjubil\u00e4um in Paulinenaue. Auch ihre Lehrerin war dabei.\" \/>\n<meta name=\"robots\" content=\"index, follow, max-snippet:-1, max-image-preview:large, max-video-preview:-1\" \/>\n<link rel=\"canonical\" href=\"https:\/\/paulinenaue.info\/index.php\/klassentreffen-50-jahre-nach-schulabschluss\/\" \/>\n<meta property=\"og:locale\" content=\"de_DE\" \/>\n<meta property=\"og:type\" content=\"article\" \/>\n<meta property=\"og:title\" content=\"Klassentreffen 50 Jahre nach Schulabschluss - Paulinenaue\" \/>\n<meta property=\"og:description\" content=\"Im Mai 2025 feierte eine ehemalige achte Klasse ihr 50. Schulentlassungsjubil\u00e4um in Paulinenaue. Auch ihre Lehrerin war dabei.\" \/>\n<meta property=\"og:url\" content=\"https:\/\/paulinenaue.info\/index.php\/klassentreffen-50-jahre-nach-schulabschluss\/\" \/>\n<meta property=\"og:site_name\" content=\"Paulinenaue\" \/>\n<meta property=\"article:published_time\" content=\"2025-06-13T21:49:15+00:00\" \/>\n<meta property=\"og:image\" content=\"https:\/\/paulinenaue.info\/wp-content\/uploads\/2025\/06\/3262B388-38A6-4FAE-9712-8A0C0B535EAC_1_105_c.jpeg\" \/>\n\t<meta property=\"og:image:width\" content=\"1086\" \/>\n\t<meta property=\"og:image:height\" content=\"724\" \/>\n\t<meta property=\"og:image:type\" content=\"image\/jpeg\" \/>\n<meta name=\"author\" content=\"Joachim Scholz\" \/>\n<meta name=\"twitter:card\" content=\"summary_large_image\" \/>\n<meta name=\"twitter:label1\" content=\"Verfasst von\" \/>\n\t<meta name=\"twitter:data1\" content=\"Joachim Scholz\" \/>\n\t<meta name=\"twitter:label2\" content=\"Gesch\u00e4tzte Lesezeit\" \/>\n\t<meta name=\"twitter:data2\" content=\"2\u00a0Minuten\" \/>\n<script type=\"application\/ld+json\" class=\"yoast-schema-graph\">{\"@context\":\"https:\\\/\\\/schema.org\",\"@graph\":[{\"@type\":\"Article\",\"@id\":\"https:\\\/\\\/paulinenaue.info\\\/index.php\\\/klassentreffen-50-jahre-nach-schulabschluss\\\/#article\",\"isPartOf\":{\"@id\":\"https:\\\/\\\/paulinenaue.info\\\/index.php\\\/klassentreffen-50-jahre-nach-schulabschluss\\\/\"},\"author\":{\"name\":\"Joachim Scholz\",\"@id\":\"https:\\\/\\\/paulinenaue.info\\\/#\\\/schema\\\/person\\\/3f9e818fd7b69b0d2bd937ac506897cc\"},\"headline\":\"Klassentreffen 50 Jahre nach Schulabschluss\",\"datePublished\":\"2025-06-13T21:49:15+00:00\",\"mainEntityOfPage\":{\"@id\":\"https:\\\/\\\/paulinenaue.info\\\/index.php\\\/klassentreffen-50-jahre-nach-schulabschluss\\\/\"},\"wordCount\":232,\"commentCount\":0,\"image\":{\"@id\":\"https:\\\/\\\/paulinenaue.info\\\/index.php\\\/klassentreffen-50-jahre-nach-schulabschluss\\\/#primaryimage\"},\"thumbnailUrl\":\"https:\\\/\\\/paulinenaue.info\\\/wp-content\\\/uploads\\\/2025\\\/06\\\/3262B388-38A6-4FAE-9712-8A0C0B535EAC_1_105_c.jpeg\",\"keywords\":[\"Klassentreffen\",\"Schulgeschichte\"],\"articleSection\":[\"Grundschule\",\"Historie\",\"Ortsgeschichte\",\"Schule\"],\"inLanguage\":\"de\",\"potentialAction\":[{\"@type\":\"CommentAction\",\"name\":\"Comment\",\"target\":[\"https:\\\/\\\/paulinenaue.info\\\/index.php\\\/klassentreffen-50-jahre-nach-schulabschluss\\\/#respond\"]}]},{\"@type\":\"WebPage\",\"@id\":\"https:\\\/\\\/paulinenaue.info\\\/index.php\\\/klassentreffen-50-jahre-nach-schulabschluss\\\/\",\"url\":\"https:\\\/\\\/paulinenaue.info\\\/index.php\\\/klassentreffen-50-jahre-nach-schulabschluss\\\/\",\"name\":\"Klassentreffen 50 Jahre nach Schulabschluss - Paulinenaue\",\"isPartOf\":{\"@id\":\"https:\\\/\\\/paulinenaue.info\\\/#website\"},\"primaryImageOfPage\":{\"@id\":\"https:\\\/\\\/paulinenaue.info\\\/index.php\\\/klassentreffen-50-jahre-nach-schulabschluss\\\/#primaryimage\"},\"image\":{\"@id\":\"https:\\\/\\\/paulinenaue.info\\\/index.php\\\/klassentreffen-50-jahre-nach-schulabschluss\\\/#primaryimage\"},\"thumbnailUrl\":\"https:\\\/\\\/paulinenaue.info\\\/wp-content\\\/uploads\\\/2025\\\/06\\\/3262B388-38A6-4FAE-9712-8A0C0B535EAC_1_105_c.jpeg\",\"datePublished\":\"2025-06-13T21:49:15+00:00\",\"author\":{\"@id\":\"https:\\\/\\\/paulinenaue.info\\\/#\\\/schema\\\/person\\\/3f9e818fd7b69b0d2bd937ac506897cc\"},\"description\":\"Im Mai 2025 feierte eine ehemalige achte Klasse ihr 50. Schulentlassungsjubil\u00e4um in Paulinenaue. Auch ihre Lehrerin war dabei.\",\"breadcrumb\":{\"@id\":\"https:\\\/\\\/paulinenaue.info\\\/index.php\\\/klassentreffen-50-jahre-nach-schulabschluss\\\/#breadcrumb\"},\"inLanguage\":\"de\",\"potentialAction\":[{\"@type\":\"ReadAction\",\"target\":[\"https:\\\/\\\/paulinenaue.info\\\/index.php\\\/klassentreffen-50-jahre-nach-schulabschluss\\\/\"]}]},{\"@type\":\"ImageObject\",\"inLanguage\":\"de\",\"@id\":\"https:\\\/\\\/paulinenaue.info\\\/index.php\\\/klassentreffen-50-jahre-nach-schulabschluss\\\/#primaryimage\",\"url\":\"https:\\\/\\\/paulinenaue.info\\\/wp-content\\\/uploads\\\/2025\\\/06\\\/3262B388-38A6-4FAE-9712-8A0C0B535EAC_1_105_c.jpeg\",\"contentUrl\":\"https:\\\/\\\/paulinenaue.info\\\/wp-content\\\/uploads\\\/2025\\\/06\\\/3262B388-38A6-4FAE-9712-8A0C0B535EAC_1_105_c.jpeg\",\"width\":1086,\"height\":724},{\"@type\":\"BreadcrumbList\",\"@id\":\"https:\\\/\\\/paulinenaue.info\\\/index.php\\\/klassentreffen-50-jahre-nach-schulabschluss\\\/#breadcrumb\",\"itemListElement\":[{\"@type\":\"ListItem\",\"position\":1,\"name\":\"Home\",\"item\":\"https:\\\/\\\/paulinenaue.info\\\/\"},{\"@type\":\"ListItem\",\"position\":2,\"name\":\"Klassentreffen 50 Jahre nach Schulabschluss\"}]},{\"@type\":\"WebSite\",\"@id\":\"https:\\\/\\\/paulinenaue.info\\\/#website\",\"url\":\"https:\\\/\\\/paulinenaue.info\\\/\",\"name\":\"Paulinenaue\",\"description\":\"Ein Dorf im Havelland\",\"potentialAction\":[{\"@type\":\"SearchAction\",\"target\":{\"@type\":\"EntryPoint\",\"urlTemplate\":\"https:\\\/\\\/paulinenaue.info\\\/?s={search_term_string}\"},\"query-input\":{\"@type\":\"PropertyValueSpecification\",\"valueRequired\":true,\"valueName\":\"search_term_string\"}}],\"inLanguage\":\"de\"},{\"@type\":\"Person\",\"@id\":\"https:\\\/\\\/paulinenaue.info\\\/#\\\/schema\\\/person\\\/3f9e818fd7b69b0d2bd937ac506897cc\",\"name\":\"Joachim Scholz\",\"url\":\"https:\\\/\\\/paulinenaue.info\\\/index.php\\\/author\\\/jjscholz\\\/\"}]}<\/script>\n<!-- \/ Yoast SEO plugin. -->","yoast_head_json":{"title":"Klassentreffen 50 Jahre nach Schulabschluss - Paulinenaue","description":"Im Mai 2025 feierte eine ehemalige achte Klasse ihr 50. Schulentlassungsjubil\u00e4um in Paulinenaue. Auch ihre Lehrerin war dabei.","robots":{"index":"index","follow":"follow","max-snippet":"max-snippet:-1","max-image-preview":"max-image-preview:large","max-video-preview":"max-video-preview:-1"},"canonical":"https:\/\/paulinenaue.info\/index.php\/klassentreffen-50-jahre-nach-schulabschluss\/","og_locale":"de_DE","og_type":"article","og_title":"Klassentreffen 50 Jahre nach Schulabschluss - Paulinenaue","og_description":"Im Mai 2025 feierte eine ehemalige achte Klasse ihr 50. Schulentlassungsjubil\u00e4um in Paulinenaue. Auch ihre Lehrerin war dabei.","og_url":"https:\/\/paulinenaue.info\/index.php\/klassentreffen-50-jahre-nach-schulabschluss\/","og_site_name":"Paulinenaue","article_published_time":"2025-06-13T21:49:15+00:00","og_image":[{"width":1086,"height":724,"url":"https:\/\/paulinenaue.info\/wp-content\/uploads\/2025\/06\/3262B388-38A6-4FAE-9712-8A0C0B535EAC_1_105_c.jpeg","type":"image\/jpeg"}],"author":"Joachim Scholz","twitter_card":"summary_large_image","twitter_misc":{"Verfasst von":"Joachim Scholz","Gesch\u00e4tzte Lesezeit":"2\u00a0Minuten"},"schema":{"@context":"https:\/\/schema.org","@graph":[{"@type":"Article","@id":"https:\/\/paulinenaue.info\/index.php\/klassentreffen-50-jahre-nach-schulabschluss\/#article","isPartOf":{"@id":"https:\/\/paulinenaue.info\/index.php\/klassentreffen-50-jahre-nach-schulabschluss\/"},"author":{"name":"Joachim Scholz","@id":"https:\/\/paulinenaue.info\/#\/schema\/person\/3f9e818fd7b69b0d2bd937ac506897cc"},"headline":"Klassentreffen 50 Jahre nach Schulabschluss","datePublished":"2025-06-13T21:49:15+00:00","mainEntityOfPage":{"@id":"https:\/\/paulinenaue.info\/index.php\/klassentreffen-50-jahre-nach-schulabschluss\/"},"wordCount":232,"commentCount":0,"image":{"@id":"https:\/\/paulinenaue.info\/index.php\/klassentreffen-50-jahre-nach-schulabschluss\/#primaryimage"},"thumbnailUrl":"https:\/\/paulinenaue.info\/wp-content\/uploads\/2025\/06\/3262B388-38A6-4FAE-9712-8A0C0B535EAC_1_105_c.jpeg","keywords":["Klassentreffen","Schulgeschichte"],"articleSection":["Grundschule","Historie","Ortsgeschichte","Schule"],"inLanguage":"de","potentialAction":[{"@type":"CommentAction","name":"Comment","target":["https:\/\/paulinenaue.info\/index.php\/klassentreffen-50-jahre-nach-schulabschluss\/#respond"]}]},{"@type":"WebPage","@id":"https:\/\/paulinenaue.info\/index.php\/klassentreffen-50-jahre-nach-schulabschluss\/","url":"https:\/\/paulinenaue.info\/index.php\/klassentreffen-50-jahre-nach-schulabschluss\/","name":"Klassentreffen 50 Jahre nach Schulabschluss - Paulinenaue","isPartOf":{"@id":"https:\/\/paulinenaue.info\/#website"},"primaryImageOfPage":{"@id":"https:\/\/paulinenaue.info\/index.php\/klassentreffen-50-jahre-nach-schulabschluss\/#primaryimage"},"image":{"@id":"https:\/\/paulinenaue.info\/index.php\/klassentreffen-50-jahre-nach-schulabschluss\/#primaryimage"},"thumbnailUrl":"https:\/\/paulinenaue.info\/wp-content\/uploads\/2025\/06\/3262B388-38A6-4FAE-9712-8A0C0B535EAC_1_105_c.jpeg","datePublished":"2025-06-13T21:49:15+00:00","author":{"@id":"https:\/\/paulinenaue.info\/#\/schema\/person\/3f9e818fd7b69b0d2bd937ac506897cc"},"description":"Im Mai 2025 feierte eine ehemalige achte Klasse ihr 50. Schulentlassungsjubil\u00e4um in Paulinenaue. Auch ihre Lehrerin war dabei.","breadcrumb":{"@id":"https:\/\/paulinenaue.info\/index.php\/klassentreffen-50-jahre-nach-schulabschluss\/#breadcrumb"},"inLanguage":"de","potentialAction":[{"@type":"ReadAction","target":["https:\/\/paulinenaue.info\/index.php\/klassentreffen-50-jahre-nach-schulabschluss\/"]}]},{"@type":"ImageObject","inLanguage":"de","@id":"https:\/\/paulinenaue.info\/index.php\/klassentreffen-50-jahre-nach-schulabschluss\/#primaryimage","url":"https:\/\/paulinenaue.info\/wp-content\/uploads\/2025\/06\/3262B388-38A6-4FAE-9712-8A0C0B535EAC_1_105_c.jpeg","contentUrl":"https:\/\/paulinenaue.info\/wp-content\/uploads\/2025\/06\/3262B388-38A6-4FAE-9712-8A0C0B535EAC_1_105_c.jpeg","width":1086,"height":724},{"@type":"BreadcrumbList","@id":"https:\/\/paulinenaue.info\/index.php\/klassentreffen-50-jahre-nach-schulabschluss\/#breadcrumb","itemListElement":[{"@type":"ListItem","position":1,"name":"Home","item":"https:\/\/paulinenaue.info\/"},{"@type":"ListItem","position":2,"name":"Klassentreffen 50 Jahre nach Schulabschluss"}]},{"@type":"WebSite","@id":"https:\/\/paulinenaue.info\/#website","url":"https:\/\/paulinenaue.info\/","name":"Paulinenaue","description":"Ein Dorf im Havelland","potentialAction":[{"@type":"SearchAction","target":{"@type":"EntryPoint","urlTemplate":"https:\/\/paulinenaue.info\/?s={search_term_string}"},"query-input":{"@type":"PropertyValueSpecification","valueRequired":true,"valueName":"search_term_string"}}],"inLanguage":"de"},{"@type":"Person","@id":"https:\/\/paulinenaue.info\/#\/schema\/person\/3f9e818fd7b69b0d2bd937ac506897cc","name":"Joachim Scholz","url":"https:\/\/paulinenaue.info\/index.php\/author\/jjscholz\/"}]}},"jetpack_publicize_connections":[],"jetpack_featured_media_url":"https:\/\/paulinenaue.info\/wp-content\/uploads\/2025\/06\/3262B388-38A6-4FAE-9712-8A0C0B535EAC_1_105_c.jpeg","jetpack_sharing_enabled":true,"jetpack_shortlink":"https:\/\/wp.me\/pcYhWA-1KMb","jetpack-related-posts":[{"id":416616,"url":"https:\/\/paulinenaue.info\/index.php\/paulinenaues-sommerfest-und-geburtstagsfeier-ein-voller-erfolg\/","url_meta":{"origin":418139,"position":0},"title":"Paulinenaues Sommerfest und\u00a0Geburtstagsfeier \u2013\u00a0ein voller Erfolg","author":"Joachim Scholz","date":"14. Juli 2024","format":false,"excerpt":"Von Eckhard Vierjahn Petrus meinte es gut mit uns. Bei bestem Wetter begann das Sommerfest am 13.07.2024 um 14:00 auf dem kleinen Sportplatz in Paulinenaue und sollte bis in die fr\u00fchen Stunden des n\u00e4chsten Tages andauern. Das Fest im Jahr des 100-j\u00e4hrigen Bestehens von Paulinenaue als selbstst\u00e4ndige Gemeinde war ein\u2026","rel":"","context":"In &quot;Allgemein&quot;","block_context":{"text":"Allgemein","link":"https:\/\/paulinenaue.info\/index.php\/category\/allgemein\/"},"img":{"alt_text":"","src":"https:\/\/i0.wp.com\/paulinenaue.info\/wp-content\/uploads\/2024\/07\/2024-07-13-Dorffest-01.jpeg?resize=350%2C200&ssl=1","width":350,"height":200,"srcset":"https:\/\/i0.wp.com\/paulinenaue.info\/wp-content\/uploads\/2024\/07\/2024-07-13-Dorffest-01.jpeg?resize=350%2C200&ssl=1 1x, https:\/\/i0.wp.com\/paulinenaue.info\/wp-content\/uploads\/2024\/07\/2024-07-13-Dorffest-01.jpeg?resize=525%2C300&ssl=1 1.5x, https:\/\/i0.wp.com\/paulinenaue.info\/wp-content\/uploads\/2024\/07\/2024-07-13-Dorffest-01.jpeg?resize=700%2C400&ssl=1 2x"},"classes":[]},{"id":160,"url":"https:\/\/paulinenaue.info\/index.php\/schulfest-zum-150-schuljubilaeum\/","url_meta":{"origin":418139,"position":1},"title":"Schulfest zum 150. Schuljubil\u00e4um","author":"Joachim Scholz","date":"22. M\u00e4rz 2016","format":false,"excerpt":"Joachim Scholz, Angelika Kellner 18.06.2011. Zum zweiten Mal schon hat sich gezeigt, dass es wohl keine bessere Gelegenheit zur Zusammenkunft vieler Paulinenauer gibt als ein Schulfest, denn kaum etwas anderes als die gemeinsam verbrachte Schulzeit verbindet so viele unterschiedliche Lebensgeschichten. Nach dem gro\u00dfen Erfolg vor f\u00fcnf Jahren hatten viele G\u00e4ste\u2026","rel":"","context":"In &quot;Grundschule&quot;","block_context":{"text":"Grundschule","link":"https:\/\/paulinenaue.info\/index.php\/category\/grundschule\/"},"img":{"alt_text":"","src":"https:\/\/i0.wp.com\/paulinenaue.info\/wp-content\/uploads\/2016\/03\/20110618_schulfest_04_ak.jpg?resize=350%2C200&ssl=1","width":350,"height":200},"classes":[]},{"id":2192,"url":"https:\/\/paulinenaue.info\/index.php\/sommerfest-auf-dem-kleinen-sportplatz\/","url_meta":{"origin":418139,"position":2},"title":"Sommerfest auf dem Kleinen Sportplatz","author":"Joachim Scholz","date":"1. Juli 2018","format":false,"excerpt":"Mit vollem Programm feierte Paulinenaue am 30. Juni 2018 den Sommer. Auf dem Kleinen Sportplatz war seit 14.00 Uhr ordentlich etwas los. Die Freiwillige Feuerwehr bespielte den Festplatz mit Torwandspritzen, einer H\u00fcpfburg und Fahrten mit dem Feuerwehrauto f\u00fcr die Kleinen sowie einer Bar, Grill und Burgerstand f\u00fcr die Gro\u00dfen. Musik\u2026","rel":"","context":"In &quot;Allgemein&quot;","block_context":{"text":"Allgemein","link":"https:\/\/paulinenaue.info\/index.php\/category\/allgemein\/"},"img":{"alt_text":"Sommerfest 2018","src":"https:\/\/i0.wp.com\/paulinenaue.info\/wp-content\/uploads\/2018\/07\/DSC01080.jpg?resize=350%2C200&ssl=1","width":350,"height":200,"srcset":"https:\/\/i0.wp.com\/paulinenaue.info\/wp-content\/uploads\/2018\/07\/DSC01080.jpg?resize=350%2C200&ssl=1 1x, https:\/\/i0.wp.com\/paulinenaue.info\/wp-content\/uploads\/2018\/07\/DSC01080.jpg?resize=525%2C300&ssl=1 1.5x, https:\/\/i0.wp.com\/paulinenaue.info\/wp-content\/uploads\/2018\/07\/DSC01080.jpg?resize=700%2C400&ssl=1 2x, https:\/\/i0.wp.com\/paulinenaue.info\/wp-content\/uploads\/2018\/07\/DSC01080.jpg?resize=1050%2C600&ssl=1 3x"},"classes":[]},{"id":416768,"url":"https:\/\/paulinenaue.info\/index.php\/die-biene-und-du\/","url_meta":{"origin":418139,"position":3},"title":"Die Biene und Du!","author":"Joachim Scholz","date":"11. September 2024","format":false,"excerpt":"Schulprojektwoche im Rahmen der \u201eSchnellen Vorbeifahrten\u201c 2024 Das neue Schuljahr begann an der Karibu-Grundschule au\u00dfergew\u00f6hnlich. Die Sch\u00fclerinnen und Sch\u00fcler erwartete eine Projektwoche unter dem Motto: \u201eDie Biene und Du\u201c. Dahinter verbarg sich eine Workshopreihe im Rahmen des Paulinenauer Kunstfestivals \u201eSchnelle Vorbeifahrten\u201c, das in diesem Jahr wieder vom Paulinenauer Kulturverein, dem\u2026","rel":"","context":"In &quot;\"Gr\u00fcnes Luch e.V.\"&quot;","block_context":{"text":"\"Gr\u00fcnes Luch e.V.\"","link":"https:\/\/paulinenaue.info\/index.php\/category\/hier-zuhause\/gruenes-luch-e-v\/"},"img":{"alt_text":"","src":"https:\/\/i0.wp.com\/paulinenaue.info\/wp-content\/uploads\/2024\/09\/DSCF5770.jpeg?resize=350%2C200&ssl=1","width":350,"height":200,"srcset":"https:\/\/i0.wp.com\/paulinenaue.info\/wp-content\/uploads\/2024\/09\/DSCF5770.jpeg?resize=350%2C200&ssl=1 1x, https:\/\/i0.wp.com\/paulinenaue.info\/wp-content\/uploads\/2024\/09\/DSCF5770.jpeg?resize=525%2C300&ssl=1 1.5x"},"classes":[]},{"id":143058,"url":"https:\/\/paulinenaue.info\/index.php\/erfolgreicher-dorfputz\/","url_meta":{"origin":418139,"position":4},"title":"Erfolgreicher Dorfputz","author":"Sarah","date":"26. April 2022","format":false,"excerpt":"","rel":"","context":"In &quot;Gemeinde Paulinenaue&quot;","block_context":{"text":"Gemeinde Paulinenaue","link":"https:\/\/paulinenaue.info\/index.php\/category\/gemeinde-paulinenaue\/"},"img":{"alt_text":"","src":"https:\/\/i0.wp.com\/paulinenaue.info\/wp-content\/uploads\/2022\/04\/IMG-20220409-WA0000.jpg?resize=350%2C200&ssl=1","width":350,"height":200,"srcset":"https:\/\/i0.wp.com\/paulinenaue.info\/wp-content\/uploads\/2022\/04\/IMG-20220409-WA0000.jpg?resize=350%2C200&ssl=1 1x, https:\/\/i0.wp.com\/paulinenaue.info\/wp-content\/uploads\/2022\/04\/IMG-20220409-WA0000.jpg?resize=525%2C300&ssl=1 1.5x, https:\/\/i0.wp.com\/paulinenaue.info\/wp-content\/uploads\/2022\/04\/IMG-20220409-WA0000.jpg?resize=700%2C400&ssl=1 2x"},"classes":[]},{"id":211,"url":"https:\/\/paulinenaue.info\/index.php\/helmut-fritsch-wie-ich-in-paulinenaue-eine-neue-heimat-gefunden-habe-teil-1\/","url_meta":{"origin":418139,"position":5},"title":"Helmut Fritsch: Wie ich in Paulinenaue eine neue Heimat gefunden habe (Teil 1)","author":"Joachim Scholz","date":"22. M\u00e4rz 2016","format":false,"excerpt":"Helmut Fritsch ist so etwas wie ein Paulinenauer Urgestein, doch lebt er nicht seit eh und je in unserem Dorf. Er geh\u00f6rt zu den \"Kutschlauern\", die nach dem zweiten Weltkrieg im Gefolge Prof. Mitscherlichs aus Ostbrandenburg ins Havelland zogen. Urspr\u00fcnglich f\u00fcr ein Schulprojekt und nun f\u00fcr unsere Internetseite erz\u00e4hlt Helmut\u2026","rel":"","context":"In &quot;Hier Zuhause&quot;","block_context":{"text":"Hier Zuhause","link":"https:\/\/paulinenaue.info\/index.php\/category\/hier-zuhause\/"},"img":{"alt_text":"","src":"https:\/\/i0.wp.com\/paulinenaue.info\/wp-content\/uploads\/2016\/03\/fritsch.jpg?resize=350%2C200&ssl=1","width":350,"height":200},"classes":[]}],"_links":{"self":[{"href":"https:\/\/paulinenaue.info\/index.php\/wp-json\/wp\/v2\/posts\/418139","targetHints":{"allow":["GET"]}}],"collection":[{"href":"https:\/\/paulinenaue.info\/index.php\/wp-json\/wp\/v2\/posts"}],"about":[{"href":"https:\/\/paulinenaue.info\/index.php\/wp-json\/wp\/v2\/types\/post"}],"author":[{"embeddable":true,"href":"https:\/\/paulinenaue.info\/index.php\/wp-json\/wp\/v2\/users\/1"}],"replies":[{"embeddable":true,"href":"https:\/\/paulinenaue.info\/index.php\/wp-json\/wp\/v2\/comments?post=418139"}],"version-history":[{"count":5,"href":"https:\/\/paulinenaue.info\/index.php\/wp-json\/wp\/v2\/posts\/418139\/revisions"}],"predecessor-version":[{"id":418144,"href":"https:\/\/paulinenaue.info\/index.php\/wp-json\/wp\/v2\/posts\/418139\/revisions\/418144"}],"wp:featuredmedia":[{"embeddable":true,"href":"https:\/\/paulinenaue.info\/index.php\/wp-json\/wp\/v2\/media\/418135"}],"wp:attachment":[{"href":"https:\/\/paulinenaue.info\/index.php\/wp-json\/wp\/v2\/media?parent=418139"}],"wp:term":[{"taxonomy":"category","embeddable":true,"href":"https:\/\/paulinenaue.info\/index.php\/wp-json\/wp\/v2\/categories?post=418139"},{"taxonomy":"post_tag","embeddable":true,"href":"https:\/\/paulinenaue.info\/index.php\/wp-json\/wp\/v2\/tags?post=418139"}],"curies":[{"name":"wp","href":"https:\/\/api.w.org\/{rel}","templated":true}]}}