{"id":418175,"date":"2025-07-07T20:59:26","date_gmt":"2025-07-07T18:59:26","guid":{"rendered":"https:\/\/paulinenaue.info\/?p=418175"},"modified":"2025-07-09T19:03:42","modified_gmt":"2025-07-09T17:03:42","slug":"sommer-sonne-musik-und-viel-gute-laune","status":"publish","type":"post","link":"https:\/\/paulinenaue.info\/index.php\/sommer-sonne-musik-und-viel-gute-laune\/","title":{"rendered":"Sommer, Sonne, Musik und viel gute Laune!"},"content":{"rendered":"<ol start=\"2\">\n<li>F\u00eate de la Musique Paulinenaue ein voller Erfolg<\/li>\n<\/ol>\n<p>Text: Valentin Franklyn<\/p>\n<p>\u201eF\u00fcr jeden was dabei\u201c \u2013 war von vielen Besucher*innen zu h\u00f6ren. Zum zweiten Mal organisierte ein kleines, aber engagiertes Team rund um den Paulinenauer Kulturverein die F\u00eate de la Musique und lockte sogar noch mehr Menschen als im Vorjahr bei schwei\u00dftreibenden Temperaturen zur Sportst\u00e4tte im Dorf. Vielleicht verhalf auch der <a href=\"https:\/\/www.antennebrandenburg.de\/programm\/der-antenne-morgenreporter\/der-antenne-morgenreporter0.html\">Radiobeitrag von Antenne Brandenburg<\/a> dazu, dass rund 300 Musikbegeisterte dorthin pilgerten, wo sonst der Ball rollt. An diesem Samstagnachmittag rollten nur die Seifenblasen \u00fcber den Rasen und h\u00fcpften so wie die vielen kleinen Dorfbewohner*innen zu den sehr diversen Kl\u00e4ngen \u00fcbers gutgepflegte Gr\u00fcn.<\/p>\n<div id=\"attachment_418183\" style=\"width: 310px\" class=\"wp-caption alignnone\"><a href=\"https:\/\/paulinenaue.info\/wp-content\/uploads\/2025\/07\/FDM8.png\"><img decoding=\"async\" aria-describedby=\"caption-attachment-418183\" data-attachment-id=\"418183\" data-permalink=\"https:\/\/paulinenaue.info\/index.php\/sommer-sonne-musik-und-viel-gute-laune\/fdm8\/\" data-orig-file=\"https:\/\/paulinenaue.info\/wp-content\/uploads\/2025\/07\/FDM8.png\" data-orig-size=\"2066,1464\" data-comments-opened=\"1\" data-image-meta=\"{&quot;aperture&quot;:&quot;0&quot;,&quot;credit&quot;:&quot;&quot;,&quot;camera&quot;:&quot;&quot;,&quot;caption&quot;:&quot;&quot;,&quot;created_timestamp&quot;:&quot;0&quot;,&quot;copyright&quot;:&quot;&quot;,&quot;focal_length&quot;:&quot;0&quot;,&quot;iso&quot;:&quot;0&quot;,&quot;shutter_speed&quot;:&quot;0&quot;,&quot;title&quot;:&quot;&quot;,&quot;orientation&quot;:&quot;0&quot;}\" data-image-title=\"FDM8\" data-image-description=\"&lt;p&gt;Foto: Homepage Antenne Brandenburg&lt;\/p&gt;\n\" data-image-caption=\"&lt;p&gt;Antenne Brandenburg berichtete \u00fcber die F\u00eate de la musique in Paulinenaue.&lt;\/p&gt;\n\" data-large-file=\"https:\/\/paulinenaue.info\/wp-content\/uploads\/2025\/07\/FDM8-1024x726.png\" class=\"lazyload size-medium wp-image-418183\" src=\"https:\/\/paulinenaue.info\/wp-content\/uploads\/2025\/07\/FDM8-300x213.png\" data-orig-src=\"https:\/\/paulinenaue.info\/wp-content\/uploads\/2025\/07\/FDM8-300x213.png\" alt=\"\" width=\"300\" height=\"213\" srcset=\"data:image\/svg+xml,%3Csvg%20xmlns%3D%27http%3A%2F%2Fwww.w3.org%2F2000%2Fsvg%27%20width%3D%27300%27%20height%3D%27213%27%20viewBox%3D%270%200%20300%20213%27%3E%3Crect%20width%3D%27300%27%20height%3D%27213%27%20fill-opacity%3D%220%22%2F%3E%3C%2Fsvg%3E\" data-srcset=\"https:\/\/paulinenaue.info\/wp-content\/uploads\/2025\/07\/FDM8-200x142.png 200w, https:\/\/paulinenaue.info\/wp-content\/uploads\/2025\/07\/FDM8-300x213.png 300w, https:\/\/paulinenaue.info\/wp-content\/uploads\/2025\/07\/FDM8-400x283.png 400w, https:\/\/paulinenaue.info\/wp-content\/uploads\/2025\/07\/FDM8-600x425.png 600w, https:\/\/paulinenaue.info\/wp-content\/uploads\/2025\/07\/FDM8-768x544.png 768w, https:\/\/paulinenaue.info\/wp-content\/uploads\/2025\/07\/FDM8-800x567.png 800w, https:\/\/paulinenaue.info\/wp-content\/uploads\/2025\/07\/FDM8-1024x726.png 1024w, https:\/\/paulinenaue.info\/wp-content\/uploads\/2025\/07\/FDM8-1200x850.png 1200w, https:\/\/paulinenaue.info\/wp-content\/uploads\/2025\/07\/FDM8-1536x1088.png 1536w\" data-sizes=\"auto\" data-orig-sizes=\"(max-width: 300px) 100vw, 300px\" \/><\/a><p id=\"caption-attachment-418183\" class=\"wp-caption-text\">Antenne Brandenburg berichtete \u00fcber die F\u00eate de la musique in Paulinenaue.<\/p><\/div>\n<p>Vier Live Bands und Kleink\u00fcnstler Gernot Frischling waren gekommen, um Jung und Alt zu begeistern. Premiere feierte die Sch\u00fclerband \u201eFreaks From Playground\u201c vom Campus aus Nauen und bekam sehr gutes Feedback f\u00fcr ihren ersten Live-Auftritt au\u00dferhalb der Schule. \u201e<a href=\"https:\/\/www.captainzorx.com\/\">Captain Zorxs<\/a>\u201c aus Berlin brachte mit ruhigen Kl\u00e4ngen und humorvollen Texten die Meute in Stimmung. Anschlie\u00dfend gaben sich die gro\u00dfartigen <a href=\"https:\/\/www.youtube.com\/@sunsetseed2838\">\u201eSunset Seeds\u201c<\/a> aus Ribbeck\/Berlin zum zweiten Mal die Ehre und stimmten alle mit ihren einzigartigen pulp-fiction-artigen Kl\u00e4ngen auf den lauen Sommer-Abend ein.<br \/>\nAls es dann dunkel wurde, gab es etwas h\u00e4rtere Kl\u00e4nge von den Punk-Rockern \u201e<a href=\"http:\/\/www.abm-punkrock.de\/\">ABM\u201c<\/a> aus Rathenow zu h\u00f6ren. Sp\u00e4testens jetzt wackelten die ersten Tanzbeine und viele K\u00f6pfe nickten mit.<br \/>\nUnd immer wenn\u2019s mal ruhig wurde auf der B\u00fchne, h\u00fcpfte der als Kartoffelk\u00e4fer oder Pantomime-Mann verkleidete Ribbecker <a href=\"https:\/\/tanzcomedy.de\/\">K\u00fcnstler Gernot Frischling<\/a> mit ein paar lustigen Auftritten \u00fcber die B\u00fchne.<\/p>\n\n\t\t<style type=\"text\/css\">\n\t\t\t#gallery-1 {\n\t\t\t\tmargin: auto;\n\t\t\t}\n\t\t\t#gallery-1 .gallery-item {\n\t\t\t\tfloat: left;\n\t\t\t\tmargin-top: 10px;\n\t\t\t\ttext-align: center;\n\t\t\t\twidth: 33%;\n\t\t\t}\n\t\t\t#gallery-1 img {\n\t\t\t\tborder: 2px solid #cfcfcf;\n\t\t\t}\n\t\t\t#gallery-1 .gallery-caption {\n\t\t\t\tmargin-left: 0;\n\t\t\t}\n\t\t\t\/* see gallery_shortcode() in wp-includes\/media.php *\/\n\t\t<\/style>\n\t\t<div data-carousel-extra='{&quot;blog_id&quot;:1,&quot;permalink&quot;:&quot;https:\/\/paulinenaue.info\/index.php\/sommer-sonne-musik-und-viel-gute-laune\/&quot;}' id='gallery-1' class='gallery galleryid-418175 gallery-columns-3 gallery-size-thumbnail'><dl class='gallery-item'>\n\t\t\t<dt class='gallery-icon landscape'>\n\t\t\t\t<a data-rel=\"iLightbox[postimages]\" data-title=\"FDM2\" data-caption=\"Sch\u00fclerinnen der Karibu-Grundschule Paulinenaue bei der Er\u00f6ffnung\" href='https:\/\/paulinenaue.info\/index.php\/sommer-sonne-musik-und-viel-gute-laune\/fdm2\/'><img decoding=\"async\" width=\"150\" height=\"150\" src=\"https:\/\/paulinenaue.info\/wp-content\/uploads\/2025\/07\/FDM2-150x150.jpg\" class=\"attachment-thumbnail size-thumbnail lazyload\" alt=\"\" aria-describedby=\"gallery-1-418177\" srcset=\"data:image\/svg+xml,%3Csvg%20xmlns%3D%27http%3A%2F%2Fwww.w3.org%2F2000%2Fsvg%27%20width%3D%272560%27%20height%3D%271440%27%20viewBox%3D%270%200%202560%201440%27%3E%3Crect%20width%3D%272560%27%20height%3D%271440%27%20fill-opacity%3D%220%22%2F%3E%3C%2Fsvg%3E\" data-orig-src=\"https:\/\/paulinenaue.info\/wp-content\/uploads\/2025\/07\/FDM2-150x150.jpg\" data-srcset=\"https:\/\/paulinenaue.info\/wp-content\/uploads\/2025\/07\/FDM2-66x66.jpg 66w, https:\/\/paulinenaue.info\/wp-content\/uploads\/2025\/07\/FDM2-150x150.jpg 150w\" data-sizes=\"auto\" data-attachment-id=\"418177\" data-permalink=\"https:\/\/paulinenaue.info\/index.php\/sommer-sonne-musik-und-viel-gute-laune\/fdm2\/\" data-orig-file=\"https:\/\/paulinenaue.info\/wp-content\/uploads\/2025\/07\/FDM2-scaled.jpg\" data-orig-size=\"2560,1440\" data-comments-opened=\"1\" data-image-meta=\"{&quot;aperture&quot;:&quot;0&quot;,&quot;credit&quot;:&quot;&quot;,&quot;camera&quot;:&quot;&quot;,&quot;caption&quot;:&quot;&quot;,&quot;created_timestamp&quot;:&quot;1750522462&quot;,&quot;copyright&quot;:&quot;&quot;,&quot;focal_length&quot;:&quot;0&quot;,&quot;iso&quot;:&quot;0&quot;,&quot;shutter_speed&quot;:&quot;0&quot;,&quot;title&quot;:&quot;&quot;,&quot;orientation&quot;:&quot;1&quot;}\" data-image-title=\"FDM2\" data-image-description=\"&lt;p&gt;Foto: Eberhard Schwarz&lt;\/p&gt;\n\" data-image-caption=\"&lt;p&gt;Sch\u00fclerinnen der Karibu-Grundschule Paulinenaue bei der Er\u00f6ffnung&lt;\/p&gt;\n\" data-large-file=\"https:\/\/paulinenaue.info\/wp-content\/uploads\/2025\/07\/FDM2-1024x576.jpg\" \/><\/a>\n\t\t\t<\/dt>\n\t\t\t\t<dd class='wp-caption-text gallery-caption' id='gallery-1-418177'>\n\t\t\t\tSch\u00fclerinnen der Karibu-Grundschule Paulinenaue bei der Er\u00f6ffnung\n\t\t\t\t<\/dd><\/dl><dl class='gallery-item'>\n\t\t\t<dt class='gallery-icon landscape'>\n\t\t\t\t<a data-rel=\"iLightbox[postimages]\" data-title=\"FDM7\" data-caption=\"\u201eFreaks From Playground\u201c vom Leonardo Da Vinci Campus aus Nauen.\" href='https:\/\/paulinenaue.info\/index.php\/sommer-sonne-musik-und-viel-gute-laune\/fdm7\/'><img decoding=\"async\" width=\"150\" height=\"150\" src=\"https:\/\/paulinenaue.info\/wp-content\/uploads\/2025\/07\/FDM7-150x150.jpg\" class=\"attachment-thumbnail size-thumbnail lazyload\" alt=\"\" aria-describedby=\"gallery-1-418182\" srcset=\"data:image\/svg+xml,%3Csvg%20xmlns%3D%27http%3A%2F%2Fwww.w3.org%2F2000%2Fsvg%27%20width%3D%27890%27%20height%3D%27500%27%20viewBox%3D%270%200%20890%20500%27%3E%3Crect%20width%3D%27890%27%20height%3D%27500%27%20fill-opacity%3D%220%22%2F%3E%3C%2Fsvg%3E\" data-orig-src=\"https:\/\/paulinenaue.info\/wp-content\/uploads\/2025\/07\/FDM7-150x150.jpg\" data-srcset=\"https:\/\/paulinenaue.info\/wp-content\/uploads\/2025\/07\/FDM7-66x66.jpg 66w, https:\/\/paulinenaue.info\/wp-content\/uploads\/2025\/07\/FDM7-150x150.jpg 150w\" data-sizes=\"auto\" data-attachment-id=\"418182\" data-permalink=\"https:\/\/paulinenaue.info\/index.php\/sommer-sonne-musik-und-viel-gute-laune\/fdm7\/\" data-orig-file=\"https:\/\/paulinenaue.info\/wp-content\/uploads\/2025\/07\/FDM7.jpg\" data-orig-size=\"890,500\" data-comments-opened=\"1\" data-image-meta=\"{&quot;aperture&quot;:&quot;5&quot;,&quot;credit&quot;:&quot;B.L.&quot;,&quot;camera&quot;:&quot;X-H1&quot;,&quot;caption&quot;:&quot;&quot;,&quot;created_timestamp&quot;:&quot;1750524310&quot;,&quot;copyright&quot;:&quot;&quot;,&quot;focal_length&quot;:&quot;70&quot;,&quot;iso&quot;:&quot;400&quot;,&quot;shutter_speed&quot;:&quot;0.005&quot;,&quot;title&quot;:&quot;&quot;,&quot;orientation&quot;:&quot;1&quot;}\" data-image-title=\"FDM7\" data-image-description=\"&lt;p&gt;Foto: Eberhard Schwarz&lt;\/p&gt;\n\" data-image-caption=\"&lt;p&gt;\u201eFreaks From Playground\u201c vom Leonardo Da Vinci Campus aus Nauen.&lt;\/p&gt;\n\" data-large-file=\"https:\/\/paulinenaue.info\/wp-content\/uploads\/2025\/07\/FDM7.jpg\" \/><\/a>\n\t\t\t<\/dt>\n\t\t\t\t<dd class='wp-caption-text gallery-caption' id='gallery-1-418182'>\n\t\t\t\t\u201eFreaks From Playground\u201c vom Leonardo Da Vinci Campus aus Nauen.\n\t\t\t\t<\/dd><\/dl><dl class='gallery-item'>\n\t\t\t<dt class='gallery-icon landscape'>\n\t\t\t\t<a data-rel=\"iLightbox[postimages]\" data-title=\"FDM4\" data-caption=\"K\u00fcnstler Gernot Frischling untermalte die Act-Pausen\" href='https:\/\/paulinenaue.info\/index.php\/sommer-sonne-musik-und-viel-gute-laune\/fdm4\/'><img decoding=\"async\" width=\"150\" height=\"150\" src=\"https:\/\/paulinenaue.info\/wp-content\/uploads\/2025\/07\/FDM4-150x150.jpg\" class=\"attachment-thumbnail size-thumbnail lazyload\" alt=\"\" aria-describedby=\"gallery-1-418179\" srcset=\"data:image\/svg+xml,%3Csvg%20xmlns%3D%27http%3A%2F%2Fwww.w3.org%2F2000%2Fsvg%27%20width%3D%271920%27%20height%3D%271080%27%20viewBox%3D%270%200%201920%201080%27%3E%3Crect%20width%3D%271920%27%20height%3D%271080%27%20fill-opacity%3D%220%22%2F%3E%3C%2Fsvg%3E\" data-orig-src=\"https:\/\/paulinenaue.info\/wp-content\/uploads\/2025\/07\/FDM4-150x150.jpg\" data-srcset=\"https:\/\/paulinenaue.info\/wp-content\/uploads\/2025\/07\/FDM4-66x66.jpg 66w, https:\/\/paulinenaue.info\/wp-content\/uploads\/2025\/07\/FDM4-150x150.jpg 150w\" data-sizes=\"auto\" data-attachment-id=\"418179\" data-permalink=\"https:\/\/paulinenaue.info\/index.php\/sommer-sonne-musik-und-viel-gute-laune\/fdm4\/\" data-orig-file=\"https:\/\/paulinenaue.info\/wp-content\/uploads\/2025\/07\/FDM4.jpg\" data-orig-size=\"1920,1080\" data-comments-opened=\"1\" data-image-meta=\"{&quot;aperture&quot;:&quot;0&quot;,&quot;credit&quot;:&quot;&quot;,&quot;camera&quot;:&quot;&quot;,&quot;caption&quot;:&quot;&quot;,&quot;created_timestamp&quot;:&quot;1750525078&quot;,&quot;copyright&quot;:&quot;&quot;,&quot;focal_length&quot;:&quot;0&quot;,&quot;iso&quot;:&quot;0&quot;,&quot;shutter_speed&quot;:&quot;0&quot;,&quot;title&quot;:&quot;&quot;,&quot;orientation&quot;:&quot;1&quot;}\" data-image-title=\"FDM4\" data-image-description=\"&lt;p&gt;Foto: Eberhard Schwarz&lt;\/p&gt;\n\" data-image-caption=\"&lt;p&gt;K\u00fcnstler Gernot Frischling untermalte die Act-Pausen&lt;\/p&gt;\n\" data-large-file=\"https:\/\/paulinenaue.info\/wp-content\/uploads\/2025\/07\/FDM4-1024x576.jpg\" \/><\/a>\n\t\t\t<\/dt>\n\t\t\t\t<dd class='wp-caption-text gallery-caption' id='gallery-1-418179'>\n\t\t\t\tK\u00fcnstler Gernot Frischling untermalte die Act-Pausen\n\t\t\t\t<\/dd><\/dl><br style=\"clear: both\" \/><dl class='gallery-item'>\n\t\t\t<dt class='gallery-icon landscape'>\n\t\t\t\t<a data-rel=\"iLightbox[postimages]\" data-title=\"FDM1\" data-caption=\"\u201eCaptain Zorxs\u201c aus Berlin.\" href='https:\/\/paulinenaue.info\/index.php\/sommer-sonne-musik-und-viel-gute-laune\/fdm1\/'><img decoding=\"async\" width=\"150\" height=\"150\" src=\"https:\/\/paulinenaue.info\/wp-content\/uploads\/2025\/07\/FDM1-150x150.jpg\" class=\"attachment-thumbnail size-thumbnail lazyload\" alt=\"\" aria-describedby=\"gallery-1-418176\" srcset=\"data:image\/svg+xml,%3Csvg%20xmlns%3D%27http%3A%2F%2Fwww.w3.org%2F2000%2Fsvg%27%20width%3D%271920%27%20height%3D%271080%27%20viewBox%3D%270%200%201920%201080%27%3E%3Crect%20width%3D%271920%27%20height%3D%271080%27%20fill-opacity%3D%220%22%2F%3E%3C%2Fsvg%3E\" data-orig-src=\"https:\/\/paulinenaue.info\/wp-content\/uploads\/2025\/07\/FDM1-150x150.jpg\" data-srcset=\"https:\/\/paulinenaue.info\/wp-content\/uploads\/2025\/07\/FDM1-66x66.jpg 66w, https:\/\/paulinenaue.info\/wp-content\/uploads\/2025\/07\/FDM1-150x150.jpg 150w\" data-sizes=\"auto\" data-attachment-id=\"418176\" data-permalink=\"https:\/\/paulinenaue.info\/index.php\/sommer-sonne-musik-und-viel-gute-laune\/fdm1\/\" data-orig-file=\"https:\/\/paulinenaue.info\/wp-content\/uploads\/2025\/07\/FDM1.jpg\" data-orig-size=\"1920,1080\" data-comments-opened=\"1\" data-image-meta=\"{&quot;aperture&quot;:&quot;0&quot;,&quot;credit&quot;:&quot;&quot;,&quot;camera&quot;:&quot;&quot;,&quot;caption&quot;:&quot;&quot;,&quot;created_timestamp&quot;:&quot;1750527976&quot;,&quot;copyright&quot;:&quot;&quot;,&quot;focal_length&quot;:&quot;0&quot;,&quot;iso&quot;:&quot;0&quot;,&quot;shutter_speed&quot;:&quot;0&quot;,&quot;title&quot;:&quot;&quot;,&quot;orientation&quot;:&quot;1&quot;}\" data-image-title=\"FDM1\" data-image-description=\"&lt;p&gt;Fotot: Marco K\u00e4stner&lt;\/p&gt;\n\" data-image-caption=\"&lt;p&gt;\u201eCaptain Zorxs\u201c aus Berlin.&lt;\/p&gt;\n\" data-large-file=\"https:\/\/paulinenaue.info\/wp-content\/uploads\/2025\/07\/FDM1-1024x576.jpg\" \/><\/a>\n\t\t\t<\/dt>\n\t\t\t\t<dd class='wp-caption-text gallery-caption' id='gallery-1-418176'>\n\t\t\t\t\u201eCaptain Zorxs\u201c aus Berlin.\n\t\t\t\t<\/dd><\/dl><dl class='gallery-item'>\n\t\t\t<dt class='gallery-icon landscape'>\n\t\t\t\t<a data-rel=\"iLightbox[postimages]\" data-title=\"FDM3\" data-caption=\"Die \u201eSunset Seeds\u201c aus Ribbeck\/Berlin.\" href='https:\/\/paulinenaue.info\/index.php\/sommer-sonne-musik-und-viel-gute-laune\/fdm3\/'><img decoding=\"async\" width=\"150\" height=\"150\" src=\"https:\/\/paulinenaue.info\/wp-content\/uploads\/2025\/07\/FDM3-150x150.jpg\" class=\"attachment-thumbnail size-thumbnail lazyload\" alt=\"\" aria-describedby=\"gallery-1-418178\" srcset=\"data:image\/svg+xml,%3Csvg%20xmlns%3D%27http%3A%2F%2Fwww.w3.org%2F2000%2Fsvg%27%20width%3D%271920%27%20height%3D%271080%27%20viewBox%3D%270%200%201920%201080%27%3E%3Crect%20width%3D%271920%27%20height%3D%271080%27%20fill-opacity%3D%220%22%2F%3E%3C%2Fsvg%3E\" data-orig-src=\"https:\/\/paulinenaue.info\/wp-content\/uploads\/2025\/07\/FDM3-150x150.jpg\" data-srcset=\"https:\/\/paulinenaue.info\/wp-content\/uploads\/2025\/07\/FDM3-66x66.jpg 66w, https:\/\/paulinenaue.info\/wp-content\/uploads\/2025\/07\/FDM3-150x150.jpg 150w\" data-sizes=\"auto\" data-attachment-id=\"418178\" data-permalink=\"https:\/\/paulinenaue.info\/index.php\/sommer-sonne-musik-und-viel-gute-laune\/fdm3\/\" data-orig-file=\"https:\/\/paulinenaue.info\/wp-content\/uploads\/2025\/07\/FDM3.jpg\" data-orig-size=\"1920,1080\" data-comments-opened=\"1\" data-image-meta=\"{&quot;aperture&quot;:&quot;0&quot;,&quot;credit&quot;:&quot;&quot;,&quot;camera&quot;:&quot;&quot;,&quot;caption&quot;:&quot;&quot;,&quot;created_timestamp&quot;:&quot;1750538318&quot;,&quot;copyright&quot;:&quot;&quot;,&quot;focal_length&quot;:&quot;0&quot;,&quot;iso&quot;:&quot;0&quot;,&quot;shutter_speed&quot;:&quot;0&quot;,&quot;title&quot;:&quot;&quot;,&quot;orientation&quot;:&quot;1&quot;}\" data-image-title=\"FDM3\" data-image-description=\"&lt;p&gt;Foto: Eberhard Schwarz&lt;\/p&gt;\n\" data-image-caption=\"&lt;p&gt;Die \u201eSunset Seeds\u201c aus Ribbeck\/Berlin.&lt;\/p&gt;\n\" data-large-file=\"https:\/\/paulinenaue.info\/wp-content\/uploads\/2025\/07\/FDM3-1024x576.jpg\" \/><\/a>\n\t\t\t<\/dt>\n\t\t\t\t<dd class='wp-caption-text gallery-caption' id='gallery-1-418178'>\n\t\t\t\tDie \u201eSunset Seeds\u201c aus Ribbeck\/Berlin.\n\t\t\t\t<\/dd><\/dl><dl class='gallery-item'>\n\t\t\t<dt class='gallery-icon landscape'>\n\t\t\t\t<a data-rel=\"iLightbox[postimages]\" data-title=\"FDM5\" data-caption=\"Die 2. F\u00eate de la musique zog wieder viele Paulinenauer*innen an.\" href='https:\/\/paulinenaue.info\/index.php\/sommer-sonne-musik-und-viel-gute-laune\/fdm5\/'><img decoding=\"async\" width=\"150\" height=\"150\" src=\"https:\/\/paulinenaue.info\/wp-content\/uploads\/2025\/07\/FDM5-150x150.jpg\" class=\"attachment-thumbnail size-thumbnail lazyload\" alt=\"\" aria-describedby=\"gallery-1-418180\" srcset=\"data:image\/svg+xml,%3Csvg%20xmlns%3D%27http%3A%2F%2Fwww.w3.org%2F2000%2Fsvg%27%20width%3D%272560%27%20height%3D%271440%27%20viewBox%3D%270%200%202560%201440%27%3E%3Crect%20width%3D%272560%27%20height%3D%271440%27%20fill-opacity%3D%220%22%2F%3E%3C%2Fsvg%3E\" data-orig-src=\"https:\/\/paulinenaue.info\/wp-content\/uploads\/2025\/07\/FDM5-150x150.jpg\" data-srcset=\"https:\/\/paulinenaue.info\/wp-content\/uploads\/2025\/07\/FDM5-66x66.jpg 66w, https:\/\/paulinenaue.info\/wp-content\/uploads\/2025\/07\/FDM5-150x150.jpg 150w\" data-sizes=\"auto\" data-attachment-id=\"418180\" data-permalink=\"https:\/\/paulinenaue.info\/index.php\/sommer-sonne-musik-und-viel-gute-laune\/fdm5\/\" data-orig-file=\"https:\/\/paulinenaue.info\/wp-content\/uploads\/2025\/07\/FDM5-scaled.jpg\" data-orig-size=\"2560,1440\" data-comments-opened=\"1\" data-image-meta=\"{&quot;aperture&quot;:&quot;0&quot;,&quot;credit&quot;:&quot;&quot;,&quot;camera&quot;:&quot;&quot;,&quot;caption&quot;:&quot;&quot;,&quot;created_timestamp&quot;:&quot;1750535967&quot;,&quot;copyright&quot;:&quot;&quot;,&quot;focal_length&quot;:&quot;0&quot;,&quot;iso&quot;:&quot;0&quot;,&quot;shutter_speed&quot;:&quot;0&quot;,&quot;title&quot;:&quot;&quot;,&quot;orientation&quot;:&quot;1&quot;}\" data-image-title=\"FDM5\" data-image-description=\"&lt;p&gt;Foto: Eberhard Schwarz&lt;\/p&gt;\n\" data-image-caption=\"&lt;p&gt;Die 2. F\u00eate de la musique zog wieder viele Paulinenauer*innen an.&lt;\/p&gt;\n\" data-large-file=\"https:\/\/paulinenaue.info\/wp-content\/uploads\/2025\/07\/FDM5-1024x576.jpg\" \/><\/a>\n\t\t\t<\/dt>\n\t\t\t\t<dd class='wp-caption-text gallery-caption' id='gallery-1-418180'>\n\t\t\t\tDie 2. F\u00eate de la musique zog wieder viele Paulinenauer*innen an.\n\t\t\t\t<\/dd><\/dl><br style=\"clear: both\" \/><dl class='gallery-item'>\n\t\t\t<dt class='gallery-icon landscape'>\n\t\t\t\t<a data-rel=\"iLightbox[postimages]\" data-title=\"FDM6\" data-caption=\"Am sp\u00e4ten Abend standen ABM aus Rathenow auf der B\u00fchne.\" href='https:\/\/paulinenaue.info\/index.php\/sommer-sonne-musik-und-viel-gute-laune\/fdm6\/'><img decoding=\"async\" width=\"150\" height=\"150\" src=\"https:\/\/paulinenaue.info\/wp-content\/uploads\/2025\/07\/FDM6-150x150.jpg\" class=\"attachment-thumbnail size-thumbnail lazyload\" alt=\"\" aria-describedby=\"gallery-1-418181\" srcset=\"data:image\/svg+xml,%3Csvg%20xmlns%3D%27http%3A%2F%2Fwww.w3.org%2F2000%2Fsvg%27%20width%3D%271600%27%20height%3D%271200%27%20viewBox%3D%270%200%201600%201200%27%3E%3Crect%20width%3D%271600%27%20height%3D%271200%27%20fill-opacity%3D%220%22%2F%3E%3C%2Fsvg%3E\" data-orig-src=\"https:\/\/paulinenaue.info\/wp-content\/uploads\/2025\/07\/FDM6-150x150.jpg\" data-srcset=\"https:\/\/paulinenaue.info\/wp-content\/uploads\/2025\/07\/FDM6-66x66.jpg 66w, https:\/\/paulinenaue.info\/wp-content\/uploads\/2025\/07\/FDM6-150x150.jpg 150w\" data-sizes=\"auto\" data-attachment-id=\"418181\" data-permalink=\"https:\/\/paulinenaue.info\/index.php\/sommer-sonne-musik-und-viel-gute-laune\/fdm6\/\" data-orig-file=\"https:\/\/paulinenaue.info\/wp-content\/uploads\/2025\/07\/FDM6.jpg\" data-orig-size=\"1600,1200\" data-comments-opened=\"1\" data-image-meta=\"{&quot;aperture&quot;:&quot;0&quot;,&quot;credit&quot;:&quot;&quot;,&quot;camera&quot;:&quot;&quot;,&quot;caption&quot;:&quot;&quot;,&quot;created_timestamp&quot;:&quot;0&quot;,&quot;copyright&quot;:&quot;&quot;,&quot;focal_length&quot;:&quot;0&quot;,&quot;iso&quot;:&quot;0&quot;,&quot;shutter_speed&quot;:&quot;0&quot;,&quot;title&quot;:&quot;&quot;,&quot;orientation&quot;:&quot;0&quot;}\" data-image-title=\"FDM6\" data-image-description=\"&lt;p&gt;Foto: Eberhard Schwarz&lt;\/p&gt;\n\" data-image-caption=\"&lt;p&gt;Am sp\u00e4ten Abend standen ABM aus Rathenow auf der B\u00fchne.&lt;\/p&gt;\n\" data-large-file=\"https:\/\/paulinenaue.info\/wp-content\/uploads\/2025\/07\/FDM6-1024x768.jpg\" \/><\/a>\n\t\t\t<\/dt>\n\t\t\t\t<dd class='wp-caption-text gallery-caption' id='gallery-1-418181'>\n\t\t\t\tAm sp\u00e4ten Abend standen ABM aus Rathenow auf der B\u00fchne.\n\t\t\t\t<\/dd><\/dl>\n\t\t\t<br style='clear: both' \/>\n\t\t<\/div>\n\n<p>Besonderen Dank m\u00f6chten die Organisator*innen auch der Schul-Feste-AG der Karibu Grundschule aussprechen. Vier mutige Sch\u00fclerinnen hatten die Veranstaltung am Nachmittag ganz besonders charmant mit Tanz- und Gesangseinlagen er\u00f6ffnet. Ebenso Dank gilt Uwe Kr\u00fcger und seinem Team, dem Paulinenauer TSV f\u00fcr die gute Zusammenarbeit sowie dem Landkreis Havelland (Kulturstiftung) f\u00fcr die F\u00f6rderung.<br \/>\nUnterst\u00fctzt wurde das Fest auch wieder vom Frierock-Team aus Friesack, das Sofas, Lichter und Lampenschirme zur Verf\u00fcgung stellte, um die einzigartige Wohnzimmer-Atmosph\u00e4re auf dem Sportplatz zu erzeugen. Wer mehr davon will, kommt gerne am 2ten August-Wochenende auf die Freilichtb\u00fchne nach Friesack. Mehr Infos hier: <a href=\"https:\/\/frierock-festival.ticket.io\/ywxe631m\/\">Tickets f\u00fcr Frierock 2025 | Karten und Infos auf ticket.io<\/a><\/p>\n<p>Die F\u00eate de la Musique 2025 in Paulinenaue war ein voller Erfolg \u2013 ein Tag voller Musik, Begegnung und Lebensfreude. Die Mischung aus professionellen Acts, Nachwuchstalenten und famili\u00e4rer Atmosph\u00e4re machte das Event zu einer runden Sache \u2013 auch ohne Fu\u00dfball \ud83d\ude09<\/p>\n","protected":false},"excerpt":{"rendered":"<p>F\u00eate de la Musique Paulinenaue ein voller Erfolg Text: Valentin [&hellip;]<\/p>\n","protected":false},"author":3,"featured_media":418176,"comment_status":"open","ping_status":"open","sticky":false,"template":"","format":"standard","meta":{"_acf_changed":false,"_price":"","_stock":"","_tribe_ticket_header":"","_tribe_default_ticket_provider":"","_tribe_ticket_capacity":"0","_ticket_start_date":"","_ticket_end_date":"","_tribe_ticket_show_description":"","_tribe_ticket_show_not_going":false,"_tribe_ticket_use_global_stock":"","_tribe_ticket_global_stock_level":"","_global_stock_mode":"","_global_stock_cap":"","_tribe_rsvp_for_event":"","_tribe_ticket_going_count":"","_tribe_ticket_not_going_count":"","_tribe_tickets_list":"[]","_tribe_ticket_has_attendee_info_fields":false,"jetpack_post_was_ever_published":false,"_jetpack_newsletter_access":"","_jetpack_dont_email_post_to_subs":false,"_jetpack_newsletter_tier_id":0,"_jetpack_memberships_contains_paywalled_content":false,"_jetpack_memberships_contains_paid_content":false,"footnotes":"","jetpack_publicize_message":"","jetpack_publicize_feature_enabled":true,"jetpack_social_post_already_shared":true,"jetpack_social_options":{"image_generator_settings":{"template":"highway","default_image_id":0,"font":"","enabled":false},"version":2}},"categories":[519,43,47,9,30,93],"tags":[630,626,629,553,631,627,51,628],"class_list":["post-418175","post","type-post","status-publish","format-standard","has-post-thumbnail","hentry","category-ehrenamt","category-grundschule","category-kulturverein","category-neuigkeiten","category-ptsv","category-veranstaltungen","tag-abm","tag-antenne-brandenburg","tag-captain-zorxs","tag-fete-de-la-musique","tag-freaks-from-playground","tag-gernot-frischling","tag-karibu-grundschule","tag-sunset-seeds"],"acf":[],"yoast_head":"<!-- This site is optimized with the Yoast SEO plugin v27.5 - https:\/\/yoast.com\/product\/yoast-seo-wordpress\/ -->\n<title>Sommer, Sonne, Musik und viel gute Laune! - Paulinenaue<\/title>\n<meta name=\"robots\" content=\"index, follow, max-snippet:-1, max-image-preview:large, max-video-preview:-1\" \/>\n<link rel=\"canonical\" href=\"https:\/\/paulinenaue.info\/index.php\/sommer-sonne-musik-und-viel-gute-laune\/\" \/>\n<meta property=\"og:locale\" content=\"de_DE\" \/>\n<meta property=\"og:type\" content=\"article\" \/>\n<meta property=\"og:title\" content=\"Sommer, Sonne, Musik und viel gute Laune! - Paulinenaue\" \/>\n<meta property=\"og:description\" content=\"F\u00eate de la Musique Paulinenaue ein voller Erfolg Text: Valentin [&hellip;]\" \/>\n<meta property=\"og:url\" content=\"https:\/\/paulinenaue.info\/index.php\/sommer-sonne-musik-und-viel-gute-laune\/\" \/>\n<meta property=\"og:site_name\" content=\"Paulinenaue\" \/>\n<meta property=\"article:published_time\" content=\"2025-07-07T18:59:26+00:00\" \/>\n<meta property=\"article:modified_time\" content=\"2025-07-09T17:03:42+00:00\" \/>\n<meta property=\"og:image\" content=\"https:\/\/paulinenaue.info\/wp-content\/uploads\/2025\/07\/FDM1.jpg\" \/>\n\t<meta property=\"og:image:width\" content=\"1920\" \/>\n\t<meta property=\"og:image:height\" content=\"1080\" \/>\n\t<meta property=\"og:image:type\" content=\"image\/jpeg\" \/>\n<meta name=\"author\" content=\"Sarah\" \/>\n<meta name=\"twitter:card\" content=\"summary_large_image\" \/>\n<meta name=\"twitter:label1\" content=\"Verfasst von\" \/>\n\t<meta name=\"twitter:data1\" content=\"Sarah\" \/>\n\t<meta name=\"twitter:label2\" content=\"Gesch\u00e4tzte Lesezeit\" \/>\n\t<meta name=\"twitter:data2\" content=\"3\u00a0Minuten\" \/>\n<script type=\"application\/ld+json\" class=\"yoast-schema-graph\">{\"@context\":\"https:\\\/\\\/schema.org\",\"@graph\":[{\"@type\":\"Article\",\"@id\":\"https:\\\/\\\/paulinenaue.info\\\/index.php\\\/sommer-sonne-musik-und-viel-gute-laune\\\/#article\",\"isPartOf\":{\"@id\":\"https:\\\/\\\/paulinenaue.info\\\/index.php\\\/sommer-sonne-musik-und-viel-gute-laune\\\/\"},\"author\":{\"name\":\"Sarah\",\"@id\":\"https:\\\/\\\/paulinenaue.info\\\/#\\\/schema\\\/person\\\/e5be566a57b5b3f65d2c65a58c42325e\"},\"headline\":\"Sommer, Sonne, Musik und viel gute Laune!\",\"datePublished\":\"2025-07-07T18:59:26+00:00\",\"dateModified\":\"2025-07-09T17:03:42+00:00\",\"mainEntityOfPage\":{\"@id\":\"https:\\\/\\\/paulinenaue.info\\\/index.php\\\/sommer-sonne-musik-und-viel-gute-laune\\\/\"},\"wordCount\":455,\"commentCount\":0,\"image\":{\"@id\":\"https:\\\/\\\/paulinenaue.info\\\/index.php\\\/sommer-sonne-musik-und-viel-gute-laune\\\/#primaryimage\"},\"thumbnailUrl\":\"https:\\\/\\\/paulinenaue.info\\\/wp-content\\\/uploads\\\/2025\\\/07\\\/FDM1.jpg\",\"keywords\":[\"ABM\",\"Antenne Brandenburg\",\"Captain Zorxs\",\"F\u00eate de la Musique\",\"Freaks From Playground\",\"Gernot Frischling\",\"Karibu-Grundschule\",\"Sunset Seeds\"],\"articleSection\":[\"Ehrenamt\",\"Grundschule\",\"Kulturverein\",\"Neuigkeiten\",\"PTSV\",\"Veranstaltungen\"],\"inLanguage\":\"de\",\"potentialAction\":[{\"@type\":\"CommentAction\",\"name\":\"Comment\",\"target\":[\"https:\\\/\\\/paulinenaue.info\\\/index.php\\\/sommer-sonne-musik-und-viel-gute-laune\\\/#respond\"]}]},{\"@type\":\"WebPage\",\"@id\":\"https:\\\/\\\/paulinenaue.info\\\/index.php\\\/sommer-sonne-musik-und-viel-gute-laune\\\/\",\"url\":\"https:\\\/\\\/paulinenaue.info\\\/index.php\\\/sommer-sonne-musik-und-viel-gute-laune\\\/\",\"name\":\"Sommer, Sonne, Musik und viel gute Laune! - Paulinenaue\",\"isPartOf\":{\"@id\":\"https:\\\/\\\/paulinenaue.info\\\/#website\"},\"primaryImageOfPage\":{\"@id\":\"https:\\\/\\\/paulinenaue.info\\\/index.php\\\/sommer-sonne-musik-und-viel-gute-laune\\\/#primaryimage\"},\"image\":{\"@id\":\"https:\\\/\\\/paulinenaue.info\\\/index.php\\\/sommer-sonne-musik-und-viel-gute-laune\\\/#primaryimage\"},\"thumbnailUrl\":\"https:\\\/\\\/paulinenaue.info\\\/wp-content\\\/uploads\\\/2025\\\/07\\\/FDM1.jpg\",\"datePublished\":\"2025-07-07T18:59:26+00:00\",\"dateModified\":\"2025-07-09T17:03:42+00:00\",\"author\":{\"@id\":\"https:\\\/\\\/paulinenaue.info\\\/#\\\/schema\\\/person\\\/e5be566a57b5b3f65d2c65a58c42325e\"},\"breadcrumb\":{\"@id\":\"https:\\\/\\\/paulinenaue.info\\\/index.php\\\/sommer-sonne-musik-und-viel-gute-laune\\\/#breadcrumb\"},\"inLanguage\":\"de\",\"potentialAction\":[{\"@type\":\"ReadAction\",\"target\":[\"https:\\\/\\\/paulinenaue.info\\\/index.php\\\/sommer-sonne-musik-und-viel-gute-laune\\\/\"]}]},{\"@type\":\"ImageObject\",\"inLanguage\":\"de\",\"@id\":\"https:\\\/\\\/paulinenaue.info\\\/index.php\\\/sommer-sonne-musik-und-viel-gute-laune\\\/#primaryimage\",\"url\":\"https:\\\/\\\/paulinenaue.info\\\/wp-content\\\/uploads\\\/2025\\\/07\\\/FDM1.jpg\",\"contentUrl\":\"https:\\\/\\\/paulinenaue.info\\\/wp-content\\\/uploads\\\/2025\\\/07\\\/FDM1.jpg\",\"width\":1920,\"height\":1080,\"caption\":\"\u201eCaptain Zorxs\u201c aus Berlin.\"},{\"@type\":\"BreadcrumbList\",\"@id\":\"https:\\\/\\\/paulinenaue.info\\\/index.php\\\/sommer-sonne-musik-und-viel-gute-laune\\\/#breadcrumb\",\"itemListElement\":[{\"@type\":\"ListItem\",\"position\":1,\"name\":\"Home\",\"item\":\"https:\\\/\\\/paulinenaue.info\\\/\"},{\"@type\":\"ListItem\",\"position\":2,\"name\":\"Sommer, Sonne, Musik und viel gute Laune!\"}]},{\"@type\":\"WebSite\",\"@id\":\"https:\\\/\\\/paulinenaue.info\\\/#website\",\"url\":\"https:\\\/\\\/paulinenaue.info\\\/\",\"name\":\"Paulinenaue\",\"description\":\"Ein Dorf im Havelland\",\"potentialAction\":[{\"@type\":\"SearchAction\",\"target\":{\"@type\":\"EntryPoint\",\"urlTemplate\":\"https:\\\/\\\/paulinenaue.info\\\/?s={search_term_string}\"},\"query-input\":{\"@type\":\"PropertyValueSpecification\",\"valueRequired\":true,\"valueName\":\"search_term_string\"}}],\"inLanguage\":\"de\"},{\"@type\":\"Person\",\"@id\":\"https:\\\/\\\/paulinenaue.info\\\/#\\\/schema\\\/person\\\/e5be566a57b5b3f65d2c65a58c42325e\",\"name\":\"Sarah\",\"url\":\"https:\\\/\\\/paulinenaue.info\\\/index.php\\\/author\\\/sarah\\\/\"}]}<\/script>\n<!-- \/ Yoast SEO plugin. -->","yoast_head_json":{"title":"Sommer, Sonne, Musik und viel gute Laune! - Paulinenaue","robots":{"index":"index","follow":"follow","max-snippet":"max-snippet:-1","max-image-preview":"max-image-preview:large","max-video-preview":"max-video-preview:-1"},"canonical":"https:\/\/paulinenaue.info\/index.php\/sommer-sonne-musik-und-viel-gute-laune\/","og_locale":"de_DE","og_type":"article","og_title":"Sommer, Sonne, Musik und viel gute Laune! - Paulinenaue","og_description":"F\u00eate de la Musique Paulinenaue ein voller Erfolg Text: Valentin [&hellip;]","og_url":"https:\/\/paulinenaue.info\/index.php\/sommer-sonne-musik-und-viel-gute-laune\/","og_site_name":"Paulinenaue","article_published_time":"2025-07-07T18:59:26+00:00","article_modified_time":"2025-07-09T17:03:42+00:00","og_image":[{"width":1920,"height":1080,"url":"https:\/\/paulinenaue.info\/wp-content\/uploads\/2025\/07\/FDM1.jpg","type":"image\/jpeg"}],"author":"Sarah","twitter_card":"summary_large_image","twitter_misc":{"Verfasst von":"Sarah","Gesch\u00e4tzte Lesezeit":"3\u00a0Minuten"},"schema":{"@context":"https:\/\/schema.org","@graph":[{"@type":"Article","@id":"https:\/\/paulinenaue.info\/index.php\/sommer-sonne-musik-und-viel-gute-laune\/#article","isPartOf":{"@id":"https:\/\/paulinenaue.info\/index.php\/sommer-sonne-musik-und-viel-gute-laune\/"},"author":{"name":"Sarah","@id":"https:\/\/paulinenaue.info\/#\/schema\/person\/e5be566a57b5b3f65d2c65a58c42325e"},"headline":"Sommer, Sonne, Musik und viel gute Laune!","datePublished":"2025-07-07T18:59:26+00:00","dateModified":"2025-07-09T17:03:42+00:00","mainEntityOfPage":{"@id":"https:\/\/paulinenaue.info\/index.php\/sommer-sonne-musik-und-viel-gute-laune\/"},"wordCount":455,"commentCount":0,"image":{"@id":"https:\/\/paulinenaue.info\/index.php\/sommer-sonne-musik-und-viel-gute-laune\/#primaryimage"},"thumbnailUrl":"https:\/\/paulinenaue.info\/wp-content\/uploads\/2025\/07\/FDM1.jpg","keywords":["ABM","Antenne Brandenburg","Captain Zorxs","F\u00eate de la Musique","Freaks From Playground","Gernot Frischling","Karibu-Grundschule","Sunset Seeds"],"articleSection":["Ehrenamt","Grundschule","Kulturverein","Neuigkeiten","PTSV","Veranstaltungen"],"inLanguage":"de","potentialAction":[{"@type":"CommentAction","name":"Comment","target":["https:\/\/paulinenaue.info\/index.php\/sommer-sonne-musik-und-viel-gute-laune\/#respond"]}]},{"@type":"WebPage","@id":"https:\/\/paulinenaue.info\/index.php\/sommer-sonne-musik-und-viel-gute-laune\/","url":"https:\/\/paulinenaue.info\/index.php\/sommer-sonne-musik-und-viel-gute-laune\/","name":"Sommer, Sonne, Musik und viel gute Laune! - Paulinenaue","isPartOf":{"@id":"https:\/\/paulinenaue.info\/#website"},"primaryImageOfPage":{"@id":"https:\/\/paulinenaue.info\/index.php\/sommer-sonne-musik-und-viel-gute-laune\/#primaryimage"},"image":{"@id":"https:\/\/paulinenaue.info\/index.php\/sommer-sonne-musik-und-viel-gute-laune\/#primaryimage"},"thumbnailUrl":"https:\/\/paulinenaue.info\/wp-content\/uploads\/2025\/07\/FDM1.jpg","datePublished":"2025-07-07T18:59:26+00:00","dateModified":"2025-07-09T17:03:42+00:00","author":{"@id":"https:\/\/paulinenaue.info\/#\/schema\/person\/e5be566a57b5b3f65d2c65a58c42325e"},"breadcrumb":{"@id":"https:\/\/paulinenaue.info\/index.php\/sommer-sonne-musik-und-viel-gute-laune\/#breadcrumb"},"inLanguage":"de","potentialAction":[{"@type":"ReadAction","target":["https:\/\/paulinenaue.info\/index.php\/sommer-sonne-musik-und-viel-gute-laune\/"]}]},{"@type":"ImageObject","inLanguage":"de","@id":"https:\/\/paulinenaue.info\/index.php\/sommer-sonne-musik-und-viel-gute-laune\/#primaryimage","url":"https:\/\/paulinenaue.info\/wp-content\/uploads\/2025\/07\/FDM1.jpg","contentUrl":"https:\/\/paulinenaue.info\/wp-content\/uploads\/2025\/07\/FDM1.jpg","width":1920,"height":1080,"caption":"\u201eCaptain Zorxs\u201c aus Berlin."},{"@type":"BreadcrumbList","@id":"https:\/\/paulinenaue.info\/index.php\/sommer-sonne-musik-und-viel-gute-laune\/#breadcrumb","itemListElement":[{"@type":"ListItem","position":1,"name":"Home","item":"https:\/\/paulinenaue.info\/"},{"@type":"ListItem","position":2,"name":"Sommer, Sonne, Musik und viel gute Laune!"}]},{"@type":"WebSite","@id":"https:\/\/paulinenaue.info\/#website","url":"https:\/\/paulinenaue.info\/","name":"Paulinenaue","description":"Ein Dorf im Havelland","potentialAction":[{"@type":"SearchAction","target":{"@type":"EntryPoint","urlTemplate":"https:\/\/paulinenaue.info\/?s={search_term_string}"},"query-input":{"@type":"PropertyValueSpecification","valueRequired":true,"valueName":"search_term_string"}}],"inLanguage":"de"},{"@type":"Person","@id":"https:\/\/paulinenaue.info\/#\/schema\/person\/e5be566a57b5b3f65d2c65a58c42325e","name":"Sarah","url":"https:\/\/paulinenaue.info\/index.php\/author\/sarah\/"}]}},"jetpack_publicize_connections":[],"jetpack_featured_media_url":"https:\/\/paulinenaue.info\/wp-content\/uploads\/2025\/07\/FDM1.jpg","jetpack_sharing_enabled":true,"jetpack_shortlink":"https:\/\/wp.me\/pcYhWA-1KML","jetpack-related-posts":[{"id":416570,"url":"https:\/\/paulinenaue.info\/index.php\/fete-de-la-musique-der-ausfuehrliche-bericht\/","url_meta":{"origin":418175,"position":0},"title":"F\u00eate de la Musique \u2013\u00a0Der ausf\u00fchrliche Bericht","author":"Joachim Scholz","date":"23. Juni 2024","format":false,"excerpt":"Der Wettergott mag Paulinenaue, Punk und engagierte Menschen \u2013 1. F\u00eate de la Musique in Paulinenaue von Fabian Bock und Valentin Franklyn Trotz einer ziemlich widrigen Wetterprognose fanden sich zum l\u00e4ngsten Tag des Jahres zahlreiche Paulinenauer*innen zur F\u00eate de la Musique zusammen. Bei der F\u00eate de la Musique handelt es\u2026","rel":"","context":"In &quot;Ehrenamt&quot;","block_context":{"text":"Ehrenamt","link":"https:\/\/paulinenaue.info\/index.php\/category\/ehrenamt\/"},"img":{"alt_text":"","src":"https:\/\/i0.wp.com\/paulinenaue.info\/wp-content\/uploads\/2024\/06\/20240621_182549-scaled.jpg?resize=350%2C200&ssl=1","width":350,"height":200,"srcset":"https:\/\/i0.wp.com\/paulinenaue.info\/wp-content\/uploads\/2024\/06\/20240621_182549-scaled.jpg?resize=350%2C200&ssl=1 1x, https:\/\/i0.wp.com\/paulinenaue.info\/wp-content\/uploads\/2024\/06\/20240621_182549-scaled.jpg?resize=525%2C300&ssl=1 1.5x, https:\/\/i0.wp.com\/paulinenaue.info\/wp-content\/uploads\/2024\/06\/20240621_182549-scaled.jpg?resize=700%2C400&ssl=1 2x, https:\/\/i0.wp.com\/paulinenaue.info\/wp-content\/uploads\/2024\/06\/20240621_182549-scaled.jpg?resize=1050%2C600&ssl=1 3x, https:\/\/i0.wp.com\/paulinenaue.info\/wp-content\/uploads\/2024\/06\/20240621_182549-scaled.jpg?resize=1400%2C800&ssl=1 4x"},"classes":[]},{"id":416555,"url":"https:\/\/paulinenaue.info\/index.php\/fete-de-la-musique-erstmals-in-paulinenaue\/","url_meta":{"origin":418175,"position":1},"title":"Bilder von der F\u00eate de la Musique in Paulinenaue","author":"Joachim Scholz","date":"23. Juni 2024","format":false,"excerpt":"Am 21. Juni 2024, dem l\u00e4ngsten Tag des Jahres, wird seit vielen Jahren auch in Deutschland die F\u00eate de la Musique gefeiert. Diesmal, dank Fabian Bock\u00a0 und Valentin Franklyn vom Paulinenauer Kulturverein, auch erstmals in unserem Dorf. Die beiden Initiatoren hatten sich seit Langem darauf vorbereitet und sogar erfolgreich F\u00f6rdermittel\u2026","rel":"","context":"In &quot;Ehrenamt&quot;","block_context":{"text":"Ehrenamt","link":"https:\/\/paulinenaue.info\/index.php\/category\/ehrenamt\/"},"img":{"alt_text":"","src":"https:\/\/i0.wp.com\/paulinenaue.info\/wp-content\/uploads\/2024\/06\/2024-06-21-Fete-de-la-Muique-06.jpg?resize=350%2C200&ssl=1","width":350,"height":200,"srcset":"https:\/\/i0.wp.com\/paulinenaue.info\/wp-content\/uploads\/2024\/06\/2024-06-21-Fete-de-la-Muique-06.jpg?resize=350%2C200&ssl=1 1x, https:\/\/i0.wp.com\/paulinenaue.info\/wp-content\/uploads\/2024\/06\/2024-06-21-Fete-de-la-Muique-06.jpg?resize=525%2C300&ssl=1 1.5x, https:\/\/i0.wp.com\/paulinenaue.info\/wp-content\/uploads\/2024\/06\/2024-06-21-Fete-de-la-Muique-06.jpg?resize=700%2C400&ssl=1 2x, https:\/\/i0.wp.com\/paulinenaue.info\/wp-content\/uploads\/2024\/06\/2024-06-21-Fete-de-la-Muique-06.jpg?resize=1050%2C600&ssl=1 3x, https:\/\/i0.wp.com\/paulinenaue.info\/wp-content\/uploads\/2024\/06\/2024-06-21-Fete-de-la-Muique-06.jpg?resize=1400%2C800&ssl=1 4x"},"classes":[]},{"id":417285,"url":"https:\/\/paulinenaue.info\/index.php\/abschied-vom-paulinenauer-jung-mit-koelschem-herz\/","url_meta":{"origin":418175,"position":2},"title":"Abschied vom Paulinenauer Jung mit k\u00f6lschem Herz","author":"Sarah","date":"5. Februar 2025","format":false,"excerpt":"Text: Tobias Peters, Valentin Franklyn Wie f\u00e4ngt man an zu schreiben, wenn einem im Prinzip immer noch die Worte fehlen? Es f\u00e4llt unglaublich schwer, die folgenden Zeilen zu verfassen und wir m\u00f6chten uns vorab entschuldigen, wenn wir eventuell einige Sachen zeitlich nicht ganz korrekt eingeordnet haben, etwas vergessen oder nicht\u2026","rel":"","context":"In &quot;Allgemein&quot;","block_context":{"text":"Allgemein","link":"https:\/\/paulinenaue.info\/index.php\/category\/allgemein\/"},"img":{"alt_text":"","src":"https:\/\/i0.wp.com\/paulinenaue.info\/wp-content\/uploads\/2025\/02\/Trauer-scaled.jpeg?resize=350%2C200&ssl=1","width":350,"height":200,"srcset":"https:\/\/i0.wp.com\/paulinenaue.info\/wp-content\/uploads\/2025\/02\/Trauer-scaled.jpeg?resize=350%2C200&ssl=1 1x, https:\/\/i0.wp.com\/paulinenaue.info\/wp-content\/uploads\/2025\/02\/Trauer-scaled.jpeg?resize=525%2C300&ssl=1 1.5x, https:\/\/i0.wp.com\/paulinenaue.info\/wp-content\/uploads\/2025\/02\/Trauer-scaled.jpeg?resize=700%2C400&ssl=1 2x, https:\/\/i0.wp.com\/paulinenaue.info\/wp-content\/uploads\/2025\/02\/Trauer-scaled.jpeg?resize=1050%2C600&ssl=1 3x, https:\/\/i0.wp.com\/paulinenaue.info\/wp-content\/uploads\/2025\/02\/Trauer-scaled.jpeg?resize=1400%2C800&ssl=1 4x"},"classes":[]},{"id":109773,"url":"https:\/\/paulinenaue.info\/index.php\/vor-ostern-2022\/","url_meta":{"origin":418175,"position":3},"title":"Vor Ostern 2022","author":"Sarah","date":"8. April 2022","format":false,"excerpt":"","rel":"","context":"In &quot;Allgemein&quot;","block_context":{"text":"Allgemein","link":"https:\/\/paulinenaue.info\/index.php\/category\/allgemein\/"},"img":{"alt_text":"","src":"https:\/\/i0.wp.com\/paulinenaue.info\/wp-content\/uploads\/2022\/04\/ostern1.jpg?resize=350%2C200&ssl=1","width":350,"height":200,"srcset":"https:\/\/i0.wp.com\/paulinenaue.info\/wp-content\/uploads\/2022\/04\/ostern1.jpg?resize=350%2C200&ssl=1 1x, https:\/\/i0.wp.com\/paulinenaue.info\/wp-content\/uploads\/2022\/04\/ostern1.jpg?resize=525%2C300&ssl=1 1.5x, https:\/\/i0.wp.com\/paulinenaue.info\/wp-content\/uploads\/2022\/04\/ostern1.jpg?resize=700%2C400&ssl=1 2x, https:\/\/i0.wp.com\/paulinenaue.info\/wp-content\/uploads\/2022\/04\/ostern1.jpg?resize=1050%2C600&ssl=1 3x, https:\/\/i0.wp.com\/paulinenaue.info\/wp-content\/uploads\/2022\/04\/ostern1.jpg?resize=1400%2C800&ssl=1 4x"},"classes":[]},{"id":184284,"url":"https:\/\/paulinenaue.info\/index.php\/kirche-wird-saniert-und-multifunktional-nutzbar\/","url_meta":{"origin":418175,"position":4},"title":"Kirche wird saniert und multifunktional nutzbar","author":"Joachim Scholz","date":"29. Mai 2022","format":false,"excerpt":"von Andreas Flender, ehrenamtlicher Mitarbeiter und Bauverantwortlicher der evangelischen Kirchengemeinde In der Paulinenauer Kirche soll demn\u00e4chst ein Dorftreff entstehen. Es gibt daf\u00fcr Interesse von Vereinen, die bisher keine eigenen R\u00e4ume haben. Denkbar ist, dass der Kulturverein oder das Gemeinschaftswerk Soziale Dienste den Treff nutzen wird. Die Notfallseelsorge m\u00f6chte dort Gruppenabende\u2026","rel":"","context":"In &quot;Allgemein&quot;","block_context":{"text":"Allgemein","link":"https:\/\/paulinenaue.info\/index.php\/category\/allgemein\/"},"img":{"alt_text":"","src":"https:\/\/i0.wp.com\/paulinenaue.info\/wp-content\/uploads\/2022\/05\/2022-05-28-Paulinenaue-Kirche.jpg?resize=350%2C200&ssl=1","width":350,"height":200,"srcset":"https:\/\/i0.wp.com\/paulinenaue.info\/wp-content\/uploads\/2022\/05\/2022-05-28-Paulinenaue-Kirche.jpg?resize=350%2C200&ssl=1 1x, https:\/\/i0.wp.com\/paulinenaue.info\/wp-content\/uploads\/2022\/05\/2022-05-28-Paulinenaue-Kirche.jpg?resize=525%2C300&ssl=1 1.5x, https:\/\/i0.wp.com\/paulinenaue.info\/wp-content\/uploads\/2022\/05\/2022-05-28-Paulinenaue-Kirche.jpg?resize=700%2C400&ssl=1 2x"},"classes":[]},{"id":415945,"url":"https:\/\/paulinenaue.info\/index.php\/chroniken-von-paulinenaue\/","url_meta":{"origin":418175,"position":5},"title":"Chroniken von Paulinenaue","author":"Joachim Scholz","date":"4. Februar 2024","format":false,"excerpt":"Kirchenb\u00fccher und Kriegschroniken \u2013 Die Anf\u00e4nge Paulinenaue ist ein junges Dorf, das 1833 aus einem unbedeutenden Vorwerk hervorging. F\u00fcr lange Zeit wurden Aufzeichnungen wichtiger Lebensereignisse seiner Einwohner, wie Geburten, Taufen, Hochzeiten und Todesf\u00e4lle, nur in den Kirchenb\u00fcchern der Nachbargemeinden festgehalten, zu denen es kirchenrechtlich geh\u00f6rte. Erst seit 1920 wurde in\u2026","rel":"","context":"In &quot;Dorfentwicklung&quot;","block_context":{"text":"Dorfentwicklung","link":"https:\/\/paulinenaue.info\/index.php\/category\/dorfentwicklung\/"},"img":{"alt_text":"","src":"https:\/\/i0.wp.com\/paulinenaue.info\/wp-content\/uploads\/2024\/01\/1915-05-23-Heimatszeitung-Titelblatt.jpg?resize=350%2C200&ssl=1","width":350,"height":200,"srcset":"https:\/\/i0.wp.com\/paulinenaue.info\/wp-content\/uploads\/2024\/01\/1915-05-23-Heimatszeitung-Titelblatt.jpg?resize=350%2C200&ssl=1 1x, https:\/\/i0.wp.com\/paulinenaue.info\/wp-content\/uploads\/2024\/01\/1915-05-23-Heimatszeitung-Titelblatt.jpg?resize=525%2C300&ssl=1 1.5x, https:\/\/i0.wp.com\/paulinenaue.info\/wp-content\/uploads\/2024\/01\/1915-05-23-Heimatszeitung-Titelblatt.jpg?resize=700%2C400&ssl=1 2x"},"classes":[]}],"_links":{"self":[{"href":"https:\/\/paulinenaue.info\/index.php\/wp-json\/wp\/v2\/posts\/418175","targetHints":{"allow":["GET"]}}],"collection":[{"href":"https:\/\/paulinenaue.info\/index.php\/wp-json\/wp\/v2\/posts"}],"about":[{"href":"https:\/\/paulinenaue.info\/index.php\/wp-json\/wp\/v2\/types\/post"}],"author":[{"embeddable":true,"href":"https:\/\/paulinenaue.info\/index.php\/wp-json\/wp\/v2\/users\/3"}],"replies":[{"embeddable":true,"href":"https:\/\/paulinenaue.info\/index.php\/wp-json\/wp\/v2\/comments?post=418175"}],"version-history":[{"count":4,"href":"https:\/\/paulinenaue.info\/index.php\/wp-json\/wp\/v2\/posts\/418175\/revisions"}],"predecessor-version":[{"id":418192,"href":"https:\/\/paulinenaue.info\/index.php\/wp-json\/wp\/v2\/posts\/418175\/revisions\/418192"}],"wp:featuredmedia":[{"embeddable":true,"href":"https:\/\/paulinenaue.info\/index.php\/wp-json\/wp\/v2\/media\/418176"}],"wp:attachment":[{"href":"https:\/\/paulinenaue.info\/index.php\/wp-json\/wp\/v2\/media?parent=418175"}],"wp:term":[{"taxonomy":"category","embeddable":true,"href":"https:\/\/paulinenaue.info\/index.php\/wp-json\/wp\/v2\/categories?post=418175"},{"taxonomy":"post_tag","embeddable":true,"href":"https:\/\/paulinenaue.info\/index.php\/wp-json\/wp\/v2\/tags?post=418175"}],"curies":[{"name":"wp","href":"https:\/\/api.w.org\/{rel}","templated":true}]}}