{"id":418186,"date":"2025-07-08T19:00:57","date_gmt":"2025-07-08T17:00:57","guid":{"rendered":"https:\/\/paulinenaue.info\/?p=418186"},"modified":"2025-07-07T21:06:18","modified_gmt":"2025-07-07T19:06:18","slug":"grundsteinlegung-auf-der-baustelle-des-neuen-feuerwehrgeraetehauses-paulinenaue","status":"publish","type":"post","link":"https:\/\/paulinenaue.info\/index.php\/grundsteinlegung-auf-der-baustelle-des-neuen-feuerwehrgeraetehauses-paulinenaue\/","title":{"rendered":"Grundsteinlegung auf der Baustelle des neuen Feuerwehrger\u00e4tehauses Paulinenaue"},"content":{"rendered":"<p>Text und Bilder Eberhard Schwarz<\/p>\n<p>&nbsp;<\/p>\n<p>Am 03.07.2025 fand auf der Baustelle des neuen Feuerwehrgeb\u00e4udes in Paulinenaue die Grundsteinlegung statt. F\u00fcr Au\u00dfenstehende mutete die Feierstunde wie ein Treffen der Mitglieder der Wehren des Amtes Friesack an.<\/p>\n<p>Dem Anlass entsprechend wurde der Bau, die Planung und jetzige Umsetzung von den Amtstr\u00e4gern gew\u00fcrdigt. Der Beigeordnete des Landrates M. Koch, der Amtsdirektor R. Haase, der Amtsausschussvorsitzende A. Breder, der Amtswehrf\u00fchrer S. Scharschmidt, die Planer und Vertreter der Baufirmen w\u00fcrdigten in Ihren Reden die Bedeutung des Geb\u00e4udes am Standort Paulinenaue. Damit wird die Feuerwehr im Amt Friesack zukunftsf\u00e4hig aufgestellt.<\/p>\n<p>Auch die Probleme bei der Standortfindung und bei der Bauplanung wurden erw\u00e4hnt. Letztendlich konnte das Amt Friesack seinen Haushalt so anpasse, dass trotz erheblicher Mehrkosten der Bau begonnen werden konnte. Die bewilligten F\u00f6rdermittel unterst\u00fctzen die Umsetzung der Bauma\u00dfnahme.<\/p>\n<p>Nach den Reden wurde eine \u201eZeitkapsel\u201c mit einer aktuellen Ausgabe der MAZ, mit Geldst\u00fccken und Urkunden best\u00fcckt, auf denen sich die Verantwortlichen und Ausf\u00fchrenden Baufirmen mit Ihren Unterschriften verewigten. Anschlie\u00dfend wurde die Kapsel in den vorbereiteten Steinblock eingelassen und wie \u00fcblich mit einer M\u00f6rtelschicht bedeckt. Dabei waren auch Mitglieder der FF und der Jugendfeuerwehren aktiv.<\/p>\n<p>Nach Beendigung des feierlichen Aktes wartete auf dem kleinen Sportplatz ein schattiges Zelt mit einer kleinen St\u00e4rkung vom Grill und k\u00fchlen Getr\u00e4nken auf die Akteure und G\u00e4ste.<\/p>\n<p>Ein herzliches Dankesch\u00f6n an die Kameraden der FF Paulinenaue, die in gewohnter Manier bei solchen Gelegenheiten souver\u00e4n agieren.<\/p>\n<p>M\u00f6gen alle sch\u00f6nen Worte Wirklichkeit werden. Bisher gibt der Bauverlauf und die Einhaltung des Finanzrahmens durch die Baufirmen und Planer Hoffnung auf einen weiterhin guten Verlauf. Die FF Paulinenaue wird unter optimalen Bedingungen auch in Zukunft Ihre Aufgaben erf\u00fcllen k\u00f6nnen.<\/p>\n\n\t\t<style type=\"text\/css\">\n\t\t\t#gallery-1 {\n\t\t\t\tmargin: auto;\n\t\t\t}\n\t\t\t#gallery-1 .gallery-item {\n\t\t\t\tfloat: left;\n\t\t\t\tmargin-top: 10px;\n\t\t\t\ttext-align: center;\n\t\t\t\twidth: 33%;\n\t\t\t}\n\t\t\t#gallery-1 img {\n\t\t\t\tborder: 2px solid #cfcfcf;\n\t\t\t}\n\t\t\t#gallery-1 .gallery-caption {\n\t\t\t\tmargin-left: 0;\n\t\t\t}\n\t\t\t\/* see gallery_shortcode() in wp-includes\/media.php *\/\n\t\t<\/style>\n\t\t<div data-carousel-extra='{&quot;blog_id&quot;:1,&quot;permalink&quot;:&quot;https:\/\/paulinenaue.info\/index.php\/grundsteinlegung-auf-der-baustelle-des-neuen-feuerwehrgeraetehauses-paulinenaue\/&quot;}' id='gallery-1' class='gallery galleryid-418186 gallery-columns-3 gallery-size-thumbnail'><dl class='gallery-item'>\n\t\t\t<dt class='gallery-icon landscape'>\n\t\t\t\t<a data-rel=\"iLightbox[postimages]\" data-title=\"Grundstein 2025-1\" data-caption=\"\" href='https:\/\/paulinenaue.info\/index.php\/grundsteinlegung-auf-der-baustelle-des-neuen-feuerwehrgeraetehauses-paulinenaue\/grundstein-2025-1\/'><img decoding=\"async\" width=\"150\" height=\"150\" src=\"https:\/\/paulinenaue.info\/wp-content\/uploads\/2025\/07\/Grundstein-2025-1-150x150.jpg\" class=\"attachment-thumbnail size-thumbnail lazyload\" alt=\"\" srcset=\"data:image\/svg+xml,%3Csvg%20xmlns%3D%27http%3A%2F%2Fwww.w3.org%2F2000%2Fsvg%27%20width%3D%271920%27%20height%3D%271080%27%20viewBox%3D%270%200%201920%201080%27%3E%3Crect%20width%3D%271920%27%20height%3D%271080%27%20fill-opacity%3D%220%22%2F%3E%3C%2Fsvg%3E\" data-orig-src=\"https:\/\/paulinenaue.info\/wp-content\/uploads\/2025\/07\/Grundstein-2025-1-150x150.jpg\" data-srcset=\"https:\/\/paulinenaue.info\/wp-content\/uploads\/2025\/07\/Grundstein-2025-1-66x66.jpg 66w, https:\/\/paulinenaue.info\/wp-content\/uploads\/2025\/07\/Grundstein-2025-1-150x150.jpg 150w\" data-sizes=\"auto\" data-attachment-id=\"418187\" data-permalink=\"https:\/\/paulinenaue.info\/index.php\/grundsteinlegung-auf-der-baustelle-des-neuen-feuerwehrgeraetehauses-paulinenaue\/grundstein-2025-1\/\" data-orig-file=\"https:\/\/paulinenaue.info\/wp-content\/uploads\/2025\/07\/Grundstein-2025-1.jpg\" data-orig-size=\"1920,1080\" data-comments-opened=\"1\" data-image-meta=\"{&quot;aperture&quot;:&quot;4&quot;,&quot;credit&quot;:&quot;Eberhard H.Schwarz&quot;,&quot;camera&quot;:&quot;DSC-RX10M3&quot;,&quot;caption&quot;:&quot;&quot;,&quot;created_timestamp&quot;:&quot;1751551756&quot;,&quot;copyright&quot;:&quot;mail@eberhardschwarz.de&quot;,&quot;focal_length&quot;:&quot;8.8&quot;,&quot;iso&quot;:&quot;100&quot;,&quot;shutter_speed&quot;:&quot;0.001&quot;,&quot;title&quot;:&quot;&quot;,&quot;orientation&quot;:&quot;1&quot;}\" data-image-title=\"Grundstein 2025-1\" data-image-description=\"\" data-image-caption=\"\" data-large-file=\"https:\/\/paulinenaue.info\/wp-content\/uploads\/2025\/07\/Grundstein-2025-1-1024x576.jpg\" \/><\/a>\n\t\t\t<\/dt><\/dl><dl class='gallery-item'>\n\t\t\t<dt class='gallery-icon landscape'>\n\t\t\t\t<a data-rel=\"iLightbox[postimages]\" data-title=\"Grundstein 2025-2\" data-caption=\"\" href='https:\/\/paulinenaue.info\/index.php\/grundsteinlegung-auf-der-baustelle-des-neuen-feuerwehrgeraetehauses-paulinenaue\/grundstein-2025-2\/'><img decoding=\"async\" width=\"150\" height=\"150\" src=\"https:\/\/paulinenaue.info\/wp-content\/uploads\/2025\/07\/Grundstein-2025-2-150x150.jpg\" class=\"attachment-thumbnail size-thumbnail lazyload\" alt=\"\" srcset=\"data:image\/svg+xml,%3Csvg%20xmlns%3D%27http%3A%2F%2Fwww.w3.org%2F2000%2Fsvg%27%20width%3D%271920%27%20height%3D%271080%27%20viewBox%3D%270%200%201920%201080%27%3E%3Crect%20width%3D%271920%27%20height%3D%271080%27%20fill-opacity%3D%220%22%2F%3E%3C%2Fsvg%3E\" data-orig-src=\"https:\/\/paulinenaue.info\/wp-content\/uploads\/2025\/07\/Grundstein-2025-2-150x150.jpg\" data-srcset=\"https:\/\/paulinenaue.info\/wp-content\/uploads\/2025\/07\/Grundstein-2025-2-66x66.jpg 66w, https:\/\/paulinenaue.info\/wp-content\/uploads\/2025\/07\/Grundstein-2025-2-150x150.jpg 150w\" data-sizes=\"auto\" data-attachment-id=\"418188\" data-permalink=\"https:\/\/paulinenaue.info\/index.php\/grundsteinlegung-auf-der-baustelle-des-neuen-feuerwehrgeraetehauses-paulinenaue\/grundstein-2025-2\/\" data-orig-file=\"https:\/\/paulinenaue.info\/wp-content\/uploads\/2025\/07\/Grundstein-2025-2.jpg\" data-orig-size=\"1920,1080\" data-comments-opened=\"1\" data-image-meta=\"{&quot;aperture&quot;:&quot;4.5&quot;,&quot;credit&quot;:&quot;Eberhard H.Schwarz&quot;,&quot;camera&quot;:&quot;DSC-RX10M3&quot;,&quot;caption&quot;:&quot;&quot;,&quot;created_timestamp&quot;:&quot;1751552557&quot;,&quot;copyright&quot;:&quot;mail@eberhardschwarz.de&quot;,&quot;focal_length&quot;:&quot;12.96&quot;,&quot;iso&quot;:&quot;100&quot;,&quot;shutter_speed&quot;:&quot;0.001&quot;,&quot;title&quot;:&quot;&quot;,&quot;orientation&quot;:&quot;1&quot;}\" data-image-title=\"Grundstein 2025-2\" data-image-description=\"\" data-image-caption=\"\" data-large-file=\"https:\/\/paulinenaue.info\/wp-content\/uploads\/2025\/07\/Grundstein-2025-2-1024x576.jpg\" \/><\/a>\n\t\t\t<\/dt><\/dl><dl class='gallery-item'>\n\t\t\t<dt class='gallery-icon landscape'>\n\t\t\t\t<a data-rel=\"iLightbox[postimages]\" data-title=\"Grundstein 2025-3\" data-caption=\"\" href='https:\/\/paulinenaue.info\/index.php\/grundsteinlegung-auf-der-baustelle-des-neuen-feuerwehrgeraetehauses-paulinenaue\/grundstein-2025-3\/'><img decoding=\"async\" width=\"150\" height=\"150\" src=\"https:\/\/paulinenaue.info\/wp-content\/uploads\/2025\/07\/Grundstein-2025-3-150x150.jpg\" class=\"attachment-thumbnail size-thumbnail lazyload\" alt=\"\" srcset=\"data:image\/svg+xml,%3Csvg%20xmlns%3D%27http%3A%2F%2Fwww.w3.org%2F2000%2Fsvg%27%20width%3D%271920%27%20height%3D%271080%27%20viewBox%3D%270%200%201920%201080%27%3E%3Crect%20width%3D%271920%27%20height%3D%271080%27%20fill-opacity%3D%220%22%2F%3E%3C%2Fsvg%3E\" data-orig-src=\"https:\/\/paulinenaue.info\/wp-content\/uploads\/2025\/07\/Grundstein-2025-3-150x150.jpg\" data-srcset=\"https:\/\/paulinenaue.info\/wp-content\/uploads\/2025\/07\/Grundstein-2025-3-66x66.jpg 66w, https:\/\/paulinenaue.info\/wp-content\/uploads\/2025\/07\/Grundstein-2025-3-150x150.jpg 150w\" data-sizes=\"auto\" data-attachment-id=\"418189\" data-permalink=\"https:\/\/paulinenaue.info\/index.php\/grundsteinlegung-auf-der-baustelle-des-neuen-feuerwehrgeraetehauses-paulinenaue\/grundstein-2025-3\/\" data-orig-file=\"https:\/\/paulinenaue.info\/wp-content\/uploads\/2025\/07\/Grundstein-2025-3.jpg\" data-orig-size=\"1920,1080\" data-comments-opened=\"1\" data-image-meta=\"{&quot;aperture&quot;:&quot;4.5&quot;,&quot;credit&quot;:&quot;Eberhard H.Schwarz&quot;,&quot;camera&quot;:&quot;DSC-RX10M3&quot;,&quot;caption&quot;:&quot;&quot;,&quot;created_timestamp&quot;:&quot;1751552648&quot;,&quot;copyright&quot;:&quot;mail@eberhardschwarz.de&quot;,&quot;focal_length&quot;:&quot;8.8&quot;,&quot;iso&quot;:&quot;100&quot;,&quot;shutter_speed&quot;:&quot;0.001&quot;,&quot;title&quot;:&quot;&quot;,&quot;orientation&quot;:&quot;1&quot;}\" data-image-title=\"Grundstein 2025-3\" data-image-description=\"\" data-image-caption=\"\" data-large-file=\"https:\/\/paulinenaue.info\/wp-content\/uploads\/2025\/07\/Grundstein-2025-3-1024x576.jpg\" \/><\/a>\n\t\t\t<\/dt><\/dl><br style=\"clear: both\" \/>\n\t\t<\/div>\n\n","protected":false},"excerpt":{"rendered":"<p>Text und Bilder Eberhard Schwarz &nbsp; Am 03.07.2025 fand auf [&hellip;]<\/p>\n","protected":false},"author":3,"featured_media":418188,"comment_status":"open","ping_status":"open","sticky":false,"template":"","format":"standard","meta":{"_acf_changed":false,"_price":"","_stock":"","_tribe_ticket_header":"","_tribe_default_ticket_provider":"","_tribe_ticket_capacity":"0","_ticket_start_date":"","_ticket_end_date":"","_tribe_ticket_show_description":"","_tribe_ticket_show_not_going":false,"_tribe_ticket_use_global_stock":"","_tribe_ticket_global_stock_level":"","_global_stock_mode":"","_global_stock_cap":"","_tribe_rsvp_for_event":"","_tribe_ticket_going_count":"","_tribe_ticket_not_going_count":"","_tribe_tickets_list":"[]","_tribe_ticket_has_attendee_info_fields":false,"jetpack_post_was_ever_published":false,"_jetpack_newsletter_access":"","_jetpack_dont_email_post_to_subs":false,"_jetpack_newsletter_tier_id":0,"_jetpack_memberships_contains_paywalled_content":false,"_jetpack_memberships_contains_paid_content":false,"footnotes":"","jetpack_publicize_message":"","jetpack_publicize_feature_enabled":true,"jetpack_social_post_already_shared":true,"jetpack_social_options":{"image_generator_settings":{"template":"highway","default_image_id":0,"font":"","enabled":false},"version":2}},"categories":[40,16,9],"tags":[17,548,632],"class_list":["post-418186","post","type-post","status-publish","format-standard","has-post-thumbnail","hentry","category-dorfentwicklung","category-feuerwehr","category-neuigkeiten","tag-feuerwehr","tag-feuerwehrdepot","tag-grundsteinlegung"],"acf":[],"yoast_head":"<!-- This site is optimized with the Yoast SEO plugin v27.5 - https:\/\/yoast.com\/product\/yoast-seo-wordpress\/ -->\n<title>Grundsteinlegung auf der Baustelle des neuen Feuerwehrger\u00e4tehauses Paulinenaue - Paulinenaue<\/title>\n<meta name=\"robots\" content=\"index, follow, max-snippet:-1, max-image-preview:large, max-video-preview:-1\" \/>\n<link rel=\"canonical\" href=\"https:\/\/paulinenaue.info\/index.php\/grundsteinlegung-auf-der-baustelle-des-neuen-feuerwehrgeraetehauses-paulinenaue\/\" \/>\n<meta property=\"og:locale\" content=\"de_DE\" \/>\n<meta property=\"og:type\" content=\"article\" \/>\n<meta property=\"og:title\" content=\"Grundsteinlegung auf der Baustelle des neuen Feuerwehrger\u00e4tehauses Paulinenaue - Paulinenaue\" \/>\n<meta property=\"og:description\" content=\"Text und Bilder Eberhard Schwarz &nbsp; Am 03.07.2025 fand auf [&hellip;]\" \/>\n<meta property=\"og:url\" content=\"https:\/\/paulinenaue.info\/index.php\/grundsteinlegung-auf-der-baustelle-des-neuen-feuerwehrgeraetehauses-paulinenaue\/\" \/>\n<meta property=\"og:site_name\" content=\"Paulinenaue\" \/>\n<meta property=\"article:published_time\" content=\"2025-07-08T17:00:57+00:00\" \/>\n<meta property=\"og:image\" content=\"https:\/\/paulinenaue.info\/wp-content\/uploads\/2025\/07\/Grundstein-2025-2.jpg\" \/>\n\t<meta property=\"og:image:width\" content=\"1920\" \/>\n\t<meta property=\"og:image:height\" content=\"1080\" \/>\n\t<meta property=\"og:image:type\" content=\"image\/jpeg\" \/>\n<meta name=\"author\" content=\"Sarah\" \/>\n<meta name=\"twitter:card\" content=\"summary_large_image\" \/>\n<meta name=\"twitter:label1\" content=\"Verfasst von\" \/>\n\t<meta name=\"twitter:data1\" content=\"Sarah\" \/>\n\t<meta name=\"twitter:label2\" content=\"Gesch\u00e4tzte Lesezeit\" \/>\n\t<meta name=\"twitter:data2\" content=\"2\u00a0Minuten\" \/>\n<script type=\"application\/ld+json\" class=\"yoast-schema-graph\">{\"@context\":\"https:\\\/\\\/schema.org\",\"@graph\":[{\"@type\":\"Article\",\"@id\":\"https:\\\/\\\/paulinenaue.info\\\/index.php\\\/grundsteinlegung-auf-der-baustelle-des-neuen-feuerwehrgeraetehauses-paulinenaue\\\/#article\",\"isPartOf\":{\"@id\":\"https:\\\/\\\/paulinenaue.info\\\/index.php\\\/grundsteinlegung-auf-der-baustelle-des-neuen-feuerwehrgeraetehauses-paulinenaue\\\/\"},\"author\":{\"name\":\"Sarah\",\"@id\":\"https:\\\/\\\/paulinenaue.info\\\/#\\\/schema\\\/person\\\/e5be566a57b5b3f65d2c65a58c42325e\"},\"headline\":\"Grundsteinlegung auf der Baustelle des neuen Feuerwehrger\u00e4tehauses Paulinenaue\",\"datePublished\":\"2025-07-08T17:00:57+00:00\",\"mainEntityOfPage\":{\"@id\":\"https:\\\/\\\/paulinenaue.info\\\/index.php\\\/grundsteinlegung-auf-der-baustelle-des-neuen-feuerwehrgeraetehauses-paulinenaue\\\/\"},\"wordCount\":311,\"commentCount\":0,\"image\":{\"@id\":\"https:\\\/\\\/paulinenaue.info\\\/index.php\\\/grundsteinlegung-auf-der-baustelle-des-neuen-feuerwehrgeraetehauses-paulinenaue\\\/#primaryimage\"},\"thumbnailUrl\":\"https:\\\/\\\/paulinenaue.info\\\/wp-content\\\/uploads\\\/2025\\\/07\\\/Grundstein-2025-2.jpg\",\"keywords\":[\"Feuerwehr\",\"Feuerwehrdepot\",\"Grundsteinlegung\"],\"articleSection\":[\"Dorfentwicklung\",\"Feuerwehr\",\"Neuigkeiten\"],\"inLanguage\":\"de\",\"potentialAction\":[{\"@type\":\"CommentAction\",\"name\":\"Comment\",\"target\":[\"https:\\\/\\\/paulinenaue.info\\\/index.php\\\/grundsteinlegung-auf-der-baustelle-des-neuen-feuerwehrgeraetehauses-paulinenaue\\\/#respond\"]}]},{\"@type\":\"WebPage\",\"@id\":\"https:\\\/\\\/paulinenaue.info\\\/index.php\\\/grundsteinlegung-auf-der-baustelle-des-neuen-feuerwehrgeraetehauses-paulinenaue\\\/\",\"url\":\"https:\\\/\\\/paulinenaue.info\\\/index.php\\\/grundsteinlegung-auf-der-baustelle-des-neuen-feuerwehrgeraetehauses-paulinenaue\\\/\",\"name\":\"Grundsteinlegung auf der Baustelle des neuen Feuerwehrger\u00e4tehauses Paulinenaue - Paulinenaue\",\"isPartOf\":{\"@id\":\"https:\\\/\\\/paulinenaue.info\\\/#website\"},\"primaryImageOfPage\":{\"@id\":\"https:\\\/\\\/paulinenaue.info\\\/index.php\\\/grundsteinlegung-auf-der-baustelle-des-neuen-feuerwehrgeraetehauses-paulinenaue\\\/#primaryimage\"},\"image\":{\"@id\":\"https:\\\/\\\/paulinenaue.info\\\/index.php\\\/grundsteinlegung-auf-der-baustelle-des-neuen-feuerwehrgeraetehauses-paulinenaue\\\/#primaryimage\"},\"thumbnailUrl\":\"https:\\\/\\\/paulinenaue.info\\\/wp-content\\\/uploads\\\/2025\\\/07\\\/Grundstein-2025-2.jpg\",\"datePublished\":\"2025-07-08T17:00:57+00:00\",\"author\":{\"@id\":\"https:\\\/\\\/paulinenaue.info\\\/#\\\/schema\\\/person\\\/e5be566a57b5b3f65d2c65a58c42325e\"},\"breadcrumb\":{\"@id\":\"https:\\\/\\\/paulinenaue.info\\\/index.php\\\/grundsteinlegung-auf-der-baustelle-des-neuen-feuerwehrgeraetehauses-paulinenaue\\\/#breadcrumb\"},\"inLanguage\":\"de\",\"potentialAction\":[{\"@type\":\"ReadAction\",\"target\":[\"https:\\\/\\\/paulinenaue.info\\\/index.php\\\/grundsteinlegung-auf-der-baustelle-des-neuen-feuerwehrgeraetehauses-paulinenaue\\\/\"]}]},{\"@type\":\"ImageObject\",\"inLanguage\":\"de\",\"@id\":\"https:\\\/\\\/paulinenaue.info\\\/index.php\\\/grundsteinlegung-auf-der-baustelle-des-neuen-feuerwehrgeraetehauses-paulinenaue\\\/#primaryimage\",\"url\":\"https:\\\/\\\/paulinenaue.info\\\/wp-content\\\/uploads\\\/2025\\\/07\\\/Grundstein-2025-2.jpg\",\"contentUrl\":\"https:\\\/\\\/paulinenaue.info\\\/wp-content\\\/uploads\\\/2025\\\/07\\\/Grundstein-2025-2.jpg\",\"width\":1920,\"height\":1080},{\"@type\":\"BreadcrumbList\",\"@id\":\"https:\\\/\\\/paulinenaue.info\\\/index.php\\\/grundsteinlegung-auf-der-baustelle-des-neuen-feuerwehrgeraetehauses-paulinenaue\\\/#breadcrumb\",\"itemListElement\":[{\"@type\":\"ListItem\",\"position\":1,\"name\":\"Home\",\"item\":\"https:\\\/\\\/paulinenaue.info\\\/\"},{\"@type\":\"ListItem\",\"position\":2,\"name\":\"Grundsteinlegung auf der Baustelle des neuen Feuerwehrger\u00e4tehauses Paulinenaue\"}]},{\"@type\":\"WebSite\",\"@id\":\"https:\\\/\\\/paulinenaue.info\\\/#website\",\"url\":\"https:\\\/\\\/paulinenaue.info\\\/\",\"name\":\"Paulinenaue\",\"description\":\"Ein Dorf im Havelland\",\"potentialAction\":[{\"@type\":\"SearchAction\",\"target\":{\"@type\":\"EntryPoint\",\"urlTemplate\":\"https:\\\/\\\/paulinenaue.info\\\/?s={search_term_string}\"},\"query-input\":{\"@type\":\"PropertyValueSpecification\",\"valueRequired\":true,\"valueName\":\"search_term_string\"}}],\"inLanguage\":\"de\"},{\"@type\":\"Person\",\"@id\":\"https:\\\/\\\/paulinenaue.info\\\/#\\\/schema\\\/person\\\/e5be566a57b5b3f65d2c65a58c42325e\",\"name\":\"Sarah\",\"url\":\"https:\\\/\\\/paulinenaue.info\\\/index.php\\\/author\\\/sarah\\\/\"}]}<\/script>\n<!-- \/ Yoast SEO plugin. -->","yoast_head_json":{"title":"Grundsteinlegung auf der Baustelle des neuen Feuerwehrger\u00e4tehauses Paulinenaue - Paulinenaue","robots":{"index":"index","follow":"follow","max-snippet":"max-snippet:-1","max-image-preview":"max-image-preview:large","max-video-preview":"max-video-preview:-1"},"canonical":"https:\/\/paulinenaue.info\/index.php\/grundsteinlegung-auf-der-baustelle-des-neuen-feuerwehrgeraetehauses-paulinenaue\/","og_locale":"de_DE","og_type":"article","og_title":"Grundsteinlegung auf der Baustelle des neuen Feuerwehrger\u00e4tehauses Paulinenaue - Paulinenaue","og_description":"Text und Bilder Eberhard Schwarz &nbsp; Am 03.07.2025 fand auf [&hellip;]","og_url":"https:\/\/paulinenaue.info\/index.php\/grundsteinlegung-auf-der-baustelle-des-neuen-feuerwehrgeraetehauses-paulinenaue\/","og_site_name":"Paulinenaue","article_published_time":"2025-07-08T17:00:57+00:00","og_image":[{"width":1920,"height":1080,"url":"https:\/\/paulinenaue.info\/wp-content\/uploads\/2025\/07\/Grundstein-2025-2.jpg","type":"image\/jpeg"}],"author":"Sarah","twitter_card":"summary_large_image","twitter_misc":{"Verfasst von":"Sarah","Gesch\u00e4tzte Lesezeit":"2\u00a0Minuten"},"schema":{"@context":"https:\/\/schema.org","@graph":[{"@type":"Article","@id":"https:\/\/paulinenaue.info\/index.php\/grundsteinlegung-auf-der-baustelle-des-neuen-feuerwehrgeraetehauses-paulinenaue\/#article","isPartOf":{"@id":"https:\/\/paulinenaue.info\/index.php\/grundsteinlegung-auf-der-baustelle-des-neuen-feuerwehrgeraetehauses-paulinenaue\/"},"author":{"name":"Sarah","@id":"https:\/\/paulinenaue.info\/#\/schema\/person\/e5be566a57b5b3f65d2c65a58c42325e"},"headline":"Grundsteinlegung auf der Baustelle des neuen Feuerwehrger\u00e4tehauses Paulinenaue","datePublished":"2025-07-08T17:00:57+00:00","mainEntityOfPage":{"@id":"https:\/\/paulinenaue.info\/index.php\/grundsteinlegung-auf-der-baustelle-des-neuen-feuerwehrgeraetehauses-paulinenaue\/"},"wordCount":311,"commentCount":0,"image":{"@id":"https:\/\/paulinenaue.info\/index.php\/grundsteinlegung-auf-der-baustelle-des-neuen-feuerwehrgeraetehauses-paulinenaue\/#primaryimage"},"thumbnailUrl":"https:\/\/paulinenaue.info\/wp-content\/uploads\/2025\/07\/Grundstein-2025-2.jpg","keywords":["Feuerwehr","Feuerwehrdepot","Grundsteinlegung"],"articleSection":["Dorfentwicklung","Feuerwehr","Neuigkeiten"],"inLanguage":"de","potentialAction":[{"@type":"CommentAction","name":"Comment","target":["https:\/\/paulinenaue.info\/index.php\/grundsteinlegung-auf-der-baustelle-des-neuen-feuerwehrgeraetehauses-paulinenaue\/#respond"]}]},{"@type":"WebPage","@id":"https:\/\/paulinenaue.info\/index.php\/grundsteinlegung-auf-der-baustelle-des-neuen-feuerwehrgeraetehauses-paulinenaue\/","url":"https:\/\/paulinenaue.info\/index.php\/grundsteinlegung-auf-der-baustelle-des-neuen-feuerwehrgeraetehauses-paulinenaue\/","name":"Grundsteinlegung auf der Baustelle des neuen Feuerwehrger\u00e4tehauses Paulinenaue - Paulinenaue","isPartOf":{"@id":"https:\/\/paulinenaue.info\/#website"},"primaryImageOfPage":{"@id":"https:\/\/paulinenaue.info\/index.php\/grundsteinlegung-auf-der-baustelle-des-neuen-feuerwehrgeraetehauses-paulinenaue\/#primaryimage"},"image":{"@id":"https:\/\/paulinenaue.info\/index.php\/grundsteinlegung-auf-der-baustelle-des-neuen-feuerwehrgeraetehauses-paulinenaue\/#primaryimage"},"thumbnailUrl":"https:\/\/paulinenaue.info\/wp-content\/uploads\/2025\/07\/Grundstein-2025-2.jpg","datePublished":"2025-07-08T17:00:57+00:00","author":{"@id":"https:\/\/paulinenaue.info\/#\/schema\/person\/e5be566a57b5b3f65d2c65a58c42325e"},"breadcrumb":{"@id":"https:\/\/paulinenaue.info\/index.php\/grundsteinlegung-auf-der-baustelle-des-neuen-feuerwehrgeraetehauses-paulinenaue\/#breadcrumb"},"inLanguage":"de","potentialAction":[{"@type":"ReadAction","target":["https:\/\/paulinenaue.info\/index.php\/grundsteinlegung-auf-der-baustelle-des-neuen-feuerwehrgeraetehauses-paulinenaue\/"]}]},{"@type":"ImageObject","inLanguage":"de","@id":"https:\/\/paulinenaue.info\/index.php\/grundsteinlegung-auf-der-baustelle-des-neuen-feuerwehrgeraetehauses-paulinenaue\/#primaryimage","url":"https:\/\/paulinenaue.info\/wp-content\/uploads\/2025\/07\/Grundstein-2025-2.jpg","contentUrl":"https:\/\/paulinenaue.info\/wp-content\/uploads\/2025\/07\/Grundstein-2025-2.jpg","width":1920,"height":1080},{"@type":"BreadcrumbList","@id":"https:\/\/paulinenaue.info\/index.php\/grundsteinlegung-auf-der-baustelle-des-neuen-feuerwehrgeraetehauses-paulinenaue\/#breadcrumb","itemListElement":[{"@type":"ListItem","position":1,"name":"Home","item":"https:\/\/paulinenaue.info\/"},{"@type":"ListItem","position":2,"name":"Grundsteinlegung auf der Baustelle des neuen Feuerwehrger\u00e4tehauses Paulinenaue"}]},{"@type":"WebSite","@id":"https:\/\/paulinenaue.info\/#website","url":"https:\/\/paulinenaue.info\/","name":"Paulinenaue","description":"Ein Dorf im Havelland","potentialAction":[{"@type":"SearchAction","target":{"@type":"EntryPoint","urlTemplate":"https:\/\/paulinenaue.info\/?s={search_term_string}"},"query-input":{"@type":"PropertyValueSpecification","valueRequired":true,"valueName":"search_term_string"}}],"inLanguage":"de"},{"@type":"Person","@id":"https:\/\/paulinenaue.info\/#\/schema\/person\/e5be566a57b5b3f65d2c65a58c42325e","name":"Sarah","url":"https:\/\/paulinenaue.info\/index.php\/author\/sarah\/"}]}},"jetpack_publicize_connections":[],"jetpack_featured_media_url":"https:\/\/paulinenaue.info\/wp-content\/uploads\/2025\/07\/Grundstein-2025-2.jpg","jetpack_sharing_enabled":true,"jetpack_shortlink":"https:\/\/wp.me\/pcYhWA-1KMW","jetpack-related-posts":[{"id":416540,"url":"https:\/\/paulinenaue.info\/index.php\/foerdermittelscheck-an-die-freiwillige-feuerwehr-ueberreicht\/","url_meta":{"origin":418186,"position":0},"title":"F\u00f6rdermittelscheck an die Freiwillige Feuerwehr \u00fcberreicht","author":"Sarah","date":"14. Juni 2024","format":false,"excerpt":"","rel":"","context":"In &quot;Feuerwehr&quot;","block_context":{"text":"Feuerwehr","link":"https:\/\/paulinenaue.info\/index.php\/category\/feuerwehr\/"},"img":{"alt_text":"","src":"https:\/\/i0.wp.com\/paulinenaue.info\/wp-content\/uploads\/2024\/06\/IMG_2914-1-klein-scaled.jpg?resize=350%2C200&ssl=1","width":350,"height":200,"srcset":"https:\/\/i0.wp.com\/paulinenaue.info\/wp-content\/uploads\/2024\/06\/IMG_2914-1-klein-scaled.jpg?resize=350%2C200&ssl=1 1x, https:\/\/i0.wp.com\/paulinenaue.info\/wp-content\/uploads\/2024\/06\/IMG_2914-1-klein-scaled.jpg?resize=525%2C300&ssl=1 1.5x, https:\/\/i0.wp.com\/paulinenaue.info\/wp-content\/uploads\/2024\/06\/IMG_2914-1-klein-scaled.jpg?resize=700%2C400&ssl=1 2x, https:\/\/i0.wp.com\/paulinenaue.info\/wp-content\/uploads\/2024\/06\/IMG_2914-1-klein-scaled.jpg?resize=1050%2C600&ssl=1 3x, https:\/\/i0.wp.com\/paulinenaue.info\/wp-content\/uploads\/2024\/06\/IMG_2914-1-klein-scaled.jpg?resize=1400%2C800&ssl=1 4x"},"classes":[]},{"id":143058,"url":"https:\/\/paulinenaue.info\/index.php\/erfolgreicher-dorfputz\/","url_meta":{"origin":418186,"position":1},"title":"Erfolgreicher Dorfputz","author":"Sarah","date":"26. April 2022","format":false,"excerpt":"","rel":"","context":"In &quot;Gemeinde Paulinenaue&quot;","block_context":{"text":"Gemeinde Paulinenaue","link":"https:\/\/paulinenaue.info\/index.php\/category\/gemeinde-paulinenaue\/"},"img":{"alt_text":"","src":"https:\/\/i0.wp.com\/paulinenaue.info\/wp-content\/uploads\/2022\/04\/IMG-20220409-WA0000.jpg?resize=350%2C200&ssl=1","width":350,"height":200,"srcset":"https:\/\/i0.wp.com\/paulinenaue.info\/wp-content\/uploads\/2022\/04\/IMG-20220409-WA0000.jpg?resize=350%2C200&ssl=1 1x, https:\/\/i0.wp.com\/paulinenaue.info\/wp-content\/uploads\/2022\/04\/IMG-20220409-WA0000.jpg?resize=525%2C300&ssl=1 1.5x, https:\/\/i0.wp.com\/paulinenaue.info\/wp-content\/uploads\/2022\/04\/IMG-20220409-WA0000.jpg?resize=700%2C400&ssl=1 2x"},"classes":[]},{"id":4825,"url":"https:\/\/paulinenaue.info\/index.php\/wahltag\/","url_meta":{"origin":418186,"position":2},"title":"Spannender Wahlabend in Paulinenaue","author":"Joachim Scholz","date":"26. Mai 2019","format":false,"excerpt":"Arne Breder wird neuer Paulinenauer B\u00fcrgermeister 21.42 Uhr: Arne Breder wird Paulinenaues B\u00fcrgermeister. Aus dem Paulinenauer Wahllokal wird bekannt, dass Arne Breder mit deutlichem Abstand vor Gabriele Hentschel und noch einmal gro\u00dfem Abstand vor Tino M\u00fcller sowohl das Paulinenauer als auch das Selbelanger Wahllokal erobert hat. In Paulinenaue erh\u00e4lt Arne\u2026","rel":"","context":"In &quot;Hier Zuhause&quot;","block_context":{"text":"Hier Zuhause","link":"https:\/\/paulinenaue.info\/index.php\/category\/hier-zuhause\/"},"img":{"alt_text":"","src":"https:\/\/i0.wp.com\/paulinenaue.info\/wp-content\/uploads\/2019\/05\/DSC01989.jpg?resize=350%2C200&ssl=1","width":350,"height":200,"srcset":"https:\/\/i0.wp.com\/paulinenaue.info\/wp-content\/uploads\/2019\/05\/DSC01989.jpg?resize=350%2C200&ssl=1 1x, https:\/\/i0.wp.com\/paulinenaue.info\/wp-content\/uploads\/2019\/05\/DSC01989.jpg?resize=525%2C300&ssl=1 1.5x, https:\/\/i0.wp.com\/paulinenaue.info\/wp-content\/uploads\/2019\/05\/DSC01989.jpg?resize=700%2C400&ssl=1 2x"},"classes":[]},{"id":4783,"url":"https:\/\/paulinenaue.info\/index.php\/zum-90-geburtstag-feuerwehrfest-auf-dem-grossen-sportplatz\/","url_meta":{"origin":418186,"position":3},"title":"Zum 90. Geburtstag \u2013\u00a0Feuerwehrfest auf dem Gro\u00dfen Sportplatz","author":"Joachim Scholz","date":"18. Mai 2019","format":false,"excerpt":"Auf dem Gro\u00dfen Sportplatz feierte am Samstag die Paulinenauer Freiwillige Feuerwehr mit den Einwohnerinnen und Einwohnern von Paulinenaue und den Vertretern der anderen Wehren des Amtes Friesack ihren 90. Geburtstag. Mit einem festlichen Umzug durchs Dorf hatte alles schon am Vormittag begonnen. Horst Heinze, mit dem ich sprach, schw\u00e4rmte. Der\u2026","rel":"","context":"In &quot;Feuerwehr&quot;","block_context":{"text":"Feuerwehr","link":"https:\/\/paulinenaue.info\/index.php\/category\/feuerwehr\/"},"img":{"alt_text":"","src":"https:\/\/i0.wp.com\/paulinenaue.info\/wp-content\/uploads\/2019\/05\/DSC01257.jpg?resize=350%2C200&ssl=1","width":350,"height":200,"srcset":"https:\/\/i0.wp.com\/paulinenaue.info\/wp-content\/uploads\/2019\/05\/DSC01257.jpg?resize=350%2C200&ssl=1 1x, https:\/\/i0.wp.com\/paulinenaue.info\/wp-content\/uploads\/2019\/05\/DSC01257.jpg?resize=525%2C300&ssl=1 1.5x, https:\/\/i0.wp.com\/paulinenaue.info\/wp-content\/uploads\/2019\/05\/DSC01257.jpg?resize=700%2C400&ssl=1 2x"},"classes":[]},{"id":416434,"url":"https:\/\/paulinenaue.info\/index.php\/vor-der-wahl-befragt-buergermeister-arne-breder\/","url_meta":{"origin":418186,"position":4},"title":"Vor der Wahl befragt: B\u00fcrgermeister Arne Breder","author":"Joachim Scholz","date":"6. Juni 2024","format":false,"excerpt":"Bei der Kommunalwahl im Jahr 2019 schied Paulinenaues langj\u00e4hriger B\u00fcrgermeister Erhard Hesse aus dem Amt. Ein Nachfolger musste gefunden werden. Mit gro\u00dfer Mehrheit ist damals Arne Breder zum B\u00fcrgermeister von Paulinenaue und Selbelang gew\u00e4hlt worden. Breder (geb. 1978), der vor seiner Wahl bereits als Leiter einer caritativen Einrichtung sowie als\u2026","rel":"","context":"In &quot;Allgemein&quot;","block_context":{"text":"Allgemein","link":"https:\/\/paulinenaue.info\/index.php\/category\/allgemein\/"},"img":{"alt_text":"","src":"https:\/\/i0.wp.com\/paulinenaue.info\/wp-content\/uploads\/2024\/06\/2021-10-03-Arne-Breder.jpeg?resize=350%2C200&ssl=1","width":350,"height":200,"srcset":"https:\/\/i0.wp.com\/paulinenaue.info\/wp-content\/uploads\/2024\/06\/2021-10-03-Arne-Breder.jpeg?resize=350%2C200&ssl=1 1x, https:\/\/i0.wp.com\/paulinenaue.info\/wp-content\/uploads\/2024\/06\/2021-10-03-Arne-Breder.jpeg?resize=525%2C300&ssl=1 1.5x, https:\/\/i0.wp.com\/paulinenaue.info\/wp-content\/uploads\/2024\/06\/2021-10-03-Arne-Breder.jpeg?resize=700%2C400&ssl=1 2x"},"classes":[]},{"id":419441,"url":"https:\/\/paulinenaue.info\/index.php\/feuerwehruebung-am-paulinenauer-schloss\/","url_meta":{"origin":418186,"position":5},"title":"Feuerwehr\u00fcbung am Paulinenauer Schloss","author":"Joachim Scholz","date":"22. Februar 2014","format":false,"excerpt":"Text: Arne Breder, Fotos: Eberhard Schwarz Am Samstag, dem 22.02.2014 trafen sich die Wehren Retzow, Friesack, Selbelang und Paulinenaue, um sich die \u00d6rtlichkeiten der vom Pflegedienst Begemann betriebenen Einrichtungen genauer anzusehen. Es gab viele Fragen zu beleuchten. Wo bringen wir die Drehleiter in Stellung? Wo sind L\u00f6schwasserentnahmestellen? Wie und wo\u2026","rel":"","context":"In &quot;Ehrenamt&quot;","block_context":{"text":"Ehrenamt","link":"https:\/\/paulinenaue.info\/index.php\/category\/ehrenamt\/"},"img":{"alt_text":"","src":"https:\/\/i0.wp.com\/paulinenaue.info\/wp-content\/uploads\/2026\/04\/2014-002-22-Feuerwehruebung-05.jpeg?resize=350%2C200&ssl=1","width":350,"height":200,"srcset":"https:\/\/i0.wp.com\/paulinenaue.info\/wp-content\/uploads\/2026\/04\/2014-002-22-Feuerwehruebung-05.jpeg?resize=350%2C200&ssl=1 1x, https:\/\/i0.wp.com\/paulinenaue.info\/wp-content\/uploads\/2026\/04\/2014-002-22-Feuerwehruebung-05.jpeg?resize=525%2C300&ssl=1 1.5x, https:\/\/i0.wp.com\/paulinenaue.info\/wp-content\/uploads\/2026\/04\/2014-002-22-Feuerwehruebung-05.jpeg?resize=700%2C400&ssl=1 2x"},"classes":[]}],"_links":{"self":[{"href":"https:\/\/paulinenaue.info\/index.php\/wp-json\/wp\/v2\/posts\/418186","targetHints":{"allow":["GET"]}}],"collection":[{"href":"https:\/\/paulinenaue.info\/index.php\/wp-json\/wp\/v2\/posts"}],"about":[{"href":"https:\/\/paulinenaue.info\/index.php\/wp-json\/wp\/v2\/types\/post"}],"author":[{"embeddable":true,"href":"https:\/\/paulinenaue.info\/index.php\/wp-json\/wp\/v2\/users\/3"}],"replies":[{"embeddable":true,"href":"https:\/\/paulinenaue.info\/index.php\/wp-json\/wp\/v2\/comments?post=418186"}],"version-history":[{"count":1,"href":"https:\/\/paulinenaue.info\/index.php\/wp-json\/wp\/v2\/posts\/418186\/revisions"}],"predecessor-version":[{"id":418190,"href":"https:\/\/paulinenaue.info\/index.php\/wp-json\/wp\/v2\/posts\/418186\/revisions\/418190"}],"wp:featuredmedia":[{"embeddable":true,"href":"https:\/\/paulinenaue.info\/index.php\/wp-json\/wp\/v2\/media\/418188"}],"wp:attachment":[{"href":"https:\/\/paulinenaue.info\/index.php\/wp-json\/wp\/v2\/media?parent=418186"}],"wp:term":[{"taxonomy":"category","embeddable":true,"href":"https:\/\/paulinenaue.info\/index.php\/wp-json\/wp\/v2\/categories?post=418186"},{"taxonomy":"post_tag","embeddable":true,"href":"https:\/\/paulinenaue.info\/index.php\/wp-json\/wp\/v2\/tags?post=418186"}],"curies":[{"name":"wp","href":"https:\/\/api.w.org\/{rel}","templated":true}]}}