{"id":418201,"date":"2025-07-16T08:14:04","date_gmt":"2025-07-16T06:14:04","guid":{"rendered":"https:\/\/paulinenaue.info\/?p=418201"},"modified":"2025-07-16T08:14:04","modified_gmt":"2025-07-16T06:14:04","slug":"regen-egal-das-paulinenauer-dorffest-2025-trotzt-dem-wetter","status":"publish","type":"post","link":"https:\/\/paulinenaue.info\/index.php\/regen-egal-das-paulinenauer-dorffest-2025-trotzt-dem-wetter\/","title":{"rendered":"Regen? Egal! \u2013 Das Paulinenauer Dorffest 2025 trotzt dem Wetter"},"content":{"rendered":"<p><em>\u00a0von Florian Tietz<\/em><\/p>\n<p>Wer dachte, Regen k\u00f6nnte die Paulinenauer Laune tr\u00fcben, wurde am 12. Juli eines Besseren belehrt. Ab 14 Uhr hie\u00df es: \u201eSchirm auf, Stimmung an!\u201c \u2013 und das trotz echter Wasserspiele von oben. Klar, die H\u00fcpfburg musste leider im Trockenen bleiben, aber die Kinder? Die waren nicht zu bremsen! Ob mit Ball oder Clown \u2013 sie machten das Beste draus. Und Clown Celly? Der gab alles, als w\u00e4re blauer Himmel bestellt gewesen.<\/p>\n<p class=\"jetpack-slideshow-noscript robots-nocontent\">Diese Diashow ben\u00f6tigt JavaScript.<\/p><div id=\"gallery-418201-1-slideshow\" class=\"jetpack-slideshow-window jetpack-slideshow jetpack-slideshow-black\" data-trans=\"fade\" data-autostart=\"1\" data-gallery=\"[{&quot;src&quot;:&quot;https:\\\/\\\/paulinenaue.info\\\/wp-content\\\/uploads\\\/2025\\\/07\\\/2025-07-12-Sommerfest-01.jpeg&quot;,&quot;id&quot;:&quot;418206&quot;,&quot;title&quot;:&quot;2025-07-12, Sommerfest, 01&quot;,&quot;alt&quot;:&quot;&quot;,&quot;caption&quot;:&quot;&quot;,&quot;itemprop&quot;:&quot;image&quot;},{&quot;src&quot;:&quot;https:\\\/\\\/paulinenaue.info\\\/wp-content\\\/uploads\\\/2025\\\/07\\\/DSC08943.jpeg&quot;,&quot;id&quot;:&quot;418204&quot;,&quot;title&quot;:&quot;DSC08943&quot;,&quot;alt&quot;:&quot;&quot;,&quot;caption&quot;:&quot;&quot;,&quot;itemprop&quot;:&quot;image&quot;},{&quot;src&quot;:&quot;https:\\\/\\\/paulinenaue.info\\\/wp-content\\\/uploads\\\/2025\\\/07\\\/DSC08941.jpeg&quot;,&quot;id&quot;:&quot;418203&quot;,&quot;title&quot;:&quot;DSC08941&quot;,&quot;alt&quot;:&quot;&quot;,&quot;caption&quot;:&quot;&quot;,&quot;itemprop&quot;:&quot;image&quot;},{&quot;src&quot;:&quot;https:\\\/\\\/paulinenaue.info\\\/wp-content\\\/uploads\\\/2025\\\/07\\\/DSC08939.jpeg&quot;,&quot;id&quot;:&quot;418207&quot;,&quot;title&quot;:&quot;DSC08939&quot;,&quot;alt&quot;:&quot;&quot;,&quot;caption&quot;:&quot;&quot;,&quot;itemprop&quot;:&quot;image&quot;}]\" itemscope itemtype=\"https:\/\/schema.org\/ImageGallery\"><\/div>\n<p>Auch musikalisch wurde einiges geboten: Die Band \u201eDauerwelle Wasserstoff\u201c rockte das Waldstadion \u2013 und brachte mit viel Energie und guter Laune auch die letzten nassen Socken zum Wippen. Wer da nicht da war, hat wirklich was verpasst. Zwischendurch versorgten uns Uwe und Felix Kr\u00fcger mit feinster Musik aus der Discothek \u201enon stop\u201c \u2013 ein Soundtrack f\u00fcr jedes Wetter!<\/p>\n<p>Kulinarisch? Ein Gedicht! Die Angler servierten Fischbr\u00f6tchen und R\u00e4ucherfisch, am neuen Grill der Sportler brutzelte es perfekt, und in der K\u00fcche zauberten zwei Feen Pulled Pork Burger und Pilzpfanne. Waffeln vom Schulf\u00f6rderverein, Kuchen vom Kitaverein \u2013 sogar die Tupperdosen kamen zum Einsatz. Ein besseres Kompliment kann man den helfenden Vereinen wohl nicht machen.<\/p>\n<p>Die Pauerfrauen sorgten mit mehreren Sorten Bowle f\u00fcr beschwingte Gespr\u00e4che, w\u00e4hrend die Feuerwehr am Bierwagen gef\u00fchlt das Epizentrum des Festes betrieb. Es wurde geschnackt, gelacht und auf das Leben angesto\u00dfen \u2013 unter Pavillons, Zelten und improvisierten \u00dcberdachungen, die viele spontan beisteuerten. Chapeau f\u00fcr so viel Zusammenhalt!<\/p>\n<p>Ein weiteres Highlight war die Tombola \u2013 mit gro\u00dfz\u00fcgigen Preisen und noch gro\u00dfz\u00fcgigeren Spendern. Der Erl\u00f6s? Das Startkapital f\u00fcr 2026. Und wenn der Abend eines gezeigt hat, dann: Dieses Dorf kann feiern \u2013 mit Herz, Humor und Gummistiefeln.<\/p>\n<p>Danke an alle, die dabei waren, mitgeholfen, aufgebaut, gebraten, gebacken, Bowle gemixt, getanzt, gelacht und einfach mitgemacht haben. Und ein Extra-Dank an Petrus \u2013 der uns am Abend doch noch ein paar trockene Stunden schenkte.<\/p>\n<p>Wir freuen uns aufs n\u00e4chste Jahr. Wetter egal \u2013 wir kommen wieder.<\/p>\n<p>Und zum Schluss noch ein Video:<\/p>\n<p>&nbsp;<\/p>\n<div class=\"video-shortcode\"><iframe class=\"fusion-hidden\" data-privacy-type=\"youtube\" src=\"\" hcb-fetch-image-from=\"https:\/\/youtube.com\/shorts\/GpxX9zGeFj4?feature=share\" title=\"Sommerfest in Paulinenaue am 12.07.2025\" width=\"1200\" height=\"675\" data-privacy-src=\"https:\/\/www.youtube.com\/embed\/GpxX9zGeFj4?feature=oembed\" frameborder=\"0\" allow=\"accelerometer; autoplay; clipboard-write; encrypted-media; gyroscope; picture-in-picture; web-share\" referrerpolicy=\"strict-origin-when-cross-origin\" allowfullscreen><\/iframe><div class=\"fusion-privacy-placeholder\" style=\"width:1200px; height:675px;\" data-privacy-type=\"youtube\"><div class=\"fusion-privacy-placeholder-content\"><div class=\"fusion-privacy-label\">Aus datenschutzrechtlichen Gr\u00fcnden ben\u00f6tigt YouTube Ihre Einwilligung um geladen zu werden.<\/div><a href=\"\" data-privacy-type=\"youtube\" class=\"fusion-button button-default fusion-button-default-size button fusion-privacy-consent\">Akzeptieren<\/a><\/div><\/div><\/div>\n","protected":false},"excerpt":{"rendered":"<p>\u00a0von Florian Tietz Wer dachte, Regen k\u00f6nnte die Paulinenauer Laune [&hellip;]<\/p>\n","protected":false},"author":1,"featured_media":418207,"comment_status":"open","ping_status":"open","sticky":false,"template":"","format":"standard","meta":{"_acf_changed":false,"_price":"","_stock":"","_tribe_ticket_header":"","_tribe_default_ticket_provider":"","_tribe_ticket_capacity":"0","_ticket_start_date":"","_ticket_end_date":"","_tribe_ticket_show_description":"","_tribe_ticket_show_not_going":false,"_tribe_ticket_use_global_stock":"","_tribe_ticket_global_stock_level":"","_global_stock_mode":"","_global_stock_cap":"","_tribe_rsvp_for_event":"","_tribe_ticket_going_count":"","_tribe_ticket_not_going_count":"","_tribe_tickets_list":"[]","_tribe_ticket_has_attendee_info_fields":false,"jetpack_post_was_ever_published":false,"_jetpack_newsletter_access":"","_jetpack_dont_email_post_to_subs":false,"_jetpack_newsletter_tier_id":0,"_jetpack_memberships_contains_paywalled_content":false,"_jetpack_memberships_contains_paid_content":false,"footnotes":"","jetpack_publicize_message":"","jetpack_publicize_feature_enabled":true,"jetpack_social_post_already_shared":true,"jetpack_social_options":{"image_generator_settings":{"template":"highway","default_image_id":0,"font":"","enabled":false},"version":2}},"categories":[1,519,404,6,9,514,93],"tags":[563],"class_list":["post-418201","post","type-post","status-publish","format-standard","has-post-thumbnail","hentry","category-allgemein","category-ehrenamt","category-gastronomie","category-hier-zuhause","category-neuigkeiten","category-pauerfrauen","category-veranstaltungen","tag-sommerfest"],"acf":[],"yoast_head":"<!-- This site is optimized with the Yoast SEO plugin v27.5 - https:\/\/yoast.com\/product\/yoast-seo-wordpress\/ -->\n<title>Regen? Egal! \u2013 Das Paulinenauer Dorffest 2025 trotzt dem Wetter - Paulinenaue<\/title>\n<meta name=\"robots\" content=\"index, follow, max-snippet:-1, max-image-preview:large, max-video-preview:-1\" \/>\n<link rel=\"canonical\" href=\"https:\/\/paulinenaue.info\/index.php\/regen-egal-das-paulinenauer-dorffest-2025-trotzt-dem-wetter\/\" \/>\n<meta property=\"og:locale\" content=\"de_DE\" \/>\n<meta property=\"og:type\" content=\"article\" \/>\n<meta property=\"og:title\" content=\"Regen? Egal! \u2013 Das Paulinenauer Dorffest 2025 trotzt dem Wetter - Paulinenaue\" \/>\n<meta property=\"og:description\" content=\"\u00a0von Florian Tietz Wer dachte, Regen k\u00f6nnte die Paulinenauer Laune [&hellip;]\" \/>\n<meta property=\"og:url\" content=\"https:\/\/paulinenaue.info\/index.php\/regen-egal-das-paulinenauer-dorffest-2025-trotzt-dem-wetter\/\" \/>\n<meta property=\"og:site_name\" content=\"Paulinenaue\" \/>\n<meta property=\"article:published_time\" content=\"2025-07-16T06:14:04+00:00\" \/>\n<meta property=\"og:image\" content=\"https:\/\/paulinenaue.info\/wp-content\/uploads\/2025\/07\/DSC08939.jpeg\" \/>\n\t<meta property=\"og:image:width\" content=\"1000\" \/>\n\t<meta property=\"og:image:height\" content=\"667\" \/>\n\t<meta property=\"og:image:type\" content=\"image\/jpeg\" \/>\n<meta name=\"author\" content=\"Joachim Scholz\" \/>\n<meta name=\"twitter:card\" content=\"summary_large_image\" \/>\n<meta name=\"twitter:label1\" content=\"Verfasst von\" \/>\n\t<meta name=\"twitter:data1\" content=\"Joachim Scholz\" \/>\n\t<meta name=\"twitter:label2\" content=\"Gesch\u00e4tzte Lesezeit\" \/>\n\t<meta name=\"twitter:data2\" content=\"2\u00a0Minuten\" \/>\n<script type=\"application\/ld+json\" class=\"yoast-schema-graph\">{\"@context\":\"https:\\\/\\\/schema.org\",\"@graph\":[{\"@type\":\"Article\",\"@id\":\"https:\\\/\\\/paulinenaue.info\\\/index.php\\\/regen-egal-das-paulinenauer-dorffest-2025-trotzt-dem-wetter\\\/#article\",\"isPartOf\":{\"@id\":\"https:\\\/\\\/paulinenaue.info\\\/index.php\\\/regen-egal-das-paulinenauer-dorffest-2025-trotzt-dem-wetter\\\/\"},\"author\":{\"name\":\"Joachim Scholz\",\"@id\":\"https:\\\/\\\/paulinenaue.info\\\/#\\\/schema\\\/person\\\/3f9e818fd7b69b0d2bd937ac506897cc\"},\"headline\":\"Regen? Egal! \u2013 Das Paulinenauer Dorffest 2025 trotzt dem Wetter\",\"datePublished\":\"2025-07-16T06:14:04+00:00\",\"mainEntityOfPage\":{\"@id\":\"https:\\\/\\\/paulinenaue.info\\\/index.php\\\/regen-egal-das-paulinenauer-dorffest-2025-trotzt-dem-wetter\\\/\"},\"wordCount\":353,\"commentCount\":0,\"image\":{\"@id\":\"https:\\\/\\\/paulinenaue.info\\\/index.php\\\/regen-egal-das-paulinenauer-dorffest-2025-trotzt-dem-wetter\\\/#primaryimage\"},\"thumbnailUrl\":\"https:\\\/\\\/paulinenaue.info\\\/wp-content\\\/uploads\\\/2025\\\/07\\\/DSC08939.jpeg\",\"keywords\":[\"Sommerfest\"],\"articleSection\":{\"1\":\"Ehrenamt\",\"2\":\"Gastronomie\",\"3\":\"Hier Zuhause\",\"4\":\"Neuigkeiten\",\"5\":\"Pauerfrauen\",\"6\":\"Veranstaltungen\"},\"inLanguage\":\"de\",\"potentialAction\":[{\"@type\":\"CommentAction\",\"name\":\"Comment\",\"target\":[\"https:\\\/\\\/paulinenaue.info\\\/index.php\\\/regen-egal-das-paulinenauer-dorffest-2025-trotzt-dem-wetter\\\/#respond\"]}]},{\"@type\":\"WebPage\",\"@id\":\"https:\\\/\\\/paulinenaue.info\\\/index.php\\\/regen-egal-das-paulinenauer-dorffest-2025-trotzt-dem-wetter\\\/\",\"url\":\"https:\\\/\\\/paulinenaue.info\\\/index.php\\\/regen-egal-das-paulinenauer-dorffest-2025-trotzt-dem-wetter\\\/\",\"name\":\"Regen? Egal! \u2013 Das Paulinenauer Dorffest 2025 trotzt dem Wetter - Paulinenaue\",\"isPartOf\":{\"@id\":\"https:\\\/\\\/paulinenaue.info\\\/#website\"},\"primaryImageOfPage\":{\"@id\":\"https:\\\/\\\/paulinenaue.info\\\/index.php\\\/regen-egal-das-paulinenauer-dorffest-2025-trotzt-dem-wetter\\\/#primaryimage\"},\"image\":{\"@id\":\"https:\\\/\\\/paulinenaue.info\\\/index.php\\\/regen-egal-das-paulinenauer-dorffest-2025-trotzt-dem-wetter\\\/#primaryimage\"},\"thumbnailUrl\":\"https:\\\/\\\/paulinenaue.info\\\/wp-content\\\/uploads\\\/2025\\\/07\\\/DSC08939.jpeg\",\"datePublished\":\"2025-07-16T06:14:04+00:00\",\"author\":{\"@id\":\"https:\\\/\\\/paulinenaue.info\\\/#\\\/schema\\\/person\\\/3f9e818fd7b69b0d2bd937ac506897cc\"},\"breadcrumb\":{\"@id\":\"https:\\\/\\\/paulinenaue.info\\\/index.php\\\/regen-egal-das-paulinenauer-dorffest-2025-trotzt-dem-wetter\\\/#breadcrumb\"},\"inLanguage\":\"de\",\"potentialAction\":[{\"@type\":\"ReadAction\",\"target\":[\"https:\\\/\\\/paulinenaue.info\\\/index.php\\\/regen-egal-das-paulinenauer-dorffest-2025-trotzt-dem-wetter\\\/\"]}]},{\"@type\":\"ImageObject\",\"inLanguage\":\"de\",\"@id\":\"https:\\\/\\\/paulinenaue.info\\\/index.php\\\/regen-egal-das-paulinenauer-dorffest-2025-trotzt-dem-wetter\\\/#primaryimage\",\"url\":\"https:\\\/\\\/paulinenaue.info\\\/wp-content\\\/uploads\\\/2025\\\/07\\\/DSC08939.jpeg\",\"contentUrl\":\"https:\\\/\\\/paulinenaue.info\\\/wp-content\\\/uploads\\\/2025\\\/07\\\/DSC08939.jpeg\",\"width\":1000,\"height\":667},{\"@type\":\"BreadcrumbList\",\"@id\":\"https:\\\/\\\/paulinenaue.info\\\/index.php\\\/regen-egal-das-paulinenauer-dorffest-2025-trotzt-dem-wetter\\\/#breadcrumb\",\"itemListElement\":[{\"@type\":\"ListItem\",\"position\":1,\"name\":\"Home\",\"item\":\"https:\\\/\\\/paulinenaue.info\\\/\"},{\"@type\":\"ListItem\",\"position\":2,\"name\":\"Regen? Egal! \u2013 Das Paulinenauer Dorffest 2025 trotzt dem Wetter\"}]},{\"@type\":\"WebSite\",\"@id\":\"https:\\\/\\\/paulinenaue.info\\\/#website\",\"url\":\"https:\\\/\\\/paulinenaue.info\\\/\",\"name\":\"Paulinenaue\",\"description\":\"Ein Dorf im Havelland\",\"potentialAction\":[{\"@type\":\"SearchAction\",\"target\":{\"@type\":\"EntryPoint\",\"urlTemplate\":\"https:\\\/\\\/paulinenaue.info\\\/?s={search_term_string}\"},\"query-input\":{\"@type\":\"PropertyValueSpecification\",\"valueRequired\":true,\"valueName\":\"search_term_string\"}}],\"inLanguage\":\"de\"},{\"@type\":\"Person\",\"@id\":\"https:\\\/\\\/paulinenaue.info\\\/#\\\/schema\\\/person\\\/3f9e818fd7b69b0d2bd937ac506897cc\",\"name\":\"Joachim Scholz\",\"url\":\"https:\\\/\\\/paulinenaue.info\\\/index.php\\\/author\\\/jjscholz\\\/\"}]}<\/script>\n<!-- \/ Yoast SEO plugin. -->","yoast_head_json":{"title":"Regen? Egal! \u2013 Das Paulinenauer Dorffest 2025 trotzt dem Wetter - Paulinenaue","robots":{"index":"index","follow":"follow","max-snippet":"max-snippet:-1","max-image-preview":"max-image-preview:large","max-video-preview":"max-video-preview:-1"},"canonical":"https:\/\/paulinenaue.info\/index.php\/regen-egal-das-paulinenauer-dorffest-2025-trotzt-dem-wetter\/","og_locale":"de_DE","og_type":"article","og_title":"Regen? Egal! \u2013 Das Paulinenauer Dorffest 2025 trotzt dem Wetter - Paulinenaue","og_description":"\u00a0von Florian Tietz Wer dachte, Regen k\u00f6nnte die Paulinenauer Laune [&hellip;]","og_url":"https:\/\/paulinenaue.info\/index.php\/regen-egal-das-paulinenauer-dorffest-2025-trotzt-dem-wetter\/","og_site_name":"Paulinenaue","article_published_time":"2025-07-16T06:14:04+00:00","og_image":[{"width":1000,"height":667,"url":"https:\/\/paulinenaue.info\/wp-content\/uploads\/2025\/07\/DSC08939.jpeg","type":"image\/jpeg"}],"author":"Joachim Scholz","twitter_card":"summary_large_image","twitter_misc":{"Verfasst von":"Joachim Scholz","Gesch\u00e4tzte Lesezeit":"2\u00a0Minuten"},"schema":{"@context":"https:\/\/schema.org","@graph":[{"@type":"Article","@id":"https:\/\/paulinenaue.info\/index.php\/regen-egal-das-paulinenauer-dorffest-2025-trotzt-dem-wetter\/#article","isPartOf":{"@id":"https:\/\/paulinenaue.info\/index.php\/regen-egal-das-paulinenauer-dorffest-2025-trotzt-dem-wetter\/"},"author":{"name":"Joachim Scholz","@id":"https:\/\/paulinenaue.info\/#\/schema\/person\/3f9e818fd7b69b0d2bd937ac506897cc"},"headline":"Regen? Egal! \u2013 Das Paulinenauer Dorffest 2025 trotzt dem Wetter","datePublished":"2025-07-16T06:14:04+00:00","mainEntityOfPage":{"@id":"https:\/\/paulinenaue.info\/index.php\/regen-egal-das-paulinenauer-dorffest-2025-trotzt-dem-wetter\/"},"wordCount":353,"commentCount":0,"image":{"@id":"https:\/\/paulinenaue.info\/index.php\/regen-egal-das-paulinenauer-dorffest-2025-trotzt-dem-wetter\/#primaryimage"},"thumbnailUrl":"https:\/\/paulinenaue.info\/wp-content\/uploads\/2025\/07\/DSC08939.jpeg","keywords":["Sommerfest"],"articleSection":{"1":"Ehrenamt","2":"Gastronomie","3":"Hier Zuhause","4":"Neuigkeiten","5":"Pauerfrauen","6":"Veranstaltungen"},"inLanguage":"de","potentialAction":[{"@type":"CommentAction","name":"Comment","target":["https:\/\/paulinenaue.info\/index.php\/regen-egal-das-paulinenauer-dorffest-2025-trotzt-dem-wetter\/#respond"]}]},{"@type":"WebPage","@id":"https:\/\/paulinenaue.info\/index.php\/regen-egal-das-paulinenauer-dorffest-2025-trotzt-dem-wetter\/","url":"https:\/\/paulinenaue.info\/index.php\/regen-egal-das-paulinenauer-dorffest-2025-trotzt-dem-wetter\/","name":"Regen? Egal! \u2013 Das Paulinenauer Dorffest 2025 trotzt dem Wetter - Paulinenaue","isPartOf":{"@id":"https:\/\/paulinenaue.info\/#website"},"primaryImageOfPage":{"@id":"https:\/\/paulinenaue.info\/index.php\/regen-egal-das-paulinenauer-dorffest-2025-trotzt-dem-wetter\/#primaryimage"},"image":{"@id":"https:\/\/paulinenaue.info\/index.php\/regen-egal-das-paulinenauer-dorffest-2025-trotzt-dem-wetter\/#primaryimage"},"thumbnailUrl":"https:\/\/paulinenaue.info\/wp-content\/uploads\/2025\/07\/DSC08939.jpeg","datePublished":"2025-07-16T06:14:04+00:00","author":{"@id":"https:\/\/paulinenaue.info\/#\/schema\/person\/3f9e818fd7b69b0d2bd937ac506897cc"},"breadcrumb":{"@id":"https:\/\/paulinenaue.info\/index.php\/regen-egal-das-paulinenauer-dorffest-2025-trotzt-dem-wetter\/#breadcrumb"},"inLanguage":"de","potentialAction":[{"@type":"ReadAction","target":["https:\/\/paulinenaue.info\/index.php\/regen-egal-das-paulinenauer-dorffest-2025-trotzt-dem-wetter\/"]}]},{"@type":"ImageObject","inLanguage":"de","@id":"https:\/\/paulinenaue.info\/index.php\/regen-egal-das-paulinenauer-dorffest-2025-trotzt-dem-wetter\/#primaryimage","url":"https:\/\/paulinenaue.info\/wp-content\/uploads\/2025\/07\/DSC08939.jpeg","contentUrl":"https:\/\/paulinenaue.info\/wp-content\/uploads\/2025\/07\/DSC08939.jpeg","width":1000,"height":667},{"@type":"BreadcrumbList","@id":"https:\/\/paulinenaue.info\/index.php\/regen-egal-das-paulinenauer-dorffest-2025-trotzt-dem-wetter\/#breadcrumb","itemListElement":[{"@type":"ListItem","position":1,"name":"Home","item":"https:\/\/paulinenaue.info\/"},{"@type":"ListItem","position":2,"name":"Regen? Egal! \u2013 Das Paulinenauer Dorffest 2025 trotzt dem Wetter"}]},{"@type":"WebSite","@id":"https:\/\/paulinenaue.info\/#website","url":"https:\/\/paulinenaue.info\/","name":"Paulinenaue","description":"Ein Dorf im Havelland","potentialAction":[{"@type":"SearchAction","target":{"@type":"EntryPoint","urlTemplate":"https:\/\/paulinenaue.info\/?s={search_term_string}"},"query-input":{"@type":"PropertyValueSpecification","valueRequired":true,"valueName":"search_term_string"}}],"inLanguage":"de"},{"@type":"Person","@id":"https:\/\/paulinenaue.info\/#\/schema\/person\/3f9e818fd7b69b0d2bd937ac506897cc","name":"Joachim Scholz","url":"https:\/\/paulinenaue.info\/index.php\/author\/jjscholz\/"}]}},"jetpack_publicize_connections":[],"jetpack_featured_media_url":"https:\/\/paulinenaue.info\/wp-content\/uploads\/2025\/07\/DSC08939.jpeg","jetpack_sharing_enabled":true,"jetpack_shortlink":"https:\/\/wp.me\/pcYhWA-1KNb","jetpack-related-posts":[{"id":1301,"url":"https:\/\/paulinenaue.info\/index.php\/der-jahrhundertregen-2017-in-paulinenaue\/","url_meta":{"origin":418201,"position":0},"title":"Der Jahrhundertregen 2017 in Paulinenaue","author":"Sarah","date":"2. Juli 2017","format":false,"excerpt":"Auch das Havelland wurde von den starken Regenf\u00e4llen in den letzten Tagen nicht verschont. Die Wassermassen, die von oben herab kamen, setzten auch in Paulinenaue so manchen Keller unter Wasser und bescherten schlaflose N\u00e4chte beim Retten von Waschmaschinen, Erinnerungen, die in zahlreiche Kisten verstaut lagerten und anderen Maschinen und Ger\u00e4tschaften.\u2026","rel":"","context":"In &quot;Allgemein&quot;","block_context":{"text":"Allgemein","link":"https:\/\/paulinenaue.info\/index.php\/category\/allgemein\/"},"img":{"alt_text":"","src":"https:\/\/i0.wp.com\/paulinenaue.info\/wp-content\/uploads\/2017\/07\/IMG-20170702-WA0029.jpg?resize=350%2C200&ssl=1","width":350,"height":200,"srcset":"https:\/\/i0.wp.com\/paulinenaue.info\/wp-content\/uploads\/2017\/07\/IMG-20170702-WA0029.jpg?resize=350%2C200&ssl=1 1x, https:\/\/i0.wp.com\/paulinenaue.info\/wp-content\/uploads\/2017\/07\/IMG-20170702-WA0029.jpg?resize=525%2C300&ssl=1 1.5x, https:\/\/i0.wp.com\/paulinenaue.info\/wp-content\/uploads\/2017\/07\/IMG-20170702-WA0029.jpg?resize=700%2C400&ssl=1 2x, https:\/\/i0.wp.com\/paulinenaue.info\/wp-content\/uploads\/2017\/07\/IMG-20170702-WA0029.jpg?resize=1050%2C600&ssl=1 3x"},"classes":[]},{"id":417788,"url":"https:\/\/paulinenaue.info\/index.php\/der-osterstrauss-des-jahres-2025\/","url_meta":{"origin":418201,"position":1},"title":"Der Osterstrau\u00df des Jahres 2025","author":"Joachim Scholz","date":"20. April 2025","format":false,"excerpt":"Den Osterstrau\u00df des Jahres, der in jedem Jahr f\u00fcr unsere Website gek\u00fcrt wird, hat Sylvia Kreier am Samstagvormittag herausgeputzt. Ein erster Blick verr\u00e4t sofort seine k\u00fcnstlerische Qualit\u00e4t. Dieser Strau\u00df mit seinen originellen handbemalten Motiveiern \u2013 keines gleicht in der Ausmalung dem anderen \u2013 verdient unbedingt die begehrte Auszeichnung. \u201eIch habe\u2026","rel":"","context":"In &quot;Hier Zuhause&quot;","block_context":{"text":"Hier Zuhause","link":"https:\/\/paulinenaue.info\/index.php\/category\/hier-zuhause\/"},"img":{"alt_text":"","src":"https:\/\/i0.wp.com\/paulinenaue.info\/wp-content\/uploads\/2025\/04\/2025-04-20-Osterstrauss-04.jpeg?resize=350%2C200&ssl=1","width":350,"height":200,"srcset":"https:\/\/i0.wp.com\/paulinenaue.info\/wp-content\/uploads\/2025\/04\/2025-04-20-Osterstrauss-04.jpeg?resize=350%2C200&ssl=1 1x, https:\/\/i0.wp.com\/paulinenaue.info\/wp-content\/uploads\/2025\/04\/2025-04-20-Osterstrauss-04.jpeg?resize=525%2C300&ssl=1 1.5x, https:\/\/i0.wp.com\/paulinenaue.info\/wp-content\/uploads\/2025\/04\/2025-04-20-Osterstrauss-04.jpeg?resize=700%2C400&ssl=1 2x"},"classes":[]},{"id":419398,"url":"https:\/\/paulinenaue.info\/index.php\/extreme-regenguesse-in-paulinenaue\/","url_meta":{"origin":418201,"position":2},"title":"Extreme Regeng\u00fcsse in Paulinenaue","author":"Joachim Scholz","date":"23. Juli 2007","format":false,"excerpt":"Text: Anton Scholz (1930\u20132011) 23.07.2007. Wenn man im April noch an die Propheten glaubte, die Brandenburg eine Versteppung vorhersagten, dann musste man von Mai bis Juli das bittere Gegenteil erfahren. Sehen wir uns dazu einige Niederschlags-Tageswerte an. Am 7. Mai begann es mit 16 mm, am 15. Juni waren es\u2026","rel":"","context":"In &quot;Natur&quot;","block_context":{"text":"Natur","link":"https:\/\/paulinenaue.info\/index.php\/category\/natur\/"},"img":{"alt_text":"","src":"https:\/\/i0.wp.com\/paulinenaue.info\/wp-content\/uploads\/2026\/04\/2007-08-01-Lindenweg-Pfuetze-01.jpeg?resize=350%2C200&ssl=1","width":350,"height":200,"srcset":"https:\/\/i0.wp.com\/paulinenaue.info\/wp-content\/uploads\/2026\/04\/2007-08-01-Lindenweg-Pfuetze-01.jpeg?resize=350%2C200&ssl=1 1x, https:\/\/i0.wp.com\/paulinenaue.info\/wp-content\/uploads\/2026\/04\/2007-08-01-Lindenweg-Pfuetze-01.jpeg?resize=525%2C300&ssl=1 1.5x, https:\/\/i0.wp.com\/paulinenaue.info\/wp-content\/uploads\/2026\/04\/2007-08-01-Lindenweg-Pfuetze-01.jpeg?resize=700%2C400&ssl=1 2x"},"classes":[]},{"id":4623,"url":"https:\/\/paulinenaue.info\/index.php\/dank-an-alle-teilnehmer-des-fruehjahrsputzes-2019\/","url_meta":{"origin":418201,"position":3},"title":"Dank an alle Teilnehmer des Fr\u00fchjahrsputzes 2019!","author":"Sarah","date":"31. M\u00e4rz 2019","format":false,"excerpt":"Bereits zum 5. Mal in Folge trafen sich am 23. M\u00e4rz ca. 50 engagierte Paulinenauer zum Fr\u00fchjahresputz 2019. An 3 Standorten werkelten die flei\u00dfigen Helfer bei gutem Wetter und genauso guter Laune.\u00a0Der diesj\u00e4hrige Haupteinsatzort war erneut der Bahnhof, wo geharkt, geschnitten und M\u00fcll gesammelt wurde. Zus\u00e4tzlich wurde rings um das\u2026","rel":"","context":"In &quot;Allgemein&quot;","block_context":{"text":"Allgemein","link":"https:\/\/paulinenaue.info\/index.php\/category\/allgemein\/"},"img":{"alt_text":"","src":"https:\/\/i0.wp.com\/paulinenaue.info\/wp-content\/uploads\/2019\/03\/1.jpg?resize=350%2C200&ssl=1","width":350,"height":200,"srcset":"https:\/\/i0.wp.com\/paulinenaue.info\/wp-content\/uploads\/2019\/03\/1.jpg?resize=350%2C200&ssl=1 1x, https:\/\/i0.wp.com\/paulinenaue.info\/wp-content\/uploads\/2019\/03\/1.jpg?resize=525%2C300&ssl=1 1.5x, https:\/\/i0.wp.com\/paulinenaue.info\/wp-content\/uploads\/2019\/03\/1.jpg?resize=700%2C400&ssl=1 2x"},"classes":[]},{"id":418175,"url":"https:\/\/paulinenaue.info\/index.php\/sommer-sonne-musik-und-viel-gute-laune\/","url_meta":{"origin":418201,"position":4},"title":"Sommer, Sonne, Musik und viel gute Laune!","author":"Sarah","date":"7. Juli 2025","format":false,"excerpt":"F\u00eate de la Musique Paulinenaue ein voller Erfolg Text: Valentin Franklyn \u201eF\u00fcr jeden was dabei\u201c \u2013 war von vielen Besucher*innen zu h\u00f6ren. Zum zweiten Mal organisierte ein kleines, aber engagiertes Team rund um den Paulinenauer Kulturverein die F\u00eate de la Musique und lockte sogar noch mehr Menschen als im Vorjahr\u2026","rel":"","context":"In &quot;Ehrenamt&quot;","block_context":{"text":"Ehrenamt","link":"https:\/\/paulinenaue.info\/index.php\/category\/ehrenamt\/"},"img":{"alt_text":"","src":"https:\/\/i0.wp.com\/paulinenaue.info\/wp-content\/uploads\/2025\/07\/FDM1.jpg?resize=350%2C200&ssl=1","width":350,"height":200,"srcset":"https:\/\/i0.wp.com\/paulinenaue.info\/wp-content\/uploads\/2025\/07\/FDM1.jpg?resize=350%2C200&ssl=1 1x, https:\/\/i0.wp.com\/paulinenaue.info\/wp-content\/uploads\/2025\/07\/FDM1.jpg?resize=525%2C300&ssl=1 1.5x, https:\/\/i0.wp.com\/paulinenaue.info\/wp-content\/uploads\/2025\/07\/FDM1.jpg?resize=700%2C400&ssl=1 2x, https:\/\/i0.wp.com\/paulinenaue.info\/wp-content\/uploads\/2025\/07\/FDM1.jpg?resize=1050%2C600&ssl=1 3x, https:\/\/i0.wp.com\/paulinenaue.info\/wp-content\/uploads\/2025\/07\/FDM1.jpg?resize=1400%2C800&ssl=1 4x"},"classes":[]},{"id":5827,"url":"https:\/\/paulinenaue.info\/index.php\/erfolgreicher-fruehjahrsputz-2021\/","url_meta":{"origin":418201,"position":5},"title":"Erfolgreicher Fr\u00fchjahrsputz 2021","author":"Sarah","date":"20. April 2021","format":false,"excerpt":"Der j\u00e4hrlich stattfindende Fr\u00fchjahrsputz war auch am vergangenen Samstag wieder ein kleiner Erfolg. An vielen Ecken in Paulinenaue wurde flei\u00dfig geharkt, gefegt, M\u00fcll gesammelt und Gr\u00fcnschnitt ber\u00e4umt. Trotz der andauernden Pandemie konnte unter freiem Himmel und unter Einhaltung von ausreichendem Abstand der Fr\u00fchjahrsputz durchgef\u00fchrt werden. Im Gutspark wurden die Wege\u2026","rel":"","context":"In &quot;Allgemein&quot;","block_context":{"text":"Allgemein","link":"https:\/\/paulinenaue.info\/index.php\/category\/allgemein\/"},"img":{"alt_text":"","src":"https:\/\/i0.wp.com\/paulinenaue.info\/wp-content\/uploads\/2021\/06\/paulinenaue-bahnhof-fruehjahrsputz-e1745016872473.jpg?resize=350%2C200&ssl=1","width":350,"height":200,"srcset":"https:\/\/i0.wp.com\/paulinenaue.info\/wp-content\/uploads\/2021\/06\/paulinenaue-bahnhof-fruehjahrsputz-e1745016872473.jpg?resize=350%2C200&ssl=1 1x, https:\/\/i0.wp.com\/paulinenaue.info\/wp-content\/uploads\/2021\/06\/paulinenaue-bahnhof-fruehjahrsputz-e1745016872473.jpg?resize=525%2C300&ssl=1 1.5x, https:\/\/i0.wp.com\/paulinenaue.info\/wp-content\/uploads\/2021\/06\/paulinenaue-bahnhof-fruehjahrsputz-e1745016872473.jpg?resize=700%2C400&ssl=1 2x, https:\/\/i0.wp.com\/paulinenaue.info\/wp-content\/uploads\/2021\/06\/paulinenaue-bahnhof-fruehjahrsputz-e1745016872473.jpg?resize=1050%2C600&ssl=1 3x, https:\/\/i0.wp.com\/paulinenaue.info\/wp-content\/uploads\/2021\/06\/paulinenaue-bahnhof-fruehjahrsputz-e1745016872473.jpg?resize=1400%2C800&ssl=1 4x"},"classes":[]}],"_links":{"self":[{"href":"https:\/\/paulinenaue.info\/index.php\/wp-json\/wp\/v2\/posts\/418201","targetHints":{"allow":["GET"]}}],"collection":[{"href":"https:\/\/paulinenaue.info\/index.php\/wp-json\/wp\/v2\/posts"}],"about":[{"href":"https:\/\/paulinenaue.info\/index.php\/wp-json\/wp\/v2\/types\/post"}],"author":[{"embeddable":true,"href":"https:\/\/paulinenaue.info\/index.php\/wp-json\/wp\/v2\/users\/1"}],"replies":[{"embeddable":true,"href":"https:\/\/paulinenaue.info\/index.php\/wp-json\/wp\/v2\/comments?post=418201"}],"version-history":[{"count":6,"href":"https:\/\/paulinenaue.info\/index.php\/wp-json\/wp\/v2\/posts\/418201\/revisions"}],"predecessor-version":[{"id":418211,"href":"https:\/\/paulinenaue.info\/index.php\/wp-json\/wp\/v2\/posts\/418201\/revisions\/418211"}],"wp:featuredmedia":[{"embeddable":true,"href":"https:\/\/paulinenaue.info\/index.php\/wp-json\/wp\/v2\/media\/418207"}],"wp:attachment":[{"href":"https:\/\/paulinenaue.info\/index.php\/wp-json\/wp\/v2\/media?parent=418201"}],"wp:term":[{"taxonomy":"category","embeddable":true,"href":"https:\/\/paulinenaue.info\/index.php\/wp-json\/wp\/v2\/categories?post=418201"},{"taxonomy":"post_tag","embeddable":true,"href":"https:\/\/paulinenaue.info\/index.php\/wp-json\/wp\/v2\/tags?post=418201"}],"curies":[{"name":"wp","href":"https:\/\/api.w.org\/{rel}","templated":true}]}}