{"id":418218,"date":"2025-08-02T01:15:49","date_gmt":"2025-08-01T23:15:49","guid":{"rendered":"https:\/\/paulinenaue.info\/?p=418218"},"modified":"2025-08-02T01:15:49","modified_gmt":"2025-08-01T23:15:49","slug":"der-letzte-zug-in-diesem-jahr","status":"publish","type":"post","link":"https:\/\/paulinenaue.info\/index.php\/der-letzte-zug-in-diesem-jahr\/","title":{"rendered":"Der letzte Zug in diesem Jahr"},"content":{"rendered":"<p>Mit der neunmonatigen <a href=\"https:\/\/hamburg-berlin.deutschebahn.com\/home.html\">Generalsanierung der Deutschen Bahn<\/a> kommt von heute an auf Paulinenaue etwas zu. Besonders f\u00fcr diejenigen, die nach Berlin pendeln, gilt nun: Wer nicht auf das Auto ausweichen kann, ist auf den Schienenersatzverkehr angewiesen. Und von dem sagen viele, dass er wahrscheinlich nicht funktionieren wird. Man darf gespannt sein.\u00a0Die Z\u00fcge, die am Freitag, dem 1. August 2025, dem letzten Tag mit Bahnverkehr, Paulinenaue passierten, waren schon ziemlich leer. Was so normal aussieht, wird wahrscheinlich schon bald sehns\u00fcchtige Erinnerungen wecken. Daniel Heidenreich und Joachim Scholz haben die letzten Bahnabfahrten dieses Jahres im Bild festgehalten.<\/p>\n<div id=\"attachment_418222\" style=\"width: 610px\" class=\"wp-caption alignnone\"><a href=\"https:\/\/paulinenaue.info\/wp-content\/uploads\/2025\/08\/2025-08-01-ODEG-02-js.jpeg\"><img decoding=\"async\" aria-describedby=\"caption-attachment-418222\" data-attachment-id=\"418221\" data-permalink=\"https:\/\/paulinenaue.info\/index.php\/der-letzte-zug-in-diesem-jahr\/2025-08-01-odeg-02-js\/\" data-orig-file=\"https:\/\/paulinenaue.info\/wp-content\/uploads\/2025\/08\/2025-08-01-ODEG-02-js.jpeg\" data-orig-size=\"1000,667\" data-comments-opened=\"1\" data-image-meta=\"{&quot;aperture&quot;:&quot;4&quot;,&quot;credit&quot;:&quot;&quot;,&quot;camera&quot;:&quot;DSC-RX10M3&quot;,&quot;caption&quot;:&quot;&quot;,&quot;created_timestamp&quot;:&quot;1754038791&quot;,&quot;copyright&quot;:&quot;&quot;,&quot;focal_length&quot;:&quot;143.15&quot;,&quot;iso&quot;:&quot;100&quot;,&quot;shutter_speed&quot;:&quot;0.002&quot;,&quot;title&quot;:&quot;&quot;,&quot;orientation&quot;:&quot;1&quot;}\" data-image-title=\"2025-08-01, ODEG, 02 js\" data-image-description=\"\" data-image-caption=\"\" data-large-file=\"https:\/\/paulinenaue.info\/wp-content\/uploads\/2025\/08\/2025-08-01-ODEG-02-js.jpeg\" class=\"lazyload wp-image-418221 size-fusion-600\" src=\"https:\/\/paulinenaue.info\/wp-content\/uploads\/2025\/08\/2025-08-01-ODEG-02-js-600x400.jpeg\" data-orig-src=\"https:\/\/paulinenaue.info\/wp-content\/uploads\/2025\/08\/2025-08-01-ODEG-02-js-600x400.jpeg\" alt=\"\" width=\"600\" height=\"400\" srcset=\"data:image\/svg+xml,%3Csvg%20xmlns%3D%27http%3A%2F%2Fwww.w3.org%2F2000%2Fsvg%27%20width%3D%27600%27%20height%3D%27400%27%20viewBox%3D%270%200%20600%20400%27%3E%3Crect%20width%3D%27600%27%20height%3D%27400%27%20fill-opacity%3D%220%22%2F%3E%3C%2Fsvg%3E\" data-srcset=\"https:\/\/paulinenaue.info\/wp-content\/uploads\/2025\/08\/2025-08-01-ODEG-02-js-200x133.jpeg 200w, https:\/\/paulinenaue.info\/wp-content\/uploads\/2025\/08\/2025-08-01-ODEG-02-js-300x200.jpeg 300w, https:\/\/paulinenaue.info\/wp-content\/uploads\/2025\/08\/2025-08-01-ODEG-02-js-400x267.jpeg 400w, https:\/\/paulinenaue.info\/wp-content\/uploads\/2025\/08\/2025-08-01-ODEG-02-js-600x400.jpeg 600w, https:\/\/paulinenaue.info\/wp-content\/uploads\/2025\/08\/2025-08-01-ODEG-02-js-768x512.jpeg 768w, https:\/\/paulinenaue.info\/wp-content\/uploads\/2025\/08\/2025-08-01-ODEG-02-js-800x534.jpeg 800w, https:\/\/paulinenaue.info\/wp-content\/uploads\/2025\/08\/2025-08-01-ODEG-02-js.jpeg 1000w\" data-sizes=\"auto\" data-orig-sizes=\"(max-width: 600px) 100vw, 600px\" \/><\/a><p id=\"caption-attachment-418222\" class=\"wp-caption-text\"><br \/>\n<em>Einfahrt einer ODEG am Vormittag. Im Hintergrund ist die Baukulisse zu erkennen. Foto: J. Scholz, 2025.<\/em><\/p><\/div>\n<div id=\"attachment_418222\" style=\"width: 610px\" class=\"wp-caption alignnone\"><a href=\"https:\/\/paulinenaue.info\/wp-content\/uploads\/2025\/08\/2025-08-01-ODEG-02.jpeg\"><img decoding=\"async\" aria-describedby=\"caption-attachment-418222\" data-attachment-id=\"418222\" data-permalink=\"https:\/\/paulinenaue.info\/index.php\/der-letzte-zug-in-diesem-jahr\/2025-08-01-odeg-02\/\" data-orig-file=\"https:\/\/paulinenaue.info\/wp-content\/uploads\/2025\/08\/2025-08-01-ODEG-02.jpeg\" data-orig-size=\"1000,750\" data-comments-opened=\"1\" data-image-meta=\"{&quot;aperture&quot;:&quot;0&quot;,&quot;credit&quot;:&quot;&quot;,&quot;camera&quot;:&quot;&quot;,&quot;caption&quot;:&quot;&quot;,&quot;created_timestamp&quot;:&quot;1754094150&quot;,&quot;copyright&quot;:&quot;&quot;,&quot;focal_length&quot;:&quot;0&quot;,&quot;iso&quot;:&quot;0&quot;,&quot;shutter_speed&quot;:&quot;0&quot;,&quot;title&quot;:&quot;&quot;,&quot;orientation&quot;:&quot;1&quot;}\" data-image-title=\"2025-08-01, ODEG, 02\" data-image-description=\"\" data-image-caption=\"\" data-large-file=\"https:\/\/paulinenaue.info\/wp-content\/uploads\/2025\/08\/2025-08-01-ODEG-02.jpeg\" class=\"lazyload wp-image-418222 size-fusion-600\" src=\"https:\/\/paulinenaue.info\/wp-content\/uploads\/2025\/08\/2025-08-01-ODEG-02-600x450.jpeg\" data-orig-src=\"https:\/\/paulinenaue.info\/wp-content\/uploads\/2025\/08\/2025-08-01-ODEG-02-600x450.jpeg\" alt=\"\" width=\"600\" height=\"450\" srcset=\"data:image\/svg+xml,%3Csvg%20xmlns%3D%27http%3A%2F%2Fwww.w3.org%2F2000%2Fsvg%27%20width%3D%27600%27%20height%3D%27450%27%20viewBox%3D%270%200%20600%20450%27%3E%3Crect%20width%3D%27600%27%20height%3D%27450%27%20fill-opacity%3D%220%22%2F%3E%3C%2Fsvg%3E\" data-srcset=\"https:\/\/paulinenaue.info\/wp-content\/uploads\/2025\/08\/2025-08-01-ODEG-02-200x150.jpeg 200w, https:\/\/paulinenaue.info\/wp-content\/uploads\/2025\/08\/2025-08-01-ODEG-02-300x225.jpeg 300w, https:\/\/paulinenaue.info\/wp-content\/uploads\/2025\/08\/2025-08-01-ODEG-02-400x300.jpeg 400w, https:\/\/paulinenaue.info\/wp-content\/uploads\/2025\/08\/2025-08-01-ODEG-02-600x450.jpeg 600w, https:\/\/paulinenaue.info\/wp-content\/uploads\/2025\/08\/2025-08-01-ODEG-02-768x576.jpeg 768w, https:\/\/paulinenaue.info\/wp-content\/uploads\/2025\/08\/2025-08-01-ODEG-02-800x600.jpeg 800w, https:\/\/paulinenaue.info\/wp-content\/uploads\/2025\/08\/2025-08-01-ODEG-02.jpeg 1000w\" data-sizes=\"auto\" data-orig-sizes=\"(max-width: 600px) 100vw, 600px\" \/><\/a><p id=\"caption-attachment-418222\" class=\"wp-caption-text\"><em>Um die Abfahrt des letzten Zug dieses Jahres zu sehen, fuhr Daniel Heidenreich am Abend extra noch einmal mit dem Rad von Selbelang nach Paulinenaue. Foto: D. Heidenreich, 2025.<\/em><\/p><\/div>\n<div id=\"attachment_418224\" style=\"width: 610px\" class=\"wp-caption alignnone\"><a href=\"https:\/\/paulinenaue.info\/wp-content\/uploads\/2025\/08\/2025-08-01-ODEG-03.jpeg\"><img decoding=\"async\" aria-describedby=\"caption-attachment-418224\" data-attachment-id=\"418224\" data-permalink=\"https:\/\/paulinenaue.info\/index.php\/der-letzte-zug-in-diesem-jahr\/2025-08-01-odeg-03\/\" data-orig-file=\"https:\/\/paulinenaue.info\/wp-content\/uploads\/2025\/08\/2025-08-01-ODEG-03.jpeg\" data-orig-size=\"1000,750\" data-comments-opened=\"1\" data-image-meta=\"{&quot;aperture&quot;:&quot;0&quot;,&quot;credit&quot;:&quot;&quot;,&quot;camera&quot;:&quot;&quot;,&quot;caption&quot;:&quot;&quot;,&quot;created_timestamp&quot;:&quot;1754094167&quot;,&quot;copyright&quot;:&quot;&quot;,&quot;focal_length&quot;:&quot;0&quot;,&quot;iso&quot;:&quot;0&quot;,&quot;shutter_speed&quot;:&quot;0&quot;,&quot;title&quot;:&quot;&quot;,&quot;orientation&quot;:&quot;1&quot;}\" data-image-title=\"2025-08-01, ODEG, 03\" data-image-description=\"\" data-image-caption=\"\" data-large-file=\"https:\/\/paulinenaue.info\/wp-content\/uploads\/2025\/08\/2025-08-01-ODEG-03.jpeg\" class=\"lazyload wp-image-418224 size-fusion-600\" src=\"https:\/\/paulinenaue.info\/wp-content\/uploads\/2025\/08\/2025-08-01-ODEG-03-600x450.jpeg\" data-orig-src=\"https:\/\/paulinenaue.info\/wp-content\/uploads\/2025\/08\/2025-08-01-ODEG-03-600x450.jpeg\" alt=\"\" width=\"600\" height=\"450\" srcset=\"data:image\/svg+xml,%3Csvg%20xmlns%3D%27http%3A%2F%2Fwww.w3.org%2F2000%2Fsvg%27%20width%3D%27600%27%20height%3D%27450%27%20viewBox%3D%270%200%20600%20450%27%3E%3Crect%20width%3D%27600%27%20height%3D%27450%27%20fill-opacity%3D%220%22%2F%3E%3C%2Fsvg%3E\" data-srcset=\"https:\/\/paulinenaue.info\/wp-content\/uploads\/2025\/08\/2025-08-01-ODEG-03-200x150.jpeg 200w, https:\/\/paulinenaue.info\/wp-content\/uploads\/2025\/08\/2025-08-01-ODEG-03-300x225.jpeg 300w, https:\/\/paulinenaue.info\/wp-content\/uploads\/2025\/08\/2025-08-01-ODEG-03-400x300.jpeg 400w, https:\/\/paulinenaue.info\/wp-content\/uploads\/2025\/08\/2025-08-01-ODEG-03-600x450.jpeg 600w, https:\/\/paulinenaue.info\/wp-content\/uploads\/2025\/08\/2025-08-01-ODEG-03-768x576.jpeg 768w, https:\/\/paulinenaue.info\/wp-content\/uploads\/2025\/08\/2025-08-01-ODEG-03-800x600.jpeg 800w, https:\/\/paulinenaue.info\/wp-content\/uploads\/2025\/08\/2025-08-01-ODEG-03.jpeg 1000w\" data-sizes=\"auto\" data-orig-sizes=\"(max-width: 600px) 100vw, 600px\" \/><\/a><p id=\"caption-attachment-418224\" class=\"wp-caption-text\"><em>1. August 2025, 19.50 Uhr \u2013 die letzte Abfahrt von Paulinenaue in Richtung Flughafen BER. Eine Mitfahrerin gab es sogar. Dann verlie\u00df der Zug den Bahnhof und das Signal sprang auf Rot. Foto: D. Heidenreich.<\/em><\/p><\/div>\n<div id=\"attachment_418231\" style=\"width: 359px\" class=\"wp-caption alignnone\"><a href=\"https:\/\/paulinenaue.info\/wp-content\/uploads\/2025\/08\/2025-08-01-ODEG-10.jpeg\"><img decoding=\"async\" aria-describedby=\"caption-attachment-418231\" data-attachment-id=\"418231\" data-permalink=\"https:\/\/paulinenaue.info\/index.php\/der-letzte-zug-in-diesem-jahr\/2025-08-01-odeg-10\/\" data-orig-file=\"https:\/\/paulinenaue.info\/wp-content\/uploads\/2025\/08\/2025-08-01-ODEG-10.jpeg\" data-orig-size=\"560,1000\" data-comments-opened=\"1\" data-image-meta=\"{&quot;aperture&quot;:&quot;0&quot;,&quot;credit&quot;:&quot;&quot;,&quot;camera&quot;:&quot;&quot;,&quot;caption&quot;:&quot;&quot;,&quot;created_timestamp&quot;:&quot;1754094127&quot;,&quot;copyright&quot;:&quot;&quot;,&quot;focal_length&quot;:&quot;0&quot;,&quot;iso&quot;:&quot;0&quot;,&quot;shutter_speed&quot;:&quot;0&quot;,&quot;title&quot;:&quot;&quot;,&quot;orientation&quot;:&quot;1&quot;}\" data-image-title=\"2025-08-01, ODEG, 10\" data-image-description=\"\" data-image-caption=\"\" data-large-file=\"https:\/\/paulinenaue.info\/wp-content\/uploads\/2025\/08\/2025-08-01-ODEG-10.jpeg\" class=\"lazyload wp-image-418231\" src=\"https:\/\/paulinenaue.info\/wp-content\/uploads\/2025\/08\/2025-08-01-ODEG-10.jpeg\" data-orig-src=\"https:\/\/paulinenaue.info\/wp-content\/uploads\/2025\/08\/2025-08-01-ODEG-10.jpeg\" alt=\"\" width=\"349\" height=\"623\" srcset=\"data:image\/svg+xml,%3Csvg%20xmlns%3D%27http%3A%2F%2Fwww.w3.org%2F2000%2Fsvg%27%20width%3D%27349%27%20height%3D%27623%27%20viewBox%3D%270%200%20349%20623%27%3E%3Crect%20width%3D%27349%27%20height%3D%27623%27%20fill-opacity%3D%220%22%2F%3E%3C%2Fsvg%3E\" data-srcset=\"https:\/\/paulinenaue.info\/wp-content\/uploads\/2025\/08\/2025-08-01-ODEG-10-168x300.jpeg 168w, https:\/\/paulinenaue.info\/wp-content\/uploads\/2025\/08\/2025-08-01-ODEG-10-200x357.jpeg 200w, https:\/\/paulinenaue.info\/wp-content\/uploads\/2025\/08\/2025-08-01-ODEG-10-400x714.jpeg 400w, https:\/\/paulinenaue.info\/wp-content\/uploads\/2025\/08\/2025-08-01-ODEG-10.jpeg 560w\" data-sizes=\"auto\" data-orig-sizes=\"(max-width: 349px) 100vw, 349px\" \/><\/a><p id=\"caption-attachment-418231\" class=\"wp-caption-text\"><em>Ehrensache: Die letzte Bahn ab Paulinenaue fuhr  p\u00fcnktlich ab! <\/em><\/p><\/div>\n<p><a href=\"https:\/\/paulinenaue.info\/wp-content\/uploads\/2025\/08\/2025-08-01-ODEG-05.jpeg\"><img decoding=\"async\" data-attachment-id=\"418226\" data-permalink=\"https:\/\/paulinenaue.info\/index.php\/der-letzte-zug-in-diesem-jahr\/2025-08-01-odeg-05\/\" data-orig-file=\"https:\/\/paulinenaue.info\/wp-content\/uploads\/2025\/08\/2025-08-01-ODEG-05.jpeg\" data-orig-size=\"1000,750\" data-comments-opened=\"1\" data-image-meta=\"{&quot;aperture&quot;:&quot;0&quot;,&quot;credit&quot;:&quot;&quot;,&quot;camera&quot;:&quot;&quot;,&quot;caption&quot;:&quot;&quot;,&quot;created_timestamp&quot;:&quot;1754094139&quot;,&quot;copyright&quot;:&quot;&quot;,&quot;focal_length&quot;:&quot;0&quot;,&quot;iso&quot;:&quot;0&quot;,&quot;shutter_speed&quot;:&quot;0&quot;,&quot;title&quot;:&quot;&quot;,&quot;orientation&quot;:&quot;1&quot;}\" data-image-title=\"2025-08-01, ODEG, 05\" data-image-description=\"\" data-image-caption=\"\" data-large-file=\"https:\/\/paulinenaue.info\/wp-content\/uploads\/2025\/08\/2025-08-01-ODEG-05.jpeg\" class=\"lazyload wp-image-418226 size-fusion-600\" src=\"https:\/\/paulinenaue.info\/wp-content\/uploads\/2025\/08\/2025-08-01-ODEG-05-600x450.jpeg\" data-orig-src=\"https:\/\/paulinenaue.info\/wp-content\/uploads\/2025\/08\/2025-08-01-ODEG-05-600x450.jpeg\" alt=\"\" width=\"600\" height=\"450\" srcset=\"data:image\/svg+xml,%3Csvg%20xmlns%3D%27http%3A%2F%2Fwww.w3.org%2F2000%2Fsvg%27%20width%3D%27600%27%20height%3D%27450%27%20viewBox%3D%270%200%20600%20450%27%3E%3Crect%20width%3D%27600%27%20height%3D%27450%27%20fill-opacity%3D%220%22%2F%3E%3C%2Fsvg%3E\" data-srcset=\"https:\/\/paulinenaue.info\/wp-content\/uploads\/2025\/08\/2025-08-01-ODEG-05-200x150.jpeg 200w, https:\/\/paulinenaue.info\/wp-content\/uploads\/2025\/08\/2025-08-01-ODEG-05-300x225.jpeg 300w, https:\/\/paulinenaue.info\/wp-content\/uploads\/2025\/08\/2025-08-01-ODEG-05-400x300.jpeg 400w, https:\/\/paulinenaue.info\/wp-content\/uploads\/2025\/08\/2025-08-01-ODEG-05-600x450.jpeg 600w, https:\/\/paulinenaue.info\/wp-content\/uploads\/2025\/08\/2025-08-01-ODEG-05-768x576.jpeg 768w, https:\/\/paulinenaue.info\/wp-content\/uploads\/2025\/08\/2025-08-01-ODEG-05-800x600.jpeg 800w, https:\/\/paulinenaue.info\/wp-content\/uploads\/2025\/08\/2025-08-01-ODEG-05.jpeg 1000w\" data-sizes=\"auto\" data-orig-sizes=\"(max-width: 600px) 100vw, 600px\" \/><\/a><br \/>\n<em>Ab jetzt gilt Schienenersatzverkehr. Foto: D. Heidenreich, 2025.<\/em>&nbsp;<\/p>\n","protected":false},"excerpt":{"rendered":"<p>Mit der neunmonatigen Generalsanierung der Deutschen Bahn kommt von heute [&hellip;]<\/p>\n","protected":false},"author":1,"featured_media":418224,"comment_status":"open","ping_status":"open","sticky":false,"template":"","format":"standard","meta":{"_acf_changed":false,"_price":"","_stock":"","_tribe_ticket_header":"","_tribe_default_ticket_provider":"","_tribe_ticket_capacity":"0","_ticket_start_date":"","_ticket_end_date":"","_tribe_ticket_show_description":"","_tribe_ticket_show_not_going":false,"_tribe_ticket_use_global_stock":"","_tribe_ticket_global_stock_level":"","_global_stock_mode":"","_global_stock_cap":"","_tribe_rsvp_for_event":"","_tribe_ticket_going_count":"","_tribe_ticket_not_going_count":"","_tribe_tickets_list":"[]","_tribe_ticket_has_attendee_info_fields":false,"jetpack_post_was_ever_published":false,"_jetpack_newsletter_access":"","_jetpack_dont_email_post_to_subs":false,"_jetpack_newsletter_tier_id":0,"_jetpack_memberships_contains_paywalled_content":false,"_jetpack_memberships_contains_paid_content":false,"footnotes":"","jetpack_publicize_message":"","jetpack_publicize_feature_enabled":true,"jetpack_social_post_already_shared":true,"jetpack_social_options":{"image_generator_settings":{"template":"highway","default_image_id":0,"font":"","enabled":false},"version":2}},"categories":[280,102,9],"tags":[633],"class_list":["post-418218","post","type-post","status-publish","format-standard","has-post-thumbnail","hentry","category-bahnhof","category-eisenbahn","category-neuigkeiten","tag-deutsche"],"acf":[],"yoast_head":"<!-- This site is optimized with the Yoast SEO plugin v27.5 - https:\/\/yoast.com\/product\/yoast-seo-wordpress\/ -->\n<title>Der letzte Zug in diesem Jahr - Paulinenaue<\/title>\n<meta name=\"description\" content=\"Mit der Generalsanierung der Deutschen Bahn kommt ab heute auf Paulinenaue etwas zu. Bericht von den letzten Bahnabfahrten am 1. August.\" \/>\n<meta name=\"robots\" content=\"index, follow, max-snippet:-1, max-image-preview:large, max-video-preview:-1\" \/>\n<link rel=\"canonical\" href=\"https:\/\/paulinenaue.info\/index.php\/der-letzte-zug-in-diesem-jahr\/\" \/>\n<meta property=\"og:locale\" content=\"de_DE\" \/>\n<meta property=\"og:type\" content=\"article\" \/>\n<meta property=\"og:title\" content=\"Der letzte Zug in diesem Jahr - Paulinenaue\" \/>\n<meta property=\"og:description\" content=\"Mit der Generalsanierung der Deutschen Bahn kommt ab heute auf Paulinenaue etwas zu. Bericht von den letzten Bahnabfahrten am 1. August.\" \/>\n<meta property=\"og:url\" content=\"https:\/\/paulinenaue.info\/index.php\/der-letzte-zug-in-diesem-jahr\/\" \/>\n<meta property=\"og:site_name\" content=\"Paulinenaue\" \/>\n<meta property=\"article:published_time\" content=\"2025-08-01T23:15:49+00:00\" \/>\n<meta property=\"og:image\" content=\"https:\/\/paulinenaue.info\/wp-content\/uploads\/2025\/08\/2025-08-01-ODEG-03.jpeg\" \/>\n\t<meta property=\"og:image:width\" content=\"1000\" \/>\n\t<meta property=\"og:image:height\" content=\"750\" \/>\n\t<meta property=\"og:image:type\" content=\"image\/jpeg\" \/>\n<meta name=\"author\" content=\"Joachim Scholz\" \/>\n<meta name=\"twitter:card\" content=\"summary_large_image\" \/>\n<meta name=\"twitter:label1\" content=\"Verfasst von\" \/>\n\t<meta name=\"twitter:data1\" content=\"Joachim Scholz\" \/>\n\t<meta name=\"twitter:label2\" content=\"Gesch\u00e4tzte Lesezeit\" \/>\n\t<meta name=\"twitter:data2\" content=\"3\u00a0Minuten\" \/>\n<script type=\"application\/ld+json\" class=\"yoast-schema-graph\">{\"@context\":\"https:\\\/\\\/schema.org\",\"@graph\":[{\"@type\":\"Article\",\"@id\":\"https:\\\/\\\/paulinenaue.info\\\/index.php\\\/der-letzte-zug-in-diesem-jahr\\\/#article\",\"isPartOf\":{\"@id\":\"https:\\\/\\\/paulinenaue.info\\\/index.php\\\/der-letzte-zug-in-diesem-jahr\\\/\"},\"author\":{\"name\":\"Joachim Scholz\",\"@id\":\"https:\\\/\\\/paulinenaue.info\\\/#\\\/schema\\\/person\\\/3f9e818fd7b69b0d2bd937ac506897cc\"},\"headline\":\"Der letzte Zug in diesem Jahr\",\"datePublished\":\"2025-08-01T23:15:49+00:00\",\"mainEntityOfPage\":{\"@id\":\"https:\\\/\\\/paulinenaue.info\\\/index.php\\\/der-letzte-zug-in-diesem-jahr\\\/\"},\"wordCount\":223,\"commentCount\":0,\"image\":{\"@id\":\"https:\\\/\\\/paulinenaue.info\\\/index.php\\\/der-letzte-zug-in-diesem-jahr\\\/#primaryimage\"},\"thumbnailUrl\":\"https:\\\/\\\/paulinenaue.info\\\/wp-content\\\/uploads\\\/2025\\\/08\\\/2025-08-01-ODEG-03.jpeg\",\"keywords\":[\"Deutsche\"],\"articleSection\":[\"Bahnhof\",\"Eisenbahn\",\"Neuigkeiten\"],\"inLanguage\":\"de\",\"potentialAction\":[{\"@type\":\"CommentAction\",\"name\":\"Comment\",\"target\":[\"https:\\\/\\\/paulinenaue.info\\\/index.php\\\/der-letzte-zug-in-diesem-jahr\\\/#respond\"]}]},{\"@type\":\"WebPage\",\"@id\":\"https:\\\/\\\/paulinenaue.info\\\/index.php\\\/der-letzte-zug-in-diesem-jahr\\\/\",\"url\":\"https:\\\/\\\/paulinenaue.info\\\/index.php\\\/der-letzte-zug-in-diesem-jahr\\\/\",\"name\":\"Der letzte Zug in diesem Jahr - Paulinenaue\",\"isPartOf\":{\"@id\":\"https:\\\/\\\/paulinenaue.info\\\/#website\"},\"primaryImageOfPage\":{\"@id\":\"https:\\\/\\\/paulinenaue.info\\\/index.php\\\/der-letzte-zug-in-diesem-jahr\\\/#primaryimage\"},\"image\":{\"@id\":\"https:\\\/\\\/paulinenaue.info\\\/index.php\\\/der-letzte-zug-in-diesem-jahr\\\/#primaryimage\"},\"thumbnailUrl\":\"https:\\\/\\\/paulinenaue.info\\\/wp-content\\\/uploads\\\/2025\\\/08\\\/2025-08-01-ODEG-03.jpeg\",\"datePublished\":\"2025-08-01T23:15:49+00:00\",\"author\":{\"@id\":\"https:\\\/\\\/paulinenaue.info\\\/#\\\/schema\\\/person\\\/3f9e818fd7b69b0d2bd937ac506897cc\"},\"description\":\"Mit der Generalsanierung der Deutschen Bahn kommt ab heute auf Paulinenaue etwas zu. Bericht von den letzten Bahnabfahrten am 1. August.\",\"breadcrumb\":{\"@id\":\"https:\\\/\\\/paulinenaue.info\\\/index.php\\\/der-letzte-zug-in-diesem-jahr\\\/#breadcrumb\"},\"inLanguage\":\"de\",\"potentialAction\":[{\"@type\":\"ReadAction\",\"target\":[\"https:\\\/\\\/paulinenaue.info\\\/index.php\\\/der-letzte-zug-in-diesem-jahr\\\/\"]}]},{\"@type\":\"ImageObject\",\"inLanguage\":\"de\",\"@id\":\"https:\\\/\\\/paulinenaue.info\\\/index.php\\\/der-letzte-zug-in-diesem-jahr\\\/#primaryimage\",\"url\":\"https:\\\/\\\/paulinenaue.info\\\/wp-content\\\/uploads\\\/2025\\\/08\\\/2025-08-01-ODEG-03.jpeg\",\"contentUrl\":\"https:\\\/\\\/paulinenaue.info\\\/wp-content\\\/uploads\\\/2025\\\/08\\\/2025-08-01-ODEG-03.jpeg\",\"width\":1000,\"height\":750},{\"@type\":\"BreadcrumbList\",\"@id\":\"https:\\\/\\\/paulinenaue.info\\\/index.php\\\/der-letzte-zug-in-diesem-jahr\\\/#breadcrumb\",\"itemListElement\":[{\"@type\":\"ListItem\",\"position\":1,\"name\":\"Home\",\"item\":\"https:\\\/\\\/paulinenaue.info\\\/\"},{\"@type\":\"ListItem\",\"position\":2,\"name\":\"Der letzte Zug in diesem Jahr\"}]},{\"@type\":\"WebSite\",\"@id\":\"https:\\\/\\\/paulinenaue.info\\\/#website\",\"url\":\"https:\\\/\\\/paulinenaue.info\\\/\",\"name\":\"Paulinenaue\",\"description\":\"Ein Dorf im Havelland\",\"potentialAction\":[{\"@type\":\"SearchAction\",\"target\":{\"@type\":\"EntryPoint\",\"urlTemplate\":\"https:\\\/\\\/paulinenaue.info\\\/?s={search_term_string}\"},\"query-input\":{\"@type\":\"PropertyValueSpecification\",\"valueRequired\":true,\"valueName\":\"search_term_string\"}}],\"inLanguage\":\"de\"},{\"@type\":\"Person\",\"@id\":\"https:\\\/\\\/paulinenaue.info\\\/#\\\/schema\\\/person\\\/3f9e818fd7b69b0d2bd937ac506897cc\",\"name\":\"Joachim Scholz\",\"url\":\"https:\\\/\\\/paulinenaue.info\\\/index.php\\\/author\\\/jjscholz\\\/\"}]}<\/script>\n<!-- \/ Yoast SEO plugin. -->","yoast_head_json":{"title":"Der letzte Zug in diesem Jahr - Paulinenaue","description":"Mit der Generalsanierung der Deutschen Bahn kommt ab heute auf Paulinenaue etwas zu. Bericht von den letzten Bahnabfahrten am 1. August.","robots":{"index":"index","follow":"follow","max-snippet":"max-snippet:-1","max-image-preview":"max-image-preview:large","max-video-preview":"max-video-preview:-1"},"canonical":"https:\/\/paulinenaue.info\/index.php\/der-letzte-zug-in-diesem-jahr\/","og_locale":"de_DE","og_type":"article","og_title":"Der letzte Zug in diesem Jahr - Paulinenaue","og_description":"Mit der Generalsanierung der Deutschen Bahn kommt ab heute auf Paulinenaue etwas zu. Bericht von den letzten Bahnabfahrten am 1. August.","og_url":"https:\/\/paulinenaue.info\/index.php\/der-letzte-zug-in-diesem-jahr\/","og_site_name":"Paulinenaue","article_published_time":"2025-08-01T23:15:49+00:00","og_image":[{"width":1000,"height":750,"url":"https:\/\/paulinenaue.info\/wp-content\/uploads\/2025\/08\/2025-08-01-ODEG-03.jpeg","type":"image\/jpeg"}],"author":"Joachim Scholz","twitter_card":"summary_large_image","twitter_misc":{"Verfasst von":"Joachim Scholz","Gesch\u00e4tzte Lesezeit":"3\u00a0Minuten"},"schema":{"@context":"https:\/\/schema.org","@graph":[{"@type":"Article","@id":"https:\/\/paulinenaue.info\/index.php\/der-letzte-zug-in-diesem-jahr\/#article","isPartOf":{"@id":"https:\/\/paulinenaue.info\/index.php\/der-letzte-zug-in-diesem-jahr\/"},"author":{"name":"Joachim Scholz","@id":"https:\/\/paulinenaue.info\/#\/schema\/person\/3f9e818fd7b69b0d2bd937ac506897cc"},"headline":"Der letzte Zug in diesem Jahr","datePublished":"2025-08-01T23:15:49+00:00","mainEntityOfPage":{"@id":"https:\/\/paulinenaue.info\/index.php\/der-letzte-zug-in-diesem-jahr\/"},"wordCount":223,"commentCount":0,"image":{"@id":"https:\/\/paulinenaue.info\/index.php\/der-letzte-zug-in-diesem-jahr\/#primaryimage"},"thumbnailUrl":"https:\/\/paulinenaue.info\/wp-content\/uploads\/2025\/08\/2025-08-01-ODEG-03.jpeg","keywords":["Deutsche"],"articleSection":["Bahnhof","Eisenbahn","Neuigkeiten"],"inLanguage":"de","potentialAction":[{"@type":"CommentAction","name":"Comment","target":["https:\/\/paulinenaue.info\/index.php\/der-letzte-zug-in-diesem-jahr\/#respond"]}]},{"@type":"WebPage","@id":"https:\/\/paulinenaue.info\/index.php\/der-letzte-zug-in-diesem-jahr\/","url":"https:\/\/paulinenaue.info\/index.php\/der-letzte-zug-in-diesem-jahr\/","name":"Der letzte Zug in diesem Jahr - Paulinenaue","isPartOf":{"@id":"https:\/\/paulinenaue.info\/#website"},"primaryImageOfPage":{"@id":"https:\/\/paulinenaue.info\/index.php\/der-letzte-zug-in-diesem-jahr\/#primaryimage"},"image":{"@id":"https:\/\/paulinenaue.info\/index.php\/der-letzte-zug-in-diesem-jahr\/#primaryimage"},"thumbnailUrl":"https:\/\/paulinenaue.info\/wp-content\/uploads\/2025\/08\/2025-08-01-ODEG-03.jpeg","datePublished":"2025-08-01T23:15:49+00:00","author":{"@id":"https:\/\/paulinenaue.info\/#\/schema\/person\/3f9e818fd7b69b0d2bd937ac506897cc"},"description":"Mit der Generalsanierung der Deutschen Bahn kommt ab heute auf Paulinenaue etwas zu. Bericht von den letzten Bahnabfahrten am 1. August.","breadcrumb":{"@id":"https:\/\/paulinenaue.info\/index.php\/der-letzte-zug-in-diesem-jahr\/#breadcrumb"},"inLanguage":"de","potentialAction":[{"@type":"ReadAction","target":["https:\/\/paulinenaue.info\/index.php\/der-letzte-zug-in-diesem-jahr\/"]}]},{"@type":"ImageObject","inLanguage":"de","@id":"https:\/\/paulinenaue.info\/index.php\/der-letzte-zug-in-diesem-jahr\/#primaryimage","url":"https:\/\/paulinenaue.info\/wp-content\/uploads\/2025\/08\/2025-08-01-ODEG-03.jpeg","contentUrl":"https:\/\/paulinenaue.info\/wp-content\/uploads\/2025\/08\/2025-08-01-ODEG-03.jpeg","width":1000,"height":750},{"@type":"BreadcrumbList","@id":"https:\/\/paulinenaue.info\/index.php\/der-letzte-zug-in-diesem-jahr\/#breadcrumb","itemListElement":[{"@type":"ListItem","position":1,"name":"Home","item":"https:\/\/paulinenaue.info\/"},{"@type":"ListItem","position":2,"name":"Der letzte Zug in diesem Jahr"}]},{"@type":"WebSite","@id":"https:\/\/paulinenaue.info\/#website","url":"https:\/\/paulinenaue.info\/","name":"Paulinenaue","description":"Ein Dorf im Havelland","potentialAction":[{"@type":"SearchAction","target":{"@type":"EntryPoint","urlTemplate":"https:\/\/paulinenaue.info\/?s={search_term_string}"},"query-input":{"@type":"PropertyValueSpecification","valueRequired":true,"valueName":"search_term_string"}}],"inLanguage":"de"},{"@type":"Person","@id":"https:\/\/paulinenaue.info\/#\/schema\/person\/3f9e818fd7b69b0d2bd937ac506897cc","name":"Joachim Scholz","url":"https:\/\/paulinenaue.info\/index.php\/author\/jjscholz\/"}]}},"jetpack_publicize_connections":[],"jetpack_featured_media_url":"https:\/\/paulinenaue.info\/wp-content\/uploads\/2025\/08\/2025-08-01-ODEG-03.jpeg","jetpack_sharing_enabled":true,"jetpack_shortlink":"https:\/\/wp.me\/pcYhWA-1KNs","jetpack-related-posts":[{"id":417641,"url":"https:\/\/paulinenaue.info\/index.php\/die-bahn-baut-bei-paulinenaue\/","url_meta":{"origin":418218,"position":0},"title":"Die Bahn baut bei Paulinenaue","author":"Joachim Scholz","date":"13. Juli 2003","format":false,"excerpt":"06.07.2003. Am Montag, den 14. Juli 2003 beginnen intensive Bahnbauarbeiten an der Berlin-Hamburger Strecke. Der Schienenverkehr wird dann f\u00fcr mehrere Wochen eingestellt und bis zu 500 Bauarbeiter werden rund um die Uhr an der Ert\u00fcchtigung des Gleisk\u00f6rpers f\u00fcr Hochgeschwindigkeitsz\u00fcge arbeiten. Gemeinden, die wie Paulinenaue direkt von der Bahn durchquert werden,\u2026","rel":"","context":"In &quot;Bienenfarm&quot;","block_context":{"text":"Bienenfarm","link":"https:\/\/paulinenaue.info\/index.php\/category\/bienenfarm\/"},"img":{"alt_text":"","src":"https:\/\/i0.wp.com\/paulinenaue.info\/wp-content\/uploads\/2025\/03\/2003-07-06-Bruecke-an-der-Luchsiedlung-ES-01.jpeg?resize=350%2C200&ssl=1","width":350,"height":200,"srcset":"https:\/\/i0.wp.com\/paulinenaue.info\/wp-content\/uploads\/2025\/03\/2003-07-06-Bruecke-an-der-Luchsiedlung-ES-01.jpeg?resize=350%2C200&ssl=1 1x, https:\/\/i0.wp.com\/paulinenaue.info\/wp-content\/uploads\/2025\/03\/2003-07-06-Bruecke-an-der-Luchsiedlung-ES-01.jpeg?resize=525%2C300&ssl=1 1.5x, https:\/\/i0.wp.com\/paulinenaue.info\/wp-content\/uploads\/2025\/03\/2003-07-06-Bruecke-an-der-Luchsiedlung-ES-01.jpeg?resize=700%2C400&ssl=1 2x"},"classes":[]},{"id":2428,"url":"https:\/\/paulinenaue.info\/index.php\/die-bahn-baut-weiter-in-paulinenaue\/","url_meta":{"origin":418218,"position":1},"title":"Die Bahn baut weiter in Paulinenaue","author":"Joachim Scholz","date":"30. September 2003","format":false,"excerpt":"30.09.2003. Die Deutsche Bahn hat den Zugverkehr durch Paulinenaue wieder aufgenommen und die Bauarbeiterkolonnen ziehen aus Paulinenaue ab. Am Montag feierten 500 geladene G\u00e4ste das Ende des Gro\u00dfprojektes in einem lustigen Zipfelzelt in unserem Gutspark. Derweil wird schon mit dem Bau der neuen Bahnbr\u00fccke begonnen.","rel":"","context":"In &quot;Dorfentwicklung&quot;","block_context":{"text":"Dorfentwicklung","link":"https:\/\/paulinenaue.info\/index.php\/category\/dorfentwicklung\/"},"img":{"alt_text":"","src":"https:\/\/i0.wp.com\/paulinenaue.info\/wp-content\/uploads\/2003\/09\/20030930_brueckenbau-01.jpg?resize=350%2C200&ssl=1","width":350,"height":200,"srcset":"https:\/\/i0.wp.com\/paulinenaue.info\/wp-content\/uploads\/2003\/09\/20030930_brueckenbau-01.jpg?resize=350%2C200&ssl=1 1x, https:\/\/i0.wp.com\/paulinenaue.info\/wp-content\/uploads\/2003\/09\/20030930_brueckenbau-01.jpg?resize=525%2C300&ssl=1 1.5x, https:\/\/i0.wp.com\/paulinenaue.info\/wp-content\/uploads\/2003\/09\/20030930_brueckenbau-01.jpg?resize=700%2C400&ssl=1 2x"},"classes":[]},{"id":186,"url":"https:\/\/paulinenaue.info\/index.php\/die-stillgelegte-bahnlinie-paulinenaue-fehrbellin-1\/","url_meta":{"origin":418218,"position":2},"title":"Die stillgelegte Bahnlinie Paulinenaue-Fehrbellin 1997","author":"Joachim Scholz","date":"17. Juni 2003","format":false,"excerpt":"Die Nebenstrecke der Berlin-Hamburger Eisenbahn zwischen Paulinenaue und Neuruppin besteht seit 1880. Die Paulinenauer Ortschronik von G\u00fcnther Wacker vermerkt: \u201eVon Nauen aus konnte man mit der ,Pauline\u2018 direkt bis Neuruppin fahren. Der Zug f\u00fchrte nur zwei Personenwagen. Wenn er allerdings noch viele G\u00fcterwaggons hintergeh\u00e4ngt hatte, konnte die Fahrt ab Paulinenaue\u2026","rel":"","context":"In &quot;Eisenbahn&quot;","block_context":{"text":"Eisenbahn","link":"https:\/\/paulinenaue.info\/index.php\/category\/eisenbahn\/"},"img":{"alt_text":"Blick zur\u00fcck zum Bahnhof Paulinenaue","src":"https:\/\/i0.wp.com\/paulinenaue.info\/wp-content\/uploads\/2017\/06\/02-002.jpg?resize=350%2C200&ssl=1","width":350,"height":200,"srcset":"https:\/\/i0.wp.com\/paulinenaue.info\/wp-content\/uploads\/2017\/06\/02-002.jpg?resize=350%2C200&ssl=1 1x, https:\/\/i0.wp.com\/paulinenaue.info\/wp-content\/uploads\/2017\/06\/02-002.jpg?resize=525%2C300&ssl=1 1.5x, https:\/\/i0.wp.com\/paulinenaue.info\/wp-content\/uploads\/2017\/06\/02-002.jpg?resize=700%2C400&ssl=1 2x"},"classes":[]},{"id":209,"url":"https:\/\/paulinenaue.info\/index.php\/bahnhof-paulinenaue-geschichte\/","url_meta":{"origin":418218,"position":3},"title":"Warum Paulinenaue einen Bahnhof hat \u2013 auf Spurensuche in der fr\u00fchen Ortsgeschichte","author":"Joachim Scholz","date":"1. September 2005","format":false,"excerpt":"Sp\u00e4rlich ist die \u00dcberlieferung aus den fr\u00fchen Tagen unseres Dorfes. In den Jahren, als Paulinenaue noch als Bardelebens Meierei ein winziges Vorwerk von Selbelang war, wird es lediglich als ein Fleckchen erw\u00e4hnt, das bei den Grabenschauen im Kanal f\u00fcr \u00c4rger sorgte. Herr von Bardeleben k\u00fcmmerte sich oft genug zu wenig\u2026","rel":"","context":"In &quot;Bahnhof&quot;","block_context":{"text":"Bahnhof","link":"https:\/\/paulinenaue.info\/index.php\/category\/bahnhof\/"},"img":{"alt_text":"","src":"https:\/\/i0.wp.com\/paulinenaue.info\/wp-content\/uploads\/2016\/03\/1839_urmesstischblatt_01-e1743242895203.jpg?resize=350%2C200&ssl=1","width":350,"height":200,"srcset":"https:\/\/i0.wp.com\/paulinenaue.info\/wp-content\/uploads\/2016\/03\/1839_urmesstischblatt_01-e1743242895203.jpg?resize=350%2C200&ssl=1 1x, https:\/\/i0.wp.com\/paulinenaue.info\/wp-content\/uploads\/2016\/03\/1839_urmesstischblatt_01-e1743242895203.jpg?resize=525%2C300&ssl=1 1.5x"},"classes":[]},{"id":189,"url":"https:\/\/paulinenaue.info\/index.php\/50-jahre-heizhausschornstein-wir-erinnern-an-die-erstbesteigung-des-hoechsten-paulinenauer-bauwerks\/","url_meta":{"origin":418218,"position":4},"title":"50 Jahre Heizhausschornstein 2013 \u2013 Wir erinnern an die Erstbesteigung des h\u00f6chsten Paulinenauer Bauwerks","author":"Joachim Scholz","date":"25. August 2013","format":false,"excerpt":"Joachim Scholz Der Schornstein am Heizhaus ist (2013) 50 Jahre alt und 34 Meter hoch. \u201eDass Du da nicht wieder hochkletterst\u201c, warnt Gerlinde Schmidt ihren Mann noch kurz vor unserem Fototermin am alten Heizhaus. Vielleicht war es vor 50 Jahren \u00e4hnlich, als beide sich noch gar nicht lange kannten und\u2026","rel":"","context":"In &quot;Dorfentwicklung&quot;","block_context":{"text":"Dorfentwicklung","link":"https:\/\/paulinenaue.info\/index.php\/category\/dorfentwicklung\/"},"img":{"alt_text":"","src":"https:\/\/i0.wp.com\/paulinenaue.info\/wp-content\/uploads\/2016\/03\/schornstein_20130825_01.jpg?resize=350%2C200&ssl=1","width":350,"height":200},"classes":[]},{"id":168,"url":"https:\/\/paulinenaue.info\/index.php\/konsumabriss-oeffnet-wieder-den-blick-auf-den-bahnhof\/","url_meta":{"origin":418218,"position":5},"title":"Konsumabriss \u00f6ffnet wieder den Blick auf den Bahnhof","author":"Joachim Scholz","date":"8. Oktober 2010","format":false,"excerpt":"08.10.2010. Mehr als 34 Jahren war das Paulinenauer Bahnhofsgeb\u00e4ude durch den Konsum aus DDR-Zeiten verdeckt. F\u00fcr die \u00e4sthetischen Aspekte, die die historische Dorfentwicklung aufwies, gab es damals kaum Verst\u00e4ndnis. Doch seit am Freitag die Giebelfront des im Abriss befindlichen Flachbaus fiel, \u00f6ffnet sich wieder der Blick auf das imposante, wenn\u2026","rel":"","context":"In &quot;Bahnhof&quot;","block_context":{"text":"Bahnhof","link":"https:\/\/paulinenaue.info\/index.php\/category\/bahnhof\/"},"img":{"alt_text":"","src":"https:\/\/i0.wp.com\/paulinenaue.info\/wp-content\/uploads\/2016\/03\/20101008_sichtachse_bahnhof_02.jpg?resize=350%2C200&ssl=1","width":350,"height":200},"classes":[]}],"_links":{"self":[{"href":"https:\/\/paulinenaue.info\/index.php\/wp-json\/wp\/v2\/posts\/418218","targetHints":{"allow":["GET"]}}],"collection":[{"href":"https:\/\/paulinenaue.info\/index.php\/wp-json\/wp\/v2\/posts"}],"about":[{"href":"https:\/\/paulinenaue.info\/index.php\/wp-json\/wp\/v2\/types\/post"}],"author":[{"embeddable":true,"href":"https:\/\/paulinenaue.info\/index.php\/wp-json\/wp\/v2\/users\/1"}],"replies":[{"embeddable":true,"href":"https:\/\/paulinenaue.info\/index.php\/wp-json\/wp\/v2\/comments?post=418218"}],"version-history":[{"count":13,"href":"https:\/\/paulinenaue.info\/index.php\/wp-json\/wp\/v2\/posts\/418218\/revisions"}],"predecessor-version":[{"id":418245,"href":"https:\/\/paulinenaue.info\/index.php\/wp-json\/wp\/v2\/posts\/418218\/revisions\/418245"}],"wp:featuredmedia":[{"embeddable":true,"href":"https:\/\/paulinenaue.info\/index.php\/wp-json\/wp\/v2\/media\/418224"}],"wp:attachment":[{"href":"https:\/\/paulinenaue.info\/index.php\/wp-json\/wp\/v2\/media?parent=418218"}],"wp:term":[{"taxonomy":"category","embeddable":true,"href":"https:\/\/paulinenaue.info\/index.php\/wp-json\/wp\/v2\/categories?post=418218"},{"taxonomy":"post_tag","embeddable":true,"href":"https:\/\/paulinenaue.info\/index.php\/wp-json\/wp\/v2\/tags?post=418218"}],"curies":[{"name":"wp","href":"https:\/\/api.w.org\/{rel}","templated":true}]}}