{"id":418247,"date":"2025-09-13T21:40:05","date_gmt":"2025-09-13T19:40:05","guid":{"rendered":"https:\/\/paulinenaue.info\/?p=418247"},"modified":"2025-09-13T23:19:20","modified_gmt":"2025-09-13T21:19:20","slug":"ein-schwerer-brand-erschuettert-paulinenaue","status":"publish","type":"post","link":"https:\/\/paulinenaue.info\/index.php\/ein-schwerer-brand-erschuettert-paulinenaue\/","title":{"rendered":"Ein schwerer Brand ersch\u00fcttert Paulinenaue"},"content":{"rendered":"<p>Am sp\u00e4ten Samstag-Nachmittag ereignete sich in Paulinenaue der vielleicht schwerste Hausbrand seiner Geschichte, mit Sicherheit der dramatischste. Noch nach Einbruch der Dunkelheit dauerten die L\u00f6scharbeiten an. Personen kamen aber offenbar nicht zu Schaden.<\/p>\n<p>Der ehemalige so genannte ,Russenblock\u2018, der letzte und gr\u00f6\u00dfte zu DDR-Zeiten errichtete Wohnblock, der derzeit <a href=\"https:\/\/www.maz-online.de\/lokales\/havelland\/friesack\/paulinenaue-alter-plattenbau-wird-zum-innovationsprojekt-pauline-DH5MIIRNN2BI5ZKJNJ7F4OVR5U.html\">zu einem Effizienzhaus umgebaut<\/a> und daf\u00fcr aufgestockt wird, stand in Flammen. Betroffen war vor allem das Dach, wo nach Angaben von Augenzeugen bis gegen 15.00 Uhr Arbeiten stattgefunden hatten. Einige Zeit nachdem die Bauarbeiter die Baustelle verlassen hatten, begann es gegen 17.00 Uhr auf dem Dach zu brennen. Wenig sp\u00e4ter zog bereits dicker schwarzer Qualm \u00fcber das Dorf, der auch von den Nachbard\u00f6rfern aus zu sehen war. Rettungs- und Einsatzfahrzeuge f\u00fcllten die Prof.-Mitscherlichallee und den Lindenweg.<\/p>\n<p>Bei dem sich rasch ausbreitenden Brand kam es mehrfach zu lautstarken Explosionen. Wahrscheinlich waren das die auf dem Dach aufgestellten W\u00e4rmepumpen. Eine Explosion soll sich just in dem Moment ereignet haben, als der Drehleiterkorb der Feuerwehr die Dachkante knapp erreicht hatte. Die Anwohner in der Stra\u00dfe Unter den Eichen sp\u00fcrten die Explosionen als Ersch\u00fctterungen in ihren Wohnungen, die Zuschauer sahen gigantische Feuerb\u00e4lle. Mancher f\u00fchlte sich dabei an Bilder aus dem Krieg erinnert.<\/p>\n<div id=\"attachment_418254\" style=\"width: 610px\" class=\"wp-caption alignnone\"><a href=\"https:\/\/paulinenaue.info\/wp-content\/uploads\/2025\/09\/DSC00405.jpeg\"><img decoding=\"async\" aria-describedby=\"caption-attachment-418254\" data-attachment-id=\"418254\" data-permalink=\"https:\/\/paulinenaue.info\/index.php\/ein-schwerer-brand-erschuettert-paulinenaue\/dsc00405\/\" data-orig-file=\"https:\/\/paulinenaue.info\/wp-content\/uploads\/2025\/09\/DSC00405.jpeg\" data-orig-size=\"1000,667\" data-comments-opened=\"1\" data-image-meta=\"{&quot;aperture&quot;:&quot;3.5&quot;,&quot;credit&quot;:&quot;&quot;,&quot;camera&quot;:&quot;DSC-RX10M3&quot;,&quot;caption&quot;:&quot;&quot;,&quot;created_timestamp&quot;:&quot;1757781491&quot;,&quot;copyright&quot;:&quot;&quot;,&quot;focal_length&quot;:&quot;8.8&quot;,&quot;iso&quot;:&quot;100&quot;,&quot;shutter_speed&quot;:&quot;0.004&quot;,&quot;title&quot;:&quot;&quot;,&quot;orientation&quot;:&quot;1&quot;}\" data-image-title=\"DSC00405\" data-image-description=\"\" data-image-caption=\"\" data-large-file=\"https:\/\/paulinenaue.info\/wp-content\/uploads\/2025\/09\/DSC00405.jpeg\" class=\"lazyload wp-image-418254 size-fusion-600\" src=\"https:\/\/paulinenaue.info\/wp-content\/uploads\/2025\/09\/DSC00405-600x400.jpeg\" data-orig-src=\"https:\/\/paulinenaue.info\/wp-content\/uploads\/2025\/09\/DSC00405-600x400.jpeg\" alt=\"\" width=\"600\" height=\"400\" srcset=\"data:image\/svg+xml,%3Csvg%20xmlns%3D%27http%3A%2F%2Fwww.w3.org%2F2000%2Fsvg%27%20width%3D%27600%27%20height%3D%27400%27%20viewBox%3D%270%200%20600%20400%27%3E%3Crect%20width%3D%27600%27%20height%3D%27400%27%20fill-opacity%3D%220%22%2F%3E%3C%2Fsvg%3E\" data-srcset=\"https:\/\/paulinenaue.info\/wp-content\/uploads\/2025\/09\/DSC00405-200x133.jpeg 200w, https:\/\/paulinenaue.info\/wp-content\/uploads\/2025\/09\/DSC00405-300x200.jpeg 300w, https:\/\/paulinenaue.info\/wp-content\/uploads\/2025\/09\/DSC00405-400x267.jpeg 400w, https:\/\/paulinenaue.info\/wp-content\/uploads\/2025\/09\/DSC00405-600x400.jpeg 600w, https:\/\/paulinenaue.info\/wp-content\/uploads\/2025\/09\/DSC00405-768x512.jpeg 768w, https:\/\/paulinenaue.info\/wp-content\/uploads\/2025\/09\/DSC00405-800x534.jpeg 800w, https:\/\/paulinenaue.info\/wp-content\/uploads\/2025\/09\/DSC00405.jpeg 1000w\" data-sizes=\"auto\" data-orig-sizes=\"(max-width: 600px) 100vw, 600px\" \/><\/a><p id=\"caption-attachment-418254\" class=\"wp-caption-text\"><em>Die Bewohner der Stra\u00dfe Unter den Eichen z\u00e4hlen zu den N\u00e4chstbetroffenen. Sie l\u00f6sten gegen 17.00 Uhr den Notruf 112 aus und sp\u00fcrten die Hitze des Brandes in ihren G\u00e4rten. Gl\u00fcck im Ungl\u00fcck: Der Wind trug den anfangs scharzen Qualm nach Norden \u00fcber die G\u00e4rten. Foto: J. Scholz 2025. <\/em><\/p><\/div>\n<p>Der Brand hat die Menschen von Paulinenaue auf die Stra\u00dfen getrieben. \u00dcberall standen Trauben von Leuten, die meisten filmen mit den Handys und suchen Stellen auf, von denen sich das unwirkliche Geschehen beobachten lie\u00df. Etwas anders stellte es sich sicherlich f\u00fcr Einsatzkr\u00e4fte der Feuerwehren dar, die noch nach Einbruch der Dunkelheit mit dem L\u00f6schen und der Organisation befasst waren und schwer zu tun hatten. Am Abend hatte sich das Feuer vom h\u00f6lzernen Dachstuhl aus in die Treppenh\u00e4user ausgebreitet. Von dort aus erfasste es auch Wohnungen, wie gegen 21.00 Uhr, als pl\u00f6tzlich eine Wohnung in der dritten Etage in Flammen stand.<\/p>\n<p class=\"jetpack-slideshow-noscript robots-nocontent\">Diese Diashow ben\u00f6tigt JavaScript.<\/p><div id=\"gallery-418247-1-slideshow\" class=\"jetpack-slideshow-window jetpack-slideshow jetpack-slideshow-black\" data-trans=\"fade\" data-autostart=\"1\" data-gallery=\"[{&quot;src&quot;:&quot;https:\\\/\\\/paulinenaue.info\\\/wp-content\\\/uploads\\\/2025\\\/09\\\/DSC00372.jpeg&quot;,&quot;id&quot;:&quot;418250&quot;,&quot;title&quot;:&quot;DSC00372&quot;,&quot;alt&quot;:&quot;&quot;,&quot;caption&quot;:&quot;Blick von den G\\u00e4rten auf den brennenden Block.&quot;,&quot;itemprop&quot;:&quot;image&quot;},{&quot;src&quot;:&quot;https:\\\/\\\/paulinenaue.info\\\/wp-content\\\/uploads\\\/2025\\\/09\\\/DSC00408.jpeg&quot;,&quot;id&quot;:&quot;418255&quot;,&quot;title&quot;:&quot;DSC00408&quot;,&quot;alt&quot;:&quot;&quot;,&quot;caption&quot;:&quot;Feuerwehr in der Prof.-Mitscherlich-Allee&quot;,&quot;itemprop&quot;:&quot;image&quot;},{&quot;src&quot;:&quot;https:\\\/\\\/paulinenaue.info\\\/wp-content\\\/uploads\\\/2025\\\/09\\\/DSC00336.jpeg&quot;,&quot;id&quot;:&quot;418257&quot;,&quot;title&quot;:&quot;DSC00336&quot;,&quot;alt&quot;:&quot;&quot;,&quot;caption&quot;:&quot;Um 17.45 Uhr war der Brand voll entwickelt.&quot;,&quot;itemprop&quot;:&quot;image&quot;},{&quot;src&quot;:&quot;https:\\\/\\\/paulinenaue.info\\\/wp-content\\\/uploads\\\/2025\\\/09\\\/DSC00418.jpeg&quot;,&quot;id&quot;:&quot;418256&quot;,&quot;title&quot;:&quot;DSC00418&quot;,&quot;alt&quot;:&quot;&quot;,&quot;caption&quot;:&quot;L\\u00f6scharbeiten von der Eisenbahnbr\\u00fcck aus.&quot;,&quot;itemprop&quot;:&quot;image&quot;},{&quot;src&quot;:&quot;https:\\\/\\\/paulinenaue.info\\\/wp-content\\\/uploads\\\/2025\\\/09\\\/DSC00394.jpeg&quot;,&quot;id&quot;:&quot;418253&quot;,&quot;title&quot;:&quot;DSC00394&quot;,&quot;alt&quot;:&quot;&quot;,&quot;caption&quot;:&quot;Brennendes D\\u00e4mmmaterial.&quot;,&quot;itemprop&quot;:&quot;image&quot;},{&quot;src&quot;:&quot;https:\\\/\\\/paulinenaue.info\\\/wp-content\\\/uploads\\\/2025\\\/09\\\/DSC00379.jpeg&quot;,&quot;id&quot;:&quot;418251&quot;,&quot;title&quot;:&quot;DSC00379&quot;,&quot;alt&quot;:&quot;&quot;,&quot;caption&quot;:&quot;Das D\\u00e4mmmaterial war erst am Mittwoch auf das Dach gebracht worden.&quot;,&quot;itemprop&quot;:&quot;image&quot;},{&quot;src&quot;:&quot;https:\\\/\\\/paulinenaue.info\\\/wp-content\\\/uploads\\\/2025\\\/09\\\/1__WhatsApp.jpg&quot;,&quot;id&quot;:&quot;418272&quot;,&quot;title&quot;:&quot;_1__WhatsApp&quot;,&quot;alt&quot;:&quot;&quot;,&quot;caption&quot;:&quot;Schwere Explosion auf dem Dachstuhl&quot;,&quot;itemprop&quot;:&quot;image&quot;},{&quot;src&quot;:&quot;https:\\\/\\\/paulinenaue.info\\\/wp-content\\\/uploads\\\/2025\\\/09\\\/DSC00389.jpeg&quot;,&quot;id&quot;:&quot;418252&quot;,&quot;title&quot;:&quot;DSC00389&quot;,&quot;alt&quot;:&quot;&quot;,&quot;caption&quot;:&quot;Einsatzkr\\u00e4fte Unter den Eichen.&quot;,&quot;itemprop&quot;:&quot;image&quot;},{&quot;src&quot;:&quot;https:\\\/\\\/paulinenaue.info\\\/wp-content\\\/uploads\\\/2025\\\/09\\\/DSC00364.jpeg&quot;,&quot;id&quot;:&quot;418249&quot;,&quot;title&quot;:&quot;DSC00364&quot;,&quot;alt&quot;:&quot;&quot;,&quot;caption&quot;:&quot;Dichter Qualm \\u00fcber den G\\u00e4rten.&quot;,&quot;itemprop&quot;:&quot;image&quot;},{&quot;src&quot;:&quot;https:\\\/\\\/paulinenaue.info\\\/wp-content\\\/uploads\\\/2025\\\/09\\\/Feuer-21.15-Uhr.jpeg&quot;,&quot;id&quot;:&quot;418259&quot;,&quot;title&quot;:&quot;Feuer, 21.15 Uhr&quot;,&quot;alt&quot;:&quot;&quot;,&quot;caption&quot;:&quot;Kurz nach 21.00 Uhr brennt es in der dritten Etage.&quot;,&quot;itemprop&quot;:&quot;image&quot;}]\" itemscope itemtype=\"https:\/\/schema.org\/ImageGallery\"><\/div>\n<p>Das Feuer ist zweifellos eine Katastrophe f\u00fcr das weit fortgeschrittene Sanierungsvorhaben und es ist noch \u00fcberhaupt nicht abzusehen, wie es damit weitergeht.<\/p>\n","protected":false},"excerpt":{"rendered":"<p>Am sp\u00e4ten Samstag-Nachmittag ereignete sich in Paulinenaue der vielleicht schwerste [&hellip;]<\/p>\n","protected":false},"author":1,"featured_media":418257,"comment_status":"open","ping_status":"open","sticky":false,"template":"","format":"standard","meta":{"_acf_changed":false,"_price":"","_stock":"","_tribe_ticket_header":"","_tribe_default_ticket_provider":"","_tribe_ticket_capacity":"0","_ticket_start_date":"","_ticket_end_date":"","_tribe_ticket_show_description":"","_tribe_ticket_show_not_going":false,"_tribe_ticket_use_global_stock":"","_tribe_ticket_global_stock_level":"","_global_stock_mode":"","_global_stock_cap":"","_tribe_rsvp_for_event":"","_tribe_ticket_going_count":"","_tribe_ticket_not_going_count":"","_tribe_tickets_list":"[]","_tribe_ticket_has_attendee_info_fields":false,"jetpack_post_was_ever_published":false,"_jetpack_newsletter_access":"","_jetpack_dont_email_post_to_subs":false,"_jetpack_newsletter_tier_id":0,"_jetpack_memberships_contains_paywalled_content":false,"_jetpack_memberships_contains_paid_content":false,"footnotes":"","jetpack_publicize_message":"","jetpack_publicize_feature_enabled":true,"jetpack_social_post_already_shared":true,"jetpack_social_options":{"image_generator_settings":{"template":"highway","default_image_id":0,"font":"","enabled":false},"version":2}},"categories":[1,16],"tags":[634,17],"class_list":["post-418247","post","type-post","status-publish","format-standard","has-post-thumbnail","hentry","category-allgemein","category-feuerwehr","tag-brand","tag-feuerwehr"],"acf":[],"yoast_head":"<!-- This site is optimized with the Yoast SEO plugin v27.4 - https:\/\/yoast.com\/product\/yoast-seo-wordpress\/ -->\n<title>Ein schwerer Brand ersch\u00fcttert Paulinenaue - Paulinenaue<\/title>\n<meta name=\"description\" content=\"Am Samstag ereignete sich in Paulinenaue der vielleicht schwerste Hausbrand seiner Geschichte. Das Dach eines Wohnblocks stand in Flammen.\" \/>\n<meta name=\"robots\" content=\"index, follow, max-snippet:-1, max-image-preview:large, max-video-preview:-1\" \/>\n<link rel=\"canonical\" href=\"https:\/\/paulinenaue.info\/index.php\/ein-schwerer-brand-erschuettert-paulinenaue\/\" \/>\n<meta property=\"og:locale\" content=\"de_DE\" \/>\n<meta property=\"og:type\" content=\"article\" \/>\n<meta property=\"og:title\" content=\"Ein schwerer Brand ersch\u00fcttert Paulinenaue - Paulinenaue\" \/>\n<meta property=\"og:description\" content=\"Am Samstag ereignete sich in Paulinenaue der vielleicht schwerste Hausbrand seiner Geschichte. Das Dach eines Wohnblocks stand in Flammen.\" \/>\n<meta property=\"og:url\" content=\"https:\/\/paulinenaue.info\/index.php\/ein-schwerer-brand-erschuettert-paulinenaue\/\" \/>\n<meta property=\"og:site_name\" content=\"Paulinenaue\" \/>\n<meta property=\"article:published_time\" content=\"2025-09-13T19:40:05+00:00\" \/>\n<meta property=\"article:modified_time\" content=\"2025-09-13T21:19:20+00:00\" \/>\n<meta property=\"og:image\" content=\"https:\/\/paulinenaue.info\/wp-content\/uploads\/2025\/09\/DSC00336.jpeg\" \/>\n\t<meta property=\"og:image:width\" content=\"1000\" \/>\n\t<meta property=\"og:image:height\" content=\"667\" \/>\n\t<meta property=\"og:image:type\" content=\"image\/jpeg\" \/>\n<meta name=\"author\" content=\"Joachim Scholz\" \/>\n<meta name=\"twitter:card\" content=\"summary_large_image\" \/>\n<meta name=\"twitter:label1\" content=\"Verfasst von\" \/>\n\t<meta name=\"twitter:data1\" content=\"Joachim Scholz\" \/>\n\t<meta name=\"twitter:label2\" content=\"Gesch\u00e4tzte Lesezeit\" \/>\n\t<meta name=\"twitter:data2\" content=\"3\u00a0Minuten\" \/>\n<script type=\"application\/ld+json\" class=\"yoast-schema-graph\">{\"@context\":\"https:\\\/\\\/schema.org\",\"@graph\":[{\"@type\":\"Article\",\"@id\":\"https:\\\/\\\/paulinenaue.info\\\/index.php\\\/ein-schwerer-brand-erschuettert-paulinenaue\\\/#article\",\"isPartOf\":{\"@id\":\"https:\\\/\\\/paulinenaue.info\\\/index.php\\\/ein-schwerer-brand-erschuettert-paulinenaue\\\/\"},\"author\":{\"name\":\"Joachim Scholz\",\"@id\":\"https:\\\/\\\/paulinenaue.info\\\/#\\\/schema\\\/person\\\/3f9e818fd7b69b0d2bd937ac506897cc\"},\"headline\":\"Ein schwerer Brand ersch\u00fcttert Paulinenaue\",\"datePublished\":\"2025-09-13T19:40:05+00:00\",\"dateModified\":\"2025-09-13T21:19:20+00:00\",\"mainEntityOfPage\":{\"@id\":\"https:\\\/\\\/paulinenaue.info\\\/index.php\\\/ein-schwerer-brand-erschuettert-paulinenaue\\\/\"},\"wordCount\":408,\"commentCount\":0,\"image\":{\"@id\":\"https:\\\/\\\/paulinenaue.info\\\/index.php\\\/ein-schwerer-brand-erschuettert-paulinenaue\\\/#primaryimage\"},\"thumbnailUrl\":\"https:\\\/\\\/paulinenaue.info\\\/wp-content\\\/uploads\\\/2025\\\/09\\\/DSC00336.jpeg\",\"keywords\":[\"Brand\",\"Feuerwehr\"],\"articleSection\":{\"1\":\"Feuerwehr\"},\"inLanguage\":\"de\",\"potentialAction\":[{\"@type\":\"CommentAction\",\"name\":\"Comment\",\"target\":[\"https:\\\/\\\/paulinenaue.info\\\/index.php\\\/ein-schwerer-brand-erschuettert-paulinenaue\\\/#respond\"]}]},{\"@type\":\"WebPage\",\"@id\":\"https:\\\/\\\/paulinenaue.info\\\/index.php\\\/ein-schwerer-brand-erschuettert-paulinenaue\\\/\",\"url\":\"https:\\\/\\\/paulinenaue.info\\\/index.php\\\/ein-schwerer-brand-erschuettert-paulinenaue\\\/\",\"name\":\"Ein schwerer Brand ersch\u00fcttert Paulinenaue - Paulinenaue\",\"isPartOf\":{\"@id\":\"https:\\\/\\\/paulinenaue.info\\\/#website\"},\"primaryImageOfPage\":{\"@id\":\"https:\\\/\\\/paulinenaue.info\\\/index.php\\\/ein-schwerer-brand-erschuettert-paulinenaue\\\/#primaryimage\"},\"image\":{\"@id\":\"https:\\\/\\\/paulinenaue.info\\\/index.php\\\/ein-schwerer-brand-erschuettert-paulinenaue\\\/#primaryimage\"},\"thumbnailUrl\":\"https:\\\/\\\/paulinenaue.info\\\/wp-content\\\/uploads\\\/2025\\\/09\\\/DSC00336.jpeg\",\"datePublished\":\"2025-09-13T19:40:05+00:00\",\"dateModified\":\"2025-09-13T21:19:20+00:00\",\"author\":{\"@id\":\"https:\\\/\\\/paulinenaue.info\\\/#\\\/schema\\\/person\\\/3f9e818fd7b69b0d2bd937ac506897cc\"},\"description\":\"Am Samstag ereignete sich in Paulinenaue der vielleicht schwerste Hausbrand seiner Geschichte. Das Dach eines Wohnblocks stand in Flammen.\",\"breadcrumb\":{\"@id\":\"https:\\\/\\\/paulinenaue.info\\\/index.php\\\/ein-schwerer-brand-erschuettert-paulinenaue\\\/#breadcrumb\"},\"inLanguage\":\"de\",\"potentialAction\":[{\"@type\":\"ReadAction\",\"target\":[\"https:\\\/\\\/paulinenaue.info\\\/index.php\\\/ein-schwerer-brand-erschuettert-paulinenaue\\\/\"]}]},{\"@type\":\"ImageObject\",\"inLanguage\":\"de\",\"@id\":\"https:\\\/\\\/paulinenaue.info\\\/index.php\\\/ein-schwerer-brand-erschuettert-paulinenaue\\\/#primaryimage\",\"url\":\"https:\\\/\\\/paulinenaue.info\\\/wp-content\\\/uploads\\\/2025\\\/09\\\/DSC00336.jpeg\",\"contentUrl\":\"https:\\\/\\\/paulinenaue.info\\\/wp-content\\\/uploads\\\/2025\\\/09\\\/DSC00336.jpeg\",\"width\":1000,\"height\":667,\"caption\":\"Um 17.45 Uhr war der Brand voll entwickelt.\"},{\"@type\":\"BreadcrumbList\",\"@id\":\"https:\\\/\\\/paulinenaue.info\\\/index.php\\\/ein-schwerer-brand-erschuettert-paulinenaue\\\/#breadcrumb\",\"itemListElement\":[{\"@type\":\"ListItem\",\"position\":1,\"name\":\"Home\",\"item\":\"https:\\\/\\\/paulinenaue.info\\\/\"},{\"@type\":\"ListItem\",\"position\":2,\"name\":\"Ein schwerer Brand ersch\u00fcttert Paulinenaue\"}]},{\"@type\":\"WebSite\",\"@id\":\"https:\\\/\\\/paulinenaue.info\\\/#website\",\"url\":\"https:\\\/\\\/paulinenaue.info\\\/\",\"name\":\"Paulinenaue\",\"description\":\"Ein Dorf im Havelland\",\"potentialAction\":[{\"@type\":\"SearchAction\",\"target\":{\"@type\":\"EntryPoint\",\"urlTemplate\":\"https:\\\/\\\/paulinenaue.info\\\/?s={search_term_string}\"},\"query-input\":{\"@type\":\"PropertyValueSpecification\",\"valueRequired\":true,\"valueName\":\"search_term_string\"}}],\"inLanguage\":\"de\"},{\"@type\":\"Person\",\"@id\":\"https:\\\/\\\/paulinenaue.info\\\/#\\\/schema\\\/person\\\/3f9e818fd7b69b0d2bd937ac506897cc\",\"name\":\"Joachim Scholz\",\"url\":\"https:\\\/\\\/paulinenaue.info\\\/index.php\\\/author\\\/jjscholz\\\/\"}]}<\/script>\n<!-- \/ Yoast SEO plugin. -->","yoast_head_json":{"title":"Ein schwerer Brand ersch\u00fcttert Paulinenaue - Paulinenaue","description":"Am Samstag ereignete sich in Paulinenaue der vielleicht schwerste Hausbrand seiner Geschichte. Das Dach eines Wohnblocks stand in Flammen.","robots":{"index":"index","follow":"follow","max-snippet":"max-snippet:-1","max-image-preview":"max-image-preview:large","max-video-preview":"max-video-preview:-1"},"canonical":"https:\/\/paulinenaue.info\/index.php\/ein-schwerer-brand-erschuettert-paulinenaue\/","og_locale":"de_DE","og_type":"article","og_title":"Ein schwerer Brand ersch\u00fcttert Paulinenaue - Paulinenaue","og_description":"Am Samstag ereignete sich in Paulinenaue der vielleicht schwerste Hausbrand seiner Geschichte. Das Dach eines Wohnblocks stand in Flammen.","og_url":"https:\/\/paulinenaue.info\/index.php\/ein-schwerer-brand-erschuettert-paulinenaue\/","og_site_name":"Paulinenaue","article_published_time":"2025-09-13T19:40:05+00:00","article_modified_time":"2025-09-13T21:19:20+00:00","og_image":[{"width":1000,"height":667,"url":"https:\/\/paulinenaue.info\/wp-content\/uploads\/2025\/09\/DSC00336.jpeg","type":"image\/jpeg"}],"author":"Joachim Scholz","twitter_card":"summary_large_image","twitter_misc":{"Verfasst von":"Joachim Scholz","Gesch\u00e4tzte Lesezeit":"3\u00a0Minuten"},"schema":{"@context":"https:\/\/schema.org","@graph":[{"@type":"Article","@id":"https:\/\/paulinenaue.info\/index.php\/ein-schwerer-brand-erschuettert-paulinenaue\/#article","isPartOf":{"@id":"https:\/\/paulinenaue.info\/index.php\/ein-schwerer-brand-erschuettert-paulinenaue\/"},"author":{"name":"Joachim Scholz","@id":"https:\/\/paulinenaue.info\/#\/schema\/person\/3f9e818fd7b69b0d2bd937ac506897cc"},"headline":"Ein schwerer Brand ersch\u00fcttert Paulinenaue","datePublished":"2025-09-13T19:40:05+00:00","dateModified":"2025-09-13T21:19:20+00:00","mainEntityOfPage":{"@id":"https:\/\/paulinenaue.info\/index.php\/ein-schwerer-brand-erschuettert-paulinenaue\/"},"wordCount":408,"commentCount":0,"image":{"@id":"https:\/\/paulinenaue.info\/index.php\/ein-schwerer-brand-erschuettert-paulinenaue\/#primaryimage"},"thumbnailUrl":"https:\/\/paulinenaue.info\/wp-content\/uploads\/2025\/09\/DSC00336.jpeg","keywords":["Brand","Feuerwehr"],"articleSection":{"1":"Feuerwehr"},"inLanguage":"de","potentialAction":[{"@type":"CommentAction","name":"Comment","target":["https:\/\/paulinenaue.info\/index.php\/ein-schwerer-brand-erschuettert-paulinenaue\/#respond"]}]},{"@type":"WebPage","@id":"https:\/\/paulinenaue.info\/index.php\/ein-schwerer-brand-erschuettert-paulinenaue\/","url":"https:\/\/paulinenaue.info\/index.php\/ein-schwerer-brand-erschuettert-paulinenaue\/","name":"Ein schwerer Brand ersch\u00fcttert Paulinenaue - Paulinenaue","isPartOf":{"@id":"https:\/\/paulinenaue.info\/#website"},"primaryImageOfPage":{"@id":"https:\/\/paulinenaue.info\/index.php\/ein-schwerer-brand-erschuettert-paulinenaue\/#primaryimage"},"image":{"@id":"https:\/\/paulinenaue.info\/index.php\/ein-schwerer-brand-erschuettert-paulinenaue\/#primaryimage"},"thumbnailUrl":"https:\/\/paulinenaue.info\/wp-content\/uploads\/2025\/09\/DSC00336.jpeg","datePublished":"2025-09-13T19:40:05+00:00","dateModified":"2025-09-13T21:19:20+00:00","author":{"@id":"https:\/\/paulinenaue.info\/#\/schema\/person\/3f9e818fd7b69b0d2bd937ac506897cc"},"description":"Am Samstag ereignete sich in Paulinenaue der vielleicht schwerste Hausbrand seiner Geschichte. Das Dach eines Wohnblocks stand in Flammen.","breadcrumb":{"@id":"https:\/\/paulinenaue.info\/index.php\/ein-schwerer-brand-erschuettert-paulinenaue\/#breadcrumb"},"inLanguage":"de","potentialAction":[{"@type":"ReadAction","target":["https:\/\/paulinenaue.info\/index.php\/ein-schwerer-brand-erschuettert-paulinenaue\/"]}]},{"@type":"ImageObject","inLanguage":"de","@id":"https:\/\/paulinenaue.info\/index.php\/ein-schwerer-brand-erschuettert-paulinenaue\/#primaryimage","url":"https:\/\/paulinenaue.info\/wp-content\/uploads\/2025\/09\/DSC00336.jpeg","contentUrl":"https:\/\/paulinenaue.info\/wp-content\/uploads\/2025\/09\/DSC00336.jpeg","width":1000,"height":667,"caption":"Um 17.45 Uhr war der Brand voll entwickelt."},{"@type":"BreadcrumbList","@id":"https:\/\/paulinenaue.info\/index.php\/ein-schwerer-brand-erschuettert-paulinenaue\/#breadcrumb","itemListElement":[{"@type":"ListItem","position":1,"name":"Home","item":"https:\/\/paulinenaue.info\/"},{"@type":"ListItem","position":2,"name":"Ein schwerer Brand ersch\u00fcttert Paulinenaue"}]},{"@type":"WebSite","@id":"https:\/\/paulinenaue.info\/#website","url":"https:\/\/paulinenaue.info\/","name":"Paulinenaue","description":"Ein Dorf im Havelland","potentialAction":[{"@type":"SearchAction","target":{"@type":"EntryPoint","urlTemplate":"https:\/\/paulinenaue.info\/?s={search_term_string}"},"query-input":{"@type":"PropertyValueSpecification","valueRequired":true,"valueName":"search_term_string"}}],"inLanguage":"de"},{"@type":"Person","@id":"https:\/\/paulinenaue.info\/#\/schema\/person\/3f9e818fd7b69b0d2bd937ac506897cc","name":"Joachim Scholz","url":"https:\/\/paulinenaue.info\/index.php\/author\/jjscholz\/"}]}},"jetpack_publicize_connections":[],"jetpack_featured_media_url":"https:\/\/paulinenaue.info\/wp-content\/uploads\/2025\/09\/DSC00336.jpeg","jetpack_sharing_enabled":true,"jetpack_shortlink":"https:\/\/wp.me\/pcYhWA-1KNV","jetpack-related-posts":[{"id":143058,"url":"https:\/\/paulinenaue.info\/index.php\/erfolgreicher-dorfputz\/","url_meta":{"origin":418247,"position":0},"title":"Erfolgreicher Dorfputz","author":"Sarah","date":"26. April 2022","format":false,"excerpt":"","rel":"","context":"In &quot;Gemeinde Paulinenaue&quot;","block_context":{"text":"Gemeinde Paulinenaue","link":"https:\/\/paulinenaue.info\/index.php\/category\/gemeinde-paulinenaue\/"},"img":{"alt_text":"","src":"https:\/\/i0.wp.com\/paulinenaue.info\/wp-content\/uploads\/2022\/04\/IMG-20220409-WA0000.jpg?resize=350%2C200&ssl=1","width":350,"height":200,"srcset":"https:\/\/i0.wp.com\/paulinenaue.info\/wp-content\/uploads\/2022\/04\/IMG-20220409-WA0000.jpg?resize=350%2C200&ssl=1 1x, https:\/\/i0.wp.com\/paulinenaue.info\/wp-content\/uploads\/2022\/04\/IMG-20220409-WA0000.jpg?resize=525%2C300&ssl=1 1.5x, https:\/\/i0.wp.com\/paulinenaue.info\/wp-content\/uploads\/2022\/04\/IMG-20220409-WA0000.jpg?resize=700%2C400&ssl=1 2x"},"classes":[]},{"id":5662,"url":"https:\/\/paulinenaue.info\/index.php\/jahresrueckblick-feuerwehr\/","url_meta":{"origin":418247,"position":1},"title":"Jahresr\u00fcckblick Feuerwehr","author":"Christian Gnewikow","date":"15. Januar 2021","format":false,"excerpt":"Auch hinter unserer Feuerwehr liegt ein denkw\u00fcrdiges und in jeder Hinsicht au\u00dfergew\u00f6hnliches Jahr, auf das wir hier einmal zur\u00fcckblicken wollen. Begonnen hat das Jahr 2020 eher unaufgeregt. So konnten wir noch am 25. Januar in gewohnter Weise unser Weihnachtsbaumverbrennen feiern. Die Planungen f\u00fcr weitere Aktivit\u00e4ten liefen schon auf Hochtouren: wir\u2026","rel":"","context":"In &quot;Allgemein&quot;","block_context":{"text":"Allgemein","link":"https:\/\/paulinenaue.info\/index.php\/category\/allgemein\/"},"img":{"alt_text":"","src":"https:\/\/i0.wp.com\/paulinenaue.info\/wp-content\/uploads\/2021\/01\/01-WBV-300x225.jpg?resize=350%2C200&ssl=1","width":350,"height":200},"classes":[]},{"id":125,"url":"https:\/\/paulinenaue.info\/index.php\/weihnachtsbaumverbrennen-2013\/","url_meta":{"origin":418247,"position":2},"title":"Weihnachtsbaumverbrennen 2013","author":"Joachim Scholz","date":"22. M\u00e4rz 2016","format":false,"excerpt":"Arne Breder 26.01.2013. Schon zu einer kleinen Tradition geworden ist das Verbrennen der Weihnachtsb\u00e4ume bei der Feuerwehr Paulinenaue. In diesem Jahr war der Termin etwas sp\u00e4ter als sonst, aber es ging leider nicht anders. Die am Vormittag eingesammelten B\u00e4ume (ca. 50 St\u00fcck) wurden zu einem gro\u00dfen Haufen aufget\u00fcrmt. Um ca.\u2026","rel":"","context":"In &quot;Feuerwehr&quot;","block_context":{"text":"Feuerwehr","link":"https:\/\/paulinenaue.info\/index.php\/category\/feuerwehr\/"},"img":{"alt_text":"","src":"https:\/\/i0.wp.com\/paulinenaue.info\/wp-content\/uploads\/2016\/03\/20130126_weihnachtsbaumverbrennen_05_ab.jpg?resize=350%2C200&ssl=1","width":350,"height":200},"classes":[]},{"id":4768,"url":"https:\/\/paulinenaue.info\/index.php\/die-waehlergruppe-der-feuerwehr-im-buergerforum\/","url_meta":{"origin":418247,"position":3},"title":"Die W\u00e4hlergruppe der Feuerwehr im B\u00fcrgerforum","author":"Joachim Scholz","date":"13. Mai 2019","format":false,"excerpt":"von Arne Breder Am 8. Mai hatte die W\u00e4hlergruppe der Feuerwehr Paulinenaue um 19 Uhr zum B\u00fcrgerforum eingeladen. Was wir damals bei der Terminfindung nicht wussten, dass am gleichen Abend in der Kita sowie in der Schule Termine angesetzt waren.\u00a0Als um zehn vor sieben Uhr nur f\u00fcnf Paulinenauer anwesend waren,\u2026","rel":"","context":"In &quot;Allgemein&quot;","block_context":{"text":"Allgemein","link":"https:\/\/paulinenaue.info\/index.php\/category\/allgemein\/"},"img":{"alt_text":"","src":"https:\/\/i0.wp.com\/paulinenaue.info\/wp-content\/uploads\/2019\/05\/waehlergruppe-ffpaue.jpg?resize=350%2C200","width":350,"height":200,"srcset":"https:\/\/i0.wp.com\/paulinenaue.info\/wp-content\/uploads\/2019\/05\/waehlergruppe-ffpaue.jpg?resize=350%2C200 1x, https:\/\/i0.wp.com\/paulinenaue.info\/wp-content\/uploads\/2019\/05\/waehlergruppe-ffpaue.jpg?resize=525%2C300 1.5x, https:\/\/i0.wp.com\/paulinenaue.info\/wp-content\/uploads\/2019\/05\/waehlergruppe-ffpaue.jpg?resize=700%2C400 2x"},"classes":[]},{"id":2350,"url":"https:\/\/paulinenaue.info\/index.php\/heizhausdach-eingestuerzt\/","url_meta":{"origin":418247,"position":4},"title":"Heizhausdach eingest\u00fcrzt","author":"Joachim Scholz","date":"7. September 2018","format":false,"excerpt":"Es ist nicht so leicht, die Mitte von Paulinenaue zu bestimmen. Ohne seine Ortsteile genommen, zieht das eigentliche Dorf sich fast drei Kilometer schlauchf\u00f6rmig von der ehemaligen Milchviehanlage (MVA) bis zum Rothen Husaren die Stra\u00dfe entlang. Mittendrin liegen, wie man'n nimmt, der Bahnhof oder die Feuerwehr oder sogar die Kirche.\u2026","rel":"","context":"In &quot;Allgemein&quot;","block_context":{"text":"Allgemein","link":"https:\/\/paulinenaue.info\/index.php\/category\/allgemein\/"},"img":{"alt_text":"","src":"https:\/\/i0.wp.com\/paulinenaue.info\/wp-content\/uploads\/2018\/09\/2018-09-02-Heinzhaus-Paulinenaue.jpg?resize=350%2C200&ssl=1","width":350,"height":200,"srcset":"https:\/\/i0.wp.com\/paulinenaue.info\/wp-content\/uploads\/2018\/09\/2018-09-02-Heinzhaus-Paulinenaue.jpg?resize=350%2C200&ssl=1 1x, https:\/\/i0.wp.com\/paulinenaue.info\/wp-content\/uploads\/2018\/09\/2018-09-02-Heinzhaus-Paulinenaue.jpg?resize=525%2C300&ssl=1 1.5x, https:\/\/i0.wp.com\/paulinenaue.info\/wp-content\/uploads\/2018\/09\/2018-09-02-Heinzhaus-Paulinenaue.jpg?resize=700%2C400&ssl=1 2x"},"classes":[]},{"id":416973,"url":"https:\/\/paulinenaue.info\/index.php\/kultur-zum-jahresende-der-paulinenauer-weihnachtsmarkt\/","url_meta":{"origin":418247,"position":5},"title":"Kultur zum Jahresende \u2013\u00a0Der Paulinenauer Weihnachtsmarkt","author":"Joachim Scholz","date":"1. Dezember 2024","format":false,"excerpt":"Am Ende dieses Jahr standen und stehen in Paulinenaue einige kulturelle Highlights auf der Tagesordnung. Wir feierten das hundertste Gemeindejubil\u00e4um, erlebten Stunden der Besinnlichkeit beim Martinsfest oder\u00a0 die j\u00e4hrliche Andacht f\u00fcr die \u00fcbers Jahr Verstorbenen auf dem Friedhof. Das Dorfbild zeigte mit dem\u00a0Arrangement aus B\u00e4nken und Tisch vor der Schule\u2026","rel":"","context":"In &quot;Allgemein&quot;","block_context":{"text":"Allgemein","link":"https:\/\/paulinenaue.info\/index.php\/category\/allgemein\/"},"img":{"alt_text":"","src":"https:\/\/i0.wp.com\/paulinenaue.info\/wp-content\/uploads\/2024\/12\/2024-11-30-Weihnachtsmarkt-04.jpeg?resize=350%2C200&ssl=1","width":350,"height":200,"srcset":"https:\/\/i0.wp.com\/paulinenaue.info\/wp-content\/uploads\/2024\/12\/2024-11-30-Weihnachtsmarkt-04.jpeg?resize=350%2C200&ssl=1 1x, https:\/\/i0.wp.com\/paulinenaue.info\/wp-content\/uploads\/2024\/12\/2024-11-30-Weihnachtsmarkt-04.jpeg?resize=525%2C300&ssl=1 1.5x, https:\/\/i0.wp.com\/paulinenaue.info\/wp-content\/uploads\/2024\/12\/2024-11-30-Weihnachtsmarkt-04.jpeg?resize=700%2C400&ssl=1 2x"},"classes":[]}],"_links":{"self":[{"href":"https:\/\/paulinenaue.info\/index.php\/wp-json\/wp\/v2\/posts\/418247","targetHints":{"allow":["GET"]}}],"collection":[{"href":"https:\/\/paulinenaue.info\/index.php\/wp-json\/wp\/v2\/posts"}],"about":[{"href":"https:\/\/paulinenaue.info\/index.php\/wp-json\/wp\/v2\/types\/post"}],"author":[{"embeddable":true,"href":"https:\/\/paulinenaue.info\/index.php\/wp-json\/wp\/v2\/users\/1"}],"replies":[{"embeddable":true,"href":"https:\/\/paulinenaue.info\/index.php\/wp-json\/wp\/v2\/comments?post=418247"}],"version-history":[{"count":18,"href":"https:\/\/paulinenaue.info\/index.php\/wp-json\/wp\/v2\/posts\/418247\/revisions"}],"predecessor-version":[{"id":418277,"href":"https:\/\/paulinenaue.info\/index.php\/wp-json\/wp\/v2\/posts\/418247\/revisions\/418277"}],"wp:featuredmedia":[{"embeddable":true,"href":"https:\/\/paulinenaue.info\/index.php\/wp-json\/wp\/v2\/media\/418257"}],"wp:attachment":[{"href":"https:\/\/paulinenaue.info\/index.php\/wp-json\/wp\/v2\/media?parent=418247"}],"wp:term":[{"taxonomy":"category","embeddable":true,"href":"https:\/\/paulinenaue.info\/index.php\/wp-json\/wp\/v2\/categories?post=418247"},{"taxonomy":"post_tag","embeddable":true,"href":"https:\/\/paulinenaue.info\/index.php\/wp-json\/wp\/v2\/tags?post=418247"}],"curies":[{"name":"wp","href":"https:\/\/api.w.org\/{rel}","templated":true}]}}