{"id":418279,"date":"2025-09-15T19:32:10","date_gmt":"2025-09-15T17:32:10","guid":{"rendered":"https:\/\/paulinenaue.info\/?p=418279"},"modified":"2025-09-15T19:32:10","modified_gmt":"2025-09-15T17:32:10","slug":"sommerausflug-der-volkssolidaritaet","status":"publish","type":"post","link":"https:\/\/paulinenaue.info\/index.php\/sommerausflug-der-volkssolidaritaet\/","title":{"rendered":"Sommerausflug der Volkssolidarit\u00e4t"},"content":{"rendered":"<p>Text: Helga Henning<\/p>\n<p>Am Morgen des 20.08.2025 trafen sich 68 Seniorinnen und Senioren zum diesj\u00e4hrigen Sommerausflug der Volkssolidarit\u00e4t. Unser Ziel war die Kaiser &#8211; und Hansestadt Tangerm\u00fcnde.<\/p>\n<p>Nach einer F\u00fchrung durch die Altstadt, wollten wir eine Dampferfahrt auf der Elbe machen. Da aber die Elbe Niedrigwasser f\u00fchrt, musste diese in Tangerm\u00fcnde ausfallen. Was nun \u2026<\/p>\n<p>Die Reederei Kaiser bot uns als Alternative, eine Fahrt auf der Havel in Havelberg an. Also auf nach Havelberg. Nach einem schmackhaften Mittagessen, das auf dem Dampfer serviert wurde, schipperten wir die Havel entlang. Es war wieder ein interessanter Tag mit Super Wetter, leckerem Essen und guter Stimmung.<\/p>\n<div id=\"attachment_418280\" style=\"width: 310px\" class=\"wp-caption alignleft\"><a href=\"https:\/\/paulinenaue.info\/wp-content\/uploads\/2025\/09\/IMG_8265.jpg\"><img decoding=\"async\" aria-describedby=\"caption-attachment-418280\" data-attachment-id=\"418280\" data-permalink=\"https:\/\/paulinenaue.info\/index.php\/sommerausflug-der-volkssolidaritaet\/img_8265\/\" data-orig-file=\"https:\/\/paulinenaue.info\/wp-content\/uploads\/2025\/09\/IMG_8265.jpg\" data-orig-size=\"1920,1080\" data-comments-opened=\"1\" data-image-meta=\"{&quot;aperture&quot;:&quot;1.78&quot;,&quot;credit&quot;:&quot;&quot;,&quot;camera&quot;:&quot;iPhone 15 Pro Max&quot;,&quot;caption&quot;:&quot;&quot;,&quot;created_timestamp&quot;:&quot;1755685232&quot;,&quot;copyright&quot;:&quot;&quot;,&quot;focal_length&quot;:&quot;6.7649998656528&quot;,&quot;iso&quot;:&quot;64&quot;,&quot;shutter_speed&quot;:&quot;0.00032299741602067&quot;,&quot;title&quot;:&quot;&quot;,&quot;orientation&quot;:&quot;1&quot;}\" data-image-title=\"&amp;#8212;IMG_8265\" data-image-description=\"\" data-image-caption=\"\" data-large-file=\"https:\/\/paulinenaue.info\/wp-content\/uploads\/2025\/09\/IMG_8265-1024x576.jpg\" class=\"lazyload wp-image-418280 size-medium\" src=\"https:\/\/paulinenaue.info\/wp-content\/uploads\/2025\/09\/IMG_8265-300x169.jpg\" data-orig-src=\"https:\/\/paulinenaue.info\/wp-content\/uploads\/2025\/09\/IMG_8265-300x169.jpg\" alt=\"W\u00e4hrend der Stadtf\u00fchrung konnte allerhand Spannendes \u00fcber Tangerm\u00fcndes Stadtgeschichte erfahren werden. Foto: Eberhard Schwarz.\" width=\"300\" height=\"169\" srcset=\"data:image\/svg+xml,%3Csvg%20xmlns%3D%27http%3A%2F%2Fwww.w3.org%2F2000%2Fsvg%27%20width%3D%27300%27%20height%3D%27169%27%20viewBox%3D%270%200%20300%20169%27%3E%3Crect%20width%3D%27300%27%20height%3D%27169%27%20fill-opacity%3D%220%22%2F%3E%3C%2Fsvg%3E\" data-srcset=\"https:\/\/paulinenaue.info\/wp-content\/uploads\/2025\/09\/IMG_8265-200x113.jpg 200w, https:\/\/paulinenaue.info\/wp-content\/uploads\/2025\/09\/IMG_8265-300x169.jpg 300w, https:\/\/paulinenaue.info\/wp-content\/uploads\/2025\/09\/IMG_8265-400x225.jpg 400w, https:\/\/paulinenaue.info\/wp-content\/uploads\/2025\/09\/IMG_8265-600x338.jpg 600w, https:\/\/paulinenaue.info\/wp-content\/uploads\/2025\/09\/IMG_8265-768x432.jpg 768w, https:\/\/paulinenaue.info\/wp-content\/uploads\/2025\/09\/IMG_8265-800x450.jpg 800w, https:\/\/paulinenaue.info\/wp-content\/uploads\/2025\/09\/IMG_8265-1024x576.jpg 1024w, https:\/\/paulinenaue.info\/wp-content\/uploads\/2025\/09\/IMG_8265-1200x675.jpg 1200w, https:\/\/paulinenaue.info\/wp-content\/uploads\/2025\/09\/IMG_8265-1536x864.jpg 1536w, https:\/\/paulinenaue.info\/wp-content\/uploads\/2025\/09\/IMG_8265.jpg 1920w\" data-sizes=\"auto\" data-orig-sizes=\"(max-width: 300px) 100vw, 300px\" \/><\/a><p id=\"caption-attachment-418280\" class=\"wp-caption-text\">W\u00e4hrend der Stadtf\u00fchrung konnte allerhand Spannendes \u00fcber Tangerm\u00fcndes Stadtgeschichte erfahren werden. Foto: Eberhard Schwarz.<\/p><\/div>\n<div id=\"attachment_418283\" style=\"width: 310px\" class=\"wp-caption alignright\"><a href=\"https:\/\/paulinenaue.info\/wp-content\/uploads\/2025\/09\/IMG_8283.jpg\"><img decoding=\"async\" aria-describedby=\"caption-attachment-418283\" data-attachment-id=\"418283\" data-permalink=\"https:\/\/paulinenaue.info\/index.php\/sommerausflug-der-volkssolidaritaet\/img_8283\/\" data-orig-file=\"https:\/\/paulinenaue.info\/wp-content\/uploads\/2025\/09\/IMG_8283.jpg\" data-orig-size=\"1920,1080\" data-comments-opened=\"1\" data-image-meta=\"{&quot;aperture&quot;:&quot;1.78&quot;,&quot;credit&quot;:&quot;&quot;,&quot;camera&quot;:&quot;iPhone 15 Pro Max&quot;,&quot;caption&quot;:&quot;&quot;,&quot;created_timestamp&quot;:&quot;1755686138&quot;,&quot;copyright&quot;:&quot;&quot;,&quot;focal_length&quot;:&quot;6.7649998656528&quot;,&quot;iso&quot;:&quot;64&quot;,&quot;shutter_speed&quot;:&quot;0.00065616797900262&quot;,&quot;title&quot;:&quot;&quot;,&quot;orientation&quot;:&quot;1&quot;}\" data-image-title=\"&amp;#8212;IMG_8283\" data-image-description=\"\" data-image-caption=\"\" data-large-file=\"https:\/\/paulinenaue.info\/wp-content\/uploads\/2025\/09\/IMG_8283-1024x576.jpg\" class=\"lazyload wp-image-418283 size-medium\" src=\"https:\/\/paulinenaue.info\/wp-content\/uploads\/2025\/09\/IMG_8283-300x169.jpg\" data-orig-src=\"https:\/\/paulinenaue.info\/wp-content\/uploads\/2025\/09\/IMG_8283-300x169.jpg\" alt=\"H\u00f6hepunkt war wohl die Besichtigung des Rathauses sowohl von innen als auch au\u00dfen, wo der vermeindichen Brandstifterin Grete Minde mit einer Statue gedacht wird. Foto: Eberhard Schwarz.\" width=\"300\" height=\"169\" srcset=\"data:image\/svg+xml,%3Csvg%20xmlns%3D%27http%3A%2F%2Fwww.w3.org%2F2000%2Fsvg%27%20width%3D%27300%27%20height%3D%27169%27%20viewBox%3D%270%200%20300%20169%27%3E%3Crect%20width%3D%27300%27%20height%3D%27169%27%20fill-opacity%3D%220%22%2F%3E%3C%2Fsvg%3E\" data-srcset=\"https:\/\/paulinenaue.info\/wp-content\/uploads\/2025\/09\/IMG_8283-200x113.jpg 200w, https:\/\/paulinenaue.info\/wp-content\/uploads\/2025\/09\/IMG_8283-300x169.jpg 300w, https:\/\/paulinenaue.info\/wp-content\/uploads\/2025\/09\/IMG_8283-400x225.jpg 400w, https:\/\/paulinenaue.info\/wp-content\/uploads\/2025\/09\/IMG_8283-600x338.jpg 600w, https:\/\/paulinenaue.info\/wp-content\/uploads\/2025\/09\/IMG_8283-768x432.jpg 768w, https:\/\/paulinenaue.info\/wp-content\/uploads\/2025\/09\/IMG_8283-800x450.jpg 800w, https:\/\/paulinenaue.info\/wp-content\/uploads\/2025\/09\/IMG_8283-1024x576.jpg 1024w, https:\/\/paulinenaue.info\/wp-content\/uploads\/2025\/09\/IMG_8283-1200x675.jpg 1200w, https:\/\/paulinenaue.info\/wp-content\/uploads\/2025\/09\/IMG_8283-1536x864.jpg 1536w, https:\/\/paulinenaue.info\/wp-content\/uploads\/2025\/09\/IMG_8283.jpg 1920w\" data-sizes=\"auto\" data-orig-sizes=\"(max-width: 300px) 100vw, 300px\" \/><\/a><p id=\"caption-attachment-418283\" class=\"wp-caption-text\">H\u00f6hepunkt war wohl die Besichtigung des Rathauses sowohl von innen als auch au\u00dfen, wo der vermeindichen Brandstifterin Grete Minde mit einer Statue gedacht wird. Foto: Eberhard Schwarz.<\/p><\/div>\n<div id=\"attachment_418284\" style=\"width: 310px\" class=\"wp-caption alignleft\"><a href=\"https:\/\/paulinenaue.info\/wp-content\/uploads\/2025\/09\/IMG_8349.jpg\"><img decoding=\"async\" aria-describedby=\"caption-attachment-418284\" data-attachment-id=\"418284\" data-permalink=\"https:\/\/paulinenaue.info\/index.php\/sommerausflug-der-volkssolidaritaet\/img_8349\/\" data-orig-file=\"https:\/\/paulinenaue.info\/wp-content\/uploads\/2025\/09\/IMG_8349.jpg\" data-orig-size=\"1920,1080\" data-comments-opened=\"1\" data-image-meta=\"{&quot;aperture&quot;:&quot;2.2&quot;,&quot;credit&quot;:&quot;&quot;,&quot;camera&quot;:&quot;iPhone 15 Pro Max&quot;,&quot;caption&quot;:&quot;&quot;,&quot;created_timestamp&quot;:&quot;1755689576&quot;,&quot;copyright&quot;:&quot;&quot;,&quot;focal_length&quot;:&quot;2.2200000286119&quot;,&quot;iso&quot;:&quot;50&quot;,&quot;shutter_speed&quot;:&quot;0.00032195750160979&quot;,&quot;title&quot;:&quot;&quot;,&quot;orientation&quot;:&quot;1&quot;}\" data-image-title=\"&amp;#8212;IMG_8349\" data-image-description=\"\" data-image-caption=\"\" data-large-file=\"https:\/\/paulinenaue.info\/wp-content\/uploads\/2025\/09\/IMG_8349-1024x576.jpg\" class=\"lazyload wp-image-418284 size-medium\" src=\"https:\/\/paulinenaue.info\/wp-content\/uploads\/2025\/09\/IMG_8349-300x169.jpg\" data-orig-src=\"https:\/\/paulinenaue.info\/wp-content\/uploads\/2025\/09\/IMG_8349-300x169.jpg\" alt=\"Vorbei ging es auch entlang der beeindruckenden Stadtmauer Tangerm\u00fcndes. Foto: Eberhard Schwarz.\" width=\"300\" height=\"169\" srcset=\"data:image\/svg+xml,%3Csvg%20xmlns%3D%27http%3A%2F%2Fwww.w3.org%2F2000%2Fsvg%27%20width%3D%27300%27%20height%3D%27169%27%20viewBox%3D%270%200%20300%20169%27%3E%3Crect%20width%3D%27300%27%20height%3D%27169%27%20fill-opacity%3D%220%22%2F%3E%3C%2Fsvg%3E\" data-srcset=\"https:\/\/paulinenaue.info\/wp-content\/uploads\/2025\/09\/IMG_8349-200x113.jpg 200w, https:\/\/paulinenaue.info\/wp-content\/uploads\/2025\/09\/IMG_8349-300x169.jpg 300w, https:\/\/paulinenaue.info\/wp-content\/uploads\/2025\/09\/IMG_8349-400x225.jpg 400w, https:\/\/paulinenaue.info\/wp-content\/uploads\/2025\/09\/IMG_8349-600x338.jpg 600w, https:\/\/paulinenaue.info\/wp-content\/uploads\/2025\/09\/IMG_8349-768x432.jpg 768w, https:\/\/paulinenaue.info\/wp-content\/uploads\/2025\/09\/IMG_8349-800x450.jpg 800w, https:\/\/paulinenaue.info\/wp-content\/uploads\/2025\/09\/IMG_8349-1024x576.jpg 1024w, https:\/\/paulinenaue.info\/wp-content\/uploads\/2025\/09\/IMG_8349-1200x675.jpg 1200w, https:\/\/paulinenaue.info\/wp-content\/uploads\/2025\/09\/IMG_8349-1536x864.jpg 1536w, https:\/\/paulinenaue.info\/wp-content\/uploads\/2025\/09\/IMG_8349.jpg 1920w\" data-sizes=\"auto\" data-orig-sizes=\"(max-width: 300px) 100vw, 300px\" \/><\/a><p id=\"caption-attachment-418284\" class=\"wp-caption-text\">Vorbei ging es auch entlang der beeindruckenden Stadtmauer Tangerm\u00fcndes. Foto: Eberhard Schwarz.<\/p><\/div>\n<div id=\"attachment_418281\" style=\"width: 310px\" class=\"wp-caption alignright\"><a href=\"https:\/\/paulinenaue.info\/wp-content\/uploads\/2025\/09\/IMG_8363.jpg\"><img decoding=\"async\" aria-describedby=\"caption-attachment-418281\" data-attachment-id=\"418281\" data-permalink=\"https:\/\/paulinenaue.info\/index.php\/sommerausflug-der-volkssolidaritaet\/img_8363\/\" data-orig-file=\"https:\/\/paulinenaue.info\/wp-content\/uploads\/2025\/09\/IMG_8363.jpg\" data-orig-size=\"1920,1080\" data-comments-opened=\"1\" data-image-meta=\"{&quot;aperture&quot;:&quot;1.78&quot;,&quot;credit&quot;:&quot;&quot;,&quot;camera&quot;:&quot;iPhone 15 Pro Max&quot;,&quot;caption&quot;:&quot;&quot;,&quot;created_timestamp&quot;:&quot;1755701310&quot;,&quot;copyright&quot;:&quot;&quot;,&quot;focal_length&quot;:&quot;6.7649998656528&quot;,&quot;iso&quot;:&quot;80&quot;,&quot;shutter_speed&quot;:&quot;9.5996928098301E-5&quot;,&quot;title&quot;:&quot;&quot;,&quot;orientation&quot;:&quot;1&quot;}\" data-image-title=\"&amp;#8212;IMG_8363\" data-image-description=\"\" data-image-caption=\"\" data-large-file=\"https:\/\/paulinenaue.info\/wp-content\/uploads\/2025\/09\/IMG_8363-1024x576.jpg\" class=\"lazyload wp-image-418281 size-medium\" src=\"https:\/\/paulinenaue.info\/wp-content\/uploads\/2025\/09\/IMG_8363-300x169.jpg\" data-orig-src=\"https:\/\/paulinenaue.info\/wp-content\/uploads\/2025\/09\/IMG_8363-300x169.jpg\" alt=\"Schiffahrt auf der Havel. Foto: Eberhard Schwarz.\" width=\"300\" height=\"169\" srcset=\"data:image\/svg+xml,%3Csvg%20xmlns%3D%27http%3A%2F%2Fwww.w3.org%2F2000%2Fsvg%27%20width%3D%27300%27%20height%3D%27169%27%20viewBox%3D%270%200%20300%20169%27%3E%3Crect%20width%3D%27300%27%20height%3D%27169%27%20fill-opacity%3D%220%22%2F%3E%3C%2Fsvg%3E\" data-srcset=\"https:\/\/paulinenaue.info\/wp-content\/uploads\/2025\/09\/IMG_8363-200x113.jpg 200w, https:\/\/paulinenaue.info\/wp-content\/uploads\/2025\/09\/IMG_8363-300x169.jpg 300w, https:\/\/paulinenaue.info\/wp-content\/uploads\/2025\/09\/IMG_8363-400x225.jpg 400w, https:\/\/paulinenaue.info\/wp-content\/uploads\/2025\/09\/IMG_8363-600x338.jpg 600w, https:\/\/paulinenaue.info\/wp-content\/uploads\/2025\/09\/IMG_8363-768x432.jpg 768w, https:\/\/paulinenaue.info\/wp-content\/uploads\/2025\/09\/IMG_8363-800x450.jpg 800w, https:\/\/paulinenaue.info\/wp-content\/uploads\/2025\/09\/IMG_8363-1024x576.jpg 1024w, https:\/\/paulinenaue.info\/wp-content\/uploads\/2025\/09\/IMG_8363-1200x675.jpg 1200w, https:\/\/paulinenaue.info\/wp-content\/uploads\/2025\/09\/IMG_8363-1536x864.jpg 1536w, https:\/\/paulinenaue.info\/wp-content\/uploads\/2025\/09\/IMG_8363.jpg 1920w\" data-sizes=\"auto\" data-orig-sizes=\"(max-width: 300px) 100vw, 300px\" \/><\/a><p id=\"caption-attachment-418281\" class=\"wp-caption-text\">Schiffahrt auf der Havel. Foto: Eberhard Schwarz.<\/p><\/div>\n","protected":false},"excerpt":{"rendered":"<p>Text: Helga Henning Am Morgen des 20.08.2025 trafen sich 68 [&hellip;]<\/p>\n","protected":false},"author":3,"featured_media":418282,"comment_status":"open","ping_status":"open","sticky":false,"template":"","format":"standard","meta":{"_acf_changed":false,"_price":"","_stock":"","_tribe_ticket_header":"","_tribe_default_ticket_provider":"","_tribe_ticket_capacity":"0","_ticket_start_date":"","_ticket_end_date":"","_tribe_ticket_show_description":"","_tribe_ticket_show_not_going":false,"_tribe_ticket_use_global_stock":"","_tribe_ticket_global_stock_level":"","_global_stock_mode":"","_global_stock_cap":"","_tribe_rsvp_for_event":"","_tribe_ticket_going_count":"","_tribe_ticket_not_going_count":"","_tribe_tickets_list":"[]","_tribe_ticket_has_attendee_info_fields":false,"jetpack_post_was_ever_published":false,"_jetpack_newsletter_access":"","_jetpack_dont_email_post_to_subs":false,"_jetpack_newsletter_tier_id":0,"_jetpack_memberships_contains_paywalled_content":false,"_jetpack_memberships_contains_paid_content":false,"footnotes":"","jetpack_publicize_message":"","jetpack_publicize_feature_enabled":true,"jetpack_social_post_already_shared":true,"jetpack_social_options":{"image_generator_settings":{"template":"highway","default_image_id":0,"font":"","enabled":false},"version":2}},"categories":[519,93,300],"tags":[635,523],"class_list":["post-418279","post","type-post","status-publish","format-standard","has-post-thumbnail","hentry","category-ehrenamt","category-veranstaltungen","category-volkssolidaritaet","tag-tangermuende","tag-volkssolidaritaet"],"acf":[],"yoast_head":"<!-- This site is optimized with the Yoast SEO plugin v27.4 - https:\/\/yoast.com\/product\/yoast-seo-wordpress\/ -->\n<title>Sommerausflug der Volkssolidarit\u00e4t - Paulinenaue<\/title>\n<meta name=\"robots\" content=\"index, follow, max-snippet:-1, max-image-preview:large, max-video-preview:-1\" \/>\n<link rel=\"canonical\" href=\"https:\/\/paulinenaue.info\/index.php\/sommerausflug-der-volkssolidaritaet\/\" \/>\n<meta property=\"og:locale\" content=\"de_DE\" \/>\n<meta property=\"og:type\" content=\"article\" \/>\n<meta property=\"og:title\" content=\"Sommerausflug der Volkssolidarit\u00e4t - Paulinenaue\" \/>\n<meta property=\"og:description\" content=\"Text: Helga Henning Am Morgen des 20.08.2025 trafen sich 68 [&hellip;]\" \/>\n<meta property=\"og:url\" content=\"https:\/\/paulinenaue.info\/index.php\/sommerausflug-der-volkssolidaritaet\/\" \/>\n<meta property=\"og:site_name\" content=\"Paulinenaue\" \/>\n<meta property=\"article:published_time\" content=\"2025-09-15T17:32:10+00:00\" \/>\n<meta property=\"og:image\" content=\"https:\/\/paulinenaue.info\/wp-content\/uploads\/2025\/09\/IMG_8300.jpg\" \/>\n\t<meta property=\"og:image:width\" content=\"1920\" \/>\n\t<meta property=\"og:image:height\" content=\"1080\" \/>\n\t<meta property=\"og:image:type\" content=\"image\/jpeg\" \/>\n<meta name=\"author\" content=\"Sarah\" \/>\n<meta name=\"twitter:card\" content=\"summary_large_image\" \/>\n<meta name=\"twitter:label1\" content=\"Verfasst von\" \/>\n\t<meta name=\"twitter:data1\" content=\"Sarah\" \/>\n\t<meta name=\"twitter:label2\" content=\"Gesch\u00e4tzte Lesezeit\" \/>\n\t<meta name=\"twitter:data2\" content=\"2\u00a0Minuten\" \/>\n<script type=\"application\/ld+json\" class=\"yoast-schema-graph\">{\"@context\":\"https:\\\/\\\/schema.org\",\"@graph\":[{\"@type\":\"Article\",\"@id\":\"https:\\\/\\\/paulinenaue.info\\\/index.php\\\/sommerausflug-der-volkssolidaritaet\\\/#article\",\"isPartOf\":{\"@id\":\"https:\\\/\\\/paulinenaue.info\\\/index.php\\\/sommerausflug-der-volkssolidaritaet\\\/\"},\"author\":{\"name\":\"Sarah\",\"@id\":\"https:\\\/\\\/paulinenaue.info\\\/#\\\/schema\\\/person\\\/e5be566a57b5b3f65d2c65a58c42325e\"},\"headline\":\"Sommerausflug der Volkssolidarit\u00e4t\",\"datePublished\":\"2025-09-15T17:32:10+00:00\",\"mainEntityOfPage\":{\"@id\":\"https:\\\/\\\/paulinenaue.info\\\/index.php\\\/sommerausflug-der-volkssolidaritaet\\\/\"},\"wordCount\":204,\"commentCount\":0,\"image\":{\"@id\":\"https:\\\/\\\/paulinenaue.info\\\/index.php\\\/sommerausflug-der-volkssolidaritaet\\\/#primaryimage\"},\"thumbnailUrl\":\"https:\\\/\\\/paulinenaue.info\\\/wp-content\\\/uploads\\\/2025\\\/09\\\/IMG_8300.jpg\",\"keywords\":[\"Tangerm\u00fcnde\",\"Volkssolidarit\u00e4t\"],\"articleSection\":[\"Ehrenamt\",\"Veranstaltungen\",\"Volkssolidarit\u00e4t\"],\"inLanguage\":\"de\",\"potentialAction\":[{\"@type\":\"CommentAction\",\"name\":\"Comment\",\"target\":[\"https:\\\/\\\/paulinenaue.info\\\/index.php\\\/sommerausflug-der-volkssolidaritaet\\\/#respond\"]}]},{\"@type\":\"WebPage\",\"@id\":\"https:\\\/\\\/paulinenaue.info\\\/index.php\\\/sommerausflug-der-volkssolidaritaet\\\/\",\"url\":\"https:\\\/\\\/paulinenaue.info\\\/index.php\\\/sommerausflug-der-volkssolidaritaet\\\/\",\"name\":\"Sommerausflug der Volkssolidarit\u00e4t - Paulinenaue\",\"isPartOf\":{\"@id\":\"https:\\\/\\\/paulinenaue.info\\\/#website\"},\"primaryImageOfPage\":{\"@id\":\"https:\\\/\\\/paulinenaue.info\\\/index.php\\\/sommerausflug-der-volkssolidaritaet\\\/#primaryimage\"},\"image\":{\"@id\":\"https:\\\/\\\/paulinenaue.info\\\/index.php\\\/sommerausflug-der-volkssolidaritaet\\\/#primaryimage\"},\"thumbnailUrl\":\"https:\\\/\\\/paulinenaue.info\\\/wp-content\\\/uploads\\\/2025\\\/09\\\/IMG_8300.jpg\",\"datePublished\":\"2025-09-15T17:32:10+00:00\",\"author\":{\"@id\":\"https:\\\/\\\/paulinenaue.info\\\/#\\\/schema\\\/person\\\/e5be566a57b5b3f65d2c65a58c42325e\"},\"breadcrumb\":{\"@id\":\"https:\\\/\\\/paulinenaue.info\\\/index.php\\\/sommerausflug-der-volkssolidaritaet\\\/#breadcrumb\"},\"inLanguage\":\"de\",\"potentialAction\":[{\"@type\":\"ReadAction\",\"target\":[\"https:\\\/\\\/paulinenaue.info\\\/index.php\\\/sommerausflug-der-volkssolidaritaet\\\/\"]}]},{\"@type\":\"ImageObject\",\"inLanguage\":\"de\",\"@id\":\"https:\\\/\\\/paulinenaue.info\\\/index.php\\\/sommerausflug-der-volkssolidaritaet\\\/#primaryimage\",\"url\":\"https:\\\/\\\/paulinenaue.info\\\/wp-content\\\/uploads\\\/2025\\\/09\\\/IMG_8300.jpg\",\"contentUrl\":\"https:\\\/\\\/paulinenaue.info\\\/wp-content\\\/uploads\\\/2025\\\/09\\\/IMG_8300.jpg\",\"width\":1920,\"height\":1080},{\"@type\":\"BreadcrumbList\",\"@id\":\"https:\\\/\\\/paulinenaue.info\\\/index.php\\\/sommerausflug-der-volkssolidaritaet\\\/#breadcrumb\",\"itemListElement\":[{\"@type\":\"ListItem\",\"position\":1,\"name\":\"Home\",\"item\":\"https:\\\/\\\/paulinenaue.info\\\/\"},{\"@type\":\"ListItem\",\"position\":2,\"name\":\"Sommerausflug der Volkssolidarit\u00e4t\"}]},{\"@type\":\"WebSite\",\"@id\":\"https:\\\/\\\/paulinenaue.info\\\/#website\",\"url\":\"https:\\\/\\\/paulinenaue.info\\\/\",\"name\":\"Paulinenaue\",\"description\":\"Ein Dorf im Havelland\",\"potentialAction\":[{\"@type\":\"SearchAction\",\"target\":{\"@type\":\"EntryPoint\",\"urlTemplate\":\"https:\\\/\\\/paulinenaue.info\\\/?s={search_term_string}\"},\"query-input\":{\"@type\":\"PropertyValueSpecification\",\"valueRequired\":true,\"valueName\":\"search_term_string\"}}],\"inLanguage\":\"de\"},{\"@type\":\"Person\",\"@id\":\"https:\\\/\\\/paulinenaue.info\\\/#\\\/schema\\\/person\\\/e5be566a57b5b3f65d2c65a58c42325e\",\"name\":\"Sarah\",\"url\":\"https:\\\/\\\/paulinenaue.info\\\/index.php\\\/author\\\/sarah\\\/\"}]}<\/script>\n<!-- \/ Yoast SEO plugin. -->","yoast_head_json":{"title":"Sommerausflug der Volkssolidarit\u00e4t - Paulinenaue","robots":{"index":"index","follow":"follow","max-snippet":"max-snippet:-1","max-image-preview":"max-image-preview:large","max-video-preview":"max-video-preview:-1"},"canonical":"https:\/\/paulinenaue.info\/index.php\/sommerausflug-der-volkssolidaritaet\/","og_locale":"de_DE","og_type":"article","og_title":"Sommerausflug der Volkssolidarit\u00e4t - Paulinenaue","og_description":"Text: Helga Henning Am Morgen des 20.08.2025 trafen sich 68 [&hellip;]","og_url":"https:\/\/paulinenaue.info\/index.php\/sommerausflug-der-volkssolidaritaet\/","og_site_name":"Paulinenaue","article_published_time":"2025-09-15T17:32:10+00:00","og_image":[{"width":1920,"height":1080,"url":"https:\/\/paulinenaue.info\/wp-content\/uploads\/2025\/09\/IMG_8300.jpg","type":"image\/jpeg"}],"author":"Sarah","twitter_card":"summary_large_image","twitter_misc":{"Verfasst von":"Sarah","Gesch\u00e4tzte Lesezeit":"2\u00a0Minuten"},"schema":{"@context":"https:\/\/schema.org","@graph":[{"@type":"Article","@id":"https:\/\/paulinenaue.info\/index.php\/sommerausflug-der-volkssolidaritaet\/#article","isPartOf":{"@id":"https:\/\/paulinenaue.info\/index.php\/sommerausflug-der-volkssolidaritaet\/"},"author":{"name":"Sarah","@id":"https:\/\/paulinenaue.info\/#\/schema\/person\/e5be566a57b5b3f65d2c65a58c42325e"},"headline":"Sommerausflug der Volkssolidarit\u00e4t","datePublished":"2025-09-15T17:32:10+00:00","mainEntityOfPage":{"@id":"https:\/\/paulinenaue.info\/index.php\/sommerausflug-der-volkssolidaritaet\/"},"wordCount":204,"commentCount":0,"image":{"@id":"https:\/\/paulinenaue.info\/index.php\/sommerausflug-der-volkssolidaritaet\/#primaryimage"},"thumbnailUrl":"https:\/\/paulinenaue.info\/wp-content\/uploads\/2025\/09\/IMG_8300.jpg","keywords":["Tangerm\u00fcnde","Volkssolidarit\u00e4t"],"articleSection":["Ehrenamt","Veranstaltungen","Volkssolidarit\u00e4t"],"inLanguage":"de","potentialAction":[{"@type":"CommentAction","name":"Comment","target":["https:\/\/paulinenaue.info\/index.php\/sommerausflug-der-volkssolidaritaet\/#respond"]}]},{"@type":"WebPage","@id":"https:\/\/paulinenaue.info\/index.php\/sommerausflug-der-volkssolidaritaet\/","url":"https:\/\/paulinenaue.info\/index.php\/sommerausflug-der-volkssolidaritaet\/","name":"Sommerausflug der Volkssolidarit\u00e4t - Paulinenaue","isPartOf":{"@id":"https:\/\/paulinenaue.info\/#website"},"primaryImageOfPage":{"@id":"https:\/\/paulinenaue.info\/index.php\/sommerausflug-der-volkssolidaritaet\/#primaryimage"},"image":{"@id":"https:\/\/paulinenaue.info\/index.php\/sommerausflug-der-volkssolidaritaet\/#primaryimage"},"thumbnailUrl":"https:\/\/paulinenaue.info\/wp-content\/uploads\/2025\/09\/IMG_8300.jpg","datePublished":"2025-09-15T17:32:10+00:00","author":{"@id":"https:\/\/paulinenaue.info\/#\/schema\/person\/e5be566a57b5b3f65d2c65a58c42325e"},"breadcrumb":{"@id":"https:\/\/paulinenaue.info\/index.php\/sommerausflug-der-volkssolidaritaet\/#breadcrumb"},"inLanguage":"de","potentialAction":[{"@type":"ReadAction","target":["https:\/\/paulinenaue.info\/index.php\/sommerausflug-der-volkssolidaritaet\/"]}]},{"@type":"ImageObject","inLanguage":"de","@id":"https:\/\/paulinenaue.info\/index.php\/sommerausflug-der-volkssolidaritaet\/#primaryimage","url":"https:\/\/paulinenaue.info\/wp-content\/uploads\/2025\/09\/IMG_8300.jpg","contentUrl":"https:\/\/paulinenaue.info\/wp-content\/uploads\/2025\/09\/IMG_8300.jpg","width":1920,"height":1080},{"@type":"BreadcrumbList","@id":"https:\/\/paulinenaue.info\/index.php\/sommerausflug-der-volkssolidaritaet\/#breadcrumb","itemListElement":[{"@type":"ListItem","position":1,"name":"Home","item":"https:\/\/paulinenaue.info\/"},{"@type":"ListItem","position":2,"name":"Sommerausflug der Volkssolidarit\u00e4t"}]},{"@type":"WebSite","@id":"https:\/\/paulinenaue.info\/#website","url":"https:\/\/paulinenaue.info\/","name":"Paulinenaue","description":"Ein Dorf im Havelland","potentialAction":[{"@type":"SearchAction","target":{"@type":"EntryPoint","urlTemplate":"https:\/\/paulinenaue.info\/?s={search_term_string}"},"query-input":{"@type":"PropertyValueSpecification","valueRequired":true,"valueName":"search_term_string"}}],"inLanguage":"de"},{"@type":"Person","@id":"https:\/\/paulinenaue.info\/#\/schema\/person\/e5be566a57b5b3f65d2c65a58c42325e","name":"Sarah","url":"https:\/\/paulinenaue.info\/index.php\/author\/sarah\/"}]}},"jetpack_publicize_connections":[],"jetpack_featured_media_url":"https:\/\/paulinenaue.info\/wp-content\/uploads\/2025\/09\/IMG_8300.jpg","jetpack_sharing_enabled":true,"jetpack_shortlink":"https:\/\/wp.me\/pcYhWA-1KOr","jetpack-related-posts":[{"id":416754,"url":"https:\/\/paulinenaue.info\/index.php\/sommerausflug-der-volkssolidaritaet-2024\/","url_meta":{"origin":418279,"position":0},"title":"Sommerausflug der Volkssolidarit\u00e4t 2024","author":"Sarah","date":"8. September 2024","format":false,"excerpt":"Text: Helga Henning, Ortsgruppe der Volkssolidarit\u00e4t Paulinenaue Am Morgen des 28.08.2024 fanden sich 74 Seniorinnen und Senioren zum Sommerausflug ein. Unser Ziel war in diesem Jahr die Fontanestadt Neuruppin. Auf einer Stadtrundfahrt erfuhren wir viel Wissenswertes und Neues \u00fcber Neuruppin. So wurde von Vielen der Entschluss gefasst, der n\u00e4chste Sonntagsausflug\u2026","rel":"","context":"In &quot;Ehrenamt&quot;","block_context":{"text":"Ehrenamt","link":"https:\/\/paulinenaue.info\/index.php\/category\/ehrenamt\/"},"img":{"alt_text":"","src":"https:\/\/i0.wp.com\/paulinenaue.info\/wp-content\/uploads\/2024\/09\/IMG_7651-scaled.jpg?resize=350%2C200&ssl=1","width":350,"height":200,"srcset":"https:\/\/i0.wp.com\/paulinenaue.info\/wp-content\/uploads\/2024\/09\/IMG_7651-scaled.jpg?resize=350%2C200&ssl=1 1x, https:\/\/i0.wp.com\/paulinenaue.info\/wp-content\/uploads\/2024\/09\/IMG_7651-scaled.jpg?resize=525%2C300&ssl=1 1.5x, https:\/\/i0.wp.com\/paulinenaue.info\/wp-content\/uploads\/2024\/09\/IMG_7651-scaled.jpg?resize=700%2C400&ssl=1 2x, https:\/\/i0.wp.com\/paulinenaue.info\/wp-content\/uploads\/2024\/09\/IMG_7651-scaled.jpg?resize=1050%2C600&ssl=1 3x, https:\/\/i0.wp.com\/paulinenaue.info\/wp-content\/uploads\/2024\/09\/IMG_7651-scaled.jpg?resize=1400%2C800&ssl=1 4x"},"classes":[]},{"id":4952,"url":"https:\/\/paulinenaue.info\/index.php\/2-sommerausflug-2019-der-senioren\/","url_meta":{"origin":418279,"position":1},"title":"2. Sommerausflug 2019 der Senioren","author":"Sarah","date":"13. August 2019","format":false,"excerpt":"Text: Helga Henning Der diesj\u00e4hrige Sommerausflug f\u00fchrte 74 Senioren am 31. Juli nach Potsdam. Zuerst ging es zum Landtag. Dort wurden wir kompetent durch das Geb\u00e4ude gef\u00fchrt und konnten viele neue, interessante Eindr\u00fccke gewinnen. Auch hatten wir Gelegenheit mit dem Abgeordneten Wolfgang Royk zu sprechen. Nach den vielen Eindr\u00fccken ging\u2026","rel":"","context":"In &quot;Hier Zuhause&quot;","block_context":{"text":"Hier Zuhause","link":"https:\/\/paulinenaue.info\/index.php\/category\/hier-zuhause\/"},"img":{"alt_text":"","src":"https:\/\/i0.wp.com\/paulinenaue.info\/wp-content\/uploads\/2019\/08\/20190731_100718-e1565716609760.jpg?resize=350%2C200&ssl=1","width":350,"height":200,"srcset":"https:\/\/i0.wp.com\/paulinenaue.info\/wp-content\/uploads\/2019\/08\/20190731_100718-e1565716609760.jpg?resize=350%2C200&ssl=1 1x, https:\/\/i0.wp.com\/paulinenaue.info\/wp-content\/uploads\/2019\/08\/20190731_100718-e1565716609760.jpg?resize=525%2C300&ssl=1 1.5x, https:\/\/i0.wp.com\/paulinenaue.info\/wp-content\/uploads\/2019\/08\/20190731_100718-e1565716609760.jpg?resize=700%2C400&ssl=1 2x, https:\/\/i0.wp.com\/paulinenaue.info\/wp-content\/uploads\/2019\/08\/20190731_100718-e1565716609760.jpg?resize=1050%2C600&ssl=1 3x, https:\/\/i0.wp.com\/paulinenaue.info\/wp-content\/uploads\/2019\/08\/20190731_100718-e1565716609760.jpg?resize=1400%2C800&ssl=1 4x"},"classes":[]},{"id":415635,"url":"https:\/\/paulinenaue.info\/index.php\/weihnachtsfeier-der-volkssolidaritaet\/","url_meta":{"origin":418279,"position":2},"title":"Weihnachtsfeier der Volkssolidarit\u00e4t","author":"Sarah","date":"18. Dezember 2023","format":false,"excerpt":"von Helga Henning Die Ortsgruppe der Volkssolidarit\u00e4t hatte am 6.12.2023 zur Weihnachtsfeier alle Seniorinnen und Senioren aus Paulinenaue eingeladen. Die Einladung fand gro\u00dfen Zuspruch, so fanden sich 62\u00a0 Seniorinnen \/ Senioren im Saal des Mehrzweckgeb\u00e4udes zu einem gem\u00fctlichen Nachmittag ein. Als Gast konnte auch Arne Breder, unser B\u00fcrgermeister, begr\u00fc\u00dft werden.\u2026","rel":"","context":"In &quot;Allgemein&quot;","block_context":{"text":"Allgemein","link":"https:\/\/paulinenaue.info\/index.php\/category\/allgemein\/"},"img":{"alt_text":"","src":"https:\/\/i0.wp.com\/paulinenaue.info\/wp-content\/uploads\/2023\/12\/Weihnachtsfeier-Senioren_1.jpg?resize=350%2C200&ssl=1","width":350,"height":200,"srcset":"https:\/\/i0.wp.com\/paulinenaue.info\/wp-content\/uploads\/2023\/12\/Weihnachtsfeier-Senioren_1.jpg?resize=350%2C200&ssl=1 1x, https:\/\/i0.wp.com\/paulinenaue.info\/wp-content\/uploads\/2023\/12\/Weihnachtsfeier-Senioren_1.jpg?resize=525%2C300&ssl=1 1.5x, https:\/\/i0.wp.com\/paulinenaue.info\/wp-content\/uploads\/2023\/12\/Weihnachtsfeier-Senioren_1.jpg?resize=700%2C400&ssl=1 2x, https:\/\/i0.wp.com\/paulinenaue.info\/wp-content\/uploads\/2023\/12\/Weihnachtsfeier-Senioren_1.jpg?resize=1050%2C600&ssl=1 3x, https:\/\/i0.wp.com\/paulinenaue.info\/wp-content\/uploads\/2023\/12\/Weihnachtsfeier-Senioren_1.jpg?resize=1400%2C800&ssl=1 4x"},"classes":[]},{"id":418693,"url":"https:\/\/paulinenaue.info\/index.php\/rueckblick-auf-die-senioren-weihnachtsfeier-im-mehrzweckgebaeude\/","url_meta":{"origin":418279,"position":3},"title":"R\u00fcckblick auf die Senioren-Weihnachtsfeier im Mehrzweckgeb\u00e4ude","author":"Pauline Hirschberg","date":"5. Dezember 2025","format":false,"excerpt":"Am vergangenen Mittwoch fand im Mehrzweckgeb\u00e4ude in der Professor-Mitscherlich-Allee \u2013 vielen noch als ehemaliges \u201eJugendhaus Paulinenaue\u201c bekannt \u2013 die j\u00e4hrliche Senioren-Weihnachtsfeier statt. Organisiert wurde die Veranstaltung wie gewohnt von der Ortsgruppe der Volkssolidarit\u00e4t, in diesem Jahr jedoch wieder mit tatkr\u00e4ftiger Unterst\u00fctzung der Pauerfrauen. Schon im Vorfeld haben wir Pauerfrauen Pl\u00e4tzchen\u2026","rel":"","context":"In &quot;Ehrenamt&quot;","block_context":{"text":"Ehrenamt","link":"https:\/\/paulinenaue.info\/index.php\/category\/ehrenamt\/"},"img":{"alt_text":"","src":"https:\/\/i0.wp.com\/paulinenaue.info\/wp-content\/uploads\/2025\/12\/IMG-20251203-WA0004.jpg?resize=350%2C200&ssl=1","width":350,"height":200,"srcset":"https:\/\/i0.wp.com\/paulinenaue.info\/wp-content\/uploads\/2025\/12\/IMG-20251203-WA0004.jpg?resize=350%2C200&ssl=1 1x, https:\/\/i0.wp.com\/paulinenaue.info\/wp-content\/uploads\/2025\/12\/IMG-20251203-WA0004.jpg?resize=525%2C300&ssl=1 1.5x, https:\/\/i0.wp.com\/paulinenaue.info\/wp-content\/uploads\/2025\/12\/IMG-20251203-WA0004.jpg?resize=700%2C400&ssl=1 2x, https:\/\/i0.wp.com\/paulinenaue.info\/wp-content\/uploads\/2025\/12\/IMG-20251203-WA0004.jpg?resize=1050%2C600&ssl=1 3x"},"classes":[]},{"id":416396,"url":"https:\/\/paulinenaue.info\/index.php\/paulinenauer-vereine-gestalten-ein-aktives-wochenende\/","url_meta":{"origin":418279,"position":4},"title":"Paulinenauer Vereine gestalten aktives Wochenende","author":"Joachim Scholz","date":"2. Juni 2024","format":false,"excerpt":"An diesem ersten Juniwochenende bewiesen die Paulinenauer, wie viel Leben in ihrem Dorf steckt. Vor allem die Vereine zeigten, was man auch nach der Arbeit so auf die Beine stellen kann. Von Freitag bis Sonntag war etwas los. Der Kulturverein hielt am Freitag seine Quartalsversammlung im Apne 3, die Feuerwehr\u2026","rel":"","context":"In &quot;Allgemein&quot;","block_context":{"text":"Allgemein","link":"https:\/\/paulinenaue.info\/index.php\/category\/allgemein\/"},"img":{"alt_text":"","src":"https:\/\/i0.wp.com\/paulinenaue.info\/wp-content\/uploads\/2024\/06\/2024-06-02-Radfahrer-mit-Buergermeister-01.jpeg?resize=350%2C200&ssl=1","width":350,"height":200,"srcset":"https:\/\/i0.wp.com\/paulinenaue.info\/wp-content\/uploads\/2024\/06\/2024-06-02-Radfahrer-mit-Buergermeister-01.jpeg?resize=350%2C200&ssl=1 1x, https:\/\/i0.wp.com\/paulinenaue.info\/wp-content\/uploads\/2024\/06\/2024-06-02-Radfahrer-mit-Buergermeister-01.jpeg?resize=525%2C300&ssl=1 1.5x, https:\/\/i0.wp.com\/paulinenaue.info\/wp-content\/uploads\/2024\/06\/2024-06-02-Radfahrer-mit-Buergermeister-01.jpeg?resize=700%2C400&ssl=1 2x"},"classes":[]},{"id":418440,"url":"https:\/\/paulinenaue.info\/index.php\/lost-places-exkursion-an-einem-sonntag-im-herbst\/","url_meta":{"origin":418279,"position":5},"title":"Lost-Places-Exkursion an einem Sonntag im Herbst","author":"Joachim Scholz","date":"13. Oktober 2025","format":false,"excerpt":"","rel":"","context":"In &quot;Hier Zuhause&quot;","block_context":{"text":"Hier Zuhause","link":"https:\/\/paulinenaue.info\/index.php\/category\/hier-zuhause\/"},"img":{"alt_text":"","src":"https:\/\/i0.wp.com\/paulinenaue.info\/wp-content\/uploads\/2025\/10\/2025-10-12-MVA-02.jpeg?resize=350%2C200&ssl=1","width":350,"height":200,"srcset":"https:\/\/i0.wp.com\/paulinenaue.info\/wp-content\/uploads\/2025\/10\/2025-10-12-MVA-02.jpeg?resize=350%2C200&ssl=1 1x, https:\/\/i0.wp.com\/paulinenaue.info\/wp-content\/uploads\/2025\/10\/2025-10-12-MVA-02.jpeg?resize=525%2C300&ssl=1 1.5x, https:\/\/i0.wp.com\/paulinenaue.info\/wp-content\/uploads\/2025\/10\/2025-10-12-MVA-02.jpeg?resize=700%2C400&ssl=1 2x"},"classes":[]}],"_links":{"self":[{"href":"https:\/\/paulinenaue.info\/index.php\/wp-json\/wp\/v2\/posts\/418279","targetHints":{"allow":["GET"]}}],"collection":[{"href":"https:\/\/paulinenaue.info\/index.php\/wp-json\/wp\/v2\/posts"}],"about":[{"href":"https:\/\/paulinenaue.info\/index.php\/wp-json\/wp\/v2\/types\/post"}],"author":[{"embeddable":true,"href":"https:\/\/paulinenaue.info\/index.php\/wp-json\/wp\/v2\/users\/3"}],"replies":[{"embeddable":true,"href":"https:\/\/paulinenaue.info\/index.php\/wp-json\/wp\/v2\/comments?post=418279"}],"version-history":[{"count":2,"href":"https:\/\/paulinenaue.info\/index.php\/wp-json\/wp\/v2\/posts\/418279\/revisions"}],"predecessor-version":[{"id":418286,"href":"https:\/\/paulinenaue.info\/index.php\/wp-json\/wp\/v2\/posts\/418279\/revisions\/418286"}],"wp:featuredmedia":[{"embeddable":true,"href":"https:\/\/paulinenaue.info\/index.php\/wp-json\/wp\/v2\/media\/418282"}],"wp:attachment":[{"href":"https:\/\/paulinenaue.info\/index.php\/wp-json\/wp\/v2\/media?parent=418279"}],"wp:term":[{"taxonomy":"category","embeddable":true,"href":"https:\/\/paulinenaue.info\/index.php\/wp-json\/wp\/v2\/categories?post=418279"},{"taxonomy":"post_tag","embeddable":true,"href":"https:\/\/paulinenaue.info\/index.php\/wp-json\/wp\/v2\/tags?post=418279"}],"curies":[{"name":"wp","href":"https:\/\/api.w.org\/{rel}","templated":true}]}}