{"id":418291,"date":"2025-09-21T23:55:20","date_gmt":"2025-09-21T21:55:20","guid":{"rendered":"https:\/\/paulinenaue.info\/?p=418291"},"modified":"2025-09-26T00:41:35","modified_gmt":"2025-09-25T22:41:35","slug":"hundert-jahre-alter-neubau","status":"publish","type":"post","link":"https:\/\/paulinenaue.info\/index.php\/hundert-jahre-alter-neubau\/","title":{"rendered":"Hundert Jahre alter Neubau: Spaziergang durch Paulinenaues Norden"},"content":{"rendered":"<div class=\"fusion-fullwidth fullwidth-box fusion-builder-row-1 fusion-flex-container nonhundred-percent-fullwidth non-hundred-percent-height-scrolling\" style=\"--awb-border-radius-top-left:0px;--awb-border-radius-top-right:0px;--awb-border-radius-bottom-right:0px;--awb-border-radius-bottom-left:0px;\" ><div class=\"fusion-builder-row fusion-row fusion-flex-align-items-flex-start\" style=\"max-width:1248px;margin-left: calc(-4% \/ 2 );margin-right: calc(-4% \/ 2 );\"><div class=\"fusion-layout-column fusion_builder_column fusion-builder-column-0 fusion_builder_column_1_1 1_1 fusion-flex-column\" style=\"--awb-bg-blend:overlay;--awb-bg-size:cover;--awb-width-large:100%;--awb-margin-top-large:0px;--awb-spacing-right-large:1.92%;--awb-margin-bottom-large:0px;--awb-spacing-left-large:1.92%;--awb-width-medium:100%;--awb-spacing-right-medium:1.92%;--awb-spacing-left-medium:1.92%;--awb-width-small:100%;--awb-spacing-right-small:1.92%;--awb-spacing-left-small:1.92%;\"><div class=\"fusion-column-wrapper fusion-flex-justify-content-flex-start fusion-content-layout-column\"><div class=\"fusion-text fusion-text-1\"><p>Spontan war der ortshistorische Spaziergang angesetzt worden, den am vergangenen Samstag etwa 20 Paulinenauer und ein Gast mitmachten. Der Gast war Bernd Hug aus Freiburg, der als Kind vor dem Mauerbau mehrfach seine Ferien in unserem Ort verbrachte. Paulinenaues Ferienidylle hatte sich ihm tief eingebrannt. Die <a href=\"https:\/\/paulinenaue.info\/index.php\/punk-musik-in-der-kirche\/#\">Lesung mit Geralf Pochop<\/a> am Freitag in der Kirche nahm er zum Anlass, die lange Reise anzutreten.<\/p>\n<p>Am letzten Tag seines Aufenthaltes f\u00fchrte Joachim Scholz vom Kulturverein durch die Gegend von Paulinenaue, in der Bernd fr\u00fcher seine Ferien verbrachte. Als \u201eNeubau\u201c bezeichnete man vor einhundert Jahren die Arbeitersiedlung s\u00fcdlich der Ruppiner Stra\u00dfe (Gartenweg und Philipp-M\u00fcller-Stra\u00dfe). Sie war nach dem Ende des Ersten Weltkrieges f\u00fcr die Besch\u00e4ftigten eines neugegr\u00fcndeten Torfwerkes und diejenigen der Schwei\u00dferei von <a href=\"https:\/\/de.wikipedia.org\/wiki\/Hans_Goldschmidt_(Chemiker)\">Professor Goldschmidt<\/a> errichtet worden. Historisches Material, z.B. eine Postkarte mit dem Motiv \u201eGartenstadt Paulinenaue\u201c, gr\u00f6\u00dfere Bauten wie die Schnitterkaserne, das Landambulatorium und die 2007 abgerissene Schwei\u00dferei deuten darauf hin, dass einst die Ambitionen der Dorfentwicklung auf diesem Areal lagen. Auch der Gartenbaubetrieb von Anna Werner (\u201eDie dicke Werner\u2019n\u201c) und die H\u00fchnerfarm von Theodor Schultze (\u201eH\u00fchner-Schultze\u201c) befanden sich hier bzw. gleich nebenan. Ohne Zweifel war vor etwas mehr als 100 Jahren am n\u00f6rdlichen Dorfrand Paulinenaues \u201eNeue Mitte\u201c entstanden. Dass damals ein Lebensmittelladen und ein paar Jahre sp\u00e4ter direkt daneben eine Fleischerei er\u00f6ffneten, klingt heute fast wie Zukunftsmusik.<\/p>\n<\/p>\n<div id=\"attachment_418299\" style=\"width: 610px\" class=\"wp-caption alignnone\"><a href=\"https:\/\/paulinenaue.info\/wp-content\/uploads\/2025\/09\/1920-ca.-Nr.-15287-Neue-Arbeitersiedlung-bei-Paulinenaue-im-Havellaendischen-Luch.jpeg\"><img decoding=\"async\" aria-describedby=\"caption-attachment-418299\" data-attachment-id=\"418299\" data-permalink=\"https:\/\/paulinenaue.info\/index.php\/hundert-jahre-alter-neubau\/paulinenaue-arbeitersiedlung-neubau\/\" data-orig-file=\"https:\/\/paulinenaue.info\/wp-content\/uploads\/2025\/09\/1920-ca.-Nr.-15287-Neue-Arbeitersiedlung-bei-Paulinenaue-im-Havellaendischen-Luch.jpeg\" data-orig-size=\"1000,664\" data-comments-opened=\"1\" data-image-meta=\"{&quot;aperture&quot;:&quot;0&quot;,&quot;credit&quot;:&quot;Apple Photos Clean Up&quot;,&quot;camera&quot;:&quot;&quot;,&quot;caption&quot;:&quot;\\u201eNeue Arbeitersiedlung bei Paulinenaue im havell\\u00e4ndischen Luch\\u201c&quot;,&quot;created_timestamp&quot;:&quot;-1572698852&quot;,&quot;copyright&quot;:&quot;&quot;,&quot;focal_length&quot;:&quot;0&quot;,&quot;iso&quot;:&quot;0&quot;,&quot;shutter_speed&quot;:&quot;0&quot;,&quot;title&quot;:&quot;Paulinenaue, Arbeitersiedlung \\u201eNeubau\\u201c&quot;,&quot;orientation&quot;:&quot;1&quot;}\" data-image-title=\"Paulinenaue, Arbeitersiedlung \u201eNeubau\u201c\" data-image-description=\"\" data-image-caption=\"&lt;p&gt;\u201eNeue Arbeitersiedlung bei Paulinenaue im havell\u00e4ndischen Luch\u201c&lt;\/p&gt;\n\" data-large-file=\"https:\/\/paulinenaue.info\/wp-content\/uploads\/2025\/09\/1920-ca.-Nr.-15287-Neue-Arbeitersiedlung-bei-Paulinenaue-im-Havellaendischen-Luch.jpeg\" class=\"lazyload size-fusion-600 wp-image-418299\" src=\"https:\/\/paulinenaue.info\/wp-content\/uploads\/2025\/09\/1920-ca.-Nr.-15287-Neue-Arbeitersiedlung-bei-Paulinenaue-im-Havellaendischen-Luch-600x398.jpeg\" data-orig-src=\"https:\/\/paulinenaue.info\/wp-content\/uploads\/2025\/09\/1920-ca.-Nr.-15287-Neue-Arbeitersiedlung-bei-Paulinenaue-im-Havellaendischen-Luch-600x398.jpeg\" alt=\"\" width=\"600\" height=\"398\" srcset=\"data:image\/svg+xml,%3Csvg%20xmlns%3D%27http%3A%2F%2Fwww.w3.org%2F2000%2Fsvg%27%20width%3D%27600%27%20height%3D%27398%27%20viewBox%3D%270%200%20600%20398%27%3E%3Crect%20width%3D%27600%27%20height%3D%27398%27%20fill-opacity%3D%220%22%2F%3E%3C%2Fsvg%3E\" data-srcset=\"https:\/\/paulinenaue.info\/wp-content\/uploads\/2025\/09\/1920-ca.-Nr.-15287-Neue-Arbeitersiedlung-bei-Paulinenaue-im-Havellaendischen-Luch-200x133.jpeg 200w, https:\/\/paulinenaue.info\/wp-content\/uploads\/2025\/09\/1920-ca.-Nr.-15287-Neue-Arbeitersiedlung-bei-Paulinenaue-im-Havellaendischen-Luch-300x199.jpeg 300w, https:\/\/paulinenaue.info\/wp-content\/uploads\/2025\/09\/1920-ca.-Nr.-15287-Neue-Arbeitersiedlung-bei-Paulinenaue-im-Havellaendischen-Luch-400x266.jpeg 400w, https:\/\/paulinenaue.info\/wp-content\/uploads\/2025\/09\/1920-ca.-Nr.-15287-Neue-Arbeitersiedlung-bei-Paulinenaue-im-Havellaendischen-Luch-600x398.jpeg 600w, https:\/\/paulinenaue.info\/wp-content\/uploads\/2025\/09\/1920-ca.-Nr.-15287-Neue-Arbeitersiedlung-bei-Paulinenaue-im-Havellaendischen-Luch-768x510.jpeg 768w, https:\/\/paulinenaue.info\/wp-content\/uploads\/2025\/09\/1920-ca.-Nr.-15287-Neue-Arbeitersiedlung-bei-Paulinenaue-im-Havellaendischen-Luch-800x531.jpeg 800w, https:\/\/paulinenaue.info\/wp-content\/uploads\/2025\/09\/1920-ca.-Nr.-15287-Neue-Arbeitersiedlung-bei-Paulinenaue-im-Havellaendischen-Luch.jpeg 1000w\" data-sizes=\"auto\" data-orig-sizes=\"(max-width: 600px) 100vw, 600px\" \/><\/a><p id=\"caption-attachment-418299\" class=\"wp-caption-text\"><em>\u201eNeue Arbeitersiedlung bei Paulinenaue im havell\u00e4ndischen Luch\u201c ist das zeitgen\u00f6ssische Foto von 1920 untertitelt. Archiv Paulinenauer Kulturverein e.V.<\/em><\/p><\/div>\n<p>Mit dem Spaziergang will der <a href=\"https:\/\/paulinenaue.info\/index.php\/kulturverein\/\">Kulturverein<\/a> ein neues Format \u201eEine Stunde, eine Stra\u00dfe\u201c anbieten. Ein Mix aus historischem Kontext und Anwohnergeschichten soll das gegenw\u00e4rtige Leben der Paulinenauer Einwohner mit der Geschichte Paulinenaues in Verbindung bringen. Welche Stra\u00dfe die n\u00e4chste sein soll, k\u00f6nnen Sie per E-Mail an <a href=\"mailto:kulturverein@paulinenaue.info\">kulturverein@paulinenaue.info<\/a> mitbestimmen.<\/p>\n<div class=\"mceTemp\"><\/div>\n<h4>Bilder vom Spaziergang<\/h4>\n<\/p>\n<p><div id=\"attachment_418297\" style=\"width: 610px\" class=\"wp-caption alignnone\"><a href=\"https:\/\/paulinenaue.info\/wp-content\/uploads\/2025\/09\/2025-09-20_11-40-17-WANDERUNG.jpg\"><img decoding=\"async\" aria-describedby=\"caption-attachment-418297\" data-attachment-id=\"418297\" data-permalink=\"https:\/\/paulinenaue.info\/index.php\/hundert-jahre-alter-neubau\/2025-09-20_11-40-17-wanderung\/\" data-orig-file=\"https:\/\/paulinenaue.info\/wp-content\/uploads\/2025\/09\/2025-09-20_11-40-17-WANDERUNG.jpg\" data-orig-size=\"1920,1080\" data-comments-opened=\"1\" data-image-meta=\"{&quot;aperture&quot;:&quot;4&quot;,&quot;credit&quot;:&quot;Eberhard H.Schwarz&quot;,&quot;camera&quot;:&quot;DSC-RX10M3&quot;,&quot;caption&quot;:&quot;&quot;,&quot;created_timestamp&quot;:&quot;1758368417&quot;,&quot;copyright&quot;:&quot;mail@eberhardschwarz.de&quot;,&quot;focal_length&quot;:&quot;33.51&quot;,&quot;iso&quot;:&quot;100&quot;,&quot;shutter_speed&quot;:&quot;0.002&quot;,&quot;title&quot;:&quot;&quot;,&quot;orientation&quot;:&quot;1&quot;}\" data-image-title=\"2025-09-20_11-40-17-WANDERUNG\" data-image-description=\"\" data-image-caption=\"\" data-large-file=\"https:\/\/paulinenaue.info\/wp-content\/uploads\/2025\/09\/2025-09-20_11-40-17-WANDERUNG-1024x576.jpg\" class=\"lazyload wp-image-418297 size-fusion-600\" src=\"https:\/\/paulinenaue.info\/wp-content\/uploads\/2025\/09\/2025-09-20_11-40-17-WANDERUNG-600x338.jpg\" data-orig-src=\"https:\/\/paulinenaue.info\/wp-content\/uploads\/2025\/09\/2025-09-20_11-40-17-WANDERUNG-600x338.jpg\" alt=\"\" width=\"600\" height=\"338\" srcset=\"data:image\/svg+xml,%3Csvg%20xmlns%3D%27http%3A%2F%2Fwww.w3.org%2F2000%2Fsvg%27%20width%3D%27600%27%20height%3D%27338%27%20viewBox%3D%270%200%20600%20338%27%3E%3Crect%20width%3D%27600%27%20height%3D%27338%27%20fill-opacity%3D%220%22%2F%3E%3C%2Fsvg%3E\" data-srcset=\"https:\/\/paulinenaue.info\/wp-content\/uploads\/2025\/09\/2025-09-20_11-40-17-WANDERUNG-200x113.jpg 200w, https:\/\/paulinenaue.info\/wp-content\/uploads\/2025\/09\/2025-09-20_11-40-17-WANDERUNG-300x169.jpg 300w, https:\/\/paulinenaue.info\/wp-content\/uploads\/2025\/09\/2025-09-20_11-40-17-WANDERUNG-400x225.jpg 400w, https:\/\/paulinenaue.info\/wp-content\/uploads\/2025\/09\/2025-09-20_11-40-17-WANDERUNG-600x338.jpg 600w, https:\/\/paulinenaue.info\/wp-content\/uploads\/2025\/09\/2025-09-20_11-40-17-WANDERUNG-768x432.jpg 768w, https:\/\/paulinenaue.info\/wp-content\/uploads\/2025\/09\/2025-09-20_11-40-17-WANDERUNG-800x450.jpg 800w, https:\/\/paulinenaue.info\/wp-content\/uploads\/2025\/09\/2025-09-20_11-40-17-WANDERUNG-1024x576.jpg 1024w, https:\/\/paulinenaue.info\/wp-content\/uploads\/2025\/09\/2025-09-20_11-40-17-WANDERUNG-1200x675.jpg 1200w, https:\/\/paulinenaue.info\/wp-content\/uploads\/2025\/09\/2025-09-20_11-40-17-WANDERUNG-1536x864.jpg 1536w, https:\/\/paulinenaue.info\/wp-content\/uploads\/2025\/09\/2025-09-20_11-40-17-WANDERUNG.jpg 1920w\" data-sizes=\"auto\" data-orig-sizes=\"(max-width: 600px) 100vw, 600px\" \/><\/a><p id=\"caption-attachment-418297\" class=\"wp-caption-text\"><em>Die Arbeiterh\u00e4user am ,Neubau\u2018 geh\u00f6ren heute zu Paulinenaues Altbaubestand. Viele Nebenbauten sind dazugekommen. Einige H\u00e4user sind aber auch verschwunden. Foto: E. Schwarz, 2025.<\/em><\/p><\/div>\n<div id=\"attachment_418304\" style=\"width: 610px\" class=\"wp-caption alignnone\"><a href=\"https:\/\/paulinenaue.info\/wp-content\/uploads\/2025\/09\/2025-09-20_11-51-55-WANDERUNG.jpg\"><img decoding=\"async\" aria-describedby=\"caption-attachment-418304\" data-attachment-id=\"418304\" data-permalink=\"https:\/\/paulinenaue.info\/index.php\/hundert-jahre-alter-neubau\/2025-09-20_11-51-55-wanderung\/\" data-orig-file=\"https:\/\/paulinenaue.info\/wp-content\/uploads\/2025\/09\/2025-09-20_11-51-55-WANDERUNG.jpg\" data-orig-size=\"1920,1080\" data-comments-opened=\"1\" data-image-meta=\"{&quot;aperture&quot;:&quot;4&quot;,&quot;credit&quot;:&quot;Eberhard H.Schwarz&quot;,&quot;camera&quot;:&quot;DSC-RX10M3&quot;,&quot;caption&quot;:&quot;&quot;,&quot;created_timestamp&quot;:&quot;1758369115&quot;,&quot;copyright&quot;:&quot;mail@eberhardschwarz.de&quot;,&quot;focal_length&quot;:&quot;8.8&quot;,&quot;iso&quot;:&quot;100&quot;,&quot;shutter_speed&quot;:&quot;0.002&quot;,&quot;title&quot;:&quot;&quot;,&quot;orientation&quot;:&quot;1&quot;}\" data-image-title=\"2025-09-20_11-51-55-WANDERUNG\" data-image-description=\"\" data-image-caption=\"\" data-large-file=\"https:\/\/paulinenaue.info\/wp-content\/uploads\/2025\/09\/2025-09-20_11-51-55-WANDERUNG-1024x576.jpg\" class=\"lazyload wp-image-418304 size-fusion-600\" src=\"https:\/\/paulinenaue.info\/wp-content\/uploads\/2025\/09\/2025-09-20_11-51-55-WANDERUNG-600x338.jpg\" data-orig-src=\"https:\/\/paulinenaue.info\/wp-content\/uploads\/2025\/09\/2025-09-20_11-51-55-WANDERUNG-600x338.jpg\" alt=\"\" width=\"600\" height=\"338\" srcset=\"data:image\/svg+xml,%3Csvg%20xmlns%3D%27http%3A%2F%2Fwww.w3.org%2F2000%2Fsvg%27%20width%3D%27600%27%20height%3D%27338%27%20viewBox%3D%270%200%20600%20338%27%3E%3Crect%20width%3D%27600%27%20height%3D%27338%27%20fill-opacity%3D%220%22%2F%3E%3C%2Fsvg%3E\" data-srcset=\"https:\/\/paulinenaue.info\/wp-content\/uploads\/2025\/09\/2025-09-20_11-51-55-WANDERUNG-200x113.jpg 200w, https:\/\/paulinenaue.info\/wp-content\/uploads\/2025\/09\/2025-09-20_11-51-55-WANDERUNG-300x169.jpg 300w, https:\/\/paulinenaue.info\/wp-content\/uploads\/2025\/09\/2025-09-20_11-51-55-WANDERUNG-400x225.jpg 400w, https:\/\/paulinenaue.info\/wp-content\/uploads\/2025\/09\/2025-09-20_11-51-55-WANDERUNG-600x338.jpg 600w, https:\/\/paulinenaue.info\/wp-content\/uploads\/2025\/09\/2025-09-20_11-51-55-WANDERUNG-768x432.jpg 768w, https:\/\/paulinenaue.info\/wp-content\/uploads\/2025\/09\/2025-09-20_11-51-55-WANDERUNG-800x450.jpg 800w, https:\/\/paulinenaue.info\/wp-content\/uploads\/2025\/09\/2025-09-20_11-51-55-WANDERUNG-1024x576.jpg 1024w, https:\/\/paulinenaue.info\/wp-content\/uploads\/2025\/09\/2025-09-20_11-51-55-WANDERUNG-1200x675.jpg 1200w, https:\/\/paulinenaue.info\/wp-content\/uploads\/2025\/09\/2025-09-20_11-51-55-WANDERUNG-1536x864.jpg 1536w, https:\/\/paulinenaue.info\/wp-content\/uploads\/2025\/09\/2025-09-20_11-51-55-WANDERUNG.jpg 1920w\" data-sizes=\"auto\" data-orig-sizes=\"(max-width: 600px) 100vw, 600px\" \/><\/a><p id=\"caption-attachment-418304\" class=\"wp-caption-text\"><em>Auf diesem Grundst\u00fcck im Gartenweg stand im Zweiten Weltkrieg Paulinenaues Kriegsgefangenenlager. Foto: E. Schwarz, 2015.<\/em><\/p><\/div>\n<div id=\"attachment_418296\" style=\"width: 610px\" class=\"wp-caption alignnone\"><a href=\"https:\/\/paulinenaue.info\/wp-content\/uploads\/2025\/09\/2025-09-20_12-06-45-WANDERUNG.jpg\"><img decoding=\"async\" aria-describedby=\"caption-attachment-418296\" data-attachment-id=\"418296\" data-permalink=\"https:\/\/paulinenaue.info\/index.php\/hundert-jahre-alter-neubau\/2025-09-20_12-06-45-wanderung\/\" data-orig-file=\"https:\/\/paulinenaue.info\/wp-content\/uploads\/2025\/09\/2025-09-20_12-06-45-WANDERUNG.jpg\" data-orig-size=\"1920,1080\" data-comments-opened=\"1\" data-image-meta=\"{&quot;aperture&quot;:&quot;4&quot;,&quot;credit&quot;:&quot;Eberhard H.Schwarz&quot;,&quot;camera&quot;:&quot;DSC-RX10M3&quot;,&quot;caption&quot;:&quot;&quot;,&quot;created_timestamp&quot;:&quot;1758370005&quot;,&quot;copyright&quot;:&quot;mail@eberhardschwarz.de&quot;,&quot;focal_length&quot;:&quot;8.8&quot;,&quot;iso&quot;:&quot;100&quot;,&quot;shutter_speed&quot;:&quot;0.0025&quot;,&quot;title&quot;:&quot;&quot;,&quot;orientation&quot;:&quot;1&quot;}\" data-image-title=\"2025-09-20_12-06-45-WANDERUNG\" data-image-description=\"\" data-image-caption=\"\" data-large-file=\"https:\/\/paulinenaue.info\/wp-content\/uploads\/2025\/09\/2025-09-20_12-06-45-WANDERUNG-1024x576.jpg\" class=\"lazyload wp-image-418296 size-fusion-600\" src=\"https:\/\/paulinenaue.info\/wp-content\/uploads\/2025\/09\/2025-09-20_12-06-45-WANDERUNG-600x338.jpg\" data-orig-src=\"https:\/\/paulinenaue.info\/wp-content\/uploads\/2025\/09\/2025-09-20_12-06-45-WANDERUNG-600x338.jpg\" alt=\"\" width=\"600\" height=\"338\" srcset=\"data:image\/svg+xml,%3Csvg%20xmlns%3D%27http%3A%2F%2Fwww.w3.org%2F2000%2Fsvg%27%20width%3D%27600%27%20height%3D%27338%27%20viewBox%3D%270%200%20600%20338%27%3E%3Crect%20width%3D%27600%27%20height%3D%27338%27%20fill-opacity%3D%220%22%2F%3E%3C%2Fsvg%3E\" data-srcset=\"https:\/\/paulinenaue.info\/wp-content\/uploads\/2025\/09\/2025-09-20_12-06-45-WANDERUNG-200x113.jpg 200w, https:\/\/paulinenaue.info\/wp-content\/uploads\/2025\/09\/2025-09-20_12-06-45-WANDERUNG-300x169.jpg 300w, https:\/\/paulinenaue.info\/wp-content\/uploads\/2025\/09\/2025-09-20_12-06-45-WANDERUNG-400x225.jpg 400w, https:\/\/paulinenaue.info\/wp-content\/uploads\/2025\/09\/2025-09-20_12-06-45-WANDERUNG-600x338.jpg 600w, https:\/\/paulinenaue.info\/wp-content\/uploads\/2025\/09\/2025-09-20_12-06-45-WANDERUNG-768x432.jpg 768w, https:\/\/paulinenaue.info\/wp-content\/uploads\/2025\/09\/2025-09-20_12-06-45-WANDERUNG-800x450.jpg 800w, https:\/\/paulinenaue.info\/wp-content\/uploads\/2025\/09\/2025-09-20_12-06-45-WANDERUNG-1024x576.jpg 1024w, https:\/\/paulinenaue.info\/wp-content\/uploads\/2025\/09\/2025-09-20_12-06-45-WANDERUNG-1200x675.jpg 1200w, https:\/\/paulinenaue.info\/wp-content\/uploads\/2025\/09\/2025-09-20_12-06-45-WANDERUNG-1536x864.jpg 1536w, https:\/\/paulinenaue.info\/wp-content\/uploads\/2025\/09\/2025-09-20_12-06-45-WANDERUNG.jpg 1920w\" data-sizes=\"auto\" data-orig-sizes=\"(max-width: 600px) 100vw, 600px\" \/><\/a><p id=\"caption-attachment-418296\" class=\"wp-caption-text\"><em>Die Paulinenauer \u201eSchnitterkaserne\u201c, in der die Paulinenauer Saisonarbeiter wohnten, ist ungew\u00f6hnlich gro\u00df und architektonisch vielf\u00e4ltig. Sie hat bessere Tage gesehen. Foto: E. Schwarz, 2025. <\/em><\/p><\/div>\n<div id=\"attachment_418298\" style=\"width: 610px\" class=\"wp-caption alignnone\"><a href=\"https:\/\/paulinenaue.info\/wp-content\/uploads\/2025\/09\/2025-09-20_11-33-43-WANDERUNG.jpg\"><img decoding=\"async\" aria-describedby=\"caption-attachment-418298\" data-attachment-id=\"418298\" data-permalink=\"https:\/\/paulinenaue.info\/index.php\/hundert-jahre-alter-neubau\/2025-09-20_11-33-43-wanderung\/\" data-orig-file=\"https:\/\/paulinenaue.info\/wp-content\/uploads\/2025\/09\/2025-09-20_11-33-43-WANDERUNG.jpg\" data-orig-size=\"1920,1080\" data-comments-opened=\"1\" data-image-meta=\"{&quot;aperture&quot;:&quot;4&quot;,&quot;credit&quot;:&quot;Eberhard H.Schwarz&quot;,&quot;camera&quot;:&quot;DSC-RX10M3&quot;,&quot;caption&quot;:&quot;&quot;,&quot;created_timestamp&quot;:&quot;1758368023&quot;,&quot;copyright&quot;:&quot;mail@eberhardschwarz.de&quot;,&quot;focal_length&quot;:&quot;10.38&quot;,&quot;iso&quot;:&quot;100&quot;,&quot;shutter_speed&quot;:&quot;0.002&quot;,&quot;title&quot;:&quot;&quot;,&quot;orientation&quot;:&quot;1&quot;}\" data-image-title=\"2025-09-20_11-33-43-WANDERUNG\" data-image-description=\"\" data-image-caption=\"\" data-large-file=\"https:\/\/paulinenaue.info\/wp-content\/uploads\/2025\/09\/2025-09-20_11-33-43-WANDERUNG-1024x576.jpg\" class=\"lazyload wp-image-418298 size-fusion-600\" src=\"https:\/\/paulinenaue.info\/wp-content\/uploads\/2025\/09\/2025-09-20_11-33-43-WANDERUNG-600x338.jpg\" data-orig-src=\"https:\/\/paulinenaue.info\/wp-content\/uploads\/2025\/09\/2025-09-20_11-33-43-WANDERUNG-600x338.jpg\" alt=\"\" width=\"600\" height=\"338\" srcset=\"data:image\/svg+xml,%3Csvg%20xmlns%3D%27http%3A%2F%2Fwww.w3.org%2F2000%2Fsvg%27%20width%3D%27600%27%20height%3D%27338%27%20viewBox%3D%270%200%20600%20338%27%3E%3Crect%20width%3D%27600%27%20height%3D%27338%27%20fill-opacity%3D%220%22%2F%3E%3C%2Fsvg%3E\" data-srcset=\"https:\/\/paulinenaue.info\/wp-content\/uploads\/2025\/09\/2025-09-20_11-33-43-WANDERUNG-200x113.jpg 200w, https:\/\/paulinenaue.info\/wp-content\/uploads\/2025\/09\/2025-09-20_11-33-43-WANDERUNG-300x169.jpg 300w, https:\/\/paulinenaue.info\/wp-content\/uploads\/2025\/09\/2025-09-20_11-33-43-WANDERUNG-400x225.jpg 400w, https:\/\/paulinenaue.info\/wp-content\/uploads\/2025\/09\/2025-09-20_11-33-43-WANDERUNG-600x338.jpg 600w, https:\/\/paulinenaue.info\/wp-content\/uploads\/2025\/09\/2025-09-20_11-33-43-WANDERUNG-768x432.jpg 768w, https:\/\/paulinenaue.info\/wp-content\/uploads\/2025\/09\/2025-09-20_11-33-43-WANDERUNG-800x450.jpg 800w, https:\/\/paulinenaue.info\/wp-content\/uploads\/2025\/09\/2025-09-20_11-33-43-WANDERUNG-1024x576.jpg 1024w, https:\/\/paulinenaue.info\/wp-content\/uploads\/2025\/09\/2025-09-20_11-33-43-WANDERUNG-1200x675.jpg 1200w, https:\/\/paulinenaue.info\/wp-content\/uploads\/2025\/09\/2025-09-20_11-33-43-WANDERUNG-1536x864.jpg 1536w, https:\/\/paulinenaue.info\/wp-content\/uploads\/2025\/09\/2025-09-20_11-33-43-WANDERUNG.jpg 1920w\" data-sizes=\"auto\" data-orig-sizes=\"(max-width: 600px) 100vw, 600px\" \/><\/a><p id=\"caption-attachment-418298\" class=\"wp-caption-text\"><em>Von der alten Schwei\u00dferei ist nur ein wuchtiger Riegel geblieben, der im <a href=\"https:\/\/paulinenaue.info\/index.php\/kulturverein\/paulinenaue-archiv\/\">Kulturvereins-Archiv<\/a> aufbewahrt wird. Foto: E. Schwarz, 2025.<\/em><\/p><\/div>\n<div id=\"attachment_418294\" style=\"width: 610px\" class=\"wp-caption alignnone\"><a href=\"https:\/\/paulinenaue.info\/wp-content\/uploads\/2025\/09\/2025-09-20_11-15-12-WANDERUNG.jpg\"><img decoding=\"async\" aria-describedby=\"caption-attachment-418294\" data-attachment-id=\"418294\" data-permalink=\"https:\/\/paulinenaue.info\/index.php\/hundert-jahre-alter-neubau\/2025-09-20_11-15-12-wanderung\/\" data-orig-file=\"https:\/\/paulinenaue.info\/wp-content\/uploads\/2025\/09\/2025-09-20_11-15-12-WANDERUNG.jpg\" data-orig-size=\"1920,1080\" data-comments-opened=\"1\" data-image-meta=\"{&quot;aperture&quot;:&quot;0&quot;,&quot;credit&quot;:&quot;&quot;,&quot;camera&quot;:&quot;&quot;,&quot;caption&quot;:&quot;&quot;,&quot;created_timestamp&quot;:&quot;0&quot;,&quot;copyright&quot;:&quot;&quot;,&quot;focal_length&quot;:&quot;0&quot;,&quot;iso&quot;:&quot;0&quot;,&quot;shutter_speed&quot;:&quot;0&quot;,&quot;title&quot;:&quot;&quot;,&quot;orientation&quot;:&quot;0&quot;}\" data-image-title=\"2025-09-20_11-15-12-WANDERUNG\" data-image-description=\"\" data-image-caption=\"\" data-large-file=\"https:\/\/paulinenaue.info\/wp-content\/uploads\/2025\/09\/2025-09-20_11-15-12-WANDERUNG-1024x576.jpg\" class=\"lazyload wp-image-418294 size-fusion-600\" src=\"https:\/\/paulinenaue.info\/wp-content\/uploads\/2025\/09\/2025-09-20_11-15-12-WANDERUNG-600x338.jpg\" data-orig-src=\"https:\/\/paulinenaue.info\/wp-content\/uploads\/2025\/09\/2025-09-20_11-15-12-WANDERUNG-600x338.jpg\" alt=\"\" width=\"600\" height=\"338\" srcset=\"data:image\/svg+xml,%3Csvg%20xmlns%3D%27http%3A%2F%2Fwww.w3.org%2F2000%2Fsvg%27%20width%3D%27600%27%20height%3D%27338%27%20viewBox%3D%270%200%20600%20338%27%3E%3Crect%20width%3D%27600%27%20height%3D%27338%27%20fill-opacity%3D%220%22%2F%3E%3C%2Fsvg%3E\" data-srcset=\"https:\/\/paulinenaue.info\/wp-content\/uploads\/2025\/09\/2025-09-20_11-15-12-WANDERUNG-200x113.jpg 200w, https:\/\/paulinenaue.info\/wp-content\/uploads\/2025\/09\/2025-09-20_11-15-12-WANDERUNG-300x169.jpg 300w, https:\/\/paulinenaue.info\/wp-content\/uploads\/2025\/09\/2025-09-20_11-15-12-WANDERUNG-400x225.jpg 400w, https:\/\/paulinenaue.info\/wp-content\/uploads\/2025\/09\/2025-09-20_11-15-12-WANDERUNG-600x338.jpg 600w, https:\/\/paulinenaue.info\/wp-content\/uploads\/2025\/09\/2025-09-20_11-15-12-WANDERUNG-768x432.jpg 768w, https:\/\/paulinenaue.info\/wp-content\/uploads\/2025\/09\/2025-09-20_11-15-12-WANDERUNG-800x450.jpg 800w, https:\/\/paulinenaue.info\/wp-content\/uploads\/2025\/09\/2025-09-20_11-15-12-WANDERUNG-1024x576.jpg 1024w, https:\/\/paulinenaue.info\/wp-content\/uploads\/2025\/09\/2025-09-20_11-15-12-WANDERUNG-1200x675.jpg 1200w, https:\/\/paulinenaue.info\/wp-content\/uploads\/2025\/09\/2025-09-20_11-15-12-WANDERUNG-1536x864.jpg 1536w, https:\/\/paulinenaue.info\/wp-content\/uploads\/2025\/09\/2025-09-20_11-15-12-WANDERUNG.jpg 1920w\" data-sizes=\"auto\" data-orig-sizes=\"(max-width: 600px) 100vw, 600px\" \/><\/a><p id=\"caption-attachment-418294\" class=\"wp-caption-text\"><em>Die Strecke. Die n\u00e4chste Wanderung k\u00f6nnte noch in diesem Herbst stattfinden.<\/em><\/p><\/div><\/p>\n<\/div><\/div><\/div><\/div><\/div>\n","protected":false},"excerpt":{"rendered":"","protected":false},"author":1,"featured_media":418295,"comment_status":"open","ping_status":"open","sticky":false,"template":"","format":"standard","meta":{"_acf_changed":false,"_price":"","_stock":"","_tribe_ticket_header":"","_tribe_default_ticket_provider":"","_tribe_ticket_capacity":"0","_ticket_start_date":"","_ticket_end_date":"","_tribe_ticket_show_description":"","_tribe_ticket_show_not_going":false,"_tribe_ticket_use_global_stock":"","_tribe_ticket_global_stock_level":"","_global_stock_mode":"","_global_stock_cap":"","_tribe_rsvp_for_event":"","_tribe_ticket_going_count":"","_tribe_ticket_not_going_count":"","_tribe_tickets_list":"[]","_tribe_ticket_has_attendee_info_fields":false,"jetpack_post_was_ever_published":false,"_jetpack_newsletter_access":"","_jetpack_dont_email_post_to_subs":false,"_jetpack_newsletter_tier_id":0,"_jetpack_memberships_contains_paywalled_content":false,"_jetpack_memberships_contains_paid_content":false,"footnotes":"","jetpack_publicize_message":"","jetpack_publicize_feature_enabled":true,"jetpack_social_post_already_shared":true,"jetpack_social_options":{"image_generator_settings":{"template":"highway","default_image_id":0,"font":"","enabled":false},"version":2}},"categories":[519,6,7,47,526],"tags":[188,636],"class_list":["post-418291","post","type-post","status-publish","format-standard","has-post-thumbnail","hentry","category-ehrenamt","category-hier-zuhause","category-historie","category-kulturverein","category-ortsgeschichte","tag-ortsgeschichte","tag-ruppiner-strasse"],"acf":[],"yoast_head":"<!-- This site is optimized with the Yoast SEO plugin v27.4 - https:\/\/yoast.com\/product\/yoast-seo-wordpress\/ -->\n<title>Hundert Jahre alter Neubau: Spaziergang durch Paulinenaues Norden - Paulinenaue<\/title>\n<meta name=\"description\" content=\"Mit einem ortsgeschichtlichen Spaziergang durch Paulinenaues Norden startete der Kulturverein das Programm \u201eEine Stra\u00dfe, eine Stunde\u201c.\" \/>\n<meta name=\"robots\" content=\"index, follow, max-snippet:-1, max-image-preview:large, max-video-preview:-1\" \/>\n<link rel=\"canonical\" href=\"https:\/\/paulinenaue.info\/index.php\/hundert-jahre-alter-neubau\/\" \/>\n<meta property=\"og:locale\" content=\"de_DE\" \/>\n<meta property=\"og:type\" content=\"article\" \/>\n<meta property=\"og:title\" content=\"Hundert Jahre alter Neubau: Spaziergang durch Paulinenaues Norden - Paulinenaue\" \/>\n<meta property=\"og:description\" content=\"Mit einem ortsgeschichtlichen Spaziergang durch Paulinenaues Norden startete der Kulturverein das Programm \u201eEine Stra\u00dfe, eine Stunde\u201c.\" \/>\n<meta property=\"og:url\" content=\"https:\/\/paulinenaue.info\/index.php\/hundert-jahre-alter-neubau\/\" \/>\n<meta property=\"og:site_name\" content=\"Paulinenaue\" \/>\n<meta property=\"article:published_time\" content=\"2025-09-21T21:55:20+00:00\" \/>\n<meta property=\"article:modified_time\" content=\"2025-09-25T22:41:35+00:00\" \/>\n<meta property=\"og:image\" content=\"https:\/\/paulinenaue.info\/wp-content\/uploads\/2025\/09\/2025-09-20_12-04-09-WANDERUNG.jpg\" \/>\n\t<meta property=\"og:image:width\" content=\"1920\" \/>\n\t<meta property=\"og:image:height\" content=\"1080\" \/>\n\t<meta property=\"og:image:type\" content=\"image\/jpeg\" \/>\n<meta name=\"author\" content=\"Joachim Scholz\" \/>\n<meta name=\"twitter:card\" content=\"summary_large_image\" \/>\n<meta name=\"twitter:label1\" content=\"Verfasst von\" \/>\n\t<meta name=\"twitter:data1\" content=\"Joachim Scholz\" \/>\n\t<meta name=\"twitter:label2\" content=\"Gesch\u00e4tzte Lesezeit\" \/>\n\t<meta name=\"twitter:data2\" content=\"4\u00a0Minuten\" \/>\n<script type=\"application\/ld+json\" class=\"yoast-schema-graph\">{\"@context\":\"https:\\\/\\\/schema.org\",\"@graph\":[{\"@type\":\"Article\",\"@id\":\"https:\\\/\\\/paulinenaue.info\\\/index.php\\\/hundert-jahre-alter-neubau\\\/#article\",\"isPartOf\":{\"@id\":\"https:\\\/\\\/paulinenaue.info\\\/index.php\\\/hundert-jahre-alter-neubau\\\/\"},\"author\":{\"name\":\"Joachim Scholz\",\"@id\":\"https:\\\/\\\/paulinenaue.info\\\/#\\\/schema\\\/person\\\/3f9e818fd7b69b0d2bd937ac506897cc\"},\"headline\":\"Hundert Jahre alter Neubau: Spaziergang durch Paulinenaues Norden\",\"datePublished\":\"2025-09-21T21:55:20+00:00\",\"dateModified\":\"2025-09-25T22:41:35+00:00\",\"mainEntityOfPage\":{\"@id\":\"https:\\\/\\\/paulinenaue.info\\\/index.php\\\/hundert-jahre-alter-neubau\\\/\"},\"wordCount\":572,\"commentCount\":0,\"image\":{\"@id\":\"https:\\\/\\\/paulinenaue.info\\\/index.php\\\/hundert-jahre-alter-neubau\\\/#primaryimage\"},\"thumbnailUrl\":\"https:\\\/\\\/paulinenaue.info\\\/wp-content\\\/uploads\\\/2025\\\/09\\\/2025-09-20_12-04-09-WANDERUNG.jpg\",\"keywords\":[\"Ortsgeschichte\",\"Ruppiner Stra\u00dfe\"],\"articleSection\":[\"Ehrenamt\",\"Hier Zuhause\",\"Historie\",\"Kulturverein\",\"Ortsgeschichte\"],\"inLanguage\":\"de\",\"potentialAction\":[{\"@type\":\"CommentAction\",\"name\":\"Comment\",\"target\":[\"https:\\\/\\\/paulinenaue.info\\\/index.php\\\/hundert-jahre-alter-neubau\\\/#respond\"]}]},{\"@type\":\"WebPage\",\"@id\":\"https:\\\/\\\/paulinenaue.info\\\/index.php\\\/hundert-jahre-alter-neubau\\\/\",\"url\":\"https:\\\/\\\/paulinenaue.info\\\/index.php\\\/hundert-jahre-alter-neubau\\\/\",\"name\":\"Hundert Jahre alter Neubau: Spaziergang durch Paulinenaues Norden - Paulinenaue\",\"isPartOf\":{\"@id\":\"https:\\\/\\\/paulinenaue.info\\\/#website\"},\"primaryImageOfPage\":{\"@id\":\"https:\\\/\\\/paulinenaue.info\\\/index.php\\\/hundert-jahre-alter-neubau\\\/#primaryimage\"},\"image\":{\"@id\":\"https:\\\/\\\/paulinenaue.info\\\/index.php\\\/hundert-jahre-alter-neubau\\\/#primaryimage\"},\"thumbnailUrl\":\"https:\\\/\\\/paulinenaue.info\\\/wp-content\\\/uploads\\\/2025\\\/09\\\/2025-09-20_12-04-09-WANDERUNG.jpg\",\"datePublished\":\"2025-09-21T21:55:20+00:00\",\"dateModified\":\"2025-09-25T22:41:35+00:00\",\"author\":{\"@id\":\"https:\\\/\\\/paulinenaue.info\\\/#\\\/schema\\\/person\\\/3f9e818fd7b69b0d2bd937ac506897cc\"},\"description\":\"Mit einem ortsgeschichtlichen Spaziergang durch Paulinenaues Norden startete der Kulturverein das Programm \u201eEine Stra\u00dfe, eine Stunde\u201c.\",\"breadcrumb\":{\"@id\":\"https:\\\/\\\/paulinenaue.info\\\/index.php\\\/hundert-jahre-alter-neubau\\\/#breadcrumb\"},\"inLanguage\":\"de\",\"potentialAction\":[{\"@type\":\"ReadAction\",\"target\":[\"https:\\\/\\\/paulinenaue.info\\\/index.php\\\/hundert-jahre-alter-neubau\\\/\"]}]},{\"@type\":\"ImageObject\",\"inLanguage\":\"de\",\"@id\":\"https:\\\/\\\/paulinenaue.info\\\/index.php\\\/hundert-jahre-alter-neubau\\\/#primaryimage\",\"url\":\"https:\\\/\\\/paulinenaue.info\\\/wp-content\\\/uploads\\\/2025\\\/09\\\/2025-09-20_12-04-09-WANDERUNG.jpg\",\"contentUrl\":\"https:\\\/\\\/paulinenaue.info\\\/wp-content\\\/uploads\\\/2025\\\/09\\\/2025-09-20_12-04-09-WANDERUNG.jpg\",\"width\":1920,\"height\":1080},{\"@type\":\"BreadcrumbList\",\"@id\":\"https:\\\/\\\/paulinenaue.info\\\/index.php\\\/hundert-jahre-alter-neubau\\\/#breadcrumb\",\"itemListElement\":[{\"@type\":\"ListItem\",\"position\":1,\"name\":\"Home\",\"item\":\"https:\\\/\\\/paulinenaue.info\\\/\"},{\"@type\":\"ListItem\",\"position\":2,\"name\":\"Hundert Jahre alter Neubau: Spaziergang durch Paulinenaues Norden\"}]},{\"@type\":\"WebSite\",\"@id\":\"https:\\\/\\\/paulinenaue.info\\\/#website\",\"url\":\"https:\\\/\\\/paulinenaue.info\\\/\",\"name\":\"Paulinenaue\",\"description\":\"Ein Dorf im Havelland\",\"potentialAction\":[{\"@type\":\"SearchAction\",\"target\":{\"@type\":\"EntryPoint\",\"urlTemplate\":\"https:\\\/\\\/paulinenaue.info\\\/?s={search_term_string}\"},\"query-input\":{\"@type\":\"PropertyValueSpecification\",\"valueRequired\":true,\"valueName\":\"search_term_string\"}}],\"inLanguage\":\"de\"},{\"@type\":\"Person\",\"@id\":\"https:\\\/\\\/paulinenaue.info\\\/#\\\/schema\\\/person\\\/3f9e818fd7b69b0d2bd937ac506897cc\",\"name\":\"Joachim Scholz\",\"url\":\"https:\\\/\\\/paulinenaue.info\\\/index.php\\\/author\\\/jjscholz\\\/\"}]}<\/script>\n<!-- \/ Yoast SEO plugin. -->","yoast_head_json":{"title":"Hundert Jahre alter Neubau: Spaziergang durch Paulinenaues Norden - Paulinenaue","description":"Mit einem ortsgeschichtlichen Spaziergang durch Paulinenaues Norden startete der Kulturverein das Programm \u201eEine Stra\u00dfe, eine Stunde\u201c.","robots":{"index":"index","follow":"follow","max-snippet":"max-snippet:-1","max-image-preview":"max-image-preview:large","max-video-preview":"max-video-preview:-1"},"canonical":"https:\/\/paulinenaue.info\/index.php\/hundert-jahre-alter-neubau\/","og_locale":"de_DE","og_type":"article","og_title":"Hundert Jahre alter Neubau: Spaziergang durch Paulinenaues Norden - Paulinenaue","og_description":"Mit einem ortsgeschichtlichen Spaziergang durch Paulinenaues Norden startete der Kulturverein das Programm \u201eEine Stra\u00dfe, eine Stunde\u201c.","og_url":"https:\/\/paulinenaue.info\/index.php\/hundert-jahre-alter-neubau\/","og_site_name":"Paulinenaue","article_published_time":"2025-09-21T21:55:20+00:00","article_modified_time":"2025-09-25T22:41:35+00:00","og_image":[{"width":1920,"height":1080,"url":"https:\/\/paulinenaue.info\/wp-content\/uploads\/2025\/09\/2025-09-20_12-04-09-WANDERUNG.jpg","type":"image\/jpeg"}],"author":"Joachim Scholz","twitter_card":"summary_large_image","twitter_misc":{"Verfasst von":"Joachim Scholz","Gesch\u00e4tzte Lesezeit":"4\u00a0Minuten"},"schema":{"@context":"https:\/\/schema.org","@graph":[{"@type":"Article","@id":"https:\/\/paulinenaue.info\/index.php\/hundert-jahre-alter-neubau\/#article","isPartOf":{"@id":"https:\/\/paulinenaue.info\/index.php\/hundert-jahre-alter-neubau\/"},"author":{"name":"Joachim Scholz","@id":"https:\/\/paulinenaue.info\/#\/schema\/person\/3f9e818fd7b69b0d2bd937ac506897cc"},"headline":"Hundert Jahre alter Neubau: Spaziergang durch Paulinenaues Norden","datePublished":"2025-09-21T21:55:20+00:00","dateModified":"2025-09-25T22:41:35+00:00","mainEntityOfPage":{"@id":"https:\/\/paulinenaue.info\/index.php\/hundert-jahre-alter-neubau\/"},"wordCount":572,"commentCount":0,"image":{"@id":"https:\/\/paulinenaue.info\/index.php\/hundert-jahre-alter-neubau\/#primaryimage"},"thumbnailUrl":"https:\/\/paulinenaue.info\/wp-content\/uploads\/2025\/09\/2025-09-20_12-04-09-WANDERUNG.jpg","keywords":["Ortsgeschichte","Ruppiner Stra\u00dfe"],"articleSection":["Ehrenamt","Hier Zuhause","Historie","Kulturverein","Ortsgeschichte"],"inLanguage":"de","potentialAction":[{"@type":"CommentAction","name":"Comment","target":["https:\/\/paulinenaue.info\/index.php\/hundert-jahre-alter-neubau\/#respond"]}]},{"@type":"WebPage","@id":"https:\/\/paulinenaue.info\/index.php\/hundert-jahre-alter-neubau\/","url":"https:\/\/paulinenaue.info\/index.php\/hundert-jahre-alter-neubau\/","name":"Hundert Jahre alter Neubau: Spaziergang durch Paulinenaues Norden - Paulinenaue","isPartOf":{"@id":"https:\/\/paulinenaue.info\/#website"},"primaryImageOfPage":{"@id":"https:\/\/paulinenaue.info\/index.php\/hundert-jahre-alter-neubau\/#primaryimage"},"image":{"@id":"https:\/\/paulinenaue.info\/index.php\/hundert-jahre-alter-neubau\/#primaryimage"},"thumbnailUrl":"https:\/\/paulinenaue.info\/wp-content\/uploads\/2025\/09\/2025-09-20_12-04-09-WANDERUNG.jpg","datePublished":"2025-09-21T21:55:20+00:00","dateModified":"2025-09-25T22:41:35+00:00","author":{"@id":"https:\/\/paulinenaue.info\/#\/schema\/person\/3f9e818fd7b69b0d2bd937ac506897cc"},"description":"Mit einem ortsgeschichtlichen Spaziergang durch Paulinenaues Norden startete der Kulturverein das Programm \u201eEine Stra\u00dfe, eine Stunde\u201c.","breadcrumb":{"@id":"https:\/\/paulinenaue.info\/index.php\/hundert-jahre-alter-neubau\/#breadcrumb"},"inLanguage":"de","potentialAction":[{"@type":"ReadAction","target":["https:\/\/paulinenaue.info\/index.php\/hundert-jahre-alter-neubau\/"]}]},{"@type":"ImageObject","inLanguage":"de","@id":"https:\/\/paulinenaue.info\/index.php\/hundert-jahre-alter-neubau\/#primaryimage","url":"https:\/\/paulinenaue.info\/wp-content\/uploads\/2025\/09\/2025-09-20_12-04-09-WANDERUNG.jpg","contentUrl":"https:\/\/paulinenaue.info\/wp-content\/uploads\/2025\/09\/2025-09-20_12-04-09-WANDERUNG.jpg","width":1920,"height":1080},{"@type":"BreadcrumbList","@id":"https:\/\/paulinenaue.info\/index.php\/hundert-jahre-alter-neubau\/#breadcrumb","itemListElement":[{"@type":"ListItem","position":1,"name":"Home","item":"https:\/\/paulinenaue.info\/"},{"@type":"ListItem","position":2,"name":"Hundert Jahre alter Neubau: Spaziergang durch Paulinenaues Norden"}]},{"@type":"WebSite","@id":"https:\/\/paulinenaue.info\/#website","url":"https:\/\/paulinenaue.info\/","name":"Paulinenaue","description":"Ein Dorf im Havelland","potentialAction":[{"@type":"SearchAction","target":{"@type":"EntryPoint","urlTemplate":"https:\/\/paulinenaue.info\/?s={search_term_string}"},"query-input":{"@type":"PropertyValueSpecification","valueRequired":true,"valueName":"search_term_string"}}],"inLanguage":"de"},{"@type":"Person","@id":"https:\/\/paulinenaue.info\/#\/schema\/person\/3f9e818fd7b69b0d2bd937ac506897cc","name":"Joachim Scholz","url":"https:\/\/paulinenaue.info\/index.php\/author\/jjscholz\/"}]}},"jetpack_publicize_connections":[],"jetpack_featured_media_url":"https:\/\/paulinenaue.info\/wp-content\/uploads\/2025\/09\/2025-09-20_12-04-09-WANDERUNG.jpg","jetpack_sharing_enabled":true,"jetpack_shortlink":"https:\/\/wp.me\/pcYhWA-1KOD","jetpack-related-posts":[{"id":416714,"url":"https:\/\/paulinenaue.info\/index.php\/nachruf-auf-karl-weirauch-1925-2024\/","url_meta":{"origin":418291,"position":0},"title":"Nachruf auf Karl Weirauch (1925\u20132024)","author":"Joachim Scholz","date":"12. August 2024","format":false,"excerpt":"Seine Eltern Johann und Stanislawa waren 1920 aus Mecklenburg nach Paulinenaue gekommen. Sie stammten aus der N\u00e4he von \u0141\u00f3d\u017a und arbeiteten in der Landwirtschaft. Am 22. Oktober 1925 kam er in Paulinenaue zur Welt: Obwohl Karl Weirauch seit Jahrzehnten in Friesack wohnte, konnte man ihn mit Fug und Recht als\u2026","rel":"","context":"In &quot;Ortsgeschichte&quot;","block_context":{"text":"Ortsgeschichte","link":"https:\/\/paulinenaue.info\/index.php\/category\/ortsgeschichte\/"},"img":{"alt_text":"","src":"https:\/\/i0.wp.com\/paulinenaue.info\/wp-content\/uploads\/2024\/08\/2018-06-30-Karl-Weirauch-im-Interview.jpeg?resize=350%2C200&ssl=1","width":350,"height":200,"srcset":"https:\/\/i0.wp.com\/paulinenaue.info\/wp-content\/uploads\/2024\/08\/2018-06-30-Karl-Weirauch-im-Interview.jpeg?resize=350%2C200&ssl=1 1x, https:\/\/i0.wp.com\/paulinenaue.info\/wp-content\/uploads\/2024\/08\/2018-06-30-Karl-Weirauch-im-Interview.jpeg?resize=525%2C300&ssl=1 1.5x, https:\/\/i0.wp.com\/paulinenaue.info\/wp-content\/uploads\/2024\/08\/2018-06-30-Karl-Weirauch-im-Interview.jpeg?resize=700%2C400&ssl=1 2x"},"classes":[]},{"id":415648,"url":"https:\/\/paulinenaue.info\/index.php\/erweiterung-des-ortshistorischen-archivs\/","url_meta":{"origin":418291,"position":1},"title":"Erweiterung des ortshistorischen Archivs","author":"Joachim Scholz","date":"27. Dezember 2023","format":false,"excerpt":"Kulturverein erh\u00e4lt wertvolles Quellenmaterial zu den Gebr\u00fcdern Knauer Es gibt Spezialgebiete des Wissens und die dazu geh\u00f6renden Spezialisten. Das ist nicht nur in den Wissenschaften so, sondern auch im Pferdesport. Interessiert man sich zum Beispiel f\u00fcr die Geschichte des deutschen Trabrennsports, kommt man an Karl Dold nicht vorbei. \u00dcber Umwege\u2026","rel":"","context":"In &quot;Dorfentwicklung&quot;","block_context":{"text":"Dorfentwicklung","link":"https:\/\/paulinenaue.info\/index.php\/category\/dorfentwicklung\/"},"img":{"alt_text":"","src":"https:\/\/i0.wp.com\/paulinenaue.info\/wp-content\/uploads\/2023\/12\/1910-ca-Arthur-Knauer-Zeichnung-scaled.jpg?resize=350%2C200&ssl=1","width":350,"height":200,"srcset":"https:\/\/i0.wp.com\/paulinenaue.info\/wp-content\/uploads\/2023\/12\/1910-ca-Arthur-Knauer-Zeichnung-scaled.jpg?resize=350%2C200&ssl=1 1x, https:\/\/i0.wp.com\/paulinenaue.info\/wp-content\/uploads\/2023\/12\/1910-ca-Arthur-Knauer-Zeichnung-scaled.jpg?resize=525%2C300&ssl=1 1.5x, https:\/\/i0.wp.com\/paulinenaue.info\/wp-content\/uploads\/2023\/12\/1910-ca-Arthur-Knauer-Zeichnung-scaled.jpg?resize=700%2C400&ssl=1 2x, https:\/\/i0.wp.com\/paulinenaue.info\/wp-content\/uploads\/2023\/12\/1910-ca-Arthur-Knauer-Zeichnung-scaled.jpg?resize=1050%2C600&ssl=1 3x, https:\/\/i0.wp.com\/paulinenaue.info\/wp-content\/uploads\/2023\/12\/1910-ca-Arthur-Knauer-Zeichnung-scaled.jpg?resize=1400%2C800&ssl=1 4x"},"classes":[]},{"id":415945,"url":"https:\/\/paulinenaue.info\/index.php\/chroniken-von-paulinenaue\/","url_meta":{"origin":418291,"position":2},"title":"Chroniken von Paulinenaue","author":"Joachim Scholz","date":"4. Februar 2024","format":false,"excerpt":"Kirchenb\u00fccher und Kriegschroniken \u2013 Die Anf\u00e4nge Paulinenaue ist ein junges Dorf, das 1833 aus einem unbedeutenden Vorwerk hervorging. F\u00fcr lange Zeit wurden Aufzeichnungen wichtiger Lebensereignisse seiner Einwohner, wie Geburten, Taufen, Hochzeiten und Todesf\u00e4lle, nur in den Kirchenb\u00fcchern der Nachbargemeinden festgehalten, zu denen es kirchenrechtlich geh\u00f6rte. Erst seit 1920 wurde in\u2026","rel":"","context":"In &quot;Dorfentwicklung&quot;","block_context":{"text":"Dorfentwicklung","link":"https:\/\/paulinenaue.info\/index.php\/category\/dorfentwicklung\/"},"img":{"alt_text":"","src":"https:\/\/i0.wp.com\/paulinenaue.info\/wp-content\/uploads\/2024\/01\/1915-05-23-Heimatszeitung-Titelblatt.jpg?resize=350%2C200&ssl=1","width":350,"height":200,"srcset":"https:\/\/i0.wp.com\/paulinenaue.info\/wp-content\/uploads\/2024\/01\/1915-05-23-Heimatszeitung-Titelblatt.jpg?resize=350%2C200&ssl=1 1x, https:\/\/i0.wp.com\/paulinenaue.info\/wp-content\/uploads\/2024\/01\/1915-05-23-Heimatszeitung-Titelblatt.jpg?resize=525%2C300&ssl=1 1.5x, https:\/\/i0.wp.com\/paulinenaue.info\/wp-content\/uploads\/2024\/01\/1915-05-23-Heimatszeitung-Titelblatt.jpg?resize=700%2C400&ssl=1 2x"},"classes":[]},{"id":418075,"url":"https:\/\/paulinenaue.info\/index.php\/100-jahre-ortsgeschichtsschreibung\/","url_meta":{"origin":418291,"position":3},"title":"100 Jahre Ortsgeschichtsschreibung","author":"Joachim Scholz","date":"9. Juni 2025","format":false,"excerpt":"","rel":"","context":"In &quot;Dorfentwicklung&quot;","block_context":{"text":"Dorfentwicklung","link":"https:\/\/paulinenaue.info\/index.php\/category\/dorfentwicklung\/"},"img":{"alt_text":"","src":"https:\/\/i0.wp.com\/paulinenaue.info\/wp-content\/uploads\/2025\/06\/1900-ca.-Paulinenaue-Schaeferhaus-unbearbeitet.jpeg?resize=350%2C200&ssl=1","width":350,"height":200,"srcset":"https:\/\/i0.wp.com\/paulinenaue.info\/wp-content\/uploads\/2025\/06\/1900-ca.-Paulinenaue-Schaeferhaus-unbearbeitet.jpeg?resize=350%2C200&ssl=1 1x, https:\/\/i0.wp.com\/paulinenaue.info\/wp-content\/uploads\/2025\/06\/1900-ca.-Paulinenaue-Schaeferhaus-unbearbeitet.jpeg?resize=525%2C300&ssl=1 1.5x, https:\/\/i0.wp.com\/paulinenaue.info\/wp-content\/uploads\/2025\/06\/1900-ca.-Paulinenaue-Schaeferhaus-unbearbeitet.jpeg?resize=700%2C400&ssl=1 2x"},"classes":[]},{"id":992,"url":"https:\/\/paulinenaue.info\/index.php\/80-jahre-gemeinde-paulinenaue-eine-serie-zur-ortsgeschichte-teil-4\/","url_meta":{"origin":418291,"position":4},"title":"80 Jahre Gemeinde Paulinenaue \u2013 Eine Serie zur Ortsgeschichte (Teil 4)","author":"Sarah","date":"19. Juni 2017","format":false,"excerpt":"02.10.2004 Teil 4 Von der Jahrhundertwende bis zur Gemeindegr\u00fcndung Zu Beginn des letzten Jahrhunderts musste das Luch zum zweiten Mal trockengelegt werden, da viele wassertechnische Anlagen im Laufe der Zeit verkommen waren. 1917 erwirbt eine Landsiedlungsgesellschaft das kurz zuvor baulich aufgewertete Gut und Paulinenaue wird zum Zentrum einer Besiedlungswelle, die\u2026","rel":"","context":"In &quot;Allgemein&quot;","block_context":{"text":"Allgemein","link":"https:\/\/paulinenaue.info\/index.php\/category\/allgemein\/"},"img":{"alt_text":"","src":"https:\/\/i0.wp.com\/paulinenaue.info\/wp-content\/uploads\/2017\/06\/goldschmidt.jpg?resize=350%2C200&ssl=1","width":350,"height":200},"classes":[]},{"id":416490,"url":"https:\/\/paulinenaue.info\/index.php\/waehlerpruppe-sportverein-kommunalwahl\/","url_meta":{"origin":418291,"position":5},"title":"W\u00e4hlerpruppe Sportverein &#8211; Kommunalwahl","author":"Christian Schaller","date":"8. Juni 2024","format":false,"excerpt":"","rel":"","context":"In &quot;Allgemein&quot;","block_context":{"text":"Allgemein","link":"https:\/\/paulinenaue.info\/index.php\/category\/allgemein\/"},"img":{"alt_text":"","src":"https:\/\/i0.wp.com\/paulinenaue.info\/wp-content\/uploads\/2024\/06\/ptsv1.jpg?resize=350%2C200&ssl=1","width":350,"height":200,"srcset":"https:\/\/i0.wp.com\/paulinenaue.info\/wp-content\/uploads\/2024\/06\/ptsv1.jpg?resize=350%2C200&ssl=1 1x, https:\/\/i0.wp.com\/paulinenaue.info\/wp-content\/uploads\/2024\/06\/ptsv1.jpg?resize=525%2C300&ssl=1 1.5x, https:\/\/i0.wp.com\/paulinenaue.info\/wp-content\/uploads\/2024\/06\/ptsv1.jpg?resize=700%2C400&ssl=1 2x, https:\/\/i0.wp.com\/paulinenaue.info\/wp-content\/uploads\/2024\/06\/ptsv1.jpg?resize=1050%2C600&ssl=1 3x, https:\/\/i0.wp.com\/paulinenaue.info\/wp-content\/uploads\/2024\/06\/ptsv1.jpg?resize=1400%2C800&ssl=1 4x"},"classes":[]}],"_links":{"self":[{"href":"https:\/\/paulinenaue.info\/index.php\/wp-json\/wp\/v2\/posts\/418291","targetHints":{"allow":["GET"]}}],"collection":[{"href":"https:\/\/paulinenaue.info\/index.php\/wp-json\/wp\/v2\/posts"}],"about":[{"href":"https:\/\/paulinenaue.info\/index.php\/wp-json\/wp\/v2\/types\/post"}],"author":[{"embeddable":true,"href":"https:\/\/paulinenaue.info\/index.php\/wp-json\/wp\/v2\/users\/1"}],"replies":[{"embeddable":true,"href":"https:\/\/paulinenaue.info\/index.php\/wp-json\/wp\/v2\/comments?post=418291"}],"version-history":[{"count":35,"href":"https:\/\/paulinenaue.info\/index.php\/wp-json\/wp\/v2\/posts\/418291\/revisions"}],"predecessor-version":[{"id":418354,"href":"https:\/\/paulinenaue.info\/index.php\/wp-json\/wp\/v2\/posts\/418291\/revisions\/418354"}],"wp:featuredmedia":[{"embeddable":true,"href":"https:\/\/paulinenaue.info\/index.php\/wp-json\/wp\/v2\/media\/418295"}],"wp:attachment":[{"href":"https:\/\/paulinenaue.info\/index.php\/wp-json\/wp\/v2\/media?parent=418291"}],"wp:term":[{"taxonomy":"category","embeddable":true,"href":"https:\/\/paulinenaue.info\/index.php\/wp-json\/wp\/v2\/categories?post=418291"},{"taxonomy":"post_tag","embeddable":true,"href":"https:\/\/paulinenaue.info\/index.php\/wp-json\/wp\/v2\/tags?post=418291"}],"curies":[{"name":"wp","href":"https:\/\/api.w.org\/{rel}","templated":true}]}}