{"id":418343,"date":"2025-09-26T00:36:19","date_gmt":"2025-09-25T22:36:19","guid":{"rendered":"https:\/\/paulinenaue.info\/?p=418343"},"modified":"2025-09-26T01:09:58","modified_gmt":"2025-09-25T23:09:58","slug":"punk-musik-in-der-kirche","status":"publish","type":"post","link":"https:\/\/paulinenaue.info\/index.php\/punk-musik-in-der-kirche\/","title":{"rendered":"Punk-Musik in der Kirche"},"content":{"rendered":"<h3>Multimediale Lesung mit Geralf Pochop unter dem Motto \u201eZwischen Aufbruch und Randale \u2013\u00a0Der Wilde Osten in den Wirren der Nachwendezeit\u201c<\/h3>\n<p>Die erste und mit 96 Jahren \u00e4lteste Besucherin zur Lesung am 19. September 2025 traf schon kurz nach 16 Uhr ein. Eugenie Selent nutzte die Gelegenheit, mit einer Mitarbeiterin der Tagespflege anzureisen. \u201eWenn was in Paulinenaue los ist, bin ich dabei\u201c sagte sie, als sie mit ihrem Rollator in Richtung Kirche lief und sich dann davor in die w\u00e4rmende Sonne setzte. Die n\u00e4chste Besucherin, Charlotte von der Waydbrink, war mit noch nicht mal einem halben Jahr die j\u00fcngste Besucherin und wurde im Kinderwagen von ihrem Papa gefahren. Beide haben die multimediale Lesung von Geralf Pochop bei guter Laune und mit gro\u00dfem Interesse mit weiteren fast 50 Besucherinnen und Besuchern bis zum Schluss verfolgt.<\/p>\n<div id=\"attachment_418350\" style=\"width: 610px\" class=\"wp-caption alignnone\"><a href=\"https:\/\/paulinenaue.info\/wp-content\/uploads\/2025\/09\/2025-09-19_23.jpg\"><img decoding=\"async\" aria-describedby=\"caption-attachment-418350\" data-attachment-id=\"418350\" data-permalink=\"https:\/\/paulinenaue.info\/index.php\/punk-musik-in-der-kirche\/2025-09-19_23\/\" data-orig-file=\"https:\/\/paulinenaue.info\/wp-content\/uploads\/2025\/09\/2025-09-19_23.jpg\" data-orig-size=\"1920,1080\" data-comments-opened=\"1\" data-image-meta=\"{&quot;aperture&quot;:&quot;1.78&quot;,&quot;credit&quot;:&quot;&quot;,&quot;camera&quot;:&quot;iPhone 15 Pro Max&quot;,&quot;caption&quot;:&quot;&quot;,&quot;created_timestamp&quot;:&quot;1758314286&quot;,&quot;copyright&quot;:&quot;&quot;,&quot;focal_length&quot;:&quot;6.7649998656528&quot;,&quot;iso&quot;:&quot;1000&quot;,&quot;shutter_speed&quot;:&quot;0.03030303030303&quot;,&quot;title&quot;:&quot;&quot;,&quot;orientation&quot;:&quot;1&quot;}\" data-image-title=\"2025-09-19_23\" data-image-description=\"\" data-image-caption=\"\" data-large-file=\"https:\/\/paulinenaue.info\/wp-content\/uploads\/2025\/09\/2025-09-19_23-1024x576.jpg\" class=\"lazyload wp-image-418350 size-fusion-600\" src=\"https:\/\/paulinenaue.info\/wp-content\/uploads\/2025\/09\/2025-09-19_23-600x338.jpg\" data-orig-src=\"https:\/\/paulinenaue.info\/wp-content\/uploads\/2025\/09\/2025-09-19_23-600x338.jpg\" alt=\"\" width=\"600\" height=\"338\" srcset=\"data:image\/svg+xml,%3Csvg%20xmlns%3D%27http%3A%2F%2Fwww.w3.org%2F2000%2Fsvg%27%20width%3D%27600%27%20height%3D%27338%27%20viewBox%3D%270%200%20600%20338%27%3E%3Crect%20width%3D%27600%27%20height%3D%27338%27%20fill-opacity%3D%220%22%2F%3E%3C%2Fsvg%3E\" data-srcset=\"https:\/\/paulinenaue.info\/wp-content\/uploads\/2025\/09\/2025-09-19_23-200x113.jpg 200w, https:\/\/paulinenaue.info\/wp-content\/uploads\/2025\/09\/2025-09-19_23-300x169.jpg 300w, https:\/\/paulinenaue.info\/wp-content\/uploads\/2025\/09\/2025-09-19_23-400x225.jpg 400w, https:\/\/paulinenaue.info\/wp-content\/uploads\/2025\/09\/2025-09-19_23-600x338.jpg 600w, https:\/\/paulinenaue.info\/wp-content\/uploads\/2025\/09\/2025-09-19_23-768x432.jpg 768w, https:\/\/paulinenaue.info\/wp-content\/uploads\/2025\/09\/2025-09-19_23-800x450.jpg 800w, https:\/\/paulinenaue.info\/wp-content\/uploads\/2025\/09\/2025-09-19_23-1024x576.jpg 1024w, https:\/\/paulinenaue.info\/wp-content\/uploads\/2025\/09\/2025-09-19_23-1200x675.jpg 1200w, https:\/\/paulinenaue.info\/wp-content\/uploads\/2025\/09\/2025-09-19_23-1536x864.jpg 1536w, https:\/\/paulinenaue.info\/wp-content\/uploads\/2025\/09\/2025-09-19_23.jpg 1920w\" data-sizes=\"auto\" data-orig-sizes=\"(max-width: 600px) 100vw, 600px\" \/><\/a><p id=\"caption-attachment-418350\" class=\"wp-caption-text\"><em>Jung und Alt kommen ins Gepr\u00e4ch. Die 96j\u00e4hrige Frau Selent und eine der j\u00fcngsten Paulinenauerinnen aus der Familie Waydbrink. Foto: E. Schwarz, 2025.<\/em><\/p><\/div>\n<p>Dann f\u00fcllte sich der Bereich vor der Kirche recht schnell. Die leckere Wildbratwurst war schnell aufgegessen, ein Getr\u00e4nk genommen und dann sollte es aber auch endlich losgehen mit der Lesung und Live-Musik. Nach der Lesung aus seinem Buch im April, in der es um die Punk-Szene in der DDR ging, wurde nun in die Wendezeit und kurz danach eingetaucht. <a href=\"https:\/\/de.wikipedia.org\/wiki\/Geralf_Pochop\">Geralf Pochop<\/a>, der aus der DDR ausgewiesen wurde und dann in Berlin-Kreuzberg lebte, glaubte am 9. November 1989 der Berichterstattung in den Medien nicht gleich, dass die Mauer gefallen ist: \u201eHeute w\u00fcrde man sagen, dass ich dachte, es seien Fake-News\u201c, so Pochop. Relativ schnell zog er dann in seine Heimatstadt Saale zur\u00fcck. \u201eEs war eine so tolle Aufbruchstimmung Anfang der 1990er Jahre, wir konnten so viel ver\u00e4ndern\u201c und \u201emit der Punk-Szene im Westen sind wir nicht richtig warm geworden\u201c, so sinngem\u00e4\u00df seine Worte.<\/p>\n<p>Sebastian Schmidt, auch \u201eAl\u00fct\u201c genannt, sorgte dann mehrfach f\u00fcr ordentlich L\u00e4rm mit typischem Gesang zu Punkrock von seiner E-Gitarre. \u201eEgon, warum hast du so gro\u00dfe Z\u00e4hne?\u201c ist ein Textbaustein, der mir noch in Erinnerung ist und auch akustisch verstanden wurde. Es waren Lieder von bekannten DDR-Punkbands wie Schleimkeim, die mit ihren Texten die Lesung umrahmten und Aufschluss \u00fcber die damalige Stimmung in der Szene geben konnten.<\/p>\n<div id=\"attachment_418351\" style=\"width: 610px\" class=\"wp-caption alignnone\"><a href=\"https:\/\/paulinenaue.info\/wp-content\/uploads\/2025\/09\/IMG_20250919_184712-scaled.jpg\"><img decoding=\"async\" aria-describedby=\"caption-attachment-418351\" data-attachment-id=\"418351\" data-permalink=\"https:\/\/paulinenaue.info\/index.php\/punk-musik-in-der-kirche\/img_20250919_184712\/\" data-orig-file=\"https:\/\/paulinenaue.info\/wp-content\/uploads\/2025\/09\/IMG_20250919_184712-scaled.jpg\" data-orig-size=\"2560,1920\" data-comments-opened=\"1\" data-image-meta=\"{&quot;aperture&quot;:&quot;1.8&quot;,&quot;credit&quot;:&quot;&quot;,&quot;camera&quot;:&quot;FP4&quot;,&quot;caption&quot;:&quot;&quot;,&quot;created_timestamp&quot;:&quot;1758307633&quot;,&quot;copyright&quot;:&quot;&quot;,&quot;focal_length&quot;:&quot;5.58&quot;,&quot;iso&quot;:&quot;579&quot;,&quot;shutter_speed&quot;:&quot;0.05&quot;,&quot;title&quot;:&quot;&quot;,&quot;orientation&quot;:&quot;1&quot;}\" data-image-title=\"IMG_20250919_184712\" data-image-description=\"\" data-image-caption=\"&lt;p&gt;Die zweite Lesung zog ca. 50 G\u00e4ste in die Kirche nach Paulinenaue. Ein voller Erfolg. Foto: V. Franklyn, 2025.&lt;\/p&gt;\n\" data-large-file=\"https:\/\/paulinenaue.info\/wp-content\/uploads\/2025\/09\/IMG_20250919_184712-1024x768.jpg\" class=\"lazyload size-fusion-600 wp-image-418351\" src=\"https:\/\/paulinenaue.info\/wp-content\/uploads\/2025\/09\/IMG_20250919_184712-600x450.jpg\" data-orig-src=\"https:\/\/paulinenaue.info\/wp-content\/uploads\/2025\/09\/IMG_20250919_184712-600x450.jpg\" alt=\"\" width=\"600\" height=\"450\" srcset=\"data:image\/svg+xml,%3Csvg%20xmlns%3D%27http%3A%2F%2Fwww.w3.org%2F2000%2Fsvg%27%20width%3D%27600%27%20height%3D%27450%27%20viewBox%3D%270%200%20600%20450%27%3E%3Crect%20width%3D%27600%27%20height%3D%27450%27%20fill-opacity%3D%220%22%2F%3E%3C%2Fsvg%3E\" data-srcset=\"https:\/\/paulinenaue.info\/wp-content\/uploads\/2025\/09\/IMG_20250919_184712-200x150.jpg 200w, https:\/\/paulinenaue.info\/wp-content\/uploads\/2025\/09\/IMG_20250919_184712-300x225.jpg 300w, https:\/\/paulinenaue.info\/wp-content\/uploads\/2025\/09\/IMG_20250919_184712-400x300.jpg 400w, https:\/\/paulinenaue.info\/wp-content\/uploads\/2025\/09\/IMG_20250919_184712-600x450.jpg 600w, https:\/\/paulinenaue.info\/wp-content\/uploads\/2025\/09\/IMG_20250919_184712-768x576.jpg 768w, https:\/\/paulinenaue.info\/wp-content\/uploads\/2025\/09\/IMG_20250919_184712-800x600.jpg 800w, https:\/\/paulinenaue.info\/wp-content\/uploads\/2025\/09\/IMG_20250919_184712-1024x768.jpg 1024w, https:\/\/paulinenaue.info\/wp-content\/uploads\/2025\/09\/IMG_20250919_184712-1200x900.jpg 1200w, https:\/\/paulinenaue.info\/wp-content\/uploads\/2025\/09\/IMG_20250919_184712-1536x1152.jpg 1536w\" data-sizes=\"auto\" data-orig-sizes=\"(max-width: 600px) 100vw, 600px\" \/><\/a><p id=\"caption-attachment-418351\" class=\"wp-caption-text\"><em>Die zweite Lesung mit Geralf Pochop zog ca. 50 G\u00e4ste in die Kirche nach Paulinenaue. Ein voller Erfolg. Foto: V. Franklyn, 2025.<\/em><\/p><\/div>\n<p>Pochop berichtete von seinem Start in der Wendezeit mit einem Plattenladen in Halle und eigenem Musiklabel des Punk-Labels Schlemihl-Records.<br \/>\nSein Blick auf die sogenannten \u201eBaseballschl\u00e4gerjahre\u201c und die Schilderung von brutalen Angriffen aus der rechten Szene, die viele junge Menschen mit ihrem Leben bezahlen mussten, ber\u00fchren tief.<\/p>\n<p>Zur Verwunderung wohl fast aller Zuh\u00f6renden erz\u00e4hlte er Episoden vom Besuch der Punker auf Werbeveranstaltungen f\u00fcr Rentner und \u00fcber das Einfordern des Kuchens und der versprochenen Werbegeschenke vom \u201eLama-Decken-Verk\u00e4ufer\u201c. Besuche bei Konzerten von <a href=\"https:\/\/de.wikipedia.org\/wiki\/Achim_Mentzel\">Achim Mentzel<\/a> und \u00fcber gemeinsame Unternehmungen mit ihm regten ebenso zum Schmunzeln an.<\/p>\n<div id=\"attachment_418349\" style=\"width: 610px\" class=\"wp-caption alignnone\"><a href=\"https:\/\/paulinenaue.info\/wp-content\/uploads\/2025\/09\/2025-09-19_06.jpg\"><img decoding=\"async\" aria-describedby=\"caption-attachment-418349\" data-attachment-id=\"418349\" data-permalink=\"https:\/\/paulinenaue.info\/index.php\/punk-musik-in-der-kirche\/2025-09-19_06\/\" data-orig-file=\"https:\/\/paulinenaue.info\/wp-content\/uploads\/2025\/09\/2025-09-19_06.jpg\" data-orig-size=\"1920,1080\" data-comments-opened=\"1\" data-image-meta=\"{&quot;aperture&quot;:&quot;1.78&quot;,&quot;credit&quot;:&quot;&quot;,&quot;camera&quot;:&quot;iPhone 15 Pro Max&quot;,&quot;caption&quot;:&quot;&quot;,&quot;created_timestamp&quot;:&quot;1758306008&quot;,&quot;copyright&quot;:&quot;&quot;,&quot;focal_length&quot;:&quot;6.7649998656528&quot;,&quot;iso&quot;:&quot;80&quot;,&quot;shutter_speed&quot;:&quot;0.0082644628099174&quot;,&quot;title&quot;:&quot;&quot;,&quot;orientation&quot;:&quot;1&quot;}\" data-image-title=\"2025-09-19_06\" data-image-description=\"&lt;p&gt;Viele G\u00e4ste nahmen das Angebot des Kulturvereins an. Manche kamen etwas fr\u00fcher, um bei Kaltgetr\u00e4nk und Wildbratwurst das sch\u00f6ne Wetter zu genie\u00dfen und zu plaudern. Foto: E. Schwarz, 2025.&lt;\/p&gt;\n\" data-image-caption=\"\" data-large-file=\"https:\/\/paulinenaue.info\/wp-content\/uploads\/2025\/09\/2025-09-19_06-1024x576.jpg\" class=\"lazyload wp-image-418349 size-fusion-600\" src=\"https:\/\/paulinenaue.info\/wp-content\/uploads\/2025\/09\/2025-09-19_06-600x338.jpg\" data-orig-src=\"https:\/\/paulinenaue.info\/wp-content\/uploads\/2025\/09\/2025-09-19_06-600x338.jpg\" alt=\"\" width=\"600\" height=\"338\" srcset=\"data:image\/svg+xml,%3Csvg%20xmlns%3D%27http%3A%2F%2Fwww.w3.org%2F2000%2Fsvg%27%20width%3D%27600%27%20height%3D%27338%27%20viewBox%3D%270%200%20600%20338%27%3E%3Crect%20width%3D%27600%27%20height%3D%27338%27%20fill-opacity%3D%220%22%2F%3E%3C%2Fsvg%3E\" data-srcset=\"https:\/\/paulinenaue.info\/wp-content\/uploads\/2025\/09\/2025-09-19_06-200x113.jpg 200w, https:\/\/paulinenaue.info\/wp-content\/uploads\/2025\/09\/2025-09-19_06-300x169.jpg 300w, https:\/\/paulinenaue.info\/wp-content\/uploads\/2025\/09\/2025-09-19_06-400x225.jpg 400w, https:\/\/paulinenaue.info\/wp-content\/uploads\/2025\/09\/2025-09-19_06-600x338.jpg 600w, https:\/\/paulinenaue.info\/wp-content\/uploads\/2025\/09\/2025-09-19_06-768x432.jpg 768w, https:\/\/paulinenaue.info\/wp-content\/uploads\/2025\/09\/2025-09-19_06-800x450.jpg 800w, https:\/\/paulinenaue.info\/wp-content\/uploads\/2025\/09\/2025-09-19_06-1024x576.jpg 1024w, https:\/\/paulinenaue.info\/wp-content\/uploads\/2025\/09\/2025-09-19_06-1200x675.jpg 1200w, https:\/\/paulinenaue.info\/wp-content\/uploads\/2025\/09\/2025-09-19_06-1536x864.jpg 1536w, https:\/\/paulinenaue.info\/wp-content\/uploads\/2025\/09\/2025-09-19_06.jpg 1920w\" data-sizes=\"auto\" data-orig-sizes=\"(max-width: 600px) 100vw, 600px\" \/><\/a><p id=\"caption-attachment-418349\" class=\"wp-caption-text\"><em>Viele G\u00e4ste nahmen das Angebot des Kulturvereins an und kamen etwas fr\u00fcher, um bei Kaltgetr\u00e4nk und Wildbratwurst das sch\u00f6ne Wetter zu genie\u00dfen und zu plaudern. Foto: E. Schwarz, 2025. <\/em><\/p><\/div>\n<p>Sehr interessant waren seine Ausf\u00fchrungen zur Punk-Szene in Asien. Hier lebt man den Grundgedanken des kritischen Umgangs mit dem Regime u.a. in China und Myanmar aktiv und setzt sich damit gro\u00dfer Gefahr aus. Auf die Frage von einem Besucher, weshalb man momentan nur noch selten einen \u201eoffensichtlichen Punk\u201c auf der Stra\u00dfe sieht, sagte Pochop, dass seiner Meinung nach die jungen Leute heute andere Musik- und Lebensstile nutzen, um ihren Unmut zu \u00e4u\u00dfern. Aber vielleicht g\u00e4be es auch einfach nicht mehr so viele Punks heute. Ja auch hier gibt es wohl \u201eFachkr\u00e4ftemangel\u201c.<\/p>\n<p><em>Text: Eckhard Vierjahn und Valentin Franklyn<\/em><\/p>\n","protected":false},"excerpt":{"rendered":"<p>Multimediale Lesung mit Geralf Pochop unter dem Motto \u201eZwischen Aufbruch [&hellip;]<\/p>\n","protected":false},"author":1,"featured_media":418348,"comment_status":"open","ping_status":"open","sticky":false,"template":"","format":"standard","meta":{"_acf_changed":false,"_price":"","_stock":"","_tribe_ticket_header":"","_tribe_default_ticket_provider":"","_tribe_ticket_capacity":"0","_ticket_start_date":"","_ticket_end_date":"","_tribe_ticket_show_description":"","_tribe_ticket_show_not_going":false,"_tribe_ticket_use_global_stock":"","_tribe_ticket_global_stock_level":"","_global_stock_mode":"","_global_stock_cap":"","_tribe_rsvp_for_event":"","_tribe_ticket_going_count":"","_tribe_ticket_not_going_count":"","_tribe_tickets_list":"[]","_tribe_ticket_has_attendee_info_fields":false,"jetpack_post_was_ever_published":false,"_jetpack_newsletter_access":"","_jetpack_dont_email_post_to_subs":false,"_jetpack_newsletter_tier_id":0,"_jetpack_memberships_contains_paywalled_content":false,"_jetpack_memberships_contains_paid_content":false,"footnotes":"","jetpack_publicize_message":"","jetpack_publicize_feature_enabled":true,"jetpack_social_post_already_shared":true,"jetpack_social_options":{"image_generator_settings":{"template":"highway","default_image_id":0,"font":"","enabled":false},"version":2}},"categories":[47,93],"tags":[637,112,638],"class_list":["post-418343","post","type-post","status-publish","format-standard","has-post-thumbnail","hentry","category-kulturverein","category-veranstaltungen","tag-buchlesung","tag-lesung","tag-wendezeit"],"acf":[],"yoast_head":"<!-- This site is optimized with the Yoast SEO plugin v27.4 - https:\/\/yoast.com\/product\/yoast-seo-wordpress\/ -->\n<title>Punk-Musik in der Kirche - Paulinenaue<\/title>\n<meta name=\"description\" content=\"Unter dem Motto \u201eZwischen Aufbruch und Randale \u2013\u00a0Der Wilde Osten in den Wirren der Nachwendezeit\u201c las Geralf Pochop in Paulinenaue\" \/>\n<meta name=\"robots\" content=\"index, follow, max-snippet:-1, max-image-preview:large, max-video-preview:-1\" \/>\n<link rel=\"canonical\" href=\"https:\/\/paulinenaue.info\/index.php\/punk-musik-in-der-kirche\/\" \/>\n<meta property=\"og:locale\" content=\"de_DE\" \/>\n<meta property=\"og:type\" content=\"article\" \/>\n<meta property=\"og:title\" content=\"Punk-Musik in der Kirche - Paulinenaue\" \/>\n<meta property=\"og:description\" content=\"Unter dem Motto \u201eZwischen Aufbruch und Randale \u2013\u00a0Der Wilde Osten in den Wirren der Nachwendezeit\u201c las Geralf Pochop in Paulinenaue\" \/>\n<meta property=\"og:url\" content=\"https:\/\/paulinenaue.info\/index.php\/punk-musik-in-der-kirche\/\" \/>\n<meta property=\"og:site_name\" content=\"Paulinenaue\" \/>\n<meta property=\"article:published_time\" content=\"2025-09-25T22:36:19+00:00\" \/>\n<meta property=\"article:modified_time\" content=\"2025-09-25T23:09:58+00:00\" \/>\n<meta property=\"og:image\" content=\"https:\/\/paulinenaue.info\/wp-content\/uploads\/2025\/09\/2025-09-19_01.jpg\" \/>\n\t<meta property=\"og:image:width\" content=\"1920\" \/>\n\t<meta property=\"og:image:height\" content=\"1080\" \/>\n\t<meta property=\"og:image:type\" content=\"image\/jpeg\" \/>\n<meta name=\"author\" content=\"Joachim Scholz\" \/>\n<meta name=\"twitter:card\" content=\"summary_large_image\" \/>\n<meta name=\"twitter:label1\" content=\"Verfasst von\" \/>\n\t<meta name=\"twitter:data1\" content=\"Joachim Scholz\" \/>\n\t<meta name=\"twitter:label2\" content=\"Gesch\u00e4tzte Lesezeit\" \/>\n\t<meta name=\"twitter:data2\" content=\"5\u00a0Minuten\" \/>\n<script type=\"application\/ld+json\" class=\"yoast-schema-graph\">{\"@context\":\"https:\\\/\\\/schema.org\",\"@graph\":[{\"@type\":\"Article\",\"@id\":\"https:\\\/\\\/paulinenaue.info\\\/index.php\\\/punk-musik-in-der-kirche\\\/#article\",\"isPartOf\":{\"@id\":\"https:\\\/\\\/paulinenaue.info\\\/index.php\\\/punk-musik-in-der-kirche\\\/\"},\"author\":{\"name\":\"Joachim Scholz\",\"@id\":\"https:\\\/\\\/paulinenaue.info\\\/#\\\/schema\\\/person\\\/3f9e818fd7b69b0d2bd937ac506897cc\"},\"headline\":\"Punk-Musik in der Kirche\",\"datePublished\":\"2025-09-25T22:36:19+00:00\",\"dateModified\":\"2025-09-25T23:09:58+00:00\",\"mainEntityOfPage\":{\"@id\":\"https:\\\/\\\/paulinenaue.info\\\/index.php\\\/punk-musik-in-der-kirche\\\/\"},\"wordCount\":654,\"commentCount\":0,\"image\":{\"@id\":\"https:\\\/\\\/paulinenaue.info\\\/index.php\\\/punk-musik-in-der-kirche\\\/#primaryimage\"},\"thumbnailUrl\":\"https:\\\/\\\/paulinenaue.info\\\/wp-content\\\/uploads\\\/2025\\\/09\\\/2025-09-19_01.jpg\",\"keywords\":[\"Buchlesung\",\"Lesung\",\"Wendezeit\"],\"articleSection\":[\"Kulturverein\",\"Veranstaltungen\"],\"inLanguage\":\"de\",\"potentialAction\":[{\"@type\":\"CommentAction\",\"name\":\"Comment\",\"target\":[\"https:\\\/\\\/paulinenaue.info\\\/index.php\\\/punk-musik-in-der-kirche\\\/#respond\"]}]},{\"@type\":\"WebPage\",\"@id\":\"https:\\\/\\\/paulinenaue.info\\\/index.php\\\/punk-musik-in-der-kirche\\\/\",\"url\":\"https:\\\/\\\/paulinenaue.info\\\/index.php\\\/punk-musik-in-der-kirche\\\/\",\"name\":\"Punk-Musik in der Kirche - Paulinenaue\",\"isPartOf\":{\"@id\":\"https:\\\/\\\/paulinenaue.info\\\/#website\"},\"primaryImageOfPage\":{\"@id\":\"https:\\\/\\\/paulinenaue.info\\\/index.php\\\/punk-musik-in-der-kirche\\\/#primaryimage\"},\"image\":{\"@id\":\"https:\\\/\\\/paulinenaue.info\\\/index.php\\\/punk-musik-in-der-kirche\\\/#primaryimage\"},\"thumbnailUrl\":\"https:\\\/\\\/paulinenaue.info\\\/wp-content\\\/uploads\\\/2025\\\/09\\\/2025-09-19_01.jpg\",\"datePublished\":\"2025-09-25T22:36:19+00:00\",\"dateModified\":\"2025-09-25T23:09:58+00:00\",\"author\":{\"@id\":\"https:\\\/\\\/paulinenaue.info\\\/#\\\/schema\\\/person\\\/3f9e818fd7b69b0d2bd937ac506897cc\"},\"description\":\"Unter dem Motto \u201eZwischen Aufbruch und Randale \u2013\u00a0Der Wilde Osten in den Wirren der Nachwendezeit\u201c las Geralf Pochop in Paulinenaue\",\"breadcrumb\":{\"@id\":\"https:\\\/\\\/paulinenaue.info\\\/index.php\\\/punk-musik-in-der-kirche\\\/#breadcrumb\"},\"inLanguage\":\"de\",\"potentialAction\":[{\"@type\":\"ReadAction\",\"target\":[\"https:\\\/\\\/paulinenaue.info\\\/index.php\\\/punk-musik-in-der-kirche\\\/\"]}]},{\"@type\":\"ImageObject\",\"inLanguage\":\"de\",\"@id\":\"https:\\\/\\\/paulinenaue.info\\\/index.php\\\/punk-musik-in-der-kirche\\\/#primaryimage\",\"url\":\"https:\\\/\\\/paulinenaue.info\\\/wp-content\\\/uploads\\\/2025\\\/09\\\/2025-09-19_01.jpg\",\"contentUrl\":\"https:\\\/\\\/paulinenaue.info\\\/wp-content\\\/uploads\\\/2025\\\/09\\\/2025-09-19_01.jpg\",\"width\":1920,\"height\":1080},{\"@type\":\"BreadcrumbList\",\"@id\":\"https:\\\/\\\/paulinenaue.info\\\/index.php\\\/punk-musik-in-der-kirche\\\/#breadcrumb\",\"itemListElement\":[{\"@type\":\"ListItem\",\"position\":1,\"name\":\"Home\",\"item\":\"https:\\\/\\\/paulinenaue.info\\\/\"},{\"@type\":\"ListItem\",\"position\":2,\"name\":\"Punk-Musik in der Kirche\"}]},{\"@type\":\"WebSite\",\"@id\":\"https:\\\/\\\/paulinenaue.info\\\/#website\",\"url\":\"https:\\\/\\\/paulinenaue.info\\\/\",\"name\":\"Paulinenaue\",\"description\":\"Ein Dorf im Havelland\",\"potentialAction\":[{\"@type\":\"SearchAction\",\"target\":{\"@type\":\"EntryPoint\",\"urlTemplate\":\"https:\\\/\\\/paulinenaue.info\\\/?s={search_term_string}\"},\"query-input\":{\"@type\":\"PropertyValueSpecification\",\"valueRequired\":true,\"valueName\":\"search_term_string\"}}],\"inLanguage\":\"de\"},{\"@type\":\"Person\",\"@id\":\"https:\\\/\\\/paulinenaue.info\\\/#\\\/schema\\\/person\\\/3f9e818fd7b69b0d2bd937ac506897cc\",\"name\":\"Joachim Scholz\",\"url\":\"https:\\\/\\\/paulinenaue.info\\\/index.php\\\/author\\\/jjscholz\\\/\"}]}<\/script>\n<!-- \/ Yoast SEO plugin. -->","yoast_head_json":{"title":"Punk-Musik in der Kirche - Paulinenaue","description":"Unter dem Motto \u201eZwischen Aufbruch und Randale \u2013\u00a0Der Wilde Osten in den Wirren der Nachwendezeit\u201c las Geralf Pochop in Paulinenaue","robots":{"index":"index","follow":"follow","max-snippet":"max-snippet:-1","max-image-preview":"max-image-preview:large","max-video-preview":"max-video-preview:-1"},"canonical":"https:\/\/paulinenaue.info\/index.php\/punk-musik-in-der-kirche\/","og_locale":"de_DE","og_type":"article","og_title":"Punk-Musik in der Kirche - Paulinenaue","og_description":"Unter dem Motto \u201eZwischen Aufbruch und Randale \u2013\u00a0Der Wilde Osten in den Wirren der Nachwendezeit\u201c las Geralf Pochop in Paulinenaue","og_url":"https:\/\/paulinenaue.info\/index.php\/punk-musik-in-der-kirche\/","og_site_name":"Paulinenaue","article_published_time":"2025-09-25T22:36:19+00:00","article_modified_time":"2025-09-25T23:09:58+00:00","og_image":[{"width":1920,"height":1080,"url":"https:\/\/paulinenaue.info\/wp-content\/uploads\/2025\/09\/2025-09-19_01.jpg","type":"image\/jpeg"}],"author":"Joachim Scholz","twitter_card":"summary_large_image","twitter_misc":{"Verfasst von":"Joachim Scholz","Gesch\u00e4tzte Lesezeit":"5\u00a0Minuten"},"schema":{"@context":"https:\/\/schema.org","@graph":[{"@type":"Article","@id":"https:\/\/paulinenaue.info\/index.php\/punk-musik-in-der-kirche\/#article","isPartOf":{"@id":"https:\/\/paulinenaue.info\/index.php\/punk-musik-in-der-kirche\/"},"author":{"name":"Joachim Scholz","@id":"https:\/\/paulinenaue.info\/#\/schema\/person\/3f9e818fd7b69b0d2bd937ac506897cc"},"headline":"Punk-Musik in der Kirche","datePublished":"2025-09-25T22:36:19+00:00","dateModified":"2025-09-25T23:09:58+00:00","mainEntityOfPage":{"@id":"https:\/\/paulinenaue.info\/index.php\/punk-musik-in-der-kirche\/"},"wordCount":654,"commentCount":0,"image":{"@id":"https:\/\/paulinenaue.info\/index.php\/punk-musik-in-der-kirche\/#primaryimage"},"thumbnailUrl":"https:\/\/paulinenaue.info\/wp-content\/uploads\/2025\/09\/2025-09-19_01.jpg","keywords":["Buchlesung","Lesung","Wendezeit"],"articleSection":["Kulturverein","Veranstaltungen"],"inLanguage":"de","potentialAction":[{"@type":"CommentAction","name":"Comment","target":["https:\/\/paulinenaue.info\/index.php\/punk-musik-in-der-kirche\/#respond"]}]},{"@type":"WebPage","@id":"https:\/\/paulinenaue.info\/index.php\/punk-musik-in-der-kirche\/","url":"https:\/\/paulinenaue.info\/index.php\/punk-musik-in-der-kirche\/","name":"Punk-Musik in der Kirche - Paulinenaue","isPartOf":{"@id":"https:\/\/paulinenaue.info\/#website"},"primaryImageOfPage":{"@id":"https:\/\/paulinenaue.info\/index.php\/punk-musik-in-der-kirche\/#primaryimage"},"image":{"@id":"https:\/\/paulinenaue.info\/index.php\/punk-musik-in-der-kirche\/#primaryimage"},"thumbnailUrl":"https:\/\/paulinenaue.info\/wp-content\/uploads\/2025\/09\/2025-09-19_01.jpg","datePublished":"2025-09-25T22:36:19+00:00","dateModified":"2025-09-25T23:09:58+00:00","author":{"@id":"https:\/\/paulinenaue.info\/#\/schema\/person\/3f9e818fd7b69b0d2bd937ac506897cc"},"description":"Unter dem Motto \u201eZwischen Aufbruch und Randale \u2013\u00a0Der Wilde Osten in den Wirren der Nachwendezeit\u201c las Geralf Pochop in Paulinenaue","breadcrumb":{"@id":"https:\/\/paulinenaue.info\/index.php\/punk-musik-in-der-kirche\/#breadcrumb"},"inLanguage":"de","potentialAction":[{"@type":"ReadAction","target":["https:\/\/paulinenaue.info\/index.php\/punk-musik-in-der-kirche\/"]}]},{"@type":"ImageObject","inLanguage":"de","@id":"https:\/\/paulinenaue.info\/index.php\/punk-musik-in-der-kirche\/#primaryimage","url":"https:\/\/paulinenaue.info\/wp-content\/uploads\/2025\/09\/2025-09-19_01.jpg","contentUrl":"https:\/\/paulinenaue.info\/wp-content\/uploads\/2025\/09\/2025-09-19_01.jpg","width":1920,"height":1080},{"@type":"BreadcrumbList","@id":"https:\/\/paulinenaue.info\/index.php\/punk-musik-in-der-kirche\/#breadcrumb","itemListElement":[{"@type":"ListItem","position":1,"name":"Home","item":"https:\/\/paulinenaue.info\/"},{"@type":"ListItem","position":2,"name":"Punk-Musik in der Kirche"}]},{"@type":"WebSite","@id":"https:\/\/paulinenaue.info\/#website","url":"https:\/\/paulinenaue.info\/","name":"Paulinenaue","description":"Ein Dorf im Havelland","potentialAction":[{"@type":"SearchAction","target":{"@type":"EntryPoint","urlTemplate":"https:\/\/paulinenaue.info\/?s={search_term_string}"},"query-input":{"@type":"PropertyValueSpecification","valueRequired":true,"valueName":"search_term_string"}}],"inLanguage":"de"},{"@type":"Person","@id":"https:\/\/paulinenaue.info\/#\/schema\/person\/3f9e818fd7b69b0d2bd937ac506897cc","name":"Joachim Scholz","url":"https:\/\/paulinenaue.info\/index.php\/author\/jjscholz\/"}]}},"jetpack_publicize_connections":[],"jetpack_featured_media_url":"https:\/\/paulinenaue.info\/wp-content\/uploads\/2025\/09\/2025-09-19_01.jpg","jetpack_sharing_enabled":true,"jetpack_shortlink":"https:\/\/wp.me\/pcYhWA-1KPt","jetpack-related-posts":[{"id":417757,"url":"https:\/\/paulinenaue.info\/index.php\/wie-lebte-es-sich-eigentlich-als-punk-in-der-ddr\/","url_meta":{"origin":418343,"position":0},"title":"Wie lebte es sich eigentlich als Punk in der DDR?","author":"Joachim Scholz","date":"13. April 2025","format":false,"excerpt":"Der Kulturverein pr\u00e4sentierte am Freitag, den 4. April 2025, in der frisch sanierten Kirche Paulinenaue die multimediale Zeitzeugenlesung \u201eUntergrund war Strategie. Punk in der DDR: Zwischen Rebellion und Repression\u201c von und mit dem Autor Geralf Prochop. Rund 35 interessierte Paulinenauer*innen \u201epilgerten\u201c zu diesem Anlass in die Kirche. Bei Wein, Bier\u2026","rel":"","context":"In &quot;Kirche&quot;","block_context":{"text":"Kirche","link":"https:\/\/paulinenaue.info\/index.php\/category\/kirche\/"},"img":{"alt_text":"","src":"https:\/\/i0.wp.com\/paulinenaue.info\/wp-content\/uploads\/2025\/04\/2025-04-04-Lesung-scaled.jpg?resize=350%2C200&ssl=1","width":350,"height":200,"srcset":"https:\/\/i0.wp.com\/paulinenaue.info\/wp-content\/uploads\/2025\/04\/2025-04-04-Lesung-scaled.jpg?resize=350%2C200&ssl=1 1x, https:\/\/i0.wp.com\/paulinenaue.info\/wp-content\/uploads\/2025\/04\/2025-04-04-Lesung-scaled.jpg?resize=525%2C300&ssl=1 1.5x, https:\/\/i0.wp.com\/paulinenaue.info\/wp-content\/uploads\/2025\/04\/2025-04-04-Lesung-scaled.jpg?resize=700%2C400&ssl=1 2x, https:\/\/i0.wp.com\/paulinenaue.info\/wp-content\/uploads\/2025\/04\/2025-04-04-Lesung-scaled.jpg?resize=1050%2C600&ssl=1 3x, https:\/\/i0.wp.com\/paulinenaue.info\/wp-content\/uploads\/2025\/04\/2025-04-04-Lesung-scaled.jpg?resize=1400%2C800&ssl=1 4x"},"classes":[]},{"id":418291,"url":"https:\/\/paulinenaue.info\/index.php\/hundert-jahre-alter-neubau\/","url_meta":{"origin":418343,"position":1},"title":"Hundert Jahre alter Neubau: Spaziergang durch Paulinenaues Norden","author":"Joachim Scholz","date":"21. September 2025","format":false,"excerpt":"","rel":"","context":"In &quot;Ehrenamt&quot;","block_context":{"text":"Ehrenamt","link":"https:\/\/paulinenaue.info\/index.php\/category\/ehrenamt\/"},"img":{"alt_text":"","src":"https:\/\/i0.wp.com\/paulinenaue.info\/wp-content\/uploads\/2025\/09\/2025-09-20_12-04-09-WANDERUNG.jpg?resize=350%2C200&ssl=1","width":350,"height":200,"srcset":"https:\/\/i0.wp.com\/paulinenaue.info\/wp-content\/uploads\/2025\/09\/2025-09-20_12-04-09-WANDERUNG.jpg?resize=350%2C200&ssl=1 1x, https:\/\/i0.wp.com\/paulinenaue.info\/wp-content\/uploads\/2025\/09\/2025-09-20_12-04-09-WANDERUNG.jpg?resize=525%2C300&ssl=1 1.5x, https:\/\/i0.wp.com\/paulinenaue.info\/wp-content\/uploads\/2025\/09\/2025-09-20_12-04-09-WANDERUNG.jpg?resize=700%2C400&ssl=1 2x, https:\/\/i0.wp.com\/paulinenaue.info\/wp-content\/uploads\/2025\/09\/2025-09-20_12-04-09-WANDERUNG.jpg?resize=1050%2C600&ssl=1 3x, https:\/\/i0.wp.com\/paulinenaue.info\/wp-content\/uploads\/2025\/09\/2025-09-20_12-04-09-WANDERUNG.jpg?resize=1400%2C800&ssl=1 4x"},"classes":[]},{"id":131,"url":"https:\/\/paulinenaue.info\/index.php\/solch-einen-stimmungsvollen-ort-habe-ich-selten-erlebt-gisela-heller-liest-im-wintergarten-des-paulinenauer-herrenhauses\/","url_meta":{"origin":418343,"position":2},"title":"\u201eSolch einen stimmungsvollen Ort habe ich selten erlebt\u201c &#8211; Gisela Heller liest im Wintergarten des Paulinenauer Herrenhauses","author":"Joachim Scholz","date":"6. Dezember 2012","format":false,"excerpt":"09.11.2012. \u201eUnterwegs mit Gisela\u201c hie\u00dfen die Radio-Reportagen, mit denen Gisela Heller zu DDR-Zeiten Heimatkundliches \u00fcber den \u00c4ther schickte. Gek\u00fcrzt gingen ausgew\u00e4hlte St\u00fccke dann in ihre beiden Buchpublikationen \u201eM\u00e4rkischer Bilderbogen\u201c (1976) und \u201eNeuer M\u00e4rkischer Bilderbogen\u201c (1986) ein. Eine dieser Reportagen war Paulinenaue gewidmet, denn in jenen Jahren war unser Dorf ein\u2026","rel":"","context":"In &quot;Historie&quot;","block_context":{"text":"Historie","link":"https:\/\/paulinenaue.info\/index.php\/category\/historie\/"},"img":{"alt_text":"","src":"https:\/\/i0.wp.com\/paulinenaue.info\/wp-content\/uploads\/2016\/03\/20121109_heller_06_ft.jpg?resize=350%2C200&ssl=1","width":350,"height":200},"classes":[]},{"id":852,"url":"https:\/\/paulinenaue.info\/index.php\/lesung-mit-geschichtensammler-eugen-gliege\/","url_meta":{"origin":418343,"position":3},"title":"Lesung mit Geschichtensammler Eugen Gliege","author":"Sarah","date":"26. April 2017","format":false,"excerpt":"Am 24. April fand in Paulinenaue in \u201eOnkel Walters Scheune\u201c eine Lesung mit dem bekannten havell\u00e4ndischen Pressezeichner und Geschichtensammler Eugen Gliege statt. Zu dieser Veranstaltung hatte der Paulinenauer Kulturverein eingeladen. Den Teilnehmern wurde ein toller Abend geboten, bei dem Eugen Gliege viele aufmerksame Zuh\u00f6rer f\u00fcr die Erz\u00e4hlungen und \u00dcberlieferungen fand,\u2026","rel":"","context":"In &quot;Hier Zuhause&quot;","block_context":{"text":"Hier Zuhause","link":"https:\/\/paulinenaue.info\/index.php\/category\/hier-zuhause\/"},"img":{"alt_text":"Eugen Gliege","src":"https:\/\/i0.wp.com\/paulinenaue.info\/wp-content\/uploads\/2017\/04\/Gliege.jpg?resize=350%2C200&ssl=1","width":350,"height":200,"srcset":"https:\/\/i0.wp.com\/paulinenaue.info\/wp-content\/uploads\/2017\/04\/Gliege.jpg?resize=350%2C200&ssl=1 1x, https:\/\/i0.wp.com\/paulinenaue.info\/wp-content\/uploads\/2017\/04\/Gliege.jpg?resize=525%2C300&ssl=1 1.5x"},"classes":[]},{"id":418797,"url":"https:\/\/paulinenaue.info\/index.php\/adventssingen-im-park-und-ein-dankbarer-blick-zurueck-auf-2025\/","url_meta":{"origin":418343,"position":4},"title":"Adventssingen im Park und ein dankbarer Blick zur\u00fcck auf 2025","author":"Pauline Hirschberg","date":"9. Januar 2026","format":false,"excerpt":"Am 21.12.2025 fand mit dem 2. Adventssingen im Paulinenauer Park unsere letzte Veranstaltung des Jahres statt \u2013 und damit ein stimmungsvoller Abschluss eines ereignisreichen Pauerfrauen-Jahres. Mit diesem Adventssingen m\u00f6chten wir eine neue Tradition in unserem Dorf begr\u00fcnden, die Gemeinschaft schafft und Generationen miteinander verbindet. Gemeinsam mit den Bewohnerinnen und Bewohnern\u2026","rel":"","context":"In &quot;Allgemein&quot;","block_context":{"text":"Allgemein","link":"https:\/\/paulinenaue.info\/index.php\/category\/allgemein\/"},"img":{"alt_text":"","src":"https:\/\/i0.wp.com\/paulinenaue.info\/wp-content\/uploads\/2026\/01\/IMG-20251221-WA0015.jpg?resize=350%2C200&ssl=1","width":350,"height":200,"srcset":"https:\/\/i0.wp.com\/paulinenaue.info\/wp-content\/uploads\/2026\/01\/IMG-20251221-WA0015.jpg?resize=350%2C200&ssl=1 1x, https:\/\/i0.wp.com\/paulinenaue.info\/wp-content\/uploads\/2026\/01\/IMG-20251221-WA0015.jpg?resize=525%2C300&ssl=1 1.5x, https:\/\/i0.wp.com\/paulinenaue.info\/wp-content\/uploads\/2026\/01\/IMG-20251221-WA0015.jpg?resize=700%2C400&ssl=1 2x, https:\/\/i0.wp.com\/paulinenaue.info\/wp-content\/uploads\/2026\/01\/IMG-20251221-WA0015.jpg?resize=1050%2C600&ssl=1 3x, https:\/\/i0.wp.com\/paulinenaue.info\/wp-content\/uploads\/2026\/01\/IMG-20251221-WA0015.jpg?resize=1400%2C800&ssl=1 4x"},"classes":[]},{"id":1138,"url":"https:\/\/paulinenaue.info\/index.php\/zu-besuch-in-chociule-kutschlau-heute\/","url_meta":{"origin":418343,"position":5},"title":"Zu Besuch in Chociule &#8211; Kutschlau heute","author":"Sarah","date":"21. Juni 2017","format":false,"excerpt":"10.08.2005 Das polnische Dorf Chociule geh\u00f6rte vor dem Zweiten Weltkrieg zur Provinz Brandenburg und hie\u00df Kutschlau. Von 1941 bis 1945 bewirtschaftete dort Eilhard Alfred Mitscherlich, damals bereits emeritierter Professor der Universit\u00e4t K\u00f6nigsberg und sp\u00e4ter erster Direktor des Paulinenauer Landwirtschaftsinstitutes, das Familiengut seines verstorbenen Onkels. Als Mitscherlich im Januar 1945 vor\u2026","rel":"","context":"In &quot;Allgemein&quot;","block_context":{"text":"Allgemein","link":"https:\/\/paulinenaue.info\/index.php\/category\/allgemein\/"},"img":{"alt_text":"","src":"https:\/\/i0.wp.com\/paulinenaue.info\/wp-content\/uploads\/2017\/06\/20050809_kirche_kutschlau.jpg?resize=350%2C200&ssl=1","width":350,"height":200},"classes":[]}],"_links":{"self":[{"href":"https:\/\/paulinenaue.info\/index.php\/wp-json\/wp\/v2\/posts\/418343","targetHints":{"allow":["GET"]}}],"collection":[{"href":"https:\/\/paulinenaue.info\/index.php\/wp-json\/wp\/v2\/posts"}],"about":[{"href":"https:\/\/paulinenaue.info\/index.php\/wp-json\/wp\/v2\/types\/post"}],"author":[{"embeddable":true,"href":"https:\/\/paulinenaue.info\/index.php\/wp-json\/wp\/v2\/users\/1"}],"replies":[{"embeddable":true,"href":"https:\/\/paulinenaue.info\/index.php\/wp-json\/wp\/v2\/comments?post=418343"}],"version-history":[{"count":7,"href":"https:\/\/paulinenaue.info\/index.php\/wp-json\/wp\/v2\/posts\/418343\/revisions"}],"predecessor-version":[{"id":418359,"href":"https:\/\/paulinenaue.info\/index.php\/wp-json\/wp\/v2\/posts\/418343\/revisions\/418359"}],"wp:featuredmedia":[{"embeddable":true,"href":"https:\/\/paulinenaue.info\/index.php\/wp-json\/wp\/v2\/media\/418348"}],"wp:attachment":[{"href":"https:\/\/paulinenaue.info\/index.php\/wp-json\/wp\/v2\/media?parent=418343"}],"wp:term":[{"taxonomy":"category","embeddable":true,"href":"https:\/\/paulinenaue.info\/index.php\/wp-json\/wp\/v2\/categories?post=418343"},{"taxonomy":"post_tag","embeddable":true,"href":"https:\/\/paulinenaue.info\/index.php\/wp-json\/wp\/v2\/tags?post=418343"}],"curies":[{"name":"wp","href":"https:\/\/api.w.org\/{rel}","templated":true}]}}