{"id":418376,"date":"2025-10-05T01:10:44","date_gmt":"2025-10-04T23:10:44","guid":{"rendered":"https:\/\/paulinenaue.info\/?p=418376"},"modified":"2025-10-05T01:10:44","modified_gmt":"2025-10-04T23:10:44","slug":"bier-und-weinfest-in-kruegers-biergarten","status":"publish","type":"post","link":"https:\/\/paulinenaue.info\/index.php\/bier-und-weinfest-in-kruegers-biergarten\/","title":{"rendered":"Bier- und Weinfest in Kr\u00fcgers Biergarten"},"content":{"rendered":"<p>\u201eSo voll war es hier noch nie, ja vielleicht fr\u00fcher mal zu Himmelfahrt\u201c, so die Worte von Dieter Blume. Viele Paulinenauer folgten der Einladung von Uwe Kr\u00fcger zum Bier- und Weinfest.<\/p>\n<p>Wer in Google Maps nach Kr\u00fcgers Biergarten sucht, findet den Hinweis, dass die Gastst\u00e4tte dauerhaft geschlossen ist. Manche Eintragungen stimmen also nicht mit der Realit\u00e4t \u00fcberein. Uwe Kr\u00fcger f\u00fchrt den von seinem Vater Bernd 1990 er\u00f6ffneten Getr\u00e4nkest\u00fctzpunkt, der sehr bald zur Schankwirtschaft Kr\u00fcgers Biergarten wurde, in zweiter Generation weiter. Inzwischen hat es sich rumgesprochen, dass man am Freitag ab 17:00 Uhr bei Kr\u00fcger (so die Paulinenauer in der Kurzform) wieder ein Bier trinken kann und man trifft sich zum Plaudern am Stammtisch, zum Darts, zum Billard, zum Karten spielen und anderen Geselligkeiten. Wenn es eine Veranstaltung auf dem Sportplatz gibt, sorgen Uwe Kr\u00fcger und flei\u00dfige Helfer f\u00fcr den Ausschank und deftiges Essen vom Grill.<\/p>\n<div id=\"attachment_418377\" style=\"width: 410px\" class=\"wp-caption alignnone\"><a href=\"https:\/\/paulinenaue.info\/wp-content\/uploads\/2025\/10\/Bild-1a-scaled.jpg\"><img decoding=\"async\" aria-describedby=\"caption-attachment-418377\" data-attachment-id=\"418377\" data-permalink=\"https:\/\/paulinenaue.info\/index.php\/bier-und-weinfest-in-kruegers-biergarten\/bild-1a\/\" data-orig-file=\"https:\/\/paulinenaue.info\/wp-content\/uploads\/2025\/10\/Bild-1a-scaled.jpg\" data-orig-size=\"1920,2560\" data-comments-opened=\"1\" data-image-meta=\"{&quot;aperture&quot;:&quot;0&quot;,&quot;credit&quot;:&quot;&quot;,&quot;camera&quot;:&quot;&quot;,&quot;caption&quot;:&quot;&quot;,&quot;created_timestamp&quot;:&quot;1759509473&quot;,&quot;copyright&quot;:&quot;&quot;,&quot;focal_length&quot;:&quot;0&quot;,&quot;iso&quot;:&quot;0&quot;,&quot;shutter_speed&quot;:&quot;0&quot;,&quot;title&quot;:&quot;&quot;,&quot;orientation&quot;:&quot;1&quot;}\" data-image-title=\"Bild 1a\" data-image-description=\"&lt;p&gt;Anna und Uwe am Tresen in der liebevoll renovierten Gaststube&lt;\/p&gt;\n\" data-image-caption=\"&lt;p&gt;Anna und Uwe am Tresen in der liebevoll renovierten Gaststube&lt;\/p&gt;\n\" data-large-file=\"https:\/\/paulinenaue.info\/wp-content\/uploads\/2025\/10\/Bild-1a-768x1024.jpg\" class=\"lazyload wp-image-418377 size-fusion-400\" src=\"https:\/\/paulinenaue.info\/wp-content\/uploads\/2025\/10\/Bild-1a-400x533.jpg\" data-orig-src=\"https:\/\/paulinenaue.info\/wp-content\/uploads\/2025\/10\/Bild-1a-400x533.jpg\" alt=\"\" width=\"400\" height=\"533\" srcset=\"data:image\/svg+xml,%3Csvg%20xmlns%3D%27http%3A%2F%2Fwww.w3.org%2F2000%2Fsvg%27%20width%3D%27400%27%20height%3D%27533%27%20viewBox%3D%270%200%20400%20533%27%3E%3Crect%20width%3D%27400%27%20height%3D%27533%27%20fill-opacity%3D%220%22%2F%3E%3C%2Fsvg%3E\" data-srcset=\"https:\/\/paulinenaue.info\/wp-content\/uploads\/2025\/10\/Bild-1a-200x267.jpg 200w, https:\/\/paulinenaue.info\/wp-content\/uploads\/2025\/10\/Bild-1a-225x300.jpg 225w, https:\/\/paulinenaue.info\/wp-content\/uploads\/2025\/10\/Bild-1a-400x533.jpg 400w, https:\/\/paulinenaue.info\/wp-content\/uploads\/2025\/10\/Bild-1a-600x800.jpg 600w, https:\/\/paulinenaue.info\/wp-content\/uploads\/2025\/10\/Bild-1a-768x1024.jpg 768w, https:\/\/paulinenaue.info\/wp-content\/uploads\/2025\/10\/Bild-1a-800x1067.jpg 800w, https:\/\/paulinenaue.info\/wp-content\/uploads\/2025\/10\/Bild-1a-1152x1536.jpg 1152w, https:\/\/paulinenaue.info\/wp-content\/uploads\/2025\/10\/Bild-1a-1200x1600.jpg 1200w, https:\/\/paulinenaue.info\/wp-content\/uploads\/2025\/10\/Bild-1a-1536x2048.jpg 1536w, https:\/\/paulinenaue.info\/wp-content\/uploads\/2025\/10\/Bild-1a-scaled.jpg 1920w\" data-sizes=\"auto\" data-orig-sizes=\"(max-width: 400px) 100vw, 400px\" \/><\/a><p id=\"caption-attachment-418377\" class=\"wp-caption-text\"><em>Anna und Uwe am Tresen in der liebevoll renovierten Gaststube<\/em><\/p><\/div>\n<p>Uwe und seine Lebensgef\u00e4hrtin Anna Ellerbrock luden dazu ein, den Biergarten mal etwas anders zu erleben. Holger und Aaron unterst\u00fctzten am Grill und Dieter war auch am Zapfhahn aktiv. Es gab sechs verschiedene Sorten Bier, die man sich selber zapfen konnte und eine gute Auswahl an Wein sowie Fassbrause. Der Abend bot eine gute Gelegenheit mal wieder ins Gespr\u00e4ch zu kommen, ausgelassen zu lachen und auf das Jubil\u00e4um \u201e35 Jahre Kr\u00fcgers\u201c und sicher auch auf 35 Jahre Deutsche Einheit anzusto\u00dfen.<\/p>\n<div id=\"attachment_418378\" style=\"width: 610px\" class=\"wp-caption alignnone\"><a href=\"https:\/\/paulinenaue.info\/wp-content\/uploads\/2025\/10\/Bild-2a-scaled.jpg\"><img decoding=\"async\" aria-describedby=\"caption-attachment-418378\" data-attachment-id=\"418378\" data-permalink=\"https:\/\/paulinenaue.info\/index.php\/bier-und-weinfest-in-kruegers-biergarten\/bild-2a\/\" data-orig-file=\"https:\/\/paulinenaue.info\/wp-content\/uploads\/2025\/10\/Bild-2a-scaled.jpg\" data-orig-size=\"2560,1920\" data-comments-opened=\"1\" data-image-meta=\"{&quot;aperture&quot;:&quot;0&quot;,&quot;credit&quot;:&quot;&quot;,&quot;camera&quot;:&quot;&quot;,&quot;caption&quot;:&quot;&quot;,&quot;created_timestamp&quot;:&quot;1759509587&quot;,&quot;copyright&quot;:&quot;&quot;,&quot;focal_length&quot;:&quot;0&quot;,&quot;iso&quot;:&quot;0&quot;,&quot;shutter_speed&quot;:&quot;0&quot;,&quot;title&quot;:&quot;&quot;,&quot;orientation&quot;:&quot;1&quot;}\" data-image-title=\"Bild 2a\" data-image-description=\"&lt;p&gt;Holger und Aaron lassen den Grill nicht kalt werden&lt;\/p&gt;\n\" data-image-caption=\"&lt;p&gt;Holger und Aaron lassen den Grill nicht kalt werden&lt;\/p&gt;\n\" data-large-file=\"https:\/\/paulinenaue.info\/wp-content\/uploads\/2025\/10\/Bild-2a-1024x768.jpg\" class=\"lazyload size-fusion-600 wp-image-418378\" src=\"https:\/\/paulinenaue.info\/wp-content\/uploads\/2025\/10\/Bild-2a-600x450.jpg\" data-orig-src=\"https:\/\/paulinenaue.info\/wp-content\/uploads\/2025\/10\/Bild-2a-600x450.jpg\" alt=\"\" width=\"600\" height=\"450\" srcset=\"data:image\/svg+xml,%3Csvg%20xmlns%3D%27http%3A%2F%2Fwww.w3.org%2F2000%2Fsvg%27%20width%3D%27600%27%20height%3D%27450%27%20viewBox%3D%270%200%20600%20450%27%3E%3Crect%20width%3D%27600%27%20height%3D%27450%27%20fill-opacity%3D%220%22%2F%3E%3C%2Fsvg%3E\" data-srcset=\"https:\/\/paulinenaue.info\/wp-content\/uploads\/2025\/10\/Bild-2a-200x150.jpg 200w, https:\/\/paulinenaue.info\/wp-content\/uploads\/2025\/10\/Bild-2a-300x225.jpg 300w, https:\/\/paulinenaue.info\/wp-content\/uploads\/2025\/10\/Bild-2a-400x300.jpg 400w, https:\/\/paulinenaue.info\/wp-content\/uploads\/2025\/10\/Bild-2a-600x450.jpg 600w, https:\/\/paulinenaue.info\/wp-content\/uploads\/2025\/10\/Bild-2a-768x576.jpg 768w, https:\/\/paulinenaue.info\/wp-content\/uploads\/2025\/10\/Bild-2a-800x600.jpg 800w, https:\/\/paulinenaue.info\/wp-content\/uploads\/2025\/10\/Bild-2a-1024x768.jpg 1024w, https:\/\/paulinenaue.info\/wp-content\/uploads\/2025\/10\/Bild-2a-1200x900.jpg 1200w, https:\/\/paulinenaue.info\/wp-content\/uploads\/2025\/10\/Bild-2a-1536x1152.jpg 1536w\" data-sizes=\"auto\" data-orig-sizes=\"(max-width: 600px) 100vw, 600px\" \/><\/a><p id=\"caption-attachment-418378\" class=\"wp-caption-text\"><em>Holger und Aaron lassen den Grill nicht kalt werden.<\/em><\/p><\/div>\n<p>Herzlichen Dank an Uwe und sein Team. Vielleicht war das der Beginn einer Tradition, sch\u00f6n w\u00e4re es.<\/p>\n<p class=\"jetpack-slideshow-noscript robots-nocontent\">Diese Diashow ben\u00f6tigt JavaScript.<\/p><div id=\"gallery-418376-1-slideshow\" class=\"jetpack-slideshow-window jetpack-slideshow jetpack-slideshow-black\" data-trans=\"fade\" data-autostart=\"1\" data-gallery=\"[{&quot;src&quot;:&quot;https:\\\/\\\/paulinenaue.info\\\/wp-content\\\/uploads\\\/2025\\\/10\\\/Bild-3a-scaled.jpg&quot;,&quot;id&quot;:&quot;418379&quot;,&quot;title&quot;:&quot;Bild 3a&quot;,&quot;alt&quot;:&quot;&quot;,&quot;caption&quot;:&quot;&quot;,&quot;itemprop&quot;:&quot;image&quot;},{&quot;src&quot;:&quot;https:\\\/\\\/paulinenaue.info\\\/wp-content\\\/uploads\\\/2025\\\/10\\\/Bild-8a-scaled.jpg&quot;,&quot;id&quot;:&quot;418384&quot;,&quot;title&quot;:&quot;Bild 8a&quot;,&quot;alt&quot;:&quot;&quot;,&quot;caption&quot;:&quot;&quot;,&quot;itemprop&quot;:&quot;image&quot;},{&quot;src&quot;:&quot;https:\\\/\\\/paulinenaue.info\\\/wp-content\\\/uploads\\\/2025\\\/10\\\/Bild-6a-scaled.jpg&quot;,&quot;id&quot;:&quot;418382&quot;,&quot;title&quot;:&quot;Bild 6a&quot;,&quot;alt&quot;:&quot;&quot;,&quot;caption&quot;:&quot;&quot;,&quot;itemprop&quot;:&quot;image&quot;},{&quot;src&quot;:&quot;https:\\\/\\\/paulinenaue.info\\\/wp-content\\\/uploads\\\/2025\\\/10\\\/Bild-5a-scaled.jpg&quot;,&quot;id&quot;:&quot;418381&quot;,&quot;title&quot;:&quot;Bild 5a&quot;,&quot;alt&quot;:&quot;&quot;,&quot;caption&quot;:&quot;&quot;,&quot;itemprop&quot;:&quot;image&quot;},{&quot;src&quot;:&quot;https:\\\/\\\/paulinenaue.info\\\/wp-content\\\/uploads\\\/2025\\\/10\\\/Bild-4a-scaled.jpg&quot;,&quot;id&quot;:&quot;418380&quot;,&quot;title&quot;:&quot;Bild 4a&quot;,&quot;alt&quot;:&quot;&quot;,&quot;caption&quot;:&quot;&quot;,&quot;itemprop&quot;:&quot;image&quot;},{&quot;src&quot;:&quot;https:\\\/\\\/paulinenaue.info\\\/wp-content\\\/uploads\\\/2025\\\/10\\\/Bild-7a-scaled.jpg&quot;,&quot;id&quot;:&quot;418383&quot;,&quot;title&quot;:&quot;Bild 7a&quot;,&quot;alt&quot;:&quot;&quot;,&quot;caption&quot;:&quot;&quot;,&quot;itemprop&quot;:&quot;image&quot;}]\" itemscope itemtype=\"https:\/\/schema.org\/ImageGallery\"><\/div>\n<p><em>Text und Bilder: Eckhard Vierjahn<\/em><\/p>\n<div class=\"mceTemp\"><\/div>\n<div class=\"mceTemp\"><\/div>\n","protected":false},"excerpt":{"rendered":"<p>\u201eSo voll war es hier noch nie, ja vielleicht fr\u00fcher [&hellip;]<\/p>\n","protected":false},"author":1,"featured_media":418381,"comment_status":"open","ping_status":"open","sticky":false,"template":"","format":"standard","meta":{"_acf_changed":false,"_price":"","_stock":"","_tribe_ticket_header":"","_tribe_default_ticket_provider":"","_tribe_ticket_capacity":"0","_ticket_start_date":"","_ticket_end_date":"","_tribe_ticket_show_description":"","_tribe_ticket_show_not_going":false,"_tribe_ticket_use_global_stock":"","_tribe_ticket_global_stock_level":"","_global_stock_mode":"","_global_stock_cap":"","_tribe_rsvp_for_event":"","_tribe_ticket_going_count":"","_tribe_ticket_not_going_count":"","_tribe_tickets_list":"[]","_tribe_ticket_has_attendee_info_fields":false,"jetpack_post_was_ever_published":false,"_jetpack_newsletter_access":"","_jetpack_dont_email_post_to_subs":false,"_jetpack_newsletter_tier_id":0,"_jetpack_memberships_contains_paywalled_content":false,"_jetpack_memberships_contains_paid_content":false,"footnotes":"","jetpack_publicize_message":"","jetpack_publicize_feature_enabled":true,"jetpack_social_post_already_shared":true,"jetpack_social_options":{"image_generator_settings":{"template":"highway","default_image_id":0,"font":"","enabled":false},"version":2}},"categories":[404,6],"tags":[406,640,641],"class_list":["post-418376","post","type-post","status-publish","format-standard","has-post-thumbnail","hentry","category-gastronomie","category-hier-zuhause","tag-gastronomie","tag-kruegers-biergarten","tag-tag-der-deutschen-einheit"],"acf":[],"yoast_head":"<!-- This site is optimized with the Yoast SEO plugin v27.4 - https:\/\/yoast.com\/product\/yoast-seo-wordpress\/ -->\n<title>Bier- und Weinfest in Kr\u00fcgers Biergarten - Paulinenaue<\/title>\n<meta name=\"description\" content=\"Am 3. Okktober 2025 veranstaltete Kr\u00fcgers Biergarten ein Bier- und Weinfest. Es wurde zum Revival der Kultkneipe in ihrem 35. Gr\u00fcndungsjahr.\" \/>\n<meta name=\"robots\" content=\"index, follow, max-snippet:-1, max-image-preview:large, max-video-preview:-1\" \/>\n<link rel=\"canonical\" href=\"https:\/\/paulinenaue.info\/index.php\/bier-und-weinfest-in-kruegers-biergarten\/\" \/>\n<meta property=\"og:locale\" content=\"de_DE\" \/>\n<meta property=\"og:type\" content=\"article\" \/>\n<meta property=\"og:title\" content=\"Bier- und Weinfest in Kr\u00fcgers Biergarten - Paulinenaue\" \/>\n<meta property=\"og:description\" content=\"Am 3. Okktober 2025 veranstaltete Kr\u00fcgers Biergarten ein Bier- und Weinfest. Es wurde zum Revival der Kultkneipe in ihrem 35. Gr\u00fcndungsjahr.\" \/>\n<meta property=\"og:url\" content=\"https:\/\/paulinenaue.info\/index.php\/bier-und-weinfest-in-kruegers-biergarten\/\" \/>\n<meta property=\"og:site_name\" content=\"Paulinenaue\" \/>\n<meta property=\"article:published_time\" content=\"2025-10-04T23:10:44+00:00\" \/>\n<meta property=\"og:image\" content=\"https:\/\/paulinenaue.info\/wp-content\/uploads\/2025\/10\/Bild-5a-scaled.jpg\" \/>\n\t<meta property=\"og:image:width\" content=\"2560\" \/>\n\t<meta property=\"og:image:height\" content=\"1920\" \/>\n\t<meta property=\"og:image:type\" content=\"image\/jpeg\" \/>\n<meta name=\"author\" content=\"Joachim Scholz\" \/>\n<meta name=\"twitter:card\" content=\"summary_large_image\" \/>\n<meta name=\"twitter:label1\" content=\"Verfasst von\" \/>\n\t<meta name=\"twitter:data1\" content=\"Joachim Scholz\" \/>\n\t<meta name=\"twitter:label2\" content=\"Gesch\u00e4tzte Lesezeit\" \/>\n\t<meta name=\"twitter:data2\" content=\"3\u00a0Minuten\" \/>\n<script type=\"application\/ld+json\" class=\"yoast-schema-graph\">{\"@context\":\"https:\\\/\\\/schema.org\",\"@graph\":[{\"@type\":\"Article\",\"@id\":\"https:\\\/\\\/paulinenaue.info\\\/index.php\\\/bier-und-weinfest-in-kruegers-biergarten\\\/#article\",\"isPartOf\":{\"@id\":\"https:\\\/\\\/paulinenaue.info\\\/index.php\\\/bier-und-weinfest-in-kruegers-biergarten\\\/\"},\"author\":{\"name\":\"Joachim Scholz\",\"@id\":\"https:\\\/\\\/paulinenaue.info\\\/#\\\/schema\\\/person\\\/3f9e818fd7b69b0d2bd937ac506897cc\"},\"headline\":\"Bier- und Weinfest in Kr\u00fcgers Biergarten\",\"datePublished\":\"2025-10-04T23:10:44+00:00\",\"mainEntityOfPage\":{\"@id\":\"https:\\\/\\\/paulinenaue.info\\\/index.php\\\/bier-und-weinfest-in-kruegers-biergarten\\\/\"},\"wordCount\":310,\"commentCount\":0,\"image\":{\"@id\":\"https:\\\/\\\/paulinenaue.info\\\/index.php\\\/bier-und-weinfest-in-kruegers-biergarten\\\/#primaryimage\"},\"thumbnailUrl\":\"https:\\\/\\\/paulinenaue.info\\\/wp-content\\\/uploads\\\/2025\\\/10\\\/Bild-5a-scaled.jpg\",\"keywords\":[\"Gastronomie\",\"Kr\u00fcgers Biergarten\",\"Tag der Deutschen Einheit\"],\"articleSection\":[\"Gastronomie\",\"Hier Zuhause\"],\"inLanguage\":\"de\",\"potentialAction\":[{\"@type\":\"CommentAction\",\"name\":\"Comment\",\"target\":[\"https:\\\/\\\/paulinenaue.info\\\/index.php\\\/bier-und-weinfest-in-kruegers-biergarten\\\/#respond\"]}]},{\"@type\":\"WebPage\",\"@id\":\"https:\\\/\\\/paulinenaue.info\\\/index.php\\\/bier-und-weinfest-in-kruegers-biergarten\\\/\",\"url\":\"https:\\\/\\\/paulinenaue.info\\\/index.php\\\/bier-und-weinfest-in-kruegers-biergarten\\\/\",\"name\":\"Bier- und Weinfest in Kr\u00fcgers Biergarten - Paulinenaue\",\"isPartOf\":{\"@id\":\"https:\\\/\\\/paulinenaue.info\\\/#website\"},\"primaryImageOfPage\":{\"@id\":\"https:\\\/\\\/paulinenaue.info\\\/index.php\\\/bier-und-weinfest-in-kruegers-biergarten\\\/#primaryimage\"},\"image\":{\"@id\":\"https:\\\/\\\/paulinenaue.info\\\/index.php\\\/bier-und-weinfest-in-kruegers-biergarten\\\/#primaryimage\"},\"thumbnailUrl\":\"https:\\\/\\\/paulinenaue.info\\\/wp-content\\\/uploads\\\/2025\\\/10\\\/Bild-5a-scaled.jpg\",\"datePublished\":\"2025-10-04T23:10:44+00:00\",\"author\":{\"@id\":\"https:\\\/\\\/paulinenaue.info\\\/#\\\/schema\\\/person\\\/3f9e818fd7b69b0d2bd937ac506897cc\"},\"description\":\"Am 3. Okktober 2025 veranstaltete Kr\u00fcgers Biergarten ein Bier- und Weinfest. Es wurde zum Revival der Kultkneipe in ihrem 35. Gr\u00fcndungsjahr.\",\"breadcrumb\":{\"@id\":\"https:\\\/\\\/paulinenaue.info\\\/index.php\\\/bier-und-weinfest-in-kruegers-biergarten\\\/#breadcrumb\"},\"inLanguage\":\"de\",\"potentialAction\":[{\"@type\":\"ReadAction\",\"target\":[\"https:\\\/\\\/paulinenaue.info\\\/index.php\\\/bier-und-weinfest-in-kruegers-biergarten\\\/\"]}]},{\"@type\":\"ImageObject\",\"inLanguage\":\"de\",\"@id\":\"https:\\\/\\\/paulinenaue.info\\\/index.php\\\/bier-und-weinfest-in-kruegers-biergarten\\\/#primaryimage\",\"url\":\"https:\\\/\\\/paulinenaue.info\\\/wp-content\\\/uploads\\\/2025\\\/10\\\/Bild-5a-scaled.jpg\",\"contentUrl\":\"https:\\\/\\\/paulinenaue.info\\\/wp-content\\\/uploads\\\/2025\\\/10\\\/Bild-5a-scaled.jpg\",\"width\":2560,\"height\":1920},{\"@type\":\"BreadcrumbList\",\"@id\":\"https:\\\/\\\/paulinenaue.info\\\/index.php\\\/bier-und-weinfest-in-kruegers-biergarten\\\/#breadcrumb\",\"itemListElement\":[{\"@type\":\"ListItem\",\"position\":1,\"name\":\"Home\",\"item\":\"https:\\\/\\\/paulinenaue.info\\\/\"},{\"@type\":\"ListItem\",\"position\":2,\"name\":\"Bier- und Weinfest in Kr\u00fcgers Biergarten\"}]},{\"@type\":\"WebSite\",\"@id\":\"https:\\\/\\\/paulinenaue.info\\\/#website\",\"url\":\"https:\\\/\\\/paulinenaue.info\\\/\",\"name\":\"Paulinenaue\",\"description\":\"Ein Dorf im Havelland\",\"potentialAction\":[{\"@type\":\"SearchAction\",\"target\":{\"@type\":\"EntryPoint\",\"urlTemplate\":\"https:\\\/\\\/paulinenaue.info\\\/?s={search_term_string}\"},\"query-input\":{\"@type\":\"PropertyValueSpecification\",\"valueRequired\":true,\"valueName\":\"search_term_string\"}}],\"inLanguage\":\"de\"},{\"@type\":\"Person\",\"@id\":\"https:\\\/\\\/paulinenaue.info\\\/#\\\/schema\\\/person\\\/3f9e818fd7b69b0d2bd937ac506897cc\",\"name\":\"Joachim Scholz\",\"url\":\"https:\\\/\\\/paulinenaue.info\\\/index.php\\\/author\\\/jjscholz\\\/\"}]}<\/script>\n<!-- \/ Yoast SEO plugin. -->","yoast_head_json":{"title":"Bier- und Weinfest in Kr\u00fcgers Biergarten - Paulinenaue","description":"Am 3. Okktober 2025 veranstaltete Kr\u00fcgers Biergarten ein Bier- und Weinfest. Es wurde zum Revival der Kultkneipe in ihrem 35. Gr\u00fcndungsjahr.","robots":{"index":"index","follow":"follow","max-snippet":"max-snippet:-1","max-image-preview":"max-image-preview:large","max-video-preview":"max-video-preview:-1"},"canonical":"https:\/\/paulinenaue.info\/index.php\/bier-und-weinfest-in-kruegers-biergarten\/","og_locale":"de_DE","og_type":"article","og_title":"Bier- und Weinfest in Kr\u00fcgers Biergarten - Paulinenaue","og_description":"Am 3. Okktober 2025 veranstaltete Kr\u00fcgers Biergarten ein Bier- und Weinfest. Es wurde zum Revival der Kultkneipe in ihrem 35. Gr\u00fcndungsjahr.","og_url":"https:\/\/paulinenaue.info\/index.php\/bier-und-weinfest-in-kruegers-biergarten\/","og_site_name":"Paulinenaue","article_published_time":"2025-10-04T23:10:44+00:00","og_image":[{"width":2560,"height":1920,"url":"https:\/\/paulinenaue.info\/wp-content\/uploads\/2025\/10\/Bild-5a-scaled.jpg","type":"image\/jpeg"}],"author":"Joachim Scholz","twitter_card":"summary_large_image","twitter_misc":{"Verfasst von":"Joachim Scholz","Gesch\u00e4tzte Lesezeit":"3\u00a0Minuten"},"schema":{"@context":"https:\/\/schema.org","@graph":[{"@type":"Article","@id":"https:\/\/paulinenaue.info\/index.php\/bier-und-weinfest-in-kruegers-biergarten\/#article","isPartOf":{"@id":"https:\/\/paulinenaue.info\/index.php\/bier-und-weinfest-in-kruegers-biergarten\/"},"author":{"name":"Joachim Scholz","@id":"https:\/\/paulinenaue.info\/#\/schema\/person\/3f9e818fd7b69b0d2bd937ac506897cc"},"headline":"Bier- und Weinfest in Kr\u00fcgers Biergarten","datePublished":"2025-10-04T23:10:44+00:00","mainEntityOfPage":{"@id":"https:\/\/paulinenaue.info\/index.php\/bier-und-weinfest-in-kruegers-biergarten\/"},"wordCount":310,"commentCount":0,"image":{"@id":"https:\/\/paulinenaue.info\/index.php\/bier-und-weinfest-in-kruegers-biergarten\/#primaryimage"},"thumbnailUrl":"https:\/\/paulinenaue.info\/wp-content\/uploads\/2025\/10\/Bild-5a-scaled.jpg","keywords":["Gastronomie","Kr\u00fcgers Biergarten","Tag der Deutschen Einheit"],"articleSection":["Gastronomie","Hier Zuhause"],"inLanguage":"de","potentialAction":[{"@type":"CommentAction","name":"Comment","target":["https:\/\/paulinenaue.info\/index.php\/bier-und-weinfest-in-kruegers-biergarten\/#respond"]}]},{"@type":"WebPage","@id":"https:\/\/paulinenaue.info\/index.php\/bier-und-weinfest-in-kruegers-biergarten\/","url":"https:\/\/paulinenaue.info\/index.php\/bier-und-weinfest-in-kruegers-biergarten\/","name":"Bier- und Weinfest in Kr\u00fcgers Biergarten - Paulinenaue","isPartOf":{"@id":"https:\/\/paulinenaue.info\/#website"},"primaryImageOfPage":{"@id":"https:\/\/paulinenaue.info\/index.php\/bier-und-weinfest-in-kruegers-biergarten\/#primaryimage"},"image":{"@id":"https:\/\/paulinenaue.info\/index.php\/bier-und-weinfest-in-kruegers-biergarten\/#primaryimage"},"thumbnailUrl":"https:\/\/paulinenaue.info\/wp-content\/uploads\/2025\/10\/Bild-5a-scaled.jpg","datePublished":"2025-10-04T23:10:44+00:00","author":{"@id":"https:\/\/paulinenaue.info\/#\/schema\/person\/3f9e818fd7b69b0d2bd937ac506897cc"},"description":"Am 3. Okktober 2025 veranstaltete Kr\u00fcgers Biergarten ein Bier- und Weinfest. Es wurde zum Revival der Kultkneipe in ihrem 35. Gr\u00fcndungsjahr.","breadcrumb":{"@id":"https:\/\/paulinenaue.info\/index.php\/bier-und-weinfest-in-kruegers-biergarten\/#breadcrumb"},"inLanguage":"de","potentialAction":[{"@type":"ReadAction","target":["https:\/\/paulinenaue.info\/index.php\/bier-und-weinfest-in-kruegers-biergarten\/"]}]},{"@type":"ImageObject","inLanguage":"de","@id":"https:\/\/paulinenaue.info\/index.php\/bier-und-weinfest-in-kruegers-biergarten\/#primaryimage","url":"https:\/\/paulinenaue.info\/wp-content\/uploads\/2025\/10\/Bild-5a-scaled.jpg","contentUrl":"https:\/\/paulinenaue.info\/wp-content\/uploads\/2025\/10\/Bild-5a-scaled.jpg","width":2560,"height":1920},{"@type":"BreadcrumbList","@id":"https:\/\/paulinenaue.info\/index.php\/bier-und-weinfest-in-kruegers-biergarten\/#breadcrumb","itemListElement":[{"@type":"ListItem","position":1,"name":"Home","item":"https:\/\/paulinenaue.info\/"},{"@type":"ListItem","position":2,"name":"Bier- und Weinfest in Kr\u00fcgers Biergarten"}]},{"@type":"WebSite","@id":"https:\/\/paulinenaue.info\/#website","url":"https:\/\/paulinenaue.info\/","name":"Paulinenaue","description":"Ein Dorf im Havelland","potentialAction":[{"@type":"SearchAction","target":{"@type":"EntryPoint","urlTemplate":"https:\/\/paulinenaue.info\/?s={search_term_string}"},"query-input":{"@type":"PropertyValueSpecification","valueRequired":true,"valueName":"search_term_string"}}],"inLanguage":"de"},{"@type":"Person","@id":"https:\/\/paulinenaue.info\/#\/schema\/person\/3f9e818fd7b69b0d2bd937ac506897cc","name":"Joachim Scholz","url":"https:\/\/paulinenaue.info\/index.php\/author\/jjscholz\/"}]}},"jetpack_publicize_connections":[],"jetpack_featured_media_url":"https:\/\/paulinenaue.info\/wp-content\/uploads\/2025\/10\/Bild-5a-scaled.jpg","jetpack_sharing_enabled":true,"jetpack_shortlink":"https:\/\/wp.me\/pcYhWA-1KQ0","jetpack-related-posts":[{"id":419051,"url":"https:\/\/paulinenaue.info\/index.php\/super-stimmung-beim-frauentagsbrunch\/","url_meta":{"origin":418376,"position":0},"title":"Super Stimmung beim Frauentagsbrunch","author":"Joachim Scholz","date":"10. M\u00e4rz 2026","format":false,"excerpt":"Text: Dorit Zahn. \u201eKr\u00fcgers feiert Frauentag\u201c \u2013 so hie\u00df das Motto zum Frauentag 2026 in Paulinenaue. Eingeladen hatten Anna und Uwe von\u00a0 \u201eKr\u00fcgers Biergarten\u201c, um beim Brunchbuffet den Sonntag zu genie\u00dfen. Das haben sich am vergangenen Sonntag viele Frauen nicht zweimal sagen lassen. Das Buffet liebevoll angerichtet und sehr schmackhaft,\u2026","rel":"","context":"In &quot;Allgemein&quot;","block_context":{"text":"Allgemein","link":"https:\/\/paulinenaue.info\/index.php\/category\/allgemein\/"},"img":{"alt_text":"","src":"https:\/\/i0.wp.com\/paulinenaue.info\/wp-content\/uploads\/2026\/03\/image0.jpeg?resize=350%2C200&ssl=1","width":350,"height":200,"srcset":"https:\/\/i0.wp.com\/paulinenaue.info\/wp-content\/uploads\/2026\/03\/image0.jpeg?resize=350%2C200&ssl=1 1x, https:\/\/i0.wp.com\/paulinenaue.info\/wp-content\/uploads\/2026\/03\/image0.jpeg?resize=525%2C300&ssl=1 1.5x, https:\/\/i0.wp.com\/paulinenaue.info\/wp-content\/uploads\/2026\/03\/image0.jpeg?resize=700%2C400&ssl=1 2x"},"classes":[]},{"id":881,"url":"https:\/\/paulinenaue.info\/index.php\/eine-kleine-sammlung-paulinenauer-souvenirs\/","url_meta":{"origin":418376,"position":1},"title":"Eine kleine Sammlung Paulinenauer Souvenirs","author":"Sarah","date":"10. Juni 2017","format":false,"excerpt":"28.05.2003","rel":"","context":"In &quot;Allgemein&quot;","block_context":{"text":"Allgemein","link":"https:\/\/paulinenaue.info\/index.php\/category\/allgemein\/"},"img":{"alt_text":"","src":"https:\/\/i0.wp.com\/paulinenaue.info\/wp-content\/uploads\/2017\/06\/20030507_kuhkrug.jpg?resize=350%2C200&ssl=1","width":350,"height":200},"classes":[]},{"id":419362,"url":"https:\/\/paulinenaue.info\/index.php\/jetzt-aber-der-storch-ist-wieder-da\/","url_meta":{"origin":418376,"position":2},"title":"Jetzt aber: Der Storch ist wieder da!","author":"Joachim Scholz","date":"11. April 2026","format":false,"excerpt":"Das war rekordverd\u00e4chtig! Als sich am 25. Februar in diesem Jahr ein Stoch im Paulinenauer Nest einstellte, w\u00e4re es der fr\u00fcheste Ankunftstermin ever gewesen. Na und irgendwie war er das ja auch, denn der Storch hatte sich ja bildnachweislich niedergelassen. Allerdings nur kurz, er blieb nicht. Es handelte sich um\u2026","rel":"","context":"In &quot;Allgemein&quot;","block_context":{"text":"Allgemein","link":"https:\/\/paulinenaue.info\/index.php\/category\/allgemein\/"},"img":{"alt_text":"","src":"https:\/\/i0.wp.com\/paulinenaue.info\/wp-content\/uploads\/2026\/04\/2026-04-07-Storchenankunft-01.jpeg?resize=350%2C200&ssl=1","width":350,"height":200,"srcset":"https:\/\/i0.wp.com\/paulinenaue.info\/wp-content\/uploads\/2026\/04\/2026-04-07-Storchenankunft-01.jpeg?resize=350%2C200&ssl=1 1x, https:\/\/i0.wp.com\/paulinenaue.info\/wp-content\/uploads\/2026\/04\/2026-04-07-Storchenankunft-01.jpeg?resize=525%2C300&ssl=1 1.5x, https:\/\/i0.wp.com\/paulinenaue.info\/wp-content\/uploads\/2026\/04\/2026-04-07-Storchenankunft-01.jpeg?resize=700%2C400&ssl=1 2x"},"classes":[]},{"id":418201,"url":"https:\/\/paulinenaue.info\/index.php\/regen-egal-das-paulinenauer-dorffest-2025-trotzt-dem-wetter\/","url_meta":{"origin":418376,"position":3},"title":"Regen? Egal! \u2013 Das Paulinenauer Dorffest 2025 trotzt dem Wetter","author":"Joachim Scholz","date":"16. Juli 2025","format":false,"excerpt":"\u00a0von Florian Tietz Wer dachte, Regen k\u00f6nnte die Paulinenauer Laune tr\u00fcben, wurde am 12. Juli eines Besseren belehrt. Ab 14 Uhr hie\u00df es: \u201eSchirm auf, Stimmung an!\u201c \u2013 und das trotz echter Wasserspiele von oben. Klar, die H\u00fcpfburg musste leider im Trockenen bleiben, aber die Kinder? Die waren nicht zu\u2026","rel":"","context":"In &quot;Allgemein&quot;","block_context":{"text":"Allgemein","link":"https:\/\/paulinenaue.info\/index.php\/category\/allgemein\/"},"img":{"alt_text":"","src":"https:\/\/i0.wp.com\/paulinenaue.info\/wp-content\/uploads\/2025\/07\/DSC08939.jpeg?resize=350%2C200&ssl=1","width":350,"height":200,"srcset":"https:\/\/i0.wp.com\/paulinenaue.info\/wp-content\/uploads\/2025\/07\/DSC08939.jpeg?resize=350%2C200&ssl=1 1x, https:\/\/i0.wp.com\/paulinenaue.info\/wp-content\/uploads\/2025\/07\/DSC08939.jpeg?resize=525%2C300&ssl=1 1.5x, https:\/\/i0.wp.com\/paulinenaue.info\/wp-content\/uploads\/2025\/07\/DSC08939.jpeg?resize=700%2C400&ssl=1 2x"},"classes":[]},{"id":416754,"url":"https:\/\/paulinenaue.info\/index.php\/sommerausflug-der-volkssolidaritaet-2024\/","url_meta":{"origin":418376,"position":4},"title":"Sommerausflug der Volkssolidarit\u00e4t 2024","author":"Sarah","date":"8. September 2024","format":false,"excerpt":"Text: Helga Henning, Ortsgruppe der Volkssolidarit\u00e4t Paulinenaue Am Morgen des 28.08.2024 fanden sich 74 Seniorinnen und Senioren zum Sommerausflug ein. Unser Ziel war in diesem Jahr die Fontanestadt Neuruppin. Auf einer Stadtrundfahrt erfuhren wir viel Wissenswertes und Neues \u00fcber Neuruppin. So wurde von Vielen der Entschluss gefasst, der n\u00e4chste Sonntagsausflug\u2026","rel":"","context":"In &quot;Ehrenamt&quot;","block_context":{"text":"Ehrenamt","link":"https:\/\/paulinenaue.info\/index.php\/category\/ehrenamt\/"},"img":{"alt_text":"","src":"https:\/\/i0.wp.com\/paulinenaue.info\/wp-content\/uploads\/2024\/09\/IMG_7651-scaled.jpg?resize=350%2C200&ssl=1","width":350,"height":200,"srcset":"https:\/\/i0.wp.com\/paulinenaue.info\/wp-content\/uploads\/2024\/09\/IMG_7651-scaled.jpg?resize=350%2C200&ssl=1 1x, https:\/\/i0.wp.com\/paulinenaue.info\/wp-content\/uploads\/2024\/09\/IMG_7651-scaled.jpg?resize=525%2C300&ssl=1 1.5x, https:\/\/i0.wp.com\/paulinenaue.info\/wp-content\/uploads\/2024\/09\/IMG_7651-scaled.jpg?resize=700%2C400&ssl=1 2x, https:\/\/i0.wp.com\/paulinenaue.info\/wp-content\/uploads\/2024\/09\/IMG_7651-scaled.jpg?resize=1050%2C600&ssl=1 3x, https:\/\/i0.wp.com\/paulinenaue.info\/wp-content\/uploads\/2024\/09\/IMG_7651-scaled.jpg?resize=1400%2C800&ssl=1 4x"},"classes":[]},{"id":416001,"url":"https:\/\/paulinenaue.info\/index.php\/fernsehtipp-eine-besondere-freundschaft\/","url_meta":{"origin":418376,"position":5},"title":"Fernsehtipp &#8211; Eine besondere Freundschaft","author":"Joachim Scholz","date":"10. Februar 2024","format":false,"excerpt":"Im Format \u201eDER TAG in Berlin & Brandenburg\u201c h\u00e4lt der RBB f\u00fcr seine Zuschauerinnen und Zuschauer Besonderheiten des Alltags fest. Am 8. Februar wird die Geschichte einer Paulinenauer Freundschaft erz\u00e4hlt, der von Fabian Kr\u00fcger und Philipp Kaffke. Die beiden Sportsfreunde wohnen zwar nicht mehr in Paulinenaue, halten aber ihrem Verein\u2026","rel":"","context":"In &quot;Hier Zuhause&quot;","block_context":{"text":"Hier Zuhause","link":"https:\/\/paulinenaue.info\/index.php\/category\/hier-zuhause\/"},"img":{"alt_text":"","src":"https:\/\/i0.wp.com\/paulinenaue.info\/wp-content\/uploads\/2024\/02\/2024-02-08-RBB.jpg?resize=350%2C200&ssl=1","width":350,"height":200,"srcset":"https:\/\/i0.wp.com\/paulinenaue.info\/wp-content\/uploads\/2024\/02\/2024-02-08-RBB.jpg?resize=350%2C200&ssl=1 1x, https:\/\/i0.wp.com\/paulinenaue.info\/wp-content\/uploads\/2024\/02\/2024-02-08-RBB.jpg?resize=525%2C300&ssl=1 1.5x, https:\/\/i0.wp.com\/paulinenaue.info\/wp-content\/uploads\/2024\/02\/2024-02-08-RBB.jpg?resize=700%2C400&ssl=1 2x"},"classes":[]}],"_links":{"self":[{"href":"https:\/\/paulinenaue.info\/index.php\/wp-json\/wp\/v2\/posts\/418376","targetHints":{"allow":["GET"]}}],"collection":[{"href":"https:\/\/paulinenaue.info\/index.php\/wp-json\/wp\/v2\/posts"}],"about":[{"href":"https:\/\/paulinenaue.info\/index.php\/wp-json\/wp\/v2\/types\/post"}],"author":[{"embeddable":true,"href":"https:\/\/paulinenaue.info\/index.php\/wp-json\/wp\/v2\/users\/1"}],"replies":[{"embeddable":true,"href":"https:\/\/paulinenaue.info\/index.php\/wp-json\/wp\/v2\/comments?post=418376"}],"version-history":[{"count":3,"href":"https:\/\/paulinenaue.info\/index.php\/wp-json\/wp\/v2\/posts\/418376\/revisions"}],"predecessor-version":[{"id":418387,"href":"https:\/\/paulinenaue.info\/index.php\/wp-json\/wp\/v2\/posts\/418376\/revisions\/418387"}],"wp:featuredmedia":[{"embeddable":true,"href":"https:\/\/paulinenaue.info\/index.php\/wp-json\/wp\/v2\/media\/418381"}],"wp:attachment":[{"href":"https:\/\/paulinenaue.info\/index.php\/wp-json\/wp\/v2\/media?parent=418376"}],"wp:term":[{"taxonomy":"category","embeddable":true,"href":"https:\/\/paulinenaue.info\/index.php\/wp-json\/wp\/v2\/categories?post=418376"},{"taxonomy":"post_tag","embeddable":true,"href":"https:\/\/paulinenaue.info\/index.php\/wp-json\/wp\/v2\/tags?post=418376"}],"curies":[{"name":"wp","href":"https:\/\/api.w.org\/{rel}","templated":true}]}}