{"id":418400,"date":"2025-10-06T00:56:57","date_gmt":"2025-10-05T22:56:57","guid":{"rendered":"https:\/\/paulinenaue.info\/?p=418400"},"modified":"2025-10-06T00:56:57","modified_gmt":"2025-10-05T22:56:57","slug":"buecherschrank-am-bahnhof","status":"publish","type":"post","link":"https:\/\/paulinenaue.info\/index.php\/buecherschrank-am-bahnhof\/","title":{"rendered":"Wieder B\u00fccher vor dem Bahnhof"},"content":{"rendered":"<p>Irgendwann war es verschwunden. Wind, Regen und Sonne hatten die H\u00fclle zerst\u00f6rt. Manch einer wusste gar nicht, dass es so etwas in Paulinenaue gibt. Andere wiederum fragten immer wieder mal nach dem B\u00fccherregal am Bahnhof. Nun steht es also wieder, etwas weiter links neben dem Snackautomaten direkt vor dem Bahnhof.<\/p>\n<div id=\"attachment_418402\" style=\"width: 610px\" class=\"wp-caption alignnone\"><a href=\"https:\/\/paulinenaue.info\/wp-content\/uploads\/2025\/10\/2025-10-05-Buecherschrank-04.jpeg\"><img decoding=\"async\" aria-describedby=\"caption-attachment-418402\" data-attachment-id=\"418402\" data-permalink=\"https:\/\/paulinenaue.info\/index.php\/buecherschrank-am-bahnhof\/2025-10-05-buecherschrank-04\/\" data-orig-file=\"https:\/\/paulinenaue.info\/wp-content\/uploads\/2025\/10\/2025-10-05-Buecherschrank-04.jpeg\" data-orig-size=\"750,1000\" data-comments-opened=\"1\" data-image-meta=\"{&quot;aperture&quot;:&quot;0&quot;,&quot;credit&quot;:&quot;&quot;,&quot;camera&quot;:&quot;&quot;,&quot;caption&quot;:&quot;&quot;,&quot;created_timestamp&quot;:&quot;0&quot;,&quot;copyright&quot;:&quot;&quot;,&quot;focal_length&quot;:&quot;0&quot;,&quot;iso&quot;:&quot;0&quot;,&quot;shutter_speed&quot;:&quot;0&quot;,&quot;title&quot;:&quot;&quot;,&quot;orientation&quot;:&quot;0&quot;}\" data-image-title=\"2025-10-05, Bu\u0308cherschrank, 04\" data-image-description=\"\" data-image-caption=\"\" data-large-file=\"https:\/\/paulinenaue.info\/wp-content\/uploads\/2025\/10\/2025-10-05-Buecherschrank-04.jpeg\" class=\"lazyload wp-image-418402 size-fusion-600\" src=\"https:\/\/paulinenaue.info\/wp-content\/uploads\/2025\/10\/2025-10-05-Buecherschrank-04-600x800.jpeg\" data-orig-src=\"https:\/\/paulinenaue.info\/wp-content\/uploads\/2025\/10\/2025-10-05-Buecherschrank-04-600x800.jpeg\" alt=\"\" width=\"600\" height=\"800\" srcset=\"data:image\/svg+xml,%3Csvg%20xmlns%3D%27http%3A%2F%2Fwww.w3.org%2F2000%2Fsvg%27%20width%3D%27600%27%20height%3D%27800%27%20viewBox%3D%270%200%20600%20800%27%3E%3Crect%20width%3D%27600%27%20height%3D%27800%27%20fill-opacity%3D%220%22%2F%3E%3C%2Fsvg%3E\" data-srcset=\"https:\/\/paulinenaue.info\/wp-content\/uploads\/2025\/10\/2025-10-05-Buecherschrank-04-200x267.jpeg 200w, https:\/\/paulinenaue.info\/wp-content\/uploads\/2025\/10\/2025-10-05-Buecherschrank-04-225x300.jpeg 225w, https:\/\/paulinenaue.info\/wp-content\/uploads\/2025\/10\/2025-10-05-Buecherschrank-04-400x533.jpeg 400w, https:\/\/paulinenaue.info\/wp-content\/uploads\/2025\/10\/2025-10-05-Buecherschrank-04-600x800.jpeg 600w, https:\/\/paulinenaue.info\/wp-content\/uploads\/2025\/10\/2025-10-05-Buecherschrank-04.jpeg 750w\" data-sizes=\"auto\" data-orig-sizes=\"(max-width: 600px) 100vw, 600px\" \/><\/a><p id=\"caption-attachment-418402\" class=\"wp-caption-text\"><em>\u201eDas B\u00fccherregal steht wieder vor dem Bahnhof. Alle Interessierten k\u00f6nnen sich gerne ein neues oder altes Buch mitnehmen und wer m\u00f6chte auch eins hinzulegen. Viel Spa\u00df beim St\u00f6bern und Lesen\u201c, schreibt Dorit Zahn in ihrer E-Mail am 03.10.2025. Foto: D. Zahn, 2025.<\/em><\/p><\/div>\n<p>Dorit w\u00fcnscht sich, wie viele andere Paulinenauer, dass es wieder eine Bibliothek in Paulinenaue gibt. Diesen Wunsch hat die Arbeitsgruppe Bahnhof erst k\u00fcrzlich wieder aufgegriffen. In den letzten Monaten wurde mit Unterst\u00fctzung einer Beratungsgesellschaft intensiv an einem Nutzungs- und Finazierungskonzept f\u00fcr den Bahnhof gearb eitet. Wir hoffen, dass das kleine B\u00fccherregal in einen Raum, der auch als Bibliothek genutzt wird, umziehen kann.<\/p>\n<p><em>Text: Eckhard Vierjahn<\/em><\/p>\n","protected":false},"excerpt":{"rendered":"<p>Irgendwann war es verschwunden. Wind, Regen und Sonne hatten die [&hellip;]<\/p>\n","protected":false},"author":1,"featured_media":418401,"comment_status":"open","ping_status":"open","sticky":false,"template":"","format":"standard","meta":{"_acf_changed":false,"_price":"","_stock":"","_tribe_ticket_header":"","_tribe_default_ticket_provider":"","_tribe_ticket_capacity":"0","_ticket_start_date":"","_ticket_end_date":"","_tribe_ticket_show_description":"","_tribe_ticket_show_not_going":false,"_tribe_ticket_use_global_stock":"","_tribe_ticket_global_stock_level":"","_global_stock_mode":"","_global_stock_cap":"","_tribe_rsvp_for_event":"","_tribe_ticket_going_count":"","_tribe_ticket_not_going_count":"","_tribe_tickets_list":"[]","_tribe_ticket_has_attendee_info_fields":false,"jetpack_post_was_ever_published":false,"_jetpack_newsletter_access":"","_jetpack_dont_email_post_to_subs":false,"_jetpack_newsletter_tier_id":0,"_jetpack_memberships_contains_paywalled_content":false,"_jetpack_memberships_contains_paid_content":false,"footnotes":"","jetpack_publicize_message":"","jetpack_publicize_feature_enabled":true,"jetpack_social_post_already_shared":true,"jetpack_social_options":{"image_generator_settings":{"template":"highway","default_image_id":0,"font":"","enabled":false},"version":2}},"categories":[280,6],"tags":[642,643],"class_list":["post-418400","post","type-post","status-publish","format-standard","has-post-thumbnail","hentry","category-bahnhof","category-hier-zuhause","tag-bibliothek","tag-buecher"],"acf":[],"yoast_head":"<!-- This site is optimized with the Yoast SEO plugin v27.4 - https:\/\/yoast.com\/product\/yoast-seo-wordpress\/ -->\n<title>Wieder B\u00fccher vor dem Bahnhof - Paulinenaue<\/title>\n<meta name=\"description\" content=\"Das mobile Regal am Bahnhof zum Mitnehmen und Abgeben von B\u00fcchern war zwischenzeitlich verschwunden. Nun steht es wieder da.\" \/>\n<meta name=\"robots\" content=\"index, follow, max-snippet:-1, max-image-preview:large, max-video-preview:-1\" \/>\n<link rel=\"canonical\" href=\"https:\/\/paulinenaue.info\/index.php\/buecherschrank-am-bahnhof\/\" \/>\n<meta property=\"og:locale\" content=\"de_DE\" \/>\n<meta property=\"og:type\" content=\"article\" \/>\n<meta property=\"og:title\" content=\"Wieder B\u00fccher vor dem Bahnhof - Paulinenaue\" \/>\n<meta property=\"og:description\" content=\"Das mobile Regal am Bahnhof zum Mitnehmen und Abgeben von B\u00fcchern war zwischenzeitlich verschwunden. Nun steht es wieder da.\" \/>\n<meta property=\"og:url\" content=\"https:\/\/paulinenaue.info\/index.php\/buecherschrank-am-bahnhof\/\" \/>\n<meta property=\"og:site_name\" content=\"Paulinenaue\" \/>\n<meta property=\"article:published_time\" content=\"2025-10-05T22:56:57+00:00\" \/>\n<meta property=\"og:image\" content=\"https:\/\/paulinenaue.info\/wp-content\/uploads\/2025\/10\/2025-10-05-Buecherschrank-03.jpeg\" \/>\n\t<meta property=\"og:image:width\" content=\"1000\" \/>\n\t<meta property=\"og:image:height\" content=\"661\" \/>\n\t<meta property=\"og:image:type\" content=\"image\/jpeg\" \/>\n<meta name=\"author\" content=\"Joachim Scholz\" \/>\n<meta name=\"twitter:card\" content=\"summary_large_image\" \/>\n<meta name=\"twitter:label1\" content=\"Verfasst von\" \/>\n\t<meta name=\"twitter:data1\" content=\"Joachim Scholz\" \/>\n\t<meta name=\"twitter:label2\" content=\"Gesch\u00e4tzte Lesezeit\" \/>\n\t<meta name=\"twitter:data2\" content=\"2\u00a0Minuten\" \/>\n<script type=\"application\/ld+json\" class=\"yoast-schema-graph\">{\"@context\":\"https:\\\/\\\/schema.org\",\"@graph\":[{\"@type\":\"Article\",\"@id\":\"https:\\\/\\\/paulinenaue.info\\\/index.php\\\/buecherschrank-am-bahnhof\\\/#article\",\"isPartOf\":{\"@id\":\"https:\\\/\\\/paulinenaue.info\\\/index.php\\\/buecherschrank-am-bahnhof\\\/\"},\"author\":{\"name\":\"Joachim Scholz\",\"@id\":\"https:\\\/\\\/paulinenaue.info\\\/#\\\/schema\\\/person\\\/3f9e818fd7b69b0d2bd937ac506897cc\"},\"headline\":\"Wieder B\u00fccher vor dem Bahnhof\",\"datePublished\":\"2025-10-05T22:56:57+00:00\",\"mainEntityOfPage\":{\"@id\":\"https:\\\/\\\/paulinenaue.info\\\/index.php\\\/buecherschrank-am-bahnhof\\\/\"},\"wordCount\":180,\"commentCount\":0,\"image\":{\"@id\":\"https:\\\/\\\/paulinenaue.info\\\/index.php\\\/buecherschrank-am-bahnhof\\\/#primaryimage\"},\"thumbnailUrl\":\"https:\\\/\\\/paulinenaue.info\\\/wp-content\\\/uploads\\\/2025\\\/10\\\/2025-10-05-Buecherschrank-03.jpeg\",\"keywords\":[\"Bibliothek\",\"B\u00fccher\"],\"articleSection\":[\"Bahnhof\",\"Hier Zuhause\"],\"inLanguage\":\"de\",\"potentialAction\":[{\"@type\":\"CommentAction\",\"name\":\"Comment\",\"target\":[\"https:\\\/\\\/paulinenaue.info\\\/index.php\\\/buecherschrank-am-bahnhof\\\/#respond\"]}]},{\"@type\":\"WebPage\",\"@id\":\"https:\\\/\\\/paulinenaue.info\\\/index.php\\\/buecherschrank-am-bahnhof\\\/\",\"url\":\"https:\\\/\\\/paulinenaue.info\\\/index.php\\\/buecherschrank-am-bahnhof\\\/\",\"name\":\"Wieder B\u00fccher vor dem Bahnhof - Paulinenaue\",\"isPartOf\":{\"@id\":\"https:\\\/\\\/paulinenaue.info\\\/#website\"},\"primaryImageOfPage\":{\"@id\":\"https:\\\/\\\/paulinenaue.info\\\/index.php\\\/buecherschrank-am-bahnhof\\\/#primaryimage\"},\"image\":{\"@id\":\"https:\\\/\\\/paulinenaue.info\\\/index.php\\\/buecherschrank-am-bahnhof\\\/#primaryimage\"},\"thumbnailUrl\":\"https:\\\/\\\/paulinenaue.info\\\/wp-content\\\/uploads\\\/2025\\\/10\\\/2025-10-05-Buecherschrank-03.jpeg\",\"datePublished\":\"2025-10-05T22:56:57+00:00\",\"author\":{\"@id\":\"https:\\\/\\\/paulinenaue.info\\\/#\\\/schema\\\/person\\\/3f9e818fd7b69b0d2bd937ac506897cc\"},\"description\":\"Das mobile Regal am Bahnhof zum Mitnehmen und Abgeben von B\u00fcchern war zwischenzeitlich verschwunden. Nun steht es wieder da.\",\"breadcrumb\":{\"@id\":\"https:\\\/\\\/paulinenaue.info\\\/index.php\\\/buecherschrank-am-bahnhof\\\/#breadcrumb\"},\"inLanguage\":\"de\",\"potentialAction\":[{\"@type\":\"ReadAction\",\"target\":[\"https:\\\/\\\/paulinenaue.info\\\/index.php\\\/buecherschrank-am-bahnhof\\\/\"]}]},{\"@type\":\"ImageObject\",\"inLanguage\":\"de\",\"@id\":\"https:\\\/\\\/paulinenaue.info\\\/index.php\\\/buecherschrank-am-bahnhof\\\/#primaryimage\",\"url\":\"https:\\\/\\\/paulinenaue.info\\\/wp-content\\\/uploads\\\/2025\\\/10\\\/2025-10-05-Buecherschrank-03.jpeg\",\"contentUrl\":\"https:\\\/\\\/paulinenaue.info\\\/wp-content\\\/uploads\\\/2025\\\/10\\\/2025-10-05-Buecherschrank-03.jpeg\",\"width\":1000,\"height\":661},{\"@type\":\"BreadcrumbList\",\"@id\":\"https:\\\/\\\/paulinenaue.info\\\/index.php\\\/buecherschrank-am-bahnhof\\\/#breadcrumb\",\"itemListElement\":[{\"@type\":\"ListItem\",\"position\":1,\"name\":\"Home\",\"item\":\"https:\\\/\\\/paulinenaue.info\\\/\"},{\"@type\":\"ListItem\",\"position\":2,\"name\":\"Wieder B\u00fccher vor dem Bahnhof\"}]},{\"@type\":\"WebSite\",\"@id\":\"https:\\\/\\\/paulinenaue.info\\\/#website\",\"url\":\"https:\\\/\\\/paulinenaue.info\\\/\",\"name\":\"Paulinenaue\",\"description\":\"Ein Dorf im Havelland\",\"potentialAction\":[{\"@type\":\"SearchAction\",\"target\":{\"@type\":\"EntryPoint\",\"urlTemplate\":\"https:\\\/\\\/paulinenaue.info\\\/?s={search_term_string}\"},\"query-input\":{\"@type\":\"PropertyValueSpecification\",\"valueRequired\":true,\"valueName\":\"search_term_string\"}}],\"inLanguage\":\"de\"},{\"@type\":\"Person\",\"@id\":\"https:\\\/\\\/paulinenaue.info\\\/#\\\/schema\\\/person\\\/3f9e818fd7b69b0d2bd937ac506897cc\",\"name\":\"Joachim Scholz\",\"url\":\"https:\\\/\\\/paulinenaue.info\\\/index.php\\\/author\\\/jjscholz\\\/\"}]}<\/script>\n<!-- \/ Yoast SEO plugin. -->","yoast_head_json":{"title":"Wieder B\u00fccher vor dem Bahnhof - Paulinenaue","description":"Das mobile Regal am Bahnhof zum Mitnehmen und Abgeben von B\u00fcchern war zwischenzeitlich verschwunden. Nun steht es wieder da.","robots":{"index":"index","follow":"follow","max-snippet":"max-snippet:-1","max-image-preview":"max-image-preview:large","max-video-preview":"max-video-preview:-1"},"canonical":"https:\/\/paulinenaue.info\/index.php\/buecherschrank-am-bahnhof\/","og_locale":"de_DE","og_type":"article","og_title":"Wieder B\u00fccher vor dem Bahnhof - Paulinenaue","og_description":"Das mobile Regal am Bahnhof zum Mitnehmen und Abgeben von B\u00fcchern war zwischenzeitlich verschwunden. Nun steht es wieder da.","og_url":"https:\/\/paulinenaue.info\/index.php\/buecherschrank-am-bahnhof\/","og_site_name":"Paulinenaue","article_published_time":"2025-10-05T22:56:57+00:00","og_image":[{"width":1000,"height":661,"url":"https:\/\/paulinenaue.info\/wp-content\/uploads\/2025\/10\/2025-10-05-Buecherschrank-03.jpeg","type":"image\/jpeg"}],"author":"Joachim Scholz","twitter_card":"summary_large_image","twitter_misc":{"Verfasst von":"Joachim Scholz","Gesch\u00e4tzte Lesezeit":"2\u00a0Minuten"},"schema":{"@context":"https:\/\/schema.org","@graph":[{"@type":"Article","@id":"https:\/\/paulinenaue.info\/index.php\/buecherschrank-am-bahnhof\/#article","isPartOf":{"@id":"https:\/\/paulinenaue.info\/index.php\/buecherschrank-am-bahnhof\/"},"author":{"name":"Joachim Scholz","@id":"https:\/\/paulinenaue.info\/#\/schema\/person\/3f9e818fd7b69b0d2bd937ac506897cc"},"headline":"Wieder B\u00fccher vor dem Bahnhof","datePublished":"2025-10-05T22:56:57+00:00","mainEntityOfPage":{"@id":"https:\/\/paulinenaue.info\/index.php\/buecherschrank-am-bahnhof\/"},"wordCount":180,"commentCount":0,"image":{"@id":"https:\/\/paulinenaue.info\/index.php\/buecherschrank-am-bahnhof\/#primaryimage"},"thumbnailUrl":"https:\/\/paulinenaue.info\/wp-content\/uploads\/2025\/10\/2025-10-05-Buecherschrank-03.jpeg","keywords":["Bibliothek","B\u00fccher"],"articleSection":["Bahnhof","Hier Zuhause"],"inLanguage":"de","potentialAction":[{"@type":"CommentAction","name":"Comment","target":["https:\/\/paulinenaue.info\/index.php\/buecherschrank-am-bahnhof\/#respond"]}]},{"@type":"WebPage","@id":"https:\/\/paulinenaue.info\/index.php\/buecherschrank-am-bahnhof\/","url":"https:\/\/paulinenaue.info\/index.php\/buecherschrank-am-bahnhof\/","name":"Wieder B\u00fccher vor dem Bahnhof - Paulinenaue","isPartOf":{"@id":"https:\/\/paulinenaue.info\/#website"},"primaryImageOfPage":{"@id":"https:\/\/paulinenaue.info\/index.php\/buecherschrank-am-bahnhof\/#primaryimage"},"image":{"@id":"https:\/\/paulinenaue.info\/index.php\/buecherschrank-am-bahnhof\/#primaryimage"},"thumbnailUrl":"https:\/\/paulinenaue.info\/wp-content\/uploads\/2025\/10\/2025-10-05-Buecherschrank-03.jpeg","datePublished":"2025-10-05T22:56:57+00:00","author":{"@id":"https:\/\/paulinenaue.info\/#\/schema\/person\/3f9e818fd7b69b0d2bd937ac506897cc"},"description":"Das mobile Regal am Bahnhof zum Mitnehmen und Abgeben von B\u00fcchern war zwischenzeitlich verschwunden. Nun steht es wieder da.","breadcrumb":{"@id":"https:\/\/paulinenaue.info\/index.php\/buecherschrank-am-bahnhof\/#breadcrumb"},"inLanguage":"de","potentialAction":[{"@type":"ReadAction","target":["https:\/\/paulinenaue.info\/index.php\/buecherschrank-am-bahnhof\/"]}]},{"@type":"ImageObject","inLanguage":"de","@id":"https:\/\/paulinenaue.info\/index.php\/buecherschrank-am-bahnhof\/#primaryimage","url":"https:\/\/paulinenaue.info\/wp-content\/uploads\/2025\/10\/2025-10-05-Buecherschrank-03.jpeg","contentUrl":"https:\/\/paulinenaue.info\/wp-content\/uploads\/2025\/10\/2025-10-05-Buecherschrank-03.jpeg","width":1000,"height":661},{"@type":"BreadcrumbList","@id":"https:\/\/paulinenaue.info\/index.php\/buecherschrank-am-bahnhof\/#breadcrumb","itemListElement":[{"@type":"ListItem","position":1,"name":"Home","item":"https:\/\/paulinenaue.info\/"},{"@type":"ListItem","position":2,"name":"Wieder B\u00fccher vor dem Bahnhof"}]},{"@type":"WebSite","@id":"https:\/\/paulinenaue.info\/#website","url":"https:\/\/paulinenaue.info\/","name":"Paulinenaue","description":"Ein Dorf im Havelland","potentialAction":[{"@type":"SearchAction","target":{"@type":"EntryPoint","urlTemplate":"https:\/\/paulinenaue.info\/?s={search_term_string}"},"query-input":{"@type":"PropertyValueSpecification","valueRequired":true,"valueName":"search_term_string"}}],"inLanguage":"de"},{"@type":"Person","@id":"https:\/\/paulinenaue.info\/#\/schema\/person\/3f9e818fd7b69b0d2bd937ac506897cc","name":"Joachim Scholz","url":"https:\/\/paulinenaue.info\/index.php\/author\/jjscholz\/"}]}},"jetpack_publicize_connections":[],"jetpack_featured_media_url":"https:\/\/paulinenaue.info\/wp-content\/uploads\/2025\/10\/2025-10-05-Buecherschrank-03.jpeg","jetpack_sharing_enabled":true,"jetpack_shortlink":"https:\/\/wp.me\/pcYhWA-1KQo","jetpack-related-posts":[{"id":143058,"url":"https:\/\/paulinenaue.info\/index.php\/erfolgreicher-dorfputz\/","url_meta":{"origin":418400,"position":0},"title":"Erfolgreicher Dorfputz","author":"Sarah","date":"26. April 2022","format":false,"excerpt":"","rel":"","context":"In &quot;Gemeinde Paulinenaue&quot;","block_context":{"text":"Gemeinde Paulinenaue","link":"https:\/\/paulinenaue.info\/index.php\/category\/gemeinde-paulinenaue\/"},"img":{"alt_text":"","src":"https:\/\/i0.wp.com\/paulinenaue.info\/wp-content\/uploads\/2022\/04\/IMG-20220409-WA0000.jpg?resize=350%2C200&ssl=1","width":350,"height":200,"srcset":"https:\/\/i0.wp.com\/paulinenaue.info\/wp-content\/uploads\/2022\/04\/IMG-20220409-WA0000.jpg?resize=350%2C200&ssl=1 1x, https:\/\/i0.wp.com\/paulinenaue.info\/wp-content\/uploads\/2022\/04\/IMG-20220409-WA0000.jpg?resize=525%2C300&ssl=1 1.5x, https:\/\/i0.wp.com\/paulinenaue.info\/wp-content\/uploads\/2022\/04\/IMG-20220409-WA0000.jpg?resize=700%2C400&ssl=1 2x"},"classes":[]},{"id":419376,"url":"https:\/\/paulinenaue.info\/index.php\/fruehjahrsputz-2026\/","url_meta":{"origin":418400,"position":1},"title":"Fr\u00fchjahrsputz 2026","author":"Sarah","date":"12. April 2026","format":false,"excerpt":"Auch in diesem Jahr hat die Gemeindevertretung wieder zum Fr\u00fchjahrsputz aufgerufen. So fanden sich am Vormittag des 28.03.2026 29 PaulinenauerInnen ein, um unser Dorf vom Winterschmutz zu befreien und etwas zu versch\u00f6nern. Schwerpunkt waren, wie alle Jahre, die Fl\u00e4chen rund um den Bahnhof einschlie\u00dflich der Gr\u00fcnstreifen in der Bahnhofstra\u00dfe und\u2026","rel":"","context":"In &quot;Allgemein&quot;","block_context":{"text":"Allgemein","link":"https:\/\/paulinenaue.info\/index.php\/category\/allgemein\/"},"img":{"alt_text":"","src":"https:\/\/i0.wp.com\/paulinenaue.info\/wp-content\/uploads\/2026\/04\/IMG-20260328-WA0004.jpg?resize=350%2C200&ssl=1","width":350,"height":200,"srcset":"https:\/\/i0.wp.com\/paulinenaue.info\/wp-content\/uploads\/2026\/04\/IMG-20260328-WA0004.jpg?resize=350%2C200&ssl=1 1x, https:\/\/i0.wp.com\/paulinenaue.info\/wp-content\/uploads\/2026\/04\/IMG-20260328-WA0004.jpg?resize=525%2C300&ssl=1 1.5x, https:\/\/i0.wp.com\/paulinenaue.info\/wp-content\/uploads\/2026\/04\/IMG-20260328-WA0004.jpg?resize=700%2C400&ssl=1 2x, https:\/\/i0.wp.com\/paulinenaue.info\/wp-content\/uploads\/2026\/04\/IMG-20260328-WA0004.jpg?resize=1050%2C600&ssl=1 3x, https:\/\/i0.wp.com\/paulinenaue.info\/wp-content\/uploads\/2026\/04\/IMG-20260328-WA0004.jpg?resize=1400%2C800&ssl=1 4x"},"classes":[]},{"id":4623,"url":"https:\/\/paulinenaue.info\/index.php\/dank-an-alle-teilnehmer-des-fruehjahrsputzes-2019\/","url_meta":{"origin":418400,"position":2},"title":"Dank an alle Teilnehmer des Fr\u00fchjahrsputzes 2019!","author":"Sarah","date":"31. M\u00e4rz 2019","format":false,"excerpt":"Bereits zum 5. Mal in Folge trafen sich am 23. M\u00e4rz ca. 50 engagierte Paulinenauer zum Fr\u00fchjahresputz 2019. An 3 Standorten werkelten die flei\u00dfigen Helfer bei gutem Wetter und genauso guter Laune.\u00a0Der diesj\u00e4hrige Haupteinsatzort war erneut der Bahnhof, wo geharkt, geschnitten und M\u00fcll gesammelt wurde. Zus\u00e4tzlich wurde rings um das\u2026","rel":"","context":"In &quot;Allgemein&quot;","block_context":{"text":"Allgemein","link":"https:\/\/paulinenaue.info\/index.php\/category\/allgemein\/"},"img":{"alt_text":"","src":"https:\/\/i0.wp.com\/paulinenaue.info\/wp-content\/uploads\/2019\/03\/1.jpg?resize=350%2C200&ssl=1","width":350,"height":200,"srcset":"https:\/\/i0.wp.com\/paulinenaue.info\/wp-content\/uploads\/2019\/03\/1.jpg?resize=350%2C200&ssl=1 1x, https:\/\/i0.wp.com\/paulinenaue.info\/wp-content\/uploads\/2019\/03\/1.jpg?resize=525%2C300&ssl=1 1.5x, https:\/\/i0.wp.com\/paulinenaue.info\/wp-content\/uploads\/2019\/03\/1.jpg?resize=700%2C400&ssl=1 2x"},"classes":[]},{"id":417771,"url":"https:\/\/paulinenaue.info\/index.php\/neuer-anlauf-zur-rettung-des-bahnhofsgebaeudes\/","url_meta":{"origin":418400,"position":3},"title":"Neuer Anlauf zur Rettung des Bahnhofsgeb\u00e4udes","author":"Joachim Scholz","date":"19. April 2025","format":false,"excerpt":"Es haben sich schon viele Menschen viele Gedanken zur Rettung des Paulinenauer Bahnhofsgeb\u00e4udes gemacht. Viele Nutzungsideen wurden diskutiert und verworfen, andere, neue kamen hinzu. Und dennoch: keine f\u00fchrte zum Erfolg, das Geb\u00e4ude konnte einer Sanierung nicht zugef\u00fchrt werden. Nun gibt es einen neuen Anlauf. Eine Gruppe von Fachleuten mit unterschiedlichsten\u2026","rel":"","context":"In &quot;Bahnhof&quot;","block_context":{"text":"Bahnhof","link":"https:\/\/paulinenaue.info\/index.php\/category\/bahnhof\/"},"img":{"alt_text":"","src":"https:\/\/i0.wp.com\/paulinenaue.info\/wp-content\/uploads\/2021\/06\/paulinenaue-bahnhof-fruehjahrsputz-e1745016872473.jpg?resize=350%2C200&ssl=1","width":350,"height":200,"srcset":"https:\/\/i0.wp.com\/paulinenaue.info\/wp-content\/uploads\/2021\/06\/paulinenaue-bahnhof-fruehjahrsputz-e1745016872473.jpg?resize=350%2C200&ssl=1 1x, https:\/\/i0.wp.com\/paulinenaue.info\/wp-content\/uploads\/2021\/06\/paulinenaue-bahnhof-fruehjahrsputz-e1745016872473.jpg?resize=525%2C300&ssl=1 1.5x, https:\/\/i0.wp.com\/paulinenaue.info\/wp-content\/uploads\/2021\/06\/paulinenaue-bahnhof-fruehjahrsputz-e1745016872473.jpg?resize=700%2C400&ssl=1 2x, https:\/\/i0.wp.com\/paulinenaue.info\/wp-content\/uploads\/2021\/06\/paulinenaue-bahnhof-fruehjahrsputz-e1745016872473.jpg?resize=1050%2C600&ssl=1 3x, https:\/\/i0.wp.com\/paulinenaue.info\/wp-content\/uploads\/2021\/06\/paulinenaue-bahnhof-fruehjahrsputz-e1745016872473.jpg?resize=1400%2C800&ssl=1 4x"},"classes":[]},{"id":5827,"url":"https:\/\/paulinenaue.info\/index.php\/erfolgreicher-fruehjahrsputz-2021\/","url_meta":{"origin":418400,"position":4},"title":"Erfolgreicher Fr\u00fchjahrsputz 2021","author":"Sarah","date":"20. April 2021","format":false,"excerpt":"Der j\u00e4hrlich stattfindende Fr\u00fchjahrsputz war auch am vergangenen Samstag wieder ein kleiner Erfolg. An vielen Ecken in Paulinenaue wurde flei\u00dfig geharkt, gefegt, M\u00fcll gesammelt und Gr\u00fcnschnitt ber\u00e4umt. Trotz der andauernden Pandemie konnte unter freiem Himmel und unter Einhaltung von ausreichendem Abstand der Fr\u00fchjahrsputz durchgef\u00fchrt werden. Im Gutspark wurden die Wege\u2026","rel":"","context":"In &quot;Allgemein&quot;","block_context":{"text":"Allgemein","link":"https:\/\/paulinenaue.info\/index.php\/category\/allgemein\/"},"img":{"alt_text":"","src":"https:\/\/i0.wp.com\/paulinenaue.info\/wp-content\/uploads\/2021\/06\/paulinenaue-bahnhof-fruehjahrsputz-e1745016872473.jpg?resize=350%2C200&ssl=1","width":350,"height":200,"srcset":"https:\/\/i0.wp.com\/paulinenaue.info\/wp-content\/uploads\/2021\/06\/paulinenaue-bahnhof-fruehjahrsputz-e1745016872473.jpg?resize=350%2C200&ssl=1 1x, https:\/\/i0.wp.com\/paulinenaue.info\/wp-content\/uploads\/2021\/06\/paulinenaue-bahnhof-fruehjahrsputz-e1745016872473.jpg?resize=525%2C300&ssl=1 1.5x, https:\/\/i0.wp.com\/paulinenaue.info\/wp-content\/uploads\/2021\/06\/paulinenaue-bahnhof-fruehjahrsputz-e1745016872473.jpg?resize=700%2C400&ssl=1 2x, https:\/\/i0.wp.com\/paulinenaue.info\/wp-content\/uploads\/2021\/06\/paulinenaue-bahnhof-fruehjahrsputz-e1745016872473.jpg?resize=1050%2C600&ssl=1 3x, https:\/\/i0.wp.com\/paulinenaue.info\/wp-content\/uploads\/2021\/06\/paulinenaue-bahnhof-fruehjahrsputz-e1745016872473.jpg?resize=1400%2C800&ssl=1 4x"},"classes":[]},{"id":5098,"url":"https:\/\/paulinenaue.info\/index.php\/tu-studierende-im-bahnhof\/","url_meta":{"origin":418400,"position":5},"title":"TU-Studierende im Bahnhof","author":"Sarah","date":"13. November 2019","format":false,"excerpt":"Wie k\u00f6nnen wir den Bahnhof wieder sichtbar machen? Was k\u00f6nnen wir selbst daf\u00fcr tun? Und: Wie wollen wir den Bahnhof wieder lebendig werden lassen? Fragestellungen wie diese gibt es nicht erst seit gestern. Wer in Paulinenaue wohnt oder t\u00e4glich von hier aus mit der Bahn pendelt, hat sicher die ein\u2026","rel":"","context":"In &quot;Allgemein&quot;","block_context":{"text":"Allgemein","link":"https:\/\/paulinenaue.info\/index.php\/category\/allgemein\/"},"img":{"alt_text":"","src":"https:\/\/i0.wp.com\/paulinenaue.info\/wp-content\/uploads\/2019\/11\/01_Paulinenaue11-11-19.jpeg?resize=350%2C200&ssl=1","width":350,"height":200,"srcset":"https:\/\/i0.wp.com\/paulinenaue.info\/wp-content\/uploads\/2019\/11\/01_Paulinenaue11-11-19.jpeg?resize=350%2C200&ssl=1 1x, https:\/\/i0.wp.com\/paulinenaue.info\/wp-content\/uploads\/2019\/11\/01_Paulinenaue11-11-19.jpeg?resize=525%2C300&ssl=1 1.5x, https:\/\/i0.wp.com\/paulinenaue.info\/wp-content\/uploads\/2019\/11\/01_Paulinenaue11-11-19.jpeg?resize=700%2C400&ssl=1 2x, https:\/\/i0.wp.com\/paulinenaue.info\/wp-content\/uploads\/2019\/11\/01_Paulinenaue11-11-19.jpeg?resize=1050%2C600&ssl=1 3x, https:\/\/i0.wp.com\/paulinenaue.info\/wp-content\/uploads\/2019\/11\/01_Paulinenaue11-11-19.jpeg?resize=1400%2C800&ssl=1 4x"},"classes":[]}],"_links":{"self":[{"href":"https:\/\/paulinenaue.info\/index.php\/wp-json\/wp\/v2\/posts\/418400","targetHints":{"allow":["GET"]}}],"collection":[{"href":"https:\/\/paulinenaue.info\/index.php\/wp-json\/wp\/v2\/posts"}],"about":[{"href":"https:\/\/paulinenaue.info\/index.php\/wp-json\/wp\/v2\/types\/post"}],"author":[{"embeddable":true,"href":"https:\/\/paulinenaue.info\/index.php\/wp-json\/wp\/v2\/users\/1"}],"replies":[{"embeddable":true,"href":"https:\/\/paulinenaue.info\/index.php\/wp-json\/wp\/v2\/comments?post=418400"}],"version-history":[{"count":1,"href":"https:\/\/paulinenaue.info\/index.php\/wp-json\/wp\/v2\/posts\/418400\/revisions"}],"predecessor-version":[{"id":418403,"href":"https:\/\/paulinenaue.info\/index.php\/wp-json\/wp\/v2\/posts\/418400\/revisions\/418403"}],"wp:featuredmedia":[{"embeddable":true,"href":"https:\/\/paulinenaue.info\/index.php\/wp-json\/wp\/v2\/media\/418401"}],"wp:attachment":[{"href":"https:\/\/paulinenaue.info\/index.php\/wp-json\/wp\/v2\/media?parent=418400"}],"wp:term":[{"taxonomy":"category","embeddable":true,"href":"https:\/\/paulinenaue.info\/index.php\/wp-json\/wp\/v2\/categories?post=418400"},{"taxonomy":"post_tag","embeddable":true,"href":"https:\/\/paulinenaue.info\/index.php\/wp-json\/wp\/v2\/tags?post=418400"}],"curies":[{"name":"wp","href":"https:\/\/api.w.org\/{rel}","templated":true}]}}